{"id":116555,"date":"2021-10-21T11:00:00","date_gmt":"2021-10-21T09:00:00","guid":{"rendered":"https:\/\/www.weine-feinkost.de\/unterwegs\/?p=116555"},"modified":"2023-03-19T13:35:24","modified_gmt":"2023-03-19T12:35:24","slug":"las-lias-bilbao-spanien","status":"publish","type":"post","link":"https:\/\/www.weine-feinkost.de\/unterwegs\/2021\/10\/las-lias-bilbao-spanien\/","title":{"rendered":"Las Lias &#8211; Bilbao &#8211; Spanien"},"content":{"rendered":"\n<h2 class=\"wp-block-heading\">Las Lias &#8211; der letzte Tisch<\/h2>\n\n\n\n<p class=\"has-drop-cap\">Gef\u00fchlt war es der letzte freie Tisch, den es an diesem Samstag Mittag in Bilbao zu ergattern gab. Kurz vor 15\u00b0\u00b0 Uhr, in Spanien keine wirklich ungew\u00f6hnliche Essenszeit, hat es dann im Restaurant Las Lias endlich geklappt. Die Erwartungen waren nicht wirklich hoch und wurden dann, wie so oft im Baskenland, komplett widerlegt. Im Las Lias gibt es nur ein paar Speisen und diese strotzen nur so vor Qualit\u00e4t. Gar- und Grillpunkte sind einfach nur perfekt und die au\u00dfergew\u00f6hnliche Produktqualit\u00e4t spottet einfach jeglicher Beschreibung. Das St\u00fcck Solomillo geh\u00f6rt dabei ohne Zweifel zu den besten je probierten Fleischst\u00fccken \u2026 wer h\u00e4tte das gedacht. Eine kleine Aufkl\u00e4rung gab es dann aber im nachhinein doch noch. Das Restaurant Las Lias geh\u00f6rt zur selben Gruppe wie das in Bilbao allseits bekannte Restaurant Zortziko. Das n\u00e4chste Mal wird hier in weiser Voraussicht vorher rechtzeitig reserviert. <\/p>\n\n\n\n<div class=\"wp-block-jetpack-tiled-gallery aligncenter is-style-rectangular\"><div class=\"tiled-gallery__gallery\"><div class=\"tiled-gallery__row\"><div class=\"tiled-gallery__col\" style=\"flex-basis:50.00000%\"><figure class=\"tiled-gallery__item\"><a href=\"https:\/\/www.weine-feinkost.de\/unterwegs\/wp-content\/uploads\/2021\/07\/Las_Lias_Bilbao_Spanien_8-rotated.jpg\"><img decoding=\"async\" srcset=\"https:\/\/i1.wp.com\/www.weine-feinkost.de\/unterwegs\/wp-content\/uploads\/2021\/07\/Las_Lias_Bilbao_Spanien_8-rotated.jpg?strip=info&#038;w=480&#038;ssl=1 480w\" alt=\"\" data-height=\"640\" data-id=\"116563\" data-link=\"https:\/\/www.weine-feinkost.de\/unterwegs\/?attachment_id=116563\" data-url=\"https:\/\/www.weine-feinkost.de\/unterwegs\/wp-content\/uploads\/2021\/07\/Las_Lias_Bilbao_Spanien_8-rotated.jpg\" data-width=\"480\" src=\"https:\/\/i1.wp.com\/www.weine-feinkost.de\/unterwegs\/wp-content\/uploads\/2021\/07\/Las_Lias_Bilbao_Spanien_8-rotated.jpg?ssl=1\" data-amp-layout=\"responsive\"\/><\/a><\/figure><\/div><div class=\"tiled-gallery__col\" style=\"flex-basis:50.00000%\"><figure class=\"tiled-gallery__item\"><a href=\"https:\/\/www.weine-feinkost.de\/unterwegs\/wp-content\/uploads\/2021\/07\/Las_Lias_Bilbao_Spanien_7-rotated.jpg\"><img decoding=\"async\" srcset=\"https:\/\/i2.wp.com\/www.weine-feinkost.de\/unterwegs\/wp-content\/uploads\/2021\/07\/Las_Lias_Bilbao_Spanien_7-rotated.jpg?strip=info&#038;w=480&#038;ssl=1 480w\" alt=\"\" data-height=\"640\" data-id=\"116562\" data-link=\"https:\/\/www.weine-feinkost.de\/unterwegs\/?attachment_id=116562\" data-url=\"https:\/\/www.weine-feinkost.de\/unterwegs\/wp-content\/uploads\/2021\/07\/Las_Lias_Bilbao_Spanien_7-rotated.jpg\" data-width=\"480\" src=\"https:\/\/i2.wp.com\/www.weine-feinkost.de\/unterwegs\/wp-content\/uploads\/2021\/07\/Las_Lias_Bilbao_Spanien_7-rotated.jpg?ssl=1\" data-amp-layout=\"responsive\"\/><\/a><\/figure><\/div><\/div><\/div><\/div>\n\n\n<div class=\"wp-block-image\">\n<figure class=\"aligncenter size-large\"><a href=\"https:\/\/www.weine-feinkost.de\/unterwegs\/wp-content\/uploads\/2021\/07\/Las_Lias_Bilbao_Spanien_2.jpg\"><img decoding=\"async\" src=\"https:\/\/www.weine-feinkost.de\/unterwegs\/wp-content\/uploads\/2021\/07\/Las_Lias_Bilbao_Spanien_2.jpg\" alt=\"\" class=\"wp-image-116557\"\/><\/a><figcaption class=\"wp-element-caption\">Pulpo mit Kartoffelcreme und Eigelb.<\/figcaption><\/figure>\n<\/div>\n\n<div class=\"wp-block-image\">\n<figure class=\"aligncenter size-large\"><a href=\"https:\/\/www.weine-feinkost.de\/unterwegs\/wp-content\/uploads\/2021\/07\/Las_Lias_Bilbao_Spanien_1.jpg\"><img decoding=\"async\" src=\"https:\/\/www.weine-feinkost.de\/unterwegs\/wp-content\/uploads\/2021\/07\/Las_Lias_Bilbao_Spanien_1.jpg\" alt=\"\" class=\"wp-image-116566\"\/><\/a><figcaption class=\"wp-element-caption\">Gegrillte Herzmuscheln.<\/figcaption><\/figure>\n<\/div>\n\n<div class=\"wp-block-image\">\n<figure class=\"aligncenter size-large\"><a href=\"https:\/\/www.weine-feinkost.de\/unterwegs\/wp-content\/uploads\/2021\/07\/Las_Lias_Bilbao_Spanien_3.jpg\"><img decoding=\"async\" src=\"https:\/\/www.weine-feinkost.de\/unterwegs\/wp-content\/uploads\/2021\/07\/Las_Lias_Bilbao_Spanien_3.jpg\" alt=\"\" class=\"wp-image-116558\"\/><\/a><figcaption class=\"wp-element-caption\">Kroketten und Porree.<\/figcaption><\/figure>\n<\/div>\n\n<div class=\"wp-block-image\">\n<figure class=\"aligncenter size-large\"><a href=\"https:\/\/www.weine-feinkost.de\/unterwegs\/wp-content\/uploads\/2021\/07\/Las_Lias_Bilbao_Spanien_4.jpg\"><img decoding=\"async\" src=\"https:\/\/www.weine-feinkost.de\/unterwegs\/wp-content\/uploads\/2021\/07\/Las_Lias_Bilbao_Spanien_4.jpg\" alt=\"\" class=\"wp-image-116559\"\/><\/a><figcaption class=\"wp-element-caption\">Solomillo, Pimientos und Pommes Frites.<\/figcaption><\/figure>\n<\/div>\n\n<div class=\"wp-block-image\">\n<figure class=\"aligncenter size-large\"><a href=\"https:\/\/www.weine-feinkost.de\/unterwegs\/wp-content\/uploads\/2021\/07\/Las_Lias_Bilbao_Spanien_5-rotated.jpg\"><img decoding=\"async\" src=\"https:\/\/www.weine-feinkost.de\/unterwegs\/wp-content\/uploads\/2021\/07\/Las_Lias_Bilbao_Spanien_5-rotated.jpg\" alt=\"\" class=\"wp-image-116560\"\/><\/a><figcaption class=\"wp-element-caption\"> <\/figcaption><\/figure>\n<\/div>\n\n<div class=\"wp-block-image\">\n<figure class=\"aligncenter size-large\"><a href=\"https:\/\/www.weine-feinkost.de\/unterwegs\/wp-content\/uploads\/2021\/07\/Las_Lias_Bilbao_Spanien_6-rotated.jpg\"><img decoding=\"async\" src=\"https:\/\/www.weine-feinkost.de\/unterwegs\/wp-content\/uploads\/2021\/07\/Las_Lias_Bilbao_Spanien_6-rotated.jpg\" alt=\"\" class=\"wp-image-116561\"\/><\/a><figcaption class=\"wp-element-caption\">Flambierter Armer Ritter.<\/figcaption><\/figure>\n<\/div>\n\n\n<p><strong>Las Lias<\/strong>, Calle Juan Ajuriaguerra Kalea, 14, 48009 Bilbao, Bizkaia, Spanien, Telefon: +34 946 96 42 40, <a href=\"https:\/\/www.lasliasbilbao.com\/\">https:\/\/www.lasliasbilbao.com\/<\/a><\/p>\n","protected":false},"excerpt":{"rendered":"<p>Las Lias &#8211; der letzte Tisch Gef\u00fchlt war es der letzte freie Tisch, den es an diesem Samstag Mittag in Bilbao zu ergattern gab. Kurz vor 15\u00b0\u00b0 Uhr, in Spanien keine wirklich ungew\u00f6hnliche Essenszeit, hat es dann im Restaurant Las Lias endlich geklappt. Die Erwartungen waren nicht wirklich hoch und wurden dann, wie so oft &#8230; <a title=\"Las Lias &#8211; Bilbao &#8211; Spanien\" class=\"read-more\" href=\"https:\/\/www.weine-feinkost.de\/unterwegs\/2021\/10\/las-lias-bilbao-spanien\/\" aria-label=\"Mehr dazu unter Las Lias &#8211; Bilbao &#8211; Spanien\">Weiterlesen<\/a><\/p>\n","protected":false},"author":7,"featured_media":168869,"comment_status":"open","ping_status":"open","sticky":false,"template":"","format":"standard","meta":{"_jetpack_newsletter_access":"","_jetpack_dont_email_post_to_subs":false,"_jetpack_newsletter_tier_id":0,"_jetpack_memberships_contains_paywalled_content":false,"_jetpack_feature_clip_id":0,"_jetpack_memberships_contains_paid_content":false,"footnotes":"","jetpack_publicize_message":"","jetpack_publicize_feature_enabled":true,"jetpack_social_post_already_shared":true,"jetpack_social_options":{"image_generator_settings":{"template":"highway","default_image_id":0,"font":"","enabled":false},"version":2},"jetpack_post_was_ever_published":false},"categories":[13,30],"tags":[87,242,1351,2750,73,79],"post_folder":[],"class_list":["post-116555","post","type-post","status-publish","format-standard","has-post-thumbnail","hentry","category-restaurants","category-spanien-restaurants","tag-baskenland","tag-bilbao","tag-bizkaia","tag-las-lias","tag-restaurant","tag-spanien"],"yoast_head":"<!-- This site is optimized with the Yoast SEO plugin v28.3 - https:\/\/yoast.com\/product\/yoast-seo-wordpress\/ -->\n<title>Las Lias - Bilbao - Spanien - Unterwegs mit Weine &amp; Feinkost<\/title>\n<meta name=\"robots\" content=\"index, follow, max-snippet:-1, max-image-preview:large, max-video-preview:-1\" \/>\n<link rel=\"canonical\" href=\"https:\/\/www.weine-feinkost.de\/unterwegs\/2021\/10\/las-lias-bilbao-spanien\/\" \/>\n<meta property=\"og:locale\" content=\"de_DE\" \/>\n<meta property=\"og:type\" content=\"article\" \/>\n<meta property=\"og:title\" content=\"Las Lias - Bilbao - Spanien - Unterwegs mit Weine &amp; Feinkost\" \/>\n<meta property=\"og:description\" content=\"Las Lias &#8211; der letzte Tisch Gef\u00fchlt war es der letzte freie Tisch, den es an diesem Samstag Mittag in Bilbao zu ergattern gab. Kurz vor 15\u00b0\u00b0 Uhr, in Spanien keine wirklich ungew\u00f6hnliche Essenszeit, hat es dann im Restaurant Las Lias endlich geklappt. Die Erwartungen waren nicht wirklich hoch und wurden dann, wie so oft ... Weiterlesen\" \/>\n<meta property=\"og:url\" content=\"https:\/\/www.weine-feinkost.de\/unterwegs\/2021\/10\/las-lias-bilbao-spanien\/\" \/>\n<meta property=\"og:site_name\" content=\"Unterwegs mit Weine &amp; Feinkost\" \/>\n<meta property=\"article:published_time\" content=\"2021-10-21T09:00:00+00:00\" \/>\n<meta property=\"article:modified_time\" content=\"2023-03-19T12:35:24+00:00\" \/>\n<meta property=\"og:image\" content=\"https:\/\/www.weine-feinkost.de\/unterwegs\/wp-content\/uploads\/2021\/07\/Las_Lias_Bilbao_Spanien_9-rotated.jpg\" \/>\n\t<meta property=\"og:image:width\" content=\"480\" \/>\n\t<meta property=\"og:image:height\" content=\"640\" \/>\n\t<meta property=\"og:image:type\" content=\"image\/jpeg\" \/>\n<meta name=\"author\" content=\"Christian Fenske\" \/>\n<meta name=\"twitter:card\" content=\"summary_large_image\" \/>\n<meta name=\"twitter:label1\" content=\"Verfasst von\" \/>\n\t<meta name=\"twitter:data1\" content=\"Christian Fenske\" \/>\n\t<meta name=\"twitter:label2\" content=\"Gesch\u00e4tzte Lesezeit\" \/>\n\t<meta name=\"twitter:data2\" content=\"3\u00a0Minuten\" \/>\n<script type=\"application\/ld+json\" class=\"yoast-schema-graph\">{\"@context\":\"https:\\\/\\\/schema.org\",\"@graph\":[{\"@type\":\"Article\",\"@id\":\"https:\\\/\\\/www.weine-feinkost.de\\\/unterwegs\\\/2021\\\/10\\\/las-lias-bilbao-spanien\\\/#article\",\"isPartOf\":{\"@id\":\"https:\\\/\\\/www.weine-feinkost.de\\\/unterwegs\\\/2021\\\/10\\\/las-lias-bilbao-spanien\\\/\"},\"author\":{\"name\":\"Christian Fenske\",\"@id\":\"https:\\\/\\\/www.weine-feinkost.de\\\/unterwegs\\\/#\\\/schema\\\/person\\\/c07d66169fd0e04307bfe7cdc99ac26a\"},\"headline\":\"Las Lias &#8211; Bilbao &#8211; Spanien\",\"datePublished\":\"2021-10-21T09:00:00+00:00\",\"dateModified\":\"2023-03-19T12:35:24+00:00\",\"mainEntityOfPage\":{\"@id\":\"https:\\\/\\\/www.weine-feinkost.de\\\/unterwegs\\\/2021\\\/10\\\/las-lias-bilbao-spanien\\\/\"},\"wordCount\":195,\"commentCount\":0,\"publisher\":{\"@id\":\"https:\\\/\\\/www.weine-feinkost.de\\\/unterwegs\\\/#organization\"},\"image\":{\"@id\":\"https:\\\/\\\/www.weine-feinkost.de\\\/unterwegs\\\/2021\\\/10\\\/las-lias-bilbao-spanien\\\/#primaryimage\"},\"thumbnailUrl\":\"https:\\\/\\\/www.weine-feinkost.de\\\/unterwegs\\\/wp-content\\\/uploads\\\/2021\\\/07\\\/Las_Lias_Bilbao_Spanien_9-rotated.jpg\",\"keywords\":[\"Baskenland\",\"Bilbao\",\"Bizkaia\",\"Las Lias\",\"Restaurant\",\"Spanien\"],\"articleSection\":[\"Restaurants\",\"Spanien\"],\"inLanguage\":\"de\",\"potentialAction\":[{\"@type\":\"CommentAction\",\"name\":\"Comment\",\"target\":[\"https:\\\/\\\/www.weine-feinkost.de\\\/unterwegs\\\/2021\\\/10\\\/las-lias-bilbao-spanien\\\/#respond\"]}]},{\"@type\":\"WebPage\",\"@id\":\"https:\\\/\\\/www.weine-feinkost.de\\\/unterwegs\\\/2021\\\/10\\\/las-lias-bilbao-spanien\\\/\",\"url\":\"https:\\\/\\\/www.weine-feinkost.de\\\/unterwegs\\\/2021\\\/10\\\/las-lias-bilbao-spanien\\\/\",\"name\":\"Las Lias - Bilbao - Spanien - Unterwegs mit Weine &amp; Feinkost\",\"isPartOf\":{\"@id\":\"https:\\\/\\\/www.weine-feinkost.de\\\/unterwegs\\\/#website\"},\"primaryImageOfPage\":{\"@id\":\"https:\\\/\\\/www.weine-feinkost.de\\\/unterwegs\\\/2021\\\/10\\\/las-lias-bilbao-spanien\\\/#primaryimage\"},\"image\":{\"@id\":\"https:\\\/\\\/www.weine-feinkost.de\\\/unterwegs\\\/2021\\\/10\\\/las-lias-bilbao-spanien\\\/#primaryimage\"},\"thumbnailUrl\":\"https:\\\/\\\/www.weine-feinkost.de\\\/unterwegs\\\/wp-content\\\/uploads\\\/2021\\\/07\\\/Las_Lias_Bilbao_Spanien_9-rotated.jpg\",\"datePublished\":\"2021-10-21T09:00:00+00:00\",\"dateModified\":\"2023-03-19T12:35:24+00:00\",\"breadcrumb\":{\"@id\":\"https:\\\/\\\/www.weine-feinkost.de\\\/unterwegs\\\/2021\\\/10\\\/las-lias-bilbao-spanien\\\/#breadcrumb\"},\"inLanguage\":\"de\",\"potentialAction\":[{\"@type\":\"ReadAction\",\"target\":[\"https:\\\/\\\/www.weine-feinkost.de\\\/unterwegs\\\/2021\\\/10\\\/las-lias-bilbao-spanien\\\/\"]}]},{\"@type\":\"ImageObject\",\"inLanguage\":\"de\",\"@id\":\"https:\\\/\\\/www.weine-feinkost.de\\\/unterwegs\\\/2021\\\/10\\\/las-lias-bilbao-spanien\\\/#primaryimage\",\"url\":\"https:\\\/\\\/www.weine-feinkost.de\\\/unterwegs\\\/wp-content\\\/uploads\\\/2021\\\/07\\\/Las_Lias_Bilbao_Spanien_9-rotated.jpg\",\"contentUrl\":\"https:\\\/\\\/www.weine-feinkost.de\\\/unterwegs\\\/wp-content\\\/uploads\\\/2021\\\/07\\\/Las_Lias_Bilbao_Spanien_9-rotated.jpg\",\"width\":480,\"height\":640},{\"@type\":\"BreadcrumbList\",\"@id\":\"https:\\\/\\\/www.weine-feinkost.de\\\/unterwegs\\\/2021\\\/10\\\/las-lias-bilbao-spanien\\\/#breadcrumb\",\"itemListElement\":[{\"@type\":\"ListItem\",\"position\":1,\"name\":\"Startseite\",\"item\":\"https:\\\/\\\/www.weine-feinkost.de\\\/unterwegs\\\/\"},{\"@type\":\"ListItem\",\"position\":2,\"name\":\"Las Lias &#8211; Bilbao &#8211; Spanien\"}]},{\"@type\":\"WebSite\",\"@id\":\"https:\\\/\\\/www.weine-feinkost.de\\\/unterwegs\\\/#website\",\"url\":\"https:\\\/\\\/www.weine-feinkost.de\\\/unterwegs\\\/\",\"name\":\"Unterwegs mit Weine &amp; Feinkost\",\"description\":\"Entdecken Sie Genuss\",\"publisher\":{\"@id\":\"https:\\\/\\\/www.weine-feinkost.de\\\/unterwegs\\\/#organization\"},\"potentialAction\":[{\"@type\":\"SearchAction\",\"target\":{\"@type\":\"EntryPoint\",\"urlTemplate\":\"https:\\\/\\\/www.weine-feinkost.de\\\/unterwegs\\\/?s={search_term_string}\"},\"query-input\":{\"@type\":\"PropertyValueSpecification\",\"valueRequired\":true,\"valueName\":\"search_term_string\"}}],\"inLanguage\":\"de\"},{\"@type\":\"Organization\",\"@id\":\"https:\\\/\\\/www.weine-feinkost.de\\\/unterwegs\\\/#organization\",\"name\":\"Unterwegs mit Weine &amp; Feinkost\",\"url\":\"https:\\\/\\\/www.weine-feinkost.de\\\/unterwegs\\\/\",\"logo\":{\"@type\":\"ImageObject\",\"inLanguage\":\"de\",\"@id\":\"https:\\\/\\\/www.weine-feinkost.de\\\/unterwegs\\\/#\\\/schema\\\/logo\\\/image\\\/\",\"url\":\"https:\\\/\\\/www.weine-feinkost.de\\\/unterwegs\\\/wp-content\\\/uploads\\\/2022\\\/10\\\/logo_weinefeinkost_unterwegs_450x171.png\",\"contentUrl\":\"https:\\\/\\\/www.weine-feinkost.de\\\/unterwegs\\\/wp-content\\\/uploads\\\/2022\\\/10\\\/logo_weinefeinkost_unterwegs_450x171.png\",\"width\":450,\"height\":171,\"caption\":\"Unterwegs mit Weine &amp; Feinkost\"},\"image\":{\"@id\":\"https:\\\/\\\/www.weine-feinkost.de\\\/unterwegs\\\/#\\\/schema\\\/logo\\\/image\\\/\"}},{\"@type\":\"Person\",\"@id\":\"https:\\\/\\\/www.weine-feinkost.de\\\/unterwegs\\\/#\\\/schema\\\/person\\\/c07d66169fd0e04307bfe7cdc99ac26a\",\"name\":\"Christian Fenske\",\"image\":{\"@type\":\"ImageObject\",\"inLanguage\":\"de\",\"@id\":\"https:\\\/\\\/www.weine-feinkost.de\\\/unterwegs\\\/wp-content\\\/uploads\\\/2023\\\/01\\\/cropped-christian_profilbild-96x96.png\",\"url\":\"https:\\\/\\\/www.weine-feinkost.de\\\/unterwegs\\\/wp-content\\\/uploads\\\/2023\\\/01\\\/cropped-christian_profilbild-96x96.png\",\"contentUrl\":\"https:\\\/\\\/www.weine-feinkost.de\\\/unterwegs\\\/wp-content\\\/uploads\\\/2023\\\/01\\\/cropped-christian_profilbild-96x96.png\",\"caption\":\"Christian Fenske\"},\"description\":\"Zusammen an einem Tisch sitzen, gemeinsam zu kommunizieren und zu genie\u00dfen, das ist eine der herausragenden kulturellen Errungenschaft der Menschheit.\",\"url\":\"https:\\\/\\\/www.weine-feinkost.de\\\/unterwegs\\\/author\\\/christian-fenske\\\/\"}]}<\/script>\n<!-- \/ Yoast SEO plugin. -->","yoast_head_json":{"title":"Las Lias - Bilbao - Spanien - Unterwegs mit Weine &amp; Feinkost","robots":{"index":"index","follow":"follow","max-snippet":"max-snippet:-1","max-image-preview":"max-image-preview:large","max-video-preview":"max-video-preview:-1"},"canonical":"https:\/\/www.weine-feinkost.de\/unterwegs\/2021\/10\/las-lias-bilbao-spanien\/","og_locale":"de_DE","og_type":"article","og_title":"Las Lias - Bilbao - Spanien - Unterwegs mit Weine &amp; Feinkost","og_description":"Las Lias &#8211; der letzte Tisch Gef\u00fchlt war es der letzte freie Tisch, den es an diesem Samstag Mittag in Bilbao zu ergattern gab. Kurz vor 15\u00b0\u00b0 Uhr, in Spanien keine wirklich ungew\u00f6hnliche Essenszeit, hat es dann im Restaurant Las Lias endlich geklappt. Die Erwartungen waren nicht wirklich hoch und wurden dann, wie so oft ... Weiterlesen","og_url":"https:\/\/www.weine-feinkost.de\/unterwegs\/2021\/10\/las-lias-bilbao-spanien\/","og_site_name":"Unterwegs mit Weine &amp; Feinkost","article_published_time":"2021-10-21T09:00:00+00:00","article_modified_time":"2023-03-19T12:35:24+00:00","og_image":[{"width":480,"height":640,"url":"https:\/\/www.weine-feinkost.de\/unterwegs\/wp-content\/uploads\/2021\/07\/Las_Lias_Bilbao_Spanien_9-rotated.jpg","type":"image\/jpeg"}],"author":"Christian Fenske","twitter_card":"summary_large_image","twitter_misc":{"Verfasst von":"Christian Fenske","Gesch\u00e4tzte Lesezeit":"3\u00a0Minuten"},"schema":{"@context":"https:\/\/schema.org","@graph":[{"@type":"Article","@id":"https:\/\/www.weine-feinkost.de\/unterwegs\/2021\/10\/las-lias-bilbao-spanien\/#article","isPartOf":{"@id":"https:\/\/www.weine-feinkost.de\/unterwegs\/2021\/10\/las-lias-bilbao-spanien\/"},"author":{"name":"Christian Fenske","@id":"https:\/\/www.weine-feinkost.de\/unterwegs\/#\/schema\/person\/c07d66169fd0e04307bfe7cdc99ac26a"},"headline":"Las Lias &#8211; Bilbao &#8211; Spanien","datePublished":"2021-10-21T09:00:00+00:00","dateModified":"2023-03-19T12:35:24+00:00","mainEntityOfPage":{"@id":"https:\/\/www.weine-feinkost.de\/unterwegs\/2021\/10\/las-lias-bilbao-spanien\/"},"wordCount":195,"commentCount":0,"publisher":{"@id":"https:\/\/www.weine-feinkost.de\/unterwegs\/#organization"},"image":{"@id":"https:\/\/www.weine-feinkost.de\/unterwegs\/2021\/10\/las-lias-bilbao-spanien\/#primaryimage"},"thumbnailUrl":"https:\/\/www.weine-feinkost.de\/unterwegs\/wp-content\/uploads\/2021\/07\/Las_Lias_Bilbao_Spanien_9-rotated.jpg","keywords":["Baskenland","Bilbao","Bizkaia","Las Lias","Restaurant","Spanien"],"articleSection":["Restaurants","Spanien"],"inLanguage":"de","potentialAction":[{"@type":"CommentAction","name":"Comment","target":["https:\/\/www.weine-feinkost.de\/unterwegs\/2021\/10\/las-lias-bilbao-spanien\/#respond"]}]},{"@type":"WebPage","@id":"https:\/\/www.weine-feinkost.de\/unterwegs\/2021\/10\/las-lias-bilbao-spanien\/","url":"https:\/\/www.weine-feinkost.de\/unterwegs\/2021\/10\/las-lias-bilbao-spanien\/","name":"Las Lias - Bilbao - Spanien - Unterwegs mit Weine &amp; Feinkost","isPartOf":{"@id":"https:\/\/www.weine-feinkost.de\/unterwegs\/#website"},"primaryImageOfPage":{"@id":"https:\/\/www.weine-feinkost.de\/unterwegs\/2021\/10\/las-lias-bilbao-spanien\/#primaryimage"},"image":{"@id":"https:\/\/www.weine-feinkost.de\/unterwegs\/2021\/10\/las-lias-bilbao-spanien\/#primaryimage"},"thumbnailUrl":"https:\/\/www.weine-feinkost.de\/unterwegs\/wp-content\/uploads\/2021\/07\/Las_Lias_Bilbao_Spanien_9-rotated.jpg","datePublished":"2021-10-21T09:00:00+00:00","dateModified":"2023-03-19T12:35:24+00:00","breadcrumb":{"@id":"https:\/\/www.weine-feinkost.de\/unterwegs\/2021\/10\/las-lias-bilbao-spanien\/#breadcrumb"},"inLanguage":"de","potentialAction":[{"@type":"ReadAction","target":["https:\/\/www.weine-feinkost.de\/unterwegs\/2021\/10\/las-lias-bilbao-spanien\/"]}]},{"@type":"ImageObject","inLanguage":"de","@id":"https:\/\/www.weine-feinkost.de\/unterwegs\/2021\/10\/las-lias-bilbao-spanien\/#primaryimage","url":"https:\/\/www.weine-feinkost.de\/unterwegs\/wp-content\/uploads\/2021\/07\/Las_Lias_Bilbao_Spanien_9-rotated.jpg","contentUrl":"https:\/\/www.weine-feinkost.de\/unterwegs\/wp-content\/uploads\/2021\/07\/Las_Lias_Bilbao_Spanien_9-rotated.jpg","width":480,"height":640},{"@type":"BreadcrumbList","@id":"https:\/\/www.weine-feinkost.de\/unterwegs\/2021\/10\/las-lias-bilbao-spanien\/#breadcrumb","itemListElement":[{"@type":"ListItem","position":1,"name":"Startseite","item":"https:\/\/www.weine-feinkost.de\/unterwegs\/"},{"@type":"ListItem","position":2,"name":"Las Lias &#8211; Bilbao &#8211; Spanien"}]},{"@type":"WebSite","@id":"https:\/\/www.weine-feinkost.de\/unterwegs\/#website","url":"https:\/\/www.weine-feinkost.de\/unterwegs\/","name":"Unterwegs mit Weine &amp; Feinkost","description":"Entdecken Sie Genuss","publisher":{"@id":"https:\/\/www.weine-feinkost.de\/unterwegs\/#organization"},"potentialAction":[{"@type":"SearchAction","target":{"@type":"EntryPoint","urlTemplate":"https:\/\/www.weine-feinkost.de\/unterwegs\/?s={search_term_string}"},"query-input":{"@type":"PropertyValueSpecification","valueRequired":true,"valueName":"search_term_string"}}],"inLanguage":"de"},{"@type":"Organization","@id":"https:\/\/www.weine-feinkost.de\/unterwegs\/#organization","name":"Unterwegs mit Weine &amp; Feinkost","url":"https:\/\/www.weine-feinkost.de\/unterwegs\/","logo":{"@type":"ImageObject","inLanguage":"de","@id":"https:\/\/www.weine-feinkost.de\/unterwegs\/#\/schema\/logo\/image\/","url":"https:\/\/www.weine-feinkost.de\/unterwegs\/wp-content\/uploads\/2022\/10\/logo_weinefeinkost_unterwegs_450x171.png","contentUrl":"https:\/\/www.weine-feinkost.de\/unterwegs\/wp-content\/uploads\/2022\/10\/logo_weinefeinkost_unterwegs_450x171.png","width":450,"height":171,"caption":"Unterwegs mit Weine &amp; Feinkost"},"image":{"@id":"https:\/\/www.weine-feinkost.de\/unterwegs\/#\/schema\/logo\/image\/"}},{"@type":"Person","@id":"https:\/\/www.weine-feinkost.de\/unterwegs\/#\/schema\/person\/c07d66169fd0e04307bfe7cdc99ac26a","name":"Christian Fenske","image":{"@type":"ImageObject","inLanguage":"de","@id":"https:\/\/www.weine-feinkost.de\/unterwegs\/wp-content\/uploads\/2023\/01\/cropped-christian_profilbild-96x96.png","url":"https:\/\/www.weine-feinkost.de\/unterwegs\/wp-content\/uploads\/2023\/01\/cropped-christian_profilbild-96x96.png","contentUrl":"https:\/\/www.weine-feinkost.de\/unterwegs\/wp-content\/uploads\/2023\/01\/cropped-christian_profilbild-96x96.png","caption":"Christian Fenske"},"description":"Zusammen an einem Tisch sitzen, gemeinsam zu kommunizieren und zu genie\u00dfen, das ist eine der herausragenden kulturellen Errungenschaft der Menschheit.","url":"https:\/\/www.weine-feinkost.de\/unterwegs\/author\/christian-fenske\/"}]}},"jetpack_publicize_connections":[],"jetpack_shortlink":"https:\/\/wp.me\/p68Tjo-ujV","jetpack_sharing_enabled":true,"jetpack_likes_enabled":true,"jetpack_featured_media_url":"https:\/\/www.weine-feinkost.de\/unterwegs\/wp-content\/uploads\/2021\/07\/Las_Lias_Bilbao_Spanien_9-rotated.jpg","_links":{"self":[{"href":"https:\/\/www.weine-feinkost.de\/unterwegs\/wp-json\/wp\/v2\/posts\/116555","targetHints":{"allow":["GET"]}}],"collection":[{"href":"https:\/\/www.weine-feinkost.de\/unterwegs\/wp-json\/wp\/v2\/posts"}],"about":[{"href":"https:\/\/www.weine-feinkost.de\/unterwegs\/wp-json\/wp\/v2\/types\/post"}],"author":[{"embeddable":true,"href":"https:\/\/www.weine-feinkost.de\/unterwegs\/wp-json\/wp\/v2\/users\/7"}],"replies":[{"embeddable":true,"href":"https:\/\/www.weine-feinkost.de\/unterwegs\/wp-json\/wp\/v2\/comments?post=116555"}],"version-history":[{"count":2,"href":"https:\/\/www.weine-feinkost.de\/unterwegs\/wp-json\/wp\/v2\/posts\/116555\/revisions"}],"predecessor-version":[{"id":196397,"href":"https:\/\/www.weine-feinkost.de\/unterwegs\/wp-json\/wp\/v2\/posts\/116555\/revisions\/196397"}],"wp:featuredmedia":[{"embeddable":true,"href":"https:\/\/www.weine-feinkost.de\/unterwegs\/wp-json\/wp\/v2\/media\/168869"}],"wp:attachment":[{"href":"https:\/\/www.weine-feinkost.de\/unterwegs\/wp-json\/wp\/v2\/media?parent=116555"}],"wp:term":[{"taxonomy":"category","embeddable":true,"href":"https:\/\/www.weine-feinkost.de\/unterwegs\/wp-json\/wp\/v2\/categories?post=116555"},{"taxonomy":"post_tag","embeddable":true,"href":"https:\/\/www.weine-feinkost.de\/unterwegs\/wp-json\/wp\/v2\/tags?post=116555"},{"taxonomy":"post_folder","embeddable":true,"href":"https:\/\/www.weine-feinkost.de\/unterwegs\/wp-json\/wp\/v2\/post_folder?post=116555"}],"curies":[{"name":"wp","href":"https:\/\/api.w.org\/{rel}","templated":true}]}}