{"id":117905,"date":"2021-11-17T11:00:00","date_gmt":"2021-11-17T10:00:00","guid":{"rendered":"https:\/\/www.weine-feinkost.de\/unterwegs\/?p=117905"},"modified":"2023-03-19T13:29:24","modified_gmt":"2023-03-19T12:29:24","slug":"michels-stern-marktbreit-deutschland","status":"publish","type":"post","link":"https:\/\/www.weine-feinkost.de\/unterwegs\/2021\/11\/michels-stern-marktbreit-deutschland\/","title":{"rendered":"Michels Stern &#8211; Marktbreit &#8211; Deutschland"},"content":{"rendered":"\n<h2 class=\"wp-block-heading\">Michels Stern &#8211;  Regional lecker.<\/h2>\n\n\n\n<p class=\"has-drop-cap\">Nur ein paar Tische bietet das Restaurant Michels Stern in Marktbreit. Leidenschaftlich geleitet wird diese Gastwirtschaft von den beiden Br\u00fcdern Stefan und Wolfgang Michel. Man hat sich ganz den Prinzipien der Slow Food Bewegung verschrieben, und so kommt hier Lokales und Hausgemachtes auf die Teller. Dieses ist nat\u00fcrlich fr\u00e4nkisch gepr\u00e4gt und wird freundlich serviert. Kein Ort f\u00fcr Veganer und Vegetarier, aber f\u00fcr alle diejenigen, die es ehrlich, z\u00fcnftig und bodenst\u00e4ndig m\u00f6gen, ein wahres Fest. Auch die umfangreiche Weinkarte liest sich hervorragend und macht deutlich, dass hier jemand sehr viel Spa\u00df an seiner Arbeit hat.<\/p>\n\n\n<div class=\"wp-block-image\">\n<figure class=\"aligncenter size-large\"><a href=\"https:\/\/www.weine-feinkost.de\/unterwegs\/wp-content\/uploads\/2021\/08\/Michels_Stern_Marktbreit_Deutschland_6-rotated.jpg\"><img decoding=\"async\" src=\"https:\/\/www.weine-feinkost.de\/unterwegs\/wp-content\/uploads\/2021\/08\/Michels_Stern_Marktbreit_Deutschland_6-rotated.jpg\" alt=\"\" class=\"wp-image-117910\"\/><\/a><figcaption class=\"wp-element-caption\">Gazpacho.<\/figcaption><\/figure>\n<\/div>\n\n<div class=\"wp-block-image\">\n<figure class=\"aligncenter size-large\"><a href=\"https:\/\/www.weine-feinkost.de\/unterwegs\/wp-content\/uploads\/2021\/08\/Michels_Stern_Marktbreit_Deutschland_5-rotated.jpg\"><img decoding=\"async\" src=\"https:\/\/www.weine-feinkost.de\/unterwegs\/wp-content\/uploads\/2021\/08\/Michels_Stern_Marktbreit_Deutschland_5-rotated.jpg\" alt=\"\" class=\"wp-image-117911\"\/><\/a><figcaption class=\"wp-element-caption\">Rehkraftbr\u00fche mit Pilzravioli.<\/figcaption><\/figure>\n<\/div>\n\n<div class=\"wp-block-image\">\n<figure class=\"aligncenter size-large\"><a href=\"https:\/\/www.weine-feinkost.de\/unterwegs\/wp-content\/uploads\/2021\/08\/Michels_Stern_Marktbreit_Deutschland_4-rotated.jpg\"><img decoding=\"async\" src=\"https:\/\/www.weine-feinkost.de\/unterwegs\/wp-content\/uploads\/2021\/08\/Michels_Stern_Marktbreit_Deutschland_4-rotated.jpg\" alt=\"\" class=\"wp-image-117912\"\/><\/a><figcaption class=\"wp-element-caption\">Gebackenes Bio Ei mit Frankfurter Gr\u00fcner Sauce.<\/figcaption><\/figure>\n<\/div>\n\n<div class=\"wp-block-image\">\n<figure class=\"aligncenter size-large\"><a href=\"https:\/\/www.weine-feinkost.de\/unterwegs\/wp-content\/uploads\/2021\/08\/Michels_Stern_Marktbreit_Deutschland_3-rotated.jpg\"><img decoding=\"async\" src=\"https:\/\/www.weine-feinkost.de\/unterwegs\/wp-content\/uploads\/2021\/08\/Michels_Stern_Marktbreit_Deutschland_3-rotated.jpg\" alt=\"\" class=\"wp-image-117913\"\/><\/a><figcaption class=\"wp-element-caption\">Wiener Schnitzel vom Kalb mit fr\u00e4nkischem Kartoffelsalat und Segnitzer Salat.<\/figcaption><\/figure>\n<\/div>\n\n<div class=\"wp-block-image\">\n<figure class=\"aligncenter size-large\"><a href=\"https:\/\/www.weine-feinkost.de\/unterwegs\/wp-content\/uploads\/2021\/08\/Michels_Stern_Marktbreit_Deutschland_2-rotated.jpg\"><img decoding=\"async\" src=\"https:\/\/www.weine-feinkost.de\/unterwegs\/wp-content\/uploads\/2021\/08\/Michels_Stern_Marktbreit_Deutschland_2-rotated.jpg\" alt=\"\" class=\"wp-image-117914\"\/><\/a><figcaption class=\"wp-element-caption\">Gebratene Kalbsleber mit Kartoffelp\u00fcree und Apfel-Zwiebelgem\u00fcse.<\/figcaption><\/figure>\n<\/div>\n\n<div class=\"wp-block-image\">\n<figure class=\"aligncenter size-large\"><a href=\"https:\/\/www.weine-feinkost.de\/unterwegs\/wp-content\/uploads\/2021\/08\/Michels_Stern_Marktbreit_Deutschland_1-rotated.jpg\"><img decoding=\"async\" src=\"https:\/\/www.weine-feinkost.de\/unterwegs\/wp-content\/uploads\/2021\/08\/Michels_Stern_Marktbreit_Deutschland_1-rotated.jpg\" alt=\"\" class=\"wp-image-117915\"\/><\/a><figcaption class=\"wp-element-caption\">Das \u00fcberraschende, extrem leckere Highlight des Abends: Limettencreme mit gebackener Aprikose und Aprikose-Rosmarin-Sorbet.<\/figcaption><\/figure>\n<\/div>\n\n\n<p><strong>Michels Stern<\/strong>, Bahnhofstra\u00dfe 9, 97340 Marktbreit, Deutschland, Telefon: +49 9332 1316, <a href=\"https:\/\/www.michelsstern.de\/\">https:\/\/www.michelsstern.de\/<\/a><\/p>\n","protected":false},"excerpt":{"rendered":"<p>Michels Stern &#8211; Regional lecker. Nur ein paar Tische bietet das Restaurant Michels Stern in Marktbreit. Leidenschaftlich geleitet wird diese Gastwirtschaft von den beiden Br\u00fcdern Stefan und Wolfgang Michel. Man hat sich ganz den Prinzipien der Slow Food Bewegung verschrieben, und so kommt hier Lokales und Hausgemachtes auf die Teller. Dieses ist nat\u00fcrlich fr\u00e4nkisch gepr\u00e4gt &#8230; <a title=\"Michels Stern &#8211; Marktbreit &#8211; Deutschland\" class=\"read-more\" href=\"https:\/\/www.weine-feinkost.de\/unterwegs\/2021\/11\/michels-stern-marktbreit-deutschland\/\" aria-label=\"Mehr dazu unter Michels Stern &#8211; Marktbreit &#8211; Deutschland\">Weiterlesen<\/a><\/p>\n","protected":false},"author":7,"featured_media":169012,"comment_status":"open","ping_status":"open","sticky":false,"template":"","format":"standard","meta":{"_jetpack_newsletter_access":"","_jetpack_dont_email_post_to_subs":false,"_jetpack_newsletter_tier_id":0,"_jetpack_memberships_contains_paywalled_content":false,"_jetpack_feature_clip_id":0,"_jetpack_memberships_contains_paid_content":false,"footnotes":"","jetpack_publicize_message":"","jetpack_publicize_feature_enabled":true,"jetpack_social_post_already_shared":true,"jetpack_social_options":{"image_generator_settings":{"template":"highway","default_image_id":0,"font":"","enabled":false},"version":2},"jetpack_post_was_ever_published":false},"categories":[31,13],"tags":[120,902,2761,2762,73],"post_folder":[],"class_list":["post-117905","post","type-post","status-publish","format-standard","has-post-thumbnail","hentry","category-deutschland-restaurants","category-restaurants","tag-deutschland","tag-franken","tag-marktbreit","tag-michels-stern","tag-restaurant"],"yoast_head":"<!-- This site is optimized with the Yoast SEO plugin v28.3 - https:\/\/yoast.com\/product\/yoast-seo-wordpress\/ -->\n<title>Michels Stern - Marktbreit - Deutschland - Unterwegs mit Weine &amp; Feinkost<\/title>\n<meta name=\"robots\" content=\"index, follow, max-snippet:-1, max-image-preview:large, max-video-preview:-1\" \/>\n<link rel=\"canonical\" href=\"https:\/\/www.weine-feinkost.de\/unterwegs\/2021\/11\/michels-stern-marktbreit-deutschland\/\" \/>\n<meta property=\"og:locale\" content=\"de_DE\" \/>\n<meta property=\"og:type\" content=\"article\" \/>\n<meta property=\"og:title\" content=\"Michels Stern - Marktbreit - Deutschland - Unterwegs mit Weine &amp; Feinkost\" \/>\n<meta property=\"og:description\" content=\"Michels Stern &#8211; Regional lecker. Nur ein paar Tische bietet das Restaurant Michels Stern in Marktbreit. Leidenschaftlich geleitet wird diese Gastwirtschaft von den beiden Br\u00fcdern Stefan und Wolfgang Michel. Man hat sich ganz den Prinzipien der Slow Food Bewegung verschrieben, und so kommt hier Lokales und Hausgemachtes auf die Teller. Dieses ist nat\u00fcrlich fr\u00e4nkisch gepr\u00e4gt ... Weiterlesen\" \/>\n<meta property=\"og:url\" content=\"https:\/\/www.weine-feinkost.de\/unterwegs\/2021\/11\/michels-stern-marktbreit-deutschland\/\" \/>\n<meta property=\"og:site_name\" content=\"Unterwegs mit Weine &amp; Feinkost\" \/>\n<meta property=\"article:published_time\" content=\"2021-11-17T10:00:00+00:00\" \/>\n<meta property=\"article:modified_time\" content=\"2023-03-19T12:29:24+00:00\" \/>\n<meta property=\"og:image\" content=\"https:\/\/www.weine-feinkost.de\/unterwegs\/wp-content\/uploads\/2021\/08\/Michels_Stern_Marktbreit_Deutschland_7.jpg\" \/>\n\t<meta property=\"og:image:width\" content=\"480\" \/>\n\t<meta property=\"og:image:height\" content=\"640\" \/>\n\t<meta property=\"og:image:type\" content=\"image\/jpeg\" \/>\n<meta name=\"author\" content=\"Christian Fenske\" \/>\n<meta name=\"twitter:card\" content=\"summary_large_image\" \/>\n<meta name=\"twitter:label1\" content=\"Verfasst von\" \/>\n\t<meta name=\"twitter:data1\" content=\"Christian Fenske\" \/>\n\t<meta name=\"twitter:label2\" content=\"Gesch\u00e4tzte Lesezeit\" \/>\n\t<meta name=\"twitter:data2\" content=\"3\u00a0Minuten\" \/>\n<script type=\"application\/ld+json\" class=\"yoast-schema-graph\">{\"@context\":\"https:\\\/\\\/schema.org\",\"@graph\":[{\"@type\":\"Article\",\"@id\":\"https:\\\/\\\/www.weine-feinkost.de\\\/unterwegs\\\/2021\\\/11\\\/michels-stern-marktbreit-deutschland\\\/#article\",\"isPartOf\":{\"@id\":\"https:\\\/\\\/www.weine-feinkost.de\\\/unterwegs\\\/2021\\\/11\\\/michels-stern-marktbreit-deutschland\\\/\"},\"author\":{\"name\":\"Christian Fenske\",\"@id\":\"https:\\\/\\\/www.weine-feinkost.de\\\/unterwegs\\\/#\\\/schema\\\/person\\\/c07d66169fd0e04307bfe7cdc99ac26a\"},\"headline\":\"Michels Stern &#8211; Marktbreit &#8211; Deutschland\",\"datePublished\":\"2021-11-17T10:00:00+00:00\",\"dateModified\":\"2023-03-19T12:29:24+00:00\",\"mainEntityOfPage\":{\"@id\":\"https:\\\/\\\/www.weine-feinkost.de\\\/unterwegs\\\/2021\\\/11\\\/michels-stern-marktbreit-deutschland\\\/\"},\"wordCount\":170,\"commentCount\":0,\"publisher\":{\"@id\":\"https:\\\/\\\/www.weine-feinkost.de\\\/unterwegs\\\/#organization\"},\"image\":{\"@id\":\"https:\\\/\\\/www.weine-feinkost.de\\\/unterwegs\\\/2021\\\/11\\\/michels-stern-marktbreit-deutschland\\\/#primaryimage\"},\"thumbnailUrl\":\"https:\\\/\\\/www.weine-feinkost.de\\\/unterwegs\\\/wp-content\\\/uploads\\\/2021\\\/08\\\/Michels_Stern_Marktbreit_Deutschland_7.jpg\",\"keywords\":[\"Deutschland\",\"Franken\",\"Marktbreit\",\"Michels Stern\",\"Restaurant\"],\"articleSection\":[\"Deutschland\",\"Restaurants\"],\"inLanguage\":\"de\",\"potentialAction\":[{\"@type\":\"CommentAction\",\"name\":\"Comment\",\"target\":[\"https:\\\/\\\/www.weine-feinkost.de\\\/unterwegs\\\/2021\\\/11\\\/michels-stern-marktbreit-deutschland\\\/#respond\"]}]},{\"@type\":\"WebPage\",\"@id\":\"https:\\\/\\\/www.weine-feinkost.de\\\/unterwegs\\\/2021\\\/11\\\/michels-stern-marktbreit-deutschland\\\/\",\"url\":\"https:\\\/\\\/www.weine-feinkost.de\\\/unterwegs\\\/2021\\\/11\\\/michels-stern-marktbreit-deutschland\\\/\",\"name\":\"Michels Stern - Marktbreit - Deutschland - Unterwegs mit Weine &amp; Feinkost\",\"isPartOf\":{\"@id\":\"https:\\\/\\\/www.weine-feinkost.de\\\/unterwegs\\\/#website\"},\"primaryImageOfPage\":{\"@id\":\"https:\\\/\\\/www.weine-feinkost.de\\\/unterwegs\\\/2021\\\/11\\\/michels-stern-marktbreit-deutschland\\\/#primaryimage\"},\"image\":{\"@id\":\"https:\\\/\\\/www.weine-feinkost.de\\\/unterwegs\\\/2021\\\/11\\\/michels-stern-marktbreit-deutschland\\\/#primaryimage\"},\"thumbnailUrl\":\"https:\\\/\\\/www.weine-feinkost.de\\\/unterwegs\\\/wp-content\\\/uploads\\\/2021\\\/08\\\/Michels_Stern_Marktbreit_Deutschland_7.jpg\",\"datePublished\":\"2021-11-17T10:00:00+00:00\",\"dateModified\":\"2023-03-19T12:29:24+00:00\",\"breadcrumb\":{\"@id\":\"https:\\\/\\\/www.weine-feinkost.de\\\/unterwegs\\\/2021\\\/11\\\/michels-stern-marktbreit-deutschland\\\/#breadcrumb\"},\"inLanguage\":\"de\",\"potentialAction\":[{\"@type\":\"ReadAction\",\"target\":[\"https:\\\/\\\/www.weine-feinkost.de\\\/unterwegs\\\/2021\\\/11\\\/michels-stern-marktbreit-deutschland\\\/\"]}]},{\"@type\":\"ImageObject\",\"inLanguage\":\"de\",\"@id\":\"https:\\\/\\\/www.weine-feinkost.de\\\/unterwegs\\\/2021\\\/11\\\/michels-stern-marktbreit-deutschland\\\/#primaryimage\",\"url\":\"https:\\\/\\\/www.weine-feinkost.de\\\/unterwegs\\\/wp-content\\\/uploads\\\/2021\\\/08\\\/Michels_Stern_Marktbreit_Deutschland_7.jpg\",\"contentUrl\":\"https:\\\/\\\/www.weine-feinkost.de\\\/unterwegs\\\/wp-content\\\/uploads\\\/2021\\\/08\\\/Michels_Stern_Marktbreit_Deutschland_7.jpg\",\"width\":480,\"height\":640},{\"@type\":\"BreadcrumbList\",\"@id\":\"https:\\\/\\\/www.weine-feinkost.de\\\/unterwegs\\\/2021\\\/11\\\/michels-stern-marktbreit-deutschland\\\/#breadcrumb\",\"itemListElement\":[{\"@type\":\"ListItem\",\"position\":1,\"name\":\"Startseite\",\"item\":\"https:\\\/\\\/www.weine-feinkost.de\\\/unterwegs\\\/\"},{\"@type\":\"ListItem\",\"position\":2,\"name\":\"Michels Stern &#8211; Marktbreit &#8211; Deutschland\"}]},{\"@type\":\"WebSite\",\"@id\":\"https:\\\/\\\/www.weine-feinkost.de\\\/unterwegs\\\/#website\",\"url\":\"https:\\\/\\\/www.weine-feinkost.de\\\/unterwegs\\\/\",\"name\":\"Unterwegs mit Weine &amp; Feinkost\",\"description\":\"Entdecken Sie Genuss\",\"publisher\":{\"@id\":\"https:\\\/\\\/www.weine-feinkost.de\\\/unterwegs\\\/#organization\"},\"potentialAction\":[{\"@type\":\"SearchAction\",\"target\":{\"@type\":\"EntryPoint\",\"urlTemplate\":\"https:\\\/\\\/www.weine-feinkost.de\\\/unterwegs\\\/?s={search_term_string}\"},\"query-input\":{\"@type\":\"PropertyValueSpecification\",\"valueRequired\":true,\"valueName\":\"search_term_string\"}}],\"inLanguage\":\"de\"},{\"@type\":\"Organization\",\"@id\":\"https:\\\/\\\/www.weine-feinkost.de\\\/unterwegs\\\/#organization\",\"name\":\"Unterwegs mit Weine &amp; Feinkost\",\"url\":\"https:\\\/\\\/www.weine-feinkost.de\\\/unterwegs\\\/\",\"logo\":{\"@type\":\"ImageObject\",\"inLanguage\":\"de\",\"@id\":\"https:\\\/\\\/www.weine-feinkost.de\\\/unterwegs\\\/#\\\/schema\\\/logo\\\/image\\\/\",\"url\":\"https:\\\/\\\/www.weine-feinkost.de\\\/unterwegs\\\/wp-content\\\/uploads\\\/2022\\\/10\\\/logo_weinefeinkost_unterwegs_450x171.png\",\"contentUrl\":\"https:\\\/\\\/www.weine-feinkost.de\\\/unterwegs\\\/wp-content\\\/uploads\\\/2022\\\/10\\\/logo_weinefeinkost_unterwegs_450x171.png\",\"width\":450,\"height\":171,\"caption\":\"Unterwegs mit Weine &amp; Feinkost\"},\"image\":{\"@id\":\"https:\\\/\\\/www.weine-feinkost.de\\\/unterwegs\\\/#\\\/schema\\\/logo\\\/image\\\/\"}},{\"@type\":\"Person\",\"@id\":\"https:\\\/\\\/www.weine-feinkost.de\\\/unterwegs\\\/#\\\/schema\\\/person\\\/c07d66169fd0e04307bfe7cdc99ac26a\",\"name\":\"Christian Fenske\",\"image\":{\"@type\":\"ImageObject\",\"inLanguage\":\"de\",\"@id\":\"https:\\\/\\\/www.weine-feinkost.de\\\/unterwegs\\\/wp-content\\\/uploads\\\/2023\\\/01\\\/cropped-christian_profilbild-96x96.png\",\"url\":\"https:\\\/\\\/www.weine-feinkost.de\\\/unterwegs\\\/wp-content\\\/uploads\\\/2023\\\/01\\\/cropped-christian_profilbild-96x96.png\",\"contentUrl\":\"https:\\\/\\\/www.weine-feinkost.de\\\/unterwegs\\\/wp-content\\\/uploads\\\/2023\\\/01\\\/cropped-christian_profilbild-96x96.png\",\"caption\":\"Christian Fenske\"},\"description\":\"Zusammen an einem Tisch sitzen, gemeinsam zu kommunizieren und zu genie\u00dfen, das ist eine der herausragenden kulturellen Errungenschaft der Menschheit.\",\"url\":\"https:\\\/\\\/www.weine-feinkost.de\\\/unterwegs\\\/author\\\/christian-fenske\\\/\"}]}<\/script>\n<!-- \/ Yoast SEO plugin. -->","yoast_head_json":{"title":"Michels Stern - Marktbreit - Deutschland - Unterwegs mit Weine &amp; Feinkost","robots":{"index":"index","follow":"follow","max-snippet":"max-snippet:-1","max-image-preview":"max-image-preview:large","max-video-preview":"max-video-preview:-1"},"canonical":"https:\/\/www.weine-feinkost.de\/unterwegs\/2021\/11\/michels-stern-marktbreit-deutschland\/","og_locale":"de_DE","og_type":"article","og_title":"Michels Stern - Marktbreit - Deutschland - Unterwegs mit Weine &amp; Feinkost","og_description":"Michels Stern &#8211; Regional lecker. Nur ein paar Tische bietet das Restaurant Michels Stern in Marktbreit. Leidenschaftlich geleitet wird diese Gastwirtschaft von den beiden Br\u00fcdern Stefan und Wolfgang Michel. Man hat sich ganz den Prinzipien der Slow Food Bewegung verschrieben, und so kommt hier Lokales und Hausgemachtes auf die Teller. Dieses ist nat\u00fcrlich fr\u00e4nkisch gepr\u00e4gt ... Weiterlesen","og_url":"https:\/\/www.weine-feinkost.de\/unterwegs\/2021\/11\/michels-stern-marktbreit-deutschland\/","og_site_name":"Unterwegs mit Weine &amp; Feinkost","article_published_time":"2021-11-17T10:00:00+00:00","article_modified_time":"2023-03-19T12:29:24+00:00","og_image":[{"width":480,"height":640,"url":"https:\/\/www.weine-feinkost.de\/unterwegs\/wp-content\/uploads\/2021\/08\/Michels_Stern_Marktbreit_Deutschland_7.jpg","type":"image\/jpeg"}],"author":"Christian Fenske","twitter_card":"summary_large_image","twitter_misc":{"Verfasst von":"Christian Fenske","Gesch\u00e4tzte Lesezeit":"3\u00a0Minuten"},"schema":{"@context":"https:\/\/schema.org","@graph":[{"@type":"Article","@id":"https:\/\/www.weine-feinkost.de\/unterwegs\/2021\/11\/michels-stern-marktbreit-deutschland\/#article","isPartOf":{"@id":"https:\/\/www.weine-feinkost.de\/unterwegs\/2021\/11\/michels-stern-marktbreit-deutschland\/"},"author":{"name":"Christian Fenske","@id":"https:\/\/www.weine-feinkost.de\/unterwegs\/#\/schema\/person\/c07d66169fd0e04307bfe7cdc99ac26a"},"headline":"Michels Stern &#8211; Marktbreit &#8211; Deutschland","datePublished":"2021-11-17T10:00:00+00:00","dateModified":"2023-03-19T12:29:24+00:00","mainEntityOfPage":{"@id":"https:\/\/www.weine-feinkost.de\/unterwegs\/2021\/11\/michels-stern-marktbreit-deutschland\/"},"wordCount":170,"commentCount":0,"publisher":{"@id":"https:\/\/www.weine-feinkost.de\/unterwegs\/#organization"},"image":{"@id":"https:\/\/www.weine-feinkost.de\/unterwegs\/2021\/11\/michels-stern-marktbreit-deutschland\/#primaryimage"},"thumbnailUrl":"https:\/\/www.weine-feinkost.de\/unterwegs\/wp-content\/uploads\/2021\/08\/Michels_Stern_Marktbreit_Deutschland_7.jpg","keywords":["Deutschland","Franken","Marktbreit","Michels Stern","Restaurant"],"articleSection":["Deutschland","Restaurants"],"inLanguage":"de","potentialAction":[{"@type":"CommentAction","name":"Comment","target":["https:\/\/www.weine-feinkost.de\/unterwegs\/2021\/11\/michels-stern-marktbreit-deutschland\/#respond"]}]},{"@type":"WebPage","@id":"https:\/\/www.weine-feinkost.de\/unterwegs\/2021\/11\/michels-stern-marktbreit-deutschland\/","url":"https:\/\/www.weine-feinkost.de\/unterwegs\/2021\/11\/michels-stern-marktbreit-deutschland\/","name":"Michels Stern - Marktbreit - Deutschland - Unterwegs mit Weine &amp; Feinkost","isPartOf":{"@id":"https:\/\/www.weine-feinkost.de\/unterwegs\/#website"},"primaryImageOfPage":{"@id":"https:\/\/www.weine-feinkost.de\/unterwegs\/2021\/11\/michels-stern-marktbreit-deutschland\/#primaryimage"},"image":{"@id":"https:\/\/www.weine-feinkost.de\/unterwegs\/2021\/11\/michels-stern-marktbreit-deutschland\/#primaryimage"},"thumbnailUrl":"https:\/\/www.weine-feinkost.de\/unterwegs\/wp-content\/uploads\/2021\/08\/Michels_Stern_Marktbreit_Deutschland_7.jpg","datePublished":"2021-11-17T10:00:00+00:00","dateModified":"2023-03-19T12:29:24+00:00","breadcrumb":{"@id":"https:\/\/www.weine-feinkost.de\/unterwegs\/2021\/11\/michels-stern-marktbreit-deutschland\/#breadcrumb"},"inLanguage":"de","potentialAction":[{"@type":"ReadAction","target":["https:\/\/www.weine-feinkost.de\/unterwegs\/2021\/11\/michels-stern-marktbreit-deutschland\/"]}]},{"@type":"ImageObject","inLanguage":"de","@id":"https:\/\/www.weine-feinkost.de\/unterwegs\/2021\/11\/michels-stern-marktbreit-deutschland\/#primaryimage","url":"https:\/\/www.weine-feinkost.de\/unterwegs\/wp-content\/uploads\/2021\/08\/Michels_Stern_Marktbreit_Deutschland_7.jpg","contentUrl":"https:\/\/www.weine-feinkost.de\/unterwegs\/wp-content\/uploads\/2021\/08\/Michels_Stern_Marktbreit_Deutschland_7.jpg","width":480,"height":640},{"@type":"BreadcrumbList","@id":"https:\/\/www.weine-feinkost.de\/unterwegs\/2021\/11\/michels-stern-marktbreit-deutschland\/#breadcrumb","itemListElement":[{"@type":"ListItem","position":1,"name":"Startseite","item":"https:\/\/www.weine-feinkost.de\/unterwegs\/"},{"@type":"ListItem","position":2,"name":"Michels Stern &#8211; Marktbreit &#8211; Deutschland"}]},{"@type":"WebSite","@id":"https:\/\/www.weine-feinkost.de\/unterwegs\/#website","url":"https:\/\/www.weine-feinkost.de\/unterwegs\/","name":"Unterwegs mit Weine &amp; Feinkost","description":"Entdecken Sie Genuss","publisher":{"@id":"https:\/\/www.weine-feinkost.de\/unterwegs\/#organization"},"potentialAction":[{"@type":"SearchAction","target":{"@type":"EntryPoint","urlTemplate":"https:\/\/www.weine-feinkost.de\/unterwegs\/?s={search_term_string}"},"query-input":{"@type":"PropertyValueSpecification","valueRequired":true,"valueName":"search_term_string"}}],"inLanguage":"de"},{"@type":"Organization","@id":"https:\/\/www.weine-feinkost.de\/unterwegs\/#organization","name":"Unterwegs mit Weine &amp; Feinkost","url":"https:\/\/www.weine-feinkost.de\/unterwegs\/","logo":{"@type":"ImageObject","inLanguage":"de","@id":"https:\/\/www.weine-feinkost.de\/unterwegs\/#\/schema\/logo\/image\/","url":"https:\/\/www.weine-feinkost.de\/unterwegs\/wp-content\/uploads\/2022\/10\/logo_weinefeinkost_unterwegs_450x171.png","contentUrl":"https:\/\/www.weine-feinkost.de\/unterwegs\/wp-content\/uploads\/2022\/10\/logo_weinefeinkost_unterwegs_450x171.png","width":450,"height":171,"caption":"Unterwegs mit Weine &amp; Feinkost"},"image":{"@id":"https:\/\/www.weine-feinkost.de\/unterwegs\/#\/schema\/logo\/image\/"}},{"@type":"Person","@id":"https:\/\/www.weine-feinkost.de\/unterwegs\/#\/schema\/person\/c07d66169fd0e04307bfe7cdc99ac26a","name":"Christian Fenske","image":{"@type":"ImageObject","inLanguage":"de","@id":"https:\/\/www.weine-feinkost.de\/unterwegs\/wp-content\/uploads\/2023\/01\/cropped-christian_profilbild-96x96.png","url":"https:\/\/www.weine-feinkost.de\/unterwegs\/wp-content\/uploads\/2023\/01\/cropped-christian_profilbild-96x96.png","contentUrl":"https:\/\/www.weine-feinkost.de\/unterwegs\/wp-content\/uploads\/2023\/01\/cropped-christian_profilbild-96x96.png","caption":"Christian Fenske"},"description":"Zusammen an einem Tisch sitzen, gemeinsam zu kommunizieren und zu genie\u00dfen, das ist eine der herausragenden kulturellen Errungenschaft der Menschheit.","url":"https:\/\/www.weine-feinkost.de\/unterwegs\/author\/christian-fenske\/"}]}},"jetpack_publicize_connections":[],"jetpack_shortlink":"https:\/\/wp.me\/p68Tjo-uFH","jetpack_sharing_enabled":true,"jetpack_likes_enabled":true,"jetpack_featured_media_url":"https:\/\/www.weine-feinkost.de\/unterwegs\/wp-content\/uploads\/2021\/08\/Michels_Stern_Marktbreit_Deutschland_7.jpg","_links":{"self":[{"href":"https:\/\/www.weine-feinkost.de\/unterwegs\/wp-json\/wp\/v2\/posts\/117905","targetHints":{"allow":["GET"]}}],"collection":[{"href":"https:\/\/www.weine-feinkost.de\/unterwegs\/wp-json\/wp\/v2\/posts"}],"about":[{"href":"https:\/\/www.weine-feinkost.de\/unterwegs\/wp-json\/wp\/v2\/types\/post"}],"author":[{"embeddable":true,"href":"https:\/\/www.weine-feinkost.de\/unterwegs\/wp-json\/wp\/v2\/users\/7"}],"replies":[{"embeddable":true,"href":"https:\/\/www.weine-feinkost.de\/unterwegs\/wp-json\/wp\/v2\/comments?post=117905"}],"version-history":[{"count":1,"href":"https:\/\/www.weine-feinkost.de\/unterwegs\/wp-json\/wp\/v2\/posts\/117905\/revisions"}],"predecessor-version":[{"id":196382,"href":"https:\/\/www.weine-feinkost.de\/unterwegs\/wp-json\/wp\/v2\/posts\/117905\/revisions\/196382"}],"wp:featuredmedia":[{"embeddable":true,"href":"https:\/\/www.weine-feinkost.de\/unterwegs\/wp-json\/wp\/v2\/media\/169012"}],"wp:attachment":[{"href":"https:\/\/www.weine-feinkost.de\/unterwegs\/wp-json\/wp\/v2\/media?parent=117905"}],"wp:term":[{"taxonomy":"category","embeddable":true,"href":"https:\/\/www.weine-feinkost.de\/unterwegs\/wp-json\/wp\/v2\/categories?post=117905"},{"taxonomy":"post_tag","embeddable":true,"href":"https:\/\/www.weine-feinkost.de\/unterwegs\/wp-json\/wp\/v2\/tags?post=117905"},{"taxonomy":"post_folder","embeddable":true,"href":"https:\/\/www.weine-feinkost.de\/unterwegs\/wp-json\/wp\/v2\/post_folder?post=117905"}],"curies":[{"name":"wp","href":"https:\/\/api.w.org\/{rel}","templated":true}]}}