{"id":126147,"date":"2022-06-30T11:00:00","date_gmt":"2022-06-30T09:00:00","guid":{"rendered":"https:\/\/www.weine-feinkost.de\/unterwegs\/?p=126147"},"modified":"2023-03-19T12:37:58","modified_gmt":"2023-03-19T11:37:58","slug":"el-chalet-zaragoza-spanien","status":"publish","type":"post","link":"https:\/\/www.weine-feinkost.de\/unterwegs\/2022\/06\/el-chalet-zaragoza-spanien\/","title":{"rendered":"El Chalet &#8211; Zaragoza &#8211; Spanien"},"content":{"rendered":"\n<h2 class=\"wp-block-heading\">El Chalet &#8211; in die Jahre gekommen<\/h2>\n\n\n\n<p class=\"has-drop-cap\">Ein um das andere Mal laufen im Restaurant El Chalet in Zaragoza immer wieder die gleichen allbekannten Klavier Balladen des franz\u00f6sischen Pianisten und Komponisten Richard Clayderman. Das Restaurant El Chalet ist ein absoluter Klassiker in der aragonischen Stadt Zaragoza. So geht es hier wie und je etwas gediegen und steif zu, was von der lauten, spanischen Mentalit\u00e4t der hier tafelnden Insassen, aber sp\u00e4testens nach dem zweiten Glas Wein komplett konterkariert wird. Genauso wie das ordentlich erscheinende geb\u00fcgelte Ambiente werden hier die einzelnen G\u00e4nge serviert. Eine ehemals moderne K\u00fcche mit franz\u00f6sisch- italienischen Komponenten, die mit spanischem Feeling gepimpt wird, schauen h\u00fcbsch aus, schmecken durchaus ordentlich, werfen aber nach und nach doch die Frage auf, ob in diesen Gem\u00e4uern neben einem Tapetenwechsel nicht auch einmal ein kulinarischer Wechsel angebracht w\u00e4re. Das ist gleichwohl klagen auf hohem Niveau, aber die Welt hat sich ge\u00e4ndert und selbst im doch recht abgelegenen Zaragoza wird man irgendwann feststellen, dass es bessere Essens Alternativen als das Restaurant El Chalet gibt. In diesem Zusammenhang sei noch der kurze Wortwechsel am Ende dieses Mittagstisches zwischen der sehr netten Kellnerin und Tante P. zitiert:<\/p>\n\n\n\n<p>\u201eWie hat es Ihnen geschmeckt?\u201c<\/p>\n\n\n\n<p>\u201eDanke sehr gut! Gibt es hier einen neuen Koch?\u201c<\/p>\n\n\n\n<p>\u201eNein, warum?\u201c<\/p>\n\n\n\n<p>\u201eWeil es fr\u00fcher deutlich besser geschmeckt hat.\u201c<\/p>\n\n\n\n<p>Zwei Fragen, zwei Antworten, die eigentlich alles wiedergeben.<\/p>\n\n\n\n<div class=\"wp-block-jetpack-tiled-gallery aligncenter is-style-rectangular\"><div class=\"tiled-gallery__gallery\"><div class=\"tiled-gallery__row\"><div class=\"tiled-gallery__col\" style=\"flex-basis:25.00000%\"><figure class=\"tiled-gallery__item\"><a href=\"https:\/\/www.weine-feinkost.de\/unterwegs\/wp-content\/uploads\/2022\/04\/Restaurant_el_chalet_Zaragoza_Spanien_2-rotated.jpg\"><img decoding=\"async\" srcset=\"https:\/\/i1.wp.com\/www.weine-feinkost.de\/unterwegs\/wp-content\/uploads\/2022\/04\/Restaurant_el_chalet_Zaragoza_Spanien_2-rotated.jpg?strip=info&#038;w=480&#038;ssl=1 480w\" alt=\"\" data-height=\"640\" data-id=\"126261\" data-link=\"https:\/\/www.weine-feinkost.de\/unterwegs\/?attachment_id=126261\" data-url=\"https:\/\/www.weine-feinkost.de\/unterwegs\/wp-content\/uploads\/2022\/04\/Restaurant_el_chalet_Zaragoza_Spanien_2-rotated.jpg\" data-width=\"480\" src=\"https:\/\/i1.wp.com\/www.weine-feinkost.de\/unterwegs\/wp-content\/uploads\/2022\/04\/Restaurant_el_chalet_Zaragoza_Spanien_2-rotated.jpg?ssl=1\" data-amp-layout=\"responsive\"\/><\/a><\/figure><\/div><div class=\"tiled-gallery__col\" style=\"flex-basis:25.00000%\"><figure class=\"tiled-gallery__item\"><a href=\"https:\/\/www.weine-feinkost.de\/unterwegs\/wp-content\/uploads\/2022\/04\/Restaurant_el_chalet_Zaragoza_Spanien_3-rotated.jpg\"><img decoding=\"async\" srcset=\"https:\/\/i1.wp.com\/www.weine-feinkost.de\/unterwegs\/wp-content\/uploads\/2022\/04\/Restaurant_el_chalet_Zaragoza_Spanien_3-rotated.jpg?strip=info&#038;w=480&#038;ssl=1 480w\" alt=\"\" data-height=\"640\" data-id=\"126262\" data-link=\"https:\/\/www.weine-feinkost.de\/unterwegs\/?attachment_id=126262\" data-url=\"https:\/\/www.weine-feinkost.de\/unterwegs\/wp-content\/uploads\/2022\/04\/Restaurant_el_chalet_Zaragoza_Spanien_3-rotated.jpg\" data-width=\"480\" src=\"https:\/\/i1.wp.com\/www.weine-feinkost.de\/unterwegs\/wp-content\/uploads\/2022\/04\/Restaurant_el_chalet_Zaragoza_Spanien_3-rotated.jpg?ssl=1\" data-amp-layout=\"responsive\"\/><\/a><\/figure><\/div><div class=\"tiled-gallery__col\" style=\"flex-basis:25.00000%\"><figure class=\"tiled-gallery__item\"><a href=\"https:\/\/www.weine-feinkost.de\/unterwegs\/wp-content\/uploads\/2022\/04\/Restaurant_el_chalet_Zaragoza_Spanien_4-rotated.jpg\"><img decoding=\"async\" srcset=\"https:\/\/i0.wp.com\/www.weine-feinkost.de\/unterwegs\/wp-content\/uploads\/2022\/04\/Restaurant_el_chalet_Zaragoza_Spanien_4-rotated.jpg?strip=info&#038;w=480&#038;ssl=1 480w\" alt=\"\" data-height=\"640\" data-id=\"126263\" data-link=\"https:\/\/www.weine-feinkost.de\/unterwegs\/?attachment_id=126263\" data-url=\"https:\/\/www.weine-feinkost.de\/unterwegs\/wp-content\/uploads\/2022\/04\/Restaurant_el_chalet_Zaragoza_Spanien_4-rotated.jpg\" data-width=\"480\" src=\"https:\/\/i0.wp.com\/www.weine-feinkost.de\/unterwegs\/wp-content\/uploads\/2022\/04\/Restaurant_el_chalet_Zaragoza_Spanien_4-rotated.jpg?ssl=1\" data-amp-layout=\"responsive\"\/><\/a><\/figure><\/div><div class=\"tiled-gallery__col\" style=\"flex-basis:25.00000%\"><figure class=\"tiled-gallery__item\"><a href=\"https:\/\/www.weine-feinkost.de\/unterwegs\/wp-content\/uploads\/2022\/04\/Restaurant_el_chalet_Zaragoza_Spanien_5-rotated.jpg\"><img decoding=\"async\" srcset=\"https:\/\/i2.wp.com\/www.weine-feinkost.de\/unterwegs\/wp-content\/uploads\/2022\/04\/Restaurant_el_chalet_Zaragoza_Spanien_5-rotated.jpg?strip=info&#038;w=480&#038;ssl=1 480w\" alt=\"\" data-height=\"640\" data-id=\"126264\" data-link=\"https:\/\/www.weine-feinkost.de\/unterwegs\/?attachment_id=126264\" data-url=\"https:\/\/www.weine-feinkost.de\/unterwegs\/wp-content\/uploads\/2022\/04\/Restaurant_el_chalet_Zaragoza_Spanien_5-rotated.jpg\" data-width=\"480\" src=\"https:\/\/i2.wp.com\/www.weine-feinkost.de\/unterwegs\/wp-content\/uploads\/2022\/04\/Restaurant_el_chalet_Zaragoza_Spanien_5-rotated.jpg?ssl=1\" data-amp-layout=\"responsive\"\/><\/a><\/figure><\/div><\/div><div class=\"tiled-gallery__row\"><div class=\"tiled-gallery__col\" style=\"flex-basis:34.71885%\"><figure class=\"tiled-gallery__item\"><a href=\"https:\/\/www.weine-feinkost.de\/unterwegs\/wp-content\/uploads\/2022\/04\/Restaurant_el_chalet_Zaragoza_Spanien_6-rotated.jpg\"><img decoding=\"async\" srcset=\"https:\/\/i0.wp.com\/www.weine-feinkost.de\/unterwegs\/wp-content\/uploads\/2022\/04\/Restaurant_el_chalet_Zaragoza_Spanien_6-rotated.jpg?strip=info&#038;w=480&#038;ssl=1 480w\" alt=\"\" data-height=\"640\" data-id=\"126265\" data-link=\"https:\/\/www.weine-feinkost.de\/unterwegs\/?attachment_id=126265\" data-url=\"https:\/\/www.weine-feinkost.de\/unterwegs\/wp-content\/uploads\/2022\/04\/Restaurant_el_chalet_Zaragoza_Spanien_6-rotated.jpg\" data-width=\"480\" src=\"https:\/\/i0.wp.com\/www.weine-feinkost.de\/unterwegs\/wp-content\/uploads\/2022\/04\/Restaurant_el_chalet_Zaragoza_Spanien_6-rotated.jpg?ssl=1\" data-amp-layout=\"responsive\"\/><\/a><\/figure><\/div><div class=\"tiled-gallery__col\" style=\"flex-basis:30.56230%\"><figure class=\"tiled-gallery__item\"><a href=\"https:\/\/www.weine-feinkost.de\/unterwegs\/wp-content\/uploads\/2022\/04\/Restaurant_el_chalet_Zaragoza_Spanien_7.jpg\"><img decoding=\"async\" srcset=\"https:\/\/i0.wp.com\/www.weine-feinkost.de\/unterwegs\/wp-content\/uploads\/2022\/04\/Restaurant_el_chalet_Zaragoza_Spanien_7.jpg?strip=info&#038;w=600&#038;ssl=1 600w,https:\/\/i0.wp.com\/www.weine-feinkost.de\/unterwegs\/wp-content\/uploads\/2022\/04\/Restaurant_el_chalet_Zaragoza_Spanien_7.jpg?strip=info&#038;w=640&#038;ssl=1 640w\" alt=\"\" data-height=\"480\" data-id=\"126266\" data-link=\"https:\/\/www.weine-feinkost.de\/unterwegs\/?attachment_id=126266\" data-url=\"https:\/\/www.weine-feinkost.de\/unterwegs\/wp-content\/uploads\/2022\/04\/Restaurant_el_chalet_Zaragoza_Spanien_7.jpg\" data-width=\"640\" src=\"https:\/\/i0.wp.com\/www.weine-feinkost.de\/unterwegs\/wp-content\/uploads\/2022\/04\/Restaurant_el_chalet_Zaragoza_Spanien_7.jpg?ssl=1\" data-amp-layout=\"responsive\"\/><\/a><\/figure><figure class=\"tiled-gallery__item\"><a href=\"https:\/\/www.weine-feinkost.de\/unterwegs\/wp-content\/uploads\/2022\/04\/Restaurant_el_chalet_Zaragoza_Spanien_8.jpg\"><img decoding=\"async\" srcset=\"https:\/\/i2.wp.com\/www.weine-feinkost.de\/unterwegs\/wp-content\/uploads\/2022\/04\/Restaurant_el_chalet_Zaragoza_Spanien_8.jpg?strip=info&#038;w=600&#038;ssl=1 600w,https:\/\/i2.wp.com\/www.weine-feinkost.de\/unterwegs\/wp-content\/uploads\/2022\/04\/Restaurant_el_chalet_Zaragoza_Spanien_8.jpg?strip=info&#038;w=640&#038;ssl=1 640w\" alt=\"\" data-height=\"480\" data-id=\"126267\" data-link=\"https:\/\/www.weine-feinkost.de\/unterwegs\/?attachment_id=126267\" data-url=\"https:\/\/www.weine-feinkost.de\/unterwegs\/wp-content\/uploads\/2022\/04\/Restaurant_el_chalet_Zaragoza_Spanien_8.jpg\" data-width=\"640\" src=\"https:\/\/i2.wp.com\/www.weine-feinkost.de\/unterwegs\/wp-content\/uploads\/2022\/04\/Restaurant_el_chalet_Zaragoza_Spanien_8.jpg?ssl=1\" data-amp-layout=\"responsive\"\/><\/a><\/figure><\/div><div class=\"tiled-gallery__col\" style=\"flex-basis:34.71885%\"><figure class=\"tiled-gallery__item\"><a href=\"https:\/\/www.weine-feinkost.de\/unterwegs\/wp-content\/uploads\/2022\/04\/Restaurant_el_chalet_Zaragoza_Spanien_9-rotated.jpg\"><img decoding=\"async\" srcset=\"https:\/\/i2.wp.com\/www.weine-feinkost.de\/unterwegs\/wp-content\/uploads\/2022\/04\/Restaurant_el_chalet_Zaragoza_Spanien_9-rotated.jpg?strip=info&#038;w=480&#038;ssl=1 480w\" alt=\"\" data-height=\"640\" data-id=\"126268\" data-link=\"https:\/\/www.weine-feinkost.de\/unterwegs\/?attachment_id=126268\" data-url=\"https:\/\/www.weine-feinkost.de\/unterwegs\/wp-content\/uploads\/2022\/04\/Restaurant_el_chalet_Zaragoza_Spanien_9-rotated.jpg\" data-width=\"480\" src=\"https:\/\/i2.wp.com\/www.weine-feinkost.de\/unterwegs\/wp-content\/uploads\/2022\/04\/Restaurant_el_chalet_Zaragoza_Spanien_9-rotated.jpg?ssl=1\" data-amp-layout=\"responsive\"\/><\/a><\/figure><\/div><\/div><div class=\"tiled-gallery__row\"><div class=\"tiled-gallery__col\" style=\"flex-basis:53.09481%\"><figure class=\"tiled-gallery__item\"><a href=\"https:\/\/www.weine-feinkost.de\/unterwegs\/wp-content\/uploads\/2022\/04\/Restaurant_el_chalet_Zaragoza_Spanien_10-rotated.jpg\"><img decoding=\"async\" srcset=\"https:\/\/i0.wp.com\/www.weine-feinkost.de\/unterwegs\/wp-content\/uploads\/2022\/04\/Restaurant_el_chalet_Zaragoza_Spanien_10-rotated.jpg?strip=info&#038;w=480&#038;ssl=1 480w\" alt=\"\" data-height=\"640\" data-id=\"126269\" data-link=\"https:\/\/www.weine-feinkost.de\/unterwegs\/?attachment_id=126269\" data-url=\"https:\/\/www.weine-feinkost.de\/unterwegs\/wp-content\/uploads\/2022\/04\/Restaurant_el_chalet_Zaragoza_Spanien_10-rotated.jpg\" data-width=\"480\" src=\"https:\/\/i0.wp.com\/www.weine-feinkost.de\/unterwegs\/wp-content\/uploads\/2022\/04\/Restaurant_el_chalet_Zaragoza_Spanien_10-rotated.jpg?ssl=1\" data-amp-layout=\"responsive\"\/><\/a><\/figure><\/div><div class=\"tiled-gallery__col\" style=\"flex-basis:46.90519%\"><figure class=\"tiled-gallery__item\"><a href=\"https:\/\/www.weine-feinkost.de\/unterwegs\/wp-content\/uploads\/2022\/04\/Restaurant_el_chalet_Zaragoza_Spanien_11.jpg\"><img decoding=\"async\" srcset=\"https:\/\/i1.wp.com\/www.weine-feinkost.de\/unterwegs\/wp-content\/uploads\/2022\/04\/Restaurant_el_chalet_Zaragoza_Spanien_11.jpg?strip=info&#038;w=600&#038;ssl=1 600w,https:\/\/i1.wp.com\/www.weine-feinkost.de\/unterwegs\/wp-content\/uploads\/2022\/04\/Restaurant_el_chalet_Zaragoza_Spanien_11.jpg?strip=info&#038;w=640&#038;ssl=1 640w\" alt=\"\" data-height=\"480\" data-id=\"126270\" data-link=\"https:\/\/www.weine-feinkost.de\/unterwegs\/?attachment_id=126270\" data-url=\"https:\/\/www.weine-feinkost.de\/unterwegs\/wp-content\/uploads\/2022\/04\/Restaurant_el_chalet_Zaragoza_Spanien_11.jpg\" data-width=\"640\" src=\"https:\/\/i1.wp.com\/www.weine-feinkost.de\/unterwegs\/wp-content\/uploads\/2022\/04\/Restaurant_el_chalet_Zaragoza_Spanien_11.jpg?ssl=1\" data-amp-layout=\"responsive\"\/><\/a><\/figure><figure class=\"tiled-gallery__item\"><a href=\"https:\/\/www.weine-feinkost.de\/unterwegs\/wp-content\/uploads\/2022\/04\/Restaurant_el_chalet_Zaragoza_Spanien_12.jpg\"><img decoding=\"async\" srcset=\"https:\/\/i2.wp.com\/www.weine-feinkost.de\/unterwegs\/wp-content\/uploads\/2022\/04\/Restaurant_el_chalet_Zaragoza_Spanien_12.jpg?strip=info&#038;w=600&#038;ssl=1 600w,https:\/\/i2.wp.com\/www.weine-feinkost.de\/unterwegs\/wp-content\/uploads\/2022\/04\/Restaurant_el_chalet_Zaragoza_Spanien_12.jpg?strip=info&#038;w=640&#038;ssl=1 640w\" alt=\"\" data-height=\"480\" data-id=\"126271\" data-link=\"https:\/\/www.weine-feinkost.de\/unterwegs\/?attachment_id=126271\" data-url=\"https:\/\/www.weine-feinkost.de\/unterwegs\/wp-content\/uploads\/2022\/04\/Restaurant_el_chalet_Zaragoza_Spanien_12.jpg\" data-width=\"640\" src=\"https:\/\/i2.wp.com\/www.weine-feinkost.de\/unterwegs\/wp-content\/uploads\/2022\/04\/Restaurant_el_chalet_Zaragoza_Spanien_12.jpg?ssl=1\" data-amp-layout=\"responsive\"\/><\/a><\/figure><\/div><\/div><\/div><\/div>\n\n\n\n<p><strong>Restaurant El Chalet<\/strong>, Calle Sta. Teresa de Jes\u00fas, 25, 50006 Zaragoza, Spanien, Telefon: +34 976 56 91 04, <a href=\"https:\/\/www.elchaletrestaurante.com\/\">https:\/\/www.elchaletrestaurante.com\/<\/a><\/p>\n\n\n\n<h3 class=\"wp-block-heading\">Jetzt Newsletter abonnieren und keinen Blog Beitrag mehr verpassen:<\/h3>\n\n\n<div class=\"wp-block-jetpack-subscriptions__supports-newline wp-block-jetpack-subscriptions\">\n\t\t<div>\n\t\t\t<div>\n\t\t\t\t<div>\n\t\t\t\t\t<p >\n\t\t\t\t\t\t<a href=\"https:\/\/www.weine-feinkost.de\/unterwegs\/?post_type=post&#038;p=126147\" style=\"font-size: 16px;padding: 15px 23px 15px 23px;margin: 0; margin-left: 10px;border-radius: 0px;border-width: 1px; background-color: #113AF5; color: #FFFFFF; text-decoration: none; white-space: nowrap; margin-left: 0\">Anmelden<\/a>\n\t\t\t\t\t<\/p>\n\t\t\t\t<\/div>\n\t\t\t<\/div>\n\t\t<\/div>\n\t<\/div>\n\n\n<div class=\"wp-block-buttons is-horizontal is-content-justification-left is-layout-flex wp-container-core-buttons-is-layout-7e5fce0a wp-block-buttons-is-layout-flex\">\n<div class=\"wp-block-button\"><a class=\"wp-block-button__link has-text-color has-background wp-element-button\" href=\"https:\/\/www.weine-feinkost.de\/shop\/\" style=\"border-radius:2px;color:#fffffa;background-color:#a52f2f\" target=\"_blank\" rel=\"noreferrer noopener\">Zum Shop<\/a><\/div>\n\n\n\n<div class=\"wp-block-button is-style-outline is-style-outline--1\"><a class=\"wp-block-button__link has-text-color wp-element-button\" href=\"https:\/\/www.weine-feinkost.de\/shop\/newsletter\" style=\"border-radius:2px;color:#a83535\" target=\"_blank\" rel=\"noreferrer noopener\">Weine&amp;Feinkost Newsletter<\/a><\/div>\n<\/div>\n\n\n\n<ul class=\"wp-block-social-links aligncenter has-large-icon-size is-layout-flex wp-block-social-links-is-layout-flex\"><li class=\"wp-social-link wp-social-link-instagram  wp-block-social-link\"><a href=\"https:\/\/www.instagram.com\/weine_und_feinkost\/\" class=\"wp-block-social-link-anchor\"><svg width=\"24\" height=\"24\" viewBox=\"0 0 24 24\" version=\"1.1\" xmlns=\"http:\/\/www.w3.org\/2000\/svg\" aria-hidden=\"true\" focusable=\"false\"><path d=\"M12,4.622c2.403,0,2.688,0.009,3.637,0.052c0.877,0.04,1.354,0.187,1.671,0.31c0.42,0.163,0.72,0.358,1.035,0.673 c0.315,0.315,0.51,0.615,0.673,1.035c0.123,0.317,0.27,0.794,0.31,1.671c0.043,0.949,0.052,1.234,0.052,3.637 s-0.009,2.688-0.052,3.637c-0.04,0.877-0.187,1.354-0.31,1.671c-0.163,0.42-0.358,0.72-0.673,1.035 c-0.315,0.315-0.615,0.51-1.035,0.673c-0.317,0.123-0.794,0.27-1.671,0.31c-0.949,0.043-1.233,0.052-3.637,0.052 s-2.688-0.009-3.637-0.052c-0.877-0.04-1.354-0.187-1.671-0.31c-0.42-0.163-0.72-0.358-1.035-0.673 c-0.315-0.315-0.51-0.615-0.673-1.035c-0.123-0.317-0.27-0.794-0.31-1.671C4.631,14.688,4.622,14.403,4.622,12 s0.009-2.688,0.052-3.637c0.04-0.877,0.187-1.354,0.31-1.671c0.163-0.42,0.358-0.72,0.673-1.035 c0.315-0.315,0.615-0.51,1.035-0.673c0.317-0.123,0.794-0.27,1.671-0.31C9.312,4.631,9.597,4.622,12,4.622 M12,3 C9.556,3,9.249,3.01,8.289,3.054C7.331,3.098,6.677,3.25,6.105,3.472C5.513,3.702,5.011,4.01,4.511,4.511 c-0.5,0.5-0.808,1.002-1.038,1.594C3.25,6.677,3.098,7.331,3.054,8.289C3.01,9.249,3,9.556,3,12c0,2.444,0.01,2.751,0.054,3.711 c0.044,0.958,0.196,1.612,0.418,2.185c0.23,0.592,0.538,1.094,1.038,1.594c0.5,0.5,1.002,0.808,1.594,1.038 c0.572,0.222,1.227,0.375,2.185,0.418C9.249,20.99,9.556,21,12,21s2.751-0.01,3.711-0.054c0.958-0.044,1.612-0.196,2.185-0.418 c0.592-0.23,1.094-0.538,1.594-1.038c0.5-0.5,0.808-1.002,1.038-1.594c0.222-0.572,0.375-1.227,0.418-2.185 C20.99,14.751,21,14.444,21,12s-0.01-2.751-0.054-3.711c-0.044-0.958-0.196-1.612-0.418-2.185c-0.23-0.592-0.538-1.094-1.038-1.594 c-0.5-0.5-1.002-0.808-1.594-1.038c-0.572-0.222-1.227-0.375-2.185-0.418C14.751,3.01,14.444,3,12,3L12,3z M12,7.378 c-2.552,0-4.622,2.069-4.622,4.622S9.448,16.622,12,16.622s4.622-2.069,4.622-4.622S14.552,7.378,12,7.378z M12,15 c-1.657,0-3-1.343-3-3s1.343-3,3-3s3,1.343,3,3S13.657,15,12,15z M16.804,6.116c-0.596,0-1.08,0.484-1.08,1.08 s0.484,1.08,1.08,1.08c0.596,0,1.08-0.484,1.08-1.08S17.401,6.116,16.804,6.116z\"><\/path><\/svg><span class=\"wp-block-social-link-label screen-reader-text\">Weine&amp;Feinkost Instagram<\/span><\/a><\/li>\n\n<li class=\"wp-social-link wp-social-link-facebook  wp-block-social-link\"><a href=\"https:\/\/www.facebook.com\/WeineFeinkostChristianFenske\" class=\"wp-block-social-link-anchor\"><svg width=\"24\" height=\"24\" viewBox=\"0 0 24 24\" version=\"1.1\" xmlns=\"http:\/\/www.w3.org\/2000\/svg\" aria-hidden=\"true\" focusable=\"false\"><path d=\"M12 2C6.5 2 2 6.5 2 12c0 5 3.7 9.1 8.4 9.9v-7H7.9V12h2.5V9.8c0-2.5 1.5-3.9 3.8-3.9 1.1 0 2.2.2 2.2.2v2.5h-1.3c-1.2 0-1.6.8-1.6 1.6V12h2.8l-.4 2.9h-2.3v7C18.3 21.1 22 17 22 12c0-5.5-4.5-10-10-10z\"><\/path><\/svg><span class=\"wp-block-social-link-label screen-reader-text\">Weine&amp;Feinkost Facebook<\/span><\/a><\/li><\/ul>\n\n\n\n<p><\/p>\n","protected":false},"excerpt":{"rendered":"<p>El Chalet &#8211; in die Jahre gekommen Ein um das andere Mal laufen im Restaurant El Chalet in Zaragoza immer wieder die gleichen allbekannten Klavier Balladen des franz\u00f6sischen Pianisten und Komponisten Richard Clayderman. Das Restaurant El Chalet ist ein absoluter Klassiker in der aragonischen Stadt Zaragoza. So geht es hier wie und je etwas gediegen &#8230; <a title=\"El Chalet &#8211; Zaragoza &#8211; Spanien\" class=\"read-more\" href=\"https:\/\/www.weine-feinkost.de\/unterwegs\/2022\/06\/el-chalet-zaragoza-spanien\/\" aria-label=\"Mehr dazu unter El Chalet &#8211; Zaragoza &#8211; Spanien\">Weiterlesen<\/a><\/p>\n","protected":false},"author":7,"featured_media":146501,"comment_status":"open","ping_status":"open","sticky":false,"template":"","format":"standard","meta":{"_jetpack_newsletter_access":"","_jetpack_dont_email_post_to_subs":false,"_jetpack_newsletter_tier_id":0,"_jetpack_memberships_contains_paywalled_content":false,"_jetpack_feature_clip_id":0,"_jetpack_memberships_contains_paid_content":false,"footnotes":"","jetpack_publicize_message":"","jetpack_publicize_feature_enabled":true,"jetpack_social_post_already_shared":true,"jetpack_social_options":{"image_generator_settings":{"template":"highway","default_image_id":0,"font":"","enabled":false},"version":2},"jetpack_post_was_ever_published":false},"categories":[13,30],"tags":[2987,73,79,2988],"post_folder":[],"class_list":["post-126147","post","type-post","status-publish","format-standard","has-post-thumbnail","hentry","category-restaurants","category-spanien-restaurants","tag-el-chalet","tag-restaurant","tag-spanien","tag-zaragoza"],"yoast_head":"<!-- This site is optimized with the Yoast SEO plugin v28.3 - https:\/\/yoast.com\/product\/yoast-seo-wordpress\/ -->\n<title>El Chalet - Zaragoza - Spanien - Unterwegs mit Weine &amp; Feinkost<\/title>\n<meta name=\"robots\" content=\"index, follow, max-snippet:-1, max-image-preview:large, max-video-preview:-1\" \/>\n<link rel=\"canonical\" href=\"https:\/\/www.weine-feinkost.de\/unterwegs\/2022\/06\/el-chalet-zaragoza-spanien\/\" \/>\n<meta property=\"og:locale\" content=\"de_DE\" \/>\n<meta property=\"og:type\" content=\"article\" \/>\n<meta property=\"og:title\" content=\"El Chalet - Zaragoza - Spanien - Unterwegs mit Weine &amp; Feinkost\" \/>\n<meta property=\"og:description\" content=\"El Chalet &#8211; in die Jahre gekommen Ein um das andere Mal laufen im Restaurant El Chalet in Zaragoza immer wieder die gleichen allbekannten Klavier Balladen des franz\u00f6sischen Pianisten und Komponisten Richard Clayderman. Das Restaurant El Chalet ist ein absoluter Klassiker in der aragonischen Stadt Zaragoza. So geht es hier wie und je etwas gediegen ... Weiterlesen\" \/>\n<meta property=\"og:url\" content=\"https:\/\/www.weine-feinkost.de\/unterwegs\/2022\/06\/el-chalet-zaragoza-spanien\/\" \/>\n<meta property=\"og:site_name\" content=\"Unterwegs mit Weine &amp; Feinkost\" \/>\n<meta property=\"article:published_time\" content=\"2022-06-30T09:00:00+00:00\" \/>\n<meta property=\"article:modified_time\" content=\"2023-03-19T11:37:58+00:00\" \/>\n<meta property=\"og:image\" content=\"https:\/\/www.weine-feinkost.de\/unterwegs\/wp-content\/uploads\/2022\/04\/Restaurant_el_chalet_Zaragoza_Spanien_1.jpg\" \/>\n\t<meta property=\"og:image:width\" content=\"480\" \/>\n\t<meta property=\"og:image:height\" content=\"640\" \/>\n\t<meta property=\"og:image:type\" content=\"image\/jpeg\" \/>\n<meta name=\"author\" content=\"Christian Fenske\" \/>\n<meta name=\"twitter:card\" content=\"summary_large_image\" \/>\n<meta name=\"twitter:label1\" content=\"Verfasst von\" \/>\n\t<meta name=\"twitter:data1\" content=\"Christian Fenske\" \/>\n\t<meta name=\"twitter:label2\" content=\"Gesch\u00e4tzte Lesezeit\" \/>\n\t<meta name=\"twitter:data2\" content=\"4\u00a0Minuten\" \/>\n<script type=\"application\/ld+json\" class=\"yoast-schema-graph\">{\"@context\":\"https:\\\/\\\/schema.org\",\"@graph\":[{\"@type\":\"Article\",\"@id\":\"https:\\\/\\\/www.weine-feinkost.de\\\/unterwegs\\\/2022\\\/06\\\/el-chalet-zaragoza-spanien\\\/#article\",\"isPartOf\":{\"@id\":\"https:\\\/\\\/www.weine-feinkost.de\\\/unterwegs\\\/2022\\\/06\\\/el-chalet-zaragoza-spanien\\\/\"},\"author\":{\"name\":\"Christian Fenske\",\"@id\":\"https:\\\/\\\/www.weine-feinkost.de\\\/unterwegs\\\/#\\\/schema\\\/person\\\/c07d66169fd0e04307bfe7cdc99ac26a\"},\"headline\":\"El Chalet &#8211; Zaragoza &#8211; Spanien\",\"datePublished\":\"2022-06-30T09:00:00+00:00\",\"dateModified\":\"2023-03-19T11:37:58+00:00\",\"mainEntityOfPage\":{\"@id\":\"https:\\\/\\\/www.weine-feinkost.de\\\/unterwegs\\\/2022\\\/06\\\/el-chalet-zaragoza-spanien\\\/\"},\"wordCount\":271,\"commentCount\":0,\"publisher\":{\"@id\":\"https:\\\/\\\/www.weine-feinkost.de\\\/unterwegs\\\/#organization\"},\"image\":{\"@id\":\"https:\\\/\\\/www.weine-feinkost.de\\\/unterwegs\\\/2022\\\/06\\\/el-chalet-zaragoza-spanien\\\/#primaryimage\"},\"thumbnailUrl\":\"https:\\\/\\\/www.weine-feinkost.de\\\/unterwegs\\\/wp-content\\\/uploads\\\/2022\\\/04\\\/Restaurant_el_chalet_Zaragoza_Spanien_1.jpg\",\"keywords\":[\"El Chalet\",\"Restaurant\",\"Spanien\",\"Zaragoza\"],\"articleSection\":[\"Restaurants\",\"Spanien\"],\"inLanguage\":\"de\",\"potentialAction\":[{\"@type\":\"CommentAction\",\"name\":\"Comment\",\"target\":[\"https:\\\/\\\/www.weine-feinkost.de\\\/unterwegs\\\/2022\\\/06\\\/el-chalet-zaragoza-spanien\\\/#respond\"]}]},{\"@type\":\"WebPage\",\"@id\":\"https:\\\/\\\/www.weine-feinkost.de\\\/unterwegs\\\/2022\\\/06\\\/el-chalet-zaragoza-spanien\\\/\",\"url\":\"https:\\\/\\\/www.weine-feinkost.de\\\/unterwegs\\\/2022\\\/06\\\/el-chalet-zaragoza-spanien\\\/\",\"name\":\"El Chalet - Zaragoza - Spanien - Unterwegs mit Weine &amp; Feinkost\",\"isPartOf\":{\"@id\":\"https:\\\/\\\/www.weine-feinkost.de\\\/unterwegs\\\/#website\"},\"primaryImageOfPage\":{\"@id\":\"https:\\\/\\\/www.weine-feinkost.de\\\/unterwegs\\\/2022\\\/06\\\/el-chalet-zaragoza-spanien\\\/#primaryimage\"},\"image\":{\"@id\":\"https:\\\/\\\/www.weine-feinkost.de\\\/unterwegs\\\/2022\\\/06\\\/el-chalet-zaragoza-spanien\\\/#primaryimage\"},\"thumbnailUrl\":\"https:\\\/\\\/www.weine-feinkost.de\\\/unterwegs\\\/wp-content\\\/uploads\\\/2022\\\/04\\\/Restaurant_el_chalet_Zaragoza_Spanien_1.jpg\",\"datePublished\":\"2022-06-30T09:00:00+00:00\",\"dateModified\":\"2023-03-19T11:37:58+00:00\",\"breadcrumb\":{\"@id\":\"https:\\\/\\\/www.weine-feinkost.de\\\/unterwegs\\\/2022\\\/06\\\/el-chalet-zaragoza-spanien\\\/#breadcrumb\"},\"inLanguage\":\"de\",\"potentialAction\":[{\"@type\":\"ReadAction\",\"target\":[\"https:\\\/\\\/www.weine-feinkost.de\\\/unterwegs\\\/2022\\\/06\\\/el-chalet-zaragoza-spanien\\\/\"]}]},{\"@type\":\"ImageObject\",\"inLanguage\":\"de\",\"@id\":\"https:\\\/\\\/www.weine-feinkost.de\\\/unterwegs\\\/2022\\\/06\\\/el-chalet-zaragoza-spanien\\\/#primaryimage\",\"url\":\"https:\\\/\\\/www.weine-feinkost.de\\\/unterwegs\\\/wp-content\\\/uploads\\\/2022\\\/04\\\/Restaurant_el_chalet_Zaragoza_Spanien_1.jpg\",\"contentUrl\":\"https:\\\/\\\/www.weine-feinkost.de\\\/unterwegs\\\/wp-content\\\/uploads\\\/2022\\\/04\\\/Restaurant_el_chalet_Zaragoza_Spanien_1.jpg\",\"width\":480,\"height\":640},{\"@type\":\"BreadcrumbList\",\"@id\":\"https:\\\/\\\/www.weine-feinkost.de\\\/unterwegs\\\/2022\\\/06\\\/el-chalet-zaragoza-spanien\\\/#breadcrumb\",\"itemListElement\":[{\"@type\":\"ListItem\",\"position\":1,\"name\":\"Startseite\",\"item\":\"https:\\\/\\\/www.weine-feinkost.de\\\/unterwegs\\\/\"},{\"@type\":\"ListItem\",\"position\":2,\"name\":\"El Chalet &#8211; Zaragoza &#8211; Spanien\"}]},{\"@type\":\"WebSite\",\"@id\":\"https:\\\/\\\/www.weine-feinkost.de\\\/unterwegs\\\/#website\",\"url\":\"https:\\\/\\\/www.weine-feinkost.de\\\/unterwegs\\\/\",\"name\":\"Unterwegs mit Weine &amp; Feinkost\",\"description\":\"Entdecken Sie Genuss\",\"publisher\":{\"@id\":\"https:\\\/\\\/www.weine-feinkost.de\\\/unterwegs\\\/#organization\"},\"potentialAction\":[{\"@type\":\"SearchAction\",\"target\":{\"@type\":\"EntryPoint\",\"urlTemplate\":\"https:\\\/\\\/www.weine-feinkost.de\\\/unterwegs\\\/?s={search_term_string}\"},\"query-input\":{\"@type\":\"PropertyValueSpecification\",\"valueRequired\":true,\"valueName\":\"search_term_string\"}}],\"inLanguage\":\"de\"},{\"@type\":\"Organization\",\"@id\":\"https:\\\/\\\/www.weine-feinkost.de\\\/unterwegs\\\/#organization\",\"name\":\"Unterwegs mit Weine &amp; Feinkost\",\"url\":\"https:\\\/\\\/www.weine-feinkost.de\\\/unterwegs\\\/\",\"logo\":{\"@type\":\"ImageObject\",\"inLanguage\":\"de\",\"@id\":\"https:\\\/\\\/www.weine-feinkost.de\\\/unterwegs\\\/#\\\/schema\\\/logo\\\/image\\\/\",\"url\":\"https:\\\/\\\/www.weine-feinkost.de\\\/unterwegs\\\/wp-content\\\/uploads\\\/2022\\\/10\\\/logo_weinefeinkost_unterwegs_450x171.png\",\"contentUrl\":\"https:\\\/\\\/www.weine-feinkost.de\\\/unterwegs\\\/wp-content\\\/uploads\\\/2022\\\/10\\\/logo_weinefeinkost_unterwegs_450x171.png\",\"width\":450,\"height\":171,\"caption\":\"Unterwegs mit Weine &amp; Feinkost\"},\"image\":{\"@id\":\"https:\\\/\\\/www.weine-feinkost.de\\\/unterwegs\\\/#\\\/schema\\\/logo\\\/image\\\/\"}},{\"@type\":\"Person\",\"@id\":\"https:\\\/\\\/www.weine-feinkost.de\\\/unterwegs\\\/#\\\/schema\\\/person\\\/c07d66169fd0e04307bfe7cdc99ac26a\",\"name\":\"Christian Fenske\",\"image\":{\"@type\":\"ImageObject\",\"inLanguage\":\"de\",\"@id\":\"https:\\\/\\\/www.weine-feinkost.de\\\/unterwegs\\\/wp-content\\\/uploads\\\/2023\\\/01\\\/cropped-christian_profilbild-96x96.png\",\"url\":\"https:\\\/\\\/www.weine-feinkost.de\\\/unterwegs\\\/wp-content\\\/uploads\\\/2023\\\/01\\\/cropped-christian_profilbild-96x96.png\",\"contentUrl\":\"https:\\\/\\\/www.weine-feinkost.de\\\/unterwegs\\\/wp-content\\\/uploads\\\/2023\\\/01\\\/cropped-christian_profilbild-96x96.png\",\"caption\":\"Christian Fenske\"},\"description\":\"Zusammen an einem Tisch sitzen, gemeinsam zu kommunizieren und zu genie\u00dfen, das ist eine der herausragenden kulturellen Errungenschaft der Menschheit.\",\"url\":\"https:\\\/\\\/www.weine-feinkost.de\\\/unterwegs\\\/author\\\/christian-fenske\\\/\"}]}<\/script>\n<!-- \/ Yoast SEO plugin. -->","yoast_head_json":{"title":"El Chalet - Zaragoza - Spanien - Unterwegs mit Weine &amp; Feinkost","robots":{"index":"index","follow":"follow","max-snippet":"max-snippet:-1","max-image-preview":"max-image-preview:large","max-video-preview":"max-video-preview:-1"},"canonical":"https:\/\/www.weine-feinkost.de\/unterwegs\/2022\/06\/el-chalet-zaragoza-spanien\/","og_locale":"de_DE","og_type":"article","og_title":"El Chalet - Zaragoza - Spanien - Unterwegs mit Weine &amp; Feinkost","og_description":"El Chalet &#8211; in die Jahre gekommen Ein um das andere Mal laufen im Restaurant El Chalet in Zaragoza immer wieder die gleichen allbekannten Klavier Balladen des franz\u00f6sischen Pianisten und Komponisten Richard Clayderman. Das Restaurant El Chalet ist ein absoluter Klassiker in der aragonischen Stadt Zaragoza. So geht es hier wie und je etwas gediegen ... Weiterlesen","og_url":"https:\/\/www.weine-feinkost.de\/unterwegs\/2022\/06\/el-chalet-zaragoza-spanien\/","og_site_name":"Unterwegs mit Weine &amp; Feinkost","article_published_time":"2022-06-30T09:00:00+00:00","article_modified_time":"2023-03-19T11:37:58+00:00","og_image":[{"width":480,"height":640,"url":"https:\/\/www.weine-feinkost.de\/unterwegs\/wp-content\/uploads\/2022\/04\/Restaurant_el_chalet_Zaragoza_Spanien_1.jpg","type":"image\/jpeg"}],"author":"Christian Fenske","twitter_card":"summary_large_image","twitter_misc":{"Verfasst von":"Christian Fenske","Gesch\u00e4tzte Lesezeit":"4\u00a0Minuten"},"schema":{"@context":"https:\/\/schema.org","@graph":[{"@type":"Article","@id":"https:\/\/www.weine-feinkost.de\/unterwegs\/2022\/06\/el-chalet-zaragoza-spanien\/#article","isPartOf":{"@id":"https:\/\/www.weine-feinkost.de\/unterwegs\/2022\/06\/el-chalet-zaragoza-spanien\/"},"author":{"name":"Christian Fenske","@id":"https:\/\/www.weine-feinkost.de\/unterwegs\/#\/schema\/person\/c07d66169fd0e04307bfe7cdc99ac26a"},"headline":"El Chalet &#8211; Zaragoza &#8211; Spanien","datePublished":"2022-06-30T09:00:00+00:00","dateModified":"2023-03-19T11:37:58+00:00","mainEntityOfPage":{"@id":"https:\/\/www.weine-feinkost.de\/unterwegs\/2022\/06\/el-chalet-zaragoza-spanien\/"},"wordCount":271,"commentCount":0,"publisher":{"@id":"https:\/\/www.weine-feinkost.de\/unterwegs\/#organization"},"image":{"@id":"https:\/\/www.weine-feinkost.de\/unterwegs\/2022\/06\/el-chalet-zaragoza-spanien\/#primaryimage"},"thumbnailUrl":"https:\/\/www.weine-feinkost.de\/unterwegs\/wp-content\/uploads\/2022\/04\/Restaurant_el_chalet_Zaragoza_Spanien_1.jpg","keywords":["El Chalet","Restaurant","Spanien","Zaragoza"],"articleSection":["Restaurants","Spanien"],"inLanguage":"de","potentialAction":[{"@type":"CommentAction","name":"Comment","target":["https:\/\/www.weine-feinkost.de\/unterwegs\/2022\/06\/el-chalet-zaragoza-spanien\/#respond"]}]},{"@type":"WebPage","@id":"https:\/\/www.weine-feinkost.de\/unterwegs\/2022\/06\/el-chalet-zaragoza-spanien\/","url":"https:\/\/www.weine-feinkost.de\/unterwegs\/2022\/06\/el-chalet-zaragoza-spanien\/","name":"El Chalet - Zaragoza - Spanien - Unterwegs mit Weine &amp; Feinkost","isPartOf":{"@id":"https:\/\/www.weine-feinkost.de\/unterwegs\/#website"},"primaryImageOfPage":{"@id":"https:\/\/www.weine-feinkost.de\/unterwegs\/2022\/06\/el-chalet-zaragoza-spanien\/#primaryimage"},"image":{"@id":"https:\/\/www.weine-feinkost.de\/unterwegs\/2022\/06\/el-chalet-zaragoza-spanien\/#primaryimage"},"thumbnailUrl":"https:\/\/www.weine-feinkost.de\/unterwegs\/wp-content\/uploads\/2022\/04\/Restaurant_el_chalet_Zaragoza_Spanien_1.jpg","datePublished":"2022-06-30T09:00:00+00:00","dateModified":"2023-03-19T11:37:58+00:00","breadcrumb":{"@id":"https:\/\/www.weine-feinkost.de\/unterwegs\/2022\/06\/el-chalet-zaragoza-spanien\/#breadcrumb"},"inLanguage":"de","potentialAction":[{"@type":"ReadAction","target":["https:\/\/www.weine-feinkost.de\/unterwegs\/2022\/06\/el-chalet-zaragoza-spanien\/"]}]},{"@type":"ImageObject","inLanguage":"de","@id":"https:\/\/www.weine-feinkost.de\/unterwegs\/2022\/06\/el-chalet-zaragoza-spanien\/#primaryimage","url":"https:\/\/www.weine-feinkost.de\/unterwegs\/wp-content\/uploads\/2022\/04\/Restaurant_el_chalet_Zaragoza_Spanien_1.jpg","contentUrl":"https:\/\/www.weine-feinkost.de\/unterwegs\/wp-content\/uploads\/2022\/04\/Restaurant_el_chalet_Zaragoza_Spanien_1.jpg","width":480,"height":640},{"@type":"BreadcrumbList","@id":"https:\/\/www.weine-feinkost.de\/unterwegs\/2022\/06\/el-chalet-zaragoza-spanien\/#breadcrumb","itemListElement":[{"@type":"ListItem","position":1,"name":"Startseite","item":"https:\/\/www.weine-feinkost.de\/unterwegs\/"},{"@type":"ListItem","position":2,"name":"El Chalet &#8211; Zaragoza &#8211; Spanien"}]},{"@type":"WebSite","@id":"https:\/\/www.weine-feinkost.de\/unterwegs\/#website","url":"https:\/\/www.weine-feinkost.de\/unterwegs\/","name":"Unterwegs mit Weine &amp; Feinkost","description":"Entdecken Sie Genuss","publisher":{"@id":"https:\/\/www.weine-feinkost.de\/unterwegs\/#organization"},"potentialAction":[{"@type":"SearchAction","target":{"@type":"EntryPoint","urlTemplate":"https:\/\/www.weine-feinkost.de\/unterwegs\/?s={search_term_string}"},"query-input":{"@type":"PropertyValueSpecification","valueRequired":true,"valueName":"search_term_string"}}],"inLanguage":"de"},{"@type":"Organization","@id":"https:\/\/www.weine-feinkost.de\/unterwegs\/#organization","name":"Unterwegs mit Weine &amp; Feinkost","url":"https:\/\/www.weine-feinkost.de\/unterwegs\/","logo":{"@type":"ImageObject","inLanguage":"de","@id":"https:\/\/www.weine-feinkost.de\/unterwegs\/#\/schema\/logo\/image\/","url":"https:\/\/www.weine-feinkost.de\/unterwegs\/wp-content\/uploads\/2022\/10\/logo_weinefeinkost_unterwegs_450x171.png","contentUrl":"https:\/\/www.weine-feinkost.de\/unterwegs\/wp-content\/uploads\/2022\/10\/logo_weinefeinkost_unterwegs_450x171.png","width":450,"height":171,"caption":"Unterwegs mit Weine &amp; Feinkost"},"image":{"@id":"https:\/\/www.weine-feinkost.de\/unterwegs\/#\/schema\/logo\/image\/"}},{"@type":"Person","@id":"https:\/\/www.weine-feinkost.de\/unterwegs\/#\/schema\/person\/c07d66169fd0e04307bfe7cdc99ac26a","name":"Christian Fenske","image":{"@type":"ImageObject","inLanguage":"de","@id":"https:\/\/www.weine-feinkost.de\/unterwegs\/wp-content\/uploads\/2023\/01\/cropped-christian_profilbild-96x96.png","url":"https:\/\/www.weine-feinkost.de\/unterwegs\/wp-content\/uploads\/2023\/01\/cropped-christian_profilbild-96x96.png","contentUrl":"https:\/\/www.weine-feinkost.de\/unterwegs\/wp-content\/uploads\/2023\/01\/cropped-christian_profilbild-96x96.png","caption":"Christian Fenske"},"description":"Zusammen an einem Tisch sitzen, gemeinsam zu kommunizieren und zu genie\u00dfen, das ist eine der herausragenden kulturellen Errungenschaft der Menschheit.","url":"https:\/\/www.weine-feinkost.de\/unterwegs\/author\/christian-fenske\/"}]}},"jetpack_publicize_connections":[],"jetpack_shortlink":"https:\/\/wp.me\/p68Tjo-wOD","jetpack_sharing_enabled":true,"jetpack_likes_enabled":true,"jetpack_featured_media_url":"https:\/\/www.weine-feinkost.de\/unterwegs\/wp-content\/uploads\/2022\/04\/Restaurant_el_chalet_Zaragoza_Spanien_1.jpg","_links":{"self":[{"href":"https:\/\/www.weine-feinkost.de\/unterwegs\/wp-json\/wp\/v2\/posts\/126147","targetHints":{"allow":["GET"]}}],"collection":[{"href":"https:\/\/www.weine-feinkost.de\/unterwegs\/wp-json\/wp\/v2\/posts"}],"about":[{"href":"https:\/\/www.weine-feinkost.de\/unterwegs\/wp-json\/wp\/v2\/types\/post"}],"author":[{"embeddable":true,"href":"https:\/\/www.weine-feinkost.de\/unterwegs\/wp-json\/wp\/v2\/users\/7"}],"replies":[{"embeddable":true,"href":"https:\/\/www.weine-feinkost.de\/unterwegs\/wp-json\/wp\/v2\/comments?post=126147"}],"version-history":[{"count":2,"href":"https:\/\/www.weine-feinkost.de\/unterwegs\/wp-json\/wp\/v2\/posts\/126147\/revisions"}],"predecessor-version":[{"id":196304,"href":"https:\/\/www.weine-feinkost.de\/unterwegs\/wp-json\/wp\/v2\/posts\/126147\/revisions\/196304"}],"wp:featuredmedia":[{"embeddable":true,"href":"https:\/\/www.weine-feinkost.de\/unterwegs\/wp-json\/wp\/v2\/media\/146501"}],"wp:attachment":[{"href":"https:\/\/www.weine-feinkost.de\/unterwegs\/wp-json\/wp\/v2\/media?parent=126147"}],"wp:term":[{"taxonomy":"category","embeddable":true,"href":"https:\/\/www.weine-feinkost.de\/unterwegs\/wp-json\/wp\/v2\/categories?post=126147"},{"taxonomy":"post_tag","embeddable":true,"href":"https:\/\/www.weine-feinkost.de\/unterwegs\/wp-json\/wp\/v2\/tags?post=126147"},{"taxonomy":"post_folder","embeddable":true,"href":"https:\/\/www.weine-feinkost.de\/unterwegs\/wp-json\/wp\/v2\/post_folder?post=126147"}],"curies":[{"name":"wp","href":"https:\/\/api.w.org\/{rel}","templated":true}]}}