{"id":130369,"date":"2023-12-10T17:00:00","date_gmt":"2023-12-10T16:00:00","guid":{"rendered":"https:\/\/www.weine-feinkost.de\/unterwegs\/?p=130369"},"modified":"2023-12-04T18:04:30","modified_gmt":"2023-12-04T17:04:30","slug":"desayuno-breakfast-fruehstueck-in-donostia-san-sebastian","status":"publish","type":"post","link":"https:\/\/www.weine-feinkost.de\/unterwegs\/2023\/12\/desayuno-breakfast-fruehstueck-in-donostia-san-sebastian\/","title":{"rendered":"Desayuno, Breakfast, Fr\u00fchst\u00fcck in Donostia-San Sebasti\u00e1n"},"content":{"rendered":"\n<h2 class=\"wp-block-heading\">Die pers\u00f6nlichen Fr\u00fchst\u00fccksfavoriten<\/h2>\n\n\n\n<p class=\"has-drop-cap\">Kaum jemand wei\u00df, dass die englische \u00dcbersetzung \u201ebreakfast\u201c oder eben die spanische Bezeichnung \u201edesayuno\u201c f\u00fcr Fr\u00fchst\u00fcck eigentlich f\u00fcr ein kleines Fastenbrechen steht. Das ist sicherlich etwas weit hergeholt, da zwischen Abendessen und Fr\u00fchst\u00fcck zumeist ja nur einige Stunden Bettruhe liegen und der K\u00f6rper sich in dieser Zeit, bis auf die Kraftanstrengung bei der Zahnpflege, nicht besonders anstrengen muss.<\/p>\n\n\n\n<p>Wie dem auch sei, ein belebender Kaffee in den ersten Morgenstunden, eine Schale aufgeschnittenes Obst, ein frisch gepresster Orangensaft, ein knackiges Croissant oder eine leckere hausgemachte Tortilla geh\u00f6ren in jedem Fall zu den menschlichen Errungenschaften, welche wir nicht mehr missen wollen.<\/p>\n\n\n\n<p>Und dies sind unsere pers\u00f6nlichen f\u00fcnf Favoriten in Donostia-San Sebasti\u00e1n, wobei durchaus bekannt ist, dass dies nur die Spitze des Eisberges ist. Denn auch das Fr\u00fchst\u00fcck ist in dieser Stadt oft ein ziemliches Highlight, und wie in vielen anderen Bereichen l\u00e4sst sich hier das eine oder andere Spannende und Leckere entdecken.<\/p>\n\n\n<div class=\"wp-block-image\">\n<figure class=\"aligncenter size-large\"><img decoding=\"async\" src=\"https:\/\/www.weine-feinkost.de\/unterwegs\/wp-content\/uploads\/2023\/01\/Narru_fruehstueck_Donostia_San_Sebastian_Spanien_8.jpg\" alt=\"\" class=\"wp-image-136555\"\/><\/figure>\n<\/div>\n\n\n<h2 class=\"wp-block-heading\">Narru<\/h2>\n\n\n\n<p class=\"has-drop-cap\">Das Besondere im <strong>Narru<\/strong> sind die hier verarbeiteten besten Zutaten und Lebensmittel. Daher ist es nicht verwunderlich, dass hier auch das Fr\u00fchst\u00fcck immer die erste Wahl ist. Auch dass dem Restaurant ein Hotel angeschlossen ist, tr\u00e4gt dazu bei, dass hier alle rund um das Thema Fr\u00fchst\u00fcck im Bilde sind. Hier kann ein beginnender Regentag schon vorab ins Gegenteil umgewandelt werden.<\/p>\n\n\n\n<div class=\"wp-block-jetpack-tiled-gallery aligncenter is-style-rectangular\"><div class=\"tiled-gallery__gallery\"><div class=\"tiled-gallery__row\"><div class=\"tiled-gallery__col\" style=\"flex-basis:25.00000%\"><figure class=\"tiled-gallery__item\"><a href=\"https:\/\/www.weine-feinkost.de\/unterwegs\/wp-content\/uploads\/2023\/01\/Narru_fruehstueck_Donostia_San_Sebastian_Spanien_1.jpg\"><img decoding=\"async\" srcset=\"https:\/\/i2.wp.com\/www.weine-feinkost.de\/unterwegs\/wp-content\/uploads\/2023\/01\/Narru_fruehstueck_Donostia_San_Sebastian_Spanien_1.jpg?strip=info&#038;w=480&#038;ssl=1 480w\" alt=\"\" data-height=\"640\" data-id=\"136548\" data-link=\"https:\/\/www.weine-feinkost.de\/unterwegs\/?attachment_id=136548\" data-url=\"https:\/\/www.weine-feinkost.de\/unterwegs\/wp-content\/uploads\/2023\/01\/Narru_fruehstueck_Donostia_San_Sebastian_Spanien_1.jpg\" data-width=\"480\" src=\"https:\/\/i2.wp.com\/www.weine-feinkost.de\/unterwegs\/wp-content\/uploads\/2023\/01\/Narru_fruehstueck_Donostia_San_Sebastian_Spanien_1.jpg?ssl=1\" data-amp-layout=\"responsive\"\/><\/a><\/figure><\/div><div class=\"tiled-gallery__col\" style=\"flex-basis:25.00000%\"><figure class=\"tiled-gallery__item\"><a href=\"https:\/\/www.weine-feinkost.de\/unterwegs\/wp-content\/uploads\/2023\/01\/Narru_fruehstueck_Donostia_San_Sebastian_Spanien_2-rotated.jpg\"><img decoding=\"async\" srcset=\"https:\/\/i1.wp.com\/www.weine-feinkost.de\/unterwegs\/wp-content\/uploads\/2023\/01\/Narru_fruehstueck_Donostia_San_Sebastian_Spanien_2-rotated.jpg?strip=info&#038;w=480&#038;ssl=1 480w\" alt=\"\" data-height=\"640\" data-id=\"136549\" data-link=\"https:\/\/www.weine-feinkost.de\/unterwegs\/?attachment_id=136549\" data-url=\"https:\/\/www.weine-feinkost.de\/unterwegs\/wp-content\/uploads\/2023\/01\/Narru_fruehstueck_Donostia_San_Sebastian_Spanien_2-rotated.jpg\" data-width=\"480\" src=\"https:\/\/i1.wp.com\/www.weine-feinkost.de\/unterwegs\/wp-content\/uploads\/2023\/01\/Narru_fruehstueck_Donostia_San_Sebastian_Spanien_2-rotated.jpg?ssl=1\" data-amp-layout=\"responsive\"\/><\/a><\/figure><\/div><div class=\"tiled-gallery__col\" style=\"flex-basis:25.00000%\"><figure class=\"tiled-gallery__item\"><a href=\"https:\/\/www.weine-feinkost.de\/unterwegs\/wp-content\/uploads\/2023\/01\/Narru_fruehstueck_Donostia_San_Sebastian_Spanien_3-rotated.jpg\"><img decoding=\"async\" srcset=\"https:\/\/i0.wp.com\/www.weine-feinkost.de\/unterwegs\/wp-content\/uploads\/2023\/01\/Narru_fruehstueck_Donostia_San_Sebastian_Spanien_3-rotated.jpg?strip=info&#038;w=480&#038;ssl=1 480w\" alt=\"\" data-height=\"640\" data-id=\"136550\" data-link=\"https:\/\/www.weine-feinkost.de\/unterwegs\/?attachment_id=136550\" data-url=\"https:\/\/www.weine-feinkost.de\/unterwegs\/wp-content\/uploads\/2023\/01\/Narru_fruehstueck_Donostia_San_Sebastian_Spanien_3-rotated.jpg\" data-width=\"480\" src=\"https:\/\/i0.wp.com\/www.weine-feinkost.de\/unterwegs\/wp-content\/uploads\/2023\/01\/Narru_fruehstueck_Donostia_San_Sebastian_Spanien_3-rotated.jpg?ssl=1\" data-amp-layout=\"responsive\"\/><\/a><\/figure><\/div><div class=\"tiled-gallery__col\" style=\"flex-basis:25.00000%\"><figure class=\"tiled-gallery__item\"><a href=\"https:\/\/www.weine-feinkost.de\/unterwegs\/wp-content\/uploads\/2023\/01\/Narru_fruehstueck_Donostia_San_Sebastian_Spanien_4-rotated.jpg\"><img decoding=\"async\" srcset=\"https:\/\/i2.wp.com\/www.weine-feinkost.de\/unterwegs\/wp-content\/uploads\/2023\/01\/Narru_fruehstueck_Donostia_San_Sebastian_Spanien_4-rotated.jpg?strip=info&#038;w=480&#038;ssl=1 480w\" alt=\"\" data-height=\"640\" data-id=\"136551\" data-link=\"https:\/\/www.weine-feinkost.de\/unterwegs\/?attachment_id=136551\" data-url=\"https:\/\/www.weine-feinkost.de\/unterwegs\/wp-content\/uploads\/2023\/01\/Narru_fruehstueck_Donostia_San_Sebastian_Spanien_4-rotated.jpg\" data-width=\"480\" src=\"https:\/\/i2.wp.com\/www.weine-feinkost.de\/unterwegs\/wp-content\/uploads\/2023\/01\/Narru_fruehstueck_Donostia_San_Sebastian_Spanien_4-rotated.jpg?ssl=1\" data-amp-layout=\"responsive\"\/><\/a><\/figure><\/div><\/div><div class=\"tiled-gallery__row\"><div class=\"tiled-gallery__col\" style=\"flex-basis:26.49419%\"><figure class=\"tiled-gallery__item\"><a href=\"https:\/\/www.weine-feinkost.de\/unterwegs\/wp-content\/uploads\/2023\/01\/Narru_fruehstueck_Donostia_San_Sebastian_Spanien_5-rotated.jpg\"><img decoding=\"async\" srcset=\"https:\/\/i0.wp.com\/www.weine-feinkost.de\/unterwegs\/wp-content\/uploads\/2023\/01\/Narru_fruehstueck_Donostia_San_Sebastian_Spanien_5-rotated.jpg?strip=info&#038;w=480&#038;ssl=1 480w\" alt=\"\" data-height=\"640\" data-id=\"136552\" data-link=\"https:\/\/www.weine-feinkost.de\/unterwegs\/?attachment_id=136552\" data-url=\"https:\/\/www.weine-feinkost.de\/unterwegs\/wp-content\/uploads\/2023\/01\/Narru_fruehstueck_Donostia_San_Sebastian_Spanien_5-rotated.jpg\" data-width=\"480\" src=\"https:\/\/i0.wp.com\/www.weine-feinkost.de\/unterwegs\/wp-content\/uploads\/2023\/01\/Narru_fruehstueck_Donostia_San_Sebastian_Spanien_5-rotated.jpg?ssl=1\" data-amp-layout=\"responsive\"\/><\/a><\/figure><\/div><div class=\"tiled-gallery__col\" style=\"flex-basis:47.01163%\"><figure class=\"tiled-gallery__item\"><a href=\"https:\/\/www.weine-feinkost.de\/unterwegs\/wp-content\/uploads\/2023\/01\/Narru_fruehstueck_Donostia_San_Sebastian_Spanien_6-rotated-e1672773926841.jpg\"><img decoding=\"async\" srcset=\"https:\/\/i1.wp.com\/www.weine-feinkost.de\/unterwegs\/wp-content\/uploads\/2023\/01\/Narru_fruehstueck_Donostia_San_Sebastian_Spanien_6-rotated-e1672773926841.jpg?strip=info&#038;w=600&#038;ssl=1 600w,https:\/\/i1.wp.com\/www.weine-feinkost.de\/unterwegs\/wp-content\/uploads\/2023\/01\/Narru_fruehstueck_Donostia_San_Sebastian_Spanien_6-rotated-e1672773926841.jpg?strip=info&#038;w=640&#038;ssl=1 640w\" alt=\"\" data-height=\"480\" data-id=\"136553\" data-link=\"https:\/\/www.weine-feinkost.de\/unterwegs\/?attachment_id=136553\" data-url=\"https:\/\/www.weine-feinkost.de\/unterwegs\/wp-content\/uploads\/2023\/01\/Narru_fruehstueck_Donostia_San_Sebastian_Spanien_6-rotated-e1672773926841.jpg\" data-width=\"640\" src=\"https:\/\/i1.wp.com\/www.weine-feinkost.de\/unterwegs\/wp-content\/uploads\/2023\/01\/Narru_fruehstueck_Donostia_San_Sebastian_Spanien_6-rotated-e1672773926841.jpg?ssl=1\" data-amp-layout=\"responsive\"\/><\/a><\/figure><\/div><div class=\"tiled-gallery__col\" style=\"flex-basis:26.49419%\"><figure class=\"tiled-gallery__item\"><a href=\"https:\/\/www.weine-feinkost.de\/unterwegs\/wp-content\/uploads\/2023\/01\/Narru_fruehstueck_Donostia_San_Sebastian_Spanien_7-rotated.jpg\"><img decoding=\"async\" srcset=\"https:\/\/i1.wp.com\/www.weine-feinkost.de\/unterwegs\/wp-content\/uploads\/2023\/01\/Narru_fruehstueck_Donostia_San_Sebastian_Spanien_7-rotated.jpg?strip=info&#038;w=480&#038;ssl=1 480w\" alt=\"\" data-height=\"640\" data-id=\"136554\" data-link=\"https:\/\/www.weine-feinkost.de\/unterwegs\/?attachment_id=136554\" data-url=\"https:\/\/www.weine-feinkost.de\/unterwegs\/wp-content\/uploads\/2023\/01\/Narru_fruehstueck_Donostia_San_Sebastian_Spanien_7-rotated.jpg\" data-width=\"480\" src=\"https:\/\/i1.wp.com\/www.weine-feinkost.de\/unterwegs\/wp-content\/uploads\/2023\/01\/Narru_fruehstueck_Donostia_San_Sebastian_Spanien_7-rotated.jpg?ssl=1\" data-amp-layout=\"responsive\"\/><\/a><\/figure><\/div><\/div><\/div><\/div>\n\n\n\n<p><strong>Narru<\/strong>&nbsp;\u2013 San Martin Kalea, 22 \u2013 20005 Donostia-San Sebasti\u00e1n \u2013 Spanien \u2013 Telefon: +34 843 93 14 05 <a href=\"https:\/\/narru.es\/\">https:\/\/narru.es\/<\/a><\/p>\n\n\n\n<h2 class=\"wp-block-heading\">Bar Antonio<\/h2>\n\n\n\n<p class=\"has-drop-cap\">Kann es etwas Leckeres geben als eine gerade frisch aus der K\u00fcche kommende Tortilla von der <strong>Bar Antonio<\/strong>? Wahrscheinlich nicht. Dazu noch ein guter Caf\u00e9 con Leche, ein kurzer Smalltalk hier und da, und schon kann dem gerade beginnenden Tag nichts Negatives mehr anhaften. Oft wird an dieser St\u00e4tte direkt noch ein zweites St\u00fcck Tortilla verputzt, man ist sich ja nie wirklich sicher, ob und wann es wieder etwas zu Mittag gibt &#8230;<\/p>\n\n\n\n<div class=\"wp-block-jetpack-tiled-gallery aligncenter is-style-rectangular\"><div class=\"tiled-gallery__gallery\"><div class=\"tiled-gallery__row\"><div class=\"tiled-gallery__col\" style=\"flex-basis:25.00000%\"><figure class=\"tiled-gallery__item\"><a href=\"https:\/\/www.weine-feinkost.de\/unterwegs\/wp-content\/uploads\/2022\/10\/Desayuno_Breakfast_Fruehstueck_in_Bar_Antonio_Donostia_San_Sebastian_2-rotated.jpg\"><img decoding=\"async\" srcset=\"https:\/\/i2.wp.com\/www.weine-feinkost.de\/unterwegs\/wp-content\/uploads\/2022\/10\/Desayuno_Breakfast_Fruehstueck_in_Bar_Antonio_Donostia_San_Sebastian_2-rotated.jpg?strip=info&#038;w=480&#038;ssl=1 480w\" alt=\"\" data-height=\"640\" data-id=\"130418\" data-link=\"https:\/\/www.weine-feinkost.de\/unterwegs\/?attachment_id=130418\" data-url=\"https:\/\/www.weine-feinkost.de\/unterwegs\/wp-content\/uploads\/2022\/10\/Desayuno_Breakfast_Fruehstueck_in_Bar_Antonio_Donostia_San_Sebastian_2-rotated.jpg\" data-width=\"480\" src=\"https:\/\/i2.wp.com\/www.weine-feinkost.de\/unterwegs\/wp-content\/uploads\/2022\/10\/Desayuno_Breakfast_Fruehstueck_in_Bar_Antonio_Donostia_San_Sebastian_2-rotated.jpg?ssl=1\" data-amp-layout=\"responsive\"\/><\/a><\/figure><\/div><div class=\"tiled-gallery__col\" style=\"flex-basis:25.00000%\"><figure class=\"tiled-gallery__item\"><a href=\"https:\/\/www.weine-feinkost.de\/unterwegs\/wp-content\/uploads\/2022\/10\/Desayuno_Breakfast_Fruehstueck_Bar_Antonio_in_Donostia_San_Sebastian_3.jpg\"><img decoding=\"async\" srcset=\"https:\/\/i0.wp.com\/www.weine-feinkost.de\/unterwegs\/wp-content\/uploads\/2022\/10\/Desayuno_Breakfast_Fruehstueck_Bar_Antonio_in_Donostia_San_Sebastian_3.jpg?strip=info&#038;w=480&#038;ssl=1 480w\" alt=\"\" data-height=\"640\" data-id=\"130416\" data-link=\"https:\/\/www.weine-feinkost.de\/unterwegs\/?attachment_id=130416\" data-url=\"https:\/\/www.weine-feinkost.de\/unterwegs\/wp-content\/uploads\/2022\/10\/Desayuno_Breakfast_Fruehstueck_Bar_Antonio_in_Donostia_San_Sebastian_3.jpg\" data-width=\"480\" src=\"https:\/\/i0.wp.com\/www.weine-feinkost.de\/unterwegs\/wp-content\/uploads\/2022\/10\/Desayuno_Breakfast_Fruehstueck_Bar_Antonio_in_Donostia_San_Sebastian_3.jpg?ssl=1\" data-amp-layout=\"responsive\"\/><\/a><\/figure><\/div><div class=\"tiled-gallery__col\" style=\"flex-basis:25.00000%\"><figure class=\"tiled-gallery__item\"><a href=\"https:\/\/www.weine-feinkost.de\/unterwegs\/wp-content\/uploads\/2022\/10\/Desayuno_Breakfast_Fruehstueck_in_Bar_Antonio_Donostia_San_Sebastian_4-rotated.jpg\"><img decoding=\"async\" srcset=\"https:\/\/i2.wp.com\/www.weine-feinkost.de\/unterwegs\/wp-content\/uploads\/2022\/10\/Desayuno_Breakfast_Fruehstueck_in_Bar_Antonio_Donostia_San_Sebastian_4-rotated.jpg?strip=info&#038;w=480&#038;ssl=1 480w\" alt=\"\" data-height=\"640\" data-id=\"130419\" data-link=\"https:\/\/www.weine-feinkost.de\/unterwegs\/?attachment_id=130419\" data-url=\"https:\/\/www.weine-feinkost.de\/unterwegs\/wp-content\/uploads\/2022\/10\/Desayuno_Breakfast_Fruehstueck_in_Bar_Antonio_Donostia_San_Sebastian_4-rotated.jpg\" data-width=\"480\" src=\"https:\/\/i2.wp.com\/www.weine-feinkost.de\/unterwegs\/wp-content\/uploads\/2022\/10\/Desayuno_Breakfast_Fruehstueck_in_Bar_Antonio_Donostia_San_Sebastian_4-rotated.jpg?ssl=1\" data-amp-layout=\"responsive\"\/><\/a><\/figure><\/div><div class=\"tiled-gallery__col\" style=\"flex-basis:25.00000%\"><figure class=\"tiled-gallery__item\"><a href=\"https:\/\/www.weine-feinkost.de\/unterwegs\/wp-content\/uploads\/2022\/10\/Desayuno_Breakfast_Fruehstueck_Bar_Antonio_in_Donostia_San_Sebastian_5-rotated.jpg\"><img decoding=\"async\" srcset=\"https:\/\/i2.wp.com\/www.weine-feinkost.de\/unterwegs\/wp-content\/uploads\/2022\/10\/Desayuno_Breakfast_Fruehstueck_Bar_Antonio_in_Donostia_San_Sebastian_5-rotated.jpg?strip=info&#038;w=480&#038;ssl=1 480w\" alt=\"\" data-height=\"640\" data-id=\"130417\" data-link=\"https:\/\/www.weine-feinkost.de\/unterwegs\/?attachment_id=130417\" data-url=\"https:\/\/www.weine-feinkost.de\/unterwegs\/wp-content\/uploads\/2022\/10\/Desayuno_Breakfast_Fruehstueck_Bar_Antonio_in_Donostia_San_Sebastian_5-rotated.jpg\" data-width=\"480\" src=\"https:\/\/i2.wp.com\/www.weine-feinkost.de\/unterwegs\/wp-content\/uploads\/2022\/10\/Desayuno_Breakfast_Fruehstueck_Bar_Antonio_in_Donostia_San_Sebastian_5-rotated.jpg?ssl=1\" data-amp-layout=\"responsive\"\/><\/a><\/figure><\/div><\/div><\/div><\/div>\n\n\n\n<p><strong>Bar Antonio<\/strong>, Bergara Kalea, 3, 20005 San Sebastian-Donostia, Spanien, Telefon: +34 943 42 98 15,&nbsp;<a href=\"http:\/\/www.antoniobar.com\/\">www.antoniobar.com<\/a><\/p>\n\n\n\n<h2 class=\"wp-block-heading\">La Bodeguilla<\/h2>\n\n\n\n<p class=\"has-drop-cap\">Die Bar <strong>La Bodeguilla<\/strong> liegt an der Plaza Easo, ein wenig abseits des touristischen Gewimmels der Stadt und bietet genau das, was man sich von einem guten Fr\u00fchst\u00fcck erwartet: Leckeres aus der Patisserie, Tortillas in verschiedenen Ausf\u00fchrungen, sehr guten Kaffee, frisch gepressten Orangensaft und auch gute Schinken-Baguettes.<\/p>\n\n\n\n<div class=\"wp-block-jetpack-tiled-gallery aligncenter is-style-rectangular\"><div class=\"tiled-gallery__gallery\"><div class=\"tiled-gallery__row\"><div class=\"tiled-gallery__col\" style=\"flex-basis:50.00000%\"><figure class=\"tiled-gallery__item\"><a href=\"https:\/\/www.weine-feinkost.de\/unterwegs\/wp-content\/uploads\/2022\/10\/Desayuno_Breakfast_Fruehstueck_in_Donostia-San-Sebastian_La_Bodeguilla_5-rotated.jpg\"><img decoding=\"async\" srcset=\"https:\/\/i2.wp.com\/www.weine-feinkost.de\/unterwegs\/wp-content\/uploads\/2022\/10\/Desayuno_Breakfast_Fruehstueck_in_Donostia-San-Sebastian_La_Bodeguilla_5-rotated.jpg?strip=info&#038;w=480&#038;ssl=1 480w\" alt=\"\" data-height=\"640\" data-id=\"130390\" data-link=\"https:\/\/www.weine-feinkost.de\/unterwegs\/?attachment_id=130390\" data-url=\"https:\/\/www.weine-feinkost.de\/unterwegs\/wp-content\/uploads\/2022\/10\/Desayuno_Breakfast_Fruehstueck_in_Donostia-San-Sebastian_La_Bodeguilla_5-rotated.jpg\" data-width=\"480\" src=\"https:\/\/i2.wp.com\/www.weine-feinkost.de\/unterwegs\/wp-content\/uploads\/2022\/10\/Desayuno_Breakfast_Fruehstueck_in_Donostia-San-Sebastian_La_Bodeguilla_5-rotated.jpg?ssl=1\" data-amp-layout=\"responsive\"\/><\/a><\/figure><\/div><div class=\"tiled-gallery__col\" style=\"flex-basis:50.00000%\"><figure class=\"tiled-gallery__item\"><a href=\"https:\/\/www.weine-feinkost.de\/unterwegs\/wp-content\/uploads\/2022\/10\/Desayuno_Breakfast_Fruehstueck_in_Donostia-San-Sebastian_La_Bodeguilla_3.jpg\"><img decoding=\"async\" srcset=\"https:\/\/i1.wp.com\/www.weine-feinkost.de\/unterwegs\/wp-content\/uploads\/2022\/10\/Desayuno_Breakfast_Fruehstueck_in_Donostia-San-Sebastian_La_Bodeguilla_3.jpg?strip=info&#038;w=480&#038;ssl=1 480w\" alt=\"\" data-height=\"640\" data-id=\"130388\" data-link=\"https:\/\/www.weine-feinkost.de\/unterwegs\/?attachment_id=130388\" data-url=\"https:\/\/www.weine-feinkost.de\/unterwegs\/wp-content\/uploads\/2022\/10\/Desayuno_Breakfast_Fruehstueck_in_Donostia-San-Sebastian_La_Bodeguilla_3.jpg\" data-width=\"480\" src=\"https:\/\/i1.wp.com\/www.weine-feinkost.de\/unterwegs\/wp-content\/uploads\/2022\/10\/Desayuno_Breakfast_Fruehstueck_in_Donostia-San-Sebastian_La_Bodeguilla_3.jpg?ssl=1\" data-amp-layout=\"responsive\"\/><\/a><\/figure><\/div><\/div><div class=\"tiled-gallery__row\"><div class=\"tiled-gallery__col\" style=\"flex-basis:20.94802%\"><figure class=\"tiled-gallery__item\"><a href=\"https:\/\/www.weine-feinkost.de\/unterwegs\/wp-content\/uploads\/2022\/10\/Desayuno_Breakfast_Fruehstueck_in_Donostia-San-Sebastian_La_Bodeguilla_2-rotated.jpg\"><img decoding=\"async\" srcset=\"https:\/\/i1.wp.com\/www.weine-feinkost.de\/unterwegs\/wp-content\/uploads\/2022\/10\/Desayuno_Breakfast_Fruehstueck_in_Donostia-San-Sebastian_La_Bodeguilla_2-rotated.jpg?strip=info&#038;w=480&#038;ssl=1 480w\" alt=\"\" data-height=\"640\" data-id=\"130387\" data-link=\"https:\/\/www.weine-feinkost.de\/unterwegs\/?attachment_id=130387\" data-url=\"https:\/\/www.weine-feinkost.de\/unterwegs\/wp-content\/uploads\/2022\/10\/Desayuno_Breakfast_Fruehstueck_in_Donostia-San-Sebastian_La_Bodeguilla_2-rotated.jpg\" data-width=\"480\" src=\"https:\/\/i1.wp.com\/www.weine-feinkost.de\/unterwegs\/wp-content\/uploads\/2022\/10\/Desayuno_Breakfast_Fruehstueck_in_Donostia-San-Sebastian_La_Bodeguilla_2-rotated.jpg?ssl=1\" data-amp-layout=\"responsive\"\/><\/a><\/figure><\/div><div class=\"tiled-gallery__col\" style=\"flex-basis:37.15595%\"><figure class=\"tiled-gallery__item\"><a href=\"https:\/\/www.weine-feinkost.de\/unterwegs\/wp-content\/uploads\/2022\/10\/Desayuno_Breakfast_Fruehstueck_in_Donostia-San-Sebastian_La_Bodeguilla_1.jpg\"><img decoding=\"async\" srcset=\"https:\/\/i0.wp.com\/www.weine-feinkost.de\/unterwegs\/wp-content\/uploads\/2022\/10\/Desayuno_Breakfast_Fruehstueck_in_Donostia-San-Sebastian_La_Bodeguilla_1.jpg?strip=info&#038;w=600&#038;ssl=1 600w,https:\/\/i0.wp.com\/www.weine-feinkost.de\/unterwegs\/wp-content\/uploads\/2022\/10\/Desayuno_Breakfast_Fruehstueck_in_Donostia-San-Sebastian_La_Bodeguilla_1.jpg?strip=info&#038;w=640&#038;ssl=1 640w\" alt=\"\" data-height=\"480\" data-id=\"130386\" data-link=\"https:\/\/www.weine-feinkost.de\/unterwegs\/?attachment_id=130386\" data-url=\"https:\/\/www.weine-feinkost.de\/unterwegs\/wp-content\/uploads\/2022\/10\/Desayuno_Breakfast_Fruehstueck_in_Donostia-San-Sebastian_La_Bodeguilla_1.jpg\" data-width=\"640\" src=\"https:\/\/i0.wp.com\/www.weine-feinkost.de\/unterwegs\/wp-content\/uploads\/2022\/10\/Desayuno_Breakfast_Fruehstueck_in_Donostia-San-Sebastian_La_Bodeguilla_1.jpg?ssl=1\" data-amp-layout=\"responsive\"\/><\/a><\/figure><\/div><div class=\"tiled-gallery__col\" style=\"flex-basis:20.94802%\"><figure class=\"tiled-gallery__item\"><a href=\"https:\/\/www.weine-feinkost.de\/unterwegs\/wp-content\/uploads\/2022\/10\/Desayuno_Breakfast_Fruehstueck_in_Donostia-San-Sebastian_La_Bodeguilla_4-rotated.jpg\"><img decoding=\"async\" srcset=\"https:\/\/i0.wp.com\/www.weine-feinkost.de\/unterwegs\/wp-content\/uploads\/2022\/10\/Desayuno_Breakfast_Fruehstueck_in_Donostia-San-Sebastian_La_Bodeguilla_4-rotated.jpg?strip=info&#038;w=480&#038;ssl=1 480w\" alt=\"\" data-height=\"640\" data-id=\"130389\" data-link=\"https:\/\/www.weine-feinkost.de\/unterwegs\/?attachment_id=130389\" data-url=\"https:\/\/www.weine-feinkost.de\/unterwegs\/wp-content\/uploads\/2022\/10\/Desayuno_Breakfast_Fruehstueck_in_Donostia-San-Sebastian_La_Bodeguilla_4-rotated.jpg\" data-width=\"480\" src=\"https:\/\/i0.wp.com\/www.weine-feinkost.de\/unterwegs\/wp-content\/uploads\/2022\/10\/Desayuno_Breakfast_Fruehstueck_in_Donostia-San-Sebastian_La_Bodeguilla_4-rotated.jpg?ssl=1\" data-amp-layout=\"responsive\"\/><\/a><\/figure><\/div><div class=\"tiled-gallery__col\" style=\"flex-basis:20.94802%\"><figure class=\"tiled-gallery__item\"><a href=\"https:\/\/www.weine-feinkost.de\/unterwegs\/wp-content\/uploads\/2022\/10\/Desayuno_Breakfast_Fruehstueck_in_Donostia-San-Sebastian_La_Bodeguilla_6-rotated.jpg\"><img decoding=\"async\" srcset=\"https:\/\/i2.wp.com\/www.weine-feinkost.de\/unterwegs\/wp-content\/uploads\/2022\/10\/Desayuno_Breakfast_Fruehstueck_in_Donostia-San-Sebastian_La_Bodeguilla_6-rotated.jpg?strip=info&#038;w=480&#038;ssl=1 480w\" alt=\"\" data-height=\"640\" data-id=\"130391\" data-link=\"https:\/\/www.weine-feinkost.de\/unterwegs\/?attachment_id=130391\" data-url=\"https:\/\/www.weine-feinkost.de\/unterwegs\/wp-content\/uploads\/2022\/10\/Desayuno_Breakfast_Fruehstueck_in_Donostia-San-Sebastian_La_Bodeguilla_6-rotated.jpg\" data-width=\"480\" src=\"https:\/\/i2.wp.com\/www.weine-feinkost.de\/unterwegs\/wp-content\/uploads\/2022\/10\/Desayuno_Breakfast_Fruehstueck_in_Donostia-San-Sebastian_La_Bodeguilla_6-rotated.jpg?ssl=1\" data-amp-layout=\"responsive\"\/><\/a><\/figure><\/div><\/div><\/div><\/div>\n\n\n\n<p><strong>La Bodeguilla<\/strong>, Easo Plaza, 3, 20006 Donostia, Gipuzkoa, Spanien, Telefon: +34 943 47 55 46<\/p>\n\n\n\n<h2 class=\"wp-block-heading\">Kafe Botanika<\/h2>\n\n\n\n<p class=\"has-drop-cap\">Auch das Thema Healthy Food ist in Donostia-San Sebastian inzwischen angekommen. Und so gibt es verschiedene K\u00f6rnerbrot-Varianten, frische Fruchtsalate, Quark, Joghurt und die in diesem Bereich omnipr\u00e4senten Avocados, im <strong>Kafe Botanika<\/strong> zu entdecken. Hier geht es ein wenig ruhiger und gem\u00e4chlicher, cooler und hipper zu. Man sollte sich daher f\u00fcr Speis, Trank und den eigenen Seelenfrieden ein wenig Zeit zum Relaxen mitbringen. Der eigene K\u00f6rper wird es einem danken!<\/p>\n\n\n\n<div class=\"wp-block-jetpack-tiled-gallery aligncenter is-style-rectangular\"><div class=\"tiled-gallery__gallery\"><div class=\"tiled-gallery__row\"><div class=\"tiled-gallery__col\" style=\"flex-basis:25.00000%\"><figure class=\"tiled-gallery__item\"><a href=\"https:\/\/www.weine-feinkost.de\/unterwegs\/wp-content\/uploads\/2022\/10\/Desayuno_Breakfast_Fruehstueck_in_Donostia-San_Sebastian_botanika_1.jpg\"><img decoding=\"async\" srcset=\"https:\/\/i0.wp.com\/www.weine-feinkost.de\/unterwegs\/wp-content\/uploads\/2022\/10\/Desayuno_Breakfast_Fruehstueck_in_Donostia-San_Sebastian_botanika_1.jpg?strip=info&#038;w=480&#038;ssl=1 480w\" alt=\"\" data-height=\"640\" data-id=\"130394\" data-link=\"https:\/\/www.weine-feinkost.de\/unterwegs\/?attachment_id=130394\" data-url=\"https:\/\/www.weine-feinkost.de\/unterwegs\/wp-content\/uploads\/2022\/10\/Desayuno_Breakfast_Fruehstueck_in_Donostia-San_Sebastian_botanika_1.jpg\" data-width=\"480\" src=\"https:\/\/i0.wp.com\/www.weine-feinkost.de\/unterwegs\/wp-content\/uploads\/2022\/10\/Desayuno_Breakfast_Fruehstueck_in_Donostia-San_Sebastian_botanika_1.jpg?ssl=1\" data-amp-layout=\"responsive\"\/><\/a><\/figure><\/div><div class=\"tiled-gallery__col\" style=\"flex-basis:25.00000%\"><figure class=\"tiled-gallery__item\"><a href=\"https:\/\/www.weine-feinkost.de\/unterwegs\/wp-content\/uploads\/2022\/10\/Desayuno_Breakfast_Fruehstueck_in_Donostia-San_Sebastian_botanika_2-rotated.jpg\"><img decoding=\"async\" srcset=\"https:\/\/i0.wp.com\/www.weine-feinkost.de\/unterwegs\/wp-content\/uploads\/2022\/10\/Desayuno_Breakfast_Fruehstueck_in_Donostia-San_Sebastian_botanika_2-rotated.jpg?strip=info&#038;w=480&#038;ssl=1 480w\" alt=\"\" data-height=\"640\" data-id=\"130395\" data-link=\"https:\/\/www.weine-feinkost.de\/unterwegs\/?attachment_id=130395\" data-url=\"https:\/\/www.weine-feinkost.de\/unterwegs\/wp-content\/uploads\/2022\/10\/Desayuno_Breakfast_Fruehstueck_in_Donostia-San_Sebastian_botanika_2-rotated.jpg\" data-width=\"480\" src=\"https:\/\/i0.wp.com\/www.weine-feinkost.de\/unterwegs\/wp-content\/uploads\/2022\/10\/Desayuno_Breakfast_Fruehstueck_in_Donostia-San_Sebastian_botanika_2-rotated.jpg?ssl=1\" data-amp-layout=\"responsive\"\/><\/a><\/figure><\/div><div class=\"tiled-gallery__col\" style=\"flex-basis:25.00000%\"><figure class=\"tiled-gallery__item\"><a href=\"https:\/\/www.weine-feinkost.de\/unterwegs\/wp-content\/uploads\/2022\/10\/Desayuno_Breakfast_Fruehstueck_in_Donostia-San_Sebastian_botanika_3-rotated.jpg\"><img decoding=\"async\" srcset=\"https:\/\/i2.wp.com\/www.weine-feinkost.de\/unterwegs\/wp-content\/uploads\/2022\/10\/Desayuno_Breakfast_Fruehstueck_in_Donostia-San_Sebastian_botanika_3-rotated.jpg?strip=info&#038;w=480&#038;ssl=1 480w\" alt=\"\" data-height=\"640\" data-id=\"130396\" data-link=\"https:\/\/www.weine-feinkost.de\/unterwegs\/?attachment_id=130396\" data-url=\"https:\/\/www.weine-feinkost.de\/unterwegs\/wp-content\/uploads\/2022\/10\/Desayuno_Breakfast_Fruehstueck_in_Donostia-San_Sebastian_botanika_3-rotated.jpg\" data-width=\"480\" src=\"https:\/\/i2.wp.com\/www.weine-feinkost.de\/unterwegs\/wp-content\/uploads\/2022\/10\/Desayuno_Breakfast_Fruehstueck_in_Donostia-San_Sebastian_botanika_3-rotated.jpg?ssl=1\" data-amp-layout=\"responsive\"\/><\/a><\/figure><\/div><div class=\"tiled-gallery__col\" style=\"flex-basis:25.00000%\"><figure class=\"tiled-gallery__item\"><a href=\"https:\/\/www.weine-feinkost.de\/unterwegs\/wp-content\/uploads\/2022\/10\/Desayuno_Breakfast_Fruehstueck_in_Donostia-San_Sebastian_botanika_4-rotated.jpg\"><img decoding=\"async\" srcset=\"https:\/\/i0.wp.com\/www.weine-feinkost.de\/unterwegs\/wp-content\/uploads\/2022\/10\/Desayuno_Breakfast_Fruehstueck_in_Donostia-San_Sebastian_botanika_4-rotated.jpg?strip=info&#038;w=480&#038;ssl=1 480w\" alt=\"\" data-height=\"640\" data-id=\"130397\" data-link=\"https:\/\/www.weine-feinkost.de\/unterwegs\/?attachment_id=130397\" data-url=\"https:\/\/www.weine-feinkost.de\/unterwegs\/wp-content\/uploads\/2022\/10\/Desayuno_Breakfast_Fruehstueck_in_Donostia-San_Sebastian_botanika_4-rotated.jpg\" data-width=\"480\" src=\"https:\/\/i0.wp.com\/www.weine-feinkost.de\/unterwegs\/wp-content\/uploads\/2022\/10\/Desayuno_Breakfast_Fruehstueck_in_Donostia-San_Sebastian_botanika_4-rotated.jpg?ssl=1\" data-amp-layout=\"responsive\"\/><\/a><\/figure><\/div><\/div><div class=\"tiled-gallery__row\"><div class=\"tiled-gallery__col\" style=\"flex-basis:33.33333%\"><figure class=\"tiled-gallery__item\"><a href=\"https:\/\/www.weine-feinkost.de\/unterwegs\/wp-content\/uploads\/2022\/10\/Desayuno_Breakfast_Fruehstueck_in_Donostia-San_Sebastian_botanika_5-rotated.jpg\"><img decoding=\"async\" srcset=\"https:\/\/i1.wp.com\/www.weine-feinkost.de\/unterwegs\/wp-content\/uploads\/2022\/10\/Desayuno_Breakfast_Fruehstueck_in_Donostia-San_Sebastian_botanika_5-rotated.jpg?strip=info&#038;w=480&#038;ssl=1 480w\" alt=\"\" data-height=\"640\" data-id=\"130399\" data-link=\"https:\/\/www.weine-feinkost.de\/unterwegs\/?attachment_id=130399\" data-url=\"https:\/\/www.weine-feinkost.de\/unterwegs\/wp-content\/uploads\/2022\/10\/Desayuno_Breakfast_Fruehstueck_in_Donostia-San_Sebastian_botanika_5-rotated.jpg\" data-width=\"480\" src=\"https:\/\/i1.wp.com\/www.weine-feinkost.de\/unterwegs\/wp-content\/uploads\/2022\/10\/Desayuno_Breakfast_Fruehstueck_in_Donostia-San_Sebastian_botanika_5-rotated.jpg?ssl=1\" data-amp-layout=\"responsive\"\/><\/a><\/figure><\/div><div class=\"tiled-gallery__col\" style=\"flex-basis:33.33333%\"><figure class=\"tiled-gallery__item\"><a href=\"https:\/\/www.weine-feinkost.de\/unterwegs\/wp-content\/uploads\/2022\/10\/Desayuno_Breakfast_Fruehstueck_in_Donostia-San_Sebastian_botanika_6-rotated.jpg\"><img decoding=\"async\" srcset=\"https:\/\/i2.wp.com\/www.weine-feinkost.de\/unterwegs\/wp-content\/uploads\/2022\/10\/Desayuno_Breakfast_Fruehstueck_in_Donostia-San_Sebastian_botanika_6-rotated.jpg?strip=info&#038;w=480&#038;ssl=1 480w\" alt=\"\" data-height=\"640\" data-id=\"130400\" data-link=\"https:\/\/www.weine-feinkost.de\/unterwegs\/?attachment_id=130400\" data-url=\"https:\/\/www.weine-feinkost.de\/unterwegs\/wp-content\/uploads\/2022\/10\/Desayuno_Breakfast_Fruehstueck_in_Donostia-San_Sebastian_botanika_6-rotated.jpg\" data-width=\"480\" src=\"https:\/\/i2.wp.com\/www.weine-feinkost.de\/unterwegs\/wp-content\/uploads\/2022\/10\/Desayuno_Breakfast_Fruehstueck_in_Donostia-San_Sebastian_botanika_6-rotated.jpg?ssl=1\" data-amp-layout=\"responsive\"\/><\/a><\/figure><\/div><div class=\"tiled-gallery__col\" style=\"flex-basis:33.33333%\"><figure class=\"tiled-gallery__item\"><a href=\"https:\/\/www.weine-feinkost.de\/unterwegs\/wp-content\/uploads\/2022\/10\/Desayuno_Breakfast_Fruehstueck_in_Donostia-San_Sebastian_botanika_7-rotated.jpg\"><img decoding=\"async\" srcset=\"https:\/\/i0.wp.com\/www.weine-feinkost.de\/unterwegs\/wp-content\/uploads\/2022\/10\/Desayuno_Breakfast_Fruehstueck_in_Donostia-San_Sebastian_botanika_7-rotated.jpg?strip=info&#038;w=480&#038;ssl=1 480w\" alt=\"\" data-height=\"640\" data-id=\"130401\" data-link=\"https:\/\/www.weine-feinkost.de\/unterwegs\/?attachment_id=130401\" data-url=\"https:\/\/www.weine-feinkost.de\/unterwegs\/wp-content\/uploads\/2022\/10\/Desayuno_Breakfast_Fruehstueck_in_Donostia-San_Sebastian_botanika_7-rotated.jpg\" data-width=\"480\" src=\"https:\/\/i0.wp.com\/www.weine-feinkost.de\/unterwegs\/wp-content\/uploads\/2022\/10\/Desayuno_Breakfast_Fruehstueck_in_Donostia-San_Sebastian_botanika_7-rotated.jpg?ssl=1\" data-amp-layout=\"responsive\"\/><\/a><\/figure><\/div><\/div><\/div><\/div>\n\n\n\n<p><strong>Kafe Botanika<\/strong>, Gernikako Arbola Pasealekua, 8, 20006 Donostia, Gipuzkoa, Spanien, Telefon: +34 943 44 34 75, <a href=\"https:\/\/www.instagram.com\/kafebotanika\/\">https:\/\/www.instagram.com\/kafebotanika\/<\/a><\/p>\n\n\n\n<h2 class=\"wp-block-heading\">Maiatza<\/h2>\n\n\n\n<p class=\"has-drop-cap\">In einer kleinen Nebenstra\u00dfe der Altstadt von Donostia-San Sebasti\u00e1n liegt die Bar <strong>Maiatza<\/strong>. Hier gibt es beste Naturprodukte, die die reichhaltige Fr\u00fchst\u00fccksauswahl vers\u00fc\u00dfen. Schmackhaft, lecker und stets frisch zubereitet. Bei gutem Wetter kann man auch sehr gut drau\u00dfen fr\u00fchst\u00fccken und seinen ersten Kaffee zu sich nehmen.<\/p>\n\n\n\n<div class=\"wp-block-jetpack-tiled-gallery aligncenter is-style-rectangular\"><div class=\"tiled-gallery__gallery\"><div class=\"tiled-gallery__row\"><div class=\"tiled-gallery__col\" style=\"flex-basis:33.33333%\"><figure class=\"tiled-gallery__item\"><a href=\"https:\/\/www.weine-feinkost.de\/unterwegs\/wp-content\/uploads\/2022\/10\/Desayuno_Breakfast_Fruehstueck_in_Donostia-San_Sebastian_Maiatza_5.jpg\"><img decoding=\"async\" srcset=\"https:\/\/i0.wp.com\/www.weine-feinkost.de\/unterwegs\/wp-content\/uploads\/2022\/10\/Desayuno_Breakfast_Fruehstueck_in_Donostia-San_Sebastian_Maiatza_5.jpg?strip=info&#038;w=480&#038;ssl=1 480w\" alt=\"\" data-height=\"640\" data-id=\"130410\" data-link=\"https:\/\/www.weine-feinkost.de\/unterwegs\/?attachment_id=130410\" data-url=\"https:\/\/www.weine-feinkost.de\/unterwegs\/wp-content\/uploads\/2022\/10\/Desayuno_Breakfast_Fruehstueck_in_Donostia-San_Sebastian_Maiatza_5.jpg\" data-width=\"480\" src=\"https:\/\/i0.wp.com\/www.weine-feinkost.de\/unterwegs\/wp-content\/uploads\/2022\/10\/Desayuno_Breakfast_Fruehstueck_in_Donostia-San_Sebastian_Maiatza_5.jpg?ssl=1\" data-amp-layout=\"responsive\"\/><\/a><\/figure><\/div><div class=\"tiled-gallery__col\" style=\"flex-basis:33.33333%\"><figure class=\"tiled-gallery__item\"><a href=\"https:\/\/www.weine-feinkost.de\/unterwegs\/wp-content\/uploads\/2022\/10\/Desayuno_Breakfast_Fruehstueck_in_Donostia-San_Sebastian_Maiatza_1.jpg\"><img decoding=\"async\" srcset=\"https:\/\/i0.wp.com\/www.weine-feinkost.de\/unterwegs\/wp-content\/uploads\/2022\/10\/Desayuno_Breakfast_Fruehstueck_in_Donostia-San_Sebastian_Maiatza_1.jpg?strip=info&#038;w=480&#038;ssl=1 480w\" alt=\"\" data-height=\"640\" data-id=\"130403\" data-link=\"https:\/\/www.weine-feinkost.de\/unterwegs\/?attachment_id=130403\" data-url=\"https:\/\/www.weine-feinkost.de\/unterwegs\/wp-content\/uploads\/2022\/10\/Desayuno_Breakfast_Fruehstueck_in_Donostia-San_Sebastian_Maiatza_1.jpg\" data-width=\"480\" src=\"https:\/\/i0.wp.com\/www.weine-feinkost.de\/unterwegs\/wp-content\/uploads\/2022\/10\/Desayuno_Breakfast_Fruehstueck_in_Donostia-San_Sebastian_Maiatza_1.jpg?ssl=1\" data-amp-layout=\"responsive\"\/><\/a><\/figure><\/div><div class=\"tiled-gallery__col\" style=\"flex-basis:33.33333%\"><figure class=\"tiled-gallery__item\"><a href=\"https:\/\/www.weine-feinkost.de\/unterwegs\/wp-content\/uploads\/2022\/10\/Desayuno_Breakfast_Fruehstueck_in_Donostia-San_Sebastian_Maiatza_2-rotated.jpg\"><img decoding=\"async\" srcset=\"https:\/\/i2.wp.com\/www.weine-feinkost.de\/unterwegs\/wp-content\/uploads\/2022\/10\/Desayuno_Breakfast_Fruehstueck_in_Donostia-San_Sebastian_Maiatza_2-rotated.jpg?strip=info&#038;w=480&#038;ssl=1 480w\" alt=\"\" data-height=\"640\" data-id=\"130404\" data-link=\"https:\/\/www.weine-feinkost.de\/unterwegs\/?attachment_id=130404\" data-url=\"https:\/\/www.weine-feinkost.de\/unterwegs\/wp-content\/uploads\/2022\/10\/Desayuno_Breakfast_Fruehstueck_in_Donostia-San_Sebastian_Maiatza_2-rotated.jpg\" data-width=\"480\" src=\"https:\/\/i2.wp.com\/www.weine-feinkost.de\/unterwegs\/wp-content\/uploads\/2022\/10\/Desayuno_Breakfast_Fruehstueck_in_Donostia-San_Sebastian_Maiatza_2-rotated.jpg?ssl=1\" data-amp-layout=\"responsive\"\/><\/a><\/figure><\/div><\/div><div class=\"tiled-gallery__row\"><div class=\"tiled-gallery__col\" style=\"flex-basis:36.03523%\"><figure class=\"tiled-gallery__item\"><a href=\"https:\/\/www.weine-feinkost.de\/unterwegs\/wp-content\/uploads\/2022\/10\/Desayuno_Breakfast_Fruehstueck_in_Donostia-San_Sebastian_Maiatza_3-rotated.jpg\"><img decoding=\"async\" srcset=\"https:\/\/i0.wp.com\/www.weine-feinkost.de\/unterwegs\/wp-content\/uploads\/2022\/10\/Desayuno_Breakfast_Fruehstueck_in_Donostia-San_Sebastian_Maiatza_3-rotated.jpg?strip=info&#038;w=480&#038;ssl=1 480w\" alt=\"\" data-height=\"640\" data-id=\"130405\" data-link=\"https:\/\/www.weine-feinkost.de\/unterwegs\/?attachment_id=130405\" data-url=\"https:\/\/www.weine-feinkost.de\/unterwegs\/wp-content\/uploads\/2022\/10\/Desayuno_Breakfast_Fruehstueck_in_Donostia-San_Sebastian_Maiatza_3-rotated.jpg\" data-width=\"480\" src=\"https:\/\/i0.wp.com\/www.weine-feinkost.de\/unterwegs\/wp-content\/uploads\/2022\/10\/Desayuno_Breakfast_Fruehstueck_in_Donostia-San_Sebastian_Maiatza_3-rotated.jpg?ssl=1\" data-amp-layout=\"responsive\"\/><\/a><\/figure><\/div><div class=\"tiled-gallery__col\" style=\"flex-basis:63.96477%\"><figure class=\"tiled-gallery__item\"><a href=\"https:\/\/www.weine-feinkost.de\/unterwegs\/wp-content\/uploads\/2022\/10\/Desayuno_Breakfast_Fruehstueck_in_Donostia-San_Sebastian_Maiatza_4-rotated-e1666425776712.jpg\"><img decoding=\"async\" srcset=\"https:\/\/i0.wp.com\/www.weine-feinkost.de\/unterwegs\/wp-content\/uploads\/2022\/10\/Desayuno_Breakfast_Fruehstueck_in_Donostia-San_Sebastian_Maiatza_4-rotated-e1666425776712.jpg?strip=info&#038;w=600&#038;ssl=1 600w,https:\/\/i0.wp.com\/www.weine-feinkost.de\/unterwegs\/wp-content\/uploads\/2022\/10\/Desayuno_Breakfast_Fruehstueck_in_Donostia-San_Sebastian_Maiatza_4-rotated-e1666425776712.jpg?strip=info&#038;w=640&#038;ssl=1 640w\" alt=\"\" data-height=\"480\" data-id=\"130406\" data-link=\"https:\/\/www.weine-feinkost.de\/unterwegs\/?attachment_id=130406\" data-url=\"https:\/\/www.weine-feinkost.de\/unterwegs\/wp-content\/uploads\/2022\/10\/Desayuno_Breakfast_Fruehstueck_in_Donostia-San_Sebastian_Maiatza_4-rotated-e1666425776712.jpg\" data-width=\"640\" src=\"https:\/\/i0.wp.com\/www.weine-feinkost.de\/unterwegs\/wp-content\/uploads\/2022\/10\/Desayuno_Breakfast_Fruehstueck_in_Donostia-San_Sebastian_Maiatza_4-rotated-e1666425776712.jpg?ssl=1\" data-amp-layout=\"responsive\"\/><\/a><\/figure><\/div><\/div><\/div><\/div>\n\n\n\n<p><strong>Maiatza<\/strong>, San Bizente Kalea, 7, 20003 Donostia, Gipuzkoa, Spanien, Telefon: +34 943 42 18 08, <a href=\"http:\/\/www.maiatza.es\/qr\/\">http:\/\/www.maiatza.es\/qr\/<\/a><\/p>\n\n\n\n<p><\/p>\n","protected":false},"excerpt":{"rendered":"<p>Die pers\u00f6nlichen Fr\u00fchst\u00fccksfavoriten Kaum jemand wei\u00df, dass die englische \u00dcbersetzung \u201ebreakfast\u201c oder eben die spanische Bezeichnung \u201edesayuno\u201c f\u00fcr Fr\u00fchst\u00fcck eigentlich f\u00fcr ein kleines Fastenbrechen steht. Das ist sicherlich etwas weit hergeholt, da zwischen Abendessen und Fr\u00fchst\u00fcck zumeist ja nur einige Stunden Bettruhe liegen und der K\u00f6rper sich in dieser Zeit, bis auf die Kraftanstrengung bei &#8230; <a title=\"Desayuno, Breakfast, Fr\u00fchst\u00fcck in Donostia-San Sebasti\u00e1n\" class=\"read-more\" href=\"https:\/\/www.weine-feinkost.de\/unterwegs\/2023\/12\/desayuno-breakfast-fruehstueck-in-donostia-san-sebastian\/\" aria-label=\"Mehr dazu unter Desayuno, Breakfast, Fr\u00fchst\u00fcck in Donostia-San Sebasti\u00e1n\">Weiterlesen<\/a><\/p>\n","protected":false},"author":7,"featured_media":202113,"comment_status":"open","ping_status":"open","sticky":false,"template":"","format":"standard","meta":{"_jetpack_newsletter_access":"","_jetpack_dont_email_post_to_subs":false,"_jetpack_newsletter_tier_id":0,"_jetpack_memberships_contains_paywalled_content":false,"_jetpack_feature_clip_id":0,"_jetpack_memberships_contains_paid_content":false,"footnotes":"","jetpack_publicize_message":"","jetpack_publicize_feature_enabled":true,"jetpack_social_post_already_shared":true,"jetpack_social_options":{"image_generator_settings":{"template":"highway","default_image_id":0,"font":"","enabled":false},"version":2},"jetpack_post_was_ever_published":false},"categories":[13,30],"tags":[3038,3269,3270,2743,1783,3271,3272,3273,79],"post_folder":[],"class_list":["post-130369","post","type-post","status-publish","format-standard","has-post-thumbnail","hentry","category-restaurants","category-spanien-restaurants","tag-bar-antonio","tag-breakfast","tag-desayuno","tag-donostia-san-sebastian-2","tag-fruehstueck","tag-kafe-botanika","tag-la-bodeguilla","tag-maiatza","tag-spanien"],"yoast_head":"<!-- This site is optimized with the Yoast SEO plugin v28.3 - https:\/\/yoast.com\/product\/yoast-seo-wordpress\/ -->\n<title>Desayuno, Breakfast, Fr\u00fchst\u00fcck in Donostia-San Sebasti\u00e1n - Unterwegs mit Weine &amp; Feinkost<\/title>\n<meta name=\"robots\" content=\"index, follow, max-snippet:-1, max-image-preview:large, max-video-preview:-1\" \/>\n<link rel=\"canonical\" href=\"https:\/\/www.weine-feinkost.de\/unterwegs\/2023\/12\/desayuno-breakfast-fruehstueck-in-donostia-san-sebastian\/\" \/>\n<meta property=\"og:locale\" content=\"de_DE\" \/>\n<meta property=\"og:type\" content=\"article\" \/>\n<meta property=\"og:title\" content=\"Desayuno, Breakfast, Fr\u00fchst\u00fcck in Donostia-San Sebasti\u00e1n - Unterwegs mit Weine &amp; Feinkost\" \/>\n<meta property=\"og:description\" content=\"Die pers\u00f6nlichen Fr\u00fchst\u00fccksfavoriten Kaum jemand wei\u00df, dass die englische \u00dcbersetzung \u201ebreakfast\u201c oder eben die spanische Bezeichnung \u201edesayuno\u201c f\u00fcr Fr\u00fchst\u00fcck eigentlich f\u00fcr ein kleines Fastenbrechen steht. Das ist sicherlich etwas weit hergeholt, da zwischen Abendessen und Fr\u00fchst\u00fcck zumeist ja nur einige Stunden Bettruhe liegen und der K\u00f6rper sich in dieser Zeit, bis auf die Kraftanstrengung bei ... Weiterlesen\" \/>\n<meta property=\"og:url\" content=\"https:\/\/www.weine-feinkost.de\/unterwegs\/2023\/12\/desayuno-breakfast-fruehstueck-in-donostia-san-sebastian\/\" \/>\n<meta property=\"og:site_name\" content=\"Unterwegs mit Weine &amp; Feinkost\" \/>\n<meta property=\"article:published_time\" content=\"2023-12-10T16:00:00+00:00\" \/>\n<meta property=\"og:image\" content=\"https:\/\/www.weine-feinkost.de\/unterwegs\/wp-content\/uploads\/2030\/10\/Fruehstueck_donostia_San_Sebastian_Spanien.jpg\" \/>\n\t<meta property=\"og:image:width\" content=\"1920\" \/>\n\t<meta property=\"og:image:height\" content=\"1080\" \/>\n\t<meta property=\"og:image:type\" content=\"image\/jpeg\" \/>\n<meta name=\"author\" content=\"Christian Fenske\" \/>\n<meta name=\"twitter:card\" content=\"summary_large_image\" \/>\n<meta name=\"twitter:label1\" content=\"Verfasst von\" \/>\n\t<meta name=\"twitter:data1\" content=\"Christian Fenske\" \/>\n\t<meta name=\"twitter:label2\" content=\"Gesch\u00e4tzte Lesezeit\" \/>\n\t<meta name=\"twitter:data2\" content=\"9\u00a0Minuten\" \/>\n<script type=\"application\/ld+json\" class=\"yoast-schema-graph\">{\"@context\":\"https:\\\/\\\/schema.org\",\"@graph\":[{\"@type\":\"Article\",\"@id\":\"https:\\\/\\\/www.weine-feinkost.de\\\/unterwegs\\\/2023\\\/12\\\/desayuno-breakfast-fruehstueck-in-donostia-san-sebastian\\\/#article\",\"isPartOf\":{\"@id\":\"https:\\\/\\\/www.weine-feinkost.de\\\/unterwegs\\\/2023\\\/12\\\/desayuno-breakfast-fruehstueck-in-donostia-san-sebastian\\\/\"},\"author\":{\"name\":\"Christian Fenske\",\"@id\":\"https:\\\/\\\/www.weine-feinkost.de\\\/unterwegs\\\/#\\\/schema\\\/person\\\/c07d66169fd0e04307bfe7cdc99ac26a\"},\"headline\":\"Desayuno, Breakfast, Fr\u00fchst\u00fcck in Donostia-San Sebasti\u00e1n\",\"datePublished\":\"2023-12-10T16:00:00+00:00\",\"mainEntityOfPage\":{\"@id\":\"https:\\\/\\\/www.weine-feinkost.de\\\/unterwegs\\\/2023\\\/12\\\/desayuno-breakfast-fruehstueck-in-donostia-san-sebastian\\\/\"},\"wordCount\":565,\"commentCount\":0,\"publisher\":{\"@id\":\"https:\\\/\\\/www.weine-feinkost.de\\\/unterwegs\\\/#organization\"},\"image\":{\"@id\":\"https:\\\/\\\/www.weine-feinkost.de\\\/unterwegs\\\/2023\\\/12\\\/desayuno-breakfast-fruehstueck-in-donostia-san-sebastian\\\/#primaryimage\"},\"thumbnailUrl\":\"https:\\\/\\\/www.weine-feinkost.de\\\/unterwegs\\\/wp-content\\\/uploads\\\/2030\\\/10\\\/Fruehstueck_donostia_San_Sebastian_Spanien.jpg\",\"keywords\":[\"Bar Antonio\",\"Breakfast\",\"Desayuno\",\"Donostia-San Sebasti\u00e1n\",\"Fr\u00fchst\u00fcck\",\"Kafe Botanika\",\"La Bodeguilla\",\"Maiatza\",\"Spanien\"],\"articleSection\":[\"Restaurants\",\"Spanien\"],\"inLanguage\":\"de\",\"potentialAction\":[{\"@type\":\"CommentAction\",\"name\":\"Comment\",\"target\":[\"https:\\\/\\\/www.weine-feinkost.de\\\/unterwegs\\\/2023\\\/12\\\/desayuno-breakfast-fruehstueck-in-donostia-san-sebastian\\\/#respond\"]}]},{\"@type\":\"WebPage\",\"@id\":\"https:\\\/\\\/www.weine-feinkost.de\\\/unterwegs\\\/2023\\\/12\\\/desayuno-breakfast-fruehstueck-in-donostia-san-sebastian\\\/\",\"url\":\"https:\\\/\\\/www.weine-feinkost.de\\\/unterwegs\\\/2023\\\/12\\\/desayuno-breakfast-fruehstueck-in-donostia-san-sebastian\\\/\",\"name\":\"Desayuno, Breakfast, Fr\u00fchst\u00fcck in Donostia-San Sebasti\u00e1n - Unterwegs mit Weine &amp; Feinkost\",\"isPartOf\":{\"@id\":\"https:\\\/\\\/www.weine-feinkost.de\\\/unterwegs\\\/#website\"},\"primaryImageOfPage\":{\"@id\":\"https:\\\/\\\/www.weine-feinkost.de\\\/unterwegs\\\/2023\\\/12\\\/desayuno-breakfast-fruehstueck-in-donostia-san-sebastian\\\/#primaryimage\"},\"image\":{\"@id\":\"https:\\\/\\\/www.weine-feinkost.de\\\/unterwegs\\\/2023\\\/12\\\/desayuno-breakfast-fruehstueck-in-donostia-san-sebastian\\\/#primaryimage\"},\"thumbnailUrl\":\"https:\\\/\\\/www.weine-feinkost.de\\\/unterwegs\\\/wp-content\\\/uploads\\\/2030\\\/10\\\/Fruehstueck_donostia_San_Sebastian_Spanien.jpg\",\"datePublished\":\"2023-12-10T16:00:00+00:00\",\"breadcrumb\":{\"@id\":\"https:\\\/\\\/www.weine-feinkost.de\\\/unterwegs\\\/2023\\\/12\\\/desayuno-breakfast-fruehstueck-in-donostia-san-sebastian\\\/#breadcrumb\"},\"inLanguage\":\"de\",\"potentialAction\":[{\"@type\":\"ReadAction\",\"target\":[\"https:\\\/\\\/www.weine-feinkost.de\\\/unterwegs\\\/2023\\\/12\\\/desayuno-breakfast-fruehstueck-in-donostia-san-sebastian\\\/\"]}]},{\"@type\":\"ImageObject\",\"inLanguage\":\"de\",\"@id\":\"https:\\\/\\\/www.weine-feinkost.de\\\/unterwegs\\\/2023\\\/12\\\/desayuno-breakfast-fruehstueck-in-donostia-san-sebastian\\\/#primaryimage\",\"url\":\"https:\\\/\\\/www.weine-feinkost.de\\\/unterwegs\\\/wp-content\\\/uploads\\\/2030\\\/10\\\/Fruehstueck_donostia_San_Sebastian_Spanien.jpg\",\"contentUrl\":\"https:\\\/\\\/www.weine-feinkost.de\\\/unterwegs\\\/wp-content\\\/uploads\\\/2030\\\/10\\\/Fruehstueck_donostia_San_Sebastian_Spanien.jpg\",\"width\":1920,\"height\":1080},{\"@type\":\"BreadcrumbList\",\"@id\":\"https:\\\/\\\/www.weine-feinkost.de\\\/unterwegs\\\/2023\\\/12\\\/desayuno-breakfast-fruehstueck-in-donostia-san-sebastian\\\/#breadcrumb\",\"itemListElement\":[{\"@type\":\"ListItem\",\"position\":1,\"name\":\"Startseite\",\"item\":\"https:\\\/\\\/www.weine-feinkost.de\\\/unterwegs\\\/\"},{\"@type\":\"ListItem\",\"position\":2,\"name\":\"Desayuno, Breakfast, Fr\u00fchst\u00fcck in Donostia-San Sebasti\u00e1n\"}]},{\"@type\":\"WebSite\",\"@id\":\"https:\\\/\\\/www.weine-feinkost.de\\\/unterwegs\\\/#website\",\"url\":\"https:\\\/\\\/www.weine-feinkost.de\\\/unterwegs\\\/\",\"name\":\"Unterwegs mit Weine &amp; Feinkost\",\"description\":\"Entdecken Sie Genuss\",\"publisher\":{\"@id\":\"https:\\\/\\\/www.weine-feinkost.de\\\/unterwegs\\\/#organization\"},\"potentialAction\":[{\"@type\":\"SearchAction\",\"target\":{\"@type\":\"EntryPoint\",\"urlTemplate\":\"https:\\\/\\\/www.weine-feinkost.de\\\/unterwegs\\\/?s={search_term_string}\"},\"query-input\":{\"@type\":\"PropertyValueSpecification\",\"valueRequired\":true,\"valueName\":\"search_term_string\"}}],\"inLanguage\":\"de\"},{\"@type\":\"Organization\",\"@id\":\"https:\\\/\\\/www.weine-feinkost.de\\\/unterwegs\\\/#organization\",\"name\":\"Unterwegs mit Weine &amp; Feinkost\",\"url\":\"https:\\\/\\\/www.weine-feinkost.de\\\/unterwegs\\\/\",\"logo\":{\"@type\":\"ImageObject\",\"inLanguage\":\"de\",\"@id\":\"https:\\\/\\\/www.weine-feinkost.de\\\/unterwegs\\\/#\\\/schema\\\/logo\\\/image\\\/\",\"url\":\"https:\\\/\\\/www.weine-feinkost.de\\\/unterwegs\\\/wp-content\\\/uploads\\\/2022\\\/10\\\/logo_weinefeinkost_unterwegs_450x171.png\",\"contentUrl\":\"https:\\\/\\\/www.weine-feinkost.de\\\/unterwegs\\\/wp-content\\\/uploads\\\/2022\\\/10\\\/logo_weinefeinkost_unterwegs_450x171.png\",\"width\":450,\"height\":171,\"caption\":\"Unterwegs mit Weine &amp; Feinkost\"},\"image\":{\"@id\":\"https:\\\/\\\/www.weine-feinkost.de\\\/unterwegs\\\/#\\\/schema\\\/logo\\\/image\\\/\"}},{\"@type\":\"Person\",\"@id\":\"https:\\\/\\\/www.weine-feinkost.de\\\/unterwegs\\\/#\\\/schema\\\/person\\\/c07d66169fd0e04307bfe7cdc99ac26a\",\"name\":\"Christian Fenske\",\"image\":{\"@type\":\"ImageObject\",\"inLanguage\":\"de\",\"@id\":\"https:\\\/\\\/www.weine-feinkost.de\\\/unterwegs\\\/wp-content\\\/uploads\\\/2023\\\/01\\\/cropped-christian_profilbild-96x96.png\",\"url\":\"https:\\\/\\\/www.weine-feinkost.de\\\/unterwegs\\\/wp-content\\\/uploads\\\/2023\\\/01\\\/cropped-christian_profilbild-96x96.png\",\"contentUrl\":\"https:\\\/\\\/www.weine-feinkost.de\\\/unterwegs\\\/wp-content\\\/uploads\\\/2023\\\/01\\\/cropped-christian_profilbild-96x96.png\",\"caption\":\"Christian Fenske\"},\"description\":\"Zusammen an einem Tisch sitzen, gemeinsam zu kommunizieren und zu genie\u00dfen, das ist eine der herausragenden kulturellen Errungenschaft der Menschheit.\",\"url\":\"https:\\\/\\\/www.weine-feinkost.de\\\/unterwegs\\\/author\\\/christian-fenske\\\/\"}]}<\/script>\n<!-- \/ Yoast SEO plugin. -->","yoast_head_json":{"title":"Desayuno, Breakfast, Fr\u00fchst\u00fcck in Donostia-San Sebasti\u00e1n - Unterwegs mit Weine &amp; Feinkost","robots":{"index":"index","follow":"follow","max-snippet":"max-snippet:-1","max-image-preview":"max-image-preview:large","max-video-preview":"max-video-preview:-1"},"canonical":"https:\/\/www.weine-feinkost.de\/unterwegs\/2023\/12\/desayuno-breakfast-fruehstueck-in-donostia-san-sebastian\/","og_locale":"de_DE","og_type":"article","og_title":"Desayuno, Breakfast, Fr\u00fchst\u00fcck in Donostia-San Sebasti\u00e1n - Unterwegs mit Weine &amp; Feinkost","og_description":"Die pers\u00f6nlichen Fr\u00fchst\u00fccksfavoriten Kaum jemand wei\u00df, dass die englische \u00dcbersetzung \u201ebreakfast\u201c oder eben die spanische Bezeichnung \u201edesayuno\u201c f\u00fcr Fr\u00fchst\u00fcck eigentlich f\u00fcr ein kleines Fastenbrechen steht. Das ist sicherlich etwas weit hergeholt, da zwischen Abendessen und Fr\u00fchst\u00fcck zumeist ja nur einige Stunden Bettruhe liegen und der K\u00f6rper sich in dieser Zeit, bis auf die Kraftanstrengung bei ... Weiterlesen","og_url":"https:\/\/www.weine-feinkost.de\/unterwegs\/2023\/12\/desayuno-breakfast-fruehstueck-in-donostia-san-sebastian\/","og_site_name":"Unterwegs mit Weine &amp; Feinkost","article_published_time":"2023-12-10T16:00:00+00:00","og_image":[{"width":1920,"height":1080,"url":"https:\/\/www.weine-feinkost.de\/unterwegs\/wp-content\/uploads\/2030\/10\/Fruehstueck_donostia_San_Sebastian_Spanien.jpg","type":"image\/jpeg"}],"author":"Christian Fenske","twitter_card":"summary_large_image","twitter_misc":{"Verfasst von":"Christian Fenske","Gesch\u00e4tzte Lesezeit":"9\u00a0Minuten"},"schema":{"@context":"https:\/\/schema.org","@graph":[{"@type":"Article","@id":"https:\/\/www.weine-feinkost.de\/unterwegs\/2023\/12\/desayuno-breakfast-fruehstueck-in-donostia-san-sebastian\/#article","isPartOf":{"@id":"https:\/\/www.weine-feinkost.de\/unterwegs\/2023\/12\/desayuno-breakfast-fruehstueck-in-donostia-san-sebastian\/"},"author":{"name":"Christian Fenske","@id":"https:\/\/www.weine-feinkost.de\/unterwegs\/#\/schema\/person\/c07d66169fd0e04307bfe7cdc99ac26a"},"headline":"Desayuno, Breakfast, Fr\u00fchst\u00fcck in Donostia-San Sebasti\u00e1n","datePublished":"2023-12-10T16:00:00+00:00","mainEntityOfPage":{"@id":"https:\/\/www.weine-feinkost.de\/unterwegs\/2023\/12\/desayuno-breakfast-fruehstueck-in-donostia-san-sebastian\/"},"wordCount":565,"commentCount":0,"publisher":{"@id":"https:\/\/www.weine-feinkost.de\/unterwegs\/#organization"},"image":{"@id":"https:\/\/www.weine-feinkost.de\/unterwegs\/2023\/12\/desayuno-breakfast-fruehstueck-in-donostia-san-sebastian\/#primaryimage"},"thumbnailUrl":"https:\/\/www.weine-feinkost.de\/unterwegs\/wp-content\/uploads\/2030\/10\/Fruehstueck_donostia_San_Sebastian_Spanien.jpg","keywords":["Bar Antonio","Breakfast","Desayuno","Donostia-San Sebasti\u00e1n","Fr\u00fchst\u00fcck","Kafe Botanika","La Bodeguilla","Maiatza","Spanien"],"articleSection":["Restaurants","Spanien"],"inLanguage":"de","potentialAction":[{"@type":"CommentAction","name":"Comment","target":["https:\/\/www.weine-feinkost.de\/unterwegs\/2023\/12\/desayuno-breakfast-fruehstueck-in-donostia-san-sebastian\/#respond"]}]},{"@type":"WebPage","@id":"https:\/\/www.weine-feinkost.de\/unterwegs\/2023\/12\/desayuno-breakfast-fruehstueck-in-donostia-san-sebastian\/","url":"https:\/\/www.weine-feinkost.de\/unterwegs\/2023\/12\/desayuno-breakfast-fruehstueck-in-donostia-san-sebastian\/","name":"Desayuno, Breakfast, Fr\u00fchst\u00fcck in Donostia-San Sebasti\u00e1n - Unterwegs mit Weine &amp; Feinkost","isPartOf":{"@id":"https:\/\/www.weine-feinkost.de\/unterwegs\/#website"},"primaryImageOfPage":{"@id":"https:\/\/www.weine-feinkost.de\/unterwegs\/2023\/12\/desayuno-breakfast-fruehstueck-in-donostia-san-sebastian\/#primaryimage"},"image":{"@id":"https:\/\/www.weine-feinkost.de\/unterwegs\/2023\/12\/desayuno-breakfast-fruehstueck-in-donostia-san-sebastian\/#primaryimage"},"thumbnailUrl":"https:\/\/www.weine-feinkost.de\/unterwegs\/wp-content\/uploads\/2030\/10\/Fruehstueck_donostia_San_Sebastian_Spanien.jpg","datePublished":"2023-12-10T16:00:00+00:00","breadcrumb":{"@id":"https:\/\/www.weine-feinkost.de\/unterwegs\/2023\/12\/desayuno-breakfast-fruehstueck-in-donostia-san-sebastian\/#breadcrumb"},"inLanguage":"de","potentialAction":[{"@type":"ReadAction","target":["https:\/\/www.weine-feinkost.de\/unterwegs\/2023\/12\/desayuno-breakfast-fruehstueck-in-donostia-san-sebastian\/"]}]},{"@type":"ImageObject","inLanguage":"de","@id":"https:\/\/www.weine-feinkost.de\/unterwegs\/2023\/12\/desayuno-breakfast-fruehstueck-in-donostia-san-sebastian\/#primaryimage","url":"https:\/\/www.weine-feinkost.de\/unterwegs\/wp-content\/uploads\/2030\/10\/Fruehstueck_donostia_San_Sebastian_Spanien.jpg","contentUrl":"https:\/\/www.weine-feinkost.de\/unterwegs\/wp-content\/uploads\/2030\/10\/Fruehstueck_donostia_San_Sebastian_Spanien.jpg","width":1920,"height":1080},{"@type":"BreadcrumbList","@id":"https:\/\/www.weine-feinkost.de\/unterwegs\/2023\/12\/desayuno-breakfast-fruehstueck-in-donostia-san-sebastian\/#breadcrumb","itemListElement":[{"@type":"ListItem","position":1,"name":"Startseite","item":"https:\/\/www.weine-feinkost.de\/unterwegs\/"},{"@type":"ListItem","position":2,"name":"Desayuno, Breakfast, Fr\u00fchst\u00fcck in Donostia-San Sebasti\u00e1n"}]},{"@type":"WebSite","@id":"https:\/\/www.weine-feinkost.de\/unterwegs\/#website","url":"https:\/\/www.weine-feinkost.de\/unterwegs\/","name":"Unterwegs mit Weine &amp; Feinkost","description":"Entdecken Sie Genuss","publisher":{"@id":"https:\/\/www.weine-feinkost.de\/unterwegs\/#organization"},"potentialAction":[{"@type":"SearchAction","target":{"@type":"EntryPoint","urlTemplate":"https:\/\/www.weine-feinkost.de\/unterwegs\/?s={search_term_string}"},"query-input":{"@type":"PropertyValueSpecification","valueRequired":true,"valueName":"search_term_string"}}],"inLanguage":"de"},{"@type":"Organization","@id":"https:\/\/www.weine-feinkost.de\/unterwegs\/#organization","name":"Unterwegs mit Weine &amp; Feinkost","url":"https:\/\/www.weine-feinkost.de\/unterwegs\/","logo":{"@type":"ImageObject","inLanguage":"de","@id":"https:\/\/www.weine-feinkost.de\/unterwegs\/#\/schema\/logo\/image\/","url":"https:\/\/www.weine-feinkost.de\/unterwegs\/wp-content\/uploads\/2022\/10\/logo_weinefeinkost_unterwegs_450x171.png","contentUrl":"https:\/\/www.weine-feinkost.de\/unterwegs\/wp-content\/uploads\/2022\/10\/logo_weinefeinkost_unterwegs_450x171.png","width":450,"height":171,"caption":"Unterwegs mit Weine &amp; Feinkost"},"image":{"@id":"https:\/\/www.weine-feinkost.de\/unterwegs\/#\/schema\/logo\/image\/"}},{"@type":"Person","@id":"https:\/\/www.weine-feinkost.de\/unterwegs\/#\/schema\/person\/c07d66169fd0e04307bfe7cdc99ac26a","name":"Christian Fenske","image":{"@type":"ImageObject","inLanguage":"de","@id":"https:\/\/www.weine-feinkost.de\/unterwegs\/wp-content\/uploads\/2023\/01\/cropped-christian_profilbild-96x96.png","url":"https:\/\/www.weine-feinkost.de\/unterwegs\/wp-content\/uploads\/2023\/01\/cropped-christian_profilbild-96x96.png","contentUrl":"https:\/\/www.weine-feinkost.de\/unterwegs\/wp-content\/uploads\/2023\/01\/cropped-christian_profilbild-96x96.png","caption":"Christian Fenske"},"description":"Zusammen an einem Tisch sitzen, gemeinsam zu kommunizieren und zu genie\u00dfen, das ist eine der herausragenden kulturellen Errungenschaft der Menschheit.","url":"https:\/\/www.weine-feinkost.de\/unterwegs\/author\/christian-fenske\/"}]}},"jetpack_publicize_connections":[],"jetpack_shortlink":"https:\/\/wp.me\/p68Tjo-xUJ","jetpack_sharing_enabled":true,"jetpack_likes_enabled":true,"jetpack_featured_media_url":"https:\/\/www.weine-feinkost.de\/unterwegs\/wp-content\/uploads\/2030\/10\/Fruehstueck_donostia_San_Sebastian_Spanien.jpg","_links":{"self":[{"href":"https:\/\/www.weine-feinkost.de\/unterwegs\/wp-json\/wp\/v2\/posts\/130369","targetHints":{"allow":["GET"]}}],"collection":[{"href":"https:\/\/www.weine-feinkost.de\/unterwegs\/wp-json\/wp\/v2\/posts"}],"about":[{"href":"https:\/\/www.weine-feinkost.de\/unterwegs\/wp-json\/wp\/v2\/types\/post"}],"author":[{"embeddable":true,"href":"https:\/\/www.weine-feinkost.de\/unterwegs\/wp-json\/wp\/v2\/users\/7"}],"replies":[{"embeddable":true,"href":"https:\/\/www.weine-feinkost.de\/unterwegs\/wp-json\/wp\/v2\/comments?post=130369"}],"version-history":[{"count":10,"href":"https:\/\/www.weine-feinkost.de\/unterwegs\/wp-json\/wp\/v2\/posts\/130369\/revisions"}],"predecessor-version":[{"id":202368,"href":"https:\/\/www.weine-feinkost.de\/unterwegs\/wp-json\/wp\/v2\/posts\/130369\/revisions\/202368"}],"wp:featuredmedia":[{"embeddable":true,"href":"https:\/\/www.weine-feinkost.de\/unterwegs\/wp-json\/wp\/v2\/media\/202113"}],"wp:attachment":[{"href":"https:\/\/www.weine-feinkost.de\/unterwegs\/wp-json\/wp\/v2\/media?parent=130369"}],"wp:term":[{"taxonomy":"category","embeddable":true,"href":"https:\/\/www.weine-feinkost.de\/unterwegs\/wp-json\/wp\/v2\/categories?post=130369"},{"taxonomy":"post_tag","embeddable":true,"href":"https:\/\/www.weine-feinkost.de\/unterwegs\/wp-json\/wp\/v2\/tags?post=130369"},{"taxonomy":"post_folder","embeddable":true,"href":"https:\/\/www.weine-feinkost.de\/unterwegs\/wp-json\/wp\/v2\/post_folder?post=130369"}],"curies":[{"name":"wp","href":"https:\/\/api.w.org\/{rel}","templated":true}]}}