{"id":198567,"date":"2023-05-22T17:00:00","date_gmt":"2023-05-22T15:00:00","guid":{"rendered":"https:\/\/www.weine-feinkost.de\/unterwegs\/?p=198567"},"modified":"2023-05-17T17:09:02","modified_gmt":"2023-05-17T15:09:02","slug":"restaurant-thomas-schanz-piesport-deutschlan","status":"publish","type":"post","link":"https:\/\/www.weine-feinkost.de\/unterwegs\/2023\/05\/restaurant-thomas-schanz-piesport-deutschlan\/","title":{"rendered":"Restaurant Thomas Schanz &#8211; Piesport &#8211; Deutschland"},"content":{"rendered":"\n<h2 class=\"wp-block-heading\">Eigentlich schon immer eine Reise wert<\/h2>\n\n\n\n<p class=\"has-drop-cap\">Paul Bocuse hatte sie und Ferran Adri\u00e0 auch, Gordan Ramsay hat sie noch immer und <strong>Thomas Schanz<\/strong> aus Piesport nun endlich auch. Die Rede ist von den ber\u00fchmten drei Michelin Sternen, welche Jahr f\u00fcr Jahr an die Restaurants verliehen werden, die in ihrem Bereich das Ma\u00df aller Dinge sind. F\u00fcr den Michelin F\u00fchrer sind sie gar \u201eeinzigartig\u201c und \u201eeine Reise wert\u201c. Wer m\u00f6chte es dem Michelin auch verdenken, f\u00fcr weite Reisen ben\u00f6tig man bekannterweise Reifen und diese nutzen sich bei Ausfl\u00fcgen solcher Art bekanntlich am besten ab. Was f\u00fcr das ausgezeichnete Restaurant die h\u00f6chste Weihen darstellt und f\u00fcr den dort agierenden Koch zu Ruhm und Ehre f\u00fchrt, hat f\u00fcr den Gast meistens eher negative Folgen. Es ist deutlich schwerer einen Tisch zu bekommen und auch preislich muss etwas tiefer in die Tasche und in den Geldbeutel gegriffen werden.<\/p>\n\n\n\n<div class=\"wp-block-jetpack-tiled-gallery aligncenter is-style-rectangular\"><div class=\"tiled-gallery__gallery\"><div class=\"tiled-gallery__row\"><div class=\"tiled-gallery__col\" style=\"flex-basis:50.00000%\"><figure class=\"tiled-gallery__item\"><a href=\"https:\/\/www.weine-feinkost.de\/unterwegs\/wp-content\/uploads\/2023\/04\/Restaurant_Thomas_Schanz_Piesport_Deutschland_1-1200x900.jpg\"><img decoding=\"async\" srcset=\"https:\/\/i2.wp.com\/www.weine-feinkost.de\/unterwegs\/wp-content\/uploads\/2023\/04\/Restaurant_Thomas_Schanz_Piesport_Deutschland_1-1200x900.jpg?strip=info&#038;w=600&#038;ssl=1 600w,https:\/\/i2.wp.com\/www.weine-feinkost.de\/unterwegs\/wp-content\/uploads\/2023\/04\/Restaurant_Thomas_Schanz_Piesport_Deutschland_1-1200x900.jpg?strip=info&#038;w=900&#038;ssl=1 900w,https:\/\/i2.wp.com\/www.weine-feinkost.de\/unterwegs\/wp-content\/uploads\/2023\/04\/Restaurant_Thomas_Schanz_Piesport_Deutschland_1-1200x900.jpg?strip=info&#038;w=1200&#038;ssl=1 1200w\" alt=\"\" data-height=\"960\" data-id=\"198580\" data-link=\"https:\/\/www.weine-feinkost.de\/unterwegs\/?attachment_id=198580#main\" data-url=\"https:\/\/www.weine-feinkost.de\/unterwegs\/wp-content\/uploads\/2023\/04\/Restaurant_Thomas_Schanz_Piesport_Deutschland_1-1200x900.jpg\" data-width=\"1280\" src=\"https:\/\/i2.wp.com\/www.weine-feinkost.de\/unterwegs\/wp-content\/uploads\/2023\/04\/Restaurant_Thomas_Schanz_Piesport_Deutschland_1-1200x900.jpg?ssl=1\" data-amp-layout=\"responsive\"\/><\/a><\/figure><\/div><div class=\"tiled-gallery__col\" style=\"flex-basis:50.00000%\"><figure class=\"tiled-gallery__item\"><a href=\"https:\/\/www.weine-feinkost.de\/unterwegs\/wp-content\/uploads\/2023\/04\/Restaurant_Thomas_Schanz_Piesport_Deutschland_3-1200x900.jpg\"><img decoding=\"async\" srcset=\"https:\/\/i1.wp.com\/www.weine-feinkost.de\/unterwegs\/wp-content\/uploads\/2023\/04\/Restaurant_Thomas_Schanz_Piesport_Deutschland_3-1200x900.jpg?strip=info&#038;w=600&#038;ssl=1 600w,https:\/\/i1.wp.com\/www.weine-feinkost.de\/unterwegs\/wp-content\/uploads\/2023\/04\/Restaurant_Thomas_Schanz_Piesport_Deutschland_3-1200x900.jpg?strip=info&#038;w=900&#038;ssl=1 900w,https:\/\/i1.wp.com\/www.weine-feinkost.de\/unterwegs\/wp-content\/uploads\/2023\/04\/Restaurant_Thomas_Schanz_Piesport_Deutschland_3-1200x900.jpg?strip=info&#038;w=1200&#038;ssl=1 1200w\" alt=\"\" data-height=\"960\" data-id=\"198582\" data-link=\"https:\/\/www.weine-feinkost.de\/unterwegs\/?attachment_id=198582#main\" data-url=\"https:\/\/www.weine-feinkost.de\/unterwegs\/wp-content\/uploads\/2023\/04\/Restaurant_Thomas_Schanz_Piesport_Deutschland_3-1200x900.jpg\" data-width=\"1280\" src=\"https:\/\/i1.wp.com\/www.weine-feinkost.de\/unterwegs\/wp-content\/uploads\/2023\/04\/Restaurant_Thomas_Schanz_Piesport_Deutschland_3-1200x900.jpg?ssl=1\" data-amp-layout=\"responsive\"\/><\/a><\/figure><\/div><\/div><\/div><\/div>\n\n\n\n<p>Aber im <strong>Restaurant Schanz<\/strong> im kleinen beschaulichen Mosel\u00f6rtchen Piesport hat sich auch sonst noch einiges getan. Der Speisesaal erfuhr eine Modernisierung und gl\u00e4nzt nun in h\u00fcbschen, dunkleren Erdfarben und die auf die Tische zielgerichteten Lichtspots verbreiten Harmonie und Behaglichkeit. Das ganze Ambiente wirkt locker und freundlich. Das ist vortrefflich, wertig und sehr sch\u00f6n umgesetzt. W\u00fcrde die Musik von reinen Kl\u00e4ngen aus dem klassischen Genre noch ein wenig moderner und fr\u00f6hlicher aus den Boxen tr\u00e4llern, w\u00e4re der Wohlf\u00fchlfaktor bei 100 % angekommen. Durch die Absage einer Reservierung war ganz spontan ein Tisch zu ergattern, um sich in Piesport noch einmal so richtig kulinarisch verw\u00f6hnen zu lassen. Und das hat wie immer mehr als pr\u00e4chtig geklappt. Diesmal gab es sogar ein paar Speisen, welche den Grad an absoluter Harmonie verlassen haben und eher auf der provokanten Seite der Kochkunst stehen. Oder gab es schon einmal eine Kombination aus Passionsfrucht, Sardinen und Rotkohl oder gar Kaviar auf Banane? Das und alles andere wird von <strong>Thomas Schanz<\/strong> nicht nur brillant und sicher umgesetzt, dies ist auch die Best\u00e4tigung daf\u00fcr, was an Motivation, Kreativit\u00e4t und M\u00f6glichkeiten noch in diesem Kochgenie stecken. Die h\u00f6chsten Weihen sind schon erreicht, das n\u00e4chste Ziel scheinen neue, kulinarische Ufer zu sein. Wir freuen uns auf weitere Entdeckungsreisen in dieses au\u00dfergew\u00f6hnliche, nein in eines der besten Restaurants Deutschlands.<\/p>\n\n\n\n<div class=\"wp-block-media-text alignwide is-stacked-on-mobile\"><figure class=\"wp-block-media-text__media\"><a href=\"https:\/\/www.weine-feinkost.de\/unterwegs\/wp-content\/uploads\/2023\/04\/Restaurant_Thomas_Schanz_Piesport_Deutschland_6.jpg\"><img loading=\"lazy\" decoding=\"async\" width=\"1200\" height=\"900\" src=\"https:\/\/www.weine-feinkost.de\/unterwegs\/wp-content\/uploads\/2023\/04\/Restaurant_Thomas_Schanz_Piesport_Deutschland_6-1200x900.jpg\" alt=\"\" class=\"wp-image-198583 size-full\" srcset=\"https:\/\/www.weine-feinkost.de\/unterwegs\/wp-content\/uploads\/2023\/04\/Restaurant_Thomas_Schanz_Piesport_Deutschland_6-1200x900.jpg 1200w, https:\/\/www.weine-feinkost.de\/unterwegs\/wp-content\/uploads\/2023\/04\/Restaurant_Thomas_Schanz_Piesport_Deutschland_6-300x225.jpg 300w, https:\/\/www.weine-feinkost.de\/unterwegs\/wp-content\/uploads\/2023\/04\/Restaurant_Thomas_Schanz_Piesport_Deutschland_6-768x576.jpg 768w, https:\/\/www.weine-feinkost.de\/unterwegs\/wp-content\/uploads\/2023\/04\/Restaurant_Thomas_Schanz_Piesport_Deutschland_6.jpg 1280w\" sizes=\"auto, (max-width: 1200px) 100vw, 1200px\" \/><\/a><\/figure><div class=\"wp-block-media-text__content\">\n<p>Thunfisch gef\u00fcllt mit Forellenkaviar.<\/p>\n<\/div><\/div>\n\n\n\n<div class=\"wp-block-media-text alignwide is-stacked-on-mobile\"><figure class=\"wp-block-media-text__media\"><a href=\"https:\/\/www.weine-feinkost.de\/unterwegs\/wp-content\/uploads\/2023\/04\/Restaurant_Thomas_Schanz_Piesport_Deutschland_7.jpg\"><img loading=\"lazy\" decoding=\"async\" width=\"1200\" height=\"900\" src=\"https:\/\/www.weine-feinkost.de\/unterwegs\/wp-content\/uploads\/2023\/04\/Restaurant_Thomas_Schanz_Piesport_Deutschland_7-1200x900.jpg\" alt=\"\" class=\"wp-image-198584 size-full\" srcset=\"https:\/\/www.weine-feinkost.de\/unterwegs\/wp-content\/uploads\/2023\/04\/Restaurant_Thomas_Schanz_Piesport_Deutschland_7-1200x900.jpg 1200w, https:\/\/www.weine-feinkost.de\/unterwegs\/wp-content\/uploads\/2023\/04\/Restaurant_Thomas_Schanz_Piesport_Deutschland_7-300x225.jpg 300w, https:\/\/www.weine-feinkost.de\/unterwegs\/wp-content\/uploads\/2023\/04\/Restaurant_Thomas_Schanz_Piesport_Deutschland_7-768x576.jpg 768w, https:\/\/www.weine-feinkost.de\/unterwegs\/wp-content\/uploads\/2023\/04\/Restaurant_Thomas_Schanz_Piesport_Deutschland_7.jpg 1280w\" sizes=\"auto, (max-width: 1200px) 100vw, 1200px\" \/><\/a><\/figure><div class=\"wp-block-media-text__content\">\n<p>Pulpo, Kaviar, Blutwurst Tartelette.<\/p>\n<\/div><\/div>\n\n\n\n<div class=\"wp-block-media-text alignwide is-stacked-on-mobile\"><figure class=\"wp-block-media-text__media\"><a href=\"https:\/\/www.weine-feinkost.de\/unterwegs\/wp-content\/uploads\/2023\/04\/Restaurant_Thomas_Schanz_Piesport_Deutschland_8.jpg\"><img loading=\"lazy\" decoding=\"async\" width=\"1200\" height=\"900\" src=\"https:\/\/www.weine-feinkost.de\/unterwegs\/wp-content\/uploads\/2023\/04\/Restaurant_Thomas_Schanz_Piesport_Deutschland_8-1200x900.jpg\" alt=\"\" class=\"wp-image-198585 size-full\" srcset=\"https:\/\/www.weine-feinkost.de\/unterwegs\/wp-content\/uploads\/2023\/04\/Restaurant_Thomas_Schanz_Piesport_Deutschland_8-1200x900.jpg 1200w, https:\/\/www.weine-feinkost.de\/unterwegs\/wp-content\/uploads\/2023\/04\/Restaurant_Thomas_Schanz_Piesport_Deutschland_8-300x225.jpg 300w, https:\/\/www.weine-feinkost.de\/unterwegs\/wp-content\/uploads\/2023\/04\/Restaurant_Thomas_Schanz_Piesport_Deutschland_8-768x576.jpg 768w, https:\/\/www.weine-feinkost.de\/unterwegs\/wp-content\/uploads\/2023\/04\/Restaurant_Thomas_Schanz_Piesport_Deutschland_8.jpg 1280w\" sizes=\"auto, (max-width: 1200px) 100vw, 1200px\" \/><\/a><\/figure><div class=\"wp-block-media-text__content\">\n<p>Camarones und Lardo.<\/p>\n<\/div><\/div>\n\n\n\n<div class=\"wp-block-media-text alignwide has-media-on-the-right is-stacked-on-mobile\"><div class=\"wp-block-media-text__content\">\n<p>Brot, Traubenkern\u00f6l und Butter.<\/p>\n<\/div><figure class=\"wp-block-media-text__media\"><img loading=\"lazy\" decoding=\"async\" width=\"768\" height=\"1024\" src=\"https:\/\/www.weine-feinkost.de\/unterwegs\/wp-content\/uploads\/2023\/04\/Restaurant_Thomas_Schanz_Piesport_Deutschland_9-768x1024.jpg\" alt=\"\" class=\"wp-image-198586 size-full\" srcset=\"https:\/\/www.weine-feinkost.de\/unterwegs\/wp-content\/uploads\/2023\/04\/Restaurant_Thomas_Schanz_Piesport_Deutschland_9-768x1024.jpg 768w, https:\/\/www.weine-feinkost.de\/unterwegs\/wp-content\/uploads\/2023\/04\/Restaurant_Thomas_Schanz_Piesport_Deutschland_9-225x300.jpg 225w, https:\/\/www.weine-feinkost.de\/unterwegs\/wp-content\/uploads\/2023\/04\/Restaurant_Thomas_Schanz_Piesport_Deutschland_9.jpg 960w\" sizes=\"auto, (max-width: 768px) 100vw, 768px\" \/><\/figure><\/div>\n\n\n\n<div class=\"wp-block-media-text alignwide is-stacked-on-mobile\"><figure class=\"wp-block-media-text__media\"><img loading=\"lazy\" decoding=\"async\" width=\"768\" height=\"1024\" src=\"https:\/\/www.weine-feinkost.de\/unterwegs\/wp-content\/uploads\/2023\/04\/Restaurant_Thomas_Schanz_Piesport_Deutschland_12-768x1024.jpg\" alt=\"\" class=\"wp-image-198588 size-full\" srcset=\"https:\/\/www.weine-feinkost.de\/unterwegs\/wp-content\/uploads\/2023\/04\/Restaurant_Thomas_Schanz_Piesport_Deutschland_12-768x1024.jpg 768w, https:\/\/www.weine-feinkost.de\/unterwegs\/wp-content\/uploads\/2023\/04\/Restaurant_Thomas_Schanz_Piesport_Deutschland_12-225x300.jpg 225w, https:\/\/www.weine-feinkost.de\/unterwegs\/wp-content\/uploads\/2023\/04\/Restaurant_Thomas_Schanz_Piesport_Deutschland_12.jpg 960w\" sizes=\"auto, (max-width: 768px) 100vw, 768px\" \/><\/figure><div class=\"wp-block-media-text__content\">\n<p><\/p>\n<\/div><\/div>\n\n\n\n<div class=\"wp-block-media-text alignwide has-media-on-the-right is-stacked-on-mobile\"><div class=\"wp-block-media-text__content\">\n<p>Das getr\u00fcffelte Ei.<\/p>\n<\/div><figure class=\"wp-block-media-text__media\"><a href=\"https:\/\/www.weine-feinkost.de\/unterwegs\/wp-content\/uploads\/2023\/04\/Restaurant_Thomas_Schanz_Piesport_Deutschland_10.jpg\"><img loading=\"lazy\" decoding=\"async\" width=\"768\" height=\"1024\" src=\"https:\/\/www.weine-feinkost.de\/unterwegs\/wp-content\/uploads\/2023\/04\/Restaurant_Thomas_Schanz_Piesport_Deutschland_10-768x1024.jpg\" alt=\"\" class=\"wp-image-198587 size-full\" srcset=\"https:\/\/www.weine-feinkost.de\/unterwegs\/wp-content\/uploads\/2023\/04\/Restaurant_Thomas_Schanz_Piesport_Deutschland_10-768x1024.jpg 768w, https:\/\/www.weine-feinkost.de\/unterwegs\/wp-content\/uploads\/2023\/04\/Restaurant_Thomas_Schanz_Piesport_Deutschland_10-225x300.jpg 225w, https:\/\/www.weine-feinkost.de\/unterwegs\/wp-content\/uploads\/2023\/04\/Restaurant_Thomas_Schanz_Piesport_Deutschland_10.jpg 960w\" sizes=\"auto, (max-width: 768px) 100vw, 768px\" \/><\/a><\/figure><\/div>\n\n\n\n<div class=\"wp-block-media-text alignwide has-media-on-the-right is-stacked-on-mobile\"><div class=\"wp-block-media-text__content\">\n<p>Passionsfrucht, Sardinen, Rotkohl.<\/p>\n<\/div><figure class=\"wp-block-media-text__media\"><a href=\"https:\/\/www.weine-feinkost.de\/unterwegs\/wp-content\/uploads\/2023\/04\/Restaurant_Thomas_Schanz_Piesport_Deutschland_13.jpg\"><img loading=\"lazy\" decoding=\"async\" width=\"1200\" height=\"900\" src=\"https:\/\/www.weine-feinkost.de\/unterwegs\/wp-content\/uploads\/2023\/04\/Restaurant_Thomas_Schanz_Piesport_Deutschland_13-1200x900.jpg\" alt=\"\" class=\"wp-image-198589 size-full\" srcset=\"https:\/\/www.weine-feinkost.de\/unterwegs\/wp-content\/uploads\/2023\/04\/Restaurant_Thomas_Schanz_Piesport_Deutschland_13-1200x900.jpg 1200w, https:\/\/www.weine-feinkost.de\/unterwegs\/wp-content\/uploads\/2023\/04\/Restaurant_Thomas_Schanz_Piesport_Deutschland_13-300x225.jpg 300w, https:\/\/www.weine-feinkost.de\/unterwegs\/wp-content\/uploads\/2023\/04\/Restaurant_Thomas_Schanz_Piesport_Deutschland_13-768x576.jpg 768w, https:\/\/www.weine-feinkost.de\/unterwegs\/wp-content\/uploads\/2023\/04\/Restaurant_Thomas_Schanz_Piesport_Deutschland_13.jpg 1280w\" sizes=\"auto, (max-width: 1200px) 100vw, 1200px\" \/><\/a><\/figure><\/div>\n\n\n\n<div class=\"wp-block-media-text alignwide has-media-on-the-right is-stacked-on-mobile\"><div class=\"wp-block-media-text__content\">\n<p>Rosace von der G\u00e4nseleber mit Schafsk\u00e4se, karamellisierten Bucheckern und Pfeffereis.<\/p>\n<\/div><figure class=\"wp-block-media-text__media\"><a href=\"https:\/\/www.weine-feinkost.de\/unterwegs\/wp-content\/uploads\/2023\/04\/Restaurant_Thomas_Schanz_Piesport_Deutschland_14.jpg\"><img loading=\"lazy\" decoding=\"async\" width=\"768\" height=\"1024\" src=\"https:\/\/www.weine-feinkost.de\/unterwegs\/wp-content\/uploads\/2023\/04\/Restaurant_Thomas_Schanz_Piesport_Deutschland_14-768x1024.jpg\" alt=\"\" class=\"wp-image-198590 size-full\" srcset=\"https:\/\/www.weine-feinkost.de\/unterwegs\/wp-content\/uploads\/2023\/04\/Restaurant_Thomas_Schanz_Piesport_Deutschland_14-768x1024.jpg 768w, https:\/\/www.weine-feinkost.de\/unterwegs\/wp-content\/uploads\/2023\/04\/Restaurant_Thomas_Schanz_Piesport_Deutschland_14-225x300.jpg 225w, https:\/\/www.weine-feinkost.de\/unterwegs\/wp-content\/uploads\/2023\/04\/Restaurant_Thomas_Schanz_Piesport_Deutschland_14.jpg 960w\" sizes=\"auto, (max-width: 768px) 100vw, 768px\" \/><\/a><\/figure><\/div>\n\n\n\n<div class=\"wp-block-media-text alignwide is-stacked-on-mobile\"><figure class=\"wp-block-media-text__media\"><img loading=\"lazy\" decoding=\"async\" width=\"768\" height=\"1024\" src=\"https:\/\/www.weine-feinkost.de\/unterwegs\/wp-content\/uploads\/2023\/04\/Restaurant_Thomas_Schanz_Piesport_Deutschland_16-768x1024.jpg\" alt=\"\" class=\"wp-image-198592 size-full\" srcset=\"https:\/\/www.weine-feinkost.de\/unterwegs\/wp-content\/uploads\/2023\/04\/Restaurant_Thomas_Schanz_Piesport_Deutschland_16-768x1024.jpg 768w, https:\/\/www.weine-feinkost.de\/unterwegs\/wp-content\/uploads\/2023\/04\/Restaurant_Thomas_Schanz_Piesport_Deutschland_16-225x300.jpg 225w, https:\/\/www.weine-feinkost.de\/unterwegs\/wp-content\/uploads\/2023\/04\/Restaurant_Thomas_Schanz_Piesport_Deutschland_16.jpg 960w\" sizes=\"auto, (max-width: 768px) 100vw, 768px\" \/><\/figure><div class=\"wp-block-media-text__content\">\n<p><\/p>\n<\/div><\/div>\n\n\n\n<div class=\"wp-block-media-text alignwide has-media-on-the-right is-stacked-on-mobile\"><div class=\"wp-block-media-text__content\">\n<p>Pochierte Felsenrotbarbe mit Imperial Gold Kaviar, Banane und Kardamom-Rieslingsud.<\/p>\n<\/div><figure class=\"wp-block-media-text__media\"><a href=\"https:\/\/www.weine-feinkost.de\/unterwegs\/wp-content\/uploads\/2023\/04\/Restaurant_Thomas_Schanz_Piesport_Deutschland_17.jpg\"><img loading=\"lazy\" decoding=\"async\" width=\"1200\" height=\"900\" src=\"https:\/\/www.weine-feinkost.de\/unterwegs\/wp-content\/uploads\/2023\/04\/Restaurant_Thomas_Schanz_Piesport_Deutschland_17-1200x900.jpg\" alt=\"\" class=\"wp-image-198593 size-full\" srcset=\"https:\/\/www.weine-feinkost.de\/unterwegs\/wp-content\/uploads\/2023\/04\/Restaurant_Thomas_Schanz_Piesport_Deutschland_17-1200x900.jpg 1200w, https:\/\/www.weine-feinkost.de\/unterwegs\/wp-content\/uploads\/2023\/04\/Restaurant_Thomas_Schanz_Piesport_Deutschland_17-300x225.jpg 300w, https:\/\/www.weine-feinkost.de\/unterwegs\/wp-content\/uploads\/2023\/04\/Restaurant_Thomas_Schanz_Piesport_Deutschland_17-768x576.jpg 768w, https:\/\/www.weine-feinkost.de\/unterwegs\/wp-content\/uploads\/2023\/04\/Restaurant_Thomas_Schanz_Piesport_Deutschland_17.jpg 1280w\" sizes=\"auto, (max-width: 1200px) 100vw, 1200px\" \/><\/a><\/figure><\/div>\n\n\n\n<div class=\"wp-block-media-text alignwide has-media-on-the-right is-stacked-on-mobile\"><div class=\"wp-block-media-text__content\">\n<p>Arktischer Schwarzer Seehecht mit Tannen Wipfel, Angostura-K\u00fcrbis und Muskatnuss-Consomm\u00e9.<\/p>\n<\/div><figure class=\"wp-block-media-text__media\"><a href=\"https:\/\/www.weine-feinkost.de\/unterwegs\/wp-content\/uploads\/2023\/04\/Restaurant_Thomas_Schanz_Piesport_Deutschland_18.jpg\"><img loading=\"lazy\" decoding=\"async\" width=\"1200\" height=\"900\" src=\"https:\/\/www.weine-feinkost.de\/unterwegs\/wp-content\/uploads\/2023\/04\/Restaurant_Thomas_Schanz_Piesport_Deutschland_18-1200x900.jpg\" alt=\"\" class=\"wp-image-198594 size-full\" srcset=\"https:\/\/www.weine-feinkost.de\/unterwegs\/wp-content\/uploads\/2023\/04\/Restaurant_Thomas_Schanz_Piesport_Deutschland_18-1200x900.jpg 1200w, https:\/\/www.weine-feinkost.de\/unterwegs\/wp-content\/uploads\/2023\/04\/Restaurant_Thomas_Schanz_Piesport_Deutschland_18-300x225.jpg 300w, https:\/\/www.weine-feinkost.de\/unterwegs\/wp-content\/uploads\/2023\/04\/Restaurant_Thomas_Schanz_Piesport_Deutschland_18-768x576.jpg 768w, https:\/\/www.weine-feinkost.de\/unterwegs\/wp-content\/uploads\/2023\/04\/Restaurant_Thomas_Schanz_Piesport_Deutschland_18.jpg 1280w\" sizes=\"auto, (max-width: 1200px) 100vw, 1200px\" \/><\/a><\/figure><\/div>\n\n\n\n<div class=\"wp-block-media-text alignwide has-media-on-the-right is-stacked-on-mobile\"><div class=\"wp-block-media-text__content\">\n<p>In der Schale gegrillter Hummer aus Saint Malo mit Schweinebauch, Kapern und Grapefruit Bouillon.<\/p>\n<\/div><figure class=\"wp-block-media-text__media\"><a href=\"https:\/\/www.weine-feinkost.de\/unterwegs\/wp-content\/uploads\/2023\/04\/Restaurant_Thomas_Schanz_Piesport_Deutschland_19.jpg\"><img loading=\"lazy\" decoding=\"async\" width=\"768\" height=\"1024\" src=\"https:\/\/www.weine-feinkost.de\/unterwegs\/wp-content\/uploads\/2023\/04\/Restaurant_Thomas_Schanz_Piesport_Deutschland_19-768x1024.jpg\" alt=\"\" class=\"wp-image-198595 size-full\" srcset=\"https:\/\/www.weine-feinkost.de\/unterwegs\/wp-content\/uploads\/2023\/04\/Restaurant_Thomas_Schanz_Piesport_Deutschland_19-768x1024.jpg 768w, https:\/\/www.weine-feinkost.de\/unterwegs\/wp-content\/uploads\/2023\/04\/Restaurant_Thomas_Schanz_Piesport_Deutschland_19-225x300.jpg 225w, https:\/\/www.weine-feinkost.de\/unterwegs\/wp-content\/uploads\/2023\/04\/Restaurant_Thomas_Schanz_Piesport_Deutschland_19.jpg 960w\" sizes=\"auto, (max-width: 768px) 100vw, 768px\" \/><\/a><\/figure><\/div>\n\n\n\n<div class=\"wp-block-media-text alignwide has-media-on-the-right is-stacked-on-mobile\"><div class=\"wp-block-media-text__content\">\n<p>Getr\u00fcffelte Ballotine vom Kalbsfilet und Bries mit jungen M\u00f6hren und Pommes Anna.<\/p>\n<\/div><figure class=\"wp-block-media-text__media\"><a href=\"https:\/\/www.weine-feinkost.de\/unterwegs\/wp-content\/uploads\/2023\/04\/Restaurant_Thomas_Schanz_Piesport_Deutschland_21.jpg\"><img loading=\"lazy\" decoding=\"async\" width=\"1200\" height=\"900\" src=\"https:\/\/www.weine-feinkost.de\/unterwegs\/wp-content\/uploads\/2023\/04\/Restaurant_Thomas_Schanz_Piesport_Deutschland_21-1200x900.jpg\" alt=\"\" class=\"wp-image-198596 size-full\" srcset=\"https:\/\/www.weine-feinkost.de\/unterwegs\/wp-content\/uploads\/2023\/04\/Restaurant_Thomas_Schanz_Piesport_Deutschland_21-1200x900.jpg 1200w, https:\/\/www.weine-feinkost.de\/unterwegs\/wp-content\/uploads\/2023\/04\/Restaurant_Thomas_Schanz_Piesport_Deutschland_21-300x225.jpg 300w, https:\/\/www.weine-feinkost.de\/unterwegs\/wp-content\/uploads\/2023\/04\/Restaurant_Thomas_Schanz_Piesport_Deutschland_21-768x576.jpg 768w, https:\/\/www.weine-feinkost.de\/unterwegs\/wp-content\/uploads\/2023\/04\/Restaurant_Thomas_Schanz_Piesport_Deutschland_21.jpg 1280w\" sizes=\"auto, (max-width: 1200px) 100vw, 1200px\" \/><\/a><\/figure><\/div>\n\n\n\n<div class=\"wp-block-media-text alignwide has-media-on-the-right is-stacked-on-mobile\"><div class=\"wp-block-media-text__content\">\n<p>Carr\u00e9e und Bries-Artischocke vom walisischen Lamm mit breiten Bohnen, Tropfenpaprika und griechischem Joghurt.<\/p>\n<\/div><figure class=\"wp-block-media-text__media\"><a href=\"https:\/\/www.weine-feinkost.de\/unterwegs\/wp-content\/uploads\/2023\/04\/Restaurant_Thomas_Schanz_Piesport_Deutschland_22.jpg\"><img loading=\"lazy\" decoding=\"async\" width=\"1200\" height=\"900\" src=\"https:\/\/www.weine-feinkost.de\/unterwegs\/wp-content\/uploads\/2023\/04\/Restaurant_Thomas_Schanz_Piesport_Deutschland_22-1200x900.jpg\" alt=\"\" class=\"wp-image-198597 size-full\" srcset=\"https:\/\/www.weine-feinkost.de\/unterwegs\/wp-content\/uploads\/2023\/04\/Restaurant_Thomas_Schanz_Piesport_Deutschland_22-1200x900.jpg 1200w, https:\/\/www.weine-feinkost.de\/unterwegs\/wp-content\/uploads\/2023\/04\/Restaurant_Thomas_Schanz_Piesport_Deutschland_22-300x225.jpg 300w, https:\/\/www.weine-feinkost.de\/unterwegs\/wp-content\/uploads\/2023\/04\/Restaurant_Thomas_Schanz_Piesport_Deutschland_22-768x576.jpg 768w, https:\/\/www.weine-feinkost.de\/unterwegs\/wp-content\/uploads\/2023\/04\/Restaurant_Thomas_Schanz_Piesport_Deutschland_22.jpg 1280w\" sizes=\"auto, (max-width: 1200px) 100vw, 1200px\" \/><\/a><\/figure><\/div>\n\n\n\n<div class=\"wp-block-media-text alignwide is-stacked-on-mobile\"><figure class=\"wp-block-media-text__media\"><a href=\"https:\/\/www.weine-feinkost.de\/unterwegs\/wp-content\/uploads\/2023\/04\/Restaurant_Thomas_Schanz_Piesport_Deutschland_23.jpg\"><img loading=\"lazy\" decoding=\"async\" width=\"1200\" height=\"900\" src=\"https:\/\/www.weine-feinkost.de\/unterwegs\/wp-content\/uploads\/2023\/04\/Restaurant_Thomas_Schanz_Piesport_Deutschland_23-1200x900.jpg\" alt=\"\" class=\"wp-image-198598 size-full\" srcset=\"https:\/\/www.weine-feinkost.de\/unterwegs\/wp-content\/uploads\/2023\/04\/Restaurant_Thomas_Schanz_Piesport_Deutschland_23-1200x900.jpg 1200w, https:\/\/www.weine-feinkost.de\/unterwegs\/wp-content\/uploads\/2023\/04\/Restaurant_Thomas_Schanz_Piesport_Deutschland_23-300x225.jpg 300w, https:\/\/www.weine-feinkost.de\/unterwegs\/wp-content\/uploads\/2023\/04\/Restaurant_Thomas_Schanz_Piesport_Deutschland_23-768x576.jpg 768w, https:\/\/www.weine-feinkost.de\/unterwegs\/wp-content\/uploads\/2023\/04\/Restaurant_Thomas_Schanz_Piesport_Deutschland_23.jpg 1280w\" sizes=\"auto, (max-width: 1200px) 100vw, 1200px\" \/><\/a><\/figure><div class=\"wp-block-media-text__content\">\n<p>Navelina-Orange mit Oliven aus Arag\u00f3n und Melisse.<\/p>\n<\/div><\/div>\n\n\n\n<div class=\"wp-block-media-text alignwide is-stacked-on-mobile\"><figure class=\"wp-block-media-text__media\"><a href=\"https:\/\/www.weine-feinkost.de\/unterwegs\/wp-content\/uploads\/2023\/04\/Restaurant_Thomas_Schanz_Piesport_Deutschland_24.jpg\"><img loading=\"lazy\" decoding=\"async\" width=\"768\" height=\"1024\" src=\"https:\/\/www.weine-feinkost.de\/unterwegs\/wp-content\/uploads\/2023\/04\/Restaurant_Thomas_Schanz_Piesport_Deutschland_24-768x1024.jpg\" alt=\"\" class=\"wp-image-198599 size-full\" srcset=\"https:\/\/www.weine-feinkost.de\/unterwegs\/wp-content\/uploads\/2023\/04\/Restaurant_Thomas_Schanz_Piesport_Deutschland_24-768x1024.jpg 768w, https:\/\/www.weine-feinkost.de\/unterwegs\/wp-content\/uploads\/2023\/04\/Restaurant_Thomas_Schanz_Piesport_Deutschland_24-225x300.jpg 225w, https:\/\/www.weine-feinkost.de\/unterwegs\/wp-content\/uploads\/2023\/04\/Restaurant_Thomas_Schanz_Piesport_Deutschland_24.jpg 960w\" sizes=\"auto, (max-width: 768px) 100vw, 768px\" \/><\/a><\/figure><div class=\"wp-block-media-text__content\">\n<p>Mango Ragout, Mango Sorbet, Kokosnuss und Pina Colada Schaum.<\/p>\n<\/div><\/div>\n\n\n\n<div class=\"wp-block-media-text alignwide has-media-on-the-right is-stacked-on-mobile\"><div class=\"wp-block-media-text__content\">\n<p>Petit Fours.<\/p>\n<\/div><figure class=\"wp-block-media-text__media\"><a href=\"https:\/\/www.weine-feinkost.de\/unterwegs\/wp-content\/uploads\/2023\/04\/Restaurant_Thomas_Schanz_Piesport_Deutschland_25.jpg\"><img loading=\"lazy\" decoding=\"async\" width=\"1200\" height=\"900\" src=\"https:\/\/www.weine-feinkost.de\/unterwegs\/wp-content\/uploads\/2023\/04\/Restaurant_Thomas_Schanz_Piesport_Deutschland_25-1200x900.jpg\" alt=\"\" class=\"wp-image-198600 size-full\" srcset=\"https:\/\/www.weine-feinkost.de\/unterwegs\/wp-content\/uploads\/2023\/04\/Restaurant_Thomas_Schanz_Piesport_Deutschland_25-1200x900.jpg 1200w, https:\/\/www.weine-feinkost.de\/unterwegs\/wp-content\/uploads\/2023\/04\/Restaurant_Thomas_Schanz_Piesport_Deutschland_25-300x225.jpg 300w, https:\/\/www.weine-feinkost.de\/unterwegs\/wp-content\/uploads\/2023\/04\/Restaurant_Thomas_Schanz_Piesport_Deutschland_25-768x576.jpg 768w, https:\/\/www.weine-feinkost.de\/unterwegs\/wp-content\/uploads\/2023\/04\/Restaurant_Thomas_Schanz_Piesport_Deutschland_25.jpg 1280w\" sizes=\"auto, (max-width: 1200px) 100vw, 1200px\" \/><\/a><\/figure><\/div>\n\n\n\n<div class=\"wp-block-media-text alignwide has-media-on-the-right is-stacked-on-mobile\"><div class=\"wp-block-media-text__content\">\n<p>Gestockte Gew\u00fcrzmilch.<\/p>\n<\/div><figure class=\"wp-block-media-text__media\"><a href=\"https:\/\/www.weine-feinkost.de\/unterwegs\/wp-content\/uploads\/2023\/04\/Restaurant_Thomas_Schanz_Piesport_Deutschland_26.jpg\"><img loading=\"lazy\" decoding=\"async\" width=\"1200\" height=\"900\" src=\"https:\/\/www.weine-feinkost.de\/unterwegs\/wp-content\/uploads\/2023\/04\/Restaurant_Thomas_Schanz_Piesport_Deutschland_26-1200x900.jpg\" alt=\"\" class=\"wp-image-198601 size-full\" srcset=\"https:\/\/www.weine-feinkost.de\/unterwegs\/wp-content\/uploads\/2023\/04\/Restaurant_Thomas_Schanz_Piesport_Deutschland_26-1200x900.jpg 1200w, https:\/\/www.weine-feinkost.de\/unterwegs\/wp-content\/uploads\/2023\/04\/Restaurant_Thomas_Schanz_Piesport_Deutschland_26-300x225.jpg 300w, https:\/\/www.weine-feinkost.de\/unterwegs\/wp-content\/uploads\/2023\/04\/Restaurant_Thomas_Schanz_Piesport_Deutschland_26-768x576.jpg 768w, https:\/\/www.weine-feinkost.de\/unterwegs\/wp-content\/uploads\/2023\/04\/Restaurant_Thomas_Schanz_Piesport_Deutschland_26.jpg 1280w\" sizes=\"auto, (max-width: 1200px) 100vw, 1200px\" \/><\/a><\/figure><\/div>\n\n\n\n<div class=\"wp-block-media-text alignwide has-media-on-the-right is-stacked-on-mobile\"><div class=\"wp-block-media-text__content\">\n<p>Nougat de Montelimar.<\/p>\n<\/div><figure class=\"wp-block-media-text__media\"><a href=\"https:\/\/www.weine-feinkost.de\/unterwegs\/wp-content\/uploads\/2023\/04\/Restaurant_Thomas_Schanz_Piesport_Deutschland_27.jpg\"><img loading=\"lazy\" decoding=\"async\" width=\"1200\" height=\"900\" src=\"https:\/\/www.weine-feinkost.de\/unterwegs\/wp-content\/uploads\/2023\/04\/Restaurant_Thomas_Schanz_Piesport_Deutschland_27-1200x900.jpg\" alt=\"\" class=\"wp-image-198602 size-full\" srcset=\"https:\/\/www.weine-feinkost.de\/unterwegs\/wp-content\/uploads\/2023\/04\/Restaurant_Thomas_Schanz_Piesport_Deutschland_27-1200x900.jpg 1200w, https:\/\/www.weine-feinkost.de\/unterwegs\/wp-content\/uploads\/2023\/04\/Restaurant_Thomas_Schanz_Piesport_Deutschland_27-300x225.jpg 300w, https:\/\/www.weine-feinkost.de\/unterwegs\/wp-content\/uploads\/2023\/04\/Restaurant_Thomas_Schanz_Piesport_Deutschland_27-768x576.jpg 768w, https:\/\/www.weine-feinkost.de\/unterwegs\/wp-content\/uploads\/2023\/04\/Restaurant_Thomas_Schanz_Piesport_Deutschland_27.jpg 1280w\" sizes=\"auto, (max-width: 1200px) 100vw, 1200px\" \/><\/a><\/figure><\/div>\n\n\n\n<div class=\"wp-block-media-text alignwide is-stacked-on-mobile\"><figure class=\"wp-block-media-text__media\"><img loading=\"lazy\" decoding=\"async\" width=\"768\" height=\"1024\" src=\"https:\/\/www.weine-feinkost.de\/unterwegs\/wp-content\/uploads\/2023\/04\/Restaurant_Thomas_Schanz_Piesport_Deutschland_28-768x1024.jpg\" alt=\"\" class=\"wp-image-198603 size-full\" srcset=\"https:\/\/www.weine-feinkost.de\/unterwegs\/wp-content\/uploads\/2023\/04\/Restaurant_Thomas_Schanz_Piesport_Deutschland_28-768x1024.jpg 768w, https:\/\/www.weine-feinkost.de\/unterwegs\/wp-content\/uploads\/2023\/04\/Restaurant_Thomas_Schanz_Piesport_Deutschland_28-225x300.jpg 225w, https:\/\/www.weine-feinkost.de\/unterwegs\/wp-content\/uploads\/2023\/04\/Restaurant_Thomas_Schanz_Piesport_Deutschland_28.jpg 960w\" sizes=\"auto, (max-width: 768px) 100vw, 768px\" \/><\/figure><div class=\"wp-block-media-text__content\">\n<p>Tsch\u00fcss &#8230; wir freuen uns schon auf das n\u00e4chste Ma(h)l. \ud83d\ude04<\/p>\n<\/div><\/div>\n\n\n\n<p><strong>Restaurant Schanz<\/strong>, Bahnhofstra\u00dfe 8A, 54498 Piesport, Deutschland, Telefon: +49 6507 92520,&nbsp;<a href=\"https:\/\/www.schanz-restaurant.de\/de\/\">https:\/\/www.schanz-restaurant.de\/de\/<\/a><\/p>\n","protected":false},"excerpt":{"rendered":"<p>Eigentlich schon immer eine Reise wert Paul Bocuse hatte sie und Ferran Adri\u00e0 auch, Gordan Ramsay hat sie noch immer und Thomas Schanz aus Piesport nun endlich auch. Die Rede ist von den ber\u00fchmten drei Michelin Sternen, welche Jahr f\u00fcr Jahr an die Restaurants verliehen werden, die in ihrem Bereich das Ma\u00df aller Dinge sind. &#8230; <a title=\"Restaurant Thomas Schanz &#8211; Piesport &#8211; Deutschland\" class=\"read-more\" href=\"https:\/\/www.weine-feinkost.de\/unterwegs\/2023\/05\/restaurant-thomas-schanz-piesport-deutschlan\/\" aria-label=\"Mehr dazu unter Restaurant Thomas Schanz &#8211; Piesport &#8211; Deutschland\">Weiterlesen<\/a><\/p>\n","protected":false},"author":7,"featured_media":198604,"comment_status":"open","ping_status":"open","sticky":false,"template":"","format":"standard","meta":{"_jetpack_newsletter_access":"","_jetpack_dont_email_post_to_subs":false,"_jetpack_newsletter_tier_id":0,"_jetpack_memberships_contains_paywalled_content":false,"_jetpack_feature_clip_id":0,"_jetpack_memberships_contains_paid_content":false,"footnotes":"","jetpack_publicize_message":"","jetpack_publicize_feature_enabled":true,"jetpack_social_post_already_shared":true,"jetpack_social_options":{"image_generator_settings":{"template":"highway","default_image_id":0,"font":"","enabled":false},"version":2},"jetpack_post_was_ever_published":false},"categories":[31,41,13],"tags":[2933,3261,1489,200,873,73,874,1906],"post_folder":[],"class_list":["post-198567","post","type-post","status-publish","format-standard","has-post-thumbnail","hentry","category-deutschland-restaurants","category-michelin-star","category-restaurants","tag-drei-sterne","tag-gourmet","tag-michelin","tag-mosel","tag-piesport","tag-restaurant","tag-schanz","tag-thomas-schanz"],"yoast_head":"<!-- This site is optimized with the Yoast SEO plugin v28.3 - https:\/\/yoast.com\/product\/yoast-seo-wordpress\/ -->\n<title>Restaurant Thomas Schanz - Piesport - Deutschland - Unterwegs mit Weine &amp; Feinkost<\/title>\n<meta name=\"robots\" content=\"index, follow, max-snippet:-1, max-image-preview:large, max-video-preview:-1\" \/>\n<link rel=\"canonical\" href=\"https:\/\/www.weine-feinkost.de\/unterwegs\/2023\/05\/restaurant-thomas-schanz-piesport-deutschlan\/\" \/>\n<meta property=\"og:locale\" content=\"de_DE\" \/>\n<meta property=\"og:type\" content=\"article\" \/>\n<meta property=\"og:title\" content=\"Restaurant Thomas Schanz - Piesport - Deutschland - Unterwegs mit Weine &amp; Feinkost\" \/>\n<meta property=\"og:description\" content=\"Eigentlich schon immer eine Reise wert Paul Bocuse hatte sie und Ferran Adri\u00e0 auch, Gordan Ramsay hat sie noch immer und Thomas Schanz aus Piesport nun endlich auch. Die Rede ist von den ber\u00fchmten drei Michelin Sternen, welche Jahr f\u00fcr Jahr an die Restaurants verliehen werden, die in ihrem Bereich das Ma\u00df aller Dinge sind. ... Weiterlesen\" \/>\n<meta property=\"og:url\" content=\"https:\/\/www.weine-feinkost.de\/unterwegs\/2023\/05\/restaurant-thomas-schanz-piesport-deutschlan\/\" \/>\n<meta property=\"og:site_name\" content=\"Unterwegs mit Weine &amp; Feinkost\" \/>\n<meta property=\"article:published_time\" content=\"2023-05-22T15:00:00+00:00\" \/>\n<meta property=\"og:image\" content=\"https:\/\/www.weine-feinkost.de\/unterwegs\/wp-content\/uploads\/2023\/04\/Restaurant_Thomas_Schanz_Piesport_Deutschland_Titelbild.jpg\" \/>\n\t<meta property=\"og:image:width\" content=\"1920\" \/>\n\t<meta property=\"og:image:height\" content=\"1440\" \/>\n\t<meta property=\"og:image:type\" content=\"image\/jpeg\" \/>\n<meta name=\"author\" content=\"Christian Fenske\" \/>\n<meta name=\"twitter:card\" content=\"summary_large_image\" \/>\n<meta name=\"twitter:label1\" content=\"Verfasst von\" \/>\n\t<meta name=\"twitter:data1\" content=\"Christian Fenske\" \/>\n\t<meta name=\"twitter:label2\" content=\"Gesch\u00e4tzte Lesezeit\" \/>\n\t<meta name=\"twitter:data2\" content=\"8\u00a0Minuten\" \/>\n<script type=\"application\/ld+json\" class=\"yoast-schema-graph\">{\"@context\":\"https:\\\/\\\/schema.org\",\"@graph\":[{\"@type\":\"Article\",\"@id\":\"https:\\\/\\\/www.weine-feinkost.de\\\/unterwegs\\\/2023\\\/05\\\/restaurant-thomas-schanz-piesport-deutschlan\\\/#article\",\"isPartOf\":{\"@id\":\"https:\\\/\\\/www.weine-feinkost.de\\\/unterwegs\\\/2023\\\/05\\\/restaurant-thomas-schanz-piesport-deutschlan\\\/\"},\"author\":{\"name\":\"Christian Fenske\",\"@id\":\"https:\\\/\\\/www.weine-feinkost.de\\\/unterwegs\\\/#\\\/schema\\\/person\\\/c07d66169fd0e04307bfe7cdc99ac26a\"},\"headline\":\"Restaurant Thomas Schanz &#8211; Piesport &#8211; Deutschland\",\"datePublished\":\"2023-05-22T15:00:00+00:00\",\"mainEntityOfPage\":{\"@id\":\"https:\\\/\\\/www.weine-feinkost.de\\\/unterwegs\\\/2023\\\/05\\\/restaurant-thomas-schanz-piesport-deutschlan\\\/\"},\"wordCount\":548,\"commentCount\":0,\"publisher\":{\"@id\":\"https:\\\/\\\/www.weine-feinkost.de\\\/unterwegs\\\/#organization\"},\"image\":{\"@id\":\"https:\\\/\\\/www.weine-feinkost.de\\\/unterwegs\\\/2023\\\/05\\\/restaurant-thomas-schanz-piesport-deutschlan\\\/#primaryimage\"},\"thumbnailUrl\":\"https:\\\/\\\/www.weine-feinkost.de\\\/unterwegs\\\/wp-content\\\/uploads\\\/2023\\\/04\\\/Restaurant_Thomas_Schanz_Piesport_Deutschland_Titelbild.jpg\",\"keywords\":[\"Drei Sterne\",\"Gourmet\",\"Michelin\",\"Mosel\",\"Piesport\",\"Restaurant\",\"Schanz\",\"Thomas Schanz\"],\"articleSection\":[\"Deutschland\",\"Michelin Star\",\"Restaurants\"],\"inLanguage\":\"de\",\"potentialAction\":[{\"@type\":\"CommentAction\",\"name\":\"Comment\",\"target\":[\"https:\\\/\\\/www.weine-feinkost.de\\\/unterwegs\\\/2023\\\/05\\\/restaurant-thomas-schanz-piesport-deutschlan\\\/#respond\"]}]},{\"@type\":\"WebPage\",\"@id\":\"https:\\\/\\\/www.weine-feinkost.de\\\/unterwegs\\\/2023\\\/05\\\/restaurant-thomas-schanz-piesport-deutschlan\\\/\",\"url\":\"https:\\\/\\\/www.weine-feinkost.de\\\/unterwegs\\\/2023\\\/05\\\/restaurant-thomas-schanz-piesport-deutschlan\\\/\",\"name\":\"Restaurant Thomas Schanz - Piesport - Deutschland - Unterwegs mit Weine &amp; Feinkost\",\"isPartOf\":{\"@id\":\"https:\\\/\\\/www.weine-feinkost.de\\\/unterwegs\\\/#website\"},\"primaryImageOfPage\":{\"@id\":\"https:\\\/\\\/www.weine-feinkost.de\\\/unterwegs\\\/2023\\\/05\\\/restaurant-thomas-schanz-piesport-deutschlan\\\/#primaryimage\"},\"image\":{\"@id\":\"https:\\\/\\\/www.weine-feinkost.de\\\/unterwegs\\\/2023\\\/05\\\/restaurant-thomas-schanz-piesport-deutschlan\\\/#primaryimage\"},\"thumbnailUrl\":\"https:\\\/\\\/www.weine-feinkost.de\\\/unterwegs\\\/wp-content\\\/uploads\\\/2023\\\/04\\\/Restaurant_Thomas_Schanz_Piesport_Deutschland_Titelbild.jpg\",\"datePublished\":\"2023-05-22T15:00:00+00:00\",\"breadcrumb\":{\"@id\":\"https:\\\/\\\/www.weine-feinkost.de\\\/unterwegs\\\/2023\\\/05\\\/restaurant-thomas-schanz-piesport-deutschlan\\\/#breadcrumb\"},\"inLanguage\":\"de\",\"potentialAction\":[{\"@type\":\"ReadAction\",\"target\":[\"https:\\\/\\\/www.weine-feinkost.de\\\/unterwegs\\\/2023\\\/05\\\/restaurant-thomas-schanz-piesport-deutschlan\\\/\"]}]},{\"@type\":\"ImageObject\",\"inLanguage\":\"de\",\"@id\":\"https:\\\/\\\/www.weine-feinkost.de\\\/unterwegs\\\/2023\\\/05\\\/restaurant-thomas-schanz-piesport-deutschlan\\\/#primaryimage\",\"url\":\"https:\\\/\\\/www.weine-feinkost.de\\\/unterwegs\\\/wp-content\\\/uploads\\\/2023\\\/04\\\/Restaurant_Thomas_Schanz_Piesport_Deutschland_Titelbild.jpg\",\"contentUrl\":\"https:\\\/\\\/www.weine-feinkost.de\\\/unterwegs\\\/wp-content\\\/uploads\\\/2023\\\/04\\\/Restaurant_Thomas_Schanz_Piesport_Deutschland_Titelbild.jpg\",\"width\":1920,\"height\":1440},{\"@type\":\"BreadcrumbList\",\"@id\":\"https:\\\/\\\/www.weine-feinkost.de\\\/unterwegs\\\/2023\\\/05\\\/restaurant-thomas-schanz-piesport-deutschlan\\\/#breadcrumb\",\"itemListElement\":[{\"@type\":\"ListItem\",\"position\":1,\"name\":\"Startseite\",\"item\":\"https:\\\/\\\/www.weine-feinkost.de\\\/unterwegs\\\/\"},{\"@type\":\"ListItem\",\"position\":2,\"name\":\"Restaurant Thomas Schanz &#8211; Piesport &#8211; Deutschland\"}]},{\"@type\":\"WebSite\",\"@id\":\"https:\\\/\\\/www.weine-feinkost.de\\\/unterwegs\\\/#website\",\"url\":\"https:\\\/\\\/www.weine-feinkost.de\\\/unterwegs\\\/\",\"name\":\"Unterwegs mit Weine &amp; Feinkost\",\"description\":\"Entdecken Sie Genuss\",\"publisher\":{\"@id\":\"https:\\\/\\\/www.weine-feinkost.de\\\/unterwegs\\\/#organization\"},\"potentialAction\":[{\"@type\":\"SearchAction\",\"target\":{\"@type\":\"EntryPoint\",\"urlTemplate\":\"https:\\\/\\\/www.weine-feinkost.de\\\/unterwegs\\\/?s={search_term_string}\"},\"query-input\":{\"@type\":\"PropertyValueSpecification\",\"valueRequired\":true,\"valueName\":\"search_term_string\"}}],\"inLanguage\":\"de\"},{\"@type\":\"Organization\",\"@id\":\"https:\\\/\\\/www.weine-feinkost.de\\\/unterwegs\\\/#organization\",\"name\":\"Unterwegs mit Weine &amp; Feinkost\",\"url\":\"https:\\\/\\\/www.weine-feinkost.de\\\/unterwegs\\\/\",\"logo\":{\"@type\":\"ImageObject\",\"inLanguage\":\"de\",\"@id\":\"https:\\\/\\\/www.weine-feinkost.de\\\/unterwegs\\\/#\\\/schema\\\/logo\\\/image\\\/\",\"url\":\"https:\\\/\\\/www.weine-feinkost.de\\\/unterwegs\\\/wp-content\\\/uploads\\\/2022\\\/10\\\/logo_weinefeinkost_unterwegs_450x171.png\",\"contentUrl\":\"https:\\\/\\\/www.weine-feinkost.de\\\/unterwegs\\\/wp-content\\\/uploads\\\/2022\\\/10\\\/logo_weinefeinkost_unterwegs_450x171.png\",\"width\":450,\"height\":171,\"caption\":\"Unterwegs mit Weine &amp; Feinkost\"},\"image\":{\"@id\":\"https:\\\/\\\/www.weine-feinkost.de\\\/unterwegs\\\/#\\\/schema\\\/logo\\\/image\\\/\"}},{\"@type\":\"Person\",\"@id\":\"https:\\\/\\\/www.weine-feinkost.de\\\/unterwegs\\\/#\\\/schema\\\/person\\\/c07d66169fd0e04307bfe7cdc99ac26a\",\"name\":\"Christian Fenske\",\"image\":{\"@type\":\"ImageObject\",\"inLanguage\":\"de\",\"@id\":\"https:\\\/\\\/www.weine-feinkost.de\\\/unterwegs\\\/wp-content\\\/uploads\\\/2023\\\/01\\\/cropped-christian_profilbild-96x96.png\",\"url\":\"https:\\\/\\\/www.weine-feinkost.de\\\/unterwegs\\\/wp-content\\\/uploads\\\/2023\\\/01\\\/cropped-christian_profilbild-96x96.png\",\"contentUrl\":\"https:\\\/\\\/www.weine-feinkost.de\\\/unterwegs\\\/wp-content\\\/uploads\\\/2023\\\/01\\\/cropped-christian_profilbild-96x96.png\",\"caption\":\"Christian Fenske\"},\"description\":\"Zusammen an einem Tisch sitzen, gemeinsam zu kommunizieren und zu genie\u00dfen, das ist eine der herausragenden kulturellen Errungenschaft der Menschheit.\",\"url\":\"https:\\\/\\\/www.weine-feinkost.de\\\/unterwegs\\\/author\\\/christian-fenske\\\/\"}]}<\/script>\n<!-- \/ Yoast SEO plugin. -->","yoast_head_json":{"title":"Restaurant Thomas Schanz - Piesport - Deutschland - Unterwegs mit Weine &amp; Feinkost","robots":{"index":"index","follow":"follow","max-snippet":"max-snippet:-1","max-image-preview":"max-image-preview:large","max-video-preview":"max-video-preview:-1"},"canonical":"https:\/\/www.weine-feinkost.de\/unterwegs\/2023\/05\/restaurant-thomas-schanz-piesport-deutschlan\/","og_locale":"de_DE","og_type":"article","og_title":"Restaurant Thomas Schanz - Piesport - Deutschland - Unterwegs mit Weine &amp; Feinkost","og_description":"Eigentlich schon immer eine Reise wert Paul Bocuse hatte sie und Ferran Adri\u00e0 auch, Gordan Ramsay hat sie noch immer und Thomas Schanz aus Piesport nun endlich auch. Die Rede ist von den ber\u00fchmten drei Michelin Sternen, welche Jahr f\u00fcr Jahr an die Restaurants verliehen werden, die in ihrem Bereich das Ma\u00df aller Dinge sind. ... Weiterlesen","og_url":"https:\/\/www.weine-feinkost.de\/unterwegs\/2023\/05\/restaurant-thomas-schanz-piesport-deutschlan\/","og_site_name":"Unterwegs mit Weine &amp; Feinkost","article_published_time":"2023-05-22T15:00:00+00:00","og_image":[{"width":1920,"height":1440,"url":"https:\/\/www.weine-feinkost.de\/unterwegs\/wp-content\/uploads\/2023\/04\/Restaurant_Thomas_Schanz_Piesport_Deutschland_Titelbild.jpg","type":"image\/jpeg"}],"author":"Christian Fenske","twitter_card":"summary_large_image","twitter_misc":{"Verfasst von":"Christian Fenske","Gesch\u00e4tzte Lesezeit":"8\u00a0Minuten"},"schema":{"@context":"https:\/\/schema.org","@graph":[{"@type":"Article","@id":"https:\/\/www.weine-feinkost.de\/unterwegs\/2023\/05\/restaurant-thomas-schanz-piesport-deutschlan\/#article","isPartOf":{"@id":"https:\/\/www.weine-feinkost.de\/unterwegs\/2023\/05\/restaurant-thomas-schanz-piesport-deutschlan\/"},"author":{"name":"Christian Fenske","@id":"https:\/\/www.weine-feinkost.de\/unterwegs\/#\/schema\/person\/c07d66169fd0e04307bfe7cdc99ac26a"},"headline":"Restaurant Thomas Schanz &#8211; Piesport &#8211; Deutschland","datePublished":"2023-05-22T15:00:00+00:00","mainEntityOfPage":{"@id":"https:\/\/www.weine-feinkost.de\/unterwegs\/2023\/05\/restaurant-thomas-schanz-piesport-deutschlan\/"},"wordCount":548,"commentCount":0,"publisher":{"@id":"https:\/\/www.weine-feinkost.de\/unterwegs\/#organization"},"image":{"@id":"https:\/\/www.weine-feinkost.de\/unterwegs\/2023\/05\/restaurant-thomas-schanz-piesport-deutschlan\/#primaryimage"},"thumbnailUrl":"https:\/\/www.weine-feinkost.de\/unterwegs\/wp-content\/uploads\/2023\/04\/Restaurant_Thomas_Schanz_Piesport_Deutschland_Titelbild.jpg","keywords":["Drei Sterne","Gourmet","Michelin","Mosel","Piesport","Restaurant","Schanz","Thomas Schanz"],"articleSection":["Deutschland","Michelin Star","Restaurants"],"inLanguage":"de","potentialAction":[{"@type":"CommentAction","name":"Comment","target":["https:\/\/www.weine-feinkost.de\/unterwegs\/2023\/05\/restaurant-thomas-schanz-piesport-deutschlan\/#respond"]}]},{"@type":"WebPage","@id":"https:\/\/www.weine-feinkost.de\/unterwegs\/2023\/05\/restaurant-thomas-schanz-piesport-deutschlan\/","url":"https:\/\/www.weine-feinkost.de\/unterwegs\/2023\/05\/restaurant-thomas-schanz-piesport-deutschlan\/","name":"Restaurant Thomas Schanz - Piesport - Deutschland - Unterwegs mit Weine &amp; Feinkost","isPartOf":{"@id":"https:\/\/www.weine-feinkost.de\/unterwegs\/#website"},"primaryImageOfPage":{"@id":"https:\/\/www.weine-feinkost.de\/unterwegs\/2023\/05\/restaurant-thomas-schanz-piesport-deutschlan\/#primaryimage"},"image":{"@id":"https:\/\/www.weine-feinkost.de\/unterwegs\/2023\/05\/restaurant-thomas-schanz-piesport-deutschlan\/#primaryimage"},"thumbnailUrl":"https:\/\/www.weine-feinkost.de\/unterwegs\/wp-content\/uploads\/2023\/04\/Restaurant_Thomas_Schanz_Piesport_Deutschland_Titelbild.jpg","datePublished":"2023-05-22T15:00:00+00:00","breadcrumb":{"@id":"https:\/\/www.weine-feinkost.de\/unterwegs\/2023\/05\/restaurant-thomas-schanz-piesport-deutschlan\/#breadcrumb"},"inLanguage":"de","potentialAction":[{"@type":"ReadAction","target":["https:\/\/www.weine-feinkost.de\/unterwegs\/2023\/05\/restaurant-thomas-schanz-piesport-deutschlan\/"]}]},{"@type":"ImageObject","inLanguage":"de","@id":"https:\/\/www.weine-feinkost.de\/unterwegs\/2023\/05\/restaurant-thomas-schanz-piesport-deutschlan\/#primaryimage","url":"https:\/\/www.weine-feinkost.de\/unterwegs\/wp-content\/uploads\/2023\/04\/Restaurant_Thomas_Schanz_Piesport_Deutschland_Titelbild.jpg","contentUrl":"https:\/\/www.weine-feinkost.de\/unterwegs\/wp-content\/uploads\/2023\/04\/Restaurant_Thomas_Schanz_Piesport_Deutschland_Titelbild.jpg","width":1920,"height":1440},{"@type":"BreadcrumbList","@id":"https:\/\/www.weine-feinkost.de\/unterwegs\/2023\/05\/restaurant-thomas-schanz-piesport-deutschlan\/#breadcrumb","itemListElement":[{"@type":"ListItem","position":1,"name":"Startseite","item":"https:\/\/www.weine-feinkost.de\/unterwegs\/"},{"@type":"ListItem","position":2,"name":"Restaurant Thomas Schanz &#8211; Piesport &#8211; Deutschland"}]},{"@type":"WebSite","@id":"https:\/\/www.weine-feinkost.de\/unterwegs\/#website","url":"https:\/\/www.weine-feinkost.de\/unterwegs\/","name":"Unterwegs mit Weine &amp; Feinkost","description":"Entdecken Sie Genuss","publisher":{"@id":"https:\/\/www.weine-feinkost.de\/unterwegs\/#organization"},"potentialAction":[{"@type":"SearchAction","target":{"@type":"EntryPoint","urlTemplate":"https:\/\/www.weine-feinkost.de\/unterwegs\/?s={search_term_string}"},"query-input":{"@type":"PropertyValueSpecification","valueRequired":true,"valueName":"search_term_string"}}],"inLanguage":"de"},{"@type":"Organization","@id":"https:\/\/www.weine-feinkost.de\/unterwegs\/#organization","name":"Unterwegs mit Weine &amp; Feinkost","url":"https:\/\/www.weine-feinkost.de\/unterwegs\/","logo":{"@type":"ImageObject","inLanguage":"de","@id":"https:\/\/www.weine-feinkost.de\/unterwegs\/#\/schema\/logo\/image\/","url":"https:\/\/www.weine-feinkost.de\/unterwegs\/wp-content\/uploads\/2022\/10\/logo_weinefeinkost_unterwegs_450x171.png","contentUrl":"https:\/\/www.weine-feinkost.de\/unterwegs\/wp-content\/uploads\/2022\/10\/logo_weinefeinkost_unterwegs_450x171.png","width":450,"height":171,"caption":"Unterwegs mit Weine &amp; Feinkost"},"image":{"@id":"https:\/\/www.weine-feinkost.de\/unterwegs\/#\/schema\/logo\/image\/"}},{"@type":"Person","@id":"https:\/\/www.weine-feinkost.de\/unterwegs\/#\/schema\/person\/c07d66169fd0e04307bfe7cdc99ac26a","name":"Christian Fenske","image":{"@type":"ImageObject","inLanguage":"de","@id":"https:\/\/www.weine-feinkost.de\/unterwegs\/wp-content\/uploads\/2023\/01\/cropped-christian_profilbild-96x96.png","url":"https:\/\/www.weine-feinkost.de\/unterwegs\/wp-content\/uploads\/2023\/01\/cropped-christian_profilbild-96x96.png","contentUrl":"https:\/\/www.weine-feinkost.de\/unterwegs\/wp-content\/uploads\/2023\/01\/cropped-christian_profilbild-96x96.png","caption":"Christian Fenske"},"description":"Zusammen an einem Tisch sitzen, gemeinsam zu kommunizieren und zu genie\u00dfen, das ist eine der herausragenden kulturellen Errungenschaft der Menschheit.","url":"https:\/\/www.weine-feinkost.de\/unterwegs\/author\/christian-fenske\/"}]}},"jetpack_publicize_connections":[],"jetpack_shortlink":"https:\/\/wp.me\/p68Tjo-PEH","jetpack_sharing_enabled":true,"jetpack_likes_enabled":true,"jetpack_featured_media_url":"https:\/\/www.weine-feinkost.de\/unterwegs\/wp-content\/uploads\/2023\/04\/Restaurant_Thomas_Schanz_Piesport_Deutschland_Titelbild.jpg","_links":{"self":[{"href":"https:\/\/www.weine-feinkost.de\/unterwegs\/wp-json\/wp\/v2\/posts\/198567","targetHints":{"allow":["GET"]}}],"collection":[{"href":"https:\/\/www.weine-feinkost.de\/unterwegs\/wp-json\/wp\/v2\/posts"}],"about":[{"href":"https:\/\/www.weine-feinkost.de\/unterwegs\/wp-json\/wp\/v2\/types\/post"}],"author":[{"embeddable":true,"href":"https:\/\/www.weine-feinkost.de\/unterwegs\/wp-json\/wp\/v2\/users\/7"}],"replies":[{"embeddable":true,"href":"https:\/\/www.weine-feinkost.de\/unterwegs\/wp-json\/wp\/v2\/comments?post=198567"}],"version-history":[{"count":19,"href":"https:\/\/www.weine-feinkost.de\/unterwegs\/wp-json\/wp\/v2\/posts\/198567\/revisions"}],"predecessor-version":[{"id":199619,"href":"https:\/\/www.weine-feinkost.de\/unterwegs\/wp-json\/wp\/v2\/posts\/198567\/revisions\/199619"}],"wp:featuredmedia":[{"embeddable":true,"href":"https:\/\/www.weine-feinkost.de\/unterwegs\/wp-json\/wp\/v2\/media\/198604"}],"wp:attachment":[{"href":"https:\/\/www.weine-feinkost.de\/unterwegs\/wp-json\/wp\/v2\/media?parent=198567"}],"wp:term":[{"taxonomy":"category","embeddable":true,"href":"https:\/\/www.weine-feinkost.de\/unterwegs\/wp-json\/wp\/v2\/categories?post=198567"},{"taxonomy":"post_tag","embeddable":true,"href":"https:\/\/www.weine-feinkost.de\/unterwegs\/wp-json\/wp\/v2\/tags?post=198567"},{"taxonomy":"post_folder","embeddable":true,"href":"https:\/\/www.weine-feinkost.de\/unterwegs\/wp-json\/wp\/v2\/post_folder?post=198567"}],"curies":[{"name":"wp","href":"https:\/\/api.w.org\/{rel}","templated":true}]}}