{"id":200145,"date":"2023-11-03T17:00:00","date_gmt":"2023-11-03T16:00:00","guid":{"rendered":"https:\/\/www.weine-feinkost.de\/unterwegs\/?p=200145"},"modified":"2023-10-25T12:52:58","modified_gmt":"2023-10-25T10:52:58","slug":"azurmendi-larrabetzu-spanien","status":"publish","type":"post","link":"https:\/\/www.weine-feinkost.de\/unterwegs\/2023\/11\/azurmendi-larrabetzu-spanien\/","title":{"rendered":"Azurmendi &#8211; Larrabetzu &#8211; Spanien"},"content":{"rendered":"\n<h2 class=\"wp-block-heading\">Jung und talentiert: Eneko Atxas beeindruckender Aufstieg zum Champion der spanischen K\u00fcche<\/h2>\n\n\n\n<p class=\"has-drop-cap\">Es gibt in der Gastronomie und Genusswelt nur wenige so schnell erfolgreiche Aufsteiger wie den Koch Eneko Atxa mit seinem Restaurant <strong>Azurmendi<\/strong> in dem kleinen Ort Larrabetzu.<\/p>\n\n\n\n<p>Eneko Atxas gastronomische Reise begann im Jahr 1977, als er in der malerischen Stadt Amorebieta (in der baskischen Provinz Bizkaia) geboren wurde. Seine Familie arbeitete nicht nur hart, sondern pflegte auch, wie fast alle Basken, eine tiefe Leidenschaft f\u00fcr das Kochen und gutes Essen. Schon fr\u00fch zeigte Eneko Interesse an kulinarischen K\u00fcnsten und experimentierte mit seiner Mutter und Gro\u00dfmutter in deren K\u00fcchen herum.<\/p>\n\n\n\n<p>Sein Durst nach Wissen f\u00fchrte ihn schlie\u00dflich zur renommierten Hotelschule in Leioa (Bizkaia), wo er sein handwerkliches Geschick weiterentwickelte. Im Jahr 1994 begann Eneko seine Karriere im renommierten Restaurant <a href=\"https:\/\/www.weine-feinkost.de\/unterwegs\/2019\/09\/baserri-maitea\/\">Baserri Maitea<\/a> und durchlief anschlie\u00dfend verschiedene namenhafte K\u00fcchen, darunter die des legend\u00e4ren <a href=\"https:\/\/www.weine-feinkost.de\/unterwegs\/2019\/09\/martin-berasategui-das-stammhaus\/\">Martin Berasategui<\/a> in Lasarte.<\/p>\n\n\n\n<p>Im Jahr 2000 \u00fcbernahm Eneko die Position des K\u00fcchenchefs im legend\u00e4ren Grillrestaurant <a href=\"https:\/\/www.weine-feinkost.de\/unterwegs\/2022\/01\/asador-etxebarri-atxondo-spanien\/\">Etxebarri<\/a>, wo er seine F\u00e4higkeiten als professioneller Koch unter Beweis stellen konnte. Es folgte ein kurzes Gastspiel im renommierten baskischen Restaurant <a href=\"https:\/\/www.weine-feinkost.de\/unterwegs\/2016\/01\/andra-mari-elexalde-galdakao-spanien\/\">Andra Mari<\/a> in Elexalde Auzoa.<\/p>\n\n\n\n<p>Doch das war erst der Anfang seiner jungen Kochkarriere. Im Jahr 2002 wurde Eneko zum Champion der spanischen K\u00fcche f\u00fcr junge K\u00f6che gek\u00fcrt.<\/p>\n\n\n<div class=\"wp-block-image\">\n<figure class=\"aligncenter size-large\"><a href=\"https:\/\/www.weine-feinkost.de\/unterwegs\/wp-content\/uploads\/2023\/06\/Azurmendi_Larrabetzu_Spanien_1.jpg\"><img loading=\"lazy\" decoding=\"async\" width=\"1200\" height=\"900\" src=\"https:\/\/www.weine-feinkost.de\/unterwegs\/wp-content\/uploads\/2023\/06\/Azurmendi_Larrabetzu_Spanien_1-1200x900.jpg\" alt=\"\" class=\"wp-image-200166\" srcset=\"https:\/\/www.weine-feinkost.de\/unterwegs\/wp-content\/uploads\/2023\/06\/Azurmendi_Larrabetzu_Spanien_1-1200x900.jpg 1200w, https:\/\/www.weine-feinkost.de\/unterwegs\/wp-content\/uploads\/2023\/06\/Azurmendi_Larrabetzu_Spanien_1-300x225.jpg 300w, https:\/\/www.weine-feinkost.de\/unterwegs\/wp-content\/uploads\/2023\/06\/Azurmendi_Larrabetzu_Spanien_1-768x576.jpg 768w, https:\/\/www.weine-feinkost.de\/unterwegs\/wp-content\/uploads\/2023\/06\/Azurmendi_Larrabetzu_Spanien_1.jpg 1280w\" sizes=\"auto, (max-width: 1200px) 100vw, 1200px\" \/><\/a><figcaption class=\"wp-element-caption\"> <\/figcaption><\/figure>\n<\/div>\n\n\n<p>Der H\u00f6hepunkt seiner kulinarischen Reise wurde 2005 mit der Er\u00f6ffnung des au\u00dfergew\u00f6hnlichen Restaurants <a href=\"https:\/\/www.weine-feinkost.de\/unterwegs\/2016\/07\/azurmendi-larrabetzu-spanien-text-fehlt\/\"><strong>Azurmendi<\/strong><\/a> in Larrabetzu (Bizkaia) erreicht. Ein Ort, der nicht nur f\u00fcr seine exquisiten Speisen bekannt ist, sondern auch f\u00fcr sein Engagement f\u00fcr Nachhaltigkeit. Das Restaurant <strong>Azurmendi <\/strong>erhielt zahlreiche Auszeichnungen, darunter das Zertifikat Q f\u00fcr spanische Tourismusqualit\u00e4t sowie die begehrten und ber\u00fchmten Michelin-Sterne. 2007 erhielt das Restaurant <strong>Azurmendi<\/strong> seinen ersten Michelin-Stern, gefolgt von einem zweiten im Jahr 2010 und schlie\u00dflich dem H\u00f6hepunkt und dritten Stern im Jahr 2012.<\/p>\n\n\n<div class=\"wp-block-image\">\n<figure class=\"aligncenter size-large\"><a href=\"https:\/\/www.weine-feinkost.de\/unterwegs\/wp-content\/uploads\/2023\/06\/Azurmendi_Larrabetzu_Spanien_2.jpg\"><img loading=\"lazy\" decoding=\"async\" width=\"768\" height=\"1024\" src=\"https:\/\/www.weine-feinkost.de\/unterwegs\/wp-content\/uploads\/2023\/06\/Azurmendi_Larrabetzu_Spanien_2-768x1024.jpg\" alt=\"\" class=\"wp-image-200167\" srcset=\"https:\/\/www.weine-feinkost.de\/unterwegs\/wp-content\/uploads\/2023\/06\/Azurmendi_Larrabetzu_Spanien_2-768x1024.jpg 768w, https:\/\/www.weine-feinkost.de\/unterwegs\/wp-content\/uploads\/2023\/06\/Azurmendi_Larrabetzu_Spanien_2-225x300.jpg 225w, https:\/\/www.weine-feinkost.de\/unterwegs\/wp-content\/uploads\/2023\/06\/Azurmendi_Larrabetzu_Spanien_2.jpg 960w\" sizes=\"auto, (max-width: 768px) 100vw, 768px\" \/><\/a><figcaption class=\"wp-element-caption\"> <\/figcaption><\/figure>\n<\/div>\n\n\n<p>Der letzte Besuch im Restaurant <strong>Azurmendi <\/strong>liegt nun schon ein paar Jahre zur\u00fcck, und so hat sich hier das eine oder andere ver\u00e4ndert. Es folgt eine gastronomische Rundreise in insgesamt vier Akten durch vier R\u00e4umlichkeiten. Hier kann die kulinarische Welt des Meisterkochs Eneko Atxas in vollen Z\u00fcgen erkundet werden. Im ersten Akt werden die G\u00e4ste nach dem Eintreten in die begr\u00fcnte, hohe Eingangshalle erst einmal mit einem Glas Txakoli-Wei\u00dfwein aus der hauseigenen Kellerei begr\u00fc\u00dft. <\/p>\n\n\n\n<p>Es folgt ein Picknickkorb mit vier kleinen K\u00f6stlichkeiten in Form von Zitronengras-Txakoli-Creme auf Entenleber, einem Brioche mit P\u00f6kelfleisch, einem Polvor\u00f3n (spanisches Schmalzgeb\u00e4ck) aus Joselito-Schinken und einem hausgemachten Wermut.<\/p>\n\n\n\n<div class=\"wp-block-jetpack-tiled-gallery aligncenter is-style-rectangular\"><div class=\"tiled-gallery__gallery\"><div class=\"tiled-gallery__row\"><div class=\"tiled-gallery__col\" style=\"flex-basis:50.00000%\"><figure class=\"tiled-gallery__item\"><a href=\"https:\/\/www.weine-feinkost.de\/unterwegs\/wp-content\/uploads\/2023\/06\/Azurmendi_Larrabetzu_Spanien_3-768x1024.jpg\"><img decoding=\"async\" srcset=\"https:\/\/i1.wp.com\/www.weine-feinkost.de\/unterwegs\/wp-content\/uploads\/2023\/06\/Azurmendi_Larrabetzu_Spanien_3-768x1024.jpg?strip=info&#038;w=600&#038;ssl=1 600w,https:\/\/i1.wp.com\/www.weine-feinkost.de\/unterwegs\/wp-content\/uploads\/2023\/06\/Azurmendi_Larrabetzu_Spanien_3-768x1024.jpg?strip=info&#038;w=768&#038;ssl=1 768w\" alt=\"\" data-height=\"1280\" data-id=\"200168\" data-link=\"https:\/\/www.weine-feinkost.de\/unterwegs\/?attachment_id=200168#main\" data-url=\"https:\/\/www.weine-feinkost.de\/unterwegs\/wp-content\/uploads\/2023\/06\/Azurmendi_Larrabetzu_Spanien_3-768x1024.jpg\" data-width=\"960\" src=\"https:\/\/i1.wp.com\/www.weine-feinkost.de\/unterwegs\/wp-content\/uploads\/2023\/06\/Azurmendi_Larrabetzu_Spanien_3-768x1024.jpg?ssl=1\" data-amp-layout=\"responsive\"\/><\/a><\/figure><\/div><div class=\"tiled-gallery__col\" style=\"flex-basis:50.00000%\"><figure class=\"tiled-gallery__item\"><a href=\"https:\/\/www.weine-feinkost.de\/unterwegs\/wp-content\/uploads\/2023\/06\/Azurmendi_Larrabetzu_Spanien_4-768x1024.jpg\"><img decoding=\"async\" srcset=\"https:\/\/i1.wp.com\/www.weine-feinkost.de\/unterwegs\/wp-content\/uploads\/2023\/06\/Azurmendi_Larrabetzu_Spanien_4-768x1024.jpg?strip=info&#038;w=600&#038;ssl=1 600w,https:\/\/i1.wp.com\/www.weine-feinkost.de\/unterwegs\/wp-content\/uploads\/2023\/06\/Azurmendi_Larrabetzu_Spanien_4-768x1024.jpg?strip=info&#038;w=768&#038;ssl=1 768w\" alt=\"\" data-height=\"1280\" data-id=\"200169\" data-link=\"https:\/\/www.weine-feinkost.de\/unterwegs\/?attachment_id=200169#main\" data-url=\"https:\/\/www.weine-feinkost.de\/unterwegs\/wp-content\/uploads\/2023\/06\/Azurmendi_Larrabetzu_Spanien_4-768x1024.jpg\" data-width=\"960\" src=\"https:\/\/i1.wp.com\/www.weine-feinkost.de\/unterwegs\/wp-content\/uploads\/2023\/06\/Azurmendi_Larrabetzu_Spanien_4-768x1024.jpg?ssl=1\" data-amp-layout=\"responsive\"\/><\/a><\/figure><\/div><\/div><\/div><\/div>\n\n\n\n<div class=\"wp-block-jetpack-tiled-gallery aligncenter is-style-rectangular\"><div class=\"tiled-gallery__gallery\"><div class=\"tiled-gallery__row\"><div class=\"tiled-gallery__col\" style=\"flex-basis:25.00000%\"><figure class=\"tiled-gallery__item\"><a href=\"https:\/\/www.weine-feinkost.de\/unterwegs\/wp-content\/uploads\/2023\/06\/Azurmendi_Larrabetzu_Spanien_6-768x1024.jpg\"><img decoding=\"async\" srcset=\"https:\/\/i0.wp.com\/www.weine-feinkost.de\/unterwegs\/wp-content\/uploads\/2023\/06\/Azurmendi_Larrabetzu_Spanien_6-768x1024.jpg?strip=info&#038;w=600&#038;ssl=1 600w,https:\/\/i0.wp.com\/www.weine-feinkost.de\/unterwegs\/wp-content\/uploads\/2023\/06\/Azurmendi_Larrabetzu_Spanien_6-768x1024.jpg?strip=info&#038;w=768&#038;ssl=1 768w\" alt=\"\" data-height=\"1280\" data-id=\"200170\" data-link=\"https:\/\/www.weine-feinkost.de\/unterwegs\/?attachment_id=200170#main\" data-url=\"https:\/\/www.weine-feinkost.de\/unterwegs\/wp-content\/uploads\/2023\/06\/Azurmendi_Larrabetzu_Spanien_6-768x1024.jpg\" data-width=\"960\" src=\"https:\/\/i0.wp.com\/www.weine-feinkost.de\/unterwegs\/wp-content\/uploads\/2023\/06\/Azurmendi_Larrabetzu_Spanien_6-768x1024.jpg?ssl=1\" data-amp-layout=\"responsive\"\/><\/a><\/figure><\/div><div class=\"tiled-gallery__col\" style=\"flex-basis:25.00000%\"><figure class=\"tiled-gallery__item\"><a href=\"https:\/\/www.weine-feinkost.de\/unterwegs\/wp-content\/uploads\/2023\/06\/Azurmendi_Larrabetzu_Spanien_7-768x1024.jpg\"><img decoding=\"async\" srcset=\"https:\/\/i0.wp.com\/www.weine-feinkost.de\/unterwegs\/wp-content\/uploads\/2023\/06\/Azurmendi_Larrabetzu_Spanien_7-768x1024.jpg?strip=info&#038;w=600&#038;ssl=1 600w,https:\/\/i0.wp.com\/www.weine-feinkost.de\/unterwegs\/wp-content\/uploads\/2023\/06\/Azurmendi_Larrabetzu_Spanien_7-768x1024.jpg?strip=info&#038;w=768&#038;ssl=1 768w\" alt=\"\" data-height=\"1280\" data-id=\"200171\" data-link=\"https:\/\/www.weine-feinkost.de\/unterwegs\/?attachment_id=200171#main\" data-url=\"https:\/\/www.weine-feinkost.de\/unterwegs\/wp-content\/uploads\/2023\/06\/Azurmendi_Larrabetzu_Spanien_7-768x1024.jpg\" data-width=\"960\" src=\"https:\/\/i0.wp.com\/www.weine-feinkost.de\/unterwegs\/wp-content\/uploads\/2023\/06\/Azurmendi_Larrabetzu_Spanien_7-768x1024.jpg?ssl=1\" data-amp-layout=\"responsive\"\/><\/a><\/figure><\/div><div class=\"tiled-gallery__col\" style=\"flex-basis:25.00000%\"><figure class=\"tiled-gallery__item\"><a href=\"https:\/\/www.weine-feinkost.de\/unterwegs\/wp-content\/uploads\/2023\/06\/Azurmendi_Larrabetzu_Spanien_8-768x1024.jpg\"><img decoding=\"async\" srcset=\"https:\/\/i1.wp.com\/www.weine-feinkost.de\/unterwegs\/wp-content\/uploads\/2023\/06\/Azurmendi_Larrabetzu_Spanien_8-768x1024.jpg?strip=info&#038;w=600&#038;ssl=1 600w,https:\/\/i1.wp.com\/www.weine-feinkost.de\/unterwegs\/wp-content\/uploads\/2023\/06\/Azurmendi_Larrabetzu_Spanien_8-768x1024.jpg?strip=info&#038;w=768&#038;ssl=1 768w\" alt=\"\" data-height=\"1280\" data-id=\"200172\" data-link=\"https:\/\/www.weine-feinkost.de\/unterwegs\/?attachment_id=200172#main\" data-url=\"https:\/\/www.weine-feinkost.de\/unterwegs\/wp-content\/uploads\/2023\/06\/Azurmendi_Larrabetzu_Spanien_8-768x1024.jpg\" data-width=\"960\" src=\"https:\/\/i1.wp.com\/www.weine-feinkost.de\/unterwegs\/wp-content\/uploads\/2023\/06\/Azurmendi_Larrabetzu_Spanien_8-768x1024.jpg?ssl=1\" data-amp-layout=\"responsive\"\/><\/a><\/figure><\/div><div class=\"tiled-gallery__col\" style=\"flex-basis:25.00000%\"><figure class=\"tiled-gallery__item\"><a href=\"https:\/\/www.weine-feinkost.de\/unterwegs\/wp-content\/uploads\/2023\/06\/Azurmendi_Larrabetzu_Spanien_9-768x1024.jpg\"><img decoding=\"async\" srcset=\"https:\/\/i0.wp.com\/www.weine-feinkost.de\/unterwegs\/wp-content\/uploads\/2023\/06\/Azurmendi_Larrabetzu_Spanien_9-768x1024.jpg?strip=info&#038;w=600&#038;ssl=1 600w,https:\/\/i0.wp.com\/www.weine-feinkost.de\/unterwegs\/wp-content\/uploads\/2023\/06\/Azurmendi_Larrabetzu_Spanien_9-768x1024.jpg?strip=info&#038;w=768&#038;ssl=1 768w\" alt=\"\" data-height=\"1280\" data-id=\"200173\" data-link=\"https:\/\/www.weine-feinkost.de\/unterwegs\/?attachment_id=200173#main\" data-url=\"https:\/\/www.weine-feinkost.de\/unterwegs\/wp-content\/uploads\/2023\/06\/Azurmendi_Larrabetzu_Spanien_9-768x1024.jpg\" data-width=\"960\" src=\"https:\/\/i0.wp.com\/www.weine-feinkost.de\/unterwegs\/wp-content\/uploads\/2023\/06\/Azurmendi_Larrabetzu_Spanien_9-768x1024.jpg?ssl=1\" data-amp-layout=\"responsive\"\/><\/a><\/figure><\/div><\/div><\/div><\/div>\n\n\n\n<p>Weiter geht es im zweiten Akt in der K\u00fcche des <strong>Azurmendi<\/strong>, wo einer der absoluten Klassiker des Hauses vor den Augen der G\u00e4ste angerichtet und serviert wird. Es handelt sich dabei um das getr\u00fcffelte Ei. Dabei wird die Tr\u00fcffelmasse mit einer Spritze in das Eigelb injiziert. Dazu wird ein fluffiges Macaron mit Entenleber und einer getr\u00fcffelten Pilzcreme gereicht.<\/p>\n\n\n\n<div class=\"wp-block-jetpack-tiled-gallery aligncenter is-style-rectangular\"><div class=\"tiled-gallery__gallery\"><div class=\"tiled-gallery__row\"><div class=\"tiled-gallery__col\" style=\"flex-basis:25.00000%\"><figure class=\"tiled-gallery__item\"><a href=\"https:\/\/www.weine-feinkost.de\/unterwegs\/wp-content\/uploads\/2023\/06\/Azurmendi_Larrabetzu_Spanien_12-768x1024.jpg\"><img decoding=\"async\" srcset=\"https:\/\/i0.wp.com\/www.weine-feinkost.de\/unterwegs\/wp-content\/uploads\/2023\/06\/Azurmendi_Larrabetzu_Spanien_12-768x1024.jpg?strip=info&#038;w=600&#038;ssl=1 600w,https:\/\/i0.wp.com\/www.weine-feinkost.de\/unterwegs\/wp-content\/uploads\/2023\/06\/Azurmendi_Larrabetzu_Spanien_12-768x1024.jpg?strip=info&#038;w=768&#038;ssl=1 768w\" alt=\"\" data-height=\"1280\" data-id=\"200175\" data-link=\"https:\/\/www.weine-feinkost.de\/unterwegs\/?attachment_id=200175#main\" data-url=\"https:\/\/www.weine-feinkost.de\/unterwegs\/wp-content\/uploads\/2023\/06\/Azurmendi_Larrabetzu_Spanien_12-768x1024.jpg\" data-width=\"960\" src=\"https:\/\/i0.wp.com\/www.weine-feinkost.de\/unterwegs\/wp-content\/uploads\/2023\/06\/Azurmendi_Larrabetzu_Spanien_12-768x1024.jpg?ssl=1\" data-amp-layout=\"responsive\"\/><\/a><\/figure><\/div><div class=\"tiled-gallery__col\" style=\"flex-basis:25.00000%\"><figure class=\"tiled-gallery__item\"><a href=\"https:\/\/www.weine-feinkost.de\/unterwegs\/wp-content\/uploads\/2023\/06\/Azurmendi_Larrabetzu_Spanien_11-768x1024.jpg\"><img decoding=\"async\" srcset=\"https:\/\/i1.wp.com\/www.weine-feinkost.de\/unterwegs\/wp-content\/uploads\/2023\/06\/Azurmendi_Larrabetzu_Spanien_11-768x1024.jpg?strip=info&#038;w=600&#038;ssl=1 600w,https:\/\/i1.wp.com\/www.weine-feinkost.de\/unterwegs\/wp-content\/uploads\/2023\/06\/Azurmendi_Larrabetzu_Spanien_11-768x1024.jpg?strip=info&#038;w=768&#038;ssl=1 768w\" alt=\"\" data-height=\"1280\" data-id=\"200174\" data-link=\"https:\/\/www.weine-feinkost.de\/unterwegs\/?attachment_id=200174#main\" data-url=\"https:\/\/www.weine-feinkost.de\/unterwegs\/wp-content\/uploads\/2023\/06\/Azurmendi_Larrabetzu_Spanien_11-768x1024.jpg\" data-width=\"960\" src=\"https:\/\/i1.wp.com\/www.weine-feinkost.de\/unterwegs\/wp-content\/uploads\/2023\/06\/Azurmendi_Larrabetzu_Spanien_11-768x1024.jpg?ssl=1\" data-amp-layout=\"responsive\"\/><\/a><\/figure><\/div><div class=\"tiled-gallery__col\" style=\"flex-basis:25.00000%\"><figure class=\"tiled-gallery__item\"><a href=\"https:\/\/www.weine-feinkost.de\/unterwegs\/wp-content\/uploads\/2023\/06\/Azurmendi_Larrabetzu_Spanien_14-768x1024.jpg\"><img decoding=\"async\" srcset=\"https:\/\/i2.wp.com\/www.weine-feinkost.de\/unterwegs\/wp-content\/uploads\/2023\/06\/Azurmendi_Larrabetzu_Spanien_14-768x1024.jpg?strip=info&#038;w=600&#038;ssl=1 600w,https:\/\/i2.wp.com\/www.weine-feinkost.de\/unterwegs\/wp-content\/uploads\/2023\/06\/Azurmendi_Larrabetzu_Spanien_14-768x1024.jpg?strip=info&#038;w=768&#038;ssl=1 768w\" alt=\"\" data-height=\"1280\" data-id=\"200177\" data-link=\"https:\/\/www.weine-feinkost.de\/unterwegs\/?attachment_id=200177#main\" data-url=\"https:\/\/www.weine-feinkost.de\/unterwegs\/wp-content\/uploads\/2023\/06\/Azurmendi_Larrabetzu_Spanien_14-768x1024.jpg\" data-width=\"960\" src=\"https:\/\/i2.wp.com\/www.weine-feinkost.de\/unterwegs\/wp-content\/uploads\/2023\/06\/Azurmendi_Larrabetzu_Spanien_14-768x1024.jpg?ssl=1\" data-amp-layout=\"responsive\"\/><\/a><\/figure><\/div><div class=\"tiled-gallery__col\" style=\"flex-basis:25.00000%\"><figure class=\"tiled-gallery__item\"><a href=\"https:\/\/www.weine-feinkost.de\/unterwegs\/wp-content\/uploads\/2023\/06\/Azurmendi_Larrabetzu_Spanien_15-768x1024.jpg\"><img decoding=\"async\" srcset=\"https:\/\/i1.wp.com\/www.weine-feinkost.de\/unterwegs\/wp-content\/uploads\/2023\/06\/Azurmendi_Larrabetzu_Spanien_15-768x1024.jpg?strip=info&#038;w=600&#038;ssl=1 600w,https:\/\/i1.wp.com\/www.weine-feinkost.de\/unterwegs\/wp-content\/uploads\/2023\/06\/Azurmendi_Larrabetzu_Spanien_15-768x1024.jpg?strip=info&#038;w=768&#038;ssl=1 768w\" alt=\"\" data-height=\"1280\" data-id=\"200178\" data-link=\"https:\/\/www.weine-feinkost.de\/unterwegs\/?attachment_id=200178#main\" data-url=\"https:\/\/www.weine-feinkost.de\/unterwegs\/wp-content\/uploads\/2023\/06\/Azurmendi_Larrabetzu_Spanien_15-768x1024.jpg\" data-width=\"960\" src=\"https:\/\/i1.wp.com\/www.weine-feinkost.de\/unterwegs\/wp-content\/uploads\/2023\/06\/Azurmendi_Larrabetzu_Spanien_15-768x1024.jpg?ssl=1\" data-amp-layout=\"responsive\"\/><\/a><\/figure><\/div><\/div><div class=\"tiled-gallery__row\"><div class=\"tiled-gallery__col\" style=\"flex-basis:50.00000%\"><figure class=\"tiled-gallery__item\"><a href=\"https:\/\/www.weine-feinkost.de\/unterwegs\/wp-content\/uploads\/2023\/06\/Azurmendi_Larrabetzu_Spanien_13-768x1024.jpg\"><img decoding=\"async\" srcset=\"https:\/\/i0.wp.com\/www.weine-feinkost.de\/unterwegs\/wp-content\/uploads\/2023\/06\/Azurmendi_Larrabetzu_Spanien_13-768x1024.jpg?strip=info&#038;w=600&#038;ssl=1 600w,https:\/\/i0.wp.com\/www.weine-feinkost.de\/unterwegs\/wp-content\/uploads\/2023\/06\/Azurmendi_Larrabetzu_Spanien_13-768x1024.jpg?strip=info&#038;w=768&#038;ssl=1 768w\" alt=\"\" data-height=\"1280\" data-id=\"200176\" data-link=\"https:\/\/www.weine-feinkost.de\/unterwegs\/?attachment_id=200176#main\" data-url=\"https:\/\/www.weine-feinkost.de\/unterwegs\/wp-content\/uploads\/2023\/06\/Azurmendi_Larrabetzu_Spanien_13-768x1024.jpg\" data-width=\"960\" src=\"https:\/\/i0.wp.com\/www.weine-feinkost.de\/unterwegs\/wp-content\/uploads\/2023\/06\/Azurmendi_Larrabetzu_Spanien_13-768x1024.jpg?ssl=1\" data-amp-layout=\"responsive\"\/><\/a><\/figure><\/div><div class=\"tiled-gallery__col\" style=\"flex-basis:50.00000%\"><figure class=\"tiled-gallery__item\"><a href=\"https:\/\/www.weine-feinkost.de\/unterwegs\/wp-content\/uploads\/2023\/06\/Azurmendi_Larrabetzu_Spanien_16-768x1024.jpg\"><img decoding=\"async\" srcset=\"https:\/\/i1.wp.com\/www.weine-feinkost.de\/unterwegs\/wp-content\/uploads\/2023\/06\/Azurmendi_Larrabetzu_Spanien_16-768x1024.jpg?strip=info&#038;w=600&#038;ssl=1 600w,https:\/\/i1.wp.com\/www.weine-feinkost.de\/unterwegs\/wp-content\/uploads\/2023\/06\/Azurmendi_Larrabetzu_Spanien_16-768x1024.jpg?strip=info&#038;w=768&#038;ssl=1 768w\" alt=\"\" data-height=\"1280\" data-id=\"200179\" data-link=\"https:\/\/www.weine-feinkost.de\/unterwegs\/?attachment_id=200179#main\" data-url=\"https:\/\/www.weine-feinkost.de\/unterwegs\/wp-content\/uploads\/2023\/06\/Azurmendi_Larrabetzu_Spanien_16-768x1024.jpg\" data-width=\"960\" src=\"https:\/\/i1.wp.com\/www.weine-feinkost.de\/unterwegs\/wp-content\/uploads\/2023\/06\/Azurmendi_Larrabetzu_Spanien_16-768x1024.jpg?ssl=1\" data-amp-layout=\"responsive\"\/><\/a><\/figure><\/div><\/div><\/div><\/div>\n\n\n\n<p>Der dritte Akt setzt sich in einer Art Showroom fort. Wie bei einer Kunstinstallation werden hier verschiedene kleine K\u00f6stlichkeiten aus dem Raum gegriffen und als Aperitif gereicht. Ein Nektar aus Rosen, Passionsfrucht und Txakoli oder Bl\u00fcten oder getrocknete Bl\u00e4tter &#8230; hier wird Kunst \u00e4u\u00dferst schmackhaft zelebriert.<\/p>\n\n\n\n<div class=\"wp-block-jetpack-tiled-gallery aligncenter is-style-rectangular\"><div class=\"tiled-gallery__gallery\"><div class=\"tiled-gallery__row\"><div class=\"tiled-gallery__col\" style=\"flex-basis:25.00000%\"><figure class=\"tiled-gallery__item\"><a href=\"https:\/\/www.weine-feinkost.de\/unterwegs\/wp-content\/uploads\/2023\/06\/Azurmendi_Larrabetzu_Spanien_17-768x1024.jpg\"><img decoding=\"async\" srcset=\"https:\/\/i2.wp.com\/www.weine-feinkost.de\/unterwegs\/wp-content\/uploads\/2023\/06\/Azurmendi_Larrabetzu_Spanien_17-768x1024.jpg?strip=info&#038;w=600&#038;ssl=1 600w,https:\/\/i2.wp.com\/www.weine-feinkost.de\/unterwegs\/wp-content\/uploads\/2023\/06\/Azurmendi_Larrabetzu_Spanien_17-768x1024.jpg?strip=info&#038;w=768&#038;ssl=1 768w\" alt=\"\" data-height=\"1280\" data-id=\"200180\" data-link=\"https:\/\/www.weine-feinkost.de\/unterwegs\/?attachment_id=200180#main\" data-url=\"https:\/\/www.weine-feinkost.de\/unterwegs\/wp-content\/uploads\/2023\/06\/Azurmendi_Larrabetzu_Spanien_17-768x1024.jpg\" data-width=\"960\" src=\"https:\/\/i2.wp.com\/www.weine-feinkost.de\/unterwegs\/wp-content\/uploads\/2023\/06\/Azurmendi_Larrabetzu_Spanien_17-768x1024.jpg?ssl=1\" data-amp-layout=\"responsive\"\/><\/a><\/figure><\/div><div class=\"tiled-gallery__col\" style=\"flex-basis:25.00000%\"><figure class=\"tiled-gallery__item\"><a href=\"https:\/\/www.weine-feinkost.de\/unterwegs\/wp-content\/uploads\/2023\/06\/Azurmendi_Larrabetzu_Spanien_18-768x1024.jpg\"><img decoding=\"async\" srcset=\"https:\/\/i0.wp.com\/www.weine-feinkost.de\/unterwegs\/wp-content\/uploads\/2023\/06\/Azurmendi_Larrabetzu_Spanien_18-768x1024.jpg?strip=info&#038;w=600&#038;ssl=1 600w,https:\/\/i0.wp.com\/www.weine-feinkost.de\/unterwegs\/wp-content\/uploads\/2023\/06\/Azurmendi_Larrabetzu_Spanien_18-768x1024.jpg?strip=info&#038;w=768&#038;ssl=1 768w\" alt=\"\" data-height=\"1280\" data-id=\"200181\" data-link=\"https:\/\/www.weine-feinkost.de\/unterwegs\/?attachment_id=200181#main\" data-url=\"https:\/\/www.weine-feinkost.de\/unterwegs\/wp-content\/uploads\/2023\/06\/Azurmendi_Larrabetzu_Spanien_18-768x1024.jpg\" data-width=\"960\" src=\"https:\/\/i0.wp.com\/www.weine-feinkost.de\/unterwegs\/wp-content\/uploads\/2023\/06\/Azurmendi_Larrabetzu_Spanien_18-768x1024.jpg?ssl=1\" data-amp-layout=\"responsive\"\/><\/a><\/figure><\/div><div class=\"tiled-gallery__col\" style=\"flex-basis:25.00000%\"><figure class=\"tiled-gallery__item\"><a href=\"https:\/\/www.weine-feinkost.de\/unterwegs\/wp-content\/uploads\/2023\/06\/Azurmendi_Larrabetzu_Spanien_19-768x1024.jpg\"><img decoding=\"async\" srcset=\"https:\/\/i0.wp.com\/www.weine-feinkost.de\/unterwegs\/wp-content\/uploads\/2023\/06\/Azurmendi_Larrabetzu_Spanien_19-768x1024.jpg?strip=info&#038;w=600&#038;ssl=1 600w,https:\/\/i0.wp.com\/www.weine-feinkost.de\/unterwegs\/wp-content\/uploads\/2023\/06\/Azurmendi_Larrabetzu_Spanien_19-768x1024.jpg?strip=info&#038;w=768&#038;ssl=1 768w\" alt=\"\" data-height=\"1280\" data-id=\"200182\" data-link=\"https:\/\/www.weine-feinkost.de\/unterwegs\/?attachment_id=200182#main\" data-url=\"https:\/\/www.weine-feinkost.de\/unterwegs\/wp-content\/uploads\/2023\/06\/Azurmendi_Larrabetzu_Spanien_19-768x1024.jpg\" data-width=\"960\" src=\"https:\/\/i0.wp.com\/www.weine-feinkost.de\/unterwegs\/wp-content\/uploads\/2023\/06\/Azurmendi_Larrabetzu_Spanien_19-768x1024.jpg?ssl=1\" data-amp-layout=\"responsive\"\/><\/a><\/figure><\/div><div class=\"tiled-gallery__col\" style=\"flex-basis:25.00000%\"><figure class=\"tiled-gallery__item\"><a href=\"https:\/\/www.weine-feinkost.de\/unterwegs\/wp-content\/uploads\/2023\/06\/Azurmendi_Larrabetzu_Spanien_20-768x1024.jpg\"><img decoding=\"async\" srcset=\"https:\/\/i0.wp.com\/www.weine-feinkost.de\/unterwegs\/wp-content\/uploads\/2023\/06\/Azurmendi_Larrabetzu_Spanien_20-768x1024.jpg?strip=info&#038;w=600&#038;ssl=1 600w,https:\/\/i0.wp.com\/www.weine-feinkost.de\/unterwegs\/wp-content\/uploads\/2023\/06\/Azurmendi_Larrabetzu_Spanien_20-768x1024.jpg?strip=info&#038;w=768&#038;ssl=1 768w\" alt=\"\" data-height=\"1280\" data-id=\"200183\" data-link=\"https:\/\/www.weine-feinkost.de\/unterwegs\/?attachment_id=200183#main\" data-url=\"https:\/\/www.weine-feinkost.de\/unterwegs\/wp-content\/uploads\/2023\/06\/Azurmendi_Larrabetzu_Spanien_20-768x1024.jpg\" data-width=\"960\" src=\"https:\/\/i0.wp.com\/www.weine-feinkost.de\/unterwegs\/wp-content\/uploads\/2023\/06\/Azurmendi_Larrabetzu_Spanien_20-768x1024.jpg?ssl=1\" data-amp-layout=\"responsive\"\/><\/a><\/figure><\/div><\/div><\/div><\/div>\n\n\n<div class=\"wp-block-image is-style-rectangular\">\n<figure class=\"aligncenter\"><a href=\"https:\/\/www.weine-feinkost.de\/unterwegs\/wp-content\/uploads\/2023\/06\/Azurmendi_Larrabetzu_Spanien_23.jpg\"><img decoding=\"async\" src=\"https:\/\/www.weine-feinkost.de\/unterwegs\/wp-content\/uploads\/2023\/06\/Azurmendi_Larrabetzu_Spanien_23-768x1024.jpg\" alt=\"\"\/><\/a><figcaption class=\"wp-element-caption\"> <\/figcaption><\/figure>\n<\/div>\n\n\n<p>Der vierte, l\u00e4ngste, intensivste und innovativste Akt folgt dann im Speisesaal des Restaurants selbst. Hier zeigt Eneko Atxa zusammen mit seinem Team sein ganzes K\u00f6nnen. Das diesj\u00e4hrige Men\u00fc ist dabei nicht unbedingt dem Geschmack aller Gaumen gewidmet. Hier geht es geschmacklich ziemlich forsch zur Sache. Nicht alles wirkt rund. Ecken, Kanten und eine gewisse Provokation sind hier perfekt dargestellt. Es wird mit versteckten Aromen, vielen klassischen Elementen und vor allem ganz unterschiedlichen Texturen und Strukturen gearbeitet. Wild, ungez\u00e4hmt und entdeckenswert sind die passenden Worte, die einem bei solchen Kreationen sofort einfallen. Das schmeckt nicht warm oder so, wie man es sich in einem so hochdekorierten Lokal vorstellt, aber es ist unfassbar mutig und zeigt die Kraft und Kreativit\u00e4t, die Eneko Atxa immer noch in sich hat.<\/p>\n\n\n\n<p>Ein Besuch im <strong>Azurmendi<\/strong> bleibt eine unvergessliche Sinnesreise. Die atemberaubende Aussicht durch die gro\u00dfen Fenster auf die gr\u00fcne Landschaft, die herzliche und aufmerksame Bedienung des Serviceteams und nat\u00fcrlich die kulinarischen Meisterwerke, die mit Leidenschaft und Hingabe von Eneko Atxa und seinem Team kreiert werden, sorgen f\u00fcr ein wahres Fest der Sinne und ber\u00fchren K\u00f6rper, Geist und Seele gleicherma\u00dfen. Wir freuen uns auf das n\u00e4chste Mal!<\/p>\n\n\n<div class=\"wp-block-image\">\n<figure class=\"aligncenter\"><a href=\"https:\/\/www.weine-feinkost.de\/unterwegs\/wp-content\/uploads\/2023\/06\/Azurmendi_Larrabetzu_Spanien_24.jpg\"><img loading=\"lazy\" decoding=\"async\" width=\"768\" height=\"1024\" src=\"https:\/\/www.weine-feinkost.de\/unterwegs\/wp-content\/uploads\/2023\/06\/Azurmendi_Larrabetzu_Spanien_24-768x1024.jpg\" alt=\"\" class=\"wp-image-200186\" srcset=\"https:\/\/www.weine-feinkost.de\/unterwegs\/wp-content\/uploads\/2023\/06\/Azurmendi_Larrabetzu_Spanien_24-768x1024.jpg 768w, https:\/\/www.weine-feinkost.de\/unterwegs\/wp-content\/uploads\/2023\/06\/Azurmendi_Larrabetzu_Spanien_24-225x300.jpg 225w, https:\/\/www.weine-feinkost.de\/unterwegs\/wp-content\/uploads\/2023\/06\/Azurmendi_Larrabetzu_Spanien_24.jpg 960w\" sizes=\"auto, (max-width: 768px) 100vw, 768px\" \/><\/a><figcaption class=\"wp-element-caption\"><kbd> Spargel in verschiedenen Texturen.<\/kbd><\/figcaption><\/figure>\n<\/div>\n\n<div class=\"wp-block-image\">\n<figure class=\"aligncenter\"><a href=\"https:\/\/www.weine-feinkost.de\/unterwegs\/wp-content\/uploads\/2023\/06\/Azurmendi_Larrabetzu_Spanien_25.jpg\"><img loading=\"lazy\" decoding=\"async\" width=\"768\" height=\"1024\" src=\"https:\/\/www.weine-feinkost.de\/unterwegs\/wp-content\/uploads\/2023\/06\/Azurmendi_Larrabetzu_Spanien_25-768x1024.jpg\" alt=\"\" class=\"wp-image-200187\" srcset=\"https:\/\/www.weine-feinkost.de\/unterwegs\/wp-content\/uploads\/2023\/06\/Azurmendi_Larrabetzu_Spanien_25-768x1024.jpg 768w, https:\/\/www.weine-feinkost.de\/unterwegs\/wp-content\/uploads\/2023\/06\/Azurmendi_Larrabetzu_Spanien_25-225x300.jpg 225w, https:\/\/www.weine-feinkost.de\/unterwegs\/wp-content\/uploads\/2023\/06\/Azurmendi_Larrabetzu_Spanien_25.jpg 960w\" sizes=\"auto, (max-width: 768px) 100vw, 768px\" \/><\/a><figcaption class=\"wp-element-caption\"><kbd> Der aromatisierte Txakoli versteckt sich in dieser Vase.<\/kbd><\/figcaption><\/figure>\n<\/div>\n\n<div class=\"wp-block-image\">\n<figure class=\"aligncenter\"><a href=\"https:\/\/www.weine-feinkost.de\/unterwegs\/wp-content\/uploads\/2023\/06\/Azurmendi_Larrabetzu_Spanien_26.jpg\"><img loading=\"lazy\" decoding=\"async\" width=\"768\" height=\"1024\" src=\"https:\/\/www.weine-feinkost.de\/unterwegs\/wp-content\/uploads\/2023\/06\/Azurmendi_Larrabetzu_Spanien_26-768x1024.jpg\" alt=\"\" class=\"wp-image-200188\" srcset=\"https:\/\/www.weine-feinkost.de\/unterwegs\/wp-content\/uploads\/2023\/06\/Azurmendi_Larrabetzu_Spanien_26-768x1024.jpg 768w, https:\/\/www.weine-feinkost.de\/unterwegs\/wp-content\/uploads\/2023\/06\/Azurmendi_Larrabetzu_Spanien_26-225x300.jpg 225w, https:\/\/www.weine-feinkost.de\/unterwegs\/wp-content\/uploads\/2023\/06\/Azurmendi_Larrabetzu_Spanien_26.jpg 960w\" sizes=\"auto, (max-width: 768px) 100vw, 768px\" \/><\/a><figcaption class=\"wp-element-caption\"><kbd>Mit Kr\u00e4utern aus dem eigenen Garten aromatisierter Txakoli Weisswein.<\/kbd><\/figcaption><\/figure>\n<\/div>\n\n<div class=\"wp-block-image\">\n<figure class=\"aligncenter\"><a href=\"https:\/\/www.weine-feinkost.de\/unterwegs\/wp-content\/uploads\/2023\/06\/Azurmendi_Larrabetzu_Spanien_31.jpg\"><img loading=\"lazy\" decoding=\"async\" width=\"1200\" height=\"900\" src=\"https:\/\/www.weine-feinkost.de\/unterwegs\/wp-content\/uploads\/2023\/06\/Azurmendi_Larrabetzu_Spanien_31-1200x900.jpg\" alt=\"\" class=\"wp-image-200193\" srcset=\"https:\/\/www.weine-feinkost.de\/unterwegs\/wp-content\/uploads\/2023\/06\/Azurmendi_Larrabetzu_Spanien_31-1200x900.jpg 1200w, https:\/\/www.weine-feinkost.de\/unterwegs\/wp-content\/uploads\/2023\/06\/Azurmendi_Larrabetzu_Spanien_31-300x225.jpg 300w, https:\/\/www.weine-feinkost.de\/unterwegs\/wp-content\/uploads\/2023\/06\/Azurmendi_Larrabetzu_Spanien_31-768x576.jpg 768w, https:\/\/www.weine-feinkost.de\/unterwegs\/wp-content\/uploads\/2023\/06\/Azurmendi_Larrabetzu_Spanien_31.jpg 1280w\" sizes=\"auto, (max-width: 1200px) 100vw, 1200px\" \/><\/a><figcaption class=\"wp-element-caption\"> <\/figcaption><\/figure>\n<\/div>\n\n<div class=\"wp-block-image\">\n<figure class=\"aligncenter\"><a href=\"https:\/\/www.weine-feinkost.de\/unterwegs\/wp-content\/uploads\/2023\/06\/Azurmendi_Larrabetzu_Spanien_27.jpg\"><img loading=\"lazy\" decoding=\"async\" width=\"1200\" height=\"900\" src=\"https:\/\/www.weine-feinkost.de\/unterwegs\/wp-content\/uploads\/2023\/06\/Azurmendi_Larrabetzu_Spanien_27-1200x900.jpg\" alt=\"\" class=\"wp-image-200189\" srcset=\"https:\/\/www.weine-feinkost.de\/unterwegs\/wp-content\/uploads\/2023\/06\/Azurmendi_Larrabetzu_Spanien_27-1200x900.jpg 1200w, https:\/\/www.weine-feinkost.de\/unterwegs\/wp-content\/uploads\/2023\/06\/Azurmendi_Larrabetzu_Spanien_27-300x225.jpg 300w, https:\/\/www.weine-feinkost.de\/unterwegs\/wp-content\/uploads\/2023\/06\/Azurmendi_Larrabetzu_Spanien_27-768x576.jpg 768w, https:\/\/www.weine-feinkost.de\/unterwegs\/wp-content\/uploads\/2023\/06\/Azurmendi_Larrabetzu_Spanien_27.jpg 1280w\" sizes=\"auto, (max-width: 1200px) 100vw, 1200px\" \/><\/a><figcaption class=\"wp-element-caption\"><kbd>Seeigel in verschiedenen Texturen.<\/kbd><\/figcaption><\/figure>\n<\/div>\n\n<div class=\"wp-block-image\">\n<figure class=\"aligncenter\"><a href=\"https:\/\/www.weine-feinkost.de\/unterwegs\/wp-content\/uploads\/2023\/06\/Azurmendi_Larrabetzu_Spanien_28.jpg\"><img loading=\"lazy\" decoding=\"async\" width=\"1200\" height=\"900\" src=\"https:\/\/www.weine-feinkost.de\/unterwegs\/wp-content\/uploads\/2023\/06\/Azurmendi_Larrabetzu_Spanien_28-1200x900.jpg\" alt=\"\" class=\"wp-image-200190\" srcset=\"https:\/\/www.weine-feinkost.de\/unterwegs\/wp-content\/uploads\/2023\/06\/Azurmendi_Larrabetzu_Spanien_28-1200x900.jpg 1200w, https:\/\/www.weine-feinkost.de\/unterwegs\/wp-content\/uploads\/2023\/06\/Azurmendi_Larrabetzu_Spanien_28-300x225.jpg 300w, https:\/\/www.weine-feinkost.de\/unterwegs\/wp-content\/uploads\/2023\/06\/Azurmendi_Larrabetzu_Spanien_28-768x576.jpg 768w, https:\/\/www.weine-feinkost.de\/unterwegs\/wp-content\/uploads\/2023\/06\/Azurmendi_Larrabetzu_Spanien_28.jpg 1280w\" sizes=\"auto, (max-width: 1200px) 100vw, 1200px\" \/><\/a><figcaption class=\"wp-element-caption\"><kbd>Lachsforelle in verschiedenen Texturen. <\/kbd><\/figcaption><\/figure>\n<\/div>\n\n<div class=\"wp-block-image\">\n<figure class=\"aligncenter\"><a href=\"https:\/\/www.weine-feinkost.de\/unterwegs\/wp-content\/uploads\/2023\/06\/Azurmendi_Larrabetzu_Spanien_29.jpg\"><img loading=\"lazy\" decoding=\"async\" width=\"1200\" height=\"900\" src=\"https:\/\/www.weine-feinkost.de\/unterwegs\/wp-content\/uploads\/2023\/06\/Azurmendi_Larrabetzu_Spanien_29-1200x900.jpg\" alt=\"\" class=\"wp-image-200191\" srcset=\"https:\/\/www.weine-feinkost.de\/unterwegs\/wp-content\/uploads\/2023\/06\/Azurmendi_Larrabetzu_Spanien_29-1200x900.jpg 1200w, https:\/\/www.weine-feinkost.de\/unterwegs\/wp-content\/uploads\/2023\/06\/Azurmendi_Larrabetzu_Spanien_29-300x225.jpg 300w, https:\/\/www.weine-feinkost.de\/unterwegs\/wp-content\/uploads\/2023\/06\/Azurmendi_Larrabetzu_Spanien_29-768x576.jpg 768w, https:\/\/www.weine-feinkost.de\/unterwegs\/wp-content\/uploads\/2023\/06\/Azurmendi_Larrabetzu_Spanien_29.jpg 1280w\" sizes=\"auto, (max-width: 1200px) 100vw, 1200px\" \/><\/a><figcaption class=\"wp-element-caption\"><kbd> Kaviar Maki.<\/kbd><\/figcaption><\/figure>\n<\/div>\n\n<div class=\"wp-block-image\">\n<figure class=\"aligncenter\"><a href=\"https:\/\/www.weine-feinkost.de\/unterwegs\/wp-content\/uploads\/2023\/06\/Azurmendi_Larrabetzu_Spanien_30.jpg\"><img loading=\"lazy\" decoding=\"async\" width=\"1200\" height=\"900\" src=\"https:\/\/www.weine-feinkost.de\/unterwegs\/wp-content\/uploads\/2023\/06\/Azurmendi_Larrabetzu_Spanien_30-1200x900.jpg\" alt=\"\" class=\"wp-image-200192\" srcset=\"https:\/\/www.weine-feinkost.de\/unterwegs\/wp-content\/uploads\/2023\/06\/Azurmendi_Larrabetzu_Spanien_30-1200x900.jpg 1200w, https:\/\/www.weine-feinkost.de\/unterwegs\/wp-content\/uploads\/2023\/06\/Azurmendi_Larrabetzu_Spanien_30-300x225.jpg 300w, https:\/\/www.weine-feinkost.de\/unterwegs\/wp-content\/uploads\/2023\/06\/Azurmendi_Larrabetzu_Spanien_30-768x576.jpg 768w, https:\/\/www.weine-feinkost.de\/unterwegs\/wp-content\/uploads\/2023\/06\/Azurmendi_Larrabetzu_Spanien_30.jpg 1280w\" sizes=\"auto, (max-width: 1200px) 100vw, 1200px\" \/><\/a><figcaption class=\"wp-element-caption\"><kbd>Lachs Maki.<\/kbd><\/figcaption><\/figure>\n<\/div>\n\n<div class=\"wp-block-image\">\n<figure class=\"aligncenter\"><a href=\"https:\/\/www.weine-feinkost.de\/unterwegs\/wp-content\/uploads\/2023\/06\/Azurmendi_Larrabetzu_Spanien_32.jpg\"><img loading=\"lazy\" decoding=\"async\" width=\"768\" height=\"1024\" src=\"https:\/\/www.weine-feinkost.de\/unterwegs\/wp-content\/uploads\/2023\/06\/Azurmendi_Larrabetzu_Spanien_32-768x1024.jpg\" alt=\"\" class=\"wp-image-200194\" srcset=\"https:\/\/www.weine-feinkost.de\/unterwegs\/wp-content\/uploads\/2023\/06\/Azurmendi_Larrabetzu_Spanien_32-768x1024.jpg 768w, https:\/\/www.weine-feinkost.de\/unterwegs\/wp-content\/uploads\/2023\/06\/Azurmendi_Larrabetzu_Spanien_32-225x300.jpg 225w, https:\/\/www.weine-feinkost.de\/unterwegs\/wp-content\/uploads\/2023\/06\/Azurmendi_Larrabetzu_Spanien_32.jpg 960w\" sizes=\"auto, (max-width: 768px) 100vw, 768px\" \/><\/a><figcaption class=\"wp-element-caption\"><kbd>Auster mit Meeresgranita, Algen und Sprossen.<\/kbd><\/figcaption><\/figure>\n<\/div>\n\n<div class=\"wp-block-image\">\n<figure class=\"aligncenter\"><a href=\"https:\/\/www.weine-feinkost.de\/unterwegs\/wp-content\/uploads\/2023\/06\/Azurmendi_Larrabetzu_Spanien_33.jpg\"><img loading=\"lazy\" decoding=\"async\" width=\"1200\" height=\"900\" src=\"https:\/\/www.weine-feinkost.de\/unterwegs\/wp-content\/uploads\/2023\/06\/Azurmendi_Larrabetzu_Spanien_33-1200x900.jpg\" alt=\"\" class=\"wp-image-200195\" srcset=\"https:\/\/www.weine-feinkost.de\/unterwegs\/wp-content\/uploads\/2023\/06\/Azurmendi_Larrabetzu_Spanien_33-1200x900.jpg 1200w, https:\/\/www.weine-feinkost.de\/unterwegs\/wp-content\/uploads\/2023\/06\/Azurmendi_Larrabetzu_Spanien_33-300x225.jpg 300w, https:\/\/www.weine-feinkost.de\/unterwegs\/wp-content\/uploads\/2023\/06\/Azurmendi_Larrabetzu_Spanien_33-768x576.jpg 768w, https:\/\/www.weine-feinkost.de\/unterwegs\/wp-content\/uploads\/2023\/06\/Azurmendi_Larrabetzu_Spanien_33.jpg 1280w\" sizes=\"auto, (max-width: 1200px) 100vw, 1200px\" \/><\/a><figcaption class=\"wp-element-caption\"><kbd>Getrocknete Algen. Alkoholfreier Wermut.<\/kbd><\/figcaption><\/figure>\n<\/div>\n\n<div class=\"wp-block-image\">\n<figure class=\"aligncenter\"><a href=\"https:\/\/www.weine-feinkost.de\/unterwegs\/wp-content\/uploads\/2023\/06\/Azurmendi_Larrabetzu_Spanien_34.jpg\"><img loading=\"lazy\" decoding=\"async\" width=\"768\" height=\"1024\" src=\"https:\/\/www.weine-feinkost.de\/unterwegs\/wp-content\/uploads\/2023\/06\/Azurmendi_Larrabetzu_Spanien_34-768x1024.jpg\" alt=\"\" class=\"wp-image-200196\" srcset=\"https:\/\/www.weine-feinkost.de\/unterwegs\/wp-content\/uploads\/2023\/06\/Azurmendi_Larrabetzu_Spanien_34-768x1024.jpg 768w, https:\/\/www.weine-feinkost.de\/unterwegs\/wp-content\/uploads\/2023\/06\/Azurmendi_Larrabetzu_Spanien_34-225x300.jpg 225w, https:\/\/www.weine-feinkost.de\/unterwegs\/wp-content\/uploads\/2023\/06\/Azurmendi_Larrabetzu_Spanien_34.jpg 960w\" sizes=\"auto, (max-width: 768px) 100vw, 768px\" \/><\/a><figcaption class=\"wp-element-caption\"><kbd>Garnelen auf einer Kr\u00e4uter Essenz. <\/kbd><\/figcaption><\/figure>\n<\/div>\n\n<div class=\"wp-block-image\">\n<figure class=\"aligncenter is-resized\"><a href=\"https:\/\/www.weine-feinkost.de\/unterwegs\/wp-content\/uploads\/2023\/06\/Azurmendi_Larrabetzu_Spanien_35.jpg\"><img loading=\"lazy\" decoding=\"async\" width=\"768\" height=\"1024\" src=\"https:\/\/www.weine-feinkost.de\/unterwegs\/wp-content\/uploads\/2023\/06\/Azurmendi_Larrabetzu_Spanien_35-768x1024.jpg\" alt=\"\" class=\"wp-image-200197\" style=\"width:770px;height:1026px\" srcset=\"https:\/\/www.weine-feinkost.de\/unterwegs\/wp-content\/uploads\/2023\/06\/Azurmendi_Larrabetzu_Spanien_35-768x1024.jpg 768w, https:\/\/www.weine-feinkost.de\/unterwegs\/wp-content\/uploads\/2023\/06\/Azurmendi_Larrabetzu_Spanien_35-225x300.jpg 225w, https:\/\/www.weine-feinkost.de\/unterwegs\/wp-content\/uploads\/2023\/06\/Azurmendi_Larrabetzu_Spanien_35.jpg 960w\" sizes=\"auto, (max-width: 768px) 100vw, 768px\" \/><\/a><figcaption class=\"wp-element-caption\"><kbd>Milchbrot.<\/kbd><\/figcaption><\/figure>\n<\/div>\n\n<div class=\"wp-block-image\">\n<figure class=\"aligncenter\"><a href=\"https:\/\/www.weine-feinkost.de\/unterwegs\/wp-content\/uploads\/2023\/06\/Azurmendi_Larrabetzu_Spanien_36.jpg\"><img loading=\"lazy\" decoding=\"async\" width=\"768\" height=\"1024\" src=\"https:\/\/www.weine-feinkost.de\/unterwegs\/wp-content\/uploads\/2023\/06\/Azurmendi_Larrabetzu_Spanien_36-768x1024.jpg\" alt=\"\" class=\"wp-image-200198\" srcset=\"https:\/\/www.weine-feinkost.de\/unterwegs\/wp-content\/uploads\/2023\/06\/Azurmendi_Larrabetzu_Spanien_36-768x1024.jpg 768w, https:\/\/www.weine-feinkost.de\/unterwegs\/wp-content\/uploads\/2023\/06\/Azurmendi_Larrabetzu_Spanien_36-225x300.jpg 225w, https:\/\/www.weine-feinkost.de\/unterwegs\/wp-content\/uploads\/2023\/06\/Azurmendi_Larrabetzu_Spanien_36.jpg 960w\" sizes=\"auto, (max-width: 768px) 100vw, 768px\" \/><\/a><figcaption class=\"wp-element-caption\"><kbd>Junge Erbsen vermischt mit einem Iberico Schinken Gel und einem ...<\/kbd><\/figcaption><\/figure>\n<\/div>\n\n<div class=\"wp-block-image\">\n<figure class=\"aligncenter\"><a href=\"https:\/\/www.weine-feinkost.de\/unterwegs\/wp-content\/uploads\/2023\/06\/Azurmendi_Larrabetzu_Spanien_38.jpg\"><img loading=\"lazy\" decoding=\"async\" width=\"768\" height=\"1024\" src=\"https:\/\/www.weine-feinkost.de\/unterwegs\/wp-content\/uploads\/2023\/06\/Azurmendi_Larrabetzu_Spanien_38-768x1024.jpg\" alt=\"\" class=\"wp-image-200199\" srcset=\"https:\/\/www.weine-feinkost.de\/unterwegs\/wp-content\/uploads\/2023\/06\/Azurmendi_Larrabetzu_Spanien_38-768x1024.jpg 768w, https:\/\/www.weine-feinkost.de\/unterwegs\/wp-content\/uploads\/2023\/06\/Azurmendi_Larrabetzu_Spanien_38-225x300.jpg 225w, https:\/\/www.weine-feinkost.de\/unterwegs\/wp-content\/uploads\/2023\/06\/Azurmendi_Larrabetzu_Spanien_38.jpg 960w\" sizes=\"auto, (max-width: 768px) 100vw, 768px\" \/><\/a><figcaption class=\"wp-element-caption\">&#8230; <kbd>Saft aus fermentierten Schoten.<\/kbd><\/figcaption><\/figure>\n<\/div>\n\n<div class=\"wp-block-image\">\n<figure class=\"aligncenter\"><a href=\"https:\/\/www.weine-feinkost.de\/unterwegs\/wp-content\/uploads\/2023\/06\/Azurmendi_Larrabetzu_Spanien_39.jpg\"><img loading=\"lazy\" decoding=\"async\" width=\"768\" height=\"1024\" src=\"https:\/\/www.weine-feinkost.de\/unterwegs\/wp-content\/uploads\/2023\/06\/Azurmendi_Larrabetzu_Spanien_39-768x1024.jpg\" alt=\"\" class=\"wp-image-200200\" srcset=\"https:\/\/www.weine-feinkost.de\/unterwegs\/wp-content\/uploads\/2023\/06\/Azurmendi_Larrabetzu_Spanien_39-768x1024.jpg 768w, https:\/\/www.weine-feinkost.de\/unterwegs\/wp-content\/uploads\/2023\/06\/Azurmendi_Larrabetzu_Spanien_39-225x300.jpg 225w, https:\/\/www.weine-feinkost.de\/unterwegs\/wp-content\/uploads\/2023\/06\/Azurmendi_Larrabetzu_Spanien_39.jpg 960w\" sizes=\"auto, (max-width: 768px) 100vw, 768px\" \/><\/a><figcaption class=\"wp-element-caption\"><kbd>Essenz und Aromen aus dem Wald.<\/kbd><\/figcaption><\/figure>\n<\/div>\n\n<div class=\"wp-block-image\">\n<figure class=\"aligncenter\"><a href=\"https:\/\/www.weine-feinkost.de\/unterwegs\/wp-content\/uploads\/2023\/06\/Azurmendi_Larrabetzu_Spanien_40.jpg\"><img loading=\"lazy\" decoding=\"async\" width=\"1200\" height=\"900\" src=\"https:\/\/www.weine-feinkost.de\/unterwegs\/wp-content\/uploads\/2023\/06\/Azurmendi_Larrabetzu_Spanien_40-1200x900.jpg\" alt=\"\" class=\"wp-image-200201\" srcset=\"https:\/\/www.weine-feinkost.de\/unterwegs\/wp-content\/uploads\/2023\/06\/Azurmendi_Larrabetzu_Spanien_40-1200x900.jpg 1200w, https:\/\/www.weine-feinkost.de\/unterwegs\/wp-content\/uploads\/2023\/06\/Azurmendi_Larrabetzu_Spanien_40-300x225.jpg 300w, https:\/\/www.weine-feinkost.de\/unterwegs\/wp-content\/uploads\/2023\/06\/Azurmendi_Larrabetzu_Spanien_40-768x576.jpg 768w, https:\/\/www.weine-feinkost.de\/unterwegs\/wp-content\/uploads\/2023\/06\/Azurmendi_Larrabetzu_Spanien_40.jpg 1280w\" sizes=\"auto, (max-width: 1200px) 100vw, 1200px\" \/><\/a><figcaption class=\"wp-element-caption\"><kbd>Gegrillter Hummer auf einer Paprika Essenz.<\/kbd><\/figcaption><\/figure>\n<\/div>\n\n<div class=\"wp-block-image\">\n<figure class=\"aligncenter\"><a href=\"https:\/\/www.weine-feinkost.de\/unterwegs\/wp-content\/uploads\/2023\/06\/Azurmendi_Larrabetzu_Spanien_41.jpg\"><img loading=\"lazy\" decoding=\"async\" width=\"768\" height=\"1024\" src=\"https:\/\/www.weine-feinkost.de\/unterwegs\/wp-content\/uploads\/2023\/06\/Azurmendi_Larrabetzu_Spanien_41-768x1024.jpg\" alt=\"\" class=\"wp-image-200202\" srcset=\"https:\/\/www.weine-feinkost.de\/unterwegs\/wp-content\/uploads\/2023\/06\/Azurmendi_Larrabetzu_Spanien_41-768x1024.jpg 768w, https:\/\/www.weine-feinkost.de\/unterwegs\/wp-content\/uploads\/2023\/06\/Azurmendi_Larrabetzu_Spanien_41-225x300.jpg 225w, https:\/\/www.weine-feinkost.de\/unterwegs\/wp-content\/uploads\/2023\/06\/Azurmendi_Larrabetzu_Spanien_41.jpg 960w\" sizes=\"auto, (max-width: 768px) 100vw, 768px\" \/><\/a><figcaption class=\"wp-element-caption\"><kbd>Hausgemachtes Sauerteig Brot aus Maismehl.<\/kbd><\/figcaption><\/figure>\n<\/div>\n\n<div class=\"wp-block-image\">\n<figure class=\"aligncenter\"><a href=\"https:\/\/www.weine-feinkost.de\/unterwegs\/wp-content\/uploads\/2023\/06\/Azurmendi_Larrabetzu_Spanien_42.jpg\"><img loading=\"lazy\" decoding=\"async\" width=\"768\" height=\"1024\" src=\"https:\/\/www.weine-feinkost.de\/unterwegs\/wp-content\/uploads\/2023\/06\/Azurmendi_Larrabetzu_Spanien_42-768x1024.jpg\" alt=\"\" class=\"wp-image-200203\" srcset=\"https:\/\/www.weine-feinkost.de\/unterwegs\/wp-content\/uploads\/2023\/06\/Azurmendi_Larrabetzu_Spanien_42-768x1024.jpg 768w, https:\/\/www.weine-feinkost.de\/unterwegs\/wp-content\/uploads\/2023\/06\/Azurmendi_Larrabetzu_Spanien_42-225x300.jpg 225w, https:\/\/www.weine-feinkost.de\/unterwegs\/wp-content\/uploads\/2023\/06\/Azurmendi_Larrabetzu_Spanien_42.jpg 960w\" sizes=\"auto, (max-width: 768px) 100vw, 768px\" \/><\/a><figcaption class=\"wp-element-caption\"><kbd>Fettiger Thunfisch auf einem Gem\u00fcseeintopf und einer Schweinehaxen Reduktion.<\/kbd><\/figcaption><\/figure>\n<\/div>\n\n<div class=\"wp-block-image\">\n<figure class=\"aligncenter\"><a href=\"https:\/\/www.weine-feinkost.de\/unterwegs\/wp-content\/uploads\/2023\/06\/Azurmendi_Larrabetzu_Spanien_43.jpg\"><img loading=\"lazy\" decoding=\"async\" width=\"768\" height=\"1024\" src=\"https:\/\/www.weine-feinkost.de\/unterwegs\/wp-content\/uploads\/2023\/06\/Azurmendi_Larrabetzu_Spanien_43-768x1024.jpg\" alt=\"\" class=\"wp-image-200204\" srcset=\"https:\/\/www.weine-feinkost.de\/unterwegs\/wp-content\/uploads\/2023\/06\/Azurmendi_Larrabetzu_Spanien_43-768x1024.jpg 768w, https:\/\/www.weine-feinkost.de\/unterwegs\/wp-content\/uploads\/2023\/06\/Azurmendi_Larrabetzu_Spanien_43-225x300.jpg 225w, https:\/\/www.weine-feinkost.de\/unterwegs\/wp-content\/uploads\/2023\/06\/Azurmendi_Larrabetzu_Spanien_43.jpg 960w\" sizes=\"auto, (max-width: 768px) 100vw, 768px\" \/><\/a><figcaption class=\"wp-element-caption\"><kbd>Iberisches Schweineb\u00e4ckchen auf Duxelle (dies ist eine w\u00fcrzige Farce aus fein gehackten, p\u00fcrierten oder gemahlenen Pilzen) und frischen Sommertr\u00fcffeln.<\/kbd><\/figcaption><\/figure>\n<\/div>\n\n<div class=\"wp-block-image\">\n<figure class=\"aligncenter\"><a href=\"https:\/\/www.weine-feinkost.de\/unterwegs\/wp-content\/uploads\/2023\/06\/Azurmendi_Larrabetzu_Spanien_44.jpg\"><img loading=\"lazy\" decoding=\"async\" width=\"768\" height=\"1024\" src=\"https:\/\/www.weine-feinkost.de\/unterwegs\/wp-content\/uploads\/2023\/06\/Azurmendi_Larrabetzu_Spanien_44-768x1024.jpg\" alt=\"\" class=\"wp-image-200205\" srcset=\"https:\/\/www.weine-feinkost.de\/unterwegs\/wp-content\/uploads\/2023\/06\/Azurmendi_Larrabetzu_Spanien_44-768x1024.jpg 768w, https:\/\/www.weine-feinkost.de\/unterwegs\/wp-content\/uploads\/2023\/06\/Azurmendi_Larrabetzu_Spanien_44-225x300.jpg 225w, https:\/\/www.weine-feinkost.de\/unterwegs\/wp-content\/uploads\/2023\/06\/Azurmendi_Larrabetzu_Spanien_44.jpg 960w\" sizes=\"auto, (max-width: 768px) 100vw, 768px\" \/><\/a><figcaption class=\"wp-element-caption\"><kbd>Armer Ritter einmal anders interpretiert. In Form eines H\u00f6rnchens mit einer Met Creme F\u00fcllung.<\/kbd><\/figcaption><\/figure>\n<\/div>\n\n<div class=\"wp-block-image\">\n<figure class=\"aligncenter\"><a href=\"https:\/\/www.weine-feinkost.de\/unterwegs\/wp-content\/uploads\/2023\/06\/Azurmendi_Larrabetzu_Spanien_45.jpg\"><img loading=\"lazy\" decoding=\"async\" width=\"1200\" height=\"900\" src=\"https:\/\/www.weine-feinkost.de\/unterwegs\/wp-content\/uploads\/2023\/06\/Azurmendi_Larrabetzu_Spanien_45-1200x900.jpg\" alt=\"\" class=\"wp-image-200206\" srcset=\"https:\/\/www.weine-feinkost.de\/unterwegs\/wp-content\/uploads\/2023\/06\/Azurmendi_Larrabetzu_Spanien_45-1200x900.jpg 1200w, https:\/\/www.weine-feinkost.de\/unterwegs\/wp-content\/uploads\/2023\/06\/Azurmendi_Larrabetzu_Spanien_45-300x225.jpg 300w, https:\/\/www.weine-feinkost.de\/unterwegs\/wp-content\/uploads\/2023\/06\/Azurmendi_Larrabetzu_Spanien_45-768x576.jpg 768w, https:\/\/www.weine-feinkost.de\/unterwegs\/wp-content\/uploads\/2023\/06\/Azurmendi_Larrabetzu_Spanien_45.jpg 1280w\" sizes=\"auto, (max-width: 1200px) 100vw, 1200px\" \/><\/a><figcaption class=\"wp-element-caption\"><kbd>Kaffee und Karamell Toffee in verschiedenen Texturen.<\/kbd><\/figcaption><\/figure>\n<\/div>\n\n<div class=\"wp-block-image\">\n<figure class=\"aligncenter\"><a href=\"https:\/\/www.weine-feinkost.de\/unterwegs\/wp-content\/uploads\/2023\/06\/Azurmendi_Larrabetzu_Spanien_46.jpg\"><img loading=\"lazy\" decoding=\"async\" width=\"1200\" height=\"900\" src=\"https:\/\/www.weine-feinkost.de\/unterwegs\/wp-content\/uploads\/2023\/06\/Azurmendi_Larrabetzu_Spanien_46-1200x900.jpg\" alt=\"\" class=\"wp-image-200207\" srcset=\"https:\/\/www.weine-feinkost.de\/unterwegs\/wp-content\/uploads\/2023\/06\/Azurmendi_Larrabetzu_Spanien_46-1200x900.jpg 1200w, https:\/\/www.weine-feinkost.de\/unterwegs\/wp-content\/uploads\/2023\/06\/Azurmendi_Larrabetzu_Spanien_46-300x225.jpg 300w, https:\/\/www.weine-feinkost.de\/unterwegs\/wp-content\/uploads\/2023\/06\/Azurmendi_Larrabetzu_Spanien_46-768x576.jpg 768w, https:\/\/www.weine-feinkost.de\/unterwegs\/wp-content\/uploads\/2023\/06\/Azurmendi_Larrabetzu_Spanien_46.jpg 1280w\" sizes=\"auto, (max-width: 1200px) 100vw, 1200px\" \/><\/a><figcaption class=\"wp-element-caption\"><kbd>Petit Fours.<\/kbd><\/figcaption><\/figure>\n<\/div>\n\n\n<p><strong>Azurmendi<\/strong>, Legina Auzoa, s\/n, 48195 Larrabetzu, Spanien, Telefon: 0034 944558866, <a href=\"https:\/\/www.azurmendi.biz\/\">www.azurmendi.biz<\/a><\/p>\n","protected":false},"excerpt":{"rendered":"<p>Jung und talentiert: Eneko Atxas beeindruckender Aufstieg zum Champion der spanischen K\u00fcche Es gibt in der Gastronomie und Genusswelt nur wenige so schnell erfolgreiche Aufsteiger wie den Koch Eneko Atxa mit seinem Restaurant Azurmendi in dem kleinen Ort Larrabetzu. Eneko Atxas gastronomische Reise begann im Jahr 1977, als er in der malerischen Stadt Amorebieta (in &#8230; <a title=\"Azurmendi &#8211; Larrabetzu &#8211; Spanien\" class=\"read-more\" href=\"https:\/\/www.weine-feinkost.de\/unterwegs\/2023\/11\/azurmendi-larrabetzu-spanien\/\" aria-label=\"Mehr dazu unter Azurmendi &#8211; Larrabetzu &#8211; Spanien\">Weiterlesen<\/a><\/p>\n","protected":false},"author":7,"featured_media":200208,"comment_status":"open","ping_status":"open","sticky":false,"template":"","format":"standard","meta":{"_jetpack_newsletter_access":"","_jetpack_dont_email_post_to_subs":false,"_jetpack_newsletter_tier_id":0,"_jetpack_memberships_contains_paywalled_content":false,"_jetpack_feature_clip_id":0,"_jetpack_memberships_contains_paid_content":false,"footnotes":"","jetpack_publicize_message":"","jetpack_publicize_feature_enabled":true,"jetpack_social_post_already_shared":true,"jetpack_social_options":{"image_generator_settings":{"template":"highway","default_image_id":0,"font":"","enabled":false},"version":2},"jetpack_post_was_ever_published":false},"categories":[41,13,30],"tags":[956,87,957,73,79],"post_folder":[],"class_list":["post-200145","post","type-post","status-publish","format-standard","has-post-thumbnail","hentry","category-michelin-star","category-restaurants","category-spanien-restaurants","tag-azurmendi","tag-baskenland","tag-eneko-atxa","tag-restaurant","tag-spanien"],"yoast_head":"<!-- This site is optimized with the Yoast SEO plugin v28.3 - https:\/\/yoast.com\/product\/yoast-seo-wordpress\/ -->\n<title>Azurmendi - Larrabetzu - Spanien - Unterwegs mit Weine &amp; Feinkost<\/title>\n<meta name=\"robots\" content=\"index, follow, max-snippet:-1, max-image-preview:large, max-video-preview:-1\" \/>\n<link rel=\"canonical\" href=\"https:\/\/www.weine-feinkost.de\/unterwegs\/2023\/11\/azurmendi-larrabetzu-spanien\/\" \/>\n<meta property=\"og:locale\" content=\"de_DE\" \/>\n<meta property=\"og:type\" content=\"article\" \/>\n<meta property=\"og:title\" content=\"Azurmendi - Larrabetzu - Spanien - Unterwegs mit Weine &amp; Feinkost\" \/>\n<meta property=\"og:description\" content=\"Jung und talentiert: Eneko Atxas beeindruckender Aufstieg zum Champion der spanischen K\u00fcche Es gibt in der Gastronomie und Genusswelt nur wenige so schnell erfolgreiche Aufsteiger wie den Koch Eneko Atxa mit seinem Restaurant Azurmendi in dem kleinen Ort Larrabetzu. Eneko Atxas gastronomische Reise begann im Jahr 1977, als er in der malerischen Stadt Amorebieta (in ... Weiterlesen\" \/>\n<meta property=\"og:url\" content=\"https:\/\/www.weine-feinkost.de\/unterwegs\/2023\/11\/azurmendi-larrabetzu-spanien\/\" \/>\n<meta property=\"og:site_name\" content=\"Unterwegs mit Weine &amp; Feinkost\" \/>\n<meta property=\"article:published_time\" content=\"2023-11-03T16:00:00+00:00\" \/>\n<meta property=\"og:image\" content=\"https:\/\/www.weine-feinkost.de\/unterwegs\/wp-content\/uploads\/2030\/06\/Azurmendi_Larrabetzu_Spanien_Titelbild.jpg\" \/>\n\t<meta property=\"og:image:width\" content=\"1440\" \/>\n\t<meta property=\"og:image:height\" content=\"1920\" \/>\n\t<meta property=\"og:image:type\" content=\"image\/jpeg\" \/>\n<meta name=\"author\" content=\"Christian Fenske\" \/>\n<meta name=\"twitter:card\" content=\"summary_large_image\" \/>\n<meta name=\"twitter:label1\" content=\"Verfasst von\" \/>\n\t<meta name=\"twitter:data1\" content=\"Christian Fenske\" \/>\n\t<meta name=\"twitter:label2\" content=\"Gesch\u00e4tzte Lesezeit\" \/>\n\t<meta name=\"twitter:data2\" content=\"13\u00a0Minuten\" \/>\n<script type=\"application\/ld+json\" class=\"yoast-schema-graph\">{\"@context\":\"https:\\\/\\\/schema.org\",\"@graph\":[{\"@type\":\"Article\",\"@id\":\"https:\\\/\\\/www.weine-feinkost.de\\\/unterwegs\\\/2023\\\/11\\\/azurmendi-larrabetzu-spanien\\\/#article\",\"isPartOf\":{\"@id\":\"https:\\\/\\\/www.weine-feinkost.de\\\/unterwegs\\\/2023\\\/11\\\/azurmendi-larrabetzu-spanien\\\/\"},\"author\":{\"name\":\"Christian Fenske\",\"@id\":\"https:\\\/\\\/www.weine-feinkost.de\\\/unterwegs\\\/#\\\/schema\\\/person\\\/c07d66169fd0e04307bfe7cdc99ac26a\"},\"headline\":\"Azurmendi &#8211; Larrabetzu &#8211; Spanien\",\"datePublished\":\"2023-11-03T16:00:00+00:00\",\"mainEntityOfPage\":{\"@id\":\"https:\\\/\\\/www.weine-feinkost.de\\\/unterwegs\\\/2023\\\/11\\\/azurmendi-larrabetzu-spanien\\\/\"},\"wordCount\":896,\"commentCount\":0,\"publisher\":{\"@id\":\"https:\\\/\\\/www.weine-feinkost.de\\\/unterwegs\\\/#organization\"},\"image\":{\"@id\":\"https:\\\/\\\/www.weine-feinkost.de\\\/unterwegs\\\/2023\\\/11\\\/azurmendi-larrabetzu-spanien\\\/#primaryimage\"},\"thumbnailUrl\":\"https:\\\/\\\/www.weine-feinkost.de\\\/unterwegs\\\/wp-content\\\/uploads\\\/2030\\\/06\\\/Azurmendi_Larrabetzu_Spanien_Titelbild.jpg\",\"keywords\":[\"Azurmendi\",\"Baskenland\",\"Eneko Atxa\",\"Restaurant\",\"Spanien\"],\"articleSection\":[\"Michelin Star\",\"Restaurants\",\"Spanien\"],\"inLanguage\":\"de\",\"potentialAction\":[{\"@type\":\"CommentAction\",\"name\":\"Comment\",\"target\":[\"https:\\\/\\\/www.weine-feinkost.de\\\/unterwegs\\\/2023\\\/11\\\/azurmendi-larrabetzu-spanien\\\/#respond\"]}]},{\"@type\":\"WebPage\",\"@id\":\"https:\\\/\\\/www.weine-feinkost.de\\\/unterwegs\\\/2023\\\/11\\\/azurmendi-larrabetzu-spanien\\\/\",\"url\":\"https:\\\/\\\/www.weine-feinkost.de\\\/unterwegs\\\/2023\\\/11\\\/azurmendi-larrabetzu-spanien\\\/\",\"name\":\"Azurmendi - Larrabetzu - Spanien - Unterwegs mit Weine &amp; Feinkost\",\"isPartOf\":{\"@id\":\"https:\\\/\\\/www.weine-feinkost.de\\\/unterwegs\\\/#website\"},\"primaryImageOfPage\":{\"@id\":\"https:\\\/\\\/www.weine-feinkost.de\\\/unterwegs\\\/2023\\\/11\\\/azurmendi-larrabetzu-spanien\\\/#primaryimage\"},\"image\":{\"@id\":\"https:\\\/\\\/www.weine-feinkost.de\\\/unterwegs\\\/2023\\\/11\\\/azurmendi-larrabetzu-spanien\\\/#primaryimage\"},\"thumbnailUrl\":\"https:\\\/\\\/www.weine-feinkost.de\\\/unterwegs\\\/wp-content\\\/uploads\\\/2030\\\/06\\\/Azurmendi_Larrabetzu_Spanien_Titelbild.jpg\",\"datePublished\":\"2023-11-03T16:00:00+00:00\",\"breadcrumb\":{\"@id\":\"https:\\\/\\\/www.weine-feinkost.de\\\/unterwegs\\\/2023\\\/11\\\/azurmendi-larrabetzu-spanien\\\/#breadcrumb\"},\"inLanguage\":\"de\",\"potentialAction\":[{\"@type\":\"ReadAction\",\"target\":[\"https:\\\/\\\/www.weine-feinkost.de\\\/unterwegs\\\/2023\\\/11\\\/azurmendi-larrabetzu-spanien\\\/\"]}]},{\"@type\":\"ImageObject\",\"inLanguage\":\"de\",\"@id\":\"https:\\\/\\\/www.weine-feinkost.de\\\/unterwegs\\\/2023\\\/11\\\/azurmendi-larrabetzu-spanien\\\/#primaryimage\",\"url\":\"https:\\\/\\\/www.weine-feinkost.de\\\/unterwegs\\\/wp-content\\\/uploads\\\/2030\\\/06\\\/Azurmendi_Larrabetzu_Spanien_Titelbild.jpg\",\"contentUrl\":\"https:\\\/\\\/www.weine-feinkost.de\\\/unterwegs\\\/wp-content\\\/uploads\\\/2030\\\/06\\\/Azurmendi_Larrabetzu_Spanien_Titelbild.jpg\",\"width\":1440,\"height\":1920},{\"@type\":\"BreadcrumbList\",\"@id\":\"https:\\\/\\\/www.weine-feinkost.de\\\/unterwegs\\\/2023\\\/11\\\/azurmendi-larrabetzu-spanien\\\/#breadcrumb\",\"itemListElement\":[{\"@type\":\"ListItem\",\"position\":1,\"name\":\"Startseite\",\"item\":\"https:\\\/\\\/www.weine-feinkost.de\\\/unterwegs\\\/\"},{\"@type\":\"ListItem\",\"position\":2,\"name\":\"Azurmendi &#8211; Larrabetzu &#8211; Spanien\"}]},{\"@type\":\"WebSite\",\"@id\":\"https:\\\/\\\/www.weine-feinkost.de\\\/unterwegs\\\/#website\",\"url\":\"https:\\\/\\\/www.weine-feinkost.de\\\/unterwegs\\\/\",\"name\":\"Unterwegs mit Weine &amp; Feinkost\",\"description\":\"Entdecken Sie Genuss\",\"publisher\":{\"@id\":\"https:\\\/\\\/www.weine-feinkost.de\\\/unterwegs\\\/#organization\"},\"potentialAction\":[{\"@type\":\"SearchAction\",\"target\":{\"@type\":\"EntryPoint\",\"urlTemplate\":\"https:\\\/\\\/www.weine-feinkost.de\\\/unterwegs\\\/?s={search_term_string}\"},\"query-input\":{\"@type\":\"PropertyValueSpecification\",\"valueRequired\":true,\"valueName\":\"search_term_string\"}}],\"inLanguage\":\"de\"},{\"@type\":\"Organization\",\"@id\":\"https:\\\/\\\/www.weine-feinkost.de\\\/unterwegs\\\/#organization\",\"name\":\"Unterwegs mit Weine &amp; Feinkost\",\"url\":\"https:\\\/\\\/www.weine-feinkost.de\\\/unterwegs\\\/\",\"logo\":{\"@type\":\"ImageObject\",\"inLanguage\":\"de\",\"@id\":\"https:\\\/\\\/www.weine-feinkost.de\\\/unterwegs\\\/#\\\/schema\\\/logo\\\/image\\\/\",\"url\":\"https:\\\/\\\/www.weine-feinkost.de\\\/unterwegs\\\/wp-content\\\/uploads\\\/2022\\\/10\\\/logo_weinefeinkost_unterwegs_450x171.png\",\"contentUrl\":\"https:\\\/\\\/www.weine-feinkost.de\\\/unterwegs\\\/wp-content\\\/uploads\\\/2022\\\/10\\\/logo_weinefeinkost_unterwegs_450x171.png\",\"width\":450,\"height\":171,\"caption\":\"Unterwegs mit Weine &amp; Feinkost\"},\"image\":{\"@id\":\"https:\\\/\\\/www.weine-feinkost.de\\\/unterwegs\\\/#\\\/schema\\\/logo\\\/image\\\/\"}},{\"@type\":\"Person\",\"@id\":\"https:\\\/\\\/www.weine-feinkost.de\\\/unterwegs\\\/#\\\/schema\\\/person\\\/c07d66169fd0e04307bfe7cdc99ac26a\",\"name\":\"Christian Fenske\",\"image\":{\"@type\":\"ImageObject\",\"inLanguage\":\"de\",\"@id\":\"https:\\\/\\\/www.weine-feinkost.de\\\/unterwegs\\\/wp-content\\\/uploads\\\/2023\\\/01\\\/cropped-christian_profilbild-96x96.png\",\"url\":\"https:\\\/\\\/www.weine-feinkost.de\\\/unterwegs\\\/wp-content\\\/uploads\\\/2023\\\/01\\\/cropped-christian_profilbild-96x96.png\",\"contentUrl\":\"https:\\\/\\\/www.weine-feinkost.de\\\/unterwegs\\\/wp-content\\\/uploads\\\/2023\\\/01\\\/cropped-christian_profilbild-96x96.png\",\"caption\":\"Christian Fenske\"},\"description\":\"Zusammen an einem Tisch sitzen, gemeinsam zu kommunizieren und zu genie\u00dfen, das ist eine der herausragenden kulturellen Errungenschaft der Menschheit.\",\"url\":\"https:\\\/\\\/www.weine-feinkost.de\\\/unterwegs\\\/author\\\/christian-fenske\\\/\"}]}<\/script>\n<!-- \/ Yoast SEO plugin. -->","yoast_head_json":{"title":"Azurmendi - Larrabetzu - Spanien - Unterwegs mit Weine &amp; Feinkost","robots":{"index":"index","follow":"follow","max-snippet":"max-snippet:-1","max-image-preview":"max-image-preview:large","max-video-preview":"max-video-preview:-1"},"canonical":"https:\/\/www.weine-feinkost.de\/unterwegs\/2023\/11\/azurmendi-larrabetzu-spanien\/","og_locale":"de_DE","og_type":"article","og_title":"Azurmendi - Larrabetzu - Spanien - Unterwegs mit Weine &amp; Feinkost","og_description":"Jung und talentiert: Eneko Atxas beeindruckender Aufstieg zum Champion der spanischen K\u00fcche Es gibt in der Gastronomie und Genusswelt nur wenige so schnell erfolgreiche Aufsteiger wie den Koch Eneko Atxa mit seinem Restaurant Azurmendi in dem kleinen Ort Larrabetzu. Eneko Atxas gastronomische Reise begann im Jahr 1977, als er in der malerischen Stadt Amorebieta (in ... Weiterlesen","og_url":"https:\/\/www.weine-feinkost.de\/unterwegs\/2023\/11\/azurmendi-larrabetzu-spanien\/","og_site_name":"Unterwegs mit Weine &amp; Feinkost","article_published_time":"2023-11-03T16:00:00+00:00","og_image":[{"width":1440,"height":1920,"url":"https:\/\/www.weine-feinkost.de\/unterwegs\/wp-content\/uploads\/2030\/06\/Azurmendi_Larrabetzu_Spanien_Titelbild.jpg","type":"image\/jpeg"}],"author":"Christian Fenske","twitter_card":"summary_large_image","twitter_misc":{"Verfasst von":"Christian Fenske","Gesch\u00e4tzte Lesezeit":"13\u00a0Minuten"},"schema":{"@context":"https:\/\/schema.org","@graph":[{"@type":"Article","@id":"https:\/\/www.weine-feinkost.de\/unterwegs\/2023\/11\/azurmendi-larrabetzu-spanien\/#article","isPartOf":{"@id":"https:\/\/www.weine-feinkost.de\/unterwegs\/2023\/11\/azurmendi-larrabetzu-spanien\/"},"author":{"name":"Christian Fenske","@id":"https:\/\/www.weine-feinkost.de\/unterwegs\/#\/schema\/person\/c07d66169fd0e04307bfe7cdc99ac26a"},"headline":"Azurmendi &#8211; Larrabetzu &#8211; Spanien","datePublished":"2023-11-03T16:00:00+00:00","mainEntityOfPage":{"@id":"https:\/\/www.weine-feinkost.de\/unterwegs\/2023\/11\/azurmendi-larrabetzu-spanien\/"},"wordCount":896,"commentCount":0,"publisher":{"@id":"https:\/\/www.weine-feinkost.de\/unterwegs\/#organization"},"image":{"@id":"https:\/\/www.weine-feinkost.de\/unterwegs\/2023\/11\/azurmendi-larrabetzu-spanien\/#primaryimage"},"thumbnailUrl":"https:\/\/www.weine-feinkost.de\/unterwegs\/wp-content\/uploads\/2030\/06\/Azurmendi_Larrabetzu_Spanien_Titelbild.jpg","keywords":["Azurmendi","Baskenland","Eneko Atxa","Restaurant","Spanien"],"articleSection":["Michelin Star","Restaurants","Spanien"],"inLanguage":"de","potentialAction":[{"@type":"CommentAction","name":"Comment","target":["https:\/\/www.weine-feinkost.de\/unterwegs\/2023\/11\/azurmendi-larrabetzu-spanien\/#respond"]}]},{"@type":"WebPage","@id":"https:\/\/www.weine-feinkost.de\/unterwegs\/2023\/11\/azurmendi-larrabetzu-spanien\/","url":"https:\/\/www.weine-feinkost.de\/unterwegs\/2023\/11\/azurmendi-larrabetzu-spanien\/","name":"Azurmendi - Larrabetzu - Spanien - Unterwegs mit Weine &amp; Feinkost","isPartOf":{"@id":"https:\/\/www.weine-feinkost.de\/unterwegs\/#website"},"primaryImageOfPage":{"@id":"https:\/\/www.weine-feinkost.de\/unterwegs\/2023\/11\/azurmendi-larrabetzu-spanien\/#primaryimage"},"image":{"@id":"https:\/\/www.weine-feinkost.de\/unterwegs\/2023\/11\/azurmendi-larrabetzu-spanien\/#primaryimage"},"thumbnailUrl":"https:\/\/www.weine-feinkost.de\/unterwegs\/wp-content\/uploads\/2030\/06\/Azurmendi_Larrabetzu_Spanien_Titelbild.jpg","datePublished":"2023-11-03T16:00:00+00:00","breadcrumb":{"@id":"https:\/\/www.weine-feinkost.de\/unterwegs\/2023\/11\/azurmendi-larrabetzu-spanien\/#breadcrumb"},"inLanguage":"de","potentialAction":[{"@type":"ReadAction","target":["https:\/\/www.weine-feinkost.de\/unterwegs\/2023\/11\/azurmendi-larrabetzu-spanien\/"]}]},{"@type":"ImageObject","inLanguage":"de","@id":"https:\/\/www.weine-feinkost.de\/unterwegs\/2023\/11\/azurmendi-larrabetzu-spanien\/#primaryimage","url":"https:\/\/www.weine-feinkost.de\/unterwegs\/wp-content\/uploads\/2030\/06\/Azurmendi_Larrabetzu_Spanien_Titelbild.jpg","contentUrl":"https:\/\/www.weine-feinkost.de\/unterwegs\/wp-content\/uploads\/2030\/06\/Azurmendi_Larrabetzu_Spanien_Titelbild.jpg","width":1440,"height":1920},{"@type":"BreadcrumbList","@id":"https:\/\/www.weine-feinkost.de\/unterwegs\/2023\/11\/azurmendi-larrabetzu-spanien\/#breadcrumb","itemListElement":[{"@type":"ListItem","position":1,"name":"Startseite","item":"https:\/\/www.weine-feinkost.de\/unterwegs\/"},{"@type":"ListItem","position":2,"name":"Azurmendi &#8211; Larrabetzu &#8211; Spanien"}]},{"@type":"WebSite","@id":"https:\/\/www.weine-feinkost.de\/unterwegs\/#website","url":"https:\/\/www.weine-feinkost.de\/unterwegs\/","name":"Unterwegs mit Weine &amp; Feinkost","description":"Entdecken Sie Genuss","publisher":{"@id":"https:\/\/www.weine-feinkost.de\/unterwegs\/#organization"},"potentialAction":[{"@type":"SearchAction","target":{"@type":"EntryPoint","urlTemplate":"https:\/\/www.weine-feinkost.de\/unterwegs\/?s={search_term_string}"},"query-input":{"@type":"PropertyValueSpecification","valueRequired":true,"valueName":"search_term_string"}}],"inLanguage":"de"},{"@type":"Organization","@id":"https:\/\/www.weine-feinkost.de\/unterwegs\/#organization","name":"Unterwegs mit Weine &amp; Feinkost","url":"https:\/\/www.weine-feinkost.de\/unterwegs\/","logo":{"@type":"ImageObject","inLanguage":"de","@id":"https:\/\/www.weine-feinkost.de\/unterwegs\/#\/schema\/logo\/image\/","url":"https:\/\/www.weine-feinkost.de\/unterwegs\/wp-content\/uploads\/2022\/10\/logo_weinefeinkost_unterwegs_450x171.png","contentUrl":"https:\/\/www.weine-feinkost.de\/unterwegs\/wp-content\/uploads\/2022\/10\/logo_weinefeinkost_unterwegs_450x171.png","width":450,"height":171,"caption":"Unterwegs mit Weine &amp; Feinkost"},"image":{"@id":"https:\/\/www.weine-feinkost.de\/unterwegs\/#\/schema\/logo\/image\/"}},{"@type":"Person","@id":"https:\/\/www.weine-feinkost.de\/unterwegs\/#\/schema\/person\/c07d66169fd0e04307bfe7cdc99ac26a","name":"Christian Fenske","image":{"@type":"ImageObject","inLanguage":"de","@id":"https:\/\/www.weine-feinkost.de\/unterwegs\/wp-content\/uploads\/2023\/01\/cropped-christian_profilbild-96x96.png","url":"https:\/\/www.weine-feinkost.de\/unterwegs\/wp-content\/uploads\/2023\/01\/cropped-christian_profilbild-96x96.png","contentUrl":"https:\/\/www.weine-feinkost.de\/unterwegs\/wp-content\/uploads\/2023\/01\/cropped-christian_profilbild-96x96.png","caption":"Christian Fenske"},"description":"Zusammen an einem Tisch sitzen, gemeinsam zu kommunizieren und zu genie\u00dfen, das ist eine der herausragenden kulturellen Errungenschaft der Menschheit.","url":"https:\/\/www.weine-feinkost.de\/unterwegs\/author\/christian-fenske\/"}]}},"jetpack_publicize_connections":[],"jetpack_shortlink":"https:\/\/wp.me\/p68Tjo-Q49","jetpack_sharing_enabled":true,"jetpack_likes_enabled":true,"jetpack_featured_media_url":"https:\/\/www.weine-feinkost.de\/unterwegs\/wp-content\/uploads\/2030\/06\/Azurmendi_Larrabetzu_Spanien_Titelbild.jpg","_links":{"self":[{"href":"https:\/\/www.weine-feinkost.de\/unterwegs\/wp-json\/wp\/v2\/posts\/200145","targetHints":{"allow":["GET"]}}],"collection":[{"href":"https:\/\/www.weine-feinkost.de\/unterwegs\/wp-json\/wp\/v2\/posts"}],"about":[{"href":"https:\/\/www.weine-feinkost.de\/unterwegs\/wp-json\/wp\/v2\/types\/post"}],"author":[{"embeddable":true,"href":"https:\/\/www.weine-feinkost.de\/unterwegs\/wp-json\/wp\/v2\/users\/7"}],"replies":[{"embeddable":true,"href":"https:\/\/www.weine-feinkost.de\/unterwegs\/wp-json\/wp\/v2\/comments?post=200145"}],"version-history":[{"count":32,"href":"https:\/\/www.weine-feinkost.de\/unterwegs\/wp-json\/wp\/v2\/posts\/200145\/revisions"}],"predecessor-version":[{"id":201964,"href":"https:\/\/www.weine-feinkost.de\/unterwegs\/wp-json\/wp\/v2\/posts\/200145\/revisions\/201964"}],"wp:featuredmedia":[{"embeddable":true,"href":"https:\/\/www.weine-feinkost.de\/unterwegs\/wp-json\/wp\/v2\/media\/200208"}],"wp:attachment":[{"href":"https:\/\/www.weine-feinkost.de\/unterwegs\/wp-json\/wp\/v2\/media?parent=200145"}],"wp:term":[{"taxonomy":"category","embeddable":true,"href":"https:\/\/www.weine-feinkost.de\/unterwegs\/wp-json\/wp\/v2\/categories?post=200145"},{"taxonomy":"post_tag","embeddable":true,"href":"https:\/\/www.weine-feinkost.de\/unterwegs\/wp-json\/wp\/v2\/tags?post=200145"},{"taxonomy":"post_folder","embeddable":true,"href":"https:\/\/www.weine-feinkost.de\/unterwegs\/wp-json\/wp\/v2\/post_folder?post=200145"}],"curies":[{"name":"wp","href":"https:\/\/api.w.org\/{rel}","templated":true}]}}