{"id":200920,"date":"2023-11-14T17:00:00","date_gmt":"2023-11-14T16:00:00","guid":{"rendered":"https:\/\/www.weine-feinkost.de\/unterwegs\/?p=200920"},"modified":"2023-11-08T17:17:22","modified_gmt":"2023-11-08T16:17:22","slug":"restaurant-seegarten-sundern-deutschland","status":"publish","type":"post","link":"https:\/\/www.weine-feinkost.de\/unterwegs\/2023\/11\/restaurant-seegarten-sundern-deutschland\/","title":{"rendered":"Restaurant Seegarten &#8211; Sundern &#8211; Deutschland"},"content":{"rendered":"\n<h2 class=\"wp-block-heading\">Sauerland neu entdeckt: Tradition trifft Innovation im Restaurant Seegarten<\/h2>\n\n\n\n<p class=\"has-drop-cap\">Das Sauerland hat bei vielen ein eher biederes Image. Die Bilder von feiernden Kegelclubs und Rentner-Partymeilen geistern einem auch heute immer noch durch den Kopf. Auch aktuellere Nachrichten \u00fcber Br\u00fcckensperrungen und internetlose Zonen im Sauerland tragen nicht gerade zu einem positiveren Bild dieser landschaftlich gr\u00fcnen und sehr reizvollen Region Deutschlands bei.<\/p>\n\n\n\n<p>Doch wie so oft handelt es sich nur um falsche Vorstellungen und Vorurteile, wie ein k\u00fcrzlicher Besuch im Restaurant <strong>Seegarten<\/strong> in Sundern an der Sorpetalsperre beweist.<\/p>\n\n\n\n<p>Hier hat der ausgebildete Koch Olaf Baumeister das Hotel und Restaurant <strong>Seegarten<\/strong>, das er von seinen Eltern \u00fcbernommen hat, komplett umgekrempelt. Eine beeindruckende Sky Spa-Landschaft hat er auf den Neubau des Hotels setzen lassen und die Hotelzimmer auf ein hohes Wohlf\u00fchlniveau renoviert. Mit drei Restaurant-Konzepten hat er ein Statement f\u00fcr seinen gelernten Beruf und die regionalen sowie saisonalen M\u00f6glichkeiten, die sich daraus ergeben, gesetzt.<\/p>\n\n\n\n<p>In seinem Restaurant <strong>Seegarten<\/strong> wird eine moderne, keineswegs affektierte, aromatische und frische K\u00fcche serviert &#8211; munter, flott und fr\u00f6hlich. Die Zutaten stammen soweit wie m\u00f6glich aus dem Sauerland, und mit diesen werden viele typische Speisen zubereitet, die eigentlich aus ganz anderen Regionen dieser Welt bekannt sind. Dass im Restaurant <strong>Seegarten<\/strong> mit Herz, Seele und Verstand gearbeitet wird, sieht man nicht nur auf den Tellern, wo es gut aussieht und obendrein ausgezeichnet schmeckt, sondern auch im Restaurant selbst. Hier werden die Kr\u00e4uter direkt im Speisesaal angebaut, und auch auf dem Dach wird eigener Salat gezogen.<\/p>\n\n\n\n<div class=\"wp-block-jetpack-tiled-gallery aligncenter is-style-rectangular\"><div class=\"tiled-gallery__gallery\"><div class=\"tiled-gallery__row\"><div class=\"tiled-gallery__col\" style=\"flex-basis:25.00000%\"><figure class=\"tiled-gallery__item\"><a href=\"https:\/\/www.weine-feinkost.de\/unterwegs\/wp-content\/uploads\/2023\/07\/Restaurant_Seegarten_sundern_Deutschland_1-768x1024.jpg\"><img decoding=\"async\" srcset=\"https:\/\/i1.wp.com\/www.weine-feinkost.de\/unterwegs\/wp-content\/uploads\/2023\/07\/Restaurant_Seegarten_sundern_Deutschland_1-768x1024.jpg?strip=info&#038;w=600&#038;ssl=1 600w,https:\/\/i1.wp.com\/www.weine-feinkost.de\/unterwegs\/wp-content\/uploads\/2023\/07\/Restaurant_Seegarten_sundern_Deutschland_1-768x1024.jpg?strip=info&#038;w=768&#038;ssl=1 768w\" alt=\"\" data-height=\"1280\" data-id=\"200922\" data-link=\"https:\/\/www.weine-feinkost.de\/unterwegs\/?attachment_id=200922#main\" data-url=\"https:\/\/www.weine-feinkost.de\/unterwegs\/wp-content\/uploads\/2023\/07\/Restaurant_Seegarten_sundern_Deutschland_1-768x1024.jpg\" data-width=\"960\" src=\"https:\/\/i1.wp.com\/www.weine-feinkost.de\/unterwegs\/wp-content\/uploads\/2023\/07\/Restaurant_Seegarten_sundern_Deutschland_1-768x1024.jpg?ssl=1\" data-amp-layout=\"responsive\"\/><\/a><\/figure><\/div><div class=\"tiled-gallery__col\" style=\"flex-basis:25.00000%\"><figure class=\"tiled-gallery__item\"><a href=\"https:\/\/www.weine-feinkost.de\/unterwegs\/wp-content\/uploads\/2023\/07\/Restaurant_Seegarten_sundern_Deutschland_2-768x1024.jpg\"><img decoding=\"async\" srcset=\"https:\/\/i0.wp.com\/www.weine-feinkost.de\/unterwegs\/wp-content\/uploads\/2023\/07\/Restaurant_Seegarten_sundern_Deutschland_2-768x1024.jpg?strip=info&#038;w=600&#038;ssl=1 600w,https:\/\/i0.wp.com\/www.weine-feinkost.de\/unterwegs\/wp-content\/uploads\/2023\/07\/Restaurant_Seegarten_sundern_Deutschland_2-768x1024.jpg?strip=info&#038;w=768&#038;ssl=1 768w\" alt=\"\" data-height=\"1280\" data-id=\"200923\" data-link=\"https:\/\/www.weine-feinkost.de\/unterwegs\/?attachment_id=200923#main\" data-url=\"https:\/\/www.weine-feinkost.de\/unterwegs\/wp-content\/uploads\/2023\/07\/Restaurant_Seegarten_sundern_Deutschland_2-768x1024.jpg\" data-width=\"960\" src=\"https:\/\/i0.wp.com\/www.weine-feinkost.de\/unterwegs\/wp-content\/uploads\/2023\/07\/Restaurant_Seegarten_sundern_Deutschland_2-768x1024.jpg?ssl=1\" data-amp-layout=\"responsive\"\/><\/a><\/figure><\/div><div class=\"tiled-gallery__col\" style=\"flex-basis:25.00000%\"><figure class=\"tiled-gallery__item\"><a href=\"https:\/\/www.weine-feinkost.de\/unterwegs\/wp-content\/uploads\/2023\/07\/Restaurant_Seegarten_sundern_Deutschland_14-768x1024.jpg\"><img decoding=\"async\" srcset=\"https:\/\/i1.wp.com\/www.weine-feinkost.de\/unterwegs\/wp-content\/uploads\/2023\/07\/Restaurant_Seegarten_sundern_Deutschland_14-768x1024.jpg?strip=info&#038;w=600&#038;ssl=1 600w,https:\/\/i1.wp.com\/www.weine-feinkost.de\/unterwegs\/wp-content\/uploads\/2023\/07\/Restaurant_Seegarten_sundern_Deutschland_14-768x1024.jpg?strip=info&#038;w=768&#038;ssl=1 768w\" alt=\"\" data-height=\"1280\" data-id=\"200934\" data-link=\"https:\/\/www.weine-feinkost.de\/unterwegs\/?attachment_id=200934#main\" data-url=\"https:\/\/www.weine-feinkost.de\/unterwegs\/wp-content\/uploads\/2023\/07\/Restaurant_Seegarten_sundern_Deutschland_14-768x1024.jpg\" data-width=\"960\" src=\"https:\/\/i1.wp.com\/www.weine-feinkost.de\/unterwegs\/wp-content\/uploads\/2023\/07\/Restaurant_Seegarten_sundern_Deutschland_14-768x1024.jpg?ssl=1\" data-amp-layout=\"responsive\"\/><\/a><\/figure><\/div><div class=\"tiled-gallery__col\" style=\"flex-basis:25.00000%\"><figure class=\"tiled-gallery__item\"><a href=\"https:\/\/www.weine-feinkost.de\/unterwegs\/wp-content\/uploads\/2023\/07\/Restaurant_Seegarten_sundern_Deutschland_3-768x1024.jpg\"><img decoding=\"async\" srcset=\"https:\/\/i0.wp.com\/www.weine-feinkost.de\/unterwegs\/wp-content\/uploads\/2023\/07\/Restaurant_Seegarten_sundern_Deutschland_3-768x1024.jpg?strip=info&#038;w=600&#038;ssl=1 600w,https:\/\/i0.wp.com\/www.weine-feinkost.de\/unterwegs\/wp-content\/uploads\/2023\/07\/Restaurant_Seegarten_sundern_Deutschland_3-768x1024.jpg?strip=info&#038;w=768&#038;ssl=1 768w\" alt=\"\" data-height=\"1280\" data-id=\"200924\" data-link=\"https:\/\/www.weine-feinkost.de\/unterwegs\/?attachment_id=200924#main\" data-url=\"https:\/\/www.weine-feinkost.de\/unterwegs\/wp-content\/uploads\/2023\/07\/Restaurant_Seegarten_sundern_Deutschland_3-768x1024.jpg\" data-width=\"960\" src=\"https:\/\/i0.wp.com\/www.weine-feinkost.de\/unterwegs\/wp-content\/uploads\/2023\/07\/Restaurant_Seegarten_sundern_Deutschland_3-768x1024.jpg?ssl=1\" data-amp-layout=\"responsive\"\/><\/a><\/figure><\/div><\/div><\/div><\/div>\n\n\n<div class=\"wp-block-image\">\n<figure class=\"aligncenter\"><img loading=\"lazy\" decoding=\"async\" width=\"768\" height=\"1024\" src=\"https:\/\/www.weine-feinkost.de\/unterwegs\/wp-content\/uploads\/2023\/07\/Restaurant_Seegarten_sundern_Deutschland_4-768x1024.jpg\" alt=\"\" class=\"wp-image-200925\" srcset=\"https:\/\/www.weine-feinkost.de\/unterwegs\/wp-content\/uploads\/2023\/07\/Restaurant_Seegarten_sundern_Deutschland_4-768x1024.jpg 768w, https:\/\/www.weine-feinkost.de\/unterwegs\/wp-content\/uploads\/2023\/07\/Restaurant_Seegarten_sundern_Deutschland_4-225x300.jpg 225w, https:\/\/www.weine-feinkost.de\/unterwegs\/wp-content\/uploads\/2023\/07\/Restaurant_Seegarten_sundern_Deutschland_4.jpg 960w\" sizes=\"auto, (max-width: 768px) 100vw, 768px\" \/><figcaption class=\"wp-element-caption\"><kbd>Maki mit Ingwer und Gurke.<\/kbd><\/figcaption><\/figure>\n<\/div>\n\n<div class=\"wp-block-image\">\n<figure class=\"aligncenter\"><img loading=\"lazy\" decoding=\"async\" width=\"1200\" height=\"900\" src=\"https:\/\/www.weine-feinkost.de\/unterwegs\/wp-content\/uploads\/2023\/07\/Restaurant_Seegarten_sundern_Deutschland_5-1200x900.jpg\" alt=\"\" class=\"wp-image-200926\" srcset=\"https:\/\/www.weine-feinkost.de\/unterwegs\/wp-content\/uploads\/2023\/07\/Restaurant_Seegarten_sundern_Deutschland_5-1200x900.jpg 1200w, https:\/\/www.weine-feinkost.de\/unterwegs\/wp-content\/uploads\/2023\/07\/Restaurant_Seegarten_sundern_Deutschland_5-300x225.jpg 300w, https:\/\/www.weine-feinkost.de\/unterwegs\/wp-content\/uploads\/2023\/07\/Restaurant_Seegarten_sundern_Deutschland_5-768x576.jpg 768w, https:\/\/www.weine-feinkost.de\/unterwegs\/wp-content\/uploads\/2023\/07\/Restaurant_Seegarten_sundern_Deutschland_5.jpg 1280w\" sizes=\"auto, (max-width: 1200px) 100vw, 1200px\" \/><figcaption class=\"wp-element-caption\"><kbd>Brot, Butter, Kr\u00e4uter\u00f6l.<\/kbd><\/figcaption><\/figure>\n<\/div>\n\n<div class=\"wp-block-image\">\n<figure class=\"aligncenter\"><img loading=\"lazy\" decoding=\"async\" width=\"768\" height=\"1024\" src=\"https:\/\/www.weine-feinkost.de\/unterwegs\/wp-content\/uploads\/2023\/07\/Restaurant_Seegarten_sundern_Deutschland_7-768x1024.jpg\" alt=\"\" class=\"wp-image-200928\" srcset=\"https:\/\/www.weine-feinkost.de\/unterwegs\/wp-content\/uploads\/2023\/07\/Restaurant_Seegarten_sundern_Deutschland_7-768x1024.jpg 768w, https:\/\/www.weine-feinkost.de\/unterwegs\/wp-content\/uploads\/2023\/07\/Restaurant_Seegarten_sundern_Deutschland_7-225x300.jpg 225w, https:\/\/www.weine-feinkost.de\/unterwegs\/wp-content\/uploads\/2023\/07\/Restaurant_Seegarten_sundern_Deutschland_7.jpg 960w\" sizes=\"auto, (max-width: 768px) 100vw, 768px\" \/><figcaption class=\"wp-element-caption\"><kbd>Brotsalat: Salat aus halbgetrockneten Tomaten, Kirschtomaten, eingelegten Schalotten, R\u00f6stbrot und geeisten Gazpachoperlen mit karamellisiertem Burrata aus Sundern<\/kbd>.<\/figcaption><\/figure>\n<\/div>\n\n<div class=\"wp-block-image\">\n<figure class=\"aligncenter\"><img loading=\"lazy\" decoding=\"async\" width=\"1200\" height=\"900\" src=\"https:\/\/www.weine-feinkost.de\/unterwegs\/wp-content\/uploads\/2023\/07\/Restaurant_Seegarten_sundern_Deutschland_6-1200x900.jpg\" alt=\"\" class=\"wp-image-200927\" srcset=\"https:\/\/www.weine-feinkost.de\/unterwegs\/wp-content\/uploads\/2023\/07\/Restaurant_Seegarten_sundern_Deutschland_6-1200x900.jpg 1200w, https:\/\/www.weine-feinkost.de\/unterwegs\/wp-content\/uploads\/2023\/07\/Restaurant_Seegarten_sundern_Deutschland_6-300x225.jpg 300w, https:\/\/www.weine-feinkost.de\/unterwegs\/wp-content\/uploads\/2023\/07\/Restaurant_Seegarten_sundern_Deutschland_6-768x576.jpg 768w, https:\/\/www.weine-feinkost.de\/unterwegs\/wp-content\/uploads\/2023\/07\/Restaurant_Seegarten_sundern_Deutschland_6.jpg 1280w\" sizes=\"auto, (max-width: 1200px) 100vw, 1200px\" \/><figcaption class=\"wp-element-caption\"><kbd>Nigiri mit gefl\u00e4mmtem Sauerl\u00e4nder Bio-Wagyu.<\/kbd><\/figcaption><\/figure>\n<\/div>\n\n<div class=\"wp-block-image\">\n<figure class=\"aligncenter\"><img loading=\"lazy\" decoding=\"async\" width=\"1200\" height=\"900\" src=\"https:\/\/www.weine-feinkost.de\/unterwegs\/wp-content\/uploads\/2023\/07\/Restaurant_Seegarten_sundern_Deutschland_8-1200x900.jpg\" alt=\"\" class=\"wp-image-200929\" srcset=\"https:\/\/www.weine-feinkost.de\/unterwegs\/wp-content\/uploads\/2023\/07\/Restaurant_Seegarten_sundern_Deutschland_8-1200x900.jpg 1200w, https:\/\/www.weine-feinkost.de\/unterwegs\/wp-content\/uploads\/2023\/07\/Restaurant_Seegarten_sundern_Deutschland_8-300x225.jpg 300w, https:\/\/www.weine-feinkost.de\/unterwegs\/wp-content\/uploads\/2023\/07\/Restaurant_Seegarten_sundern_Deutschland_8-768x576.jpg 768w, https:\/\/www.weine-feinkost.de\/unterwegs\/wp-content\/uploads\/2023\/07\/Restaurant_Seegarten_sundern_Deutschland_8.jpg 1280w\" sizes=\"auto, (max-width: 1200px) 100vw, 1200px\" \/><figcaption class=\"wp-element-caption\"><kbd>Sauerl\u00e4nder Sushi. Sashimi, Nigiri und California Roll von der Forelle und Lachsforelle aus Amecke, gegrillter St\u00f6r, Kr\u00e4cker mit Limettenengel und Sauerrahm, Kaviar von Saibling und Lachsforelle, Soja-Sesamgel, Ingwer und Wasabi.<\/kbd><\/figcaption><\/figure>\n<\/div>\n\n<div class=\"wp-block-image\">\n<figure class=\"aligncenter\"><img loading=\"lazy\" decoding=\"async\" width=\"1200\" height=\"900\" src=\"https:\/\/www.weine-feinkost.de\/unterwegs\/wp-content\/uploads\/2023\/07\/Restaurant_Seegarten_sundern_Deutschland_9-1200x900.jpg\" alt=\"\" class=\"wp-image-200930\" srcset=\"https:\/\/www.weine-feinkost.de\/unterwegs\/wp-content\/uploads\/2023\/07\/Restaurant_Seegarten_sundern_Deutschland_9-1200x900.jpg 1200w, https:\/\/www.weine-feinkost.de\/unterwegs\/wp-content\/uploads\/2023\/07\/Restaurant_Seegarten_sundern_Deutschland_9-300x225.jpg 300w, https:\/\/www.weine-feinkost.de\/unterwegs\/wp-content\/uploads\/2023\/07\/Restaurant_Seegarten_sundern_Deutschland_9-768x576.jpg 768w, https:\/\/www.weine-feinkost.de\/unterwegs\/wp-content\/uploads\/2023\/07\/Restaurant_Seegarten_sundern_Deutschland_9.jpg 1280w\" sizes=\"auto, (max-width: 1200px) 100vw, 1200px\" \/><figcaption class=\"wp-element-caption\"><kbd>Medaillon vom Bio-Rinderfilet und Schmorbraten vom Tafelspitz<br>mit Risotto von frischen Pfifferlingen und glasierten Bohnen.<\/kbd><\/figcaption><\/figure>\n<\/div>\n\n<div class=\"wp-block-image\">\n<figure class=\"aligncenter\"><img loading=\"lazy\" decoding=\"async\" width=\"768\" height=\"1024\" src=\"https:\/\/www.weine-feinkost.de\/unterwegs\/wp-content\/uploads\/2023\/07\/Restaurant_Seegarten_sundern_Deutschland_10-768x1024.jpg\" alt=\"\" class=\"wp-image-200931\" srcset=\"https:\/\/www.weine-feinkost.de\/unterwegs\/wp-content\/uploads\/2023\/07\/Restaurant_Seegarten_sundern_Deutschland_10-768x1024.jpg 768w, https:\/\/www.weine-feinkost.de\/unterwegs\/wp-content\/uploads\/2023\/07\/Restaurant_Seegarten_sundern_Deutschland_10-225x300.jpg 225w, https:\/\/www.weine-feinkost.de\/unterwegs\/wp-content\/uploads\/2023\/07\/Restaurant_Seegarten_sundern_Deutschland_10.jpg 960w\" sizes=\"auto, (max-width: 768px) 100vw, 768px\" \/><figcaption class=\"wp-element-caption\"><kbd>Backfisch vom Sauerl\u00e4nder Saibling, Mousseline aus Kartoffeln, Gartenerbsen und Minze und glasierte Vanillekarotten.<\/kbd><\/figcaption><\/figure>\n<\/div>\n\n<div class=\"wp-block-image\">\n<figure class=\"aligncenter\"><img loading=\"lazy\" decoding=\"async\" width=\"768\" height=\"1024\" src=\"https:\/\/www.weine-feinkost.de\/unterwegs\/wp-content\/uploads\/2023\/07\/Restaurant_Seegarten_sundern_Deutschland_12-768x1024.jpg\" alt=\"\" class=\"wp-image-200933\" srcset=\"https:\/\/www.weine-feinkost.de\/unterwegs\/wp-content\/uploads\/2023\/07\/Restaurant_Seegarten_sundern_Deutschland_12-768x1024.jpg 768w, https:\/\/www.weine-feinkost.de\/unterwegs\/wp-content\/uploads\/2023\/07\/Restaurant_Seegarten_sundern_Deutschland_12-225x300.jpg 225w, https:\/\/www.weine-feinkost.de\/unterwegs\/wp-content\/uploads\/2023\/07\/Restaurant_Seegarten_sundern_Deutschland_12.jpg 960w\" sizes=\"auto, (max-width: 768px) 100vw, 768px\" \/><figcaption class=\"wp-element-caption\"><kbd>Vanilleeis mit Erdbeeren 2.0: <br>Frische Erdbeeren mit s\u00fc\u00dfem Basilikumpesto, Erdbeerp\u00fcree und Sorbet aus Erdbeeren und Minze, Parfait aus Vanille und wei\u00dfer Schokolade und Bl\u00e4tter aus karamellisierter Schokolade.<\/kbd><\/figcaption><\/figure>\n<\/div>\n\n<div class=\"wp-block-image\">\n<figure class=\"aligncenter\"><img loading=\"lazy\" decoding=\"async\" width=\"768\" height=\"1024\" src=\"https:\/\/www.weine-feinkost.de\/unterwegs\/wp-content\/uploads\/2023\/07\/Restaurant_Seegarten_sundern_Deutschland_11-768x1024.jpg\" alt=\"\" class=\"wp-image-200932\" srcset=\"https:\/\/www.weine-feinkost.de\/unterwegs\/wp-content\/uploads\/2023\/07\/Restaurant_Seegarten_sundern_Deutschland_11-768x1024.jpg 768w, https:\/\/www.weine-feinkost.de\/unterwegs\/wp-content\/uploads\/2023\/07\/Restaurant_Seegarten_sundern_Deutschland_11-225x300.jpg 225w, https:\/\/www.weine-feinkost.de\/unterwegs\/wp-content\/uploads\/2023\/07\/Restaurant_Seegarten_sundern_Deutschland_11.jpg 960w\" sizes=\"auto, (max-width: 768px) 100vw, 768px\" \/><figcaption class=\"wp-element-caption\"><kbd>Pralinen gef\u00fcllt mit hausgemachtem Woodland Gin.<\/kbd><\/figcaption><\/figure>\n<\/div>\n\n\n<p><strong>Restaurant Seegarten<\/strong>, Zum Sorpedamm 21, 59846 Sundern, Deutschland, Telefon: +49 2935 96460, <a href=\"https:\/\/www.hotel-seegarten.com\/\">https:\/\/www.hotel-seegarten.com\/<\/a><\/p>\n","protected":false},"excerpt":{"rendered":"<p>Sauerland neu entdeckt: Tradition trifft Innovation im Restaurant Seegarten Das Sauerland hat bei vielen ein eher biederes Image. Die Bilder von feiernden Kegelclubs und Rentner-Partymeilen geistern einem auch heute immer noch durch den Kopf. Auch aktuellere Nachrichten \u00fcber Br\u00fcckensperrungen und internetlose Zonen im Sauerland tragen nicht gerade zu einem positiveren Bild dieser landschaftlich gr\u00fcnen und &#8230; <a title=\"Restaurant Seegarten &#8211; Sundern &#8211; Deutschland\" class=\"read-more\" href=\"https:\/\/www.weine-feinkost.de\/unterwegs\/2023\/11\/restaurant-seegarten-sundern-deutschland\/\" aria-label=\"Mehr dazu unter Restaurant Seegarten &#8211; Sundern &#8211; Deutschland\">Weiterlesen<\/a><\/p>\n","protected":false},"author":7,"featured_media":200935,"comment_status":"open","ping_status":"open","sticky":false,"template":"","format":"standard","meta":{"_jetpack_newsletter_access":"","_jetpack_dont_email_post_to_subs":false,"_jetpack_newsletter_tier_id":0,"_jetpack_memberships_contains_paywalled_content":false,"_jetpack_feature_clip_id":0,"_jetpack_memberships_contains_paid_content":false,"footnotes":"","jetpack_publicize_message":"","jetpack_publicize_feature_enabled":true,"jetpack_social_post_already_shared":true,"jetpack_social_options":{"image_generator_settings":{"template":"highway","default_image_id":0,"font":"","enabled":false},"version":2},"jetpack_post_was_ever_published":false},"categories":[31,13],"tags":[120,73,3450,3449,3448],"post_folder":[],"class_list":["post-200920","post","type-post","status-publish","format-standard","has-post-thumbnail","hentry","category-deutschland-restaurants","category-restaurants","tag-deutschland","tag-restaurant","tag-sauerland","tag-seegarten","tag-sundern"],"yoast_head":"<!-- This site is optimized with the Yoast SEO plugin v28.3 - https:\/\/yoast.com\/product\/yoast-seo-wordpress\/ -->\n<title>Restaurant Seegarten - Sundern - Deutschland - Unterwegs mit Weine &amp; Feinkost<\/title>\n<meta name=\"robots\" content=\"index, follow, max-snippet:-1, max-image-preview:large, max-video-preview:-1\" \/>\n<link rel=\"canonical\" href=\"https:\/\/www.weine-feinkost.de\/unterwegs\/2023\/11\/restaurant-seegarten-sundern-deutschland\/\" \/>\n<meta property=\"og:locale\" content=\"de_DE\" \/>\n<meta property=\"og:type\" content=\"article\" \/>\n<meta property=\"og:title\" content=\"Restaurant Seegarten - Sundern - Deutschland - Unterwegs mit Weine &amp; Feinkost\" \/>\n<meta property=\"og:description\" content=\"Sauerland neu entdeckt: Tradition trifft Innovation im Restaurant Seegarten Das Sauerland hat bei vielen ein eher biederes Image. Die Bilder von feiernden Kegelclubs und Rentner-Partymeilen geistern einem auch heute immer noch durch den Kopf. Auch aktuellere Nachrichten \u00fcber Br\u00fcckensperrungen und internetlose Zonen im Sauerland tragen nicht gerade zu einem positiveren Bild dieser landschaftlich gr\u00fcnen und ... Weiterlesen\" \/>\n<meta property=\"og:url\" content=\"https:\/\/www.weine-feinkost.de\/unterwegs\/2023\/11\/restaurant-seegarten-sundern-deutschland\/\" \/>\n<meta property=\"og:site_name\" content=\"Unterwegs mit Weine &amp; Feinkost\" \/>\n<meta property=\"article:published_time\" content=\"2023-11-14T16:00:00+00:00\" \/>\n<meta property=\"og:image\" content=\"https:\/\/www.weine-feinkost.de\/unterwegs\/wp-content\/uploads\/2023\/07\/Restaurant_Seegarten_sundern_Deutschland_Titelbild.jpg\" \/>\n\t<meta property=\"og:image:width\" content=\"1920\" \/>\n\t<meta property=\"og:image:height\" content=\"1440\" \/>\n\t<meta property=\"og:image:type\" content=\"image\/jpeg\" \/>\n<meta name=\"author\" content=\"Christian Fenske\" \/>\n<meta name=\"twitter:card\" content=\"summary_large_image\" \/>\n<meta name=\"twitter:label1\" content=\"Verfasst von\" \/>\n\t<meta name=\"twitter:data1\" content=\"Christian Fenske\" \/>\n\t<meta name=\"twitter:label2\" content=\"Gesch\u00e4tzte Lesezeit\" \/>\n\t<meta name=\"twitter:data2\" content=\"5\u00a0Minuten\" \/>\n<script type=\"application\/ld+json\" class=\"yoast-schema-graph\">{\"@context\":\"https:\\\/\\\/schema.org\",\"@graph\":[{\"@type\":\"Article\",\"@id\":\"https:\\\/\\\/www.weine-feinkost.de\\\/unterwegs\\\/2023\\\/11\\\/restaurant-seegarten-sundern-deutschland\\\/#article\",\"isPartOf\":{\"@id\":\"https:\\\/\\\/www.weine-feinkost.de\\\/unterwegs\\\/2023\\\/11\\\/restaurant-seegarten-sundern-deutschland\\\/\"},\"author\":{\"name\":\"Christian Fenske\",\"@id\":\"https:\\\/\\\/www.weine-feinkost.de\\\/unterwegs\\\/#\\\/schema\\\/person\\\/c07d66169fd0e04307bfe7cdc99ac26a\"},\"headline\":\"Restaurant Seegarten &#8211; Sundern &#8211; Deutschland\",\"datePublished\":\"2023-11-14T16:00:00+00:00\",\"mainEntityOfPage\":{\"@id\":\"https:\\\/\\\/www.weine-feinkost.de\\\/unterwegs\\\/2023\\\/11\\\/restaurant-seegarten-sundern-deutschland\\\/\"},\"wordCount\":404,\"commentCount\":0,\"publisher\":{\"@id\":\"https:\\\/\\\/www.weine-feinkost.de\\\/unterwegs\\\/#organization\"},\"image\":{\"@id\":\"https:\\\/\\\/www.weine-feinkost.de\\\/unterwegs\\\/2023\\\/11\\\/restaurant-seegarten-sundern-deutschland\\\/#primaryimage\"},\"thumbnailUrl\":\"https:\\\/\\\/www.weine-feinkost.de\\\/unterwegs\\\/wp-content\\\/uploads\\\/2023\\\/07\\\/Restaurant_Seegarten_sundern_Deutschland_Titelbild.jpg\",\"keywords\":[\"Deutschland\",\"Restaurant\",\"Sauerland\",\"Seegarten\",\"Sundern\"],\"articleSection\":[\"Deutschland\",\"Restaurants\"],\"inLanguage\":\"de\",\"potentialAction\":[{\"@type\":\"CommentAction\",\"name\":\"Comment\",\"target\":[\"https:\\\/\\\/www.weine-feinkost.de\\\/unterwegs\\\/2023\\\/11\\\/restaurant-seegarten-sundern-deutschland\\\/#respond\"]}]},{\"@type\":\"WebPage\",\"@id\":\"https:\\\/\\\/www.weine-feinkost.de\\\/unterwegs\\\/2023\\\/11\\\/restaurant-seegarten-sundern-deutschland\\\/\",\"url\":\"https:\\\/\\\/www.weine-feinkost.de\\\/unterwegs\\\/2023\\\/11\\\/restaurant-seegarten-sundern-deutschland\\\/\",\"name\":\"Restaurant Seegarten - Sundern - Deutschland - Unterwegs mit Weine &amp; Feinkost\",\"isPartOf\":{\"@id\":\"https:\\\/\\\/www.weine-feinkost.de\\\/unterwegs\\\/#website\"},\"primaryImageOfPage\":{\"@id\":\"https:\\\/\\\/www.weine-feinkost.de\\\/unterwegs\\\/2023\\\/11\\\/restaurant-seegarten-sundern-deutschland\\\/#primaryimage\"},\"image\":{\"@id\":\"https:\\\/\\\/www.weine-feinkost.de\\\/unterwegs\\\/2023\\\/11\\\/restaurant-seegarten-sundern-deutschland\\\/#primaryimage\"},\"thumbnailUrl\":\"https:\\\/\\\/www.weine-feinkost.de\\\/unterwegs\\\/wp-content\\\/uploads\\\/2023\\\/07\\\/Restaurant_Seegarten_sundern_Deutschland_Titelbild.jpg\",\"datePublished\":\"2023-11-14T16:00:00+00:00\",\"breadcrumb\":{\"@id\":\"https:\\\/\\\/www.weine-feinkost.de\\\/unterwegs\\\/2023\\\/11\\\/restaurant-seegarten-sundern-deutschland\\\/#breadcrumb\"},\"inLanguage\":\"de\",\"potentialAction\":[{\"@type\":\"ReadAction\",\"target\":[\"https:\\\/\\\/www.weine-feinkost.de\\\/unterwegs\\\/2023\\\/11\\\/restaurant-seegarten-sundern-deutschland\\\/\"]}]},{\"@type\":\"ImageObject\",\"inLanguage\":\"de\",\"@id\":\"https:\\\/\\\/www.weine-feinkost.de\\\/unterwegs\\\/2023\\\/11\\\/restaurant-seegarten-sundern-deutschland\\\/#primaryimage\",\"url\":\"https:\\\/\\\/www.weine-feinkost.de\\\/unterwegs\\\/wp-content\\\/uploads\\\/2023\\\/07\\\/Restaurant_Seegarten_sundern_Deutschland_Titelbild.jpg\",\"contentUrl\":\"https:\\\/\\\/www.weine-feinkost.de\\\/unterwegs\\\/wp-content\\\/uploads\\\/2023\\\/07\\\/Restaurant_Seegarten_sundern_Deutschland_Titelbild.jpg\",\"width\":1920,\"height\":1440},{\"@type\":\"BreadcrumbList\",\"@id\":\"https:\\\/\\\/www.weine-feinkost.de\\\/unterwegs\\\/2023\\\/11\\\/restaurant-seegarten-sundern-deutschland\\\/#breadcrumb\",\"itemListElement\":[{\"@type\":\"ListItem\",\"position\":1,\"name\":\"Startseite\",\"item\":\"https:\\\/\\\/www.weine-feinkost.de\\\/unterwegs\\\/\"},{\"@type\":\"ListItem\",\"position\":2,\"name\":\"Restaurant Seegarten &#8211; Sundern &#8211; Deutschland\"}]},{\"@type\":\"WebSite\",\"@id\":\"https:\\\/\\\/www.weine-feinkost.de\\\/unterwegs\\\/#website\",\"url\":\"https:\\\/\\\/www.weine-feinkost.de\\\/unterwegs\\\/\",\"name\":\"Unterwegs mit Weine &amp; Feinkost\",\"description\":\"Entdecken Sie Genuss\",\"publisher\":{\"@id\":\"https:\\\/\\\/www.weine-feinkost.de\\\/unterwegs\\\/#organization\"},\"potentialAction\":[{\"@type\":\"SearchAction\",\"target\":{\"@type\":\"EntryPoint\",\"urlTemplate\":\"https:\\\/\\\/www.weine-feinkost.de\\\/unterwegs\\\/?s={search_term_string}\"},\"query-input\":{\"@type\":\"PropertyValueSpecification\",\"valueRequired\":true,\"valueName\":\"search_term_string\"}}],\"inLanguage\":\"de\"},{\"@type\":\"Organization\",\"@id\":\"https:\\\/\\\/www.weine-feinkost.de\\\/unterwegs\\\/#organization\",\"name\":\"Unterwegs mit Weine &amp; Feinkost\",\"url\":\"https:\\\/\\\/www.weine-feinkost.de\\\/unterwegs\\\/\",\"logo\":{\"@type\":\"ImageObject\",\"inLanguage\":\"de\",\"@id\":\"https:\\\/\\\/www.weine-feinkost.de\\\/unterwegs\\\/#\\\/schema\\\/logo\\\/image\\\/\",\"url\":\"https:\\\/\\\/www.weine-feinkost.de\\\/unterwegs\\\/wp-content\\\/uploads\\\/2022\\\/10\\\/logo_weinefeinkost_unterwegs_450x171.png\",\"contentUrl\":\"https:\\\/\\\/www.weine-feinkost.de\\\/unterwegs\\\/wp-content\\\/uploads\\\/2022\\\/10\\\/logo_weinefeinkost_unterwegs_450x171.png\",\"width\":450,\"height\":171,\"caption\":\"Unterwegs mit Weine &amp; Feinkost\"},\"image\":{\"@id\":\"https:\\\/\\\/www.weine-feinkost.de\\\/unterwegs\\\/#\\\/schema\\\/logo\\\/image\\\/\"}},{\"@type\":\"Person\",\"@id\":\"https:\\\/\\\/www.weine-feinkost.de\\\/unterwegs\\\/#\\\/schema\\\/person\\\/c07d66169fd0e04307bfe7cdc99ac26a\",\"name\":\"Christian Fenske\",\"image\":{\"@type\":\"ImageObject\",\"inLanguage\":\"de\",\"@id\":\"https:\\\/\\\/www.weine-feinkost.de\\\/unterwegs\\\/wp-content\\\/uploads\\\/2023\\\/01\\\/cropped-christian_profilbild-96x96.png\",\"url\":\"https:\\\/\\\/www.weine-feinkost.de\\\/unterwegs\\\/wp-content\\\/uploads\\\/2023\\\/01\\\/cropped-christian_profilbild-96x96.png\",\"contentUrl\":\"https:\\\/\\\/www.weine-feinkost.de\\\/unterwegs\\\/wp-content\\\/uploads\\\/2023\\\/01\\\/cropped-christian_profilbild-96x96.png\",\"caption\":\"Christian Fenske\"},\"description\":\"Zusammen an einem Tisch sitzen, gemeinsam zu kommunizieren und zu genie\u00dfen, das ist eine der herausragenden kulturellen Errungenschaft der Menschheit.\",\"url\":\"https:\\\/\\\/www.weine-feinkost.de\\\/unterwegs\\\/author\\\/christian-fenske\\\/\"}]}<\/script>\n<!-- \/ Yoast SEO plugin. -->","yoast_head_json":{"title":"Restaurant Seegarten - Sundern - Deutschland - Unterwegs mit Weine &amp; Feinkost","robots":{"index":"index","follow":"follow","max-snippet":"max-snippet:-1","max-image-preview":"max-image-preview:large","max-video-preview":"max-video-preview:-1"},"canonical":"https:\/\/www.weine-feinkost.de\/unterwegs\/2023\/11\/restaurant-seegarten-sundern-deutschland\/","og_locale":"de_DE","og_type":"article","og_title":"Restaurant Seegarten - Sundern - Deutschland - Unterwegs mit Weine &amp; Feinkost","og_description":"Sauerland neu entdeckt: Tradition trifft Innovation im Restaurant Seegarten Das Sauerland hat bei vielen ein eher biederes Image. Die Bilder von feiernden Kegelclubs und Rentner-Partymeilen geistern einem auch heute immer noch durch den Kopf. Auch aktuellere Nachrichten \u00fcber Br\u00fcckensperrungen und internetlose Zonen im Sauerland tragen nicht gerade zu einem positiveren Bild dieser landschaftlich gr\u00fcnen und ... Weiterlesen","og_url":"https:\/\/www.weine-feinkost.de\/unterwegs\/2023\/11\/restaurant-seegarten-sundern-deutschland\/","og_site_name":"Unterwegs mit Weine &amp; Feinkost","article_published_time":"2023-11-14T16:00:00+00:00","og_image":[{"width":1920,"height":1440,"url":"https:\/\/www.weine-feinkost.de\/unterwegs\/wp-content\/uploads\/2023\/07\/Restaurant_Seegarten_sundern_Deutschland_Titelbild.jpg","type":"image\/jpeg"}],"author":"Christian Fenske","twitter_card":"summary_large_image","twitter_misc":{"Verfasst von":"Christian Fenske","Gesch\u00e4tzte Lesezeit":"5\u00a0Minuten"},"schema":{"@context":"https:\/\/schema.org","@graph":[{"@type":"Article","@id":"https:\/\/www.weine-feinkost.de\/unterwegs\/2023\/11\/restaurant-seegarten-sundern-deutschland\/#article","isPartOf":{"@id":"https:\/\/www.weine-feinkost.de\/unterwegs\/2023\/11\/restaurant-seegarten-sundern-deutschland\/"},"author":{"name":"Christian Fenske","@id":"https:\/\/www.weine-feinkost.de\/unterwegs\/#\/schema\/person\/c07d66169fd0e04307bfe7cdc99ac26a"},"headline":"Restaurant Seegarten &#8211; Sundern &#8211; Deutschland","datePublished":"2023-11-14T16:00:00+00:00","mainEntityOfPage":{"@id":"https:\/\/www.weine-feinkost.de\/unterwegs\/2023\/11\/restaurant-seegarten-sundern-deutschland\/"},"wordCount":404,"commentCount":0,"publisher":{"@id":"https:\/\/www.weine-feinkost.de\/unterwegs\/#organization"},"image":{"@id":"https:\/\/www.weine-feinkost.de\/unterwegs\/2023\/11\/restaurant-seegarten-sundern-deutschland\/#primaryimage"},"thumbnailUrl":"https:\/\/www.weine-feinkost.de\/unterwegs\/wp-content\/uploads\/2023\/07\/Restaurant_Seegarten_sundern_Deutschland_Titelbild.jpg","keywords":["Deutschland","Restaurant","Sauerland","Seegarten","Sundern"],"articleSection":["Deutschland","Restaurants"],"inLanguage":"de","potentialAction":[{"@type":"CommentAction","name":"Comment","target":["https:\/\/www.weine-feinkost.de\/unterwegs\/2023\/11\/restaurant-seegarten-sundern-deutschland\/#respond"]}]},{"@type":"WebPage","@id":"https:\/\/www.weine-feinkost.de\/unterwegs\/2023\/11\/restaurant-seegarten-sundern-deutschland\/","url":"https:\/\/www.weine-feinkost.de\/unterwegs\/2023\/11\/restaurant-seegarten-sundern-deutschland\/","name":"Restaurant Seegarten - Sundern - Deutschland - Unterwegs mit Weine &amp; Feinkost","isPartOf":{"@id":"https:\/\/www.weine-feinkost.de\/unterwegs\/#website"},"primaryImageOfPage":{"@id":"https:\/\/www.weine-feinkost.de\/unterwegs\/2023\/11\/restaurant-seegarten-sundern-deutschland\/#primaryimage"},"image":{"@id":"https:\/\/www.weine-feinkost.de\/unterwegs\/2023\/11\/restaurant-seegarten-sundern-deutschland\/#primaryimage"},"thumbnailUrl":"https:\/\/www.weine-feinkost.de\/unterwegs\/wp-content\/uploads\/2023\/07\/Restaurant_Seegarten_sundern_Deutschland_Titelbild.jpg","datePublished":"2023-11-14T16:00:00+00:00","breadcrumb":{"@id":"https:\/\/www.weine-feinkost.de\/unterwegs\/2023\/11\/restaurant-seegarten-sundern-deutschland\/#breadcrumb"},"inLanguage":"de","potentialAction":[{"@type":"ReadAction","target":["https:\/\/www.weine-feinkost.de\/unterwegs\/2023\/11\/restaurant-seegarten-sundern-deutschland\/"]}]},{"@type":"ImageObject","inLanguage":"de","@id":"https:\/\/www.weine-feinkost.de\/unterwegs\/2023\/11\/restaurant-seegarten-sundern-deutschland\/#primaryimage","url":"https:\/\/www.weine-feinkost.de\/unterwegs\/wp-content\/uploads\/2023\/07\/Restaurant_Seegarten_sundern_Deutschland_Titelbild.jpg","contentUrl":"https:\/\/www.weine-feinkost.de\/unterwegs\/wp-content\/uploads\/2023\/07\/Restaurant_Seegarten_sundern_Deutschland_Titelbild.jpg","width":1920,"height":1440},{"@type":"BreadcrumbList","@id":"https:\/\/www.weine-feinkost.de\/unterwegs\/2023\/11\/restaurant-seegarten-sundern-deutschland\/#breadcrumb","itemListElement":[{"@type":"ListItem","position":1,"name":"Startseite","item":"https:\/\/www.weine-feinkost.de\/unterwegs\/"},{"@type":"ListItem","position":2,"name":"Restaurant Seegarten &#8211; Sundern &#8211; Deutschland"}]},{"@type":"WebSite","@id":"https:\/\/www.weine-feinkost.de\/unterwegs\/#website","url":"https:\/\/www.weine-feinkost.de\/unterwegs\/","name":"Unterwegs mit Weine &amp; Feinkost","description":"Entdecken Sie Genuss","publisher":{"@id":"https:\/\/www.weine-feinkost.de\/unterwegs\/#organization"},"potentialAction":[{"@type":"SearchAction","target":{"@type":"EntryPoint","urlTemplate":"https:\/\/www.weine-feinkost.de\/unterwegs\/?s={search_term_string}"},"query-input":{"@type":"PropertyValueSpecification","valueRequired":true,"valueName":"search_term_string"}}],"inLanguage":"de"},{"@type":"Organization","@id":"https:\/\/www.weine-feinkost.de\/unterwegs\/#organization","name":"Unterwegs mit Weine &amp; Feinkost","url":"https:\/\/www.weine-feinkost.de\/unterwegs\/","logo":{"@type":"ImageObject","inLanguage":"de","@id":"https:\/\/www.weine-feinkost.de\/unterwegs\/#\/schema\/logo\/image\/","url":"https:\/\/www.weine-feinkost.de\/unterwegs\/wp-content\/uploads\/2022\/10\/logo_weinefeinkost_unterwegs_450x171.png","contentUrl":"https:\/\/www.weine-feinkost.de\/unterwegs\/wp-content\/uploads\/2022\/10\/logo_weinefeinkost_unterwegs_450x171.png","width":450,"height":171,"caption":"Unterwegs mit Weine &amp; Feinkost"},"image":{"@id":"https:\/\/www.weine-feinkost.de\/unterwegs\/#\/schema\/logo\/image\/"}},{"@type":"Person","@id":"https:\/\/www.weine-feinkost.de\/unterwegs\/#\/schema\/person\/c07d66169fd0e04307bfe7cdc99ac26a","name":"Christian Fenske","image":{"@type":"ImageObject","inLanguage":"de","@id":"https:\/\/www.weine-feinkost.de\/unterwegs\/wp-content\/uploads\/2023\/01\/cropped-christian_profilbild-96x96.png","url":"https:\/\/www.weine-feinkost.de\/unterwegs\/wp-content\/uploads\/2023\/01\/cropped-christian_profilbild-96x96.png","contentUrl":"https:\/\/www.weine-feinkost.de\/unterwegs\/wp-content\/uploads\/2023\/01\/cropped-christian_profilbild-96x96.png","caption":"Christian Fenske"},"description":"Zusammen an einem Tisch sitzen, gemeinsam zu kommunizieren und zu genie\u00dfen, das ist eine der herausragenden kulturellen Errungenschaft der Menschheit.","url":"https:\/\/www.weine-feinkost.de\/unterwegs\/author\/christian-fenske\/"}]}},"jetpack_publicize_connections":[],"jetpack_shortlink":"https:\/\/wp.me\/p68Tjo-QgE","jetpack_sharing_enabled":true,"jetpack_likes_enabled":true,"jetpack_featured_media_url":"https:\/\/www.weine-feinkost.de\/unterwegs\/wp-content\/uploads\/2023\/07\/Restaurant_Seegarten_sundern_Deutschland_Titelbild.jpg","_links":{"self":[{"href":"https:\/\/www.weine-feinkost.de\/unterwegs\/wp-json\/wp\/v2\/posts\/200920","targetHints":{"allow":["GET"]}}],"collection":[{"href":"https:\/\/www.weine-feinkost.de\/unterwegs\/wp-json\/wp\/v2\/posts"}],"about":[{"href":"https:\/\/www.weine-feinkost.de\/unterwegs\/wp-json\/wp\/v2\/types\/post"}],"author":[{"embeddable":true,"href":"https:\/\/www.weine-feinkost.de\/unterwegs\/wp-json\/wp\/v2\/users\/7"}],"replies":[{"embeddable":true,"href":"https:\/\/www.weine-feinkost.de\/unterwegs\/wp-json\/wp\/v2\/comments?post=200920"}],"version-history":[{"count":10,"href":"https:\/\/www.weine-feinkost.de\/unterwegs\/wp-json\/wp\/v2\/posts\/200920\/revisions"}],"predecessor-version":[{"id":202240,"href":"https:\/\/www.weine-feinkost.de\/unterwegs\/wp-json\/wp\/v2\/posts\/200920\/revisions\/202240"}],"wp:featuredmedia":[{"embeddable":true,"href":"https:\/\/www.weine-feinkost.de\/unterwegs\/wp-json\/wp\/v2\/media\/200935"}],"wp:attachment":[{"href":"https:\/\/www.weine-feinkost.de\/unterwegs\/wp-json\/wp\/v2\/media?parent=200920"}],"wp:term":[{"taxonomy":"category","embeddable":true,"href":"https:\/\/www.weine-feinkost.de\/unterwegs\/wp-json\/wp\/v2\/categories?post=200920"},{"taxonomy":"post_tag","embeddable":true,"href":"https:\/\/www.weine-feinkost.de\/unterwegs\/wp-json\/wp\/v2\/tags?post=200920"},{"taxonomy":"post_folder","embeddable":true,"href":"https:\/\/www.weine-feinkost.de\/unterwegs\/wp-json\/wp\/v2\/post_folder?post=200920"}],"curies":[{"name":"wp","href":"https:\/\/api.w.org\/{rel}","templated":true}]}}