{"id":201064,"date":"2023-11-04T17:00:00","date_gmt":"2023-11-04T16:00:00","guid":{"rendered":"https:\/\/www.weine-feinkost.de\/unterwegs\/?p=201064"},"modified":"2023-10-30T13:23:54","modified_gmt":"2023-10-30T12:23:54","slug":"schwingshackl-esskultur-bad-toelz-deutschland","status":"publish","type":"post","link":"https:\/\/www.weine-feinkost.de\/unterwegs\/2023\/11\/schwingshackl-esskultur-bad-toelz-deutschland\/","title":{"rendered":"Schwingshackl Esskultur &#8211; Bad T\u00f6lz &#8211; Deutschland"},"content":{"rendered":"\n<h2 class=\"wp-block-heading\">S\u00fcdtiroler Genuss trifft bayerische Tradition: Schwingshackl Esskultur in Bad T\u00f6lz<\/h2>\n\n\n\n<p class=\"has-drop-cap\"><strong>Schwingshackl Esskultur<\/strong>, mit zwei Restaurant-Konzepten und einigen G\u00e4stezimmern, wurde Ende 2018 von den Eheleuten Erich und Katharina Schwingshackl im alten F\u00e4hrhaus im bayrischen Bad T\u00f6lz er\u00f6ffnet. Erich Schwingshackl stammt aus S\u00fcdtirol und ist ein Vollblutkoch, der in anderen Restaurants bereits den einen oder anderen Michelin-Stern erkocht hat. An seiner Seite k\u00fcmmert sich seine Frau Katharina Schwingshackl mit ihrem Team im Service um die G\u00e4ste. Als mehrfach ausgezeichnete Sommeli\u00e8re sorgt sie auch f\u00fcr das fl\u00fcssige Wohl der Genusssuchenden. Die Weinkarte ist dabei besonders von S\u00fcdtiroler Weinen gepr\u00e4gt, aber nat\u00fcrlich finden sich noch viele weitere edle Tropfen auf dieser vielseitigen Liste.<\/p>\n\n\n\n<p>Die R\u00e4umlichkeiten in <strong>Schwingshackl Esskultur<\/strong> sind in die Bereiche &#8222;Heimatk\u00fcche&#8220; und &#8222;Esskultur&#8220; unterteilt. Im hinteren Raum werden die G\u00e4ste f\u00fcr die Heimatk\u00fcche platziert und im vorderen Raum, der teilweise einen sehr sch\u00f6nen Blick auf die Isar bietet, nehmen die Freunde des vom Michelin ausgezeichneten Restaurantbereichs &#8222;Esskultur&#8220; Platz. Beide R\u00e4ume sind durch offene Fensternischen als Raumteiler einsehbar und beide Restaurant-Typen sind gleich eingedeckt. Lediglich die Speiseauswahl variiert. Bodenst\u00e4ndige Tellergerichte aus Bayern oder S\u00fcdtirol, wie Backhendl, Geschnetzeltes oder Wiener Schnitzel, finden sich in der Heimatk\u00fcche. Aber auch andere Bistro-Klassiker werden hier liebevoll serviert.<\/p>\n\n\n\n<p>In der &#8222;Esskultur&#8220; gibt es hingegen ein festes Men\u00fc, bei dem die G\u00e4ste die Men\u00fcgr\u00f6\u00dfe je nach Hunger, Lust und Laune selbst festlegen k\u00f6nnen. Hier zaubert Erich Schwingshackl mit seinem K\u00f6nnen und Talent sowie mit erstklassigen Zutaten exzellente und schmackhafte Gerichte auf die Teller. Dabei gelingen ihm die Garpunkte stets perfekt, und auch seine Saucen sind ein Genuss.<\/p>\n\n\n\n<p>Ein kleiner Nachtrag: In einem Newsletter von Oktober 2023 teilt die Familie Schwingshackl mit, dass sie ab Januar 2025 im Naturhotel Rebling in Niederbayern anzutreffen sind.<\/p>\n\n\n\n<div class=\"wp-block-jetpack-tiled-gallery aligncenter is-style-rectangular\"><div class=\"tiled-gallery__gallery\"><div class=\"tiled-gallery__row\"><div class=\"tiled-gallery__col\" style=\"flex-basis:25.00000%\"><figure class=\"tiled-gallery__item\"><a href=\"https:\/\/www.weine-feinkost.de\/unterwegs\/wp-content\/uploads\/2023\/08\/Schwingshackl_Esskultur_Bad_Toelz_Deutschland_2-768x1024.jpg\"><img decoding=\"async\" srcset=\"https:\/\/i1.wp.com\/www.weine-feinkost.de\/unterwegs\/wp-content\/uploads\/2023\/08\/Schwingshackl_Esskultur_Bad_Toelz_Deutschland_2-768x1024.jpg?strip=info&#038;w=600&#038;ssl=1 600w,https:\/\/i1.wp.com\/www.weine-feinkost.de\/unterwegs\/wp-content\/uploads\/2023\/08\/Schwingshackl_Esskultur_Bad_Toelz_Deutschland_2-768x1024.jpg?strip=info&#038;w=768&#038;ssl=1 768w\" alt=\"\" data-height=\"1280\" data-id=\"201116\" data-link=\"https:\/\/www.weine-feinkost.de\/unterwegs\/?attachment_id=201116#main\" data-url=\"https:\/\/www.weine-feinkost.de\/unterwegs\/wp-content\/uploads\/2023\/08\/Schwingshackl_Esskultur_Bad_Toelz_Deutschland_2-768x1024.jpg\" data-width=\"960\" src=\"https:\/\/i1.wp.com\/www.weine-feinkost.de\/unterwegs\/wp-content\/uploads\/2023\/08\/Schwingshackl_Esskultur_Bad_Toelz_Deutschland_2-768x1024.jpg?ssl=1\" data-amp-layout=\"responsive\"\/><\/a><\/figure><\/div><div class=\"tiled-gallery__col\" style=\"flex-basis:25.00000%\"><figure class=\"tiled-gallery__item\"><a href=\"https:\/\/www.weine-feinkost.de\/unterwegs\/wp-content\/uploads\/2023\/08\/Schwingshackl_Esskultur_1-768x1024.jpg\"><img decoding=\"async\" srcset=\"https:\/\/i2.wp.com\/www.weine-feinkost.de\/unterwegs\/wp-content\/uploads\/2023\/08\/Schwingshackl_Esskultur_1-768x1024.jpg?strip=info&#038;w=600&#038;ssl=1 600w,https:\/\/i2.wp.com\/www.weine-feinkost.de\/unterwegs\/wp-content\/uploads\/2023\/08\/Schwingshackl_Esskultur_1-768x1024.jpg?strip=info&#038;w=768&#038;ssl=1 768w\" alt=\"\" data-height=\"1280\" data-id=\"201126\" data-link=\"https:\/\/www.weine-feinkost.de\/unterwegs\/?attachment_id=201126#main\" data-url=\"https:\/\/www.weine-feinkost.de\/unterwegs\/wp-content\/uploads\/2023\/08\/Schwingshackl_Esskultur_1-768x1024.jpg\" data-width=\"960\" src=\"https:\/\/i2.wp.com\/www.weine-feinkost.de\/unterwegs\/wp-content\/uploads\/2023\/08\/Schwingshackl_Esskultur_1-768x1024.jpg?ssl=1\" data-amp-layout=\"responsive\"\/><\/a><\/figure><\/div><div class=\"tiled-gallery__col\" style=\"flex-basis:25.00000%\"><figure class=\"tiled-gallery__item\"><a href=\"https:\/\/www.weine-feinkost.de\/unterwegs\/wp-content\/uploads\/2023\/08\/Schwingshackl_Esskultur_2-768x1024.jpg\"><img decoding=\"async\" srcset=\"https:\/\/i1.wp.com\/www.weine-feinkost.de\/unterwegs\/wp-content\/uploads\/2023\/08\/Schwingshackl_Esskultur_2-768x1024.jpg?strip=info&#038;w=600&#038;ssl=1 600w,https:\/\/i1.wp.com\/www.weine-feinkost.de\/unterwegs\/wp-content\/uploads\/2023\/08\/Schwingshackl_Esskultur_2-768x1024.jpg?strip=info&#038;w=768&#038;ssl=1 768w\" alt=\"\" data-height=\"1280\" data-id=\"201127\" data-link=\"https:\/\/www.weine-feinkost.de\/unterwegs\/?attachment_id=201127#main\" data-url=\"https:\/\/www.weine-feinkost.de\/unterwegs\/wp-content\/uploads\/2023\/08\/Schwingshackl_Esskultur_2-768x1024.jpg\" data-width=\"960\" src=\"https:\/\/i1.wp.com\/www.weine-feinkost.de\/unterwegs\/wp-content\/uploads\/2023\/08\/Schwingshackl_Esskultur_2-768x1024.jpg?ssl=1\" data-amp-layout=\"responsive\"\/><\/a><\/figure><\/div><div class=\"tiled-gallery__col\" style=\"flex-basis:25.00000%\"><figure class=\"tiled-gallery__item\"><a href=\"https:\/\/www.weine-feinkost.de\/unterwegs\/wp-content\/uploads\/2023\/08\/Schwingshackl_Esskultur_Bad_Toelz_Deutschland_1-768x1024.jpg\"><img decoding=\"async\" srcset=\"https:\/\/i1.wp.com\/www.weine-feinkost.de\/unterwegs\/wp-content\/uploads\/2023\/08\/Schwingshackl_Esskultur_Bad_Toelz_Deutschland_1-768x1024.jpg?strip=info&#038;w=600&#038;ssl=1 600w,https:\/\/i1.wp.com\/www.weine-feinkost.de\/unterwegs\/wp-content\/uploads\/2023\/08\/Schwingshackl_Esskultur_Bad_Toelz_Deutschland_1-768x1024.jpg?strip=info&#038;w=768&#038;ssl=1 768w\" alt=\"\" data-height=\"1280\" data-id=\"201115\" data-link=\"https:\/\/www.weine-feinkost.de\/unterwegs\/?attachment_id=201115#main\" data-url=\"https:\/\/www.weine-feinkost.de\/unterwegs\/wp-content\/uploads\/2023\/08\/Schwingshackl_Esskultur_Bad_Toelz_Deutschland_1-768x1024.jpg\" data-width=\"960\" src=\"https:\/\/i1.wp.com\/www.weine-feinkost.de\/unterwegs\/wp-content\/uploads\/2023\/08\/Schwingshackl_Esskultur_Bad_Toelz_Deutschland_1-768x1024.jpg?ssl=1\" data-amp-layout=\"responsive\"\/><\/a><\/figure><\/div><\/div><\/div><\/div>\n\n\n\n<h2 class=\"wp-block-heading\">Schwingshackl Heimatk\u00fcche<\/h2>\n\n\n\n<p>Impressionen und Gerichte aus Schwingshackl Heimatk\u00fcche.<\/p>\n\n\n\n<div class=\"wp-block-jetpack-tiled-gallery aligncenter is-style-rectangular\"><div class=\"tiled-gallery__gallery\"><div class=\"tiled-gallery__row\"><div class=\"tiled-gallery__col\" style=\"flex-basis:50.00000%\"><figure class=\"tiled-gallery__item\"><a href=\"https:\/\/www.weine-feinkost.de\/unterwegs\/wp-content\/uploads\/2023\/08\/Schwingshackl_Esskultur_Heimatkueche_Bad_Toelz_Deutschland_2-768x1024.jpg\"><img decoding=\"async\" srcset=\"https:\/\/i2.wp.com\/www.weine-feinkost.de\/unterwegs\/wp-content\/uploads\/2023\/08\/Schwingshackl_Esskultur_Heimatkueche_Bad_Toelz_Deutschland_2-768x1024.jpg?strip=info&#038;w=600&#038;ssl=1 600w,https:\/\/i2.wp.com\/www.weine-feinkost.de\/unterwegs\/wp-content\/uploads\/2023\/08\/Schwingshackl_Esskultur_Heimatkueche_Bad_Toelz_Deutschland_2-768x1024.jpg?strip=info&#038;w=768&#038;ssl=1 768w\" alt=\"\" data-height=\"1280\" data-id=\"201067\" data-link=\"https:\/\/www.weine-feinkost.de\/unterwegs\/?attachment_id=201067#main\" data-url=\"https:\/\/www.weine-feinkost.de\/unterwegs\/wp-content\/uploads\/2023\/08\/Schwingshackl_Esskultur_Heimatkueche_Bad_Toelz_Deutschland_2-768x1024.jpg\" data-width=\"960\" src=\"https:\/\/i2.wp.com\/www.weine-feinkost.de\/unterwegs\/wp-content\/uploads\/2023\/08\/Schwingshackl_Esskultur_Heimatkueche_Bad_Toelz_Deutschland_2-768x1024.jpg?ssl=1\" data-amp-layout=\"responsive\"\/><\/a><\/figure><\/div><div class=\"tiled-gallery__col\" style=\"flex-basis:50.00000%\"><figure class=\"tiled-gallery__item\"><a href=\"https:\/\/www.weine-feinkost.de\/unterwegs\/wp-content\/uploads\/2023\/08\/Schwingshackl_Esskultur_Heimatkueche_Bad_Toelz_Deutschland_3-768x1024.jpg\"><img decoding=\"async\" srcset=\"https:\/\/i0.wp.com\/www.weine-feinkost.de\/unterwegs\/wp-content\/uploads\/2023\/08\/Schwingshackl_Esskultur_Heimatkueche_Bad_Toelz_Deutschland_3-768x1024.jpg?strip=info&#038;w=600&#038;ssl=1 600w,https:\/\/i0.wp.com\/www.weine-feinkost.de\/unterwegs\/wp-content\/uploads\/2023\/08\/Schwingshackl_Esskultur_Heimatkueche_Bad_Toelz_Deutschland_3-768x1024.jpg?strip=info&#038;w=768&#038;ssl=1 768w\" alt=\"\" data-height=\"1280\" data-id=\"201068\" data-link=\"https:\/\/www.weine-feinkost.de\/unterwegs\/?attachment_id=201068#main\" data-url=\"https:\/\/www.weine-feinkost.de\/unterwegs\/wp-content\/uploads\/2023\/08\/Schwingshackl_Esskultur_Heimatkueche_Bad_Toelz_Deutschland_3-768x1024.jpg\" data-width=\"960\" src=\"https:\/\/i0.wp.com\/www.weine-feinkost.de\/unterwegs\/wp-content\/uploads\/2023\/08\/Schwingshackl_Esskultur_Heimatkueche_Bad_Toelz_Deutschland_3-768x1024.jpg?ssl=1\" data-amp-layout=\"responsive\"\/><\/a><\/figure><\/div><\/div><\/div><\/div>\n\n\n<div class=\"wp-block-image\">\n<figure class=\"aligncenter\"><a href=\"https:\/\/www.weine-feinkost.de\/unterwegs\/wp-content\/uploads\/2023\/08\/Schwingshackl_Esskultur_Heimatkueche_Bad_Toelz_Deutschland_4.jpg\"><img decoding=\"async\" src=\"https:\/\/www.weine-feinkost.de\/unterwegs\/wp-content\/uploads\/2023\/08\/Schwingshackl_Esskultur_Heimatkueche_Bad_Toelz_Deutschland_4-768x1024.jpg\" alt=\"\"\/><\/a><figcaption class=\"wp-element-caption\"><kbd>S\u00fcdtiroler Schlutzkrapfen mit Spinat-Topfen-F\u00fcllung, brauner Heumilchbutter, Schnittlauch und Parmesan.<\/kbd><\/figcaption><\/figure>\n<\/div>\n\n<div class=\"wp-block-image\">\n<figure class=\"aligncenter\"><a href=\"https:\/\/www.weine-feinkost.de\/unterwegs\/wp-content\/uploads\/2023\/08\/Schwingshackl_Esskultur_Heimatkueche_Bad_Toelz_Deutschland_5.jpg\"><img decoding=\"async\" src=\"https:\/\/www.weine-feinkost.de\/unterwegs\/wp-content\/uploads\/2023\/08\/Schwingshackl_Esskultur_Heimatkueche_Bad_Toelz_Deutschland_5-768x1024.jpg\" alt=\"\"\/><\/a><figcaption class=\"wp-element-caption\"><kbd>Vitello Tonnato mit cremiger Thunfischsauce, Rucola und Kapern.<\/kbd><\/figcaption><\/figure>\n<\/div>\n\n<div class=\"wp-block-image\">\n<figure class=\"aligncenter\"><a href=\"https:\/\/www.weine-feinkost.de\/unterwegs\/wp-content\/uploads\/2023\/08\/Schwingshackl_Esskultur_Heimatkueche_Bad_Toelz_Deutschland_6.jpg\"><img decoding=\"async\" src=\"https:\/\/www.weine-feinkost.de\/unterwegs\/wp-content\/uploads\/2023\/08\/Schwingshackl_Esskultur_Heimatkueche_Bad_Toelz_Deutschland_6-768x1024.jpg\" alt=\"\"\/><\/a><figcaption class=\"wp-element-caption\"><kbd>S\u00fcdtiroler Spinatkn\u00f6del mit brauner Heumilchbutter, Schnittlauch und Parmesan.<\/kbd><\/figcaption><\/figure>\n<\/div>\n\n<div class=\"wp-block-image\">\n<figure class=\"aligncenter\"><a href=\"https:\/\/www.weine-feinkost.de\/unterwegs\/wp-content\/uploads\/2023\/08\/Schwingshackl_Esskultur_Heimatkueche_Bad_Toelz_Deutschland_7.jpg\"><img decoding=\"async\" src=\"https:\/\/www.weine-feinkost.de\/unterwegs\/wp-content\/uploads\/2023\/08\/Schwingshackl_Esskultur_Heimatkueche_Bad_Toelz_Deutschland_7-1200x900.jpg\" alt=\"\"\/><\/a><figcaption class=\"wp-element-caption\"><kbd>Wiener Schnitzel vom Kalb wellig in Butterschmalz gebraten, Kartoffel-Gurken-Salat und Preisbeeren.<\/kbd><\/figcaption><\/figure>\n<\/div>\n\n<div class=\"wp-block-image\">\n<figure class=\"aligncenter\"><a href=\"https:\/\/www.weine-feinkost.de\/unterwegs\/wp-content\/uploads\/2023\/08\/Schwingshackl_Esskultur_Heimatkueche_Bad_Toelz_Deutschland_8.jpg\"><img decoding=\"async\" src=\"https:\/\/www.weine-feinkost.de\/unterwegs\/wp-content\/uploads\/2023\/08\/Schwingshackl_Esskultur_Heimatkueche_Bad_Toelz_Deutschland_8-768x1024.jpg\" alt=\"\"\/><\/a><figcaption class=\"wp-element-caption\"><kbd>Pina Colada mit Ananas, Kokos, Vanille und Schokolade.<\/kbd><\/figcaption><\/figure>\n<\/div>\n\n<div class=\"wp-block-image\">\n<figure class=\"aligncenter\"><a href=\"https:\/\/www.weine-feinkost.de\/unterwegs\/wp-content\/uploads\/2023\/08\/Schwingshackl_Esskultur_Heimatkueche_Bad_Toelz_Deutschland_9.jpg\"><img decoding=\"async\" src=\"https:\/\/www.weine-feinkost.de\/unterwegs\/wp-content\/uploads\/2023\/08\/Schwingshackl_Esskultur_Heimatkueche_Bad_Toelz_Deutschland_9-768x1024.jpg\" alt=\"\"\/><\/a><figcaption class=\"wp-element-caption\"><kbd>Lauwarmes Schokoladent\u00f6rtchen mit Madagaskar Vanilleeis, Mango und Schokolade.<\/kbd><\/figcaption><\/figure>\n<\/div>\n\n\n<h2 class=\"wp-block-heading\">Schwingshackl Esskultur<\/h2>\n\n\n\n<p>Impressionen und Gerichte aus Schwingshackl Esskultur<\/p>\n\n\n<div class=\"wp-block-image\">\n<figure class=\"aligncenter\"><a href=\"https:\/\/www.weine-feinkost.de\/unterwegs\/wp-content\/uploads\/2023\/08\/Schwingshackl_Esskultur_Bad_Toelz_Deutschland_3.jpg\"><img loading=\"lazy\" decoding=\"async\" width=\"768\" height=\"1024\" src=\"https:\/\/www.weine-feinkost.de\/unterwegs\/wp-content\/uploads\/2023\/08\/Schwingshackl_Esskultur_Bad_Toelz_Deutschland_3-768x1024.jpg\" alt=\"\" class=\"wp-image-201117\" srcset=\"https:\/\/www.weine-feinkost.de\/unterwegs\/wp-content\/uploads\/2023\/08\/Schwingshackl_Esskultur_Bad_Toelz_Deutschland_3-768x1024.jpg 768w, https:\/\/www.weine-feinkost.de\/unterwegs\/wp-content\/uploads\/2023\/08\/Schwingshackl_Esskultur_Bad_Toelz_Deutschland_3-225x300.jpg 225w, https:\/\/www.weine-feinkost.de\/unterwegs\/wp-content\/uploads\/2023\/08\/Schwingshackl_Esskultur_Bad_Toelz_Deutschland_3.jpg 960w\" sizes=\"auto, (max-width: 768px) 100vw, 768px\" \/><\/a><\/figure>\n<\/div>\n\n<div class=\"wp-block-image\">\n<figure class=\"aligncenter is-resized\"><a href=\"https:\/\/www.weine-feinkost.de\/unterwegs\/wp-content\/uploads\/2023\/08\/Schwingshackl_Esskultur_Bad_Toelz_Deutschland_4.jpg\"><img loading=\"lazy\" decoding=\"async\" width=\"768\" height=\"1024\" src=\"https:\/\/www.weine-feinkost.de\/unterwegs\/wp-content\/uploads\/2023\/08\/Schwingshackl_Esskultur_Bad_Toelz_Deutschland_4-768x1024.jpg\" alt=\"\" class=\"wp-image-201118\" style=\"width:768px;height:1024px\" srcset=\"https:\/\/www.weine-feinkost.de\/unterwegs\/wp-content\/uploads\/2023\/08\/Schwingshackl_Esskultur_Bad_Toelz_Deutschland_4-768x1024.jpg 768w, https:\/\/www.weine-feinkost.de\/unterwegs\/wp-content\/uploads\/2023\/08\/Schwingshackl_Esskultur_Bad_Toelz_Deutschland_4-225x300.jpg 225w, https:\/\/www.weine-feinkost.de\/unterwegs\/wp-content\/uploads\/2023\/08\/Schwingshackl_Esskultur_Bad_Toelz_Deutschland_4.jpg 960w\" sizes=\"auto, (max-width: 768px) 100vw, 768px\" \/><\/a><figcaption class=\"wp-element-caption\"><kbd>Rote Bete Consomme.<\/kbd><\/figcaption><\/figure>\n<\/div>\n\n<div class=\"wp-block-image\">\n<figure class=\"aligncenter\"><a href=\"https:\/\/www.weine-feinkost.de\/unterwegs\/wp-content\/uploads\/2023\/08\/Schwingshackl_Esskultur_Bad_Toelz_Deutschland_5.jpg\"><img loading=\"lazy\" decoding=\"async\" width=\"768\" height=\"1024\" src=\"https:\/\/www.weine-feinkost.de\/unterwegs\/wp-content\/uploads\/2023\/08\/Schwingshackl_Esskultur_Bad_Toelz_Deutschland_5-768x1024.jpg\" alt=\"\" class=\"wp-image-201119\" srcset=\"https:\/\/www.weine-feinkost.de\/unterwegs\/wp-content\/uploads\/2023\/08\/Schwingshackl_Esskultur_Bad_Toelz_Deutschland_5-768x1024.jpg 768w, https:\/\/www.weine-feinkost.de\/unterwegs\/wp-content\/uploads\/2023\/08\/Schwingshackl_Esskultur_Bad_Toelz_Deutschland_5-225x300.jpg 225w, https:\/\/www.weine-feinkost.de\/unterwegs\/wp-content\/uploads\/2023\/08\/Schwingshackl_Esskultur_Bad_Toelz_Deutschland_5.jpg 960w\" sizes=\"auto, (max-width: 768px) 100vw, 768px\" \/><\/a><figcaption class=\"wp-element-caption\"><kbd>Yellow Fin Thunfisch und Meerwassergarnele mit Avocado und Radieschen mit asiatischen Akzenten.<\/kbd><\/figcaption><\/figure>\n<\/div>\n\n<div class=\"wp-block-image\">\n<figure class=\"aligncenter\"><a href=\"https:\/\/www.weine-feinkost.de\/unterwegs\/wp-content\/uploads\/2023\/08\/Schwingshackl_Esskultur_Bad_Toelz_Deutschland_6.jpg\"><img loading=\"lazy\" decoding=\"async\" width=\"768\" height=\"1024\" src=\"https:\/\/www.weine-feinkost.de\/unterwegs\/wp-content\/uploads\/2023\/08\/Schwingshackl_Esskultur_Bad_Toelz_Deutschland_6-768x1024.jpg\" alt=\"\" class=\"wp-image-201120\" srcset=\"https:\/\/www.weine-feinkost.de\/unterwegs\/wp-content\/uploads\/2023\/08\/Schwingshackl_Esskultur_Bad_Toelz_Deutschland_6-768x1024.jpg 768w, https:\/\/www.weine-feinkost.de\/unterwegs\/wp-content\/uploads\/2023\/08\/Schwingshackl_Esskultur_Bad_Toelz_Deutschland_6-225x300.jpg 225w, https:\/\/www.weine-feinkost.de\/unterwegs\/wp-content\/uploads\/2023\/08\/Schwingshackl_Esskultur_Bad_Toelz_Deutschland_6.jpg 960w\" sizes=\"auto, (max-width: 768px) 100vw, 768px\" \/><\/a><figcaption class=\"wp-element-caption\"><kbd>Norwegische Jakobsmuschel mit Lauch und Pfifferlingen.<\/kbd><\/figcaption><\/figure>\n<\/div>\n\n<div class=\"wp-block-image\">\n<figure class=\"aligncenter\"><a href=\"https:\/\/www.weine-feinkost.de\/unterwegs\/wp-content\/uploads\/2023\/08\/Schwingshackl_Esskultur_Bad_Toelz_Deutschland_7.jpg\"><img loading=\"lazy\" decoding=\"async\" width=\"768\" height=\"1024\" src=\"https:\/\/www.weine-feinkost.de\/unterwegs\/wp-content\/uploads\/2023\/08\/Schwingshackl_Esskultur_Bad_Toelz_Deutschland_7-768x1024.jpg\" alt=\"\" class=\"wp-image-201121\" srcset=\"https:\/\/www.weine-feinkost.de\/unterwegs\/wp-content\/uploads\/2023\/08\/Schwingshackl_Esskultur_Bad_Toelz_Deutschland_7-768x1024.jpg 768w, https:\/\/www.weine-feinkost.de\/unterwegs\/wp-content\/uploads\/2023\/08\/Schwingshackl_Esskultur_Bad_Toelz_Deutschland_7-225x300.jpg 225w, https:\/\/www.weine-feinkost.de\/unterwegs\/wp-content\/uploads\/2023\/08\/Schwingshackl_Esskultur_Bad_Toelz_Deutschland_7.jpg 960w\" sizes=\"auto, (max-width: 768px) 100vw, 768px\" \/><\/a><figcaption class=\"wp-element-caption\"><kbd>Bretonischer Seeteufel mit Honig- Tomaten und Safran.<\/kbd><\/figcaption><\/figure>\n<\/div>\n\n<div class=\"wp-block-image\">\n<figure class=\"aligncenter\"><a href=\"https:\/\/www.weine-feinkost.de\/unterwegs\/wp-content\/uploads\/2023\/08\/Schwingshackl_Esskultur_Bad_Toelz_Deutschland_8.jpg\"><img loading=\"lazy\" decoding=\"async\" width=\"768\" height=\"1024\" src=\"https:\/\/www.weine-feinkost.de\/unterwegs\/wp-content\/uploads\/2023\/08\/Schwingshackl_Esskultur_Bad_Toelz_Deutschland_8-768x1024.jpg\" alt=\"\" class=\"wp-image-201122\" srcset=\"https:\/\/www.weine-feinkost.de\/unterwegs\/wp-content\/uploads\/2023\/08\/Schwingshackl_Esskultur_Bad_Toelz_Deutschland_8-768x1024.jpg 768w, https:\/\/www.weine-feinkost.de\/unterwegs\/wp-content\/uploads\/2023\/08\/Schwingshackl_Esskultur_Bad_Toelz_Deutschland_8-225x300.jpg 225w, https:\/\/www.weine-feinkost.de\/unterwegs\/wp-content\/uploads\/2023\/08\/Schwingshackl_Esskultur_Bad_Toelz_Deutschland_8.jpg 960w\" sizes=\"auto, (max-width: 768px) 100vw, 768px\" \/><\/a><figcaption class=\"wp-element-caption\"><kbd>Mandarinen Sorbet auf geeistem Campari Orange.<\/kbd><\/figcaption><\/figure>\n<\/div>\n\n<div class=\"wp-block-image\">\n<figure class=\"aligncenter\"><a href=\"https:\/\/www.weine-feinkost.de\/unterwegs\/wp-content\/uploads\/2023\/08\/Schwingshackl_Esskultur_Bad_Toelz_Deutschland_9.jpg\"><img loading=\"lazy\" decoding=\"async\" width=\"768\" height=\"1024\" src=\"https:\/\/www.weine-feinkost.de\/unterwegs\/wp-content\/uploads\/2023\/08\/Schwingshackl_Esskultur_Bad_Toelz_Deutschland_9-768x1024.jpg\" alt=\"\" class=\"wp-image-201123\" srcset=\"https:\/\/www.weine-feinkost.de\/unterwegs\/wp-content\/uploads\/2023\/08\/Schwingshackl_Esskultur_Bad_Toelz_Deutschland_9-768x1024.jpg 768w, https:\/\/www.weine-feinkost.de\/unterwegs\/wp-content\/uploads\/2023\/08\/Schwingshackl_Esskultur_Bad_Toelz_Deutschland_9-225x300.jpg 225w, https:\/\/www.weine-feinkost.de\/unterwegs\/wp-content\/uploads\/2023\/08\/Schwingshackl_Esskultur_Bad_Toelz_Deutschland_9.jpg 960w\" sizes=\"auto, (max-width: 768px) 100vw, 768px\" \/><\/a><figcaption class=\"wp-element-caption\"><kbd>Rehr\u00fccken, Selleriecreme, Portweinapfel und Wirsing.<\/kbd><\/figcaption><\/figure>\n<\/div>\n\n<div class=\"wp-block-image\">\n<figure class=\"aligncenter\"><a href=\"https:\/\/www.weine-feinkost.de\/unterwegs\/wp-content\/uploads\/2023\/08\/Schwingshackl_Esskultur_Bad_Toelz_Deutschland_10.jpg\"><img loading=\"lazy\" decoding=\"async\" width=\"768\" height=\"1024\" src=\"https:\/\/www.weine-feinkost.de\/unterwegs\/wp-content\/uploads\/2023\/08\/Schwingshackl_Esskultur_Bad_Toelz_Deutschland_10-768x1024.jpg\" alt=\"\" class=\"wp-image-201124\" srcset=\"https:\/\/www.weine-feinkost.de\/unterwegs\/wp-content\/uploads\/2023\/08\/Schwingshackl_Esskultur_Bad_Toelz_Deutschland_10-768x1024.jpg 768w, https:\/\/www.weine-feinkost.de\/unterwegs\/wp-content\/uploads\/2023\/08\/Schwingshackl_Esskultur_Bad_Toelz_Deutschland_10-225x300.jpg 225w, https:\/\/www.weine-feinkost.de\/unterwegs\/wp-content\/uploads\/2023\/08\/Schwingshackl_Esskultur_Bad_Toelz_Deutschland_10.jpg 960w\" sizes=\"auto, (max-width: 768px) 100vw, 768px\" \/><\/a><figcaption class=\"wp-element-caption\"><kbd>Grand-Marnier-Eisparfait mit Orangen und Himbeeren.<\/kbd><\/figcaption><\/figure>\n<\/div>\n\n<div class=\"wp-block-image\">\n<figure class=\"aligncenter\"><a href=\"https:\/\/www.weine-feinkost.de\/unterwegs\/wp-content\/uploads\/2023\/08\/Schwingshackl_Esskultur_Bad_Toelz_Deutschland_11.jpg\"><img loading=\"lazy\" decoding=\"async\" width=\"768\" height=\"1024\" src=\"https:\/\/www.weine-feinkost.de\/unterwegs\/wp-content\/uploads\/2023\/08\/Schwingshackl_Esskultur_Bad_Toelz_Deutschland_11-768x1024.jpg\" alt=\"\" class=\"wp-image-201125\" srcset=\"https:\/\/www.weine-feinkost.de\/unterwegs\/wp-content\/uploads\/2023\/08\/Schwingshackl_Esskultur_Bad_Toelz_Deutschland_11-768x1024.jpg 768w, https:\/\/www.weine-feinkost.de\/unterwegs\/wp-content\/uploads\/2023\/08\/Schwingshackl_Esskultur_Bad_Toelz_Deutschland_11-225x300.jpg 225w, https:\/\/www.weine-feinkost.de\/unterwegs\/wp-content\/uploads\/2023\/08\/Schwingshackl_Esskultur_Bad_Toelz_Deutschland_11.jpg 960w\" sizes=\"auto, (max-width: 768px) 100vw, 768px\" \/><\/a><figcaption class=\"wp-element-caption\"><kbd>Petit Four.<\/kbd><\/figcaption><\/figure>\n<\/div>\n\n\n<p><strong>Schwingshackl Esskultur<\/strong>, An der Isarlust 1, 83646 Bad T\u00f6lz, Deutschland, Telefon: +49 8041 6030, <a href=\"https:\/\/www.schwingshackl-esskultur.de\/\">https:\/\/www.schwingshackl-esskultur.de\/<\/a><\/p>\n","protected":false},"excerpt":{"rendered":"<p>S\u00fcdtiroler Genuss trifft bayerische Tradition: Schwingshackl Esskultur in Bad T\u00f6lz Schwingshackl Esskultur, mit zwei Restaurant-Konzepten und einigen G\u00e4stezimmern, wurde Ende 2018 von den Eheleuten Erich und Katharina Schwingshackl im alten F\u00e4hrhaus im bayrischen Bad T\u00f6lz er\u00f6ffnet. Erich Schwingshackl stammt aus S\u00fcdtirol und ist ein Vollblutkoch, der in anderen Restaurants bereits den einen oder anderen Michelin-Stern &#8230; <a title=\"Schwingshackl Esskultur &#8211; Bad T\u00f6lz &#8211; Deutschland\" class=\"read-more\" href=\"https:\/\/www.weine-feinkost.de\/unterwegs\/2023\/11\/schwingshackl-esskultur-bad-toelz-deutschland\/\" aria-label=\"Mehr dazu unter Schwingshackl Esskultur &#8211; Bad T\u00f6lz &#8211; Deutschland\">Weiterlesen<\/a><\/p>\n","protected":false},"author":7,"featured_media":201128,"comment_status":"open","ping_status":"open","sticky":false,"template":"","format":"standard","meta":{"_jetpack_newsletter_access":"","_jetpack_dont_email_post_to_subs":false,"_jetpack_newsletter_tier_id":0,"_jetpack_memberships_contains_paywalled_content":false,"_jetpack_feature_clip_id":0,"_jetpack_memberships_contains_paid_content":false,"footnotes":"","jetpack_publicize_message":"","jetpack_publicize_feature_enabled":true,"jetpack_social_post_already_shared":true,"jetpack_social_options":{"image_generator_settings":{"template":"highway","default_image_id":0,"font":"","enabled":false},"version":2},"jetpack_post_was_ever_published":false},"categories":[31,41,13],"tags":[3467,120,3474,3475,73,3473],"post_folder":[],"class_list":["post-201064","post","type-post","status-publish","format-standard","has-post-thumbnail","hentry","category-deutschland-restaurants","category-michelin-star","category-restaurants","tag-bad-toelz","tag-deutschland","tag-esskultur","tag-heimatkueche","tag-restaurant","tag-schwingshackl-esskultur"],"yoast_head":"<!-- This site is optimized with the Yoast SEO plugin v28.3 - https:\/\/yoast.com\/product\/yoast-seo-wordpress\/ -->\n<title>Schwingshackl Esskultur - Bad T\u00f6lz - Deutschland - Unterwegs mit Weine &amp; Feinkost<\/title>\n<meta name=\"robots\" content=\"index, follow, max-snippet:-1, max-image-preview:large, max-video-preview:-1\" \/>\n<link rel=\"canonical\" href=\"https:\/\/www.weine-feinkost.de\/unterwegs\/2023\/11\/schwingshackl-esskultur-bad-toelz-deutschland\/\" \/>\n<meta property=\"og:locale\" content=\"de_DE\" \/>\n<meta property=\"og:type\" content=\"article\" \/>\n<meta property=\"og:title\" content=\"Schwingshackl Esskultur - Bad T\u00f6lz - Deutschland - Unterwegs mit Weine &amp; Feinkost\" \/>\n<meta property=\"og:description\" content=\"S\u00fcdtiroler Genuss trifft bayerische Tradition: Schwingshackl Esskultur in Bad T\u00f6lz Schwingshackl Esskultur, mit zwei Restaurant-Konzepten und einigen G\u00e4stezimmern, wurde Ende 2018 von den Eheleuten Erich und Katharina Schwingshackl im alten F\u00e4hrhaus im bayrischen Bad T\u00f6lz er\u00f6ffnet. Erich Schwingshackl stammt aus S\u00fcdtirol und ist ein Vollblutkoch, der in anderen Restaurants bereits den einen oder anderen Michelin-Stern ... Weiterlesen\" \/>\n<meta property=\"og:url\" content=\"https:\/\/www.weine-feinkost.de\/unterwegs\/2023\/11\/schwingshackl-esskultur-bad-toelz-deutschland\/\" \/>\n<meta property=\"og:site_name\" content=\"Unterwegs mit Weine &amp; Feinkost\" \/>\n<meta property=\"article:published_time\" content=\"2023-11-04T16:00:00+00:00\" \/>\n<meta property=\"og:image\" content=\"https:\/\/www.weine-feinkost.de\/unterwegs\/wp-content\/uploads\/2023\/08\/Schwingshackl_Esskultur_Titelbild.jpg\" \/>\n\t<meta property=\"og:image:width\" content=\"1920\" \/>\n\t<meta property=\"og:image:height\" content=\"1440\" \/>\n\t<meta property=\"og:image:type\" content=\"image\/jpeg\" \/>\n<meta name=\"author\" content=\"Christian Fenske\" \/>\n<meta name=\"twitter:card\" content=\"summary_large_image\" \/>\n<meta name=\"twitter:label1\" content=\"Verfasst von\" \/>\n\t<meta name=\"twitter:data1\" content=\"Christian Fenske\" \/>\n\t<meta name=\"twitter:label2\" content=\"Gesch\u00e4tzte Lesezeit\" \/>\n\t<meta name=\"twitter:data2\" content=\"7\u00a0Minuten\" \/>\n<script type=\"application\/ld+json\" class=\"yoast-schema-graph\">{\"@context\":\"https:\\\/\\\/schema.org\",\"@graph\":[{\"@type\":\"Article\",\"@id\":\"https:\\\/\\\/www.weine-feinkost.de\\\/unterwegs\\\/2023\\\/11\\\/schwingshackl-esskultur-bad-toelz-deutschland\\\/#article\",\"isPartOf\":{\"@id\":\"https:\\\/\\\/www.weine-feinkost.de\\\/unterwegs\\\/2023\\\/11\\\/schwingshackl-esskultur-bad-toelz-deutschland\\\/\"},\"author\":{\"name\":\"Christian Fenske\",\"@id\":\"https:\\\/\\\/www.weine-feinkost.de\\\/unterwegs\\\/#\\\/schema\\\/person\\\/c07d66169fd0e04307bfe7cdc99ac26a\"},\"headline\":\"Schwingshackl Esskultur &#8211; Bad T\u00f6lz &#8211; Deutschland\",\"datePublished\":\"2023-11-04T16:00:00+00:00\",\"mainEntityOfPage\":{\"@id\":\"https:\\\/\\\/www.weine-feinkost.de\\\/unterwegs\\\/2023\\\/11\\\/schwingshackl-esskultur-bad-toelz-deutschland\\\/\"},\"wordCount\":455,\"commentCount\":0,\"publisher\":{\"@id\":\"https:\\\/\\\/www.weine-feinkost.de\\\/unterwegs\\\/#organization\"},\"image\":{\"@id\":\"https:\\\/\\\/www.weine-feinkost.de\\\/unterwegs\\\/2023\\\/11\\\/schwingshackl-esskultur-bad-toelz-deutschland\\\/#primaryimage\"},\"thumbnailUrl\":\"https:\\\/\\\/www.weine-feinkost.de\\\/unterwegs\\\/wp-content\\\/uploads\\\/2023\\\/08\\\/Schwingshackl_Esskultur_Titelbild.jpg\",\"keywords\":[\"Bad T\u00f6lz\",\"Deutschland\",\"Esskultur\",\"Heimatk\u00fcche\",\"Restaurant\",\"Schwingshackl Esskultur\"],\"articleSection\":[\"Deutschland\",\"Michelin Star\",\"Restaurants\"],\"inLanguage\":\"de\",\"potentialAction\":[{\"@type\":\"CommentAction\",\"name\":\"Comment\",\"target\":[\"https:\\\/\\\/www.weine-feinkost.de\\\/unterwegs\\\/2023\\\/11\\\/schwingshackl-esskultur-bad-toelz-deutschland\\\/#respond\"]}]},{\"@type\":\"WebPage\",\"@id\":\"https:\\\/\\\/www.weine-feinkost.de\\\/unterwegs\\\/2023\\\/11\\\/schwingshackl-esskultur-bad-toelz-deutschland\\\/\",\"url\":\"https:\\\/\\\/www.weine-feinkost.de\\\/unterwegs\\\/2023\\\/11\\\/schwingshackl-esskultur-bad-toelz-deutschland\\\/\",\"name\":\"Schwingshackl Esskultur - Bad T\u00f6lz - Deutschland - Unterwegs mit Weine &amp; Feinkost\",\"isPartOf\":{\"@id\":\"https:\\\/\\\/www.weine-feinkost.de\\\/unterwegs\\\/#website\"},\"primaryImageOfPage\":{\"@id\":\"https:\\\/\\\/www.weine-feinkost.de\\\/unterwegs\\\/2023\\\/11\\\/schwingshackl-esskultur-bad-toelz-deutschland\\\/#primaryimage\"},\"image\":{\"@id\":\"https:\\\/\\\/www.weine-feinkost.de\\\/unterwegs\\\/2023\\\/11\\\/schwingshackl-esskultur-bad-toelz-deutschland\\\/#primaryimage\"},\"thumbnailUrl\":\"https:\\\/\\\/www.weine-feinkost.de\\\/unterwegs\\\/wp-content\\\/uploads\\\/2023\\\/08\\\/Schwingshackl_Esskultur_Titelbild.jpg\",\"datePublished\":\"2023-11-04T16:00:00+00:00\",\"breadcrumb\":{\"@id\":\"https:\\\/\\\/www.weine-feinkost.de\\\/unterwegs\\\/2023\\\/11\\\/schwingshackl-esskultur-bad-toelz-deutschland\\\/#breadcrumb\"},\"inLanguage\":\"de\",\"potentialAction\":[{\"@type\":\"ReadAction\",\"target\":[\"https:\\\/\\\/www.weine-feinkost.de\\\/unterwegs\\\/2023\\\/11\\\/schwingshackl-esskultur-bad-toelz-deutschland\\\/\"]}]},{\"@type\":\"ImageObject\",\"inLanguage\":\"de\",\"@id\":\"https:\\\/\\\/www.weine-feinkost.de\\\/unterwegs\\\/2023\\\/11\\\/schwingshackl-esskultur-bad-toelz-deutschland\\\/#primaryimage\",\"url\":\"https:\\\/\\\/www.weine-feinkost.de\\\/unterwegs\\\/wp-content\\\/uploads\\\/2023\\\/08\\\/Schwingshackl_Esskultur_Titelbild.jpg\",\"contentUrl\":\"https:\\\/\\\/www.weine-feinkost.de\\\/unterwegs\\\/wp-content\\\/uploads\\\/2023\\\/08\\\/Schwingshackl_Esskultur_Titelbild.jpg\",\"width\":1920,\"height\":1440},{\"@type\":\"BreadcrumbList\",\"@id\":\"https:\\\/\\\/www.weine-feinkost.de\\\/unterwegs\\\/2023\\\/11\\\/schwingshackl-esskultur-bad-toelz-deutschland\\\/#breadcrumb\",\"itemListElement\":[{\"@type\":\"ListItem\",\"position\":1,\"name\":\"Startseite\",\"item\":\"https:\\\/\\\/www.weine-feinkost.de\\\/unterwegs\\\/\"},{\"@type\":\"ListItem\",\"position\":2,\"name\":\"Schwingshackl Esskultur &#8211; Bad T\u00f6lz &#8211; Deutschland\"}]},{\"@type\":\"WebSite\",\"@id\":\"https:\\\/\\\/www.weine-feinkost.de\\\/unterwegs\\\/#website\",\"url\":\"https:\\\/\\\/www.weine-feinkost.de\\\/unterwegs\\\/\",\"name\":\"Unterwegs mit Weine &amp; Feinkost\",\"description\":\"Entdecken Sie Genuss\",\"publisher\":{\"@id\":\"https:\\\/\\\/www.weine-feinkost.de\\\/unterwegs\\\/#organization\"},\"potentialAction\":[{\"@type\":\"SearchAction\",\"target\":{\"@type\":\"EntryPoint\",\"urlTemplate\":\"https:\\\/\\\/www.weine-feinkost.de\\\/unterwegs\\\/?s={search_term_string}\"},\"query-input\":{\"@type\":\"PropertyValueSpecification\",\"valueRequired\":true,\"valueName\":\"search_term_string\"}}],\"inLanguage\":\"de\"},{\"@type\":\"Organization\",\"@id\":\"https:\\\/\\\/www.weine-feinkost.de\\\/unterwegs\\\/#organization\",\"name\":\"Unterwegs mit Weine &amp; Feinkost\",\"url\":\"https:\\\/\\\/www.weine-feinkost.de\\\/unterwegs\\\/\",\"logo\":{\"@type\":\"ImageObject\",\"inLanguage\":\"de\",\"@id\":\"https:\\\/\\\/www.weine-feinkost.de\\\/unterwegs\\\/#\\\/schema\\\/logo\\\/image\\\/\",\"url\":\"https:\\\/\\\/www.weine-feinkost.de\\\/unterwegs\\\/wp-content\\\/uploads\\\/2022\\\/10\\\/logo_weinefeinkost_unterwegs_450x171.png\",\"contentUrl\":\"https:\\\/\\\/www.weine-feinkost.de\\\/unterwegs\\\/wp-content\\\/uploads\\\/2022\\\/10\\\/logo_weinefeinkost_unterwegs_450x171.png\",\"width\":450,\"height\":171,\"caption\":\"Unterwegs mit Weine &amp; Feinkost\"},\"image\":{\"@id\":\"https:\\\/\\\/www.weine-feinkost.de\\\/unterwegs\\\/#\\\/schema\\\/logo\\\/image\\\/\"}},{\"@type\":\"Person\",\"@id\":\"https:\\\/\\\/www.weine-feinkost.de\\\/unterwegs\\\/#\\\/schema\\\/person\\\/c07d66169fd0e04307bfe7cdc99ac26a\",\"name\":\"Christian Fenske\",\"image\":{\"@type\":\"ImageObject\",\"inLanguage\":\"de\",\"@id\":\"https:\\\/\\\/www.weine-feinkost.de\\\/unterwegs\\\/wp-content\\\/uploads\\\/2023\\\/01\\\/cropped-christian_profilbild-96x96.png\",\"url\":\"https:\\\/\\\/www.weine-feinkost.de\\\/unterwegs\\\/wp-content\\\/uploads\\\/2023\\\/01\\\/cropped-christian_profilbild-96x96.png\",\"contentUrl\":\"https:\\\/\\\/www.weine-feinkost.de\\\/unterwegs\\\/wp-content\\\/uploads\\\/2023\\\/01\\\/cropped-christian_profilbild-96x96.png\",\"caption\":\"Christian Fenske\"},\"description\":\"Zusammen an einem Tisch sitzen, gemeinsam zu kommunizieren und zu genie\u00dfen, das ist eine der herausragenden kulturellen Errungenschaft der Menschheit.\",\"url\":\"https:\\\/\\\/www.weine-feinkost.de\\\/unterwegs\\\/author\\\/christian-fenske\\\/\"}]}<\/script>\n<!-- \/ Yoast SEO plugin. -->","yoast_head_json":{"title":"Schwingshackl Esskultur - Bad T\u00f6lz - Deutschland - Unterwegs mit Weine &amp; Feinkost","robots":{"index":"index","follow":"follow","max-snippet":"max-snippet:-1","max-image-preview":"max-image-preview:large","max-video-preview":"max-video-preview:-1"},"canonical":"https:\/\/www.weine-feinkost.de\/unterwegs\/2023\/11\/schwingshackl-esskultur-bad-toelz-deutschland\/","og_locale":"de_DE","og_type":"article","og_title":"Schwingshackl Esskultur - Bad T\u00f6lz - Deutschland - Unterwegs mit Weine &amp; Feinkost","og_description":"S\u00fcdtiroler Genuss trifft bayerische Tradition: Schwingshackl Esskultur in Bad T\u00f6lz Schwingshackl Esskultur, mit zwei Restaurant-Konzepten und einigen G\u00e4stezimmern, wurde Ende 2018 von den Eheleuten Erich und Katharina Schwingshackl im alten F\u00e4hrhaus im bayrischen Bad T\u00f6lz er\u00f6ffnet. Erich Schwingshackl stammt aus S\u00fcdtirol und ist ein Vollblutkoch, der in anderen Restaurants bereits den einen oder anderen Michelin-Stern ... Weiterlesen","og_url":"https:\/\/www.weine-feinkost.de\/unterwegs\/2023\/11\/schwingshackl-esskultur-bad-toelz-deutschland\/","og_site_name":"Unterwegs mit Weine &amp; Feinkost","article_published_time":"2023-11-04T16:00:00+00:00","og_image":[{"width":1920,"height":1440,"url":"https:\/\/www.weine-feinkost.de\/unterwegs\/wp-content\/uploads\/2023\/08\/Schwingshackl_Esskultur_Titelbild.jpg","type":"image\/jpeg"}],"author":"Christian Fenske","twitter_card":"summary_large_image","twitter_misc":{"Verfasst von":"Christian Fenske","Gesch\u00e4tzte Lesezeit":"7\u00a0Minuten"},"schema":{"@context":"https:\/\/schema.org","@graph":[{"@type":"Article","@id":"https:\/\/www.weine-feinkost.de\/unterwegs\/2023\/11\/schwingshackl-esskultur-bad-toelz-deutschland\/#article","isPartOf":{"@id":"https:\/\/www.weine-feinkost.de\/unterwegs\/2023\/11\/schwingshackl-esskultur-bad-toelz-deutschland\/"},"author":{"name":"Christian Fenske","@id":"https:\/\/www.weine-feinkost.de\/unterwegs\/#\/schema\/person\/c07d66169fd0e04307bfe7cdc99ac26a"},"headline":"Schwingshackl Esskultur &#8211; Bad T\u00f6lz &#8211; Deutschland","datePublished":"2023-11-04T16:00:00+00:00","mainEntityOfPage":{"@id":"https:\/\/www.weine-feinkost.de\/unterwegs\/2023\/11\/schwingshackl-esskultur-bad-toelz-deutschland\/"},"wordCount":455,"commentCount":0,"publisher":{"@id":"https:\/\/www.weine-feinkost.de\/unterwegs\/#organization"},"image":{"@id":"https:\/\/www.weine-feinkost.de\/unterwegs\/2023\/11\/schwingshackl-esskultur-bad-toelz-deutschland\/#primaryimage"},"thumbnailUrl":"https:\/\/www.weine-feinkost.de\/unterwegs\/wp-content\/uploads\/2023\/08\/Schwingshackl_Esskultur_Titelbild.jpg","keywords":["Bad T\u00f6lz","Deutschland","Esskultur","Heimatk\u00fcche","Restaurant","Schwingshackl Esskultur"],"articleSection":["Deutschland","Michelin Star","Restaurants"],"inLanguage":"de","potentialAction":[{"@type":"CommentAction","name":"Comment","target":["https:\/\/www.weine-feinkost.de\/unterwegs\/2023\/11\/schwingshackl-esskultur-bad-toelz-deutschland\/#respond"]}]},{"@type":"WebPage","@id":"https:\/\/www.weine-feinkost.de\/unterwegs\/2023\/11\/schwingshackl-esskultur-bad-toelz-deutschland\/","url":"https:\/\/www.weine-feinkost.de\/unterwegs\/2023\/11\/schwingshackl-esskultur-bad-toelz-deutschland\/","name":"Schwingshackl Esskultur - Bad T\u00f6lz - Deutschland - Unterwegs mit Weine &amp; Feinkost","isPartOf":{"@id":"https:\/\/www.weine-feinkost.de\/unterwegs\/#website"},"primaryImageOfPage":{"@id":"https:\/\/www.weine-feinkost.de\/unterwegs\/2023\/11\/schwingshackl-esskultur-bad-toelz-deutschland\/#primaryimage"},"image":{"@id":"https:\/\/www.weine-feinkost.de\/unterwegs\/2023\/11\/schwingshackl-esskultur-bad-toelz-deutschland\/#primaryimage"},"thumbnailUrl":"https:\/\/www.weine-feinkost.de\/unterwegs\/wp-content\/uploads\/2023\/08\/Schwingshackl_Esskultur_Titelbild.jpg","datePublished":"2023-11-04T16:00:00+00:00","breadcrumb":{"@id":"https:\/\/www.weine-feinkost.de\/unterwegs\/2023\/11\/schwingshackl-esskultur-bad-toelz-deutschland\/#breadcrumb"},"inLanguage":"de","potentialAction":[{"@type":"ReadAction","target":["https:\/\/www.weine-feinkost.de\/unterwegs\/2023\/11\/schwingshackl-esskultur-bad-toelz-deutschland\/"]}]},{"@type":"ImageObject","inLanguage":"de","@id":"https:\/\/www.weine-feinkost.de\/unterwegs\/2023\/11\/schwingshackl-esskultur-bad-toelz-deutschland\/#primaryimage","url":"https:\/\/www.weine-feinkost.de\/unterwegs\/wp-content\/uploads\/2023\/08\/Schwingshackl_Esskultur_Titelbild.jpg","contentUrl":"https:\/\/www.weine-feinkost.de\/unterwegs\/wp-content\/uploads\/2023\/08\/Schwingshackl_Esskultur_Titelbild.jpg","width":1920,"height":1440},{"@type":"BreadcrumbList","@id":"https:\/\/www.weine-feinkost.de\/unterwegs\/2023\/11\/schwingshackl-esskultur-bad-toelz-deutschland\/#breadcrumb","itemListElement":[{"@type":"ListItem","position":1,"name":"Startseite","item":"https:\/\/www.weine-feinkost.de\/unterwegs\/"},{"@type":"ListItem","position":2,"name":"Schwingshackl Esskultur &#8211; Bad T\u00f6lz &#8211; Deutschland"}]},{"@type":"WebSite","@id":"https:\/\/www.weine-feinkost.de\/unterwegs\/#website","url":"https:\/\/www.weine-feinkost.de\/unterwegs\/","name":"Unterwegs mit Weine &amp; Feinkost","description":"Entdecken Sie Genuss","publisher":{"@id":"https:\/\/www.weine-feinkost.de\/unterwegs\/#organization"},"potentialAction":[{"@type":"SearchAction","target":{"@type":"EntryPoint","urlTemplate":"https:\/\/www.weine-feinkost.de\/unterwegs\/?s={search_term_string}"},"query-input":{"@type":"PropertyValueSpecification","valueRequired":true,"valueName":"search_term_string"}}],"inLanguage":"de"},{"@type":"Organization","@id":"https:\/\/www.weine-feinkost.de\/unterwegs\/#organization","name":"Unterwegs mit Weine &amp; Feinkost","url":"https:\/\/www.weine-feinkost.de\/unterwegs\/","logo":{"@type":"ImageObject","inLanguage":"de","@id":"https:\/\/www.weine-feinkost.de\/unterwegs\/#\/schema\/logo\/image\/","url":"https:\/\/www.weine-feinkost.de\/unterwegs\/wp-content\/uploads\/2022\/10\/logo_weinefeinkost_unterwegs_450x171.png","contentUrl":"https:\/\/www.weine-feinkost.de\/unterwegs\/wp-content\/uploads\/2022\/10\/logo_weinefeinkost_unterwegs_450x171.png","width":450,"height":171,"caption":"Unterwegs mit Weine &amp; Feinkost"},"image":{"@id":"https:\/\/www.weine-feinkost.de\/unterwegs\/#\/schema\/logo\/image\/"}},{"@type":"Person","@id":"https:\/\/www.weine-feinkost.de\/unterwegs\/#\/schema\/person\/c07d66169fd0e04307bfe7cdc99ac26a","name":"Christian Fenske","image":{"@type":"ImageObject","inLanguage":"de","@id":"https:\/\/www.weine-feinkost.de\/unterwegs\/wp-content\/uploads\/2023\/01\/cropped-christian_profilbild-96x96.png","url":"https:\/\/www.weine-feinkost.de\/unterwegs\/wp-content\/uploads\/2023\/01\/cropped-christian_profilbild-96x96.png","contentUrl":"https:\/\/www.weine-feinkost.de\/unterwegs\/wp-content\/uploads\/2023\/01\/cropped-christian_profilbild-96x96.png","caption":"Christian Fenske"},"description":"Zusammen an einem Tisch sitzen, gemeinsam zu kommunizieren und zu genie\u00dfen, das ist eine der herausragenden kulturellen Errungenschaft der Menschheit.","url":"https:\/\/www.weine-feinkost.de\/unterwegs\/author\/christian-fenske\/"}]}},"jetpack_publicize_connections":[],"jetpack_shortlink":"https:\/\/wp.me\/p68Tjo-QiY","jetpack_sharing_enabled":true,"jetpack_likes_enabled":true,"jetpack_featured_media_url":"https:\/\/www.weine-feinkost.de\/unterwegs\/wp-content\/uploads\/2023\/08\/Schwingshackl_Esskultur_Titelbild.jpg","_links":{"self":[{"href":"https:\/\/www.weine-feinkost.de\/unterwegs\/wp-json\/wp\/v2\/posts\/201064","targetHints":{"allow":["GET"]}}],"collection":[{"href":"https:\/\/www.weine-feinkost.de\/unterwegs\/wp-json\/wp\/v2\/posts"}],"about":[{"href":"https:\/\/www.weine-feinkost.de\/unterwegs\/wp-json\/wp\/v2\/types\/post"}],"author":[{"embeddable":true,"href":"https:\/\/www.weine-feinkost.de\/unterwegs\/wp-json\/wp\/v2\/users\/7"}],"replies":[{"embeddable":true,"href":"https:\/\/www.weine-feinkost.de\/unterwegs\/wp-json\/wp\/v2\/comments?post=201064"}],"version-history":[{"count":14,"href":"https:\/\/www.weine-feinkost.de\/unterwegs\/wp-json\/wp\/v2\/posts\/201064\/revisions"}],"predecessor-version":[{"id":202082,"href":"https:\/\/www.weine-feinkost.de\/unterwegs\/wp-json\/wp\/v2\/posts\/201064\/revisions\/202082"}],"wp:featuredmedia":[{"embeddable":true,"href":"https:\/\/www.weine-feinkost.de\/unterwegs\/wp-json\/wp\/v2\/media\/201128"}],"wp:attachment":[{"href":"https:\/\/www.weine-feinkost.de\/unterwegs\/wp-json\/wp\/v2\/media?parent=201064"}],"wp:term":[{"taxonomy":"category","embeddable":true,"href":"https:\/\/www.weine-feinkost.de\/unterwegs\/wp-json\/wp\/v2\/categories?post=201064"},{"taxonomy":"post_tag","embeddable":true,"href":"https:\/\/www.weine-feinkost.de\/unterwegs\/wp-json\/wp\/v2\/tags?post=201064"},{"taxonomy":"post_folder","embeddable":true,"href":"https:\/\/www.weine-feinkost.de\/unterwegs\/wp-json\/wp\/v2\/post_folder?post=201064"}],"curies":[{"name":"wp","href":"https:\/\/api.w.org\/{rel}","templated":true}]}}