{"id":201178,"date":"2023-11-12T17:00:00","date_gmt":"2023-11-12T16:00:00","guid":{"rendered":"https:\/\/www.weine-feinkost.de\/unterwegs\/?p=201178"},"modified":"2023-11-03T10:16:41","modified_gmt":"2023-11-03T09:16:41","slug":"steins-traube-mainz-deutschland","status":"publish","type":"post","link":"https:\/\/www.weine-feinkost.de\/unterwegs\/2023\/11\/steins-traube-mainz-deutschland\/","title":{"rendered":"Steins Traube &#8211; Mainz &#8211; Deutschland"},"content":{"rendered":"\n<h2 class=\"wp-block-heading\">Ein Sommerabend in Steins Traube: Kulinarische K\u00f6stlichkeiten und herzliche Gastfreundschaft in Mainz<\/h2>\n\n\n\n<p class=\"has-drop-cap\">Philipp Stein ist kein gew\u00f6hnlicher Koch, er ist ein kulinarischer Zauberer. Seine Familie, die seit f\u00fcnf Generationen das bekannte Restaurant <strong>Stein&#8217;s Traube<\/strong> in Mainz betreibt, legte ihm quasi den Kochl\u00f6ffel in die Wiege.<\/p>\n\n\n\n<p>Der 1990 geborene Stein schloss seine Ausbildung im Mainzer Hotel Atrium in rekordverd\u00e4chtiger Zeit ab und sammelte rasch Erfahrung in der Top-Gastronomie: Von Dirk Maus \u00fcber das Mainzer Staatstheater bis zum renommierten <a href=\"https:\/\/www.weine-feinkost.de\/unterwegs\/2017\/03\/favourite-restaurant-mainz-deutschland\/\">Favorite Restaurant<\/a> und der Wiesbadener Ente lernte er und hinterlie\u00df zugleich kulinarische Fu\u00dfabdr\u00fccke.<\/p>\n\n\n\n<p>Doch die Weite der Weltmeere rief und Stein ging auf gro\u00dfe Fahrt. An Bord der MS Europa kochte er unter Dieter M\u00fcller und stieg zum Junior Sous Chef im italienischen Restaurant Venezia auf. Sein kulinarischer Fingerabdruck pr\u00e4gt auch die Serenissima auf der MS Europa 2, bei deren Restaurantkonzept er mitwirkte.<\/p>\n\n\n\n<p>Wieder an Land st\u00fcrzte sich Stein mit dem gleichen Elan in seine Arbeit im exklusiven Waldhotel Sonnora in Dreis. Im Januar 2014 kr\u00f6nte er seine beeindruckende Karriere mit der Position des K\u00fcchenchefs im &#8222;Favorite&#8220; Restaurant.<\/p>\n\n\n\n<div class=\"wp-block-jetpack-tiled-gallery aligncenter is-style-rectangular\"><div class=\"tiled-gallery__gallery\"><div class=\"tiled-gallery__row\"><div class=\"tiled-gallery__col\" style=\"flex-basis:33.33333%\"><figure class=\"tiled-gallery__item\"><a href=\"https:\/\/www.weine-feinkost.de\/unterwegs\/wp-content\/uploads\/2023\/08\/Steins_Traube_Mainz_Deutschland_1-768x1024.jpg\"><img decoding=\"async\" srcset=\"https:\/\/i1.wp.com\/www.weine-feinkost.de\/unterwegs\/wp-content\/uploads\/2023\/08\/Steins_Traube_Mainz_Deutschland_1-768x1024.jpg?strip=info&#038;w=600&#038;ssl=1 600w,https:\/\/i1.wp.com\/www.weine-feinkost.de\/unterwegs\/wp-content\/uploads\/2023\/08\/Steins_Traube_Mainz_Deutschland_1-768x1024.jpg?strip=info&#038;w=768&#038;ssl=1 768w\" alt=\"\" data-height=\"1280\" data-id=\"201183\" data-link=\"https:\/\/www.weine-feinkost.de\/unterwegs\/?attachment_id=201183#main\" data-url=\"https:\/\/www.weine-feinkost.de\/unterwegs\/wp-content\/uploads\/2023\/08\/Steins_Traube_Mainz_Deutschland_1-768x1024.jpg\" data-width=\"960\" src=\"https:\/\/i1.wp.com\/www.weine-feinkost.de\/unterwegs\/wp-content\/uploads\/2023\/08\/Steins_Traube_Mainz_Deutschland_1-768x1024.jpg?ssl=1\" data-amp-layout=\"responsive\"\/><\/a><\/figure><\/div><div class=\"tiled-gallery__col\" style=\"flex-basis:33.33333%\"><figure class=\"tiled-gallery__item\"><a href=\"https:\/\/www.weine-feinkost.de\/unterwegs\/wp-content\/uploads\/2023\/08\/Steins_Traube_Mainz_Deutschland_16-768x1024.jpg\"><img decoding=\"async\" srcset=\"https:\/\/i1.wp.com\/www.weine-feinkost.de\/unterwegs\/wp-content\/uploads\/2023\/08\/Steins_Traube_Mainz_Deutschland_16-768x1024.jpg?strip=info&#038;w=600&#038;ssl=1 600w,https:\/\/i1.wp.com\/www.weine-feinkost.de\/unterwegs\/wp-content\/uploads\/2023\/08\/Steins_Traube_Mainz_Deutschland_16-768x1024.jpg?strip=info&#038;w=768&#038;ssl=1 768w\" alt=\"\" data-height=\"1280\" data-id=\"201197\" data-link=\"https:\/\/www.weine-feinkost.de\/unterwegs\/?attachment_id=201197#main\" data-url=\"https:\/\/www.weine-feinkost.de\/unterwegs\/wp-content\/uploads\/2023\/08\/Steins_Traube_Mainz_Deutschland_16-768x1024.jpg\" data-width=\"960\" src=\"https:\/\/i1.wp.com\/www.weine-feinkost.de\/unterwegs\/wp-content\/uploads\/2023\/08\/Steins_Traube_Mainz_Deutschland_16-768x1024.jpg?ssl=1\" data-amp-layout=\"responsive\"\/><\/a><\/figure><\/div><div class=\"tiled-gallery__col\" style=\"flex-basis:33.33333%\"><figure class=\"tiled-gallery__item\"><a href=\"https:\/\/www.weine-feinkost.de\/unterwegs\/wp-content\/uploads\/2023\/08\/Steins_Traube_Mainz_Deutschland_17-768x1024.jpg\"><img decoding=\"async\" srcset=\"https:\/\/i0.wp.com\/www.weine-feinkost.de\/unterwegs\/wp-content\/uploads\/2023\/08\/Steins_Traube_Mainz_Deutschland_17-768x1024.jpg?strip=info&#038;w=600&#038;ssl=1 600w,https:\/\/i0.wp.com\/www.weine-feinkost.de\/unterwegs\/wp-content\/uploads\/2023\/08\/Steins_Traube_Mainz_Deutschland_17-768x1024.jpg?strip=info&#038;w=768&#038;ssl=1 768w\" alt=\"\" data-height=\"1280\" data-id=\"201198\" data-link=\"https:\/\/www.weine-feinkost.de\/unterwegs\/?attachment_id=201198#main\" data-url=\"https:\/\/www.weine-feinkost.de\/unterwegs\/wp-content\/uploads\/2023\/08\/Steins_Traube_Mainz_Deutschland_17-768x1024.jpg\" data-width=\"960\" src=\"https:\/\/i0.wp.com\/www.weine-feinkost.de\/unterwegs\/wp-content\/uploads\/2023\/08\/Steins_Traube_Mainz_Deutschland_17-768x1024.jpg?ssl=1\" data-amp-layout=\"responsive\"\/><\/a><\/figure><\/div><\/div><\/div><\/div>\n\n\n\n<p>Doch 2019 sollte ein besonderes Jahr werden: Gemeinsam mit seiner Frau Alina \u00fcbernahm er das elterliche Restaurant <strong>Steins Traube<\/strong> im Spargel-Dorf Finthen, das seit mehr als hundert Jahren in Familienbesitz ist. Die sechste Generation setzte frische Akzente, renovierte das Lokal und erweiterte das Konzept. In einem gekonnten Balanceakt zwischen Tradition und Innovation zaubern Philipp und Alina Stein kulinarische Erlebnisse, die G\u00e4ste immer wieder begeistern.<\/p>\n\n\n\n<p>Und das, was hier in <strong>Steins Traube<\/strong> als Gesamtperformance geboten wird, kann sich wirklich sehen und schmecken lassen.<\/p>\n\n\n\n<p>Der Sommerabend unserer Reservierung ist sehr warm, und bei gutem Wetter bestuhlt das Team von <strong>Steins Traube<\/strong> einfach den gro\u00dfen Hof hinter der Einfahrt zum Restaurant. Die Atmosph\u00e4re ist hier herrlich locker, und das unter Alina Stein geformte Team tr\u00e4gt perfekt dazu bei, dass man sich an diesem Ort einfach nur wohl f\u00fchlen kann. Die drei kleinen Kinder der Steins winken ab und an lachend und sich versteckend hoch oben vom Balkon auf die G\u00e4ste herab. Essen und Getr\u00e4nke werden schnell und immer liebevoll erkl\u00e4rend auf den Tischen platziert und die Stimmung ist einfach entspannt und gut. So l\u00e4sst es sich ziemlich gut aushalten, und die klassischen, franz\u00f6sisch inspirierten Speisen, mit klitzekleinen japanischen Einfl\u00fcssen, machen einen solchen Abend zu einer runden Sache. Welch ein Gl\u00fcck f\u00fcr alle Mainzer und G\u00e4ste dieses Ortes, ein so liebenswertes und leckeres Restaurant mit so gastfreundlichen Menschen in seiner N\u00e4he haben zu d\u00fcrfen.<\/p>\n\n\n<div class=\"wp-block-image\">\n<figure class=\"aligncenter\"><a href=\"https:\/\/www.weine-feinkost.de\/unterwegs\/wp-content\/uploads\/2023\/08\/Steins_Traube_Mainz_Deutschland_2.jpg\"><img loading=\"lazy\" decoding=\"async\" width=\"768\" height=\"1024\" src=\"https:\/\/www.weine-feinkost.de\/unterwegs\/wp-content\/uploads\/2023\/08\/Steins_Traube_Mainz_Deutschland_2-768x1024.jpg\" alt=\"\" class=\"wp-image-201184\" srcset=\"https:\/\/www.weine-feinkost.de\/unterwegs\/wp-content\/uploads\/2023\/08\/Steins_Traube_Mainz_Deutschland_2-768x1024.jpg 768w, https:\/\/www.weine-feinkost.de\/unterwegs\/wp-content\/uploads\/2023\/08\/Steins_Traube_Mainz_Deutschland_2-225x300.jpg 225w, https:\/\/www.weine-feinkost.de\/unterwegs\/wp-content\/uploads\/2023\/08\/Steins_Traube_Mainz_Deutschland_2.jpg 960w\" sizes=\"auto, (max-width: 768px) 100vw, 768px\" \/><\/a><figcaption class=\"wp-element-caption\"><kbd>Fine de Claire Austern N\u00b03 vom Z\u00fcchter Pleiade Poget aus Tremblade.<\/kbd><\/figcaption><\/figure>\n<\/div>\n\n<div class=\"wp-block-image\">\n<figure class=\"aligncenter\"><a href=\"https:\/\/www.weine-feinkost.de\/unterwegs\/wp-content\/uploads\/2023\/08\/Steins_Traube_Mainz_Deutschland_3.jpg\"><img loading=\"lazy\" decoding=\"async\" width=\"768\" height=\"1024\" src=\"https:\/\/www.weine-feinkost.de\/unterwegs\/wp-content\/uploads\/2023\/08\/Steins_Traube_Mainz_Deutschland_3-768x1024.jpg\" alt=\"\" class=\"wp-image-201185\" srcset=\"https:\/\/www.weine-feinkost.de\/unterwegs\/wp-content\/uploads\/2023\/08\/Steins_Traube_Mainz_Deutschland_3-768x1024.jpg 768w, https:\/\/www.weine-feinkost.de\/unterwegs\/wp-content\/uploads\/2023\/08\/Steins_Traube_Mainz_Deutschland_3-225x300.jpg 225w, https:\/\/www.weine-feinkost.de\/unterwegs\/wp-content\/uploads\/2023\/08\/Steins_Traube_Mainz_Deutschland_3.jpg 960w\" sizes=\"auto, (max-width: 768px) 100vw, 768px\" \/><\/a><figcaption class=\"wp-element-caption\"><kbd>Gebackener Curry-Garnelencroustillant im Kataifiteig.<\/kbd><\/figcaption><\/figure>\n<\/div>\n\n<div class=\"wp-block-image\">\n<figure class=\"aligncenter\"><a href=\"https:\/\/www.weine-feinkost.de\/unterwegs\/wp-content\/uploads\/2023\/08\/Steins_Traube_Mainz_Deutschland_4.jpg\"><img loading=\"lazy\" decoding=\"async\" width=\"768\" height=\"1024\" src=\"https:\/\/www.weine-feinkost.de\/unterwegs\/wp-content\/uploads\/2023\/08\/Steins_Traube_Mainz_Deutschland_4-768x1024.jpg\" alt=\"\" class=\"wp-image-201186\" srcset=\"https:\/\/www.weine-feinkost.de\/unterwegs\/wp-content\/uploads\/2023\/08\/Steins_Traube_Mainz_Deutschland_4-768x1024.jpg 768w, https:\/\/www.weine-feinkost.de\/unterwegs\/wp-content\/uploads\/2023\/08\/Steins_Traube_Mainz_Deutschland_4-225x300.jpg 225w, https:\/\/www.weine-feinkost.de\/unterwegs\/wp-content\/uploads\/2023\/08\/Steins_Traube_Mainz_Deutschland_4.jpg 960w\" sizes=\"auto, (max-width: 768px) 100vw, 768px\" \/><\/a><figcaption class=\"wp-element-caption\"> <\/figcaption><\/figure>\n<\/div>\n\n<div class=\"wp-block-image\">\n<figure class=\"aligncenter\"><a href=\"https:\/\/www.weine-feinkost.de\/unterwegs\/wp-content\/uploads\/2023\/08\/Steins_Traube_Mainz_Deutschland_5.jpg\"><img loading=\"lazy\" decoding=\"async\" width=\"768\" height=\"1024\" src=\"https:\/\/www.weine-feinkost.de\/unterwegs\/wp-content\/uploads\/2023\/08\/Steins_Traube_Mainz_Deutschland_5-768x1024.jpg\" alt=\"\" class=\"wp-image-201187\" srcset=\"https:\/\/www.weine-feinkost.de\/unterwegs\/wp-content\/uploads\/2023\/08\/Steins_Traube_Mainz_Deutschland_5-768x1024.jpg 768w, https:\/\/www.weine-feinkost.de\/unterwegs\/wp-content\/uploads\/2023\/08\/Steins_Traube_Mainz_Deutschland_5-225x300.jpg 225w, https:\/\/www.weine-feinkost.de\/unterwegs\/wp-content\/uploads\/2023\/08\/Steins_Traube_Mainz_Deutschland_5.jpg 960w\" sizes=\"auto, (max-width: 768px) 100vw, 768px\" \/><\/a><figcaption class=\"wp-element-caption\"><kbd>Gateau von der Els\u00e4sser G\u00e4nseleber, eingelegter Perigordtr\u00fcffel, Trockenaprikose, Macadamia, Brioche.<\/kbd><\/figcaption><\/figure>\n<\/div>\n\n<div class=\"wp-block-image\">\n<figure class=\"aligncenter\"><a href=\"https:\/\/www.weine-feinkost.de\/unterwegs\/wp-content\/uploads\/2023\/08\/Steins_Traube_Mainz_Deutschland_6.jpg\"><img loading=\"lazy\" decoding=\"async\" width=\"768\" height=\"1024\" src=\"https:\/\/www.weine-feinkost.de\/unterwegs\/wp-content\/uploads\/2023\/08\/Steins_Traube_Mainz_Deutschland_6-768x1024.jpg\" alt=\"\" class=\"wp-image-201188\" srcset=\"https:\/\/www.weine-feinkost.de\/unterwegs\/wp-content\/uploads\/2023\/08\/Steins_Traube_Mainz_Deutschland_6-768x1024.jpg 768w, https:\/\/www.weine-feinkost.de\/unterwegs\/wp-content\/uploads\/2023\/08\/Steins_Traube_Mainz_Deutschland_6-225x300.jpg 225w, https:\/\/www.weine-feinkost.de\/unterwegs\/wp-content\/uploads\/2023\/08\/Steins_Traube_Mainz_Deutschland_6.jpg 960w\" sizes=\"auto, (max-width: 768px) 100vw, 768px\" \/><\/a><figcaption class=\"wp-element-caption\"><kbd>Tataki vom Yellowfin Thunfisch, Kokoswassergelee, Zucchini, Nori-Chip, Miso, Sesam, Teriyaki-Kaviar-Vinaigrette.<\/kbd><\/figcaption><\/figure>\n<\/div>\n\n<div class=\"wp-block-image\">\n<figure class=\"aligncenter\"><img loading=\"lazy\" decoding=\"async\" width=\"768\" height=\"1024\" src=\"https:\/\/www.weine-feinkost.de\/unterwegs\/wp-content\/uploads\/2023\/08\/Steins_Traube_Mainz_Deutschland_18-768x1024.jpg\" alt=\"\" class=\"wp-image-201199\" srcset=\"https:\/\/www.weine-feinkost.de\/unterwegs\/wp-content\/uploads\/2023\/08\/Steins_Traube_Mainz_Deutschland_18-768x1024.jpg 768w, https:\/\/www.weine-feinkost.de\/unterwegs\/wp-content\/uploads\/2023\/08\/Steins_Traube_Mainz_Deutschland_18-225x300.jpg 225w, https:\/\/www.weine-feinkost.de\/unterwegs\/wp-content\/uploads\/2023\/08\/Steins_Traube_Mainz_Deutschland_18.jpg 960w\" sizes=\"auto, (max-width: 768px) 100vw, 768px\" \/><figcaption class=\"wp-element-caption\"><kbd>Variation von allerlei bunten Tomaten aus der Tomatenschmiede, R\u00e4uchermandel, Liebst\u00f6ckelvelout\u00e9.<\/kbd><\/figcaption><\/figure>\n<\/div>\n\n<div class=\"wp-block-image\">\n<figure class=\"aligncenter\"><a href=\"https:\/\/www.weine-feinkost.de\/unterwegs\/wp-content\/uploads\/2023\/08\/Steins_Traube_Mainz_Deutschland_7.jpg\"><img loading=\"lazy\" decoding=\"async\" width=\"768\" height=\"1024\" src=\"https:\/\/www.weine-feinkost.de\/unterwegs\/wp-content\/uploads\/2023\/08\/Steins_Traube_Mainz_Deutschland_7-768x1024.jpg\" alt=\"\" class=\"wp-image-201189\" srcset=\"https:\/\/www.weine-feinkost.de\/unterwegs\/wp-content\/uploads\/2023\/08\/Steins_Traube_Mainz_Deutschland_7-768x1024.jpg 768w, https:\/\/www.weine-feinkost.de\/unterwegs\/wp-content\/uploads\/2023\/08\/Steins_Traube_Mainz_Deutschland_7-225x300.jpg 225w, https:\/\/www.weine-feinkost.de\/unterwegs\/wp-content\/uploads\/2023\/08\/Steins_Traube_Mainz_Deutschland_7.jpg 960w\" sizes=\"auto, (max-width: 768px) 100vw, 768px\" \/><\/a><figcaption class=\"wp-element-caption\"><kbd>Schottische Jakobsmuscheln, gebackene Avocado, Mangomayonnaise, Gartenkr\u00e4uter, Orangenvinaigrette.<\/kbd><\/figcaption><\/figure>\n<\/div>\n\n<div class=\"wp-block-image\">\n<figure class=\"aligncenter\"><a href=\"https:\/\/www.weine-feinkost.de\/unterwegs\/wp-content\/uploads\/2023\/08\/Steins_Traube_Mainz_Deutschland_8jpg.jpg\"><img loading=\"lazy\" decoding=\"async\" width=\"768\" height=\"1024\" src=\"https:\/\/www.weine-feinkost.de\/unterwegs\/wp-content\/uploads\/2023\/08\/Steins_Traube_Mainz_Deutschland_8jpg-768x1024.jpg\" alt=\"\" class=\"wp-image-201190\" srcset=\"https:\/\/www.weine-feinkost.de\/unterwegs\/wp-content\/uploads\/2023\/08\/Steins_Traube_Mainz_Deutschland_8jpg-768x1024.jpg 768w, https:\/\/www.weine-feinkost.de\/unterwegs\/wp-content\/uploads\/2023\/08\/Steins_Traube_Mainz_Deutschland_8jpg-225x300.jpg 225w, https:\/\/www.weine-feinkost.de\/unterwegs\/wp-content\/uploads\/2023\/08\/Steins_Traube_Mainz_Deutschland_8jpg.jpg 960w\" sizes=\"auto, (max-width: 768px) 100vw, 768px\" \/><\/a><figcaption class=\"wp-element-caption\"><kbd>Atlantik Rochenfl\u00fcgel, in Zitronenbutter gebratene Pfifferlinge, Erbsen, Wermutschaum.<\/kbd><\/figcaption><\/figure>\n<\/div>\n\n<div class=\"wp-block-image\">\n<figure class=\"aligncenter\"><a href=\"https:\/\/www.weine-feinkost.de\/unterwegs\/wp-content\/uploads\/2023\/08\/Steins_Traube_Mainz_Deutschland_9.jpg\"><img loading=\"lazy\" decoding=\"async\" width=\"768\" height=\"1024\" src=\"https:\/\/www.weine-feinkost.de\/unterwegs\/wp-content\/uploads\/2023\/08\/Steins_Traube_Mainz_Deutschland_9-768x1024.jpg\" alt=\"\" class=\"wp-image-201191\" srcset=\"https:\/\/www.weine-feinkost.de\/unterwegs\/wp-content\/uploads\/2023\/08\/Steins_Traube_Mainz_Deutschland_9-768x1024.jpg 768w, https:\/\/www.weine-feinkost.de\/unterwegs\/wp-content\/uploads\/2023\/08\/Steins_Traube_Mainz_Deutschland_9-225x300.jpg 225w, https:\/\/www.weine-feinkost.de\/unterwegs\/wp-content\/uploads\/2023\/08\/Steins_Traube_Mainz_Deutschland_9.jpg 960w\" sizes=\"auto, (max-width: 768px) 100vw, 768px\" \/><\/a><figcaption class=\"wp-element-caption\"><kbd>R\u00fccken vom Irish Hereford Rind, Pfefferlack, Speckkn\u00f6del, Bohnengem\u00fcse, Ochsenmarkhollandaise.<\/kbd><\/figcaption><\/figure>\n<\/div>\n\n<div class=\"wp-block-image\">\n<figure class=\"aligncenter\"><a href=\"https:\/\/www.weine-feinkost.de\/unterwegs\/wp-content\/uploads\/2023\/08\/Steins_Traube_Mainz_Deutschland_10.jpg\"><img loading=\"lazy\" decoding=\"async\" width=\"768\" height=\"1024\" src=\"https:\/\/www.weine-feinkost.de\/unterwegs\/wp-content\/uploads\/2023\/08\/Steins_Traube_Mainz_Deutschland_10-768x1024.jpg\" alt=\"\" class=\"wp-image-201192\" srcset=\"https:\/\/www.weine-feinkost.de\/unterwegs\/wp-content\/uploads\/2023\/08\/Steins_Traube_Mainz_Deutschland_10-768x1024.jpg 768w, https:\/\/www.weine-feinkost.de\/unterwegs\/wp-content\/uploads\/2023\/08\/Steins_Traube_Mainz_Deutschland_10-225x300.jpg 225w, https:\/\/www.weine-feinkost.de\/unterwegs\/wp-content\/uploads\/2023\/08\/Steins_Traube_Mainz_Deutschland_10.jpg 960w\" sizes=\"auto, (max-width: 768px) 100vw, 768px\" \/><\/a><figcaption class=\"wp-element-caption\"><kbd>Aufgesch\u00e4umter Kokosjoghurt, Mangosorbet, Gr\u00fcntee, Limette, Himbeeren aus dem Steins Traube Garten.<\/kbd><\/figcaption><\/figure>\n<\/div>\n\n<div class=\"wp-block-image\">\n<figure class=\"aligncenter\"><a href=\"https:\/\/www.weine-feinkost.de\/unterwegs\/wp-content\/uploads\/2023\/08\/Steins_Traube_Mainz_Deutschland_11.jpg\"><img loading=\"lazy\" decoding=\"async\" width=\"768\" height=\"1024\" src=\"https:\/\/www.weine-feinkost.de\/unterwegs\/wp-content\/uploads\/2023\/08\/Steins_Traube_Mainz_Deutschland_11-768x1024.jpg\" alt=\"\" class=\"wp-image-201193\" srcset=\"https:\/\/www.weine-feinkost.de\/unterwegs\/wp-content\/uploads\/2023\/08\/Steins_Traube_Mainz_Deutschland_11-768x1024.jpg 768w, https:\/\/www.weine-feinkost.de\/unterwegs\/wp-content\/uploads\/2023\/08\/Steins_Traube_Mainz_Deutschland_11-225x300.jpg 225w, https:\/\/www.weine-feinkost.de\/unterwegs\/wp-content\/uploads\/2023\/08\/Steins_Traube_Mainz_Deutschland_11.jpg 960w\" sizes=\"auto, (max-width: 768px) 100vw, 768px\" \/><\/a><figcaption class=\"wp-element-caption\"><kbd>Creme von Zartbitterschokolade und Tonkabohne, Kirschrahmeis, Kakao, eingelegte Schattenmorellen.<\/kbd><\/figcaption><\/figure>\n<\/div>\n\n<div class=\"wp-block-image\">\n<figure class=\"aligncenter\"><a href=\"https:\/\/www.weine-feinkost.de\/unterwegs\/wp-content\/uploads\/2023\/08\/Steins_Traube_Mainz_Deutschland_12.jpg\"><img loading=\"lazy\" decoding=\"async\" width=\"768\" height=\"1024\" src=\"https:\/\/www.weine-feinkost.de\/unterwegs\/wp-content\/uploads\/2023\/08\/Steins_Traube_Mainz_Deutschland_12-768x1024.jpg\" alt=\"\" class=\"wp-image-201194\" srcset=\"https:\/\/www.weine-feinkost.de\/unterwegs\/wp-content\/uploads\/2023\/08\/Steins_Traube_Mainz_Deutschland_12-768x1024.jpg 768w, https:\/\/www.weine-feinkost.de\/unterwegs\/wp-content\/uploads\/2023\/08\/Steins_Traube_Mainz_Deutschland_12-225x300.jpg 225w, https:\/\/www.weine-feinkost.de\/unterwegs\/wp-content\/uploads\/2023\/08\/Steins_Traube_Mainz_Deutschland_12.jpg 960w\" sizes=\"auto, (max-width: 768px) 100vw, 768px\" \/><\/a><figcaption class=\"wp-element-caption\"> <\/figcaption><\/figure>\n<\/div>\n\n<div class=\"wp-block-image\">\n<figure class=\"aligncenter\"><a href=\"https:\/\/www.weine-feinkost.de\/unterwegs\/wp-content\/uploads\/2023\/08\/Steins_Traube_Mainz_Deutschland_14.jpg\"><img loading=\"lazy\" decoding=\"async\" width=\"768\" height=\"1024\" src=\"https:\/\/www.weine-feinkost.de\/unterwegs\/wp-content\/uploads\/2023\/08\/Steins_Traube_Mainz_Deutschland_14-768x1024.jpg\" alt=\"\" class=\"wp-image-201196\" srcset=\"https:\/\/www.weine-feinkost.de\/unterwegs\/wp-content\/uploads\/2023\/08\/Steins_Traube_Mainz_Deutschland_14-768x1024.jpg 768w, https:\/\/www.weine-feinkost.de\/unterwegs\/wp-content\/uploads\/2023\/08\/Steins_Traube_Mainz_Deutschland_14-225x300.jpg 225w, https:\/\/www.weine-feinkost.de\/unterwegs\/wp-content\/uploads\/2023\/08\/Steins_Traube_Mainz_Deutschland_14.jpg 960w\" sizes=\"auto, (max-width: 768px) 100vw, 768px\" \/><\/a><figcaption class=\"wp-element-caption\"><kbd>Petit Fours.<\/kbd><\/figcaption><\/figure>\n<\/div>\n\n\n<p><strong>Steins Traube<\/strong>, Poststra\u00dfe 4, 55126 Mainz, Deutschland, +49 613140249, <a href=\"https:\/\/steins-traube.de\/\">https:\/\/steins-traube.de\/<\/a><\/p>\n","protected":false},"excerpt":{"rendered":"<p>Ein Sommerabend in Steins Traube: Kulinarische K\u00f6stlichkeiten und herzliche Gastfreundschaft in Mainz Philipp Stein ist kein gew\u00f6hnlicher Koch, er ist ein kulinarischer Zauberer. Seine Familie, die seit f\u00fcnf Generationen das bekannte Restaurant Stein&#8217;s Traube in Mainz betreibt, legte ihm quasi den Kochl\u00f6ffel in die Wiege. Der 1990 geborene Stein schloss seine Ausbildung im Mainzer Hotel &#8230; <a title=\"Steins Traube &#8211; Mainz &#8211; Deutschland\" class=\"read-more\" href=\"https:\/\/www.weine-feinkost.de\/unterwegs\/2023\/11\/steins-traube-mainz-deutschland\/\" aria-label=\"Mehr dazu unter Steins Traube &#8211; Mainz &#8211; Deutschland\">Weiterlesen<\/a><\/p>\n","protected":false},"author":7,"featured_media":201201,"comment_status":"open","ping_status":"open","sticky":false,"template":"","format":"standard","meta":{"_jetpack_newsletter_access":"","_jetpack_dont_email_post_to_subs":false,"_jetpack_newsletter_tier_id":0,"_jetpack_memberships_contains_paywalled_content":false,"_jetpack_feature_clip_id":0,"_jetpack_memberships_contains_paid_content":false,"footnotes":"","jetpack_publicize_message":"","jetpack_publicize_feature_enabled":true,"jetpack_social_post_already_shared":true,"jetpack_social_options":{"image_generator_settings":{"template":"highway","default_image_id":0,"font":"","enabled":false},"version":2},"jetpack_post_was_ever_published":false},"categories":[31,41,13],"tags":[120,1159,3406,3483,73,3482],"post_folder":[],"class_list":["post-201178","post","type-post","status-publish","format-standard","has-post-thumbnail","hentry","category-deutschland-restaurants","category-michelin-star","category-restaurants","tag-deutschland","tag-mainz","tag-michelin-star","tag-philipp-stein","tag-restaurant","tag-steins-traube"],"yoast_head":"<!-- This site is optimized with the Yoast SEO plugin v28.3 - https:\/\/yoast.com\/product\/yoast-seo-wordpress\/ -->\n<title>Steins Traube - Mainz - Deutschland - Unterwegs mit Weine &amp; Feinkost<\/title>\n<meta name=\"robots\" content=\"index, follow, max-snippet:-1, max-image-preview:large, max-video-preview:-1\" \/>\n<link rel=\"canonical\" href=\"https:\/\/www.weine-feinkost.de\/unterwegs\/2023\/11\/steins-traube-mainz-deutschland\/\" \/>\n<meta property=\"og:locale\" content=\"de_DE\" \/>\n<meta property=\"og:type\" content=\"article\" \/>\n<meta property=\"og:title\" content=\"Steins Traube - Mainz - Deutschland - Unterwegs mit Weine &amp; Feinkost\" \/>\n<meta property=\"og:description\" content=\"Ein Sommerabend in Steins Traube: Kulinarische K\u00f6stlichkeiten und herzliche Gastfreundschaft in Mainz Philipp Stein ist kein gew\u00f6hnlicher Koch, er ist ein kulinarischer Zauberer. Seine Familie, die seit f\u00fcnf Generationen das bekannte Restaurant Stein&#8217;s Traube in Mainz betreibt, legte ihm quasi den Kochl\u00f6ffel in die Wiege. Der 1990 geborene Stein schloss seine Ausbildung im Mainzer Hotel ... Weiterlesen\" \/>\n<meta property=\"og:url\" content=\"https:\/\/www.weine-feinkost.de\/unterwegs\/2023\/11\/steins-traube-mainz-deutschland\/\" \/>\n<meta property=\"og:site_name\" content=\"Unterwegs mit Weine &amp; Feinkost\" \/>\n<meta property=\"article:published_time\" content=\"2023-11-12T16:00:00+00:00\" \/>\n<meta property=\"og:image\" content=\"https:\/\/www.weine-feinkost.de\/unterwegs\/wp-content\/uploads\/2023\/08\/Steins_Traube_Mainz_Deutschland_Titelbild.jpg\" \/>\n\t<meta property=\"og:image:width\" content=\"1440\" \/>\n\t<meta property=\"og:image:height\" content=\"1920\" \/>\n\t<meta property=\"og:image:type\" content=\"image\/jpeg\" \/>\n<meta name=\"author\" content=\"Christian Fenske\" \/>\n<meta name=\"twitter:card\" content=\"summary_large_image\" \/>\n<meta name=\"twitter:label1\" content=\"Verfasst von\" \/>\n\t<meta name=\"twitter:data1\" content=\"Christian Fenske\" \/>\n\t<meta name=\"twitter:label2\" content=\"Gesch\u00e4tzte Lesezeit\" \/>\n\t<meta name=\"twitter:data2\" content=\"7\u00a0Minuten\" \/>\n<script type=\"application\/ld+json\" class=\"yoast-schema-graph\">{\"@context\":\"https:\\\/\\\/schema.org\",\"@graph\":[{\"@type\":\"Article\",\"@id\":\"https:\\\/\\\/www.weine-feinkost.de\\\/unterwegs\\\/2023\\\/11\\\/steins-traube-mainz-deutschland\\\/#article\",\"isPartOf\":{\"@id\":\"https:\\\/\\\/www.weine-feinkost.de\\\/unterwegs\\\/2023\\\/11\\\/steins-traube-mainz-deutschland\\\/\"},\"author\":{\"name\":\"Christian Fenske\",\"@id\":\"https:\\\/\\\/www.weine-feinkost.de\\\/unterwegs\\\/#\\\/schema\\\/person\\\/c07d66169fd0e04307bfe7cdc99ac26a\"},\"headline\":\"Steins Traube &#8211; Mainz &#8211; Deutschland\",\"datePublished\":\"2023-11-12T16:00:00+00:00\",\"mainEntityOfPage\":{\"@id\":\"https:\\\/\\\/www.weine-feinkost.de\\\/unterwegs\\\/2023\\\/11\\\/steins-traube-mainz-deutschland\\\/\"},\"wordCount\":550,\"commentCount\":0,\"publisher\":{\"@id\":\"https:\\\/\\\/www.weine-feinkost.de\\\/unterwegs\\\/#organization\"},\"image\":{\"@id\":\"https:\\\/\\\/www.weine-feinkost.de\\\/unterwegs\\\/2023\\\/11\\\/steins-traube-mainz-deutschland\\\/#primaryimage\"},\"thumbnailUrl\":\"https:\\\/\\\/www.weine-feinkost.de\\\/unterwegs\\\/wp-content\\\/uploads\\\/2023\\\/08\\\/Steins_Traube_Mainz_Deutschland_Titelbild.jpg\",\"keywords\":[\"Deutschland\",\"Mainz\",\"Michelin Star\",\"Philipp Stein\",\"Restaurant\",\"Steins Traube\"],\"articleSection\":[\"Deutschland\",\"Michelin Star\",\"Restaurants\"],\"inLanguage\":\"de\",\"potentialAction\":[{\"@type\":\"CommentAction\",\"name\":\"Comment\",\"target\":[\"https:\\\/\\\/www.weine-feinkost.de\\\/unterwegs\\\/2023\\\/11\\\/steins-traube-mainz-deutschland\\\/#respond\"]}]},{\"@type\":\"WebPage\",\"@id\":\"https:\\\/\\\/www.weine-feinkost.de\\\/unterwegs\\\/2023\\\/11\\\/steins-traube-mainz-deutschland\\\/\",\"url\":\"https:\\\/\\\/www.weine-feinkost.de\\\/unterwegs\\\/2023\\\/11\\\/steins-traube-mainz-deutschland\\\/\",\"name\":\"Steins Traube - Mainz - Deutschland - Unterwegs mit Weine &amp; Feinkost\",\"isPartOf\":{\"@id\":\"https:\\\/\\\/www.weine-feinkost.de\\\/unterwegs\\\/#website\"},\"primaryImageOfPage\":{\"@id\":\"https:\\\/\\\/www.weine-feinkost.de\\\/unterwegs\\\/2023\\\/11\\\/steins-traube-mainz-deutschland\\\/#primaryimage\"},\"image\":{\"@id\":\"https:\\\/\\\/www.weine-feinkost.de\\\/unterwegs\\\/2023\\\/11\\\/steins-traube-mainz-deutschland\\\/#primaryimage\"},\"thumbnailUrl\":\"https:\\\/\\\/www.weine-feinkost.de\\\/unterwegs\\\/wp-content\\\/uploads\\\/2023\\\/08\\\/Steins_Traube_Mainz_Deutschland_Titelbild.jpg\",\"datePublished\":\"2023-11-12T16:00:00+00:00\",\"breadcrumb\":{\"@id\":\"https:\\\/\\\/www.weine-feinkost.de\\\/unterwegs\\\/2023\\\/11\\\/steins-traube-mainz-deutschland\\\/#breadcrumb\"},\"inLanguage\":\"de\",\"potentialAction\":[{\"@type\":\"ReadAction\",\"target\":[\"https:\\\/\\\/www.weine-feinkost.de\\\/unterwegs\\\/2023\\\/11\\\/steins-traube-mainz-deutschland\\\/\"]}]},{\"@type\":\"ImageObject\",\"inLanguage\":\"de\",\"@id\":\"https:\\\/\\\/www.weine-feinkost.de\\\/unterwegs\\\/2023\\\/11\\\/steins-traube-mainz-deutschland\\\/#primaryimage\",\"url\":\"https:\\\/\\\/www.weine-feinkost.de\\\/unterwegs\\\/wp-content\\\/uploads\\\/2023\\\/08\\\/Steins_Traube_Mainz_Deutschland_Titelbild.jpg\",\"contentUrl\":\"https:\\\/\\\/www.weine-feinkost.de\\\/unterwegs\\\/wp-content\\\/uploads\\\/2023\\\/08\\\/Steins_Traube_Mainz_Deutschland_Titelbild.jpg\",\"width\":1440,\"height\":1920},{\"@type\":\"BreadcrumbList\",\"@id\":\"https:\\\/\\\/www.weine-feinkost.de\\\/unterwegs\\\/2023\\\/11\\\/steins-traube-mainz-deutschland\\\/#breadcrumb\",\"itemListElement\":[{\"@type\":\"ListItem\",\"position\":1,\"name\":\"Startseite\",\"item\":\"https:\\\/\\\/www.weine-feinkost.de\\\/unterwegs\\\/\"},{\"@type\":\"ListItem\",\"position\":2,\"name\":\"Steins Traube &#8211; Mainz &#8211; Deutschland\"}]},{\"@type\":\"WebSite\",\"@id\":\"https:\\\/\\\/www.weine-feinkost.de\\\/unterwegs\\\/#website\",\"url\":\"https:\\\/\\\/www.weine-feinkost.de\\\/unterwegs\\\/\",\"name\":\"Unterwegs mit Weine &amp; Feinkost\",\"description\":\"Entdecken Sie Genuss\",\"publisher\":{\"@id\":\"https:\\\/\\\/www.weine-feinkost.de\\\/unterwegs\\\/#organization\"},\"potentialAction\":[{\"@type\":\"SearchAction\",\"target\":{\"@type\":\"EntryPoint\",\"urlTemplate\":\"https:\\\/\\\/www.weine-feinkost.de\\\/unterwegs\\\/?s={search_term_string}\"},\"query-input\":{\"@type\":\"PropertyValueSpecification\",\"valueRequired\":true,\"valueName\":\"search_term_string\"}}],\"inLanguage\":\"de\"},{\"@type\":\"Organization\",\"@id\":\"https:\\\/\\\/www.weine-feinkost.de\\\/unterwegs\\\/#organization\",\"name\":\"Unterwegs mit Weine &amp; Feinkost\",\"url\":\"https:\\\/\\\/www.weine-feinkost.de\\\/unterwegs\\\/\",\"logo\":{\"@type\":\"ImageObject\",\"inLanguage\":\"de\",\"@id\":\"https:\\\/\\\/www.weine-feinkost.de\\\/unterwegs\\\/#\\\/schema\\\/logo\\\/image\\\/\",\"url\":\"https:\\\/\\\/www.weine-feinkost.de\\\/unterwegs\\\/wp-content\\\/uploads\\\/2022\\\/10\\\/logo_weinefeinkost_unterwegs_450x171.png\",\"contentUrl\":\"https:\\\/\\\/www.weine-feinkost.de\\\/unterwegs\\\/wp-content\\\/uploads\\\/2022\\\/10\\\/logo_weinefeinkost_unterwegs_450x171.png\",\"width\":450,\"height\":171,\"caption\":\"Unterwegs mit Weine &amp; Feinkost\"},\"image\":{\"@id\":\"https:\\\/\\\/www.weine-feinkost.de\\\/unterwegs\\\/#\\\/schema\\\/logo\\\/image\\\/\"}},{\"@type\":\"Person\",\"@id\":\"https:\\\/\\\/www.weine-feinkost.de\\\/unterwegs\\\/#\\\/schema\\\/person\\\/c07d66169fd0e04307bfe7cdc99ac26a\",\"name\":\"Christian Fenske\",\"image\":{\"@type\":\"ImageObject\",\"inLanguage\":\"de\",\"@id\":\"https:\\\/\\\/www.weine-feinkost.de\\\/unterwegs\\\/wp-content\\\/uploads\\\/2023\\\/01\\\/cropped-christian_profilbild-96x96.png\",\"url\":\"https:\\\/\\\/www.weine-feinkost.de\\\/unterwegs\\\/wp-content\\\/uploads\\\/2023\\\/01\\\/cropped-christian_profilbild-96x96.png\",\"contentUrl\":\"https:\\\/\\\/www.weine-feinkost.de\\\/unterwegs\\\/wp-content\\\/uploads\\\/2023\\\/01\\\/cropped-christian_profilbild-96x96.png\",\"caption\":\"Christian Fenske\"},\"description\":\"Zusammen an einem Tisch sitzen, gemeinsam zu kommunizieren und zu genie\u00dfen, das ist eine der herausragenden kulturellen Errungenschaft der Menschheit.\",\"url\":\"https:\\\/\\\/www.weine-feinkost.de\\\/unterwegs\\\/author\\\/christian-fenske\\\/\"}]}<\/script>\n<!-- \/ Yoast SEO plugin. -->","yoast_head_json":{"title":"Steins Traube - Mainz - Deutschland - Unterwegs mit Weine &amp; Feinkost","robots":{"index":"index","follow":"follow","max-snippet":"max-snippet:-1","max-image-preview":"max-image-preview:large","max-video-preview":"max-video-preview:-1"},"canonical":"https:\/\/www.weine-feinkost.de\/unterwegs\/2023\/11\/steins-traube-mainz-deutschland\/","og_locale":"de_DE","og_type":"article","og_title":"Steins Traube - Mainz - Deutschland - Unterwegs mit Weine &amp; Feinkost","og_description":"Ein Sommerabend in Steins Traube: Kulinarische K\u00f6stlichkeiten und herzliche Gastfreundschaft in Mainz Philipp Stein ist kein gew\u00f6hnlicher Koch, er ist ein kulinarischer Zauberer. Seine Familie, die seit f\u00fcnf Generationen das bekannte Restaurant Stein&#8217;s Traube in Mainz betreibt, legte ihm quasi den Kochl\u00f6ffel in die Wiege. Der 1990 geborene Stein schloss seine Ausbildung im Mainzer Hotel ... Weiterlesen","og_url":"https:\/\/www.weine-feinkost.de\/unterwegs\/2023\/11\/steins-traube-mainz-deutschland\/","og_site_name":"Unterwegs mit Weine &amp; Feinkost","article_published_time":"2023-11-12T16:00:00+00:00","og_image":[{"width":1440,"height":1920,"url":"https:\/\/www.weine-feinkost.de\/unterwegs\/wp-content\/uploads\/2023\/08\/Steins_Traube_Mainz_Deutschland_Titelbild.jpg","type":"image\/jpeg"}],"author":"Christian Fenske","twitter_card":"summary_large_image","twitter_misc":{"Verfasst von":"Christian Fenske","Gesch\u00e4tzte Lesezeit":"7\u00a0Minuten"},"schema":{"@context":"https:\/\/schema.org","@graph":[{"@type":"Article","@id":"https:\/\/www.weine-feinkost.de\/unterwegs\/2023\/11\/steins-traube-mainz-deutschland\/#article","isPartOf":{"@id":"https:\/\/www.weine-feinkost.de\/unterwegs\/2023\/11\/steins-traube-mainz-deutschland\/"},"author":{"name":"Christian Fenske","@id":"https:\/\/www.weine-feinkost.de\/unterwegs\/#\/schema\/person\/c07d66169fd0e04307bfe7cdc99ac26a"},"headline":"Steins Traube &#8211; Mainz &#8211; Deutschland","datePublished":"2023-11-12T16:00:00+00:00","mainEntityOfPage":{"@id":"https:\/\/www.weine-feinkost.de\/unterwegs\/2023\/11\/steins-traube-mainz-deutschland\/"},"wordCount":550,"commentCount":0,"publisher":{"@id":"https:\/\/www.weine-feinkost.de\/unterwegs\/#organization"},"image":{"@id":"https:\/\/www.weine-feinkost.de\/unterwegs\/2023\/11\/steins-traube-mainz-deutschland\/#primaryimage"},"thumbnailUrl":"https:\/\/www.weine-feinkost.de\/unterwegs\/wp-content\/uploads\/2023\/08\/Steins_Traube_Mainz_Deutschland_Titelbild.jpg","keywords":["Deutschland","Mainz","Michelin Star","Philipp Stein","Restaurant","Steins Traube"],"articleSection":["Deutschland","Michelin Star","Restaurants"],"inLanguage":"de","potentialAction":[{"@type":"CommentAction","name":"Comment","target":["https:\/\/www.weine-feinkost.de\/unterwegs\/2023\/11\/steins-traube-mainz-deutschland\/#respond"]}]},{"@type":"WebPage","@id":"https:\/\/www.weine-feinkost.de\/unterwegs\/2023\/11\/steins-traube-mainz-deutschland\/","url":"https:\/\/www.weine-feinkost.de\/unterwegs\/2023\/11\/steins-traube-mainz-deutschland\/","name":"Steins Traube - Mainz - Deutschland - Unterwegs mit Weine &amp; Feinkost","isPartOf":{"@id":"https:\/\/www.weine-feinkost.de\/unterwegs\/#website"},"primaryImageOfPage":{"@id":"https:\/\/www.weine-feinkost.de\/unterwegs\/2023\/11\/steins-traube-mainz-deutschland\/#primaryimage"},"image":{"@id":"https:\/\/www.weine-feinkost.de\/unterwegs\/2023\/11\/steins-traube-mainz-deutschland\/#primaryimage"},"thumbnailUrl":"https:\/\/www.weine-feinkost.de\/unterwegs\/wp-content\/uploads\/2023\/08\/Steins_Traube_Mainz_Deutschland_Titelbild.jpg","datePublished":"2023-11-12T16:00:00+00:00","breadcrumb":{"@id":"https:\/\/www.weine-feinkost.de\/unterwegs\/2023\/11\/steins-traube-mainz-deutschland\/#breadcrumb"},"inLanguage":"de","potentialAction":[{"@type":"ReadAction","target":["https:\/\/www.weine-feinkost.de\/unterwegs\/2023\/11\/steins-traube-mainz-deutschland\/"]}]},{"@type":"ImageObject","inLanguage":"de","@id":"https:\/\/www.weine-feinkost.de\/unterwegs\/2023\/11\/steins-traube-mainz-deutschland\/#primaryimage","url":"https:\/\/www.weine-feinkost.de\/unterwegs\/wp-content\/uploads\/2023\/08\/Steins_Traube_Mainz_Deutschland_Titelbild.jpg","contentUrl":"https:\/\/www.weine-feinkost.de\/unterwegs\/wp-content\/uploads\/2023\/08\/Steins_Traube_Mainz_Deutschland_Titelbild.jpg","width":1440,"height":1920},{"@type":"BreadcrumbList","@id":"https:\/\/www.weine-feinkost.de\/unterwegs\/2023\/11\/steins-traube-mainz-deutschland\/#breadcrumb","itemListElement":[{"@type":"ListItem","position":1,"name":"Startseite","item":"https:\/\/www.weine-feinkost.de\/unterwegs\/"},{"@type":"ListItem","position":2,"name":"Steins Traube &#8211; Mainz &#8211; Deutschland"}]},{"@type":"WebSite","@id":"https:\/\/www.weine-feinkost.de\/unterwegs\/#website","url":"https:\/\/www.weine-feinkost.de\/unterwegs\/","name":"Unterwegs mit Weine &amp; Feinkost","description":"Entdecken Sie Genuss","publisher":{"@id":"https:\/\/www.weine-feinkost.de\/unterwegs\/#organization"},"potentialAction":[{"@type":"SearchAction","target":{"@type":"EntryPoint","urlTemplate":"https:\/\/www.weine-feinkost.de\/unterwegs\/?s={search_term_string}"},"query-input":{"@type":"PropertyValueSpecification","valueRequired":true,"valueName":"search_term_string"}}],"inLanguage":"de"},{"@type":"Organization","@id":"https:\/\/www.weine-feinkost.de\/unterwegs\/#organization","name":"Unterwegs mit Weine &amp; Feinkost","url":"https:\/\/www.weine-feinkost.de\/unterwegs\/","logo":{"@type":"ImageObject","inLanguage":"de","@id":"https:\/\/www.weine-feinkost.de\/unterwegs\/#\/schema\/logo\/image\/","url":"https:\/\/www.weine-feinkost.de\/unterwegs\/wp-content\/uploads\/2022\/10\/logo_weinefeinkost_unterwegs_450x171.png","contentUrl":"https:\/\/www.weine-feinkost.de\/unterwegs\/wp-content\/uploads\/2022\/10\/logo_weinefeinkost_unterwegs_450x171.png","width":450,"height":171,"caption":"Unterwegs mit Weine &amp; Feinkost"},"image":{"@id":"https:\/\/www.weine-feinkost.de\/unterwegs\/#\/schema\/logo\/image\/"}},{"@type":"Person","@id":"https:\/\/www.weine-feinkost.de\/unterwegs\/#\/schema\/person\/c07d66169fd0e04307bfe7cdc99ac26a","name":"Christian Fenske","image":{"@type":"ImageObject","inLanguage":"de","@id":"https:\/\/www.weine-feinkost.de\/unterwegs\/wp-content\/uploads\/2023\/01\/cropped-christian_profilbild-96x96.png","url":"https:\/\/www.weine-feinkost.de\/unterwegs\/wp-content\/uploads\/2023\/01\/cropped-christian_profilbild-96x96.png","contentUrl":"https:\/\/www.weine-feinkost.de\/unterwegs\/wp-content\/uploads\/2023\/01\/cropped-christian_profilbild-96x96.png","caption":"Christian Fenske"},"description":"Zusammen an einem Tisch sitzen, gemeinsam zu kommunizieren und zu genie\u00dfen, das ist eine der herausragenden kulturellen Errungenschaft der Menschheit.","url":"https:\/\/www.weine-feinkost.de\/unterwegs\/author\/christian-fenske\/"}]}},"jetpack_publicize_connections":[],"jetpack_shortlink":"https:\/\/wp.me\/p68Tjo-QkO","jetpack_sharing_enabled":true,"jetpack_likes_enabled":true,"jetpack_featured_media_url":"https:\/\/www.weine-feinkost.de\/unterwegs\/wp-content\/uploads\/2023\/08\/Steins_Traube_Mainz_Deutschland_Titelbild.jpg","_links":{"self":[{"href":"https:\/\/www.weine-feinkost.de\/unterwegs\/wp-json\/wp\/v2\/posts\/201178","targetHints":{"allow":["GET"]}}],"collection":[{"href":"https:\/\/www.weine-feinkost.de\/unterwegs\/wp-json\/wp\/v2\/posts"}],"about":[{"href":"https:\/\/www.weine-feinkost.de\/unterwegs\/wp-json\/wp\/v2\/types\/post"}],"author":[{"embeddable":true,"href":"https:\/\/www.weine-feinkost.de\/unterwegs\/wp-json\/wp\/v2\/users\/7"}],"replies":[{"embeddable":true,"href":"https:\/\/www.weine-feinkost.de\/unterwegs\/wp-json\/wp\/v2\/comments?post=201178"}],"version-history":[{"count":14,"href":"https:\/\/www.weine-feinkost.de\/unterwegs\/wp-json\/wp\/v2\/posts\/201178\/revisions"}],"predecessor-version":[{"id":202131,"href":"https:\/\/www.weine-feinkost.de\/unterwegs\/wp-json\/wp\/v2\/posts\/201178\/revisions\/202131"}],"wp:featuredmedia":[{"embeddable":true,"href":"https:\/\/www.weine-feinkost.de\/unterwegs\/wp-json\/wp\/v2\/media\/201201"}],"wp:attachment":[{"href":"https:\/\/www.weine-feinkost.de\/unterwegs\/wp-json\/wp\/v2\/media?parent=201178"}],"wp:term":[{"taxonomy":"category","embeddable":true,"href":"https:\/\/www.weine-feinkost.de\/unterwegs\/wp-json\/wp\/v2\/categories?post=201178"},{"taxonomy":"post_tag","embeddable":true,"href":"https:\/\/www.weine-feinkost.de\/unterwegs\/wp-json\/wp\/v2\/tags?post=201178"},{"taxonomy":"post_folder","embeddable":true,"href":"https:\/\/www.weine-feinkost.de\/unterwegs\/wp-json\/wp\/v2\/post_folder?post=201178"}],"curies":[{"name":"wp","href":"https:\/\/api.w.org\/{rel}","templated":true}]}}