{"id":202892,"date":"2024-02-22T17:00:00","date_gmt":"2024-02-22T16:00:00","guid":{"rendered":"https:\/\/www.weine-feinkost.de\/unterwegs\/?p=202892"},"modified":"2024-02-10T12:12:15","modified_gmt":"2024-02-10T11:12:15","slug":"barra-berlin-deutschland","status":"publish","type":"post","link":"https:\/\/www.weine-feinkost.de\/unterwegs\/2024\/02\/barra-berlin-deutschland\/","title":{"rendered":"Barra &#8211; Berlin &#8211; Deutschland"},"content":{"rendered":"\n<h2 class=\"wp-block-heading\">Saisonale und lokale Kost mit Naturweinen im Barra<\/h2>\n\n\n\n<p class=\"has-drop-cap\">Die R\u00e4umlichkeiten, in denen das Restaurant <strong>Barra<\/strong> untergebracht ist, wirken, als ob hier vor gar nicht allzu langer Zeit eine Imbissbude untergebracht war. Seit 2018 bespielen die hippe Ess- und Trinkkneipe die beiden K\u00f6che Daniel Remers und Neil Paterson sowie Kerry Westhead im Service.<\/p>\n\n\n\n<p>Die kleine K\u00fcche ist offen; eine Theke (La Barra) mit ein paar hohen Holzst\u00fchlen erm\u00f6glicht direkten Blick auf die dort arbeitenden K\u00f6che. Ein paar Holztische mitsamt St\u00fchlen stehen auch noch in diesem kleinen Raum herum, und in einem hinteren Raum ist dann noch ein Hochtisch untergebracht. So karg das Interieur auch wirken mag, so bunt ist dann das hier verkehrende Publikum. LGBTQs aus allen L\u00e4ndern hat in diesen pulsierenden R\u00e4umen eine kulturelle und kulinarische Heimat gefunden. Die gereichten Speisen stammen dabei aus saisonalen Zutaten und aus dem lokalen Netzwerk des Teams. Die Anrichtungsweise auf den Tellern ist simpel, der Geschmack der grandios zusammengestellten Produkte daf\u00fcr umso ph\u00e4nomenaler. Die Preise sind mehr als fair, zu trinken gibt es beste Naturweine und das ganze hier gelebte Konzept ist puristisch, liebenswert und einfach nur gro\u00dfartig.<\/p>\n\n\n\n<div class=\"wp-block-jetpack-tiled-gallery aligncenter is-style-rectangular\"><div class=\"tiled-gallery__gallery\"><div class=\"tiled-gallery__row\"><div class=\"tiled-gallery__col\" style=\"flex-basis:25.00000%\"><figure class=\"tiled-gallery__item\"><a href=\"https:\/\/www.weine-feinkost.de\/unterwegs\/wp-content\/uploads\/2024\/01\/Barra_Berlin_Deutschland-_5-768x1024.jpg\"><img decoding=\"async\" srcset=\"https:\/\/i2.wp.com\/www.weine-feinkost.de\/unterwegs\/wp-content\/uploads\/2024\/01\/Barra_Berlin_Deutschland-_5-768x1024.jpg?strip=info&#038;w=600&#038;ssl=1 600w,https:\/\/i2.wp.com\/www.weine-feinkost.de\/unterwegs\/wp-content\/uploads\/2024\/01\/Barra_Berlin_Deutschland-_5-768x1024.jpg?strip=info&#038;w=768&#038;ssl=1 768w\" alt=\"\" data-height=\"1920\" data-id=\"202898\" data-link=\"https:\/\/www.weine-feinkost.de\/unterwegs\/?attachment_id=202898#main\" data-url=\"https:\/\/www.weine-feinkost.de\/unterwegs\/wp-content\/uploads\/2024\/01\/Barra_Berlin_Deutschland-_5-768x1024.jpg\" data-width=\"1440\" src=\"https:\/\/i2.wp.com\/www.weine-feinkost.de\/unterwegs\/wp-content\/uploads\/2024\/01\/Barra_Berlin_Deutschland-_5-768x1024.jpg?ssl=1\" data-amp-layout=\"responsive\"\/><\/a><\/figure><\/div><div class=\"tiled-gallery__col\" style=\"flex-basis:25.00000%\"><figure class=\"tiled-gallery__item\"><a href=\"https:\/\/www.weine-feinkost.de\/unterwegs\/wp-content\/uploads\/2024\/01\/Barra_Berlin_Deutschland-_2-768x1024.jpg\"><img decoding=\"async\" srcset=\"https:\/\/i2.wp.com\/www.weine-feinkost.de\/unterwegs\/wp-content\/uploads\/2024\/01\/Barra_Berlin_Deutschland-_2-768x1024.jpg?strip=info&#038;w=600&#038;ssl=1 600w,https:\/\/i2.wp.com\/www.weine-feinkost.de\/unterwegs\/wp-content\/uploads\/2024\/01\/Barra_Berlin_Deutschland-_2-768x1024.jpg?strip=info&#038;w=768&#038;ssl=1 768w\" alt=\"\" data-height=\"1920\" data-id=\"202895\" data-link=\"https:\/\/www.weine-feinkost.de\/unterwegs\/?attachment_id=202895#main\" data-url=\"https:\/\/www.weine-feinkost.de\/unterwegs\/wp-content\/uploads\/2024\/01\/Barra_Berlin_Deutschland-_2-768x1024.jpg\" data-width=\"1440\" src=\"https:\/\/i2.wp.com\/www.weine-feinkost.de\/unterwegs\/wp-content\/uploads\/2024\/01\/Barra_Berlin_Deutschland-_2-768x1024.jpg?ssl=1\" data-amp-layout=\"responsive\"\/><\/a><\/figure><\/div><div class=\"tiled-gallery__col\" style=\"flex-basis:25.00000%\"><figure class=\"tiled-gallery__item\"><a href=\"https:\/\/www.weine-feinkost.de\/unterwegs\/wp-content\/uploads\/2024\/01\/Barra_Berlin_Deutschland-_9-768x1024.jpg\"><img decoding=\"async\" srcset=\"https:\/\/i0.wp.com\/www.weine-feinkost.de\/unterwegs\/wp-content\/uploads\/2024\/01\/Barra_Berlin_Deutschland-_9-768x1024.jpg?strip=info&#038;w=600&#038;ssl=1 600w,https:\/\/i0.wp.com\/www.weine-feinkost.de\/unterwegs\/wp-content\/uploads\/2024\/01\/Barra_Berlin_Deutschland-_9-768x1024.jpg?strip=info&#038;w=768&#038;ssl=1 768w\" alt=\"\" data-height=\"1920\" data-id=\"202902\" data-link=\"https:\/\/www.weine-feinkost.de\/unterwegs\/?attachment_id=202902#main\" data-url=\"https:\/\/www.weine-feinkost.de\/unterwegs\/wp-content\/uploads\/2024\/01\/Barra_Berlin_Deutschland-_9-768x1024.jpg\" data-width=\"1440\" src=\"https:\/\/i0.wp.com\/www.weine-feinkost.de\/unterwegs\/wp-content\/uploads\/2024\/01\/Barra_Berlin_Deutschland-_9-768x1024.jpg?ssl=1\" data-amp-layout=\"responsive\"\/><\/a><\/figure><\/div><div class=\"tiled-gallery__col\" style=\"flex-basis:25.00000%\"><figure class=\"tiled-gallery__item\"><a href=\"https:\/\/www.weine-feinkost.de\/unterwegs\/wp-content\/uploads\/2024\/01\/Barra_Berlin_Deutschland-_16-768x1024.jpg\"><img decoding=\"async\" srcset=\"https:\/\/i2.wp.com\/www.weine-feinkost.de\/unterwegs\/wp-content\/uploads\/2024\/01\/Barra_Berlin_Deutschland-_16-768x1024.jpg?strip=info&#038;w=600&#038;ssl=1 600w,https:\/\/i2.wp.com\/www.weine-feinkost.de\/unterwegs\/wp-content\/uploads\/2024\/01\/Barra_Berlin_Deutschland-_16-768x1024.jpg?strip=info&#038;w=768&#038;ssl=1 768w\" alt=\"\" data-height=\"1920\" data-id=\"202909\" data-link=\"https:\/\/www.weine-feinkost.de\/unterwegs\/?attachment_id=202909#main\" data-url=\"https:\/\/www.weine-feinkost.de\/unterwegs\/wp-content\/uploads\/2024\/01\/Barra_Berlin_Deutschland-_16-768x1024.jpg\" data-width=\"1440\" src=\"https:\/\/i2.wp.com\/www.weine-feinkost.de\/unterwegs\/wp-content\/uploads\/2024\/01\/Barra_Berlin_Deutschland-_16-768x1024.jpg?ssl=1\" data-amp-layout=\"responsive\"\/><\/a><\/figure><\/div><\/div><\/div><\/div>\n\n\n<div class=\"wp-block-image\">\n<figure class=\"aligncenter\"><a href=\"https:\/\/www.weine-feinkost.de\/unterwegs\/wp-content\/uploads\/2024\/01\/Barra_Berlin_Deutschland-_3.jpg\"><img loading=\"lazy\" decoding=\"async\" width=\"768\" height=\"1024\" src=\"https:\/\/www.weine-feinkost.de\/unterwegs\/wp-content\/uploads\/2024\/01\/Barra_Berlin_Deutschland-_3-768x1024.jpg\" alt=\"\" class=\"wp-image-202896\" srcset=\"https:\/\/www.weine-feinkost.de\/unterwegs\/wp-content\/uploads\/2024\/01\/Barra_Berlin_Deutschland-_3-768x1024.jpg 768w, https:\/\/www.weine-feinkost.de\/unterwegs\/wp-content\/uploads\/2024\/01\/Barra_Berlin_Deutschland-_3-225x300.jpg 225w, https:\/\/www.weine-feinkost.de\/unterwegs\/wp-content\/uploads\/2024\/01\/Barra_Berlin_Deutschland-_3-1152x1536.jpg 1152w, https:\/\/www.weine-feinkost.de\/unterwegs\/wp-content\/uploads\/2024\/01\/Barra_Berlin_Deutschland-_3.jpg 1440w\" sizes=\"auto, (max-width: 768px) 100vw, 768px\" \/><\/a><figcaption class=\"wp-element-caption\"><kbd>Brot und Butter.<\/kbd><\/figcaption><\/figure>\n<\/div>\n\n<div class=\"wp-block-image\">\n<figure class=\"aligncenter\"><a href=\"https:\/\/www.weine-feinkost.de\/unterwegs\/wp-content\/uploads\/2024\/01\/Barra_Berlin_Deutschland-_4.jpg\"><img loading=\"lazy\" decoding=\"async\" width=\"768\" height=\"1024\" src=\"https:\/\/www.weine-feinkost.de\/unterwegs\/wp-content\/uploads\/2024\/01\/Barra_Berlin_Deutschland-_4-768x1024.jpg\" alt=\"\" class=\"wp-image-202897\" srcset=\"https:\/\/www.weine-feinkost.de\/unterwegs\/wp-content\/uploads\/2024\/01\/Barra_Berlin_Deutschland-_4-768x1024.jpg 768w, https:\/\/www.weine-feinkost.de\/unterwegs\/wp-content\/uploads\/2024\/01\/Barra_Berlin_Deutschland-_4-225x300.jpg 225w, https:\/\/www.weine-feinkost.de\/unterwegs\/wp-content\/uploads\/2024\/01\/Barra_Berlin_Deutschland-_4-1152x1536.jpg 1152w, https:\/\/www.weine-feinkost.de\/unterwegs\/wp-content\/uploads\/2024\/01\/Barra_Berlin_Deutschland-_4.jpg 1440w\" sizes=\"auto, (max-width: 768px) 100vw, 768px\" \/><\/a><figcaption class=\"wp-element-caption\"><kbd>Capocollo.<\/kbd><\/figcaption><\/figure>\n<\/div>\n\n<div class=\"wp-block-image\">\n<figure class=\"aligncenter\"><a href=\"https:\/\/www.weine-feinkost.de\/unterwegs\/wp-content\/uploads\/2024\/01\/Barra_Berlin_Deutschland-_6.jpg\"><img loading=\"lazy\" decoding=\"async\" width=\"768\" height=\"1024\" src=\"https:\/\/www.weine-feinkost.de\/unterwegs\/wp-content\/uploads\/2024\/01\/Barra_Berlin_Deutschland-_6-768x1024.jpg\" alt=\"\" class=\"wp-image-202899\" srcset=\"https:\/\/www.weine-feinkost.de\/unterwegs\/wp-content\/uploads\/2024\/01\/Barra_Berlin_Deutschland-_6-768x1024.jpg 768w, https:\/\/www.weine-feinkost.de\/unterwegs\/wp-content\/uploads\/2024\/01\/Barra_Berlin_Deutschland-_6-225x300.jpg 225w, https:\/\/www.weine-feinkost.de\/unterwegs\/wp-content\/uploads\/2024\/01\/Barra_Berlin_Deutschland-_6-1152x1536.jpg 1152w, https:\/\/www.weine-feinkost.de\/unterwegs\/wp-content\/uploads\/2024\/01\/Barra_Berlin_Deutschland-_6.jpg 1440w\" sizes=\"auto, (max-width: 768px) 100vw, 768px\" \/><\/a><figcaption class=\"wp-element-caption\"><kbd>Paolella Mozzarella mit Oliven\u00f6l.<\/kbd><\/figcaption><\/figure>\n<\/div>\n\n<div class=\"wp-block-image\">\n<figure class=\"aligncenter\"><a href=\"https:\/\/www.weine-feinkost.de\/unterwegs\/wp-content\/uploads\/2024\/01\/Barra_Berlin_Deutschland-_7.jpg\"><img loading=\"lazy\" decoding=\"async\" width=\"768\" height=\"1024\" src=\"https:\/\/www.weine-feinkost.de\/unterwegs\/wp-content\/uploads\/2024\/01\/Barra_Berlin_Deutschland-_7-768x1024.jpg\" alt=\"\" class=\"wp-image-202900\" srcset=\"https:\/\/www.weine-feinkost.de\/unterwegs\/wp-content\/uploads\/2024\/01\/Barra_Berlin_Deutschland-_7-768x1024.jpg 768w, https:\/\/www.weine-feinkost.de\/unterwegs\/wp-content\/uploads\/2024\/01\/Barra_Berlin_Deutschland-_7-225x300.jpg 225w, https:\/\/www.weine-feinkost.de\/unterwegs\/wp-content\/uploads\/2024\/01\/Barra_Berlin_Deutschland-_7-1152x1536.jpg 1152w, https:\/\/www.weine-feinkost.de\/unterwegs\/wp-content\/uploads\/2024\/01\/Barra_Berlin_Deutschland-_7.jpg 1440w\" sizes=\"auto, (max-width: 768px) 100vw, 768px\" \/><\/a><figcaption class=\"wp-element-caption\"><kbd>Radicchio, Apfel, Walnuss und Colston Bassetn(Blauschimmelk\u00e4se aus England).<\/kbd><\/figcaption><\/figure>\n<\/div>\n\n<div class=\"wp-block-image\">\n<figure class=\"aligncenter\"><a href=\"https:\/\/www.weine-feinkost.de\/unterwegs\/wp-content\/uploads\/2024\/01\/Barra_Berlin_Deutschland-_8.jpg\"><img loading=\"lazy\" decoding=\"async\" width=\"768\" height=\"1024\" src=\"https:\/\/www.weine-feinkost.de\/unterwegs\/wp-content\/uploads\/2024\/01\/Barra_Berlin_Deutschland-_8-768x1024.jpg\" alt=\"\" class=\"wp-image-202901\" srcset=\"https:\/\/www.weine-feinkost.de\/unterwegs\/wp-content\/uploads\/2024\/01\/Barra_Berlin_Deutschland-_8-768x1024.jpg 768w, https:\/\/www.weine-feinkost.de\/unterwegs\/wp-content\/uploads\/2024\/01\/Barra_Berlin_Deutschland-_8-225x300.jpg 225w, https:\/\/www.weine-feinkost.de\/unterwegs\/wp-content\/uploads\/2024\/01\/Barra_Berlin_Deutschland-_8-1152x1536.jpg 1152w, https:\/\/www.weine-feinkost.de\/unterwegs\/wp-content\/uploads\/2024\/01\/Barra_Berlin_Deutschland-_8.jpg 1440w\" sizes=\"auto, (max-width: 768px) 100vw, 768px\" \/><\/a><figcaption class=\"wp-element-caption\"><kbd>Hamachi, Kohlrabi und Shiso.<\/kbd><\/figcaption><\/figure>\n<\/div>\n\n<div class=\"wp-block-image\">\n<figure class=\"aligncenter\"><a href=\"https:\/\/www.weine-feinkost.de\/unterwegs\/wp-content\/uploads\/2024\/01\/Barra_Berlin_Deutschland-_10.jpg\"><img loading=\"lazy\" decoding=\"async\" width=\"768\" height=\"1024\" src=\"https:\/\/www.weine-feinkost.de\/unterwegs\/wp-content\/uploads\/2024\/01\/Barra_Berlin_Deutschland-_10-768x1024.jpg\" alt=\"\" class=\"wp-image-202903\" srcset=\"https:\/\/www.weine-feinkost.de\/unterwegs\/wp-content\/uploads\/2024\/01\/Barra_Berlin_Deutschland-_10-768x1024.jpg 768w, https:\/\/www.weine-feinkost.de\/unterwegs\/wp-content\/uploads\/2024\/01\/Barra_Berlin_Deutschland-_10-225x300.jpg 225w, https:\/\/www.weine-feinkost.de\/unterwegs\/wp-content\/uploads\/2024\/01\/Barra_Berlin_Deutschland-_10-1152x1536.jpg 1152w, https:\/\/www.weine-feinkost.de\/unterwegs\/wp-content\/uploads\/2024\/01\/Barra_Berlin_Deutschland-_10.jpg 1440w\" sizes=\"auto, (max-width: 768px) 100vw, 768px\" \/><\/a><figcaption class=\"wp-element-caption\"><kbd>Anolini in Brodo (Ravioli aus der Emilia-Romagna<\/kbd>) <kbd>und Sattelschwein.<\/kbd><\/figcaption><\/figure>\n<\/div>\n\n<div class=\"wp-block-image\">\n<figure class=\"aligncenter\"><a href=\"https:\/\/www.weine-feinkost.de\/unterwegs\/wp-content\/uploads\/2024\/01\/Barra_Berlin_Deutschland-_11.jpg\"><img loading=\"lazy\" decoding=\"async\" width=\"768\" height=\"1024\" src=\"https:\/\/www.weine-feinkost.de\/unterwegs\/wp-content\/uploads\/2024\/01\/Barra_Berlin_Deutschland-_11-768x1024.jpg\" alt=\"\" class=\"wp-image-202904\" srcset=\"https:\/\/www.weine-feinkost.de\/unterwegs\/wp-content\/uploads\/2024\/01\/Barra_Berlin_Deutschland-_11-768x1024.jpg 768w, https:\/\/www.weine-feinkost.de\/unterwegs\/wp-content\/uploads\/2024\/01\/Barra_Berlin_Deutschland-_11-225x300.jpg 225w, https:\/\/www.weine-feinkost.de\/unterwegs\/wp-content\/uploads\/2024\/01\/Barra_Berlin_Deutschland-_11-1152x1536.jpg 1152w, https:\/\/www.weine-feinkost.de\/unterwegs\/wp-content\/uploads\/2024\/01\/Barra_Berlin_Deutschland-_11.jpg 1440w\" sizes=\"auto, (max-width: 768px) 100vw, 768px\" \/><\/a><figcaption class=\"wp-element-caption\"><kbd>Topinambur, Haselnuss und eingelegte Zitrone.<\/kbd><\/figcaption><\/figure>\n<\/div>\n\n<div class=\"wp-block-image\">\n<figure class=\"aligncenter\"><a href=\"https:\/\/www.weine-feinkost.de\/unterwegs\/wp-content\/uploads\/2024\/01\/Barra_Berlin_Deutschland-_12.jpg\"><img loading=\"lazy\" decoding=\"async\" width=\"768\" height=\"1024\" src=\"https:\/\/www.weine-feinkost.de\/unterwegs\/wp-content\/uploads\/2024\/01\/Barra_Berlin_Deutschland-_12-768x1024.jpg\" alt=\"\" class=\"wp-image-202905\" srcset=\"https:\/\/www.weine-feinkost.de\/unterwegs\/wp-content\/uploads\/2024\/01\/Barra_Berlin_Deutschland-_12-768x1024.jpg 768w, https:\/\/www.weine-feinkost.de\/unterwegs\/wp-content\/uploads\/2024\/01\/Barra_Berlin_Deutschland-_12-225x300.jpg 225w, https:\/\/www.weine-feinkost.de\/unterwegs\/wp-content\/uploads\/2024\/01\/Barra_Berlin_Deutschland-_12-1152x1536.jpg 1152w, https:\/\/www.weine-feinkost.de\/unterwegs\/wp-content\/uploads\/2024\/01\/Barra_Berlin_Deutschland-_12.jpg 1440w\" sizes=\"auto, (max-width: 768px) 100vw, 768px\" \/><\/a><figcaption class=\"wp-element-caption\"><kbd>Sellerie, Getreide und Liebst\u00f6ckel.<\/kbd><\/figcaption><\/figure>\n<\/div>\n\n<div class=\"wp-block-image\">\n<figure class=\"aligncenter\"><a href=\"https:\/\/www.weine-feinkost.de\/unterwegs\/wp-content\/uploads\/2024\/01\/Barra_Berlin_Deutschland-_13.jpg\"><img loading=\"lazy\" decoding=\"async\" width=\"768\" height=\"1024\" src=\"https:\/\/www.weine-feinkost.de\/unterwegs\/wp-content\/uploads\/2024\/01\/Barra_Berlin_Deutschland-_13-768x1024.jpg\" alt=\"\" class=\"wp-image-202906\" srcset=\"https:\/\/www.weine-feinkost.de\/unterwegs\/wp-content\/uploads\/2024\/01\/Barra_Berlin_Deutschland-_13-768x1024.jpg 768w, https:\/\/www.weine-feinkost.de\/unterwegs\/wp-content\/uploads\/2024\/01\/Barra_Berlin_Deutschland-_13-225x300.jpg 225w, https:\/\/www.weine-feinkost.de\/unterwegs\/wp-content\/uploads\/2024\/01\/Barra_Berlin_Deutschland-_13-1152x1536.jpg 1152w, https:\/\/www.weine-feinkost.de\/unterwegs\/wp-content\/uploads\/2024\/01\/Barra_Berlin_Deutschland-_13.jpg 1440w\" sizes=\"auto, (max-width: 768px) 100vw, 768px\" \/><\/a><figcaption class=\"wp-element-caption\"><kbd>Cavatelli (muschelf\u00f6rmige Nudeln aus Hartweizengrie\u00df), Kichererbsen und Nduja (w\u00fcrzige, pikante, weiche, italienische Rohwurst).<\/kbd><\/figcaption><\/figure>\n<\/div>\n\n<div class=\"wp-block-image\">\n<figure class=\"aligncenter\"><a href=\"https:\/\/www.weine-feinkost.de\/unterwegs\/wp-content\/uploads\/2024\/01\/Barra_Berlin_Deutschland-_14.jpg\"><img loading=\"lazy\" decoding=\"async\" width=\"768\" height=\"1024\" src=\"https:\/\/www.weine-feinkost.de\/unterwegs\/wp-content\/uploads\/2024\/01\/Barra_Berlin_Deutschland-_14-768x1024.jpg\" alt=\"\" class=\"wp-image-202907\" srcset=\"https:\/\/www.weine-feinkost.de\/unterwegs\/wp-content\/uploads\/2024\/01\/Barra_Berlin_Deutschland-_14-768x1024.jpg 768w, https:\/\/www.weine-feinkost.de\/unterwegs\/wp-content\/uploads\/2024\/01\/Barra_Berlin_Deutschland-_14-225x300.jpg 225w, https:\/\/www.weine-feinkost.de\/unterwegs\/wp-content\/uploads\/2024\/01\/Barra_Berlin_Deutschland-_14-1152x1536.jpg 1152w, https:\/\/www.weine-feinkost.de\/unterwegs\/wp-content\/uploads\/2024\/01\/Barra_Berlin_Deutschland-_14.jpg 1440w\" sizes=\"auto, (max-width: 768px) 100vw, 768px\" \/><\/a><figcaption class=\"wp-element-caption\"><kbd>Malzkuchen, Milcheis und Rosmarin.<\/kbd><\/figcaption><\/figure>\n<\/div>\n\n<div class=\"wp-block-image\">\n<figure class=\"aligncenter\"><a href=\"https:\/\/www.weine-feinkost.de\/unterwegs\/wp-content\/uploads\/2024\/01\/Barra_Berlin_Deutschland-_15.jpg\"><img loading=\"lazy\" decoding=\"async\" width=\"768\" height=\"1024\" src=\"https:\/\/www.weine-feinkost.de\/unterwegs\/wp-content\/uploads\/2024\/01\/Barra_Berlin_Deutschland-_15-768x1024.jpg\" alt=\"\" class=\"wp-image-202908\" srcset=\"https:\/\/www.weine-feinkost.de\/unterwegs\/wp-content\/uploads\/2024\/01\/Barra_Berlin_Deutschland-_15-768x1024.jpg 768w, https:\/\/www.weine-feinkost.de\/unterwegs\/wp-content\/uploads\/2024\/01\/Barra_Berlin_Deutschland-_15-225x300.jpg 225w, https:\/\/www.weine-feinkost.de\/unterwegs\/wp-content\/uploads\/2024\/01\/Barra_Berlin_Deutschland-_15-1152x1536.jpg 1152w, https:\/\/www.weine-feinkost.de\/unterwegs\/wp-content\/uploads\/2024\/01\/Barra_Berlin_Deutschland-_15.jpg 1440w\" sizes=\"auto, (max-width: 768px) 100vw, 768px\" \/><\/a><figcaption class=\"wp-element-caption\"><kbd>Blutorange, Kaki und Vanille.<\/kbd><\/figcaption><\/figure>\n<\/div>\n\n\n<p><strong>Barra<\/strong>, Okerstra\u00dfe 2, 12049 Berlin, Deutschland, Telefon: +4930 81860757, <a href=\"https:\/\/www.barraberlin.com\/\">https:\/\/www.barraberlin.com\/<\/a><\/p>\n\n\n\n<p><\/p>\n","protected":false},"excerpt":{"rendered":"<p>Saisonale und lokale Kost mit Naturweinen im Barra Die R\u00e4umlichkeiten, in denen das Restaurant Barra untergebracht ist, wirken, als ob hier vor gar nicht allzu langer Zeit eine Imbissbude untergebracht war. Seit 2018 bespielen die hippe Ess- und Trinkkneipe die beiden K\u00f6che Daniel Remers und Neil Paterson sowie Kerry Westhead im Service. Die kleine K\u00fcche &#8230; <a title=\"Barra &#8211; Berlin &#8211; Deutschland\" class=\"read-more\" href=\"https:\/\/www.weine-feinkost.de\/unterwegs\/2024\/02\/barra-berlin-deutschland\/\" aria-label=\"Mehr dazu unter Barra &#8211; Berlin &#8211; Deutschland\">Weiterlesen<\/a><\/p>\n","protected":false},"author":7,"featured_media":202894,"comment_status":"open","ping_status":"open","sticky":false,"template":"","format":"standard","meta":{"_jetpack_newsletter_access":"","_jetpack_dont_email_post_to_subs":false,"_jetpack_newsletter_tier_id":0,"_jetpack_memberships_contains_paywalled_content":false,"_jetpack_feature_clip_id":0,"_jetpack_memberships_contains_paid_content":false,"footnotes":"","jetpack_publicize_message":"","jetpack_publicize_feature_enabled":true,"jetpack_social_post_already_shared":true,"jetpack_social_options":{"image_generator_settings":{"template":"highway","default_image_id":0,"font":"","enabled":false},"version":2},"jetpack_post_was_ever_published":false},"categories":[31,13],"tags":[7781,7778,7787,7772,7789,7792,7773,7780,7777,7779,7770,7774,7784,3722,7783,7791,7786,7782,3729,7788,7790,7771,7785,7775,7776,7769],"post_folder":[],"class_list":["post-202892","post","type-post","status-publish","format-standard","has-post-thumbnail","hentry","category-deutschland-restaurants","category-restaurants","tag-buntes-publikum","tag-direkter-blick","tag-einfache-anrichtung","tag-eroeffnung-2018","tag-faire-preise","tag-grossartig","tag-hippe-kneipe","tag-hochtisch","tag-holzstuehle","tag-holztische","tag-imbissbude","tag-koeche-daniel-remers-und-neil-paterson","tag-kulinarische-heimat","tag-kulturelle-vielfalt","tag-lgbtq-freundlich","tag-liebenswert","tag-lokales-netzwerk","tag-nordischer-new-style","tag-offene-kueche","tag-phaenomenaler-geschmack","tag-puristisches-konzept","tag-restaurant-barra","tag-saisonale-zutaten","tag-service-von-kerry-westhead","tag-theke-la-barra","tag-umgestaltung"],"yoast_head":"<!-- This site is optimized with the Yoast SEO plugin v28.3 - https:\/\/yoast.com\/product\/yoast-seo-wordpress\/ -->\n<title>Barra - Berlin - Deutschland - Unterwegs mit Weine &amp; Feinkost<\/title>\n<meta name=\"robots\" content=\"index, follow, max-snippet:-1, max-image-preview:large, max-video-preview:-1\" \/>\n<link rel=\"canonical\" href=\"https:\/\/www.weine-feinkost.de\/unterwegs\/2024\/02\/barra-berlin-deutschland\/\" \/>\n<meta property=\"og:locale\" content=\"de_DE\" \/>\n<meta property=\"og:type\" content=\"article\" \/>\n<meta property=\"og:title\" content=\"Barra - Berlin - Deutschland - Unterwegs mit Weine &amp; Feinkost\" \/>\n<meta property=\"og:description\" content=\"Saisonale und lokale Kost mit Naturweinen im Barra Die R\u00e4umlichkeiten, in denen das Restaurant Barra untergebracht ist, wirken, als ob hier vor gar nicht allzu langer Zeit eine Imbissbude untergebracht war. Seit 2018 bespielen die hippe Ess- und Trinkkneipe die beiden K\u00f6che Daniel Remers und Neil Paterson sowie Kerry Westhead im Service. Die kleine K\u00fcche ... Weiterlesen\" \/>\n<meta property=\"og:url\" content=\"https:\/\/www.weine-feinkost.de\/unterwegs\/2024\/02\/barra-berlin-deutschland\/\" \/>\n<meta property=\"og:site_name\" content=\"Unterwegs mit Weine &amp; Feinkost\" \/>\n<meta property=\"article:published_time\" content=\"2024-02-22T16:00:00+00:00\" \/>\n<meta property=\"og:image\" content=\"https:\/\/www.weine-feinkost.de\/unterwegs\/wp-content\/uploads\/2024\/01\/Barra_Berlin_Deutschland-_1.jpg\" \/>\n\t<meta property=\"og:image:width\" content=\"1920\" \/>\n\t<meta property=\"og:image:height\" content=\"1440\" \/>\n\t<meta property=\"og:image:type\" content=\"image\/jpeg\" \/>\n<meta name=\"author\" content=\"Christian Fenske\" \/>\n<meta name=\"twitter:card\" content=\"summary_large_image\" \/>\n<meta name=\"twitter:label1\" content=\"Verfasst von\" \/>\n\t<meta name=\"twitter:data1\" content=\"Christian Fenske\" \/>\n\t<meta name=\"twitter:label2\" content=\"Gesch\u00e4tzte Lesezeit\" \/>\n\t<meta name=\"twitter:data2\" content=\"5\u00a0Minuten\" \/>\n<script type=\"application\/ld+json\" class=\"yoast-schema-graph\">{\"@context\":\"https:\\\/\\\/schema.org\",\"@graph\":[{\"@type\":\"Article\",\"@id\":\"https:\\\/\\\/www.weine-feinkost.de\\\/unterwegs\\\/2024\\\/02\\\/barra-berlin-deutschland\\\/#article\",\"isPartOf\":{\"@id\":\"https:\\\/\\\/www.weine-feinkost.de\\\/unterwegs\\\/2024\\\/02\\\/barra-berlin-deutschland\\\/\"},\"author\":{\"name\":\"Christian Fenske\",\"@id\":\"https:\\\/\\\/www.weine-feinkost.de\\\/unterwegs\\\/#\\\/schema\\\/person\\\/c07d66169fd0e04307bfe7cdc99ac26a\"},\"headline\":\"Barra &#8211; Berlin &#8211; Deutschland\",\"datePublished\":\"2024-02-22T16:00:00+00:00\",\"mainEntityOfPage\":{\"@id\":\"https:\\\/\\\/www.weine-feinkost.de\\\/unterwegs\\\/2024\\\/02\\\/barra-berlin-deutschland\\\/\"},\"wordCount\":275,\"commentCount\":0,\"publisher\":{\"@id\":\"https:\\\/\\\/www.weine-feinkost.de\\\/unterwegs\\\/#organization\"},\"image\":{\"@id\":\"https:\\\/\\\/www.weine-feinkost.de\\\/unterwegs\\\/2024\\\/02\\\/barra-berlin-deutschland\\\/#primaryimage\"},\"thumbnailUrl\":\"https:\\\/\\\/www.weine-feinkost.de\\\/unterwegs\\\/wp-content\\\/uploads\\\/2024\\\/01\\\/Barra_Berlin_Deutschland-_1.jpg\",\"keywords\":[\"buntes Publikum\",\"direkter Blick\",\"einfache Anrichtung\",\"Er\u00f6ffnung 2018\",\"faire Preise\",\"gro\u00dfartig\",\"hippe Kneipe\",\"Hochtisch\",\"Holzst\u00fchle\",\"Holztische\",\"Imbissbude\",\"K\u00f6che Daniel Remers und Neil Paterson\",\"kulinarische Heimat\",\"Kulturelle Vielfalt\",\"LGBTQ-freundlich\",\"liebenswert\",\"lokales Netzwerk\",\"nordischer New-Style\",\"Offene K\u00fcche\",\"ph\u00e4nomenaler Geschmack\",\"puristisches Konzept\",\"Restaurant Barra\",\"saisonale Zutaten\",\"Service von Kerry Westhead\",\"Theke La Barra\",\"Umgestaltung\"],\"articleSection\":[\"Deutschland\",\"Restaurants\"],\"inLanguage\":\"de\",\"potentialAction\":[{\"@type\":\"CommentAction\",\"name\":\"Comment\",\"target\":[\"https:\\\/\\\/www.weine-feinkost.de\\\/unterwegs\\\/2024\\\/02\\\/barra-berlin-deutschland\\\/#respond\"]}]},{\"@type\":\"WebPage\",\"@id\":\"https:\\\/\\\/www.weine-feinkost.de\\\/unterwegs\\\/2024\\\/02\\\/barra-berlin-deutschland\\\/\",\"url\":\"https:\\\/\\\/www.weine-feinkost.de\\\/unterwegs\\\/2024\\\/02\\\/barra-berlin-deutschland\\\/\",\"name\":\"Barra - Berlin - Deutschland - Unterwegs mit Weine &amp; Feinkost\",\"isPartOf\":{\"@id\":\"https:\\\/\\\/www.weine-feinkost.de\\\/unterwegs\\\/#website\"},\"primaryImageOfPage\":{\"@id\":\"https:\\\/\\\/www.weine-feinkost.de\\\/unterwegs\\\/2024\\\/02\\\/barra-berlin-deutschland\\\/#primaryimage\"},\"image\":{\"@id\":\"https:\\\/\\\/www.weine-feinkost.de\\\/unterwegs\\\/2024\\\/02\\\/barra-berlin-deutschland\\\/#primaryimage\"},\"thumbnailUrl\":\"https:\\\/\\\/www.weine-feinkost.de\\\/unterwegs\\\/wp-content\\\/uploads\\\/2024\\\/01\\\/Barra_Berlin_Deutschland-_1.jpg\",\"datePublished\":\"2024-02-22T16:00:00+00:00\",\"breadcrumb\":{\"@id\":\"https:\\\/\\\/www.weine-feinkost.de\\\/unterwegs\\\/2024\\\/02\\\/barra-berlin-deutschland\\\/#breadcrumb\"},\"inLanguage\":\"de\",\"potentialAction\":[{\"@type\":\"ReadAction\",\"target\":[\"https:\\\/\\\/www.weine-feinkost.de\\\/unterwegs\\\/2024\\\/02\\\/barra-berlin-deutschland\\\/\"]}]},{\"@type\":\"ImageObject\",\"inLanguage\":\"de\",\"@id\":\"https:\\\/\\\/www.weine-feinkost.de\\\/unterwegs\\\/2024\\\/02\\\/barra-berlin-deutschland\\\/#primaryimage\",\"url\":\"https:\\\/\\\/www.weine-feinkost.de\\\/unterwegs\\\/wp-content\\\/uploads\\\/2024\\\/01\\\/Barra_Berlin_Deutschland-_1.jpg\",\"contentUrl\":\"https:\\\/\\\/www.weine-feinkost.de\\\/unterwegs\\\/wp-content\\\/uploads\\\/2024\\\/01\\\/Barra_Berlin_Deutschland-_1.jpg\",\"width\":1920,\"height\":1440},{\"@type\":\"BreadcrumbList\",\"@id\":\"https:\\\/\\\/www.weine-feinkost.de\\\/unterwegs\\\/2024\\\/02\\\/barra-berlin-deutschland\\\/#breadcrumb\",\"itemListElement\":[{\"@type\":\"ListItem\",\"position\":1,\"name\":\"Startseite\",\"item\":\"https:\\\/\\\/www.weine-feinkost.de\\\/unterwegs\\\/\"},{\"@type\":\"ListItem\",\"position\":2,\"name\":\"Barra &#8211; Berlin &#8211; Deutschland\"}]},{\"@type\":\"WebSite\",\"@id\":\"https:\\\/\\\/www.weine-feinkost.de\\\/unterwegs\\\/#website\",\"url\":\"https:\\\/\\\/www.weine-feinkost.de\\\/unterwegs\\\/\",\"name\":\"Unterwegs mit Weine &amp; Feinkost\",\"description\":\"Entdecken Sie Genuss\",\"publisher\":{\"@id\":\"https:\\\/\\\/www.weine-feinkost.de\\\/unterwegs\\\/#organization\"},\"potentialAction\":[{\"@type\":\"SearchAction\",\"target\":{\"@type\":\"EntryPoint\",\"urlTemplate\":\"https:\\\/\\\/www.weine-feinkost.de\\\/unterwegs\\\/?s={search_term_string}\"},\"query-input\":{\"@type\":\"PropertyValueSpecification\",\"valueRequired\":true,\"valueName\":\"search_term_string\"}}],\"inLanguage\":\"de\"},{\"@type\":\"Organization\",\"@id\":\"https:\\\/\\\/www.weine-feinkost.de\\\/unterwegs\\\/#organization\",\"name\":\"Unterwegs mit Weine &amp; Feinkost\",\"url\":\"https:\\\/\\\/www.weine-feinkost.de\\\/unterwegs\\\/\",\"logo\":{\"@type\":\"ImageObject\",\"inLanguage\":\"de\",\"@id\":\"https:\\\/\\\/www.weine-feinkost.de\\\/unterwegs\\\/#\\\/schema\\\/logo\\\/image\\\/\",\"url\":\"https:\\\/\\\/www.weine-feinkost.de\\\/unterwegs\\\/wp-content\\\/uploads\\\/2022\\\/10\\\/logo_weinefeinkost_unterwegs_450x171.png\",\"contentUrl\":\"https:\\\/\\\/www.weine-feinkost.de\\\/unterwegs\\\/wp-content\\\/uploads\\\/2022\\\/10\\\/logo_weinefeinkost_unterwegs_450x171.png\",\"width\":450,\"height\":171,\"caption\":\"Unterwegs mit Weine &amp; Feinkost\"},\"image\":{\"@id\":\"https:\\\/\\\/www.weine-feinkost.de\\\/unterwegs\\\/#\\\/schema\\\/logo\\\/image\\\/\"}},{\"@type\":\"Person\",\"@id\":\"https:\\\/\\\/www.weine-feinkost.de\\\/unterwegs\\\/#\\\/schema\\\/person\\\/c07d66169fd0e04307bfe7cdc99ac26a\",\"name\":\"Christian Fenske\",\"image\":{\"@type\":\"ImageObject\",\"inLanguage\":\"de\",\"@id\":\"https:\\\/\\\/www.weine-feinkost.de\\\/unterwegs\\\/wp-content\\\/uploads\\\/2023\\\/01\\\/cropped-christian_profilbild-96x96.png\",\"url\":\"https:\\\/\\\/www.weine-feinkost.de\\\/unterwegs\\\/wp-content\\\/uploads\\\/2023\\\/01\\\/cropped-christian_profilbild-96x96.png\",\"contentUrl\":\"https:\\\/\\\/www.weine-feinkost.de\\\/unterwegs\\\/wp-content\\\/uploads\\\/2023\\\/01\\\/cropped-christian_profilbild-96x96.png\",\"caption\":\"Christian Fenske\"},\"description\":\"Zusammen an einem Tisch sitzen, gemeinsam zu kommunizieren und zu genie\u00dfen, das ist eine der herausragenden kulturellen Errungenschaft der Menschheit.\",\"url\":\"https:\\\/\\\/www.weine-feinkost.de\\\/unterwegs\\\/author\\\/christian-fenske\\\/\"}]}<\/script>\n<!-- \/ Yoast SEO plugin. -->","yoast_head_json":{"title":"Barra - Berlin - Deutschland - Unterwegs mit Weine &amp; Feinkost","robots":{"index":"index","follow":"follow","max-snippet":"max-snippet:-1","max-image-preview":"max-image-preview:large","max-video-preview":"max-video-preview:-1"},"canonical":"https:\/\/www.weine-feinkost.de\/unterwegs\/2024\/02\/barra-berlin-deutschland\/","og_locale":"de_DE","og_type":"article","og_title":"Barra - Berlin - Deutschland - Unterwegs mit Weine &amp; Feinkost","og_description":"Saisonale und lokale Kost mit Naturweinen im Barra Die R\u00e4umlichkeiten, in denen das Restaurant Barra untergebracht ist, wirken, als ob hier vor gar nicht allzu langer Zeit eine Imbissbude untergebracht war. Seit 2018 bespielen die hippe Ess- und Trinkkneipe die beiden K\u00f6che Daniel Remers und Neil Paterson sowie Kerry Westhead im Service. Die kleine K\u00fcche ... Weiterlesen","og_url":"https:\/\/www.weine-feinkost.de\/unterwegs\/2024\/02\/barra-berlin-deutschland\/","og_site_name":"Unterwegs mit Weine &amp; Feinkost","article_published_time":"2024-02-22T16:00:00+00:00","og_image":[{"width":1920,"height":1440,"url":"https:\/\/www.weine-feinkost.de\/unterwegs\/wp-content\/uploads\/2024\/01\/Barra_Berlin_Deutschland-_1.jpg","type":"image\/jpeg"}],"author":"Christian Fenske","twitter_card":"summary_large_image","twitter_misc":{"Verfasst von":"Christian Fenske","Gesch\u00e4tzte Lesezeit":"5\u00a0Minuten"},"schema":{"@context":"https:\/\/schema.org","@graph":[{"@type":"Article","@id":"https:\/\/www.weine-feinkost.de\/unterwegs\/2024\/02\/barra-berlin-deutschland\/#article","isPartOf":{"@id":"https:\/\/www.weine-feinkost.de\/unterwegs\/2024\/02\/barra-berlin-deutschland\/"},"author":{"name":"Christian Fenske","@id":"https:\/\/www.weine-feinkost.de\/unterwegs\/#\/schema\/person\/c07d66169fd0e04307bfe7cdc99ac26a"},"headline":"Barra &#8211; Berlin &#8211; Deutschland","datePublished":"2024-02-22T16:00:00+00:00","mainEntityOfPage":{"@id":"https:\/\/www.weine-feinkost.de\/unterwegs\/2024\/02\/barra-berlin-deutschland\/"},"wordCount":275,"commentCount":0,"publisher":{"@id":"https:\/\/www.weine-feinkost.de\/unterwegs\/#organization"},"image":{"@id":"https:\/\/www.weine-feinkost.de\/unterwegs\/2024\/02\/barra-berlin-deutschland\/#primaryimage"},"thumbnailUrl":"https:\/\/www.weine-feinkost.de\/unterwegs\/wp-content\/uploads\/2024\/01\/Barra_Berlin_Deutschland-_1.jpg","keywords":["buntes Publikum","direkter Blick","einfache Anrichtung","Er\u00f6ffnung 2018","faire Preise","gro\u00dfartig","hippe Kneipe","Hochtisch","Holzst\u00fchle","Holztische","Imbissbude","K\u00f6che Daniel Remers und Neil Paterson","kulinarische Heimat","Kulturelle Vielfalt","LGBTQ-freundlich","liebenswert","lokales Netzwerk","nordischer New-Style","Offene K\u00fcche","ph\u00e4nomenaler Geschmack","puristisches Konzept","Restaurant Barra","saisonale Zutaten","Service von Kerry Westhead","Theke La Barra","Umgestaltung"],"articleSection":["Deutschland","Restaurants"],"inLanguage":"de","potentialAction":[{"@type":"CommentAction","name":"Comment","target":["https:\/\/www.weine-feinkost.de\/unterwegs\/2024\/02\/barra-berlin-deutschland\/#respond"]}]},{"@type":"WebPage","@id":"https:\/\/www.weine-feinkost.de\/unterwegs\/2024\/02\/barra-berlin-deutschland\/","url":"https:\/\/www.weine-feinkost.de\/unterwegs\/2024\/02\/barra-berlin-deutschland\/","name":"Barra - Berlin - Deutschland - Unterwegs mit Weine &amp; Feinkost","isPartOf":{"@id":"https:\/\/www.weine-feinkost.de\/unterwegs\/#website"},"primaryImageOfPage":{"@id":"https:\/\/www.weine-feinkost.de\/unterwegs\/2024\/02\/barra-berlin-deutschland\/#primaryimage"},"image":{"@id":"https:\/\/www.weine-feinkost.de\/unterwegs\/2024\/02\/barra-berlin-deutschland\/#primaryimage"},"thumbnailUrl":"https:\/\/www.weine-feinkost.de\/unterwegs\/wp-content\/uploads\/2024\/01\/Barra_Berlin_Deutschland-_1.jpg","datePublished":"2024-02-22T16:00:00+00:00","breadcrumb":{"@id":"https:\/\/www.weine-feinkost.de\/unterwegs\/2024\/02\/barra-berlin-deutschland\/#breadcrumb"},"inLanguage":"de","potentialAction":[{"@type":"ReadAction","target":["https:\/\/www.weine-feinkost.de\/unterwegs\/2024\/02\/barra-berlin-deutschland\/"]}]},{"@type":"ImageObject","inLanguage":"de","@id":"https:\/\/www.weine-feinkost.de\/unterwegs\/2024\/02\/barra-berlin-deutschland\/#primaryimage","url":"https:\/\/www.weine-feinkost.de\/unterwegs\/wp-content\/uploads\/2024\/01\/Barra_Berlin_Deutschland-_1.jpg","contentUrl":"https:\/\/www.weine-feinkost.de\/unterwegs\/wp-content\/uploads\/2024\/01\/Barra_Berlin_Deutschland-_1.jpg","width":1920,"height":1440},{"@type":"BreadcrumbList","@id":"https:\/\/www.weine-feinkost.de\/unterwegs\/2024\/02\/barra-berlin-deutschland\/#breadcrumb","itemListElement":[{"@type":"ListItem","position":1,"name":"Startseite","item":"https:\/\/www.weine-feinkost.de\/unterwegs\/"},{"@type":"ListItem","position":2,"name":"Barra &#8211; Berlin &#8211; Deutschland"}]},{"@type":"WebSite","@id":"https:\/\/www.weine-feinkost.de\/unterwegs\/#website","url":"https:\/\/www.weine-feinkost.de\/unterwegs\/","name":"Unterwegs mit Weine &amp; Feinkost","description":"Entdecken Sie Genuss","publisher":{"@id":"https:\/\/www.weine-feinkost.de\/unterwegs\/#organization"},"potentialAction":[{"@type":"SearchAction","target":{"@type":"EntryPoint","urlTemplate":"https:\/\/www.weine-feinkost.de\/unterwegs\/?s={search_term_string}"},"query-input":{"@type":"PropertyValueSpecification","valueRequired":true,"valueName":"search_term_string"}}],"inLanguage":"de"},{"@type":"Organization","@id":"https:\/\/www.weine-feinkost.de\/unterwegs\/#organization","name":"Unterwegs mit Weine &amp; Feinkost","url":"https:\/\/www.weine-feinkost.de\/unterwegs\/","logo":{"@type":"ImageObject","inLanguage":"de","@id":"https:\/\/www.weine-feinkost.de\/unterwegs\/#\/schema\/logo\/image\/","url":"https:\/\/www.weine-feinkost.de\/unterwegs\/wp-content\/uploads\/2022\/10\/logo_weinefeinkost_unterwegs_450x171.png","contentUrl":"https:\/\/www.weine-feinkost.de\/unterwegs\/wp-content\/uploads\/2022\/10\/logo_weinefeinkost_unterwegs_450x171.png","width":450,"height":171,"caption":"Unterwegs mit Weine &amp; Feinkost"},"image":{"@id":"https:\/\/www.weine-feinkost.de\/unterwegs\/#\/schema\/logo\/image\/"}},{"@type":"Person","@id":"https:\/\/www.weine-feinkost.de\/unterwegs\/#\/schema\/person\/c07d66169fd0e04307bfe7cdc99ac26a","name":"Christian Fenske","image":{"@type":"ImageObject","inLanguage":"de","@id":"https:\/\/www.weine-feinkost.de\/unterwegs\/wp-content\/uploads\/2023\/01\/cropped-christian_profilbild-96x96.png","url":"https:\/\/www.weine-feinkost.de\/unterwegs\/wp-content\/uploads\/2023\/01\/cropped-christian_profilbild-96x96.png","contentUrl":"https:\/\/www.weine-feinkost.de\/unterwegs\/wp-content\/uploads\/2023\/01\/cropped-christian_profilbild-96x96.png","caption":"Christian Fenske"},"description":"Zusammen an einem Tisch sitzen, gemeinsam zu kommunizieren und zu genie\u00dfen, das ist eine der herausragenden kulturellen Errungenschaft der Menschheit.","url":"https:\/\/www.weine-feinkost.de\/unterwegs\/author\/christian-fenske\/"}]}},"jetpack_publicize_connections":[],"jetpack_shortlink":"https:\/\/wp.me\/p68Tjo-QMs","jetpack_sharing_enabled":true,"jetpack_likes_enabled":true,"jetpack_featured_media_url":"https:\/\/www.weine-feinkost.de\/unterwegs\/wp-content\/uploads\/2024\/01\/Barra_Berlin_Deutschland-_1.jpg","_links":{"self":[{"href":"https:\/\/www.weine-feinkost.de\/unterwegs\/wp-json\/wp\/v2\/posts\/202892","targetHints":{"allow":["GET"]}}],"collection":[{"href":"https:\/\/www.weine-feinkost.de\/unterwegs\/wp-json\/wp\/v2\/posts"}],"about":[{"href":"https:\/\/www.weine-feinkost.de\/unterwegs\/wp-json\/wp\/v2\/types\/post"}],"author":[{"embeddable":true,"href":"https:\/\/www.weine-feinkost.de\/unterwegs\/wp-json\/wp\/v2\/users\/7"}],"replies":[{"embeddable":true,"href":"https:\/\/www.weine-feinkost.de\/unterwegs\/wp-json\/wp\/v2\/comments?post=202892"}],"version-history":[{"count":8,"href":"https:\/\/www.weine-feinkost.de\/unterwegs\/wp-json\/wp\/v2\/posts\/202892\/revisions"}],"predecessor-version":[{"id":203250,"href":"https:\/\/www.weine-feinkost.de\/unterwegs\/wp-json\/wp\/v2\/posts\/202892\/revisions\/203250"}],"wp:featuredmedia":[{"embeddable":true,"href":"https:\/\/www.weine-feinkost.de\/unterwegs\/wp-json\/wp\/v2\/media\/202894"}],"wp:attachment":[{"href":"https:\/\/www.weine-feinkost.de\/unterwegs\/wp-json\/wp\/v2\/media?parent=202892"}],"wp:term":[{"taxonomy":"category","embeddable":true,"href":"https:\/\/www.weine-feinkost.de\/unterwegs\/wp-json\/wp\/v2\/categories?post=202892"},{"taxonomy":"post_tag","embeddable":true,"href":"https:\/\/www.weine-feinkost.de\/unterwegs\/wp-json\/wp\/v2\/tags?post=202892"},{"taxonomy":"post_folder","embeddable":true,"href":"https:\/\/www.weine-feinkost.de\/unterwegs\/wp-json\/wp\/v2\/post_folder?post=202892"}],"curies":[{"name":"wp","href":"https:\/\/api.w.org\/{rel}","templated":true}]}}