{"id":203722,"date":"2024-05-09T17:00:00","date_gmt":"2024-05-09T15:00:00","guid":{"rendered":"https:\/\/www.weine-feinkost.de\/unterwegs\/?p=203722"},"modified":"2024-04-22T14:42:23","modified_gmt":"2024-04-22T12:42:23","slug":"nakeima-bar-madrid-spanien","status":"publish","type":"post","link":"https:\/\/www.weine-feinkost.de\/unterwegs\/2024\/05\/nakeima-bar-madrid-spanien\/","title":{"rendered":"Nakeima Bar &#8211; Madrid &#8211; Spanien"},"content":{"rendered":"\n<h2 class=\"wp-block-heading\">Die Nakeima Bar, bekannt f\u00fcr ihre Madrider Underground-K\u00fcche<\/h2>\n\n\n\n<p class=\"has-drop-cap\">Die <strong>Nakeima Bar <\/strong>wurde bereits im Jahr 2013 gegr\u00fcndet, und seit \u00fcber einem Jahrzehnt sind sich die hier t\u00e4tigen Macher und Kochk\u00fcnstler treu geblieben. Die G\u00e4ste m\u00fcssen sich eine halbe Stunde vor der Er\u00f6ffnung des Restaurants in eine Warteschlange stellen. Dann kommt einer der K\u00f6che aus der <strong>Nakeima Bar<\/strong> heraus, notiert die ersten zwanzig Vornamen f\u00fcr die Reservierung, verabschiedet sich freundlich mit einem &#8222;Bis gleich&#8220; und verschwindet dann wieder hinter der T\u00fcr in die dunkle Bar.<\/p>\n\n\n\n<div class=\"wp-block-jetpack-tiled-gallery aligncenter is-style-rectangular\"><div class=\"tiled-gallery__gallery\"><div class=\"tiled-gallery__row\"><div class=\"tiled-gallery__col\" style=\"flex-basis:50.00000%\"><figure class=\"tiled-gallery__item\"><a href=\"https:\/\/www.weine-feinkost.de\/unterwegs\/wp-content\/uploads\/2024\/03\/Nakeima_Bar_Madrid_Spanien_2-768x1024.jpg\"><img decoding=\"async\" srcset=\"https:\/\/i2.wp.com\/www.weine-feinkost.de\/unterwegs\/wp-content\/uploads\/2024\/03\/Nakeima_Bar_Madrid_Spanien_2-768x1024.jpg?strip=info&#038;w=600&#038;ssl=1 600w,https:\/\/i2.wp.com\/www.weine-feinkost.de\/unterwegs\/wp-content\/uploads\/2024\/03\/Nakeima_Bar_Madrid_Spanien_2-768x1024.jpg?strip=info&#038;w=768&#038;ssl=1 768w\" alt=\"\" data-height=\"1920\" data-id=\"203725\" data-link=\"https:\/\/www.weine-feinkost.de\/unterwegs\/?attachment_id=203725#main\" data-url=\"https:\/\/www.weine-feinkost.de\/unterwegs\/wp-content\/uploads\/2024\/03\/Nakeima_Bar_Madrid_Spanien_2-768x1024.jpg\" data-width=\"1440\" src=\"https:\/\/i2.wp.com\/www.weine-feinkost.de\/unterwegs\/wp-content\/uploads\/2024\/03\/Nakeima_Bar_Madrid_Spanien_2-768x1024.jpg?ssl=1\" data-amp-layout=\"responsive\"\/><\/a><\/figure><\/div><div class=\"tiled-gallery__col\" style=\"flex-basis:50.00000%\"><figure class=\"tiled-gallery__item\"><a href=\"https:\/\/www.weine-feinkost.de\/unterwegs\/wp-content\/uploads\/2024\/03\/Nakeima_Bar_Madrid_Spanien_1-768x1024.jpg\"><img decoding=\"async\" srcset=\"https:\/\/i0.wp.com\/www.weine-feinkost.de\/unterwegs\/wp-content\/uploads\/2024\/03\/Nakeima_Bar_Madrid_Spanien_1-768x1024.jpg?strip=info&#038;w=600&#038;ssl=1 600w,https:\/\/i0.wp.com\/www.weine-feinkost.de\/unterwegs\/wp-content\/uploads\/2024\/03\/Nakeima_Bar_Madrid_Spanien_1-768x1024.jpg?strip=info&#038;w=768&#038;ssl=1 768w\" alt=\"\" data-height=\"1920\" data-id=\"203724\" data-link=\"https:\/\/www.weine-feinkost.de\/unterwegs\/?attachment_id=203724#main\" data-url=\"https:\/\/www.weine-feinkost.de\/unterwegs\/wp-content\/uploads\/2024\/03\/Nakeima_Bar_Madrid_Spanien_1-768x1024.jpg\" data-width=\"1440\" src=\"https:\/\/i0.wp.com\/www.weine-feinkost.de\/unterwegs\/wp-content\/uploads\/2024\/03\/Nakeima_Bar_Madrid_Spanien_1-768x1024.jpg?ssl=1\" data-amp-layout=\"responsive\"\/><\/a><\/figure><\/div><\/div><\/div><\/div>\n\n\n\n<p>Dieses rituelle Prozedere wiederholt sich jeden Dienstag bis Samstag um 13:30 Uhr und noch einmal um 20:30 Uhr in einer kleinen Seitenstra\u00dfe im Madrider Stadtteil Chamber\u00ed. Jeweils um 14:00 und 21:00 Uhr m\u00fcssen die G\u00e4ste dann wieder vor Ort sein. Ein kleiner Aperitif in einer benachbarten Bar macht absolut Sinn, um anschlie\u00dfend in die heiligen Hallen der <strong>Nakeima Bar<\/strong> gef\u00fchrt zu werden. Dort, an der Bar sitzend, taucht man direkt in die wunderbare Welt der anarchischen Punk-K\u00fcche dieser Guerillak\u00f6che ein. Es gibt nur ein Men\u00fc, das erst beendet ist, wenn man satt ist und dies dem Kochteam mitteilt. Selbstverst\u00e4ndlich werden auch Unvertr\u00e4glichkeiten und Lebensmittel, die einem nicht zusagen, abgefragt, bevor es direkt losgeht. Schlag auf Schlag gibt es hier extravagante Salate, verr\u00fcckte Sushi-Rolls, tolle Dimsums und Dumplings, Adaptionen von Kultgerichten anderer K\u00f6che und richtig gute Weine. Das alles findet in einem unwirklichen Ambiente statt. Hier wird allerbeste Untergrundk\u00fcche zelebriert, die von den G\u00e4sten zurecht gefeiert wird. Die Preise sind sehr fair, die Qualit\u00e4t und die Kreativit\u00e4t der hier t\u00e4tigen K\u00f6che einfach nur grandios.<\/p>\n\n\n\n<div class=\"wp-block-jetpack-tiled-gallery aligncenter is-style-rectangular\"><div class=\"tiled-gallery__gallery\"><div class=\"tiled-gallery__row\"><div class=\"tiled-gallery__col\" style=\"flex-basis:50.00000%\"><figure class=\"tiled-gallery__item\"><a href=\"https:\/\/www.weine-feinkost.de\/unterwegs\/wp-content\/uploads\/2024\/03\/Nakeima_Bar_Madrid_Spanien_3-768x1024.jpg\"><img decoding=\"async\" srcset=\"https:\/\/i1.wp.com\/www.weine-feinkost.de\/unterwegs\/wp-content\/uploads\/2024\/03\/Nakeima_Bar_Madrid_Spanien_3-768x1024.jpg?strip=info&#038;w=600&#038;ssl=1 600w,https:\/\/i1.wp.com\/www.weine-feinkost.de\/unterwegs\/wp-content\/uploads\/2024\/03\/Nakeima_Bar_Madrid_Spanien_3-768x1024.jpg?strip=info&#038;w=768&#038;ssl=1 768w\" alt=\"\" data-height=\"1920\" data-id=\"203726\" data-link=\"https:\/\/www.weine-feinkost.de\/unterwegs\/?attachment_id=203726#main\" data-url=\"https:\/\/www.weine-feinkost.de\/unterwegs\/wp-content\/uploads\/2024\/03\/Nakeima_Bar_Madrid_Spanien_3-768x1024.jpg\" data-width=\"1440\" src=\"https:\/\/i1.wp.com\/www.weine-feinkost.de\/unterwegs\/wp-content\/uploads\/2024\/03\/Nakeima_Bar_Madrid_Spanien_3-768x1024.jpg?ssl=1\" data-amp-layout=\"responsive\"\/><\/a><\/figure><\/div><div class=\"tiled-gallery__col\" style=\"flex-basis:50.00000%\"><figure class=\"tiled-gallery__item\"><a href=\"https:\/\/www.weine-feinkost.de\/unterwegs\/wp-content\/uploads\/2024\/03\/Nakeima_Bar_Madrid_Spanien_4-768x1024.jpg\"><img decoding=\"async\" srcset=\"https:\/\/i1.wp.com\/www.weine-feinkost.de\/unterwegs\/wp-content\/uploads\/2024\/03\/Nakeima_Bar_Madrid_Spanien_4-768x1024.jpg?strip=info&#038;w=600&#038;ssl=1 600w,https:\/\/i1.wp.com\/www.weine-feinkost.de\/unterwegs\/wp-content\/uploads\/2024\/03\/Nakeima_Bar_Madrid_Spanien_4-768x1024.jpg?strip=info&#038;w=768&#038;ssl=1 768w\" alt=\"\" data-height=\"1920\" data-id=\"203727\" data-link=\"https:\/\/www.weine-feinkost.de\/unterwegs\/?attachment_id=203727#main\" data-url=\"https:\/\/www.weine-feinkost.de\/unterwegs\/wp-content\/uploads\/2024\/03\/Nakeima_Bar_Madrid_Spanien_4-768x1024.jpg\" data-width=\"1440\" src=\"https:\/\/i1.wp.com\/www.weine-feinkost.de\/unterwegs\/wp-content\/uploads\/2024\/03\/Nakeima_Bar_Madrid_Spanien_4-768x1024.jpg?ssl=1\" data-amp-layout=\"responsive\"\/><\/a><\/figure><\/div><\/div><div class=\"tiled-gallery__row\"><div class=\"tiled-gallery__col\" style=\"flex-basis:47.03332%\"><figure class=\"tiled-gallery__item\"><a href=\"https:\/\/www.weine-feinkost.de\/unterwegs\/wp-content\/uploads\/2024\/03\/Nakeima_Bar_Madrid_Spanien_6-1200x900.jpg\"><img decoding=\"async\" srcset=\"https:\/\/i0.wp.com\/www.weine-feinkost.de\/unterwegs\/wp-content\/uploads\/2024\/03\/Nakeima_Bar_Madrid_Spanien_6-1200x900.jpg?strip=info&#038;w=600&#038;ssl=1 600w,https:\/\/i0.wp.com\/www.weine-feinkost.de\/unterwegs\/wp-content\/uploads\/2024\/03\/Nakeima_Bar_Madrid_Spanien_6-1200x900.jpg?strip=info&#038;w=900&#038;ssl=1 900w,https:\/\/i0.wp.com\/www.weine-feinkost.de\/unterwegs\/wp-content\/uploads\/2024\/03\/Nakeima_Bar_Madrid_Spanien_6-1200x900.jpg?strip=info&#038;w=1200&#038;ssl=1 1200w\" alt=\"\" data-height=\"1440\" data-id=\"203729\" data-link=\"https:\/\/www.weine-feinkost.de\/unterwegs\/?attachment_id=203729#main\" data-url=\"https:\/\/www.weine-feinkost.de\/unterwegs\/wp-content\/uploads\/2024\/03\/Nakeima_Bar_Madrid_Spanien_6-1200x900.jpg\" data-width=\"1920\" src=\"https:\/\/i0.wp.com\/www.weine-feinkost.de\/unterwegs\/wp-content\/uploads\/2024\/03\/Nakeima_Bar_Madrid_Spanien_6-1200x900.jpg?ssl=1\" data-amp-layout=\"responsive\"\/><\/a><\/figure><\/div><div class=\"tiled-gallery__col\" style=\"flex-basis:26.48334%\"><figure class=\"tiled-gallery__item\"><a href=\"https:\/\/www.weine-feinkost.de\/unterwegs\/wp-content\/uploads\/2024\/03\/Nakeima_Bar_Madrid_Spanien_8-768x1024.jpg\"><img decoding=\"async\" srcset=\"https:\/\/i2.wp.com\/www.weine-feinkost.de\/unterwegs\/wp-content\/uploads\/2024\/03\/Nakeima_Bar_Madrid_Spanien_8-768x1024.jpg?strip=info&#038;w=600&#038;ssl=1 600w,https:\/\/i2.wp.com\/www.weine-feinkost.de\/unterwegs\/wp-content\/uploads\/2024\/03\/Nakeima_Bar_Madrid_Spanien_8-768x1024.jpg?strip=info&#038;w=768&#038;ssl=1 768w\" alt=\"\" data-height=\"1920\" data-id=\"203731\" data-link=\"https:\/\/www.weine-feinkost.de\/unterwegs\/?attachment_id=203731#main\" data-url=\"https:\/\/www.weine-feinkost.de\/unterwegs\/wp-content\/uploads\/2024\/03\/Nakeima_Bar_Madrid_Spanien_8-768x1024.jpg\" data-width=\"1440\" src=\"https:\/\/i2.wp.com\/www.weine-feinkost.de\/unterwegs\/wp-content\/uploads\/2024\/03\/Nakeima_Bar_Madrid_Spanien_8-768x1024.jpg?ssl=1\" data-amp-layout=\"responsive\"\/><\/a><\/figure><\/div><div class=\"tiled-gallery__col\" style=\"flex-basis:26.48334%\"><figure class=\"tiled-gallery__item\"><a href=\"https:\/\/www.weine-feinkost.de\/unterwegs\/wp-content\/uploads\/2024\/03\/Nakeima_Bar_Madrid_Spanien_24-768x1024.jpg\"><img decoding=\"async\" srcset=\"https:\/\/i1.wp.com\/www.weine-feinkost.de\/unterwegs\/wp-content\/uploads\/2024\/03\/Nakeima_Bar_Madrid_Spanien_24-768x1024.jpg?strip=info&#038;w=600&#038;ssl=1 600w,https:\/\/i1.wp.com\/www.weine-feinkost.de\/unterwegs\/wp-content\/uploads\/2024\/03\/Nakeima_Bar_Madrid_Spanien_24-768x1024.jpg?strip=info&#038;w=768&#038;ssl=1 768w\" alt=\"\" data-height=\"1920\" data-id=\"203745\" data-link=\"https:\/\/www.weine-feinkost.de\/unterwegs\/?attachment_id=203745#main\" data-url=\"https:\/\/www.weine-feinkost.de\/unterwegs\/wp-content\/uploads\/2024\/03\/Nakeima_Bar_Madrid_Spanien_24-768x1024.jpg\" data-width=\"1440\" src=\"https:\/\/i1.wp.com\/www.weine-feinkost.de\/unterwegs\/wp-content\/uploads\/2024\/03\/Nakeima_Bar_Madrid_Spanien_24-768x1024.jpg?ssl=1\" data-amp-layout=\"responsive\"\/><\/a><\/figure><\/div><\/div><\/div><\/div>\n\n\n\n<div class=\"wp-block-jetpack-tiled-gallery aligncenter is-style-rectangular\"><div class=\"tiled-gallery__gallery\"><div class=\"tiled-gallery__row\"><div class=\"tiled-gallery__col\" style=\"flex-basis:25.00000%\"><figure class=\"tiled-gallery__item\"><img decoding=\"async\" srcset=\"https:\/\/i2.wp.com\/www.weine-feinkost.de\/unterwegs\/wp-content\/uploads\/2024\/03\/Nakeima_Bar_Madrid_Spanien_7-768x1024.jpg?strip=info&#038;w=600&#038;ssl=1 600w,https:\/\/i2.wp.com\/www.weine-feinkost.de\/unterwegs\/wp-content\/uploads\/2024\/03\/Nakeima_Bar_Madrid_Spanien_7-768x1024.jpg?strip=info&#038;w=768&#038;ssl=1 768w\" alt=\"\" data-height=\"1920\" data-id=\"203730\" data-link=\"https:\/\/www.weine-feinkost.de\/unterwegs\/?attachment_id=203730#main\" data-url=\"https:\/\/www.weine-feinkost.de\/unterwegs\/wp-content\/uploads\/2024\/03\/Nakeima_Bar_Madrid_Spanien_7-768x1024.jpg\" data-width=\"1440\" src=\"https:\/\/i2.wp.com\/www.weine-feinkost.de\/unterwegs\/wp-content\/uploads\/2024\/03\/Nakeima_Bar_Madrid_Spanien_7-768x1024.jpg?ssl=1\" data-amp-layout=\"responsive\"\/><\/figure><\/div><div class=\"tiled-gallery__col\" style=\"flex-basis:25.00000%\"><figure class=\"tiled-gallery__item\"><img decoding=\"async\" srcset=\"https:\/\/i0.wp.com\/www.weine-feinkost.de\/unterwegs\/wp-content\/uploads\/2024\/03\/Nakeima_Bar_Madrid_Spanien_9-768x1024.jpg?strip=info&#038;w=600&#038;ssl=1 600w,https:\/\/i0.wp.com\/www.weine-feinkost.de\/unterwegs\/wp-content\/uploads\/2024\/03\/Nakeima_Bar_Madrid_Spanien_9-768x1024.jpg?strip=info&#038;w=768&#038;ssl=1 768w\" alt=\"\" data-height=\"1920\" data-id=\"203732\" data-link=\"https:\/\/www.weine-feinkost.de\/unterwegs\/?attachment_id=203732#main\" data-url=\"https:\/\/www.weine-feinkost.de\/unterwegs\/wp-content\/uploads\/2024\/03\/Nakeima_Bar_Madrid_Spanien_9-768x1024.jpg\" data-width=\"1440\" src=\"https:\/\/i0.wp.com\/www.weine-feinkost.de\/unterwegs\/wp-content\/uploads\/2024\/03\/Nakeima_Bar_Madrid_Spanien_9-768x1024.jpg?ssl=1\" data-amp-layout=\"responsive\"\/><\/figure><\/div><div class=\"tiled-gallery__col\" style=\"flex-basis:25.00000%\"><figure class=\"tiled-gallery__item\"><img decoding=\"async\" srcset=\"https:\/\/i1.wp.com\/www.weine-feinkost.de\/unterwegs\/wp-content\/uploads\/2024\/03\/Nakeima_Bar_Madrid_Spanien_10-768x1024.jpg?strip=info&#038;w=600&#038;ssl=1 600w,https:\/\/i1.wp.com\/www.weine-feinkost.de\/unterwegs\/wp-content\/uploads\/2024\/03\/Nakeima_Bar_Madrid_Spanien_10-768x1024.jpg?strip=info&#038;w=768&#038;ssl=1 768w\" alt=\"\" data-height=\"1920\" data-id=\"203733\" data-link=\"https:\/\/www.weine-feinkost.de\/unterwegs\/?attachment_id=203733#main\" data-url=\"https:\/\/www.weine-feinkost.de\/unterwegs\/wp-content\/uploads\/2024\/03\/Nakeima_Bar_Madrid_Spanien_10-768x1024.jpg\" data-width=\"1440\" src=\"https:\/\/i1.wp.com\/www.weine-feinkost.de\/unterwegs\/wp-content\/uploads\/2024\/03\/Nakeima_Bar_Madrid_Spanien_10-768x1024.jpg?ssl=1\" data-amp-layout=\"responsive\"\/><\/figure><\/div><div class=\"tiled-gallery__col\" style=\"flex-basis:25.00000%\"><figure class=\"tiled-gallery__item\"><img decoding=\"async\" srcset=\"https:\/\/i2.wp.com\/www.weine-feinkost.de\/unterwegs\/wp-content\/uploads\/2024\/03\/Nakeima_Bar_Madrid_Spanien_11-768x1024.jpg?strip=info&#038;w=600&#038;ssl=1 600w,https:\/\/i2.wp.com\/www.weine-feinkost.de\/unterwegs\/wp-content\/uploads\/2024\/03\/Nakeima_Bar_Madrid_Spanien_11-768x1024.jpg?strip=info&#038;w=768&#038;ssl=1 768w\" alt=\"\" data-height=\"1920\" data-id=\"203734\" data-link=\"https:\/\/www.weine-feinkost.de\/unterwegs\/?attachment_id=203734#main\" data-url=\"https:\/\/www.weine-feinkost.de\/unterwegs\/wp-content\/uploads\/2024\/03\/Nakeima_Bar_Madrid_Spanien_11-768x1024.jpg\" data-width=\"1440\" src=\"https:\/\/i2.wp.com\/www.weine-feinkost.de\/unterwegs\/wp-content\/uploads\/2024\/03\/Nakeima_Bar_Madrid_Spanien_11-768x1024.jpg?ssl=1\" data-amp-layout=\"responsive\"\/><\/figure><\/div><\/div><div class=\"tiled-gallery__row\"><div class=\"tiled-gallery__col\" style=\"flex-basis:50.00000%\"><figure class=\"tiled-gallery__item\"><img decoding=\"async\" srcset=\"https:\/\/i0.wp.com\/www.weine-feinkost.de\/unterwegs\/wp-content\/uploads\/2024\/03\/Nakeima_Bar_Madrid_Spanien_12-768x1024.jpg?strip=info&#038;w=600&#038;ssl=1 600w,https:\/\/i0.wp.com\/www.weine-feinkost.de\/unterwegs\/wp-content\/uploads\/2024\/03\/Nakeima_Bar_Madrid_Spanien_12-768x1024.jpg?strip=info&#038;w=768&#038;ssl=1 768w\" alt=\"\" data-height=\"1920\" data-id=\"203735\" data-link=\"https:\/\/www.weine-feinkost.de\/unterwegs\/?attachment_id=203735#main\" data-url=\"https:\/\/www.weine-feinkost.de\/unterwegs\/wp-content\/uploads\/2024\/03\/Nakeima_Bar_Madrid_Spanien_12-768x1024.jpg\" data-width=\"1440\" src=\"https:\/\/i0.wp.com\/www.weine-feinkost.de\/unterwegs\/wp-content\/uploads\/2024\/03\/Nakeima_Bar_Madrid_Spanien_12-768x1024.jpg?ssl=1\" data-amp-layout=\"responsive\"\/><\/figure><\/div><div class=\"tiled-gallery__col\" style=\"flex-basis:50.00000%\"><figure class=\"tiled-gallery__item\"><img decoding=\"async\" srcset=\"https:\/\/i1.wp.com\/www.weine-feinkost.de\/unterwegs\/wp-content\/uploads\/2024\/03\/Nakeima_Bar_Madrid_Spanien_13-768x1024.jpg?strip=info&#038;w=600&#038;ssl=1 600w,https:\/\/i1.wp.com\/www.weine-feinkost.de\/unterwegs\/wp-content\/uploads\/2024\/03\/Nakeima_Bar_Madrid_Spanien_13-768x1024.jpg?strip=info&#038;w=768&#038;ssl=1 768w\" alt=\"\" data-height=\"1920\" data-id=\"203736\" data-link=\"https:\/\/www.weine-feinkost.de\/unterwegs\/?attachment_id=203736#main\" data-url=\"https:\/\/www.weine-feinkost.de\/unterwegs\/wp-content\/uploads\/2024\/03\/Nakeima_Bar_Madrid_Spanien_13-768x1024.jpg\" data-width=\"1440\" src=\"https:\/\/i1.wp.com\/www.weine-feinkost.de\/unterwegs\/wp-content\/uploads\/2024\/03\/Nakeima_Bar_Madrid_Spanien_13-768x1024.jpg?ssl=1\" data-amp-layout=\"responsive\"\/><\/figure><\/div><\/div><div class=\"tiled-gallery__row\"><div class=\"tiled-gallery__col\" style=\"flex-basis:63.98092%\"><figure class=\"tiled-gallery__item\"><img decoding=\"async\" srcset=\"https:\/\/i2.wp.com\/www.weine-feinkost.de\/unterwegs\/wp-content\/uploads\/2024\/03\/Nakeima_Bar_Madrid_Spanien_15-1200x900.jpg?strip=info&#038;w=600&#038;ssl=1 600w,https:\/\/i2.wp.com\/www.weine-feinkost.de\/unterwegs\/wp-content\/uploads\/2024\/03\/Nakeima_Bar_Madrid_Spanien_15-1200x900.jpg?strip=info&#038;w=900&#038;ssl=1 900w,https:\/\/i2.wp.com\/www.weine-feinkost.de\/unterwegs\/wp-content\/uploads\/2024\/03\/Nakeima_Bar_Madrid_Spanien_15-1200x900.jpg?strip=info&#038;w=1200&#038;ssl=1 1200w\" alt=\"\" data-height=\"1440\" data-id=\"203737\" data-link=\"https:\/\/www.weine-feinkost.de\/unterwegs\/?attachment_id=203737#main\" data-url=\"https:\/\/www.weine-feinkost.de\/unterwegs\/wp-content\/uploads\/2024\/03\/Nakeima_Bar_Madrid_Spanien_15-1200x900.jpg\" data-width=\"1920\" src=\"https:\/\/i2.wp.com\/www.weine-feinkost.de\/unterwegs\/wp-content\/uploads\/2024\/03\/Nakeima_Bar_Madrid_Spanien_15-1200x900.jpg?ssl=1\" data-amp-layout=\"responsive\"\/><\/figure><\/div><div class=\"tiled-gallery__col\" style=\"flex-basis:36.01908%\"><figure class=\"tiled-gallery__item\"><img decoding=\"async\" srcset=\"https:\/\/i0.wp.com\/www.weine-feinkost.de\/unterwegs\/wp-content\/uploads\/2024\/03\/Nakeima_Bar_Madrid_Spanien_17-768x1024.jpg?strip=info&#038;w=600&#038;ssl=1 600w,https:\/\/i0.wp.com\/www.weine-feinkost.de\/unterwegs\/wp-content\/uploads\/2024\/03\/Nakeima_Bar_Madrid_Spanien_17-768x1024.jpg?strip=info&#038;w=768&#038;ssl=1 768w\" alt=\"\" data-height=\"1920\" data-id=\"203738\" data-link=\"https:\/\/www.weine-feinkost.de\/unterwegs\/?attachment_id=203738#main\" data-url=\"https:\/\/www.weine-feinkost.de\/unterwegs\/wp-content\/uploads\/2024\/03\/Nakeima_Bar_Madrid_Spanien_17-768x1024.jpg\" data-width=\"1440\" src=\"https:\/\/i0.wp.com\/www.weine-feinkost.de\/unterwegs\/wp-content\/uploads\/2024\/03\/Nakeima_Bar_Madrid_Spanien_17-768x1024.jpg?ssl=1\" data-amp-layout=\"responsive\"\/><\/figure><\/div><\/div><div class=\"tiled-gallery__row\"><div class=\"tiled-gallery__col\" style=\"flex-basis:25.00000%\"><figure class=\"tiled-gallery__item\"><img decoding=\"async\" srcset=\"https:\/\/i0.wp.com\/www.weine-feinkost.de\/unterwegs\/wp-content\/uploads\/2024\/03\/Nakeima_Bar_Madrid_Spanien_18-768x1024.jpg?strip=info&#038;w=600&#038;ssl=1 600w,https:\/\/i0.wp.com\/www.weine-feinkost.de\/unterwegs\/wp-content\/uploads\/2024\/03\/Nakeima_Bar_Madrid_Spanien_18-768x1024.jpg?strip=info&#038;w=768&#038;ssl=1 768w\" alt=\"\" data-height=\"1920\" data-id=\"203739\" data-link=\"https:\/\/www.weine-feinkost.de\/unterwegs\/?attachment_id=203739#main\" data-url=\"https:\/\/www.weine-feinkost.de\/unterwegs\/wp-content\/uploads\/2024\/03\/Nakeima_Bar_Madrid_Spanien_18-768x1024.jpg\" data-width=\"1440\" src=\"https:\/\/i0.wp.com\/www.weine-feinkost.de\/unterwegs\/wp-content\/uploads\/2024\/03\/Nakeima_Bar_Madrid_Spanien_18-768x1024.jpg?ssl=1\" data-amp-layout=\"responsive\"\/><\/figure><\/div><div class=\"tiled-gallery__col\" style=\"flex-basis:25.00000%\"><figure class=\"tiled-gallery__item\"><img decoding=\"async\" srcset=\"https:\/\/i1.wp.com\/www.weine-feinkost.de\/unterwegs\/wp-content\/uploads\/2024\/03\/Nakeima_Bar_Madrid_Spanien_19-768x1024.jpg?strip=info&#038;w=600&#038;ssl=1 600w,https:\/\/i1.wp.com\/www.weine-feinkost.de\/unterwegs\/wp-content\/uploads\/2024\/03\/Nakeima_Bar_Madrid_Spanien_19-768x1024.jpg?strip=info&#038;w=768&#038;ssl=1 768w\" alt=\"\" data-height=\"1920\" data-id=\"203740\" data-link=\"https:\/\/www.weine-feinkost.de\/unterwegs\/?attachment_id=203740#main\" data-url=\"https:\/\/www.weine-feinkost.de\/unterwegs\/wp-content\/uploads\/2024\/03\/Nakeima_Bar_Madrid_Spanien_19-768x1024.jpg\" data-width=\"1440\" src=\"https:\/\/i1.wp.com\/www.weine-feinkost.de\/unterwegs\/wp-content\/uploads\/2024\/03\/Nakeima_Bar_Madrid_Spanien_19-768x1024.jpg?ssl=1\" data-amp-layout=\"responsive\"\/><\/figure><\/div><div class=\"tiled-gallery__col\" style=\"flex-basis:25.00000%\"><figure class=\"tiled-gallery__item\"><img decoding=\"async\" srcset=\"https:\/\/i1.wp.com\/www.weine-feinkost.de\/unterwegs\/wp-content\/uploads\/2024\/03\/Nakeima_Bar_Madrid_Spanien_20-768x1024.jpg?strip=info&#038;w=600&#038;ssl=1 600w,https:\/\/i1.wp.com\/www.weine-feinkost.de\/unterwegs\/wp-content\/uploads\/2024\/03\/Nakeima_Bar_Madrid_Spanien_20-768x1024.jpg?strip=info&#038;w=768&#038;ssl=1 768w\" alt=\"\" data-height=\"1920\" data-id=\"203741\" data-link=\"https:\/\/www.weine-feinkost.de\/unterwegs\/?attachment_id=203741#main\" data-url=\"https:\/\/www.weine-feinkost.de\/unterwegs\/wp-content\/uploads\/2024\/03\/Nakeima_Bar_Madrid_Spanien_20-768x1024.jpg\" data-width=\"1440\" src=\"https:\/\/i1.wp.com\/www.weine-feinkost.de\/unterwegs\/wp-content\/uploads\/2024\/03\/Nakeima_Bar_Madrid_Spanien_20-768x1024.jpg?ssl=1\" data-amp-layout=\"responsive\"\/><\/figure><\/div><div class=\"tiled-gallery__col\" style=\"flex-basis:25.00000%\"><figure class=\"tiled-gallery__item\"><img decoding=\"async\" srcset=\"https:\/\/i1.wp.com\/www.weine-feinkost.de\/unterwegs\/wp-content\/uploads\/2024\/03\/Nakeima_Bar_Madrid_Spanien_21-768x1024.jpg?strip=info&#038;w=600&#038;ssl=1 600w,https:\/\/i1.wp.com\/www.weine-feinkost.de\/unterwegs\/wp-content\/uploads\/2024\/03\/Nakeima_Bar_Madrid_Spanien_21-768x1024.jpg?strip=info&#038;w=768&#038;ssl=1 768w\" alt=\"\" data-height=\"1920\" data-id=\"203742\" data-link=\"https:\/\/www.weine-feinkost.de\/unterwegs\/?attachment_id=203742#main\" data-url=\"https:\/\/www.weine-feinkost.de\/unterwegs\/wp-content\/uploads\/2024\/03\/Nakeima_Bar_Madrid_Spanien_21-768x1024.jpg\" data-width=\"1440\" src=\"https:\/\/i1.wp.com\/www.weine-feinkost.de\/unterwegs\/wp-content\/uploads\/2024\/03\/Nakeima_Bar_Madrid_Spanien_21-768x1024.jpg?ssl=1\" data-amp-layout=\"responsive\"\/><\/figure><\/div><\/div><div class=\"tiled-gallery__row\"><div class=\"tiled-gallery__col\" style=\"flex-basis:33.33333%\"><figure class=\"tiled-gallery__item\"><img decoding=\"async\" srcset=\"https:\/\/i2.wp.com\/www.weine-feinkost.de\/unterwegs\/wp-content\/uploads\/2024\/03\/Nakeima_Bar_Madrid_Spanien_22-768x1024.jpg?strip=info&#038;w=600&#038;ssl=1 600w,https:\/\/i2.wp.com\/www.weine-feinkost.de\/unterwegs\/wp-content\/uploads\/2024\/03\/Nakeima_Bar_Madrid_Spanien_22-768x1024.jpg?strip=info&#038;w=768&#038;ssl=1 768w\" alt=\"\" data-height=\"1920\" data-id=\"203743\" data-link=\"https:\/\/www.weine-feinkost.de\/unterwegs\/?attachment_id=203743#main\" data-url=\"https:\/\/www.weine-feinkost.de\/unterwegs\/wp-content\/uploads\/2024\/03\/Nakeima_Bar_Madrid_Spanien_22-768x1024.jpg\" data-width=\"1440\" src=\"https:\/\/i2.wp.com\/www.weine-feinkost.de\/unterwegs\/wp-content\/uploads\/2024\/03\/Nakeima_Bar_Madrid_Spanien_22-768x1024.jpg?ssl=1\" data-amp-layout=\"responsive\"\/><\/figure><\/div><div class=\"tiled-gallery__col\" style=\"flex-basis:33.33333%\"><figure class=\"tiled-gallery__item\"><img decoding=\"async\" srcset=\"https:\/\/i2.wp.com\/www.weine-feinkost.de\/unterwegs\/wp-content\/uploads\/2024\/03\/Nakeima_Bar_Madrid_Spanien_23-768x1024.jpg?strip=info&#038;w=600&#038;ssl=1 600w,https:\/\/i2.wp.com\/www.weine-feinkost.de\/unterwegs\/wp-content\/uploads\/2024\/03\/Nakeima_Bar_Madrid_Spanien_23-768x1024.jpg?strip=info&#038;w=768&#038;ssl=1 768w\" alt=\"\" data-height=\"1920\" data-id=\"203744\" data-link=\"https:\/\/www.weine-feinkost.de\/unterwegs\/?attachment_id=203744#main\" data-url=\"https:\/\/www.weine-feinkost.de\/unterwegs\/wp-content\/uploads\/2024\/03\/Nakeima_Bar_Madrid_Spanien_23-768x1024.jpg\" data-width=\"1440\" src=\"https:\/\/i2.wp.com\/www.weine-feinkost.de\/unterwegs\/wp-content\/uploads\/2024\/03\/Nakeima_Bar_Madrid_Spanien_23-768x1024.jpg?ssl=1\" data-amp-layout=\"responsive\"\/><\/figure><\/div><div class=\"tiled-gallery__col\" style=\"flex-basis:33.33333%\"><figure class=\"tiled-gallery__item\"><img decoding=\"async\" srcset=\"https:\/\/i2.wp.com\/www.weine-feinkost.de\/unterwegs\/wp-content\/uploads\/2024\/03\/Nakeima_Bar_Madrid_Spanien_25-768x1024.jpg?strip=info&#038;w=600&#038;ssl=1 600w,https:\/\/i2.wp.com\/www.weine-feinkost.de\/unterwegs\/wp-content\/uploads\/2024\/03\/Nakeima_Bar_Madrid_Spanien_25-768x1024.jpg?strip=info&#038;w=768&#038;ssl=1 768w\" alt=\"\" data-height=\"1920\" data-id=\"203746\" data-link=\"https:\/\/www.weine-feinkost.de\/unterwegs\/?attachment_id=203746#main\" data-url=\"https:\/\/www.weine-feinkost.de\/unterwegs\/wp-content\/uploads\/2024\/03\/Nakeima_Bar_Madrid_Spanien_25-768x1024.jpg\" data-width=\"1440\" src=\"https:\/\/i2.wp.com\/www.weine-feinkost.de\/unterwegs\/wp-content\/uploads\/2024\/03\/Nakeima_Bar_Madrid_Spanien_25-768x1024.jpg?ssl=1\" data-amp-layout=\"responsive\"\/><\/figure><\/div><\/div><div class=\"tiled-gallery__row\"><div class=\"tiled-gallery__col\" style=\"flex-basis:50.00000%\"><figure class=\"tiled-gallery__item\"><img decoding=\"async\" srcset=\"https:\/\/i0.wp.com\/www.weine-feinkost.de\/unterwegs\/wp-content\/uploads\/2024\/03\/Nakeima_Bar_Madrid_Spanien_26-768x1024.jpg?strip=info&#038;w=600&#038;ssl=1 600w,https:\/\/i0.wp.com\/www.weine-feinkost.de\/unterwegs\/wp-content\/uploads\/2024\/03\/Nakeima_Bar_Madrid_Spanien_26-768x1024.jpg?strip=info&#038;w=768&#038;ssl=1 768w\" alt=\"\" data-height=\"1920\" data-id=\"203747\" data-link=\"https:\/\/www.weine-feinkost.de\/unterwegs\/?attachment_id=203747#main\" data-url=\"https:\/\/www.weine-feinkost.de\/unterwegs\/wp-content\/uploads\/2024\/03\/Nakeima_Bar_Madrid_Spanien_26-768x1024.jpg\" data-width=\"1440\" src=\"https:\/\/i0.wp.com\/www.weine-feinkost.de\/unterwegs\/wp-content\/uploads\/2024\/03\/Nakeima_Bar_Madrid_Spanien_26-768x1024.jpg?ssl=1\" data-amp-layout=\"responsive\"\/><\/figure><\/div><div class=\"tiled-gallery__col\" style=\"flex-basis:50.00000%\"><figure class=\"tiled-gallery__item\"><img decoding=\"async\" srcset=\"https:\/\/i0.wp.com\/www.weine-feinkost.de\/unterwegs\/wp-content\/uploads\/2024\/03\/Nakeima_Bar_Madrid_Spanien_27-768x1024.jpg?strip=info&#038;w=600&#038;ssl=1 600w,https:\/\/i0.wp.com\/www.weine-feinkost.de\/unterwegs\/wp-content\/uploads\/2024\/03\/Nakeima_Bar_Madrid_Spanien_27-768x1024.jpg?strip=info&#038;w=768&#038;ssl=1 768w\" alt=\"\" data-height=\"1920\" data-id=\"203748\" data-link=\"https:\/\/www.weine-feinkost.de\/unterwegs\/?attachment_id=203748#main\" data-url=\"https:\/\/www.weine-feinkost.de\/unterwegs\/wp-content\/uploads\/2024\/03\/Nakeima_Bar_Madrid_Spanien_27-768x1024.jpg\" data-width=\"1440\" src=\"https:\/\/i0.wp.com\/www.weine-feinkost.de\/unterwegs\/wp-content\/uploads\/2024\/03\/Nakeima_Bar_Madrid_Spanien_27-768x1024.jpg?ssl=1\" data-amp-layout=\"responsive\"\/><\/figure><\/div><\/div><div class=\"tiled-gallery__row\"><div class=\"tiled-gallery__col\" style=\"flex-basis:26.48334%\"><figure class=\"tiled-gallery__item\"><img decoding=\"async\" srcset=\"https:\/\/i0.wp.com\/www.weine-feinkost.de\/unterwegs\/wp-content\/uploads\/2024\/03\/Nakeima_Bar_Madrid_Spanien_28-768x1024.jpg?strip=info&#038;w=600&#038;ssl=1 600w,https:\/\/i0.wp.com\/www.weine-feinkost.de\/unterwegs\/wp-content\/uploads\/2024\/03\/Nakeima_Bar_Madrid_Spanien_28-768x1024.jpg?strip=info&#038;w=768&#038;ssl=1 768w\" alt=\"\" data-height=\"1920\" data-id=\"203749\" data-link=\"https:\/\/www.weine-feinkost.de\/unterwegs\/?attachment_id=203749#main\" data-url=\"https:\/\/www.weine-feinkost.de\/unterwegs\/wp-content\/uploads\/2024\/03\/Nakeima_Bar_Madrid_Spanien_28-768x1024.jpg\" data-width=\"1440\" src=\"https:\/\/i0.wp.com\/www.weine-feinkost.de\/unterwegs\/wp-content\/uploads\/2024\/03\/Nakeima_Bar_Madrid_Spanien_28-768x1024.jpg?ssl=1\" data-amp-layout=\"responsive\"\/><\/figure><\/div><div class=\"tiled-gallery__col\" style=\"flex-basis:26.48334%\"><figure class=\"tiled-gallery__item\"><img decoding=\"async\" srcset=\"https:\/\/i1.wp.com\/www.weine-feinkost.de\/unterwegs\/wp-content\/uploads\/2024\/03\/Nakeima_Bar_Madrid_Spanien_29-768x1024.jpg?strip=info&#038;w=600&#038;ssl=1 600w,https:\/\/i1.wp.com\/www.weine-feinkost.de\/unterwegs\/wp-content\/uploads\/2024\/03\/Nakeima_Bar_Madrid_Spanien_29-768x1024.jpg?strip=info&#038;w=768&#038;ssl=1 768w\" alt=\"\" data-height=\"1920\" data-id=\"203750\" data-link=\"https:\/\/www.weine-feinkost.de\/unterwegs\/?attachment_id=203750#main\" data-url=\"https:\/\/www.weine-feinkost.de\/unterwegs\/wp-content\/uploads\/2024\/03\/Nakeima_Bar_Madrid_Spanien_29-768x1024.jpg\" data-width=\"1440\" src=\"https:\/\/i1.wp.com\/www.weine-feinkost.de\/unterwegs\/wp-content\/uploads\/2024\/03\/Nakeima_Bar_Madrid_Spanien_29-768x1024.jpg?ssl=1\" data-amp-layout=\"responsive\"\/><\/figure><\/div><div class=\"tiled-gallery__col\" style=\"flex-basis:47.03332%\"><figure class=\"tiled-gallery__item\"><img decoding=\"async\" srcset=\"https:\/\/i2.wp.com\/www.weine-feinkost.de\/unterwegs\/wp-content\/uploads\/2024\/03\/Nakeima_Bar_Madrid_Spanien_30-1200x900.jpg?strip=info&#038;w=600&#038;ssl=1 600w,https:\/\/i2.wp.com\/www.weine-feinkost.de\/unterwegs\/wp-content\/uploads\/2024\/03\/Nakeima_Bar_Madrid_Spanien_30-1200x900.jpg?strip=info&#038;w=900&#038;ssl=1 900w,https:\/\/i2.wp.com\/www.weine-feinkost.de\/unterwegs\/wp-content\/uploads\/2024\/03\/Nakeima_Bar_Madrid_Spanien_30-1200x900.jpg?strip=info&#038;w=1200&#038;ssl=1 1200w\" alt=\"\" data-height=\"1440\" data-id=\"203751\" data-link=\"https:\/\/www.weine-feinkost.de\/unterwegs\/?attachment_id=203751#main\" data-url=\"https:\/\/www.weine-feinkost.de\/unterwegs\/wp-content\/uploads\/2024\/03\/Nakeima_Bar_Madrid_Spanien_30-1200x900.jpg\" data-width=\"1920\" src=\"https:\/\/i2.wp.com\/www.weine-feinkost.de\/unterwegs\/wp-content\/uploads\/2024\/03\/Nakeima_Bar_Madrid_Spanien_30-1200x900.jpg?ssl=1\" data-amp-layout=\"responsive\"\/><\/figure><\/div><\/div><\/div><\/div>\n\n\n\n<p><strong>Nakeima Bar<\/strong>, Calle de Mel\u00e9ndez Vald\u00e9s, 54, Chamber\u00ed, 28015 Madrid, Spanien<\/p>\n","protected":false},"excerpt":{"rendered":"<p>Die Nakeima Bar, bekannt f\u00fcr ihre Madrider Underground-K\u00fcche Die Nakeima Bar wurde bereits im Jahr 2013 gegr\u00fcndet, und seit \u00fcber einem Jahrzehnt sind sich die hier t\u00e4tigen Macher und Kochk\u00fcnstler treu geblieben. Die G\u00e4ste m\u00fcssen sich eine halbe Stunde vor der Er\u00f6ffnung des Restaurants in eine Warteschlange stellen. Dann kommt einer der K\u00f6che aus der &#8230; <a title=\"Nakeima Bar &#8211; Madrid &#8211; Spanien\" class=\"read-more\" href=\"https:\/\/www.weine-feinkost.de\/unterwegs\/2024\/05\/nakeima-bar-madrid-spanien\/\" aria-label=\"Mehr dazu unter Nakeima Bar &#8211; Madrid &#8211; Spanien\">Weiterlesen<\/a><\/p>\n","protected":false},"author":7,"featured_media":203728,"comment_status":"open","ping_status":"open","sticky":false,"template":"","format":"standard","meta":{"_jetpack_newsletter_access":"","_jetpack_dont_email_post_to_subs":false,"_jetpack_newsletter_tier_id":0,"_jetpack_memberships_contains_paywalled_content":false,"_jetpack_feature_clip_id":0,"_jetpack_memberships_contains_paid_content":false,"footnotes":"","jetpack_publicize_message":"","jetpack_publicize_feature_enabled":true,"jetpack_social_post_already_shared":true,"jetpack_social_options":{"image_generator_settings":{"template":"highway","default_image_id":0,"font":"","enabled":false},"version":2},"jetpack_post_was_ever_published":false},"categories":[13,30],"tags":[8122,8121,8120,8128,8129,8117,8124,8126,7789,8116,8123,137,8102,8130,319,8115,7836,8119,8118,8127,8132,8125,7834,8131],"post_folder":[],"class_list":["post-203722","post","type-post","status-publish","format-standard","has-post-thumbnail","hentry","category-restaurants","category-spanien-restaurants","tag-anarchische-punk-kueche","tag-aperitif","tag-chamberi","tag-dimsums","tag-dumplings","tag-ein-jahrzehnt","tag-ein-menue-konzept","tag-extravagante-salate","tag-faire-preise","tag-gruendung-2013","tag-guerillakoeche","tag-kochkuenstler","tag-kreativitaet","tag-kultgerichte","tag-madrid","tag-nakeima-bar","tag-qualitaet","tag-reservierung","tag-rituelles-prozedere","tag-sushi-rolls","tag-untergrundkueche","tag-unvertraeglichkeiten","tag-warteschlange","tag-weinauswahl"],"yoast_head":"<!-- This site is optimized with the Yoast SEO plugin v28.3 - https:\/\/yoast.com\/product\/yoast-seo-wordpress\/ -->\n<title>Nakeima Bar - Madrid - Spanien - Unterwegs mit Weine &amp; Feinkost<\/title>\n<meta name=\"robots\" content=\"index, follow, max-snippet:-1, max-image-preview:large, max-video-preview:-1\" \/>\n<link rel=\"canonical\" href=\"https:\/\/www.weine-feinkost.de\/unterwegs\/2024\/05\/nakeima-bar-madrid-spanien\/\" \/>\n<meta property=\"og:locale\" content=\"de_DE\" \/>\n<meta property=\"og:type\" content=\"article\" \/>\n<meta property=\"og:title\" content=\"Nakeima Bar - Madrid - Spanien - Unterwegs mit Weine &amp; Feinkost\" \/>\n<meta property=\"og:description\" content=\"Die Nakeima Bar, bekannt f\u00fcr ihre Madrider Underground-K\u00fcche Die Nakeima Bar wurde bereits im Jahr 2013 gegr\u00fcndet, und seit \u00fcber einem Jahrzehnt sind sich die hier t\u00e4tigen Macher und Kochk\u00fcnstler treu geblieben. Die G\u00e4ste m\u00fcssen sich eine halbe Stunde vor der Er\u00f6ffnung des Restaurants in eine Warteschlange stellen. Dann kommt einer der K\u00f6che aus der ... Weiterlesen\" \/>\n<meta property=\"og:url\" content=\"https:\/\/www.weine-feinkost.de\/unterwegs\/2024\/05\/nakeima-bar-madrid-spanien\/\" \/>\n<meta property=\"og:site_name\" content=\"Unterwegs mit Weine &amp; Feinkost\" \/>\n<meta property=\"article:published_time\" content=\"2024-05-09T15:00:00+00:00\" \/>\n<meta property=\"og:image\" content=\"https:\/\/www.weine-feinkost.de\/unterwegs\/wp-content\/uploads\/2024\/03\/Nakeima_Bar_Madrid_Spanien_5.jpg\" \/>\n\t<meta property=\"og:image:width\" content=\"1440\" \/>\n\t<meta property=\"og:image:height\" content=\"1920\" \/>\n\t<meta property=\"og:image:type\" content=\"image\/jpeg\" \/>\n<meta name=\"author\" content=\"Christian Fenske\" \/>\n<meta name=\"twitter:card\" content=\"summary_large_image\" \/>\n<meta name=\"twitter:label1\" content=\"Verfasst von\" \/>\n\t<meta name=\"twitter:data1\" content=\"Christian Fenske\" \/>\n\t<meta name=\"twitter:label2\" content=\"Gesch\u00e4tzte Lesezeit\" \/>\n\t<meta name=\"twitter:data2\" content=\"8\u00a0Minuten\" \/>\n<script type=\"application\/ld+json\" class=\"yoast-schema-graph\">{\"@context\":\"https:\\\/\\\/schema.org\",\"@graph\":[{\"@type\":\"Article\",\"@id\":\"https:\\\/\\\/www.weine-feinkost.de\\\/unterwegs\\\/2024\\\/05\\\/nakeima-bar-madrid-spanien\\\/#article\",\"isPartOf\":{\"@id\":\"https:\\\/\\\/www.weine-feinkost.de\\\/unterwegs\\\/2024\\\/05\\\/nakeima-bar-madrid-spanien\\\/\"},\"author\":{\"name\":\"Christian Fenske\",\"@id\":\"https:\\\/\\\/www.weine-feinkost.de\\\/unterwegs\\\/#\\\/schema\\\/person\\\/c07d66169fd0e04307bfe7cdc99ac26a\"},\"headline\":\"Nakeima Bar &#8211; Madrid &#8211; Spanien\",\"datePublished\":\"2024-05-09T15:00:00+00:00\",\"mainEntityOfPage\":{\"@id\":\"https:\\\/\\\/www.weine-feinkost.de\\\/unterwegs\\\/2024\\\/05\\\/nakeima-bar-madrid-spanien\\\/\"},\"wordCount\":297,\"commentCount\":0,\"publisher\":{\"@id\":\"https:\\\/\\\/www.weine-feinkost.de\\\/unterwegs\\\/#organization\"},\"image\":{\"@id\":\"https:\\\/\\\/www.weine-feinkost.de\\\/unterwegs\\\/2024\\\/05\\\/nakeima-bar-madrid-spanien\\\/#primaryimage\"},\"thumbnailUrl\":\"https:\\\/\\\/www.weine-feinkost.de\\\/unterwegs\\\/wp-content\\\/uploads\\\/2024\\\/03\\\/Nakeima_Bar_Madrid_Spanien_5.jpg\",\"keywords\":[\"anarchische Punk-K\u00fcche\",\"Aperitif\",\"Chamber\u00ed\",\"Dimsums\",\"Dumplings\",\"ein Jahrzehnt\",\"Ein-Men\u00fc-Konzept\",\"extravagante Salate\",\"faire Preise\",\"Gr\u00fcndung 2013\",\"Guerillak\u00f6che\",\"Kochk\u00fcnstler\",\"Kreativit\u00e4t\",\"Kultgerichte\",\"Madrid\",\"Nakeima Bar\",\"Qualit\u00e4t\",\"Reservierung\",\"rituelles Prozedere\",\"Sushi-Rolls\",\"Untergrundk\u00fcche\",\"Unvertr\u00e4glichkeiten\",\"Warteschlange\",\"Weinauswahl\"],\"articleSection\":[\"Restaurants\",\"Spanien\"],\"inLanguage\":\"de\",\"potentialAction\":[{\"@type\":\"CommentAction\",\"name\":\"Comment\",\"target\":[\"https:\\\/\\\/www.weine-feinkost.de\\\/unterwegs\\\/2024\\\/05\\\/nakeima-bar-madrid-spanien\\\/#respond\"]}]},{\"@type\":\"WebPage\",\"@id\":\"https:\\\/\\\/www.weine-feinkost.de\\\/unterwegs\\\/2024\\\/05\\\/nakeima-bar-madrid-spanien\\\/\",\"url\":\"https:\\\/\\\/www.weine-feinkost.de\\\/unterwegs\\\/2024\\\/05\\\/nakeima-bar-madrid-spanien\\\/\",\"name\":\"Nakeima Bar - Madrid - Spanien - Unterwegs mit Weine &amp; Feinkost\",\"isPartOf\":{\"@id\":\"https:\\\/\\\/www.weine-feinkost.de\\\/unterwegs\\\/#website\"},\"primaryImageOfPage\":{\"@id\":\"https:\\\/\\\/www.weine-feinkost.de\\\/unterwegs\\\/2024\\\/05\\\/nakeima-bar-madrid-spanien\\\/#primaryimage\"},\"image\":{\"@id\":\"https:\\\/\\\/www.weine-feinkost.de\\\/unterwegs\\\/2024\\\/05\\\/nakeima-bar-madrid-spanien\\\/#primaryimage\"},\"thumbnailUrl\":\"https:\\\/\\\/www.weine-feinkost.de\\\/unterwegs\\\/wp-content\\\/uploads\\\/2024\\\/03\\\/Nakeima_Bar_Madrid_Spanien_5.jpg\",\"datePublished\":\"2024-05-09T15:00:00+00:00\",\"breadcrumb\":{\"@id\":\"https:\\\/\\\/www.weine-feinkost.de\\\/unterwegs\\\/2024\\\/05\\\/nakeima-bar-madrid-spanien\\\/#breadcrumb\"},\"inLanguage\":\"de\",\"potentialAction\":[{\"@type\":\"ReadAction\",\"target\":[\"https:\\\/\\\/www.weine-feinkost.de\\\/unterwegs\\\/2024\\\/05\\\/nakeima-bar-madrid-spanien\\\/\"]}]},{\"@type\":\"ImageObject\",\"inLanguage\":\"de\",\"@id\":\"https:\\\/\\\/www.weine-feinkost.de\\\/unterwegs\\\/2024\\\/05\\\/nakeima-bar-madrid-spanien\\\/#primaryimage\",\"url\":\"https:\\\/\\\/www.weine-feinkost.de\\\/unterwegs\\\/wp-content\\\/uploads\\\/2024\\\/03\\\/Nakeima_Bar_Madrid_Spanien_5.jpg\",\"contentUrl\":\"https:\\\/\\\/www.weine-feinkost.de\\\/unterwegs\\\/wp-content\\\/uploads\\\/2024\\\/03\\\/Nakeima_Bar_Madrid_Spanien_5.jpg\",\"width\":1440,\"height\":1920},{\"@type\":\"BreadcrumbList\",\"@id\":\"https:\\\/\\\/www.weine-feinkost.de\\\/unterwegs\\\/2024\\\/05\\\/nakeima-bar-madrid-spanien\\\/#breadcrumb\",\"itemListElement\":[{\"@type\":\"ListItem\",\"position\":1,\"name\":\"Startseite\",\"item\":\"https:\\\/\\\/www.weine-feinkost.de\\\/unterwegs\\\/\"},{\"@type\":\"ListItem\",\"position\":2,\"name\":\"Nakeima Bar &#8211; Madrid &#8211; Spanien\"}]},{\"@type\":\"WebSite\",\"@id\":\"https:\\\/\\\/www.weine-feinkost.de\\\/unterwegs\\\/#website\",\"url\":\"https:\\\/\\\/www.weine-feinkost.de\\\/unterwegs\\\/\",\"name\":\"Unterwegs mit Weine &amp; Feinkost\",\"description\":\"Entdecken Sie Genuss\",\"publisher\":{\"@id\":\"https:\\\/\\\/www.weine-feinkost.de\\\/unterwegs\\\/#organization\"},\"potentialAction\":[{\"@type\":\"SearchAction\",\"target\":{\"@type\":\"EntryPoint\",\"urlTemplate\":\"https:\\\/\\\/www.weine-feinkost.de\\\/unterwegs\\\/?s={search_term_string}\"},\"query-input\":{\"@type\":\"PropertyValueSpecification\",\"valueRequired\":true,\"valueName\":\"search_term_string\"}}],\"inLanguage\":\"de\"},{\"@type\":\"Organization\",\"@id\":\"https:\\\/\\\/www.weine-feinkost.de\\\/unterwegs\\\/#organization\",\"name\":\"Unterwegs mit Weine &amp; Feinkost\",\"url\":\"https:\\\/\\\/www.weine-feinkost.de\\\/unterwegs\\\/\",\"logo\":{\"@type\":\"ImageObject\",\"inLanguage\":\"de\",\"@id\":\"https:\\\/\\\/www.weine-feinkost.de\\\/unterwegs\\\/#\\\/schema\\\/logo\\\/image\\\/\",\"url\":\"https:\\\/\\\/www.weine-feinkost.de\\\/unterwegs\\\/wp-content\\\/uploads\\\/2022\\\/10\\\/logo_weinefeinkost_unterwegs_450x171.png\",\"contentUrl\":\"https:\\\/\\\/www.weine-feinkost.de\\\/unterwegs\\\/wp-content\\\/uploads\\\/2022\\\/10\\\/logo_weinefeinkost_unterwegs_450x171.png\",\"width\":450,\"height\":171,\"caption\":\"Unterwegs mit Weine &amp; Feinkost\"},\"image\":{\"@id\":\"https:\\\/\\\/www.weine-feinkost.de\\\/unterwegs\\\/#\\\/schema\\\/logo\\\/image\\\/\"}},{\"@type\":\"Person\",\"@id\":\"https:\\\/\\\/www.weine-feinkost.de\\\/unterwegs\\\/#\\\/schema\\\/person\\\/c07d66169fd0e04307bfe7cdc99ac26a\",\"name\":\"Christian Fenske\",\"image\":{\"@type\":\"ImageObject\",\"inLanguage\":\"de\",\"@id\":\"https:\\\/\\\/www.weine-feinkost.de\\\/unterwegs\\\/wp-content\\\/uploads\\\/2023\\\/01\\\/cropped-christian_profilbild-96x96.png\",\"url\":\"https:\\\/\\\/www.weine-feinkost.de\\\/unterwegs\\\/wp-content\\\/uploads\\\/2023\\\/01\\\/cropped-christian_profilbild-96x96.png\",\"contentUrl\":\"https:\\\/\\\/www.weine-feinkost.de\\\/unterwegs\\\/wp-content\\\/uploads\\\/2023\\\/01\\\/cropped-christian_profilbild-96x96.png\",\"caption\":\"Christian Fenske\"},\"description\":\"Zusammen an einem Tisch sitzen, gemeinsam zu kommunizieren und zu genie\u00dfen, das ist eine der herausragenden kulturellen Errungenschaft der Menschheit.\",\"url\":\"https:\\\/\\\/www.weine-feinkost.de\\\/unterwegs\\\/author\\\/christian-fenske\\\/\"}]}<\/script>\n<!-- \/ Yoast SEO plugin. -->","yoast_head_json":{"title":"Nakeima Bar - Madrid - Spanien - Unterwegs mit Weine &amp; Feinkost","robots":{"index":"index","follow":"follow","max-snippet":"max-snippet:-1","max-image-preview":"max-image-preview:large","max-video-preview":"max-video-preview:-1"},"canonical":"https:\/\/www.weine-feinkost.de\/unterwegs\/2024\/05\/nakeima-bar-madrid-spanien\/","og_locale":"de_DE","og_type":"article","og_title":"Nakeima Bar - Madrid - Spanien - Unterwegs mit Weine &amp; Feinkost","og_description":"Die Nakeima Bar, bekannt f\u00fcr ihre Madrider Underground-K\u00fcche Die Nakeima Bar wurde bereits im Jahr 2013 gegr\u00fcndet, und seit \u00fcber einem Jahrzehnt sind sich die hier t\u00e4tigen Macher und Kochk\u00fcnstler treu geblieben. Die G\u00e4ste m\u00fcssen sich eine halbe Stunde vor der Er\u00f6ffnung des Restaurants in eine Warteschlange stellen. Dann kommt einer der K\u00f6che aus der ... Weiterlesen","og_url":"https:\/\/www.weine-feinkost.de\/unterwegs\/2024\/05\/nakeima-bar-madrid-spanien\/","og_site_name":"Unterwegs mit Weine &amp; Feinkost","article_published_time":"2024-05-09T15:00:00+00:00","og_image":[{"width":1440,"height":1920,"url":"https:\/\/www.weine-feinkost.de\/unterwegs\/wp-content\/uploads\/2024\/03\/Nakeima_Bar_Madrid_Spanien_5.jpg","type":"image\/jpeg"}],"author":"Christian Fenske","twitter_card":"summary_large_image","twitter_misc":{"Verfasst von":"Christian Fenske","Gesch\u00e4tzte Lesezeit":"8\u00a0Minuten"},"schema":{"@context":"https:\/\/schema.org","@graph":[{"@type":"Article","@id":"https:\/\/www.weine-feinkost.de\/unterwegs\/2024\/05\/nakeima-bar-madrid-spanien\/#article","isPartOf":{"@id":"https:\/\/www.weine-feinkost.de\/unterwegs\/2024\/05\/nakeima-bar-madrid-spanien\/"},"author":{"name":"Christian Fenske","@id":"https:\/\/www.weine-feinkost.de\/unterwegs\/#\/schema\/person\/c07d66169fd0e04307bfe7cdc99ac26a"},"headline":"Nakeima Bar &#8211; Madrid &#8211; Spanien","datePublished":"2024-05-09T15:00:00+00:00","mainEntityOfPage":{"@id":"https:\/\/www.weine-feinkost.de\/unterwegs\/2024\/05\/nakeima-bar-madrid-spanien\/"},"wordCount":297,"commentCount":0,"publisher":{"@id":"https:\/\/www.weine-feinkost.de\/unterwegs\/#organization"},"image":{"@id":"https:\/\/www.weine-feinkost.de\/unterwegs\/2024\/05\/nakeima-bar-madrid-spanien\/#primaryimage"},"thumbnailUrl":"https:\/\/www.weine-feinkost.de\/unterwegs\/wp-content\/uploads\/2024\/03\/Nakeima_Bar_Madrid_Spanien_5.jpg","keywords":["anarchische Punk-K\u00fcche","Aperitif","Chamber\u00ed","Dimsums","Dumplings","ein Jahrzehnt","Ein-Men\u00fc-Konzept","extravagante Salate","faire Preise","Gr\u00fcndung 2013","Guerillak\u00f6che","Kochk\u00fcnstler","Kreativit\u00e4t","Kultgerichte","Madrid","Nakeima Bar","Qualit\u00e4t","Reservierung","rituelles Prozedere","Sushi-Rolls","Untergrundk\u00fcche","Unvertr\u00e4glichkeiten","Warteschlange","Weinauswahl"],"articleSection":["Restaurants","Spanien"],"inLanguage":"de","potentialAction":[{"@type":"CommentAction","name":"Comment","target":["https:\/\/www.weine-feinkost.de\/unterwegs\/2024\/05\/nakeima-bar-madrid-spanien\/#respond"]}]},{"@type":"WebPage","@id":"https:\/\/www.weine-feinkost.de\/unterwegs\/2024\/05\/nakeima-bar-madrid-spanien\/","url":"https:\/\/www.weine-feinkost.de\/unterwegs\/2024\/05\/nakeima-bar-madrid-spanien\/","name":"Nakeima Bar - Madrid - Spanien - Unterwegs mit Weine &amp; Feinkost","isPartOf":{"@id":"https:\/\/www.weine-feinkost.de\/unterwegs\/#website"},"primaryImageOfPage":{"@id":"https:\/\/www.weine-feinkost.de\/unterwegs\/2024\/05\/nakeima-bar-madrid-spanien\/#primaryimage"},"image":{"@id":"https:\/\/www.weine-feinkost.de\/unterwegs\/2024\/05\/nakeima-bar-madrid-spanien\/#primaryimage"},"thumbnailUrl":"https:\/\/www.weine-feinkost.de\/unterwegs\/wp-content\/uploads\/2024\/03\/Nakeima_Bar_Madrid_Spanien_5.jpg","datePublished":"2024-05-09T15:00:00+00:00","breadcrumb":{"@id":"https:\/\/www.weine-feinkost.de\/unterwegs\/2024\/05\/nakeima-bar-madrid-spanien\/#breadcrumb"},"inLanguage":"de","potentialAction":[{"@type":"ReadAction","target":["https:\/\/www.weine-feinkost.de\/unterwegs\/2024\/05\/nakeima-bar-madrid-spanien\/"]}]},{"@type":"ImageObject","inLanguage":"de","@id":"https:\/\/www.weine-feinkost.de\/unterwegs\/2024\/05\/nakeima-bar-madrid-spanien\/#primaryimage","url":"https:\/\/www.weine-feinkost.de\/unterwegs\/wp-content\/uploads\/2024\/03\/Nakeima_Bar_Madrid_Spanien_5.jpg","contentUrl":"https:\/\/www.weine-feinkost.de\/unterwegs\/wp-content\/uploads\/2024\/03\/Nakeima_Bar_Madrid_Spanien_5.jpg","width":1440,"height":1920},{"@type":"BreadcrumbList","@id":"https:\/\/www.weine-feinkost.de\/unterwegs\/2024\/05\/nakeima-bar-madrid-spanien\/#breadcrumb","itemListElement":[{"@type":"ListItem","position":1,"name":"Startseite","item":"https:\/\/www.weine-feinkost.de\/unterwegs\/"},{"@type":"ListItem","position":2,"name":"Nakeima Bar &#8211; Madrid &#8211; Spanien"}]},{"@type":"WebSite","@id":"https:\/\/www.weine-feinkost.de\/unterwegs\/#website","url":"https:\/\/www.weine-feinkost.de\/unterwegs\/","name":"Unterwegs mit Weine &amp; Feinkost","description":"Entdecken Sie Genuss","publisher":{"@id":"https:\/\/www.weine-feinkost.de\/unterwegs\/#organization"},"potentialAction":[{"@type":"SearchAction","target":{"@type":"EntryPoint","urlTemplate":"https:\/\/www.weine-feinkost.de\/unterwegs\/?s={search_term_string}"},"query-input":{"@type":"PropertyValueSpecification","valueRequired":true,"valueName":"search_term_string"}}],"inLanguage":"de"},{"@type":"Organization","@id":"https:\/\/www.weine-feinkost.de\/unterwegs\/#organization","name":"Unterwegs mit Weine &amp; Feinkost","url":"https:\/\/www.weine-feinkost.de\/unterwegs\/","logo":{"@type":"ImageObject","inLanguage":"de","@id":"https:\/\/www.weine-feinkost.de\/unterwegs\/#\/schema\/logo\/image\/","url":"https:\/\/www.weine-feinkost.de\/unterwegs\/wp-content\/uploads\/2022\/10\/logo_weinefeinkost_unterwegs_450x171.png","contentUrl":"https:\/\/www.weine-feinkost.de\/unterwegs\/wp-content\/uploads\/2022\/10\/logo_weinefeinkost_unterwegs_450x171.png","width":450,"height":171,"caption":"Unterwegs mit Weine &amp; Feinkost"},"image":{"@id":"https:\/\/www.weine-feinkost.de\/unterwegs\/#\/schema\/logo\/image\/"}},{"@type":"Person","@id":"https:\/\/www.weine-feinkost.de\/unterwegs\/#\/schema\/person\/c07d66169fd0e04307bfe7cdc99ac26a","name":"Christian Fenske","image":{"@type":"ImageObject","inLanguage":"de","@id":"https:\/\/www.weine-feinkost.de\/unterwegs\/wp-content\/uploads\/2023\/01\/cropped-christian_profilbild-96x96.png","url":"https:\/\/www.weine-feinkost.de\/unterwegs\/wp-content\/uploads\/2023\/01\/cropped-christian_profilbild-96x96.png","contentUrl":"https:\/\/www.weine-feinkost.de\/unterwegs\/wp-content\/uploads\/2023\/01\/cropped-christian_profilbild-96x96.png","caption":"Christian Fenske"},"description":"Zusammen an einem Tisch sitzen, gemeinsam zu kommunizieren und zu genie\u00dfen, das ist eine der herausragenden kulturellen Errungenschaft der Menschheit.","url":"https:\/\/www.weine-feinkost.de\/unterwegs\/author\/christian-fenske\/"}]}},"jetpack_publicize_connections":[],"jetpack_shortlink":"https:\/\/wp.me\/p68Tjo-QZQ","jetpack_sharing_enabled":true,"jetpack_likes_enabled":true,"jetpack_featured_media_url":"https:\/\/www.weine-feinkost.de\/unterwegs\/wp-content\/uploads\/2024\/03\/Nakeima_Bar_Madrid_Spanien_5.jpg","_links":{"self":[{"href":"https:\/\/www.weine-feinkost.de\/unterwegs\/wp-json\/wp\/v2\/posts\/203722","targetHints":{"allow":["GET"]}}],"collection":[{"href":"https:\/\/www.weine-feinkost.de\/unterwegs\/wp-json\/wp\/v2\/posts"}],"about":[{"href":"https:\/\/www.weine-feinkost.de\/unterwegs\/wp-json\/wp\/v2\/types\/post"}],"author":[{"embeddable":true,"href":"https:\/\/www.weine-feinkost.de\/unterwegs\/wp-json\/wp\/v2\/users\/7"}],"replies":[{"embeddable":true,"href":"https:\/\/www.weine-feinkost.de\/unterwegs\/wp-json\/wp\/v2\/comments?post=203722"}],"version-history":[{"count":6,"href":"https:\/\/www.weine-feinkost.de\/unterwegs\/wp-json\/wp\/v2\/posts\/203722\/revisions"}],"predecessor-version":[{"id":204624,"href":"https:\/\/www.weine-feinkost.de\/unterwegs\/wp-json\/wp\/v2\/posts\/203722\/revisions\/204624"}],"wp:featuredmedia":[{"embeddable":true,"href":"https:\/\/www.weine-feinkost.de\/unterwegs\/wp-json\/wp\/v2\/media\/203728"}],"wp:attachment":[{"href":"https:\/\/www.weine-feinkost.de\/unterwegs\/wp-json\/wp\/v2\/media?parent=203722"}],"wp:term":[{"taxonomy":"category","embeddable":true,"href":"https:\/\/www.weine-feinkost.de\/unterwegs\/wp-json\/wp\/v2\/categories?post=203722"},{"taxonomy":"post_tag","embeddable":true,"href":"https:\/\/www.weine-feinkost.de\/unterwegs\/wp-json\/wp\/v2\/tags?post=203722"},{"taxonomy":"post_folder","embeddable":true,"href":"https:\/\/www.weine-feinkost.de\/unterwegs\/wp-json\/wp\/v2\/post_folder?post=203722"}],"curies":[{"name":"wp","href":"https:\/\/api.w.org\/{rel}","templated":true}]}}