{"id":203863,"date":"2024-05-24T17:00:00","date_gmt":"2024-05-24T15:00:00","guid":{"rendered":"https:\/\/www.weine-feinkost.de\/unterwegs\/?p=203863"},"modified":"2024-05-06T08:42:22","modified_gmt":"2024-05-06T06:42:22","slug":"xemei-barcelona-spanien","status":"publish","type":"post","link":"https:\/\/www.weine-feinkost.de\/unterwegs\/2024\/05\/xemei-barcelona-spanien\/","title":{"rendered":"Xemei &#8211; Barcelona &#8211; Spanien"},"content":{"rendered":"\n<h2 class=\"wp-block-heading\">Xemei in Barcelona: Ein venezianisches Juwel, wo Bar\u00e7a-Stars und katalanische K\u00f6che auf Italiens beste Geheimnisse treffen<\/h2>\n\n\n\n<div class=\"wp-block-jetpack-tiled-gallery aligncenter is-style-rectangular\"><div class=\"tiled-gallery__gallery\"><div class=\"tiled-gallery__row\"><div class=\"tiled-gallery__col\" style=\"flex-basis:25.00000%\"><figure class=\"tiled-gallery__item\"><a href=\"https:\/\/www.weine-feinkost.de\/unterwegs\/wp-content\/uploads\/2024\/03\/Xemei_Barcelona_Spanien_4-768x1024.jpg\"><img decoding=\"async\" srcset=\"https:\/\/i0.wp.com\/www.weine-feinkost.de\/unterwegs\/wp-content\/uploads\/2024\/03\/Xemei_Barcelona_Spanien_4-768x1024.jpg?strip=info&#038;w=600&#038;ssl=1 600w,https:\/\/i0.wp.com\/www.weine-feinkost.de\/unterwegs\/wp-content\/uploads\/2024\/03\/Xemei_Barcelona_Spanien_4-768x1024.jpg?strip=info&#038;w=768&#038;ssl=1 768w\" alt=\"\" data-height=\"1920\" data-id=\"203867\" data-link=\"https:\/\/www.weine-feinkost.de\/unterwegs\/?attachment_id=203867#main\" data-url=\"https:\/\/www.weine-feinkost.de\/unterwegs\/wp-content\/uploads\/2024\/03\/Xemei_Barcelona_Spanien_4-768x1024.jpg\" data-width=\"1440\" src=\"https:\/\/i0.wp.com\/www.weine-feinkost.de\/unterwegs\/wp-content\/uploads\/2024\/03\/Xemei_Barcelona_Spanien_4-768x1024.jpg?ssl=1\" data-amp-layout=\"responsive\"\/><\/a><\/figure><\/div><div class=\"tiled-gallery__col\" style=\"flex-basis:25.00000%\"><figure class=\"tiled-gallery__item\"><a href=\"https:\/\/www.weine-feinkost.de\/unterwegs\/wp-content\/uploads\/2024\/03\/Xemei_Barcelona_Spanien_6-768x1024.jpg\"><img decoding=\"async\" srcset=\"https:\/\/i0.wp.com\/www.weine-feinkost.de\/unterwegs\/wp-content\/uploads\/2024\/03\/Xemei_Barcelona_Spanien_6-768x1024.jpg?strip=info&#038;w=600&#038;ssl=1 600w,https:\/\/i0.wp.com\/www.weine-feinkost.de\/unterwegs\/wp-content\/uploads\/2024\/03\/Xemei_Barcelona_Spanien_6-768x1024.jpg?strip=info&#038;w=768&#038;ssl=1 768w\" alt=\"\" data-height=\"1920\" data-id=\"203869\" data-link=\"https:\/\/www.weine-feinkost.de\/unterwegs\/?attachment_id=203869#main\" data-url=\"https:\/\/www.weine-feinkost.de\/unterwegs\/wp-content\/uploads\/2024\/03\/Xemei_Barcelona_Spanien_6-768x1024.jpg\" data-width=\"1440\" src=\"https:\/\/i0.wp.com\/www.weine-feinkost.de\/unterwegs\/wp-content\/uploads\/2024\/03\/Xemei_Barcelona_Spanien_6-768x1024.jpg?ssl=1\" data-amp-layout=\"responsive\"\/><\/a><\/figure><\/div><div class=\"tiled-gallery__col\" style=\"flex-basis:25.00000%\"><figure class=\"tiled-gallery__item\"><a href=\"https:\/\/www.weine-feinkost.de\/unterwegs\/wp-content\/uploads\/2024\/03\/Xemei_Barcelona_Spanien_13-768x1024.jpg\"><img decoding=\"async\" srcset=\"https:\/\/i0.wp.com\/www.weine-feinkost.de\/unterwegs\/wp-content\/uploads\/2024\/03\/Xemei_Barcelona_Spanien_13-768x1024.jpg?strip=info&#038;w=600&#038;ssl=1 600w,https:\/\/i0.wp.com\/www.weine-feinkost.de\/unterwegs\/wp-content\/uploads\/2024\/03\/Xemei_Barcelona_Spanien_13-768x1024.jpg?strip=info&#038;w=768&#038;ssl=1 768w\" alt=\"\" data-height=\"1920\" data-id=\"203875\" data-link=\"https:\/\/www.weine-feinkost.de\/unterwegs\/?attachment_id=203875#main\" data-url=\"https:\/\/www.weine-feinkost.de\/unterwegs\/wp-content\/uploads\/2024\/03\/Xemei_Barcelona_Spanien_13-768x1024.jpg\" data-width=\"1440\" src=\"https:\/\/i0.wp.com\/www.weine-feinkost.de\/unterwegs\/wp-content\/uploads\/2024\/03\/Xemei_Barcelona_Spanien_13-768x1024.jpg?ssl=1\" data-amp-layout=\"responsive\"\/><\/a><\/figure><\/div><div class=\"tiled-gallery__col\" style=\"flex-basis:25.00000%\"><figure class=\"tiled-gallery__item\"><a href=\"https:\/\/www.weine-feinkost.de\/unterwegs\/wp-content\/uploads\/2024\/03\/Xemei_Barcelona_Spanien_17-768x1024.jpg\"><img decoding=\"async\" srcset=\"https:\/\/i2.wp.com\/www.weine-feinkost.de\/unterwegs\/wp-content\/uploads\/2024\/03\/Xemei_Barcelona_Spanien_17-768x1024.jpg?strip=info&#038;w=600&#038;ssl=1 600w,https:\/\/i2.wp.com\/www.weine-feinkost.de\/unterwegs\/wp-content\/uploads\/2024\/03\/Xemei_Barcelona_Spanien_17-768x1024.jpg?strip=info&#038;w=768&#038;ssl=1 768w\" alt=\"\" data-height=\"1920\" data-id=\"203879\" data-link=\"https:\/\/www.weine-feinkost.de\/unterwegs\/?attachment_id=203879#main\" data-url=\"https:\/\/www.weine-feinkost.de\/unterwegs\/wp-content\/uploads\/2024\/03\/Xemei_Barcelona_Spanien_17-768x1024.jpg\" data-width=\"1440\" src=\"https:\/\/i2.wp.com\/www.weine-feinkost.de\/unterwegs\/wp-content\/uploads\/2024\/03\/Xemei_Barcelona_Spanien_17-768x1024.jpg?ssl=1\" data-amp-layout=\"responsive\"\/><\/a><\/figure><\/div><\/div><div class=\"tiled-gallery__row\"><div class=\"tiled-gallery__col\" style=\"flex-basis:25.00000%\"><figure class=\"tiled-gallery__item\"><a href=\"https:\/\/www.weine-feinkost.de\/unterwegs\/wp-content\/uploads\/2024\/03\/Xemei_Barcelona_Spanien_18-768x1024.jpg\"><img decoding=\"async\" srcset=\"https:\/\/i2.wp.com\/www.weine-feinkost.de\/unterwegs\/wp-content\/uploads\/2024\/03\/Xemei_Barcelona_Spanien_18-768x1024.jpg?strip=info&#038;w=600&#038;ssl=1 600w,https:\/\/i2.wp.com\/www.weine-feinkost.de\/unterwegs\/wp-content\/uploads\/2024\/03\/Xemei_Barcelona_Spanien_18-768x1024.jpg?strip=info&#038;w=768&#038;ssl=1 768w\" alt=\"\" data-height=\"1920\" data-id=\"203880\" data-link=\"https:\/\/www.weine-feinkost.de\/unterwegs\/?attachment_id=203880#main\" data-url=\"https:\/\/www.weine-feinkost.de\/unterwegs\/wp-content\/uploads\/2024\/03\/Xemei_Barcelona_Spanien_18-768x1024.jpg\" data-width=\"1440\" src=\"https:\/\/i2.wp.com\/www.weine-feinkost.de\/unterwegs\/wp-content\/uploads\/2024\/03\/Xemei_Barcelona_Spanien_18-768x1024.jpg?ssl=1\" data-amp-layout=\"responsive\"\/><\/a><\/figure><\/div><div class=\"tiled-gallery__col\" style=\"flex-basis:25.00000%\"><figure class=\"tiled-gallery__item\"><a href=\"https:\/\/www.weine-feinkost.de\/unterwegs\/wp-content\/uploads\/2024\/03\/Xemei_Barcelona_Spanien_19-768x1024.jpg\"><img decoding=\"async\" srcset=\"https:\/\/i1.wp.com\/www.weine-feinkost.de\/unterwegs\/wp-content\/uploads\/2024\/03\/Xemei_Barcelona_Spanien_19-768x1024.jpg?strip=info&#038;w=600&#038;ssl=1 600w,https:\/\/i1.wp.com\/www.weine-feinkost.de\/unterwegs\/wp-content\/uploads\/2024\/03\/Xemei_Barcelona_Spanien_19-768x1024.jpg?strip=info&#038;w=768&#038;ssl=1 768w\" alt=\"\" data-height=\"1920\" data-id=\"203881\" data-link=\"https:\/\/www.weine-feinkost.de\/unterwegs\/?attachment_id=203881#main\" data-url=\"https:\/\/www.weine-feinkost.de\/unterwegs\/wp-content\/uploads\/2024\/03\/Xemei_Barcelona_Spanien_19-768x1024.jpg\" data-width=\"1440\" src=\"https:\/\/i1.wp.com\/www.weine-feinkost.de\/unterwegs\/wp-content\/uploads\/2024\/03\/Xemei_Barcelona_Spanien_19-768x1024.jpg?ssl=1\" data-amp-layout=\"responsive\"\/><\/a><\/figure><\/div><div class=\"tiled-gallery__col\" style=\"flex-basis:25.00000%\"><figure class=\"tiled-gallery__item\"><a href=\"https:\/\/www.weine-feinkost.de\/unterwegs\/wp-content\/uploads\/2024\/03\/Xemei_Barcelona_Spanien_3-768x1024.jpg\"><img decoding=\"async\" srcset=\"https:\/\/i0.wp.com\/www.weine-feinkost.de\/unterwegs\/wp-content\/uploads\/2024\/03\/Xemei_Barcelona_Spanien_3-768x1024.jpg?strip=info&#038;w=600&#038;ssl=1 600w,https:\/\/i0.wp.com\/www.weine-feinkost.de\/unterwegs\/wp-content\/uploads\/2024\/03\/Xemei_Barcelona_Spanien_3-768x1024.jpg?strip=info&#038;w=768&#038;ssl=1 768w\" alt=\"\" data-height=\"1920\" data-id=\"203866\" data-link=\"https:\/\/www.weine-feinkost.de\/unterwegs\/?attachment_id=203866#main\" data-url=\"https:\/\/www.weine-feinkost.de\/unterwegs\/wp-content\/uploads\/2024\/03\/Xemei_Barcelona_Spanien_3-768x1024.jpg\" data-width=\"1440\" src=\"https:\/\/i0.wp.com\/www.weine-feinkost.de\/unterwegs\/wp-content\/uploads\/2024\/03\/Xemei_Barcelona_Spanien_3-768x1024.jpg?ssl=1\" data-amp-layout=\"responsive\"\/><\/a><\/figure><\/div><div class=\"tiled-gallery__col\" style=\"flex-basis:25.00000%\"><figure class=\"tiled-gallery__item\"><a href=\"https:\/\/www.weine-feinkost.de\/unterwegs\/wp-content\/uploads\/2024\/03\/Xemei_Barcelona_Spanien2-768x1024.jpg\"><img decoding=\"async\" srcset=\"https:\/\/i2.wp.com\/www.weine-feinkost.de\/unterwegs\/wp-content\/uploads\/2024\/03\/Xemei_Barcelona_Spanien2-768x1024.jpg?strip=info&#038;w=600&#038;ssl=1 600w,https:\/\/i2.wp.com\/www.weine-feinkost.de\/unterwegs\/wp-content\/uploads\/2024\/03\/Xemei_Barcelona_Spanien2-768x1024.jpg?strip=info&#038;w=768&#038;ssl=1 768w\" alt=\"\" data-height=\"1920\" data-id=\"203882\" data-link=\"https:\/\/www.weine-feinkost.de\/unterwegs\/?attachment_id=203882#main\" data-url=\"https:\/\/www.weine-feinkost.de\/unterwegs\/wp-content\/uploads\/2024\/03\/Xemei_Barcelona_Spanien2-768x1024.jpg\" data-width=\"1440\" src=\"https:\/\/i2.wp.com\/www.weine-feinkost.de\/unterwegs\/wp-content\/uploads\/2024\/03\/Xemei_Barcelona_Spanien2-768x1024.jpg?ssl=1\" data-amp-layout=\"responsive\"\/><\/a><\/figure><\/div><\/div><\/div><\/div>\n\n\n\n<p class=\"has-drop-cap\">Das Wort &#8222;<strong>Xemei<\/strong>&#8220; steht im venezianischen Dialekt f\u00fcr &#8222;Zwilling&#8220;. So haben die Zwillinge Max und Stefano folgerichtig ihr Restaurant in Barcelona im Stadtteil Poble-sec genannt. Hier werden in einem herzlichen und urbanen Ambiente beste norditalienische Speisen gereicht. Burrata, Sardellen, diverse Pasta-Spezialit\u00e4ten, Kalbsleber, Lamm- und Fischgerichte sind hier in Katalonien heimisch geworden. Eine spannende Weinkarte, haupts\u00e4chlich mit Naturweinen, und leckere Desserts runden das kleine, feine Angebot ab. Es wird gemunkelt, dass der eine oder andere Bar\u00e7a-Spieler hier sein Nahrungspensum optimal erg\u00e4nzt und auch viele katalanische K\u00f6che sich hier ab und an zur leckeren Pasta und zum Austausch blicken lassen. Das ist verst\u00e4ndlich, denn so lecker wird man selbst in der Genussmetropole Barcelona selten italienisch, pardon, venezianisch essen k\u00f6nnen. So viel Zeit muss schon sein. Buon appetito.<\/p>\n\n\n\n<div class=\"wp-block-jetpack-tiled-gallery aligncenter is-style-rectangular\"><div class=\"tiled-gallery__gallery\"><div class=\"tiled-gallery__row\"><div class=\"tiled-gallery__col\" style=\"flex-basis:25.00000%\"><figure class=\"tiled-gallery__item\"><a href=\"https:\/\/www.weine-feinkost.de\/unterwegs\/wp-content\/uploads\/2024\/03\/Xemei_Barcelona_Spanien_5-768x1024.jpg\"><img decoding=\"async\" srcset=\"https:\/\/i0.wp.com\/www.weine-feinkost.de\/unterwegs\/wp-content\/uploads\/2024\/03\/Xemei_Barcelona_Spanien_5-768x1024.jpg?strip=info&#038;w=600&#038;ssl=1 600w,https:\/\/i0.wp.com\/www.weine-feinkost.de\/unterwegs\/wp-content\/uploads\/2024\/03\/Xemei_Barcelona_Spanien_5-768x1024.jpg?strip=info&#038;w=768&#038;ssl=1 768w\" alt=\"\" data-height=\"1920\" data-id=\"203868\" data-link=\"https:\/\/www.weine-feinkost.de\/unterwegs\/?attachment_id=203868#main\" data-url=\"https:\/\/www.weine-feinkost.de\/unterwegs\/wp-content\/uploads\/2024\/03\/Xemei_Barcelona_Spanien_5-768x1024.jpg\" data-width=\"1440\" src=\"https:\/\/i0.wp.com\/www.weine-feinkost.de\/unterwegs\/wp-content\/uploads\/2024\/03\/Xemei_Barcelona_Spanien_5-768x1024.jpg?ssl=1\" data-amp-layout=\"responsive\"\/><\/a><\/figure><\/div><div class=\"tiled-gallery__col\" style=\"flex-basis:25.00000%\"><figure class=\"tiled-gallery__item\"><a href=\"https:\/\/www.weine-feinkost.de\/unterwegs\/wp-content\/uploads\/2024\/03\/Xemei_Barcelona_Spanien_7-768x1024.jpg\"><img decoding=\"async\" srcset=\"https:\/\/i2.wp.com\/www.weine-feinkost.de\/unterwegs\/wp-content\/uploads\/2024\/03\/Xemei_Barcelona_Spanien_7-768x1024.jpg?strip=info&#038;w=600&#038;ssl=1 600w,https:\/\/i2.wp.com\/www.weine-feinkost.de\/unterwegs\/wp-content\/uploads\/2024\/03\/Xemei_Barcelona_Spanien_7-768x1024.jpg?strip=info&#038;w=768&#038;ssl=1 768w\" alt=\"\" data-height=\"1920\" data-id=\"203870\" data-link=\"https:\/\/www.weine-feinkost.de\/unterwegs\/?attachment_id=203870#main\" data-url=\"https:\/\/www.weine-feinkost.de\/unterwegs\/wp-content\/uploads\/2024\/03\/Xemei_Barcelona_Spanien_7-768x1024.jpg\" data-width=\"1440\" src=\"https:\/\/i2.wp.com\/www.weine-feinkost.de\/unterwegs\/wp-content\/uploads\/2024\/03\/Xemei_Barcelona_Spanien_7-768x1024.jpg?ssl=1\" data-amp-layout=\"responsive\"\/><\/a><\/figure><\/div><div class=\"tiled-gallery__col\" style=\"flex-basis:25.00000%\"><figure class=\"tiled-gallery__item\"><a href=\"https:\/\/www.weine-feinkost.de\/unterwegs\/wp-content\/uploads\/2024\/03\/Xemei_Barcelona_Spanien_8-768x1024.jpg\"><img decoding=\"async\" srcset=\"https:\/\/i1.wp.com\/www.weine-feinkost.de\/unterwegs\/wp-content\/uploads\/2024\/03\/Xemei_Barcelona_Spanien_8-768x1024.jpg?strip=info&#038;w=600&#038;ssl=1 600w,https:\/\/i1.wp.com\/www.weine-feinkost.de\/unterwegs\/wp-content\/uploads\/2024\/03\/Xemei_Barcelona_Spanien_8-768x1024.jpg?strip=info&#038;w=768&#038;ssl=1 768w\" alt=\"\" data-height=\"1920\" data-id=\"203871\" data-link=\"https:\/\/www.weine-feinkost.de\/unterwegs\/?attachment_id=203871#main\" data-url=\"https:\/\/www.weine-feinkost.de\/unterwegs\/wp-content\/uploads\/2024\/03\/Xemei_Barcelona_Spanien_8-768x1024.jpg\" data-width=\"1440\" src=\"https:\/\/i1.wp.com\/www.weine-feinkost.de\/unterwegs\/wp-content\/uploads\/2024\/03\/Xemei_Barcelona_Spanien_8-768x1024.jpg?ssl=1\" data-amp-layout=\"responsive\"\/><\/a><\/figure><\/div><div class=\"tiled-gallery__col\" style=\"flex-basis:25.00000%\"><figure class=\"tiled-gallery__item\"><a href=\"https:\/\/www.weine-feinkost.de\/unterwegs\/wp-content\/uploads\/2024\/03\/Xemei_Barcelona_Spanien_9-768x1024.jpg\"><img decoding=\"async\" srcset=\"https:\/\/i0.wp.com\/www.weine-feinkost.de\/unterwegs\/wp-content\/uploads\/2024\/03\/Xemei_Barcelona_Spanien_9-768x1024.jpg?strip=info&#038;w=600&#038;ssl=1 600w,https:\/\/i0.wp.com\/www.weine-feinkost.de\/unterwegs\/wp-content\/uploads\/2024\/03\/Xemei_Barcelona_Spanien_9-768x1024.jpg?strip=info&#038;w=768&#038;ssl=1 768w\" alt=\"\" data-height=\"1920\" data-id=\"203872\" data-link=\"https:\/\/www.weine-feinkost.de\/unterwegs\/?attachment_id=203872#main\" data-url=\"https:\/\/www.weine-feinkost.de\/unterwegs\/wp-content\/uploads\/2024\/03\/Xemei_Barcelona_Spanien_9-768x1024.jpg\" data-width=\"1440\" src=\"https:\/\/i0.wp.com\/www.weine-feinkost.de\/unterwegs\/wp-content\/uploads\/2024\/03\/Xemei_Barcelona_Spanien_9-768x1024.jpg?ssl=1\" data-amp-layout=\"responsive\"\/><\/a><\/figure><\/div><\/div><div class=\"tiled-gallery__row\"><div class=\"tiled-gallery__col\" style=\"flex-basis:33.33333%\"><figure class=\"tiled-gallery__item\"><a href=\"https:\/\/www.weine-feinkost.de\/unterwegs\/wp-content\/uploads\/2024\/03\/Xemei_Barcelona_Spanien_11-768x1024.jpg\"><img decoding=\"async\" srcset=\"https:\/\/i0.wp.com\/www.weine-feinkost.de\/unterwegs\/wp-content\/uploads\/2024\/03\/Xemei_Barcelona_Spanien_11-768x1024.jpg?strip=info&#038;w=600&#038;ssl=1 600w,https:\/\/i0.wp.com\/www.weine-feinkost.de\/unterwegs\/wp-content\/uploads\/2024\/03\/Xemei_Barcelona_Spanien_11-768x1024.jpg?strip=info&#038;w=768&#038;ssl=1 768w\" alt=\"\" data-height=\"1920\" data-id=\"203873\" data-link=\"https:\/\/www.weine-feinkost.de\/unterwegs\/?attachment_id=203873#main\" data-url=\"https:\/\/www.weine-feinkost.de\/unterwegs\/wp-content\/uploads\/2024\/03\/Xemei_Barcelona_Spanien_11-768x1024.jpg\" data-width=\"1440\" src=\"https:\/\/i0.wp.com\/www.weine-feinkost.de\/unterwegs\/wp-content\/uploads\/2024\/03\/Xemei_Barcelona_Spanien_11-768x1024.jpg?ssl=1\" data-amp-layout=\"responsive\"\/><\/a><\/figure><\/div><div class=\"tiled-gallery__col\" style=\"flex-basis:33.33333%\"><figure class=\"tiled-gallery__item\"><a href=\"https:\/\/www.weine-feinkost.de\/unterwegs\/wp-content\/uploads\/2024\/03\/Xemei_Barcelona_Spanien_12-768x1024.jpg\"><img decoding=\"async\" srcset=\"https:\/\/i0.wp.com\/www.weine-feinkost.de\/unterwegs\/wp-content\/uploads\/2024\/03\/Xemei_Barcelona_Spanien_12-768x1024.jpg?strip=info&#038;w=600&#038;ssl=1 600w,https:\/\/i0.wp.com\/www.weine-feinkost.de\/unterwegs\/wp-content\/uploads\/2024\/03\/Xemei_Barcelona_Spanien_12-768x1024.jpg?strip=info&#038;w=768&#038;ssl=1 768w\" alt=\"\" data-height=\"1920\" data-id=\"203874\" data-link=\"https:\/\/www.weine-feinkost.de\/unterwegs\/?attachment_id=203874#main\" data-url=\"https:\/\/www.weine-feinkost.de\/unterwegs\/wp-content\/uploads\/2024\/03\/Xemei_Barcelona_Spanien_12-768x1024.jpg\" data-width=\"1440\" src=\"https:\/\/i0.wp.com\/www.weine-feinkost.de\/unterwegs\/wp-content\/uploads\/2024\/03\/Xemei_Barcelona_Spanien_12-768x1024.jpg?ssl=1\" data-amp-layout=\"responsive\"\/><\/a><\/figure><\/div><div class=\"tiled-gallery__col\" style=\"flex-basis:33.33333%\"><figure class=\"tiled-gallery__item\"><a href=\"https:\/\/www.weine-feinkost.de\/unterwegs\/wp-content\/uploads\/2024\/03\/Xemei_Barcelona_Spanien_14-768x1024.jpg\"><img decoding=\"async\" srcset=\"https:\/\/i2.wp.com\/www.weine-feinkost.de\/unterwegs\/wp-content\/uploads\/2024\/03\/Xemei_Barcelona_Spanien_14-768x1024.jpg?strip=info&#038;w=600&#038;ssl=1 600w,https:\/\/i2.wp.com\/www.weine-feinkost.de\/unterwegs\/wp-content\/uploads\/2024\/03\/Xemei_Barcelona_Spanien_14-768x1024.jpg?strip=info&#038;w=768&#038;ssl=1 768w\" alt=\"\" data-height=\"1920\" data-id=\"203876\" data-link=\"https:\/\/www.weine-feinkost.de\/unterwegs\/?attachment_id=203876#main\" data-url=\"https:\/\/www.weine-feinkost.de\/unterwegs\/wp-content\/uploads\/2024\/03\/Xemei_Barcelona_Spanien_14-768x1024.jpg\" data-width=\"1440\" src=\"https:\/\/i2.wp.com\/www.weine-feinkost.de\/unterwegs\/wp-content\/uploads\/2024\/03\/Xemei_Barcelona_Spanien_14-768x1024.jpg?ssl=1\" data-amp-layout=\"responsive\"\/><\/a><\/figure><\/div><\/div><div class=\"tiled-gallery__row\"><div class=\"tiled-gallery__col\" style=\"flex-basis:50.00000%\"><figure class=\"tiled-gallery__item\"><a href=\"https:\/\/www.weine-feinkost.de\/unterwegs\/wp-content\/uploads\/2024\/03\/Xemei_Barcelona_Spanien_15-768x1024.jpg\"><img decoding=\"async\" srcset=\"https:\/\/i1.wp.com\/www.weine-feinkost.de\/unterwegs\/wp-content\/uploads\/2024\/03\/Xemei_Barcelona_Spanien_15-768x1024.jpg?strip=info&#038;w=600&#038;ssl=1 600w,https:\/\/i1.wp.com\/www.weine-feinkost.de\/unterwegs\/wp-content\/uploads\/2024\/03\/Xemei_Barcelona_Spanien_15-768x1024.jpg?strip=info&#038;w=768&#038;ssl=1 768w\" alt=\"\" data-height=\"1920\" data-id=\"203877\" data-link=\"https:\/\/www.weine-feinkost.de\/unterwegs\/?attachment_id=203877#main\" data-url=\"https:\/\/www.weine-feinkost.de\/unterwegs\/wp-content\/uploads\/2024\/03\/Xemei_Barcelona_Spanien_15-768x1024.jpg\" data-width=\"1440\" src=\"https:\/\/i1.wp.com\/www.weine-feinkost.de\/unterwegs\/wp-content\/uploads\/2024\/03\/Xemei_Barcelona_Spanien_15-768x1024.jpg?ssl=1\" data-amp-layout=\"responsive\"\/><\/a><\/figure><\/div><div class=\"tiled-gallery__col\" style=\"flex-basis:50.00000%\"><figure class=\"tiled-gallery__item\"><a href=\"https:\/\/www.weine-feinkost.de\/unterwegs\/wp-content\/uploads\/2024\/03\/Xemei_Barcelona_Spanien_16-768x1024.jpg\"><img decoding=\"async\" srcset=\"https:\/\/i2.wp.com\/www.weine-feinkost.de\/unterwegs\/wp-content\/uploads\/2024\/03\/Xemei_Barcelona_Spanien_16-768x1024.jpg?strip=info&#038;w=600&#038;ssl=1 600w,https:\/\/i2.wp.com\/www.weine-feinkost.de\/unterwegs\/wp-content\/uploads\/2024\/03\/Xemei_Barcelona_Spanien_16-768x1024.jpg?strip=info&#038;w=768&#038;ssl=1 768w\" alt=\"\" data-height=\"1920\" data-id=\"203878\" data-link=\"https:\/\/www.weine-feinkost.de\/unterwegs\/?attachment_id=203878#main\" data-url=\"https:\/\/www.weine-feinkost.de\/unterwegs\/wp-content\/uploads\/2024\/03\/Xemei_Barcelona_Spanien_16-768x1024.jpg\" data-width=\"1440\" src=\"https:\/\/i2.wp.com\/www.weine-feinkost.de\/unterwegs\/wp-content\/uploads\/2024\/03\/Xemei_Barcelona_Spanien_16-768x1024.jpg?ssl=1\" data-amp-layout=\"responsive\"\/><\/a><\/figure><\/div><\/div><\/div><\/div>\n\n\n\n<p><em>Tomatensalat mit Raf Tomaten und Burrata, Sesam und Mandeln \/ junge Erbsen mit Eigelb und Bottarga \/ <em>konfierte Artischoken \/<\/em>Spaghetti Chitarra mit Tomate \/ Bigoli en salsa venexiana mit s\u00fc\u00dfen Zwiebeln und Anchovis \/ Macheroncini Cacio &amp; pepe \/ Parmesan-K\u00e4se Kuchen \/ Panna Cotta mit Kiwi \/ Tiramisu.<\/em><\/p>\n\n\n\n<p><strong>Xemei<\/strong>, Pg. de l&#8217;Exposici\u00f3, 85, Sants-Montju\u00efc, 08004 Barcelona, Spanien, Telefon: +34 935 53 51 40, <a href=\"https:\/\/www.xemei.es\/\">https:\/\/www.xemei.es\/<\/a><\/p>\n","protected":false},"excerpt":{"rendered":"<p>Xemei in Barcelona: Ein venezianisches Juwel, wo Bar\u00e7a-Stars und katalanische K\u00f6che auf Italiens beste Geheimnisse treffen Das Wort &#8222;Xemei&#8220; steht im venezianischen Dialekt f\u00fcr &#8222;Zwilling&#8220;. So haben die Zwillinge Max und Stefano folgerichtig ihr Restaurant in Barcelona im Stadtteil Poble-sec genannt. Hier werden in einem herzlichen und urbanen Ambiente beste norditalienische Speisen gereicht. Burrata, Sardellen, &#8230; <a title=\"Xemei &#8211; Barcelona &#8211; Spanien\" class=\"read-more\" href=\"https:\/\/www.weine-feinkost.de\/unterwegs\/2024\/05\/xemei-barcelona-spanien\/\" aria-label=\"Mehr dazu unter Xemei &#8211; Barcelona &#8211; Spanien\">Weiterlesen<\/a><\/p>\n","protected":false},"author":7,"featured_media":203865,"comment_status":"open","ping_status":"open","sticky":false,"template":"","format":"standard","meta":{"_jetpack_newsletter_access":"","_jetpack_dont_email_post_to_subs":false,"_jetpack_newsletter_tier_id":0,"_jetpack_memberships_contains_paywalled_content":false,"_jetpack_feature_clip_id":0,"_jetpack_memberships_contains_paid_content":false,"footnotes":"","jetpack_publicize_message":"","jetpack_publicize_feature_enabled":true,"jetpack_social_post_already_shared":true,"jetpack_social_options":{"image_generator_settings":{"template":"highway","default_image_id":0,"font":"","enabled":false},"version":2},"jetpack_post_was_ever_published":false},"categories":[13,30],"tags":[8204,72,8206,8205,3798,2713,8203,8202,8201,8200],"post_folder":[],"class_list":["post-203863","post","type-post","status-publish","format-standard","has-post-thumbnail","hentry","category-restaurants","category-spanien-restaurants","tag-barca-spieler","tag-barcelona","tag-italienische-desserts","tag-katalanische-koeche","tag-kulinarisches-erlebnis","tag-naturweine","tag-norditalienische-spezialitaeten","tag-poble-sec","tag-venezianische-kueche","tag-xemei"],"yoast_head":"<!-- This site is optimized with the Yoast SEO plugin v28.3 - https:\/\/yoast.com\/product\/yoast-seo-wordpress\/ -->\n<title>Xemei - Barcelona - Spanien - Unterwegs mit Weine &amp; Feinkost<\/title>\n<meta name=\"robots\" content=\"index, follow, max-snippet:-1, max-image-preview:large, max-video-preview:-1\" \/>\n<link rel=\"canonical\" href=\"https:\/\/www.weine-feinkost.de\/unterwegs\/2024\/05\/xemei-barcelona-spanien\/\" \/>\n<meta property=\"og:locale\" content=\"de_DE\" \/>\n<meta property=\"og:type\" content=\"article\" \/>\n<meta property=\"og:title\" content=\"Xemei - Barcelona - Spanien - Unterwegs mit Weine &amp; Feinkost\" \/>\n<meta property=\"og:description\" content=\"Xemei in Barcelona: Ein venezianisches Juwel, wo Bar\u00e7a-Stars und katalanische K\u00f6che auf Italiens beste Geheimnisse treffen Das Wort &#8222;Xemei&#8220; steht im venezianischen Dialekt f\u00fcr &#8222;Zwilling&#8220;. So haben die Zwillinge Max und Stefano folgerichtig ihr Restaurant in Barcelona im Stadtteil Poble-sec genannt. Hier werden in einem herzlichen und urbanen Ambiente beste norditalienische Speisen gereicht. Burrata, Sardellen, ... Weiterlesen\" \/>\n<meta property=\"og:url\" content=\"https:\/\/www.weine-feinkost.de\/unterwegs\/2024\/05\/xemei-barcelona-spanien\/\" \/>\n<meta property=\"og:site_name\" content=\"Unterwegs mit Weine &amp; Feinkost\" \/>\n<meta property=\"article:published_time\" content=\"2024-05-24T15:00:00+00:00\" \/>\n<meta property=\"og:image\" content=\"https:\/\/www.weine-feinkost.de\/unterwegs\/wp-content\/uploads\/2024\/03\/Xemei_Barcelona_Spanien_1.jpg\" \/>\n\t<meta property=\"og:image:width\" content=\"1920\" \/>\n\t<meta property=\"og:image:height\" content=\"1440\" \/>\n\t<meta property=\"og:image:type\" content=\"image\/jpeg\" \/>\n<meta name=\"author\" content=\"Christian Fenske\" \/>\n<meta name=\"twitter:card\" content=\"summary_large_image\" \/>\n<meta name=\"twitter:label1\" content=\"Verfasst von\" \/>\n\t<meta name=\"twitter:data1\" content=\"Christian Fenske\" \/>\n\t<meta name=\"twitter:label2\" content=\"Gesch\u00e4tzte Lesezeit\" \/>\n\t<meta name=\"twitter:data2\" content=\"5\u00a0Minuten\" \/>\n<script type=\"application\/ld+json\" class=\"yoast-schema-graph\">{\"@context\":\"https:\\\/\\\/schema.org\",\"@graph\":[{\"@type\":\"Article\",\"@id\":\"https:\\\/\\\/www.weine-feinkost.de\\\/unterwegs\\\/2024\\\/05\\\/xemei-barcelona-spanien\\\/#article\",\"isPartOf\":{\"@id\":\"https:\\\/\\\/www.weine-feinkost.de\\\/unterwegs\\\/2024\\\/05\\\/xemei-barcelona-spanien\\\/\"},\"author\":{\"name\":\"Christian Fenske\",\"@id\":\"https:\\\/\\\/www.weine-feinkost.de\\\/unterwegs\\\/#\\\/schema\\\/person\\\/c07d66169fd0e04307bfe7cdc99ac26a\"},\"headline\":\"Xemei &#8211; Barcelona &#8211; Spanien\",\"datePublished\":\"2024-05-24T15:00:00+00:00\",\"mainEntityOfPage\":{\"@id\":\"https:\\\/\\\/www.weine-feinkost.de\\\/unterwegs\\\/2024\\\/05\\\/xemei-barcelona-spanien\\\/\"},\"wordCount\":213,\"commentCount\":0,\"publisher\":{\"@id\":\"https:\\\/\\\/www.weine-feinkost.de\\\/unterwegs\\\/#organization\"},\"image\":{\"@id\":\"https:\\\/\\\/www.weine-feinkost.de\\\/unterwegs\\\/2024\\\/05\\\/xemei-barcelona-spanien\\\/#primaryimage\"},\"thumbnailUrl\":\"https:\\\/\\\/www.weine-feinkost.de\\\/unterwegs\\\/wp-content\\\/uploads\\\/2024\\\/03\\\/Xemei_Barcelona_Spanien_1.jpg\",\"keywords\":[\"Bar\u00e7a-Spieler\",\"Barcelona\",\"italienische Desserts\",\"katalanische K\u00f6che\",\"kulinarisches Erlebnis\",\"Naturweine\",\"norditalienische Spezialit\u00e4ten\",\"Poble-sec\",\"venezianische K\u00fcche\",\"Xemei\"],\"articleSection\":[\"Restaurants\",\"Spanien\"],\"inLanguage\":\"de\",\"potentialAction\":[{\"@type\":\"CommentAction\",\"name\":\"Comment\",\"target\":[\"https:\\\/\\\/www.weine-feinkost.de\\\/unterwegs\\\/2024\\\/05\\\/xemei-barcelona-spanien\\\/#respond\"]}]},{\"@type\":\"WebPage\",\"@id\":\"https:\\\/\\\/www.weine-feinkost.de\\\/unterwegs\\\/2024\\\/05\\\/xemei-barcelona-spanien\\\/\",\"url\":\"https:\\\/\\\/www.weine-feinkost.de\\\/unterwegs\\\/2024\\\/05\\\/xemei-barcelona-spanien\\\/\",\"name\":\"Xemei - Barcelona - Spanien - Unterwegs mit Weine &amp; Feinkost\",\"isPartOf\":{\"@id\":\"https:\\\/\\\/www.weine-feinkost.de\\\/unterwegs\\\/#website\"},\"primaryImageOfPage\":{\"@id\":\"https:\\\/\\\/www.weine-feinkost.de\\\/unterwegs\\\/2024\\\/05\\\/xemei-barcelona-spanien\\\/#primaryimage\"},\"image\":{\"@id\":\"https:\\\/\\\/www.weine-feinkost.de\\\/unterwegs\\\/2024\\\/05\\\/xemei-barcelona-spanien\\\/#primaryimage\"},\"thumbnailUrl\":\"https:\\\/\\\/www.weine-feinkost.de\\\/unterwegs\\\/wp-content\\\/uploads\\\/2024\\\/03\\\/Xemei_Barcelona_Spanien_1.jpg\",\"datePublished\":\"2024-05-24T15:00:00+00:00\",\"breadcrumb\":{\"@id\":\"https:\\\/\\\/www.weine-feinkost.de\\\/unterwegs\\\/2024\\\/05\\\/xemei-barcelona-spanien\\\/#breadcrumb\"},\"inLanguage\":\"de\",\"potentialAction\":[{\"@type\":\"ReadAction\",\"target\":[\"https:\\\/\\\/www.weine-feinkost.de\\\/unterwegs\\\/2024\\\/05\\\/xemei-barcelona-spanien\\\/\"]}]},{\"@type\":\"ImageObject\",\"inLanguage\":\"de\",\"@id\":\"https:\\\/\\\/www.weine-feinkost.de\\\/unterwegs\\\/2024\\\/05\\\/xemei-barcelona-spanien\\\/#primaryimage\",\"url\":\"https:\\\/\\\/www.weine-feinkost.de\\\/unterwegs\\\/wp-content\\\/uploads\\\/2024\\\/03\\\/Xemei_Barcelona_Spanien_1.jpg\",\"contentUrl\":\"https:\\\/\\\/www.weine-feinkost.de\\\/unterwegs\\\/wp-content\\\/uploads\\\/2024\\\/03\\\/Xemei_Barcelona_Spanien_1.jpg\",\"width\":1920,\"height\":1440},{\"@type\":\"BreadcrumbList\",\"@id\":\"https:\\\/\\\/www.weine-feinkost.de\\\/unterwegs\\\/2024\\\/05\\\/xemei-barcelona-spanien\\\/#breadcrumb\",\"itemListElement\":[{\"@type\":\"ListItem\",\"position\":1,\"name\":\"Startseite\",\"item\":\"https:\\\/\\\/www.weine-feinkost.de\\\/unterwegs\\\/\"},{\"@type\":\"ListItem\",\"position\":2,\"name\":\"Xemei &#8211; Barcelona &#8211; Spanien\"}]},{\"@type\":\"WebSite\",\"@id\":\"https:\\\/\\\/www.weine-feinkost.de\\\/unterwegs\\\/#website\",\"url\":\"https:\\\/\\\/www.weine-feinkost.de\\\/unterwegs\\\/\",\"name\":\"Unterwegs mit Weine &amp; Feinkost\",\"description\":\"Entdecken Sie Genuss\",\"publisher\":{\"@id\":\"https:\\\/\\\/www.weine-feinkost.de\\\/unterwegs\\\/#organization\"},\"potentialAction\":[{\"@type\":\"SearchAction\",\"target\":{\"@type\":\"EntryPoint\",\"urlTemplate\":\"https:\\\/\\\/www.weine-feinkost.de\\\/unterwegs\\\/?s={search_term_string}\"},\"query-input\":{\"@type\":\"PropertyValueSpecification\",\"valueRequired\":true,\"valueName\":\"search_term_string\"}}],\"inLanguage\":\"de\"},{\"@type\":\"Organization\",\"@id\":\"https:\\\/\\\/www.weine-feinkost.de\\\/unterwegs\\\/#organization\",\"name\":\"Unterwegs mit Weine &amp; Feinkost\",\"url\":\"https:\\\/\\\/www.weine-feinkost.de\\\/unterwegs\\\/\",\"logo\":{\"@type\":\"ImageObject\",\"inLanguage\":\"de\",\"@id\":\"https:\\\/\\\/www.weine-feinkost.de\\\/unterwegs\\\/#\\\/schema\\\/logo\\\/image\\\/\",\"url\":\"https:\\\/\\\/www.weine-feinkost.de\\\/unterwegs\\\/wp-content\\\/uploads\\\/2022\\\/10\\\/logo_weinefeinkost_unterwegs_450x171.png\",\"contentUrl\":\"https:\\\/\\\/www.weine-feinkost.de\\\/unterwegs\\\/wp-content\\\/uploads\\\/2022\\\/10\\\/logo_weinefeinkost_unterwegs_450x171.png\",\"width\":450,\"height\":171,\"caption\":\"Unterwegs mit Weine &amp; Feinkost\"},\"image\":{\"@id\":\"https:\\\/\\\/www.weine-feinkost.de\\\/unterwegs\\\/#\\\/schema\\\/logo\\\/image\\\/\"}},{\"@type\":\"Person\",\"@id\":\"https:\\\/\\\/www.weine-feinkost.de\\\/unterwegs\\\/#\\\/schema\\\/person\\\/c07d66169fd0e04307bfe7cdc99ac26a\",\"name\":\"Christian Fenske\",\"image\":{\"@type\":\"ImageObject\",\"inLanguage\":\"de\",\"@id\":\"https:\\\/\\\/www.weine-feinkost.de\\\/unterwegs\\\/wp-content\\\/uploads\\\/2023\\\/01\\\/cropped-christian_profilbild-96x96.png\",\"url\":\"https:\\\/\\\/www.weine-feinkost.de\\\/unterwegs\\\/wp-content\\\/uploads\\\/2023\\\/01\\\/cropped-christian_profilbild-96x96.png\",\"contentUrl\":\"https:\\\/\\\/www.weine-feinkost.de\\\/unterwegs\\\/wp-content\\\/uploads\\\/2023\\\/01\\\/cropped-christian_profilbild-96x96.png\",\"caption\":\"Christian Fenske\"},\"description\":\"Zusammen an einem Tisch sitzen, gemeinsam zu kommunizieren und zu genie\u00dfen, das ist eine der herausragenden kulturellen Errungenschaft der Menschheit.\",\"url\":\"https:\\\/\\\/www.weine-feinkost.de\\\/unterwegs\\\/author\\\/christian-fenske\\\/\"}]}<\/script>\n<!-- \/ Yoast SEO plugin. -->","yoast_head_json":{"title":"Xemei - Barcelona - Spanien - Unterwegs mit Weine &amp; Feinkost","robots":{"index":"index","follow":"follow","max-snippet":"max-snippet:-1","max-image-preview":"max-image-preview:large","max-video-preview":"max-video-preview:-1"},"canonical":"https:\/\/www.weine-feinkost.de\/unterwegs\/2024\/05\/xemei-barcelona-spanien\/","og_locale":"de_DE","og_type":"article","og_title":"Xemei - Barcelona - Spanien - Unterwegs mit Weine &amp; Feinkost","og_description":"Xemei in Barcelona: Ein venezianisches Juwel, wo Bar\u00e7a-Stars und katalanische K\u00f6che auf Italiens beste Geheimnisse treffen Das Wort &#8222;Xemei&#8220; steht im venezianischen Dialekt f\u00fcr &#8222;Zwilling&#8220;. So haben die Zwillinge Max und Stefano folgerichtig ihr Restaurant in Barcelona im Stadtteil Poble-sec genannt. Hier werden in einem herzlichen und urbanen Ambiente beste norditalienische Speisen gereicht. Burrata, Sardellen, ... Weiterlesen","og_url":"https:\/\/www.weine-feinkost.de\/unterwegs\/2024\/05\/xemei-barcelona-spanien\/","og_site_name":"Unterwegs mit Weine &amp; Feinkost","article_published_time":"2024-05-24T15:00:00+00:00","og_image":[{"width":1920,"height":1440,"url":"https:\/\/www.weine-feinkost.de\/unterwegs\/wp-content\/uploads\/2024\/03\/Xemei_Barcelona_Spanien_1.jpg","type":"image\/jpeg"}],"author":"Christian Fenske","twitter_card":"summary_large_image","twitter_misc":{"Verfasst von":"Christian Fenske","Gesch\u00e4tzte Lesezeit":"5\u00a0Minuten"},"schema":{"@context":"https:\/\/schema.org","@graph":[{"@type":"Article","@id":"https:\/\/www.weine-feinkost.de\/unterwegs\/2024\/05\/xemei-barcelona-spanien\/#article","isPartOf":{"@id":"https:\/\/www.weine-feinkost.de\/unterwegs\/2024\/05\/xemei-barcelona-spanien\/"},"author":{"name":"Christian Fenske","@id":"https:\/\/www.weine-feinkost.de\/unterwegs\/#\/schema\/person\/c07d66169fd0e04307bfe7cdc99ac26a"},"headline":"Xemei &#8211; Barcelona &#8211; Spanien","datePublished":"2024-05-24T15:00:00+00:00","mainEntityOfPage":{"@id":"https:\/\/www.weine-feinkost.de\/unterwegs\/2024\/05\/xemei-barcelona-spanien\/"},"wordCount":213,"commentCount":0,"publisher":{"@id":"https:\/\/www.weine-feinkost.de\/unterwegs\/#organization"},"image":{"@id":"https:\/\/www.weine-feinkost.de\/unterwegs\/2024\/05\/xemei-barcelona-spanien\/#primaryimage"},"thumbnailUrl":"https:\/\/www.weine-feinkost.de\/unterwegs\/wp-content\/uploads\/2024\/03\/Xemei_Barcelona_Spanien_1.jpg","keywords":["Bar\u00e7a-Spieler","Barcelona","italienische Desserts","katalanische K\u00f6che","kulinarisches Erlebnis","Naturweine","norditalienische Spezialit\u00e4ten","Poble-sec","venezianische K\u00fcche","Xemei"],"articleSection":["Restaurants","Spanien"],"inLanguage":"de","potentialAction":[{"@type":"CommentAction","name":"Comment","target":["https:\/\/www.weine-feinkost.de\/unterwegs\/2024\/05\/xemei-barcelona-spanien\/#respond"]}]},{"@type":"WebPage","@id":"https:\/\/www.weine-feinkost.de\/unterwegs\/2024\/05\/xemei-barcelona-spanien\/","url":"https:\/\/www.weine-feinkost.de\/unterwegs\/2024\/05\/xemei-barcelona-spanien\/","name":"Xemei - Barcelona - Spanien - Unterwegs mit Weine &amp; Feinkost","isPartOf":{"@id":"https:\/\/www.weine-feinkost.de\/unterwegs\/#website"},"primaryImageOfPage":{"@id":"https:\/\/www.weine-feinkost.de\/unterwegs\/2024\/05\/xemei-barcelona-spanien\/#primaryimage"},"image":{"@id":"https:\/\/www.weine-feinkost.de\/unterwegs\/2024\/05\/xemei-barcelona-spanien\/#primaryimage"},"thumbnailUrl":"https:\/\/www.weine-feinkost.de\/unterwegs\/wp-content\/uploads\/2024\/03\/Xemei_Barcelona_Spanien_1.jpg","datePublished":"2024-05-24T15:00:00+00:00","breadcrumb":{"@id":"https:\/\/www.weine-feinkost.de\/unterwegs\/2024\/05\/xemei-barcelona-spanien\/#breadcrumb"},"inLanguage":"de","potentialAction":[{"@type":"ReadAction","target":["https:\/\/www.weine-feinkost.de\/unterwegs\/2024\/05\/xemei-barcelona-spanien\/"]}]},{"@type":"ImageObject","inLanguage":"de","@id":"https:\/\/www.weine-feinkost.de\/unterwegs\/2024\/05\/xemei-barcelona-spanien\/#primaryimage","url":"https:\/\/www.weine-feinkost.de\/unterwegs\/wp-content\/uploads\/2024\/03\/Xemei_Barcelona_Spanien_1.jpg","contentUrl":"https:\/\/www.weine-feinkost.de\/unterwegs\/wp-content\/uploads\/2024\/03\/Xemei_Barcelona_Spanien_1.jpg","width":1920,"height":1440},{"@type":"BreadcrumbList","@id":"https:\/\/www.weine-feinkost.de\/unterwegs\/2024\/05\/xemei-barcelona-spanien\/#breadcrumb","itemListElement":[{"@type":"ListItem","position":1,"name":"Startseite","item":"https:\/\/www.weine-feinkost.de\/unterwegs\/"},{"@type":"ListItem","position":2,"name":"Xemei &#8211; Barcelona &#8211; Spanien"}]},{"@type":"WebSite","@id":"https:\/\/www.weine-feinkost.de\/unterwegs\/#website","url":"https:\/\/www.weine-feinkost.de\/unterwegs\/","name":"Unterwegs mit Weine &amp; Feinkost","description":"Entdecken Sie Genuss","publisher":{"@id":"https:\/\/www.weine-feinkost.de\/unterwegs\/#organization"},"potentialAction":[{"@type":"SearchAction","target":{"@type":"EntryPoint","urlTemplate":"https:\/\/www.weine-feinkost.de\/unterwegs\/?s={search_term_string}"},"query-input":{"@type":"PropertyValueSpecification","valueRequired":true,"valueName":"search_term_string"}}],"inLanguage":"de"},{"@type":"Organization","@id":"https:\/\/www.weine-feinkost.de\/unterwegs\/#organization","name":"Unterwegs mit Weine &amp; Feinkost","url":"https:\/\/www.weine-feinkost.de\/unterwegs\/","logo":{"@type":"ImageObject","inLanguage":"de","@id":"https:\/\/www.weine-feinkost.de\/unterwegs\/#\/schema\/logo\/image\/","url":"https:\/\/www.weine-feinkost.de\/unterwegs\/wp-content\/uploads\/2022\/10\/logo_weinefeinkost_unterwegs_450x171.png","contentUrl":"https:\/\/www.weine-feinkost.de\/unterwegs\/wp-content\/uploads\/2022\/10\/logo_weinefeinkost_unterwegs_450x171.png","width":450,"height":171,"caption":"Unterwegs mit Weine &amp; Feinkost"},"image":{"@id":"https:\/\/www.weine-feinkost.de\/unterwegs\/#\/schema\/logo\/image\/"}},{"@type":"Person","@id":"https:\/\/www.weine-feinkost.de\/unterwegs\/#\/schema\/person\/c07d66169fd0e04307bfe7cdc99ac26a","name":"Christian Fenske","image":{"@type":"ImageObject","inLanguage":"de","@id":"https:\/\/www.weine-feinkost.de\/unterwegs\/wp-content\/uploads\/2023\/01\/cropped-christian_profilbild-96x96.png","url":"https:\/\/www.weine-feinkost.de\/unterwegs\/wp-content\/uploads\/2023\/01\/cropped-christian_profilbild-96x96.png","contentUrl":"https:\/\/www.weine-feinkost.de\/unterwegs\/wp-content\/uploads\/2023\/01\/cropped-christian_profilbild-96x96.png","caption":"Christian Fenske"},"description":"Zusammen an einem Tisch sitzen, gemeinsam zu kommunizieren und zu genie\u00dfen, das ist eine der herausragenden kulturellen Errungenschaft der Menschheit.","url":"https:\/\/www.weine-feinkost.de\/unterwegs\/author\/christian-fenske\/"}]}},"jetpack_publicize_connections":[],"jetpack_shortlink":"https:\/\/wp.me\/p68Tjo-R27","jetpack_sharing_enabled":true,"jetpack_likes_enabled":true,"jetpack_featured_media_url":"https:\/\/www.weine-feinkost.de\/unterwegs\/wp-content\/uploads\/2024\/03\/Xemei_Barcelona_Spanien_1.jpg","_links":{"self":[{"href":"https:\/\/www.weine-feinkost.de\/unterwegs\/wp-json\/wp\/v2\/posts\/203863","targetHints":{"allow":["GET"]}}],"collection":[{"href":"https:\/\/www.weine-feinkost.de\/unterwegs\/wp-json\/wp\/v2\/posts"}],"about":[{"href":"https:\/\/www.weine-feinkost.de\/unterwegs\/wp-json\/wp\/v2\/types\/post"}],"author":[{"embeddable":true,"href":"https:\/\/www.weine-feinkost.de\/unterwegs\/wp-json\/wp\/v2\/users\/7"}],"replies":[{"embeddable":true,"href":"https:\/\/www.weine-feinkost.de\/unterwegs\/wp-json\/wp\/v2\/comments?post=203863"}],"version-history":[{"count":3,"href":"https:\/\/www.weine-feinkost.de\/unterwegs\/wp-json\/wp\/v2\/posts\/203863\/revisions"}],"predecessor-version":[{"id":204710,"href":"https:\/\/www.weine-feinkost.de\/unterwegs\/wp-json\/wp\/v2\/posts\/203863\/revisions\/204710"}],"wp:featuredmedia":[{"embeddable":true,"href":"https:\/\/www.weine-feinkost.de\/unterwegs\/wp-json\/wp\/v2\/media\/203865"}],"wp:attachment":[{"href":"https:\/\/www.weine-feinkost.de\/unterwegs\/wp-json\/wp\/v2\/media?parent=203863"}],"wp:term":[{"taxonomy":"category","embeddable":true,"href":"https:\/\/www.weine-feinkost.de\/unterwegs\/wp-json\/wp\/v2\/categories?post=203863"},{"taxonomy":"post_tag","embeddable":true,"href":"https:\/\/www.weine-feinkost.de\/unterwegs\/wp-json\/wp\/v2\/tags?post=203863"},{"taxonomy":"post_folder","embeddable":true,"href":"https:\/\/www.weine-feinkost.de\/unterwegs\/wp-json\/wp\/v2\/post_folder?post=203863"}],"curies":[{"name":"wp","href":"https:\/\/api.w.org\/{rel}","templated":true}]}}