{"id":204322,"date":"2024-06-29T17:00:00","date_gmt":"2024-06-29T15:00:00","guid":{"rendered":"https:\/\/www.weine-feinkost.de\/unterwegs\/?p=204322"},"modified":"2024-06-04T12:50:09","modified_gmt":"2024-06-04T10:50:09","slug":"geralds-bar-donostia-san-sebastian-spanien-2","status":"publish","type":"post","link":"https:\/\/www.weine-feinkost.de\/unterwegs\/2024\/06\/geralds-bar-donostia-san-sebastian-spanien-2\/","title":{"rendered":"Geralds Bar &#8211; Donostia-San Sebasti\u00e1n &#8211; Spanien"},"content":{"rendered":"\n<h2 class=\"wp-block-heading\">L\u00e4ssig gut mit Plattenspieler und Jazzmusik<\/h2>\n\n\n\n<p class=\"has-drop-cap\">Die Atmosph\u00e4re ist dunkel, aber stimmungsvoll und ziemlich laut. Die Speisekarte wird t\u00e4glich, je nach Marktlage, mit einem guten Dutzend verschiedener Speisen best\u00fcckt. Das Personal ist herzerfrischend nett und unfassbar flott, und im Hintergrund laufen auf einem analogen Plattenspieler l\u00e4ssige Jazzkl\u00e4nge. Geralds Bar im Ortsteil Gros in Donostia-San Sebasti\u00e1n h\u00e4lt nach wie vor, was sie verspricht. Das ausgelassene angels\u00e4chsische Flair und die gute Laune haben die Betreiber sicherlich aus der bestehenden Dependance in Melbourne mitgebracht. Gute Lebensmittel gibt es zuhauf vor Ort, talentierte K\u00f6che und K\u00f6chinnen on top, und willige Hungrige sowie Durstige str\u00f6men hier sowieso durch die T\u00fcr hinein. Geralds Bar ist und bleibt einer dieser besonderen \u201aplaces to be\u2018 in der Stadt. (alter Bericht -><strong> <a href=\"https:\/\/www.weine-feinkost.de\/unterwegs\/2017\/09\/geralds-bar-donostia-san-sebastian-spanien\/\">Geralds Bar<\/a><\/strong>)<\/p>\n\n\n\n<div class=\"wp-block-jetpack-tiled-gallery aligncenter is-style-rectangular\"><div class=\"\"><div class=\"tiled-gallery__gallery\"><div class=\"tiled-gallery__row\"><div class=\"tiled-gallery__col\" style=\"flex-basis:33.33333%\"><figure class=\"tiled-gallery__item\"><a href=\"https:\/\/www.weine-feinkost.de\/unterwegs\/wp-content\/uploads\/2024\/04\/Geralds_Bar_Donostia-San_Sebastian_Spanien_6-768x1024.jpg\"><img decoding=\"async\" srcset=\"https:\/\/i0.wp.com\/www.weine-feinkost.de\/unterwegs\/wp-content\/uploads\/2024\/04\/Geralds_Bar_Donostia-San_Sebastian_Spanien_6-768x1024.jpg?strip=info&#038;w=600&#038;ssl=1 600w,https:\/\/i0.wp.com\/www.weine-feinkost.de\/unterwegs\/wp-content\/uploads\/2024\/04\/Geralds_Bar_Donostia-San_Sebastian_Spanien_6-768x1024.jpg?strip=info&#038;w=768&#038;ssl=1 768w\" alt=\"\" data-height=\"1920\" data-id=\"204331\" data-link=\"https:\/\/www.weine-feinkost.de\/unterwegs\/?attachment_id=204331#main\" data-url=\"https:\/\/www.weine-feinkost.de\/unterwegs\/wp-content\/uploads\/2024\/04\/Geralds_Bar_Donostia-San_Sebastian_Spanien_6-768x1024.jpg\" data-width=\"1440\" src=\"https:\/\/i0.wp.com\/www.weine-feinkost.de\/unterwegs\/wp-content\/uploads\/2024\/04\/Geralds_Bar_Donostia-San_Sebastian_Spanien_6-768x1024.jpg?ssl=1\" data-amp-layout=\"responsive\"\/><\/a><\/figure><\/div><div class=\"tiled-gallery__col\" style=\"flex-basis:33.33333%\"><figure class=\"tiled-gallery__item\"><a href=\"https:\/\/www.weine-feinkost.de\/unterwegs\/wp-content\/uploads\/2024\/04\/Geralds_Bar_Donostia-San_Sebastian_Spanien_2-768x1024.jpg\"><img decoding=\"async\" srcset=\"https:\/\/i0.wp.com\/www.weine-feinkost.de\/unterwegs\/wp-content\/uploads\/2024\/04\/Geralds_Bar_Donostia-San_Sebastian_Spanien_2-768x1024.jpg?strip=info&#038;w=600&#038;ssl=1 600w,https:\/\/i0.wp.com\/www.weine-feinkost.de\/unterwegs\/wp-content\/uploads\/2024\/04\/Geralds_Bar_Donostia-San_Sebastian_Spanien_2-768x1024.jpg?strip=info&#038;w=768&#038;ssl=1 768w\" alt=\"\" data-height=\"1920\" data-id=\"204327\" data-link=\"https:\/\/www.weine-feinkost.de\/unterwegs\/?attachment_id=204327#main\" data-url=\"https:\/\/www.weine-feinkost.de\/unterwegs\/wp-content\/uploads\/2024\/04\/Geralds_Bar_Donostia-San_Sebastian_Spanien_2-768x1024.jpg\" data-width=\"1440\" src=\"https:\/\/i0.wp.com\/www.weine-feinkost.de\/unterwegs\/wp-content\/uploads\/2024\/04\/Geralds_Bar_Donostia-San_Sebastian_Spanien_2-768x1024.jpg?ssl=1\" data-amp-layout=\"responsive\"\/><\/a><\/figure><\/div><div class=\"tiled-gallery__col\" style=\"flex-basis:33.33333%\"><figure class=\"tiled-gallery__item\"><a href=\"https:\/\/www.weine-feinkost.de\/unterwegs\/wp-content\/uploads\/2024\/04\/Geralds_Bar_Donostia-San_Sebastian_Spanien_3-768x1024.jpg\"><img decoding=\"async\" srcset=\"https:\/\/i2.wp.com\/www.weine-feinkost.de\/unterwegs\/wp-content\/uploads\/2024\/04\/Geralds_Bar_Donostia-San_Sebastian_Spanien_3-768x1024.jpg?strip=info&#038;w=600&#038;ssl=1 600w,https:\/\/i2.wp.com\/www.weine-feinkost.de\/unterwegs\/wp-content\/uploads\/2024\/04\/Geralds_Bar_Donostia-San_Sebastian_Spanien_3-768x1024.jpg?strip=info&#038;w=768&#038;ssl=1 768w\" alt=\"\" data-height=\"1920\" data-id=\"204328\" data-link=\"https:\/\/www.weine-feinkost.de\/unterwegs\/?attachment_id=204328#main\" data-url=\"https:\/\/www.weine-feinkost.de\/unterwegs\/wp-content\/uploads\/2024\/04\/Geralds_Bar_Donostia-San_Sebastian_Spanien_3-768x1024.jpg\" data-width=\"1440\" src=\"https:\/\/i2.wp.com\/www.weine-feinkost.de\/unterwegs\/wp-content\/uploads\/2024\/04\/Geralds_Bar_Donostia-San_Sebastian_Spanien_3-768x1024.jpg?ssl=1\" data-amp-layout=\"responsive\"\/><\/a><\/figure><\/div><\/div><div class=\"tiled-gallery__row\"><div class=\"tiled-gallery__col\" style=\"flex-basis:50.00000%\"><figure class=\"tiled-gallery__item\"><a href=\"https:\/\/www.weine-feinkost.de\/unterwegs\/wp-content\/uploads\/2024\/04\/Geralds_Bar_Donostia-San_Sebastian_Spanien_4-768x1024.jpg\"><img decoding=\"async\" srcset=\"https:\/\/i0.wp.com\/www.weine-feinkost.de\/unterwegs\/wp-content\/uploads\/2024\/04\/Geralds_Bar_Donostia-San_Sebastian_Spanien_4-768x1024.jpg?strip=info&#038;w=600&#038;ssl=1 600w,https:\/\/i0.wp.com\/www.weine-feinkost.de\/unterwegs\/wp-content\/uploads\/2024\/04\/Geralds_Bar_Donostia-San_Sebastian_Spanien_4-768x1024.jpg?strip=info&#038;w=768&#038;ssl=1 768w\" alt=\"\" data-height=\"1920\" data-id=\"204329\" data-link=\"https:\/\/www.weine-feinkost.de\/unterwegs\/?attachment_id=204329#main\" data-url=\"https:\/\/www.weine-feinkost.de\/unterwegs\/wp-content\/uploads\/2024\/04\/Geralds_Bar_Donostia-San_Sebastian_Spanien_4-768x1024.jpg\" data-width=\"1440\" src=\"https:\/\/i0.wp.com\/www.weine-feinkost.de\/unterwegs\/wp-content\/uploads\/2024\/04\/Geralds_Bar_Donostia-San_Sebastian_Spanien_4-768x1024.jpg?ssl=1\" data-amp-layout=\"responsive\"\/><\/a><\/figure><\/div><div class=\"tiled-gallery__col\" style=\"flex-basis:50.00000%\"><figure class=\"tiled-gallery__item\"><a href=\"https:\/\/www.weine-feinkost.de\/unterwegs\/wp-content\/uploads\/2024\/04\/Geralds_Bar_Donostia-San_Sebastian_Spanien_5-768x1024.jpg\"><img decoding=\"async\" srcset=\"https:\/\/i0.wp.com\/www.weine-feinkost.de\/unterwegs\/wp-content\/uploads\/2024\/04\/Geralds_Bar_Donostia-San_Sebastian_Spanien_5-768x1024.jpg?strip=info&#038;w=600&#038;ssl=1 600w,https:\/\/i0.wp.com\/www.weine-feinkost.de\/unterwegs\/wp-content\/uploads\/2024\/04\/Geralds_Bar_Donostia-San_Sebastian_Spanien_5-768x1024.jpg?strip=info&#038;w=768&#038;ssl=1 768w\" alt=\"\" data-height=\"1920\" data-id=\"204330\" data-link=\"https:\/\/www.weine-feinkost.de\/unterwegs\/?attachment_id=204330#main\" data-url=\"https:\/\/www.weine-feinkost.de\/unterwegs\/wp-content\/uploads\/2024\/04\/Geralds_Bar_Donostia-San_Sebastian_Spanien_5-768x1024.jpg\" data-width=\"1440\" src=\"https:\/\/i0.wp.com\/www.weine-feinkost.de\/unterwegs\/wp-content\/uploads\/2024\/04\/Geralds_Bar_Donostia-San_Sebastian_Spanien_5-768x1024.jpg?ssl=1\" data-amp-layout=\"responsive\"\/><\/a><\/figure><\/div><\/div><\/div><\/div><\/div>\n\n\n\n<p><em>Fenchel, Sellerie, Apfel, Labneh (traditioneller, cremiger Frischk\u00e4se aus dem Nahen Osten, der durch das Abtropfen von Joghurt hergestellt wird), eingelegte Zwiebeln \/ frischer Spargel, Mispel und Ricotta \/ Tagliatelle mit Tintenfisch \/ Schokoladen Tarte mit Bier-Toffee<\/em><\/p>\n\n\n\n<p><strong>Geralds Bar<\/strong>, Iparragirre Kalea, 13, 20001 Donostia-San Sebasti\u00e1n, Spanien, Telefon: + 49 943 08 30 01 , <a href=\"https:\/\/geraldsbar.eu\/\">wwws.geraldsbar.eu<\/a><a href=\"https:\/\/www.weine-feinkost.de\/unterwegs\/2017\/09\/16\/\"><\/a><\/p>\n\n\n\n<p><a href=\"https:\/\/www.weine-feinkost.de\/unterwegs\/2017\/09\/16\/\"><\/a><\/p>\n","protected":false},"excerpt":{"rendered":"<p>L\u00e4ssig gut mit Plattenspieler und Jazzmusik Die Atmosph\u00e4re ist dunkel, aber stimmungsvoll und ziemlich laut. Die Speisekarte wird t\u00e4glich, je nach Marktlage, mit einem guten Dutzend verschiedener Speisen best\u00fcckt. Das Personal ist herzerfrischend nett und unfassbar flott, und im Hintergrund laufen auf einem analogen Plattenspieler l\u00e4ssige Jazzkl\u00e4nge. Geralds Bar im Ortsteil Gros in Donostia-San Sebasti\u00e1n &#8230; <a title=\"Geralds Bar &#8211; Donostia-San Sebasti\u00e1n &#8211; Spanien\" class=\"read-more\" href=\"https:\/\/www.weine-feinkost.de\/unterwegs\/2024\/06\/geralds-bar-donostia-san-sebastian-spanien-2\/\" aria-label=\"Mehr dazu unter Geralds Bar &#8211; Donostia-San Sebasti\u00e1n &#8211; Spanien\">Weiterlesen<\/a><\/p>\n","protected":false},"author":7,"featured_media":204326,"comment_status":"open","ping_status":"open","sticky":false,"template":"","format":"standard","meta":{"_jetpack_newsletter_access":"","_jetpack_dont_email_post_to_subs":false,"_jetpack_newsletter_tier_id":0,"_jetpack_memberships_contains_paywalled_content":false,"_jetpack_feature_clip_id":0,"_jetpack_memberships_contains_paid_content":false,"footnotes":"","jetpack_publicize_message":"","jetpack_publicize_feature_enabled":true,"jetpack_social_post_already_shared":true,"jetpack_social_options":{"image_generator_settings":{"template":"highway","default_image_id":0,"font":"","enabled":false},"version":2},"jetpack_post_was_ever_published":false},"categories":[13,30],"tags":[87,2743,1363,73,79],"post_folder":[],"class_list":["post-204322","post","type-post","status-publish","format-standard","has-post-thumbnail","hentry","category-restaurants","category-spanien-restaurants","tag-baskenland","tag-donostia-san-sebastian-2","tag-geralds-bar","tag-restaurant","tag-spanien"],"yoast_head":"<!-- This site is optimized with the Yoast SEO plugin v28.3 - https:\/\/yoast.com\/product\/yoast-seo-wordpress\/ -->\n<title>Geralds Bar - Donostia-San Sebasti\u00e1n - Spanien - Unterwegs mit Weine &amp; Feinkost<\/title>\n<meta name=\"robots\" content=\"index, follow, max-snippet:-1, max-image-preview:large, max-video-preview:-1\" \/>\n<link rel=\"canonical\" href=\"https:\/\/www.weine-feinkost.de\/unterwegs\/2024\/06\/geralds-bar-donostia-san-sebastian-spanien-2\/\" \/>\n<meta property=\"og:locale\" content=\"de_DE\" \/>\n<meta property=\"og:type\" content=\"article\" \/>\n<meta property=\"og:title\" content=\"Geralds Bar - Donostia-San Sebasti\u00e1n - Spanien - Unterwegs mit Weine &amp; Feinkost\" \/>\n<meta property=\"og:description\" content=\"L\u00e4ssig gut mit Plattenspieler und Jazzmusik Die Atmosph\u00e4re ist dunkel, aber stimmungsvoll und ziemlich laut. Die Speisekarte wird t\u00e4glich, je nach Marktlage, mit einem guten Dutzend verschiedener Speisen best\u00fcckt. Das Personal ist herzerfrischend nett und unfassbar flott, und im Hintergrund laufen auf einem analogen Plattenspieler l\u00e4ssige Jazzkl\u00e4nge. Geralds Bar im Ortsteil Gros in Donostia-San Sebasti\u00e1n ... Weiterlesen\" \/>\n<meta property=\"og:url\" content=\"https:\/\/www.weine-feinkost.de\/unterwegs\/2024\/06\/geralds-bar-donostia-san-sebastian-spanien-2\/\" \/>\n<meta property=\"og:site_name\" content=\"Unterwegs mit Weine &amp; Feinkost\" \/>\n<meta property=\"article:published_time\" content=\"2024-06-29T15:00:00+00:00\" \/>\n<meta property=\"og:image\" content=\"https:\/\/www.weine-feinkost.de\/unterwegs\/wp-content\/uploads\/2024\/04\/Geralds_Bar_Donostia-San_Sebastian_Spanien_1.jpg\" \/>\n\t<meta property=\"og:image:width\" content=\"1440\" \/>\n\t<meta property=\"og:image:height\" content=\"1920\" \/>\n\t<meta property=\"og:image:type\" content=\"image\/jpeg\" \/>\n<meta name=\"author\" content=\"Christian Fenske\" \/>\n<meta name=\"twitter:card\" content=\"summary_large_image\" \/>\n<meta name=\"twitter:label1\" content=\"Verfasst von\" \/>\n\t<meta name=\"twitter:data1\" content=\"Christian Fenske\" \/>\n\t<meta name=\"twitter:label2\" content=\"Gesch\u00e4tzte Lesezeit\" \/>\n\t<meta name=\"twitter:data2\" content=\"3\u00a0Minuten\" \/>\n<script type=\"application\/ld+json\" class=\"yoast-schema-graph\">{\"@context\":\"https:\\\/\\\/schema.org\",\"@graph\":[{\"@type\":\"Article\",\"@id\":\"https:\\\/\\\/www.weine-feinkost.de\\\/unterwegs\\\/2024\\\/06\\\/geralds-bar-donostia-san-sebastian-spanien-2\\\/#article\",\"isPartOf\":{\"@id\":\"https:\\\/\\\/www.weine-feinkost.de\\\/unterwegs\\\/2024\\\/06\\\/geralds-bar-donostia-san-sebastian-spanien-2\\\/\"},\"author\":{\"name\":\"Christian Fenske\",\"@id\":\"https:\\\/\\\/www.weine-feinkost.de\\\/unterwegs\\\/#\\\/schema\\\/person\\\/c07d66169fd0e04307bfe7cdc99ac26a\"},\"headline\":\"Geralds Bar &#8211; Donostia-San Sebasti\u00e1n &#8211; Spanien\",\"datePublished\":\"2024-06-29T15:00:00+00:00\",\"mainEntityOfPage\":{\"@id\":\"https:\\\/\\\/www.weine-feinkost.de\\\/unterwegs\\\/2024\\\/06\\\/geralds-bar-donostia-san-sebastian-spanien-2\\\/\"},\"wordCount\":192,\"commentCount\":0,\"publisher\":{\"@id\":\"https:\\\/\\\/www.weine-feinkost.de\\\/unterwegs\\\/#organization\"},\"image\":{\"@id\":\"https:\\\/\\\/www.weine-feinkost.de\\\/unterwegs\\\/2024\\\/06\\\/geralds-bar-donostia-san-sebastian-spanien-2\\\/#primaryimage\"},\"thumbnailUrl\":\"https:\\\/\\\/www.weine-feinkost.de\\\/unterwegs\\\/wp-content\\\/uploads\\\/2024\\\/04\\\/Geralds_Bar_Donostia-San_Sebastian_Spanien_1.jpg\",\"keywords\":[\"Baskenland\",\"Donostia-San Sebasti\u00e1n\",\"Geralds Bar\",\"Restaurant\",\"Spanien\"],\"articleSection\":[\"Restaurants\",\"Spanien\"],\"inLanguage\":\"de\",\"potentialAction\":[{\"@type\":\"CommentAction\",\"name\":\"Comment\",\"target\":[\"https:\\\/\\\/www.weine-feinkost.de\\\/unterwegs\\\/2024\\\/06\\\/geralds-bar-donostia-san-sebastian-spanien-2\\\/#respond\"]}]},{\"@type\":\"WebPage\",\"@id\":\"https:\\\/\\\/www.weine-feinkost.de\\\/unterwegs\\\/2024\\\/06\\\/geralds-bar-donostia-san-sebastian-spanien-2\\\/\",\"url\":\"https:\\\/\\\/www.weine-feinkost.de\\\/unterwegs\\\/2024\\\/06\\\/geralds-bar-donostia-san-sebastian-spanien-2\\\/\",\"name\":\"Geralds Bar - Donostia-San Sebasti\u00e1n - Spanien - Unterwegs mit Weine &amp; Feinkost\",\"isPartOf\":{\"@id\":\"https:\\\/\\\/www.weine-feinkost.de\\\/unterwegs\\\/#website\"},\"primaryImageOfPage\":{\"@id\":\"https:\\\/\\\/www.weine-feinkost.de\\\/unterwegs\\\/2024\\\/06\\\/geralds-bar-donostia-san-sebastian-spanien-2\\\/#primaryimage\"},\"image\":{\"@id\":\"https:\\\/\\\/www.weine-feinkost.de\\\/unterwegs\\\/2024\\\/06\\\/geralds-bar-donostia-san-sebastian-spanien-2\\\/#primaryimage\"},\"thumbnailUrl\":\"https:\\\/\\\/www.weine-feinkost.de\\\/unterwegs\\\/wp-content\\\/uploads\\\/2024\\\/04\\\/Geralds_Bar_Donostia-San_Sebastian_Spanien_1.jpg\",\"datePublished\":\"2024-06-29T15:00:00+00:00\",\"breadcrumb\":{\"@id\":\"https:\\\/\\\/www.weine-feinkost.de\\\/unterwegs\\\/2024\\\/06\\\/geralds-bar-donostia-san-sebastian-spanien-2\\\/#breadcrumb\"},\"inLanguage\":\"de\",\"potentialAction\":[{\"@type\":\"ReadAction\",\"target\":[\"https:\\\/\\\/www.weine-feinkost.de\\\/unterwegs\\\/2024\\\/06\\\/geralds-bar-donostia-san-sebastian-spanien-2\\\/\"]}]},{\"@type\":\"ImageObject\",\"inLanguage\":\"de\",\"@id\":\"https:\\\/\\\/www.weine-feinkost.de\\\/unterwegs\\\/2024\\\/06\\\/geralds-bar-donostia-san-sebastian-spanien-2\\\/#primaryimage\",\"url\":\"https:\\\/\\\/www.weine-feinkost.de\\\/unterwegs\\\/wp-content\\\/uploads\\\/2024\\\/04\\\/Geralds_Bar_Donostia-San_Sebastian_Spanien_1.jpg\",\"contentUrl\":\"https:\\\/\\\/www.weine-feinkost.de\\\/unterwegs\\\/wp-content\\\/uploads\\\/2024\\\/04\\\/Geralds_Bar_Donostia-San_Sebastian_Spanien_1.jpg\",\"width\":1440,\"height\":1920},{\"@type\":\"BreadcrumbList\",\"@id\":\"https:\\\/\\\/www.weine-feinkost.de\\\/unterwegs\\\/2024\\\/06\\\/geralds-bar-donostia-san-sebastian-spanien-2\\\/#breadcrumb\",\"itemListElement\":[{\"@type\":\"ListItem\",\"position\":1,\"name\":\"Startseite\",\"item\":\"https:\\\/\\\/www.weine-feinkost.de\\\/unterwegs\\\/\"},{\"@type\":\"ListItem\",\"position\":2,\"name\":\"Geralds Bar &#8211; Donostia-San Sebasti\u00e1n &#8211; Spanien\"}]},{\"@type\":\"WebSite\",\"@id\":\"https:\\\/\\\/www.weine-feinkost.de\\\/unterwegs\\\/#website\",\"url\":\"https:\\\/\\\/www.weine-feinkost.de\\\/unterwegs\\\/\",\"name\":\"Unterwegs mit Weine &amp; Feinkost\",\"description\":\"Entdecken Sie Genuss\",\"publisher\":{\"@id\":\"https:\\\/\\\/www.weine-feinkost.de\\\/unterwegs\\\/#organization\"},\"potentialAction\":[{\"@type\":\"SearchAction\",\"target\":{\"@type\":\"EntryPoint\",\"urlTemplate\":\"https:\\\/\\\/www.weine-feinkost.de\\\/unterwegs\\\/?s={search_term_string}\"},\"query-input\":{\"@type\":\"PropertyValueSpecification\",\"valueRequired\":true,\"valueName\":\"search_term_string\"}}],\"inLanguage\":\"de\"},{\"@type\":\"Organization\",\"@id\":\"https:\\\/\\\/www.weine-feinkost.de\\\/unterwegs\\\/#organization\",\"name\":\"Unterwegs mit Weine &amp; Feinkost\",\"url\":\"https:\\\/\\\/www.weine-feinkost.de\\\/unterwegs\\\/\",\"logo\":{\"@type\":\"ImageObject\",\"inLanguage\":\"de\",\"@id\":\"https:\\\/\\\/www.weine-feinkost.de\\\/unterwegs\\\/#\\\/schema\\\/logo\\\/image\\\/\",\"url\":\"https:\\\/\\\/www.weine-feinkost.de\\\/unterwegs\\\/wp-content\\\/uploads\\\/2022\\\/10\\\/logo_weinefeinkost_unterwegs_450x171.png\",\"contentUrl\":\"https:\\\/\\\/www.weine-feinkost.de\\\/unterwegs\\\/wp-content\\\/uploads\\\/2022\\\/10\\\/logo_weinefeinkost_unterwegs_450x171.png\",\"width\":450,\"height\":171,\"caption\":\"Unterwegs mit Weine &amp; Feinkost\"},\"image\":{\"@id\":\"https:\\\/\\\/www.weine-feinkost.de\\\/unterwegs\\\/#\\\/schema\\\/logo\\\/image\\\/\"}},{\"@type\":\"Person\",\"@id\":\"https:\\\/\\\/www.weine-feinkost.de\\\/unterwegs\\\/#\\\/schema\\\/person\\\/c07d66169fd0e04307bfe7cdc99ac26a\",\"name\":\"Christian Fenske\",\"image\":{\"@type\":\"ImageObject\",\"inLanguage\":\"de\",\"@id\":\"https:\\\/\\\/www.weine-feinkost.de\\\/unterwegs\\\/wp-content\\\/uploads\\\/2023\\\/01\\\/cropped-christian_profilbild-96x96.png\",\"url\":\"https:\\\/\\\/www.weine-feinkost.de\\\/unterwegs\\\/wp-content\\\/uploads\\\/2023\\\/01\\\/cropped-christian_profilbild-96x96.png\",\"contentUrl\":\"https:\\\/\\\/www.weine-feinkost.de\\\/unterwegs\\\/wp-content\\\/uploads\\\/2023\\\/01\\\/cropped-christian_profilbild-96x96.png\",\"caption\":\"Christian Fenske\"},\"description\":\"Zusammen an einem Tisch sitzen, gemeinsam zu kommunizieren und zu genie\u00dfen, das ist eine der herausragenden kulturellen Errungenschaft der Menschheit.\",\"url\":\"https:\\\/\\\/www.weine-feinkost.de\\\/unterwegs\\\/author\\\/christian-fenske\\\/\"}]}<\/script>\n<!-- \/ Yoast SEO plugin. -->","yoast_head_json":{"title":"Geralds Bar - Donostia-San Sebasti\u00e1n - Spanien - Unterwegs mit Weine &amp; Feinkost","robots":{"index":"index","follow":"follow","max-snippet":"max-snippet:-1","max-image-preview":"max-image-preview:large","max-video-preview":"max-video-preview:-1"},"canonical":"https:\/\/www.weine-feinkost.de\/unterwegs\/2024\/06\/geralds-bar-donostia-san-sebastian-spanien-2\/","og_locale":"de_DE","og_type":"article","og_title":"Geralds Bar - Donostia-San Sebasti\u00e1n - Spanien - Unterwegs mit Weine &amp; Feinkost","og_description":"L\u00e4ssig gut mit Plattenspieler und Jazzmusik Die Atmosph\u00e4re ist dunkel, aber stimmungsvoll und ziemlich laut. Die Speisekarte wird t\u00e4glich, je nach Marktlage, mit einem guten Dutzend verschiedener Speisen best\u00fcckt. Das Personal ist herzerfrischend nett und unfassbar flott, und im Hintergrund laufen auf einem analogen Plattenspieler l\u00e4ssige Jazzkl\u00e4nge. Geralds Bar im Ortsteil Gros in Donostia-San Sebasti\u00e1n ... Weiterlesen","og_url":"https:\/\/www.weine-feinkost.de\/unterwegs\/2024\/06\/geralds-bar-donostia-san-sebastian-spanien-2\/","og_site_name":"Unterwegs mit Weine &amp; Feinkost","article_published_time":"2024-06-29T15:00:00+00:00","og_image":[{"width":1440,"height":1920,"url":"https:\/\/www.weine-feinkost.de\/unterwegs\/wp-content\/uploads\/2024\/04\/Geralds_Bar_Donostia-San_Sebastian_Spanien_1.jpg","type":"image\/jpeg"}],"author":"Christian Fenske","twitter_card":"summary_large_image","twitter_misc":{"Verfasst von":"Christian Fenske","Gesch\u00e4tzte Lesezeit":"3\u00a0Minuten"},"schema":{"@context":"https:\/\/schema.org","@graph":[{"@type":"Article","@id":"https:\/\/www.weine-feinkost.de\/unterwegs\/2024\/06\/geralds-bar-donostia-san-sebastian-spanien-2\/#article","isPartOf":{"@id":"https:\/\/www.weine-feinkost.de\/unterwegs\/2024\/06\/geralds-bar-donostia-san-sebastian-spanien-2\/"},"author":{"name":"Christian Fenske","@id":"https:\/\/www.weine-feinkost.de\/unterwegs\/#\/schema\/person\/c07d66169fd0e04307bfe7cdc99ac26a"},"headline":"Geralds Bar &#8211; Donostia-San Sebasti\u00e1n &#8211; Spanien","datePublished":"2024-06-29T15:00:00+00:00","mainEntityOfPage":{"@id":"https:\/\/www.weine-feinkost.de\/unterwegs\/2024\/06\/geralds-bar-donostia-san-sebastian-spanien-2\/"},"wordCount":192,"commentCount":0,"publisher":{"@id":"https:\/\/www.weine-feinkost.de\/unterwegs\/#organization"},"image":{"@id":"https:\/\/www.weine-feinkost.de\/unterwegs\/2024\/06\/geralds-bar-donostia-san-sebastian-spanien-2\/#primaryimage"},"thumbnailUrl":"https:\/\/www.weine-feinkost.de\/unterwegs\/wp-content\/uploads\/2024\/04\/Geralds_Bar_Donostia-San_Sebastian_Spanien_1.jpg","keywords":["Baskenland","Donostia-San Sebasti\u00e1n","Geralds Bar","Restaurant","Spanien"],"articleSection":["Restaurants","Spanien"],"inLanguage":"de","potentialAction":[{"@type":"CommentAction","name":"Comment","target":["https:\/\/www.weine-feinkost.de\/unterwegs\/2024\/06\/geralds-bar-donostia-san-sebastian-spanien-2\/#respond"]}]},{"@type":"WebPage","@id":"https:\/\/www.weine-feinkost.de\/unterwegs\/2024\/06\/geralds-bar-donostia-san-sebastian-spanien-2\/","url":"https:\/\/www.weine-feinkost.de\/unterwegs\/2024\/06\/geralds-bar-donostia-san-sebastian-spanien-2\/","name":"Geralds Bar - Donostia-San Sebasti\u00e1n - Spanien - Unterwegs mit Weine &amp; Feinkost","isPartOf":{"@id":"https:\/\/www.weine-feinkost.de\/unterwegs\/#website"},"primaryImageOfPage":{"@id":"https:\/\/www.weine-feinkost.de\/unterwegs\/2024\/06\/geralds-bar-donostia-san-sebastian-spanien-2\/#primaryimage"},"image":{"@id":"https:\/\/www.weine-feinkost.de\/unterwegs\/2024\/06\/geralds-bar-donostia-san-sebastian-spanien-2\/#primaryimage"},"thumbnailUrl":"https:\/\/www.weine-feinkost.de\/unterwegs\/wp-content\/uploads\/2024\/04\/Geralds_Bar_Donostia-San_Sebastian_Spanien_1.jpg","datePublished":"2024-06-29T15:00:00+00:00","breadcrumb":{"@id":"https:\/\/www.weine-feinkost.de\/unterwegs\/2024\/06\/geralds-bar-donostia-san-sebastian-spanien-2\/#breadcrumb"},"inLanguage":"de","potentialAction":[{"@type":"ReadAction","target":["https:\/\/www.weine-feinkost.de\/unterwegs\/2024\/06\/geralds-bar-donostia-san-sebastian-spanien-2\/"]}]},{"@type":"ImageObject","inLanguage":"de","@id":"https:\/\/www.weine-feinkost.de\/unterwegs\/2024\/06\/geralds-bar-donostia-san-sebastian-spanien-2\/#primaryimage","url":"https:\/\/www.weine-feinkost.de\/unterwegs\/wp-content\/uploads\/2024\/04\/Geralds_Bar_Donostia-San_Sebastian_Spanien_1.jpg","contentUrl":"https:\/\/www.weine-feinkost.de\/unterwegs\/wp-content\/uploads\/2024\/04\/Geralds_Bar_Donostia-San_Sebastian_Spanien_1.jpg","width":1440,"height":1920},{"@type":"BreadcrumbList","@id":"https:\/\/www.weine-feinkost.de\/unterwegs\/2024\/06\/geralds-bar-donostia-san-sebastian-spanien-2\/#breadcrumb","itemListElement":[{"@type":"ListItem","position":1,"name":"Startseite","item":"https:\/\/www.weine-feinkost.de\/unterwegs\/"},{"@type":"ListItem","position":2,"name":"Geralds Bar &#8211; Donostia-San Sebasti\u00e1n &#8211; Spanien"}]},{"@type":"WebSite","@id":"https:\/\/www.weine-feinkost.de\/unterwegs\/#website","url":"https:\/\/www.weine-feinkost.de\/unterwegs\/","name":"Unterwegs mit Weine &amp; Feinkost","description":"Entdecken Sie Genuss","publisher":{"@id":"https:\/\/www.weine-feinkost.de\/unterwegs\/#organization"},"potentialAction":[{"@type":"SearchAction","target":{"@type":"EntryPoint","urlTemplate":"https:\/\/www.weine-feinkost.de\/unterwegs\/?s={search_term_string}"},"query-input":{"@type":"PropertyValueSpecification","valueRequired":true,"valueName":"search_term_string"}}],"inLanguage":"de"},{"@type":"Organization","@id":"https:\/\/www.weine-feinkost.de\/unterwegs\/#organization","name":"Unterwegs mit Weine &amp; Feinkost","url":"https:\/\/www.weine-feinkost.de\/unterwegs\/","logo":{"@type":"ImageObject","inLanguage":"de","@id":"https:\/\/www.weine-feinkost.de\/unterwegs\/#\/schema\/logo\/image\/","url":"https:\/\/www.weine-feinkost.de\/unterwegs\/wp-content\/uploads\/2022\/10\/logo_weinefeinkost_unterwegs_450x171.png","contentUrl":"https:\/\/www.weine-feinkost.de\/unterwegs\/wp-content\/uploads\/2022\/10\/logo_weinefeinkost_unterwegs_450x171.png","width":450,"height":171,"caption":"Unterwegs mit Weine &amp; Feinkost"},"image":{"@id":"https:\/\/www.weine-feinkost.de\/unterwegs\/#\/schema\/logo\/image\/"}},{"@type":"Person","@id":"https:\/\/www.weine-feinkost.de\/unterwegs\/#\/schema\/person\/c07d66169fd0e04307bfe7cdc99ac26a","name":"Christian Fenske","image":{"@type":"ImageObject","inLanguage":"de","@id":"https:\/\/www.weine-feinkost.de\/unterwegs\/wp-content\/uploads\/2023\/01\/cropped-christian_profilbild-96x96.png","url":"https:\/\/www.weine-feinkost.de\/unterwegs\/wp-content\/uploads\/2023\/01\/cropped-christian_profilbild-96x96.png","contentUrl":"https:\/\/www.weine-feinkost.de\/unterwegs\/wp-content\/uploads\/2023\/01\/cropped-christian_profilbild-96x96.png","caption":"Christian Fenske"},"description":"Zusammen an einem Tisch sitzen, gemeinsam zu kommunizieren und zu genie\u00dfen, das ist eine der herausragenden kulturellen Errungenschaft der Menschheit.","url":"https:\/\/www.weine-feinkost.de\/unterwegs\/author\/christian-fenske\/"}]}},"jetpack_publicize_connections":[],"jetpack_shortlink":"https:\/\/wp.me\/p68Tjo-R9w","jetpack_sharing_enabled":true,"jetpack_likes_enabled":true,"jetpack_featured_media_url":"https:\/\/www.weine-feinkost.de\/unterwegs\/wp-content\/uploads\/2024\/04\/Geralds_Bar_Donostia-San_Sebastian_Spanien_1.jpg","_links":{"self":[{"href":"https:\/\/www.weine-feinkost.de\/unterwegs\/wp-json\/wp\/v2\/posts\/204322","targetHints":{"allow":["GET"]}}],"collection":[{"href":"https:\/\/www.weine-feinkost.de\/unterwegs\/wp-json\/wp\/v2\/posts"}],"about":[{"href":"https:\/\/www.weine-feinkost.de\/unterwegs\/wp-json\/wp\/v2\/types\/post"}],"author":[{"embeddable":true,"href":"https:\/\/www.weine-feinkost.de\/unterwegs\/wp-json\/wp\/v2\/users\/7"}],"replies":[{"embeddable":true,"href":"https:\/\/www.weine-feinkost.de\/unterwegs\/wp-json\/wp\/v2\/comments?post=204322"}],"version-history":[{"count":8,"href":"https:\/\/www.weine-feinkost.de\/unterwegs\/wp-json\/wp\/v2\/posts\/204322\/revisions"}],"predecessor-version":[{"id":205131,"href":"https:\/\/www.weine-feinkost.de\/unterwegs\/wp-json\/wp\/v2\/posts\/204322\/revisions\/205131"}],"wp:featuredmedia":[{"embeddable":true,"href":"https:\/\/www.weine-feinkost.de\/unterwegs\/wp-json\/wp\/v2\/media\/204326"}],"wp:attachment":[{"href":"https:\/\/www.weine-feinkost.de\/unterwegs\/wp-json\/wp\/v2\/media?parent=204322"}],"wp:term":[{"taxonomy":"category","embeddable":true,"href":"https:\/\/www.weine-feinkost.de\/unterwegs\/wp-json\/wp\/v2\/categories?post=204322"},{"taxonomy":"post_tag","embeddable":true,"href":"https:\/\/www.weine-feinkost.de\/unterwegs\/wp-json\/wp\/v2\/tags?post=204322"},{"taxonomy":"post_folder","embeddable":true,"href":"https:\/\/www.weine-feinkost.de\/unterwegs\/wp-json\/wp\/v2\/post_folder?post=204322"}],"curies":[{"name":"wp","href":"https:\/\/api.w.org\/{rel}","templated":true}]}}