{"id":204520,"date":"2024-07-04T17:00:00","date_gmt":"2024-07-04T15:00:00","guid":{"rendered":"https:\/\/www.weine-feinkost.de\/unterwegs\/?p=204520"},"modified":"2024-07-10T18:56:21","modified_gmt":"2024-07-10T16:56:21","slug":"la-cuisine-rademacher-koeln-deutschland","status":"publish","type":"post","link":"https:\/\/www.weine-feinkost.de\/unterwegs\/2024\/07\/la-cuisine-rademacher-koeln-deutschland\/","title":{"rendered":"La Cuisine Rademacher &#8211; K\u00f6ln &#8211; Deutschland"},"content":{"rendered":"\n<h2 class=\"wp-block-heading\">Franz\u00f6sische K\u00fcche, Meisterkusen und das Cabrales Fachgesch\u00e4ft<\/h2>\n\n\n\n<p class=\"has-drop-cap\">Das Konzept von <strong>La Cuisine Rademacher<\/strong> sch\u00f6pft seine Inspiration aus der franz\u00f6sischen Kochkunst. Der Gr\u00fcnder Marlon Rademacher hat seine F\u00e4higkeiten in mehreren renommierten Restaurants mit Michelin-Sternen verfeinert, bevor er 2018 im Alter von 23 Jahren sein eigenes Restaurant er\u00f6ffnete.<\/p>\n\n\n\n<p>Stationen im Waldhotel Sonnora, The Table Kevin Fehling, Zur Post in Odenthal und auf Mallorca, um nur einige zu nennen, haben ihn handwerklich und kulinarisch gepr\u00e4gt. 2020 wurde sein kulinarisches Talent mit einem Michelin-Stern gekr\u00f6nt, gefolgt von zahlreichen weiteren Ehrungen.<\/p>\n\n\n\n<p>Marlons K\u00fcchenphilosophie vereint frische, hochwertige Zutaten aus internationalen und regionalen Quellen mit innovativen Konzepten. Klassische Rezepte werden geschickt neu interpretiert, um sie an den modernen Geschmack anzupassen, wobei die exzellente Qualit\u00e4t der Zutaten durch die Zusammenarbeit mit erstklassigen Lieferanten gew\u00e4hrleistet wird.<\/p>\n\n\n\n<p>Ein k\u00fcrzlich stattgefundenes Essen mit befreundeten Kollegen konnte den vorauseilenden guten Ruf von Marlon Rademacher und seinem Team nur best\u00e4tigen. Hier wird auf hohem Niveau klassisch franz\u00f6sisch gekocht. Das Essen schmeckt einfach nur sehr lecker. Insbesondere die Saucen voller Kraft und Geschmack sind exquisit.<\/p>\n\n\n\n<p>Dass an diesem Abend nicht weit vom Restaurant entfernt die Fu\u00dfballmeisterschaft von Bayer Leverkusen entschieden wurde, und dies auch in der K\u00fcche ausgiebig gefeiert wurde, und dass mit der Gr\u00fcndung eines Fachgesch\u00e4ftes f\u00fcr <a href=\"https:\/\/de.wikipedia.org\/wiki\/Cabrales_(K%C3%A4se)\">Cabrales-K\u00e4se<\/a> in Wuppertal-Oberbarmen ein neues Fachhandelsgesch\u00e4ft mit florierenden Marktchancen geplant wird, sind weitere Anekdoten dieses denkw\u00fcrdigen Abends.<\/p>\n\n\n\n<div class=\"wp-block-jetpack-tiled-gallery aligncenter is-style-rectangular\"><div class=\"\"><div class=\"tiled-gallery__gallery\"><div class=\"tiled-gallery__row\"><div class=\"tiled-gallery__col\" style=\"flex-basis:33.33333%\"><figure class=\"tiled-gallery__item\"><a href=\"https:\/\/www.weine-feinkost.de\/unterwegs\/wp-content\/uploads\/2024\/04\/La_Cuisine_Rademacher_Koeln_Deutschland-_3-768x1024.jpg\"><img decoding=\"async\" srcset=\"https:\/\/i2.wp.com\/www.weine-feinkost.de\/unterwegs\/wp-content\/uploads\/2024\/04\/La_Cuisine_Rademacher_Koeln_Deutschland-_3-768x1024.jpg?strip=info&#038;w=600&#038;ssl=1 600w,https:\/\/i2.wp.com\/www.weine-feinkost.de\/unterwegs\/wp-content\/uploads\/2024\/04\/La_Cuisine_Rademacher_Koeln_Deutschland-_3-768x1024.jpg?strip=info&#038;w=768&#038;ssl=1 768w\" alt=\"\" data-height=\"1920\" data-id=\"204524\" data-link=\"https:\/\/www.weine-feinkost.de\/unterwegs\/?attachment_id=204524#main\" data-url=\"https:\/\/www.weine-feinkost.de\/unterwegs\/wp-content\/uploads\/2024\/04\/La_Cuisine_Rademacher_Koeln_Deutschland-_3-768x1024.jpg\" data-width=\"1440\" src=\"https:\/\/i2.wp.com\/www.weine-feinkost.de\/unterwegs\/wp-content\/uploads\/2024\/04\/La_Cuisine_Rademacher_Koeln_Deutschland-_3-768x1024.jpg?ssl=1\" data-amp-layout=\"responsive\" tabindex=\"0\" role=\"button\" aria-label=\"Bild\u00a01 von 3 im Vollbildmodus \u00f6ffnen\"\/><\/a><\/figure><\/div><div class=\"tiled-gallery__col\" style=\"flex-basis:33.33333%\"><figure class=\"tiled-gallery__item\"><a href=\"https:\/\/www.weine-feinkost.de\/unterwegs\/wp-content\/uploads\/2024\/04\/La_Cuisine_Rademacher_Koeln_Deutschland-_5-768x1024.jpg\"><img decoding=\"async\" srcset=\"https:\/\/i0.wp.com\/www.weine-feinkost.de\/unterwegs\/wp-content\/uploads\/2024\/04\/La_Cuisine_Rademacher_Koeln_Deutschland-_5-768x1024.jpg?strip=info&#038;w=600&#038;ssl=1 600w,https:\/\/i0.wp.com\/www.weine-feinkost.de\/unterwegs\/wp-content\/uploads\/2024\/04\/La_Cuisine_Rademacher_Koeln_Deutschland-_5-768x1024.jpg?strip=info&#038;w=768&#038;ssl=1 768w\" alt=\"\" data-height=\"1920\" data-id=\"204525\" data-link=\"https:\/\/www.weine-feinkost.de\/unterwegs\/?attachment_id=204525#main\" data-url=\"https:\/\/www.weine-feinkost.de\/unterwegs\/wp-content\/uploads\/2024\/04\/La_Cuisine_Rademacher_Koeln_Deutschland-_5-768x1024.jpg\" data-width=\"1440\" src=\"https:\/\/i0.wp.com\/www.weine-feinkost.de\/unterwegs\/wp-content\/uploads\/2024\/04\/La_Cuisine_Rademacher_Koeln_Deutschland-_5-768x1024.jpg?ssl=1\" data-amp-layout=\"responsive\" tabindex=\"0\" role=\"button\" aria-label=\"Bild\u00a02 von 3 im Vollbildmodus \u00f6ffnen\"\/><\/a><\/figure><\/div><div class=\"tiled-gallery__col\" style=\"flex-basis:33.33333%\"><figure class=\"tiled-gallery__item\"><a href=\"https:\/\/www.weine-feinkost.de\/unterwegs\/wp-content\/uploads\/2024\/04\/La_Cuisine_Rademacher_Koeln_Deutschland-_22-768x1024.jpg\"><img decoding=\"async\" srcset=\"https:\/\/i0.wp.com\/www.weine-feinkost.de\/unterwegs\/wp-content\/uploads\/2024\/04\/La_Cuisine_Rademacher_Koeln_Deutschland-_22-768x1024.jpg?strip=info&#038;w=600&#038;ssl=1 600w,https:\/\/i0.wp.com\/www.weine-feinkost.de\/unterwegs\/wp-content\/uploads\/2024\/04\/La_Cuisine_Rademacher_Koeln_Deutschland-_22-768x1024.jpg?strip=info&#038;w=768&#038;ssl=1 768w\" alt=\"\" data-height=\"1920\" data-id=\"204539\" data-link=\"https:\/\/www.weine-feinkost.de\/unterwegs\/?attachment_id=204539#main\" data-url=\"https:\/\/www.weine-feinkost.de\/unterwegs\/wp-content\/uploads\/2024\/04\/La_Cuisine_Rademacher_Koeln_Deutschland-_22-768x1024.jpg\" data-width=\"1440\" src=\"https:\/\/i0.wp.com\/www.weine-feinkost.de\/unterwegs\/wp-content\/uploads\/2024\/04\/La_Cuisine_Rademacher_Koeln_Deutschland-_22-768x1024.jpg?ssl=1\" data-amp-layout=\"responsive\" tabindex=\"0\" role=\"button\" aria-label=\"Bild\u00a03 von 3 im Vollbildmodus \u00f6ffnen\"\/><\/a><\/figure><\/div><\/div><\/div><\/div><\/div>\n\n\n\n<p> <\/p>\n\n\n<div class=\"wp-block-image\">\n<figure class=\"aligncenter\"><a href=\"https:\/\/www.weine-feinkost.de\/unterwegs\/wp-content\/uploads\/2024\/04\/La_Cuisine_Rademacher_Koeln_Deutschland-_2.jpg\"><img loading=\"lazy\" decoding=\"async\" width=\"768\" height=\"1024\" src=\"https:\/\/www.weine-feinkost.de\/unterwegs\/wp-content\/uploads\/2024\/04\/La_Cuisine_Rademacher_Koeln_Deutschland-_2-768x1024.jpg\" alt=\"\" class=\"wp-image-204523\" srcset=\"https:\/\/www.weine-feinkost.de\/unterwegs\/wp-content\/uploads\/2024\/04\/La_Cuisine_Rademacher_Koeln_Deutschland-_2-768x1024.jpg 768w, https:\/\/www.weine-feinkost.de\/unterwegs\/wp-content\/uploads\/2024\/04\/La_Cuisine_Rademacher_Koeln_Deutschland-_2-225x300.jpg 225w, https:\/\/www.weine-feinkost.de\/unterwegs\/wp-content\/uploads\/2024\/04\/La_Cuisine_Rademacher_Koeln_Deutschland-_2-1152x1536.jpg 1152w, https:\/\/www.weine-feinkost.de\/unterwegs\/wp-content\/uploads\/2024\/04\/La_Cuisine_Rademacher_Koeln_Deutschland-_2.jpg 1440w\" sizes=\"auto, (max-width: 768px) 100vw, 768px\" \/><\/a><figcaption class=\"wp-element-caption\"><kbd>N25 Schrenckii Kaviar, Wagyu und Cr\u00e8me fra\u00eeche.<\/kbd><\/figcaption><\/figure>\n<\/div>\n\n<div class=\"wp-block-image\">\n<figure class=\"aligncenter\"><a href=\"https:\/\/www.weine-feinkost.de\/unterwegs\/wp-content\/uploads\/2024\/04\/La_Cuisine_Rademacher_Koeln_Deutschland-_6.jpg\"><img loading=\"lazy\" decoding=\"async\" width=\"768\" height=\"1024\" src=\"https:\/\/www.weine-feinkost.de\/unterwegs\/wp-content\/uploads\/2024\/04\/La_Cuisine_Rademacher_Koeln_Deutschland-_6-768x1024.jpg\" alt=\"\" class=\"wp-image-204526\" srcset=\"https:\/\/www.weine-feinkost.de\/unterwegs\/wp-content\/uploads\/2024\/04\/La_Cuisine_Rademacher_Koeln_Deutschland-_6-768x1024.jpg 768w, https:\/\/www.weine-feinkost.de\/unterwegs\/wp-content\/uploads\/2024\/04\/La_Cuisine_Rademacher_Koeln_Deutschland-_6-225x300.jpg 225w, https:\/\/www.weine-feinkost.de\/unterwegs\/wp-content\/uploads\/2024\/04\/La_Cuisine_Rademacher_Koeln_Deutschland-_6-1152x1536.jpg 1152w, https:\/\/www.weine-feinkost.de\/unterwegs\/wp-content\/uploads\/2024\/04\/La_Cuisine_Rademacher_Koeln_Deutschland-_6.jpg 1440w\" sizes=\"auto, (max-width: 768px) 100vw, 768px\" \/><\/a><figcaption class=\"wp-element-caption\"><kbd>Gelbschwanzmakrele, Rhabarber, Meerrettich und Limone.<\/kbd><\/figcaption><\/figure>\n<\/div>\n\n<div class=\"wp-block-image\">\n<figure class=\"aligncenter\"><a href=\"https:\/\/www.weine-feinkost.de\/unterwegs\/wp-content\/uploads\/2024\/04\/La_Cuisine_Rademacher_Koeln_Deutschland-_7.jpg\"><img loading=\"lazy\" decoding=\"async\" width=\"768\" height=\"1024\" src=\"https:\/\/www.weine-feinkost.de\/unterwegs\/wp-content\/uploads\/2024\/04\/La_Cuisine_Rademacher_Koeln_Deutschland-_7-768x1024.jpg\" alt=\"\" class=\"wp-image-204527\" srcset=\"https:\/\/www.weine-feinkost.de\/unterwegs\/wp-content\/uploads\/2024\/04\/La_Cuisine_Rademacher_Koeln_Deutschland-_7-768x1024.jpg 768w, https:\/\/www.weine-feinkost.de\/unterwegs\/wp-content\/uploads\/2024\/04\/La_Cuisine_Rademacher_Koeln_Deutschland-_7-225x300.jpg 225w, https:\/\/www.weine-feinkost.de\/unterwegs\/wp-content\/uploads\/2024\/04\/La_Cuisine_Rademacher_Koeln_Deutschland-_7-1152x1536.jpg 1152w, https:\/\/www.weine-feinkost.de\/unterwegs\/wp-content\/uploads\/2024\/04\/La_Cuisine_Rademacher_Koeln_Deutschland-_7.jpg 1440w\" sizes=\"auto, (max-width: 768px) 100vw, 768px\" \/><\/a><figcaption class=\"wp-element-caption\"><kbd>Kalbsbries, B\u00e4rlauch, Tr\u00fcffel, Marcona Mandel und Madeira.<\/kbd><\/figcaption><\/figure>\n<\/div>\n\n<div class=\"wp-block-image\">\n<figure class=\"aligncenter\"><a href=\"https:\/\/www.weine-feinkost.de\/unterwegs\/wp-content\/uploads\/2024\/04\/La_Cuisine_Rademacher_Koeln_Deutschland-_8.jpg\"><img loading=\"lazy\" decoding=\"async\" width=\"768\" height=\"1024\" src=\"https:\/\/www.weine-feinkost.de\/unterwegs\/wp-content\/uploads\/2024\/04\/La_Cuisine_Rademacher_Koeln_Deutschland-_8-768x1024.jpg\" alt=\"\" class=\"wp-image-204528\" srcset=\"https:\/\/www.weine-feinkost.de\/unterwegs\/wp-content\/uploads\/2024\/04\/La_Cuisine_Rademacher_Koeln_Deutschland-_8-768x1024.jpg 768w, https:\/\/www.weine-feinkost.de\/unterwegs\/wp-content\/uploads\/2024\/04\/La_Cuisine_Rademacher_Koeln_Deutschland-_8-225x300.jpg 225w, https:\/\/www.weine-feinkost.de\/unterwegs\/wp-content\/uploads\/2024\/04\/La_Cuisine_Rademacher_Koeln_Deutschland-_8-1152x1536.jpg 1152w, https:\/\/www.weine-feinkost.de\/unterwegs\/wp-content\/uploads\/2024\/04\/La_Cuisine_Rademacher_Koeln_Deutschland-_8.jpg 1440w\" sizes=\"auto, (max-width: 768px) 100vw, 768px\" \/><\/a><figcaption class=\"wp-element-caption\"><kbd>Gillardeau Auster No. 2. Waldorf, Granny Smith, Staudensellerie und Petersilie.<\/kbd><\/figcaption><\/figure>\n<\/div>\n\n<div class=\"wp-block-image\">\n<figure class=\"aligncenter\"><a href=\"https:\/\/www.weine-feinkost.de\/unterwegs\/wp-content\/uploads\/2024\/04\/La_Cuisine_Rademacher_Koeln_Deutschland-_10.jpg\"><img loading=\"lazy\" decoding=\"async\" width=\"768\" height=\"1024\" src=\"https:\/\/www.weine-feinkost.de\/unterwegs\/wp-content\/uploads\/2024\/04\/La_Cuisine_Rademacher_Koeln_Deutschland-_10-768x1024.jpg\" alt=\"\" class=\"wp-image-204529\" srcset=\"https:\/\/www.weine-feinkost.de\/unterwegs\/wp-content\/uploads\/2024\/04\/La_Cuisine_Rademacher_Koeln_Deutschland-_10-768x1024.jpg 768w, https:\/\/www.weine-feinkost.de\/unterwegs\/wp-content\/uploads\/2024\/04\/La_Cuisine_Rademacher_Koeln_Deutschland-_10-225x300.jpg 225w, https:\/\/www.weine-feinkost.de\/unterwegs\/wp-content\/uploads\/2024\/04\/La_Cuisine_Rademacher_Koeln_Deutschland-_10-1152x1536.jpg 1152w, https:\/\/www.weine-feinkost.de\/unterwegs\/wp-content\/uploads\/2024\/04\/La_Cuisine_Rademacher_Koeln_Deutschland-_10.jpg 1440w\" sizes=\"auto, (max-width: 768px) 100vw, 768px\" \/><\/a><figcaption class=\"wp-element-caption\"><kbd>Sauerteigbrot.<\/kbd><\/figcaption><\/figure>\n<\/div>\n\n<div class=\"wp-block-image\">\n<figure class=\"aligncenter\"><a href=\"https:\/\/www.weine-feinkost.de\/unterwegs\/wp-content\/uploads\/2024\/04\/La_Cuisine_Rademacher_Koeln_Deutschland-_11.jpg\"><img loading=\"lazy\" decoding=\"async\" width=\"768\" height=\"1024\" src=\"https:\/\/www.weine-feinkost.de\/unterwegs\/wp-content\/uploads\/2024\/04\/La_Cuisine_Rademacher_Koeln_Deutschland-_11-768x1024.jpg\" alt=\"\" class=\"wp-image-204530\" srcset=\"https:\/\/www.weine-feinkost.de\/unterwegs\/wp-content\/uploads\/2024\/04\/La_Cuisine_Rademacher_Koeln_Deutschland-_11-768x1024.jpg 768w, https:\/\/www.weine-feinkost.de\/unterwegs\/wp-content\/uploads\/2024\/04\/La_Cuisine_Rademacher_Koeln_Deutschland-_11-225x300.jpg 225w, https:\/\/www.weine-feinkost.de\/unterwegs\/wp-content\/uploads\/2024\/04\/La_Cuisine_Rademacher_Koeln_Deutschland-_11-1152x1536.jpg 1152w, https:\/\/www.weine-feinkost.de\/unterwegs\/wp-content\/uploads\/2024\/04\/La_Cuisine_Rademacher_Koeln_Deutschland-_11.jpg 1440w\" sizes=\"auto, (max-width: 768px) 100vw, 768px\" \/><\/a><figcaption class=\"wp-element-caption\"><kbd>Bestes Oliven\u00f6l und Butter.<\/kbd><\/figcaption><\/figure>\n<\/div>\n\n<div class=\"wp-block-image\">\n<figure class=\"aligncenter\"><a href=\"https:\/\/www.weine-feinkost.de\/unterwegs\/wp-content\/uploads\/2024\/04\/La_Cuisine_Rademacher_Koeln_Deutschland-_12.jpg\"><img loading=\"lazy\" decoding=\"async\" width=\"768\" height=\"1024\" src=\"https:\/\/www.weine-feinkost.de\/unterwegs\/wp-content\/uploads\/2024\/04\/La_Cuisine_Rademacher_Koeln_Deutschland-_12-768x1024.jpg\" alt=\"\" class=\"wp-image-204531\" srcset=\"https:\/\/www.weine-feinkost.de\/unterwegs\/wp-content\/uploads\/2024\/04\/La_Cuisine_Rademacher_Koeln_Deutschland-_12-768x1024.jpg 768w, https:\/\/www.weine-feinkost.de\/unterwegs\/wp-content\/uploads\/2024\/04\/La_Cuisine_Rademacher_Koeln_Deutschland-_12-225x300.jpg 225w, https:\/\/www.weine-feinkost.de\/unterwegs\/wp-content\/uploads\/2024\/04\/La_Cuisine_Rademacher_Koeln_Deutschland-_12-1152x1536.jpg 1152w, https:\/\/www.weine-feinkost.de\/unterwegs\/wp-content\/uploads\/2024\/04\/La_Cuisine_Rademacher_Koeln_Deutschland-_12.jpg 1440w\" sizes=\"auto, (max-width: 768px) 100vw, 768px\" \/><\/a><figcaption class=\"wp-element-caption\"><kbd>Balfego Thunfisch, wei\u00dfer Spargel, Sauce Vierge, Estragon, Leber.<\/kbd><\/figcaption><\/figure>\n<\/div>\n\n<div class=\"wp-block-image\">\n<figure class=\"aligncenter\"><img loading=\"lazy\" decoding=\"async\" width=\"768\" height=\"1024\" src=\"https:\/\/www.weine-feinkost.de\/unterwegs\/wp-content\/uploads\/2024\/04\/La_Cuisine_Rademacher_Koeln_Deutschland-_13-768x1024.jpg\" alt=\"\" class=\"wp-image-204532\" srcset=\"https:\/\/www.weine-feinkost.de\/unterwegs\/wp-content\/uploads\/2024\/04\/La_Cuisine_Rademacher_Koeln_Deutschland-_13-768x1024.jpg 768w, https:\/\/www.weine-feinkost.de\/unterwegs\/wp-content\/uploads\/2024\/04\/La_Cuisine_Rademacher_Koeln_Deutschland-_13-225x300.jpg 225w, https:\/\/www.weine-feinkost.de\/unterwegs\/wp-content\/uploads\/2024\/04\/La_Cuisine_Rademacher_Koeln_Deutschland-_13-1152x1536.jpg 1152w, https:\/\/www.weine-feinkost.de\/unterwegs\/wp-content\/uploads\/2024\/04\/La_Cuisine_Rademacher_Koeln_Deutschland-_13.jpg 1440w\" sizes=\"auto, (max-width: 768px) 100vw, 768px\" \/><figcaption class=\"wp-element-caption\"><kbd>Brioche.<\/kbd><\/figcaption><\/figure>\n<\/div>\n\n<div class=\"wp-block-image\">\n<figure class=\"aligncenter\"><a href=\"https:\/\/www.weine-feinkost.de\/unterwegs\/wp-content\/uploads\/2024\/04\/La_Cuisine_Rademacher_Koeln_Deutschland-_14.jpg\"><img loading=\"lazy\" decoding=\"async\" width=\"768\" height=\"1024\" src=\"https:\/\/www.weine-feinkost.de\/unterwegs\/wp-content\/uploads\/2024\/04\/La_Cuisine_Rademacher_Koeln_Deutschland-_14-768x1024.jpg\" alt=\"\" class=\"wp-image-204533\" srcset=\"https:\/\/www.weine-feinkost.de\/unterwegs\/wp-content\/uploads\/2024\/04\/La_Cuisine_Rademacher_Koeln_Deutschland-_14-768x1024.jpg 768w, https:\/\/www.weine-feinkost.de\/unterwegs\/wp-content\/uploads\/2024\/04\/La_Cuisine_Rademacher_Koeln_Deutschland-_14-225x300.jpg 225w, https:\/\/www.weine-feinkost.de\/unterwegs\/wp-content\/uploads\/2024\/04\/La_Cuisine_Rademacher_Koeln_Deutschland-_14-1152x1536.jpg 1152w, https:\/\/www.weine-feinkost.de\/unterwegs\/wp-content\/uploads\/2024\/04\/La_Cuisine_Rademacher_Koeln_Deutschland-_14.jpg 1440w\" sizes=\"auto, (max-width: 768px) 100vw, 768px\" \/><\/a><figcaption class=\"wp-element-caption\"><kbd>Langostino, Erbse, S\u00fc\u00dfholz und Bisque.<\/kbd><\/figcaption><\/figure>\n<\/div>\n\n<div class=\"wp-block-image\">\n<figure class=\"aligncenter\"><a href=\"https:\/\/www.weine-feinkost.de\/unterwegs\/wp-content\/uploads\/2024\/04\/La_Cuisine_Rademacher_Koeln_Deutschland-_15.jpg\"><img loading=\"lazy\" decoding=\"async\" width=\"768\" height=\"1024\" src=\"https:\/\/www.weine-feinkost.de\/unterwegs\/wp-content\/uploads\/2024\/04\/La_Cuisine_Rademacher_Koeln_Deutschland-_15-768x1024.jpg\" alt=\"\" class=\"wp-image-204534\" srcset=\"https:\/\/www.weine-feinkost.de\/unterwegs\/wp-content\/uploads\/2024\/04\/La_Cuisine_Rademacher_Koeln_Deutschland-_15-768x1024.jpg 768w, https:\/\/www.weine-feinkost.de\/unterwegs\/wp-content\/uploads\/2024\/04\/La_Cuisine_Rademacher_Koeln_Deutschland-_15-225x300.jpg 225w, https:\/\/www.weine-feinkost.de\/unterwegs\/wp-content\/uploads\/2024\/04\/La_Cuisine_Rademacher_Koeln_Deutschland-_15-1152x1536.jpg 1152w, https:\/\/www.weine-feinkost.de\/unterwegs\/wp-content\/uploads\/2024\/04\/La_Cuisine_Rademacher_Koeln_Deutschland-_15.jpg 1440w\" sizes=\"auto, (max-width: 768px) 100vw, 768px\" \/><\/a><figcaption class=\"wp-element-caption\"><kbd>Bretonische Seezunge, Spargel aus Pertuis, Spitzmorchel und Rucola.<\/kbd><\/figcaption><\/figure>\n<\/div>\n\n<div class=\"wp-block-image\">\n<figure class=\"aligncenter\"><a href=\"https:\/\/www.weine-feinkost.de\/unterwegs\/wp-content\/uploads\/2024\/04\/La_Cuisine_Rademacher_Koeln_Deutschland-_16.jpg\"><img loading=\"lazy\" decoding=\"async\" width=\"768\" height=\"1024\" src=\"https:\/\/www.weine-feinkost.de\/unterwegs\/wp-content\/uploads\/2024\/04\/La_Cuisine_Rademacher_Koeln_Deutschland-_16-768x1024.jpg\" alt=\"\" class=\"wp-image-204535\" srcset=\"https:\/\/www.weine-feinkost.de\/unterwegs\/wp-content\/uploads\/2024\/04\/La_Cuisine_Rademacher_Koeln_Deutschland-_16-768x1024.jpg 768w, https:\/\/www.weine-feinkost.de\/unterwegs\/wp-content\/uploads\/2024\/04\/La_Cuisine_Rademacher_Koeln_Deutschland-_16-225x300.jpg 225w, https:\/\/www.weine-feinkost.de\/unterwegs\/wp-content\/uploads\/2024\/04\/La_Cuisine_Rademacher_Koeln_Deutschland-_16-1152x1536.jpg 1152w, https:\/\/www.weine-feinkost.de\/unterwegs\/wp-content\/uploads\/2024\/04\/La_Cuisine_Rademacher_Koeln_Deutschland-_16.jpg 1440w\" sizes=\"auto, (max-width: 768px) 100vw, 768px\" \/><\/a><figcaption class=\"wp-element-caption\"><kbd>Rinderfilet aus dem Baskenland, Artischocke, Spinat Salpic\u00f3n.<\/kbd><\/figcaption><\/figure>\n<\/div>\n\n<div class=\"wp-block-image\">\n<figure class=\"aligncenter is-resized\"><a href=\"https:\/\/www.weine-feinkost.de\/unterwegs\/wp-content\/uploads\/2024\/04\/La_Cuisine_Rademacher_Koeln_Deutschland-_17.jpg\"><img loading=\"lazy\" decoding=\"async\" width=\"768\" height=\"1024\" src=\"https:\/\/www.weine-feinkost.de\/unterwegs\/wp-content\/uploads\/2024\/04\/La_Cuisine_Rademacher_Koeln_Deutschland-_17-768x1024.jpg\" alt=\"\" class=\"wp-image-204536\" style=\"width:768px;height:auto\" srcset=\"https:\/\/www.weine-feinkost.de\/unterwegs\/wp-content\/uploads\/2024\/04\/La_Cuisine_Rademacher_Koeln_Deutschland-_17-768x1024.jpg 768w, https:\/\/www.weine-feinkost.de\/unterwegs\/wp-content\/uploads\/2024\/04\/La_Cuisine_Rademacher_Koeln_Deutschland-_17-225x300.jpg 225w, https:\/\/www.weine-feinkost.de\/unterwegs\/wp-content\/uploads\/2024\/04\/La_Cuisine_Rademacher_Koeln_Deutschland-_17-1152x1536.jpg 1152w, https:\/\/www.weine-feinkost.de\/unterwegs\/wp-content\/uploads\/2024\/04\/La_Cuisine_Rademacher_Koeln_Deutschland-_17.jpg 1440w\" sizes=\"auto, (max-width: 768px) 100vw, 768px\" \/><\/a><figcaption class=\"wp-element-caption\"><kbd>Kir Royal, Cassis, Holunderbl\u00fcte und Citrus.<\/kbd><\/figcaption><\/figure>\n<\/div>\n\n<div class=\"wp-block-image\">\n<figure class=\"aligncenter is-resized\"><a href=\"https:\/\/www.weine-feinkost.de\/unterwegs\/wp-content\/uploads\/2024\/04\/La_Cuisine_Rademacher_Koeln_Deutschland-_18.jpg\"><img loading=\"lazy\" decoding=\"async\" width=\"768\" height=\"1024\" src=\"https:\/\/www.weine-feinkost.de\/unterwegs\/wp-content\/uploads\/2024\/04\/La_Cuisine_Rademacher_Koeln_Deutschland-_18-768x1024.jpg\" alt=\"\" class=\"wp-image-204537\" style=\"width:768px;height:auto\" srcset=\"https:\/\/www.weine-feinkost.de\/unterwegs\/wp-content\/uploads\/2024\/04\/La_Cuisine_Rademacher_Koeln_Deutschland-_18-768x1024.jpg 768w, https:\/\/www.weine-feinkost.de\/unterwegs\/wp-content\/uploads\/2024\/04\/La_Cuisine_Rademacher_Koeln_Deutschland-_18-225x300.jpg 225w, https:\/\/www.weine-feinkost.de\/unterwegs\/wp-content\/uploads\/2024\/04\/La_Cuisine_Rademacher_Koeln_Deutschland-_18-1152x1536.jpg 1152w, https:\/\/www.weine-feinkost.de\/unterwegs\/wp-content\/uploads\/2024\/04\/La_Cuisine_Rademacher_Koeln_Deutschland-_18.jpg 1440w\" sizes=\"auto, (max-width: 768px) 100vw, 768px\" \/><\/a><figcaption class=\"wp-element-caption\"><kbd>Veilcheneis, Erdbeeren, Basilikum und Pedro Xim\u00e9nez Essig.<\/kbd><\/figcaption><\/figure>\n<\/div>\n\n<div class=\"wp-block-image\">\n<figure class=\"aligncenter\"><a href=\"https:\/\/www.weine-feinkost.de\/unterwegs\/wp-content\/uploads\/2024\/04\/La_Cuisine_Rademacher_Koeln_Deutschland-_20.jpg\"><img loading=\"lazy\" decoding=\"async\" width=\"768\" height=\"1024\" src=\"https:\/\/www.weine-feinkost.de\/unterwegs\/wp-content\/uploads\/2024\/04\/La_Cuisine_Rademacher_Koeln_Deutschland-_20-768x1024.jpg\" alt=\"\" class=\"wp-image-204538\" srcset=\"https:\/\/www.weine-feinkost.de\/unterwegs\/wp-content\/uploads\/2024\/04\/La_Cuisine_Rademacher_Koeln_Deutschland-_20-768x1024.jpg 768w, https:\/\/www.weine-feinkost.de\/unterwegs\/wp-content\/uploads\/2024\/04\/La_Cuisine_Rademacher_Koeln_Deutschland-_20-225x300.jpg 225w, https:\/\/www.weine-feinkost.de\/unterwegs\/wp-content\/uploads\/2024\/04\/La_Cuisine_Rademacher_Koeln_Deutschland-_20-1152x1536.jpg 1152w, https:\/\/www.weine-feinkost.de\/unterwegs\/wp-content\/uploads\/2024\/04\/La_Cuisine_Rademacher_Koeln_Deutschland-_20.jpg 1440w\" sizes=\"auto, (max-width: 768px) 100vw, 768px\" \/><\/a><figcaption class=\"wp-element-caption\"><kbd>Petit Fours.<\/kbd><\/figcaption><\/figure>\n<\/div>\n\n\n<p><strong>La Cuisine Rademacher<\/strong>, Dellbr\u00fccker Hauptstra\u00dfe 176, 51069 K\u00f6ln, Deutschland, Telefon: +49221 96898898, <a href=\"https:\/\/la-cuisine-koeln.de\/\">https:\/\/la-cuisine-koeln.de\/<\/a><\/p>\n","protected":false},"excerpt":{"rendered":"<p>Franz\u00f6sische K\u00fcche, Meisterkusen und das Cabrales Fachgesch\u00e4ft Das Konzept von La Cuisine Rademacher sch\u00f6pft seine Inspiration aus der franz\u00f6sischen Kochkunst. Der Gr\u00fcnder Marlon Rademacher hat seine F\u00e4higkeiten in mehreren renommierten Restaurants mit Michelin-Sternen verfeinert, bevor er 2018 im Alter von 23 Jahren sein eigenes Restaurant er\u00f6ffnete. Stationen im Waldhotel Sonnora, The Table Kevin Fehling, Zur &#8230; <a title=\"La Cuisine Rademacher &#8211; K\u00f6ln &#8211; Deutschland\" class=\"read-more\" href=\"https:\/\/www.weine-feinkost.de\/unterwegs\/2024\/07\/la-cuisine-rademacher-koeln-deutschland\/\" aria-label=\"Mehr dazu unter La Cuisine Rademacher &#8211; K\u00f6ln &#8211; Deutschland\">Weiterlesen<\/a><\/p>\n","protected":false},"author":7,"featured_media":204522,"comment_status":"open","ping_status":"open","sticky":false,"template":"","format":"standard","meta":{"_jetpack_newsletter_access":"","_jetpack_dont_email_post_to_subs":false,"_jetpack_newsletter_tier_id":0,"_jetpack_memberships_contains_paywalled_content":false,"_jetpack_feature_clip_id":0,"_jetpack_memberships_contains_paid_content":false,"footnotes":"","jetpack_publicize_message":"","jetpack_publicize_feature_enabled":true,"jetpack_social_post_already_shared":true,"jetpack_social_options":{"image_generator_settings":{"template":"highway","default_image_id":0,"font":"","enabled":false},"version":2},"jetpack_post_was_ever_published":false},"categories":[31,41,13],"tags":[8577,8569,8576,8578,8580,8568,8563,7821,8579,8567,8274,8572,8575,8574,8571,8566,8562,8581,8561,7942,8573,8565,8570,8564],"post_folder":[],"class_list":["post-204520","post","type-post","status-publish","format-standard","has-post-thumbnail","hentry","category-deutschland-restaurants","category-michelin-star","category-restaurants","tag-cabrales-kaese","tag-der-feinschmecker","tag-erstklassige-lieferanten","tag-exquisite-saucen","tag-fachgeschaeft-wuppertal-oberbarmen","tag-falstaff","tag-franzoesische-kochkunst","tag-frische-zutaten","tag-fussballmeisterschaft-bayer-leverkusen","tag-gaultmillau","tag-geschmackserlebnis","tag-innovative-konzepte","tag-klassisch-franzoesisch","tag-klassische-rezepte","tag-kuechenphilosophie","tag-kulinarische-praegung","tag-la-cuisine-rademacher","tag-marktchancen","tag-marlon-rademacher","tag-michelin-stern","tag-moderne-interpretation","tag-renommierte-restaurants","tag-rolling-pin","tag-weltweite-einfluesse"],"yoast_head":"<!-- This site is optimized with the Yoast SEO plugin v28.3 - https:\/\/yoast.com\/product\/yoast-seo-wordpress\/ -->\n<title>La Cuisine Rademacher - K\u00f6ln - Deutschland - Unterwegs mit Weine &amp; Feinkost<\/title>\n<meta name=\"robots\" content=\"index, follow, max-snippet:-1, max-image-preview:large, max-video-preview:-1\" \/>\n<link rel=\"canonical\" href=\"https:\/\/www.weine-feinkost.de\/unterwegs\/2024\/07\/la-cuisine-rademacher-koeln-deutschland\/\" \/>\n<meta property=\"og:locale\" content=\"de_DE\" \/>\n<meta property=\"og:type\" content=\"article\" \/>\n<meta property=\"og:title\" content=\"La Cuisine Rademacher - K\u00f6ln - Deutschland - Unterwegs mit Weine &amp; Feinkost\" \/>\n<meta property=\"og:description\" content=\"Franz\u00f6sische K\u00fcche, Meisterkusen und das Cabrales Fachgesch\u00e4ft Das Konzept von La Cuisine Rademacher sch\u00f6pft seine Inspiration aus der franz\u00f6sischen Kochkunst. Der Gr\u00fcnder Marlon Rademacher hat seine F\u00e4higkeiten in mehreren renommierten Restaurants mit Michelin-Sternen verfeinert, bevor er 2018 im Alter von 23 Jahren sein eigenes Restaurant er\u00f6ffnete. Stationen im Waldhotel Sonnora, The Table Kevin Fehling, Zur ... Weiterlesen\" \/>\n<meta property=\"og:url\" content=\"https:\/\/www.weine-feinkost.de\/unterwegs\/2024\/07\/la-cuisine-rademacher-koeln-deutschland\/\" \/>\n<meta property=\"og:site_name\" content=\"Unterwegs mit Weine &amp; Feinkost\" \/>\n<meta property=\"article:published_time\" content=\"2024-07-04T15:00:00+00:00\" \/>\n<meta property=\"article:modified_time\" content=\"2024-07-10T16:56:21+00:00\" \/>\n<meta property=\"og:image\" content=\"https:\/\/www.weine-feinkost.de\/unterwegs\/wp-content\/uploads\/2024\/04\/La_Cuisine_Rademacher_Koeln_Deutschland-_1.jpg\" \/>\n\t<meta property=\"og:image:width\" content=\"1440\" \/>\n\t<meta property=\"og:image:height\" content=\"1920\" \/>\n\t<meta property=\"og:image:type\" content=\"image\/jpeg\" \/>\n<meta name=\"author\" content=\"Christian Fenske\" \/>\n<meta name=\"twitter:card\" content=\"summary_large_image\" \/>\n<meta name=\"twitter:label1\" content=\"Verfasst von\" \/>\n\t<meta name=\"twitter:data1\" content=\"Christian Fenske\" \/>\n\t<meta name=\"twitter:label2\" content=\"Gesch\u00e4tzte Lesezeit\" \/>\n\t<meta name=\"twitter:data2\" content=\"6\u00a0Minuten\" \/>\n<script type=\"application\/ld+json\" class=\"yoast-schema-graph\">{\"@context\":\"https:\\\/\\\/schema.org\",\"@graph\":[{\"@type\":\"Article\",\"@id\":\"https:\\\/\\\/www.weine-feinkost.de\\\/unterwegs\\\/2024\\\/07\\\/la-cuisine-rademacher-koeln-deutschland\\\/#article\",\"isPartOf\":{\"@id\":\"https:\\\/\\\/www.weine-feinkost.de\\\/unterwegs\\\/2024\\\/07\\\/la-cuisine-rademacher-koeln-deutschland\\\/\"},\"author\":{\"name\":\"Christian Fenske\",\"@id\":\"https:\\\/\\\/www.weine-feinkost.de\\\/unterwegs\\\/#\\\/schema\\\/person\\\/c07d66169fd0e04307bfe7cdc99ac26a\"},\"headline\":\"La Cuisine Rademacher &#8211; K\u00f6ln &#8211; Deutschland\",\"datePublished\":\"2024-07-04T15:00:00+00:00\",\"dateModified\":\"2024-07-10T16:56:21+00:00\",\"mainEntityOfPage\":{\"@id\":\"https:\\\/\\\/www.weine-feinkost.de\\\/unterwegs\\\/2024\\\/07\\\/la-cuisine-rademacher-koeln-deutschland\\\/\"},\"wordCount\":351,\"commentCount\":0,\"publisher\":{\"@id\":\"https:\\\/\\\/www.weine-feinkost.de\\\/unterwegs\\\/#organization\"},\"image\":{\"@id\":\"https:\\\/\\\/www.weine-feinkost.de\\\/unterwegs\\\/2024\\\/07\\\/la-cuisine-rademacher-koeln-deutschland\\\/#primaryimage\"},\"thumbnailUrl\":\"https:\\\/\\\/www.weine-feinkost.de\\\/unterwegs\\\/wp-content\\\/uploads\\\/2024\\\/04\\\/La_Cuisine_Rademacher_Koeln_Deutschland-_1.jpg\",\"keywords\":[\"Cabrales-K\u00e4se\",\"Der Feinschmecker\",\"erstklassige Lieferanten\",\"exquisite Saucen\",\"Fachgesch\u00e4ft Wuppertal-Oberbarmen\",\"Falstaff\",\"franz\u00f6sische Kochkunst\",\"frische Zutaten\",\"Fu\u00dfballmeisterschaft Bayer Leverkusen\",\"Gault&amp;Millau\",\"Geschmackserlebnis\",\"innovative Konzepte\",\"klassisch franz\u00f6sisch\",\"klassische Rezepte\",\"K\u00fcchenphilosophie\",\"kulinarische Pr\u00e4gung\",\"La Cuisine Rademacher\",\"Marktchancen\",\"Marlon Rademacher\",\"Michelin-Stern\",\"moderne Interpretation\",\"renommierte Restaurants\",\"Rolling Pin\",\"weltweite Einfl\u00fcsse\"],\"articleSection\":[\"Deutschland\",\"Michelin Star\",\"Restaurants\"],\"inLanguage\":\"de\",\"potentialAction\":[{\"@type\":\"CommentAction\",\"name\":\"Comment\",\"target\":[\"https:\\\/\\\/www.weine-feinkost.de\\\/unterwegs\\\/2024\\\/07\\\/la-cuisine-rademacher-koeln-deutschland\\\/#respond\"]}]},{\"@type\":\"WebPage\",\"@id\":\"https:\\\/\\\/www.weine-feinkost.de\\\/unterwegs\\\/2024\\\/07\\\/la-cuisine-rademacher-koeln-deutschland\\\/\",\"url\":\"https:\\\/\\\/www.weine-feinkost.de\\\/unterwegs\\\/2024\\\/07\\\/la-cuisine-rademacher-koeln-deutschland\\\/\",\"name\":\"La Cuisine Rademacher - K\u00f6ln - Deutschland - Unterwegs mit Weine &amp; Feinkost\",\"isPartOf\":{\"@id\":\"https:\\\/\\\/www.weine-feinkost.de\\\/unterwegs\\\/#website\"},\"primaryImageOfPage\":{\"@id\":\"https:\\\/\\\/www.weine-feinkost.de\\\/unterwegs\\\/2024\\\/07\\\/la-cuisine-rademacher-koeln-deutschland\\\/#primaryimage\"},\"image\":{\"@id\":\"https:\\\/\\\/www.weine-feinkost.de\\\/unterwegs\\\/2024\\\/07\\\/la-cuisine-rademacher-koeln-deutschland\\\/#primaryimage\"},\"thumbnailUrl\":\"https:\\\/\\\/www.weine-feinkost.de\\\/unterwegs\\\/wp-content\\\/uploads\\\/2024\\\/04\\\/La_Cuisine_Rademacher_Koeln_Deutschland-_1.jpg\",\"datePublished\":\"2024-07-04T15:00:00+00:00\",\"dateModified\":\"2024-07-10T16:56:21+00:00\",\"breadcrumb\":{\"@id\":\"https:\\\/\\\/www.weine-feinkost.de\\\/unterwegs\\\/2024\\\/07\\\/la-cuisine-rademacher-koeln-deutschland\\\/#breadcrumb\"},\"inLanguage\":\"de\",\"potentialAction\":[{\"@type\":\"ReadAction\",\"target\":[\"https:\\\/\\\/www.weine-feinkost.de\\\/unterwegs\\\/2024\\\/07\\\/la-cuisine-rademacher-koeln-deutschland\\\/\"]}]},{\"@type\":\"ImageObject\",\"inLanguage\":\"de\",\"@id\":\"https:\\\/\\\/www.weine-feinkost.de\\\/unterwegs\\\/2024\\\/07\\\/la-cuisine-rademacher-koeln-deutschland\\\/#primaryimage\",\"url\":\"https:\\\/\\\/www.weine-feinkost.de\\\/unterwegs\\\/wp-content\\\/uploads\\\/2024\\\/04\\\/La_Cuisine_Rademacher_Koeln_Deutschland-_1.jpg\",\"contentUrl\":\"https:\\\/\\\/www.weine-feinkost.de\\\/unterwegs\\\/wp-content\\\/uploads\\\/2024\\\/04\\\/La_Cuisine_Rademacher_Koeln_Deutschland-_1.jpg\",\"width\":1440,\"height\":1920},{\"@type\":\"BreadcrumbList\",\"@id\":\"https:\\\/\\\/www.weine-feinkost.de\\\/unterwegs\\\/2024\\\/07\\\/la-cuisine-rademacher-koeln-deutschland\\\/#breadcrumb\",\"itemListElement\":[{\"@type\":\"ListItem\",\"position\":1,\"name\":\"Startseite\",\"item\":\"https:\\\/\\\/www.weine-feinkost.de\\\/unterwegs\\\/\"},{\"@type\":\"ListItem\",\"position\":2,\"name\":\"La Cuisine Rademacher &#8211; K\u00f6ln &#8211; Deutschland\"}]},{\"@type\":\"WebSite\",\"@id\":\"https:\\\/\\\/www.weine-feinkost.de\\\/unterwegs\\\/#website\",\"url\":\"https:\\\/\\\/www.weine-feinkost.de\\\/unterwegs\\\/\",\"name\":\"Unterwegs mit Weine &amp; Feinkost\",\"description\":\"Entdecken Sie Genuss\",\"publisher\":{\"@id\":\"https:\\\/\\\/www.weine-feinkost.de\\\/unterwegs\\\/#organization\"},\"potentialAction\":[{\"@type\":\"SearchAction\",\"target\":{\"@type\":\"EntryPoint\",\"urlTemplate\":\"https:\\\/\\\/www.weine-feinkost.de\\\/unterwegs\\\/?s={search_term_string}\"},\"query-input\":{\"@type\":\"PropertyValueSpecification\",\"valueRequired\":true,\"valueName\":\"search_term_string\"}}],\"inLanguage\":\"de\"},{\"@type\":\"Organization\",\"@id\":\"https:\\\/\\\/www.weine-feinkost.de\\\/unterwegs\\\/#organization\",\"name\":\"Unterwegs mit Weine &amp; Feinkost\",\"url\":\"https:\\\/\\\/www.weine-feinkost.de\\\/unterwegs\\\/\",\"logo\":{\"@type\":\"ImageObject\",\"inLanguage\":\"de\",\"@id\":\"https:\\\/\\\/www.weine-feinkost.de\\\/unterwegs\\\/#\\\/schema\\\/logo\\\/image\\\/\",\"url\":\"https:\\\/\\\/www.weine-feinkost.de\\\/unterwegs\\\/wp-content\\\/uploads\\\/2022\\\/10\\\/logo_weinefeinkost_unterwegs_450x171.png\",\"contentUrl\":\"https:\\\/\\\/www.weine-feinkost.de\\\/unterwegs\\\/wp-content\\\/uploads\\\/2022\\\/10\\\/logo_weinefeinkost_unterwegs_450x171.png\",\"width\":450,\"height\":171,\"caption\":\"Unterwegs mit Weine &amp; Feinkost\"},\"image\":{\"@id\":\"https:\\\/\\\/www.weine-feinkost.de\\\/unterwegs\\\/#\\\/schema\\\/logo\\\/image\\\/\"}},{\"@type\":\"Person\",\"@id\":\"https:\\\/\\\/www.weine-feinkost.de\\\/unterwegs\\\/#\\\/schema\\\/person\\\/c07d66169fd0e04307bfe7cdc99ac26a\",\"name\":\"Christian Fenske\",\"image\":{\"@type\":\"ImageObject\",\"inLanguage\":\"de\",\"@id\":\"https:\\\/\\\/www.weine-feinkost.de\\\/unterwegs\\\/wp-content\\\/uploads\\\/2023\\\/01\\\/cropped-christian_profilbild-96x96.png\",\"url\":\"https:\\\/\\\/www.weine-feinkost.de\\\/unterwegs\\\/wp-content\\\/uploads\\\/2023\\\/01\\\/cropped-christian_profilbild-96x96.png\",\"contentUrl\":\"https:\\\/\\\/www.weine-feinkost.de\\\/unterwegs\\\/wp-content\\\/uploads\\\/2023\\\/01\\\/cropped-christian_profilbild-96x96.png\",\"caption\":\"Christian Fenske\"},\"description\":\"Zusammen an einem Tisch sitzen, gemeinsam zu kommunizieren und zu genie\u00dfen, das ist eine der herausragenden kulturellen Errungenschaft der Menschheit.\",\"url\":\"https:\\\/\\\/www.weine-feinkost.de\\\/unterwegs\\\/author\\\/christian-fenske\\\/\"}]}<\/script>\n<!-- \/ Yoast SEO plugin. -->","yoast_head_json":{"title":"La Cuisine Rademacher - K\u00f6ln - Deutschland - Unterwegs mit Weine &amp; Feinkost","robots":{"index":"index","follow":"follow","max-snippet":"max-snippet:-1","max-image-preview":"max-image-preview:large","max-video-preview":"max-video-preview:-1"},"canonical":"https:\/\/www.weine-feinkost.de\/unterwegs\/2024\/07\/la-cuisine-rademacher-koeln-deutschland\/","og_locale":"de_DE","og_type":"article","og_title":"La Cuisine Rademacher - K\u00f6ln - Deutschland - Unterwegs mit Weine &amp; Feinkost","og_description":"Franz\u00f6sische K\u00fcche, Meisterkusen und das Cabrales Fachgesch\u00e4ft Das Konzept von La Cuisine Rademacher sch\u00f6pft seine Inspiration aus der franz\u00f6sischen Kochkunst. Der Gr\u00fcnder Marlon Rademacher hat seine F\u00e4higkeiten in mehreren renommierten Restaurants mit Michelin-Sternen verfeinert, bevor er 2018 im Alter von 23 Jahren sein eigenes Restaurant er\u00f6ffnete. Stationen im Waldhotel Sonnora, The Table Kevin Fehling, Zur ... Weiterlesen","og_url":"https:\/\/www.weine-feinkost.de\/unterwegs\/2024\/07\/la-cuisine-rademacher-koeln-deutschland\/","og_site_name":"Unterwegs mit Weine &amp; Feinkost","article_published_time":"2024-07-04T15:00:00+00:00","article_modified_time":"2024-07-10T16:56:21+00:00","og_image":[{"width":1440,"height":1920,"url":"https:\/\/www.weine-feinkost.de\/unterwegs\/wp-content\/uploads\/2024\/04\/La_Cuisine_Rademacher_Koeln_Deutschland-_1.jpg","type":"image\/jpeg"}],"author":"Christian Fenske","twitter_card":"summary_large_image","twitter_misc":{"Verfasst von":"Christian Fenske","Gesch\u00e4tzte Lesezeit":"6\u00a0Minuten"},"schema":{"@context":"https:\/\/schema.org","@graph":[{"@type":"Article","@id":"https:\/\/www.weine-feinkost.de\/unterwegs\/2024\/07\/la-cuisine-rademacher-koeln-deutschland\/#article","isPartOf":{"@id":"https:\/\/www.weine-feinkost.de\/unterwegs\/2024\/07\/la-cuisine-rademacher-koeln-deutschland\/"},"author":{"name":"Christian Fenske","@id":"https:\/\/www.weine-feinkost.de\/unterwegs\/#\/schema\/person\/c07d66169fd0e04307bfe7cdc99ac26a"},"headline":"La Cuisine Rademacher &#8211; K\u00f6ln &#8211; Deutschland","datePublished":"2024-07-04T15:00:00+00:00","dateModified":"2024-07-10T16:56:21+00:00","mainEntityOfPage":{"@id":"https:\/\/www.weine-feinkost.de\/unterwegs\/2024\/07\/la-cuisine-rademacher-koeln-deutschland\/"},"wordCount":351,"commentCount":0,"publisher":{"@id":"https:\/\/www.weine-feinkost.de\/unterwegs\/#organization"},"image":{"@id":"https:\/\/www.weine-feinkost.de\/unterwegs\/2024\/07\/la-cuisine-rademacher-koeln-deutschland\/#primaryimage"},"thumbnailUrl":"https:\/\/www.weine-feinkost.de\/unterwegs\/wp-content\/uploads\/2024\/04\/La_Cuisine_Rademacher_Koeln_Deutschland-_1.jpg","keywords":["Cabrales-K\u00e4se","Der Feinschmecker","erstklassige Lieferanten","exquisite Saucen","Fachgesch\u00e4ft Wuppertal-Oberbarmen","Falstaff","franz\u00f6sische Kochkunst","frische Zutaten","Fu\u00dfballmeisterschaft Bayer Leverkusen","Gault&amp;Millau","Geschmackserlebnis","innovative Konzepte","klassisch franz\u00f6sisch","klassische Rezepte","K\u00fcchenphilosophie","kulinarische Pr\u00e4gung","La Cuisine Rademacher","Marktchancen","Marlon Rademacher","Michelin-Stern","moderne Interpretation","renommierte Restaurants","Rolling Pin","weltweite Einfl\u00fcsse"],"articleSection":["Deutschland","Michelin Star","Restaurants"],"inLanguage":"de","potentialAction":[{"@type":"CommentAction","name":"Comment","target":["https:\/\/www.weine-feinkost.de\/unterwegs\/2024\/07\/la-cuisine-rademacher-koeln-deutschland\/#respond"]}]},{"@type":"WebPage","@id":"https:\/\/www.weine-feinkost.de\/unterwegs\/2024\/07\/la-cuisine-rademacher-koeln-deutschland\/","url":"https:\/\/www.weine-feinkost.de\/unterwegs\/2024\/07\/la-cuisine-rademacher-koeln-deutschland\/","name":"La Cuisine Rademacher - K\u00f6ln - Deutschland - Unterwegs mit Weine &amp; Feinkost","isPartOf":{"@id":"https:\/\/www.weine-feinkost.de\/unterwegs\/#website"},"primaryImageOfPage":{"@id":"https:\/\/www.weine-feinkost.de\/unterwegs\/2024\/07\/la-cuisine-rademacher-koeln-deutschland\/#primaryimage"},"image":{"@id":"https:\/\/www.weine-feinkost.de\/unterwegs\/2024\/07\/la-cuisine-rademacher-koeln-deutschland\/#primaryimage"},"thumbnailUrl":"https:\/\/www.weine-feinkost.de\/unterwegs\/wp-content\/uploads\/2024\/04\/La_Cuisine_Rademacher_Koeln_Deutschland-_1.jpg","datePublished":"2024-07-04T15:00:00+00:00","dateModified":"2024-07-10T16:56:21+00:00","breadcrumb":{"@id":"https:\/\/www.weine-feinkost.de\/unterwegs\/2024\/07\/la-cuisine-rademacher-koeln-deutschland\/#breadcrumb"},"inLanguage":"de","potentialAction":[{"@type":"ReadAction","target":["https:\/\/www.weine-feinkost.de\/unterwegs\/2024\/07\/la-cuisine-rademacher-koeln-deutschland\/"]}]},{"@type":"ImageObject","inLanguage":"de","@id":"https:\/\/www.weine-feinkost.de\/unterwegs\/2024\/07\/la-cuisine-rademacher-koeln-deutschland\/#primaryimage","url":"https:\/\/www.weine-feinkost.de\/unterwegs\/wp-content\/uploads\/2024\/04\/La_Cuisine_Rademacher_Koeln_Deutschland-_1.jpg","contentUrl":"https:\/\/www.weine-feinkost.de\/unterwegs\/wp-content\/uploads\/2024\/04\/La_Cuisine_Rademacher_Koeln_Deutschland-_1.jpg","width":1440,"height":1920},{"@type":"BreadcrumbList","@id":"https:\/\/www.weine-feinkost.de\/unterwegs\/2024\/07\/la-cuisine-rademacher-koeln-deutschland\/#breadcrumb","itemListElement":[{"@type":"ListItem","position":1,"name":"Startseite","item":"https:\/\/www.weine-feinkost.de\/unterwegs\/"},{"@type":"ListItem","position":2,"name":"La Cuisine Rademacher &#8211; K\u00f6ln &#8211; Deutschland"}]},{"@type":"WebSite","@id":"https:\/\/www.weine-feinkost.de\/unterwegs\/#website","url":"https:\/\/www.weine-feinkost.de\/unterwegs\/","name":"Unterwegs mit Weine &amp; Feinkost","description":"Entdecken Sie Genuss","publisher":{"@id":"https:\/\/www.weine-feinkost.de\/unterwegs\/#organization"},"potentialAction":[{"@type":"SearchAction","target":{"@type":"EntryPoint","urlTemplate":"https:\/\/www.weine-feinkost.de\/unterwegs\/?s={search_term_string}"},"query-input":{"@type":"PropertyValueSpecification","valueRequired":true,"valueName":"search_term_string"}}],"inLanguage":"de"},{"@type":"Organization","@id":"https:\/\/www.weine-feinkost.de\/unterwegs\/#organization","name":"Unterwegs mit Weine &amp; Feinkost","url":"https:\/\/www.weine-feinkost.de\/unterwegs\/","logo":{"@type":"ImageObject","inLanguage":"de","@id":"https:\/\/www.weine-feinkost.de\/unterwegs\/#\/schema\/logo\/image\/","url":"https:\/\/www.weine-feinkost.de\/unterwegs\/wp-content\/uploads\/2022\/10\/logo_weinefeinkost_unterwegs_450x171.png","contentUrl":"https:\/\/www.weine-feinkost.de\/unterwegs\/wp-content\/uploads\/2022\/10\/logo_weinefeinkost_unterwegs_450x171.png","width":450,"height":171,"caption":"Unterwegs mit Weine &amp; Feinkost"},"image":{"@id":"https:\/\/www.weine-feinkost.de\/unterwegs\/#\/schema\/logo\/image\/"}},{"@type":"Person","@id":"https:\/\/www.weine-feinkost.de\/unterwegs\/#\/schema\/person\/c07d66169fd0e04307bfe7cdc99ac26a","name":"Christian Fenske","image":{"@type":"ImageObject","inLanguage":"de","@id":"https:\/\/www.weine-feinkost.de\/unterwegs\/wp-content\/uploads\/2023\/01\/cropped-christian_profilbild-96x96.png","url":"https:\/\/www.weine-feinkost.de\/unterwegs\/wp-content\/uploads\/2023\/01\/cropped-christian_profilbild-96x96.png","contentUrl":"https:\/\/www.weine-feinkost.de\/unterwegs\/wp-content\/uploads\/2023\/01\/cropped-christian_profilbild-96x96.png","caption":"Christian Fenske"},"description":"Zusammen an einem Tisch sitzen, gemeinsam zu kommunizieren und zu genie\u00dfen, das ist eine der herausragenden kulturellen Errungenschaft der Menschheit.","url":"https:\/\/www.weine-feinkost.de\/unterwegs\/author\/christian-fenske\/"}]}},"jetpack_publicize_connections":[],"jetpack_shortlink":"https:\/\/wp.me\/p68Tjo-RcI","jetpack_sharing_enabled":true,"jetpack_likes_enabled":true,"jetpack_featured_media_url":"https:\/\/www.weine-feinkost.de\/unterwegs\/wp-content\/uploads\/2024\/04\/La_Cuisine_Rademacher_Koeln_Deutschland-_1.jpg","_links":{"self":[{"href":"https:\/\/www.weine-feinkost.de\/unterwegs\/wp-json\/wp\/v2\/posts\/204520","targetHints":{"allow":["GET"]}}],"collection":[{"href":"https:\/\/www.weine-feinkost.de\/unterwegs\/wp-json\/wp\/v2\/posts"}],"about":[{"href":"https:\/\/www.weine-feinkost.de\/unterwegs\/wp-json\/wp\/v2\/types\/post"}],"author":[{"embeddable":true,"href":"https:\/\/www.weine-feinkost.de\/unterwegs\/wp-json\/wp\/v2\/users\/7"}],"replies":[{"embeddable":true,"href":"https:\/\/www.weine-feinkost.de\/unterwegs\/wp-json\/wp\/v2\/comments?post=204520"}],"version-history":[{"count":10,"href":"https:\/\/www.weine-feinkost.de\/unterwegs\/wp-json\/wp\/v2\/posts\/204520\/revisions"}],"predecessor-version":[{"id":205373,"href":"https:\/\/www.weine-feinkost.de\/unterwegs\/wp-json\/wp\/v2\/posts\/204520\/revisions\/205373"}],"wp:featuredmedia":[{"embeddable":true,"href":"https:\/\/www.weine-feinkost.de\/unterwegs\/wp-json\/wp\/v2\/media\/204522"}],"wp:attachment":[{"href":"https:\/\/www.weine-feinkost.de\/unterwegs\/wp-json\/wp\/v2\/media?parent=204520"}],"wp:term":[{"taxonomy":"category","embeddable":true,"href":"https:\/\/www.weine-feinkost.de\/unterwegs\/wp-json\/wp\/v2\/categories?post=204520"},{"taxonomy":"post_tag","embeddable":true,"href":"https:\/\/www.weine-feinkost.de\/unterwegs\/wp-json\/wp\/v2\/tags?post=204520"},{"taxonomy":"post_folder","embeddable":true,"href":"https:\/\/www.weine-feinkost.de\/unterwegs\/wp-json\/wp\/v2\/post_folder?post=204520"}],"curies":[{"name":"wp","href":"https:\/\/api.w.org\/{rel}","templated":true}]}}