{"id":206166,"date":"2024-12-23T17:00:00","date_gmt":"2024-12-23T16:00:00","guid":{"rendered":"https:\/\/www.weine-feinkost.de\/unterwegs\/?p=206166"},"modified":"2024-12-14T17:08:58","modified_gmt":"2024-12-14T16:08:58","slug":"itxas-gane-elexalde-spanien-2","status":"publish","type":"post","link":"https:\/\/www.weine-feinkost.de\/unterwegs\/2024\/12\/itxas-gane-elexalde-spanien-2\/","title":{"rendered":"Itxas Gane &#8211; Elexalde &#8211; Spanien"},"content":{"rendered":"\n<h2 class=\"wp-block-heading\">Hummer, Rotbarbe, Steinpilze, Amen<\/h2>\n\n\n\n<p class=\"has-drop-cap\">Im Restaurant <strong>Itxas Gane<\/strong> in Elexalde an der baskischen Atlantikk\u00fcste hat sich erfreulicherweise nichts ver\u00e4ndert. Hier kommt nach wie vor das auf den Tisch, was die Familie mit ihrem Fischerboot direkt vor der Haust\u00fcr f\u00e4ngt. Erg\u00e4nzt wird dies durch erstklassige Produkte, die nicht vor Ort verf\u00fcgbar sind, und so wird eine herausragende, traditionelle Kochkunst zelebriert. Das gesamte Ambiente wirkt dabei surreal nat\u00fcrlich und wie aus einer anderen Zeit. Hektisch, laut und ohne Schnickschnack: einfach einmal richtig gut essen gehen. Mahlzeit!<\/p>\n\n\n\n<div class=\"wp-block-jetpack-tiled-gallery aligncenter is-style-rectangular\"><div class=\"\"><div class=\"tiled-gallery__gallery\"><div class=\"tiled-gallery__row\"><div class=\"tiled-gallery__col\" style=\"flex-basis:50.00000%\"><figure class=\"tiled-gallery__item\"><a href=\"https:\/\/www.weine-feinkost.de\/unterwegs\/wp-content\/uploads\/2029\/12\/Itxas_Gane_Elexalde_Spanien_2-768x1024.jpg\"><img decoding=\"async\" srcset=\"https:\/\/i0.wp.com\/www.weine-feinkost.de\/unterwegs\/wp-content\/uploads\/2029\/12\/Itxas_Gane_Elexalde_Spanien_2-768x1024.jpg?strip=info&#038;w=600&#038;ssl=1 600w,https:\/\/i0.wp.com\/www.weine-feinkost.de\/unterwegs\/wp-content\/uploads\/2029\/12\/Itxas_Gane_Elexalde_Spanien_2-768x1024.jpg?strip=info&#038;w=768&#038;ssl=1 768w\" alt=\"\" data-height=\"1920\" data-id=\"206170\" data-link=\"https:\/\/www.weine-feinkost.de\/unterwegs\/?attachment_id=206170#main\" data-url=\"https:\/\/www.weine-feinkost.de\/unterwegs\/wp-content\/uploads\/2029\/12\/Itxas_Gane_Elexalde_Spanien_2-768x1024.jpg\" data-width=\"1440\" src=\"https:\/\/i0.wp.com\/www.weine-feinkost.de\/unterwegs\/wp-content\/uploads\/2029\/12\/Itxas_Gane_Elexalde_Spanien_2-768x1024.jpg?ssl=1\" data-amp-layout=\"responsive\" tabindex=\"0\" role=\"button\" aria-label=\"Bild\u00a01 von 2 im Vollbildmodus \u00f6ffnen\"\/><\/a><\/figure><\/div><div class=\"tiled-gallery__col\" style=\"flex-basis:50.00000%\"><figure class=\"tiled-gallery__item\"><a href=\"https:\/\/www.weine-feinkost.de\/unterwegs\/wp-content\/uploads\/2029\/12\/Itxas_Gane_Elexalde_Spanien_11-768x1024.jpg\"><img decoding=\"async\" srcset=\"https:\/\/i0.wp.com\/www.weine-feinkost.de\/unterwegs\/wp-content\/uploads\/2029\/12\/Itxas_Gane_Elexalde_Spanien_11-768x1024.jpg?strip=info&#038;w=600&#038;ssl=1 600w,https:\/\/i0.wp.com\/www.weine-feinkost.de\/unterwegs\/wp-content\/uploads\/2029\/12\/Itxas_Gane_Elexalde_Spanien_11-768x1024.jpg?strip=info&#038;w=768&#038;ssl=1 768w\" alt=\"\" data-height=\"1920\" data-id=\"206179\" data-link=\"https:\/\/www.weine-feinkost.de\/unterwegs\/?attachment_id=206179#main\" data-url=\"https:\/\/www.weine-feinkost.de\/unterwegs\/wp-content\/uploads\/2029\/12\/Itxas_Gane_Elexalde_Spanien_11-768x1024.jpg\" data-width=\"1440\" src=\"https:\/\/i0.wp.com\/www.weine-feinkost.de\/unterwegs\/wp-content\/uploads\/2029\/12\/Itxas_Gane_Elexalde_Spanien_11-768x1024.jpg?ssl=1\" data-amp-layout=\"responsive\" tabindex=\"0\" role=\"button\" aria-label=\"Bild\u00a02 von 2 im Vollbildmodus \u00f6ffnen\"\/><\/a><\/figure><\/div><\/div><\/div><\/div><\/div>\n\n\n\n<p><\/p>\n\n\n\n<div class=\"wp-block-jetpack-tiled-gallery aligncenter is-style-rectangular\"><div class=\"\"><div class=\"tiled-gallery__gallery\"><div class=\"tiled-gallery__row\"><div class=\"tiled-gallery__col\" style=\"flex-basis:25.00000%\"><figure class=\"tiled-gallery__item\"><img decoding=\"async\" srcset=\"https:\/\/i0.wp.com\/www.weine-feinkost.de\/unterwegs\/wp-content\/uploads\/2029\/12\/Itxas_Gane_Elexalde_Spanien_3-768x1024.jpg?strip=info&#038;w=600&#038;ssl=1 600w,https:\/\/i0.wp.com\/www.weine-feinkost.de\/unterwegs\/wp-content\/uploads\/2029\/12\/Itxas_Gane_Elexalde_Spanien_3-768x1024.jpg?strip=info&#038;w=768&#038;ssl=1 768w\" alt=\"\" data-height=\"1920\" data-id=\"206171\" data-link=\"https:\/\/www.weine-feinkost.de\/unterwegs\/?attachment_id=206171#main\" data-url=\"https:\/\/www.weine-feinkost.de\/unterwegs\/wp-content\/uploads\/2029\/12\/Itxas_Gane_Elexalde_Spanien_3-768x1024.jpg\" data-width=\"1440\" src=\"https:\/\/i0.wp.com\/www.weine-feinkost.de\/unterwegs\/wp-content\/uploads\/2029\/12\/Itxas_Gane_Elexalde_Spanien_3-768x1024.jpg?ssl=1\" data-amp-layout=\"responsive\" tabindex=\"0\" role=\"button\" aria-label=\"Bild\u00a01 von 8 im Vollbildmodus \u00f6ffnen\"\/><\/figure><\/div><div class=\"tiled-gallery__col\" style=\"flex-basis:25.00000%\"><figure class=\"tiled-gallery__item\"><img decoding=\"async\" srcset=\"https:\/\/i0.wp.com\/www.weine-feinkost.de\/unterwegs\/wp-content\/uploads\/2029\/12\/Itxas_Gane_Elexalde_Spanien_4-768x1024.jpg?strip=info&#038;w=600&#038;ssl=1 600w,https:\/\/i0.wp.com\/www.weine-feinkost.de\/unterwegs\/wp-content\/uploads\/2029\/12\/Itxas_Gane_Elexalde_Spanien_4-768x1024.jpg?strip=info&#038;w=768&#038;ssl=1 768w\" alt=\"\" data-height=\"1920\" data-id=\"206172\" data-link=\"https:\/\/www.weine-feinkost.de\/unterwegs\/?attachment_id=206172#main\" data-url=\"https:\/\/www.weine-feinkost.de\/unterwegs\/wp-content\/uploads\/2029\/12\/Itxas_Gane_Elexalde_Spanien_4-768x1024.jpg\" data-width=\"1440\" src=\"https:\/\/i0.wp.com\/www.weine-feinkost.de\/unterwegs\/wp-content\/uploads\/2029\/12\/Itxas_Gane_Elexalde_Spanien_4-768x1024.jpg?ssl=1\" data-amp-layout=\"responsive\" tabindex=\"0\" role=\"button\" aria-label=\"Bild\u00a02 von 8 im Vollbildmodus \u00f6ffnen\"\/><\/figure><\/div><div class=\"tiled-gallery__col\" style=\"flex-basis:25.00000%\"><figure class=\"tiled-gallery__item\"><img decoding=\"async\" srcset=\"https:\/\/i0.wp.com\/www.weine-feinkost.de\/unterwegs\/wp-content\/uploads\/2029\/12\/Itxas_Gane_Elexalde_Spanien_5-768x1024.jpg?strip=info&#038;w=600&#038;ssl=1 600w,https:\/\/i0.wp.com\/www.weine-feinkost.de\/unterwegs\/wp-content\/uploads\/2029\/12\/Itxas_Gane_Elexalde_Spanien_5-768x1024.jpg?strip=info&#038;w=768&#038;ssl=1 768w\" alt=\"\" data-height=\"1920\" data-id=\"206173\" data-link=\"https:\/\/www.weine-feinkost.de\/unterwegs\/?attachment_id=206173#main\" data-url=\"https:\/\/www.weine-feinkost.de\/unterwegs\/wp-content\/uploads\/2029\/12\/Itxas_Gane_Elexalde_Spanien_5-768x1024.jpg\" data-width=\"1440\" src=\"https:\/\/i0.wp.com\/www.weine-feinkost.de\/unterwegs\/wp-content\/uploads\/2029\/12\/Itxas_Gane_Elexalde_Spanien_5-768x1024.jpg?ssl=1\" data-amp-layout=\"responsive\" tabindex=\"0\" role=\"button\" aria-label=\"Bild\u00a03 von 8 im Vollbildmodus \u00f6ffnen\"\/><\/figure><\/div><div class=\"tiled-gallery__col\" style=\"flex-basis:25.00000%\"><figure class=\"tiled-gallery__item\"><img decoding=\"async\" srcset=\"https:\/\/i0.wp.com\/www.weine-feinkost.de\/unterwegs\/wp-content\/uploads\/2029\/12\/Itxas_Gane_Elexalde_Spanien_6-768x1024.jpg?strip=info&#038;w=600&#038;ssl=1 600w,https:\/\/i0.wp.com\/www.weine-feinkost.de\/unterwegs\/wp-content\/uploads\/2029\/12\/Itxas_Gane_Elexalde_Spanien_6-768x1024.jpg?strip=info&#038;w=768&#038;ssl=1 768w\" alt=\"\" data-height=\"1920\" data-id=\"206174\" data-link=\"https:\/\/www.weine-feinkost.de\/unterwegs\/?attachment_id=206174#main\" data-url=\"https:\/\/www.weine-feinkost.de\/unterwegs\/wp-content\/uploads\/2029\/12\/Itxas_Gane_Elexalde_Spanien_6-768x1024.jpg\" data-width=\"1440\" src=\"https:\/\/i0.wp.com\/www.weine-feinkost.de\/unterwegs\/wp-content\/uploads\/2029\/12\/Itxas_Gane_Elexalde_Spanien_6-768x1024.jpg?ssl=1\" data-amp-layout=\"responsive\" tabindex=\"0\" role=\"button\" aria-label=\"Bild\u00a04 von 8 im Vollbildmodus \u00f6ffnen\"\/><\/figure><\/div><\/div><div class=\"tiled-gallery__row\"><div class=\"tiled-gallery__col\" style=\"flex-basis:25.00000%\"><figure class=\"tiled-gallery__item\"><img decoding=\"async\" srcset=\"https:\/\/i0.wp.com\/www.weine-feinkost.de\/unterwegs\/wp-content\/uploads\/2029\/12\/Itxas_Gane_Elexalde_Spanien_7-768x1024.jpg?strip=info&#038;w=600&#038;ssl=1 600w,https:\/\/i0.wp.com\/www.weine-feinkost.de\/unterwegs\/wp-content\/uploads\/2029\/12\/Itxas_Gane_Elexalde_Spanien_7-768x1024.jpg?strip=info&#038;w=768&#038;ssl=1 768w\" alt=\"\" data-height=\"1920\" data-id=\"206175\" data-link=\"https:\/\/www.weine-feinkost.de\/unterwegs\/?attachment_id=206175#main\" data-url=\"https:\/\/www.weine-feinkost.de\/unterwegs\/wp-content\/uploads\/2029\/12\/Itxas_Gane_Elexalde_Spanien_7-768x1024.jpg\" data-width=\"1440\" src=\"https:\/\/i0.wp.com\/www.weine-feinkost.de\/unterwegs\/wp-content\/uploads\/2029\/12\/Itxas_Gane_Elexalde_Spanien_7-768x1024.jpg?ssl=1\" data-amp-layout=\"responsive\" tabindex=\"0\" role=\"button\" aria-label=\"Bild\u00a05 von 8 im Vollbildmodus \u00f6ffnen\"\/><\/figure><\/div><div class=\"tiled-gallery__col\" style=\"flex-basis:25.00000%\"><figure class=\"tiled-gallery__item\"><img decoding=\"async\" srcset=\"https:\/\/i0.wp.com\/www.weine-feinkost.de\/unterwegs\/wp-content\/uploads\/2029\/12\/Itxas_Gane_Elexalde_Spanien_8-768x1024.jpg?strip=info&#038;w=600&#038;ssl=1 600w,https:\/\/i0.wp.com\/www.weine-feinkost.de\/unterwegs\/wp-content\/uploads\/2029\/12\/Itxas_Gane_Elexalde_Spanien_8-768x1024.jpg?strip=info&#038;w=768&#038;ssl=1 768w\" alt=\"\" data-height=\"1920\" data-id=\"206176\" data-link=\"https:\/\/www.weine-feinkost.de\/unterwegs\/?attachment_id=206176#main\" data-url=\"https:\/\/www.weine-feinkost.de\/unterwegs\/wp-content\/uploads\/2029\/12\/Itxas_Gane_Elexalde_Spanien_8-768x1024.jpg\" data-width=\"1440\" src=\"https:\/\/i0.wp.com\/www.weine-feinkost.de\/unterwegs\/wp-content\/uploads\/2029\/12\/Itxas_Gane_Elexalde_Spanien_8-768x1024.jpg?ssl=1\" data-amp-layout=\"responsive\" tabindex=\"0\" role=\"button\" aria-label=\"Bild\u00a06 von 8 im Vollbildmodus \u00f6ffnen\"\/><\/figure><\/div><div class=\"tiled-gallery__col\" style=\"flex-basis:25.00000%\"><figure class=\"tiled-gallery__item\"><img decoding=\"async\" srcset=\"https:\/\/i0.wp.com\/www.weine-feinkost.de\/unterwegs\/wp-content\/uploads\/2029\/12\/Itxas_Gane_Elexalde_Spanien_9-768x1024.jpg?strip=info&#038;w=600&#038;ssl=1 600w,https:\/\/i0.wp.com\/www.weine-feinkost.de\/unterwegs\/wp-content\/uploads\/2029\/12\/Itxas_Gane_Elexalde_Spanien_9-768x1024.jpg?strip=info&#038;w=768&#038;ssl=1 768w\" alt=\"\" data-height=\"1920\" data-id=\"206177\" data-link=\"https:\/\/www.weine-feinkost.de\/unterwegs\/?attachment_id=206177#main\" data-url=\"https:\/\/www.weine-feinkost.de\/unterwegs\/wp-content\/uploads\/2029\/12\/Itxas_Gane_Elexalde_Spanien_9-768x1024.jpg\" data-width=\"1440\" src=\"https:\/\/i0.wp.com\/www.weine-feinkost.de\/unterwegs\/wp-content\/uploads\/2029\/12\/Itxas_Gane_Elexalde_Spanien_9-768x1024.jpg?ssl=1\" data-amp-layout=\"responsive\" tabindex=\"0\" role=\"button\" aria-label=\"Bild\u00a07 von 8 im Vollbildmodus \u00f6ffnen\"\/><\/figure><\/div><div class=\"tiled-gallery__col\" style=\"flex-basis:25.00000%\"><figure class=\"tiled-gallery__item\"><img decoding=\"async\" srcset=\"https:\/\/i0.wp.com\/www.weine-feinkost.de\/unterwegs\/wp-content\/uploads\/2029\/12\/Itxas_Gane_Elexalde_Spanien_10-768x1024.jpg?strip=info&#038;w=600&#038;ssl=1 600w,https:\/\/i0.wp.com\/www.weine-feinkost.de\/unterwegs\/wp-content\/uploads\/2029\/12\/Itxas_Gane_Elexalde_Spanien_10-768x1024.jpg?strip=info&#038;w=768&#038;ssl=1 768w\" alt=\"\" data-height=\"1920\" data-id=\"206178\" data-link=\"https:\/\/www.weine-feinkost.de\/unterwegs\/?attachment_id=206178#main\" data-url=\"https:\/\/www.weine-feinkost.de\/unterwegs\/wp-content\/uploads\/2029\/12\/Itxas_Gane_Elexalde_Spanien_10-768x1024.jpg\" data-width=\"1440\" src=\"https:\/\/i0.wp.com\/www.weine-feinkost.de\/unterwegs\/wp-content\/uploads\/2029\/12\/Itxas_Gane_Elexalde_Spanien_10-768x1024.jpg?ssl=1\" data-amp-layout=\"responsive\" tabindex=\"0\" role=\"button\" aria-label=\"Bild\u00a08 von 8 im Vollbildmodus \u00f6ffnen\"\/><\/figure><\/div><\/div><\/div><\/div><\/div>\n\n\n\n<p><\/p>\n\n\n\n<p><strong>Itxas Gane<\/strong>, Errepidea Nagusia, 11, 48650 Elexalde, Spanien, Telefon: + 34 946 77 26 71<\/p>\n\n\n\n<p><\/p>\n","protected":false},"excerpt":{"rendered":"<p>Hummer, Rotbarbe, Steinpilze, Amen Im Restaurant Itxas Gane in Elexalde an der baskischen Atlantikk\u00fcste hat sich erfreulicherweise nichts ver\u00e4ndert. Hier kommt nach wie vor das auf den Tisch, was die Familie mit ihrem Fischerboot direkt vor der Haust\u00fcr f\u00e4ngt. Erg\u00e4nzt wird dies durch erstklassige Produkte, die nicht vor Ort verf\u00fcgbar sind, und so wird eine &#8230; <a title=\"Itxas Gane &#8211; Elexalde &#8211; Spanien\" class=\"read-more\" href=\"https:\/\/www.weine-feinkost.de\/unterwegs\/2024\/12\/itxas-gane-elexalde-spanien-2\/\" aria-label=\"Mehr dazu unter Itxas Gane &#8211; Elexalde &#8211; Spanien\">Weiterlesen<\/a><\/p>\n","protected":false},"author":7,"featured_media":206169,"comment_status":"open","ping_status":"open","sticky":false,"template":"","format":"standard","meta":{"_jetpack_newsletter_access":"","_jetpack_dont_email_post_to_subs":false,"_jetpack_newsletter_tier_id":0,"_jetpack_memberships_contains_paywalled_content":false,"_jetpack_feature_clip_id":0,"_jetpack_memberships_contains_paid_content":false,"footnotes":"","jetpack_publicize_message":"","jetpack_publicize_feature_enabled":true,"jetpack_social_post_already_shared":true,"jetpack_social_options":{"image_generator_settings":{"template":"highway","default_image_id":0,"font":"","enabled":false},"version":2},"jetpack_post_was_ever_published":false},"categories":[13,30],"tags":[9316,9305,9304,9321,1328,9310,765,9308,9306,9302,9307,9318,9303,1329,9314,9319,9322,9315,9313,73,9320,9312,9309,9311,9317],"post_folder":[],"class_list":["post-206166","post","type-post","status-publish","format-standard","has-post-thumbnail","hentry","category-restaurants","category-spanien-restaurants","tag-anderen","tag-atlantikkueste","tag-baskische","tag-besuch","tag-elexalde","tag-erstklassige","tag-familie","tag-fangt","tag-fischerboot","tag-gane","tag-haustuer","tag-hektisch","tag-itxas","tag-itxas-gane","tag-kochkunst","tag-laut","tag-mahlzeit","tag-natuerlich","tag-produkte","tag-restaurant","tag-schnickschnack","tag-surreal","tag-tisch","tag-traditionelle","tag-zeit"],"yoast_head":"<!-- This site is optimized with the Yoast SEO plugin v28.3 - https:\/\/yoast.com\/product\/yoast-seo-wordpress\/ -->\n<title>Itxas Gane - Elexalde - Spanien - Unterwegs mit Weine &amp; Feinkost<\/title>\n<meta name=\"robots\" content=\"index, follow, max-snippet:-1, max-image-preview:large, max-video-preview:-1\" \/>\n<link rel=\"canonical\" href=\"https:\/\/www.weine-feinkost.de\/unterwegs\/2024\/12\/itxas-gane-elexalde-spanien-2\/\" \/>\n<meta property=\"og:locale\" content=\"de_DE\" \/>\n<meta property=\"og:type\" content=\"article\" \/>\n<meta property=\"og:title\" content=\"Itxas Gane - Elexalde - Spanien - Unterwegs mit Weine &amp; Feinkost\" \/>\n<meta property=\"og:description\" content=\"Hummer, Rotbarbe, Steinpilze, Amen Im Restaurant Itxas Gane in Elexalde an der baskischen Atlantikk\u00fcste hat sich erfreulicherweise nichts ver\u00e4ndert. Hier kommt nach wie vor das auf den Tisch, was die Familie mit ihrem Fischerboot direkt vor der Haust\u00fcr f\u00e4ngt. Erg\u00e4nzt wird dies durch erstklassige Produkte, die nicht vor Ort verf\u00fcgbar sind, und so wird eine ... Weiterlesen\" \/>\n<meta property=\"og:url\" content=\"https:\/\/www.weine-feinkost.de\/unterwegs\/2024\/12\/itxas-gane-elexalde-spanien-2\/\" \/>\n<meta property=\"og:site_name\" content=\"Unterwegs mit Weine &amp; Feinkost\" \/>\n<meta property=\"article:published_time\" content=\"2024-12-23T16:00:00+00:00\" \/>\n<meta property=\"og:image\" content=\"https:\/\/www.weine-feinkost.de\/unterwegs\/wp-content\/uploads\/2029\/12\/Itxas_Gane_Elexalde_Spanien_1.jpg\" \/>\n\t<meta property=\"og:image:width\" content=\"1440\" \/>\n\t<meta property=\"og:image:height\" content=\"1920\" \/>\n\t<meta property=\"og:image:type\" content=\"image\/jpeg\" \/>\n<meta name=\"author\" content=\"Christian Fenske\" \/>\n<meta name=\"twitter:card\" content=\"summary_large_image\" \/>\n<meta name=\"twitter:label1\" content=\"Verfasst von\" \/>\n\t<meta name=\"twitter:data1\" content=\"Christian Fenske\" \/>\n\t<meta name=\"twitter:label2\" content=\"Gesch\u00e4tzte Lesezeit\" \/>\n\t<meta name=\"twitter:data2\" content=\"3\u00a0Minuten\" \/>\n<script type=\"application\/ld+json\" class=\"yoast-schema-graph\">{\"@context\":\"https:\\\/\\\/schema.org\",\"@graph\":[{\"@type\":\"Article\",\"@id\":\"https:\\\/\\\/www.weine-feinkost.de\\\/unterwegs\\\/2024\\\/12\\\/itxas-gane-elexalde-spanien-2\\\/#article\",\"isPartOf\":{\"@id\":\"https:\\\/\\\/www.weine-feinkost.de\\\/unterwegs\\\/2024\\\/12\\\/itxas-gane-elexalde-spanien-2\\\/\"},\"author\":{\"name\":\"Christian Fenske\",\"@id\":\"https:\\\/\\\/www.weine-feinkost.de\\\/unterwegs\\\/#\\\/schema\\\/person\\\/c07d66169fd0e04307bfe7cdc99ac26a\"},\"headline\":\"Itxas Gane &#8211; Elexalde &#8211; Spanien\",\"datePublished\":\"2024-12-23T16:00:00+00:00\",\"mainEntityOfPage\":{\"@id\":\"https:\\\/\\\/www.weine-feinkost.de\\\/unterwegs\\\/2024\\\/12\\\/itxas-gane-elexalde-spanien-2\\\/\"},\"wordCount\":104,\"commentCount\":0,\"publisher\":{\"@id\":\"https:\\\/\\\/www.weine-feinkost.de\\\/unterwegs\\\/#organization\"},\"image\":{\"@id\":\"https:\\\/\\\/www.weine-feinkost.de\\\/unterwegs\\\/2024\\\/12\\\/itxas-gane-elexalde-spanien-2\\\/#primaryimage\"},\"thumbnailUrl\":\"https:\\\/\\\/www.weine-feinkost.de\\\/unterwegs\\\/wp-content\\\/uploads\\\/2029\\\/12\\\/Itxas_Gane_Elexalde_Spanien_1.jpg\",\"keywords\":[\"Anderen\",\"Atlantikk\u00fcste\",\"Baskische\",\"Besuch\",\"Elexalde\",\"Erstklassige\",\"Familie\",\"Fangt\",\"Fischerboot\",\"Gane\",\"Haust\u00fcr\",\"Hektisch\",\"Itxas\",\"Itxas Gane\",\"Kochkunst\",\"Laut\",\"Mahlzeit\",\"Nat\u00fcrlich\",\"Produkte\",\"Restaurant\",\"Schnickschnack\",\"Surreal\",\"Tisch\",\"Traditionelle\",\"Zeit\"],\"articleSection\":[\"Restaurants\",\"Spanien\"],\"inLanguage\":\"de\",\"potentialAction\":[{\"@type\":\"CommentAction\",\"name\":\"Comment\",\"target\":[\"https:\\\/\\\/www.weine-feinkost.de\\\/unterwegs\\\/2024\\\/12\\\/itxas-gane-elexalde-spanien-2\\\/#respond\"]}]},{\"@type\":\"WebPage\",\"@id\":\"https:\\\/\\\/www.weine-feinkost.de\\\/unterwegs\\\/2024\\\/12\\\/itxas-gane-elexalde-spanien-2\\\/\",\"url\":\"https:\\\/\\\/www.weine-feinkost.de\\\/unterwegs\\\/2024\\\/12\\\/itxas-gane-elexalde-spanien-2\\\/\",\"name\":\"Itxas Gane - Elexalde - Spanien - Unterwegs mit Weine &amp; Feinkost\",\"isPartOf\":{\"@id\":\"https:\\\/\\\/www.weine-feinkost.de\\\/unterwegs\\\/#website\"},\"primaryImageOfPage\":{\"@id\":\"https:\\\/\\\/www.weine-feinkost.de\\\/unterwegs\\\/2024\\\/12\\\/itxas-gane-elexalde-spanien-2\\\/#primaryimage\"},\"image\":{\"@id\":\"https:\\\/\\\/www.weine-feinkost.de\\\/unterwegs\\\/2024\\\/12\\\/itxas-gane-elexalde-spanien-2\\\/#primaryimage\"},\"thumbnailUrl\":\"https:\\\/\\\/www.weine-feinkost.de\\\/unterwegs\\\/wp-content\\\/uploads\\\/2029\\\/12\\\/Itxas_Gane_Elexalde_Spanien_1.jpg\",\"datePublished\":\"2024-12-23T16:00:00+00:00\",\"breadcrumb\":{\"@id\":\"https:\\\/\\\/www.weine-feinkost.de\\\/unterwegs\\\/2024\\\/12\\\/itxas-gane-elexalde-spanien-2\\\/#breadcrumb\"},\"inLanguage\":\"de\",\"potentialAction\":[{\"@type\":\"ReadAction\",\"target\":[\"https:\\\/\\\/www.weine-feinkost.de\\\/unterwegs\\\/2024\\\/12\\\/itxas-gane-elexalde-spanien-2\\\/\"]}]},{\"@type\":\"ImageObject\",\"inLanguage\":\"de\",\"@id\":\"https:\\\/\\\/www.weine-feinkost.de\\\/unterwegs\\\/2024\\\/12\\\/itxas-gane-elexalde-spanien-2\\\/#primaryimage\",\"url\":\"https:\\\/\\\/www.weine-feinkost.de\\\/unterwegs\\\/wp-content\\\/uploads\\\/2029\\\/12\\\/Itxas_Gane_Elexalde_Spanien_1.jpg\",\"contentUrl\":\"https:\\\/\\\/www.weine-feinkost.de\\\/unterwegs\\\/wp-content\\\/uploads\\\/2029\\\/12\\\/Itxas_Gane_Elexalde_Spanien_1.jpg\",\"width\":1440,\"height\":1920},{\"@type\":\"BreadcrumbList\",\"@id\":\"https:\\\/\\\/www.weine-feinkost.de\\\/unterwegs\\\/2024\\\/12\\\/itxas-gane-elexalde-spanien-2\\\/#breadcrumb\",\"itemListElement\":[{\"@type\":\"ListItem\",\"position\":1,\"name\":\"Startseite\",\"item\":\"https:\\\/\\\/www.weine-feinkost.de\\\/unterwegs\\\/\"},{\"@type\":\"ListItem\",\"position\":2,\"name\":\"Itxas Gane &#8211; Elexalde &#8211; Spanien\"}]},{\"@type\":\"WebSite\",\"@id\":\"https:\\\/\\\/www.weine-feinkost.de\\\/unterwegs\\\/#website\",\"url\":\"https:\\\/\\\/www.weine-feinkost.de\\\/unterwegs\\\/\",\"name\":\"Unterwegs mit Weine &amp; Feinkost\",\"description\":\"Entdecken Sie Genuss\",\"publisher\":{\"@id\":\"https:\\\/\\\/www.weine-feinkost.de\\\/unterwegs\\\/#organization\"},\"potentialAction\":[{\"@type\":\"SearchAction\",\"target\":{\"@type\":\"EntryPoint\",\"urlTemplate\":\"https:\\\/\\\/www.weine-feinkost.de\\\/unterwegs\\\/?s={search_term_string}\"},\"query-input\":{\"@type\":\"PropertyValueSpecification\",\"valueRequired\":true,\"valueName\":\"search_term_string\"}}],\"inLanguage\":\"de\"},{\"@type\":\"Organization\",\"@id\":\"https:\\\/\\\/www.weine-feinkost.de\\\/unterwegs\\\/#organization\",\"name\":\"Unterwegs mit Weine &amp; Feinkost\",\"url\":\"https:\\\/\\\/www.weine-feinkost.de\\\/unterwegs\\\/\",\"logo\":{\"@type\":\"ImageObject\",\"inLanguage\":\"de\",\"@id\":\"https:\\\/\\\/www.weine-feinkost.de\\\/unterwegs\\\/#\\\/schema\\\/logo\\\/image\\\/\",\"url\":\"https:\\\/\\\/www.weine-feinkost.de\\\/unterwegs\\\/wp-content\\\/uploads\\\/2022\\\/10\\\/logo_weinefeinkost_unterwegs_450x171.png\",\"contentUrl\":\"https:\\\/\\\/www.weine-feinkost.de\\\/unterwegs\\\/wp-content\\\/uploads\\\/2022\\\/10\\\/logo_weinefeinkost_unterwegs_450x171.png\",\"width\":450,\"height\":171,\"caption\":\"Unterwegs mit Weine &amp; Feinkost\"},\"image\":{\"@id\":\"https:\\\/\\\/www.weine-feinkost.de\\\/unterwegs\\\/#\\\/schema\\\/logo\\\/image\\\/\"}},{\"@type\":\"Person\",\"@id\":\"https:\\\/\\\/www.weine-feinkost.de\\\/unterwegs\\\/#\\\/schema\\\/person\\\/c07d66169fd0e04307bfe7cdc99ac26a\",\"name\":\"Christian Fenske\",\"image\":{\"@type\":\"ImageObject\",\"inLanguage\":\"de\",\"@id\":\"https:\\\/\\\/www.weine-feinkost.de\\\/unterwegs\\\/wp-content\\\/uploads\\\/2023\\\/01\\\/cropped-christian_profilbild-96x96.png\",\"url\":\"https:\\\/\\\/www.weine-feinkost.de\\\/unterwegs\\\/wp-content\\\/uploads\\\/2023\\\/01\\\/cropped-christian_profilbild-96x96.png\",\"contentUrl\":\"https:\\\/\\\/www.weine-feinkost.de\\\/unterwegs\\\/wp-content\\\/uploads\\\/2023\\\/01\\\/cropped-christian_profilbild-96x96.png\",\"caption\":\"Christian Fenske\"},\"description\":\"Zusammen an einem Tisch sitzen, gemeinsam zu kommunizieren und zu genie\u00dfen, das ist eine der herausragenden kulturellen Errungenschaft der Menschheit.\",\"url\":\"https:\\\/\\\/www.weine-feinkost.de\\\/unterwegs\\\/author\\\/christian-fenske\\\/\"}]}<\/script>\n<!-- \/ Yoast SEO plugin. -->","yoast_head_json":{"title":"Itxas Gane - Elexalde - Spanien - Unterwegs mit Weine &amp; Feinkost","robots":{"index":"index","follow":"follow","max-snippet":"max-snippet:-1","max-image-preview":"max-image-preview:large","max-video-preview":"max-video-preview:-1"},"canonical":"https:\/\/www.weine-feinkost.de\/unterwegs\/2024\/12\/itxas-gane-elexalde-spanien-2\/","og_locale":"de_DE","og_type":"article","og_title":"Itxas Gane - Elexalde - Spanien - Unterwegs mit Weine &amp; Feinkost","og_description":"Hummer, Rotbarbe, Steinpilze, Amen Im Restaurant Itxas Gane in Elexalde an der baskischen Atlantikk\u00fcste hat sich erfreulicherweise nichts ver\u00e4ndert. Hier kommt nach wie vor das auf den Tisch, was die Familie mit ihrem Fischerboot direkt vor der Haust\u00fcr f\u00e4ngt. Erg\u00e4nzt wird dies durch erstklassige Produkte, die nicht vor Ort verf\u00fcgbar sind, und so wird eine ... Weiterlesen","og_url":"https:\/\/www.weine-feinkost.de\/unterwegs\/2024\/12\/itxas-gane-elexalde-spanien-2\/","og_site_name":"Unterwegs mit Weine &amp; Feinkost","article_published_time":"2024-12-23T16:00:00+00:00","og_image":[{"width":1440,"height":1920,"url":"https:\/\/www.weine-feinkost.de\/unterwegs\/wp-content\/uploads\/2029\/12\/Itxas_Gane_Elexalde_Spanien_1.jpg","type":"image\/jpeg"}],"author":"Christian Fenske","twitter_card":"summary_large_image","twitter_misc":{"Verfasst von":"Christian Fenske","Gesch\u00e4tzte Lesezeit":"3\u00a0Minuten"},"schema":{"@context":"https:\/\/schema.org","@graph":[{"@type":"Article","@id":"https:\/\/www.weine-feinkost.de\/unterwegs\/2024\/12\/itxas-gane-elexalde-spanien-2\/#article","isPartOf":{"@id":"https:\/\/www.weine-feinkost.de\/unterwegs\/2024\/12\/itxas-gane-elexalde-spanien-2\/"},"author":{"name":"Christian Fenske","@id":"https:\/\/www.weine-feinkost.de\/unterwegs\/#\/schema\/person\/c07d66169fd0e04307bfe7cdc99ac26a"},"headline":"Itxas Gane &#8211; Elexalde &#8211; Spanien","datePublished":"2024-12-23T16:00:00+00:00","mainEntityOfPage":{"@id":"https:\/\/www.weine-feinkost.de\/unterwegs\/2024\/12\/itxas-gane-elexalde-spanien-2\/"},"wordCount":104,"commentCount":0,"publisher":{"@id":"https:\/\/www.weine-feinkost.de\/unterwegs\/#organization"},"image":{"@id":"https:\/\/www.weine-feinkost.de\/unterwegs\/2024\/12\/itxas-gane-elexalde-spanien-2\/#primaryimage"},"thumbnailUrl":"https:\/\/www.weine-feinkost.de\/unterwegs\/wp-content\/uploads\/2029\/12\/Itxas_Gane_Elexalde_Spanien_1.jpg","keywords":["Anderen","Atlantikk\u00fcste","Baskische","Besuch","Elexalde","Erstklassige","Familie","Fangt","Fischerboot","Gane","Haust\u00fcr","Hektisch","Itxas","Itxas Gane","Kochkunst","Laut","Mahlzeit","Nat\u00fcrlich","Produkte","Restaurant","Schnickschnack","Surreal","Tisch","Traditionelle","Zeit"],"articleSection":["Restaurants","Spanien"],"inLanguage":"de","potentialAction":[{"@type":"CommentAction","name":"Comment","target":["https:\/\/www.weine-feinkost.de\/unterwegs\/2024\/12\/itxas-gane-elexalde-spanien-2\/#respond"]}]},{"@type":"WebPage","@id":"https:\/\/www.weine-feinkost.de\/unterwegs\/2024\/12\/itxas-gane-elexalde-spanien-2\/","url":"https:\/\/www.weine-feinkost.de\/unterwegs\/2024\/12\/itxas-gane-elexalde-spanien-2\/","name":"Itxas Gane - Elexalde - Spanien - Unterwegs mit Weine &amp; Feinkost","isPartOf":{"@id":"https:\/\/www.weine-feinkost.de\/unterwegs\/#website"},"primaryImageOfPage":{"@id":"https:\/\/www.weine-feinkost.de\/unterwegs\/2024\/12\/itxas-gane-elexalde-spanien-2\/#primaryimage"},"image":{"@id":"https:\/\/www.weine-feinkost.de\/unterwegs\/2024\/12\/itxas-gane-elexalde-spanien-2\/#primaryimage"},"thumbnailUrl":"https:\/\/www.weine-feinkost.de\/unterwegs\/wp-content\/uploads\/2029\/12\/Itxas_Gane_Elexalde_Spanien_1.jpg","datePublished":"2024-12-23T16:00:00+00:00","breadcrumb":{"@id":"https:\/\/www.weine-feinkost.de\/unterwegs\/2024\/12\/itxas-gane-elexalde-spanien-2\/#breadcrumb"},"inLanguage":"de","potentialAction":[{"@type":"ReadAction","target":["https:\/\/www.weine-feinkost.de\/unterwegs\/2024\/12\/itxas-gane-elexalde-spanien-2\/"]}]},{"@type":"ImageObject","inLanguage":"de","@id":"https:\/\/www.weine-feinkost.de\/unterwegs\/2024\/12\/itxas-gane-elexalde-spanien-2\/#primaryimage","url":"https:\/\/www.weine-feinkost.de\/unterwegs\/wp-content\/uploads\/2029\/12\/Itxas_Gane_Elexalde_Spanien_1.jpg","contentUrl":"https:\/\/www.weine-feinkost.de\/unterwegs\/wp-content\/uploads\/2029\/12\/Itxas_Gane_Elexalde_Spanien_1.jpg","width":1440,"height":1920},{"@type":"BreadcrumbList","@id":"https:\/\/www.weine-feinkost.de\/unterwegs\/2024\/12\/itxas-gane-elexalde-spanien-2\/#breadcrumb","itemListElement":[{"@type":"ListItem","position":1,"name":"Startseite","item":"https:\/\/www.weine-feinkost.de\/unterwegs\/"},{"@type":"ListItem","position":2,"name":"Itxas Gane &#8211; Elexalde &#8211; Spanien"}]},{"@type":"WebSite","@id":"https:\/\/www.weine-feinkost.de\/unterwegs\/#website","url":"https:\/\/www.weine-feinkost.de\/unterwegs\/","name":"Unterwegs mit Weine &amp; Feinkost","description":"Entdecken Sie Genuss","publisher":{"@id":"https:\/\/www.weine-feinkost.de\/unterwegs\/#organization"},"potentialAction":[{"@type":"SearchAction","target":{"@type":"EntryPoint","urlTemplate":"https:\/\/www.weine-feinkost.de\/unterwegs\/?s={search_term_string}"},"query-input":{"@type":"PropertyValueSpecification","valueRequired":true,"valueName":"search_term_string"}}],"inLanguage":"de"},{"@type":"Organization","@id":"https:\/\/www.weine-feinkost.de\/unterwegs\/#organization","name":"Unterwegs mit Weine &amp; Feinkost","url":"https:\/\/www.weine-feinkost.de\/unterwegs\/","logo":{"@type":"ImageObject","inLanguage":"de","@id":"https:\/\/www.weine-feinkost.de\/unterwegs\/#\/schema\/logo\/image\/","url":"https:\/\/www.weine-feinkost.de\/unterwegs\/wp-content\/uploads\/2022\/10\/logo_weinefeinkost_unterwegs_450x171.png","contentUrl":"https:\/\/www.weine-feinkost.de\/unterwegs\/wp-content\/uploads\/2022\/10\/logo_weinefeinkost_unterwegs_450x171.png","width":450,"height":171,"caption":"Unterwegs mit Weine &amp; Feinkost"},"image":{"@id":"https:\/\/www.weine-feinkost.de\/unterwegs\/#\/schema\/logo\/image\/"}},{"@type":"Person","@id":"https:\/\/www.weine-feinkost.de\/unterwegs\/#\/schema\/person\/c07d66169fd0e04307bfe7cdc99ac26a","name":"Christian Fenske","image":{"@type":"ImageObject","inLanguage":"de","@id":"https:\/\/www.weine-feinkost.de\/unterwegs\/wp-content\/uploads\/2023\/01\/cropped-christian_profilbild-96x96.png","url":"https:\/\/www.weine-feinkost.de\/unterwegs\/wp-content\/uploads\/2023\/01\/cropped-christian_profilbild-96x96.png","contentUrl":"https:\/\/www.weine-feinkost.de\/unterwegs\/wp-content\/uploads\/2023\/01\/cropped-christian_profilbild-96x96.png","caption":"Christian Fenske"},"description":"Zusammen an einem Tisch sitzen, gemeinsam zu kommunizieren und zu genie\u00dfen, das ist eine der herausragenden kulturellen Errungenschaft der Menschheit.","url":"https:\/\/www.weine-feinkost.de\/unterwegs\/author\/christian-fenske\/"}]}},"jetpack_publicize_connections":[],"jetpack_shortlink":"https:\/\/wp.me\/p68Tjo-RDg","jetpack_sharing_enabled":true,"jetpack_likes_enabled":true,"jetpack_featured_media_url":"https:\/\/www.weine-feinkost.de\/unterwegs\/wp-content\/uploads\/2029\/12\/Itxas_Gane_Elexalde_Spanien_1.jpg","_links":{"self":[{"href":"https:\/\/www.weine-feinkost.de\/unterwegs\/wp-json\/wp\/v2\/posts\/206166","targetHints":{"allow":["GET"]}}],"collection":[{"href":"https:\/\/www.weine-feinkost.de\/unterwegs\/wp-json\/wp\/v2\/posts"}],"about":[{"href":"https:\/\/www.weine-feinkost.de\/unterwegs\/wp-json\/wp\/v2\/types\/post"}],"author":[{"embeddable":true,"href":"https:\/\/www.weine-feinkost.de\/unterwegs\/wp-json\/wp\/v2\/users\/7"}],"replies":[{"embeddable":true,"href":"https:\/\/www.weine-feinkost.de\/unterwegs\/wp-json\/wp\/v2\/comments?post=206166"}],"version-history":[{"count":8,"href":"https:\/\/www.weine-feinkost.de\/unterwegs\/wp-json\/wp\/v2\/posts\/206166\/revisions"}],"predecessor-version":[{"id":206670,"href":"https:\/\/www.weine-feinkost.de\/unterwegs\/wp-json\/wp\/v2\/posts\/206166\/revisions\/206670"}],"wp:featuredmedia":[{"embeddable":true,"href":"https:\/\/www.weine-feinkost.de\/unterwegs\/wp-json\/wp\/v2\/media\/206169"}],"wp:attachment":[{"href":"https:\/\/www.weine-feinkost.de\/unterwegs\/wp-json\/wp\/v2\/media?parent=206166"}],"wp:term":[{"taxonomy":"category","embeddable":true,"href":"https:\/\/www.weine-feinkost.de\/unterwegs\/wp-json\/wp\/v2\/categories?post=206166"},{"taxonomy":"post_tag","embeddable":true,"href":"https:\/\/www.weine-feinkost.de\/unterwegs\/wp-json\/wp\/v2\/tags?post=206166"},{"taxonomy":"post_folder","embeddable":true,"href":"https:\/\/www.weine-feinkost.de\/unterwegs\/wp-json\/wp\/v2\/post_folder?post=206166"}],"curies":[{"name":"wp","href":"https:\/\/api.w.org\/{rel}","templated":true}]}}