{"id":207799,"date":"2025-07-27T17:00:00","date_gmt":"2025-07-27T15:00:00","guid":{"rendered":"https:\/\/www.weine-feinkost.de\/unterwegs\/?p=207799"},"modified":"2025-07-17T11:17:37","modified_gmt":"2025-07-17T09:17:37","slug":"la-fontanilla-conil-de-la-frontera-spanien","status":"publish","type":"post","link":"https:\/\/www.weine-feinkost.de\/unterwegs\/2025\/07\/la-fontanilla-conil-de-la-frontera-spanien\/","title":{"rendered":"La Fontanilla &#8211; Conil de la Frontera &#8211; Spanien"},"content":{"rendered":"\n<h2 class=\"wp-block-heading p1\">La Fontanilla \u2013 Meeresfrische Genussmomente direkt am Strand von Conil<\/h2>\n\n\n\n<p class=\"has-drop-cap\">Der Kellner konnte die Frage nicht beantworten, wie viele Jahre das Restaurant <strong>La Fontanilla<\/strong> am Strand von Conil de la Frontera bereits besteht. F\u00fcnfzig Jahre? Ach was \u2026 nein, das Haus existiert wohl schon viel l\u00e4nger \u2013 mit mehreren R\u00e4umen, einer Bartheke und einer gro\u00dfen, bei nicht ganz so gutem Wetter mit einer Plastikplane \u00fcberdachten Sonnenterrasse.<\/p>\n\n\n\n<p>Wer also in Conil de la Fronter, andalusische K\u00fcche erleben m\u00f6chte, kommt am Restaurante <strong>La Fontanilla<\/strong> kaum vorbei.<\/p>\n\n\n\n<p>Im Mittelpunkt steht der fangfrische Fisch aus dem Atlantik. Besonders ber\u00fchmt ist das Restaurant f\u00fcr seine Zubereitung des roten Thunfischs (At\u00fan rojo de Almadraba), der in den traditionellen Fischereien von Barbate gefangen wird. Ob als Tatar, gegrillt oder als Sashimi, der Thunfisch ist hier ein Erlebnis.<\/p>\n\n\n\n<p>Daneben finden sich auf der Speisekarte delikate Reisgerichte, perfekt frittierter Fisch, Meeresfr\u00fcchte, Krustentiere und regionales Gem\u00fcse. Die K\u00fcche setzt konsequent auf hochwertige Zutaten aus der Umgebung und vereint traditionelle Rezepte mit moderner Pr\u00e4sentation.<\/p>\n\n\n\n<p>Das Ambiente ist locker und stilvoll, ideal f\u00fcr ein Mittagessen mit Blick aufs Meer oder ein romantisches Dinner bei Sonnenuntergang. Ab an den Strand \ud83c\udfd6\ufe0f!<\/p>\n\n\n\n<div class=\"wp-block-jetpack-tiled-gallery aligncenter is-style-rectangular\"><div class=\"\"><div class=\"tiled-gallery__gallery\"><div class=\"tiled-gallery__row\"><div class=\"tiled-gallery__col\" style=\"flex-basis:46.97697%\"><figure class=\"tiled-gallery__item\"><a href=\"https:\/\/www.weine-feinkost.de\/unterwegs\/wp-content\/uploads\/2025\/07\/La_Fontanilla_Conil-de_la_Frontera_Spanien_1-1-1200x900.jpg\"><img decoding=\"async\" srcset=\"https:\/\/i0.wp.com\/www.weine-feinkost.de\/unterwegs\/wp-content\/uploads\/2025\/07\/La_Fontanilla_Conil-de_la_Frontera_Spanien_1-1-1200x900.jpg?strip=info&#038;w=600&#038;ssl=1 600w,https:\/\/i0.wp.com\/www.weine-feinkost.de\/unterwegs\/wp-content\/uploads\/2025\/07\/La_Fontanilla_Conil-de_la_Frontera_Spanien_1-1-1200x900.jpg?strip=info&#038;w=900&#038;ssl=1 900w,https:\/\/i0.wp.com\/www.weine-feinkost.de\/unterwegs\/wp-content\/uploads\/2025\/07\/La_Fontanilla_Conil-de_la_Frontera_Spanien_1-1-1200x900.jpg?strip=info&#038;w=1200&#038;ssl=1 1200w\" alt=\"\" data-height=\"1440\" data-id=\"208395\" data-link=\"https:\/\/www.weine-feinkost.de\/unterwegs\/?attachment_id=208395#main\" data-url=\"https:\/\/www.weine-feinkost.de\/unterwegs\/wp-content\/uploads\/2025\/07\/La_Fontanilla_Conil-de_la_Frontera_Spanien_1-1-1200x900.jpg\" data-width=\"1920\" src=\"https:\/\/i0.wp.com\/www.weine-feinkost.de\/unterwegs\/wp-content\/uploads\/2025\/07\/La_Fontanilla_Conil-de_la_Frontera_Spanien_1-1-1200x900.jpg?ssl=1\" data-amp-layout=\"responsive\"\/><\/a><\/figure><figure class=\"tiled-gallery__item\"><a href=\"https:\/\/www.weine-feinkost.de\/unterwegs\/wp-content\/uploads\/2025\/07\/La_Fontanilla_Conil-de_la_Frontera_Spanien_7-1200x900.jpg\"><img decoding=\"async\" srcset=\"https:\/\/i0.wp.com\/www.weine-feinkost.de\/unterwegs\/wp-content\/uploads\/2025\/07\/La_Fontanilla_Conil-de_la_Frontera_Spanien_7-1200x900.jpg?strip=info&#038;w=600&#038;ssl=1 600w,https:\/\/i0.wp.com\/www.weine-feinkost.de\/unterwegs\/wp-content\/uploads\/2025\/07\/La_Fontanilla_Conil-de_la_Frontera_Spanien_7-1200x900.jpg?strip=info&#038;w=900&#038;ssl=1 900w,https:\/\/i0.wp.com\/www.weine-feinkost.de\/unterwegs\/wp-content\/uploads\/2025\/07\/La_Fontanilla_Conil-de_la_Frontera_Spanien_7-1200x900.jpg?strip=info&#038;w=1200&#038;ssl=1 1200w\" alt=\"\" data-height=\"1440\" data-id=\"208390\" data-link=\"https:\/\/www.weine-feinkost.de\/unterwegs\/?attachment_id=208390#main\" data-url=\"https:\/\/www.weine-feinkost.de\/unterwegs\/wp-content\/uploads\/2025\/07\/La_Fontanilla_Conil-de_la_Frontera_Spanien_7-1200x900.jpg\" data-width=\"1920\" src=\"https:\/\/i0.wp.com\/www.weine-feinkost.de\/unterwegs\/wp-content\/uploads\/2025\/07\/La_Fontanilla_Conil-de_la_Frontera_Spanien_7-1200x900.jpg?ssl=1\" data-amp-layout=\"responsive\"\/><\/a><\/figure><\/div><div class=\"tiled-gallery__col\" style=\"flex-basis:53.02303%\"><figure class=\"tiled-gallery__item\"><a href=\"https:\/\/www.weine-feinkost.de\/unterwegs\/wp-content\/uploads\/2025\/07\/La_Fontanilla_Conil-de_la_Frontera_Spanien_6-768x1024.jpg\"><img decoding=\"async\" srcset=\"https:\/\/i0.wp.com\/www.weine-feinkost.de\/unterwegs\/wp-content\/uploads\/2025\/07\/La_Fontanilla_Conil-de_la_Frontera_Spanien_6-768x1024.jpg?strip=info&#038;w=600&#038;ssl=1 600w,https:\/\/i0.wp.com\/www.weine-feinkost.de\/unterwegs\/wp-content\/uploads\/2025\/07\/La_Fontanilla_Conil-de_la_Frontera_Spanien_6-768x1024.jpg?strip=info&#038;w=768&#038;ssl=1 768w\" alt=\"\" data-height=\"1920\" data-id=\"208391\" data-link=\"https:\/\/www.weine-feinkost.de\/unterwegs\/?attachment_id=208391#main\" data-url=\"https:\/\/www.weine-feinkost.de\/unterwegs\/wp-content\/uploads\/2025\/07\/La_Fontanilla_Conil-de_la_Frontera_Spanien_6-768x1024.jpg\" data-width=\"1440\" src=\"https:\/\/i0.wp.com\/www.weine-feinkost.de\/unterwegs\/wp-content\/uploads\/2025\/07\/La_Fontanilla_Conil-de_la_Frontera_Spanien_6-768x1024.jpg?ssl=1\" data-amp-layout=\"responsive\"\/><\/a><\/figure><\/div><\/div><div class=\"tiled-gallery__row\"><div class=\"tiled-gallery__col\" style=\"flex-basis:33.33333%\"><figure class=\"tiled-gallery__item\"><a href=\"https:\/\/www.weine-feinkost.de\/unterwegs\/wp-content\/uploads\/2025\/07\/La_Fontanilla_Conil-de_la_Frontera_Spanien_2-768x1024.jpg\"><img decoding=\"async\" srcset=\"https:\/\/i0.wp.com\/www.weine-feinkost.de\/unterwegs\/wp-content\/uploads\/2025\/07\/La_Fontanilla_Conil-de_la_Frontera_Spanien_2-768x1024.jpg?strip=info&#038;w=600&#038;ssl=1 600w,https:\/\/i0.wp.com\/www.weine-feinkost.de\/unterwegs\/wp-content\/uploads\/2025\/07\/La_Fontanilla_Conil-de_la_Frontera_Spanien_2-768x1024.jpg?strip=info&#038;w=768&#038;ssl=1 768w\" alt=\"\" data-height=\"1920\" data-id=\"208388\" data-link=\"https:\/\/www.weine-feinkost.de\/unterwegs\/?attachment_id=208388#main\" data-url=\"https:\/\/www.weine-feinkost.de\/unterwegs\/wp-content\/uploads\/2025\/07\/La_Fontanilla_Conil-de_la_Frontera_Spanien_2-768x1024.jpg\" data-width=\"1440\" src=\"https:\/\/i0.wp.com\/www.weine-feinkost.de\/unterwegs\/wp-content\/uploads\/2025\/07\/La_Fontanilla_Conil-de_la_Frontera_Spanien_2-768x1024.jpg?ssl=1\" data-amp-layout=\"responsive\"\/><\/a><\/figure><\/div><div class=\"tiled-gallery__col\" style=\"flex-basis:33.33333%\"><figure class=\"tiled-gallery__item\"><a href=\"https:\/\/www.weine-feinkost.de\/unterwegs\/wp-content\/uploads\/2025\/07\/La_Fontanilla_Conil-de_la_Frontera_Spanien_3-768x1024.jpg\"><img decoding=\"async\" srcset=\"https:\/\/i0.wp.com\/www.weine-feinkost.de\/unterwegs\/wp-content\/uploads\/2025\/07\/La_Fontanilla_Conil-de_la_Frontera_Spanien_3-768x1024.jpg?strip=info&#038;w=600&#038;ssl=1 600w,https:\/\/i0.wp.com\/www.weine-feinkost.de\/unterwegs\/wp-content\/uploads\/2025\/07\/La_Fontanilla_Conil-de_la_Frontera_Spanien_3-768x1024.jpg?strip=info&#038;w=768&#038;ssl=1 768w\" alt=\"\" data-height=\"1920\" data-id=\"208393\" data-link=\"https:\/\/www.weine-feinkost.de\/unterwegs\/?attachment_id=208393#main\" data-url=\"https:\/\/www.weine-feinkost.de\/unterwegs\/wp-content\/uploads\/2025\/07\/La_Fontanilla_Conil-de_la_Frontera_Spanien_3-768x1024.jpg\" data-width=\"1440\" src=\"https:\/\/i0.wp.com\/www.weine-feinkost.de\/unterwegs\/wp-content\/uploads\/2025\/07\/La_Fontanilla_Conil-de_la_Frontera_Spanien_3-768x1024.jpg?ssl=1\" data-amp-layout=\"responsive\"\/><\/a><\/figure><\/div><div class=\"tiled-gallery__col\" style=\"flex-basis:33.33333%\"><figure class=\"tiled-gallery__item\"><a href=\"https:\/\/www.weine-feinkost.de\/unterwegs\/wp-content\/uploads\/2025\/07\/La_Fontanilla_Conil-de_la_Frontera_Spanien_4-768x1024.jpg\"><img decoding=\"async\" srcset=\"https:\/\/i0.wp.com\/www.weine-feinkost.de\/unterwegs\/wp-content\/uploads\/2025\/07\/La_Fontanilla_Conil-de_la_Frontera_Spanien_4-768x1024.jpg?strip=info&#038;w=600&#038;ssl=1 600w,https:\/\/i0.wp.com\/www.weine-feinkost.de\/unterwegs\/wp-content\/uploads\/2025\/07\/La_Fontanilla_Conil-de_la_Frontera_Spanien_4-768x1024.jpg?strip=info&#038;w=768&#038;ssl=1 768w\" alt=\"\" data-height=\"1920\" data-id=\"208394\" data-link=\"https:\/\/www.weine-feinkost.de\/unterwegs\/?attachment_id=208394#main\" data-url=\"https:\/\/www.weine-feinkost.de\/unterwegs\/wp-content\/uploads\/2025\/07\/La_Fontanilla_Conil-de_la_Frontera_Spanien_4-768x1024.jpg\" data-width=\"1440\" src=\"https:\/\/i0.wp.com\/www.weine-feinkost.de\/unterwegs\/wp-content\/uploads\/2025\/07\/La_Fontanilla_Conil-de_la_Frontera_Spanien_4-768x1024.jpg?ssl=1\" data-amp-layout=\"responsive\"\/><\/a><\/figure><\/div><\/div><div class=\"tiled-gallery__row\"><div class=\"tiled-gallery__col\" style=\"flex-basis:50.00000%\"><figure class=\"tiled-gallery__item\"><a href=\"https:\/\/www.weine-feinkost.de\/unterwegs\/wp-content\/uploads\/2025\/07\/La_Fontanilla_Conil-de_la_Frontera_Spanien_5-1-1200x900.jpg\"><img decoding=\"async\" srcset=\"https:\/\/i0.wp.com\/www.weine-feinkost.de\/unterwegs\/wp-content\/uploads\/2025\/07\/La_Fontanilla_Conil-de_la_Frontera_Spanien_5-1-1200x900.jpg?strip=info&#038;w=600&#038;ssl=1 600w,https:\/\/i0.wp.com\/www.weine-feinkost.de\/unterwegs\/wp-content\/uploads\/2025\/07\/La_Fontanilla_Conil-de_la_Frontera_Spanien_5-1-1200x900.jpg?strip=info&#038;w=900&#038;ssl=1 900w,https:\/\/i0.wp.com\/www.weine-feinkost.de\/unterwegs\/wp-content\/uploads\/2025\/07\/La_Fontanilla_Conil-de_la_Frontera_Spanien_5-1-1200x900.jpg?strip=info&#038;w=1200&#038;ssl=1 1200w\" alt=\"\" data-height=\"1440\" data-id=\"208396\" data-link=\"https:\/\/www.weine-feinkost.de\/unterwegs\/?attachment_id=208396#main\" data-url=\"https:\/\/www.weine-feinkost.de\/unterwegs\/wp-content\/uploads\/2025\/07\/La_Fontanilla_Conil-de_la_Frontera_Spanien_5-1-1200x900.jpg\" data-width=\"1920\" src=\"https:\/\/i0.wp.com\/www.weine-feinkost.de\/unterwegs\/wp-content\/uploads\/2025\/07\/La_Fontanilla_Conil-de_la_Frontera_Spanien_5-1-1200x900.jpg?ssl=1\" data-amp-layout=\"responsive\"\/><\/a><\/figure><\/div><div class=\"tiled-gallery__col\" style=\"flex-basis:50.00000%\"><figure class=\"tiled-gallery__item\"><a href=\"https:\/\/www.weine-feinkost.de\/unterwegs\/wp-content\/uploads\/2025\/07\/La_Fontanilla_Conil-de_la_Frontera_Spanien_8-1200x900.jpg\"><img decoding=\"async\" srcset=\"https:\/\/i0.wp.com\/www.weine-feinkost.de\/unterwegs\/wp-content\/uploads\/2025\/07\/La_Fontanilla_Conil-de_la_Frontera_Spanien_8-1200x900.jpg?strip=info&#038;w=600&#038;ssl=1 600w,https:\/\/i0.wp.com\/www.weine-feinkost.de\/unterwegs\/wp-content\/uploads\/2025\/07\/La_Fontanilla_Conil-de_la_Frontera_Spanien_8-1200x900.jpg?strip=info&#038;w=900&#038;ssl=1 900w,https:\/\/i0.wp.com\/www.weine-feinkost.de\/unterwegs\/wp-content\/uploads\/2025\/07\/La_Fontanilla_Conil-de_la_Frontera_Spanien_8-1200x900.jpg?strip=info&#038;w=1200&#038;ssl=1 1200w\" alt=\"\" data-height=\"1440\" data-id=\"208386\" data-link=\"https:\/\/www.weine-feinkost.de\/unterwegs\/?attachment_id=208386#main\" data-url=\"https:\/\/www.weine-feinkost.de\/unterwegs\/wp-content\/uploads\/2025\/07\/La_Fontanilla_Conil-de_la_Frontera_Spanien_8-1200x900.jpg\" data-width=\"1920\" src=\"https:\/\/i0.wp.com\/www.weine-feinkost.de\/unterwegs\/wp-content\/uploads\/2025\/07\/La_Fontanilla_Conil-de_la_Frontera_Spanien_8-1200x900.jpg?ssl=1\" data-amp-layout=\"responsive\"\/><\/a><\/figure><\/div><\/div><\/div><\/div><\/div>\n\n\n\n<p><em> Kartoffelsalat \/ Gemischter Salat \/ Thunfisch-Tartar \/ Calamares<\/em><\/p>\n\n\n\n<p><strong>La Fontanilla<\/strong>, Playa de la Fontanilla, 11140 Conil de la Frontera, Spanien, Telefon: +34 956 44 11 30, <a href=\"https:\/\/lafontanilla.com\">www.lafontanilla.com<\/a><\/p>\n","protected":false},"excerpt":{"rendered":"<p>La Fontanilla \u2013 Meeresfrische Genussmomente direkt am Strand von Conil Der Kellner konnte die Frage nicht beantworten, wie viele Jahre das Restaurant La Fontanilla am Strand von Conil de la Frontera bereits besteht. F\u00fcnfzig Jahre? Ach was \u2026 nein, das Haus existiert wohl schon viel l\u00e4nger \u2013 mit mehreren R\u00e4umen, einer Bartheke und einer gro\u00dfen, &#8230; <a title=\"La Fontanilla &#8211; Conil de la Frontera &#8211; Spanien\" class=\"read-more\" href=\"https:\/\/www.weine-feinkost.de\/unterwegs\/2025\/07\/la-fontanilla-conil-de-la-frontera-spanien\/\" aria-label=\"Mehr dazu unter La Fontanilla &#8211; Conil de la Frontera &#8211; Spanien\">Weiterlesen<\/a><\/p>\n","protected":false},"author":7,"featured_media":208387,"comment_status":"open","ping_status":"open","sticky":false,"template":"","format":"standard","meta":{"_jetpack_newsletter_access":"","_jetpack_dont_email_post_to_subs":false,"_jetpack_newsletter_tier_id":0,"_jetpack_memberships_contains_paywalled_content":false,"_jetpack_feature_clip_id":0,"_jetpack_memberships_contains_paid_content":false,"footnotes":"","jetpack_publicize_message":"","jetpack_publicize_feature_enabled":true,"jetpack_social_post_already_shared":true,"jetpack_social_options":{"image_generator_settings":{"template":"highway","default_image_id":0,"font":"","enabled":false},"version":2},"jetpack_post_was_ever_published":false},"categories":[13,30],"tags":[9800,9535,9879,9884,9880,2009,9878,854,7796,9876,1338,7914,9886,9877,9881,3201,9883,9885,9882,74],"post_folder":[],"class_list":["post-207799","post","type-post","status-publish","format-standard","has-post-thumbnail","hentry","category-restaurants","category-spanien-restaurants","tag-andalusische-kueche","tag-atlantik","tag-atun-rojo-de-almadraba","tag-authentisch-essen","tag-carabineros","tag-conil-de-la-frontera","tag-fangfrischer-fisch","tag-fischrestaurant","tag-kulinarische-reise","tag-la-fontanilla","tag-meeresfruechte","tag-regionale-kueche","tag-reisetipps-andalusien","tag-restauranttipps-andalusien","tag-retinto-rind","tag-roter-thunfisch","tag-sonnenuntergang","tag-spanien-urlaub","tag-strandrestaurant","tag-tapas"],"yoast_head":"<!-- This site is optimized with the Yoast SEO plugin v28.3 - https:\/\/yoast.com\/product\/yoast-seo-wordpress\/ -->\n<title>La Fontanilla - Conil de la Frontera - Spanien - Unterwegs mit Weine &amp; Feinkost<\/title>\n<meta name=\"robots\" content=\"index, follow, max-snippet:-1, max-image-preview:large, max-video-preview:-1\" \/>\n<link rel=\"canonical\" href=\"https:\/\/www.weine-feinkost.de\/unterwegs\/2025\/07\/la-fontanilla-conil-de-la-frontera-spanien\/\" \/>\n<meta property=\"og:locale\" content=\"de_DE\" \/>\n<meta property=\"og:type\" content=\"article\" \/>\n<meta property=\"og:title\" content=\"La Fontanilla - Conil de la Frontera - Spanien - Unterwegs mit Weine &amp; Feinkost\" \/>\n<meta property=\"og:description\" content=\"La Fontanilla \u2013 Meeresfrische Genussmomente direkt am Strand von Conil Der Kellner konnte die Frage nicht beantworten, wie viele Jahre das Restaurant La Fontanilla am Strand von Conil de la Frontera bereits besteht. F\u00fcnfzig Jahre? Ach was \u2026 nein, das Haus existiert wohl schon viel l\u00e4nger \u2013 mit mehreren R\u00e4umen, einer Bartheke und einer gro\u00dfen, ... Weiterlesen\" \/>\n<meta property=\"og:url\" content=\"https:\/\/www.weine-feinkost.de\/unterwegs\/2025\/07\/la-fontanilla-conil-de-la-frontera-spanien\/\" \/>\n<meta property=\"og:site_name\" content=\"Unterwegs mit Weine &amp; Feinkost\" \/>\n<meta property=\"article:published_time\" content=\"2025-07-27T15:00:00+00:00\" \/>\n<meta property=\"og:image\" content=\"https:\/\/www.weine-feinkost.de\/unterwegs\/wp-content\/uploads\/2025\/07\/La_Fontanilla_Conil-de_la_Frontera_Spanien_9.jpg\" \/>\n\t<meta property=\"og:image:width\" content=\"1920\" \/>\n\t<meta property=\"og:image:height\" content=\"1440\" \/>\n\t<meta property=\"og:image:type\" content=\"image\/jpeg\" \/>\n<meta name=\"author\" content=\"Christian Fenske\" \/>\n<meta name=\"twitter:card\" content=\"summary_large_image\" \/>\n<meta name=\"twitter:label1\" content=\"Verfasst von\" \/>\n\t<meta name=\"twitter:data1\" content=\"Christian Fenske\" \/>\n\t<meta name=\"twitter:label2\" content=\"Gesch\u00e4tzte Lesezeit\" \/>\n\t<meta name=\"twitter:data2\" content=\"3\u00a0Minuten\" \/>\n<script type=\"application\/ld+json\" class=\"yoast-schema-graph\">{\"@context\":\"https:\\\/\\\/schema.org\",\"@graph\":[{\"@type\":\"Article\",\"@id\":\"https:\\\/\\\/www.weine-feinkost.de\\\/unterwegs\\\/2025\\\/07\\\/la-fontanilla-conil-de-la-frontera-spanien\\\/#article\",\"isPartOf\":{\"@id\":\"https:\\\/\\\/www.weine-feinkost.de\\\/unterwegs\\\/2025\\\/07\\\/la-fontanilla-conil-de-la-frontera-spanien\\\/\"},\"author\":{\"name\":\"Christian Fenske\",\"@id\":\"https:\\\/\\\/www.weine-feinkost.de\\\/unterwegs\\\/#\\\/schema\\\/person\\\/c07d66169fd0e04307bfe7cdc99ac26a\"},\"headline\":\"La Fontanilla &#8211; Conil de la Frontera &#8211; Spanien\",\"datePublished\":\"2025-07-27T15:00:00+00:00\",\"mainEntityOfPage\":{\"@id\":\"https:\\\/\\\/www.weine-feinkost.de\\\/unterwegs\\\/2025\\\/07\\\/la-fontanilla-conil-de-la-frontera-spanien\\\/\"},\"wordCount\":227,\"commentCount\":0,\"publisher\":{\"@id\":\"https:\\\/\\\/www.weine-feinkost.de\\\/unterwegs\\\/#organization\"},\"image\":{\"@id\":\"https:\\\/\\\/www.weine-feinkost.de\\\/unterwegs\\\/2025\\\/07\\\/la-fontanilla-conil-de-la-frontera-spanien\\\/#primaryimage\"},\"thumbnailUrl\":\"https:\\\/\\\/www.weine-feinkost.de\\\/unterwegs\\\/wp-content\\\/uploads\\\/2025\\\/07\\\/La_Fontanilla_Conil-de_la_Frontera_Spanien_9.jpg\",\"keywords\":[\"andalusische K\u00fcche\",\"Atlantik\",\"At\u00fan rojo de Almadraba\",\"authentisch essen\",\"Carabineros\",\"Conil de la Frontera\",\"fangfrischer Fisch\",\"Fischrestaurant\",\"kulinarische Reise\",\"La Fontanilla\",\"Meeresfr\u00fcchte\",\"regionale K\u00fcche\",\"Reisetipps Andalusien\",\"Restauranttipps Andalusien\",\"Retinto-Rind\",\"Roter Thunfisch\",\"Sonnenuntergang\",\"Spanien Urlaub\",\"Strandrestaurant\",\"Tapas\"],\"articleSection\":[\"Restaurants\",\"Spanien\"],\"inLanguage\":\"de\",\"potentialAction\":[{\"@type\":\"CommentAction\",\"name\":\"Comment\",\"target\":[\"https:\\\/\\\/www.weine-feinkost.de\\\/unterwegs\\\/2025\\\/07\\\/la-fontanilla-conil-de-la-frontera-spanien\\\/#respond\"]}]},{\"@type\":\"WebPage\",\"@id\":\"https:\\\/\\\/www.weine-feinkost.de\\\/unterwegs\\\/2025\\\/07\\\/la-fontanilla-conil-de-la-frontera-spanien\\\/\",\"url\":\"https:\\\/\\\/www.weine-feinkost.de\\\/unterwegs\\\/2025\\\/07\\\/la-fontanilla-conil-de-la-frontera-spanien\\\/\",\"name\":\"La Fontanilla - Conil de la Frontera - Spanien - Unterwegs mit Weine &amp; Feinkost\",\"isPartOf\":{\"@id\":\"https:\\\/\\\/www.weine-feinkost.de\\\/unterwegs\\\/#website\"},\"primaryImageOfPage\":{\"@id\":\"https:\\\/\\\/www.weine-feinkost.de\\\/unterwegs\\\/2025\\\/07\\\/la-fontanilla-conil-de-la-frontera-spanien\\\/#primaryimage\"},\"image\":{\"@id\":\"https:\\\/\\\/www.weine-feinkost.de\\\/unterwegs\\\/2025\\\/07\\\/la-fontanilla-conil-de-la-frontera-spanien\\\/#primaryimage\"},\"thumbnailUrl\":\"https:\\\/\\\/www.weine-feinkost.de\\\/unterwegs\\\/wp-content\\\/uploads\\\/2025\\\/07\\\/La_Fontanilla_Conil-de_la_Frontera_Spanien_9.jpg\",\"datePublished\":\"2025-07-27T15:00:00+00:00\",\"breadcrumb\":{\"@id\":\"https:\\\/\\\/www.weine-feinkost.de\\\/unterwegs\\\/2025\\\/07\\\/la-fontanilla-conil-de-la-frontera-spanien\\\/#breadcrumb\"},\"inLanguage\":\"de\",\"potentialAction\":[{\"@type\":\"ReadAction\",\"target\":[\"https:\\\/\\\/www.weine-feinkost.de\\\/unterwegs\\\/2025\\\/07\\\/la-fontanilla-conil-de-la-frontera-spanien\\\/\"]}]},{\"@type\":\"ImageObject\",\"inLanguage\":\"de\",\"@id\":\"https:\\\/\\\/www.weine-feinkost.de\\\/unterwegs\\\/2025\\\/07\\\/la-fontanilla-conil-de-la-frontera-spanien\\\/#primaryimage\",\"url\":\"https:\\\/\\\/www.weine-feinkost.de\\\/unterwegs\\\/wp-content\\\/uploads\\\/2025\\\/07\\\/La_Fontanilla_Conil-de_la_Frontera_Spanien_9.jpg\",\"contentUrl\":\"https:\\\/\\\/www.weine-feinkost.de\\\/unterwegs\\\/wp-content\\\/uploads\\\/2025\\\/07\\\/La_Fontanilla_Conil-de_la_Frontera_Spanien_9.jpg\",\"width\":1920,\"height\":1440},{\"@type\":\"BreadcrumbList\",\"@id\":\"https:\\\/\\\/www.weine-feinkost.de\\\/unterwegs\\\/2025\\\/07\\\/la-fontanilla-conil-de-la-frontera-spanien\\\/#breadcrumb\",\"itemListElement\":[{\"@type\":\"ListItem\",\"position\":1,\"name\":\"Startseite\",\"item\":\"https:\\\/\\\/www.weine-feinkost.de\\\/unterwegs\\\/\"},{\"@type\":\"ListItem\",\"position\":2,\"name\":\"La Fontanilla &#8211; Conil de la Frontera &#8211; Spanien\"}]},{\"@type\":\"WebSite\",\"@id\":\"https:\\\/\\\/www.weine-feinkost.de\\\/unterwegs\\\/#website\",\"url\":\"https:\\\/\\\/www.weine-feinkost.de\\\/unterwegs\\\/\",\"name\":\"Unterwegs mit Weine &amp; Feinkost\",\"description\":\"Entdecken Sie Genuss\",\"publisher\":{\"@id\":\"https:\\\/\\\/www.weine-feinkost.de\\\/unterwegs\\\/#organization\"},\"potentialAction\":[{\"@type\":\"SearchAction\",\"target\":{\"@type\":\"EntryPoint\",\"urlTemplate\":\"https:\\\/\\\/www.weine-feinkost.de\\\/unterwegs\\\/?s={search_term_string}\"},\"query-input\":{\"@type\":\"PropertyValueSpecification\",\"valueRequired\":true,\"valueName\":\"search_term_string\"}}],\"inLanguage\":\"de\"},{\"@type\":\"Organization\",\"@id\":\"https:\\\/\\\/www.weine-feinkost.de\\\/unterwegs\\\/#organization\",\"name\":\"Unterwegs mit Weine &amp; Feinkost\",\"url\":\"https:\\\/\\\/www.weine-feinkost.de\\\/unterwegs\\\/\",\"logo\":{\"@type\":\"ImageObject\",\"inLanguage\":\"de\",\"@id\":\"https:\\\/\\\/www.weine-feinkost.de\\\/unterwegs\\\/#\\\/schema\\\/logo\\\/image\\\/\",\"url\":\"https:\\\/\\\/www.weine-feinkost.de\\\/unterwegs\\\/wp-content\\\/uploads\\\/2022\\\/10\\\/logo_weinefeinkost_unterwegs_450x171.png\",\"contentUrl\":\"https:\\\/\\\/www.weine-feinkost.de\\\/unterwegs\\\/wp-content\\\/uploads\\\/2022\\\/10\\\/logo_weinefeinkost_unterwegs_450x171.png\",\"width\":450,\"height\":171,\"caption\":\"Unterwegs mit Weine &amp; Feinkost\"},\"image\":{\"@id\":\"https:\\\/\\\/www.weine-feinkost.de\\\/unterwegs\\\/#\\\/schema\\\/logo\\\/image\\\/\"}},{\"@type\":\"Person\",\"@id\":\"https:\\\/\\\/www.weine-feinkost.de\\\/unterwegs\\\/#\\\/schema\\\/person\\\/c07d66169fd0e04307bfe7cdc99ac26a\",\"name\":\"Christian Fenske\",\"image\":{\"@type\":\"ImageObject\",\"inLanguage\":\"de\",\"@id\":\"https:\\\/\\\/www.weine-feinkost.de\\\/unterwegs\\\/wp-content\\\/uploads\\\/2023\\\/01\\\/cropped-christian_profilbild-96x96.png\",\"url\":\"https:\\\/\\\/www.weine-feinkost.de\\\/unterwegs\\\/wp-content\\\/uploads\\\/2023\\\/01\\\/cropped-christian_profilbild-96x96.png\",\"contentUrl\":\"https:\\\/\\\/www.weine-feinkost.de\\\/unterwegs\\\/wp-content\\\/uploads\\\/2023\\\/01\\\/cropped-christian_profilbild-96x96.png\",\"caption\":\"Christian Fenske\"},\"description\":\"Zusammen an einem Tisch sitzen, gemeinsam zu kommunizieren und zu genie\u00dfen, das ist eine der herausragenden kulturellen Errungenschaft der Menschheit.\",\"url\":\"https:\\\/\\\/www.weine-feinkost.de\\\/unterwegs\\\/author\\\/christian-fenske\\\/\"}]}<\/script>\n<!-- \/ Yoast SEO plugin. -->","yoast_head_json":{"title":"La Fontanilla - Conil de la Frontera - Spanien - Unterwegs mit Weine &amp; Feinkost","robots":{"index":"index","follow":"follow","max-snippet":"max-snippet:-1","max-image-preview":"max-image-preview:large","max-video-preview":"max-video-preview:-1"},"canonical":"https:\/\/www.weine-feinkost.de\/unterwegs\/2025\/07\/la-fontanilla-conil-de-la-frontera-spanien\/","og_locale":"de_DE","og_type":"article","og_title":"La Fontanilla - Conil de la Frontera - Spanien - Unterwegs mit Weine &amp; Feinkost","og_description":"La Fontanilla \u2013 Meeresfrische Genussmomente direkt am Strand von Conil Der Kellner konnte die Frage nicht beantworten, wie viele Jahre das Restaurant La Fontanilla am Strand von Conil de la Frontera bereits besteht. F\u00fcnfzig Jahre? Ach was \u2026 nein, das Haus existiert wohl schon viel l\u00e4nger \u2013 mit mehreren R\u00e4umen, einer Bartheke und einer gro\u00dfen, ... Weiterlesen","og_url":"https:\/\/www.weine-feinkost.de\/unterwegs\/2025\/07\/la-fontanilla-conil-de-la-frontera-spanien\/","og_site_name":"Unterwegs mit Weine &amp; Feinkost","article_published_time":"2025-07-27T15:00:00+00:00","og_image":[{"width":1920,"height":1440,"url":"https:\/\/www.weine-feinkost.de\/unterwegs\/wp-content\/uploads\/2025\/07\/La_Fontanilla_Conil-de_la_Frontera_Spanien_9.jpg","type":"image\/jpeg"}],"author":"Christian Fenske","twitter_card":"summary_large_image","twitter_misc":{"Verfasst von":"Christian Fenske","Gesch\u00e4tzte Lesezeit":"3\u00a0Minuten"},"schema":{"@context":"https:\/\/schema.org","@graph":[{"@type":"Article","@id":"https:\/\/www.weine-feinkost.de\/unterwegs\/2025\/07\/la-fontanilla-conil-de-la-frontera-spanien\/#article","isPartOf":{"@id":"https:\/\/www.weine-feinkost.de\/unterwegs\/2025\/07\/la-fontanilla-conil-de-la-frontera-spanien\/"},"author":{"name":"Christian Fenske","@id":"https:\/\/www.weine-feinkost.de\/unterwegs\/#\/schema\/person\/c07d66169fd0e04307bfe7cdc99ac26a"},"headline":"La Fontanilla &#8211; Conil de la Frontera &#8211; Spanien","datePublished":"2025-07-27T15:00:00+00:00","mainEntityOfPage":{"@id":"https:\/\/www.weine-feinkost.de\/unterwegs\/2025\/07\/la-fontanilla-conil-de-la-frontera-spanien\/"},"wordCount":227,"commentCount":0,"publisher":{"@id":"https:\/\/www.weine-feinkost.de\/unterwegs\/#organization"},"image":{"@id":"https:\/\/www.weine-feinkost.de\/unterwegs\/2025\/07\/la-fontanilla-conil-de-la-frontera-spanien\/#primaryimage"},"thumbnailUrl":"https:\/\/www.weine-feinkost.de\/unterwegs\/wp-content\/uploads\/2025\/07\/La_Fontanilla_Conil-de_la_Frontera_Spanien_9.jpg","keywords":["andalusische K\u00fcche","Atlantik","At\u00fan rojo de Almadraba","authentisch essen","Carabineros","Conil de la Frontera","fangfrischer Fisch","Fischrestaurant","kulinarische Reise","La Fontanilla","Meeresfr\u00fcchte","regionale K\u00fcche","Reisetipps Andalusien","Restauranttipps Andalusien","Retinto-Rind","Roter Thunfisch","Sonnenuntergang","Spanien Urlaub","Strandrestaurant","Tapas"],"articleSection":["Restaurants","Spanien"],"inLanguage":"de","potentialAction":[{"@type":"CommentAction","name":"Comment","target":["https:\/\/www.weine-feinkost.de\/unterwegs\/2025\/07\/la-fontanilla-conil-de-la-frontera-spanien\/#respond"]}]},{"@type":"WebPage","@id":"https:\/\/www.weine-feinkost.de\/unterwegs\/2025\/07\/la-fontanilla-conil-de-la-frontera-spanien\/","url":"https:\/\/www.weine-feinkost.de\/unterwegs\/2025\/07\/la-fontanilla-conil-de-la-frontera-spanien\/","name":"La Fontanilla - Conil de la Frontera - Spanien - Unterwegs mit Weine &amp; Feinkost","isPartOf":{"@id":"https:\/\/www.weine-feinkost.de\/unterwegs\/#website"},"primaryImageOfPage":{"@id":"https:\/\/www.weine-feinkost.de\/unterwegs\/2025\/07\/la-fontanilla-conil-de-la-frontera-spanien\/#primaryimage"},"image":{"@id":"https:\/\/www.weine-feinkost.de\/unterwegs\/2025\/07\/la-fontanilla-conil-de-la-frontera-spanien\/#primaryimage"},"thumbnailUrl":"https:\/\/www.weine-feinkost.de\/unterwegs\/wp-content\/uploads\/2025\/07\/La_Fontanilla_Conil-de_la_Frontera_Spanien_9.jpg","datePublished":"2025-07-27T15:00:00+00:00","breadcrumb":{"@id":"https:\/\/www.weine-feinkost.de\/unterwegs\/2025\/07\/la-fontanilla-conil-de-la-frontera-spanien\/#breadcrumb"},"inLanguage":"de","potentialAction":[{"@type":"ReadAction","target":["https:\/\/www.weine-feinkost.de\/unterwegs\/2025\/07\/la-fontanilla-conil-de-la-frontera-spanien\/"]}]},{"@type":"ImageObject","inLanguage":"de","@id":"https:\/\/www.weine-feinkost.de\/unterwegs\/2025\/07\/la-fontanilla-conil-de-la-frontera-spanien\/#primaryimage","url":"https:\/\/www.weine-feinkost.de\/unterwegs\/wp-content\/uploads\/2025\/07\/La_Fontanilla_Conil-de_la_Frontera_Spanien_9.jpg","contentUrl":"https:\/\/www.weine-feinkost.de\/unterwegs\/wp-content\/uploads\/2025\/07\/La_Fontanilla_Conil-de_la_Frontera_Spanien_9.jpg","width":1920,"height":1440},{"@type":"BreadcrumbList","@id":"https:\/\/www.weine-feinkost.de\/unterwegs\/2025\/07\/la-fontanilla-conil-de-la-frontera-spanien\/#breadcrumb","itemListElement":[{"@type":"ListItem","position":1,"name":"Startseite","item":"https:\/\/www.weine-feinkost.de\/unterwegs\/"},{"@type":"ListItem","position":2,"name":"La Fontanilla &#8211; Conil de la Frontera &#8211; Spanien"}]},{"@type":"WebSite","@id":"https:\/\/www.weine-feinkost.de\/unterwegs\/#website","url":"https:\/\/www.weine-feinkost.de\/unterwegs\/","name":"Unterwegs mit Weine &amp; Feinkost","description":"Entdecken Sie Genuss","publisher":{"@id":"https:\/\/www.weine-feinkost.de\/unterwegs\/#organization"},"potentialAction":[{"@type":"SearchAction","target":{"@type":"EntryPoint","urlTemplate":"https:\/\/www.weine-feinkost.de\/unterwegs\/?s={search_term_string}"},"query-input":{"@type":"PropertyValueSpecification","valueRequired":true,"valueName":"search_term_string"}}],"inLanguage":"de"},{"@type":"Organization","@id":"https:\/\/www.weine-feinkost.de\/unterwegs\/#organization","name":"Unterwegs mit Weine &amp; Feinkost","url":"https:\/\/www.weine-feinkost.de\/unterwegs\/","logo":{"@type":"ImageObject","inLanguage":"de","@id":"https:\/\/www.weine-feinkost.de\/unterwegs\/#\/schema\/logo\/image\/","url":"https:\/\/www.weine-feinkost.de\/unterwegs\/wp-content\/uploads\/2022\/10\/logo_weinefeinkost_unterwegs_450x171.png","contentUrl":"https:\/\/www.weine-feinkost.de\/unterwegs\/wp-content\/uploads\/2022\/10\/logo_weinefeinkost_unterwegs_450x171.png","width":450,"height":171,"caption":"Unterwegs mit Weine &amp; Feinkost"},"image":{"@id":"https:\/\/www.weine-feinkost.de\/unterwegs\/#\/schema\/logo\/image\/"}},{"@type":"Person","@id":"https:\/\/www.weine-feinkost.de\/unterwegs\/#\/schema\/person\/c07d66169fd0e04307bfe7cdc99ac26a","name":"Christian Fenske","image":{"@type":"ImageObject","inLanguage":"de","@id":"https:\/\/www.weine-feinkost.de\/unterwegs\/wp-content\/uploads\/2023\/01\/cropped-christian_profilbild-96x96.png","url":"https:\/\/www.weine-feinkost.de\/unterwegs\/wp-content\/uploads\/2023\/01\/cropped-christian_profilbild-96x96.png","contentUrl":"https:\/\/www.weine-feinkost.de\/unterwegs\/wp-content\/uploads\/2023\/01\/cropped-christian_profilbild-96x96.png","caption":"Christian Fenske"},"description":"Zusammen an einem Tisch sitzen, gemeinsam zu kommunizieren und zu genie\u00dfen, das ist eine der herausragenden kulturellen Errungenschaft der Menschheit.","url":"https:\/\/www.weine-feinkost.de\/unterwegs\/author\/christian-fenske\/"}]}},"jetpack_publicize_connections":[],"jetpack_shortlink":"https:\/\/wp.me\/p68Tjo-S3B","jetpack_sharing_enabled":true,"jetpack_likes_enabled":true,"jetpack_featured_media_url":"https:\/\/www.weine-feinkost.de\/unterwegs\/wp-content\/uploads\/2025\/07\/La_Fontanilla_Conil-de_la_Frontera_Spanien_9.jpg","_links":{"self":[{"href":"https:\/\/www.weine-feinkost.de\/unterwegs\/wp-json\/wp\/v2\/posts\/207799","targetHints":{"allow":["GET"]}}],"collection":[{"href":"https:\/\/www.weine-feinkost.de\/unterwegs\/wp-json\/wp\/v2\/posts"}],"about":[{"href":"https:\/\/www.weine-feinkost.de\/unterwegs\/wp-json\/wp\/v2\/types\/post"}],"author":[{"embeddable":true,"href":"https:\/\/www.weine-feinkost.de\/unterwegs\/wp-json\/wp\/v2\/users\/7"}],"replies":[{"embeddable":true,"href":"https:\/\/www.weine-feinkost.de\/unterwegs\/wp-json\/wp\/v2\/comments?post=207799"}],"version-history":[{"count":6,"href":"https:\/\/www.weine-feinkost.de\/unterwegs\/wp-json\/wp\/v2\/posts\/207799\/revisions"}],"predecessor-version":[{"id":208962,"href":"https:\/\/www.weine-feinkost.de\/unterwegs\/wp-json\/wp\/v2\/posts\/207799\/revisions\/208962"}],"wp:featuredmedia":[{"embeddable":true,"href":"https:\/\/www.weine-feinkost.de\/unterwegs\/wp-json\/wp\/v2\/media\/208387"}],"wp:attachment":[{"href":"https:\/\/www.weine-feinkost.de\/unterwegs\/wp-json\/wp\/v2\/media?parent=207799"}],"wp:term":[{"taxonomy":"category","embeddable":true,"href":"https:\/\/www.weine-feinkost.de\/unterwegs\/wp-json\/wp\/v2\/categories?post=207799"},{"taxonomy":"post_tag","embeddable":true,"href":"https:\/\/www.weine-feinkost.de\/unterwegs\/wp-json\/wp\/v2\/tags?post=207799"},{"taxonomy":"post_folder","embeddable":true,"href":"https:\/\/www.weine-feinkost.de\/unterwegs\/wp-json\/wp\/v2\/post_folder?post=207799"}],"curies":[{"name":"wp","href":"https:\/\/api.w.org\/{rel}","templated":true}]}}