{"id":210232,"date":"2025-11-13T18:12:00","date_gmt":"2025-11-13T17:12:00","guid":{"rendered":"https:\/\/www.weine-feinkost.de\/unterwegs\/?p=210232"},"modified":"2025-11-08T13:15:28","modified_gmt":"2025-11-08T12:15:28","slug":"etxemaite-donostia-san-sebastian-spanien","status":"publish","type":"post","link":"https:\/\/www.weine-feinkost.de\/unterwegs\/2025\/11\/etxemaite-donostia-san-sebastian-spanien\/","title":{"rendered":"Etxemaite &#8211; Donostia-San Sebasti\u00e1n &#8211; Spanien"},"content":{"rendered":"\n<h2 class=\"wp-block-heading\"><strong>Etxemaite \u2013 Von der Liebe zum Ursprung<\/strong><\/h2>\n\n\n\n<p class=\"has-drop-cap\"><strong>\u201eEtxemaite\u201c<\/strong> &#8211; ein Wort, das auf Baskisch \u201egeliebtes Haus\u201c bedeutet, ist das neue und erste eigene Restaurant des jungen Kochs Paolo Herranz.<\/p>\n\n\n\n<p>Im Jahr 2023 \u00fcbernahm Paolo Herranz gemeinsam mit Gleichgesinnten ein Waldgrundst\u00fcck mit Nutzgarten in Aia, einer kleinen Gemeinde unweit von Donostia-San Sebasti\u00e1n. Aus diesem St\u00fcck Natur und den dort wachsenden K\u00f6stlichkeiten entstand Schritt f\u00fcr Schritt das Herz ihres zuk\u00fcnftigen Restaurants Etxemaite. Heute gedeihen dort Obstb\u00e4ume, Kr\u00e4uter und Gem\u00fcse, w\u00e4hrend eigene Bienenv\u00f6lker f\u00fcr eine ausgewogene, lebendige Landschaft sorgen. So ist ein \u201eessbarer Wald\u201c entstanden, der das Fundament ihrer K\u00fcche bildet.<\/p>\n\n\n\n<p>Der Gedanke dahinter ist klar: den Kreislauf zwischen Erde und Teller zu schlie\u00dfen und bewusste Formen der Produktion und des Konsums zu f\u00f6rdern. \u201eUnsere K\u00fcche beginnt im Gem\u00fcsegarten\u201c, sagt Paolo, und meint damit weit mehr als nur frische Zutaten. In <strong>Etxemaite<\/strong> geht es um ein Verst\u00e4ndnis von K\u00fcche, das den Ursprung ehrt und die Menschen in den Mittelpunkt stellt, die hinter jedem Produkt stehen.<\/p>\n\n\n\n<p>Alles, was hier auf den Tisch kommt, stammt von Landwirten, Winzern, Hirten und Fischern aus der Region, Menschen, die dieselbe Philosophie teilen: Respekt vor der Natur, Verantwortung im Handwerk und Liebe zum Genuss.<\/p>\n\n\n\n<p>Paolo Herranz wurde am renommierten Basque Culinary Center in Donostia-San Sebasti\u00e1n ausgebildet. Seine kulinarische Reise f\u00fchrte ihn zu einigen der bedeutendsten K\u00fcchen der Welt. Er sammelte pr\u00e4gende Erfahrungen im legend\u00e4ren Noma in Kopenhagen, einem Ort, der die moderne Gastronomie revolutioniert hat und er vertiefte sein Wissen im Restaurant Elkano in Getaria, das weltweit f\u00fcr seine puristische Fischk\u00fcche und seine enge Verbindung zum Meer ber\u00fchmt ist.<\/p>\n\n\n\n<p>Diese Stationen haben Paolo gepr\u00e4gt und seine Handschrift geformt: pr\u00e4zise, nat\u00fcrlich, tief verwurzelt und zugleich offen f\u00fcr neue Ideen.<\/p>\n\n\n\n<p>Wer Paolos K\u00fcche erlebt, sp\u00fcrt sofort, dass hier nichts dem Zufall \u00fcberlassen wird. Seine Gerichte sind handwerklich pr\u00e4zise, traditionsverbunden und zugleich leicht, klar und von einer ruhigen, fast meditativen Ausstrahlung gepr\u00e4gt.<\/p>\n\n\n\n<p>Es ist jene Art von K\u00fcche, die nicht laut auftritt, sondern leise \u00fcberzeugt. Sie fl\u00fcstert mit stiller Hingabe die guten Dinge der Natur auf die Teller, und ruht in sich selbst.<\/p>\n\n\n\n<div class=\"wp-block-jetpack-tiled-gallery aligncenter is-style-rectangular\"><div class=\"\"><div class=\"tiled-gallery__gallery\"><div class=\"tiled-gallery__row\"><div class=\"tiled-gallery__col\" style=\"flex-basis:26.48558%\"><figure class=\"tiled-gallery__item\"><a href=\"https:\/\/www.weine-feinkost.de\/unterwegs\/wp-content\/uploads\/2026\/02\/Etxemaite_Donostia-San_Sebastian_Spanien_1-768x1024.jpeg\"><img decoding=\"async\" srcset=\"https:\/\/i0.wp.com\/www.weine-feinkost.de\/unterwegs\/wp-content\/uploads\/2026\/02\/Etxemaite_Donostia-San_Sebastian_Spanien_1-768x1024.jpeg?strip=info&#038;w=600&#038;ssl=1 600w,https:\/\/i0.wp.com\/www.weine-feinkost.de\/unterwegs\/wp-content\/uploads\/2026\/02\/Etxemaite_Donostia-San_Sebastian_Spanien_1-768x1024.jpeg?strip=info&#038;w=768&#038;ssl=1 768w\" alt=\"\" data-height=\"1920\" data-id=\"210271\" data-link=\"https:\/\/www.weine-feinkost.de\/unterwegs\/?attachment_id=210271#main\" data-url=\"https:\/\/www.weine-feinkost.de\/unterwegs\/wp-content\/uploads\/2026\/02\/Etxemaite_Donostia-San_Sebastian_Spanien_1-768x1024.jpeg\" data-width=\"1440\" src=\"https:\/\/i0.wp.com\/www.weine-feinkost.de\/unterwegs\/wp-content\/uploads\/2026\/02\/Etxemaite_Donostia-San_Sebastian_Spanien_1-768x1024.jpeg?ssl=1\" data-amp-layout=\"responsive\"\/><\/a><\/figure><\/div><div class=\"tiled-gallery__col\" style=\"flex-basis:47.02884%\"><figure class=\"tiled-gallery__item\"><a href=\"https:\/\/www.weine-feinkost.de\/unterwegs\/wp-content\/uploads\/2026\/02\/Etxemaite_Donostia-San_Sebastian_Spanien_3-1200x900.jpeg\"><img decoding=\"async\" srcset=\"https:\/\/i0.wp.com\/www.weine-feinkost.de\/unterwegs\/wp-content\/uploads\/2026\/02\/Etxemaite_Donostia-San_Sebastian_Spanien_3-1200x900.jpeg?strip=info&#038;w=600&#038;ssl=1 600w,https:\/\/i0.wp.com\/www.weine-feinkost.de\/unterwegs\/wp-content\/uploads\/2026\/02\/Etxemaite_Donostia-San_Sebastian_Spanien_3-1200x900.jpeg?strip=info&#038;w=900&#038;ssl=1 900w,https:\/\/i0.wp.com\/www.weine-feinkost.de\/unterwegs\/wp-content\/uploads\/2026\/02\/Etxemaite_Donostia-San_Sebastian_Spanien_3-1200x900.jpeg?strip=info&#038;w=1200&#038;ssl=1 1200w\" alt=\"\" data-height=\"1440\" data-id=\"210261\" data-link=\"https:\/\/www.weine-feinkost.de\/unterwegs\/?attachment_id=210261#main\" data-url=\"https:\/\/www.weine-feinkost.de\/unterwegs\/wp-content\/uploads\/2026\/02\/Etxemaite_Donostia-San_Sebastian_Spanien_3-1200x900.jpeg\" data-width=\"1920\" src=\"https:\/\/i0.wp.com\/www.weine-feinkost.de\/unterwegs\/wp-content\/uploads\/2026\/02\/Etxemaite_Donostia-San_Sebastian_Spanien_3-1200x900.jpeg?ssl=1\" data-amp-layout=\"responsive\"\/><\/a><\/figure><\/div><div class=\"tiled-gallery__col\" style=\"flex-basis:26.48558%\"><figure class=\"tiled-gallery__item\"><a href=\"https:\/\/www.weine-feinkost.de\/unterwegs\/wp-content\/uploads\/2026\/02\/Etxemaite_Donostia-San_Sebastian_Spanien_2-768x1024.jpeg\"><img decoding=\"async\" srcset=\"https:\/\/i0.wp.com\/www.weine-feinkost.de\/unterwegs\/wp-content\/uploads\/2026\/02\/Etxemaite_Donostia-San_Sebastian_Spanien_2-768x1024.jpeg?strip=info&#038;w=600&#038;ssl=1 600w,https:\/\/i0.wp.com\/www.weine-feinkost.de\/unterwegs\/wp-content\/uploads\/2026\/02\/Etxemaite_Donostia-San_Sebastian_Spanien_2-768x1024.jpeg?strip=info&#038;w=768&#038;ssl=1 768w\" alt=\"\" data-height=\"1920\" data-id=\"210267\" data-link=\"https:\/\/www.weine-feinkost.de\/unterwegs\/?attachment_id=210267#main\" data-url=\"https:\/\/www.weine-feinkost.de\/unterwegs\/wp-content\/uploads\/2026\/02\/Etxemaite_Donostia-San_Sebastian_Spanien_2-768x1024.jpeg\" data-width=\"1440\" src=\"https:\/\/i0.wp.com\/www.weine-feinkost.de\/unterwegs\/wp-content\/uploads\/2026\/02\/Etxemaite_Donostia-San_Sebastian_Spanien_2-768x1024.jpeg?ssl=1\" data-amp-layout=\"responsive\"\/><\/a><\/figure><\/div><\/div><div class=\"tiled-gallery__row\"><div class=\"tiled-gallery__col\" style=\"flex-basis:25.00000%\"><figure class=\"tiled-gallery__item\"><a href=\"https:\/\/www.weine-feinkost.de\/unterwegs\/wp-content\/uploads\/2026\/02\/Etxemaite_Donostia-San_Sebastian_Spanien_4-768x1024.jpeg\"><img decoding=\"async\" srcset=\"https:\/\/i0.wp.com\/www.weine-feinkost.de\/unterwegs\/wp-content\/uploads\/2026\/02\/Etxemaite_Donostia-San_Sebastian_Spanien_4-768x1024.jpeg?strip=info&#038;w=600&#038;ssl=1 600w,https:\/\/i0.wp.com\/www.weine-feinkost.de\/unterwegs\/wp-content\/uploads\/2026\/02\/Etxemaite_Donostia-San_Sebastian_Spanien_4-768x1024.jpeg?strip=info&#038;w=768&#038;ssl=1 768w\" alt=\"\" data-height=\"1920\" data-id=\"210268\" data-link=\"https:\/\/www.weine-feinkost.de\/unterwegs\/?attachment_id=210268#main\" data-url=\"https:\/\/www.weine-feinkost.de\/unterwegs\/wp-content\/uploads\/2026\/02\/Etxemaite_Donostia-San_Sebastian_Spanien_4-768x1024.jpeg\" data-width=\"1440\" src=\"https:\/\/i0.wp.com\/www.weine-feinkost.de\/unterwegs\/wp-content\/uploads\/2026\/02\/Etxemaite_Donostia-San_Sebastian_Spanien_4-768x1024.jpeg?ssl=1\" data-amp-layout=\"responsive\"\/><\/a><\/figure><\/div><div class=\"tiled-gallery__col\" style=\"flex-basis:25.00000%\"><figure class=\"tiled-gallery__item\"><a href=\"https:\/\/www.weine-feinkost.de\/unterwegs\/wp-content\/uploads\/2026\/02\/Etxemaite_Donostia-San_Sebastian_Spanien_6-768x1024.jpeg\"><img decoding=\"async\" srcset=\"https:\/\/i0.wp.com\/www.weine-feinkost.de\/unterwegs\/wp-content\/uploads\/2026\/02\/Etxemaite_Donostia-San_Sebastian_Spanien_6-768x1024.jpeg?strip=info&#038;w=600&#038;ssl=1 600w,https:\/\/i0.wp.com\/www.weine-feinkost.de\/unterwegs\/wp-content\/uploads\/2026\/02\/Etxemaite_Donostia-San_Sebastian_Spanien_6-768x1024.jpeg?strip=info&#038;w=768&#038;ssl=1 768w\" alt=\"\" data-height=\"1920\" data-id=\"210262\" data-link=\"https:\/\/www.weine-feinkost.de\/unterwegs\/?attachment_id=210262#main\" data-url=\"https:\/\/www.weine-feinkost.de\/unterwegs\/wp-content\/uploads\/2026\/02\/Etxemaite_Donostia-San_Sebastian_Spanien_6-768x1024.jpeg\" data-width=\"1440\" src=\"https:\/\/i0.wp.com\/www.weine-feinkost.de\/unterwegs\/wp-content\/uploads\/2026\/02\/Etxemaite_Donostia-San_Sebastian_Spanien_6-768x1024.jpeg?ssl=1\" data-amp-layout=\"responsive\"\/><\/a><\/figure><\/div><div class=\"tiled-gallery__col\" style=\"flex-basis:25.00000%\"><figure class=\"tiled-gallery__item\"><a href=\"https:\/\/www.weine-feinkost.de\/unterwegs\/wp-content\/uploads\/2026\/02\/Etxemaite_Donostia-San_Sebastian_Spanien_5-768x1024.jpeg\"><img decoding=\"async\" srcset=\"https:\/\/i0.wp.com\/www.weine-feinkost.de\/unterwegs\/wp-content\/uploads\/2026\/02\/Etxemaite_Donostia-San_Sebastian_Spanien_5-768x1024.jpeg?strip=info&#038;w=600&#038;ssl=1 600w,https:\/\/i0.wp.com\/www.weine-feinkost.de\/unterwegs\/wp-content\/uploads\/2026\/02\/Etxemaite_Donostia-San_Sebastian_Spanien_5-768x1024.jpeg?strip=info&#038;w=768&#038;ssl=1 768w\" alt=\"\" data-height=\"1920\" data-id=\"210264\" data-link=\"https:\/\/www.weine-feinkost.de\/unterwegs\/?attachment_id=210264#main\" data-url=\"https:\/\/www.weine-feinkost.de\/unterwegs\/wp-content\/uploads\/2026\/02\/Etxemaite_Donostia-San_Sebastian_Spanien_5-768x1024.jpeg\" data-width=\"1440\" src=\"https:\/\/i0.wp.com\/www.weine-feinkost.de\/unterwegs\/wp-content\/uploads\/2026\/02\/Etxemaite_Donostia-San_Sebastian_Spanien_5-768x1024.jpeg?ssl=1\" data-amp-layout=\"responsive\"\/><\/a><\/figure><\/div><div class=\"tiled-gallery__col\" style=\"flex-basis:25.00000%\"><figure class=\"tiled-gallery__item\"><a href=\"https:\/\/www.weine-feinkost.de\/unterwegs\/wp-content\/uploads\/2026\/02\/Etxemaite_Donostia-San_Sebastian_Spanien_8-768x1024.jpeg\"><img decoding=\"async\" srcset=\"https:\/\/i0.wp.com\/www.weine-feinkost.de\/unterwegs\/wp-content\/uploads\/2026\/02\/Etxemaite_Donostia-San_Sebastian_Spanien_8-768x1024.jpeg?strip=info&#038;w=600&#038;ssl=1 600w,https:\/\/i0.wp.com\/www.weine-feinkost.de\/unterwegs\/wp-content\/uploads\/2026\/02\/Etxemaite_Donostia-San_Sebastian_Spanien_8-768x1024.jpeg?strip=info&#038;w=768&#038;ssl=1 768w\" alt=\"\" data-height=\"1920\" data-id=\"210259\" data-link=\"https:\/\/www.weine-feinkost.de\/unterwegs\/?attachment_id=210259#main\" data-url=\"https:\/\/www.weine-feinkost.de\/unterwegs\/wp-content\/uploads\/2026\/02\/Etxemaite_Donostia-San_Sebastian_Spanien_8-768x1024.jpeg\" data-width=\"1440\" src=\"https:\/\/i0.wp.com\/www.weine-feinkost.de\/unterwegs\/wp-content\/uploads\/2026\/02\/Etxemaite_Donostia-San_Sebastian_Spanien_8-768x1024.jpeg?ssl=1\" data-amp-layout=\"responsive\"\/><\/a><\/figure><\/div><\/div><div class=\"tiled-gallery__row\"><div class=\"tiled-gallery__col\" style=\"flex-basis:50.00000%\"><figure class=\"tiled-gallery__item\"><a href=\"https:\/\/www.weine-feinkost.de\/unterwegs\/wp-content\/uploads\/2026\/02\/Etxemaite_Donostia-San_Sebastian_Spanien_7-768x1024.jpeg\"><img decoding=\"async\" srcset=\"https:\/\/i0.wp.com\/www.weine-feinkost.de\/unterwegs\/wp-content\/uploads\/2026\/02\/Etxemaite_Donostia-San_Sebastian_Spanien_7-768x1024.jpeg?strip=info&#038;w=600&#038;ssl=1 600w,https:\/\/i0.wp.com\/www.weine-feinkost.de\/unterwegs\/wp-content\/uploads\/2026\/02\/Etxemaite_Donostia-San_Sebastian_Spanien_7-768x1024.jpeg?strip=info&#038;w=768&#038;ssl=1 768w\" alt=\"\" data-height=\"1920\" data-id=\"210269\" data-link=\"https:\/\/www.weine-feinkost.de\/unterwegs\/?attachment_id=210269#main\" data-url=\"https:\/\/www.weine-feinkost.de\/unterwegs\/wp-content\/uploads\/2026\/02\/Etxemaite_Donostia-San_Sebastian_Spanien_7-768x1024.jpeg\" data-width=\"1440\" src=\"https:\/\/i0.wp.com\/www.weine-feinkost.de\/unterwegs\/wp-content\/uploads\/2026\/02\/Etxemaite_Donostia-San_Sebastian_Spanien_7-768x1024.jpeg?ssl=1\" data-amp-layout=\"responsive\"\/><\/a><\/figure><\/div><div class=\"tiled-gallery__col\" style=\"flex-basis:50.00000%\"><figure class=\"tiled-gallery__item\"><a href=\"https:\/\/www.weine-feinkost.de\/unterwegs\/wp-content\/uploads\/2026\/02\/Etxemaite_Donostia-San_Sebastian_Spanien_10-768x1024.jpeg\"><img decoding=\"async\" srcset=\"https:\/\/i0.wp.com\/www.weine-feinkost.de\/unterwegs\/wp-content\/uploads\/2026\/02\/Etxemaite_Donostia-San_Sebastian_Spanien_10-768x1024.jpeg?strip=info&#038;w=600&#038;ssl=1 600w,https:\/\/i0.wp.com\/www.weine-feinkost.de\/unterwegs\/wp-content\/uploads\/2026\/02\/Etxemaite_Donostia-San_Sebastian_Spanien_10-768x1024.jpeg?strip=info&#038;w=768&#038;ssl=1 768w\" alt=\"\" data-height=\"1920\" data-id=\"210265\" data-link=\"https:\/\/www.weine-feinkost.de\/unterwegs\/?attachment_id=210265#main\" data-url=\"https:\/\/www.weine-feinkost.de\/unterwegs\/wp-content\/uploads\/2026\/02\/Etxemaite_Donostia-San_Sebastian_Spanien_10-768x1024.jpeg\" data-width=\"1440\" src=\"https:\/\/i0.wp.com\/www.weine-feinkost.de\/unterwegs\/wp-content\/uploads\/2026\/02\/Etxemaite_Donostia-San_Sebastian_Spanien_10-768x1024.jpeg?ssl=1\" data-amp-layout=\"responsive\"\/><\/a><\/figure><\/div><\/div><div class=\"tiled-gallery__row\"><div class=\"tiled-gallery__col\" style=\"flex-basis:33.33333%\"><figure class=\"tiled-gallery__item\"><a href=\"https:\/\/www.weine-feinkost.de\/unterwegs\/wp-content\/uploads\/2026\/02\/Etxemaite_Donostia-San_Sebastian_Spanien_9-768x1024.jpeg\"><img decoding=\"async\" srcset=\"https:\/\/i0.wp.com\/www.weine-feinkost.de\/unterwegs\/wp-content\/uploads\/2026\/02\/Etxemaite_Donostia-San_Sebastian_Spanien_9-768x1024.jpeg?strip=info&#038;w=600&#038;ssl=1 600w,https:\/\/i0.wp.com\/www.weine-feinkost.de\/unterwegs\/wp-content\/uploads\/2026\/02\/Etxemaite_Donostia-San_Sebastian_Spanien_9-768x1024.jpeg?strip=info&#038;w=768&#038;ssl=1 768w\" alt=\"\" data-height=\"1920\" data-id=\"210266\" data-link=\"https:\/\/www.weine-feinkost.de\/unterwegs\/?attachment_id=210266#main\" data-url=\"https:\/\/www.weine-feinkost.de\/unterwegs\/wp-content\/uploads\/2026\/02\/Etxemaite_Donostia-San_Sebastian_Spanien_9-768x1024.jpeg\" data-width=\"1440\" src=\"https:\/\/i0.wp.com\/www.weine-feinkost.de\/unterwegs\/wp-content\/uploads\/2026\/02\/Etxemaite_Donostia-San_Sebastian_Spanien_9-768x1024.jpeg?ssl=1\" data-amp-layout=\"responsive\"\/><\/a><\/figure><\/div><div class=\"tiled-gallery__col\" style=\"flex-basis:33.33333%\"><figure class=\"tiled-gallery__item\"><a href=\"https:\/\/www.weine-feinkost.de\/unterwegs\/wp-content\/uploads\/2026\/02\/Etxemaite_Donostia-San_Sebastian_Spanien_12-768x1024.jpeg\"><img decoding=\"async\" srcset=\"https:\/\/i0.wp.com\/www.weine-feinkost.de\/unterwegs\/wp-content\/uploads\/2026\/02\/Etxemaite_Donostia-San_Sebastian_Spanien_12-768x1024.jpeg?strip=info&#038;w=600&#038;ssl=1 600w,https:\/\/i0.wp.com\/www.weine-feinkost.de\/unterwegs\/wp-content\/uploads\/2026\/02\/Etxemaite_Donostia-San_Sebastian_Spanien_12-768x1024.jpeg?strip=info&#038;w=768&#038;ssl=1 768w\" alt=\"\" data-height=\"1920\" data-id=\"210263\" data-link=\"https:\/\/www.weine-feinkost.de\/unterwegs\/?attachment_id=210263#main\" data-url=\"https:\/\/www.weine-feinkost.de\/unterwegs\/wp-content\/uploads\/2026\/02\/Etxemaite_Donostia-San_Sebastian_Spanien_12-768x1024.jpeg\" data-width=\"1440\" src=\"https:\/\/i0.wp.com\/www.weine-feinkost.de\/unterwegs\/wp-content\/uploads\/2026\/02\/Etxemaite_Donostia-San_Sebastian_Spanien_12-768x1024.jpeg?ssl=1\" data-amp-layout=\"responsive\"\/><\/a><\/figure><\/div><div class=\"tiled-gallery__col\" style=\"flex-basis:33.33333%\"><figure class=\"tiled-gallery__item\"><a href=\"https:\/\/www.weine-feinkost.de\/unterwegs\/wp-content\/uploads\/2026\/02\/Etxemaite_Donostia-San_Sebastian_Spanien_11-768x1024.jpeg\"><img decoding=\"async\" srcset=\"https:\/\/i0.wp.com\/www.weine-feinkost.de\/unterwegs\/wp-content\/uploads\/2026\/02\/Etxemaite_Donostia-San_Sebastian_Spanien_11-768x1024.jpeg?strip=info&#038;w=600&#038;ssl=1 600w,https:\/\/i0.wp.com\/www.weine-feinkost.de\/unterwegs\/wp-content\/uploads\/2026\/02\/Etxemaite_Donostia-San_Sebastian_Spanien_11-768x1024.jpeg?strip=info&#038;w=768&#038;ssl=1 768w\" alt=\"\" data-height=\"1920\" data-id=\"210260\" data-link=\"https:\/\/www.weine-feinkost.de\/unterwegs\/?attachment_id=210260#main\" data-url=\"https:\/\/www.weine-feinkost.de\/unterwegs\/wp-content\/uploads\/2026\/02\/Etxemaite_Donostia-San_Sebastian_Spanien_11-768x1024.jpeg\" data-width=\"1440\" src=\"https:\/\/i0.wp.com\/www.weine-feinkost.de\/unterwegs\/wp-content\/uploads\/2026\/02\/Etxemaite_Donostia-San_Sebastian_Spanien_11-768x1024.jpeg?ssl=1\" data-amp-layout=\"responsive\"\/><\/a><\/figure><\/div><\/div><\/div><\/div><\/div>\n\n\n\n<p><em>Galizische Austern \/ Marinierte Endivien \/ Eichelpaprika-Chorizo Remedios S\u00e1nchez \/ Bonito-Thunfisch \/ Rindertatar \/ K\u00fcrbis Risotto \/ Ger\u00f6stete Pimientos de Cristal Paprika \/ Kutteln und Rindermaul \/ Txuleta \/ Apfel-Streuselkuchen \/ Panna Cotta<\/em><br><br><strong>Etxemaite<\/strong>, Deba Ibaia Kalea, 5, 20012 Donostia-San Sebasti\u00e1n, Gipuzkoa, Spanien, Telefon: +34 943 08 03 92, <a href=\"https:\/\/www.etxemaite.com\/\">https:\/\/www.etxemaite.com\/<\/a><\/p>\n\n\n\n<p><\/p>\n","protected":false},"excerpt":{"rendered":"<p>Etxemaite \u2013 Von der Liebe zum Ursprung \u201eEtxemaite\u201c &#8211; ein Wort, das auf Baskisch \u201egeliebtes Haus\u201c bedeutet, ist das neue und erste eigene Restaurant des jungen Kochs Paolo Herranz. Im Jahr 2023 \u00fcbernahm Paolo Herranz gemeinsam mit Gleichgesinnten ein Waldgrundst\u00fcck mit Nutzgarten in Aia, einer kleinen Gemeinde unweit von Donostia-San Sebasti\u00e1n. Aus diesem St\u00fcck Natur &#8230; <a title=\"Etxemaite &#8211; Donostia-San Sebasti\u00e1n &#8211; Spanien\" class=\"read-more\" href=\"https:\/\/www.weine-feinkost.de\/unterwegs\/2025\/11\/etxemaite-donostia-san-sebastian-spanien\/\" aria-label=\"Mehr dazu unter Etxemaite &#8211; Donostia-San Sebasti\u00e1n &#8211; Spanien\">Weiterlesen<\/a><\/p>\n","protected":false},"author":7,"featured_media":210272,"comment_status":"open","ping_status":"open","sticky":false,"template":"","format":"standard","meta":{"_jetpack_newsletter_access":"","_jetpack_dont_email_post_to_subs":false,"_jetpack_newsletter_tier_id":0,"_jetpack_memberships_contains_paywalled_content":false,"_jetpack_feature_clip_id":0,"_jetpack_memberships_contains_paid_content":false,"footnotes":"","jetpack_publicize_message":"","jetpack_publicize_feature_enabled":true,"jetpack_social_post_already_shared":true,"jetpack_social_options":{"image_generator_settings":{"template":"highway","default_image_id":0,"font":"","enabled":false},"version":2},"jetpack_post_was_ever_published":false},"categories":[13,30],"tags":[1331,10610,87,8320,1251,10606,10601,10589,2743,10598,10600,10595,10608,3274,3758,223,8014,10540,3578,3765,156,10605,7796,8980,7976,10599,3791,3772,10604,10607,10597,10602,10596,3796,73,10603,10609],"post_folder":[],"class_list":["post-210232","post","type-post","status-publish","format-standard","has-post-thumbnail","hentry","category-restaurants","category-spanien-restaurants","tag-aia","tag-authentische-kueche","tag-baskenland","tag-baskische-kueche","tag-basque-culinary-center","tag-bewusster-konsum","tag-bienen","tag-biodynamischer-anbau","tag-donostia-san-sebastian-2","tag-elkano-getaria","tag-essbarer-wald","tag-etxemaite","tag-farm-to-table","tag-fine-dining","tag-gastronomie","tag-gemuese","tag-genuss","tag-handwerk","tag-innovation","tag-junge-koeche","tag-kraeuter","tag-kulinarische-philosophie","tag-kulinarische-reise","tag-lokale-produzenten","tag-moderne-kueche","tag-mondragon-university","tag-nachhaltige-gastronomie","tag-nachhaltigkeit","tag-naturverbundenheit","tag-neue-generation","tag-noma-kopenhagen","tag-obst","tag-paolo-herranz","tag-regionale-produkte","tag-restaurant","tag-ursprung","tag-verantwortung"],"yoast_head":"<!-- This site is optimized with the Yoast SEO plugin v28.3 - https:\/\/yoast.com\/product\/yoast-seo-wordpress\/ -->\n<title>Etxemaite - Donostia-San Sebasti\u00e1n - Spanien - Unterwegs mit Weine &amp; Feinkost<\/title>\n<meta name=\"robots\" content=\"index, follow, max-snippet:-1, max-image-preview:large, max-video-preview:-1\" \/>\n<link rel=\"canonical\" href=\"https:\/\/www.weine-feinkost.de\/unterwegs\/2025\/11\/etxemaite-donostia-san-sebastian-spanien\/\" \/>\n<meta property=\"og:locale\" content=\"de_DE\" \/>\n<meta property=\"og:type\" content=\"article\" \/>\n<meta property=\"og:title\" content=\"Etxemaite - Donostia-San Sebasti\u00e1n - Spanien - Unterwegs mit Weine &amp; Feinkost\" \/>\n<meta property=\"og:description\" content=\"Etxemaite \u2013 Von der Liebe zum Ursprung \u201eEtxemaite\u201c &#8211; ein Wort, das auf Baskisch \u201egeliebtes Haus\u201c bedeutet, ist das neue und erste eigene Restaurant des jungen Kochs Paolo Herranz. Im Jahr 2023 \u00fcbernahm Paolo Herranz gemeinsam mit Gleichgesinnten ein Waldgrundst\u00fcck mit Nutzgarten in Aia, einer kleinen Gemeinde unweit von Donostia-San Sebasti\u00e1n. Aus diesem St\u00fcck Natur ... Weiterlesen\" \/>\n<meta property=\"og:url\" content=\"https:\/\/www.weine-feinkost.de\/unterwegs\/2025\/11\/etxemaite-donostia-san-sebastian-spanien\/\" \/>\n<meta property=\"og:site_name\" content=\"Unterwegs mit Weine &amp; Feinkost\" \/>\n<meta property=\"article:published_time\" content=\"2025-11-13T17:12:00+00:00\" \/>\n<meta property=\"og:image\" content=\"https:\/\/www.weine-feinkost.de\/unterwegs\/wp-content\/uploads\/2026\/02\/Etxemaite_Donostia-San_Sebastian_Spanien_14.jpeg\" \/>\n\t<meta property=\"og:image:width\" content=\"1440\" \/>\n\t<meta property=\"og:image:height\" content=\"1920\" \/>\n\t<meta property=\"og:image:type\" content=\"image\/jpeg\" \/>\n<meta name=\"author\" content=\"Christian Fenske\" \/>\n<meta name=\"twitter:card\" content=\"summary_large_image\" \/>\n<meta name=\"twitter:label1\" content=\"Verfasst von\" \/>\n\t<meta name=\"twitter:data1\" content=\"Christian Fenske\" \/>\n\t<meta name=\"twitter:label2\" content=\"Gesch\u00e4tzte Lesezeit\" \/>\n\t<meta name=\"twitter:data2\" content=\"5\u00a0Minuten\" \/>\n<script type=\"application\/ld+json\" class=\"yoast-schema-graph\">{\"@context\":\"https:\\\/\\\/schema.org\",\"@graph\":[{\"@type\":\"Article\",\"@id\":\"https:\\\/\\\/www.weine-feinkost.de\\\/unterwegs\\\/2025\\\/11\\\/etxemaite-donostia-san-sebastian-spanien\\\/#article\",\"isPartOf\":{\"@id\":\"https:\\\/\\\/www.weine-feinkost.de\\\/unterwegs\\\/2025\\\/11\\\/etxemaite-donostia-san-sebastian-spanien\\\/\"},\"author\":{\"name\":\"Christian Fenske\",\"@id\":\"https:\\\/\\\/www.weine-feinkost.de\\\/unterwegs\\\/#\\\/schema\\\/person\\\/c07d66169fd0e04307bfe7cdc99ac26a\"},\"headline\":\"Etxemaite &#8211; Donostia-San Sebasti\u00e1n &#8211; Spanien\",\"datePublished\":\"2025-11-13T17:12:00+00:00\",\"mainEntityOfPage\":{\"@id\":\"https:\\\/\\\/www.weine-feinkost.de\\\/unterwegs\\\/2025\\\/11\\\/etxemaite-donostia-san-sebastian-spanien\\\/\"},\"wordCount\":423,\"commentCount\":0,\"publisher\":{\"@id\":\"https:\\\/\\\/www.weine-feinkost.de\\\/unterwegs\\\/#organization\"},\"image\":{\"@id\":\"https:\\\/\\\/www.weine-feinkost.de\\\/unterwegs\\\/2025\\\/11\\\/etxemaite-donostia-san-sebastian-spanien\\\/#primaryimage\"},\"thumbnailUrl\":\"https:\\\/\\\/www.weine-feinkost.de\\\/unterwegs\\\/wp-content\\\/uploads\\\/2026\\\/02\\\/Etxemaite_Donostia-San_Sebastian_Spanien_14.jpeg\",\"keywords\":[\"Aia\",\"authentische K\u00fcche\",\"Baskenland\",\"baskische K\u00fcche\",\"Basque Culinary Center\",\"bewusster Konsum\",\"Bienen\",\"biodynamischer Anbau\",\"Donostia-San Sebasti\u00e1n\",\"Elkano Getaria\",\"essbarer Wald\",\"Etxemaite\",\"Farm-to-Table\",\"Fine Dining\",\"Gastronomie\",\"Gem\u00fcse\",\"Genuss\",\"Handwerk\",\"Innovation\",\"junge K\u00f6che\",\"Kr\u00e4uter\",\"kulinarische Philosophie\",\"kulinarische Reise\",\"lokale Produzenten\",\"moderne K\u00fcche\",\"Mondragon University\",\"nachhaltige Gastronomie\",\"Nachhaltigkeit\",\"Naturverbundenheit\",\"neue Generation\",\"Noma Kopenhagen\",\"Obst\",\"Paolo Herranz\",\"regionale Produkte\",\"Restaurant\",\"Ursprung\",\"Verantwortung\"],\"articleSection\":[\"Restaurants\",\"Spanien\"],\"inLanguage\":\"de\",\"potentialAction\":[{\"@type\":\"CommentAction\",\"name\":\"Comment\",\"target\":[\"https:\\\/\\\/www.weine-feinkost.de\\\/unterwegs\\\/2025\\\/11\\\/etxemaite-donostia-san-sebastian-spanien\\\/#respond\"]}]},{\"@type\":\"WebPage\",\"@id\":\"https:\\\/\\\/www.weine-feinkost.de\\\/unterwegs\\\/2025\\\/11\\\/etxemaite-donostia-san-sebastian-spanien\\\/\",\"url\":\"https:\\\/\\\/www.weine-feinkost.de\\\/unterwegs\\\/2025\\\/11\\\/etxemaite-donostia-san-sebastian-spanien\\\/\",\"name\":\"Etxemaite - Donostia-San Sebasti\u00e1n - Spanien - Unterwegs mit Weine &amp; Feinkost\",\"isPartOf\":{\"@id\":\"https:\\\/\\\/www.weine-feinkost.de\\\/unterwegs\\\/#website\"},\"primaryImageOfPage\":{\"@id\":\"https:\\\/\\\/www.weine-feinkost.de\\\/unterwegs\\\/2025\\\/11\\\/etxemaite-donostia-san-sebastian-spanien\\\/#primaryimage\"},\"image\":{\"@id\":\"https:\\\/\\\/www.weine-feinkost.de\\\/unterwegs\\\/2025\\\/11\\\/etxemaite-donostia-san-sebastian-spanien\\\/#primaryimage\"},\"thumbnailUrl\":\"https:\\\/\\\/www.weine-feinkost.de\\\/unterwegs\\\/wp-content\\\/uploads\\\/2026\\\/02\\\/Etxemaite_Donostia-San_Sebastian_Spanien_14.jpeg\",\"datePublished\":\"2025-11-13T17:12:00+00:00\",\"breadcrumb\":{\"@id\":\"https:\\\/\\\/www.weine-feinkost.de\\\/unterwegs\\\/2025\\\/11\\\/etxemaite-donostia-san-sebastian-spanien\\\/#breadcrumb\"},\"inLanguage\":\"de\",\"potentialAction\":[{\"@type\":\"ReadAction\",\"target\":[\"https:\\\/\\\/www.weine-feinkost.de\\\/unterwegs\\\/2025\\\/11\\\/etxemaite-donostia-san-sebastian-spanien\\\/\"]}]},{\"@type\":\"ImageObject\",\"inLanguage\":\"de\",\"@id\":\"https:\\\/\\\/www.weine-feinkost.de\\\/unterwegs\\\/2025\\\/11\\\/etxemaite-donostia-san-sebastian-spanien\\\/#primaryimage\",\"url\":\"https:\\\/\\\/www.weine-feinkost.de\\\/unterwegs\\\/wp-content\\\/uploads\\\/2026\\\/02\\\/Etxemaite_Donostia-San_Sebastian_Spanien_14.jpeg\",\"contentUrl\":\"https:\\\/\\\/www.weine-feinkost.de\\\/unterwegs\\\/wp-content\\\/uploads\\\/2026\\\/02\\\/Etxemaite_Donostia-San_Sebastian_Spanien_14.jpeg\",\"width\":1440,\"height\":1920},{\"@type\":\"BreadcrumbList\",\"@id\":\"https:\\\/\\\/www.weine-feinkost.de\\\/unterwegs\\\/2025\\\/11\\\/etxemaite-donostia-san-sebastian-spanien\\\/#breadcrumb\",\"itemListElement\":[{\"@type\":\"ListItem\",\"position\":1,\"name\":\"Startseite\",\"item\":\"https:\\\/\\\/www.weine-feinkost.de\\\/unterwegs\\\/\"},{\"@type\":\"ListItem\",\"position\":2,\"name\":\"Etxemaite &#8211; Donostia-San Sebasti\u00e1n &#8211; Spanien\"}]},{\"@type\":\"WebSite\",\"@id\":\"https:\\\/\\\/www.weine-feinkost.de\\\/unterwegs\\\/#website\",\"url\":\"https:\\\/\\\/www.weine-feinkost.de\\\/unterwegs\\\/\",\"name\":\"Unterwegs mit Weine &amp; Feinkost\",\"description\":\"Entdecken Sie Genuss\",\"publisher\":{\"@id\":\"https:\\\/\\\/www.weine-feinkost.de\\\/unterwegs\\\/#organization\"},\"potentialAction\":[{\"@type\":\"SearchAction\",\"target\":{\"@type\":\"EntryPoint\",\"urlTemplate\":\"https:\\\/\\\/www.weine-feinkost.de\\\/unterwegs\\\/?s={search_term_string}\"},\"query-input\":{\"@type\":\"PropertyValueSpecification\",\"valueRequired\":true,\"valueName\":\"search_term_string\"}}],\"inLanguage\":\"de\"},{\"@type\":\"Organization\",\"@id\":\"https:\\\/\\\/www.weine-feinkost.de\\\/unterwegs\\\/#organization\",\"name\":\"Unterwegs mit Weine &amp; Feinkost\",\"url\":\"https:\\\/\\\/www.weine-feinkost.de\\\/unterwegs\\\/\",\"logo\":{\"@type\":\"ImageObject\",\"inLanguage\":\"de\",\"@id\":\"https:\\\/\\\/www.weine-feinkost.de\\\/unterwegs\\\/#\\\/schema\\\/logo\\\/image\\\/\",\"url\":\"https:\\\/\\\/www.weine-feinkost.de\\\/unterwegs\\\/wp-content\\\/uploads\\\/2022\\\/10\\\/logo_weinefeinkost_unterwegs_450x171.png\",\"contentUrl\":\"https:\\\/\\\/www.weine-feinkost.de\\\/unterwegs\\\/wp-content\\\/uploads\\\/2022\\\/10\\\/logo_weinefeinkost_unterwegs_450x171.png\",\"width\":450,\"height\":171,\"caption\":\"Unterwegs mit Weine &amp; Feinkost\"},\"image\":{\"@id\":\"https:\\\/\\\/www.weine-feinkost.de\\\/unterwegs\\\/#\\\/schema\\\/logo\\\/image\\\/\"}},{\"@type\":\"Person\",\"@id\":\"https:\\\/\\\/www.weine-feinkost.de\\\/unterwegs\\\/#\\\/schema\\\/person\\\/c07d66169fd0e04307bfe7cdc99ac26a\",\"name\":\"Christian Fenske\",\"image\":{\"@type\":\"ImageObject\",\"inLanguage\":\"de\",\"@id\":\"https:\\\/\\\/www.weine-feinkost.de\\\/unterwegs\\\/wp-content\\\/uploads\\\/2023\\\/01\\\/cropped-christian_profilbild-96x96.png\",\"url\":\"https:\\\/\\\/www.weine-feinkost.de\\\/unterwegs\\\/wp-content\\\/uploads\\\/2023\\\/01\\\/cropped-christian_profilbild-96x96.png\",\"contentUrl\":\"https:\\\/\\\/www.weine-feinkost.de\\\/unterwegs\\\/wp-content\\\/uploads\\\/2023\\\/01\\\/cropped-christian_profilbild-96x96.png\",\"caption\":\"Christian Fenske\"},\"description\":\"Zusammen an einem Tisch sitzen, gemeinsam zu kommunizieren und zu genie\u00dfen, das ist eine der herausragenden kulturellen Errungenschaft der Menschheit.\",\"url\":\"https:\\\/\\\/www.weine-feinkost.de\\\/unterwegs\\\/author\\\/christian-fenske\\\/\"}]}<\/script>\n<!-- \/ Yoast SEO plugin. -->","yoast_head_json":{"title":"Etxemaite - Donostia-San Sebasti\u00e1n - Spanien - Unterwegs mit Weine &amp; Feinkost","robots":{"index":"index","follow":"follow","max-snippet":"max-snippet:-1","max-image-preview":"max-image-preview:large","max-video-preview":"max-video-preview:-1"},"canonical":"https:\/\/www.weine-feinkost.de\/unterwegs\/2025\/11\/etxemaite-donostia-san-sebastian-spanien\/","og_locale":"de_DE","og_type":"article","og_title":"Etxemaite - Donostia-San Sebasti\u00e1n - Spanien - Unterwegs mit Weine &amp; Feinkost","og_description":"Etxemaite \u2013 Von der Liebe zum Ursprung \u201eEtxemaite\u201c &#8211; ein Wort, das auf Baskisch \u201egeliebtes Haus\u201c bedeutet, ist das neue und erste eigene Restaurant des jungen Kochs Paolo Herranz. Im Jahr 2023 \u00fcbernahm Paolo Herranz gemeinsam mit Gleichgesinnten ein Waldgrundst\u00fcck mit Nutzgarten in Aia, einer kleinen Gemeinde unweit von Donostia-San Sebasti\u00e1n. Aus diesem St\u00fcck Natur ... Weiterlesen","og_url":"https:\/\/www.weine-feinkost.de\/unterwegs\/2025\/11\/etxemaite-donostia-san-sebastian-spanien\/","og_site_name":"Unterwegs mit Weine &amp; Feinkost","article_published_time":"2025-11-13T17:12:00+00:00","og_image":[{"width":1440,"height":1920,"url":"https:\/\/www.weine-feinkost.de\/unterwegs\/wp-content\/uploads\/2026\/02\/Etxemaite_Donostia-San_Sebastian_Spanien_14.jpeg","type":"image\/jpeg"}],"author":"Christian Fenske","twitter_card":"summary_large_image","twitter_misc":{"Verfasst von":"Christian Fenske","Gesch\u00e4tzte Lesezeit":"5\u00a0Minuten"},"schema":{"@context":"https:\/\/schema.org","@graph":[{"@type":"Article","@id":"https:\/\/www.weine-feinkost.de\/unterwegs\/2025\/11\/etxemaite-donostia-san-sebastian-spanien\/#article","isPartOf":{"@id":"https:\/\/www.weine-feinkost.de\/unterwegs\/2025\/11\/etxemaite-donostia-san-sebastian-spanien\/"},"author":{"name":"Christian Fenske","@id":"https:\/\/www.weine-feinkost.de\/unterwegs\/#\/schema\/person\/c07d66169fd0e04307bfe7cdc99ac26a"},"headline":"Etxemaite &#8211; Donostia-San Sebasti\u00e1n &#8211; Spanien","datePublished":"2025-11-13T17:12:00+00:00","mainEntityOfPage":{"@id":"https:\/\/www.weine-feinkost.de\/unterwegs\/2025\/11\/etxemaite-donostia-san-sebastian-spanien\/"},"wordCount":423,"commentCount":0,"publisher":{"@id":"https:\/\/www.weine-feinkost.de\/unterwegs\/#organization"},"image":{"@id":"https:\/\/www.weine-feinkost.de\/unterwegs\/2025\/11\/etxemaite-donostia-san-sebastian-spanien\/#primaryimage"},"thumbnailUrl":"https:\/\/www.weine-feinkost.de\/unterwegs\/wp-content\/uploads\/2026\/02\/Etxemaite_Donostia-San_Sebastian_Spanien_14.jpeg","keywords":["Aia","authentische K\u00fcche","Baskenland","baskische K\u00fcche","Basque Culinary Center","bewusster Konsum","Bienen","biodynamischer Anbau","Donostia-San Sebasti\u00e1n","Elkano Getaria","essbarer Wald","Etxemaite","Farm-to-Table","Fine Dining","Gastronomie","Gem\u00fcse","Genuss","Handwerk","Innovation","junge K\u00f6che","Kr\u00e4uter","kulinarische Philosophie","kulinarische Reise","lokale Produzenten","moderne K\u00fcche","Mondragon University","nachhaltige Gastronomie","Nachhaltigkeit","Naturverbundenheit","neue Generation","Noma Kopenhagen","Obst","Paolo Herranz","regionale Produkte","Restaurant","Ursprung","Verantwortung"],"articleSection":["Restaurants","Spanien"],"inLanguage":"de","potentialAction":[{"@type":"CommentAction","name":"Comment","target":["https:\/\/www.weine-feinkost.de\/unterwegs\/2025\/11\/etxemaite-donostia-san-sebastian-spanien\/#respond"]}]},{"@type":"WebPage","@id":"https:\/\/www.weine-feinkost.de\/unterwegs\/2025\/11\/etxemaite-donostia-san-sebastian-spanien\/","url":"https:\/\/www.weine-feinkost.de\/unterwegs\/2025\/11\/etxemaite-donostia-san-sebastian-spanien\/","name":"Etxemaite - Donostia-San Sebasti\u00e1n - Spanien - Unterwegs mit Weine &amp; Feinkost","isPartOf":{"@id":"https:\/\/www.weine-feinkost.de\/unterwegs\/#website"},"primaryImageOfPage":{"@id":"https:\/\/www.weine-feinkost.de\/unterwegs\/2025\/11\/etxemaite-donostia-san-sebastian-spanien\/#primaryimage"},"image":{"@id":"https:\/\/www.weine-feinkost.de\/unterwegs\/2025\/11\/etxemaite-donostia-san-sebastian-spanien\/#primaryimage"},"thumbnailUrl":"https:\/\/www.weine-feinkost.de\/unterwegs\/wp-content\/uploads\/2026\/02\/Etxemaite_Donostia-San_Sebastian_Spanien_14.jpeg","datePublished":"2025-11-13T17:12:00+00:00","breadcrumb":{"@id":"https:\/\/www.weine-feinkost.de\/unterwegs\/2025\/11\/etxemaite-donostia-san-sebastian-spanien\/#breadcrumb"},"inLanguage":"de","potentialAction":[{"@type":"ReadAction","target":["https:\/\/www.weine-feinkost.de\/unterwegs\/2025\/11\/etxemaite-donostia-san-sebastian-spanien\/"]}]},{"@type":"ImageObject","inLanguage":"de","@id":"https:\/\/www.weine-feinkost.de\/unterwegs\/2025\/11\/etxemaite-donostia-san-sebastian-spanien\/#primaryimage","url":"https:\/\/www.weine-feinkost.de\/unterwegs\/wp-content\/uploads\/2026\/02\/Etxemaite_Donostia-San_Sebastian_Spanien_14.jpeg","contentUrl":"https:\/\/www.weine-feinkost.de\/unterwegs\/wp-content\/uploads\/2026\/02\/Etxemaite_Donostia-San_Sebastian_Spanien_14.jpeg","width":1440,"height":1920},{"@type":"BreadcrumbList","@id":"https:\/\/www.weine-feinkost.de\/unterwegs\/2025\/11\/etxemaite-donostia-san-sebastian-spanien\/#breadcrumb","itemListElement":[{"@type":"ListItem","position":1,"name":"Startseite","item":"https:\/\/www.weine-feinkost.de\/unterwegs\/"},{"@type":"ListItem","position":2,"name":"Etxemaite &#8211; Donostia-San Sebasti\u00e1n &#8211; Spanien"}]},{"@type":"WebSite","@id":"https:\/\/www.weine-feinkost.de\/unterwegs\/#website","url":"https:\/\/www.weine-feinkost.de\/unterwegs\/","name":"Unterwegs mit Weine &amp; Feinkost","description":"Entdecken Sie Genuss","publisher":{"@id":"https:\/\/www.weine-feinkost.de\/unterwegs\/#organization"},"potentialAction":[{"@type":"SearchAction","target":{"@type":"EntryPoint","urlTemplate":"https:\/\/www.weine-feinkost.de\/unterwegs\/?s={search_term_string}"},"query-input":{"@type":"PropertyValueSpecification","valueRequired":true,"valueName":"search_term_string"}}],"inLanguage":"de"},{"@type":"Organization","@id":"https:\/\/www.weine-feinkost.de\/unterwegs\/#organization","name":"Unterwegs mit Weine &amp; Feinkost","url":"https:\/\/www.weine-feinkost.de\/unterwegs\/","logo":{"@type":"ImageObject","inLanguage":"de","@id":"https:\/\/www.weine-feinkost.de\/unterwegs\/#\/schema\/logo\/image\/","url":"https:\/\/www.weine-feinkost.de\/unterwegs\/wp-content\/uploads\/2022\/10\/logo_weinefeinkost_unterwegs_450x171.png","contentUrl":"https:\/\/www.weine-feinkost.de\/unterwegs\/wp-content\/uploads\/2022\/10\/logo_weinefeinkost_unterwegs_450x171.png","width":450,"height":171,"caption":"Unterwegs mit Weine &amp; Feinkost"},"image":{"@id":"https:\/\/www.weine-feinkost.de\/unterwegs\/#\/schema\/logo\/image\/"}},{"@type":"Person","@id":"https:\/\/www.weine-feinkost.de\/unterwegs\/#\/schema\/person\/c07d66169fd0e04307bfe7cdc99ac26a","name":"Christian Fenske","image":{"@type":"ImageObject","inLanguage":"de","@id":"https:\/\/www.weine-feinkost.de\/unterwegs\/wp-content\/uploads\/2023\/01\/cropped-christian_profilbild-96x96.png","url":"https:\/\/www.weine-feinkost.de\/unterwegs\/wp-content\/uploads\/2023\/01\/cropped-christian_profilbild-96x96.png","contentUrl":"https:\/\/www.weine-feinkost.de\/unterwegs\/wp-content\/uploads\/2023\/01\/cropped-christian_profilbild-96x96.png","caption":"Christian Fenske"},"description":"Zusammen an einem Tisch sitzen, gemeinsam zu kommunizieren und zu genie\u00dfen, das ist eine der herausragenden kulturellen Errungenschaft der Menschheit.","url":"https:\/\/www.weine-feinkost.de\/unterwegs\/author\/christian-fenske\/"}]}},"jetpack_publicize_connections":[],"jetpack_shortlink":"https:\/\/wp.me\/p68Tjo-SGQ","jetpack_sharing_enabled":true,"jetpack_likes_enabled":true,"jetpack_featured_media_url":"https:\/\/www.weine-feinkost.de\/unterwegs\/wp-content\/uploads\/2026\/02\/Etxemaite_Donostia-San_Sebastian_Spanien_14.jpeg","_links":{"self":[{"href":"https:\/\/www.weine-feinkost.de\/unterwegs\/wp-json\/wp\/v2\/posts\/210232","targetHints":{"allow":["GET"]}}],"collection":[{"href":"https:\/\/www.weine-feinkost.de\/unterwegs\/wp-json\/wp\/v2\/posts"}],"about":[{"href":"https:\/\/www.weine-feinkost.de\/unterwegs\/wp-json\/wp\/v2\/types\/post"}],"author":[{"embeddable":true,"href":"https:\/\/www.weine-feinkost.de\/unterwegs\/wp-json\/wp\/v2\/users\/7"}],"replies":[{"embeddable":true,"href":"https:\/\/www.weine-feinkost.de\/unterwegs\/wp-json\/wp\/v2\/comments?post=210232"}],"version-history":[{"count":7,"href":"https:\/\/www.weine-feinkost.de\/unterwegs\/wp-json\/wp\/v2\/posts\/210232\/revisions"}],"predecessor-version":[{"id":210334,"href":"https:\/\/www.weine-feinkost.de\/unterwegs\/wp-json\/wp\/v2\/posts\/210232\/revisions\/210334"}],"wp:featuredmedia":[{"embeddable":true,"href":"https:\/\/www.weine-feinkost.de\/unterwegs\/wp-json\/wp\/v2\/media\/210272"}],"wp:attachment":[{"href":"https:\/\/www.weine-feinkost.de\/unterwegs\/wp-json\/wp\/v2\/media?parent=210232"}],"wp:term":[{"taxonomy":"category","embeddable":true,"href":"https:\/\/www.weine-feinkost.de\/unterwegs\/wp-json\/wp\/v2\/categories?post=210232"},{"taxonomy":"post_tag","embeddable":true,"href":"https:\/\/www.weine-feinkost.de\/unterwegs\/wp-json\/wp\/v2\/tags?post=210232"},{"taxonomy":"post_folder","embeddable":true,"href":"https:\/\/www.weine-feinkost.de\/unterwegs\/wp-json\/wp\/v2\/post_folder?post=210232"}],"curies":[{"name":"wp","href":"https:\/\/api.w.org\/{rel}","templated":true}]}}