{"id":22329,"date":"2014-02-04T12:03:38","date_gmt":"2014-02-04T11:03:38","guid":{"rendered":"https:\/\/www.weine-feinkost.de\/unterwegs\/?p=22329"},"modified":"2023-03-22T18:07:11","modified_gmt":"2023-03-22T17:07:11","slug":"plachuttas-gasthaus-zur-oper-wien-oesterreich","status":"publish","type":"post","link":"https:\/\/www.weine-feinkost.de\/unterwegs\/2014\/02\/plachuttas-gasthaus-zur-oper-wien-oesterreich\/","title":{"rendered":"Plachuttas Gasthaus zur Oper &#8211; Wien &#8211; \u00d6sterreich"},"content":{"rendered":"<p>Plachutta 2. Tag<\/p>\n<p>Im Plachutta an der Oper habe ich im ganzen Urlaub am besten gegessen. Als wir reinkamen war das ganze Restaurant ziemlich voll. Ein Baby sa\u00df sogar fast in der Garderobe. Aber trotzdem bem\u00fchten sich die Angestellten sehr, dass wir einen Platz bekamen. Unser Tisch stand in der sogenannten &#8222;Katzenecke&#8220;. Hei\u00dft so viel wie: an einem Durchgang, wo st\u00e4ndig irgendwer hin und her lief. Das war uns aber egal, Hauptsache wir konnten sitzen. Auf dem Tisch lag ein K\u00e4rtchen, wo drauf stand, wie man ein Schnitzel zubereitet. Das fand ich ziemlich nett und s\u00fc\u00df. Ich bestellte mir wie immer ein Schnitzel, halt nur mit Kartoffelp\u00fcree. Die Kellner waren sehr freundlich, aber waren auch wie in dem anderen Plachutta ziemlich gestresst. Das Schnitzel war sehr lecker und das P\u00fcree erst. Das schmeckte sogar besser als das bei meiner Mutter. Und das soll schon was hei\u00dfen! Also, das Restaurant ist auch nur zu empfehlen und ich werde es zu 99 % nochmal besuchen.<\/p>\n<p>&nbsp;<\/p>\n<p><a href=\"https:\/\/www.weine-feinkost.de\/unterwegs\/wp-content\/uploads\/2014\/01\/plachutta_oper_wien_oesterreich_1.jpg\"><img loading=\"lazy\" decoding=\"async\" class=\"aligncenter size-medium wp-image-154978\" src=\"https:\/\/www.weine-feinkost.de\/unterwegs\/wp-content\/uploads\/2014\/01\/plachutta_oper_wien_oesterreich_1-300x225.jpg\" alt=\"plachutta_oper_wien_oesterreich_1\" width=\"300\" height=\"225\" srcset=\"https:\/\/www.weine-feinkost.de\/unterwegs\/wp-content\/uploads\/2014\/01\/plachutta_oper_wien_oesterreich_1-300x225.jpg 300w, https:\/\/www.weine-feinkost.de\/unterwegs\/wp-content\/uploads\/2014\/01\/plachutta_oper_wien_oesterreich_1-1024x768.jpg 1024w, https:\/\/www.weine-feinkost.de\/unterwegs\/wp-content\/uploads\/2014\/01\/plachutta_oper_wien_oesterreich_1-600x450.jpg 600w, https:\/\/www.weine-feinkost.de\/unterwegs\/wp-content\/uploads\/2014\/01\/plachutta_oper_wien_oesterreich_1.jpg 1280w\" sizes=\"auto, (max-width: 300px) 100vw, 300px\" \/><\/a><\/p>\n<p style=\"text-align: center;\">Avocado-Krabben T\u00f6rtchen.<\/p>\n<p style=\"text-align: center;\"><a href=\"https:\/\/www.weine-feinkost.de\/unterwegs\/wp-content\/uploads\/2014\/01\/plachutta_oper_wien_oesterreich_2.jpg\"><img loading=\"lazy\" decoding=\"async\" class=\"aligncenter size-medium wp-image-154979\" src=\"https:\/\/www.weine-feinkost.de\/unterwegs\/wp-content\/uploads\/2014\/01\/plachutta_oper_wien_oesterreich_2-300x225.jpg\" alt=\"plachutta_oper_wien_oesterreich_2\" width=\"300\" height=\"225\" srcset=\"https:\/\/www.weine-feinkost.de\/unterwegs\/wp-content\/uploads\/2014\/01\/plachutta_oper_wien_oesterreich_2-300x225.jpg 300w, https:\/\/www.weine-feinkost.de\/unterwegs\/wp-content\/uploads\/2014\/01\/plachutta_oper_wien_oesterreich_2-1024x768.jpg 1024w, https:\/\/www.weine-feinkost.de\/unterwegs\/wp-content\/uploads\/2014\/01\/plachutta_oper_wien_oesterreich_2-600x450.jpg 600w, https:\/\/www.weine-feinkost.de\/unterwegs\/wp-content\/uploads\/2014\/01\/plachutta_oper_wien_oesterreich_2.jpg 1280w\" sizes=\"auto, (max-width: 300px) 100vw, 300px\" \/><\/a> <a href=\"https:\/\/www.weine-feinkost.de\/unterwegs\/wp-content\/uploads\/2014\/01\/plachutta_oper_wien_oesterreich_3.jpg\"><img loading=\"lazy\" decoding=\"async\" class=\"aligncenter size-medium wp-image-154980\" src=\"https:\/\/www.weine-feinkost.de\/unterwegs\/wp-content\/uploads\/2014\/01\/plachutta_oper_wien_oesterreich_3-300x225.jpg\" alt=\"plachutta_oper_wien_oesterreich_3\" width=\"300\" height=\"225\" srcset=\"https:\/\/www.weine-feinkost.de\/unterwegs\/wp-content\/uploads\/2014\/01\/plachutta_oper_wien_oesterreich_3-300x225.jpg 300w, https:\/\/www.weine-feinkost.de\/unterwegs\/wp-content\/uploads\/2014\/01\/plachutta_oper_wien_oesterreich_3-1024x768.jpg 1024w, https:\/\/www.weine-feinkost.de\/unterwegs\/wp-content\/uploads\/2014\/01\/plachutta_oper_wien_oesterreich_3-600x450.jpg 600w, https:\/\/www.weine-feinkost.de\/unterwegs\/wp-content\/uploads\/2014\/01\/plachutta_oper_wien_oesterreich_3.jpg 1280w\" sizes=\"auto, (max-width: 300px) 100vw, 300px\" \/><\/a>Wiener Schnitzel.<\/p>\n<address><strong>Plachuttas Gasthaus zur Oper<\/strong><br \/>\nWalfischgasse 5-7<br \/>\n1010 Wien<br \/>\n\u00d6sterreich<br \/>\nTelefon 01 51 222 51<br \/>\n<a href=\"http:\/\/www.plachutta.at\/de\/gasthaus_zur_oper\/\">www.plachutta.at<\/a><\/address>\n","protected":false},"excerpt":{"rendered":"<p>Plachutta 2. Tag Im Plachutta an der Oper habe ich im ganzen Urlaub am besten gegessen. Als wir reinkamen war das ganze Restaurant ziemlich voll. Ein Baby sa\u00df sogar fast in der Garderobe. Aber trotzdem bem\u00fchten sich die Angestellten sehr, dass wir einen Platz bekamen. Unser Tisch stand in der sogenannten &#8222;Katzenecke&#8220;. Hei\u00dft so viel &#8230; <a title=\"Plachuttas Gasthaus zur Oper &#8211; Wien &#8211; \u00d6sterreich\" class=\"read-more\" href=\"https:\/\/www.weine-feinkost.de\/unterwegs\/2014\/02\/plachuttas-gasthaus-zur-oper-wien-oesterreich\/\" aria-label=\"Mehr dazu unter Plachuttas Gasthaus zur Oper &#8211; Wien &#8211; \u00d6sterreich\">Weiterlesen<\/a><\/p>\n","protected":false},"author":7,"featured_media":154981,"comment_status":"open","ping_status":"open","sticky":false,"template":"","format":"standard","meta":{"_jetpack_newsletter_access":"","_jetpack_dont_email_post_to_subs":false,"_jetpack_newsletter_tier_id":0,"_jetpack_memberships_contains_paywalled_content":false,"_jetpack_feature_clip_id":0,"_jetpack_memberships_contains_paid_content":false,"footnotes":"","jetpack_publicize_message":"","jetpack_publicize_feature_enabled":true,"jetpack_social_post_already_shared":false,"jetpack_social_options":{"image_generator_settings":{"template":"highway","default_image_id":0,"font":"","enabled":false},"version":2},"jetpack_post_was_ever_published":false},"categories":[33,13],"tags":[],"post_folder":[],"class_list":["post-22329","post","type-post","status-publish","format-standard","has-post-thumbnail","hentry","category-oesterreich-restaurants","category-restaurants"],"yoast_head":"<!-- This site is optimized with the Yoast SEO plugin v28.3 - https:\/\/yoast.com\/product\/yoast-seo-wordpress\/ -->\n<title>Plachuttas Gasthaus zur Oper - Wien - \u00d6sterreich - Unterwegs mit Weine &amp; Feinkost<\/title>\n<meta name=\"robots\" content=\"index, follow, max-snippet:-1, max-image-preview:large, max-video-preview:-1\" \/>\n<link rel=\"canonical\" href=\"https:\/\/www.weine-feinkost.de\/unterwegs\/2014\/02\/plachuttas-gasthaus-zur-oper-wien-oesterreich\/\" \/>\n<meta property=\"og:locale\" content=\"de_DE\" \/>\n<meta property=\"og:type\" content=\"article\" \/>\n<meta property=\"og:title\" content=\"Plachuttas Gasthaus zur Oper - Wien - \u00d6sterreich - Unterwegs mit Weine &amp; Feinkost\" \/>\n<meta property=\"og:description\" content=\"Plachutta 2. Tag Im Plachutta an der Oper habe ich im ganzen Urlaub am besten gegessen. Als wir reinkamen war das ganze Restaurant ziemlich voll. Ein Baby sa\u00df sogar fast in der Garderobe. Aber trotzdem bem\u00fchten sich die Angestellten sehr, dass wir einen Platz bekamen. Unser Tisch stand in der sogenannten &#8222;Katzenecke&#8220;. Hei\u00dft so viel ... Weiterlesen\" \/>\n<meta property=\"og:url\" content=\"https:\/\/www.weine-feinkost.de\/unterwegs\/2014\/02\/plachuttas-gasthaus-zur-oper-wien-oesterreich\/\" \/>\n<meta property=\"og:site_name\" content=\"Unterwegs mit Weine &amp; Feinkost\" \/>\n<meta property=\"article:published_time\" content=\"2014-02-04T11:03:38+00:00\" \/>\n<meta property=\"article:modified_time\" content=\"2023-03-22T17:07:11+00:00\" \/>\n<meta property=\"og:image\" content=\"https:\/\/www.weine-feinkost.de\/unterwegs\/wp-content\/uploads\/2015\/01\/plachutta_oper.jpg\" \/>\n\t<meta property=\"og:image:width\" content=\"670\" \/>\n\t<meta property=\"og:image:height\" content=\"270\" \/>\n\t<meta property=\"og:image:type\" content=\"image\/jpeg\" \/>\n<meta name=\"author\" content=\"Christian Fenske\" \/>\n<meta name=\"twitter:card\" content=\"summary_large_image\" \/>\n<meta name=\"twitter:label1\" content=\"Verfasst von\" \/>\n\t<meta name=\"twitter:data1\" content=\"Christian Fenske\" \/>\n\t<meta name=\"twitter:label2\" content=\"Gesch\u00e4tzte Lesezeit\" \/>\n\t<meta name=\"twitter:data2\" content=\"2\u00a0Minuten\" \/>\n<script type=\"application\/ld+json\" class=\"yoast-schema-graph\">{\"@context\":\"https:\\\/\\\/schema.org\",\"@graph\":[{\"@type\":\"Article\",\"@id\":\"https:\\\/\\\/www.weine-feinkost.de\\\/unterwegs\\\/2014\\\/02\\\/plachuttas-gasthaus-zur-oper-wien-oesterreich\\\/#article\",\"isPartOf\":{\"@id\":\"https:\\\/\\\/www.weine-feinkost.de\\\/unterwegs\\\/2014\\\/02\\\/plachuttas-gasthaus-zur-oper-wien-oesterreich\\\/\"},\"author\":{\"name\":\"Christian Fenske\",\"@id\":\"https:\\\/\\\/www.weine-feinkost.de\\\/unterwegs\\\/#\\\/schema\\\/person\\\/c07d66169fd0e04307bfe7cdc99ac26a\"},\"headline\":\"Plachuttas Gasthaus zur Oper &#8211; Wien &#8211; \u00d6sterreich\",\"datePublished\":\"2014-02-04T11:03:38+00:00\",\"dateModified\":\"2023-03-22T17:07:11+00:00\",\"mainEntityOfPage\":{\"@id\":\"https:\\\/\\\/www.weine-feinkost.de\\\/unterwegs\\\/2014\\\/02\\\/plachuttas-gasthaus-zur-oper-wien-oesterreich\\\/\"},\"wordCount\":193,\"commentCount\":0,\"publisher\":{\"@id\":\"https:\\\/\\\/www.weine-feinkost.de\\\/unterwegs\\\/#organization\"},\"image\":{\"@id\":\"https:\\\/\\\/www.weine-feinkost.de\\\/unterwegs\\\/2014\\\/02\\\/plachuttas-gasthaus-zur-oper-wien-oesterreich\\\/#primaryimage\"},\"thumbnailUrl\":\"https:\\\/\\\/www.weine-feinkost.de\\\/unterwegs\\\/wp-content\\\/uploads\\\/2015\\\/01\\\/plachutta_oper.jpg\",\"articleSection\":[\"\u00d6sterreich\",\"Restaurants\"],\"inLanguage\":\"de\",\"potentialAction\":[{\"@type\":\"CommentAction\",\"name\":\"Comment\",\"target\":[\"https:\\\/\\\/www.weine-feinkost.de\\\/unterwegs\\\/2014\\\/02\\\/plachuttas-gasthaus-zur-oper-wien-oesterreich\\\/#respond\"]}]},{\"@type\":\"WebPage\",\"@id\":\"https:\\\/\\\/www.weine-feinkost.de\\\/unterwegs\\\/2014\\\/02\\\/plachuttas-gasthaus-zur-oper-wien-oesterreich\\\/\",\"url\":\"https:\\\/\\\/www.weine-feinkost.de\\\/unterwegs\\\/2014\\\/02\\\/plachuttas-gasthaus-zur-oper-wien-oesterreich\\\/\",\"name\":\"Plachuttas Gasthaus zur Oper - Wien - \u00d6sterreich - Unterwegs mit Weine &amp; Feinkost\",\"isPartOf\":{\"@id\":\"https:\\\/\\\/www.weine-feinkost.de\\\/unterwegs\\\/#website\"},\"primaryImageOfPage\":{\"@id\":\"https:\\\/\\\/www.weine-feinkost.de\\\/unterwegs\\\/2014\\\/02\\\/plachuttas-gasthaus-zur-oper-wien-oesterreich\\\/#primaryimage\"},\"image\":{\"@id\":\"https:\\\/\\\/www.weine-feinkost.de\\\/unterwegs\\\/2014\\\/02\\\/plachuttas-gasthaus-zur-oper-wien-oesterreich\\\/#primaryimage\"},\"thumbnailUrl\":\"https:\\\/\\\/www.weine-feinkost.de\\\/unterwegs\\\/wp-content\\\/uploads\\\/2015\\\/01\\\/plachutta_oper.jpg\",\"datePublished\":\"2014-02-04T11:03:38+00:00\",\"dateModified\":\"2023-03-22T17:07:11+00:00\",\"breadcrumb\":{\"@id\":\"https:\\\/\\\/www.weine-feinkost.de\\\/unterwegs\\\/2014\\\/02\\\/plachuttas-gasthaus-zur-oper-wien-oesterreich\\\/#breadcrumb\"},\"inLanguage\":\"de\",\"potentialAction\":[{\"@type\":\"ReadAction\",\"target\":[\"https:\\\/\\\/www.weine-feinkost.de\\\/unterwegs\\\/2014\\\/02\\\/plachuttas-gasthaus-zur-oper-wien-oesterreich\\\/\"]}]},{\"@type\":\"ImageObject\",\"inLanguage\":\"de\",\"@id\":\"https:\\\/\\\/www.weine-feinkost.de\\\/unterwegs\\\/2014\\\/02\\\/plachuttas-gasthaus-zur-oper-wien-oesterreich\\\/#primaryimage\",\"url\":\"https:\\\/\\\/www.weine-feinkost.de\\\/unterwegs\\\/wp-content\\\/uploads\\\/2015\\\/01\\\/plachutta_oper.jpg\",\"contentUrl\":\"https:\\\/\\\/www.weine-feinkost.de\\\/unterwegs\\\/wp-content\\\/uploads\\\/2015\\\/01\\\/plachutta_oper.jpg\",\"width\":670,\"height\":270},{\"@type\":\"BreadcrumbList\",\"@id\":\"https:\\\/\\\/www.weine-feinkost.de\\\/unterwegs\\\/2014\\\/02\\\/plachuttas-gasthaus-zur-oper-wien-oesterreich\\\/#breadcrumb\",\"itemListElement\":[{\"@type\":\"ListItem\",\"position\":1,\"name\":\"Startseite\",\"item\":\"https:\\\/\\\/www.weine-feinkost.de\\\/unterwegs\\\/\"},{\"@type\":\"ListItem\",\"position\":2,\"name\":\"Plachuttas Gasthaus zur Oper &#8211; Wien &#8211; \u00d6sterreich\"}]},{\"@type\":\"WebSite\",\"@id\":\"https:\\\/\\\/www.weine-feinkost.de\\\/unterwegs\\\/#website\",\"url\":\"https:\\\/\\\/www.weine-feinkost.de\\\/unterwegs\\\/\",\"name\":\"Unterwegs mit Weine &amp; Feinkost\",\"description\":\"Entdecken Sie Genuss\",\"publisher\":{\"@id\":\"https:\\\/\\\/www.weine-feinkost.de\\\/unterwegs\\\/#organization\"},\"potentialAction\":[{\"@type\":\"SearchAction\",\"target\":{\"@type\":\"EntryPoint\",\"urlTemplate\":\"https:\\\/\\\/www.weine-feinkost.de\\\/unterwegs\\\/?s={search_term_string}\"},\"query-input\":{\"@type\":\"PropertyValueSpecification\",\"valueRequired\":true,\"valueName\":\"search_term_string\"}}],\"inLanguage\":\"de\"},{\"@type\":\"Organization\",\"@id\":\"https:\\\/\\\/www.weine-feinkost.de\\\/unterwegs\\\/#organization\",\"name\":\"Unterwegs mit Weine &amp; Feinkost\",\"url\":\"https:\\\/\\\/www.weine-feinkost.de\\\/unterwegs\\\/\",\"logo\":{\"@type\":\"ImageObject\",\"inLanguage\":\"de\",\"@id\":\"https:\\\/\\\/www.weine-feinkost.de\\\/unterwegs\\\/#\\\/schema\\\/logo\\\/image\\\/\",\"url\":\"https:\\\/\\\/www.weine-feinkost.de\\\/unterwegs\\\/wp-content\\\/uploads\\\/2022\\\/10\\\/logo_weinefeinkost_unterwegs_450x171.png\",\"contentUrl\":\"https:\\\/\\\/www.weine-feinkost.de\\\/unterwegs\\\/wp-content\\\/uploads\\\/2022\\\/10\\\/logo_weinefeinkost_unterwegs_450x171.png\",\"width\":450,\"height\":171,\"caption\":\"Unterwegs mit Weine &amp; Feinkost\"},\"image\":{\"@id\":\"https:\\\/\\\/www.weine-feinkost.de\\\/unterwegs\\\/#\\\/schema\\\/logo\\\/image\\\/\"}},{\"@type\":\"Person\",\"@id\":\"https:\\\/\\\/www.weine-feinkost.de\\\/unterwegs\\\/#\\\/schema\\\/person\\\/c07d66169fd0e04307bfe7cdc99ac26a\",\"name\":\"Christian Fenske\",\"image\":{\"@type\":\"ImageObject\",\"inLanguage\":\"de\",\"@id\":\"https:\\\/\\\/www.weine-feinkost.de\\\/unterwegs\\\/wp-content\\\/uploads\\\/2023\\\/01\\\/cropped-christian_profilbild-96x96.png\",\"url\":\"https:\\\/\\\/www.weine-feinkost.de\\\/unterwegs\\\/wp-content\\\/uploads\\\/2023\\\/01\\\/cropped-christian_profilbild-96x96.png\",\"contentUrl\":\"https:\\\/\\\/www.weine-feinkost.de\\\/unterwegs\\\/wp-content\\\/uploads\\\/2023\\\/01\\\/cropped-christian_profilbild-96x96.png\",\"caption\":\"Christian Fenske\"},\"description\":\"Zusammen an einem Tisch sitzen, gemeinsam zu kommunizieren und zu genie\u00dfen, das ist eine der herausragenden kulturellen Errungenschaft der Menschheit.\",\"url\":\"https:\\\/\\\/www.weine-feinkost.de\\\/unterwegs\\\/author\\\/christian-fenske\\\/\"}]}<\/script>\n<!-- \/ Yoast SEO plugin. -->","yoast_head_json":{"title":"Plachuttas Gasthaus zur Oper - Wien - \u00d6sterreich - Unterwegs mit Weine &amp; Feinkost","robots":{"index":"index","follow":"follow","max-snippet":"max-snippet:-1","max-image-preview":"max-image-preview:large","max-video-preview":"max-video-preview:-1"},"canonical":"https:\/\/www.weine-feinkost.de\/unterwegs\/2014\/02\/plachuttas-gasthaus-zur-oper-wien-oesterreich\/","og_locale":"de_DE","og_type":"article","og_title":"Plachuttas Gasthaus zur Oper - Wien - \u00d6sterreich - Unterwegs mit Weine &amp; Feinkost","og_description":"Plachutta 2. Tag Im Plachutta an der Oper habe ich im ganzen Urlaub am besten gegessen. Als wir reinkamen war das ganze Restaurant ziemlich voll. Ein Baby sa\u00df sogar fast in der Garderobe. Aber trotzdem bem\u00fchten sich die Angestellten sehr, dass wir einen Platz bekamen. Unser Tisch stand in der sogenannten &#8222;Katzenecke&#8220;. Hei\u00dft so viel ... Weiterlesen","og_url":"https:\/\/www.weine-feinkost.de\/unterwegs\/2014\/02\/plachuttas-gasthaus-zur-oper-wien-oesterreich\/","og_site_name":"Unterwegs mit Weine &amp; Feinkost","article_published_time":"2014-02-04T11:03:38+00:00","article_modified_time":"2023-03-22T17:07:11+00:00","og_image":[{"width":670,"height":270,"url":"https:\/\/www.weine-feinkost.de\/unterwegs\/wp-content\/uploads\/2015\/01\/plachutta_oper.jpg","type":"image\/jpeg"}],"author":"Christian Fenske","twitter_card":"summary_large_image","twitter_misc":{"Verfasst von":"Christian Fenske","Gesch\u00e4tzte Lesezeit":"2\u00a0Minuten"},"schema":{"@context":"https:\/\/schema.org","@graph":[{"@type":"Article","@id":"https:\/\/www.weine-feinkost.de\/unterwegs\/2014\/02\/plachuttas-gasthaus-zur-oper-wien-oesterreich\/#article","isPartOf":{"@id":"https:\/\/www.weine-feinkost.de\/unterwegs\/2014\/02\/plachuttas-gasthaus-zur-oper-wien-oesterreich\/"},"author":{"name":"Christian Fenske","@id":"https:\/\/www.weine-feinkost.de\/unterwegs\/#\/schema\/person\/c07d66169fd0e04307bfe7cdc99ac26a"},"headline":"Plachuttas Gasthaus zur Oper &#8211; Wien &#8211; \u00d6sterreich","datePublished":"2014-02-04T11:03:38+00:00","dateModified":"2023-03-22T17:07:11+00:00","mainEntityOfPage":{"@id":"https:\/\/www.weine-feinkost.de\/unterwegs\/2014\/02\/plachuttas-gasthaus-zur-oper-wien-oesterreich\/"},"wordCount":193,"commentCount":0,"publisher":{"@id":"https:\/\/www.weine-feinkost.de\/unterwegs\/#organization"},"image":{"@id":"https:\/\/www.weine-feinkost.de\/unterwegs\/2014\/02\/plachuttas-gasthaus-zur-oper-wien-oesterreich\/#primaryimage"},"thumbnailUrl":"https:\/\/www.weine-feinkost.de\/unterwegs\/wp-content\/uploads\/2015\/01\/plachutta_oper.jpg","articleSection":["\u00d6sterreich","Restaurants"],"inLanguage":"de","potentialAction":[{"@type":"CommentAction","name":"Comment","target":["https:\/\/www.weine-feinkost.de\/unterwegs\/2014\/02\/plachuttas-gasthaus-zur-oper-wien-oesterreich\/#respond"]}]},{"@type":"WebPage","@id":"https:\/\/www.weine-feinkost.de\/unterwegs\/2014\/02\/plachuttas-gasthaus-zur-oper-wien-oesterreich\/","url":"https:\/\/www.weine-feinkost.de\/unterwegs\/2014\/02\/plachuttas-gasthaus-zur-oper-wien-oesterreich\/","name":"Plachuttas Gasthaus zur Oper - Wien - \u00d6sterreich - Unterwegs mit Weine &amp; Feinkost","isPartOf":{"@id":"https:\/\/www.weine-feinkost.de\/unterwegs\/#website"},"primaryImageOfPage":{"@id":"https:\/\/www.weine-feinkost.de\/unterwegs\/2014\/02\/plachuttas-gasthaus-zur-oper-wien-oesterreich\/#primaryimage"},"image":{"@id":"https:\/\/www.weine-feinkost.de\/unterwegs\/2014\/02\/plachuttas-gasthaus-zur-oper-wien-oesterreich\/#primaryimage"},"thumbnailUrl":"https:\/\/www.weine-feinkost.de\/unterwegs\/wp-content\/uploads\/2015\/01\/plachutta_oper.jpg","datePublished":"2014-02-04T11:03:38+00:00","dateModified":"2023-03-22T17:07:11+00:00","breadcrumb":{"@id":"https:\/\/www.weine-feinkost.de\/unterwegs\/2014\/02\/plachuttas-gasthaus-zur-oper-wien-oesterreich\/#breadcrumb"},"inLanguage":"de","potentialAction":[{"@type":"ReadAction","target":["https:\/\/www.weine-feinkost.de\/unterwegs\/2014\/02\/plachuttas-gasthaus-zur-oper-wien-oesterreich\/"]}]},{"@type":"ImageObject","inLanguage":"de","@id":"https:\/\/www.weine-feinkost.de\/unterwegs\/2014\/02\/plachuttas-gasthaus-zur-oper-wien-oesterreich\/#primaryimage","url":"https:\/\/www.weine-feinkost.de\/unterwegs\/wp-content\/uploads\/2015\/01\/plachutta_oper.jpg","contentUrl":"https:\/\/www.weine-feinkost.de\/unterwegs\/wp-content\/uploads\/2015\/01\/plachutta_oper.jpg","width":670,"height":270},{"@type":"BreadcrumbList","@id":"https:\/\/www.weine-feinkost.de\/unterwegs\/2014\/02\/plachuttas-gasthaus-zur-oper-wien-oesterreich\/#breadcrumb","itemListElement":[{"@type":"ListItem","position":1,"name":"Startseite","item":"https:\/\/www.weine-feinkost.de\/unterwegs\/"},{"@type":"ListItem","position":2,"name":"Plachuttas Gasthaus zur Oper &#8211; Wien &#8211; \u00d6sterreich"}]},{"@type":"WebSite","@id":"https:\/\/www.weine-feinkost.de\/unterwegs\/#website","url":"https:\/\/www.weine-feinkost.de\/unterwegs\/","name":"Unterwegs mit Weine &amp; Feinkost","description":"Entdecken Sie Genuss","publisher":{"@id":"https:\/\/www.weine-feinkost.de\/unterwegs\/#organization"},"potentialAction":[{"@type":"SearchAction","target":{"@type":"EntryPoint","urlTemplate":"https:\/\/www.weine-feinkost.de\/unterwegs\/?s={search_term_string}"},"query-input":{"@type":"PropertyValueSpecification","valueRequired":true,"valueName":"search_term_string"}}],"inLanguage":"de"},{"@type":"Organization","@id":"https:\/\/www.weine-feinkost.de\/unterwegs\/#organization","name":"Unterwegs mit Weine &amp; Feinkost","url":"https:\/\/www.weine-feinkost.de\/unterwegs\/","logo":{"@type":"ImageObject","inLanguage":"de","@id":"https:\/\/www.weine-feinkost.de\/unterwegs\/#\/schema\/logo\/image\/","url":"https:\/\/www.weine-feinkost.de\/unterwegs\/wp-content\/uploads\/2022\/10\/logo_weinefeinkost_unterwegs_450x171.png","contentUrl":"https:\/\/www.weine-feinkost.de\/unterwegs\/wp-content\/uploads\/2022\/10\/logo_weinefeinkost_unterwegs_450x171.png","width":450,"height":171,"caption":"Unterwegs mit Weine &amp; Feinkost"},"image":{"@id":"https:\/\/www.weine-feinkost.de\/unterwegs\/#\/schema\/logo\/image\/"}},{"@type":"Person","@id":"https:\/\/www.weine-feinkost.de\/unterwegs\/#\/schema\/person\/c07d66169fd0e04307bfe7cdc99ac26a","name":"Christian Fenske","image":{"@type":"ImageObject","inLanguage":"de","@id":"https:\/\/www.weine-feinkost.de\/unterwegs\/wp-content\/uploads\/2023\/01\/cropped-christian_profilbild-96x96.png","url":"https:\/\/www.weine-feinkost.de\/unterwegs\/wp-content\/uploads\/2023\/01\/cropped-christian_profilbild-96x96.png","contentUrl":"https:\/\/www.weine-feinkost.de\/unterwegs\/wp-content\/uploads\/2023\/01\/cropped-christian_profilbild-96x96.png","caption":"Christian Fenske"},"description":"Zusammen an einem Tisch sitzen, gemeinsam zu kommunizieren und zu genie\u00dfen, das ist eine der herausragenden kulturellen Errungenschaft der Menschheit.","url":"https:\/\/www.weine-feinkost.de\/unterwegs\/author\/christian-fenske\/"}]}},"jetpack_publicize_connections":[],"jetpack_shortlink":"https:\/\/wp.me\/p68Tjo-5O9","jetpack_sharing_enabled":true,"jetpack_likes_enabled":true,"jetpack_featured_media_url":"https:\/\/www.weine-feinkost.de\/unterwegs\/wp-content\/uploads\/2015\/01\/plachutta_oper.jpg","_links":{"self":[{"href":"https:\/\/www.weine-feinkost.de\/unterwegs\/wp-json\/wp\/v2\/posts\/22329","targetHints":{"allow":["GET"]}}],"collection":[{"href":"https:\/\/www.weine-feinkost.de\/unterwegs\/wp-json\/wp\/v2\/posts"}],"about":[{"href":"https:\/\/www.weine-feinkost.de\/unterwegs\/wp-json\/wp\/v2\/types\/post"}],"author":[{"embeddable":true,"href":"https:\/\/www.weine-feinkost.de\/unterwegs\/wp-json\/wp\/v2\/users\/7"}],"replies":[{"embeddable":true,"href":"https:\/\/www.weine-feinkost.de\/unterwegs\/wp-json\/wp\/v2\/comments?post=22329"}],"version-history":[{"count":1,"href":"https:\/\/www.weine-feinkost.de\/unterwegs\/wp-json\/wp\/v2\/posts\/22329\/revisions"}],"predecessor-version":[{"id":197782,"href":"https:\/\/www.weine-feinkost.de\/unterwegs\/wp-json\/wp\/v2\/posts\/22329\/revisions\/197782"}],"wp:featuredmedia":[{"embeddable":true,"href":"https:\/\/www.weine-feinkost.de\/unterwegs\/wp-json\/wp\/v2\/media\/154981"}],"wp:attachment":[{"href":"https:\/\/www.weine-feinkost.de\/unterwegs\/wp-json\/wp\/v2\/media?parent=22329"}],"wp:term":[{"taxonomy":"category","embeddable":true,"href":"https:\/\/www.weine-feinkost.de\/unterwegs\/wp-json\/wp\/v2\/categories?post=22329"},{"taxonomy":"post_tag","embeddable":true,"href":"https:\/\/www.weine-feinkost.de\/unterwegs\/wp-json\/wp\/v2\/tags?post=22329"},{"taxonomy":"post_folder","embeddable":true,"href":"https:\/\/www.weine-feinkost.de\/unterwegs\/wp-json\/wp\/v2\/post_folder?post=22329"}],"curies":[{"name":"wp","href":"https:\/\/api.w.org\/{rel}","templated":true}]}}