{"id":22787,"date":"2014-03-02T08:06:00","date_gmt":"2014-03-02T07:06:00","guid":{"rendered":"https:\/\/www.weine-feinkost.de\/unterwegs\/?p=22787"},"modified":"2023-03-22T17:59:43","modified_gmt":"2023-03-22T16:59:43","slug":"maibeck-koeln-deutschland","status":"publish","type":"post","link":"https:\/\/www.weine-feinkost.de\/unterwegs\/2014\/03\/maibeck-koeln-deutschland\/","title":{"rendered":"maiBeck &#8211; K\u00f6ln &#8211; Deutschland"},"content":{"rendered":"<p>Das vor kurzem er\u00f6ffnete Restaurant maiBeck verf\u00fcgt \u00fcber eine bevorzugte Lage am Rande der K\u00f6lner Altstadt mit direktem Blick auf den Rhein. Ist das Geb\u00e4ude von au\u00dfen als nicht besonders h\u00fcbsch zu betrachten, hat man im Inneren f\u00fcr eine zwar k\u00fchle, aber dennoch sch\u00f6ne Atmosph\u00e4re gesorgt. Es wirkt wie ein gehobenes Bistro und genau das ist das maiBeck auch. Die Speisekarte ist klein gehalten und frische Produkte aus der Region und der Jahreszeit pr\u00e4gen das Bild. Es gibt zus\u00e4tzlich noch ein \u00dcberraschungsmen\u00fc und eine gute Weinkarte, welche auch mal ein paar andere Namen als die sonst bekannten Winzer auflistet. Die Gerichte sehen gut aus, schmecken auch so und sind liebevoll arrangiert, und nett ist in K\u00f6ln ja sowieso jeder &#8230;<\/p>\n<p style=\"text-align: center;\"><a href=\"https:\/\/www.weine-feinkost.de\/unterwegs\/wp-content\/uploads\/2014\/02\/maibeck_koeln_deutschland_1.jpg\"><img loading=\"lazy\" decoding=\"async\" class=\"aligncenter size-medium wp-image-155179\" src=\"https:\/\/www.weine-feinkost.de\/unterwegs\/wp-content\/uploads\/2014\/02\/maibeck_koeln_deutschland_1-300x225.jpg\" alt=\"maibeck_koeln_deutschland_1\" width=\"300\" height=\"225\" srcset=\"https:\/\/www.weine-feinkost.de\/unterwegs\/wp-content\/uploads\/2014\/02\/maibeck_koeln_deutschland_1-300x225.jpg 300w, https:\/\/www.weine-feinkost.de\/unterwegs\/wp-content\/uploads\/2014\/02\/maibeck_koeln_deutschland_1-600x450.jpg 600w, https:\/\/www.weine-feinkost.de\/unterwegs\/wp-content\/uploads\/2014\/02\/maibeck_koeln_deutschland_1.jpg 1024w\" sizes=\"auto, (max-width: 300px) 100vw, 300px\" \/><\/a><\/p>\n<style type=\"text\/css\"><\/style>\n<p style=\"text-align: center;\"><a href=\"https:\/\/www.weine-feinkost.de\/unterwegs\/wp-content\/uploads\/2014\/02\/maibeck_koeln_deutschland_2.jpg\"><img loading=\"lazy\" decoding=\"async\" class=\"aligncenter size-medium wp-image-144521\" src=\"https:\/\/www.weine-feinkost.de\/unterwegs\/wp-content\/uploads\/2014\/02\/maibeck_koeln_deutschland_2-300x225.jpg\" alt=\"maibeck_koeln_deutschland_2\" width=\"300\" height=\"225\" srcset=\"https:\/\/www.weine-feinkost.de\/unterwegs\/wp-content\/uploads\/2014\/02\/maibeck_koeln_deutschland_2-300x225.jpg 300w, https:\/\/www.weine-feinkost.de\/unterwegs\/wp-content\/uploads\/2014\/02\/maibeck_koeln_deutschland_2-768x576.jpg 768w, https:\/\/www.weine-feinkost.de\/unterwegs\/wp-content\/uploads\/2014\/02\/maibeck_koeln_deutschland_2.jpg 1024w\" sizes=\"auto, (max-width: 300px) 100vw, 300px\" \/><\/a> <a href=\"https:\/\/www.weine-feinkost.de\/unterwegs\/wp-content\/uploads\/2014\/02\/maibeck_koeln_deutschland_4.jpg\"><img loading=\"lazy\" decoding=\"async\" class=\"aligncenter size-medium wp-image-155181\" src=\"https:\/\/www.weine-feinkost.de\/unterwegs\/wp-content\/uploads\/2014\/02\/maibeck_koeln_deutschland_4-300x225.jpg\" alt=\"maibeck_koeln_deutschland_4\" width=\"300\" height=\"225\" srcset=\"https:\/\/www.weine-feinkost.de\/unterwegs\/wp-content\/uploads\/2014\/02\/maibeck_koeln_deutschland_4-300x225.jpg 300w, https:\/\/www.weine-feinkost.de\/unterwegs\/wp-content\/uploads\/2014\/02\/maibeck_koeln_deutschland_4-600x450.jpg 600w, https:\/\/www.weine-feinkost.de\/unterwegs\/wp-content\/uploads\/2014\/02\/maibeck_koeln_deutschland_4.jpg 1024w\" sizes=\"auto, (max-width: 300px) 100vw, 300px\" \/><\/a>Gew\u00fcrzlachs Label Rouge\/Humusp\u00fcree mit Petersilie.<\/p>\n<p style=\"text-align: center;\"><a href=\"https:\/\/www.weine-feinkost.de\/unterwegs\/wp-content\/uploads\/2014\/02\/maibeck_koeln_deutschland_5.jpg\"><img loading=\"lazy\" decoding=\"async\" class=\"aligncenter size-medium wp-image-141763\" src=\"https:\/\/www.weine-feinkost.de\/unterwegs\/wp-content\/uploads\/2014\/02\/maibeck_koeln_deutschland_5-300x225.jpg\" alt=\"maibeck_koeln_deutschland_5\" width=\"300\" height=\"225\" srcset=\"https:\/\/www.weine-feinkost.de\/unterwegs\/wp-content\/uploads\/2014\/02\/maibeck_koeln_deutschland_5-300x225.jpg 300w, https:\/\/www.weine-feinkost.de\/unterwegs\/wp-content\/uploads\/2014\/02\/maibeck_koeln_deutschland_5-768x576.jpg 768w, https:\/\/www.weine-feinkost.de\/unterwegs\/wp-content\/uploads\/2014\/02\/maibeck_koeln_deutschland_5.jpg 1024w\" sizes=\"auto, (max-width: 300px) 100vw, 300px\" \/><\/a>QUER FELD EIN &#8211; SPAZIERGANG. Wurzelgem\u00fcse von rheinischen \u00c4ckern\/R\u00fcbensirup\/Apfel\/Rapunzel.<\/p>\n<p style=\"text-align: center;\"><a href=\"https:\/\/www.weine-feinkost.de\/unterwegs\/wp-content\/uploads\/2014\/02\/maibeck_koeln_deutschland_6.jpg\"><img loading=\"lazy\" decoding=\"async\" class=\"aligncenter size-medium wp-image-141760\" src=\"https:\/\/www.weine-feinkost.de\/unterwegs\/wp-content\/uploads\/2014\/02\/maibeck_koeln_deutschland_6-300x225.jpg\" alt=\"maibeck_koeln_deutschland_6\" width=\"300\" height=\"225\" srcset=\"https:\/\/www.weine-feinkost.de\/unterwegs\/wp-content\/uploads\/2014\/02\/maibeck_koeln_deutschland_6-300x225.jpg 300w, https:\/\/www.weine-feinkost.de\/unterwegs\/wp-content\/uploads\/2014\/02\/maibeck_koeln_deutschland_6-768x576.jpg 768w, https:\/\/www.weine-feinkost.de\/unterwegs\/wp-content\/uploads\/2014\/02\/maibeck_koeln_deutschland_6.jpg 1024w\" sizes=\"auto, (max-width: 300px) 100vw, 300px\" \/><\/a>Hausgemachte Gnocchi, Saubohnen, Paprika, Salchicha.<\/p>\n<p style=\"text-align: center;\"><a href=\"https:\/\/www.weine-feinkost.de\/unterwegs\/wp-content\/uploads\/2014\/02\/maibeck_koeln_deutschland_9.jpg\"><img loading=\"lazy\" decoding=\"async\" src=\"https:\/\/www.weine-feinkost.de\/unterwegs\/wp-content\/uploads\/2014\/02\/maibeck_koeln_deutschland_9-300x225.jpg\" alt=\"maibeck_koeln_deutschland_9\" width=\"300\" height=\"225\"><\/a><\/p>\n<style type=\"text\/css\"><\/style>\n<p style=\"text-align: center;\">Skrei auf Rote Bete P\u00fcree.<\/p>\n<style type=\"text\/css\"><\/style>\n<p style=\"text-align: center;\"><a href=\"https:\/\/www.weine-feinkost.de\/unterwegs\/wp-content\/uploads\/2014\/02\/maibeck_koeln_deutschland_7.jpg\"><img loading=\"lazy\" decoding=\"async\" class=\"aligncenter size-medium wp-image-141754\" src=\"https:\/\/www.weine-feinkost.de\/unterwegs\/wp-content\/uploads\/2014\/02\/maibeck_koeln_deutschland_7-300x225.jpg\" alt=\"maibeck_koeln_deutschland_7\" width=\"300\" height=\"225\" srcset=\"https:\/\/www.weine-feinkost.de\/unterwegs\/wp-content\/uploads\/2014\/02\/maibeck_koeln_deutschland_7-300x225.jpg 300w, https:\/\/www.weine-feinkost.de\/unterwegs\/wp-content\/uploads\/2014\/02\/maibeck_koeln_deutschland_7-768x576.jpg 768w, https:\/\/www.weine-feinkost.de\/unterwegs\/wp-content\/uploads\/2014\/02\/maibeck_koeln_deutschland_7.jpg 1024w\" sizes=\"auto, (max-width: 300px) 100vw, 300px\" \/><\/a>M\u00fcnsterl\u00e4nder Kalbsb\u00e4ckchen von Kremer\/Rappa\/Pastinake\/Kalbsbries.<\/p>\n<style type=\"text\/css\"><\/style>\n<p style=\"text-align: center;\"><a href=\"https:\/\/www.weine-feinkost.de\/unterwegs\/wp-content\/uploads\/2014\/02\/maibeck_koeln_deutschland_8.jpg\"><img loading=\"lazy\" decoding=\"async\" class=\"aligncenter size-medium wp-image-155185\" src=\"https:\/\/www.weine-feinkost.de\/unterwegs\/wp-content\/uploads\/2014\/02\/maibeck_koeln_deutschland_8-225x300.jpg\" alt=\"maibeck_koeln_deutschland_8\" width=\"225\" height=\"300\" srcset=\"https:\/\/www.weine-feinkost.de\/unterwegs\/wp-content\/uploads\/2014\/02\/maibeck_koeln_deutschland_8-225x300.jpg 225w, https:\/\/www.weine-feinkost.de\/unterwegs\/wp-content\/uploads\/2014\/02\/maibeck_koeln_deutschland_8.jpg 576w\" sizes=\"auto, (max-width: 225px) 100vw, 225px\" \/><\/a>&nbsp; <a href=\"https:\/\/www.weine-feinkost.de\/unterwegs\/wp-content\/uploads\/2014\/02\/maibeck_koeln_deutschland_10.jpg\"><img loading=\"lazy\" decoding=\"async\" class=\"aligncenter size-medium wp-image-144523\" src=\"https:\/\/www.weine-feinkost.de\/unterwegs\/wp-content\/uploads\/2014\/02\/maibeck_koeln_deutschland_10-300x225.jpg\" alt=\"maibeck_koeln_deutschland_10\" width=\"300\" height=\"225\" srcset=\"https:\/\/www.weine-feinkost.de\/unterwegs\/wp-content\/uploads\/2014\/02\/maibeck_koeln_deutschland_10-300x225.jpg 300w, https:\/\/www.weine-feinkost.de\/unterwegs\/wp-content\/uploads\/2014\/02\/maibeck_koeln_deutschland_10-768x576.jpg 768w, https:\/\/www.weine-feinkost.de\/unterwegs\/wp-content\/uploads\/2014\/02\/maibeck_koeln_deutschland_10.jpg 1024w\" sizes=\"auto, (max-width: 300px) 100vw, 300px\" \/><\/a>Warmes K\u00e4sek\u00fcchlein\/Himbeersorbet.<\/p>\n<style type=\"text\/css\"><\/style>\n<address><strong>maiBeck<\/strong><\/address>\n<address>Am Frankenturm 5<\/address>\n<address>50667 K\u00f6ln<\/address>\n<address>Deutschland<\/address>\n<address>Telefon: +49 221 962 673 00<\/address>\n<address style=\"text-align: left;\"><a href=\"http:\/\/www.maibeck.de\/\">www.maibeck.de<\/a><\/address>\n","protected":false},"excerpt":{"rendered":"<p>Das vor kurzem er\u00f6ffnete Restaurant maiBeck verf\u00fcgt \u00fcber eine bevorzugte Lage am Rande der K\u00f6lner Altstadt mit direktem Blick auf den Rhein. Ist das Geb\u00e4ude von au\u00dfen als nicht besonders h\u00fcbsch zu betrachten, hat man im Inneren f\u00fcr eine zwar k\u00fchle, aber dennoch sch\u00f6ne Atmosph\u00e4re gesorgt. Es wirkt wie ein gehobenes Bistro und genau das &#8230; <a title=\"maiBeck &#8211; K\u00f6ln &#8211; Deutschland\" class=\"read-more\" href=\"https:\/\/www.weine-feinkost.de\/unterwegs\/2014\/03\/maibeck-koeln-deutschland\/\" aria-label=\"Mehr dazu unter maiBeck &#8211; K\u00f6ln &#8211; Deutschland\">Weiterlesen<\/a><\/p>\n","protected":false},"author":7,"featured_media":144521,"comment_status":"open","ping_status":"open","sticky":false,"template":"","format":"standard","meta":{"_jetpack_newsletter_access":"","_jetpack_dont_email_post_to_subs":false,"_jetpack_newsletter_tier_id":0,"_jetpack_memberships_contains_paywalled_content":false,"_jetpack_feature_clip_id":0,"_jetpack_memberships_contains_paid_content":false,"footnotes":"","jetpack_publicize_message":"","jetpack_publicize_feature_enabled":true,"jetpack_social_post_already_shared":false,"jetpack_social_options":{"image_generator_settings":{"template":"highway","default_image_id":0,"font":"","enabled":false},"version":2},"jetpack_post_was_ever_published":false},"categories":[31,41,13],"tags":[],"post_folder":[],"class_list":["post-22787","post","type-post","status-publish","format-standard","has-post-thumbnail","hentry","category-deutschland-restaurants","category-michelin-star","category-restaurants"],"yoast_head":"<!-- This site is optimized with the Yoast SEO plugin v28.3 - https:\/\/yoast.com\/product\/yoast-seo-wordpress\/ -->\n<title>maiBeck - K\u00f6ln - Deutschland - Unterwegs mit Weine &amp; Feinkost<\/title>\n<meta name=\"robots\" content=\"index, follow, max-snippet:-1, max-image-preview:large, max-video-preview:-1\" \/>\n<link rel=\"canonical\" href=\"https:\/\/www.weine-feinkost.de\/unterwegs\/2014\/03\/maibeck-koeln-deutschland\/\" \/>\n<meta property=\"og:locale\" content=\"de_DE\" \/>\n<meta property=\"og:type\" content=\"article\" \/>\n<meta property=\"og:title\" content=\"maiBeck - K\u00f6ln - Deutschland - Unterwegs mit Weine &amp; Feinkost\" \/>\n<meta property=\"og:description\" content=\"Das vor kurzem er\u00f6ffnete Restaurant maiBeck verf\u00fcgt \u00fcber eine bevorzugte Lage am Rande der K\u00f6lner Altstadt mit direktem Blick auf den Rhein. Ist das Geb\u00e4ude von au\u00dfen als nicht besonders h\u00fcbsch zu betrachten, hat man im Inneren f\u00fcr eine zwar k\u00fchle, aber dennoch sch\u00f6ne Atmosph\u00e4re gesorgt. Es wirkt wie ein gehobenes Bistro und genau das ... Weiterlesen\" \/>\n<meta property=\"og:url\" content=\"https:\/\/www.weine-feinkost.de\/unterwegs\/2014\/03\/maibeck-koeln-deutschland\/\" \/>\n<meta property=\"og:site_name\" content=\"Unterwegs mit Weine &amp; Feinkost\" \/>\n<meta property=\"article:published_time\" content=\"2014-03-02T07:06:00+00:00\" \/>\n<meta property=\"article:modified_time\" content=\"2023-03-22T16:59:43+00:00\" \/>\n<meta property=\"og:image\" content=\"https:\/\/www.weine-feinkost.de\/unterwegs\/wp-content\/uploads\/2014\/02\/maibeck_koeln_deutschland_2.jpg\" \/>\n\t<meta property=\"og:image:width\" content=\"1024\" \/>\n\t<meta property=\"og:image:height\" content=\"768\" \/>\n\t<meta property=\"og:image:type\" content=\"image\/jpeg\" \/>\n<meta name=\"author\" content=\"Christian Fenske\" \/>\n<meta name=\"twitter:card\" content=\"summary_large_image\" \/>\n<meta name=\"twitter:label1\" content=\"Verfasst von\" \/>\n\t<meta name=\"twitter:data1\" content=\"Christian Fenske\" \/>\n\t<meta name=\"twitter:label2\" content=\"Gesch\u00e4tzte Lesezeit\" \/>\n\t<meta name=\"twitter:data2\" content=\"3\u00a0Minuten\" \/>\n<script type=\"application\/ld+json\" class=\"yoast-schema-graph\">{\"@context\":\"https:\\\/\\\/schema.org\",\"@graph\":[{\"@type\":\"Article\",\"@id\":\"https:\\\/\\\/www.weine-feinkost.de\\\/unterwegs\\\/2014\\\/03\\\/maibeck-koeln-deutschland\\\/#article\",\"isPartOf\":{\"@id\":\"https:\\\/\\\/www.weine-feinkost.de\\\/unterwegs\\\/2014\\\/03\\\/maibeck-koeln-deutschland\\\/\"},\"author\":{\"name\":\"Christian Fenske\",\"@id\":\"https:\\\/\\\/www.weine-feinkost.de\\\/unterwegs\\\/#\\\/schema\\\/person\\\/c07d66169fd0e04307bfe7cdc99ac26a\"},\"headline\":\"maiBeck &#8211; K\u00f6ln &#8211; Deutschland\",\"datePublished\":\"2014-03-02T07:06:00+00:00\",\"dateModified\":\"2023-03-22T16:59:43+00:00\",\"mainEntityOfPage\":{\"@id\":\"https:\\\/\\\/www.weine-feinkost.de\\\/unterwegs\\\/2014\\\/03\\\/maibeck-koeln-deutschland\\\/\"},\"wordCount\":197,\"commentCount\":0,\"publisher\":{\"@id\":\"https:\\\/\\\/www.weine-feinkost.de\\\/unterwegs\\\/#organization\"},\"image\":{\"@id\":\"https:\\\/\\\/www.weine-feinkost.de\\\/unterwegs\\\/2014\\\/03\\\/maibeck-koeln-deutschland\\\/#primaryimage\"},\"thumbnailUrl\":\"https:\\\/\\\/www.weine-feinkost.de\\\/unterwegs\\\/wp-content\\\/uploads\\\/2014\\\/02\\\/maibeck_koeln_deutschland_2.jpg\",\"articleSection\":[\"Deutschland\",\"Michelin Star\",\"Restaurants\"],\"inLanguage\":\"de\",\"potentialAction\":[{\"@type\":\"CommentAction\",\"name\":\"Comment\",\"target\":[\"https:\\\/\\\/www.weine-feinkost.de\\\/unterwegs\\\/2014\\\/03\\\/maibeck-koeln-deutschland\\\/#respond\"]}]},{\"@type\":\"WebPage\",\"@id\":\"https:\\\/\\\/www.weine-feinkost.de\\\/unterwegs\\\/2014\\\/03\\\/maibeck-koeln-deutschland\\\/\",\"url\":\"https:\\\/\\\/www.weine-feinkost.de\\\/unterwegs\\\/2014\\\/03\\\/maibeck-koeln-deutschland\\\/\",\"name\":\"maiBeck - K\u00f6ln - Deutschland - Unterwegs mit Weine &amp; Feinkost\",\"isPartOf\":{\"@id\":\"https:\\\/\\\/www.weine-feinkost.de\\\/unterwegs\\\/#website\"},\"primaryImageOfPage\":{\"@id\":\"https:\\\/\\\/www.weine-feinkost.de\\\/unterwegs\\\/2014\\\/03\\\/maibeck-koeln-deutschland\\\/#primaryimage\"},\"image\":{\"@id\":\"https:\\\/\\\/www.weine-feinkost.de\\\/unterwegs\\\/2014\\\/03\\\/maibeck-koeln-deutschland\\\/#primaryimage\"},\"thumbnailUrl\":\"https:\\\/\\\/www.weine-feinkost.de\\\/unterwegs\\\/wp-content\\\/uploads\\\/2014\\\/02\\\/maibeck_koeln_deutschland_2.jpg\",\"datePublished\":\"2014-03-02T07:06:00+00:00\",\"dateModified\":\"2023-03-22T16:59:43+00:00\",\"breadcrumb\":{\"@id\":\"https:\\\/\\\/www.weine-feinkost.de\\\/unterwegs\\\/2014\\\/03\\\/maibeck-koeln-deutschland\\\/#breadcrumb\"},\"inLanguage\":\"de\",\"potentialAction\":[{\"@type\":\"ReadAction\",\"target\":[\"https:\\\/\\\/www.weine-feinkost.de\\\/unterwegs\\\/2014\\\/03\\\/maibeck-koeln-deutschland\\\/\"]}]},{\"@type\":\"ImageObject\",\"inLanguage\":\"de\",\"@id\":\"https:\\\/\\\/www.weine-feinkost.de\\\/unterwegs\\\/2014\\\/03\\\/maibeck-koeln-deutschland\\\/#primaryimage\",\"url\":\"https:\\\/\\\/www.weine-feinkost.de\\\/unterwegs\\\/wp-content\\\/uploads\\\/2014\\\/02\\\/maibeck_koeln_deutschland_2.jpg\",\"contentUrl\":\"https:\\\/\\\/www.weine-feinkost.de\\\/unterwegs\\\/wp-content\\\/uploads\\\/2014\\\/02\\\/maibeck_koeln_deutschland_2.jpg\",\"width\":1024,\"height\":768},{\"@type\":\"BreadcrumbList\",\"@id\":\"https:\\\/\\\/www.weine-feinkost.de\\\/unterwegs\\\/2014\\\/03\\\/maibeck-koeln-deutschland\\\/#breadcrumb\",\"itemListElement\":[{\"@type\":\"ListItem\",\"position\":1,\"name\":\"Startseite\",\"item\":\"https:\\\/\\\/www.weine-feinkost.de\\\/unterwegs\\\/\"},{\"@type\":\"ListItem\",\"position\":2,\"name\":\"maiBeck &#8211; K\u00f6ln &#8211; Deutschland\"}]},{\"@type\":\"WebSite\",\"@id\":\"https:\\\/\\\/www.weine-feinkost.de\\\/unterwegs\\\/#website\",\"url\":\"https:\\\/\\\/www.weine-feinkost.de\\\/unterwegs\\\/\",\"name\":\"Unterwegs mit Weine &amp; Feinkost\",\"description\":\"Entdecken Sie Genuss\",\"publisher\":{\"@id\":\"https:\\\/\\\/www.weine-feinkost.de\\\/unterwegs\\\/#organization\"},\"potentialAction\":[{\"@type\":\"SearchAction\",\"target\":{\"@type\":\"EntryPoint\",\"urlTemplate\":\"https:\\\/\\\/www.weine-feinkost.de\\\/unterwegs\\\/?s={search_term_string}\"},\"query-input\":{\"@type\":\"PropertyValueSpecification\",\"valueRequired\":true,\"valueName\":\"search_term_string\"}}],\"inLanguage\":\"de\"},{\"@type\":\"Organization\",\"@id\":\"https:\\\/\\\/www.weine-feinkost.de\\\/unterwegs\\\/#organization\",\"name\":\"Unterwegs mit Weine &amp; Feinkost\",\"url\":\"https:\\\/\\\/www.weine-feinkost.de\\\/unterwegs\\\/\",\"logo\":{\"@type\":\"ImageObject\",\"inLanguage\":\"de\",\"@id\":\"https:\\\/\\\/www.weine-feinkost.de\\\/unterwegs\\\/#\\\/schema\\\/logo\\\/image\\\/\",\"url\":\"https:\\\/\\\/www.weine-feinkost.de\\\/unterwegs\\\/wp-content\\\/uploads\\\/2022\\\/10\\\/logo_weinefeinkost_unterwegs_450x171.png\",\"contentUrl\":\"https:\\\/\\\/www.weine-feinkost.de\\\/unterwegs\\\/wp-content\\\/uploads\\\/2022\\\/10\\\/logo_weinefeinkost_unterwegs_450x171.png\",\"width\":450,\"height\":171,\"caption\":\"Unterwegs mit Weine &amp; Feinkost\"},\"image\":{\"@id\":\"https:\\\/\\\/www.weine-feinkost.de\\\/unterwegs\\\/#\\\/schema\\\/logo\\\/image\\\/\"}},{\"@type\":\"Person\",\"@id\":\"https:\\\/\\\/www.weine-feinkost.de\\\/unterwegs\\\/#\\\/schema\\\/person\\\/c07d66169fd0e04307bfe7cdc99ac26a\",\"name\":\"Christian Fenske\",\"image\":{\"@type\":\"ImageObject\",\"inLanguage\":\"de\",\"@id\":\"https:\\\/\\\/www.weine-feinkost.de\\\/unterwegs\\\/wp-content\\\/uploads\\\/2023\\\/01\\\/cropped-christian_profilbild-96x96.png\",\"url\":\"https:\\\/\\\/www.weine-feinkost.de\\\/unterwegs\\\/wp-content\\\/uploads\\\/2023\\\/01\\\/cropped-christian_profilbild-96x96.png\",\"contentUrl\":\"https:\\\/\\\/www.weine-feinkost.de\\\/unterwegs\\\/wp-content\\\/uploads\\\/2023\\\/01\\\/cropped-christian_profilbild-96x96.png\",\"caption\":\"Christian Fenske\"},\"description\":\"Zusammen an einem Tisch sitzen, gemeinsam zu kommunizieren und zu genie\u00dfen, das ist eine der herausragenden kulturellen Errungenschaft der Menschheit.\",\"url\":\"https:\\\/\\\/www.weine-feinkost.de\\\/unterwegs\\\/author\\\/christian-fenske\\\/\"}]}<\/script>\n<!-- \/ Yoast SEO plugin. -->","yoast_head_json":{"title":"maiBeck - K\u00f6ln - Deutschland - Unterwegs mit Weine &amp; Feinkost","robots":{"index":"index","follow":"follow","max-snippet":"max-snippet:-1","max-image-preview":"max-image-preview:large","max-video-preview":"max-video-preview:-1"},"canonical":"https:\/\/www.weine-feinkost.de\/unterwegs\/2014\/03\/maibeck-koeln-deutschland\/","og_locale":"de_DE","og_type":"article","og_title":"maiBeck - K\u00f6ln - Deutschland - Unterwegs mit Weine &amp; Feinkost","og_description":"Das vor kurzem er\u00f6ffnete Restaurant maiBeck verf\u00fcgt \u00fcber eine bevorzugte Lage am Rande der K\u00f6lner Altstadt mit direktem Blick auf den Rhein. Ist das Geb\u00e4ude von au\u00dfen als nicht besonders h\u00fcbsch zu betrachten, hat man im Inneren f\u00fcr eine zwar k\u00fchle, aber dennoch sch\u00f6ne Atmosph\u00e4re gesorgt. Es wirkt wie ein gehobenes Bistro und genau das ... Weiterlesen","og_url":"https:\/\/www.weine-feinkost.de\/unterwegs\/2014\/03\/maibeck-koeln-deutschland\/","og_site_name":"Unterwegs mit Weine &amp; Feinkost","article_published_time":"2014-03-02T07:06:00+00:00","article_modified_time":"2023-03-22T16:59:43+00:00","og_image":[{"width":1024,"height":768,"url":"https:\/\/www.weine-feinkost.de\/unterwegs\/wp-content\/uploads\/2014\/02\/maibeck_koeln_deutschland_2.jpg","type":"image\/jpeg"}],"author":"Christian Fenske","twitter_card":"summary_large_image","twitter_misc":{"Verfasst von":"Christian Fenske","Gesch\u00e4tzte Lesezeit":"3\u00a0Minuten"},"schema":{"@context":"https:\/\/schema.org","@graph":[{"@type":"Article","@id":"https:\/\/www.weine-feinkost.de\/unterwegs\/2014\/03\/maibeck-koeln-deutschland\/#article","isPartOf":{"@id":"https:\/\/www.weine-feinkost.de\/unterwegs\/2014\/03\/maibeck-koeln-deutschland\/"},"author":{"name":"Christian Fenske","@id":"https:\/\/www.weine-feinkost.de\/unterwegs\/#\/schema\/person\/c07d66169fd0e04307bfe7cdc99ac26a"},"headline":"maiBeck &#8211; K\u00f6ln &#8211; Deutschland","datePublished":"2014-03-02T07:06:00+00:00","dateModified":"2023-03-22T16:59:43+00:00","mainEntityOfPage":{"@id":"https:\/\/www.weine-feinkost.de\/unterwegs\/2014\/03\/maibeck-koeln-deutschland\/"},"wordCount":197,"commentCount":0,"publisher":{"@id":"https:\/\/www.weine-feinkost.de\/unterwegs\/#organization"},"image":{"@id":"https:\/\/www.weine-feinkost.de\/unterwegs\/2014\/03\/maibeck-koeln-deutschland\/#primaryimage"},"thumbnailUrl":"https:\/\/www.weine-feinkost.de\/unterwegs\/wp-content\/uploads\/2014\/02\/maibeck_koeln_deutschland_2.jpg","articleSection":["Deutschland","Michelin Star","Restaurants"],"inLanguage":"de","potentialAction":[{"@type":"CommentAction","name":"Comment","target":["https:\/\/www.weine-feinkost.de\/unterwegs\/2014\/03\/maibeck-koeln-deutschland\/#respond"]}]},{"@type":"WebPage","@id":"https:\/\/www.weine-feinkost.de\/unterwegs\/2014\/03\/maibeck-koeln-deutschland\/","url":"https:\/\/www.weine-feinkost.de\/unterwegs\/2014\/03\/maibeck-koeln-deutschland\/","name":"maiBeck - K\u00f6ln - Deutschland - Unterwegs mit Weine &amp; Feinkost","isPartOf":{"@id":"https:\/\/www.weine-feinkost.de\/unterwegs\/#website"},"primaryImageOfPage":{"@id":"https:\/\/www.weine-feinkost.de\/unterwegs\/2014\/03\/maibeck-koeln-deutschland\/#primaryimage"},"image":{"@id":"https:\/\/www.weine-feinkost.de\/unterwegs\/2014\/03\/maibeck-koeln-deutschland\/#primaryimage"},"thumbnailUrl":"https:\/\/www.weine-feinkost.de\/unterwegs\/wp-content\/uploads\/2014\/02\/maibeck_koeln_deutschland_2.jpg","datePublished":"2014-03-02T07:06:00+00:00","dateModified":"2023-03-22T16:59:43+00:00","breadcrumb":{"@id":"https:\/\/www.weine-feinkost.de\/unterwegs\/2014\/03\/maibeck-koeln-deutschland\/#breadcrumb"},"inLanguage":"de","potentialAction":[{"@type":"ReadAction","target":["https:\/\/www.weine-feinkost.de\/unterwegs\/2014\/03\/maibeck-koeln-deutschland\/"]}]},{"@type":"ImageObject","inLanguage":"de","@id":"https:\/\/www.weine-feinkost.de\/unterwegs\/2014\/03\/maibeck-koeln-deutschland\/#primaryimage","url":"https:\/\/www.weine-feinkost.de\/unterwegs\/wp-content\/uploads\/2014\/02\/maibeck_koeln_deutschland_2.jpg","contentUrl":"https:\/\/www.weine-feinkost.de\/unterwegs\/wp-content\/uploads\/2014\/02\/maibeck_koeln_deutschland_2.jpg","width":1024,"height":768},{"@type":"BreadcrumbList","@id":"https:\/\/www.weine-feinkost.de\/unterwegs\/2014\/03\/maibeck-koeln-deutschland\/#breadcrumb","itemListElement":[{"@type":"ListItem","position":1,"name":"Startseite","item":"https:\/\/www.weine-feinkost.de\/unterwegs\/"},{"@type":"ListItem","position":2,"name":"maiBeck &#8211; K\u00f6ln &#8211; Deutschland"}]},{"@type":"WebSite","@id":"https:\/\/www.weine-feinkost.de\/unterwegs\/#website","url":"https:\/\/www.weine-feinkost.de\/unterwegs\/","name":"Unterwegs mit Weine &amp; Feinkost","description":"Entdecken Sie Genuss","publisher":{"@id":"https:\/\/www.weine-feinkost.de\/unterwegs\/#organization"},"potentialAction":[{"@type":"SearchAction","target":{"@type":"EntryPoint","urlTemplate":"https:\/\/www.weine-feinkost.de\/unterwegs\/?s={search_term_string}"},"query-input":{"@type":"PropertyValueSpecification","valueRequired":true,"valueName":"search_term_string"}}],"inLanguage":"de"},{"@type":"Organization","@id":"https:\/\/www.weine-feinkost.de\/unterwegs\/#organization","name":"Unterwegs mit Weine &amp; Feinkost","url":"https:\/\/www.weine-feinkost.de\/unterwegs\/","logo":{"@type":"ImageObject","inLanguage":"de","@id":"https:\/\/www.weine-feinkost.de\/unterwegs\/#\/schema\/logo\/image\/","url":"https:\/\/www.weine-feinkost.de\/unterwegs\/wp-content\/uploads\/2022\/10\/logo_weinefeinkost_unterwegs_450x171.png","contentUrl":"https:\/\/www.weine-feinkost.de\/unterwegs\/wp-content\/uploads\/2022\/10\/logo_weinefeinkost_unterwegs_450x171.png","width":450,"height":171,"caption":"Unterwegs mit Weine &amp; Feinkost"},"image":{"@id":"https:\/\/www.weine-feinkost.de\/unterwegs\/#\/schema\/logo\/image\/"}},{"@type":"Person","@id":"https:\/\/www.weine-feinkost.de\/unterwegs\/#\/schema\/person\/c07d66169fd0e04307bfe7cdc99ac26a","name":"Christian Fenske","image":{"@type":"ImageObject","inLanguage":"de","@id":"https:\/\/www.weine-feinkost.de\/unterwegs\/wp-content\/uploads\/2023\/01\/cropped-christian_profilbild-96x96.png","url":"https:\/\/www.weine-feinkost.de\/unterwegs\/wp-content\/uploads\/2023\/01\/cropped-christian_profilbild-96x96.png","contentUrl":"https:\/\/www.weine-feinkost.de\/unterwegs\/wp-content\/uploads\/2023\/01\/cropped-christian_profilbild-96x96.png","caption":"Christian Fenske"},"description":"Zusammen an einem Tisch sitzen, gemeinsam zu kommunizieren und zu genie\u00dfen, das ist eine der herausragenden kulturellen Errungenschaft der Menschheit.","url":"https:\/\/www.weine-feinkost.de\/unterwegs\/author\/christian-fenske\/"}]}},"jetpack_publicize_connections":[],"jetpack_shortlink":"https:\/\/wp.me\/p68Tjo-5Vx","jetpack_sharing_enabled":true,"jetpack_likes_enabled":true,"jetpack_featured_media_url":"https:\/\/www.weine-feinkost.de\/unterwegs\/wp-content\/uploads\/2014\/02\/maibeck_koeln_deutschland_2.jpg","_links":{"self":[{"href":"https:\/\/www.weine-feinkost.de\/unterwegs\/wp-json\/wp\/v2\/posts\/22787","targetHints":{"allow":["GET"]}}],"collection":[{"href":"https:\/\/www.weine-feinkost.de\/unterwegs\/wp-json\/wp\/v2\/posts"}],"about":[{"href":"https:\/\/www.weine-feinkost.de\/unterwegs\/wp-json\/wp\/v2\/types\/post"}],"author":[{"embeddable":true,"href":"https:\/\/www.weine-feinkost.de\/unterwegs\/wp-json\/wp\/v2\/users\/7"}],"replies":[{"embeddable":true,"href":"https:\/\/www.weine-feinkost.de\/unterwegs\/wp-json\/wp\/v2\/comments?post=22787"}],"version-history":[{"count":1,"href":"https:\/\/www.weine-feinkost.de\/unterwegs\/wp-json\/wp\/v2\/posts\/22787\/revisions"}],"predecessor-version":[{"id":197768,"href":"https:\/\/www.weine-feinkost.de\/unterwegs\/wp-json\/wp\/v2\/posts\/22787\/revisions\/197768"}],"wp:featuredmedia":[{"embeddable":true,"href":"https:\/\/www.weine-feinkost.de\/unterwegs\/wp-json\/wp\/v2\/media\/144521"}],"wp:attachment":[{"href":"https:\/\/www.weine-feinkost.de\/unterwegs\/wp-json\/wp\/v2\/media?parent=22787"}],"wp:term":[{"taxonomy":"category","embeddable":true,"href":"https:\/\/www.weine-feinkost.de\/unterwegs\/wp-json\/wp\/v2\/categories?post=22787"},{"taxonomy":"post_tag","embeddable":true,"href":"https:\/\/www.weine-feinkost.de\/unterwegs\/wp-json\/wp\/v2\/tags?post=22787"},{"taxonomy":"post_folder","embeddable":true,"href":"https:\/\/www.weine-feinkost.de\/unterwegs\/wp-json\/wp\/v2\/post_folder?post=22787"}],"curies":[{"name":"wp","href":"https:\/\/api.w.org\/{rel}","templated":true}]}}