{"id":22837,"date":"2014-03-07T19:38:45","date_gmt":"2014-03-07T18:38:45","guid":{"rendered":"https:\/\/www.weine-feinkost.de\/unterwegs\/?p=22837"},"modified":"2014-03-07T19:38:45","modified_gmt":"2014-03-07T18:38:45","slug":"amselfelder-1975-kosovo","status":"publish","type":"post","link":"https:\/\/www.weine-feinkost.de\/unterwegs\/2014\/03\/amselfelder-1975-kosovo\/","title":{"rendered":"Amselfelder 1975 &#8211; Kosovo"},"content":{"rendered":"<p>Ziegelrote Farbe, mit orangfarbenden, leicht br\u00e4unlichen Reflexen. Gereifte Noten von getrockneten Pflaumen, Datteln, D\u00f6rrobst allgemein, Rumtopf und Rosinen. Aber in jedem Fall noch vital und nicht wirklich m\u00fcde. Im Geschmack zwar starke s\u00fcssliche Aromen, aber auch Wald- und R\u00f6staromen sind zu finden. Der Nachhall wird durch die S\u00fc\u00dfe gepr\u00e4gt, die den Wein eindimensional wirken l\u00e4sst. Mit Luftkontakt (\u00fcber zwei Tage) ver\u00e4ndert sich der Wein nicht wirklich. Nicht gro\u00df, aber auch nicht kaputt und im Hinblick auf das Alter des Weines eigentlich eine schallende Ohrfeige f\u00fcr alle teuren, hochgelobten Weine aus diesem Jahrgang, die inzwischen das Zeitliche gesegnet haben.<\/p>\n<p>Dieser Wein ist ein Schock f\u00fcr jeden eingefleischten Weintrinker und alle Weinkenner: eine Literflasche, ein Schraubverschluss, ein Wein aus dem Kosovo, Jahrgang 1975, s\u00fcss \u2026 und immer noch gut und auf der H\u00f6he der Zeit. Unfassbar! Auch andere Jahrg\u00e4nge des Amselfelders haben auf diversen Weinproben schon f\u00fcr ungl\u00e4ubiges Kopfsch\u00fctteln gesorgt. Zu Recht!<\/p>\n<p><a href=\"https:\/\/www.weine-feinkost.de\/unterwegs\/wp-content\/uploads\/2014\/02\/amselfelder_1975_kosovo_1.jpg\"><img loading=\"lazy\" decoding=\"async\" class=\"aligncenter size-medium wp-image-141753\" alt=\"amselfelder_1975_kosovo_1\" src=\"https:\/\/www.weine-feinkost.de\/unterwegs\/wp-content\/uploads\/2014\/02\/amselfelder_1975_kosovo_1-225x300.jpg\" width=\"225\" height=\"300\" srcset=\"https:\/\/www.weine-feinkost.de\/unterwegs\/wp-content\/uploads\/2014\/02\/amselfelder_1975_kosovo_1-225x300.jpg 225w, https:\/\/www.weine-feinkost.de\/unterwegs\/wp-content\/uploads\/2014\/02\/amselfelder_1975_kosovo_1.jpg 576w\" sizes=\"auto, (max-width: 225px) 100vw, 225px\" \/><\/a><\/p>\n<p><a href=\"https:\/\/www.weine-feinkost.de\/unterwegs\/wp-content\/uploads\/2014\/02\/amselfelder_1975_kosovo_2.jpg\"><img loading=\"lazy\" decoding=\"async\" class=\"aligncenter size-medium wp-image-155201\" alt=\"amselfelder_1975_kosovo_2\" src=\"https:\/\/www.weine-feinkost.de\/unterwegs\/wp-content\/uploads\/2014\/02\/amselfelder_1975_kosovo_2-300x225.jpg\" width=\"300\" height=\"225\" srcset=\"https:\/\/www.weine-feinkost.de\/unterwegs\/wp-content\/uploads\/2014\/02\/amselfelder_1975_kosovo_2-300x225.jpg 300w, https:\/\/www.weine-feinkost.de\/unterwegs\/wp-content\/uploads\/2014\/02\/amselfelder_1975_kosovo_2-600x450.jpg 600w, https:\/\/www.weine-feinkost.de\/unterwegs\/wp-content\/uploads\/2014\/02\/amselfelder_1975_kosovo_2.jpg 1024w\" sizes=\"auto, (max-width: 300px) 100vw, 300px\" \/><\/a><\/p>\n","protected":false},"excerpt":{"rendered":"<p>Ziegelrote Farbe, mit orangfarbenden, leicht br\u00e4unlichen Reflexen. Gereifte Noten von getrockneten Pflaumen, Datteln, D\u00f6rrobst allgemein, Rumtopf und Rosinen. Aber in jedem Fall noch vital und nicht wirklich m\u00fcde. Im Geschmack zwar starke s\u00fcssliche Aromen, aber auch Wald- und R\u00f6staromen sind zu finden. Der Nachhall wird durch die S\u00fc\u00dfe gepr\u00e4gt, die den Wein eindimensional wirken l\u00e4sst. &#8230; <a title=\"Amselfelder 1975 &#8211; Kosovo\" class=\"read-more\" href=\"https:\/\/www.weine-feinkost.de\/unterwegs\/2014\/03\/amselfelder-1975-kosovo\/\" aria-label=\"Mehr dazu unter Amselfelder 1975 &#8211; Kosovo\">Weiterlesen<\/a><\/p>\n","protected":false},"author":7,"featured_media":141746,"comment_status":"open","ping_status":"open","sticky":false,"template":"","format":"standard","meta":{"_jetpack_newsletter_access":"","_jetpack_dont_email_post_to_subs":false,"_jetpack_newsletter_tier_id":0,"_jetpack_memberships_contains_paywalled_content":false,"_jetpack_feature_clip_id":0,"_jetpack_memberships_contains_paid_content":false,"footnotes":"","jetpack_publicize_message":"","jetpack_publicize_feature_enabled":true,"jetpack_social_post_already_shared":false,"jetpack_social_options":{"image_generator_settings":{"template":"highway","default_image_id":0,"font":"","enabled":false},"version":2},"jetpack_post_was_ever_published":false},"categories":[18],"tags":[],"post_folder":[],"class_list":["post-22837","post","type-post","status-publish","format-standard","has-post-thumbnail","hentry","category-weine"],"yoast_head":"<!-- This site is optimized with the Yoast SEO plugin v28.3 - https:\/\/yoast.com\/product\/yoast-seo-wordpress\/ -->\n<title>Amselfelder 1975 - Kosovo - Unterwegs mit Weine &amp; Feinkost<\/title>\n<meta name=\"robots\" content=\"index, follow, max-snippet:-1, max-image-preview:large, max-video-preview:-1\" \/>\n<link rel=\"canonical\" href=\"https:\/\/www.weine-feinkost.de\/unterwegs\/2014\/03\/amselfelder-1975-kosovo\/\" \/>\n<meta property=\"og:locale\" content=\"de_DE\" \/>\n<meta property=\"og:type\" content=\"article\" \/>\n<meta property=\"og:title\" content=\"Amselfelder 1975 - Kosovo - Unterwegs mit Weine &amp; Feinkost\" \/>\n<meta property=\"og:description\" content=\"Ziegelrote Farbe, mit orangfarbenden, leicht br\u00e4unlichen Reflexen. Gereifte Noten von getrockneten Pflaumen, Datteln, D\u00f6rrobst allgemein, Rumtopf und Rosinen. Aber in jedem Fall noch vital und nicht wirklich m\u00fcde. Im Geschmack zwar starke s\u00fcssliche Aromen, aber auch Wald- und R\u00f6staromen sind zu finden. Der Nachhall wird durch die S\u00fc\u00dfe gepr\u00e4gt, die den Wein eindimensional wirken l\u00e4sst. ... Weiterlesen\" \/>\n<meta property=\"og:url\" content=\"https:\/\/www.weine-feinkost.de\/unterwegs\/2014\/03\/amselfelder-1975-kosovo\/\" \/>\n<meta property=\"og:site_name\" content=\"Unterwegs mit Weine &amp; Feinkost\" \/>\n<meta property=\"article:published_time\" content=\"2014-03-07T18:38:45+00:00\" \/>\n<meta property=\"og:image\" content=\"https:\/\/www.weine-feinkost.de\/unterwegs\/wp-content\/uploads\/2014\/03\/amselfelder_1975_kosovo_2.jpg\" \/>\n\t<meta property=\"og:image:width\" content=\"670\" \/>\n\t<meta property=\"og:image:height\" content=\"270\" \/>\n\t<meta property=\"og:image:type\" content=\"image\/jpeg\" \/>\n<meta name=\"author\" content=\"Christian Fenske\" \/>\n<meta name=\"twitter:card\" content=\"summary_large_image\" \/>\n<meta name=\"twitter:label1\" content=\"Verfasst von\" \/>\n\t<meta name=\"twitter:data1\" content=\"Christian Fenske\" \/>\n\t<meta name=\"twitter:label2\" content=\"Gesch\u00e4tzte Lesezeit\" \/>\n\t<meta name=\"twitter:data2\" content=\"1\u00a0Minute\" \/>\n<script type=\"application\/ld+json\" class=\"yoast-schema-graph\">{\"@context\":\"https:\\\/\\\/schema.org\",\"@graph\":[{\"@type\":\"Article\",\"@id\":\"https:\\\/\\\/www.weine-feinkost.de\\\/unterwegs\\\/2014\\\/03\\\/amselfelder-1975-kosovo\\\/#article\",\"isPartOf\":{\"@id\":\"https:\\\/\\\/www.weine-feinkost.de\\\/unterwegs\\\/2014\\\/03\\\/amselfelder-1975-kosovo\\\/\"},\"author\":{\"name\":\"Christian Fenske\",\"@id\":\"https:\\\/\\\/www.weine-feinkost.de\\\/unterwegs\\\/#\\\/schema\\\/person\\\/c07d66169fd0e04307bfe7cdc99ac26a\"},\"headline\":\"Amselfelder 1975 &#8211; Kosovo\",\"datePublished\":\"2014-03-07T18:38:45+00:00\",\"mainEntityOfPage\":{\"@id\":\"https:\\\/\\\/www.weine-feinkost.de\\\/unterwegs\\\/2014\\\/03\\\/amselfelder-1975-kosovo\\\/\"},\"wordCount\":168,\"commentCount\":2,\"publisher\":{\"@id\":\"https:\\\/\\\/www.weine-feinkost.de\\\/unterwegs\\\/#organization\"},\"image\":{\"@id\":\"https:\\\/\\\/www.weine-feinkost.de\\\/unterwegs\\\/2014\\\/03\\\/amselfelder-1975-kosovo\\\/#primaryimage\"},\"thumbnailUrl\":\"https:\\\/\\\/www.weine-feinkost.de\\\/unterwegs\\\/wp-content\\\/uploads\\\/2014\\\/03\\\/amselfelder_1975_kosovo_2.jpg\",\"articleSection\":[\"Weine\"],\"inLanguage\":\"de\",\"potentialAction\":[{\"@type\":\"CommentAction\",\"name\":\"Comment\",\"target\":[\"https:\\\/\\\/www.weine-feinkost.de\\\/unterwegs\\\/2014\\\/03\\\/amselfelder-1975-kosovo\\\/#respond\"]}]},{\"@type\":\"WebPage\",\"@id\":\"https:\\\/\\\/www.weine-feinkost.de\\\/unterwegs\\\/2014\\\/03\\\/amselfelder-1975-kosovo\\\/\",\"url\":\"https:\\\/\\\/www.weine-feinkost.de\\\/unterwegs\\\/2014\\\/03\\\/amselfelder-1975-kosovo\\\/\",\"name\":\"Amselfelder 1975 - Kosovo - Unterwegs mit Weine &amp; Feinkost\",\"isPartOf\":{\"@id\":\"https:\\\/\\\/www.weine-feinkost.de\\\/unterwegs\\\/#website\"},\"primaryImageOfPage\":{\"@id\":\"https:\\\/\\\/www.weine-feinkost.de\\\/unterwegs\\\/2014\\\/03\\\/amselfelder-1975-kosovo\\\/#primaryimage\"},\"image\":{\"@id\":\"https:\\\/\\\/www.weine-feinkost.de\\\/unterwegs\\\/2014\\\/03\\\/amselfelder-1975-kosovo\\\/#primaryimage\"},\"thumbnailUrl\":\"https:\\\/\\\/www.weine-feinkost.de\\\/unterwegs\\\/wp-content\\\/uploads\\\/2014\\\/03\\\/amselfelder_1975_kosovo_2.jpg\",\"datePublished\":\"2014-03-07T18:38:45+00:00\",\"breadcrumb\":{\"@id\":\"https:\\\/\\\/www.weine-feinkost.de\\\/unterwegs\\\/2014\\\/03\\\/amselfelder-1975-kosovo\\\/#breadcrumb\"},\"inLanguage\":\"de\",\"potentialAction\":[{\"@type\":\"ReadAction\",\"target\":[\"https:\\\/\\\/www.weine-feinkost.de\\\/unterwegs\\\/2014\\\/03\\\/amselfelder-1975-kosovo\\\/\"]}]},{\"@type\":\"ImageObject\",\"inLanguage\":\"de\",\"@id\":\"https:\\\/\\\/www.weine-feinkost.de\\\/unterwegs\\\/2014\\\/03\\\/amselfelder-1975-kosovo\\\/#primaryimage\",\"url\":\"https:\\\/\\\/www.weine-feinkost.de\\\/unterwegs\\\/wp-content\\\/uploads\\\/2014\\\/03\\\/amselfelder_1975_kosovo_2.jpg\",\"contentUrl\":\"https:\\\/\\\/www.weine-feinkost.de\\\/unterwegs\\\/wp-content\\\/uploads\\\/2014\\\/03\\\/amselfelder_1975_kosovo_2.jpg\",\"width\":670,\"height\":270},{\"@type\":\"BreadcrumbList\",\"@id\":\"https:\\\/\\\/www.weine-feinkost.de\\\/unterwegs\\\/2014\\\/03\\\/amselfelder-1975-kosovo\\\/#breadcrumb\",\"itemListElement\":[{\"@type\":\"ListItem\",\"position\":1,\"name\":\"Startseite\",\"item\":\"https:\\\/\\\/www.weine-feinkost.de\\\/unterwegs\\\/\"},{\"@type\":\"ListItem\",\"position\":2,\"name\":\"Amselfelder 1975 &#8211; Kosovo\"}]},{\"@type\":\"WebSite\",\"@id\":\"https:\\\/\\\/www.weine-feinkost.de\\\/unterwegs\\\/#website\",\"url\":\"https:\\\/\\\/www.weine-feinkost.de\\\/unterwegs\\\/\",\"name\":\"Unterwegs mit Weine &amp; Feinkost\",\"description\":\"Entdecken Sie Genuss\",\"publisher\":{\"@id\":\"https:\\\/\\\/www.weine-feinkost.de\\\/unterwegs\\\/#organization\"},\"potentialAction\":[{\"@type\":\"SearchAction\",\"target\":{\"@type\":\"EntryPoint\",\"urlTemplate\":\"https:\\\/\\\/www.weine-feinkost.de\\\/unterwegs\\\/?s={search_term_string}\"},\"query-input\":{\"@type\":\"PropertyValueSpecification\",\"valueRequired\":true,\"valueName\":\"search_term_string\"}}],\"inLanguage\":\"de\"},{\"@type\":\"Organization\",\"@id\":\"https:\\\/\\\/www.weine-feinkost.de\\\/unterwegs\\\/#organization\",\"name\":\"Unterwegs mit Weine &amp; Feinkost\",\"url\":\"https:\\\/\\\/www.weine-feinkost.de\\\/unterwegs\\\/\",\"logo\":{\"@type\":\"ImageObject\",\"inLanguage\":\"de\",\"@id\":\"https:\\\/\\\/www.weine-feinkost.de\\\/unterwegs\\\/#\\\/schema\\\/logo\\\/image\\\/\",\"url\":\"https:\\\/\\\/www.weine-feinkost.de\\\/unterwegs\\\/wp-content\\\/uploads\\\/2022\\\/10\\\/logo_weinefeinkost_unterwegs_450x171.png\",\"contentUrl\":\"https:\\\/\\\/www.weine-feinkost.de\\\/unterwegs\\\/wp-content\\\/uploads\\\/2022\\\/10\\\/logo_weinefeinkost_unterwegs_450x171.png\",\"width\":450,\"height\":171,\"caption\":\"Unterwegs mit Weine &amp; Feinkost\"},\"image\":{\"@id\":\"https:\\\/\\\/www.weine-feinkost.de\\\/unterwegs\\\/#\\\/schema\\\/logo\\\/image\\\/\"}},{\"@type\":\"Person\",\"@id\":\"https:\\\/\\\/www.weine-feinkost.de\\\/unterwegs\\\/#\\\/schema\\\/person\\\/c07d66169fd0e04307bfe7cdc99ac26a\",\"name\":\"Christian Fenske\",\"image\":{\"@type\":\"ImageObject\",\"inLanguage\":\"de\",\"@id\":\"https:\\\/\\\/www.weine-feinkost.de\\\/unterwegs\\\/wp-content\\\/uploads\\\/2023\\\/01\\\/cropped-christian_profilbild-96x96.png\",\"url\":\"https:\\\/\\\/www.weine-feinkost.de\\\/unterwegs\\\/wp-content\\\/uploads\\\/2023\\\/01\\\/cropped-christian_profilbild-96x96.png\",\"contentUrl\":\"https:\\\/\\\/www.weine-feinkost.de\\\/unterwegs\\\/wp-content\\\/uploads\\\/2023\\\/01\\\/cropped-christian_profilbild-96x96.png\",\"caption\":\"Christian Fenske\"},\"description\":\"Zusammen an einem Tisch sitzen, gemeinsam zu kommunizieren und zu genie\u00dfen, das ist eine der herausragenden kulturellen Errungenschaft der Menschheit.\",\"url\":\"https:\\\/\\\/www.weine-feinkost.de\\\/unterwegs\\\/author\\\/christian-fenske\\\/\"}]}<\/script>\n<!-- \/ Yoast SEO plugin. -->","yoast_head_json":{"title":"Amselfelder 1975 - Kosovo - Unterwegs mit Weine &amp; Feinkost","robots":{"index":"index","follow":"follow","max-snippet":"max-snippet:-1","max-image-preview":"max-image-preview:large","max-video-preview":"max-video-preview:-1"},"canonical":"https:\/\/www.weine-feinkost.de\/unterwegs\/2014\/03\/amselfelder-1975-kosovo\/","og_locale":"de_DE","og_type":"article","og_title":"Amselfelder 1975 - Kosovo - Unterwegs mit Weine &amp; Feinkost","og_description":"Ziegelrote Farbe, mit orangfarbenden, leicht br\u00e4unlichen Reflexen. Gereifte Noten von getrockneten Pflaumen, Datteln, D\u00f6rrobst allgemein, Rumtopf und Rosinen. Aber in jedem Fall noch vital und nicht wirklich m\u00fcde. Im Geschmack zwar starke s\u00fcssliche Aromen, aber auch Wald- und R\u00f6staromen sind zu finden. Der Nachhall wird durch die S\u00fc\u00dfe gepr\u00e4gt, die den Wein eindimensional wirken l\u00e4sst. ... Weiterlesen","og_url":"https:\/\/www.weine-feinkost.de\/unterwegs\/2014\/03\/amselfelder-1975-kosovo\/","og_site_name":"Unterwegs mit Weine &amp; Feinkost","article_published_time":"2014-03-07T18:38:45+00:00","og_image":[{"width":670,"height":270,"url":"https:\/\/www.weine-feinkost.de\/unterwegs\/wp-content\/uploads\/2014\/03\/amselfelder_1975_kosovo_2.jpg","type":"image\/jpeg"}],"author":"Christian Fenske","twitter_card":"summary_large_image","twitter_misc":{"Verfasst von":"Christian Fenske","Gesch\u00e4tzte Lesezeit":"1\u00a0Minute"},"schema":{"@context":"https:\/\/schema.org","@graph":[{"@type":"Article","@id":"https:\/\/www.weine-feinkost.de\/unterwegs\/2014\/03\/amselfelder-1975-kosovo\/#article","isPartOf":{"@id":"https:\/\/www.weine-feinkost.de\/unterwegs\/2014\/03\/amselfelder-1975-kosovo\/"},"author":{"name":"Christian Fenske","@id":"https:\/\/www.weine-feinkost.de\/unterwegs\/#\/schema\/person\/c07d66169fd0e04307bfe7cdc99ac26a"},"headline":"Amselfelder 1975 &#8211; Kosovo","datePublished":"2014-03-07T18:38:45+00:00","mainEntityOfPage":{"@id":"https:\/\/www.weine-feinkost.de\/unterwegs\/2014\/03\/amselfelder-1975-kosovo\/"},"wordCount":168,"commentCount":2,"publisher":{"@id":"https:\/\/www.weine-feinkost.de\/unterwegs\/#organization"},"image":{"@id":"https:\/\/www.weine-feinkost.de\/unterwegs\/2014\/03\/amselfelder-1975-kosovo\/#primaryimage"},"thumbnailUrl":"https:\/\/www.weine-feinkost.de\/unterwegs\/wp-content\/uploads\/2014\/03\/amselfelder_1975_kosovo_2.jpg","articleSection":["Weine"],"inLanguage":"de","potentialAction":[{"@type":"CommentAction","name":"Comment","target":["https:\/\/www.weine-feinkost.de\/unterwegs\/2014\/03\/amselfelder-1975-kosovo\/#respond"]}]},{"@type":"WebPage","@id":"https:\/\/www.weine-feinkost.de\/unterwegs\/2014\/03\/amselfelder-1975-kosovo\/","url":"https:\/\/www.weine-feinkost.de\/unterwegs\/2014\/03\/amselfelder-1975-kosovo\/","name":"Amselfelder 1975 - Kosovo - Unterwegs mit Weine &amp; Feinkost","isPartOf":{"@id":"https:\/\/www.weine-feinkost.de\/unterwegs\/#website"},"primaryImageOfPage":{"@id":"https:\/\/www.weine-feinkost.de\/unterwegs\/2014\/03\/amselfelder-1975-kosovo\/#primaryimage"},"image":{"@id":"https:\/\/www.weine-feinkost.de\/unterwegs\/2014\/03\/amselfelder-1975-kosovo\/#primaryimage"},"thumbnailUrl":"https:\/\/www.weine-feinkost.de\/unterwegs\/wp-content\/uploads\/2014\/03\/amselfelder_1975_kosovo_2.jpg","datePublished":"2014-03-07T18:38:45+00:00","breadcrumb":{"@id":"https:\/\/www.weine-feinkost.de\/unterwegs\/2014\/03\/amselfelder-1975-kosovo\/#breadcrumb"},"inLanguage":"de","potentialAction":[{"@type":"ReadAction","target":["https:\/\/www.weine-feinkost.de\/unterwegs\/2014\/03\/amselfelder-1975-kosovo\/"]}]},{"@type":"ImageObject","inLanguage":"de","@id":"https:\/\/www.weine-feinkost.de\/unterwegs\/2014\/03\/amselfelder-1975-kosovo\/#primaryimage","url":"https:\/\/www.weine-feinkost.de\/unterwegs\/wp-content\/uploads\/2014\/03\/amselfelder_1975_kosovo_2.jpg","contentUrl":"https:\/\/www.weine-feinkost.de\/unterwegs\/wp-content\/uploads\/2014\/03\/amselfelder_1975_kosovo_2.jpg","width":670,"height":270},{"@type":"BreadcrumbList","@id":"https:\/\/www.weine-feinkost.de\/unterwegs\/2014\/03\/amselfelder-1975-kosovo\/#breadcrumb","itemListElement":[{"@type":"ListItem","position":1,"name":"Startseite","item":"https:\/\/www.weine-feinkost.de\/unterwegs\/"},{"@type":"ListItem","position":2,"name":"Amselfelder 1975 &#8211; Kosovo"}]},{"@type":"WebSite","@id":"https:\/\/www.weine-feinkost.de\/unterwegs\/#website","url":"https:\/\/www.weine-feinkost.de\/unterwegs\/","name":"Unterwegs mit Weine &amp; Feinkost","description":"Entdecken Sie Genuss","publisher":{"@id":"https:\/\/www.weine-feinkost.de\/unterwegs\/#organization"},"potentialAction":[{"@type":"SearchAction","target":{"@type":"EntryPoint","urlTemplate":"https:\/\/www.weine-feinkost.de\/unterwegs\/?s={search_term_string}"},"query-input":{"@type":"PropertyValueSpecification","valueRequired":true,"valueName":"search_term_string"}}],"inLanguage":"de"},{"@type":"Organization","@id":"https:\/\/www.weine-feinkost.de\/unterwegs\/#organization","name":"Unterwegs mit Weine &amp; Feinkost","url":"https:\/\/www.weine-feinkost.de\/unterwegs\/","logo":{"@type":"ImageObject","inLanguage":"de","@id":"https:\/\/www.weine-feinkost.de\/unterwegs\/#\/schema\/logo\/image\/","url":"https:\/\/www.weine-feinkost.de\/unterwegs\/wp-content\/uploads\/2022\/10\/logo_weinefeinkost_unterwegs_450x171.png","contentUrl":"https:\/\/www.weine-feinkost.de\/unterwegs\/wp-content\/uploads\/2022\/10\/logo_weinefeinkost_unterwegs_450x171.png","width":450,"height":171,"caption":"Unterwegs mit Weine &amp; Feinkost"},"image":{"@id":"https:\/\/www.weine-feinkost.de\/unterwegs\/#\/schema\/logo\/image\/"}},{"@type":"Person","@id":"https:\/\/www.weine-feinkost.de\/unterwegs\/#\/schema\/person\/c07d66169fd0e04307bfe7cdc99ac26a","name":"Christian Fenske","image":{"@type":"ImageObject","inLanguage":"de","@id":"https:\/\/www.weine-feinkost.de\/unterwegs\/wp-content\/uploads\/2023\/01\/cropped-christian_profilbild-96x96.png","url":"https:\/\/www.weine-feinkost.de\/unterwegs\/wp-content\/uploads\/2023\/01\/cropped-christian_profilbild-96x96.png","contentUrl":"https:\/\/www.weine-feinkost.de\/unterwegs\/wp-content\/uploads\/2023\/01\/cropped-christian_profilbild-96x96.png","caption":"Christian Fenske"},"description":"Zusammen an einem Tisch sitzen, gemeinsam zu kommunizieren und zu genie\u00dfen, das ist eine der herausragenden kulturellen Errungenschaft der Menschheit.","url":"https:\/\/www.weine-feinkost.de\/unterwegs\/author\/christian-fenske\/"}]}},"jetpack_publicize_connections":[],"jetpack_shortlink":"https:\/\/wp.me\/p68Tjo-5Wl","jetpack_sharing_enabled":true,"jetpack_likes_enabled":true,"jetpack_featured_media_url":"https:\/\/www.weine-feinkost.de\/unterwegs\/wp-content\/uploads\/2014\/03\/amselfelder_1975_kosovo_2.jpg","_links":{"self":[{"href":"https:\/\/www.weine-feinkost.de\/unterwegs\/wp-json\/wp\/v2\/posts\/22837","targetHints":{"allow":["GET"]}}],"collection":[{"href":"https:\/\/www.weine-feinkost.de\/unterwegs\/wp-json\/wp\/v2\/posts"}],"about":[{"href":"https:\/\/www.weine-feinkost.de\/unterwegs\/wp-json\/wp\/v2\/types\/post"}],"author":[{"embeddable":true,"href":"https:\/\/www.weine-feinkost.de\/unterwegs\/wp-json\/wp\/v2\/users\/7"}],"replies":[{"embeddable":true,"href":"https:\/\/www.weine-feinkost.de\/unterwegs\/wp-json\/wp\/v2\/comments?post=22837"}],"version-history":[{"count":0,"href":"https:\/\/www.weine-feinkost.de\/unterwegs\/wp-json\/wp\/v2\/posts\/22837\/revisions"}],"wp:featuredmedia":[{"embeddable":true,"href":"https:\/\/www.weine-feinkost.de\/unterwegs\/wp-json\/wp\/v2\/media\/141746"}],"wp:attachment":[{"href":"https:\/\/www.weine-feinkost.de\/unterwegs\/wp-json\/wp\/v2\/media?parent=22837"}],"wp:term":[{"taxonomy":"category","embeddable":true,"href":"https:\/\/www.weine-feinkost.de\/unterwegs\/wp-json\/wp\/v2\/categories?post=22837"},{"taxonomy":"post_tag","embeddable":true,"href":"https:\/\/www.weine-feinkost.de\/unterwegs\/wp-json\/wp\/v2\/tags?post=22837"},{"taxonomy":"post_folder","embeddable":true,"href":"https:\/\/www.weine-feinkost.de\/unterwegs\/wp-json\/wp\/v2\/post_folder?post=22837"}],"curies":[{"name":"wp","href":"https:\/\/api.w.org\/{rel}","templated":true}]}}