{"id":23747,"date":"2014-05-22T08:10:04","date_gmt":"2014-05-22T06:10:04","guid":{"rendered":"https:\/\/www.weine-feinkost.de\/unterwegs\/?p=23747"},"modified":"2014-05-22T08:10:04","modified_gmt":"2014-05-22T06:10:04","slug":"tortellini-avocado-thunfisch-salat","status":"publish","type":"post","link":"https:\/\/www.weine-feinkost.de\/unterwegs\/2014\/05\/tortellini-avocado-thunfisch-salat\/","title":{"rendered":"Tortellini- Avocado- Thunfisch Salat"},"content":{"rendered":"<p><a href=\"https:\/\/www.weine-feinkost.de\/unterwegs\/wp-content\/uploads\/2014\/05\/salat_1.jpg\"><img loading=\"lazy\" decoding=\"async\" class=\"aligncenter size-medium wp-image-144606\" src=\"https:\/\/www.weine-feinkost.de\/unterwegs\/wp-content\/uploads\/2014\/05\/salat_1-300x225.jpg\" alt=\"salat_1\" width=\"300\" height=\"225\" srcset=\"https:\/\/www.weine-feinkost.de\/unterwegs\/wp-content\/uploads\/2014\/05\/salat_1-300x225.jpg 300w, https:\/\/www.weine-feinkost.de\/unterwegs\/wp-content\/uploads\/2014\/05\/salat_1-1200x900.jpg 1200w, https:\/\/www.weine-feinkost.de\/unterwegs\/wp-content\/uploads\/2014\/05\/salat_1-768x576.jpg 768w, https:\/\/www.weine-feinkost.de\/unterwegs\/wp-content\/uploads\/2014\/05\/salat_1.jpg 1440w\" sizes=\"auto, (max-width: 300px) 100vw, 300px\" \/><\/a><\/p>\n<p style=\"text-align: center;\">2-3 reife Avocados, ein Bund Lauchzwiebeln, eine Dose besten Thunfischs, eine reife Tomate, Parmesan und 500 g frische Pasta. Oliven\u00f6l, Essig.<\/p>\n<p style=\"text-align: center;\"><a href=\"https:\/\/www.weine-feinkost.de\/unterwegs\/wp-content\/uploads\/2014\/05\/salat_2.jpg\"><img loading=\"lazy\" decoding=\"async\" class=\"aligncenter size-medium wp-image-155641\" src=\"https:\/\/www.weine-feinkost.de\/unterwegs\/wp-content\/uploads\/2014\/05\/salat_2-300x225.jpg\" alt=\"salat_2\" width=\"300\" height=\"225\" srcset=\"https:\/\/www.weine-feinkost.de\/unterwegs\/wp-content\/uploads\/2014\/05\/salat_2-300x225.jpg 300w, https:\/\/www.weine-feinkost.de\/unterwegs\/wp-content\/uploads\/2014\/05\/salat_2-1024x768.jpg 1024w, https:\/\/www.weine-feinkost.de\/unterwegs\/wp-content\/uploads\/2014\/05\/salat_2-600x450.jpg 600w, https:\/\/www.weine-feinkost.de\/unterwegs\/wp-content\/uploads\/2014\/05\/salat_2.jpg 1440w\" sizes=\"auto, (max-width: 300px) 100vw, 300px\" \/><\/a><\/p>\n<p style=\"text-align: center;\">Avocado und Tomate in St\u00fccke schneiden, von den Lauchzwiebeln das Weisse in Scheiben schneiden.<\/p>\n<p style=\"text-align: center;\"><a href=\"https:\/\/www.weine-feinkost.de\/unterwegs\/wp-content\/uploads\/2014\/05\/salat_3.jpg\"><img loading=\"lazy\" decoding=\"async\" class=\"aligncenter size-medium wp-image-141822\" src=\"https:\/\/www.weine-feinkost.de\/unterwegs\/wp-content\/uploads\/2014\/05\/salat_3-300x225.jpg\" alt=\"salat_3\" width=\"300\" height=\"225\" srcset=\"https:\/\/www.weine-feinkost.de\/unterwegs\/wp-content\/uploads\/2014\/05\/salat_3-300x225.jpg 300w, https:\/\/www.weine-feinkost.de\/unterwegs\/wp-content\/uploads\/2014\/05\/salat_3-1200x900.jpg 1200w, https:\/\/www.weine-feinkost.de\/unterwegs\/wp-content\/uploads\/2014\/05\/salat_3-768x576.jpg 768w, https:\/\/www.weine-feinkost.de\/unterwegs\/wp-content\/uploads\/2014\/05\/salat_3.jpg 1440w\" sizes=\"auto, (max-width: 300px) 100vw, 300px\" \/><\/a><\/p>\n<p style=\"text-align: center;\">Pasta kochen, abk\u00fchlen lassen und in eine flache Sch\u00fcssel geben. Die Zutaten auf die Pasta geben. Oliven\u00f6l und Weissweinessig dr\u00fcber giessen.<\/p>\n<p style=\"text-align: center;\"><a href=\"https:\/\/www.weine-feinkost.de\/unterwegs\/wp-content\/uploads\/2014\/05\/salat_4.jpg\"><img loading=\"lazy\" decoding=\"async\" class=\"aligncenter size-medium wp-image-144605\" src=\"https:\/\/www.weine-feinkost.de\/unterwegs\/wp-content\/uploads\/2014\/05\/salat_4-300x225.jpg\" alt=\"salat_4\" width=\"300\" height=\"225\" srcset=\"https:\/\/www.weine-feinkost.de\/unterwegs\/wp-content\/uploads\/2014\/05\/salat_4-300x225.jpg 300w, https:\/\/www.weine-feinkost.de\/unterwegs\/wp-content\/uploads\/2014\/05\/salat_4-1200x900.jpg 1200w, https:\/\/www.weine-feinkost.de\/unterwegs\/wp-content\/uploads\/2014\/05\/salat_4-768x576.jpg 768w, https:\/\/www.weine-feinkost.de\/unterwegs\/wp-content\/uploads\/2014\/05\/salat_4.jpg 1440w\" sizes=\"auto, (max-width: 300px) 100vw, 300px\" \/><\/a><\/p>\n<p style=\"text-align: center;\">Parmesan \u00fcber den Salat reiben. Mit Salz und Pfeffer abschmecken und ein wenig ziehen lassen. Vor dem Essen vermengen.<\/p>\n<p style=\"text-align: center;\"><a href=\"https:\/\/www.weine-feinkost.de\/unterwegs\/wp-content\/uploads\/2014\/05\/alat_5.jpg\"><img loading=\"lazy\" decoding=\"async\" class=\"aligncenter size-medium wp-image-155639\" src=\"https:\/\/www.weine-feinkost.de\/unterwegs\/wp-content\/uploads\/2014\/05\/alat_5-300x225.jpg\" alt=\"alat_5\" width=\"300\" height=\"225\" srcset=\"https:\/\/www.weine-feinkost.de\/unterwegs\/wp-content\/uploads\/2014\/05\/alat_5-300x225.jpg 300w, https:\/\/www.weine-feinkost.de\/unterwegs\/wp-content\/uploads\/2014\/05\/alat_5-1024x768.jpg 1024w, https:\/\/www.weine-feinkost.de\/unterwegs\/wp-content\/uploads\/2014\/05\/alat_5-600x450.jpg 600w, https:\/\/www.weine-feinkost.de\/unterwegs\/wp-content\/uploads\/2014\/05\/alat_5.jpg 1440w\" sizes=\"auto, (max-width: 300px) 100vw, 300px\" \/><\/a><\/p>\n<p style=\"text-align: center;\">\n","protected":false},"excerpt":{"rendered":"<p>2-3 reife Avocados, ein Bund Lauchzwiebeln, eine Dose besten Thunfischs, eine reife Tomate, Parmesan und 500 g frische Pasta. Oliven\u00f6l, Essig. Avocado und Tomate in St\u00fccke schneiden, von den Lauchzwiebeln das Weisse in Scheiben schneiden. Pasta kochen, abk\u00fchlen lassen und in eine flache Sch\u00fcssel geben. Die Zutaten auf die Pasta geben. Oliven\u00f6l und Weissweinessig dr\u00fcber &#8230; <a title=\"Tortellini- Avocado- Thunfisch Salat\" class=\"read-more\" href=\"https:\/\/www.weine-feinkost.de\/unterwegs\/2014\/05\/tortellini-avocado-thunfisch-salat\/\" aria-label=\"Mehr dazu unter Tortellini- Avocado- Thunfisch Salat\">Weiterlesen<\/a><\/p>\n","protected":false},"author":7,"featured_media":154665,"comment_status":"open","ping_status":"open","sticky":false,"template":"","format":"standard","meta":{"_jetpack_newsletter_access":"","_jetpack_dont_email_post_to_subs":false,"_jetpack_newsletter_tier_id":0,"_jetpack_memberships_contains_paywalled_content":false,"_jetpack_feature_clip_id":0,"_jetpack_memberships_contains_paid_content":false,"footnotes":"","jetpack_publicize_message":"","jetpack_publicize_feature_enabled":true,"jetpack_social_post_already_shared":false,"jetpack_social_options":{"image_generator_settings":{"template":"highway","default_image_id":0,"font":"","enabled":false},"version":2},"jetpack_post_was_ever_published":false},"categories":[17],"tags":[],"post_folder":[],"class_list":["post-23747","post","type-post","status-publish","format-standard","has-post-thumbnail","hentry","category-rezepte"],"yoast_head":"<!-- This site is optimized with the Yoast SEO plugin v28.3 - https:\/\/yoast.com\/product\/yoast-seo-wordpress\/ -->\n<title>Tortellini- Avocado- Thunfisch Salat - Unterwegs mit Weine &amp; Feinkost<\/title>\n<meta name=\"robots\" content=\"index, follow, max-snippet:-1, max-image-preview:large, max-video-preview:-1\" \/>\n<link rel=\"canonical\" href=\"https:\/\/www.weine-feinkost.de\/unterwegs\/2014\/05\/tortellini-avocado-thunfisch-salat\/\" \/>\n<meta property=\"og:locale\" content=\"de_DE\" \/>\n<meta property=\"og:type\" content=\"article\" \/>\n<meta property=\"og:title\" content=\"Tortellini- Avocado- Thunfisch Salat - Unterwegs mit Weine &amp; Feinkost\" \/>\n<meta property=\"og:description\" content=\"2-3 reife Avocados, ein Bund Lauchzwiebeln, eine Dose besten Thunfischs, eine reife Tomate, Parmesan und 500 g frische Pasta. Oliven\u00f6l, Essig. Avocado und Tomate in St\u00fccke schneiden, von den Lauchzwiebeln das Weisse in Scheiben schneiden. Pasta kochen, abk\u00fchlen lassen und in eine flache Sch\u00fcssel geben. Die Zutaten auf die Pasta geben. Oliven\u00f6l und Weissweinessig dr\u00fcber ... Weiterlesen\" \/>\n<meta property=\"og:url\" content=\"https:\/\/www.weine-feinkost.de\/unterwegs\/2014\/05\/tortellini-avocado-thunfisch-salat\/\" \/>\n<meta property=\"og:site_name\" content=\"Unterwegs mit Weine &amp; Feinkost\" \/>\n<meta property=\"article:published_time\" content=\"2014-05-22T06:10:04+00:00\" \/>\n<meta property=\"og:image\" content=\"https:\/\/www.weine-feinkost.de\/unterwegs\/wp-content\/uploads\/2013\/10\/weine-feinkost_picantje_van_fond.jpg\" \/>\n\t<meta property=\"og:image:width\" content=\"240\" \/>\n\t<meta property=\"og:image:height\" content=\"180\" \/>\n\t<meta property=\"og:image:type\" content=\"image\/jpeg\" \/>\n<meta name=\"author\" content=\"Christian Fenske\" \/>\n<meta name=\"twitter:card\" content=\"summary_large_image\" \/>\n<meta name=\"twitter:label1\" content=\"Verfasst von\" \/>\n\t<meta name=\"twitter:data1\" content=\"Christian Fenske\" \/>\n<script type=\"application\/ld+json\" class=\"yoast-schema-graph\">{\"@context\":\"https:\\\/\\\/schema.org\",\"@graph\":[{\"@type\":\"Article\",\"@id\":\"https:\\\/\\\/www.weine-feinkost.de\\\/unterwegs\\\/2014\\\/05\\\/tortellini-avocado-thunfisch-salat\\\/#article\",\"isPartOf\":{\"@id\":\"https:\\\/\\\/www.weine-feinkost.de\\\/unterwegs\\\/2014\\\/05\\\/tortellini-avocado-thunfisch-salat\\\/\"},\"author\":{\"name\":\"Christian Fenske\",\"@id\":\"https:\\\/\\\/www.weine-feinkost.de\\\/unterwegs\\\/#\\\/schema\\\/person\\\/c07d66169fd0e04307bfe7cdc99ac26a\"},\"headline\":\"Tortellini- Avocado- Thunfisch Salat\",\"datePublished\":\"2014-05-22T06:10:04+00:00\",\"mainEntityOfPage\":{\"@id\":\"https:\\\/\\\/www.weine-feinkost.de\\\/unterwegs\\\/2014\\\/05\\\/tortellini-avocado-thunfisch-salat\\\/\"},\"wordCount\":84,\"commentCount\":0,\"publisher\":{\"@id\":\"https:\\\/\\\/www.weine-feinkost.de\\\/unterwegs\\\/#organization\"},\"image\":{\"@id\":\"https:\\\/\\\/www.weine-feinkost.de\\\/unterwegs\\\/2014\\\/05\\\/tortellini-avocado-thunfisch-salat\\\/#primaryimage\"},\"thumbnailUrl\":\"https:\\\/\\\/www.weine-feinkost.de\\\/unterwegs\\\/wp-content\\\/uploads\\\/2013\\\/10\\\/weine-feinkost_picantje_van_fond.jpg\",\"articleSection\":[\"Rezepte\"],\"inLanguage\":\"de\",\"potentialAction\":[{\"@type\":\"CommentAction\",\"name\":\"Comment\",\"target\":[\"https:\\\/\\\/www.weine-feinkost.de\\\/unterwegs\\\/2014\\\/05\\\/tortellini-avocado-thunfisch-salat\\\/#respond\"]}]},{\"@type\":\"WebPage\",\"@id\":\"https:\\\/\\\/www.weine-feinkost.de\\\/unterwegs\\\/2014\\\/05\\\/tortellini-avocado-thunfisch-salat\\\/\",\"url\":\"https:\\\/\\\/www.weine-feinkost.de\\\/unterwegs\\\/2014\\\/05\\\/tortellini-avocado-thunfisch-salat\\\/\",\"name\":\"Tortellini- Avocado- Thunfisch Salat - Unterwegs mit Weine &amp; Feinkost\",\"isPartOf\":{\"@id\":\"https:\\\/\\\/www.weine-feinkost.de\\\/unterwegs\\\/#website\"},\"primaryImageOfPage\":{\"@id\":\"https:\\\/\\\/www.weine-feinkost.de\\\/unterwegs\\\/2014\\\/05\\\/tortellini-avocado-thunfisch-salat\\\/#primaryimage\"},\"image\":{\"@id\":\"https:\\\/\\\/www.weine-feinkost.de\\\/unterwegs\\\/2014\\\/05\\\/tortellini-avocado-thunfisch-salat\\\/#primaryimage\"},\"thumbnailUrl\":\"https:\\\/\\\/www.weine-feinkost.de\\\/unterwegs\\\/wp-content\\\/uploads\\\/2013\\\/10\\\/weine-feinkost_picantje_van_fond.jpg\",\"datePublished\":\"2014-05-22T06:10:04+00:00\",\"breadcrumb\":{\"@id\":\"https:\\\/\\\/www.weine-feinkost.de\\\/unterwegs\\\/2014\\\/05\\\/tortellini-avocado-thunfisch-salat\\\/#breadcrumb\"},\"inLanguage\":\"de\",\"potentialAction\":[{\"@type\":\"ReadAction\",\"target\":[\"https:\\\/\\\/www.weine-feinkost.de\\\/unterwegs\\\/2014\\\/05\\\/tortellini-avocado-thunfisch-salat\\\/\"]}]},{\"@type\":\"ImageObject\",\"inLanguage\":\"de\",\"@id\":\"https:\\\/\\\/www.weine-feinkost.de\\\/unterwegs\\\/2014\\\/05\\\/tortellini-avocado-thunfisch-salat\\\/#primaryimage\",\"url\":\"https:\\\/\\\/www.weine-feinkost.de\\\/unterwegs\\\/wp-content\\\/uploads\\\/2013\\\/10\\\/weine-feinkost_picantje_van_fond.jpg\",\"contentUrl\":\"https:\\\/\\\/www.weine-feinkost.de\\\/unterwegs\\\/wp-content\\\/uploads\\\/2013\\\/10\\\/weine-feinkost_picantje_van_fond.jpg\",\"width\":240,\"height\":180},{\"@type\":\"BreadcrumbList\",\"@id\":\"https:\\\/\\\/www.weine-feinkost.de\\\/unterwegs\\\/2014\\\/05\\\/tortellini-avocado-thunfisch-salat\\\/#breadcrumb\",\"itemListElement\":[{\"@type\":\"ListItem\",\"position\":1,\"name\":\"Startseite\",\"item\":\"https:\\\/\\\/www.weine-feinkost.de\\\/unterwegs\\\/\"},{\"@type\":\"ListItem\",\"position\":2,\"name\":\"Tortellini- Avocado- Thunfisch Salat\"}]},{\"@type\":\"WebSite\",\"@id\":\"https:\\\/\\\/www.weine-feinkost.de\\\/unterwegs\\\/#website\",\"url\":\"https:\\\/\\\/www.weine-feinkost.de\\\/unterwegs\\\/\",\"name\":\"Unterwegs mit Weine &amp; Feinkost\",\"description\":\"Entdecken Sie Genuss\",\"publisher\":{\"@id\":\"https:\\\/\\\/www.weine-feinkost.de\\\/unterwegs\\\/#organization\"},\"potentialAction\":[{\"@type\":\"SearchAction\",\"target\":{\"@type\":\"EntryPoint\",\"urlTemplate\":\"https:\\\/\\\/www.weine-feinkost.de\\\/unterwegs\\\/?s={search_term_string}\"},\"query-input\":{\"@type\":\"PropertyValueSpecification\",\"valueRequired\":true,\"valueName\":\"search_term_string\"}}],\"inLanguage\":\"de\"},{\"@type\":\"Organization\",\"@id\":\"https:\\\/\\\/www.weine-feinkost.de\\\/unterwegs\\\/#organization\",\"name\":\"Unterwegs mit Weine &amp; Feinkost\",\"url\":\"https:\\\/\\\/www.weine-feinkost.de\\\/unterwegs\\\/\",\"logo\":{\"@type\":\"ImageObject\",\"inLanguage\":\"de\",\"@id\":\"https:\\\/\\\/www.weine-feinkost.de\\\/unterwegs\\\/#\\\/schema\\\/logo\\\/image\\\/\",\"url\":\"https:\\\/\\\/www.weine-feinkost.de\\\/unterwegs\\\/wp-content\\\/uploads\\\/2022\\\/10\\\/logo_weinefeinkost_unterwegs_450x171.png\",\"contentUrl\":\"https:\\\/\\\/www.weine-feinkost.de\\\/unterwegs\\\/wp-content\\\/uploads\\\/2022\\\/10\\\/logo_weinefeinkost_unterwegs_450x171.png\",\"width\":450,\"height\":171,\"caption\":\"Unterwegs mit Weine &amp; Feinkost\"},\"image\":{\"@id\":\"https:\\\/\\\/www.weine-feinkost.de\\\/unterwegs\\\/#\\\/schema\\\/logo\\\/image\\\/\"}},{\"@type\":\"Person\",\"@id\":\"https:\\\/\\\/www.weine-feinkost.de\\\/unterwegs\\\/#\\\/schema\\\/person\\\/c07d66169fd0e04307bfe7cdc99ac26a\",\"name\":\"Christian Fenske\",\"image\":{\"@type\":\"ImageObject\",\"inLanguage\":\"de\",\"@id\":\"https:\\\/\\\/www.weine-feinkost.de\\\/unterwegs\\\/wp-content\\\/uploads\\\/2023\\\/01\\\/cropped-christian_profilbild-96x96.png\",\"url\":\"https:\\\/\\\/www.weine-feinkost.de\\\/unterwegs\\\/wp-content\\\/uploads\\\/2023\\\/01\\\/cropped-christian_profilbild-96x96.png\",\"contentUrl\":\"https:\\\/\\\/www.weine-feinkost.de\\\/unterwegs\\\/wp-content\\\/uploads\\\/2023\\\/01\\\/cropped-christian_profilbild-96x96.png\",\"caption\":\"Christian Fenske\"},\"description\":\"Zusammen an einem Tisch sitzen, gemeinsam zu kommunizieren und zu genie\u00dfen, das ist eine der herausragenden kulturellen Errungenschaft der Menschheit.\",\"url\":\"https:\\\/\\\/www.weine-feinkost.de\\\/unterwegs\\\/author\\\/christian-fenske\\\/\"}]}<\/script>\n<!-- \/ Yoast SEO plugin. -->","yoast_head_json":{"title":"Tortellini- Avocado- Thunfisch Salat - Unterwegs mit Weine &amp; Feinkost","robots":{"index":"index","follow":"follow","max-snippet":"max-snippet:-1","max-image-preview":"max-image-preview:large","max-video-preview":"max-video-preview:-1"},"canonical":"https:\/\/www.weine-feinkost.de\/unterwegs\/2014\/05\/tortellini-avocado-thunfisch-salat\/","og_locale":"de_DE","og_type":"article","og_title":"Tortellini- Avocado- Thunfisch Salat - Unterwegs mit Weine &amp; Feinkost","og_description":"2-3 reife Avocados, ein Bund Lauchzwiebeln, eine Dose besten Thunfischs, eine reife Tomate, Parmesan und 500 g frische Pasta. Oliven\u00f6l, Essig. Avocado und Tomate in St\u00fccke schneiden, von den Lauchzwiebeln das Weisse in Scheiben schneiden. Pasta kochen, abk\u00fchlen lassen und in eine flache Sch\u00fcssel geben. Die Zutaten auf die Pasta geben. Oliven\u00f6l und Weissweinessig dr\u00fcber ... Weiterlesen","og_url":"https:\/\/www.weine-feinkost.de\/unterwegs\/2014\/05\/tortellini-avocado-thunfisch-salat\/","og_site_name":"Unterwegs mit Weine &amp; Feinkost","article_published_time":"2014-05-22T06:10:04+00:00","og_image":[{"width":240,"height":180,"url":"https:\/\/www.weine-feinkost.de\/unterwegs\/wp-content\/uploads\/2013\/10\/weine-feinkost_picantje_van_fond.jpg","type":"image\/jpeg"}],"author":"Christian Fenske","twitter_card":"summary_large_image","twitter_misc":{"Verfasst von":"Christian Fenske"},"schema":{"@context":"https:\/\/schema.org","@graph":[{"@type":"Article","@id":"https:\/\/www.weine-feinkost.de\/unterwegs\/2014\/05\/tortellini-avocado-thunfisch-salat\/#article","isPartOf":{"@id":"https:\/\/www.weine-feinkost.de\/unterwegs\/2014\/05\/tortellini-avocado-thunfisch-salat\/"},"author":{"name":"Christian Fenske","@id":"https:\/\/www.weine-feinkost.de\/unterwegs\/#\/schema\/person\/c07d66169fd0e04307bfe7cdc99ac26a"},"headline":"Tortellini- Avocado- Thunfisch Salat","datePublished":"2014-05-22T06:10:04+00:00","mainEntityOfPage":{"@id":"https:\/\/www.weine-feinkost.de\/unterwegs\/2014\/05\/tortellini-avocado-thunfisch-salat\/"},"wordCount":84,"commentCount":0,"publisher":{"@id":"https:\/\/www.weine-feinkost.de\/unterwegs\/#organization"},"image":{"@id":"https:\/\/www.weine-feinkost.de\/unterwegs\/2014\/05\/tortellini-avocado-thunfisch-salat\/#primaryimage"},"thumbnailUrl":"https:\/\/www.weine-feinkost.de\/unterwegs\/wp-content\/uploads\/2013\/10\/weine-feinkost_picantje_van_fond.jpg","articleSection":["Rezepte"],"inLanguage":"de","potentialAction":[{"@type":"CommentAction","name":"Comment","target":["https:\/\/www.weine-feinkost.de\/unterwegs\/2014\/05\/tortellini-avocado-thunfisch-salat\/#respond"]}]},{"@type":"WebPage","@id":"https:\/\/www.weine-feinkost.de\/unterwegs\/2014\/05\/tortellini-avocado-thunfisch-salat\/","url":"https:\/\/www.weine-feinkost.de\/unterwegs\/2014\/05\/tortellini-avocado-thunfisch-salat\/","name":"Tortellini- Avocado- Thunfisch Salat - Unterwegs mit Weine &amp; Feinkost","isPartOf":{"@id":"https:\/\/www.weine-feinkost.de\/unterwegs\/#website"},"primaryImageOfPage":{"@id":"https:\/\/www.weine-feinkost.de\/unterwegs\/2014\/05\/tortellini-avocado-thunfisch-salat\/#primaryimage"},"image":{"@id":"https:\/\/www.weine-feinkost.de\/unterwegs\/2014\/05\/tortellini-avocado-thunfisch-salat\/#primaryimage"},"thumbnailUrl":"https:\/\/www.weine-feinkost.de\/unterwegs\/wp-content\/uploads\/2013\/10\/weine-feinkost_picantje_van_fond.jpg","datePublished":"2014-05-22T06:10:04+00:00","breadcrumb":{"@id":"https:\/\/www.weine-feinkost.de\/unterwegs\/2014\/05\/tortellini-avocado-thunfisch-salat\/#breadcrumb"},"inLanguage":"de","potentialAction":[{"@type":"ReadAction","target":["https:\/\/www.weine-feinkost.de\/unterwegs\/2014\/05\/tortellini-avocado-thunfisch-salat\/"]}]},{"@type":"ImageObject","inLanguage":"de","@id":"https:\/\/www.weine-feinkost.de\/unterwegs\/2014\/05\/tortellini-avocado-thunfisch-salat\/#primaryimage","url":"https:\/\/www.weine-feinkost.de\/unterwegs\/wp-content\/uploads\/2013\/10\/weine-feinkost_picantje_van_fond.jpg","contentUrl":"https:\/\/www.weine-feinkost.de\/unterwegs\/wp-content\/uploads\/2013\/10\/weine-feinkost_picantje_van_fond.jpg","width":240,"height":180},{"@type":"BreadcrumbList","@id":"https:\/\/www.weine-feinkost.de\/unterwegs\/2014\/05\/tortellini-avocado-thunfisch-salat\/#breadcrumb","itemListElement":[{"@type":"ListItem","position":1,"name":"Startseite","item":"https:\/\/www.weine-feinkost.de\/unterwegs\/"},{"@type":"ListItem","position":2,"name":"Tortellini- Avocado- Thunfisch Salat"}]},{"@type":"WebSite","@id":"https:\/\/www.weine-feinkost.de\/unterwegs\/#website","url":"https:\/\/www.weine-feinkost.de\/unterwegs\/","name":"Unterwegs mit Weine &amp; Feinkost","description":"Entdecken Sie Genuss","publisher":{"@id":"https:\/\/www.weine-feinkost.de\/unterwegs\/#organization"},"potentialAction":[{"@type":"SearchAction","target":{"@type":"EntryPoint","urlTemplate":"https:\/\/www.weine-feinkost.de\/unterwegs\/?s={search_term_string}"},"query-input":{"@type":"PropertyValueSpecification","valueRequired":true,"valueName":"search_term_string"}}],"inLanguage":"de"},{"@type":"Organization","@id":"https:\/\/www.weine-feinkost.de\/unterwegs\/#organization","name":"Unterwegs mit Weine &amp; Feinkost","url":"https:\/\/www.weine-feinkost.de\/unterwegs\/","logo":{"@type":"ImageObject","inLanguage":"de","@id":"https:\/\/www.weine-feinkost.de\/unterwegs\/#\/schema\/logo\/image\/","url":"https:\/\/www.weine-feinkost.de\/unterwegs\/wp-content\/uploads\/2022\/10\/logo_weinefeinkost_unterwegs_450x171.png","contentUrl":"https:\/\/www.weine-feinkost.de\/unterwegs\/wp-content\/uploads\/2022\/10\/logo_weinefeinkost_unterwegs_450x171.png","width":450,"height":171,"caption":"Unterwegs mit Weine &amp; Feinkost"},"image":{"@id":"https:\/\/www.weine-feinkost.de\/unterwegs\/#\/schema\/logo\/image\/"}},{"@type":"Person","@id":"https:\/\/www.weine-feinkost.de\/unterwegs\/#\/schema\/person\/c07d66169fd0e04307bfe7cdc99ac26a","name":"Christian Fenske","image":{"@type":"ImageObject","inLanguage":"de","@id":"https:\/\/www.weine-feinkost.de\/unterwegs\/wp-content\/uploads\/2023\/01\/cropped-christian_profilbild-96x96.png","url":"https:\/\/www.weine-feinkost.de\/unterwegs\/wp-content\/uploads\/2023\/01\/cropped-christian_profilbild-96x96.png","contentUrl":"https:\/\/www.weine-feinkost.de\/unterwegs\/wp-content\/uploads\/2023\/01\/cropped-christian_profilbild-96x96.png","caption":"Christian Fenske"},"description":"Zusammen an einem Tisch sitzen, gemeinsam zu kommunizieren und zu genie\u00dfen, das ist eine der herausragenden kulturellen Errungenschaft der Menschheit.","url":"https:\/\/www.weine-feinkost.de\/unterwegs\/author\/christian-fenske\/"}]}},"jetpack_publicize_connections":[],"jetpack_shortlink":"https:\/\/wp.me\/p68Tjo-6b1","jetpack_sharing_enabled":true,"jetpack_likes_enabled":true,"jetpack_featured_media_url":"https:\/\/www.weine-feinkost.de\/unterwegs\/wp-content\/uploads\/2013\/10\/weine-feinkost_picantje_van_fond.jpg","_links":{"self":[{"href":"https:\/\/www.weine-feinkost.de\/unterwegs\/wp-json\/wp\/v2\/posts\/23747","targetHints":{"allow":["GET"]}}],"collection":[{"href":"https:\/\/www.weine-feinkost.de\/unterwegs\/wp-json\/wp\/v2\/posts"}],"about":[{"href":"https:\/\/www.weine-feinkost.de\/unterwegs\/wp-json\/wp\/v2\/types\/post"}],"author":[{"embeddable":true,"href":"https:\/\/www.weine-feinkost.de\/unterwegs\/wp-json\/wp\/v2\/users\/7"}],"replies":[{"embeddable":true,"href":"https:\/\/www.weine-feinkost.de\/unterwegs\/wp-json\/wp\/v2\/comments?post=23747"}],"version-history":[{"count":0,"href":"https:\/\/www.weine-feinkost.de\/unterwegs\/wp-json\/wp\/v2\/posts\/23747\/revisions"}],"wp:featuredmedia":[{"embeddable":true,"href":"https:\/\/www.weine-feinkost.de\/unterwegs\/wp-json\/wp\/v2\/media\/154665"}],"wp:attachment":[{"href":"https:\/\/www.weine-feinkost.de\/unterwegs\/wp-json\/wp\/v2\/media?parent=23747"}],"wp:term":[{"taxonomy":"category","embeddable":true,"href":"https:\/\/www.weine-feinkost.de\/unterwegs\/wp-json\/wp\/v2\/categories?post=23747"},{"taxonomy":"post_tag","embeddable":true,"href":"https:\/\/www.weine-feinkost.de\/unterwegs\/wp-json\/wp\/v2\/tags?post=23747"},{"taxonomy":"post_folder","embeddable":true,"href":"https:\/\/www.weine-feinkost.de\/unterwegs\/wp-json\/wp\/v2\/post_folder?post=23747"}],"curies":[{"name":"wp","href":"https:\/\/api.w.org\/{rel}","templated":true}]}}