{"id":24874,"date":"2014-10-21T10:41:59","date_gmt":"2014-10-21T08:41:59","guid":{"rendered":"https:\/\/www.weine-feinkost.de\/unterwegs\/?p=24874"},"modified":"2023-03-22T17:22:12","modified_gmt":"2023-03-22T16:22:12","slug":"karlbacher-l-herbe-de-provence-grosskarlbach-deutschland","status":"publish","type":"post","link":"https:\/\/www.weine-feinkost.de\/unterwegs\/2014\/10\/karlbacher-l-herbe-de-provence-grosskarlbach-deutschland\/","title":{"rendered":"Karlbacher  L&#8216; herbe de Provence &#8211; Gro\u00dfkarlbach &#8211; Deutschland"},"content":{"rendered":"<p>Es ist leider eine Tatsache, dass in den Restaurants auf dem Lande eine bessere Kost gereicht wird als in den meisten st\u00e4dtischen Zonen. So wie in dem pf\u00e4lzischen 1000 Seelen Dorf Grosskarlbach. Hier gibt es weder einen Supermarkt noch einen Geldautomaten, aber ein Restaurant Namens L&#8217;herbe de Provence, das diesen Namen zurecht verdient und von dem Els\u00e4sser Koch Christian Rubert begeistert gef\u00fchrt wird. Es gibt gerade einmal 12 Gerichte auf der Karte, wo sich eine Kreation leckerer als die andere anliest. Von leicht mediterran bis hin zu modern- pf\u00e4lzisch reicht hier das Potpourri der eigenen Kompositionen. Und auch was dann aus der K\u00fcche kommt, macht Biss f\u00fcr Biss gro\u00dfen Spa\u00df und l\u00e4sst einen in einem wundersch\u00f6nen Ambiente den Alltag vollends vergessen.<\/p>\n<p><a href=\"https:\/\/www.weine-feinkost.de\/unterwegs\/wp-content\/uploads\/2014\/08\/Karlbacher-L-herbe-de-Provence-Gro\u00dfkarlbach-Deutschland_8.jpeg\"><img loading=\"lazy\" decoding=\"async\" class=\"aligncenter size-medium wp-image-0\" src=\"https:\/\/www.weine-feinkost.de\/unterwegs\/wp-content\/uploads\/2014\/08\/Karlbacher-L-herbe-de-Provence-Gro\u00dfkarlbach-Deutschland_8-300x225.jpeg\" alt=\"Karlbacher L' herbe de Provence - Gro\u00dfkarlbach - Deutschland_8\" width=\"300\" height=\"225\"><\/a><a href=\"https:\/\/www.weine-feinkost.de\/unterwegs\/wp-content\/uploads\/2014\/08\/Karlbacher-L-herbe-de-Provence-Gro\u00dfkarlbach-Deutschland_7.jpeg\"><img loading=\"lazy\" decoding=\"async\" class=\"aligncenter size-medium wp-image-0\" src=\"https:\/\/www.weine-feinkost.de\/unterwegs\/wp-content\/uploads\/2014\/08\/Karlbacher-L-herbe-de-Provence-Gro\u00dfkarlbach-Deutschland_7-300x225.jpeg\" alt=\"Karlbacher L' herbe de Provence - Gro\u00dfkarlbach - Deutschland_7\" width=\"300\" height=\"225\"><\/a><\/p>\n<p style=\"text-align: center;\"><a href=\"https:\/\/www.weine-feinkost.de\/unterwegs\/wp-content\/uploads\/2014\/08\/Karlbacher_L_herbe_de_Provence_Gro\u00dfkarlbach_Deutschland_1.jpeg\"><img loading=\"lazy\" decoding=\"async\" class=\"aligncenter size-medium wp-image-0\" src=\"https:\/\/www.weine-feinkost.de\/unterwegs\/wp-content\/uploads\/2014\/08\/Karlbacher_L_herbe_de_Provence_Gro\u00dfkarlbach_Deutschland_1-300x225.jpeg\" alt=\"Karlbacher_L'_herbe_de_Provence_Gro\u00dfkarlbach_Deutschland_1\" width=\"300\" height=\"225\"><\/a>Dreierlei Variationen vom Paprika.<\/p>\n<p style=\"text-align: center;\"><a href=\"https:\/\/www.weine-feinkost.de\/unterwegs\/wp-content\/uploads\/2014\/08\/Karlbacher-L-herbe-de-Provence-Gro\u00dfkarlbach-Deutschland_2.jpeg\"><img loading=\"lazy\" decoding=\"async\" class=\"aligncenter size-medium wp-image-0\" src=\"https:\/\/www.weine-feinkost.de\/unterwegs\/wp-content\/uploads\/2014\/08\/Karlbacher-L-herbe-de-Provence-Gro\u00dfkarlbach-Deutschland_2-300x225.jpeg\" alt=\"Karlbacher L' herbe de Provence - Gro\u00dfkarlbach - Deutschland_2\" width=\"300\" height=\"225\"><\/a>Miesmuscheln &#8222;Rheinische Art&#8220;<\/p>\n<p style=\"text-align: center;\"><a href=\"https:\/\/www.weine-feinkost.de\/unterwegs\/wp-content\/uploads\/2014\/08\/Karlbacher-L-herbe-de-Provence-Gro\u00dfkarlbach-Deutschland_3.jpeg\"><img loading=\"lazy\" decoding=\"async\" class=\"aligncenter size-medium wp-image-0\" src=\"https:\/\/www.weine-feinkost.de\/unterwegs\/wp-content\/uploads\/2014\/08\/Karlbacher-L-herbe-de-Provence-Gro\u00dfkarlbach-Deutschland_3-300x225.jpeg\" alt=\"Karlbacher L' herbe de Provence - Gro\u00dfkarlbach - Deutschland_3\" width=\"300\" height=\"225\"><\/a>Wassermelone Lachsforelle.<\/p>\n<p style=\"text-align: center;\"><a href=\"https:\/\/www.weine-feinkost.de\/unterwegs\/wp-content\/uploads\/2014\/08\/Karlbacher-L-herbe-de-Provence-Gro\u00dfkarlbach-Deutschland_4.jpeg\"><img loading=\"lazy\" decoding=\"async\" class=\"aligncenter size-medium wp-image-0\" src=\"https:\/\/www.weine-feinkost.de\/unterwegs\/wp-content\/uploads\/2014\/08\/Karlbacher-L-herbe-de-Provence-Gro\u00dfkarlbach-Deutschland_4-300x225.jpeg\" alt=\"Karlbacher L' herbe de Provence - Gro\u00dfkarlbach - Deutschland_4\" width=\"300\" height=\"225\"><\/a>Brotsalat mit Kirschtomaten und Pesto, Makrele und Pulpo mit Chorizo, Saubohnen und Parmesan-Chip.<\/p>\n<p style=\"text-align: center;\"><a href=\"https:\/\/www.weine-feinkost.de\/unterwegs\/wp-content\/uploads\/2014\/08\/Karlbacher-L-herbe-de-Provence-Gro\u00dfkarlbach-Deutschland_5.jpeg\"><img loading=\"lazy\" decoding=\"async\" class=\"aligncenter size-medium wp-image-0\" src=\"https:\/\/www.weine-feinkost.de\/unterwegs\/wp-content\/uploads\/2014\/08\/Karlbacher-L-herbe-de-Provence-Gro\u00dfkarlbach-Deutschland_5-300x225.jpeg\" alt=\"Karlbacher L' herbe de Provence - Gro\u00dfkarlbach - Deutschland_5\" width=\"300\" height=\"225\"><\/a>Steak vom Donnersberger Landschwein mit Chili-Blutwurst-Streusel. Pellkartoffeln mit Sauerrahm und Apfel-Tymian-Kompott.<\/p>\n<p style=\"text-align: center;\"><a href=\"https:\/\/www.weine-feinkost.de\/unterwegs\/wp-content\/uploads\/2014\/08\/Karlbacher-L-herbe-de-Provence-Gro\u00dfkarlbach-Deutschland_6.jpeg\"><img loading=\"lazy\" decoding=\"async\" class=\"aligncenter size-medium wp-image-0\" src=\"https:\/\/www.weine-feinkost.de\/unterwegs\/wp-content\/uploads\/2014\/08\/Karlbacher-L-herbe-de-Provence-Gro\u00dfkarlbach-Deutschland_6-300x225.jpeg\" alt=\"Karlbacher L' herbe de Provence - Gro\u00dfkarlbach - Deutschland_6\" width=\"300\" height=\"225\"><\/a>Mirabelle mit hausgemachtem Frischk\u00e4se.<\/p>\n<p>&nbsp;<\/p>\n<address><strong>Karlbacher<\/strong><br \/>\n<strong> L&#8216; herbe de Provence<\/strong><br \/>\nHauptstra\u00dfe 57<br \/>\n67229 Gro\u00dfkarlbach<\/address>\n<address>Telefon: 06238 &#8211; 3737<\/address>\n<address><a href=\"http:\/\/www.karlbacher.info\/\">www.karlbacher.info<\/a><\/address>\n","protected":false},"excerpt":{"rendered":"<p>Es ist leider eine Tatsache, dass in den Restaurants auf dem Lande eine bessere Kost gereicht wird als in den meisten st\u00e4dtischen Zonen. So wie in dem pf\u00e4lzischen 1000 Seelen Dorf Grosskarlbach. Hier gibt es weder einen Supermarkt noch einen Geldautomaten, aber ein Restaurant Namens L&#8217;herbe de Provence, das diesen Namen zurecht verdient und von &#8230; <a title=\"Karlbacher  L&#8216; herbe de Provence &#8211; Gro\u00dfkarlbach &#8211; Deutschland\" class=\"read-more\" href=\"https:\/\/www.weine-feinkost.de\/unterwegs\/2014\/10\/karlbacher-l-herbe-de-provence-grosskarlbach-deutschland\/\" aria-label=\"Mehr dazu unter Karlbacher  L&#8216; herbe de Provence &#8211; Gro\u00dfkarlbach &#8211; Deutschland\">Weiterlesen<\/a><\/p>\n","protected":false},"author":7,"featured_media":144934,"comment_status":"open","ping_status":"open","sticky":false,"template":"","format":"standard","meta":{"_jetpack_newsletter_access":"","_jetpack_dont_email_post_to_subs":false,"_jetpack_newsletter_tier_id":0,"_jetpack_memberships_contains_paywalled_content":false,"_jetpack_feature_clip_id":0,"_jetpack_memberships_contains_paid_content":false,"footnotes":"","jetpack_publicize_message":"","jetpack_publicize_feature_enabled":true,"jetpack_social_post_already_shared":false,"jetpack_social_options":{"image_generator_settings":{"template":"highway","default_image_id":0,"font":"","enabled":false},"version":2},"jetpack_post_was_ever_published":false},"categories":[31,13],"tags":[120,122,166,167,73],"post_folder":[],"class_list":["post-24874","post","type-post","status-publish","format-standard","has-post-thumbnail","hentry","category-deutschland-restaurants","category-restaurants","tag-deutschland","tag-grosskarlbach","tag-karlbacher","tag-l-herbe-de-provence","tag-restaurant"],"yoast_head":"<!-- This site is optimized with the Yoast SEO plugin v28.3 - https:\/\/yoast.com\/product\/yoast-seo-wordpress\/ -->\n<title>Karlbacher L&#039; herbe de Provence - Gro\u00dfkarlbach - Deutschland - Unterwegs mit Weine &amp; Feinkost<\/title>\n<meta name=\"description\" content=\"Ein Restaurant Geheimtipp in Gro\u00dfkarlbach in der Pfalz das L&#039; herbe de Provence.\" \/>\n<meta name=\"robots\" content=\"index, follow, max-snippet:-1, max-image-preview:large, max-video-preview:-1\" \/>\n<link rel=\"canonical\" href=\"https:\/\/www.weine-feinkost.de\/unterwegs\/2014\/10\/karlbacher-l-herbe-de-provence-grosskarlbach-deutschland\/\" \/>\n<meta property=\"og:locale\" content=\"de_DE\" \/>\n<meta property=\"og:type\" content=\"article\" \/>\n<meta property=\"og:title\" content=\"Karlbacher L&#039; herbe de Provence - Gro\u00dfkarlbach - Deutschland - Unterwegs mit Weine &amp; Feinkost\" \/>\n<meta property=\"og:description\" content=\"Ein Restaurant Geheimtipp in Gro\u00dfkarlbach in der Pfalz das L&#039; herbe de Provence.\" \/>\n<meta property=\"og:url\" content=\"https:\/\/www.weine-feinkost.de\/unterwegs\/2014\/10\/karlbacher-l-herbe-de-provence-grosskarlbach-deutschland\/\" \/>\n<meta property=\"og:site_name\" content=\"Unterwegs mit Weine &amp; Feinkost\" \/>\n<meta property=\"article:published_time\" content=\"2014-10-21T08:41:59+00:00\" \/>\n<meta property=\"article:modified_time\" content=\"2023-03-22T16:22:12+00:00\" \/>\n<meta property=\"og:image\" content=\"https:\/\/www.weine-feinkost.de\/unterwegs\/wp-content\/uploads\/2015\/05\/Etxebarri_Victor_Arguinzoniz_Atxondo_Spanien_20.jpeg\" \/>\n\t<meta property=\"og:image:width\" content=\"640\" \/>\n\t<meta property=\"og:image:height\" content=\"480\" \/>\n\t<meta property=\"og:image:type\" content=\"image\/jpeg\" \/>\n<meta name=\"author\" content=\"Christian Fenske\" \/>\n<meta name=\"twitter:card\" content=\"summary_large_image\" \/>\n<meta name=\"twitter:label1\" content=\"Verfasst von\" \/>\n\t<meta name=\"twitter:data1\" content=\"Christian Fenske\" \/>\n\t<meta name=\"twitter:label2\" content=\"Gesch\u00e4tzte Lesezeit\" \/>\n\t<meta name=\"twitter:data2\" content=\"3\u00a0Minuten\" \/>\n<script type=\"application\/ld+json\" class=\"yoast-schema-graph\">{\"@context\":\"https:\\\/\\\/schema.org\",\"@graph\":[{\"@type\":\"Article\",\"@id\":\"https:\\\/\\\/www.weine-feinkost.de\\\/unterwegs\\\/2014\\\/10\\\/karlbacher-l-herbe-de-provence-grosskarlbach-deutschland\\\/#article\",\"isPartOf\":{\"@id\":\"https:\\\/\\\/www.weine-feinkost.de\\\/unterwegs\\\/2014\\\/10\\\/karlbacher-l-herbe-de-provence-grosskarlbach-deutschland\\\/\"},\"author\":{\"name\":\"Christian Fenske\",\"@id\":\"https:\\\/\\\/www.weine-feinkost.de\\\/unterwegs\\\/#\\\/schema\\\/person\\\/c07d66169fd0e04307bfe7cdc99ac26a\"},\"headline\":\"Karlbacher L&#8216; herbe de Provence &#8211; Gro\u00dfkarlbach &#8211; Deutschland\",\"datePublished\":\"2014-10-21T08:41:59+00:00\",\"dateModified\":\"2023-03-22T16:22:12+00:00\",\"mainEntityOfPage\":{\"@id\":\"https:\\\/\\\/www.weine-feinkost.de\\\/unterwegs\\\/2014\\\/10\\\/karlbacher-l-herbe-de-provence-grosskarlbach-deutschland\\\/\"},\"wordCount\":193,\"commentCount\":0,\"publisher\":{\"@id\":\"https:\\\/\\\/www.weine-feinkost.de\\\/unterwegs\\\/#organization\"},\"image\":{\"@id\":\"https:\\\/\\\/www.weine-feinkost.de\\\/unterwegs\\\/2014\\\/10\\\/karlbacher-l-herbe-de-provence-grosskarlbach-deutschland\\\/#primaryimage\"},\"thumbnailUrl\":\"https:\\\/\\\/www.weine-feinkost.de\\\/unterwegs\\\/wp-content\\\/uploads\\\/2015\\\/05\\\/Etxebarri_Victor_Arguinzoniz_Atxondo_Spanien_20.jpeg\",\"keywords\":[\"Deutschland\",\"Gro\u00dfkarlbach\",\"Karlbacher\",\"L' herbe de Provence\",\"Restaurant\"],\"articleSection\":[\"Deutschland\",\"Restaurants\"],\"inLanguage\":\"de\",\"potentialAction\":[{\"@type\":\"CommentAction\",\"name\":\"Comment\",\"target\":[\"https:\\\/\\\/www.weine-feinkost.de\\\/unterwegs\\\/2014\\\/10\\\/karlbacher-l-herbe-de-provence-grosskarlbach-deutschland\\\/#respond\"]}]},{\"@type\":\"WebPage\",\"@id\":\"https:\\\/\\\/www.weine-feinkost.de\\\/unterwegs\\\/2014\\\/10\\\/karlbacher-l-herbe-de-provence-grosskarlbach-deutschland\\\/\",\"url\":\"https:\\\/\\\/www.weine-feinkost.de\\\/unterwegs\\\/2014\\\/10\\\/karlbacher-l-herbe-de-provence-grosskarlbach-deutschland\\\/\",\"name\":\"Karlbacher L' herbe de Provence - Gro\u00dfkarlbach - Deutschland - Unterwegs mit Weine &amp; Feinkost\",\"isPartOf\":{\"@id\":\"https:\\\/\\\/www.weine-feinkost.de\\\/unterwegs\\\/#website\"},\"primaryImageOfPage\":{\"@id\":\"https:\\\/\\\/www.weine-feinkost.de\\\/unterwegs\\\/2014\\\/10\\\/karlbacher-l-herbe-de-provence-grosskarlbach-deutschland\\\/#primaryimage\"},\"image\":{\"@id\":\"https:\\\/\\\/www.weine-feinkost.de\\\/unterwegs\\\/2014\\\/10\\\/karlbacher-l-herbe-de-provence-grosskarlbach-deutschland\\\/#primaryimage\"},\"thumbnailUrl\":\"https:\\\/\\\/www.weine-feinkost.de\\\/unterwegs\\\/wp-content\\\/uploads\\\/2015\\\/05\\\/Etxebarri_Victor_Arguinzoniz_Atxondo_Spanien_20.jpeg\",\"datePublished\":\"2014-10-21T08:41:59+00:00\",\"dateModified\":\"2023-03-22T16:22:12+00:00\",\"description\":\"Ein Restaurant Geheimtipp in Gro\u00dfkarlbach in der Pfalz das L' herbe de Provence.\",\"breadcrumb\":{\"@id\":\"https:\\\/\\\/www.weine-feinkost.de\\\/unterwegs\\\/2014\\\/10\\\/karlbacher-l-herbe-de-provence-grosskarlbach-deutschland\\\/#breadcrumb\"},\"inLanguage\":\"de\",\"potentialAction\":[{\"@type\":\"ReadAction\",\"target\":[\"https:\\\/\\\/www.weine-feinkost.de\\\/unterwegs\\\/2014\\\/10\\\/karlbacher-l-herbe-de-provence-grosskarlbach-deutschland\\\/\"]}]},{\"@type\":\"ImageObject\",\"inLanguage\":\"de\",\"@id\":\"https:\\\/\\\/www.weine-feinkost.de\\\/unterwegs\\\/2014\\\/10\\\/karlbacher-l-herbe-de-provence-grosskarlbach-deutschland\\\/#primaryimage\",\"url\":\"https:\\\/\\\/www.weine-feinkost.de\\\/unterwegs\\\/wp-content\\\/uploads\\\/2015\\\/05\\\/Etxebarri_Victor_Arguinzoniz_Atxondo_Spanien_20.jpeg\",\"contentUrl\":\"https:\\\/\\\/www.weine-feinkost.de\\\/unterwegs\\\/wp-content\\\/uploads\\\/2015\\\/05\\\/Etxebarri_Victor_Arguinzoniz_Atxondo_Spanien_20.jpeg\",\"width\":640,\"height\":480},{\"@type\":\"BreadcrumbList\",\"@id\":\"https:\\\/\\\/www.weine-feinkost.de\\\/unterwegs\\\/2014\\\/10\\\/karlbacher-l-herbe-de-provence-grosskarlbach-deutschland\\\/#breadcrumb\",\"itemListElement\":[{\"@type\":\"ListItem\",\"position\":1,\"name\":\"Startseite\",\"item\":\"https:\\\/\\\/www.weine-feinkost.de\\\/unterwegs\\\/\"},{\"@type\":\"ListItem\",\"position\":2,\"name\":\"Karlbacher L&#8216; herbe de Provence &#8211; Gro\u00dfkarlbach &#8211; Deutschland\"}]},{\"@type\":\"WebSite\",\"@id\":\"https:\\\/\\\/www.weine-feinkost.de\\\/unterwegs\\\/#website\",\"url\":\"https:\\\/\\\/www.weine-feinkost.de\\\/unterwegs\\\/\",\"name\":\"Unterwegs mit Weine &amp; Feinkost\",\"description\":\"Entdecken Sie Genuss\",\"publisher\":{\"@id\":\"https:\\\/\\\/www.weine-feinkost.de\\\/unterwegs\\\/#organization\"},\"potentialAction\":[{\"@type\":\"SearchAction\",\"target\":{\"@type\":\"EntryPoint\",\"urlTemplate\":\"https:\\\/\\\/www.weine-feinkost.de\\\/unterwegs\\\/?s={search_term_string}\"},\"query-input\":{\"@type\":\"PropertyValueSpecification\",\"valueRequired\":true,\"valueName\":\"search_term_string\"}}],\"inLanguage\":\"de\"},{\"@type\":\"Organization\",\"@id\":\"https:\\\/\\\/www.weine-feinkost.de\\\/unterwegs\\\/#organization\",\"name\":\"Unterwegs mit Weine &amp; Feinkost\",\"url\":\"https:\\\/\\\/www.weine-feinkost.de\\\/unterwegs\\\/\",\"logo\":{\"@type\":\"ImageObject\",\"inLanguage\":\"de\",\"@id\":\"https:\\\/\\\/www.weine-feinkost.de\\\/unterwegs\\\/#\\\/schema\\\/logo\\\/image\\\/\",\"url\":\"https:\\\/\\\/www.weine-feinkost.de\\\/unterwegs\\\/wp-content\\\/uploads\\\/2022\\\/10\\\/logo_weinefeinkost_unterwegs_450x171.png\",\"contentUrl\":\"https:\\\/\\\/www.weine-feinkost.de\\\/unterwegs\\\/wp-content\\\/uploads\\\/2022\\\/10\\\/logo_weinefeinkost_unterwegs_450x171.png\",\"width\":450,\"height\":171,\"caption\":\"Unterwegs mit Weine &amp; Feinkost\"},\"image\":{\"@id\":\"https:\\\/\\\/www.weine-feinkost.de\\\/unterwegs\\\/#\\\/schema\\\/logo\\\/image\\\/\"}},{\"@type\":\"Person\",\"@id\":\"https:\\\/\\\/www.weine-feinkost.de\\\/unterwegs\\\/#\\\/schema\\\/person\\\/c07d66169fd0e04307bfe7cdc99ac26a\",\"name\":\"Christian Fenske\",\"image\":{\"@type\":\"ImageObject\",\"inLanguage\":\"de\",\"@id\":\"https:\\\/\\\/www.weine-feinkost.de\\\/unterwegs\\\/wp-content\\\/uploads\\\/2023\\\/01\\\/cropped-christian_profilbild-96x96.png\",\"url\":\"https:\\\/\\\/www.weine-feinkost.de\\\/unterwegs\\\/wp-content\\\/uploads\\\/2023\\\/01\\\/cropped-christian_profilbild-96x96.png\",\"contentUrl\":\"https:\\\/\\\/www.weine-feinkost.de\\\/unterwegs\\\/wp-content\\\/uploads\\\/2023\\\/01\\\/cropped-christian_profilbild-96x96.png\",\"caption\":\"Christian Fenske\"},\"description\":\"Zusammen an einem Tisch sitzen, gemeinsam zu kommunizieren und zu genie\u00dfen, das ist eine der herausragenden kulturellen Errungenschaft der Menschheit.\",\"url\":\"https:\\\/\\\/www.weine-feinkost.de\\\/unterwegs\\\/author\\\/christian-fenske\\\/\"}]}<\/script>\n<!-- \/ Yoast SEO plugin. -->","yoast_head_json":{"title":"Karlbacher L' herbe de Provence - Gro\u00dfkarlbach - Deutschland - Unterwegs mit Weine &amp; Feinkost","description":"Ein Restaurant Geheimtipp in Gro\u00dfkarlbach in der Pfalz das L' herbe de Provence.","robots":{"index":"index","follow":"follow","max-snippet":"max-snippet:-1","max-image-preview":"max-image-preview:large","max-video-preview":"max-video-preview:-1"},"canonical":"https:\/\/www.weine-feinkost.de\/unterwegs\/2014\/10\/karlbacher-l-herbe-de-provence-grosskarlbach-deutschland\/","og_locale":"de_DE","og_type":"article","og_title":"Karlbacher L' herbe de Provence - Gro\u00dfkarlbach - Deutschland - Unterwegs mit Weine &amp; Feinkost","og_description":"Ein Restaurant Geheimtipp in Gro\u00dfkarlbach in der Pfalz das L' herbe de Provence.","og_url":"https:\/\/www.weine-feinkost.de\/unterwegs\/2014\/10\/karlbacher-l-herbe-de-provence-grosskarlbach-deutschland\/","og_site_name":"Unterwegs mit Weine &amp; Feinkost","article_published_time":"2014-10-21T08:41:59+00:00","article_modified_time":"2023-03-22T16:22:12+00:00","og_image":[{"width":640,"height":480,"url":"https:\/\/www.weine-feinkost.de\/unterwegs\/wp-content\/uploads\/2015\/05\/Etxebarri_Victor_Arguinzoniz_Atxondo_Spanien_20.jpeg","type":"image\/jpeg"}],"author":"Christian Fenske","twitter_card":"summary_large_image","twitter_misc":{"Verfasst von":"Christian Fenske","Gesch\u00e4tzte Lesezeit":"3\u00a0Minuten"},"schema":{"@context":"https:\/\/schema.org","@graph":[{"@type":"Article","@id":"https:\/\/www.weine-feinkost.de\/unterwegs\/2014\/10\/karlbacher-l-herbe-de-provence-grosskarlbach-deutschland\/#article","isPartOf":{"@id":"https:\/\/www.weine-feinkost.de\/unterwegs\/2014\/10\/karlbacher-l-herbe-de-provence-grosskarlbach-deutschland\/"},"author":{"name":"Christian Fenske","@id":"https:\/\/www.weine-feinkost.de\/unterwegs\/#\/schema\/person\/c07d66169fd0e04307bfe7cdc99ac26a"},"headline":"Karlbacher L&#8216; herbe de Provence &#8211; Gro\u00dfkarlbach &#8211; Deutschland","datePublished":"2014-10-21T08:41:59+00:00","dateModified":"2023-03-22T16:22:12+00:00","mainEntityOfPage":{"@id":"https:\/\/www.weine-feinkost.de\/unterwegs\/2014\/10\/karlbacher-l-herbe-de-provence-grosskarlbach-deutschland\/"},"wordCount":193,"commentCount":0,"publisher":{"@id":"https:\/\/www.weine-feinkost.de\/unterwegs\/#organization"},"image":{"@id":"https:\/\/www.weine-feinkost.de\/unterwegs\/2014\/10\/karlbacher-l-herbe-de-provence-grosskarlbach-deutschland\/#primaryimage"},"thumbnailUrl":"https:\/\/www.weine-feinkost.de\/unterwegs\/wp-content\/uploads\/2015\/05\/Etxebarri_Victor_Arguinzoniz_Atxondo_Spanien_20.jpeg","keywords":["Deutschland","Gro\u00dfkarlbach","Karlbacher","L' herbe de Provence","Restaurant"],"articleSection":["Deutschland","Restaurants"],"inLanguage":"de","potentialAction":[{"@type":"CommentAction","name":"Comment","target":["https:\/\/www.weine-feinkost.de\/unterwegs\/2014\/10\/karlbacher-l-herbe-de-provence-grosskarlbach-deutschland\/#respond"]}]},{"@type":"WebPage","@id":"https:\/\/www.weine-feinkost.de\/unterwegs\/2014\/10\/karlbacher-l-herbe-de-provence-grosskarlbach-deutschland\/","url":"https:\/\/www.weine-feinkost.de\/unterwegs\/2014\/10\/karlbacher-l-herbe-de-provence-grosskarlbach-deutschland\/","name":"Karlbacher L' herbe de Provence - Gro\u00dfkarlbach - Deutschland - Unterwegs mit Weine &amp; Feinkost","isPartOf":{"@id":"https:\/\/www.weine-feinkost.de\/unterwegs\/#website"},"primaryImageOfPage":{"@id":"https:\/\/www.weine-feinkost.de\/unterwegs\/2014\/10\/karlbacher-l-herbe-de-provence-grosskarlbach-deutschland\/#primaryimage"},"image":{"@id":"https:\/\/www.weine-feinkost.de\/unterwegs\/2014\/10\/karlbacher-l-herbe-de-provence-grosskarlbach-deutschland\/#primaryimage"},"thumbnailUrl":"https:\/\/www.weine-feinkost.de\/unterwegs\/wp-content\/uploads\/2015\/05\/Etxebarri_Victor_Arguinzoniz_Atxondo_Spanien_20.jpeg","datePublished":"2014-10-21T08:41:59+00:00","dateModified":"2023-03-22T16:22:12+00:00","description":"Ein Restaurant Geheimtipp in Gro\u00dfkarlbach in der Pfalz das L' herbe de Provence.","breadcrumb":{"@id":"https:\/\/www.weine-feinkost.de\/unterwegs\/2014\/10\/karlbacher-l-herbe-de-provence-grosskarlbach-deutschland\/#breadcrumb"},"inLanguage":"de","potentialAction":[{"@type":"ReadAction","target":["https:\/\/www.weine-feinkost.de\/unterwegs\/2014\/10\/karlbacher-l-herbe-de-provence-grosskarlbach-deutschland\/"]}]},{"@type":"ImageObject","inLanguage":"de","@id":"https:\/\/www.weine-feinkost.de\/unterwegs\/2014\/10\/karlbacher-l-herbe-de-provence-grosskarlbach-deutschland\/#primaryimage","url":"https:\/\/www.weine-feinkost.de\/unterwegs\/wp-content\/uploads\/2015\/05\/Etxebarri_Victor_Arguinzoniz_Atxondo_Spanien_20.jpeg","contentUrl":"https:\/\/www.weine-feinkost.de\/unterwegs\/wp-content\/uploads\/2015\/05\/Etxebarri_Victor_Arguinzoniz_Atxondo_Spanien_20.jpeg","width":640,"height":480},{"@type":"BreadcrumbList","@id":"https:\/\/www.weine-feinkost.de\/unterwegs\/2014\/10\/karlbacher-l-herbe-de-provence-grosskarlbach-deutschland\/#breadcrumb","itemListElement":[{"@type":"ListItem","position":1,"name":"Startseite","item":"https:\/\/www.weine-feinkost.de\/unterwegs\/"},{"@type":"ListItem","position":2,"name":"Karlbacher L&#8216; herbe de Provence &#8211; Gro\u00dfkarlbach &#8211; Deutschland"}]},{"@type":"WebSite","@id":"https:\/\/www.weine-feinkost.de\/unterwegs\/#website","url":"https:\/\/www.weine-feinkost.de\/unterwegs\/","name":"Unterwegs mit Weine &amp; Feinkost","description":"Entdecken Sie Genuss","publisher":{"@id":"https:\/\/www.weine-feinkost.de\/unterwegs\/#organization"},"potentialAction":[{"@type":"SearchAction","target":{"@type":"EntryPoint","urlTemplate":"https:\/\/www.weine-feinkost.de\/unterwegs\/?s={search_term_string}"},"query-input":{"@type":"PropertyValueSpecification","valueRequired":true,"valueName":"search_term_string"}}],"inLanguage":"de"},{"@type":"Organization","@id":"https:\/\/www.weine-feinkost.de\/unterwegs\/#organization","name":"Unterwegs mit Weine &amp; Feinkost","url":"https:\/\/www.weine-feinkost.de\/unterwegs\/","logo":{"@type":"ImageObject","inLanguage":"de","@id":"https:\/\/www.weine-feinkost.de\/unterwegs\/#\/schema\/logo\/image\/","url":"https:\/\/www.weine-feinkost.de\/unterwegs\/wp-content\/uploads\/2022\/10\/logo_weinefeinkost_unterwegs_450x171.png","contentUrl":"https:\/\/www.weine-feinkost.de\/unterwegs\/wp-content\/uploads\/2022\/10\/logo_weinefeinkost_unterwegs_450x171.png","width":450,"height":171,"caption":"Unterwegs mit Weine &amp; Feinkost"},"image":{"@id":"https:\/\/www.weine-feinkost.de\/unterwegs\/#\/schema\/logo\/image\/"}},{"@type":"Person","@id":"https:\/\/www.weine-feinkost.de\/unterwegs\/#\/schema\/person\/c07d66169fd0e04307bfe7cdc99ac26a","name":"Christian Fenske","image":{"@type":"ImageObject","inLanguage":"de","@id":"https:\/\/www.weine-feinkost.de\/unterwegs\/wp-content\/uploads\/2023\/01\/cropped-christian_profilbild-96x96.png","url":"https:\/\/www.weine-feinkost.de\/unterwegs\/wp-content\/uploads\/2023\/01\/cropped-christian_profilbild-96x96.png","contentUrl":"https:\/\/www.weine-feinkost.de\/unterwegs\/wp-content\/uploads\/2023\/01\/cropped-christian_profilbild-96x96.png","caption":"Christian Fenske"},"description":"Zusammen an einem Tisch sitzen, gemeinsam zu kommunizieren und zu genie\u00dfen, das ist eine der herausragenden kulturellen Errungenschaft der Menschheit.","url":"https:\/\/www.weine-feinkost.de\/unterwegs\/author\/christian-fenske\/"}]}},"jetpack_publicize_connections":[],"jetpack_shortlink":"https:\/\/wp.me\/p68Tjo-6tc","jetpack_sharing_enabled":true,"jetpack_likes_enabled":true,"jetpack_featured_media_url":"https:\/\/www.weine-feinkost.de\/unterwegs\/wp-content\/uploads\/2015\/05\/Etxebarri_Victor_Arguinzoniz_Atxondo_Spanien_20.jpeg","_links":{"self":[{"href":"https:\/\/www.weine-feinkost.de\/unterwegs\/wp-json\/wp\/v2\/posts\/24874","targetHints":{"allow":["GET"]}}],"collection":[{"href":"https:\/\/www.weine-feinkost.de\/unterwegs\/wp-json\/wp\/v2\/posts"}],"about":[{"href":"https:\/\/www.weine-feinkost.de\/unterwegs\/wp-json\/wp\/v2\/types\/post"}],"author":[{"embeddable":true,"href":"https:\/\/www.weine-feinkost.de\/unterwegs\/wp-json\/wp\/v2\/users\/7"}],"replies":[{"embeddable":true,"href":"https:\/\/www.weine-feinkost.de\/unterwegs\/wp-json\/wp\/v2\/comments?post=24874"}],"version-history":[{"count":1,"href":"https:\/\/www.weine-feinkost.de\/unterwegs\/wp-json\/wp\/v2\/posts\/24874\/revisions"}],"predecessor-version":[{"id":197683,"href":"https:\/\/www.weine-feinkost.de\/unterwegs\/wp-json\/wp\/v2\/posts\/24874\/revisions\/197683"}],"wp:featuredmedia":[{"embeddable":true,"href":"https:\/\/www.weine-feinkost.de\/unterwegs\/wp-json\/wp\/v2\/media\/144934"}],"wp:attachment":[{"href":"https:\/\/www.weine-feinkost.de\/unterwegs\/wp-json\/wp\/v2\/media?parent=24874"}],"wp:term":[{"taxonomy":"category","embeddable":true,"href":"https:\/\/www.weine-feinkost.de\/unterwegs\/wp-json\/wp\/v2\/categories?post=24874"},{"taxonomy":"post_tag","embeddable":true,"href":"https:\/\/www.weine-feinkost.de\/unterwegs\/wp-json\/wp\/v2\/tags?post=24874"},{"taxonomy":"post_folder","embeddable":true,"href":"https:\/\/www.weine-feinkost.de\/unterwegs\/wp-json\/wp\/v2\/post_folder?post=24874"}],"curies":[{"name":"wp","href":"https:\/\/api.w.org\/{rel}","templated":true}]}}