{"id":26776,"date":"2015-03-04T21:04:17","date_gmt":"2015-03-04T20:04:17","guid":{"rendered":"https:\/\/www.weine-feinkost.de\/unterwegs\/?p=26776"},"modified":"2015-03-04T21:04:17","modified_gmt":"2015-03-04T20:04:17","slug":"rote-gamba-carabinieri-mit-spaghetti","status":"publish","type":"post","link":"https:\/\/www.weine-feinkost.de\/unterwegs\/2015\/03\/rote-gamba-carabinieri-mit-spaghetti\/","title":{"rendered":"Rote Gamba Carabiniera mit Spaghetti"},"content":{"rendered":"<p><strong>Zutaten:<\/strong> rote Carabiniera, Kirschtomaten, guter Speck, Zwiebel, Knoblauch, viel frischer Basilikum, geriebener Parmesan, Spaghetti, Salz, Pfeffer, Oliven\u00f6l.<\/p>\n<p>Die\u00a0Carabiniera von Kopf und Schwanz befreien und entdarmen. Dann die rote Krabbe auf der Schale in Oliven\u00f6l anbraten und gut salzen. In der Zwischenzeit den gew\u00fcrfelten Speck in Oliven\u00f6l anbraten, danach die Zwiebeln und den Knoblauch hinzu geben, es folgen dann die saftigen Kirschtomaten. Das ganze wird dann mit einem guten Schu\u00df\u00a0Noilly Prat abgel\u00f6scht. Dann wird auch noch eine gute Kelle von dem in der zwischenzeit gekochten Nudelwasser hinzugef\u00fcgt. Anschlie\u00dfend die roten Krabben hinzugeben und die inzwischen al dente gekochten Spaghetti darunter heben. Den Parmesan und das Basilikum hinzugeben. Salzen, pfeffern und kurz einen Deckel auf die Pfanne st\u00fclpen; das ganze dann kurz und gut umr\u00fchren und servieren. Einfach, schnell und lecker.<\/p>\n<p style=\"text-align: center;\"><a href=\"https:\/\/www.weine-feinkost.de\/unterwegs\/wp-content\/uploads\/2016\/03\/Rote_Gamba_Carabinieri_mit_Spaghetti_1.jpg\"><img loading=\"lazy\" decoding=\"async\" class=\"aligncenter size-medium wp-image-157105\" src=\"https:\/\/www.weine-feinkost.de\/unterwegs\/wp-content\/uploads\/2016\/03\/Rote_Gamba_Carabinieri_mit_Spaghetti_1-300x200.jpg\" alt=\"Rote_Gamba_Carabinieri_mit_Spaghetti_1\" width=\"300\" height=\"200\" srcset=\"https:\/\/www.weine-feinkost.de\/unterwegs\/wp-content\/uploads\/2016\/03\/Rote_Gamba_Carabinieri_mit_Spaghetti_1-300x200.jpg 300w, https:\/\/www.weine-feinkost.de\/unterwegs\/wp-content\/uploads\/2016\/03\/Rote_Gamba_Carabinieri_mit_Spaghetti_1-600x400.jpg 600w, https:\/\/www.weine-feinkost.de\/unterwegs\/wp-content\/uploads\/2016\/03\/Rote_Gamba_Carabinieri_mit_Spaghetti_1.jpg 800w\" sizes=\"auto, (max-width: 300px) 100vw, 300px\" \/><\/a><\/p>\n<p style=\"text-align: center;\"><strong><a href=\"https:\/\/www.weine-feinkost.de\/unterwegs\/wp-content\/uploads\/2016\/03\/Rote_Gamba_Carabinieri_mit_Spaghetti_9.jpg\"><img loading=\"lazy\" decoding=\"async\" class=\"aligncenter size-medium wp-image-157113\" src=\"https:\/\/www.weine-feinkost.de\/unterwegs\/wp-content\/uploads\/2016\/03\/Rote_Gamba_Carabinieri_mit_Spaghetti_9-300x200.jpg\" alt=\"Rote_Gamba_Carabinieri_mit_Spaghetti_9\" width=\"300\" height=\"200\" srcset=\"https:\/\/www.weine-feinkost.de\/unterwegs\/wp-content\/uploads\/2016\/03\/Rote_Gamba_Carabinieri_mit_Spaghetti_9-300x200.jpg 300w, https:\/\/www.weine-feinkost.de\/unterwegs\/wp-content\/uploads\/2016\/03\/Rote_Gamba_Carabinieri_mit_Spaghetti_9-600x400.jpg 600w, https:\/\/www.weine-feinkost.de\/unterwegs\/wp-content\/uploads\/2016\/03\/Rote_Gamba_Carabinieri_mit_Spaghetti_9.jpg 800w\" sizes=\"auto, (max-width: 300px) 100vw, 300px\" \/><\/a><\/strong> <a href=\"https:\/\/www.weine-feinkost.de\/unterwegs\/wp-content\/uploads\/2016\/03\/Rote_Gamba_Carabinieri_mit_Spaghetti_2.jpg\"><img loading=\"lazy\" decoding=\"async\" class=\"aligncenter size-medium wp-image-157106\" src=\"https:\/\/www.weine-feinkost.de\/unterwegs\/wp-content\/uploads\/2016\/03\/Rote_Gamba_Carabinieri_mit_Spaghetti_2-300x200.jpg\" alt=\"Rote_Gamba_Carabinieri_mit_Spaghetti_2\" width=\"300\" height=\"200\" srcset=\"https:\/\/www.weine-feinkost.de\/unterwegs\/wp-content\/uploads\/2016\/03\/Rote_Gamba_Carabinieri_mit_Spaghetti_2-300x200.jpg 300w, https:\/\/www.weine-feinkost.de\/unterwegs\/wp-content\/uploads\/2016\/03\/Rote_Gamba_Carabinieri_mit_Spaghetti_2-600x400.jpg 600w, https:\/\/www.weine-feinkost.de\/unterwegs\/wp-content\/uploads\/2016\/03\/Rote_Gamba_Carabinieri_mit_Spaghetti_2.jpg 800w\" sizes=\"auto, (max-width: 300px) 100vw, 300px\" \/><\/a> <a href=\"https:\/\/www.weine-feinkost.de\/unterwegs\/wp-content\/uploads\/2016\/03\/Rote_Gamba_Carabinieri_mit_Spaghetti_3.jpg\"><img loading=\"lazy\" decoding=\"async\" class=\"aligncenter size-medium wp-image-157107\" src=\"https:\/\/www.weine-feinkost.de\/unterwegs\/wp-content\/uploads\/2016\/03\/Rote_Gamba_Carabinieri_mit_Spaghetti_3-300x200.jpg\" alt=\"Rote_Gamba_Carabinieri_mit_Spaghetti_3\" width=\"300\" height=\"200\" srcset=\"https:\/\/www.weine-feinkost.de\/unterwegs\/wp-content\/uploads\/2016\/03\/Rote_Gamba_Carabinieri_mit_Spaghetti_3-300x200.jpg 300w, https:\/\/www.weine-feinkost.de\/unterwegs\/wp-content\/uploads\/2016\/03\/Rote_Gamba_Carabinieri_mit_Spaghetti_3-600x400.jpg 600w, https:\/\/www.weine-feinkost.de\/unterwegs\/wp-content\/uploads\/2016\/03\/Rote_Gamba_Carabinieri_mit_Spaghetti_3.jpg 800w\" sizes=\"auto, (max-width: 300px) 100vw, 300px\" \/><\/a> <a href=\"https:\/\/www.weine-feinkost.de\/unterwegs\/wp-content\/uploads\/2016\/03\/Rote_Gamba_Carabinieri_mit_Spaghetti_4.jpg\"><img loading=\"lazy\" decoding=\"async\" class=\"aligncenter size-medium wp-image-157108\" src=\"https:\/\/www.weine-feinkost.de\/unterwegs\/wp-content\/uploads\/2016\/03\/Rote_Gamba_Carabinieri_mit_Spaghetti_4-300x200.jpg\" alt=\"Rote_Gamba_Carabinieri_mit_Spaghetti_4\" width=\"300\" height=\"200\" srcset=\"https:\/\/www.weine-feinkost.de\/unterwegs\/wp-content\/uploads\/2016\/03\/Rote_Gamba_Carabinieri_mit_Spaghetti_4-300x200.jpg 300w, https:\/\/www.weine-feinkost.de\/unterwegs\/wp-content\/uploads\/2016\/03\/Rote_Gamba_Carabinieri_mit_Spaghetti_4-600x400.jpg 600w, https:\/\/www.weine-feinkost.de\/unterwegs\/wp-content\/uploads\/2016\/03\/Rote_Gamba_Carabinieri_mit_Spaghetti_4.jpg 800w\" sizes=\"auto, (max-width: 300px) 100vw, 300px\" \/><\/a> <a href=\"https:\/\/www.weine-feinkost.de\/unterwegs\/wp-content\/uploads\/2016\/03\/Rote_Gamba_Carabinieri_mit_Spaghetti_5.jpg\"><img loading=\"lazy\" decoding=\"async\" class=\"aligncenter size-medium wp-image-157109\" src=\"https:\/\/www.weine-feinkost.de\/unterwegs\/wp-content\/uploads\/2016\/03\/Rote_Gamba_Carabinieri_mit_Spaghetti_5-300x200.jpg\" alt=\"Rote_Gamba_Carabinieri_mit_Spaghetti_5\" width=\"300\" height=\"200\" srcset=\"https:\/\/www.weine-feinkost.de\/unterwegs\/wp-content\/uploads\/2016\/03\/Rote_Gamba_Carabinieri_mit_Spaghetti_5-300x200.jpg 300w, https:\/\/www.weine-feinkost.de\/unterwegs\/wp-content\/uploads\/2016\/03\/Rote_Gamba_Carabinieri_mit_Spaghetti_5-600x400.jpg 600w, https:\/\/www.weine-feinkost.de\/unterwegs\/wp-content\/uploads\/2016\/03\/Rote_Gamba_Carabinieri_mit_Spaghetti_5.jpg 800w\" sizes=\"auto, (max-width: 300px) 100vw, 300px\" \/><\/a> <a href=\"https:\/\/www.weine-feinkost.de\/unterwegs\/wp-content\/uploads\/2016\/03\/Rote_Gamba_Carabinieri_mit_Spaghetti_7.jpg\"><img loading=\"lazy\" decoding=\"async\" class=\"aligncenter size-medium wp-image-157111\" src=\"https:\/\/www.weine-feinkost.de\/unterwegs\/wp-content\/uploads\/2016\/03\/Rote_Gamba_Carabinieri_mit_Spaghetti_7-300x200.jpg\" alt=\"Rote_Gamba_Carabinieri_mit_Spaghetti_7\" width=\"300\" height=\"200\" srcset=\"https:\/\/www.weine-feinkost.de\/unterwegs\/wp-content\/uploads\/2016\/03\/Rote_Gamba_Carabinieri_mit_Spaghetti_7-300x200.jpg 300w, https:\/\/www.weine-feinkost.de\/unterwegs\/wp-content\/uploads\/2016\/03\/Rote_Gamba_Carabinieri_mit_Spaghetti_7-600x400.jpg 600w, https:\/\/www.weine-feinkost.de\/unterwegs\/wp-content\/uploads\/2016\/03\/Rote_Gamba_Carabinieri_mit_Spaghetti_7.jpg 800w\" sizes=\"auto, (max-width: 300px) 100vw, 300px\" \/><\/a><\/p>\n<p style=\"text-align: center;\"><a href=\"https:\/\/www.weine-feinkost.de\/unterwegs\/wp-content\/uploads\/2016\/03\/Rote_Gamba_Carabinieri_mit_Spaghetti_6.jpg\"><img loading=\"lazy\" decoding=\"async\" class=\"aligncenter size-medium wp-image-157110\" src=\"https:\/\/www.weine-feinkost.de\/unterwegs\/wp-content\/uploads\/2016\/03\/Rote_Gamba_Carabinieri_mit_Spaghetti_6-300x200.jpg\" alt=\"Rote_Gamba_Carabinieri_mit_Spaghetti_6\" width=\"300\" height=\"200\" srcset=\"https:\/\/www.weine-feinkost.de\/unterwegs\/wp-content\/uploads\/2016\/03\/Rote_Gamba_Carabinieri_mit_Spaghetti_6-300x200.jpg 300w, https:\/\/www.weine-feinkost.de\/unterwegs\/wp-content\/uploads\/2016\/03\/Rote_Gamba_Carabinieri_mit_Spaghetti_6-600x400.jpg 600w, https:\/\/www.weine-feinkost.de\/unterwegs\/wp-content\/uploads\/2016\/03\/Rote_Gamba_Carabinieri_mit_Spaghetti_6.jpg 800w\" sizes=\"auto, (max-width: 300px) 100vw, 300px\" \/><\/a> <a href=\"https:\/\/www.weine-feinkost.de\/unterwegs\/wp-content\/uploads\/2016\/03\/Rote_Gamba_Carabinieri_mit_Spaghetti_8.jpg\"><img loading=\"lazy\" decoding=\"async\" class=\"aligncenter size-medium wp-image-157112\" src=\"https:\/\/www.weine-feinkost.de\/unterwegs\/wp-content\/uploads\/2016\/03\/Rote_Gamba_Carabinieri_mit_Spaghetti_8-300x200.jpg\" alt=\"Rote_Gamba_Carabinieri_mit_Spaghetti_8\" width=\"300\" height=\"200\" srcset=\"https:\/\/www.weine-feinkost.de\/unterwegs\/wp-content\/uploads\/2016\/03\/Rote_Gamba_Carabinieri_mit_Spaghetti_8-300x200.jpg 300w, https:\/\/www.weine-feinkost.de\/unterwegs\/wp-content\/uploads\/2016\/03\/Rote_Gamba_Carabinieri_mit_Spaghetti_8-600x400.jpg 600w, https:\/\/www.weine-feinkost.de\/unterwegs\/wp-content\/uploads\/2016\/03\/Rote_Gamba_Carabinieri_mit_Spaghetti_8.jpg 800w\" sizes=\"auto, (max-width: 300px) 100vw, 300px\" \/><\/a> &#8230; und geniessen!<\/p>\n<p style=\"text-align: center;\">Hier passt noch sehr gut ein kr\u00e4ftiger Weissburgunder oder<\/p>\n<p style=\"text-align: center;\">Chardonnay zur Speise.<\/p>\n<p style=\"text-align: center;\">Dieser kann auch einen leichten Barriqueausbau genossen haben.<\/p>\n","protected":false},"excerpt":{"rendered":"<p>Zutaten: rote Carabiniera, Kirschtomaten, guter Speck, Zwiebel, Knoblauch, viel frischer Basilikum, geriebener Parmesan, Spaghetti, Salz, Pfeffer, Oliven\u00f6l. Die\u00a0Carabiniera von Kopf und Schwanz befreien und entdarmen. Dann die rote Krabbe auf der Schale in Oliven\u00f6l anbraten und gut salzen. In der Zwischenzeit den gew\u00fcrfelten Speck in Oliven\u00f6l anbraten, danach die Zwiebeln und den Knoblauch hinzu geben, &#8230; <a title=\"Rote Gamba Carabiniera mit Spaghetti\" class=\"read-more\" href=\"https:\/\/www.weine-feinkost.de\/unterwegs\/2015\/03\/rote-gamba-carabinieri-mit-spaghetti\/\" aria-label=\"Mehr dazu unter Rote Gamba Carabiniera mit Spaghetti\">Weiterlesen<\/a><\/p>\n","protected":false},"author":7,"featured_media":157101,"comment_status":"open","ping_status":"open","sticky":false,"template":"","format":"standard","meta":{"_jetpack_newsletter_access":"","_jetpack_dont_email_post_to_subs":false,"_jetpack_newsletter_tier_id":0,"_jetpack_memberships_contains_paywalled_content":false,"_jetpack_feature_clip_id":0,"_jetpack_memberships_contains_paid_content":false,"footnotes":"","jetpack_publicize_message":"","jetpack_publicize_feature_enabled":true,"jetpack_social_post_already_shared":false,"jetpack_social_options":{"image_generator_settings":{"template":"highway","default_image_id":0,"font":"","enabled":false},"version":2},"jetpack_post_was_ever_published":false},"categories":[17],"tags":[348,349,350],"post_folder":[],"class_list":["post-26776","post","type-post","status-publish","format-standard","has-post-thumbnail","hentry","category-rezepte","tag-carabinieri","tag-rote-gamba","tag-spaghetti"],"yoast_head":"<!-- This site is optimized with the Yoast SEO plugin v28.3 - https:\/\/yoast.com\/product\/yoast-seo-wordpress\/ -->\n<title>Rote Gamba Carabiniera mit Spaghetti - Unterwegs mit Weine &amp; Feinkost<\/title>\n<meta name=\"description\" content=\"Schnelles und leckeres Pasta Gericht: Rote Gamba Carabinieri mit Spaghetti\" \/>\n<meta name=\"robots\" content=\"index, follow, max-snippet:-1, max-image-preview:large, max-video-preview:-1\" \/>\n<link rel=\"canonical\" href=\"https:\/\/www.weine-feinkost.de\/unterwegs\/2015\/03\/rote-gamba-carabinieri-mit-spaghetti\/\" \/>\n<meta property=\"og:locale\" content=\"de_DE\" \/>\n<meta property=\"og:type\" content=\"article\" \/>\n<meta property=\"og:title\" content=\"Rote Gamba Carabiniera mit Spaghetti - Unterwegs mit Weine &amp; Feinkost\" \/>\n<meta property=\"og:description\" content=\"Schnelles und leckeres Pasta Gericht: Rote Gamba Carabinieri mit Spaghetti\" \/>\n<meta property=\"og:url\" content=\"https:\/\/www.weine-feinkost.de\/unterwegs\/2015\/03\/rote-gamba-carabinieri-mit-spaghetti\/\" \/>\n<meta property=\"og:site_name\" content=\"Unterwegs mit Weine &amp; Feinkost\" \/>\n<meta property=\"article:published_time\" content=\"2015-03-04T20:04:17+00:00\" \/>\n<meta property=\"og:image\" content=\"https:\/\/www.weine-feinkost.de\/unterwegs\/wp-content\/uploads\/2016\/03\/Rote_Gamba_Carabinieri_mit_Spaghetti_1.jpg\" \/>\n\t<meta property=\"og:image:width\" content=\"800\" \/>\n\t<meta property=\"og:image:height\" content=\"533\" \/>\n\t<meta property=\"og:image:type\" content=\"image\/jpeg\" \/>\n<meta name=\"author\" content=\"Christian Fenske\" \/>\n<meta name=\"twitter:card\" content=\"summary_large_image\" \/>\n<meta name=\"twitter:label1\" content=\"Verfasst von\" \/>\n\t<meta name=\"twitter:data1\" content=\"Christian Fenske\" \/>\n\t<meta name=\"twitter:label2\" content=\"Gesch\u00e4tzte Lesezeit\" \/>\n\t<meta name=\"twitter:data2\" content=\"1\u00a0Minute\" \/>\n<script type=\"application\/ld+json\" class=\"yoast-schema-graph\">{\"@context\":\"https:\\\/\\\/schema.org\",\"@graph\":[{\"@type\":\"Article\",\"@id\":\"https:\\\/\\\/www.weine-feinkost.de\\\/unterwegs\\\/2015\\\/03\\\/rote-gamba-carabinieri-mit-spaghetti\\\/#article\",\"isPartOf\":{\"@id\":\"https:\\\/\\\/www.weine-feinkost.de\\\/unterwegs\\\/2015\\\/03\\\/rote-gamba-carabinieri-mit-spaghetti\\\/\"},\"author\":{\"name\":\"Christian Fenske\",\"@id\":\"https:\\\/\\\/www.weine-feinkost.de\\\/unterwegs\\\/#\\\/schema\\\/person\\\/c07d66169fd0e04307bfe7cdc99ac26a\"},\"headline\":\"Rote Gamba Carabiniera mit Spaghetti\",\"datePublished\":\"2015-03-04T20:04:17+00:00\",\"mainEntityOfPage\":{\"@id\":\"https:\\\/\\\/www.weine-feinkost.de\\\/unterwegs\\\/2015\\\/03\\\/rote-gamba-carabinieri-mit-spaghetti\\\/\"},\"wordCount\":168,\"commentCount\":0,\"publisher\":{\"@id\":\"https:\\\/\\\/www.weine-feinkost.de\\\/unterwegs\\\/#organization\"},\"image\":{\"@id\":\"https:\\\/\\\/www.weine-feinkost.de\\\/unterwegs\\\/2015\\\/03\\\/rote-gamba-carabinieri-mit-spaghetti\\\/#primaryimage\"},\"thumbnailUrl\":\"https:\\\/\\\/www.weine-feinkost.de\\\/unterwegs\\\/wp-content\\\/uploads\\\/2015\\\/03\\\/picantje_van_fond.jpg\",\"keywords\":[\"Carabinieri\",\"Rote Gamba\",\"Spaghetti\"],\"articleSection\":[\"Rezepte\"],\"inLanguage\":\"de\",\"potentialAction\":[{\"@type\":\"CommentAction\",\"name\":\"Comment\",\"target\":[\"https:\\\/\\\/www.weine-feinkost.de\\\/unterwegs\\\/2015\\\/03\\\/rote-gamba-carabinieri-mit-spaghetti\\\/#respond\"]}]},{\"@type\":\"WebPage\",\"@id\":\"https:\\\/\\\/www.weine-feinkost.de\\\/unterwegs\\\/2015\\\/03\\\/rote-gamba-carabinieri-mit-spaghetti\\\/\",\"url\":\"https:\\\/\\\/www.weine-feinkost.de\\\/unterwegs\\\/2015\\\/03\\\/rote-gamba-carabinieri-mit-spaghetti\\\/\",\"name\":\"Rote Gamba Carabiniera mit Spaghetti - Unterwegs mit Weine &amp; Feinkost\",\"isPartOf\":{\"@id\":\"https:\\\/\\\/www.weine-feinkost.de\\\/unterwegs\\\/#website\"},\"primaryImageOfPage\":{\"@id\":\"https:\\\/\\\/www.weine-feinkost.de\\\/unterwegs\\\/2015\\\/03\\\/rote-gamba-carabinieri-mit-spaghetti\\\/#primaryimage\"},\"image\":{\"@id\":\"https:\\\/\\\/www.weine-feinkost.de\\\/unterwegs\\\/2015\\\/03\\\/rote-gamba-carabinieri-mit-spaghetti\\\/#primaryimage\"},\"thumbnailUrl\":\"https:\\\/\\\/www.weine-feinkost.de\\\/unterwegs\\\/wp-content\\\/uploads\\\/2015\\\/03\\\/picantje_van_fond.jpg\",\"datePublished\":\"2015-03-04T20:04:17+00:00\",\"description\":\"Schnelles und leckeres Pasta Gericht: Rote Gamba Carabinieri mit Spaghetti\",\"breadcrumb\":{\"@id\":\"https:\\\/\\\/www.weine-feinkost.de\\\/unterwegs\\\/2015\\\/03\\\/rote-gamba-carabinieri-mit-spaghetti\\\/#breadcrumb\"},\"inLanguage\":\"de\",\"potentialAction\":[{\"@type\":\"ReadAction\",\"target\":[\"https:\\\/\\\/www.weine-feinkost.de\\\/unterwegs\\\/2015\\\/03\\\/rote-gamba-carabinieri-mit-spaghetti\\\/\"]}]},{\"@type\":\"ImageObject\",\"inLanguage\":\"de\",\"@id\":\"https:\\\/\\\/www.weine-feinkost.de\\\/unterwegs\\\/2015\\\/03\\\/rote-gamba-carabinieri-mit-spaghetti\\\/#primaryimage\",\"url\":\"https:\\\/\\\/www.weine-feinkost.de\\\/unterwegs\\\/wp-content\\\/uploads\\\/2015\\\/03\\\/picantje_van_fond.jpg\",\"contentUrl\":\"https:\\\/\\\/www.weine-feinkost.de\\\/unterwegs\\\/wp-content\\\/uploads\\\/2015\\\/03\\\/picantje_van_fond.jpg\",\"width\":640,\"height\":270},{\"@type\":\"BreadcrumbList\",\"@id\":\"https:\\\/\\\/www.weine-feinkost.de\\\/unterwegs\\\/2015\\\/03\\\/rote-gamba-carabinieri-mit-spaghetti\\\/#breadcrumb\",\"itemListElement\":[{\"@type\":\"ListItem\",\"position\":1,\"name\":\"Startseite\",\"item\":\"https:\\\/\\\/www.weine-feinkost.de\\\/unterwegs\\\/\"},{\"@type\":\"ListItem\",\"position\":2,\"name\":\"Rote Gamba Carabiniera mit Spaghetti\"}]},{\"@type\":\"WebSite\",\"@id\":\"https:\\\/\\\/www.weine-feinkost.de\\\/unterwegs\\\/#website\",\"url\":\"https:\\\/\\\/www.weine-feinkost.de\\\/unterwegs\\\/\",\"name\":\"Unterwegs mit Weine &amp; Feinkost\",\"description\":\"Entdecken Sie Genuss\",\"publisher\":{\"@id\":\"https:\\\/\\\/www.weine-feinkost.de\\\/unterwegs\\\/#organization\"},\"potentialAction\":[{\"@type\":\"SearchAction\",\"target\":{\"@type\":\"EntryPoint\",\"urlTemplate\":\"https:\\\/\\\/www.weine-feinkost.de\\\/unterwegs\\\/?s={search_term_string}\"},\"query-input\":{\"@type\":\"PropertyValueSpecification\",\"valueRequired\":true,\"valueName\":\"search_term_string\"}}],\"inLanguage\":\"de\"},{\"@type\":\"Organization\",\"@id\":\"https:\\\/\\\/www.weine-feinkost.de\\\/unterwegs\\\/#organization\",\"name\":\"Unterwegs mit Weine &amp; Feinkost\",\"url\":\"https:\\\/\\\/www.weine-feinkost.de\\\/unterwegs\\\/\",\"logo\":{\"@type\":\"ImageObject\",\"inLanguage\":\"de\",\"@id\":\"https:\\\/\\\/www.weine-feinkost.de\\\/unterwegs\\\/#\\\/schema\\\/logo\\\/image\\\/\",\"url\":\"https:\\\/\\\/www.weine-feinkost.de\\\/unterwegs\\\/wp-content\\\/uploads\\\/2022\\\/10\\\/logo_weinefeinkost_unterwegs_450x171.png\",\"contentUrl\":\"https:\\\/\\\/www.weine-feinkost.de\\\/unterwegs\\\/wp-content\\\/uploads\\\/2022\\\/10\\\/logo_weinefeinkost_unterwegs_450x171.png\",\"width\":450,\"height\":171,\"caption\":\"Unterwegs mit Weine &amp; Feinkost\"},\"image\":{\"@id\":\"https:\\\/\\\/www.weine-feinkost.de\\\/unterwegs\\\/#\\\/schema\\\/logo\\\/image\\\/\"}},{\"@type\":\"Person\",\"@id\":\"https:\\\/\\\/www.weine-feinkost.de\\\/unterwegs\\\/#\\\/schema\\\/person\\\/c07d66169fd0e04307bfe7cdc99ac26a\",\"name\":\"Christian Fenske\",\"image\":{\"@type\":\"ImageObject\",\"inLanguage\":\"de\",\"@id\":\"https:\\\/\\\/www.weine-feinkost.de\\\/unterwegs\\\/wp-content\\\/uploads\\\/2023\\\/01\\\/cropped-christian_profilbild-96x96.png\",\"url\":\"https:\\\/\\\/www.weine-feinkost.de\\\/unterwegs\\\/wp-content\\\/uploads\\\/2023\\\/01\\\/cropped-christian_profilbild-96x96.png\",\"contentUrl\":\"https:\\\/\\\/www.weine-feinkost.de\\\/unterwegs\\\/wp-content\\\/uploads\\\/2023\\\/01\\\/cropped-christian_profilbild-96x96.png\",\"caption\":\"Christian Fenske\"},\"description\":\"Zusammen an einem Tisch sitzen, gemeinsam zu kommunizieren und zu genie\u00dfen, das ist eine der herausragenden kulturellen Errungenschaft der Menschheit.\",\"url\":\"https:\\\/\\\/www.weine-feinkost.de\\\/unterwegs\\\/author\\\/christian-fenske\\\/\"}]}<\/script>\n<!-- \/ Yoast SEO plugin. -->","yoast_head_json":{"title":"Rote Gamba Carabiniera mit Spaghetti - Unterwegs mit Weine &amp; Feinkost","description":"Schnelles und leckeres Pasta Gericht: Rote Gamba Carabinieri mit Spaghetti","robots":{"index":"index","follow":"follow","max-snippet":"max-snippet:-1","max-image-preview":"max-image-preview:large","max-video-preview":"max-video-preview:-1"},"canonical":"https:\/\/www.weine-feinkost.de\/unterwegs\/2015\/03\/rote-gamba-carabinieri-mit-spaghetti\/","og_locale":"de_DE","og_type":"article","og_title":"Rote Gamba Carabiniera mit Spaghetti - Unterwegs mit Weine &amp; Feinkost","og_description":"Schnelles und leckeres Pasta Gericht: Rote Gamba Carabinieri mit Spaghetti","og_url":"https:\/\/www.weine-feinkost.de\/unterwegs\/2015\/03\/rote-gamba-carabinieri-mit-spaghetti\/","og_site_name":"Unterwegs mit Weine &amp; Feinkost","article_published_time":"2015-03-04T20:04:17+00:00","og_image":[{"width":800,"height":533,"url":"https:\/\/www.weine-feinkost.de\/unterwegs\/wp-content\/uploads\/2016\/03\/Rote_Gamba_Carabinieri_mit_Spaghetti_1.jpg","type":"image\/jpeg"}],"author":"Christian Fenske","twitter_card":"summary_large_image","twitter_misc":{"Verfasst von":"Christian Fenske","Gesch\u00e4tzte Lesezeit":"1\u00a0Minute"},"schema":{"@context":"https:\/\/schema.org","@graph":[{"@type":"Article","@id":"https:\/\/www.weine-feinkost.de\/unterwegs\/2015\/03\/rote-gamba-carabinieri-mit-spaghetti\/#article","isPartOf":{"@id":"https:\/\/www.weine-feinkost.de\/unterwegs\/2015\/03\/rote-gamba-carabinieri-mit-spaghetti\/"},"author":{"name":"Christian Fenske","@id":"https:\/\/www.weine-feinkost.de\/unterwegs\/#\/schema\/person\/c07d66169fd0e04307bfe7cdc99ac26a"},"headline":"Rote Gamba Carabiniera mit Spaghetti","datePublished":"2015-03-04T20:04:17+00:00","mainEntityOfPage":{"@id":"https:\/\/www.weine-feinkost.de\/unterwegs\/2015\/03\/rote-gamba-carabinieri-mit-spaghetti\/"},"wordCount":168,"commentCount":0,"publisher":{"@id":"https:\/\/www.weine-feinkost.de\/unterwegs\/#organization"},"image":{"@id":"https:\/\/www.weine-feinkost.de\/unterwegs\/2015\/03\/rote-gamba-carabinieri-mit-spaghetti\/#primaryimage"},"thumbnailUrl":"https:\/\/www.weine-feinkost.de\/unterwegs\/wp-content\/uploads\/2015\/03\/picantje_van_fond.jpg","keywords":["Carabinieri","Rote Gamba","Spaghetti"],"articleSection":["Rezepte"],"inLanguage":"de","potentialAction":[{"@type":"CommentAction","name":"Comment","target":["https:\/\/www.weine-feinkost.de\/unterwegs\/2015\/03\/rote-gamba-carabinieri-mit-spaghetti\/#respond"]}]},{"@type":"WebPage","@id":"https:\/\/www.weine-feinkost.de\/unterwegs\/2015\/03\/rote-gamba-carabinieri-mit-spaghetti\/","url":"https:\/\/www.weine-feinkost.de\/unterwegs\/2015\/03\/rote-gamba-carabinieri-mit-spaghetti\/","name":"Rote Gamba Carabiniera mit Spaghetti - Unterwegs mit Weine &amp; Feinkost","isPartOf":{"@id":"https:\/\/www.weine-feinkost.de\/unterwegs\/#website"},"primaryImageOfPage":{"@id":"https:\/\/www.weine-feinkost.de\/unterwegs\/2015\/03\/rote-gamba-carabinieri-mit-spaghetti\/#primaryimage"},"image":{"@id":"https:\/\/www.weine-feinkost.de\/unterwegs\/2015\/03\/rote-gamba-carabinieri-mit-spaghetti\/#primaryimage"},"thumbnailUrl":"https:\/\/www.weine-feinkost.de\/unterwegs\/wp-content\/uploads\/2015\/03\/picantje_van_fond.jpg","datePublished":"2015-03-04T20:04:17+00:00","description":"Schnelles und leckeres Pasta Gericht: Rote Gamba Carabinieri mit Spaghetti","breadcrumb":{"@id":"https:\/\/www.weine-feinkost.de\/unterwegs\/2015\/03\/rote-gamba-carabinieri-mit-spaghetti\/#breadcrumb"},"inLanguage":"de","potentialAction":[{"@type":"ReadAction","target":["https:\/\/www.weine-feinkost.de\/unterwegs\/2015\/03\/rote-gamba-carabinieri-mit-spaghetti\/"]}]},{"@type":"ImageObject","inLanguage":"de","@id":"https:\/\/www.weine-feinkost.de\/unterwegs\/2015\/03\/rote-gamba-carabinieri-mit-spaghetti\/#primaryimage","url":"https:\/\/www.weine-feinkost.de\/unterwegs\/wp-content\/uploads\/2015\/03\/picantje_van_fond.jpg","contentUrl":"https:\/\/www.weine-feinkost.de\/unterwegs\/wp-content\/uploads\/2015\/03\/picantje_van_fond.jpg","width":640,"height":270},{"@type":"BreadcrumbList","@id":"https:\/\/www.weine-feinkost.de\/unterwegs\/2015\/03\/rote-gamba-carabinieri-mit-spaghetti\/#breadcrumb","itemListElement":[{"@type":"ListItem","position":1,"name":"Startseite","item":"https:\/\/www.weine-feinkost.de\/unterwegs\/"},{"@type":"ListItem","position":2,"name":"Rote Gamba Carabiniera mit Spaghetti"}]},{"@type":"WebSite","@id":"https:\/\/www.weine-feinkost.de\/unterwegs\/#website","url":"https:\/\/www.weine-feinkost.de\/unterwegs\/","name":"Unterwegs mit Weine &amp; Feinkost","description":"Entdecken Sie Genuss","publisher":{"@id":"https:\/\/www.weine-feinkost.de\/unterwegs\/#organization"},"potentialAction":[{"@type":"SearchAction","target":{"@type":"EntryPoint","urlTemplate":"https:\/\/www.weine-feinkost.de\/unterwegs\/?s={search_term_string}"},"query-input":{"@type":"PropertyValueSpecification","valueRequired":true,"valueName":"search_term_string"}}],"inLanguage":"de"},{"@type":"Organization","@id":"https:\/\/www.weine-feinkost.de\/unterwegs\/#organization","name":"Unterwegs mit Weine &amp; Feinkost","url":"https:\/\/www.weine-feinkost.de\/unterwegs\/","logo":{"@type":"ImageObject","inLanguage":"de","@id":"https:\/\/www.weine-feinkost.de\/unterwegs\/#\/schema\/logo\/image\/","url":"https:\/\/www.weine-feinkost.de\/unterwegs\/wp-content\/uploads\/2022\/10\/logo_weinefeinkost_unterwegs_450x171.png","contentUrl":"https:\/\/www.weine-feinkost.de\/unterwegs\/wp-content\/uploads\/2022\/10\/logo_weinefeinkost_unterwegs_450x171.png","width":450,"height":171,"caption":"Unterwegs mit Weine &amp; Feinkost"},"image":{"@id":"https:\/\/www.weine-feinkost.de\/unterwegs\/#\/schema\/logo\/image\/"}},{"@type":"Person","@id":"https:\/\/www.weine-feinkost.de\/unterwegs\/#\/schema\/person\/c07d66169fd0e04307bfe7cdc99ac26a","name":"Christian Fenske","image":{"@type":"ImageObject","inLanguage":"de","@id":"https:\/\/www.weine-feinkost.de\/unterwegs\/wp-content\/uploads\/2023\/01\/cropped-christian_profilbild-96x96.png","url":"https:\/\/www.weine-feinkost.de\/unterwegs\/wp-content\/uploads\/2023\/01\/cropped-christian_profilbild-96x96.png","contentUrl":"https:\/\/www.weine-feinkost.de\/unterwegs\/wp-content\/uploads\/2023\/01\/cropped-christian_profilbild-96x96.png","caption":"Christian Fenske"},"description":"Zusammen an einem Tisch sitzen, gemeinsam zu kommunizieren und zu genie\u00dfen, das ist eine der herausragenden kulturellen Errungenschaft der Menschheit.","url":"https:\/\/www.weine-feinkost.de\/unterwegs\/author\/christian-fenske\/"}]}},"jetpack_publicize_connections":[],"jetpack_shortlink":"https:\/\/wp.me\/p68Tjo-6XS","jetpack_sharing_enabled":true,"jetpack_likes_enabled":true,"jetpack_featured_media_url":"https:\/\/www.weine-feinkost.de\/unterwegs\/wp-content\/uploads\/2015\/03\/picantje_van_fond.jpg","_links":{"self":[{"href":"https:\/\/www.weine-feinkost.de\/unterwegs\/wp-json\/wp\/v2\/posts\/26776","targetHints":{"allow":["GET"]}}],"collection":[{"href":"https:\/\/www.weine-feinkost.de\/unterwegs\/wp-json\/wp\/v2\/posts"}],"about":[{"href":"https:\/\/www.weine-feinkost.de\/unterwegs\/wp-json\/wp\/v2\/types\/post"}],"author":[{"embeddable":true,"href":"https:\/\/www.weine-feinkost.de\/unterwegs\/wp-json\/wp\/v2\/users\/7"}],"replies":[{"embeddable":true,"href":"https:\/\/www.weine-feinkost.de\/unterwegs\/wp-json\/wp\/v2\/comments?post=26776"}],"version-history":[{"count":0,"href":"https:\/\/www.weine-feinkost.de\/unterwegs\/wp-json\/wp\/v2\/posts\/26776\/revisions"}],"wp:featuredmedia":[{"embeddable":true,"href":"https:\/\/www.weine-feinkost.de\/unterwegs\/wp-json\/wp\/v2\/media\/157101"}],"wp:attachment":[{"href":"https:\/\/www.weine-feinkost.de\/unterwegs\/wp-json\/wp\/v2\/media?parent=26776"}],"wp:term":[{"taxonomy":"category","embeddable":true,"href":"https:\/\/www.weine-feinkost.de\/unterwegs\/wp-json\/wp\/v2\/categories?post=26776"},{"taxonomy":"post_tag","embeddable":true,"href":"https:\/\/www.weine-feinkost.de\/unterwegs\/wp-json\/wp\/v2\/tags?post=26776"},{"taxonomy":"post_folder","embeddable":true,"href":"https:\/\/www.weine-feinkost.de\/unterwegs\/wp-json\/wp\/v2\/post_folder?post=26776"}],"curies":[{"name":"wp","href":"https:\/\/api.w.org\/{rel}","templated":true}]}}