{"id":27951,"date":"2015-06-19T16:15:21","date_gmt":"2015-06-19T14:15:21","guid":{"rendered":"https:\/\/www.weine-feinkost.de\/unterwegs\/?p=27951"},"modified":"2023-03-22T15:08:25","modified_gmt":"2023-03-22T14:08:25","slug":"branka-donostia-san-sebastian-spanien-2","status":"publish","type":"post","link":"https:\/\/www.weine-feinkost.de\/unterwegs\/2015\/06\/branka-donostia-san-sebastian-spanien-2\/","title":{"rendered":"Branka \u2013 Donostia- San Sebastian \u2013 Spanien"},"content":{"rendered":"<p><strong>Branka \u2013 Donostia- San Sebastian \u2013 Spanien<\/strong><\/p>\n<p>&nbsp;<\/p>\n<p>Keine Neuigkeiten aus dem Branka. Einer der sch\u00f6nsten Pl\u00e4tze in ganz San Sebastian mit einer der sch\u00f6nsten Aussichten auf den Strand von Ondarreta und auch auf die Concha kann, trotz schlechten Wetters, nach wie vor begeistern. Gottlob, keine neuen chirurgisch- ver\u00e4nderten Auff\u00e4lligkeiten der im Restaurant Anwesenden und ein pr\u00e4sentiertes Men\u00fc, das nach wie vor in Verbindung mit der tollen und sch\u00f6nen Atmosph\u00e4re Ma\u00dfst\u00e4be setzt.<\/p>\n<p>Sehr gutes Essen, aus Top Zutaten auf den Punkt gekocht, gegrillt und dargeboten. Auch hier l\u00e4sst es sich zur Not gerade noch so f\u00fcr ein paar Stunden am Abend aushalten &#8230;<\/p>\n<p><a href=\"https:\/\/www.weine-feinkost.de\/unterwegs\/wp-content\/uploads\/2015\/05\/Branka_Donostia_San_Sebastian_Spanien_1.jpeg\"><img loading=\"lazy\" decoding=\"async\" class=\"aligncenter size-medium wp-image-144924\" src=\"https:\/\/www.weine-feinkost.de\/unterwegs\/wp-content\/uploads\/2015\/05\/Branka_Donostia_San_Sebastian_Spanien_1-300x300.jpeg\" alt=\"Branka_Donostia_San_Sebastian_Spanien_1\" width=\"300\" height=\"300\" srcset=\"https:\/\/www.weine-feinkost.de\/unterwegs\/wp-content\/uploads\/2015\/05\/Branka_Donostia_San_Sebastian_Spanien_1-300x300.jpeg 300w, https:\/\/www.weine-feinkost.de\/unterwegs\/wp-content\/uploads\/2015\/05\/Branka_Donostia_San_Sebastian_Spanien_1-150x150.jpeg 150w, https:\/\/www.weine-feinkost.de\/unterwegs\/wp-content\/uploads\/2015\/05\/Branka_Donostia_San_Sebastian_Spanien_1-65x65.jpeg 65w, https:\/\/www.weine-feinkost.de\/unterwegs\/wp-content\/uploads\/2015\/05\/Branka_Donostia_San_Sebastian_Spanien_1.jpeg 640w\" sizes=\"auto, (max-width: 300px) 100vw, 300px\" \/><\/a><\/p>\n<p style=\"text-align: center;\"><a href=\"https:\/\/www.weine-feinkost.de\/unterwegs\/wp-content\/uploads\/2015\/05\/Branka_Donostia_San_Sebastian_Spanien_2.jpeg\"><img loading=\"lazy\" decoding=\"async\" class=\"aligncenter size-medium wp-image-157571\" src=\"https:\/\/www.weine-feinkost.de\/unterwegs\/wp-content\/uploads\/2015\/05\/Branka_Donostia_San_Sebastian_Spanien_2-300x300.jpeg\" alt=\"Branka_Donostia_San_Sebastian_Spanien_2\" width=\"300\" height=\"300\" srcset=\"https:\/\/www.weine-feinkost.de\/unterwegs\/wp-content\/uploads\/2015\/05\/Branka_Donostia_San_Sebastian_Spanien_2-300x300.jpeg 300w, https:\/\/www.weine-feinkost.de\/unterwegs\/wp-content\/uploads\/2015\/05\/Branka_Donostia_San_Sebastian_Spanien_2-150x150.jpeg 150w, https:\/\/www.weine-feinkost.de\/unterwegs\/wp-content\/uploads\/2015\/05\/Branka_Donostia_San_Sebastian_Spanien_2-200x200.jpeg 200w, https:\/\/www.weine-feinkost.de\/unterwegs\/wp-content\/uploads\/2015\/05\/Branka_Donostia_San_Sebastian_Spanien_2-600x600.jpeg 600w, https:\/\/www.weine-feinkost.de\/unterwegs\/wp-content\/uploads\/2015\/05\/Branka_Donostia_San_Sebastian_Spanien_2.jpeg 640w\" sizes=\"auto, (max-width: 300px) 100vw, 300px\" \/><\/a>Salmorejo &#8211; Oliven.<\/p>\n<p style=\"text-align: center;\"><a href=\"https:\/\/www.weine-feinkost.de\/unterwegs\/wp-content\/uploads\/2015\/05\/Branka_Donostia_San_Sebastian_Spanien_5.jpeg\"><img loading=\"lazy\" decoding=\"async\" class=\"aligncenter size-medium wp-image-144925\" src=\"https:\/\/www.weine-feinkost.de\/unterwegs\/wp-content\/uploads\/2015\/05\/Branka_Donostia_San_Sebastian_Spanien_5-300x225.jpeg\" alt=\"Branka_Donostia_San_Sebastian_Spanien_5\" width=\"300\" height=\"225\" srcset=\"https:\/\/www.weine-feinkost.de\/unterwegs\/wp-content\/uploads\/2015\/05\/Branka_Donostia_San_Sebastian_Spanien_5-300x225.jpeg 300w, https:\/\/www.weine-feinkost.de\/unterwegs\/wp-content\/uploads\/2015\/05\/Branka_Donostia_San_Sebastian_Spanien_5.jpeg 640w\" sizes=\"auto, (max-width: 300px) 100vw, 300px\" \/><\/a>Krebsfleischsalat.<\/p>\n<p style=\"text-align: center;\"><a href=\"https:\/\/www.weine-feinkost.de\/unterwegs\/wp-content\/uploads\/2015\/05\/Branka_Donostia_San_Sebastian_Spanien_6.jpeg\"><img loading=\"lazy\" decoding=\"async\" class=\"aligncenter size-medium wp-image-144926\" src=\"https:\/\/www.weine-feinkost.de\/unterwegs\/wp-content\/uploads\/2015\/05\/Branka_Donostia_San_Sebastian_Spanien_6-300x225.jpeg\" alt=\"Branka_Donostia_San_Sebastian_Spanien_6\" width=\"300\" height=\"225\" srcset=\"https:\/\/www.weine-feinkost.de\/unterwegs\/wp-content\/uploads\/2015\/05\/Branka_Donostia_San_Sebastian_Spanien_6-300x225.jpeg 300w, https:\/\/www.weine-feinkost.de\/unterwegs\/wp-content\/uploads\/2015\/05\/Branka_Donostia_San_Sebastian_Spanien_6.jpeg 640w\" sizes=\"auto, (max-width: 300px) 100vw, 300px\" \/><\/a>Gegrillter frischer Spargel.<\/p>\n<p style=\"text-align: center;\"><a href=\"https:\/\/www.weine-feinkost.de\/unterwegs\/wp-content\/uploads\/2015\/05\/Branka_Donostia_San_Sebastian_Spanien_7.jpeg\"><img loading=\"lazy\" decoding=\"async\" class=\"aligncenter size-medium wp-image-144927\" src=\"https:\/\/www.weine-feinkost.de\/unterwegs\/wp-content\/uploads\/2015\/05\/Branka_Donostia_San_Sebastian_Spanien_7-300x225.jpeg\" alt=\"Branka_Donostia_San_Sebastian_Spanien_7\" width=\"300\" height=\"225\" srcset=\"https:\/\/www.weine-feinkost.de\/unterwegs\/wp-content\/uploads\/2015\/05\/Branka_Donostia_San_Sebastian_Spanien_7-300x225.jpeg 300w, https:\/\/www.weine-feinkost.de\/unterwegs\/wp-content\/uploads\/2015\/05\/Branka_Donostia_San_Sebastian_Spanien_7.jpeg 640w\" sizes=\"auto, (max-width: 300px) 100vw, 300px\" \/><\/a>Rinderfilet.<\/p>\n<p style=\"text-align: center;\"><a href=\"https:\/\/www.weine-feinkost.de\/unterwegs\/wp-content\/uploads\/2015\/05\/Branka_Donostia_San_Sebastian_Spanien_8.jpeg\"><img loading=\"lazy\" decoding=\"async\" class=\"aligncenter size-medium wp-image-157577\" src=\"https:\/\/www.weine-feinkost.de\/unterwegs\/wp-content\/uploads\/2015\/05\/Branka_Donostia_San_Sebastian_Spanien_8-300x225.jpeg\" alt=\"Branka_Donostia_San_Sebastian_Spanien_8\" width=\"300\" height=\"225\" srcset=\"https:\/\/www.weine-feinkost.de\/unterwegs\/wp-content\/uploads\/2015\/05\/Branka_Donostia_San_Sebastian_Spanien_8-300x225.jpeg 300w, https:\/\/www.weine-feinkost.de\/unterwegs\/wp-content\/uploads\/2015\/05\/Branka_Donostia_San_Sebastian_Spanien_8-600x450.jpeg 600w, https:\/\/www.weine-feinkost.de\/unterwegs\/wp-content\/uploads\/2015\/05\/Branka_Donostia_San_Sebastian_Spanien_8.jpeg 640w\" sizes=\"auto, (max-width: 300px) 100vw, 300px\" \/><\/a>Armer Ritter.<\/p>\n<p><strong>Branka<\/strong><br \/>\nPaseo de Eduardo Chillida,13<br \/>\nE-20008 Donostia-San Sebastian<br \/>\nTelefon 0034943317096<br \/>\n<a href=\"http:\/\/www.branka-tenis.com\">www.branka-tenis.com<\/a><\/p>\n","protected":false},"excerpt":{"rendered":"<p>Branka \u2013 Donostia- San Sebastian \u2013 Spanien &nbsp; Keine Neuigkeiten aus dem Branka. Einer der sch\u00f6nsten Pl\u00e4tze in ganz San Sebastian mit einer der sch\u00f6nsten Aussichten auf den Strand von Ondarreta und auch auf die Concha kann, trotz schlechten Wetters, nach wie vor begeistern. Gottlob, keine neuen chirurgisch- ver\u00e4nderten Auff\u00e4lligkeiten der im Restaurant Anwesenden und &#8230; <a title=\"Branka \u2013 Donostia- San Sebastian \u2013 Spanien\" class=\"read-more\" href=\"https:\/\/www.weine-feinkost.de\/unterwegs\/2015\/06\/branka-donostia-san-sebastian-spanien-2\/\" aria-label=\"Mehr dazu unter Branka \u2013 Donostia- San Sebastian \u2013 Spanien\">Weiterlesen<\/a><\/p>\n","protected":false},"author":7,"featured_media":157572,"comment_status":"open","ping_status":"open","sticky":false,"template":"","format":"standard","meta":{"_jetpack_newsletter_access":"","_jetpack_dont_email_post_to_subs":false,"_jetpack_newsletter_tier_id":0,"_jetpack_memberships_contains_paywalled_content":false,"_jetpack_feature_clip_id":0,"_jetpack_memberships_contains_paid_content":false,"footnotes":"","jetpack_publicize_message":"","jetpack_publicize_feature_enabled":true,"jetpack_social_post_already_shared":true,"jetpack_social_options":{"image_generator_settings":{"template":"highway","default_image_id":0,"font":"","enabled":false},"version":2},"jetpack_post_was_ever_published":false},"categories":[13,30],"tags":[87,508,76,73,79],"post_folder":[],"class_list":["post-27951","post","type-post","status-publish","format-standard","has-post-thumbnail","hentry","category-restaurants","category-spanien-restaurants","tag-baskenland","tag-branka","tag-donostia-san-sebastian","tag-restaurant","tag-spanien"],"yoast_head":"<!-- This site is optimized with the Yoast SEO plugin v28.3 - https:\/\/yoast.com\/product\/yoast-seo-wordpress\/ -->\n<title>Branka \u2013 Donostia- San Sebastian \u2013 Spanien - Unterwegs mit Weine &amp; Feinkost<\/title>\n<meta name=\"description\" content=\"Branka \u2013 Donostia- San Sebastian \u2013 Spanien\" \/>\n<meta name=\"robots\" content=\"index, follow, max-snippet:-1, max-image-preview:large, max-video-preview:-1\" \/>\n<link rel=\"canonical\" href=\"https:\/\/www.weine-feinkost.de\/unterwegs\/2015\/06\/branka-donostia-san-sebastian-spanien-2\/\" \/>\n<meta property=\"og:locale\" content=\"de_DE\" \/>\n<meta property=\"og:type\" content=\"article\" \/>\n<meta property=\"og:title\" content=\"Branka \u2013 Donostia- San Sebastian \u2013 Spanien - Unterwegs mit Weine &amp; Feinkost\" \/>\n<meta property=\"og:description\" content=\"Branka \u2013 Donostia- San Sebastian \u2013 Spanien\" \/>\n<meta property=\"og:url\" content=\"https:\/\/www.weine-feinkost.de\/unterwegs\/2015\/06\/branka-donostia-san-sebastian-spanien-2\/\" \/>\n<meta property=\"og:site_name\" content=\"Unterwegs mit Weine &amp; Feinkost\" \/>\n<meta property=\"article:published_time\" content=\"2015-06-19T14:15:21+00:00\" \/>\n<meta property=\"article:modified_time\" content=\"2023-03-22T14:08:25+00:00\" \/>\n<meta property=\"og:image\" content=\"https:\/\/www.weine-feinkost.de\/unterwegs\/wp-content\/uploads\/2015\/05\/Branka_Donostia_San_Sebastian_Spanien_3.jpeg\" \/>\n\t<meta property=\"og:image:width\" content=\"640\" \/>\n\t<meta property=\"og:image:height\" content=\"640\" \/>\n\t<meta property=\"og:image:type\" content=\"image\/jpeg\" \/>\n<meta name=\"author\" content=\"Christian Fenske\" \/>\n<meta name=\"twitter:card\" content=\"summary_large_image\" \/>\n<meta name=\"twitter:label1\" content=\"Verfasst von\" \/>\n\t<meta name=\"twitter:data1\" content=\"Christian Fenske\" \/>\n\t<meta name=\"twitter:label2\" content=\"Gesch\u00e4tzte Lesezeit\" \/>\n\t<meta name=\"twitter:data2\" content=\"2\u00a0Minuten\" \/>\n<script type=\"application\/ld+json\" class=\"yoast-schema-graph\">{\"@context\":\"https:\\\/\\\/schema.org\",\"@graph\":[{\"@type\":\"Article\",\"@id\":\"https:\\\/\\\/www.weine-feinkost.de\\\/unterwegs\\\/2015\\\/06\\\/branka-donostia-san-sebastian-spanien-2\\\/#article\",\"isPartOf\":{\"@id\":\"https:\\\/\\\/www.weine-feinkost.de\\\/unterwegs\\\/2015\\\/06\\\/branka-donostia-san-sebastian-spanien-2\\\/\"},\"author\":{\"name\":\"Christian Fenske\",\"@id\":\"https:\\\/\\\/www.weine-feinkost.de\\\/unterwegs\\\/#\\\/schema\\\/person\\\/c07d66169fd0e04307bfe7cdc99ac26a\"},\"headline\":\"Branka \u2013 Donostia- San Sebastian \u2013 Spanien\",\"datePublished\":\"2015-06-19T14:15:21+00:00\",\"dateModified\":\"2023-03-22T14:08:25+00:00\",\"mainEntityOfPage\":{\"@id\":\"https:\\\/\\\/www.weine-feinkost.de\\\/unterwegs\\\/2015\\\/06\\\/branka-donostia-san-sebastian-spanien-2\\\/\"},\"wordCount\":139,\"commentCount\":0,\"publisher\":{\"@id\":\"https:\\\/\\\/www.weine-feinkost.de\\\/unterwegs\\\/#organization\"},\"image\":{\"@id\":\"https:\\\/\\\/www.weine-feinkost.de\\\/unterwegs\\\/2015\\\/06\\\/branka-donostia-san-sebastian-spanien-2\\\/#primaryimage\"},\"thumbnailUrl\":\"https:\\\/\\\/www.weine-feinkost.de\\\/unterwegs\\\/wp-content\\\/uploads\\\/2015\\\/05\\\/Branka_Donostia_San_Sebastian_Spanien_3.jpeg\",\"keywords\":[\"Baskenland\",\"Branka\",\"Donostia-San Sebastian\",\"Restaurant\",\"Spanien\"],\"articleSection\":[\"Restaurants\",\"Spanien\"],\"inLanguage\":\"de\",\"potentialAction\":[{\"@type\":\"CommentAction\",\"name\":\"Comment\",\"target\":[\"https:\\\/\\\/www.weine-feinkost.de\\\/unterwegs\\\/2015\\\/06\\\/branka-donostia-san-sebastian-spanien-2\\\/#respond\"]}]},{\"@type\":\"WebPage\",\"@id\":\"https:\\\/\\\/www.weine-feinkost.de\\\/unterwegs\\\/2015\\\/06\\\/branka-donostia-san-sebastian-spanien-2\\\/\",\"url\":\"https:\\\/\\\/www.weine-feinkost.de\\\/unterwegs\\\/2015\\\/06\\\/branka-donostia-san-sebastian-spanien-2\\\/\",\"name\":\"Branka \u2013 Donostia- San Sebastian \u2013 Spanien - Unterwegs mit Weine &amp; Feinkost\",\"isPartOf\":{\"@id\":\"https:\\\/\\\/www.weine-feinkost.de\\\/unterwegs\\\/#website\"},\"primaryImageOfPage\":{\"@id\":\"https:\\\/\\\/www.weine-feinkost.de\\\/unterwegs\\\/2015\\\/06\\\/branka-donostia-san-sebastian-spanien-2\\\/#primaryimage\"},\"image\":{\"@id\":\"https:\\\/\\\/www.weine-feinkost.de\\\/unterwegs\\\/2015\\\/06\\\/branka-donostia-san-sebastian-spanien-2\\\/#primaryimage\"},\"thumbnailUrl\":\"https:\\\/\\\/www.weine-feinkost.de\\\/unterwegs\\\/wp-content\\\/uploads\\\/2015\\\/05\\\/Branka_Donostia_San_Sebastian_Spanien_3.jpeg\",\"datePublished\":\"2015-06-19T14:15:21+00:00\",\"dateModified\":\"2023-03-22T14:08:25+00:00\",\"description\":\"Branka \u2013 Donostia- San Sebastian \u2013 Spanien\",\"breadcrumb\":{\"@id\":\"https:\\\/\\\/www.weine-feinkost.de\\\/unterwegs\\\/2015\\\/06\\\/branka-donostia-san-sebastian-spanien-2\\\/#breadcrumb\"},\"inLanguage\":\"de\",\"potentialAction\":[{\"@type\":\"ReadAction\",\"target\":[\"https:\\\/\\\/www.weine-feinkost.de\\\/unterwegs\\\/2015\\\/06\\\/branka-donostia-san-sebastian-spanien-2\\\/\"]}]},{\"@type\":\"ImageObject\",\"inLanguage\":\"de\",\"@id\":\"https:\\\/\\\/www.weine-feinkost.de\\\/unterwegs\\\/2015\\\/06\\\/branka-donostia-san-sebastian-spanien-2\\\/#primaryimage\",\"url\":\"https:\\\/\\\/www.weine-feinkost.de\\\/unterwegs\\\/wp-content\\\/uploads\\\/2015\\\/05\\\/Branka_Donostia_San_Sebastian_Spanien_3.jpeg\",\"contentUrl\":\"https:\\\/\\\/www.weine-feinkost.de\\\/unterwegs\\\/wp-content\\\/uploads\\\/2015\\\/05\\\/Branka_Donostia_San_Sebastian_Spanien_3.jpeg\",\"width\":640,\"height\":640},{\"@type\":\"BreadcrumbList\",\"@id\":\"https:\\\/\\\/www.weine-feinkost.de\\\/unterwegs\\\/2015\\\/06\\\/branka-donostia-san-sebastian-spanien-2\\\/#breadcrumb\",\"itemListElement\":[{\"@type\":\"ListItem\",\"position\":1,\"name\":\"Startseite\",\"item\":\"https:\\\/\\\/www.weine-feinkost.de\\\/unterwegs\\\/\"},{\"@type\":\"ListItem\",\"position\":2,\"name\":\"Branka \u2013 Donostia- San Sebastian \u2013 Spanien\"}]},{\"@type\":\"WebSite\",\"@id\":\"https:\\\/\\\/www.weine-feinkost.de\\\/unterwegs\\\/#website\",\"url\":\"https:\\\/\\\/www.weine-feinkost.de\\\/unterwegs\\\/\",\"name\":\"Unterwegs mit Weine &amp; Feinkost\",\"description\":\"Entdecken Sie Genuss\",\"publisher\":{\"@id\":\"https:\\\/\\\/www.weine-feinkost.de\\\/unterwegs\\\/#organization\"},\"potentialAction\":[{\"@type\":\"SearchAction\",\"target\":{\"@type\":\"EntryPoint\",\"urlTemplate\":\"https:\\\/\\\/www.weine-feinkost.de\\\/unterwegs\\\/?s={search_term_string}\"},\"query-input\":{\"@type\":\"PropertyValueSpecification\",\"valueRequired\":true,\"valueName\":\"search_term_string\"}}],\"inLanguage\":\"de\"},{\"@type\":\"Organization\",\"@id\":\"https:\\\/\\\/www.weine-feinkost.de\\\/unterwegs\\\/#organization\",\"name\":\"Unterwegs mit Weine &amp; Feinkost\",\"url\":\"https:\\\/\\\/www.weine-feinkost.de\\\/unterwegs\\\/\",\"logo\":{\"@type\":\"ImageObject\",\"inLanguage\":\"de\",\"@id\":\"https:\\\/\\\/www.weine-feinkost.de\\\/unterwegs\\\/#\\\/schema\\\/logo\\\/image\\\/\",\"url\":\"https:\\\/\\\/www.weine-feinkost.de\\\/unterwegs\\\/wp-content\\\/uploads\\\/2022\\\/10\\\/logo_weinefeinkost_unterwegs_450x171.png\",\"contentUrl\":\"https:\\\/\\\/www.weine-feinkost.de\\\/unterwegs\\\/wp-content\\\/uploads\\\/2022\\\/10\\\/logo_weinefeinkost_unterwegs_450x171.png\",\"width\":450,\"height\":171,\"caption\":\"Unterwegs mit Weine &amp; Feinkost\"},\"image\":{\"@id\":\"https:\\\/\\\/www.weine-feinkost.de\\\/unterwegs\\\/#\\\/schema\\\/logo\\\/image\\\/\"}},{\"@type\":\"Person\",\"@id\":\"https:\\\/\\\/www.weine-feinkost.de\\\/unterwegs\\\/#\\\/schema\\\/person\\\/c07d66169fd0e04307bfe7cdc99ac26a\",\"name\":\"Christian Fenske\",\"image\":{\"@type\":\"ImageObject\",\"inLanguage\":\"de\",\"@id\":\"https:\\\/\\\/www.weine-feinkost.de\\\/unterwegs\\\/wp-content\\\/uploads\\\/2023\\\/01\\\/cropped-christian_profilbild-96x96.png\",\"url\":\"https:\\\/\\\/www.weine-feinkost.de\\\/unterwegs\\\/wp-content\\\/uploads\\\/2023\\\/01\\\/cropped-christian_profilbild-96x96.png\",\"contentUrl\":\"https:\\\/\\\/www.weine-feinkost.de\\\/unterwegs\\\/wp-content\\\/uploads\\\/2023\\\/01\\\/cropped-christian_profilbild-96x96.png\",\"caption\":\"Christian Fenske\"},\"description\":\"Zusammen an einem Tisch sitzen, gemeinsam zu kommunizieren und zu genie\u00dfen, das ist eine der herausragenden kulturellen Errungenschaft der Menschheit.\",\"url\":\"https:\\\/\\\/www.weine-feinkost.de\\\/unterwegs\\\/author\\\/christian-fenske\\\/\"}]}<\/script>\n<!-- \/ Yoast SEO plugin. -->","yoast_head_json":{"title":"Branka \u2013 Donostia- San Sebastian \u2013 Spanien - Unterwegs mit Weine &amp; Feinkost","description":"Branka \u2013 Donostia- San Sebastian \u2013 Spanien","robots":{"index":"index","follow":"follow","max-snippet":"max-snippet:-1","max-image-preview":"max-image-preview:large","max-video-preview":"max-video-preview:-1"},"canonical":"https:\/\/www.weine-feinkost.de\/unterwegs\/2015\/06\/branka-donostia-san-sebastian-spanien-2\/","og_locale":"de_DE","og_type":"article","og_title":"Branka \u2013 Donostia- San Sebastian \u2013 Spanien - Unterwegs mit Weine &amp; Feinkost","og_description":"Branka \u2013 Donostia- San Sebastian \u2013 Spanien","og_url":"https:\/\/www.weine-feinkost.de\/unterwegs\/2015\/06\/branka-donostia-san-sebastian-spanien-2\/","og_site_name":"Unterwegs mit Weine &amp; Feinkost","article_published_time":"2015-06-19T14:15:21+00:00","article_modified_time":"2023-03-22T14:08:25+00:00","og_image":[{"width":640,"height":640,"url":"https:\/\/www.weine-feinkost.de\/unterwegs\/wp-content\/uploads\/2015\/05\/Branka_Donostia_San_Sebastian_Spanien_3.jpeg","type":"image\/jpeg"}],"author":"Christian Fenske","twitter_card":"summary_large_image","twitter_misc":{"Verfasst von":"Christian Fenske","Gesch\u00e4tzte Lesezeit":"2\u00a0Minuten"},"schema":{"@context":"https:\/\/schema.org","@graph":[{"@type":"Article","@id":"https:\/\/www.weine-feinkost.de\/unterwegs\/2015\/06\/branka-donostia-san-sebastian-spanien-2\/#article","isPartOf":{"@id":"https:\/\/www.weine-feinkost.de\/unterwegs\/2015\/06\/branka-donostia-san-sebastian-spanien-2\/"},"author":{"name":"Christian Fenske","@id":"https:\/\/www.weine-feinkost.de\/unterwegs\/#\/schema\/person\/c07d66169fd0e04307bfe7cdc99ac26a"},"headline":"Branka \u2013 Donostia- San Sebastian \u2013 Spanien","datePublished":"2015-06-19T14:15:21+00:00","dateModified":"2023-03-22T14:08:25+00:00","mainEntityOfPage":{"@id":"https:\/\/www.weine-feinkost.de\/unterwegs\/2015\/06\/branka-donostia-san-sebastian-spanien-2\/"},"wordCount":139,"commentCount":0,"publisher":{"@id":"https:\/\/www.weine-feinkost.de\/unterwegs\/#organization"},"image":{"@id":"https:\/\/www.weine-feinkost.de\/unterwegs\/2015\/06\/branka-donostia-san-sebastian-spanien-2\/#primaryimage"},"thumbnailUrl":"https:\/\/www.weine-feinkost.de\/unterwegs\/wp-content\/uploads\/2015\/05\/Branka_Donostia_San_Sebastian_Spanien_3.jpeg","keywords":["Baskenland","Branka","Donostia-San Sebastian","Restaurant","Spanien"],"articleSection":["Restaurants","Spanien"],"inLanguage":"de","potentialAction":[{"@type":"CommentAction","name":"Comment","target":["https:\/\/www.weine-feinkost.de\/unterwegs\/2015\/06\/branka-donostia-san-sebastian-spanien-2\/#respond"]}]},{"@type":"WebPage","@id":"https:\/\/www.weine-feinkost.de\/unterwegs\/2015\/06\/branka-donostia-san-sebastian-spanien-2\/","url":"https:\/\/www.weine-feinkost.de\/unterwegs\/2015\/06\/branka-donostia-san-sebastian-spanien-2\/","name":"Branka \u2013 Donostia- San Sebastian \u2013 Spanien - Unterwegs mit Weine &amp; Feinkost","isPartOf":{"@id":"https:\/\/www.weine-feinkost.de\/unterwegs\/#website"},"primaryImageOfPage":{"@id":"https:\/\/www.weine-feinkost.de\/unterwegs\/2015\/06\/branka-donostia-san-sebastian-spanien-2\/#primaryimage"},"image":{"@id":"https:\/\/www.weine-feinkost.de\/unterwegs\/2015\/06\/branka-donostia-san-sebastian-spanien-2\/#primaryimage"},"thumbnailUrl":"https:\/\/www.weine-feinkost.de\/unterwegs\/wp-content\/uploads\/2015\/05\/Branka_Donostia_San_Sebastian_Spanien_3.jpeg","datePublished":"2015-06-19T14:15:21+00:00","dateModified":"2023-03-22T14:08:25+00:00","description":"Branka \u2013 Donostia- San Sebastian \u2013 Spanien","breadcrumb":{"@id":"https:\/\/www.weine-feinkost.de\/unterwegs\/2015\/06\/branka-donostia-san-sebastian-spanien-2\/#breadcrumb"},"inLanguage":"de","potentialAction":[{"@type":"ReadAction","target":["https:\/\/www.weine-feinkost.de\/unterwegs\/2015\/06\/branka-donostia-san-sebastian-spanien-2\/"]}]},{"@type":"ImageObject","inLanguage":"de","@id":"https:\/\/www.weine-feinkost.de\/unterwegs\/2015\/06\/branka-donostia-san-sebastian-spanien-2\/#primaryimage","url":"https:\/\/www.weine-feinkost.de\/unterwegs\/wp-content\/uploads\/2015\/05\/Branka_Donostia_San_Sebastian_Spanien_3.jpeg","contentUrl":"https:\/\/www.weine-feinkost.de\/unterwegs\/wp-content\/uploads\/2015\/05\/Branka_Donostia_San_Sebastian_Spanien_3.jpeg","width":640,"height":640},{"@type":"BreadcrumbList","@id":"https:\/\/www.weine-feinkost.de\/unterwegs\/2015\/06\/branka-donostia-san-sebastian-spanien-2\/#breadcrumb","itemListElement":[{"@type":"ListItem","position":1,"name":"Startseite","item":"https:\/\/www.weine-feinkost.de\/unterwegs\/"},{"@type":"ListItem","position":2,"name":"Branka \u2013 Donostia- San Sebastian \u2013 Spanien"}]},{"@type":"WebSite","@id":"https:\/\/www.weine-feinkost.de\/unterwegs\/#website","url":"https:\/\/www.weine-feinkost.de\/unterwegs\/","name":"Unterwegs mit Weine &amp; Feinkost","description":"Entdecken Sie Genuss","publisher":{"@id":"https:\/\/www.weine-feinkost.de\/unterwegs\/#organization"},"potentialAction":[{"@type":"SearchAction","target":{"@type":"EntryPoint","urlTemplate":"https:\/\/www.weine-feinkost.de\/unterwegs\/?s={search_term_string}"},"query-input":{"@type":"PropertyValueSpecification","valueRequired":true,"valueName":"search_term_string"}}],"inLanguage":"de"},{"@type":"Organization","@id":"https:\/\/www.weine-feinkost.de\/unterwegs\/#organization","name":"Unterwegs mit Weine &amp; Feinkost","url":"https:\/\/www.weine-feinkost.de\/unterwegs\/","logo":{"@type":"ImageObject","inLanguage":"de","@id":"https:\/\/www.weine-feinkost.de\/unterwegs\/#\/schema\/logo\/image\/","url":"https:\/\/www.weine-feinkost.de\/unterwegs\/wp-content\/uploads\/2022\/10\/logo_weinefeinkost_unterwegs_450x171.png","contentUrl":"https:\/\/www.weine-feinkost.de\/unterwegs\/wp-content\/uploads\/2022\/10\/logo_weinefeinkost_unterwegs_450x171.png","width":450,"height":171,"caption":"Unterwegs mit Weine &amp; Feinkost"},"image":{"@id":"https:\/\/www.weine-feinkost.de\/unterwegs\/#\/schema\/logo\/image\/"}},{"@type":"Person","@id":"https:\/\/www.weine-feinkost.de\/unterwegs\/#\/schema\/person\/c07d66169fd0e04307bfe7cdc99ac26a","name":"Christian Fenske","image":{"@type":"ImageObject","inLanguage":"de","@id":"https:\/\/www.weine-feinkost.de\/unterwegs\/wp-content\/uploads\/2023\/01\/cropped-christian_profilbild-96x96.png","url":"https:\/\/www.weine-feinkost.de\/unterwegs\/wp-content\/uploads\/2023\/01\/cropped-christian_profilbild-96x96.png","contentUrl":"https:\/\/www.weine-feinkost.de\/unterwegs\/wp-content\/uploads\/2023\/01\/cropped-christian_profilbild-96x96.png","caption":"Christian Fenske"},"description":"Zusammen an einem Tisch sitzen, gemeinsam zu kommunizieren und zu genie\u00dfen, das ist eine der herausragenden kulturellen Errungenschaft der Menschheit.","url":"https:\/\/www.weine-feinkost.de\/unterwegs\/author\/christian-fenske\/"}]}},"jetpack_publicize_connections":[],"jetpack_shortlink":"https:\/\/wp.me\/p68Tjo-7gP","jetpack_sharing_enabled":true,"jetpack_likes_enabled":true,"jetpack_featured_media_url":"https:\/\/www.weine-feinkost.de\/unterwegs\/wp-content\/uploads\/2015\/05\/Branka_Donostia_San_Sebastian_Spanien_3.jpeg","_links":{"self":[{"href":"https:\/\/www.weine-feinkost.de\/unterwegs\/wp-json\/wp\/v2\/posts\/27951","targetHints":{"allow":["GET"]}}],"collection":[{"href":"https:\/\/www.weine-feinkost.de\/unterwegs\/wp-json\/wp\/v2\/posts"}],"about":[{"href":"https:\/\/www.weine-feinkost.de\/unterwegs\/wp-json\/wp\/v2\/types\/post"}],"author":[{"embeddable":true,"href":"https:\/\/www.weine-feinkost.de\/unterwegs\/wp-json\/wp\/v2\/users\/7"}],"replies":[{"embeddable":true,"href":"https:\/\/www.weine-feinkost.de\/unterwegs\/wp-json\/wp\/v2\/comments?post=27951"}],"version-history":[{"count":1,"href":"https:\/\/www.weine-feinkost.de\/unterwegs\/wp-json\/wp\/v2\/posts\/27951\/revisions"}],"predecessor-version":[{"id":197584,"href":"https:\/\/www.weine-feinkost.de\/unterwegs\/wp-json\/wp\/v2\/posts\/27951\/revisions\/197584"}],"wp:featuredmedia":[{"embeddable":true,"href":"https:\/\/www.weine-feinkost.de\/unterwegs\/wp-json\/wp\/v2\/media\/157572"}],"wp:attachment":[{"href":"https:\/\/www.weine-feinkost.de\/unterwegs\/wp-json\/wp\/v2\/media?parent=27951"}],"wp:term":[{"taxonomy":"category","embeddable":true,"href":"https:\/\/www.weine-feinkost.de\/unterwegs\/wp-json\/wp\/v2\/categories?post=27951"},{"taxonomy":"post_tag","embeddable":true,"href":"https:\/\/www.weine-feinkost.de\/unterwegs\/wp-json\/wp\/v2\/tags?post=27951"},{"taxonomy":"post_folder","embeddable":true,"href":"https:\/\/www.weine-feinkost.de\/unterwegs\/wp-json\/wp\/v2\/post_folder?post=27951"}],"curies":[{"name":"wp","href":"https:\/\/api.w.org\/{rel}","templated":true}]}}