{"id":28825,"date":"2015-10-06T10:25:23","date_gmt":"2015-10-06T08:25:23","guid":{"rendered":"https:\/\/www.weine-feinkost.de\/unterwegs\/?p=28825"},"modified":"2023-03-22T14:46:51","modified_gmt":"2023-03-22T13:46:51","slug":"senns-restaurant-salzburg-oesterreich","status":"publish","type":"post","link":"https:\/\/www.weine-feinkost.de\/unterwegs\/2015\/10\/senns-restaurant-salzburg-oesterreich\/","title":{"rendered":"Senns.Restaurant &#8211; Salzburg &#8211; \u00d6sterreich"},"content":{"rendered":"<p><strong>Senns.Restaurant &#8211; Salzburg &#8211; \u00d6sterreich<\/strong><\/p>\n<p>In einem alten Gusswerk vor den Toren Salzburgs ist das bezaubernde und innovative Restaurant Senns untergebracht. Als Namensgeber fungiert hier der Kochk\u00fcnstler Andreas Senn, der in einem der hier vorhandenen Nachbargesch\u00e4fte, welche fast alle Modegrossh\u00e4ndler bekannter internationaler Labels sind, zu Recht als ganz und gar &#8222;k\u00f6stlicher&#8220; Koch bezeichnet wird.<\/p>\n<p>Im Speiseraum sind die alten Elemente des alten Gusswerkes in ein durch und durch modernes Innendesign integriert worden. Backsteinw\u00e4nde, Stahl, technokratische Bilder, blaue und violette Lichtelemente, gem\u00fctliche Lederst\u00fchle und gro\u00dfz\u00fcgige Tische verwirren zun\u00e4chst, um dann das Auge immer wieder zu \u00fcberraschen. So pr\u00e4zise wie der Raum illuminiert und eingerichtet ist, pr\u00e4sentiert sich auch die hiesige K\u00fcche von Andreas Senn, der viele Jahre im Hangar 7 mit vielen bekannten K\u00f6chen arbeiten durfte und so kulinarisch \u00fcber den oft zitierten Tellerrand schauen konnte. Das Men\u00fc, welches hier einmal im Monat komplett wechselt, kann durchaus als asiatisch inspiriert bezeichnet werden. Den Anfang machte ein Klassiker, der Erbsen-Minze Shot mit Tomatenschaum und Puffreis, in Reagenzgl\u00e4schen serviert. Die Rehpraline gef\u00fcllt mit fl\u00fcssigem Gazpacho- Kern war dann der erste Geniestreich. Hier wird Heimatliches mit S\u00fcdl\u00e4ndischem perfekt verbunden und in Form einer kleinen Kugel modern pr\u00e4sentiert. Auch der Tapioca Kr\u00e4cker mit Erbsen und M\u00f6hren Creme begeisterte durch seine starke Gem\u00fcsearomen. Durch die ganze Men\u00fcfolge lief dann ein roter Faden der absoluten Perfektion. Bei der jungen Gelbflossenmakrele Hamachi begeistern vor allen Dingen die frischen Gurkenaromen; die G\u00e4nseleber wird in Eisform und leicht karamellisiert gereicht und in Verbindung mit dem Fenchel und dem Pfirsich kommt diese ganz und gar sommerlich und frisch r\u00fcber. Wieder ein kulinarischer Geniestreich dann die Jakobsmuschel, welche mit einer herausragenden Produktqualit\u00e4t aufwarten konnte. Kombiniert mit den ganz jungen Pfifferlingen, Yuzu, Kopfsalat und einem sehr intensiven Kohlrabi Sud ein Traum. Auch der leicht karamellisierte Black Cod (Kohlenfisch aus Alaska) wurde perfekt inszeniert. Die Papada vom Iberico Kinn war sehr intensiv und passte perfekt zum klaren Paprikasaft. Hier kommen spontan spanische Gef\u00fchle auf. Das anschlie\u00dfende Bison erwischte auch einen guten Start und, obwohl modern auf dem Teller arrangiert, es verbanden sich die Gesamtaromen im Mund mit der Roten Bete, den Champignons und der Cr\u00e8me Fra\u00eeche zu einem altbekannten, sehr warmen Mundgef\u00fchl. Leicht wirkend und sehr gut mundend dann noch das Shiso Dessert gefolgt von einem Petit Four Arrangement namens &#8222;Beerengarten mit essbarer Erde&#8220;. So ein gut durchdachtes Konzept mit allem drum und dran in dazu ungezwungner Atmosph\u00e4re findet man selten in der Spitzengastronomie&#8230; so einen jungen, talentierten Koch ebenso wenig. Ein Hoch auf dieses Talent und den Mut, Saisonales mit ferner Inspirationen so gekonnt umzusetzen. Das verdient einen doppelten Applaus!!<\/p>\n<p><a href=\"https:\/\/www.weine-feinkost.de\/unterwegs\/wp-content\/uploads\/2015\/10\/Senns.Restaurant_Salzburg_Oesterreich_18.jpeg\"><img loading=\"lazy\" decoding=\"async\" class=\"aligncenter size-medium wp-image-158050\" src=\"https:\/\/www.weine-feinkost.de\/unterwegs\/wp-content\/uploads\/2015\/10\/Senns.Restaurant_Salzburg_Oesterreich_18-300x225.jpeg\" alt=\"Senns.Restaurant_Salzburg_Oesterreich_18\" width=\"300\" height=\"225\" srcset=\"https:\/\/www.weine-feinkost.de\/unterwegs\/wp-content\/uploads\/2015\/10\/Senns.Restaurant_Salzburg_Oesterreich_18-300x225.jpeg 300w, https:\/\/www.weine-feinkost.de\/unterwegs\/wp-content\/uploads\/2015\/10\/Senns.Restaurant_Salzburg_Oesterreich_18-600x450.jpeg 600w, https:\/\/www.weine-feinkost.de\/unterwegs\/wp-content\/uploads\/2015\/10\/Senns.Restaurant_Salzburg_Oesterreich_18.jpeg 640w\" sizes=\"auto, (max-width: 300px) 100vw, 300px\" \/><\/a><a href=\"https:\/\/www.weine-feinkost.de\/unterwegs\/wp-content\/uploads\/2015\/10\/Senns.Restaurant_Salzburg_Oesterreich_12.jpeg\"><img loading=\"lazy\" decoding=\"async\" class=\"aligncenter size-medium wp-image-158044\" src=\"https:\/\/www.weine-feinkost.de\/unterwegs\/wp-content\/uploads\/2015\/10\/Senns.Restaurant_Salzburg_Oesterreich_12-300x225.jpeg\" alt=\"Senns.Restaurant_Salzburg_Oesterreich_12\" width=\"300\" height=\"225\" srcset=\"https:\/\/www.weine-feinkost.de\/unterwegs\/wp-content\/uploads\/2015\/10\/Senns.Restaurant_Salzburg_Oesterreich_12-300x225.jpeg 300w, https:\/\/www.weine-feinkost.de\/unterwegs\/wp-content\/uploads\/2015\/10\/Senns.Restaurant_Salzburg_Oesterreich_12-600x450.jpeg 600w, https:\/\/www.weine-feinkost.de\/unterwegs\/wp-content\/uploads\/2015\/10\/Senns.Restaurant_Salzburg_Oesterreich_12.jpeg 640w\" sizes=\"auto, (max-width: 300px) 100vw, 300px\" \/><\/a><\/p>\n<p style=\"text-align: center;\"><a href=\"https:\/\/www.weine-feinkost.de\/unterwegs\/wp-content\/uploads\/2015\/10\/Senns.Restaurant_Salzburg_Oesterreich_4.jpeg\"><img loading=\"lazy\" decoding=\"async\" class=\"aligncenter size-medium wp-image-158036\" src=\"https:\/\/www.weine-feinkost.de\/unterwegs\/wp-content\/uploads\/2015\/10\/Senns.Restaurant_Salzburg_Oesterreich_4-300x225.jpeg\" alt=\"Senns.Restaurant_Salzburg_Oesterreich_4\" width=\"300\" height=\"225\" srcset=\"https:\/\/www.weine-feinkost.de\/unterwegs\/wp-content\/uploads\/2015\/10\/Senns.Restaurant_Salzburg_Oesterreich_4-300x225.jpeg 300w, https:\/\/www.weine-feinkost.de\/unterwegs\/wp-content\/uploads\/2015\/10\/Senns.Restaurant_Salzburg_Oesterreich_4-600x450.jpeg 600w, https:\/\/www.weine-feinkost.de\/unterwegs\/wp-content\/uploads\/2015\/10\/Senns.Restaurant_Salzburg_Oesterreich_4.jpeg 640w\" sizes=\"auto, (max-width: 300px) 100vw, 300px\" \/><\/a>Rehpraline mit Gazpacho gef\u00fcllt und Tapioca Kr\u00e4cker Erbse und M\u00f6hre.<\/p>\n<p style=\"text-align: center;\"><a href=\"https:\/\/www.weine-feinkost.de\/unterwegs\/wp-content\/uploads\/2015\/10\/Senns.Restaurant_Salzburg_Oesterreich_5.jpeg\"><img loading=\"lazy\" decoding=\"async\" class=\"aligncenter size-medium wp-image-158037\" src=\"https:\/\/www.weine-feinkost.de\/unterwegs\/wp-content\/uploads\/2015\/10\/Senns.Restaurant_Salzburg_Oesterreich_5-300x225.jpeg\" alt=\"Senns.Restaurant_Salzburg_Oesterreich_5\" width=\"300\" height=\"225\" srcset=\"https:\/\/www.weine-feinkost.de\/unterwegs\/wp-content\/uploads\/2015\/10\/Senns.Restaurant_Salzburg_Oesterreich_5-300x225.jpeg 300w, https:\/\/www.weine-feinkost.de\/unterwegs\/wp-content\/uploads\/2015\/10\/Senns.Restaurant_Salzburg_Oesterreich_5-600x450.jpeg 600w, https:\/\/www.weine-feinkost.de\/unterwegs\/wp-content\/uploads\/2015\/10\/Senns.Restaurant_Salzburg_Oesterreich_5.jpeg 640w\" sizes=\"auto, (max-width: 300px) 100vw, 300px\" \/><\/a>Erbsen Minz Shot mit Tomatenschaum und Puffreis.<\/p>\n<p style=\"text-align: center;\"><a href=\"https:\/\/www.weine-feinkost.de\/unterwegs\/wp-content\/uploads\/2015\/10\/Senns.Restaurant_Salzburg_Oesterreich_6.jpeg\"><img loading=\"lazy\" decoding=\"async\" class=\"aligncenter wp-image-158038 size-medium\" src=\"https:\/\/www.weine-feinkost.de\/unterwegs\/wp-content\/uploads\/2015\/10\/Senns.Restaurant_Salzburg_Oesterreich_6-e1438332208413-225x300.jpeg\" alt=\"Senns.Restaurant_Salzburg_Oesterreich_6\" width=\"225\" height=\"300\" srcset=\"https:\/\/www.weine-feinkost.de\/unterwegs\/wp-content\/uploads\/2015\/10\/Senns.Restaurant_Salzburg_Oesterreich_6-e1438332208413-225x300.jpeg 225w, https:\/\/www.weine-feinkost.de\/unterwegs\/wp-content\/uploads\/2015\/10\/Senns.Restaurant_Salzburg_Oesterreich_6-e1438332208413.jpeg 480w\" sizes=\"auto, (max-width: 225px) 100vw, 225px\" \/><\/a>Gemischtes Brot auf hei\u00dfen Steinen, Nussbutter.<\/p>\n<p style=\"text-align: center;\"><a href=\"https:\/\/www.weine-feinkost.de\/unterwegs\/wp-content\/uploads\/2015\/10\/Senns.Restaurant_Salzburg_Oesterreich_7.jpeg\"><img loading=\"lazy\" decoding=\"async\" class=\"aligncenter size-medium wp-image-158039\" src=\"https:\/\/www.weine-feinkost.de\/unterwegs\/wp-content\/uploads\/2015\/10\/Senns.Restaurant_Salzburg_Oesterreich_7-300x225.jpeg\" alt=\"Senns.Restaurant_Salzburg_Oesterreich_7\" width=\"300\" height=\"225\" srcset=\"https:\/\/www.weine-feinkost.de\/unterwegs\/wp-content\/uploads\/2015\/10\/Senns.Restaurant_Salzburg_Oesterreich_7-300x225.jpeg 300w, https:\/\/www.weine-feinkost.de\/unterwegs\/wp-content\/uploads\/2015\/10\/Senns.Restaurant_Salzburg_Oesterreich_7-600x450.jpeg 600w, https:\/\/www.weine-feinkost.de\/unterwegs\/wp-content\/uploads\/2015\/10\/Senns.Restaurant_Salzburg_Oesterreich_7.jpeg 640w\" sizes=\"auto, (max-width: 300px) 100vw, 300px\" \/><\/a>Hamachi mit Gurke, Melone, Tapioka und Koriander.<\/p>\n<p style=\"text-align: center;\"><a href=\"https:\/\/www.weine-feinkost.de\/unterwegs\/wp-content\/uploads\/2015\/10\/Senns.Restaurant_Salzburg_Oesterreich_8.jpeg\"><img loading=\"lazy\" decoding=\"async\" class=\"aligncenter size-medium wp-image-158040\" src=\"https:\/\/www.weine-feinkost.de\/unterwegs\/wp-content\/uploads\/2015\/10\/Senns.Restaurant_Salzburg_Oesterreich_8-300x225.jpeg\" alt=\"Senns.Restaurant_Salzburg_Oesterreich_8\" width=\"300\" height=\"225\" srcset=\"https:\/\/www.weine-feinkost.de\/unterwegs\/wp-content\/uploads\/2015\/10\/Senns.Restaurant_Salzburg_Oesterreich_8-300x225.jpeg 300w, https:\/\/www.weine-feinkost.de\/unterwegs\/wp-content\/uploads\/2015\/10\/Senns.Restaurant_Salzburg_Oesterreich_8-600x450.jpeg 600w, https:\/\/www.weine-feinkost.de\/unterwegs\/wp-content\/uploads\/2015\/10\/Senns.Restaurant_Salzburg_Oesterreich_8.jpeg 640w\" sizes=\"auto, (max-width: 300px) 100vw, 300px\" \/><\/a>G\u00e4nseleber mit Fenchel, Pfirsich, Malz und gr\u00fcnen Mandeln.<\/p>\n<p style=\"text-align: center;\"><a href=\"https:\/\/www.weine-feinkost.de\/unterwegs\/wp-content\/uploads\/2015\/10\/Senns.Restaurant_Salzburg_Oesterreich_9.jpeg\"><img loading=\"lazy\" decoding=\"async\" class=\"aligncenter size-medium wp-image-158041\" src=\"https:\/\/www.weine-feinkost.de\/unterwegs\/wp-content\/uploads\/2015\/10\/Senns.Restaurant_Salzburg_Oesterreich_9-300x225.jpeg\" alt=\"Senns.Restaurant_Salzburg_Oesterreich_9\" width=\"300\" height=\"225\" srcset=\"https:\/\/www.weine-feinkost.de\/unterwegs\/wp-content\/uploads\/2015\/10\/Senns.Restaurant_Salzburg_Oesterreich_9-300x225.jpeg 300w, https:\/\/www.weine-feinkost.de\/unterwegs\/wp-content\/uploads\/2015\/10\/Senns.Restaurant_Salzburg_Oesterreich_9-600x450.jpeg 600w, https:\/\/www.weine-feinkost.de\/unterwegs\/wp-content\/uploads\/2015\/10\/Senns.Restaurant_Salzburg_Oesterreich_9.jpeg 640w\" sizes=\"auto, (max-width: 300px) 100vw, 300px\" \/><\/a>Jakobsmuschel mit Kohlrabi, jungen Pfifferlingen, Kopfsalat &amp; Yuzu.<\/p>\n<p style=\"text-align: center;\"><a href=\"https:\/\/www.weine-feinkost.de\/unterwegs\/wp-content\/uploads\/2015\/10\/Senns.Restaurant_Salzburg_Oesterreich_10.jpeg\"><img loading=\"lazy\" decoding=\"async\" class=\"aligncenter size-medium wp-image-158042\" src=\"https:\/\/www.weine-feinkost.de\/unterwegs\/wp-content\/uploads\/2015\/10\/Senns.Restaurant_Salzburg_Oesterreich_10-300x225.jpeg\" alt=\"Senns.Restaurant_Salzburg_Oesterreich_10\" width=\"300\" height=\"225\" srcset=\"https:\/\/www.weine-feinkost.de\/unterwegs\/wp-content\/uploads\/2015\/10\/Senns.Restaurant_Salzburg_Oesterreich_10-300x225.jpeg 300w, https:\/\/www.weine-feinkost.de\/unterwegs\/wp-content\/uploads\/2015\/10\/Senns.Restaurant_Salzburg_Oesterreich_10-600x450.jpeg 600w, https:\/\/www.weine-feinkost.de\/unterwegs\/wp-content\/uploads\/2015\/10\/Senns.Restaurant_Salzburg_Oesterreich_10.jpeg 640w\" sizes=\"auto, (max-width: 300px) 100vw, 300px\" \/><\/a>Black Cod mit Miso, wilder Brokkoli, Zitronat \u2013 Zitrone, Maniok, Dashi.<\/p>\n<p style=\"text-align: center;\"><a href=\"https:\/\/www.weine-feinkost.de\/unterwegs\/wp-content\/uploads\/2015\/10\/Senns.Restaurant_Salzburg_Oesterreich_11.jpeg\"><img loading=\"lazy\" decoding=\"async\" class=\"aligncenter size-medium wp-image-158043\" src=\"https:\/\/www.weine-feinkost.de\/unterwegs\/wp-content\/uploads\/2015\/10\/Senns.Restaurant_Salzburg_Oesterreich_11-300x225.jpeg\" alt=\"Senns.Restaurant_Salzburg_Oesterreich_11\" width=\"300\" height=\"225\" srcset=\"https:\/\/www.weine-feinkost.de\/unterwegs\/wp-content\/uploads\/2015\/10\/Senns.Restaurant_Salzburg_Oesterreich_11-300x225.jpeg 300w, https:\/\/www.weine-feinkost.de\/unterwegs\/wp-content\/uploads\/2015\/10\/Senns.Restaurant_Salzburg_Oesterreich_11-600x450.jpeg 600w, https:\/\/www.weine-feinkost.de\/unterwegs\/wp-content\/uploads\/2015\/10\/Senns.Restaurant_Salzburg_Oesterreich_11.jpeg 640w\" sizes=\"auto, (max-width: 300px) 100vw, 300px\" \/><\/a>Papada vom Iberico Schwein mit Aubergine, fermentierte Schalotten, Bohnen &amp; Paprikasaft.<\/p>\n<p style=\"text-align: center;\"><a href=\"https:\/\/www.weine-feinkost.de\/unterwegs\/wp-content\/uploads\/2015\/10\/Senns.Restaurant_Salzburg_Oesterreich_13.jpeg\"><img loading=\"lazy\" decoding=\"async\" class=\"aligncenter size-medium wp-image-158045\" src=\"https:\/\/www.weine-feinkost.de\/unterwegs\/wp-content\/uploads\/2015\/10\/Senns.Restaurant_Salzburg_Oesterreich_13-300x225.jpeg\" alt=\"Senns.Restaurant_Salzburg_Oesterreich_13\" width=\"300\" height=\"225\" srcset=\"https:\/\/www.weine-feinkost.de\/unterwegs\/wp-content\/uploads\/2015\/10\/Senns.Restaurant_Salzburg_Oesterreich_13-300x225.jpeg 300w, https:\/\/www.weine-feinkost.de\/unterwegs\/wp-content\/uploads\/2015\/10\/Senns.Restaurant_Salzburg_Oesterreich_13-600x450.jpeg 600w, https:\/\/www.weine-feinkost.de\/unterwegs\/wp-content\/uploads\/2015\/10\/Senns.Restaurant_Salzburg_Oesterreich_13.jpeg 640w\" sizes=\"auto, (max-width: 300px) 100vw, 300px\" \/><\/a> <a href=\"https:\/\/www.weine-feinkost.de\/unterwegs\/wp-content\/uploads\/2015\/10\/Senns.Restaurant_Salzburg_Oesterreich_14.jpeg\"><img loading=\"lazy\" decoding=\"async\" class=\"aligncenter size-medium wp-image-158046\" src=\"https:\/\/www.weine-feinkost.de\/unterwegs\/wp-content\/uploads\/2015\/10\/Senns.Restaurant_Salzburg_Oesterreich_14-300x225.jpeg\" alt=\"Senns.Restaurant_Salzburg_Oesterreich_14\" width=\"300\" height=\"225\" srcset=\"https:\/\/www.weine-feinkost.de\/unterwegs\/wp-content\/uploads\/2015\/10\/Senns.Restaurant_Salzburg_Oesterreich_14-300x225.jpeg 300w, https:\/\/www.weine-feinkost.de\/unterwegs\/wp-content\/uploads\/2015\/10\/Senns.Restaurant_Salzburg_Oesterreich_14-600x450.jpeg 600w, https:\/\/www.weine-feinkost.de\/unterwegs\/wp-content\/uploads\/2015\/10\/Senns.Restaurant_Salzburg_Oesterreich_14.jpeg 640w\" sizes=\"auto, (max-width: 300px) 100vw, 300px\" \/><\/a>Falsche Folienkartoffel mit essbarem Silber.<\/p>\n<p style=\"text-align: center;\"><a href=\"https:\/\/www.weine-feinkost.de\/unterwegs\/wp-content\/uploads\/2015\/10\/Senns.Restaurant_Salzburg_Oesterreich_15.jpeg\"><img loading=\"lazy\" decoding=\"async\" class=\"aligncenter size-medium wp-image-158047\" src=\"https:\/\/www.weine-feinkost.de\/unterwegs\/wp-content\/uploads\/2015\/10\/Senns.Restaurant_Salzburg_Oesterreich_15-300x225.jpeg\" alt=\"Senns.Restaurant_Salzburg_Oesterreich_15\" width=\"300\" height=\"225\" srcset=\"https:\/\/www.weine-feinkost.de\/unterwegs\/wp-content\/uploads\/2015\/10\/Senns.Restaurant_Salzburg_Oesterreich_15-300x225.jpeg 300w, https:\/\/www.weine-feinkost.de\/unterwegs\/wp-content\/uploads\/2015\/10\/Senns.Restaurant_Salzburg_Oesterreich_15-600x450.jpeg 600w, https:\/\/www.weine-feinkost.de\/unterwegs\/wp-content\/uploads\/2015\/10\/Senns.Restaurant_Salzburg_Oesterreich_15.jpeg 640w\" sizes=\"auto, (max-width: 300px) 100vw, 300px\" \/><\/a>Bison \u201e\u00e0 la Stroganoff\u201c plus rote R\u00fcbe, Champignon und Cr\u00e8me fra\u00eeche.<\/p>\n<p style=\"text-align: center;\"><a href=\"https:\/\/www.weine-feinkost.de\/unterwegs\/wp-content\/uploads\/2015\/10\/Senns.Restaurant_Salzburg_Oesterreich_16.jpeg\"><img loading=\"lazy\" decoding=\"async\" class=\"aligncenter size-medium wp-image-158048\" src=\"https:\/\/www.weine-feinkost.de\/unterwegs\/wp-content\/uploads\/2015\/10\/Senns.Restaurant_Salzburg_Oesterreich_16-300x225.jpeg\" alt=\"Senns.Restaurant_Salzburg_Oesterreich_16\" width=\"300\" height=\"225\" srcset=\"https:\/\/www.weine-feinkost.de\/unterwegs\/wp-content\/uploads\/2015\/10\/Senns.Restaurant_Salzburg_Oesterreich_16-300x225.jpeg 300w, https:\/\/www.weine-feinkost.de\/unterwegs\/wp-content\/uploads\/2015\/10\/Senns.Restaurant_Salzburg_Oesterreich_16-600x450.jpeg 600w, https:\/\/www.weine-feinkost.de\/unterwegs\/wp-content\/uploads\/2015\/10\/Senns.Restaurant_Salzburg_Oesterreich_16.jpeg 640w\" sizes=\"auto, (max-width: 300px) 100vw, 300px\" \/><\/a>Shiso mit Sojamilch, Avocado und Mango.<\/p>\n<p style=\"text-align: center;\"><a href=\"https:\/\/www.weine-feinkost.de\/unterwegs\/wp-content\/uploads\/2015\/10\/Senns.Restaurant_Salzburg_Oesterreich_17.jpeg\"><img loading=\"lazy\" decoding=\"async\" class=\"aligncenter size-medium wp-image-158049\" src=\"https:\/\/www.weine-feinkost.de\/unterwegs\/wp-content\/uploads\/2015\/10\/Senns.Restaurant_Salzburg_Oesterreich_17-300x225.jpeg\" alt=\"Senns.Restaurant_Salzburg_Oesterreich_17\" width=\"300\" height=\"225\" srcset=\"https:\/\/www.weine-feinkost.de\/unterwegs\/wp-content\/uploads\/2015\/10\/Senns.Restaurant_Salzburg_Oesterreich_17-300x225.jpeg 300w, https:\/\/www.weine-feinkost.de\/unterwegs\/wp-content\/uploads\/2015\/10\/Senns.Restaurant_Salzburg_Oesterreich_17-600x450.jpeg 600w, https:\/\/www.weine-feinkost.de\/unterwegs\/wp-content\/uploads\/2015\/10\/Senns.Restaurant_Salzburg_Oesterreich_17.jpeg 640w\" sizes=\"auto, (max-width: 300px) 100vw, 300px\" \/><\/a>Beerengarten.<\/p>\n<p>&nbsp;<\/p>\n<p><strong>SENNS.Restaurant<\/strong><br \/>\nS\u00f6llheimer Str. 16<br \/>\n5101 Salzburg<br \/>\n\u00d6sterreich<br \/>\nTelefon: +43 664 4540232<br \/>\n<a href=\"http:\/\/www.senns.restaurant\/\">http:\/\/www.senns.restaurant\/<\/a><\/p>\n","protected":false},"excerpt":{"rendered":"<p>Senns.Restaurant &#8211; Salzburg &#8211; \u00d6sterreich In einem alten Gusswerk vor den Toren Salzburgs ist das bezaubernde und innovative Restaurant Senns untergebracht. Als Namensgeber fungiert hier der Kochk\u00fcnstler Andreas Senn, der in einem der hier vorhandenen Nachbargesch\u00e4fte, welche fast alle Modegrossh\u00e4ndler bekannter internationaler Labels sind, zu Recht als ganz und gar &#8222;k\u00f6stlicher&#8220; Koch bezeichnet wird. Im &#8230; <a title=\"Senns.Restaurant &#8211; Salzburg &#8211; \u00d6sterreich\" class=\"read-more\" href=\"https:\/\/www.weine-feinkost.de\/unterwegs\/2015\/10\/senns-restaurant-salzburg-oesterreich\/\" aria-label=\"Mehr dazu unter Senns.Restaurant &#8211; Salzburg &#8211; \u00d6sterreich\">Weiterlesen<\/a><\/p>\n","protected":false},"author":7,"featured_media":158041,"comment_status":"open","ping_status":"open","sticky":false,"template":"","format":"standard","meta":{"_jetpack_newsletter_access":"","_jetpack_dont_email_post_to_subs":false,"_jetpack_newsletter_tier_id":0,"_jetpack_memberships_contains_paywalled_content":false,"_jetpack_feature_clip_id":0,"_jetpack_memberships_contains_paid_content":false,"footnotes":"","jetpack_publicize_message":"","jetpack_publicize_feature_enabled":true,"jetpack_social_post_already_shared":true,"jetpack_social_options":{"image_generator_settings":{"template":"highway","default_image_id":0,"font":"","enabled":false},"version":2},"jetpack_post_was_ever_published":false},"categories":[41,33,13],"tags":[635,205,73,623,636],"post_folder":[],"class_list":["post-28825","post","type-post","status-publish","format-standard","has-post-thumbnail","hentry","category-michelin-star","category-oesterreich-restaurants","category-restaurants","tag-andreas-senn","tag-oesterreich","tag-restaurant","tag-salzburg","tag-senns-restaurant"],"yoast_head":"<!-- This site is optimized with the Yoast SEO plugin v28.3 - https:\/\/yoast.com\/product\/yoast-seo-wordpress\/ -->\n<title>Senns.Restaurant - Salzburg - \u00d6sterreich - Unterwegs mit Weine &amp; Feinkost<\/title>\n<meta name=\"description\" content=\"Senns.Restaurant - Salzburg - \u00d6sterreich\" \/>\n<meta name=\"robots\" content=\"index, follow, max-snippet:-1, max-image-preview:large, max-video-preview:-1\" \/>\n<link rel=\"canonical\" href=\"https:\/\/www.weine-feinkost.de\/unterwegs\/2015\/10\/senns-restaurant-salzburg-oesterreich\/\" \/>\n<meta property=\"og:locale\" content=\"de_DE\" \/>\n<meta property=\"og:type\" content=\"article\" \/>\n<meta property=\"og:title\" content=\"Senns.Restaurant - Salzburg - \u00d6sterreich - Unterwegs mit Weine &amp; Feinkost\" \/>\n<meta property=\"og:description\" content=\"Senns.Restaurant - Salzburg - \u00d6sterreich\" \/>\n<meta property=\"og:url\" content=\"https:\/\/www.weine-feinkost.de\/unterwegs\/2015\/10\/senns-restaurant-salzburg-oesterreich\/\" \/>\n<meta property=\"og:site_name\" content=\"Unterwegs mit Weine &amp; Feinkost\" \/>\n<meta property=\"article:published_time\" content=\"2015-10-06T08:25:23+00:00\" \/>\n<meta property=\"article:modified_time\" content=\"2023-03-22T13:46:51+00:00\" \/>\n<meta property=\"og:image\" content=\"https:\/\/www.weine-feinkost.de\/unterwegs\/wp-content\/uploads\/2015\/10\/Senns.Restaurant_Salzburg_Oesterreich_9.jpeg\" \/>\n\t<meta property=\"og:image:width\" content=\"640\" \/>\n\t<meta property=\"og:image:height\" content=\"480\" \/>\n\t<meta property=\"og:image:type\" content=\"image\/jpeg\" \/>\n<meta name=\"author\" content=\"Christian Fenske\" \/>\n<meta name=\"twitter:card\" content=\"summary_large_image\" \/>\n<meta name=\"twitter:label1\" content=\"Verfasst von\" \/>\n\t<meta name=\"twitter:data1\" content=\"Christian Fenske\" \/>\n\t<meta name=\"twitter:label2\" content=\"Gesch\u00e4tzte Lesezeit\" \/>\n\t<meta name=\"twitter:data2\" content=\"6\u00a0Minuten\" \/>\n<script type=\"application\/ld+json\" class=\"yoast-schema-graph\">{\"@context\":\"https:\\\/\\\/schema.org\",\"@graph\":[{\"@type\":\"Article\",\"@id\":\"https:\\\/\\\/www.weine-feinkost.de\\\/unterwegs\\\/2015\\\/10\\\/senns-restaurant-salzburg-oesterreich\\\/#article\",\"isPartOf\":{\"@id\":\"https:\\\/\\\/www.weine-feinkost.de\\\/unterwegs\\\/2015\\\/10\\\/senns-restaurant-salzburg-oesterreich\\\/\"},\"author\":{\"name\":\"Christian Fenske\",\"@id\":\"https:\\\/\\\/www.weine-feinkost.de\\\/unterwegs\\\/#\\\/schema\\\/person\\\/c07d66169fd0e04307bfe7cdc99ac26a\"},\"headline\":\"Senns.Restaurant &#8211; Salzburg &#8211; \u00d6sterreich\",\"datePublished\":\"2015-10-06T08:25:23+00:00\",\"dateModified\":\"2023-03-22T13:46:51+00:00\",\"mainEntityOfPage\":{\"@id\":\"https:\\\/\\\/www.weine-feinkost.de\\\/unterwegs\\\/2015\\\/10\\\/senns-restaurant-salzburg-oesterreich\\\/\"},\"wordCount\":577,\"commentCount\":0,\"publisher\":{\"@id\":\"https:\\\/\\\/www.weine-feinkost.de\\\/unterwegs\\\/#organization\"},\"image\":{\"@id\":\"https:\\\/\\\/www.weine-feinkost.de\\\/unterwegs\\\/2015\\\/10\\\/senns-restaurant-salzburg-oesterreich\\\/#primaryimage\"},\"thumbnailUrl\":\"https:\\\/\\\/www.weine-feinkost.de\\\/unterwegs\\\/wp-content\\\/uploads\\\/2015\\\/10\\\/Senns.Restaurant_Salzburg_Oesterreich_9.jpeg\",\"keywords\":[\"Andreas Senn\",\"\u00d6sterreich\",\"Restaurant\",\"Salzburg\",\"Senns.Restaurant\"],\"articleSection\":[\"Michelin Star\",\"\u00d6sterreich\",\"Restaurants\"],\"inLanguage\":\"de\",\"potentialAction\":[{\"@type\":\"CommentAction\",\"name\":\"Comment\",\"target\":[\"https:\\\/\\\/www.weine-feinkost.de\\\/unterwegs\\\/2015\\\/10\\\/senns-restaurant-salzburg-oesterreich\\\/#respond\"]}]},{\"@type\":\"WebPage\",\"@id\":\"https:\\\/\\\/www.weine-feinkost.de\\\/unterwegs\\\/2015\\\/10\\\/senns-restaurant-salzburg-oesterreich\\\/\",\"url\":\"https:\\\/\\\/www.weine-feinkost.de\\\/unterwegs\\\/2015\\\/10\\\/senns-restaurant-salzburg-oesterreich\\\/\",\"name\":\"Senns.Restaurant - Salzburg - \u00d6sterreich - Unterwegs mit Weine &amp; Feinkost\",\"isPartOf\":{\"@id\":\"https:\\\/\\\/www.weine-feinkost.de\\\/unterwegs\\\/#website\"},\"primaryImageOfPage\":{\"@id\":\"https:\\\/\\\/www.weine-feinkost.de\\\/unterwegs\\\/2015\\\/10\\\/senns-restaurant-salzburg-oesterreich\\\/#primaryimage\"},\"image\":{\"@id\":\"https:\\\/\\\/www.weine-feinkost.de\\\/unterwegs\\\/2015\\\/10\\\/senns-restaurant-salzburg-oesterreich\\\/#primaryimage\"},\"thumbnailUrl\":\"https:\\\/\\\/www.weine-feinkost.de\\\/unterwegs\\\/wp-content\\\/uploads\\\/2015\\\/10\\\/Senns.Restaurant_Salzburg_Oesterreich_9.jpeg\",\"datePublished\":\"2015-10-06T08:25:23+00:00\",\"dateModified\":\"2023-03-22T13:46:51+00:00\",\"description\":\"Senns.Restaurant - Salzburg - \u00d6sterreich\",\"breadcrumb\":{\"@id\":\"https:\\\/\\\/www.weine-feinkost.de\\\/unterwegs\\\/2015\\\/10\\\/senns-restaurant-salzburg-oesterreich\\\/#breadcrumb\"},\"inLanguage\":\"de\",\"potentialAction\":[{\"@type\":\"ReadAction\",\"target\":[\"https:\\\/\\\/www.weine-feinkost.de\\\/unterwegs\\\/2015\\\/10\\\/senns-restaurant-salzburg-oesterreich\\\/\"]}]},{\"@type\":\"ImageObject\",\"inLanguage\":\"de\",\"@id\":\"https:\\\/\\\/www.weine-feinkost.de\\\/unterwegs\\\/2015\\\/10\\\/senns-restaurant-salzburg-oesterreich\\\/#primaryimage\",\"url\":\"https:\\\/\\\/www.weine-feinkost.de\\\/unterwegs\\\/wp-content\\\/uploads\\\/2015\\\/10\\\/Senns.Restaurant_Salzburg_Oesterreich_9.jpeg\",\"contentUrl\":\"https:\\\/\\\/www.weine-feinkost.de\\\/unterwegs\\\/wp-content\\\/uploads\\\/2015\\\/10\\\/Senns.Restaurant_Salzburg_Oesterreich_9.jpeg\",\"width\":640,\"height\":480},{\"@type\":\"BreadcrumbList\",\"@id\":\"https:\\\/\\\/www.weine-feinkost.de\\\/unterwegs\\\/2015\\\/10\\\/senns-restaurant-salzburg-oesterreich\\\/#breadcrumb\",\"itemListElement\":[{\"@type\":\"ListItem\",\"position\":1,\"name\":\"Startseite\",\"item\":\"https:\\\/\\\/www.weine-feinkost.de\\\/unterwegs\\\/\"},{\"@type\":\"ListItem\",\"position\":2,\"name\":\"Senns.Restaurant &#8211; Salzburg &#8211; \u00d6sterreich\"}]},{\"@type\":\"WebSite\",\"@id\":\"https:\\\/\\\/www.weine-feinkost.de\\\/unterwegs\\\/#website\",\"url\":\"https:\\\/\\\/www.weine-feinkost.de\\\/unterwegs\\\/\",\"name\":\"Unterwegs mit Weine &amp; Feinkost\",\"description\":\"Entdecken Sie Genuss\",\"publisher\":{\"@id\":\"https:\\\/\\\/www.weine-feinkost.de\\\/unterwegs\\\/#organization\"},\"potentialAction\":[{\"@type\":\"SearchAction\",\"target\":{\"@type\":\"EntryPoint\",\"urlTemplate\":\"https:\\\/\\\/www.weine-feinkost.de\\\/unterwegs\\\/?s={search_term_string}\"},\"query-input\":{\"@type\":\"PropertyValueSpecification\",\"valueRequired\":true,\"valueName\":\"search_term_string\"}}],\"inLanguage\":\"de\"},{\"@type\":\"Organization\",\"@id\":\"https:\\\/\\\/www.weine-feinkost.de\\\/unterwegs\\\/#organization\",\"name\":\"Unterwegs mit Weine &amp; Feinkost\",\"url\":\"https:\\\/\\\/www.weine-feinkost.de\\\/unterwegs\\\/\",\"logo\":{\"@type\":\"ImageObject\",\"inLanguage\":\"de\",\"@id\":\"https:\\\/\\\/www.weine-feinkost.de\\\/unterwegs\\\/#\\\/schema\\\/logo\\\/image\\\/\",\"url\":\"https:\\\/\\\/www.weine-feinkost.de\\\/unterwegs\\\/wp-content\\\/uploads\\\/2022\\\/10\\\/logo_weinefeinkost_unterwegs_450x171.png\",\"contentUrl\":\"https:\\\/\\\/www.weine-feinkost.de\\\/unterwegs\\\/wp-content\\\/uploads\\\/2022\\\/10\\\/logo_weinefeinkost_unterwegs_450x171.png\",\"width\":450,\"height\":171,\"caption\":\"Unterwegs mit Weine &amp; Feinkost\"},\"image\":{\"@id\":\"https:\\\/\\\/www.weine-feinkost.de\\\/unterwegs\\\/#\\\/schema\\\/logo\\\/image\\\/\"}},{\"@type\":\"Person\",\"@id\":\"https:\\\/\\\/www.weine-feinkost.de\\\/unterwegs\\\/#\\\/schema\\\/person\\\/c07d66169fd0e04307bfe7cdc99ac26a\",\"name\":\"Christian Fenske\",\"image\":{\"@type\":\"ImageObject\",\"inLanguage\":\"de\",\"@id\":\"https:\\\/\\\/www.weine-feinkost.de\\\/unterwegs\\\/wp-content\\\/uploads\\\/2023\\\/01\\\/cropped-christian_profilbild-96x96.png\",\"url\":\"https:\\\/\\\/www.weine-feinkost.de\\\/unterwegs\\\/wp-content\\\/uploads\\\/2023\\\/01\\\/cropped-christian_profilbild-96x96.png\",\"contentUrl\":\"https:\\\/\\\/www.weine-feinkost.de\\\/unterwegs\\\/wp-content\\\/uploads\\\/2023\\\/01\\\/cropped-christian_profilbild-96x96.png\",\"caption\":\"Christian Fenske\"},\"description\":\"Zusammen an einem Tisch sitzen, gemeinsam zu kommunizieren und zu genie\u00dfen, das ist eine der herausragenden kulturellen Errungenschaft der Menschheit.\",\"url\":\"https:\\\/\\\/www.weine-feinkost.de\\\/unterwegs\\\/author\\\/christian-fenske\\\/\"}]}<\/script>\n<!-- \/ Yoast SEO plugin. -->","yoast_head_json":{"title":"Senns.Restaurant - Salzburg - \u00d6sterreich - Unterwegs mit Weine &amp; Feinkost","description":"Senns.Restaurant - Salzburg - \u00d6sterreich","robots":{"index":"index","follow":"follow","max-snippet":"max-snippet:-1","max-image-preview":"max-image-preview:large","max-video-preview":"max-video-preview:-1"},"canonical":"https:\/\/www.weine-feinkost.de\/unterwegs\/2015\/10\/senns-restaurant-salzburg-oesterreich\/","og_locale":"de_DE","og_type":"article","og_title":"Senns.Restaurant - Salzburg - \u00d6sterreich - Unterwegs mit Weine &amp; Feinkost","og_description":"Senns.Restaurant - Salzburg - \u00d6sterreich","og_url":"https:\/\/www.weine-feinkost.de\/unterwegs\/2015\/10\/senns-restaurant-salzburg-oesterreich\/","og_site_name":"Unterwegs mit Weine &amp; Feinkost","article_published_time":"2015-10-06T08:25:23+00:00","article_modified_time":"2023-03-22T13:46:51+00:00","og_image":[{"width":640,"height":480,"url":"https:\/\/www.weine-feinkost.de\/unterwegs\/wp-content\/uploads\/2015\/10\/Senns.Restaurant_Salzburg_Oesterreich_9.jpeg","type":"image\/jpeg"}],"author":"Christian Fenske","twitter_card":"summary_large_image","twitter_misc":{"Verfasst von":"Christian Fenske","Gesch\u00e4tzte Lesezeit":"6\u00a0Minuten"},"schema":{"@context":"https:\/\/schema.org","@graph":[{"@type":"Article","@id":"https:\/\/www.weine-feinkost.de\/unterwegs\/2015\/10\/senns-restaurant-salzburg-oesterreich\/#article","isPartOf":{"@id":"https:\/\/www.weine-feinkost.de\/unterwegs\/2015\/10\/senns-restaurant-salzburg-oesterreich\/"},"author":{"name":"Christian Fenske","@id":"https:\/\/www.weine-feinkost.de\/unterwegs\/#\/schema\/person\/c07d66169fd0e04307bfe7cdc99ac26a"},"headline":"Senns.Restaurant &#8211; Salzburg &#8211; \u00d6sterreich","datePublished":"2015-10-06T08:25:23+00:00","dateModified":"2023-03-22T13:46:51+00:00","mainEntityOfPage":{"@id":"https:\/\/www.weine-feinkost.de\/unterwegs\/2015\/10\/senns-restaurant-salzburg-oesterreich\/"},"wordCount":577,"commentCount":0,"publisher":{"@id":"https:\/\/www.weine-feinkost.de\/unterwegs\/#organization"},"image":{"@id":"https:\/\/www.weine-feinkost.de\/unterwegs\/2015\/10\/senns-restaurant-salzburg-oesterreich\/#primaryimage"},"thumbnailUrl":"https:\/\/www.weine-feinkost.de\/unterwegs\/wp-content\/uploads\/2015\/10\/Senns.Restaurant_Salzburg_Oesterreich_9.jpeg","keywords":["Andreas Senn","\u00d6sterreich","Restaurant","Salzburg","Senns.Restaurant"],"articleSection":["Michelin Star","\u00d6sterreich","Restaurants"],"inLanguage":"de","potentialAction":[{"@type":"CommentAction","name":"Comment","target":["https:\/\/www.weine-feinkost.de\/unterwegs\/2015\/10\/senns-restaurant-salzburg-oesterreich\/#respond"]}]},{"@type":"WebPage","@id":"https:\/\/www.weine-feinkost.de\/unterwegs\/2015\/10\/senns-restaurant-salzburg-oesterreich\/","url":"https:\/\/www.weine-feinkost.de\/unterwegs\/2015\/10\/senns-restaurant-salzburg-oesterreich\/","name":"Senns.Restaurant - Salzburg - \u00d6sterreich - Unterwegs mit Weine &amp; Feinkost","isPartOf":{"@id":"https:\/\/www.weine-feinkost.de\/unterwegs\/#website"},"primaryImageOfPage":{"@id":"https:\/\/www.weine-feinkost.de\/unterwegs\/2015\/10\/senns-restaurant-salzburg-oesterreich\/#primaryimage"},"image":{"@id":"https:\/\/www.weine-feinkost.de\/unterwegs\/2015\/10\/senns-restaurant-salzburg-oesterreich\/#primaryimage"},"thumbnailUrl":"https:\/\/www.weine-feinkost.de\/unterwegs\/wp-content\/uploads\/2015\/10\/Senns.Restaurant_Salzburg_Oesterreich_9.jpeg","datePublished":"2015-10-06T08:25:23+00:00","dateModified":"2023-03-22T13:46:51+00:00","description":"Senns.Restaurant - Salzburg - \u00d6sterreich","breadcrumb":{"@id":"https:\/\/www.weine-feinkost.de\/unterwegs\/2015\/10\/senns-restaurant-salzburg-oesterreich\/#breadcrumb"},"inLanguage":"de","potentialAction":[{"@type":"ReadAction","target":["https:\/\/www.weine-feinkost.de\/unterwegs\/2015\/10\/senns-restaurant-salzburg-oesterreich\/"]}]},{"@type":"ImageObject","inLanguage":"de","@id":"https:\/\/www.weine-feinkost.de\/unterwegs\/2015\/10\/senns-restaurant-salzburg-oesterreich\/#primaryimage","url":"https:\/\/www.weine-feinkost.de\/unterwegs\/wp-content\/uploads\/2015\/10\/Senns.Restaurant_Salzburg_Oesterreich_9.jpeg","contentUrl":"https:\/\/www.weine-feinkost.de\/unterwegs\/wp-content\/uploads\/2015\/10\/Senns.Restaurant_Salzburg_Oesterreich_9.jpeg","width":640,"height":480},{"@type":"BreadcrumbList","@id":"https:\/\/www.weine-feinkost.de\/unterwegs\/2015\/10\/senns-restaurant-salzburg-oesterreich\/#breadcrumb","itemListElement":[{"@type":"ListItem","position":1,"name":"Startseite","item":"https:\/\/www.weine-feinkost.de\/unterwegs\/"},{"@type":"ListItem","position":2,"name":"Senns.Restaurant &#8211; Salzburg &#8211; \u00d6sterreich"}]},{"@type":"WebSite","@id":"https:\/\/www.weine-feinkost.de\/unterwegs\/#website","url":"https:\/\/www.weine-feinkost.de\/unterwegs\/","name":"Unterwegs mit Weine &amp; Feinkost","description":"Entdecken Sie Genuss","publisher":{"@id":"https:\/\/www.weine-feinkost.de\/unterwegs\/#organization"},"potentialAction":[{"@type":"SearchAction","target":{"@type":"EntryPoint","urlTemplate":"https:\/\/www.weine-feinkost.de\/unterwegs\/?s={search_term_string}"},"query-input":{"@type":"PropertyValueSpecification","valueRequired":true,"valueName":"search_term_string"}}],"inLanguage":"de"},{"@type":"Organization","@id":"https:\/\/www.weine-feinkost.de\/unterwegs\/#organization","name":"Unterwegs mit Weine &amp; Feinkost","url":"https:\/\/www.weine-feinkost.de\/unterwegs\/","logo":{"@type":"ImageObject","inLanguage":"de","@id":"https:\/\/www.weine-feinkost.de\/unterwegs\/#\/schema\/logo\/image\/","url":"https:\/\/www.weine-feinkost.de\/unterwegs\/wp-content\/uploads\/2022\/10\/logo_weinefeinkost_unterwegs_450x171.png","contentUrl":"https:\/\/www.weine-feinkost.de\/unterwegs\/wp-content\/uploads\/2022\/10\/logo_weinefeinkost_unterwegs_450x171.png","width":450,"height":171,"caption":"Unterwegs mit Weine &amp; Feinkost"},"image":{"@id":"https:\/\/www.weine-feinkost.de\/unterwegs\/#\/schema\/logo\/image\/"}},{"@type":"Person","@id":"https:\/\/www.weine-feinkost.de\/unterwegs\/#\/schema\/person\/c07d66169fd0e04307bfe7cdc99ac26a","name":"Christian Fenske","image":{"@type":"ImageObject","inLanguage":"de","@id":"https:\/\/www.weine-feinkost.de\/unterwegs\/wp-content\/uploads\/2023\/01\/cropped-christian_profilbild-96x96.png","url":"https:\/\/www.weine-feinkost.de\/unterwegs\/wp-content\/uploads\/2023\/01\/cropped-christian_profilbild-96x96.png","contentUrl":"https:\/\/www.weine-feinkost.de\/unterwegs\/wp-content\/uploads\/2023\/01\/cropped-christian_profilbild-96x96.png","caption":"Christian Fenske"},"description":"Zusammen an einem Tisch sitzen, gemeinsam zu kommunizieren und zu genie\u00dfen, das ist eine der herausragenden kulturellen Errungenschaft der Menschheit.","url":"https:\/\/www.weine-feinkost.de\/unterwegs\/author\/christian-fenske\/"}]}},"jetpack_publicize_connections":[],"jetpack_shortlink":"https:\/\/wp.me\/p68Tjo-7uV","jetpack_sharing_enabled":true,"jetpack_likes_enabled":true,"jetpack_featured_media_url":"https:\/\/www.weine-feinkost.de\/unterwegs\/wp-content\/uploads\/2015\/10\/Senns.Restaurant_Salzburg_Oesterreich_9.jpeg","_links":{"self":[{"href":"https:\/\/www.weine-feinkost.de\/unterwegs\/wp-json\/wp\/v2\/posts\/28825","targetHints":{"allow":["GET"]}}],"collection":[{"href":"https:\/\/www.weine-feinkost.de\/unterwegs\/wp-json\/wp\/v2\/posts"}],"about":[{"href":"https:\/\/www.weine-feinkost.de\/unterwegs\/wp-json\/wp\/v2\/types\/post"}],"author":[{"embeddable":true,"href":"https:\/\/www.weine-feinkost.de\/unterwegs\/wp-json\/wp\/v2\/users\/7"}],"replies":[{"embeddable":true,"href":"https:\/\/www.weine-feinkost.de\/unterwegs\/wp-json\/wp\/v2\/comments?post=28825"}],"version-history":[{"count":1,"href":"https:\/\/www.weine-feinkost.de\/unterwegs\/wp-json\/wp\/v2\/posts\/28825\/revisions"}],"predecessor-version":[{"id":197553,"href":"https:\/\/www.weine-feinkost.de\/unterwegs\/wp-json\/wp\/v2\/posts\/28825\/revisions\/197553"}],"wp:featuredmedia":[{"embeddable":true,"href":"https:\/\/www.weine-feinkost.de\/unterwegs\/wp-json\/wp\/v2\/media\/158041"}],"wp:attachment":[{"href":"https:\/\/www.weine-feinkost.de\/unterwegs\/wp-json\/wp\/v2\/media?parent=28825"}],"wp:term":[{"taxonomy":"category","embeddable":true,"href":"https:\/\/www.weine-feinkost.de\/unterwegs\/wp-json\/wp\/v2\/categories?post=28825"},{"taxonomy":"post_tag","embeddable":true,"href":"https:\/\/www.weine-feinkost.de\/unterwegs\/wp-json\/wp\/v2\/tags?post=28825"},{"taxonomy":"post_folder","embeddable":true,"href":"https:\/\/www.weine-feinkost.de\/unterwegs\/wp-json\/wp\/v2\/post_folder?post=28825"}],"curies":[{"name":"wp","href":"https:\/\/api.w.org\/{rel}","templated":true}]}}