{"id":28972,"date":"2015-08-29T12:29:04","date_gmt":"2015-08-29T10:29:04","guid":{"rendered":"https:\/\/www.weine-feinkost.de\/unterwegs\/?p=28972"},"modified":"2015-08-29T12:29:04","modified_gmt":"2015-08-29T10:29:04","slug":"paul-schumacher-marienthal-deutschland","status":"publish","type":"post","link":"https:\/\/www.weine-feinkost.de\/unterwegs\/2015\/08\/paul-schumacher-marienthal-deutschland\/","title":{"rendered":"Paul Schumacher &#8211; Marienthal &#8211; Deutschland"},"content":{"rendered":"<p><strong>Paul Schumacher &#8211; Marienthal &#8211; Deutschland<\/strong><\/p>\n<p>Geplant war ein Spaziergang an der Ahr, herausgekommen ist ein Auto voller Weine von Paul Schumacher, der mit seiner Familie in dem Wein\u00f6rtchen Marienthal 3,8 Hektar Rebland bewirtschaftet. Aus verschiedenen kleinen Schiefer- und Grauwacke Parzellen f\u00fcllt er jedes Jahr hier um die 22. 000 Flaschen ab. Der Hauptfokus liebt dabei naturgegeben beim Sp\u00e4tburgunder, aber auch der Fr\u00fchburgunder, der Riesling und ein wenig Cabernet Sauvignon und Merlot kommen hier zu Ehren. Die Reben sind hier zwischen 30 und 40 Jahre alt und es gibt sogar eine wurzelechte Fr\u00fchburgunder Anlage, welche bereits 60 Lenze z\u00e4hlt. Die Weine sind alle trocken ausgebaut, das Vorbild der Weine Burgunds ist dabei jedem der Tropfen &#8222;anzuschmecken&#8220;. Der Barriqueeinsatz ist dezent eingesetzt und unterst\u00fctzt die Pinot Noir Frucht elegant und langanhaltend. Hier kommt nicht nur gutes Barrique Holz von besten franz\u00f6sischen K\u00fcfern zum Einsatz, hier werden auch \u00e4ltere F\u00e4sser eingesetzt, um die zarten, eleganten Weine nicht tot zu holzen. Die Lagerung der Weine auf der Hefe geht bis Ende August nach dem Erntejahr und der biologische S\u00e4ureabbau ist dann auch abgeschlossen. Sorgfalt, Geduld und Reife sind Eigenschaften, die hinter diesem Konzept stecken. Klein, aber fein, nat\u00fcrlich und unfiltriert, daf\u00fcr steht Paul Schumacher und sein Kleinod in Marienthal.<\/p>\n<p><a href=\"https:\/\/www.weine-feinkost.de\/unterwegs\/wp-content\/uploads\/2015\/08\/Paul_Schumacher_Marienthal_Deutschland_5.jpeg\"><img loading=\"lazy\" decoding=\"async\" class=\"aligncenter size-medium wp-image-145082\" src=\"https:\/\/www.weine-feinkost.de\/unterwegs\/wp-content\/uploads\/2015\/08\/Paul_Schumacher_Marienthal_Deutschland_5-300x225.jpeg\" alt=\"Paul_Schumacher_Marienthal_Deutschland_5\" width=\"300\" height=\"225\" srcset=\"https:\/\/www.weine-feinkost.de\/unterwegs\/wp-content\/uploads\/2015\/08\/Paul_Schumacher_Marienthal_Deutschland_5-300x225.jpeg 300w, https:\/\/www.weine-feinkost.de\/unterwegs\/wp-content\/uploads\/2015\/08\/Paul_Schumacher_Marienthal_Deutschland_5.jpeg 640w\" sizes=\"auto, (max-width: 300px) 100vw, 300px\" \/><\/a><a href=\"https:\/\/www.weine-feinkost.de\/unterwegs\/wp-content\/uploads\/2015\/08\/Paul_Schumacher_Marienthal_Deutschland_6.jpeg\"><img loading=\"lazy\" decoding=\"async\" class=\"aligncenter size-medium wp-image-158110\" src=\"https:\/\/www.weine-feinkost.de\/unterwegs\/wp-content\/uploads\/2015\/08\/Paul_Schumacher_Marienthal_Deutschland_6-300x225.jpeg\" alt=\"Paul_Schumacher_Marienthal_Deutschland_6\" width=\"300\" height=\"225\" srcset=\"https:\/\/www.weine-feinkost.de\/unterwegs\/wp-content\/uploads\/2015\/08\/Paul_Schumacher_Marienthal_Deutschland_6-300x225.jpeg 300w, https:\/\/www.weine-feinkost.de\/unterwegs\/wp-content\/uploads\/2015\/08\/Paul_Schumacher_Marienthal_Deutschland_6-600x450.jpeg 600w, https:\/\/www.weine-feinkost.de\/unterwegs\/wp-content\/uploads\/2015\/08\/Paul_Schumacher_Marienthal_Deutschland_6.jpeg 640w\" sizes=\"auto, (max-width: 300px) 100vw, 300px\" \/><\/a><a href=\"https:\/\/www.weine-feinkost.de\/unterwegs\/wp-content\/uploads\/2015\/08\/Paul_Schumacher_Marienthal_Deutschland_7.jpeg\"><img loading=\"lazy\" decoding=\"async\" class=\"aligncenter size-medium wp-image-158111\" src=\"https:\/\/www.weine-feinkost.de\/unterwegs\/wp-content\/uploads\/2015\/08\/Paul_Schumacher_Marienthal_Deutschland_7-300x225.jpeg\" alt=\"Paul_Schumacher_Marienthal_Deutschland_7\" width=\"300\" height=\"225\" srcset=\"https:\/\/www.weine-feinkost.de\/unterwegs\/wp-content\/uploads\/2015\/08\/Paul_Schumacher_Marienthal_Deutschland_7-300x225.jpeg 300w, https:\/\/www.weine-feinkost.de\/unterwegs\/wp-content\/uploads\/2015\/08\/Paul_Schumacher_Marienthal_Deutschland_7-600x450.jpeg 600w, https:\/\/www.weine-feinkost.de\/unterwegs\/wp-content\/uploads\/2015\/08\/Paul_Schumacher_Marienthal_Deutschland_7.jpeg 640w\" sizes=\"auto, (max-width: 300px) 100vw, 300px\" \/><\/a><\/p>\n<p><a href=\"https:\/\/www.weine-feinkost.de\/unterwegs\/wp-content\/uploads\/2015\/08\/Paul_Schumacher_Marienthal_Deutschland_1.jpeg\"><img loading=\"lazy\" decoding=\"async\" class=\"aligncenter size-medium wp-image-145084\" src=\"https:\/\/www.weine-feinkost.de\/unterwegs\/wp-content\/uploads\/2015\/08\/Paul_Schumacher_Marienthal_Deutschland_1-300x225.jpeg\" alt=\"Paul_Schumacher_Marienthal_Deutschland_1\" width=\"300\" height=\"225\" srcset=\"https:\/\/www.weine-feinkost.de\/unterwegs\/wp-content\/uploads\/2015\/08\/Paul_Schumacher_Marienthal_Deutschland_1-300x225.jpeg 300w, https:\/\/www.weine-feinkost.de\/unterwegs\/wp-content\/uploads\/2015\/08\/Paul_Schumacher_Marienthal_Deutschland_1.jpeg 640w\" sizes=\"auto, (max-width: 300px) 100vw, 300px\" \/><\/a><\/p>\n<p><a href=\"https:\/\/www.weine-feinkost.de\/unterwegs\/wp-content\/uploads\/2015\/08\/Paul_Schumacher_Marienthal_Deutschland_2.jpeg\"><img loading=\"lazy\" decoding=\"async\" class=\"aligncenter size-medium wp-image-158106\" src=\"https:\/\/www.weine-feinkost.de\/unterwegs\/wp-content\/uploads\/2015\/08\/Paul_Schumacher_Marienthal_Deutschland_2-300x225.jpeg\" alt=\"Paul_Schumacher_Marienthal_Deutschland_2\" width=\"300\" height=\"225\" srcset=\"https:\/\/www.weine-feinkost.de\/unterwegs\/wp-content\/uploads\/2015\/08\/Paul_Schumacher_Marienthal_Deutschland_2-300x225.jpeg 300w, https:\/\/www.weine-feinkost.de\/unterwegs\/wp-content\/uploads\/2015\/08\/Paul_Schumacher_Marienthal_Deutschland_2-600x450.jpeg 600w, https:\/\/www.weine-feinkost.de\/unterwegs\/wp-content\/uploads\/2015\/08\/Paul_Schumacher_Marienthal_Deutschland_2.jpeg 640w\" sizes=\"auto, (max-width: 300px) 100vw, 300px\" \/><\/a><\/p>\n<p><a href=\"https:\/\/www.weine-feinkost.de\/unterwegs\/wp-content\/uploads\/2015\/08\/Paul_Schumacher_Marienthal_Deutschland_3.jpeg\"><img loading=\"lazy\" decoding=\"async\" class=\"aligncenter size-medium wp-image-158107\" src=\"https:\/\/www.weine-feinkost.de\/unterwegs\/wp-content\/uploads\/2015\/08\/Paul_Schumacher_Marienthal_Deutschland_3-300x225.jpeg\" alt=\"Paul_Schumacher_Marienthal_Deutschland_3\" width=\"300\" height=\"225\" srcset=\"https:\/\/www.weine-feinkost.de\/unterwegs\/wp-content\/uploads\/2015\/08\/Paul_Schumacher_Marienthal_Deutschland_3-300x225.jpeg 300w, https:\/\/www.weine-feinkost.de\/unterwegs\/wp-content\/uploads\/2015\/08\/Paul_Schumacher_Marienthal_Deutschland_3-600x450.jpeg 600w, https:\/\/www.weine-feinkost.de\/unterwegs\/wp-content\/uploads\/2015\/08\/Paul_Schumacher_Marienthal_Deutschland_3.jpeg 640w\" sizes=\"auto, (max-width: 300px) 100vw, 300px\" \/><\/a><\/p>\n<p><a href=\"https:\/\/www.weine-feinkost.de\/unterwegs\/wp-content\/uploads\/2015\/08\/Paul_Schumacher_Marienthal_Deutschland_4.jpeg\"><img loading=\"lazy\" decoding=\"async\" class=\"aligncenter size-medium wp-image-158108\" src=\"https:\/\/www.weine-feinkost.de\/unterwegs\/wp-content\/uploads\/2015\/08\/Paul_Schumacher_Marienthal_Deutschland_4-300x225.jpeg\" alt=\"Paul_Schumacher_Marienthal_Deutschland_4\" width=\"300\" height=\"225\" srcset=\"https:\/\/www.weine-feinkost.de\/unterwegs\/wp-content\/uploads\/2015\/08\/Paul_Schumacher_Marienthal_Deutschland_4-300x225.jpeg 300w, https:\/\/www.weine-feinkost.de\/unterwegs\/wp-content\/uploads\/2015\/08\/Paul_Schumacher_Marienthal_Deutschland_4-600x450.jpeg 600w, https:\/\/www.weine-feinkost.de\/unterwegs\/wp-content\/uploads\/2015\/08\/Paul_Schumacher_Marienthal_Deutschland_4.jpeg 640w\" sizes=\"auto, (max-width: 300px) 100vw, 300px\" \/><\/a><\/p>\n<p><strong>WeinGut Paul Schumacher<\/strong><br \/>\nMarienthaler Stra\u00dfe 6<br \/>\n53474 Marienthal\/Ahr<br \/>\nDeutschland<\/p>\n","protected":false},"excerpt":{"rendered":"<p>Paul Schumacher &#8211; Marienthal &#8211; Deutschland Geplant war ein Spaziergang an der Ahr, herausgekommen ist ein Auto voller Weine von Paul Schumacher, der mit seiner Familie in dem Wein\u00f6rtchen Marienthal 3,8 Hektar Rebland bewirtschaftet. Aus verschiedenen kleinen Schiefer- und Grauwacke Parzellen f\u00fcllt er jedes Jahr hier um die 22. 000 Flaschen ab. Der Hauptfokus liebt &#8230; <a title=\"Paul Schumacher &#8211; Marienthal &#8211; Deutschland\" class=\"read-more\" href=\"https:\/\/www.weine-feinkost.de\/unterwegs\/2015\/08\/paul-schumacher-marienthal-deutschland\/\" aria-label=\"Mehr dazu unter Paul Schumacher &#8211; Marienthal &#8211; Deutschland\">Weiterlesen<\/a><\/p>\n","protected":false},"author":7,"featured_media":158112,"comment_status":"open","ping_status":"open","sticky":false,"template":"","format":"standard","meta":{"_jetpack_newsletter_access":"","_jetpack_dont_email_post_to_subs":false,"_jetpack_newsletter_tier_id":0,"_jetpack_memberships_contains_paywalled_content":false,"_jetpack_feature_clip_id":0,"_jetpack_memberships_contains_paid_content":false,"footnotes":"","jetpack_publicize_message":"","jetpack_publicize_feature_enabled":true,"jetpack_social_post_already_shared":true,"jetpack_social_options":{"image_generator_settings":{"template":"highway","default_image_id":0,"font":"","enabled":false},"version":2},"jetpack_post_was_ever_published":false},"categories":[63,18],"tags":[592,120,593,594,197],"post_folder":[],"class_list":["post-28972","post","type-post","status-publish","format-standard","has-post-thumbnail","hentry","category-allgemein","category-weine","tag-ahr","tag-deutschland","tag-marienthal","tag-paul-schumacher","tag-weingut"],"yoast_head":"<!-- This site is optimized with the Yoast SEO plugin v28.3 - https:\/\/yoast.com\/product\/yoast-seo-wordpress\/ -->\n<title>Paul Schumacher - Marienthal - Deutschland - Unterwegs mit Weine &amp; Feinkost<\/title>\n<meta name=\"description\" content=\"Paul Schumacher - Marienthal - Deutschland\" \/>\n<meta name=\"robots\" content=\"index, follow, max-snippet:-1, max-image-preview:large, max-video-preview:-1\" \/>\n<link rel=\"canonical\" href=\"https:\/\/www.weine-feinkost.de\/unterwegs\/2015\/08\/paul-schumacher-marienthal-deutschland\/\" \/>\n<meta property=\"og:locale\" content=\"de_DE\" \/>\n<meta property=\"og:type\" content=\"article\" \/>\n<meta property=\"og:title\" content=\"Paul Schumacher - Marienthal - Deutschland - Unterwegs mit Weine &amp; Feinkost\" \/>\n<meta property=\"og:description\" content=\"Paul Schumacher - Marienthal - Deutschland\" \/>\n<meta property=\"og:url\" content=\"https:\/\/www.weine-feinkost.de\/unterwegs\/2015\/08\/paul-schumacher-marienthal-deutschland\/\" \/>\n<meta property=\"og:site_name\" content=\"Unterwegs mit Weine &amp; Feinkost\" \/>\n<meta property=\"article:published_time\" content=\"2015-08-29T10:29:04+00:00\" \/>\n<meta property=\"og:image\" content=\"https:\/\/www.weine-feinkost.de\/unterwegs\/wp-content\/uploads\/2015\/08\/Paul_Schumacher_Marienthal_Deutschland_8.jpeg\" \/>\n\t<meta property=\"og:image:width\" content=\"640\" \/>\n\t<meta property=\"og:image:height\" content=\"480\" \/>\n\t<meta property=\"og:image:type\" content=\"image\/jpeg\" \/>\n<meta name=\"author\" content=\"Christian Fenske\" \/>\n<meta name=\"twitter:card\" content=\"summary_large_image\" \/>\n<meta name=\"twitter:label1\" content=\"Verfasst von\" \/>\n\t<meta name=\"twitter:data1\" content=\"Christian Fenske\" \/>\n\t<meta name=\"twitter:label2\" content=\"Gesch\u00e4tzte Lesezeit\" \/>\n\t<meta name=\"twitter:data2\" content=\"1\u00a0Minute\" \/>\n<script type=\"application\/ld+json\" class=\"yoast-schema-graph\">{\"@context\":\"https:\\\/\\\/schema.org\",\"@graph\":[{\"@type\":\"Article\",\"@id\":\"https:\\\/\\\/www.weine-feinkost.de\\\/unterwegs\\\/2015\\\/08\\\/paul-schumacher-marienthal-deutschland\\\/#article\",\"isPartOf\":{\"@id\":\"https:\\\/\\\/www.weine-feinkost.de\\\/unterwegs\\\/2015\\\/08\\\/paul-schumacher-marienthal-deutschland\\\/\"},\"author\":{\"name\":\"Christian Fenske\",\"@id\":\"https:\\\/\\\/www.weine-feinkost.de\\\/unterwegs\\\/#\\\/schema\\\/person\\\/c07d66169fd0e04307bfe7cdc99ac26a\"},\"headline\":\"Paul Schumacher &#8211; Marienthal &#8211; Deutschland\",\"datePublished\":\"2015-08-29T10:29:04+00:00\",\"mainEntityOfPage\":{\"@id\":\"https:\\\/\\\/www.weine-feinkost.de\\\/unterwegs\\\/2015\\\/08\\\/paul-schumacher-marienthal-deutschland\\\/\"},\"wordCount\":228,\"commentCount\":0,\"publisher\":{\"@id\":\"https:\\\/\\\/www.weine-feinkost.de\\\/unterwegs\\\/#organization\"},\"image\":{\"@id\":\"https:\\\/\\\/www.weine-feinkost.de\\\/unterwegs\\\/2015\\\/08\\\/paul-schumacher-marienthal-deutschland\\\/#primaryimage\"},\"thumbnailUrl\":\"https:\\\/\\\/www.weine-feinkost.de\\\/unterwegs\\\/wp-content\\\/uploads\\\/2015\\\/08\\\/Paul_Schumacher_Marienthal_Deutschland_8.jpeg\",\"keywords\":[\"Ahr\",\"Deutschland\",\"Marienthal\",\"Paul Schumacher\",\"Weingut\"],\"articleSection\":{\"1\":\"Weine\"},\"inLanguage\":\"de\",\"potentialAction\":[{\"@type\":\"CommentAction\",\"name\":\"Comment\",\"target\":[\"https:\\\/\\\/www.weine-feinkost.de\\\/unterwegs\\\/2015\\\/08\\\/paul-schumacher-marienthal-deutschland\\\/#respond\"]}]},{\"@type\":\"WebPage\",\"@id\":\"https:\\\/\\\/www.weine-feinkost.de\\\/unterwegs\\\/2015\\\/08\\\/paul-schumacher-marienthal-deutschland\\\/\",\"url\":\"https:\\\/\\\/www.weine-feinkost.de\\\/unterwegs\\\/2015\\\/08\\\/paul-schumacher-marienthal-deutschland\\\/\",\"name\":\"Paul Schumacher - Marienthal - Deutschland - Unterwegs mit Weine &amp; Feinkost\",\"isPartOf\":{\"@id\":\"https:\\\/\\\/www.weine-feinkost.de\\\/unterwegs\\\/#website\"},\"primaryImageOfPage\":{\"@id\":\"https:\\\/\\\/www.weine-feinkost.de\\\/unterwegs\\\/2015\\\/08\\\/paul-schumacher-marienthal-deutschland\\\/#primaryimage\"},\"image\":{\"@id\":\"https:\\\/\\\/www.weine-feinkost.de\\\/unterwegs\\\/2015\\\/08\\\/paul-schumacher-marienthal-deutschland\\\/#primaryimage\"},\"thumbnailUrl\":\"https:\\\/\\\/www.weine-feinkost.de\\\/unterwegs\\\/wp-content\\\/uploads\\\/2015\\\/08\\\/Paul_Schumacher_Marienthal_Deutschland_8.jpeg\",\"datePublished\":\"2015-08-29T10:29:04+00:00\",\"description\":\"Paul Schumacher - Marienthal - Deutschland\",\"breadcrumb\":{\"@id\":\"https:\\\/\\\/www.weine-feinkost.de\\\/unterwegs\\\/2015\\\/08\\\/paul-schumacher-marienthal-deutschland\\\/#breadcrumb\"},\"inLanguage\":\"de\",\"potentialAction\":[{\"@type\":\"ReadAction\",\"target\":[\"https:\\\/\\\/www.weine-feinkost.de\\\/unterwegs\\\/2015\\\/08\\\/paul-schumacher-marienthal-deutschland\\\/\"]}]},{\"@type\":\"ImageObject\",\"inLanguage\":\"de\",\"@id\":\"https:\\\/\\\/www.weine-feinkost.de\\\/unterwegs\\\/2015\\\/08\\\/paul-schumacher-marienthal-deutschland\\\/#primaryimage\",\"url\":\"https:\\\/\\\/www.weine-feinkost.de\\\/unterwegs\\\/wp-content\\\/uploads\\\/2015\\\/08\\\/Paul_Schumacher_Marienthal_Deutschland_8.jpeg\",\"contentUrl\":\"https:\\\/\\\/www.weine-feinkost.de\\\/unterwegs\\\/wp-content\\\/uploads\\\/2015\\\/08\\\/Paul_Schumacher_Marienthal_Deutschland_8.jpeg\",\"width\":640,\"height\":480},{\"@type\":\"BreadcrumbList\",\"@id\":\"https:\\\/\\\/www.weine-feinkost.de\\\/unterwegs\\\/2015\\\/08\\\/paul-schumacher-marienthal-deutschland\\\/#breadcrumb\",\"itemListElement\":[{\"@type\":\"ListItem\",\"position\":1,\"name\":\"Startseite\",\"item\":\"https:\\\/\\\/www.weine-feinkost.de\\\/unterwegs\\\/\"},{\"@type\":\"ListItem\",\"position\":2,\"name\":\"Paul Schumacher &#8211; Marienthal &#8211; Deutschland\"}]},{\"@type\":\"WebSite\",\"@id\":\"https:\\\/\\\/www.weine-feinkost.de\\\/unterwegs\\\/#website\",\"url\":\"https:\\\/\\\/www.weine-feinkost.de\\\/unterwegs\\\/\",\"name\":\"Unterwegs mit Weine &amp; Feinkost\",\"description\":\"Entdecken Sie Genuss\",\"publisher\":{\"@id\":\"https:\\\/\\\/www.weine-feinkost.de\\\/unterwegs\\\/#organization\"},\"potentialAction\":[{\"@type\":\"SearchAction\",\"target\":{\"@type\":\"EntryPoint\",\"urlTemplate\":\"https:\\\/\\\/www.weine-feinkost.de\\\/unterwegs\\\/?s={search_term_string}\"},\"query-input\":{\"@type\":\"PropertyValueSpecification\",\"valueRequired\":true,\"valueName\":\"search_term_string\"}}],\"inLanguage\":\"de\"},{\"@type\":\"Organization\",\"@id\":\"https:\\\/\\\/www.weine-feinkost.de\\\/unterwegs\\\/#organization\",\"name\":\"Unterwegs mit Weine &amp; Feinkost\",\"url\":\"https:\\\/\\\/www.weine-feinkost.de\\\/unterwegs\\\/\",\"logo\":{\"@type\":\"ImageObject\",\"inLanguage\":\"de\",\"@id\":\"https:\\\/\\\/www.weine-feinkost.de\\\/unterwegs\\\/#\\\/schema\\\/logo\\\/image\\\/\",\"url\":\"https:\\\/\\\/www.weine-feinkost.de\\\/unterwegs\\\/wp-content\\\/uploads\\\/2022\\\/10\\\/logo_weinefeinkost_unterwegs_450x171.png\",\"contentUrl\":\"https:\\\/\\\/www.weine-feinkost.de\\\/unterwegs\\\/wp-content\\\/uploads\\\/2022\\\/10\\\/logo_weinefeinkost_unterwegs_450x171.png\",\"width\":450,\"height\":171,\"caption\":\"Unterwegs mit Weine &amp; Feinkost\"},\"image\":{\"@id\":\"https:\\\/\\\/www.weine-feinkost.de\\\/unterwegs\\\/#\\\/schema\\\/logo\\\/image\\\/\"}},{\"@type\":\"Person\",\"@id\":\"https:\\\/\\\/www.weine-feinkost.de\\\/unterwegs\\\/#\\\/schema\\\/person\\\/c07d66169fd0e04307bfe7cdc99ac26a\",\"name\":\"Christian Fenske\",\"image\":{\"@type\":\"ImageObject\",\"inLanguage\":\"de\",\"@id\":\"https:\\\/\\\/www.weine-feinkost.de\\\/unterwegs\\\/wp-content\\\/uploads\\\/2023\\\/01\\\/cropped-christian_profilbild-96x96.png\",\"url\":\"https:\\\/\\\/www.weine-feinkost.de\\\/unterwegs\\\/wp-content\\\/uploads\\\/2023\\\/01\\\/cropped-christian_profilbild-96x96.png\",\"contentUrl\":\"https:\\\/\\\/www.weine-feinkost.de\\\/unterwegs\\\/wp-content\\\/uploads\\\/2023\\\/01\\\/cropped-christian_profilbild-96x96.png\",\"caption\":\"Christian Fenske\"},\"description\":\"Zusammen an einem Tisch sitzen, gemeinsam zu kommunizieren und zu genie\u00dfen, das ist eine der herausragenden kulturellen Errungenschaft der Menschheit.\",\"url\":\"https:\\\/\\\/www.weine-feinkost.de\\\/unterwegs\\\/author\\\/christian-fenske\\\/\"}]}<\/script>\n<!-- \/ Yoast SEO plugin. -->","yoast_head_json":{"title":"Paul Schumacher - Marienthal - Deutschland - Unterwegs mit Weine &amp; Feinkost","description":"Paul Schumacher - Marienthal - Deutschland","robots":{"index":"index","follow":"follow","max-snippet":"max-snippet:-1","max-image-preview":"max-image-preview:large","max-video-preview":"max-video-preview:-1"},"canonical":"https:\/\/www.weine-feinkost.de\/unterwegs\/2015\/08\/paul-schumacher-marienthal-deutschland\/","og_locale":"de_DE","og_type":"article","og_title":"Paul Schumacher - Marienthal - Deutschland - Unterwegs mit Weine &amp; Feinkost","og_description":"Paul Schumacher - Marienthal - Deutschland","og_url":"https:\/\/www.weine-feinkost.de\/unterwegs\/2015\/08\/paul-schumacher-marienthal-deutschland\/","og_site_name":"Unterwegs mit Weine &amp; Feinkost","article_published_time":"2015-08-29T10:29:04+00:00","og_image":[{"width":640,"height":480,"url":"https:\/\/www.weine-feinkost.de\/unterwegs\/wp-content\/uploads\/2015\/08\/Paul_Schumacher_Marienthal_Deutschland_8.jpeg","type":"image\/jpeg"}],"author":"Christian Fenske","twitter_card":"summary_large_image","twitter_misc":{"Verfasst von":"Christian Fenske","Gesch\u00e4tzte Lesezeit":"1\u00a0Minute"},"schema":{"@context":"https:\/\/schema.org","@graph":[{"@type":"Article","@id":"https:\/\/www.weine-feinkost.de\/unterwegs\/2015\/08\/paul-schumacher-marienthal-deutschland\/#article","isPartOf":{"@id":"https:\/\/www.weine-feinkost.de\/unterwegs\/2015\/08\/paul-schumacher-marienthal-deutschland\/"},"author":{"name":"Christian Fenske","@id":"https:\/\/www.weine-feinkost.de\/unterwegs\/#\/schema\/person\/c07d66169fd0e04307bfe7cdc99ac26a"},"headline":"Paul Schumacher &#8211; Marienthal &#8211; Deutschland","datePublished":"2015-08-29T10:29:04+00:00","mainEntityOfPage":{"@id":"https:\/\/www.weine-feinkost.de\/unterwegs\/2015\/08\/paul-schumacher-marienthal-deutschland\/"},"wordCount":228,"commentCount":0,"publisher":{"@id":"https:\/\/www.weine-feinkost.de\/unterwegs\/#organization"},"image":{"@id":"https:\/\/www.weine-feinkost.de\/unterwegs\/2015\/08\/paul-schumacher-marienthal-deutschland\/#primaryimage"},"thumbnailUrl":"https:\/\/www.weine-feinkost.de\/unterwegs\/wp-content\/uploads\/2015\/08\/Paul_Schumacher_Marienthal_Deutschland_8.jpeg","keywords":["Ahr","Deutschland","Marienthal","Paul Schumacher","Weingut"],"articleSection":{"1":"Weine"},"inLanguage":"de","potentialAction":[{"@type":"CommentAction","name":"Comment","target":["https:\/\/www.weine-feinkost.de\/unterwegs\/2015\/08\/paul-schumacher-marienthal-deutschland\/#respond"]}]},{"@type":"WebPage","@id":"https:\/\/www.weine-feinkost.de\/unterwegs\/2015\/08\/paul-schumacher-marienthal-deutschland\/","url":"https:\/\/www.weine-feinkost.de\/unterwegs\/2015\/08\/paul-schumacher-marienthal-deutschland\/","name":"Paul Schumacher - Marienthal - Deutschland - Unterwegs mit Weine &amp; Feinkost","isPartOf":{"@id":"https:\/\/www.weine-feinkost.de\/unterwegs\/#website"},"primaryImageOfPage":{"@id":"https:\/\/www.weine-feinkost.de\/unterwegs\/2015\/08\/paul-schumacher-marienthal-deutschland\/#primaryimage"},"image":{"@id":"https:\/\/www.weine-feinkost.de\/unterwegs\/2015\/08\/paul-schumacher-marienthal-deutschland\/#primaryimage"},"thumbnailUrl":"https:\/\/www.weine-feinkost.de\/unterwegs\/wp-content\/uploads\/2015\/08\/Paul_Schumacher_Marienthal_Deutschland_8.jpeg","datePublished":"2015-08-29T10:29:04+00:00","description":"Paul Schumacher - Marienthal - Deutschland","breadcrumb":{"@id":"https:\/\/www.weine-feinkost.de\/unterwegs\/2015\/08\/paul-schumacher-marienthal-deutschland\/#breadcrumb"},"inLanguage":"de","potentialAction":[{"@type":"ReadAction","target":["https:\/\/www.weine-feinkost.de\/unterwegs\/2015\/08\/paul-schumacher-marienthal-deutschland\/"]}]},{"@type":"ImageObject","inLanguage":"de","@id":"https:\/\/www.weine-feinkost.de\/unterwegs\/2015\/08\/paul-schumacher-marienthal-deutschland\/#primaryimage","url":"https:\/\/www.weine-feinkost.de\/unterwegs\/wp-content\/uploads\/2015\/08\/Paul_Schumacher_Marienthal_Deutschland_8.jpeg","contentUrl":"https:\/\/www.weine-feinkost.de\/unterwegs\/wp-content\/uploads\/2015\/08\/Paul_Schumacher_Marienthal_Deutschland_8.jpeg","width":640,"height":480},{"@type":"BreadcrumbList","@id":"https:\/\/www.weine-feinkost.de\/unterwegs\/2015\/08\/paul-schumacher-marienthal-deutschland\/#breadcrumb","itemListElement":[{"@type":"ListItem","position":1,"name":"Startseite","item":"https:\/\/www.weine-feinkost.de\/unterwegs\/"},{"@type":"ListItem","position":2,"name":"Paul Schumacher &#8211; Marienthal &#8211; Deutschland"}]},{"@type":"WebSite","@id":"https:\/\/www.weine-feinkost.de\/unterwegs\/#website","url":"https:\/\/www.weine-feinkost.de\/unterwegs\/","name":"Unterwegs mit Weine &amp; Feinkost","description":"Entdecken Sie Genuss","publisher":{"@id":"https:\/\/www.weine-feinkost.de\/unterwegs\/#organization"},"potentialAction":[{"@type":"SearchAction","target":{"@type":"EntryPoint","urlTemplate":"https:\/\/www.weine-feinkost.de\/unterwegs\/?s={search_term_string}"},"query-input":{"@type":"PropertyValueSpecification","valueRequired":true,"valueName":"search_term_string"}}],"inLanguage":"de"},{"@type":"Organization","@id":"https:\/\/www.weine-feinkost.de\/unterwegs\/#organization","name":"Unterwegs mit Weine &amp; Feinkost","url":"https:\/\/www.weine-feinkost.de\/unterwegs\/","logo":{"@type":"ImageObject","inLanguage":"de","@id":"https:\/\/www.weine-feinkost.de\/unterwegs\/#\/schema\/logo\/image\/","url":"https:\/\/www.weine-feinkost.de\/unterwegs\/wp-content\/uploads\/2022\/10\/logo_weinefeinkost_unterwegs_450x171.png","contentUrl":"https:\/\/www.weine-feinkost.de\/unterwegs\/wp-content\/uploads\/2022\/10\/logo_weinefeinkost_unterwegs_450x171.png","width":450,"height":171,"caption":"Unterwegs mit Weine &amp; Feinkost"},"image":{"@id":"https:\/\/www.weine-feinkost.de\/unterwegs\/#\/schema\/logo\/image\/"}},{"@type":"Person","@id":"https:\/\/www.weine-feinkost.de\/unterwegs\/#\/schema\/person\/c07d66169fd0e04307bfe7cdc99ac26a","name":"Christian Fenske","image":{"@type":"ImageObject","inLanguage":"de","@id":"https:\/\/www.weine-feinkost.de\/unterwegs\/wp-content\/uploads\/2023\/01\/cropped-christian_profilbild-96x96.png","url":"https:\/\/www.weine-feinkost.de\/unterwegs\/wp-content\/uploads\/2023\/01\/cropped-christian_profilbild-96x96.png","contentUrl":"https:\/\/www.weine-feinkost.de\/unterwegs\/wp-content\/uploads\/2023\/01\/cropped-christian_profilbild-96x96.png","caption":"Christian Fenske"},"description":"Zusammen an einem Tisch sitzen, gemeinsam zu kommunizieren und zu genie\u00dfen, das ist eine der herausragenden kulturellen Errungenschaft der Menschheit.","url":"https:\/\/www.weine-feinkost.de\/unterwegs\/author\/christian-fenske\/"}]}},"jetpack_publicize_connections":[],"jetpack_shortlink":"https:\/\/wp.me\/p68Tjo-7xi","jetpack_sharing_enabled":true,"jetpack_likes_enabled":true,"jetpack_featured_media_url":"https:\/\/www.weine-feinkost.de\/unterwegs\/wp-content\/uploads\/2015\/08\/Paul_Schumacher_Marienthal_Deutschland_8.jpeg","_links":{"self":[{"href":"https:\/\/www.weine-feinkost.de\/unterwegs\/wp-json\/wp\/v2\/posts\/28972","targetHints":{"allow":["GET"]}}],"collection":[{"href":"https:\/\/www.weine-feinkost.de\/unterwegs\/wp-json\/wp\/v2\/posts"}],"about":[{"href":"https:\/\/www.weine-feinkost.de\/unterwegs\/wp-json\/wp\/v2\/types\/post"}],"author":[{"embeddable":true,"href":"https:\/\/www.weine-feinkost.de\/unterwegs\/wp-json\/wp\/v2\/users\/7"}],"replies":[{"embeddable":true,"href":"https:\/\/www.weine-feinkost.de\/unterwegs\/wp-json\/wp\/v2\/comments?post=28972"}],"version-history":[{"count":0,"href":"https:\/\/www.weine-feinkost.de\/unterwegs\/wp-json\/wp\/v2\/posts\/28972\/revisions"}],"wp:featuredmedia":[{"embeddable":true,"href":"https:\/\/www.weine-feinkost.de\/unterwegs\/wp-json\/wp\/v2\/media\/158112"}],"wp:attachment":[{"href":"https:\/\/www.weine-feinkost.de\/unterwegs\/wp-json\/wp\/v2\/media?parent=28972"}],"wp:term":[{"taxonomy":"category","embeddable":true,"href":"https:\/\/www.weine-feinkost.de\/unterwegs\/wp-json\/wp\/v2\/categories?post=28972"},{"taxonomy":"post_tag","embeddable":true,"href":"https:\/\/www.weine-feinkost.de\/unterwegs\/wp-json\/wp\/v2\/tags?post=28972"},{"taxonomy":"post_folder","embeddable":true,"href":"https:\/\/www.weine-feinkost.de\/unterwegs\/wp-json\/wp\/v2\/post_folder?post=28972"}],"curies":[{"name":"wp","href":"https:\/\/api.w.org\/{rel}","templated":true}]}}