{"id":29188,"date":"2015-10-20T08:42:46","date_gmt":"2015-10-20T06:42:46","guid":{"rendered":"https:\/\/www.weine-feinkost.de\/unterwegs\/?p=29188"},"modified":"2023-03-22T14:42:45","modified_gmt":"2023-03-22T13:42:45","slug":"al-dente-leichlingen-deutschland","status":"publish","type":"post","link":"https:\/\/www.weine-feinkost.de\/unterwegs\/2015\/10\/al-dente-leichlingen-deutschland\/","title":{"rendered":"Al Dente &#8211; Leichlingen &#8211; Deutschland"},"content":{"rendered":"<p><strong>Al Dente &#8211; Leichlingen &#8211; Deutschland<\/strong><\/p>\n<p>Seichte italienische Popmusik bis hin zu leichten Operettenkl\u00e4ngen dringen aus den Lautsprechern im Leichlinger Restaurant Al Dente. Die Inneneinrichtung erinnert an eine vergangene Epoche der 1980er Jahre und auch die Lage, direkt am Anfang einer kleinen Stra\u00dfe gelegen, wo sich Privathaus an Privathaus reiht, vermittelt zun\u00e4chst den Eindruck, eigentlich im falschen Film zu sein. Die herzliche Begr\u00fc\u00dfung und der extrem professionelle Service machen dann aber auch ganz schnell klar, dass hier an diesem unwirklichen Ort ein St\u00fcck herzliches Italien inmitten von Leichlingen angekommen ist. Die Speisen werden an Hand einer Tafel genau erkl\u00e4rt, Spezialit\u00e4ten hervorgehoben und Klassiker erw\u00e4hnt. Die dann gereichten Gerichte bezeugen dann auch, dass die italienische K\u00fcche zurecht zu den leckersten z\u00e4hlt. Kein Schnick und kein Schnack, daf\u00fcr viel Geschmack, gute Saucen, feine Pasta und eine gute Kalbsleber belegen, dass in diesem Moment alles passt. Auch die obligatorische Pfefferm\u00fchle wird hier immer wieder ins Spiel gebracht und gekonnt in Szene gesetzt. Herzlich, normal und eben mediterran gut. Hier kann echte und gute italienische K\u00fcche entdeckt werden!<\/p>\n<p><a href=\"https:\/\/www.weine-feinkost.de\/unterwegs\/wp-content\/uploads\/2015\/10\/Al_Dente_Leichlingen_Deutschland_1.jpeg\"><img loading=\"lazy\" decoding=\"async\" class=\"aligncenter size-medium wp-image-145091\" src=\"https:\/\/www.weine-feinkost.de\/unterwegs\/wp-content\/uploads\/2015\/10\/Al_Dente_Leichlingen_Deutschland_1-300x225.jpeg\" alt=\"Al_Dente_Leichlingen_Deutschland_1\" width=\"300\" height=\"225\" srcset=\"https:\/\/www.weine-feinkost.de\/unterwegs\/wp-content\/uploads\/2015\/10\/Al_Dente_Leichlingen_Deutschland_1-300x225.jpeg 300w, https:\/\/www.weine-feinkost.de\/unterwegs\/wp-content\/uploads\/2015\/10\/Al_Dente_Leichlingen_Deutschland_1.jpeg 640w\" sizes=\"auto, (max-width: 300px) 100vw, 300px\" \/><\/a><\/p>\n<p><a href=\"https:\/\/www.weine-feinkost.de\/unterwegs\/wp-content\/uploads\/2015\/10\/Al_Dente_Leichlingen_Deutschland_3.jpeg\"><img loading=\"lazy\" decoding=\"async\" class=\"aligncenter wp-image-145097 size-medium\" src=\"https:\/\/www.weine-feinkost.de\/unterwegs\/wp-content\/uploads\/2015\/10\/Al_Dente_Leichlingen_Deutschland_3-e1441522107818-225x300.jpeg\" alt=\"Al_Dente_Leichlingen_Deutschland_3\" width=\"225\" height=\"300\" srcset=\"https:\/\/www.weine-feinkost.de\/unterwegs\/wp-content\/uploads\/2015\/10\/Al_Dente_Leichlingen_Deutschland_3-e1441522107818-225x300.jpeg 225w, https:\/\/www.weine-feinkost.de\/unterwegs\/wp-content\/uploads\/2015\/10\/Al_Dente_Leichlingen_Deutschland_3-e1441522107818.jpeg 480w\" sizes=\"auto, (max-width: 225px) 100vw, 225px\" \/><\/a><\/p>\n<p style=\"text-align: center;\"><a href=\"https:\/\/www.weine-feinkost.de\/unterwegs\/wp-content\/uploads\/2015\/10\/Al_Dente_Leichlingen_Deutschland_4.jpeg\"><img loading=\"lazy\" decoding=\"async\" class=\"aligncenter size-medium wp-image-145099\" src=\"https:\/\/www.weine-feinkost.de\/unterwegs\/wp-content\/uploads\/2015\/10\/Al_Dente_Leichlingen_Deutschland_4-300x225.jpeg\" alt=\"Al_Dente_Leichlingen_Deutschland_4\" width=\"300\" height=\"225\" srcset=\"https:\/\/www.weine-feinkost.de\/unterwegs\/wp-content\/uploads\/2015\/10\/Al_Dente_Leichlingen_Deutschland_4-300x225.jpeg 300w, https:\/\/www.weine-feinkost.de\/unterwegs\/wp-content\/uploads\/2015\/10\/Al_Dente_Leichlingen_Deutschland_4.jpeg 640w\" sizes=\"auto, (max-width: 300px) 100vw, 300px\" \/><\/a>Thunfisch-, Basilikum- und Paprikacreme.<\/p>\n<p style=\"text-align: center;\"><a href=\"https:\/\/www.weine-feinkost.de\/unterwegs\/wp-content\/uploads\/2015\/10\/Al_Dente_Leichlingen_Deutschland_5.jpeg\"><img loading=\"lazy\" decoding=\"async\" class=\"aligncenter size-medium wp-image-145101\" src=\"https:\/\/www.weine-feinkost.de\/unterwegs\/wp-content\/uploads\/2015\/10\/Al_Dente_Leichlingen_Deutschland_5-300x225.jpeg\" alt=\"Al_Dente_Leichlingen_Deutschland_5\" width=\"300\" height=\"225\" srcset=\"https:\/\/www.weine-feinkost.de\/unterwegs\/wp-content\/uploads\/2015\/10\/Al_Dente_Leichlingen_Deutschland_5-300x225.jpeg 300w, https:\/\/www.weine-feinkost.de\/unterwegs\/wp-content\/uploads\/2015\/10\/Al_Dente_Leichlingen_Deutschland_5.jpeg 640w\" sizes=\"auto, (max-width: 300px) 100vw, 300px\" \/><\/a>Sehr schmackhafte Flusskrebse in einer frischen Basilikumsauce.<\/p>\n<p style=\"text-align: center;\"><a href=\"https:\/\/www.weine-feinkost.de\/unterwegs\/wp-content\/uploads\/2015\/10\/Al_Dente_Leichlingen_Deutschland_6.jpeg\"><img loading=\"lazy\" decoding=\"async\" class=\"aligncenter size-medium wp-image-145103\" src=\"https:\/\/www.weine-feinkost.de\/unterwegs\/wp-content\/uploads\/2015\/10\/Al_Dente_Leichlingen_Deutschland_6-300x225.jpeg\" alt=\"Al_Dente_Leichlingen_Deutschland_6\" width=\"300\" height=\"225\" srcset=\"https:\/\/www.weine-feinkost.de\/unterwegs\/wp-content\/uploads\/2015\/10\/Al_Dente_Leichlingen_Deutschland_6-300x225.jpeg 300w, https:\/\/www.weine-feinkost.de\/unterwegs\/wp-content\/uploads\/2015\/10\/Al_Dente_Leichlingen_Deutschland_6.jpeg 640w\" sizes=\"auto, (max-width: 300px) 100vw, 300px\" \/><\/a>K\u00fcrbiscremesuppe.<\/p>\n<p style=\"text-align: center;\"><a href=\"https:\/\/www.weine-feinkost.de\/unterwegs\/wp-content\/uploads\/2015\/10\/Al_Dente_Leichlingen_Deutschland_7.jpeg\"><img loading=\"lazy\" decoding=\"async\" class=\"aligncenter size-medium wp-image-145096\" src=\"https:\/\/www.weine-feinkost.de\/unterwegs\/wp-content\/uploads\/2015\/10\/Al_Dente_Leichlingen_Deutschland_7-300x225.jpeg\" alt=\"Al_Dente_Leichlingen_Deutschland_7\" width=\"300\" height=\"225\" srcset=\"https:\/\/www.weine-feinkost.de\/unterwegs\/wp-content\/uploads\/2015\/10\/Al_Dente_Leichlingen_Deutschland_7-300x225.jpeg 300w, https:\/\/www.weine-feinkost.de\/unterwegs\/wp-content\/uploads\/2015\/10\/Al_Dente_Leichlingen_Deutschland_7.jpeg 640w\" sizes=\"auto, (max-width: 300px) 100vw, 300px\" \/><\/a>Tagliatelle mit frischen Pfifferlingen.<\/p>\n<p style=\"text-align: center;\"><a href=\"https:\/\/www.weine-feinkost.de\/unterwegs\/wp-content\/uploads\/2015\/10\/Al_Dente_Leichlingen_Deutschland_8.jpeg\"><img loading=\"lazy\" decoding=\"async\" class=\"aligncenter size-medium wp-image-145100\" src=\"https:\/\/www.weine-feinkost.de\/unterwegs\/wp-content\/uploads\/2015\/10\/Al_Dente_Leichlingen_Deutschland_8-300x225.jpeg\" alt=\"Al_Dente_Leichlingen_Deutschland_8\" width=\"300\" height=\"225\" srcset=\"https:\/\/www.weine-feinkost.de\/unterwegs\/wp-content\/uploads\/2015\/10\/Al_Dente_Leichlingen_Deutschland_8-300x225.jpeg 300w, https:\/\/www.weine-feinkost.de\/unterwegs\/wp-content\/uploads\/2015\/10\/Al_Dente_Leichlingen_Deutschland_8.jpeg 640w\" sizes=\"auto, (max-width: 300px) 100vw, 300px\" \/><\/a>Spinat, M\u00f6hren und frischer Spinat als Beilage zur &#8230;<\/p>\n<p style=\"text-align: center;\"><a href=\"https:\/\/www.weine-feinkost.de\/unterwegs\/wp-content\/uploads\/2015\/10\/Al_Dente_Leichlingen_Deutschland_9.jpeg\"><img loading=\"lazy\" decoding=\"async\" class=\"aligncenter size-medium wp-image-145093\" src=\"https:\/\/www.weine-feinkost.de\/unterwegs\/wp-content\/uploads\/2015\/10\/Al_Dente_Leichlingen_Deutschland_9-300x225.jpeg\" alt=\"Al_Dente_Leichlingen_Deutschland_9\" width=\"300\" height=\"225\" srcset=\"https:\/\/www.weine-feinkost.de\/unterwegs\/wp-content\/uploads\/2015\/10\/Al_Dente_Leichlingen_Deutschland_9-300x225.jpeg 300w, https:\/\/www.weine-feinkost.de\/unterwegs\/wp-content\/uploads\/2015\/10\/Al_Dente_Leichlingen_Deutschland_9.jpeg 640w\" sizes=\"auto, (max-width: 300px) 100vw, 300px\" \/><\/a>&#8230; Kalbsleber mit Salbei.<\/p>\n<p><strong>Al Dente<\/strong><br \/>\nOstlandweg 24<br \/>\n42799 Leichlingen<br \/>\nDeutschland<br \/>\n+49 (0)2175 98204<\/p>\n","protected":false},"excerpt":{"rendered":"<p>Al Dente &#8211; Leichlingen &#8211; Deutschland Seichte italienische Popmusik bis hin zu leichten Operettenkl\u00e4ngen dringen aus den Lautsprechern im Leichlinger Restaurant Al Dente. Die Inneneinrichtung erinnert an eine vergangene Epoche der 1980er Jahre und auch die Lage, direkt am Anfang einer kleinen Stra\u00dfe gelegen, wo sich Privathaus an Privathaus reiht, vermittelt zun\u00e4chst den Eindruck, eigentlich &#8230; <a title=\"Al Dente &#8211; Leichlingen &#8211; Deutschland\" class=\"read-more\" href=\"https:\/\/www.weine-feinkost.de\/unterwegs\/2015\/10\/al-dente-leichlingen-deutschland\/\" aria-label=\"Mehr dazu unter Al Dente &#8211; Leichlingen &#8211; Deutschland\">Weiterlesen<\/a><\/p>\n","protected":false},"author":7,"featured_media":145086,"comment_status":"open","ping_status":"open","sticky":false,"template":"","format":"standard","meta":{"_jetpack_newsletter_access":"","_jetpack_dont_email_post_to_subs":false,"_jetpack_newsletter_tier_id":0,"_jetpack_memberships_contains_paywalled_content":false,"_jetpack_feature_clip_id":0,"_jetpack_memberships_contains_paid_content":false,"footnotes":"","jetpack_publicize_message":"","jetpack_publicize_feature_enabled":true,"jetpack_social_post_already_shared":true,"jetpack_social_options":{"image_generator_settings":{"template":"highway","default_image_id":0,"font":"","enabled":false},"version":2},"jetpack_post_was_ever_published":false},"categories":[31,13],"tags":[650,120,651,73],"post_folder":[],"class_list":["post-29188","post","type-post","status-publish","format-standard","has-post-thumbnail","hentry","category-deutschland-restaurants","category-restaurants","tag-al-dente","tag-deutschland","tag-leichlingen","tag-restaurant"],"yoast_head":"<!-- This site is optimized with the Yoast SEO plugin v28.3 - https:\/\/yoast.com\/product\/yoast-seo-wordpress\/ -->\n<title>Al Dente - Leichlingen - Deutschland - Unterwegs mit Weine &amp; Feinkost<\/title>\n<meta name=\"description\" content=\"Al Dente - Leichlingen - Deutschland\" \/>\n<meta name=\"robots\" content=\"index, follow, max-snippet:-1, max-image-preview:large, max-video-preview:-1\" \/>\n<link rel=\"canonical\" href=\"https:\/\/www.weine-feinkost.de\/unterwegs\/2015\/10\/al-dente-leichlingen-deutschland\/\" \/>\n<meta property=\"og:locale\" content=\"de_DE\" \/>\n<meta property=\"og:type\" content=\"article\" \/>\n<meta property=\"og:title\" content=\"Al Dente - Leichlingen - Deutschland - Unterwegs mit Weine &amp; Feinkost\" \/>\n<meta property=\"og:description\" content=\"Al Dente - Leichlingen - Deutschland\" \/>\n<meta property=\"og:url\" content=\"https:\/\/www.weine-feinkost.de\/unterwegs\/2015\/10\/al-dente-leichlingen-deutschland\/\" \/>\n<meta property=\"og:site_name\" content=\"Unterwegs mit Weine &amp; Feinkost\" \/>\n<meta property=\"article:published_time\" content=\"2015-10-20T06:42:46+00:00\" \/>\n<meta property=\"article:modified_time\" content=\"2023-03-22T13:42:45+00:00\" \/>\n<meta property=\"og:image\" content=\"https:\/\/www.weine-feinkost.de\/unterwegs\/wp-content\/uploads\/2015\/10\/Al_Dente_Leichlingen_Deutschland_2.jpeg\" \/>\n\t<meta property=\"og:image:width\" content=\"640\" \/>\n\t<meta property=\"og:image:height\" content=\"480\" \/>\n\t<meta property=\"og:image:type\" content=\"image\/jpeg\" \/>\n<meta name=\"author\" content=\"Christian Fenske\" \/>\n<meta name=\"twitter:card\" content=\"summary_large_image\" \/>\n<meta name=\"twitter:label1\" content=\"Verfasst von\" \/>\n\t<meta name=\"twitter:data1\" content=\"Christian Fenske\" \/>\n\t<meta name=\"twitter:label2\" content=\"Gesch\u00e4tzte Lesezeit\" \/>\n\t<meta name=\"twitter:data2\" content=\"3\u00a0Minuten\" \/>\n<script type=\"application\/ld+json\" class=\"yoast-schema-graph\">{\"@context\":\"https:\\\/\\\/schema.org\",\"@graph\":[{\"@type\":\"Article\",\"@id\":\"https:\\\/\\\/www.weine-feinkost.de\\\/unterwegs\\\/2015\\\/10\\\/al-dente-leichlingen-deutschland\\\/#article\",\"isPartOf\":{\"@id\":\"https:\\\/\\\/www.weine-feinkost.de\\\/unterwegs\\\/2015\\\/10\\\/al-dente-leichlingen-deutschland\\\/\"},\"author\":{\"name\":\"Christian Fenske\",\"@id\":\"https:\\\/\\\/www.weine-feinkost.de\\\/unterwegs\\\/#\\\/schema\\\/person\\\/c07d66169fd0e04307bfe7cdc99ac26a\"},\"headline\":\"Al Dente &#8211; Leichlingen &#8211; Deutschland\",\"datePublished\":\"2015-10-20T06:42:46+00:00\",\"dateModified\":\"2023-03-22T13:42:45+00:00\",\"mainEntityOfPage\":{\"@id\":\"https:\\\/\\\/www.weine-feinkost.de\\\/unterwegs\\\/2015\\\/10\\\/al-dente-leichlingen-deutschland\\\/\"},\"wordCount\":227,\"commentCount\":0,\"publisher\":{\"@id\":\"https:\\\/\\\/www.weine-feinkost.de\\\/unterwegs\\\/#organization\"},\"image\":{\"@id\":\"https:\\\/\\\/www.weine-feinkost.de\\\/unterwegs\\\/2015\\\/10\\\/al-dente-leichlingen-deutschland\\\/#primaryimage\"},\"thumbnailUrl\":\"https:\\\/\\\/www.weine-feinkost.de\\\/unterwegs\\\/wp-content\\\/uploads\\\/2015\\\/10\\\/Al_Dente_Leichlingen_Deutschland_2.jpeg\",\"keywords\":[\"Al Dente\",\"Deutschland\",\"Leichlingen\",\"Restaurant\"],\"articleSection\":[\"Deutschland\",\"Restaurants\"],\"inLanguage\":\"de\",\"potentialAction\":[{\"@type\":\"CommentAction\",\"name\":\"Comment\",\"target\":[\"https:\\\/\\\/www.weine-feinkost.de\\\/unterwegs\\\/2015\\\/10\\\/al-dente-leichlingen-deutschland\\\/#respond\"]}]},{\"@type\":\"WebPage\",\"@id\":\"https:\\\/\\\/www.weine-feinkost.de\\\/unterwegs\\\/2015\\\/10\\\/al-dente-leichlingen-deutschland\\\/\",\"url\":\"https:\\\/\\\/www.weine-feinkost.de\\\/unterwegs\\\/2015\\\/10\\\/al-dente-leichlingen-deutschland\\\/\",\"name\":\"Al Dente - Leichlingen - Deutschland - Unterwegs mit Weine &amp; Feinkost\",\"isPartOf\":{\"@id\":\"https:\\\/\\\/www.weine-feinkost.de\\\/unterwegs\\\/#website\"},\"primaryImageOfPage\":{\"@id\":\"https:\\\/\\\/www.weine-feinkost.de\\\/unterwegs\\\/2015\\\/10\\\/al-dente-leichlingen-deutschland\\\/#primaryimage\"},\"image\":{\"@id\":\"https:\\\/\\\/www.weine-feinkost.de\\\/unterwegs\\\/2015\\\/10\\\/al-dente-leichlingen-deutschland\\\/#primaryimage\"},\"thumbnailUrl\":\"https:\\\/\\\/www.weine-feinkost.de\\\/unterwegs\\\/wp-content\\\/uploads\\\/2015\\\/10\\\/Al_Dente_Leichlingen_Deutschland_2.jpeg\",\"datePublished\":\"2015-10-20T06:42:46+00:00\",\"dateModified\":\"2023-03-22T13:42:45+00:00\",\"description\":\"Al Dente - Leichlingen - Deutschland\",\"breadcrumb\":{\"@id\":\"https:\\\/\\\/www.weine-feinkost.de\\\/unterwegs\\\/2015\\\/10\\\/al-dente-leichlingen-deutschland\\\/#breadcrumb\"},\"inLanguage\":\"de\",\"potentialAction\":[{\"@type\":\"ReadAction\",\"target\":[\"https:\\\/\\\/www.weine-feinkost.de\\\/unterwegs\\\/2015\\\/10\\\/al-dente-leichlingen-deutschland\\\/\"]}]},{\"@type\":\"ImageObject\",\"inLanguage\":\"de\",\"@id\":\"https:\\\/\\\/www.weine-feinkost.de\\\/unterwegs\\\/2015\\\/10\\\/al-dente-leichlingen-deutschland\\\/#primaryimage\",\"url\":\"https:\\\/\\\/www.weine-feinkost.de\\\/unterwegs\\\/wp-content\\\/uploads\\\/2015\\\/10\\\/Al_Dente_Leichlingen_Deutschland_2.jpeg\",\"contentUrl\":\"https:\\\/\\\/www.weine-feinkost.de\\\/unterwegs\\\/wp-content\\\/uploads\\\/2015\\\/10\\\/Al_Dente_Leichlingen_Deutschland_2.jpeg\",\"width\":640,\"height\":480},{\"@type\":\"BreadcrumbList\",\"@id\":\"https:\\\/\\\/www.weine-feinkost.de\\\/unterwegs\\\/2015\\\/10\\\/al-dente-leichlingen-deutschland\\\/#breadcrumb\",\"itemListElement\":[{\"@type\":\"ListItem\",\"position\":1,\"name\":\"Startseite\",\"item\":\"https:\\\/\\\/www.weine-feinkost.de\\\/unterwegs\\\/\"},{\"@type\":\"ListItem\",\"position\":2,\"name\":\"Al Dente &#8211; Leichlingen &#8211; Deutschland\"}]},{\"@type\":\"WebSite\",\"@id\":\"https:\\\/\\\/www.weine-feinkost.de\\\/unterwegs\\\/#website\",\"url\":\"https:\\\/\\\/www.weine-feinkost.de\\\/unterwegs\\\/\",\"name\":\"Unterwegs mit Weine &amp; Feinkost\",\"description\":\"Entdecken Sie Genuss\",\"publisher\":{\"@id\":\"https:\\\/\\\/www.weine-feinkost.de\\\/unterwegs\\\/#organization\"},\"potentialAction\":[{\"@type\":\"SearchAction\",\"target\":{\"@type\":\"EntryPoint\",\"urlTemplate\":\"https:\\\/\\\/www.weine-feinkost.de\\\/unterwegs\\\/?s={search_term_string}\"},\"query-input\":{\"@type\":\"PropertyValueSpecification\",\"valueRequired\":true,\"valueName\":\"search_term_string\"}}],\"inLanguage\":\"de\"},{\"@type\":\"Organization\",\"@id\":\"https:\\\/\\\/www.weine-feinkost.de\\\/unterwegs\\\/#organization\",\"name\":\"Unterwegs mit Weine &amp; Feinkost\",\"url\":\"https:\\\/\\\/www.weine-feinkost.de\\\/unterwegs\\\/\",\"logo\":{\"@type\":\"ImageObject\",\"inLanguage\":\"de\",\"@id\":\"https:\\\/\\\/www.weine-feinkost.de\\\/unterwegs\\\/#\\\/schema\\\/logo\\\/image\\\/\",\"url\":\"https:\\\/\\\/www.weine-feinkost.de\\\/unterwegs\\\/wp-content\\\/uploads\\\/2022\\\/10\\\/logo_weinefeinkost_unterwegs_450x171.png\",\"contentUrl\":\"https:\\\/\\\/www.weine-feinkost.de\\\/unterwegs\\\/wp-content\\\/uploads\\\/2022\\\/10\\\/logo_weinefeinkost_unterwegs_450x171.png\",\"width\":450,\"height\":171,\"caption\":\"Unterwegs mit Weine &amp; Feinkost\"},\"image\":{\"@id\":\"https:\\\/\\\/www.weine-feinkost.de\\\/unterwegs\\\/#\\\/schema\\\/logo\\\/image\\\/\"}},{\"@type\":\"Person\",\"@id\":\"https:\\\/\\\/www.weine-feinkost.de\\\/unterwegs\\\/#\\\/schema\\\/person\\\/c07d66169fd0e04307bfe7cdc99ac26a\",\"name\":\"Christian Fenske\",\"image\":{\"@type\":\"ImageObject\",\"inLanguage\":\"de\",\"@id\":\"https:\\\/\\\/www.weine-feinkost.de\\\/unterwegs\\\/wp-content\\\/uploads\\\/2023\\\/01\\\/cropped-christian_profilbild-96x96.png\",\"url\":\"https:\\\/\\\/www.weine-feinkost.de\\\/unterwegs\\\/wp-content\\\/uploads\\\/2023\\\/01\\\/cropped-christian_profilbild-96x96.png\",\"contentUrl\":\"https:\\\/\\\/www.weine-feinkost.de\\\/unterwegs\\\/wp-content\\\/uploads\\\/2023\\\/01\\\/cropped-christian_profilbild-96x96.png\",\"caption\":\"Christian Fenske\"},\"description\":\"Zusammen an einem Tisch sitzen, gemeinsam zu kommunizieren und zu genie\u00dfen, das ist eine der herausragenden kulturellen Errungenschaft der Menschheit.\",\"url\":\"https:\\\/\\\/www.weine-feinkost.de\\\/unterwegs\\\/author\\\/christian-fenske\\\/\"}]}<\/script>\n<!-- \/ Yoast SEO plugin. -->","yoast_head_json":{"title":"Al Dente - Leichlingen - Deutschland - Unterwegs mit Weine &amp; Feinkost","description":"Al Dente - Leichlingen - Deutschland","robots":{"index":"index","follow":"follow","max-snippet":"max-snippet:-1","max-image-preview":"max-image-preview:large","max-video-preview":"max-video-preview:-1"},"canonical":"https:\/\/www.weine-feinkost.de\/unterwegs\/2015\/10\/al-dente-leichlingen-deutschland\/","og_locale":"de_DE","og_type":"article","og_title":"Al Dente - Leichlingen - Deutschland - Unterwegs mit Weine &amp; Feinkost","og_description":"Al Dente - Leichlingen - Deutschland","og_url":"https:\/\/www.weine-feinkost.de\/unterwegs\/2015\/10\/al-dente-leichlingen-deutschland\/","og_site_name":"Unterwegs mit Weine &amp; Feinkost","article_published_time":"2015-10-20T06:42:46+00:00","article_modified_time":"2023-03-22T13:42:45+00:00","og_image":[{"width":640,"height":480,"url":"https:\/\/www.weine-feinkost.de\/unterwegs\/wp-content\/uploads\/2015\/10\/Al_Dente_Leichlingen_Deutschland_2.jpeg","type":"image\/jpeg"}],"author":"Christian Fenske","twitter_card":"summary_large_image","twitter_misc":{"Verfasst von":"Christian Fenske","Gesch\u00e4tzte Lesezeit":"3\u00a0Minuten"},"schema":{"@context":"https:\/\/schema.org","@graph":[{"@type":"Article","@id":"https:\/\/www.weine-feinkost.de\/unterwegs\/2015\/10\/al-dente-leichlingen-deutschland\/#article","isPartOf":{"@id":"https:\/\/www.weine-feinkost.de\/unterwegs\/2015\/10\/al-dente-leichlingen-deutschland\/"},"author":{"name":"Christian Fenske","@id":"https:\/\/www.weine-feinkost.de\/unterwegs\/#\/schema\/person\/c07d66169fd0e04307bfe7cdc99ac26a"},"headline":"Al Dente &#8211; Leichlingen &#8211; Deutschland","datePublished":"2015-10-20T06:42:46+00:00","dateModified":"2023-03-22T13:42:45+00:00","mainEntityOfPage":{"@id":"https:\/\/www.weine-feinkost.de\/unterwegs\/2015\/10\/al-dente-leichlingen-deutschland\/"},"wordCount":227,"commentCount":0,"publisher":{"@id":"https:\/\/www.weine-feinkost.de\/unterwegs\/#organization"},"image":{"@id":"https:\/\/www.weine-feinkost.de\/unterwegs\/2015\/10\/al-dente-leichlingen-deutschland\/#primaryimage"},"thumbnailUrl":"https:\/\/www.weine-feinkost.de\/unterwegs\/wp-content\/uploads\/2015\/10\/Al_Dente_Leichlingen_Deutschland_2.jpeg","keywords":["Al Dente","Deutschland","Leichlingen","Restaurant"],"articleSection":["Deutschland","Restaurants"],"inLanguage":"de","potentialAction":[{"@type":"CommentAction","name":"Comment","target":["https:\/\/www.weine-feinkost.de\/unterwegs\/2015\/10\/al-dente-leichlingen-deutschland\/#respond"]}]},{"@type":"WebPage","@id":"https:\/\/www.weine-feinkost.de\/unterwegs\/2015\/10\/al-dente-leichlingen-deutschland\/","url":"https:\/\/www.weine-feinkost.de\/unterwegs\/2015\/10\/al-dente-leichlingen-deutschland\/","name":"Al Dente - Leichlingen - Deutschland - Unterwegs mit Weine &amp; Feinkost","isPartOf":{"@id":"https:\/\/www.weine-feinkost.de\/unterwegs\/#website"},"primaryImageOfPage":{"@id":"https:\/\/www.weine-feinkost.de\/unterwegs\/2015\/10\/al-dente-leichlingen-deutschland\/#primaryimage"},"image":{"@id":"https:\/\/www.weine-feinkost.de\/unterwegs\/2015\/10\/al-dente-leichlingen-deutschland\/#primaryimage"},"thumbnailUrl":"https:\/\/www.weine-feinkost.de\/unterwegs\/wp-content\/uploads\/2015\/10\/Al_Dente_Leichlingen_Deutschland_2.jpeg","datePublished":"2015-10-20T06:42:46+00:00","dateModified":"2023-03-22T13:42:45+00:00","description":"Al Dente - Leichlingen - Deutschland","breadcrumb":{"@id":"https:\/\/www.weine-feinkost.de\/unterwegs\/2015\/10\/al-dente-leichlingen-deutschland\/#breadcrumb"},"inLanguage":"de","potentialAction":[{"@type":"ReadAction","target":["https:\/\/www.weine-feinkost.de\/unterwegs\/2015\/10\/al-dente-leichlingen-deutschland\/"]}]},{"@type":"ImageObject","inLanguage":"de","@id":"https:\/\/www.weine-feinkost.de\/unterwegs\/2015\/10\/al-dente-leichlingen-deutschland\/#primaryimage","url":"https:\/\/www.weine-feinkost.de\/unterwegs\/wp-content\/uploads\/2015\/10\/Al_Dente_Leichlingen_Deutschland_2.jpeg","contentUrl":"https:\/\/www.weine-feinkost.de\/unterwegs\/wp-content\/uploads\/2015\/10\/Al_Dente_Leichlingen_Deutschland_2.jpeg","width":640,"height":480},{"@type":"BreadcrumbList","@id":"https:\/\/www.weine-feinkost.de\/unterwegs\/2015\/10\/al-dente-leichlingen-deutschland\/#breadcrumb","itemListElement":[{"@type":"ListItem","position":1,"name":"Startseite","item":"https:\/\/www.weine-feinkost.de\/unterwegs\/"},{"@type":"ListItem","position":2,"name":"Al Dente &#8211; Leichlingen &#8211; Deutschland"}]},{"@type":"WebSite","@id":"https:\/\/www.weine-feinkost.de\/unterwegs\/#website","url":"https:\/\/www.weine-feinkost.de\/unterwegs\/","name":"Unterwegs mit Weine &amp; Feinkost","description":"Entdecken Sie Genuss","publisher":{"@id":"https:\/\/www.weine-feinkost.de\/unterwegs\/#organization"},"potentialAction":[{"@type":"SearchAction","target":{"@type":"EntryPoint","urlTemplate":"https:\/\/www.weine-feinkost.de\/unterwegs\/?s={search_term_string}"},"query-input":{"@type":"PropertyValueSpecification","valueRequired":true,"valueName":"search_term_string"}}],"inLanguage":"de"},{"@type":"Organization","@id":"https:\/\/www.weine-feinkost.de\/unterwegs\/#organization","name":"Unterwegs mit Weine &amp; Feinkost","url":"https:\/\/www.weine-feinkost.de\/unterwegs\/","logo":{"@type":"ImageObject","inLanguage":"de","@id":"https:\/\/www.weine-feinkost.de\/unterwegs\/#\/schema\/logo\/image\/","url":"https:\/\/www.weine-feinkost.de\/unterwegs\/wp-content\/uploads\/2022\/10\/logo_weinefeinkost_unterwegs_450x171.png","contentUrl":"https:\/\/www.weine-feinkost.de\/unterwegs\/wp-content\/uploads\/2022\/10\/logo_weinefeinkost_unterwegs_450x171.png","width":450,"height":171,"caption":"Unterwegs mit Weine &amp; Feinkost"},"image":{"@id":"https:\/\/www.weine-feinkost.de\/unterwegs\/#\/schema\/logo\/image\/"}},{"@type":"Person","@id":"https:\/\/www.weine-feinkost.de\/unterwegs\/#\/schema\/person\/c07d66169fd0e04307bfe7cdc99ac26a","name":"Christian Fenske","image":{"@type":"ImageObject","inLanguage":"de","@id":"https:\/\/www.weine-feinkost.de\/unterwegs\/wp-content\/uploads\/2023\/01\/cropped-christian_profilbild-96x96.png","url":"https:\/\/www.weine-feinkost.de\/unterwegs\/wp-content\/uploads\/2023\/01\/cropped-christian_profilbild-96x96.png","contentUrl":"https:\/\/www.weine-feinkost.de\/unterwegs\/wp-content\/uploads\/2023\/01\/cropped-christian_profilbild-96x96.png","caption":"Christian Fenske"},"description":"Zusammen an einem Tisch sitzen, gemeinsam zu kommunizieren und zu genie\u00dfen, das ist eine der herausragenden kulturellen Errungenschaft der Menschheit.","url":"https:\/\/www.weine-feinkost.de\/unterwegs\/author\/christian-fenske\/"}]}},"jetpack_publicize_connections":[],"jetpack_shortlink":"https:\/\/wp.me\/p68Tjo-7AM","jetpack_sharing_enabled":true,"jetpack_likes_enabled":true,"jetpack_featured_media_url":"https:\/\/www.weine-feinkost.de\/unterwegs\/wp-content\/uploads\/2015\/10\/Al_Dente_Leichlingen_Deutschland_2.jpeg","_links":{"self":[{"href":"https:\/\/www.weine-feinkost.de\/unterwegs\/wp-json\/wp\/v2\/posts\/29188","targetHints":{"allow":["GET"]}}],"collection":[{"href":"https:\/\/www.weine-feinkost.de\/unterwegs\/wp-json\/wp\/v2\/posts"}],"about":[{"href":"https:\/\/www.weine-feinkost.de\/unterwegs\/wp-json\/wp\/v2\/types\/post"}],"author":[{"embeddable":true,"href":"https:\/\/www.weine-feinkost.de\/unterwegs\/wp-json\/wp\/v2\/users\/7"}],"replies":[{"embeddable":true,"href":"https:\/\/www.weine-feinkost.de\/unterwegs\/wp-json\/wp\/v2\/comments?post=29188"}],"version-history":[{"count":1,"href":"https:\/\/www.weine-feinkost.de\/unterwegs\/wp-json\/wp\/v2\/posts\/29188\/revisions"}],"predecessor-version":[{"id":197548,"href":"https:\/\/www.weine-feinkost.de\/unterwegs\/wp-json\/wp\/v2\/posts\/29188\/revisions\/197548"}],"wp:featuredmedia":[{"embeddable":true,"href":"https:\/\/www.weine-feinkost.de\/unterwegs\/wp-json\/wp\/v2\/media\/145086"}],"wp:attachment":[{"href":"https:\/\/www.weine-feinkost.de\/unterwegs\/wp-json\/wp\/v2\/media?parent=29188"}],"wp:term":[{"taxonomy":"category","embeddable":true,"href":"https:\/\/www.weine-feinkost.de\/unterwegs\/wp-json\/wp\/v2\/categories?post=29188"},{"taxonomy":"post_tag","embeddable":true,"href":"https:\/\/www.weine-feinkost.de\/unterwegs\/wp-json\/wp\/v2\/tags?post=29188"},{"taxonomy":"post_folder","embeddable":true,"href":"https:\/\/www.weine-feinkost.de\/unterwegs\/wp-json\/wp\/v2\/post_folder?post=29188"}],"curies":[{"name":"wp","href":"https:\/\/api.w.org\/{rel}","templated":true}]}}