{"id":29726,"date":"2015-12-19T21:14:12","date_gmt":"2015-12-19T20:14:12","guid":{"rendered":"https:\/\/www.weine-feinkost.de\/unterwegs\/?p=29726"},"modified":"2023-03-22T14:34:53","modified_gmt":"2023-03-22T13:34:53","slug":"xarma-donostia-san-sebastian-spanien","status":"publish","type":"post","link":"https:\/\/www.weine-feinkost.de\/unterwegs\/2015\/12\/xarma-donostia-san-sebastian-spanien\/","title":{"rendered":"Xarma &#8211; Donostia-San Sebastian &#8211; Spanien"},"content":{"rendered":"<p><strong>Xarma &#8211; Donostia-San Sebastian &#8211; Spanien<\/strong><\/p>\n<p>Normalerweise ist das Restaurant Xarma, welches von Aizpea Oihandeder und Xabier Diez in San Sebastian betrieben wird, immer eine sichere &#8222;Geschmacksbank&#8220;. In puncto Qualit\u00e4t, Kreativit\u00e4t und auch einem besonders guten Preis- Leistungsverh\u00e4ltnis ist dieses K\u00fcchenteam in San Sebastian sonst kaum zu schlagen. Ob es an diesem Abend daran lag, dass nur das Tagesmen\u00fc plus zwei Sondergerichte von uns gew\u00e4hlt wurden oder andere nicht bekannte Umst\u00e4nde der Grund f\u00fcr ein nicht ganz so gro\u00dfartiges Mahl waren, ist nicht mehr genau zu konstruieren.<\/p>\n<p>Die Speisen wirkten doch alle ein wenig lustlos und uninspiriert arrangiert. Der Mini Gem\u00fcsegarten schmeckte zwar wie immer sehr gut, es fiel aber doch auf, dass das &#8222;Tomatenbeet&#8220; doch noch stark gek\u00fchlt war. Der G\u00e4nseleber fehlte leider auch der letzte Kick und hat hier auch schon einmal besser gemundet. Das anschlie\u00dfende &#8222;falsche&#8220; Risotto mit Niedrigtemperaturei machte zwar satt, muss allerdings auch in Rubrik &#8222;w\u00fcrde man so nicht noch einmal bestellen&#8220; eingeordnet werden. Der Thunfisch war leider viel zu trocken und der Ochsenschwanz zwar vorz\u00fcglich, jedoch eher in die Kategorie &#8222;Gro\u00dfmutters gute K\u00fcche&#8220; einzuordnen. Sehr schmackhaft dann die reifen Feigen mit warmer Schokolade zum Dessert. Nicht jeder Tag kann ein Top Tag sein&#8230; das Xarma Team kann es viel besser und hatte wahrscheinlich, wie jeder Mensch, einfach nur einen nicht ganz so guten Tag. Wir kommen wieder!<\/p>\n<p style=\"text-align: center;\"><a href=\"https:\/\/www.weine-feinkost.de\/unterwegs\/wp-content\/uploads\/2016\/10\/Xarma_Donostia-San-Sebastian_Spanien_2.jpeg\"><img loading=\"lazy\" decoding=\"async\" class=\"aligncenter size-medium wp-image-158400\" src=\"https:\/\/www.weine-feinkost.de\/unterwegs\/wp-content\/uploads\/2016\/10\/Xarma_Donostia-San-Sebastian_Spanien_2-300x225.jpeg\" alt=\"Xarma_Donostia-San Sebastian_Spanien_2\" width=\"300\" height=\"225\" srcset=\"https:\/\/www.weine-feinkost.de\/unterwegs\/wp-content\/uploads\/2016\/10\/Xarma_Donostia-San-Sebastian_Spanien_2-300x225.jpeg 300w, https:\/\/www.weine-feinkost.de\/unterwegs\/wp-content\/uploads\/2016\/10\/Xarma_Donostia-San-Sebastian_Spanien_2-600x450.jpeg 600w, https:\/\/www.weine-feinkost.de\/unterwegs\/wp-content\/uploads\/2016\/10\/Xarma_Donostia-San-Sebastian_Spanien_2.jpeg 640w\" sizes=\"auto, (max-width: 300px) 100vw, 300px\" \/><\/a>Lachscreme Oliven.<\/p>\n<p style=\"text-align: center;\"><a href=\"https:\/\/www.weine-feinkost.de\/unterwegs\/wp-content\/uploads\/2016\/10\/Xarma_Donostia-San-Sebastian_Spanien_3.jpeg\"><img loading=\"lazy\" decoding=\"async\" class=\"aligncenter size-medium wp-image-158401\" src=\"https:\/\/www.weine-feinkost.de\/unterwegs\/wp-content\/uploads\/2016\/10\/Xarma_Donostia-San-Sebastian_Spanien_3-300x225.jpeg\" alt=\"Xarma_Donostia-San Sebastian_Spanien_3\" width=\"300\" height=\"225\" srcset=\"https:\/\/www.weine-feinkost.de\/unterwegs\/wp-content\/uploads\/2016\/10\/Xarma_Donostia-San-Sebastian_Spanien_3-300x225.jpeg 300w, https:\/\/www.weine-feinkost.de\/unterwegs\/wp-content\/uploads\/2016\/10\/Xarma_Donostia-San-Sebastian_Spanien_3-600x450.jpeg 600w, https:\/\/www.weine-feinkost.de\/unterwegs\/wp-content\/uploads\/2016\/10\/Xarma_Donostia-San-Sebastian_Spanien_3.jpeg 640w\" sizes=\"auto, (max-width: 300px) 100vw, 300px\" \/><\/a>Junger Gem\u00fcsegarten.<\/p>\n<p style=\"text-align: center;\"><a href=\"https:\/\/www.weine-feinkost.de\/unterwegs\/wp-content\/uploads\/2016\/10\/Xarma_Donostia-San-Sebastian_Spanien_4.jpeg\"><img loading=\"lazy\" decoding=\"async\" class=\"aligncenter size-medium wp-image-145131\" src=\"https:\/\/www.weine-feinkost.de\/unterwegs\/wp-content\/uploads\/2016\/10\/Xarma_Donostia-San-Sebastian_Spanien_4-300x225.jpeg\" alt=\"Xarma_Donostia-San Sebastian_Spanien_4\" width=\"300\" height=\"225\" srcset=\"https:\/\/www.weine-feinkost.de\/unterwegs\/wp-content\/uploads\/2016\/10\/Xarma_Donostia-San-Sebastian_Spanien_4-300x225.jpeg 300w, https:\/\/www.weine-feinkost.de\/unterwegs\/wp-content\/uploads\/2016\/10\/Xarma_Donostia-San-Sebastian_Spanien_4.jpeg 640w\" sizes=\"auto, (max-width: 300px) 100vw, 300px\" \/><\/a>G\u00e4nseleber.<\/p>\n<p style=\"text-align: center;\"><a href=\"https:\/\/www.weine-feinkost.de\/unterwegs\/wp-content\/uploads\/2016\/10\/Xarma_Donostia-San-Sebastian_Spanien_5.jpeg\"><img loading=\"lazy\" decoding=\"async\" class=\"aligncenter size-medium wp-image-145132\" src=\"https:\/\/www.weine-feinkost.de\/unterwegs\/wp-content\/uploads\/2016\/10\/Xarma_Donostia-San-Sebastian_Spanien_5-300x225.jpeg\" alt=\"Xarma_Donostia-San Sebastian_Spanien_5\" width=\"300\" height=\"225\" srcset=\"https:\/\/www.weine-feinkost.de\/unterwegs\/wp-content\/uploads\/2016\/10\/Xarma_Donostia-San-Sebastian_Spanien_5-300x225.jpeg 300w, https:\/\/www.weine-feinkost.de\/unterwegs\/wp-content\/uploads\/2016\/10\/Xarma_Donostia-San-Sebastian_Spanien_5.jpeg 640w\" sizes=\"auto, (max-width: 300px) 100vw, 300px\" \/><\/a>Falsches Risotto mit Niedrigtemperatur-Ei.<\/p>\n<p style=\"text-align: center;\"><a href=\"https:\/\/www.weine-feinkost.de\/unterwegs\/wp-content\/uploads\/2016\/10\/Xarma_Donostia-San-Sebastian_Spanien_6.jpeg\"><img loading=\"lazy\" decoding=\"async\" class=\"aligncenter size-medium wp-image-158404\" src=\"https:\/\/www.weine-feinkost.de\/unterwegs\/wp-content\/uploads\/2016\/10\/Xarma_Donostia-San-Sebastian_Spanien_6-300x225.jpeg\" alt=\"Xarma_Donostia-San Sebastian_Spanien_6\" width=\"300\" height=\"225\" srcset=\"https:\/\/www.weine-feinkost.de\/unterwegs\/wp-content\/uploads\/2016\/10\/Xarma_Donostia-San-Sebastian_Spanien_6-300x225.jpeg 300w, https:\/\/www.weine-feinkost.de\/unterwegs\/wp-content\/uploads\/2016\/10\/Xarma_Donostia-San-Sebastian_Spanien_6-600x450.jpeg 600w, https:\/\/www.weine-feinkost.de\/unterwegs\/wp-content\/uploads\/2016\/10\/Xarma_Donostia-San-Sebastian_Spanien_6.jpeg 640w\" sizes=\"auto, (max-width: 300px) 100vw, 300px\" \/><\/a>Ochsenschwanz.<\/p>\n<p style=\"text-align: center;\"><a href=\"https:\/\/www.weine-feinkost.de\/unterwegs\/wp-content\/uploads\/2016\/10\/Xarma_Donostia-San-Sebastian_Spanien_7.jpeg\"><img loading=\"lazy\" decoding=\"async\" class=\"aligncenter size-medium wp-image-145136\" src=\"https:\/\/www.weine-feinkost.de\/unterwegs\/wp-content\/uploads\/2016\/10\/Xarma_Donostia-San-Sebastian_Spanien_7-300x225.jpeg\" alt=\"Xarma_Donostia-San Sebastian_Spanien_7\" width=\"300\" height=\"225\" srcset=\"https:\/\/www.weine-feinkost.de\/unterwegs\/wp-content\/uploads\/2016\/10\/Xarma_Donostia-San-Sebastian_Spanien_7-300x225.jpeg 300w, https:\/\/www.weine-feinkost.de\/unterwegs\/wp-content\/uploads\/2016\/10\/Xarma_Donostia-San-Sebastian_Spanien_7.jpeg 640w\" sizes=\"auto, (max-width: 300px) 100vw, 300px\" \/><\/a>Bonito Thunfisch.<\/p>\n<p style=\"text-align: center;\"><a href=\"https:\/\/www.weine-feinkost.de\/unterwegs\/wp-content\/uploads\/2016\/10\/Xarma_Donostia-San-Sebastian_Spanien_8.jpeg\"><img loading=\"lazy\" decoding=\"async\" class=\"aligncenter wp-image-158406 size-medium\" src=\"https:\/\/www.weine-feinkost.de\/unterwegs\/wp-content\/uploads\/2016\/10\/Xarma_Donostia-San-Sebastian_Spanien_8-e1446063743826-225x300.jpeg\" alt=\"Xarma_Donostia-San Sebastian_Spanien_8\" width=\"225\" height=\"300\" srcset=\"https:\/\/www.weine-feinkost.de\/unterwegs\/wp-content\/uploads\/2016\/10\/Xarma_Donostia-San-Sebastian_Spanien_8-e1446063743826-225x300.jpeg 225w, https:\/\/www.weine-feinkost.de\/unterwegs\/wp-content\/uploads\/2016\/10\/Xarma_Donostia-San-Sebastian_Spanien_8-e1446063743826.jpeg 480w\" sizes=\"auto, (max-width: 225px) 100vw, 225px\" \/><\/a>Feigen und Schokolade.<\/p>\n<p><strong>Restaurant Xarma<\/strong><br \/>\nTolosa Hiribidea, 123<br \/>\n20018 Donostia<br \/>\nSpanien<br \/>\nTelefon: +34 943 31 71 62<br \/>\n<a href=\"http:\/\/xarmajatetxea.com\/\">www.xarmajatetxea.com<\/a><\/p>\n","protected":false},"excerpt":{"rendered":"<p>Xarma &#8211; Donostia-San Sebastian &#8211; Spanien Normalerweise ist das Restaurant Xarma, welches von Aizpea Oihandeder und Xabier Diez in San Sebastian betrieben wird, immer eine sichere &#8222;Geschmacksbank&#8220;. In puncto Qualit\u00e4t, Kreativit\u00e4t und auch einem besonders guten Preis- Leistungsverh\u00e4ltnis ist dieses K\u00fcchenteam in San Sebastian sonst kaum zu schlagen. Ob es an diesem Abend daran lag, &#8230; <a title=\"Xarma &#8211; Donostia-San Sebastian &#8211; Spanien\" class=\"read-more\" href=\"https:\/\/www.weine-feinkost.de\/unterwegs\/2015\/12\/xarma-donostia-san-sebastian-spanien\/\" aria-label=\"Mehr dazu unter Xarma &#8211; Donostia-San Sebastian &#8211; Spanien\">Weiterlesen<\/a><\/p>\n","protected":false},"author":7,"featured_media":158399,"comment_status":"open","ping_status":"open","sticky":false,"template":"","format":"standard","meta":{"_jetpack_newsletter_access":"","_jetpack_dont_email_post_to_subs":false,"_jetpack_newsletter_tier_id":0,"_jetpack_memberships_contains_paywalled_content":false,"_jetpack_feature_clip_id":0,"_jetpack_memberships_contains_paid_content":false,"footnotes":"","jetpack_publicize_message":"","jetpack_publicize_feature_enabled":true,"jetpack_social_post_already_shared":true,"jetpack_social_options":{"image_generator_settings":{"template":"highway","default_image_id":0,"font":"","enabled":false},"version":2},"jetpack_post_was_ever_published":false},"categories":[13,30],"tags":[87,76,73,79,738],"post_folder":[],"class_list":["post-29726","post","type-post","status-publish","format-standard","has-post-thumbnail","hentry","category-restaurants","category-spanien-restaurants","tag-baskenland","tag-donostia-san-sebastian","tag-restaurant","tag-spanien","tag-xarma"],"yoast_head":"<!-- This site is optimized with the Yoast SEO plugin v28.3 - https:\/\/yoast.com\/product\/yoast-seo-wordpress\/ -->\n<title>Xarma - Donostia-San Sebastian - Spanien - Unterwegs mit Weine &amp; Feinkost<\/title>\n<meta name=\"description\" content=\"Xarma - Donostia-San Sebastian - Spanien\" \/>\n<meta name=\"robots\" content=\"index, follow, max-snippet:-1, max-image-preview:large, max-video-preview:-1\" \/>\n<link rel=\"canonical\" href=\"https:\/\/www.weine-feinkost.de\/unterwegs\/2015\/12\/xarma-donostia-san-sebastian-spanien\/\" \/>\n<meta property=\"og:locale\" content=\"de_DE\" \/>\n<meta property=\"og:type\" content=\"article\" \/>\n<meta property=\"og:title\" content=\"Xarma - Donostia-San Sebastian - Spanien - Unterwegs mit Weine &amp; Feinkost\" \/>\n<meta property=\"og:description\" content=\"Xarma - Donostia-San Sebastian - Spanien\" \/>\n<meta property=\"og:url\" content=\"https:\/\/www.weine-feinkost.de\/unterwegs\/2015\/12\/xarma-donostia-san-sebastian-spanien\/\" \/>\n<meta property=\"og:site_name\" content=\"Unterwegs mit Weine &amp; Feinkost\" \/>\n<meta property=\"article:published_time\" content=\"2015-12-19T20:14:12+00:00\" \/>\n<meta property=\"article:modified_time\" content=\"2023-03-22T13:34:53+00:00\" \/>\n<meta property=\"og:image\" content=\"https:\/\/www.weine-feinkost.de\/unterwegs\/wp-content\/uploads\/2016\/10\/Xarma_Donostia-San-Sebastian_Spanien_1.jpeg\" \/>\n\t<meta property=\"og:image:width\" content=\"640\" \/>\n\t<meta property=\"og:image:height\" content=\"480\" \/>\n\t<meta property=\"og:image:type\" content=\"image\/jpeg\" \/>\n<meta name=\"author\" content=\"Christian Fenske\" \/>\n<meta name=\"twitter:card\" content=\"summary_large_image\" \/>\n<meta name=\"twitter:label1\" content=\"Verfasst von\" \/>\n\t<meta name=\"twitter:data1\" content=\"Christian Fenske\" \/>\n\t<meta name=\"twitter:label2\" content=\"Gesch\u00e4tzte Lesezeit\" \/>\n\t<meta name=\"twitter:data2\" content=\"3\u00a0Minuten\" \/>\n<script type=\"application\/ld+json\" class=\"yoast-schema-graph\">{\"@context\":\"https:\\\/\\\/schema.org\",\"@graph\":[{\"@type\":\"Article\",\"@id\":\"https:\\\/\\\/www.weine-feinkost.de\\\/unterwegs\\\/2015\\\/12\\\/xarma-donostia-san-sebastian-spanien\\\/#article\",\"isPartOf\":{\"@id\":\"https:\\\/\\\/www.weine-feinkost.de\\\/unterwegs\\\/2015\\\/12\\\/xarma-donostia-san-sebastian-spanien\\\/\"},\"author\":{\"name\":\"Christian Fenske\",\"@id\":\"https:\\\/\\\/www.weine-feinkost.de\\\/unterwegs\\\/#\\\/schema\\\/person\\\/c07d66169fd0e04307bfe7cdc99ac26a\"},\"headline\":\"Xarma &#8211; Donostia-San Sebastian &#8211; Spanien\",\"datePublished\":\"2015-12-19T20:14:12+00:00\",\"dateModified\":\"2023-03-22T13:34:53+00:00\",\"mainEntityOfPage\":{\"@id\":\"https:\\\/\\\/www.weine-feinkost.de\\\/unterwegs\\\/2015\\\/12\\\/xarma-donostia-san-sebastian-spanien\\\/\"},\"wordCount\":272,\"commentCount\":0,\"publisher\":{\"@id\":\"https:\\\/\\\/www.weine-feinkost.de\\\/unterwegs\\\/#organization\"},\"image\":{\"@id\":\"https:\\\/\\\/www.weine-feinkost.de\\\/unterwegs\\\/2015\\\/12\\\/xarma-donostia-san-sebastian-spanien\\\/#primaryimage\"},\"thumbnailUrl\":\"https:\\\/\\\/www.weine-feinkost.de\\\/unterwegs\\\/wp-content\\\/uploads\\\/2016\\\/10\\\/Xarma_Donostia-San-Sebastian_Spanien_1.jpeg\",\"keywords\":[\"Baskenland\",\"Donostia-San Sebastian\",\"Restaurant\",\"Spanien\",\"Xarma\"],\"articleSection\":[\"Restaurants\",\"Spanien\"],\"inLanguage\":\"de\",\"potentialAction\":[{\"@type\":\"CommentAction\",\"name\":\"Comment\",\"target\":[\"https:\\\/\\\/www.weine-feinkost.de\\\/unterwegs\\\/2015\\\/12\\\/xarma-donostia-san-sebastian-spanien\\\/#respond\"]}]},{\"@type\":\"WebPage\",\"@id\":\"https:\\\/\\\/www.weine-feinkost.de\\\/unterwegs\\\/2015\\\/12\\\/xarma-donostia-san-sebastian-spanien\\\/\",\"url\":\"https:\\\/\\\/www.weine-feinkost.de\\\/unterwegs\\\/2015\\\/12\\\/xarma-donostia-san-sebastian-spanien\\\/\",\"name\":\"Xarma - Donostia-San Sebastian - Spanien - Unterwegs mit Weine &amp; Feinkost\",\"isPartOf\":{\"@id\":\"https:\\\/\\\/www.weine-feinkost.de\\\/unterwegs\\\/#website\"},\"primaryImageOfPage\":{\"@id\":\"https:\\\/\\\/www.weine-feinkost.de\\\/unterwegs\\\/2015\\\/12\\\/xarma-donostia-san-sebastian-spanien\\\/#primaryimage\"},\"image\":{\"@id\":\"https:\\\/\\\/www.weine-feinkost.de\\\/unterwegs\\\/2015\\\/12\\\/xarma-donostia-san-sebastian-spanien\\\/#primaryimage\"},\"thumbnailUrl\":\"https:\\\/\\\/www.weine-feinkost.de\\\/unterwegs\\\/wp-content\\\/uploads\\\/2016\\\/10\\\/Xarma_Donostia-San-Sebastian_Spanien_1.jpeg\",\"datePublished\":\"2015-12-19T20:14:12+00:00\",\"dateModified\":\"2023-03-22T13:34:53+00:00\",\"description\":\"Xarma - Donostia-San Sebastian - Spanien\",\"breadcrumb\":{\"@id\":\"https:\\\/\\\/www.weine-feinkost.de\\\/unterwegs\\\/2015\\\/12\\\/xarma-donostia-san-sebastian-spanien\\\/#breadcrumb\"},\"inLanguage\":\"de\",\"potentialAction\":[{\"@type\":\"ReadAction\",\"target\":[\"https:\\\/\\\/www.weine-feinkost.de\\\/unterwegs\\\/2015\\\/12\\\/xarma-donostia-san-sebastian-spanien\\\/\"]}]},{\"@type\":\"ImageObject\",\"inLanguage\":\"de\",\"@id\":\"https:\\\/\\\/www.weine-feinkost.de\\\/unterwegs\\\/2015\\\/12\\\/xarma-donostia-san-sebastian-spanien\\\/#primaryimage\",\"url\":\"https:\\\/\\\/www.weine-feinkost.de\\\/unterwegs\\\/wp-content\\\/uploads\\\/2016\\\/10\\\/Xarma_Donostia-San-Sebastian_Spanien_1.jpeg\",\"contentUrl\":\"https:\\\/\\\/www.weine-feinkost.de\\\/unterwegs\\\/wp-content\\\/uploads\\\/2016\\\/10\\\/Xarma_Donostia-San-Sebastian_Spanien_1.jpeg\",\"width\":640,\"height\":480},{\"@type\":\"BreadcrumbList\",\"@id\":\"https:\\\/\\\/www.weine-feinkost.de\\\/unterwegs\\\/2015\\\/12\\\/xarma-donostia-san-sebastian-spanien\\\/#breadcrumb\",\"itemListElement\":[{\"@type\":\"ListItem\",\"position\":1,\"name\":\"Startseite\",\"item\":\"https:\\\/\\\/www.weine-feinkost.de\\\/unterwegs\\\/\"},{\"@type\":\"ListItem\",\"position\":2,\"name\":\"Xarma &#8211; Donostia-San Sebastian &#8211; Spanien\"}]},{\"@type\":\"WebSite\",\"@id\":\"https:\\\/\\\/www.weine-feinkost.de\\\/unterwegs\\\/#website\",\"url\":\"https:\\\/\\\/www.weine-feinkost.de\\\/unterwegs\\\/\",\"name\":\"Unterwegs mit Weine &amp; Feinkost\",\"description\":\"Entdecken Sie Genuss\",\"publisher\":{\"@id\":\"https:\\\/\\\/www.weine-feinkost.de\\\/unterwegs\\\/#organization\"},\"potentialAction\":[{\"@type\":\"SearchAction\",\"target\":{\"@type\":\"EntryPoint\",\"urlTemplate\":\"https:\\\/\\\/www.weine-feinkost.de\\\/unterwegs\\\/?s={search_term_string}\"},\"query-input\":{\"@type\":\"PropertyValueSpecification\",\"valueRequired\":true,\"valueName\":\"search_term_string\"}}],\"inLanguage\":\"de\"},{\"@type\":\"Organization\",\"@id\":\"https:\\\/\\\/www.weine-feinkost.de\\\/unterwegs\\\/#organization\",\"name\":\"Unterwegs mit Weine &amp; Feinkost\",\"url\":\"https:\\\/\\\/www.weine-feinkost.de\\\/unterwegs\\\/\",\"logo\":{\"@type\":\"ImageObject\",\"inLanguage\":\"de\",\"@id\":\"https:\\\/\\\/www.weine-feinkost.de\\\/unterwegs\\\/#\\\/schema\\\/logo\\\/image\\\/\",\"url\":\"https:\\\/\\\/www.weine-feinkost.de\\\/unterwegs\\\/wp-content\\\/uploads\\\/2022\\\/10\\\/logo_weinefeinkost_unterwegs_450x171.png\",\"contentUrl\":\"https:\\\/\\\/www.weine-feinkost.de\\\/unterwegs\\\/wp-content\\\/uploads\\\/2022\\\/10\\\/logo_weinefeinkost_unterwegs_450x171.png\",\"width\":450,\"height\":171,\"caption\":\"Unterwegs mit Weine &amp; Feinkost\"},\"image\":{\"@id\":\"https:\\\/\\\/www.weine-feinkost.de\\\/unterwegs\\\/#\\\/schema\\\/logo\\\/image\\\/\"}},{\"@type\":\"Person\",\"@id\":\"https:\\\/\\\/www.weine-feinkost.de\\\/unterwegs\\\/#\\\/schema\\\/person\\\/c07d66169fd0e04307bfe7cdc99ac26a\",\"name\":\"Christian Fenske\",\"image\":{\"@type\":\"ImageObject\",\"inLanguage\":\"de\",\"@id\":\"https:\\\/\\\/www.weine-feinkost.de\\\/unterwegs\\\/wp-content\\\/uploads\\\/2023\\\/01\\\/cropped-christian_profilbild-96x96.png\",\"url\":\"https:\\\/\\\/www.weine-feinkost.de\\\/unterwegs\\\/wp-content\\\/uploads\\\/2023\\\/01\\\/cropped-christian_profilbild-96x96.png\",\"contentUrl\":\"https:\\\/\\\/www.weine-feinkost.de\\\/unterwegs\\\/wp-content\\\/uploads\\\/2023\\\/01\\\/cropped-christian_profilbild-96x96.png\",\"caption\":\"Christian Fenske\"},\"description\":\"Zusammen an einem Tisch sitzen, gemeinsam zu kommunizieren und zu genie\u00dfen, das ist eine der herausragenden kulturellen Errungenschaft der Menschheit.\",\"url\":\"https:\\\/\\\/www.weine-feinkost.de\\\/unterwegs\\\/author\\\/christian-fenske\\\/\"}]}<\/script>\n<!-- \/ Yoast SEO plugin. -->","yoast_head_json":{"title":"Xarma - Donostia-San Sebastian - Spanien - Unterwegs mit Weine &amp; Feinkost","description":"Xarma - Donostia-San Sebastian - Spanien","robots":{"index":"index","follow":"follow","max-snippet":"max-snippet:-1","max-image-preview":"max-image-preview:large","max-video-preview":"max-video-preview:-1"},"canonical":"https:\/\/www.weine-feinkost.de\/unterwegs\/2015\/12\/xarma-donostia-san-sebastian-spanien\/","og_locale":"de_DE","og_type":"article","og_title":"Xarma - Donostia-San Sebastian - Spanien - Unterwegs mit Weine &amp; Feinkost","og_description":"Xarma - Donostia-San Sebastian - Spanien","og_url":"https:\/\/www.weine-feinkost.de\/unterwegs\/2015\/12\/xarma-donostia-san-sebastian-spanien\/","og_site_name":"Unterwegs mit Weine &amp; Feinkost","article_published_time":"2015-12-19T20:14:12+00:00","article_modified_time":"2023-03-22T13:34:53+00:00","og_image":[{"width":640,"height":480,"url":"https:\/\/www.weine-feinkost.de\/unterwegs\/wp-content\/uploads\/2016\/10\/Xarma_Donostia-San-Sebastian_Spanien_1.jpeg","type":"image\/jpeg"}],"author":"Christian Fenske","twitter_card":"summary_large_image","twitter_misc":{"Verfasst von":"Christian Fenske","Gesch\u00e4tzte Lesezeit":"3\u00a0Minuten"},"schema":{"@context":"https:\/\/schema.org","@graph":[{"@type":"Article","@id":"https:\/\/www.weine-feinkost.de\/unterwegs\/2015\/12\/xarma-donostia-san-sebastian-spanien\/#article","isPartOf":{"@id":"https:\/\/www.weine-feinkost.de\/unterwegs\/2015\/12\/xarma-donostia-san-sebastian-spanien\/"},"author":{"name":"Christian Fenske","@id":"https:\/\/www.weine-feinkost.de\/unterwegs\/#\/schema\/person\/c07d66169fd0e04307bfe7cdc99ac26a"},"headline":"Xarma &#8211; Donostia-San Sebastian &#8211; Spanien","datePublished":"2015-12-19T20:14:12+00:00","dateModified":"2023-03-22T13:34:53+00:00","mainEntityOfPage":{"@id":"https:\/\/www.weine-feinkost.de\/unterwegs\/2015\/12\/xarma-donostia-san-sebastian-spanien\/"},"wordCount":272,"commentCount":0,"publisher":{"@id":"https:\/\/www.weine-feinkost.de\/unterwegs\/#organization"},"image":{"@id":"https:\/\/www.weine-feinkost.de\/unterwegs\/2015\/12\/xarma-donostia-san-sebastian-spanien\/#primaryimage"},"thumbnailUrl":"https:\/\/www.weine-feinkost.de\/unterwegs\/wp-content\/uploads\/2016\/10\/Xarma_Donostia-San-Sebastian_Spanien_1.jpeg","keywords":["Baskenland","Donostia-San Sebastian","Restaurant","Spanien","Xarma"],"articleSection":["Restaurants","Spanien"],"inLanguage":"de","potentialAction":[{"@type":"CommentAction","name":"Comment","target":["https:\/\/www.weine-feinkost.de\/unterwegs\/2015\/12\/xarma-donostia-san-sebastian-spanien\/#respond"]}]},{"@type":"WebPage","@id":"https:\/\/www.weine-feinkost.de\/unterwegs\/2015\/12\/xarma-donostia-san-sebastian-spanien\/","url":"https:\/\/www.weine-feinkost.de\/unterwegs\/2015\/12\/xarma-donostia-san-sebastian-spanien\/","name":"Xarma - Donostia-San Sebastian - Spanien - Unterwegs mit Weine &amp; Feinkost","isPartOf":{"@id":"https:\/\/www.weine-feinkost.de\/unterwegs\/#website"},"primaryImageOfPage":{"@id":"https:\/\/www.weine-feinkost.de\/unterwegs\/2015\/12\/xarma-donostia-san-sebastian-spanien\/#primaryimage"},"image":{"@id":"https:\/\/www.weine-feinkost.de\/unterwegs\/2015\/12\/xarma-donostia-san-sebastian-spanien\/#primaryimage"},"thumbnailUrl":"https:\/\/www.weine-feinkost.de\/unterwegs\/wp-content\/uploads\/2016\/10\/Xarma_Donostia-San-Sebastian_Spanien_1.jpeg","datePublished":"2015-12-19T20:14:12+00:00","dateModified":"2023-03-22T13:34:53+00:00","description":"Xarma - Donostia-San Sebastian - Spanien","breadcrumb":{"@id":"https:\/\/www.weine-feinkost.de\/unterwegs\/2015\/12\/xarma-donostia-san-sebastian-spanien\/#breadcrumb"},"inLanguage":"de","potentialAction":[{"@type":"ReadAction","target":["https:\/\/www.weine-feinkost.de\/unterwegs\/2015\/12\/xarma-donostia-san-sebastian-spanien\/"]}]},{"@type":"ImageObject","inLanguage":"de","@id":"https:\/\/www.weine-feinkost.de\/unterwegs\/2015\/12\/xarma-donostia-san-sebastian-spanien\/#primaryimage","url":"https:\/\/www.weine-feinkost.de\/unterwegs\/wp-content\/uploads\/2016\/10\/Xarma_Donostia-San-Sebastian_Spanien_1.jpeg","contentUrl":"https:\/\/www.weine-feinkost.de\/unterwegs\/wp-content\/uploads\/2016\/10\/Xarma_Donostia-San-Sebastian_Spanien_1.jpeg","width":640,"height":480},{"@type":"BreadcrumbList","@id":"https:\/\/www.weine-feinkost.de\/unterwegs\/2015\/12\/xarma-donostia-san-sebastian-spanien\/#breadcrumb","itemListElement":[{"@type":"ListItem","position":1,"name":"Startseite","item":"https:\/\/www.weine-feinkost.de\/unterwegs\/"},{"@type":"ListItem","position":2,"name":"Xarma &#8211; Donostia-San Sebastian &#8211; Spanien"}]},{"@type":"WebSite","@id":"https:\/\/www.weine-feinkost.de\/unterwegs\/#website","url":"https:\/\/www.weine-feinkost.de\/unterwegs\/","name":"Unterwegs mit Weine &amp; Feinkost","description":"Entdecken Sie Genuss","publisher":{"@id":"https:\/\/www.weine-feinkost.de\/unterwegs\/#organization"},"potentialAction":[{"@type":"SearchAction","target":{"@type":"EntryPoint","urlTemplate":"https:\/\/www.weine-feinkost.de\/unterwegs\/?s={search_term_string}"},"query-input":{"@type":"PropertyValueSpecification","valueRequired":true,"valueName":"search_term_string"}}],"inLanguage":"de"},{"@type":"Organization","@id":"https:\/\/www.weine-feinkost.de\/unterwegs\/#organization","name":"Unterwegs mit Weine &amp; Feinkost","url":"https:\/\/www.weine-feinkost.de\/unterwegs\/","logo":{"@type":"ImageObject","inLanguage":"de","@id":"https:\/\/www.weine-feinkost.de\/unterwegs\/#\/schema\/logo\/image\/","url":"https:\/\/www.weine-feinkost.de\/unterwegs\/wp-content\/uploads\/2022\/10\/logo_weinefeinkost_unterwegs_450x171.png","contentUrl":"https:\/\/www.weine-feinkost.de\/unterwegs\/wp-content\/uploads\/2022\/10\/logo_weinefeinkost_unterwegs_450x171.png","width":450,"height":171,"caption":"Unterwegs mit Weine &amp; Feinkost"},"image":{"@id":"https:\/\/www.weine-feinkost.de\/unterwegs\/#\/schema\/logo\/image\/"}},{"@type":"Person","@id":"https:\/\/www.weine-feinkost.de\/unterwegs\/#\/schema\/person\/c07d66169fd0e04307bfe7cdc99ac26a","name":"Christian Fenske","image":{"@type":"ImageObject","inLanguage":"de","@id":"https:\/\/www.weine-feinkost.de\/unterwegs\/wp-content\/uploads\/2023\/01\/cropped-christian_profilbild-96x96.png","url":"https:\/\/www.weine-feinkost.de\/unterwegs\/wp-content\/uploads\/2023\/01\/cropped-christian_profilbild-96x96.png","contentUrl":"https:\/\/www.weine-feinkost.de\/unterwegs\/wp-content\/uploads\/2023\/01\/cropped-christian_profilbild-96x96.png","caption":"Christian Fenske"},"description":"Zusammen an einem Tisch sitzen, gemeinsam zu kommunizieren und zu genie\u00dfen, das ist eine der herausragenden kulturellen Errungenschaft der Menschheit.","url":"https:\/\/www.weine-feinkost.de\/unterwegs\/author\/christian-fenske\/"}]}},"jetpack_publicize_connections":[],"jetpack_shortlink":"https:\/\/wp.me\/p68Tjo-7Js","jetpack_sharing_enabled":true,"jetpack_likes_enabled":true,"jetpack_featured_media_url":"https:\/\/www.weine-feinkost.de\/unterwegs\/wp-content\/uploads\/2016\/10\/Xarma_Donostia-San-Sebastian_Spanien_1.jpeg","_links":{"self":[{"href":"https:\/\/www.weine-feinkost.de\/unterwegs\/wp-json\/wp\/v2\/posts\/29726","targetHints":{"allow":["GET"]}}],"collection":[{"href":"https:\/\/www.weine-feinkost.de\/unterwegs\/wp-json\/wp\/v2\/posts"}],"about":[{"href":"https:\/\/www.weine-feinkost.de\/unterwegs\/wp-json\/wp\/v2\/types\/post"}],"author":[{"embeddable":true,"href":"https:\/\/www.weine-feinkost.de\/unterwegs\/wp-json\/wp\/v2\/users\/7"}],"replies":[{"embeddable":true,"href":"https:\/\/www.weine-feinkost.de\/unterwegs\/wp-json\/wp\/v2\/comments?post=29726"}],"version-history":[{"count":1,"href":"https:\/\/www.weine-feinkost.de\/unterwegs\/wp-json\/wp\/v2\/posts\/29726\/revisions"}],"predecessor-version":[{"id":197532,"href":"https:\/\/www.weine-feinkost.de\/unterwegs\/wp-json\/wp\/v2\/posts\/29726\/revisions\/197532"}],"wp:featuredmedia":[{"embeddable":true,"href":"https:\/\/www.weine-feinkost.de\/unterwegs\/wp-json\/wp\/v2\/media\/158399"}],"wp:attachment":[{"href":"https:\/\/www.weine-feinkost.de\/unterwegs\/wp-json\/wp\/v2\/media?parent=29726"}],"wp:term":[{"taxonomy":"category","embeddable":true,"href":"https:\/\/www.weine-feinkost.de\/unterwegs\/wp-json\/wp\/v2\/categories?post=29726"},{"taxonomy":"post_tag","embeddable":true,"href":"https:\/\/www.weine-feinkost.de\/unterwegs\/wp-json\/wp\/v2\/tags?post=29726"},{"taxonomy":"post_folder","embeddable":true,"href":"https:\/\/www.weine-feinkost.de\/unterwegs\/wp-json\/wp\/v2\/post_folder?post=29726"}],"curies":[{"name":"wp","href":"https:\/\/api.w.org\/{rel}","templated":true}]}}