{"id":31272,"date":"2016-04-13T21:02:27","date_gmt":"2016-04-13T19:02:27","guid":{"rendered":"https:\/\/www.weine-feinkost.de\/unterwegs\/?p=31272"},"modified":"2023-03-22T12:38:01","modified_gmt":"2023-03-22T11:38:01","slug":"nada-koeln-deutschland","status":"publish","type":"post","link":"https:\/\/www.weine-feinkost.de\/unterwegs\/2016\/04\/nada-koeln-deutschland\/","title":{"rendered":"Nada &#8211; K\u00f6ln &#8211; Deutschland"},"content":{"rendered":"<h2>Nada &#8211; K\u00f6ln &#8211; Deutschland<\/h2>\n<p>Nicht unweit des K\u00f6lner Zoos liegt das Restaurant Nada, in dem seit Oktober 2014 der Koch Bernd Stollenwerk werkelt und wirkt. Ein l\u00e4ngst \u00fcberf\u00e4lliges Wiedersehen- Treffen f\u00fchrte dann auch in diese modern gestaltete Speisest\u00e4tte, wo im vorderen Raum eine \u00fcberdimensionierte Bar das Zentrum des Geschehens ist. Das gelb- goldene Bistroambiente wurde hier mit vielen Erdfarben kombiniert und trotz der schummrigen Lichtverh\u00e4ltnisse f\u00fchlt man sich hier direkt wohl. Die Produktqualit\u00e4t der frischen Gillardeau Austern lassen dann auch direkt zu Anfang keine W\u00fcnsche offen und dass der langj\u00e4hrige Koch des L\u00e4rchenhofes aus Pulheim sein Handwerk nicht verlernt hat, beweisen dann auch die folgenden, modern interpretierten Gerichte. Das Wildkr\u00e4uters\u00fcppchen erw\u00e4rmte den K\u00f6rper und weckte durch seine salzige Akzentuierung weiteren Appetit. Das gute Kalbstatar wurde formsch\u00f6n in einer Waffel serviert; die darauf thronende, angew\u00e4rmte Riesenkaper brachte auch noch die notwendige S\u00e4ure in dieses Gericht. Auch wenn der Hummer ein ganz klein wenig trocken geraten ist, wartete hier mit der heimischen Blutwurst und den R\u00fcben eine spannende Kombination auf den Gaumen: Surf und Turf f\u00fcr Fortgeschrittene.<\/p>\n<p>Auch die Kombination von Nougat, Birne und Erdnuss liess sich mit viel Freude verschlingen und nach einem gelungenen und lustigen Abend bleibt nur noch die Frage, warum sich so ein gutes Restaurant \u201eNada\u201c, also \u201enichts\u201c nennt \u2026<\/p>\n<p><a href=\"https:\/\/www.weine-feinkost.de\/unterwegs\/wp-content\/uploads\/2016\/03\/nada_koeln_deutschland_8.jpg\" rel=\"attachment wp-att-31280\"><img loading=\"lazy\" decoding=\"async\" class=\"aligncenter size-medium wp-image-159097\" src=\"https:\/\/www.weine-feinkost.de\/unterwegs\/wp-content\/uploads\/2016\/03\/nada_koeln_deutschland_8-300x225.jpg\" alt=\"nada_koeln_deutschland_8\" width=\"300\" height=\"225\" srcset=\"https:\/\/www.weine-feinkost.de\/unterwegs\/wp-content\/uploads\/2016\/03\/nada_koeln_deutschland_8-300x225.jpg 300w, https:\/\/www.weine-feinkost.de\/unterwegs\/wp-content\/uploads\/2016\/03\/nada_koeln_deutschland_8-600x450.jpg 600w, https:\/\/www.weine-feinkost.de\/unterwegs\/wp-content\/uploads\/2016\/03\/nada_koeln_deutschland_8.jpg 640w\" sizes=\"auto, (max-width: 300px) 100vw, 300px\" \/><\/a><\/p>\n<p><a href=\"https:\/\/www.weine-feinkost.de\/unterwegs\/wp-content\/uploads\/2016\/03\/nada_koeln_deutschland_5.jpg\" rel=\"attachment wp-att-31277\"><img loading=\"lazy\" decoding=\"async\" class=\"aligncenter size-medium wp-image-159094\" src=\"https:\/\/www.weine-feinkost.de\/unterwegs\/wp-content\/uploads\/2016\/03\/nada_koeln_deutschland_5-300x225.jpg\" alt=\"nada_koeln_deutschland_5\" width=\"300\" height=\"225\" srcset=\"https:\/\/www.weine-feinkost.de\/unterwegs\/wp-content\/uploads\/2016\/03\/nada_koeln_deutschland_5-300x225.jpg 300w, https:\/\/www.weine-feinkost.de\/unterwegs\/wp-content\/uploads\/2016\/03\/nada_koeln_deutschland_5-600x450.jpg 600w, https:\/\/www.weine-feinkost.de\/unterwegs\/wp-content\/uploads\/2016\/03\/nada_koeln_deutschland_5.jpg 640w\" sizes=\"auto, (max-width: 300px) 100vw, 300px\" \/><\/a><\/p>\n<p style=\"text-align: center;\"><a href=\"https:\/\/www.weine-feinkost.de\/unterwegs\/wp-content\/uploads\/2016\/03\/nada_koeln_deutschland_1.jpg\" rel=\"attachment wp-att-31273\"><img loading=\"lazy\" decoding=\"async\" class=\"aligncenter size-medium wp-image-159090\" src=\"https:\/\/www.weine-feinkost.de\/unterwegs\/wp-content\/uploads\/2016\/03\/nada_koeln_deutschland_1-300x225.jpg\" alt=\"nada_koeln_deutschland_1\" width=\"300\" height=\"225\" srcset=\"https:\/\/www.weine-feinkost.de\/unterwegs\/wp-content\/uploads\/2016\/03\/nada_koeln_deutschland_1-300x225.jpg 300w, https:\/\/www.weine-feinkost.de\/unterwegs\/wp-content\/uploads\/2016\/03\/nada_koeln_deutschland_1-600x450.jpg 600w, https:\/\/www.weine-feinkost.de\/unterwegs\/wp-content\/uploads\/2016\/03\/nada_koeln_deutschland_1.jpg 640w\" sizes=\"auto, (max-width: 300px) 100vw, 300px\" \/><\/a>Gillardeau Austern.<\/p>\n<p style=\"text-align: center;\"><a href=\"https:\/\/www.weine-feinkost.de\/unterwegs\/wp-content\/uploads\/2016\/03\/nada_koeln_deutschland_2.jpg\" rel=\"attachment wp-att-31274\"><img loading=\"lazy\" decoding=\"async\" class=\"aligncenter size-medium wp-image-159091\" src=\"https:\/\/www.weine-feinkost.de\/unterwegs\/wp-content\/uploads\/2016\/03\/nada_koeln_deutschland_2-300x225.jpg\" alt=\"nada_koeln_deutschland_2\" width=\"300\" height=\"225\" srcset=\"https:\/\/www.weine-feinkost.de\/unterwegs\/wp-content\/uploads\/2016\/03\/nada_koeln_deutschland_2-300x225.jpg 300w, https:\/\/www.weine-feinkost.de\/unterwegs\/wp-content\/uploads\/2016\/03\/nada_koeln_deutschland_2-600x450.jpg 600w, https:\/\/www.weine-feinkost.de\/unterwegs\/wp-content\/uploads\/2016\/03\/nada_koeln_deutschland_2.jpg 640w\" sizes=\"auto, (max-width: 300px) 100vw, 300px\" \/><\/a>Wildkr\u00e4uter S\u00fcppchen.<\/p>\n<p style=\"text-align: center;\"><a href=\"https:\/\/www.weine-feinkost.de\/unterwegs\/wp-content\/uploads\/2016\/03\/nada_koeln_deutschland_3.jpg\" rel=\"attachment wp-att-31275\"><img loading=\"lazy\" decoding=\"async\" class=\"aligncenter size-medium wp-image-159092\" src=\"https:\/\/www.weine-feinkost.de\/unterwegs\/wp-content\/uploads\/2016\/03\/nada_koeln_deutschland_3-300x225.jpg\" alt=\"nada_koeln_deutschland_3\" width=\"300\" height=\"225\" srcset=\"https:\/\/www.weine-feinkost.de\/unterwegs\/wp-content\/uploads\/2016\/03\/nada_koeln_deutschland_3-300x225.jpg 300w, https:\/\/www.weine-feinkost.de\/unterwegs\/wp-content\/uploads\/2016\/03\/nada_koeln_deutschland_3-600x450.jpg 600w, https:\/\/www.weine-feinkost.de\/unterwegs\/wp-content\/uploads\/2016\/03\/nada_koeln_deutschland_3.jpg 640w\" sizes=\"auto, (max-width: 300px) 100vw, 300px\" \/><\/a>Kalbstatar mit gebackenem Kalbskopf, Blumenkohl, Kapern und Schnittlauch.<\/p>\n<p style=\"text-align: center;\"><a href=\"https:\/\/www.weine-feinkost.de\/unterwegs\/wp-content\/uploads\/2016\/03\/nada_koeln_deutschland_4.jpg\" rel=\"attachment wp-att-31276\"><img loading=\"lazy\" decoding=\"async\" class=\"aligncenter size-medium wp-image-159093\" src=\"https:\/\/www.weine-feinkost.de\/unterwegs\/wp-content\/uploads\/2016\/03\/nada_koeln_deutschland_4-300x225.jpg\" alt=\"nada_koeln_deutschland_4\" width=\"300\" height=\"225\" srcset=\"https:\/\/www.weine-feinkost.de\/unterwegs\/wp-content\/uploads\/2016\/03\/nada_koeln_deutschland_4-300x225.jpg 300w, https:\/\/www.weine-feinkost.de\/unterwegs\/wp-content\/uploads\/2016\/03\/nada_koeln_deutschland_4-600x450.jpg 600w, https:\/\/www.weine-feinkost.de\/unterwegs\/wp-content\/uploads\/2016\/03\/nada_koeln_deutschland_4.jpg 640w\" sizes=\"auto, (max-width: 300px) 100vw, 300px\" \/><\/a>Hummer mit Blutwurst auf einem R\u00fcbenfeld und Kresse.<\/p>\n<p style=\"text-align: center;\"><a href=\"https:\/\/www.weine-feinkost.de\/unterwegs\/wp-content\/uploads\/2016\/03\/nada_koeln_deutschland_6.jpg\" rel=\"attachment wp-att-31278\"><img loading=\"lazy\" decoding=\"async\" class=\"aligncenter size-medium wp-image-159095\" src=\"https:\/\/www.weine-feinkost.de\/unterwegs\/wp-content\/uploads\/2016\/03\/nada_koeln_deutschland_6-300x225.jpg\" alt=\"nada_koeln_deutschland_6\" width=\"300\" height=\"225\" srcset=\"https:\/\/www.weine-feinkost.de\/unterwegs\/wp-content\/uploads\/2016\/03\/nada_koeln_deutschland_6-300x225.jpg 300w, https:\/\/www.weine-feinkost.de\/unterwegs\/wp-content\/uploads\/2016\/03\/nada_koeln_deutschland_6-600x450.jpg 600w, https:\/\/www.weine-feinkost.de\/unterwegs\/wp-content\/uploads\/2016\/03\/nada_koeln_deutschland_6.jpg 640w\" sizes=\"auto, (max-width: 300px) 100vw, 300px\" \/><\/a>Nougat Riegel mit Birne und Erdnuss.<\/p>\n<p>&nbsp;<\/p>\n<p><strong>Restaurant Nada<\/strong><br \/>\nClever Str. 32<br \/>\n50668 K\u00f6ln<br \/>\nDeutschland<br \/>\nTelefon: +49 221 88899944<br \/>\n<a href=\"http:\/\/www.nadakoeln.de\/\">www.nadakoeln.de<\/a><\/p>\n","protected":false},"excerpt":{"rendered":"<p>Nada &#8211; K\u00f6ln &#8211; Deutschland Nicht unweit des K\u00f6lner Zoos liegt das Restaurant Nada, in dem seit Oktober 2014 der Koch Bernd Stollenwerk werkelt und wirkt. Ein l\u00e4ngst \u00fcberf\u00e4lliges Wiedersehen- Treffen f\u00fchrte dann auch in diese modern gestaltete Speisest\u00e4tte, wo im vorderen Raum eine \u00fcberdimensionierte Bar das Zentrum des Geschehens ist. Das gelb- goldene Bistroambiente &#8230; <a title=\"Nada &#8211; K\u00f6ln &#8211; Deutschland\" class=\"read-more\" href=\"https:\/\/www.weine-feinkost.de\/unterwegs\/2016\/04\/nada-koeln-deutschland\/\" aria-label=\"Mehr dazu unter Nada &#8211; K\u00f6ln &#8211; Deutschland\">Weiterlesen<\/a><\/p>\n","protected":false},"author":7,"featured_media":159096,"comment_status":"open","ping_status":"open","sticky":false,"template":"","format":"standard","meta":{"_jetpack_newsletter_access":"","_jetpack_dont_email_post_to_subs":false,"_jetpack_newsletter_tier_id":0,"_jetpack_memberships_contains_paywalled_content":false,"_jetpack_feature_clip_id":0,"_jetpack_memberships_contains_paid_content":false,"footnotes":"","jetpack_publicize_message":"","jetpack_publicize_feature_enabled":true,"jetpack_social_post_already_shared":true,"jetpack_social_options":{"image_generator_settings":{"template":"highway","default_image_id":0,"font":"","enabled":false},"version":2},"jetpack_post_was_ever_published":false},"categories":[31,13],"tags":[194,877,73],"post_folder":[],"class_list":["post-31272","post","type-post","status-publish","format-standard","has-post-thumbnail","hentry","category-deutschland-restaurants","category-restaurants","tag-koeln","tag-nada","tag-restaurant"],"yoast_head":"<!-- This site is optimized with the Yoast SEO plugin v28.3 - https:\/\/yoast.com\/product\/yoast-seo-wordpress\/ -->\n<title>Nada - K\u00f6ln - Deutschland - Unterwegs mit Weine &amp; Feinkost<\/title>\n<meta name=\"robots\" content=\"index, follow, max-snippet:-1, max-image-preview:large, max-video-preview:-1\" \/>\n<link rel=\"canonical\" href=\"https:\/\/www.weine-feinkost.de\/unterwegs\/2016\/04\/nada-koeln-deutschland\/\" \/>\n<meta property=\"og:locale\" content=\"de_DE\" \/>\n<meta property=\"og:type\" content=\"article\" \/>\n<meta property=\"og:title\" content=\"Nada - K\u00f6ln - Deutschland - Unterwegs mit Weine &amp; Feinkost\" \/>\n<meta property=\"og:description\" content=\"Nada &#8211; K\u00f6ln &#8211; Deutschland Nicht unweit des K\u00f6lner Zoos liegt das Restaurant Nada, in dem seit Oktober 2014 der Koch Bernd Stollenwerk werkelt und wirkt. Ein l\u00e4ngst \u00fcberf\u00e4lliges Wiedersehen- Treffen f\u00fchrte dann auch in diese modern gestaltete Speisest\u00e4tte, wo im vorderen Raum eine \u00fcberdimensionierte Bar das Zentrum des Geschehens ist. Das gelb- goldene Bistroambiente ... Weiterlesen\" \/>\n<meta property=\"og:url\" content=\"https:\/\/www.weine-feinkost.de\/unterwegs\/2016\/04\/nada-koeln-deutschland\/\" \/>\n<meta property=\"og:site_name\" content=\"Unterwegs mit Weine &amp; Feinkost\" \/>\n<meta property=\"article:published_time\" content=\"2016-04-13T19:02:27+00:00\" \/>\n<meta property=\"article:modified_time\" content=\"2023-03-22T11:38:01+00:00\" \/>\n<meta property=\"og:image\" content=\"https:\/\/www.weine-feinkost.de\/unterwegs\/wp-content\/uploads\/2016\/03\/nada_koeln_deutschland_7.jpg\" \/>\n\t<meta property=\"og:image:width\" content=\"640\" \/>\n\t<meta property=\"og:image:height\" content=\"480\" \/>\n\t<meta property=\"og:image:type\" content=\"image\/jpeg\" \/>\n<meta name=\"author\" content=\"Christian Fenske\" \/>\n<meta name=\"twitter:card\" content=\"summary_large_image\" \/>\n<meta name=\"twitter:label1\" content=\"Verfasst von\" \/>\n\t<meta name=\"twitter:data1\" content=\"Christian Fenske\" \/>\n\t<meta name=\"twitter:label2\" content=\"Gesch\u00e4tzte Lesezeit\" \/>\n\t<meta name=\"twitter:data2\" content=\"3\u00a0Minuten\" \/>\n<script type=\"application\/ld+json\" class=\"yoast-schema-graph\">{\"@context\":\"https:\\\/\\\/schema.org\",\"@graph\":[{\"@type\":\"Article\",\"@id\":\"https:\\\/\\\/www.weine-feinkost.de\\\/unterwegs\\\/2016\\\/04\\\/nada-koeln-deutschland\\\/#article\",\"isPartOf\":{\"@id\":\"https:\\\/\\\/www.weine-feinkost.de\\\/unterwegs\\\/2016\\\/04\\\/nada-koeln-deutschland\\\/\"},\"author\":{\"name\":\"Christian Fenske\",\"@id\":\"https:\\\/\\\/www.weine-feinkost.de\\\/unterwegs\\\/#\\\/schema\\\/person\\\/c07d66169fd0e04307bfe7cdc99ac26a\"},\"headline\":\"Nada &#8211; K\u00f6ln &#8211; Deutschland\",\"datePublished\":\"2016-04-13T19:02:27+00:00\",\"dateModified\":\"2023-03-22T11:38:01+00:00\",\"mainEntityOfPage\":{\"@id\":\"https:\\\/\\\/www.weine-feinkost.de\\\/unterwegs\\\/2016\\\/04\\\/nada-koeln-deutschland\\\/\"},\"wordCount\":279,\"commentCount\":0,\"publisher\":{\"@id\":\"https:\\\/\\\/www.weine-feinkost.de\\\/unterwegs\\\/#organization\"},\"image\":{\"@id\":\"https:\\\/\\\/www.weine-feinkost.de\\\/unterwegs\\\/2016\\\/04\\\/nada-koeln-deutschland\\\/#primaryimage\"},\"thumbnailUrl\":\"https:\\\/\\\/www.weine-feinkost.de\\\/unterwegs\\\/wp-content\\\/uploads\\\/2016\\\/03\\\/nada_koeln_deutschland_7.jpg\",\"keywords\":[\"K\u00f6ln\",\"Nada\",\"Restaurant\"],\"articleSection\":[\"Deutschland\",\"Restaurants\"],\"inLanguage\":\"de\",\"potentialAction\":[{\"@type\":\"CommentAction\",\"name\":\"Comment\",\"target\":[\"https:\\\/\\\/www.weine-feinkost.de\\\/unterwegs\\\/2016\\\/04\\\/nada-koeln-deutschland\\\/#respond\"]}]},{\"@type\":\"WebPage\",\"@id\":\"https:\\\/\\\/www.weine-feinkost.de\\\/unterwegs\\\/2016\\\/04\\\/nada-koeln-deutschland\\\/\",\"url\":\"https:\\\/\\\/www.weine-feinkost.de\\\/unterwegs\\\/2016\\\/04\\\/nada-koeln-deutschland\\\/\",\"name\":\"Nada - K\u00f6ln - Deutschland - Unterwegs mit Weine &amp; Feinkost\",\"isPartOf\":{\"@id\":\"https:\\\/\\\/www.weine-feinkost.de\\\/unterwegs\\\/#website\"},\"primaryImageOfPage\":{\"@id\":\"https:\\\/\\\/www.weine-feinkost.de\\\/unterwegs\\\/2016\\\/04\\\/nada-koeln-deutschland\\\/#primaryimage\"},\"image\":{\"@id\":\"https:\\\/\\\/www.weine-feinkost.de\\\/unterwegs\\\/2016\\\/04\\\/nada-koeln-deutschland\\\/#primaryimage\"},\"thumbnailUrl\":\"https:\\\/\\\/www.weine-feinkost.de\\\/unterwegs\\\/wp-content\\\/uploads\\\/2016\\\/03\\\/nada_koeln_deutschland_7.jpg\",\"datePublished\":\"2016-04-13T19:02:27+00:00\",\"dateModified\":\"2023-03-22T11:38:01+00:00\",\"breadcrumb\":{\"@id\":\"https:\\\/\\\/www.weine-feinkost.de\\\/unterwegs\\\/2016\\\/04\\\/nada-koeln-deutschland\\\/#breadcrumb\"},\"inLanguage\":\"de\",\"potentialAction\":[{\"@type\":\"ReadAction\",\"target\":[\"https:\\\/\\\/www.weine-feinkost.de\\\/unterwegs\\\/2016\\\/04\\\/nada-koeln-deutschland\\\/\"]}]},{\"@type\":\"ImageObject\",\"inLanguage\":\"de\",\"@id\":\"https:\\\/\\\/www.weine-feinkost.de\\\/unterwegs\\\/2016\\\/04\\\/nada-koeln-deutschland\\\/#primaryimage\",\"url\":\"https:\\\/\\\/www.weine-feinkost.de\\\/unterwegs\\\/wp-content\\\/uploads\\\/2016\\\/03\\\/nada_koeln_deutschland_7.jpg\",\"contentUrl\":\"https:\\\/\\\/www.weine-feinkost.de\\\/unterwegs\\\/wp-content\\\/uploads\\\/2016\\\/03\\\/nada_koeln_deutschland_7.jpg\",\"width\":640,\"height\":480},{\"@type\":\"BreadcrumbList\",\"@id\":\"https:\\\/\\\/www.weine-feinkost.de\\\/unterwegs\\\/2016\\\/04\\\/nada-koeln-deutschland\\\/#breadcrumb\",\"itemListElement\":[{\"@type\":\"ListItem\",\"position\":1,\"name\":\"Startseite\",\"item\":\"https:\\\/\\\/www.weine-feinkost.de\\\/unterwegs\\\/\"},{\"@type\":\"ListItem\",\"position\":2,\"name\":\"Nada &#8211; K\u00f6ln &#8211; Deutschland\"}]},{\"@type\":\"WebSite\",\"@id\":\"https:\\\/\\\/www.weine-feinkost.de\\\/unterwegs\\\/#website\",\"url\":\"https:\\\/\\\/www.weine-feinkost.de\\\/unterwegs\\\/\",\"name\":\"Unterwegs mit Weine &amp; Feinkost\",\"description\":\"Entdecken Sie Genuss\",\"publisher\":{\"@id\":\"https:\\\/\\\/www.weine-feinkost.de\\\/unterwegs\\\/#organization\"},\"potentialAction\":[{\"@type\":\"SearchAction\",\"target\":{\"@type\":\"EntryPoint\",\"urlTemplate\":\"https:\\\/\\\/www.weine-feinkost.de\\\/unterwegs\\\/?s={search_term_string}\"},\"query-input\":{\"@type\":\"PropertyValueSpecification\",\"valueRequired\":true,\"valueName\":\"search_term_string\"}}],\"inLanguage\":\"de\"},{\"@type\":\"Organization\",\"@id\":\"https:\\\/\\\/www.weine-feinkost.de\\\/unterwegs\\\/#organization\",\"name\":\"Unterwegs mit Weine &amp; Feinkost\",\"url\":\"https:\\\/\\\/www.weine-feinkost.de\\\/unterwegs\\\/\",\"logo\":{\"@type\":\"ImageObject\",\"inLanguage\":\"de\",\"@id\":\"https:\\\/\\\/www.weine-feinkost.de\\\/unterwegs\\\/#\\\/schema\\\/logo\\\/image\\\/\",\"url\":\"https:\\\/\\\/www.weine-feinkost.de\\\/unterwegs\\\/wp-content\\\/uploads\\\/2022\\\/10\\\/logo_weinefeinkost_unterwegs_450x171.png\",\"contentUrl\":\"https:\\\/\\\/www.weine-feinkost.de\\\/unterwegs\\\/wp-content\\\/uploads\\\/2022\\\/10\\\/logo_weinefeinkost_unterwegs_450x171.png\",\"width\":450,\"height\":171,\"caption\":\"Unterwegs mit Weine &amp; Feinkost\"},\"image\":{\"@id\":\"https:\\\/\\\/www.weine-feinkost.de\\\/unterwegs\\\/#\\\/schema\\\/logo\\\/image\\\/\"}},{\"@type\":\"Person\",\"@id\":\"https:\\\/\\\/www.weine-feinkost.de\\\/unterwegs\\\/#\\\/schema\\\/person\\\/c07d66169fd0e04307bfe7cdc99ac26a\",\"name\":\"Christian Fenske\",\"image\":{\"@type\":\"ImageObject\",\"inLanguage\":\"de\",\"@id\":\"https:\\\/\\\/www.weine-feinkost.de\\\/unterwegs\\\/wp-content\\\/uploads\\\/2023\\\/01\\\/cropped-christian_profilbild-96x96.png\",\"url\":\"https:\\\/\\\/www.weine-feinkost.de\\\/unterwegs\\\/wp-content\\\/uploads\\\/2023\\\/01\\\/cropped-christian_profilbild-96x96.png\",\"contentUrl\":\"https:\\\/\\\/www.weine-feinkost.de\\\/unterwegs\\\/wp-content\\\/uploads\\\/2023\\\/01\\\/cropped-christian_profilbild-96x96.png\",\"caption\":\"Christian Fenske\"},\"description\":\"Zusammen an einem Tisch sitzen, gemeinsam zu kommunizieren und zu genie\u00dfen, das ist eine der herausragenden kulturellen Errungenschaft der Menschheit.\",\"url\":\"https:\\\/\\\/www.weine-feinkost.de\\\/unterwegs\\\/author\\\/christian-fenske\\\/\"}]}<\/script>\n<!-- \/ Yoast SEO plugin. -->","yoast_head_json":{"title":"Nada - K\u00f6ln - Deutschland - Unterwegs mit Weine &amp; Feinkost","robots":{"index":"index","follow":"follow","max-snippet":"max-snippet:-1","max-image-preview":"max-image-preview:large","max-video-preview":"max-video-preview:-1"},"canonical":"https:\/\/www.weine-feinkost.de\/unterwegs\/2016\/04\/nada-koeln-deutschland\/","og_locale":"de_DE","og_type":"article","og_title":"Nada - K\u00f6ln - Deutschland - Unterwegs mit Weine &amp; Feinkost","og_description":"Nada &#8211; K\u00f6ln &#8211; Deutschland Nicht unweit des K\u00f6lner Zoos liegt das Restaurant Nada, in dem seit Oktober 2014 der Koch Bernd Stollenwerk werkelt und wirkt. Ein l\u00e4ngst \u00fcberf\u00e4lliges Wiedersehen- Treffen f\u00fchrte dann auch in diese modern gestaltete Speisest\u00e4tte, wo im vorderen Raum eine \u00fcberdimensionierte Bar das Zentrum des Geschehens ist. Das gelb- goldene Bistroambiente ... Weiterlesen","og_url":"https:\/\/www.weine-feinkost.de\/unterwegs\/2016\/04\/nada-koeln-deutschland\/","og_site_name":"Unterwegs mit Weine &amp; Feinkost","article_published_time":"2016-04-13T19:02:27+00:00","article_modified_time":"2023-03-22T11:38:01+00:00","og_image":[{"width":640,"height":480,"url":"https:\/\/www.weine-feinkost.de\/unterwegs\/wp-content\/uploads\/2016\/03\/nada_koeln_deutschland_7.jpg","type":"image\/jpeg"}],"author":"Christian Fenske","twitter_card":"summary_large_image","twitter_misc":{"Verfasst von":"Christian Fenske","Gesch\u00e4tzte Lesezeit":"3\u00a0Minuten"},"schema":{"@context":"https:\/\/schema.org","@graph":[{"@type":"Article","@id":"https:\/\/www.weine-feinkost.de\/unterwegs\/2016\/04\/nada-koeln-deutschland\/#article","isPartOf":{"@id":"https:\/\/www.weine-feinkost.de\/unterwegs\/2016\/04\/nada-koeln-deutschland\/"},"author":{"name":"Christian Fenske","@id":"https:\/\/www.weine-feinkost.de\/unterwegs\/#\/schema\/person\/c07d66169fd0e04307bfe7cdc99ac26a"},"headline":"Nada &#8211; K\u00f6ln &#8211; Deutschland","datePublished":"2016-04-13T19:02:27+00:00","dateModified":"2023-03-22T11:38:01+00:00","mainEntityOfPage":{"@id":"https:\/\/www.weine-feinkost.de\/unterwegs\/2016\/04\/nada-koeln-deutschland\/"},"wordCount":279,"commentCount":0,"publisher":{"@id":"https:\/\/www.weine-feinkost.de\/unterwegs\/#organization"},"image":{"@id":"https:\/\/www.weine-feinkost.de\/unterwegs\/2016\/04\/nada-koeln-deutschland\/#primaryimage"},"thumbnailUrl":"https:\/\/www.weine-feinkost.de\/unterwegs\/wp-content\/uploads\/2016\/03\/nada_koeln_deutschland_7.jpg","keywords":["K\u00f6ln","Nada","Restaurant"],"articleSection":["Deutschland","Restaurants"],"inLanguage":"de","potentialAction":[{"@type":"CommentAction","name":"Comment","target":["https:\/\/www.weine-feinkost.de\/unterwegs\/2016\/04\/nada-koeln-deutschland\/#respond"]}]},{"@type":"WebPage","@id":"https:\/\/www.weine-feinkost.de\/unterwegs\/2016\/04\/nada-koeln-deutschland\/","url":"https:\/\/www.weine-feinkost.de\/unterwegs\/2016\/04\/nada-koeln-deutschland\/","name":"Nada - K\u00f6ln - Deutschland - Unterwegs mit Weine &amp; Feinkost","isPartOf":{"@id":"https:\/\/www.weine-feinkost.de\/unterwegs\/#website"},"primaryImageOfPage":{"@id":"https:\/\/www.weine-feinkost.de\/unterwegs\/2016\/04\/nada-koeln-deutschland\/#primaryimage"},"image":{"@id":"https:\/\/www.weine-feinkost.de\/unterwegs\/2016\/04\/nada-koeln-deutschland\/#primaryimage"},"thumbnailUrl":"https:\/\/www.weine-feinkost.de\/unterwegs\/wp-content\/uploads\/2016\/03\/nada_koeln_deutschland_7.jpg","datePublished":"2016-04-13T19:02:27+00:00","dateModified":"2023-03-22T11:38:01+00:00","breadcrumb":{"@id":"https:\/\/www.weine-feinkost.de\/unterwegs\/2016\/04\/nada-koeln-deutschland\/#breadcrumb"},"inLanguage":"de","potentialAction":[{"@type":"ReadAction","target":["https:\/\/www.weine-feinkost.de\/unterwegs\/2016\/04\/nada-koeln-deutschland\/"]}]},{"@type":"ImageObject","inLanguage":"de","@id":"https:\/\/www.weine-feinkost.de\/unterwegs\/2016\/04\/nada-koeln-deutschland\/#primaryimage","url":"https:\/\/www.weine-feinkost.de\/unterwegs\/wp-content\/uploads\/2016\/03\/nada_koeln_deutschland_7.jpg","contentUrl":"https:\/\/www.weine-feinkost.de\/unterwegs\/wp-content\/uploads\/2016\/03\/nada_koeln_deutschland_7.jpg","width":640,"height":480},{"@type":"BreadcrumbList","@id":"https:\/\/www.weine-feinkost.de\/unterwegs\/2016\/04\/nada-koeln-deutschland\/#breadcrumb","itemListElement":[{"@type":"ListItem","position":1,"name":"Startseite","item":"https:\/\/www.weine-feinkost.de\/unterwegs\/"},{"@type":"ListItem","position":2,"name":"Nada &#8211; K\u00f6ln &#8211; Deutschland"}]},{"@type":"WebSite","@id":"https:\/\/www.weine-feinkost.de\/unterwegs\/#website","url":"https:\/\/www.weine-feinkost.de\/unterwegs\/","name":"Unterwegs mit Weine &amp; Feinkost","description":"Entdecken Sie Genuss","publisher":{"@id":"https:\/\/www.weine-feinkost.de\/unterwegs\/#organization"},"potentialAction":[{"@type":"SearchAction","target":{"@type":"EntryPoint","urlTemplate":"https:\/\/www.weine-feinkost.de\/unterwegs\/?s={search_term_string}"},"query-input":{"@type":"PropertyValueSpecification","valueRequired":true,"valueName":"search_term_string"}}],"inLanguage":"de"},{"@type":"Organization","@id":"https:\/\/www.weine-feinkost.de\/unterwegs\/#organization","name":"Unterwegs mit Weine &amp; Feinkost","url":"https:\/\/www.weine-feinkost.de\/unterwegs\/","logo":{"@type":"ImageObject","inLanguage":"de","@id":"https:\/\/www.weine-feinkost.de\/unterwegs\/#\/schema\/logo\/image\/","url":"https:\/\/www.weine-feinkost.de\/unterwegs\/wp-content\/uploads\/2022\/10\/logo_weinefeinkost_unterwegs_450x171.png","contentUrl":"https:\/\/www.weine-feinkost.de\/unterwegs\/wp-content\/uploads\/2022\/10\/logo_weinefeinkost_unterwegs_450x171.png","width":450,"height":171,"caption":"Unterwegs mit Weine &amp; Feinkost"},"image":{"@id":"https:\/\/www.weine-feinkost.de\/unterwegs\/#\/schema\/logo\/image\/"}},{"@type":"Person","@id":"https:\/\/www.weine-feinkost.de\/unterwegs\/#\/schema\/person\/c07d66169fd0e04307bfe7cdc99ac26a","name":"Christian Fenske","image":{"@type":"ImageObject","inLanguage":"de","@id":"https:\/\/www.weine-feinkost.de\/unterwegs\/wp-content\/uploads\/2023\/01\/cropped-christian_profilbild-96x96.png","url":"https:\/\/www.weine-feinkost.de\/unterwegs\/wp-content\/uploads\/2023\/01\/cropped-christian_profilbild-96x96.png","contentUrl":"https:\/\/www.weine-feinkost.de\/unterwegs\/wp-content\/uploads\/2023\/01\/cropped-christian_profilbild-96x96.png","caption":"Christian Fenske"},"description":"Zusammen an einem Tisch sitzen, gemeinsam zu kommunizieren und zu genie\u00dfen, das ist eine der herausragenden kulturellen Errungenschaft der Menschheit.","url":"https:\/\/www.weine-feinkost.de\/unterwegs\/author\/christian-fenske\/"}]}},"jetpack_publicize_connections":[],"jetpack_shortlink":"https:\/\/wp.me\/p68Tjo-88o","jetpack_sharing_enabled":true,"jetpack_likes_enabled":true,"jetpack_featured_media_url":"https:\/\/www.weine-feinkost.de\/unterwegs\/wp-content\/uploads\/2016\/03\/nada_koeln_deutschland_7.jpg","_links":{"self":[{"href":"https:\/\/www.weine-feinkost.de\/unterwegs\/wp-json\/wp\/v2\/posts\/31272","targetHints":{"allow":["GET"]}}],"collection":[{"href":"https:\/\/www.weine-feinkost.de\/unterwegs\/wp-json\/wp\/v2\/posts"}],"about":[{"href":"https:\/\/www.weine-feinkost.de\/unterwegs\/wp-json\/wp\/v2\/types\/post"}],"author":[{"embeddable":true,"href":"https:\/\/www.weine-feinkost.de\/unterwegs\/wp-json\/wp\/v2\/users\/7"}],"replies":[{"embeddable":true,"href":"https:\/\/www.weine-feinkost.de\/unterwegs\/wp-json\/wp\/v2\/comments?post=31272"}],"version-history":[{"count":1,"href":"https:\/\/www.weine-feinkost.de\/unterwegs\/wp-json\/wp\/v2\/posts\/31272\/revisions"}],"predecessor-version":[{"id":197515,"href":"https:\/\/www.weine-feinkost.de\/unterwegs\/wp-json\/wp\/v2\/posts\/31272\/revisions\/197515"}],"wp:featuredmedia":[{"embeddable":true,"href":"https:\/\/www.weine-feinkost.de\/unterwegs\/wp-json\/wp\/v2\/media\/159096"}],"wp:attachment":[{"href":"https:\/\/www.weine-feinkost.de\/unterwegs\/wp-json\/wp\/v2\/media?parent=31272"}],"wp:term":[{"taxonomy":"category","embeddable":true,"href":"https:\/\/www.weine-feinkost.de\/unterwegs\/wp-json\/wp\/v2\/categories?post=31272"},{"taxonomy":"post_tag","embeddable":true,"href":"https:\/\/www.weine-feinkost.de\/unterwegs\/wp-json\/wp\/v2\/tags?post=31272"},{"taxonomy":"post_folder","embeddable":true,"href":"https:\/\/www.weine-feinkost.de\/unterwegs\/wp-json\/wp\/v2\/post_folder?post=31272"}],"curies":[{"name":"wp","href":"https:\/\/api.w.org\/{rel}","templated":true}]}}