{"id":32117,"date":"2016-07-21T14:19:21","date_gmt":"2016-07-21T12:19:21","guid":{"rendered":"https:\/\/www.weine-feinkost.de\/unterwegs\/?p=32117"},"modified":"2023-03-22T12:19:34","modified_gmt":"2023-03-22T11:19:34","slug":"cafe-sehnsucht-koeln-deutschland","status":"publish","type":"post","link":"https:\/\/www.weine-feinkost.de\/unterwegs\/2016\/07\/cafe-sehnsucht-koeln-deutschland\/","title":{"rendered":"Cafe Sehnsucht \u2013 K\u00f6ln \u2013 Deutschland"},"content":{"rendered":"<h2>Cafe Sehnsucht \u2013 K\u00f6ln \u2013 Deutschland<\/h2>\n<p style=\"text-align: justify;\">Das Caf\u00e9 Sehnsucht im K\u00f6lner Stadtteil Ehrenfeld geh\u00f6rt ohne Frage zu den hippen Szenetreffs, in denen sich der alternative Geniesser der Gro\u00dfstadt sein Anteil an guten, nat\u00fcrlichen Lebensmittel auf die Teller holt. Liebevoll arrangiert und auch lecker ist hier das Fr\u00fchst\u00fcck. Der Gast kann hier in einem netten, lauten Ambiente auf einer Karte im Multiple Choice Verfahren seine W\u00fcnsche ankreuzen und dann werden die kleinen, leckeren Morgenwecker auch recht flott gebracht.<\/p>\n<p style=\"text-align: justify;\">Probleme gab es nur mit der Kaffee Bestellung an sich. Da wird der Name &#8222;Caf\u00e9 Sehnsucht&#8220; quasi zum Programm und der l\u00e4stige Sonntagskater ohne Kaffee zur Tortur. Zeitgleich mit dem Fr\u00fchst\u00fcck wurde das warme, braune Koffeinnass bestellt und da es nach einer halben Stunde immer noch nicht am Tisch war, nach kurzer Nachfrage, noch einmal bestellt. Die erste Bestellung sei wohl untergegangen. Das ist alles kein Problem, da das Fr\u00fchst\u00fcck gut schmeckt und die Stimmung sehr gut ist.<\/p>\n<p style=\"text-align: justify;\">Nach f\u00fcnfzig Minuten, inzwischen leeren Fr\u00fchst\u00fcckstellern und immer noch keinem Kaffee, wird nat\u00fcrlich noch einmal freundlich angefragt. Die leicht angenervte Frage des \u00fcberfordert wirkenden Kellners, was wir denn f\u00fcr Kaffee bestellt h\u00e4tten und die ernsthafte Frage seinerseits \u201eob wir unzufrieden w\u00e4ren?\u201c wurde mit einem lachenden und freundlichen \u201eja\u201c beantwortet. Dass sich l\u00e4chelnde und ehrliche Freundlichkeit nicht immer auszahlt, bewies dann die folgende, mehrmin\u00fctige Standpauke des Kellners \u00fcber die Probleme des Cafes Sehnsucht und G\u00e4sten, die sich \u00fcber ihn pers\u00f6nlich l\u00e4cherlich machten. Da wird man sofort vom zahlenden Gast und Kaffee- Bittsteller zum l\u00e4stigen S\u00fcndenbock eines in diesem Fall dann doch zu hippen Szenetreffs (oder zumindestens eines Kellners, der sich an diesem Sonntag Mittag selber ein wenig zu wichtig vorkam). Nett ist anders und Sehnsucht wird auch anders generiert, und was dieser Kellner f\u00fcr Probleme mit seiner Arbeitsst\u00e4tte hat, geht nun auch wirklich \u00fcberhaupt keinen Gast etwas an. Dass andere G\u00e4ste durch die Wutrede des Kellners l\u00e4nger auf ihren Kaffee warten mussten, ist sicherlich eines der vom Kellner angesprochenen Problme des Lokals.<\/p>\n<p style=\"text-align: justify;\">Dass auf der Endabrechnung nat\u00fcrlich doppelt so viele Kaffees wie bestellt aufgef\u00fchrt wurden versteht sich nat\u00fcrlich von selbst. Es war trotzdem sch\u00f6n und lecker dort und auch der Kaffee schmeckte letztendlich hervorragend, was einmal wieder beweist, dass die guten und leckeren Dinge im Leben doch ein wenig l\u00e4nger dauern.<\/p>\n\n<div class=\"kno-ecr-pt kno-fb-ctx _hdf\" data-dtype=\"d3bn\" data-ved=\"0ahUKEwj5rMHZov_MAhXHBiwKHWWzB0YQ3B0IfSgAMA0\"><strong>Caf\u00e9 Sehnsucht<\/strong><\/div>\n<div class=\"_G1d _wle _xle\">\n<div class=\"_RBg\">\n<p><span class=\"_N1d\" data-ved=\"0ahUKEwj5rMHZov_MAhXHBiwKHWWzB0YQrTUIigEoADAQ\">K\u00f6rnerstra\u00dfe 67<\/span><\/p>\n<div class=\"mod\" data-md=\"1002\" data-ved=\"0ahUKEwj5rMHZov_MAhXHBiwKHWWzB0YQkCkIiwEoAjAR\">\n<div class=\"_eFb\">\n<div class=\"_mr kno-fb-ctx\" data-dtype=\"d3adr\" data-ved=\"0ahUKEwj5rMHZov_MAhXHBiwKHWWzB0YQghwIjAEoADAR\"><span class=\"_Xbe\">50823 K\u00f6ln<\/span><\/div>\n<\/div>\n<\/div>\n<div class=\"mod\" data-md=\"1006\" data-ved=\"0ahUKEwj5rMHZov_MAhXHBiwKHWWzB0YQkCkIjQEoAzAS\">\n<div class=\"_eFb\">\n<div class=\"_mr kno-fb-ctx\" data-dtype=\"d3ph\" data-ved=\"0ahUKEwj5rMHZov_MAhXHBiwKHWWzB0YQ8I0BCI4BKAAwEg\"><span class=\"_Xbe kno-fv\"><span class=\"_lXk\">Telefon: +49<\/span><span data-dtype=\"d3ph\">221 528347<\/span><\/span><\/div>\n<div class=\"_mr kno-fb-ctx\" data-dtype=\"d3ph\" data-ved=\"0ahUKEwj5rMHZov_MAhXHBiwKHWWzB0YQ8I0BCI4BKAAwEg\"><a href=\"http:\/\/www.sehnsucht-koeln.de\/\">www.sehnsucht-koeln.de<\/a><\/div>\n<\/div>\n<\/div>\n<\/div>\n<\/div>\n","protected":false},"excerpt":{"rendered":"<p>Cafe Sehnsucht \u2013 K\u00f6ln \u2013 Deutschland Das Caf\u00e9 Sehnsucht im K\u00f6lner Stadtteil Ehrenfeld geh\u00f6rt ohne Frage zu den hippen Szenetreffs, in denen sich der alternative Geniesser der Gro\u00dfstadt sein Anteil an guten, nat\u00fcrlichen Lebensmittel auf die Teller holt. Liebevoll arrangiert und auch lecker ist hier das Fr\u00fchst\u00fcck. Der Gast kann hier in einem netten, lauten &#8230; <a title=\"Cafe Sehnsucht \u2013 K\u00f6ln \u2013 Deutschland\" class=\"read-more\" href=\"https:\/\/www.weine-feinkost.de\/unterwegs\/2016\/07\/cafe-sehnsucht-koeln-deutschland\/\" aria-label=\"Mehr dazu unter Cafe Sehnsucht \u2013 K\u00f6ln \u2013 Deutschland\">Weiterlesen<\/a><\/p>\n","protected":false},"author":7,"featured_media":159541,"comment_status":"open","ping_status":"open","sticky":false,"template":"","format":"standard","meta":{"_jetpack_newsletter_access":"","_jetpack_dont_email_post_to_subs":false,"_jetpack_newsletter_tier_id":0,"_jetpack_memberships_contains_paywalled_content":false,"_jetpack_feature_clip_id":0,"_jetpack_memberships_contains_paid_content":false,"footnotes":"","jetpack_publicize_message":"","jetpack_publicize_feature_enabled":true,"jetpack_social_post_already_shared":true,"jetpack_social_options":{"image_generator_settings":{"template":"highway","default_image_id":0,"font":"","enabled":false},"version":2},"jetpack_post_was_ever_published":false},"categories":[31,13],"tags":[958,194],"post_folder":[],"class_list":["post-32117","post","type-post","status-publish","format-standard","has-post-thumbnail","hentry","category-deutschland-restaurants","category-restaurants","tag-cafe-sehnsucht","tag-koeln"],"yoast_head":"<!-- This site is optimized with the Yoast SEO plugin v28.3 - https:\/\/yoast.com\/product\/yoast-seo-wordpress\/ -->\n<title>Cafe Sehnsucht \u2013 K\u00f6ln \u2013 Deutschland - Unterwegs mit Weine &amp; Feinkost<\/title>\n<meta name=\"description\" content=\"Im Caf\u00e9 Sehnsucht in K\u00f6lner Stadtteil Ehrenfeld wird der Name zum Programm. Sehns\u00fcchtig und sehr lange wartet man hier auf seinen Caf\u00e9.\" \/>\n<meta name=\"robots\" content=\"index, follow, max-snippet:-1, max-image-preview:large, max-video-preview:-1\" \/>\n<link rel=\"canonical\" href=\"https:\/\/www.weine-feinkost.de\/unterwegs\/2016\/07\/cafe-sehnsucht-koeln-deutschland\/\" \/>\n<meta property=\"og:locale\" content=\"de_DE\" \/>\n<meta property=\"og:type\" content=\"article\" \/>\n<meta property=\"og:title\" content=\"Cafe Sehnsucht \u2013 K\u00f6ln \u2013 Deutschland - Unterwegs mit Weine &amp; Feinkost\" \/>\n<meta property=\"og:description\" content=\"Im Caf\u00e9 Sehnsucht in K\u00f6lner Stadtteil Ehrenfeld wird der Name zum Programm. Sehns\u00fcchtig und sehr lange wartet man hier auf seinen Caf\u00e9.\" \/>\n<meta property=\"og:url\" content=\"https:\/\/www.weine-feinkost.de\/unterwegs\/2016\/07\/cafe-sehnsucht-koeln-deutschland\/\" \/>\n<meta property=\"og:site_name\" content=\"Unterwegs mit Weine &amp; Feinkost\" \/>\n<meta property=\"article:published_time\" content=\"2016-07-21T12:19:21+00:00\" \/>\n<meta property=\"article:modified_time\" content=\"2023-03-22T11:19:34+00:00\" \/>\n<meta property=\"og:image\" content=\"https:\/\/www.weine-feinkost.de\/unterwegs\/wp-content\/uploads\/2017\/05\/cafe_sehnsucht_koeln_8.jpg\" \/>\n\t<meta property=\"og:image:width\" content=\"640\" \/>\n\t<meta property=\"og:image:height\" content=\"480\" \/>\n\t<meta property=\"og:image:type\" content=\"image\/jpeg\" \/>\n<meta name=\"author\" content=\"Christian Fenske\" \/>\n<meta name=\"twitter:card\" content=\"summary_large_image\" \/>\n<meta name=\"twitter:label1\" content=\"Verfasst von\" \/>\n\t<meta name=\"twitter:data1\" content=\"Christian Fenske\" \/>\n\t<meta name=\"twitter:label2\" content=\"Gesch\u00e4tzte Lesezeit\" \/>\n\t<meta name=\"twitter:data2\" content=\"3\u00a0Minuten\" \/>\n<script type=\"application\/ld+json\" class=\"yoast-schema-graph\">{\"@context\":\"https:\\\/\\\/schema.org\",\"@graph\":[{\"@type\":\"Article\",\"@id\":\"https:\\\/\\\/www.weine-feinkost.de\\\/unterwegs\\\/2016\\\/07\\\/cafe-sehnsucht-koeln-deutschland\\\/#article\",\"isPartOf\":{\"@id\":\"https:\\\/\\\/www.weine-feinkost.de\\\/unterwegs\\\/2016\\\/07\\\/cafe-sehnsucht-koeln-deutschland\\\/\"},\"author\":{\"name\":\"Christian Fenske\",\"@id\":\"https:\\\/\\\/www.weine-feinkost.de\\\/unterwegs\\\/#\\\/schema\\\/person\\\/c07d66169fd0e04307bfe7cdc99ac26a\"},\"headline\":\"Cafe Sehnsucht \u2013 K\u00f6ln \u2013 Deutschland\",\"datePublished\":\"2016-07-21T12:19:21+00:00\",\"dateModified\":\"2023-03-22T11:19:34+00:00\",\"mainEntityOfPage\":{\"@id\":\"https:\\\/\\\/www.weine-feinkost.de\\\/unterwegs\\\/2016\\\/07\\\/cafe-sehnsucht-koeln-deutschland\\\/\"},\"wordCount\":433,\"commentCount\":0,\"publisher\":{\"@id\":\"https:\\\/\\\/www.weine-feinkost.de\\\/unterwegs\\\/#organization\"},\"image\":{\"@id\":\"https:\\\/\\\/www.weine-feinkost.de\\\/unterwegs\\\/2016\\\/07\\\/cafe-sehnsucht-koeln-deutschland\\\/#primaryimage\"},\"thumbnailUrl\":\"https:\\\/\\\/www.weine-feinkost.de\\\/unterwegs\\\/wp-content\\\/uploads\\\/2017\\\/05\\\/cafe_sehnsucht_koeln_8.jpg\",\"keywords\":[\"Caf\u00e9 Sehnsucht\",\"K\u00f6ln\"],\"articleSection\":[\"Deutschland\",\"Restaurants\"],\"inLanguage\":\"de\",\"potentialAction\":[{\"@type\":\"CommentAction\",\"name\":\"Comment\",\"target\":[\"https:\\\/\\\/www.weine-feinkost.de\\\/unterwegs\\\/2016\\\/07\\\/cafe-sehnsucht-koeln-deutschland\\\/#respond\"]}]},{\"@type\":\"WebPage\",\"@id\":\"https:\\\/\\\/www.weine-feinkost.de\\\/unterwegs\\\/2016\\\/07\\\/cafe-sehnsucht-koeln-deutschland\\\/\",\"url\":\"https:\\\/\\\/www.weine-feinkost.de\\\/unterwegs\\\/2016\\\/07\\\/cafe-sehnsucht-koeln-deutschland\\\/\",\"name\":\"Cafe Sehnsucht \u2013 K\u00f6ln \u2013 Deutschland - Unterwegs mit Weine &amp; Feinkost\",\"isPartOf\":{\"@id\":\"https:\\\/\\\/www.weine-feinkost.de\\\/unterwegs\\\/#website\"},\"primaryImageOfPage\":{\"@id\":\"https:\\\/\\\/www.weine-feinkost.de\\\/unterwegs\\\/2016\\\/07\\\/cafe-sehnsucht-koeln-deutschland\\\/#primaryimage\"},\"image\":{\"@id\":\"https:\\\/\\\/www.weine-feinkost.de\\\/unterwegs\\\/2016\\\/07\\\/cafe-sehnsucht-koeln-deutschland\\\/#primaryimage\"},\"thumbnailUrl\":\"https:\\\/\\\/www.weine-feinkost.de\\\/unterwegs\\\/wp-content\\\/uploads\\\/2017\\\/05\\\/cafe_sehnsucht_koeln_8.jpg\",\"datePublished\":\"2016-07-21T12:19:21+00:00\",\"dateModified\":\"2023-03-22T11:19:34+00:00\",\"description\":\"Im Caf\u00e9 Sehnsucht in K\u00f6lner Stadtteil Ehrenfeld wird der Name zum Programm. Sehns\u00fcchtig und sehr lange wartet man hier auf seinen Caf\u00e9.\",\"breadcrumb\":{\"@id\":\"https:\\\/\\\/www.weine-feinkost.de\\\/unterwegs\\\/2016\\\/07\\\/cafe-sehnsucht-koeln-deutschland\\\/#breadcrumb\"},\"inLanguage\":\"de\",\"potentialAction\":[{\"@type\":\"ReadAction\",\"target\":[\"https:\\\/\\\/www.weine-feinkost.de\\\/unterwegs\\\/2016\\\/07\\\/cafe-sehnsucht-koeln-deutschland\\\/\"]}]},{\"@type\":\"ImageObject\",\"inLanguage\":\"de\",\"@id\":\"https:\\\/\\\/www.weine-feinkost.de\\\/unterwegs\\\/2016\\\/07\\\/cafe-sehnsucht-koeln-deutschland\\\/#primaryimage\",\"url\":\"https:\\\/\\\/www.weine-feinkost.de\\\/unterwegs\\\/wp-content\\\/uploads\\\/2017\\\/05\\\/cafe_sehnsucht_koeln_8.jpg\",\"contentUrl\":\"https:\\\/\\\/www.weine-feinkost.de\\\/unterwegs\\\/wp-content\\\/uploads\\\/2017\\\/05\\\/cafe_sehnsucht_koeln_8.jpg\",\"width\":640,\"height\":480},{\"@type\":\"BreadcrumbList\",\"@id\":\"https:\\\/\\\/www.weine-feinkost.de\\\/unterwegs\\\/2016\\\/07\\\/cafe-sehnsucht-koeln-deutschland\\\/#breadcrumb\",\"itemListElement\":[{\"@type\":\"ListItem\",\"position\":1,\"name\":\"Startseite\",\"item\":\"https:\\\/\\\/www.weine-feinkost.de\\\/unterwegs\\\/\"},{\"@type\":\"ListItem\",\"position\":2,\"name\":\"Cafe Sehnsucht \u2013 K\u00f6ln \u2013 Deutschland\"}]},{\"@type\":\"WebSite\",\"@id\":\"https:\\\/\\\/www.weine-feinkost.de\\\/unterwegs\\\/#website\",\"url\":\"https:\\\/\\\/www.weine-feinkost.de\\\/unterwegs\\\/\",\"name\":\"Unterwegs mit Weine &amp; Feinkost\",\"description\":\"Entdecken Sie Genuss\",\"publisher\":{\"@id\":\"https:\\\/\\\/www.weine-feinkost.de\\\/unterwegs\\\/#organization\"},\"potentialAction\":[{\"@type\":\"SearchAction\",\"target\":{\"@type\":\"EntryPoint\",\"urlTemplate\":\"https:\\\/\\\/www.weine-feinkost.de\\\/unterwegs\\\/?s={search_term_string}\"},\"query-input\":{\"@type\":\"PropertyValueSpecification\",\"valueRequired\":true,\"valueName\":\"search_term_string\"}}],\"inLanguage\":\"de\"},{\"@type\":\"Organization\",\"@id\":\"https:\\\/\\\/www.weine-feinkost.de\\\/unterwegs\\\/#organization\",\"name\":\"Unterwegs mit Weine &amp; Feinkost\",\"url\":\"https:\\\/\\\/www.weine-feinkost.de\\\/unterwegs\\\/\",\"logo\":{\"@type\":\"ImageObject\",\"inLanguage\":\"de\",\"@id\":\"https:\\\/\\\/www.weine-feinkost.de\\\/unterwegs\\\/#\\\/schema\\\/logo\\\/image\\\/\",\"url\":\"https:\\\/\\\/www.weine-feinkost.de\\\/unterwegs\\\/wp-content\\\/uploads\\\/2022\\\/10\\\/logo_weinefeinkost_unterwegs_450x171.png\",\"contentUrl\":\"https:\\\/\\\/www.weine-feinkost.de\\\/unterwegs\\\/wp-content\\\/uploads\\\/2022\\\/10\\\/logo_weinefeinkost_unterwegs_450x171.png\",\"width\":450,\"height\":171,\"caption\":\"Unterwegs mit Weine &amp; Feinkost\"},\"image\":{\"@id\":\"https:\\\/\\\/www.weine-feinkost.de\\\/unterwegs\\\/#\\\/schema\\\/logo\\\/image\\\/\"}},{\"@type\":\"Person\",\"@id\":\"https:\\\/\\\/www.weine-feinkost.de\\\/unterwegs\\\/#\\\/schema\\\/person\\\/c07d66169fd0e04307bfe7cdc99ac26a\",\"name\":\"Christian Fenske\",\"image\":{\"@type\":\"ImageObject\",\"inLanguage\":\"de\",\"@id\":\"https:\\\/\\\/www.weine-feinkost.de\\\/unterwegs\\\/wp-content\\\/uploads\\\/2023\\\/01\\\/cropped-christian_profilbild-96x96.png\",\"url\":\"https:\\\/\\\/www.weine-feinkost.de\\\/unterwegs\\\/wp-content\\\/uploads\\\/2023\\\/01\\\/cropped-christian_profilbild-96x96.png\",\"contentUrl\":\"https:\\\/\\\/www.weine-feinkost.de\\\/unterwegs\\\/wp-content\\\/uploads\\\/2023\\\/01\\\/cropped-christian_profilbild-96x96.png\",\"caption\":\"Christian Fenske\"},\"description\":\"Zusammen an einem Tisch sitzen, gemeinsam zu kommunizieren und zu genie\u00dfen, das ist eine der herausragenden kulturellen Errungenschaft der Menschheit.\",\"url\":\"https:\\\/\\\/www.weine-feinkost.de\\\/unterwegs\\\/author\\\/christian-fenske\\\/\"}]}<\/script>\n<!-- \/ Yoast SEO plugin. -->","yoast_head_json":{"title":"Cafe Sehnsucht \u2013 K\u00f6ln \u2013 Deutschland - Unterwegs mit Weine &amp; Feinkost","description":"Im Caf\u00e9 Sehnsucht in K\u00f6lner Stadtteil Ehrenfeld wird der Name zum Programm. Sehns\u00fcchtig und sehr lange wartet man hier auf seinen Caf\u00e9.","robots":{"index":"index","follow":"follow","max-snippet":"max-snippet:-1","max-image-preview":"max-image-preview:large","max-video-preview":"max-video-preview:-1"},"canonical":"https:\/\/www.weine-feinkost.de\/unterwegs\/2016\/07\/cafe-sehnsucht-koeln-deutschland\/","og_locale":"de_DE","og_type":"article","og_title":"Cafe Sehnsucht \u2013 K\u00f6ln \u2013 Deutschland - Unterwegs mit Weine &amp; Feinkost","og_description":"Im Caf\u00e9 Sehnsucht in K\u00f6lner Stadtteil Ehrenfeld wird der Name zum Programm. Sehns\u00fcchtig und sehr lange wartet man hier auf seinen Caf\u00e9.","og_url":"https:\/\/www.weine-feinkost.de\/unterwegs\/2016\/07\/cafe-sehnsucht-koeln-deutschland\/","og_site_name":"Unterwegs mit Weine &amp; Feinkost","article_published_time":"2016-07-21T12:19:21+00:00","article_modified_time":"2023-03-22T11:19:34+00:00","og_image":[{"width":640,"height":480,"url":"https:\/\/www.weine-feinkost.de\/unterwegs\/wp-content\/uploads\/2017\/05\/cafe_sehnsucht_koeln_8.jpg","type":"image\/jpeg"}],"author":"Christian Fenske","twitter_card":"summary_large_image","twitter_misc":{"Verfasst von":"Christian Fenske","Gesch\u00e4tzte Lesezeit":"3\u00a0Minuten"},"schema":{"@context":"https:\/\/schema.org","@graph":[{"@type":"Article","@id":"https:\/\/www.weine-feinkost.de\/unterwegs\/2016\/07\/cafe-sehnsucht-koeln-deutschland\/#article","isPartOf":{"@id":"https:\/\/www.weine-feinkost.de\/unterwegs\/2016\/07\/cafe-sehnsucht-koeln-deutschland\/"},"author":{"name":"Christian Fenske","@id":"https:\/\/www.weine-feinkost.de\/unterwegs\/#\/schema\/person\/c07d66169fd0e04307bfe7cdc99ac26a"},"headline":"Cafe Sehnsucht \u2013 K\u00f6ln \u2013 Deutschland","datePublished":"2016-07-21T12:19:21+00:00","dateModified":"2023-03-22T11:19:34+00:00","mainEntityOfPage":{"@id":"https:\/\/www.weine-feinkost.de\/unterwegs\/2016\/07\/cafe-sehnsucht-koeln-deutschland\/"},"wordCount":433,"commentCount":0,"publisher":{"@id":"https:\/\/www.weine-feinkost.de\/unterwegs\/#organization"},"image":{"@id":"https:\/\/www.weine-feinkost.de\/unterwegs\/2016\/07\/cafe-sehnsucht-koeln-deutschland\/#primaryimage"},"thumbnailUrl":"https:\/\/www.weine-feinkost.de\/unterwegs\/wp-content\/uploads\/2017\/05\/cafe_sehnsucht_koeln_8.jpg","keywords":["Caf\u00e9 Sehnsucht","K\u00f6ln"],"articleSection":["Deutschland","Restaurants"],"inLanguage":"de","potentialAction":[{"@type":"CommentAction","name":"Comment","target":["https:\/\/www.weine-feinkost.de\/unterwegs\/2016\/07\/cafe-sehnsucht-koeln-deutschland\/#respond"]}]},{"@type":"WebPage","@id":"https:\/\/www.weine-feinkost.de\/unterwegs\/2016\/07\/cafe-sehnsucht-koeln-deutschland\/","url":"https:\/\/www.weine-feinkost.de\/unterwegs\/2016\/07\/cafe-sehnsucht-koeln-deutschland\/","name":"Cafe Sehnsucht \u2013 K\u00f6ln \u2013 Deutschland - Unterwegs mit Weine &amp; Feinkost","isPartOf":{"@id":"https:\/\/www.weine-feinkost.de\/unterwegs\/#website"},"primaryImageOfPage":{"@id":"https:\/\/www.weine-feinkost.de\/unterwegs\/2016\/07\/cafe-sehnsucht-koeln-deutschland\/#primaryimage"},"image":{"@id":"https:\/\/www.weine-feinkost.de\/unterwegs\/2016\/07\/cafe-sehnsucht-koeln-deutschland\/#primaryimage"},"thumbnailUrl":"https:\/\/www.weine-feinkost.de\/unterwegs\/wp-content\/uploads\/2017\/05\/cafe_sehnsucht_koeln_8.jpg","datePublished":"2016-07-21T12:19:21+00:00","dateModified":"2023-03-22T11:19:34+00:00","description":"Im Caf\u00e9 Sehnsucht in K\u00f6lner Stadtteil Ehrenfeld wird der Name zum Programm. Sehns\u00fcchtig und sehr lange wartet man hier auf seinen Caf\u00e9.","breadcrumb":{"@id":"https:\/\/www.weine-feinkost.de\/unterwegs\/2016\/07\/cafe-sehnsucht-koeln-deutschland\/#breadcrumb"},"inLanguage":"de","potentialAction":[{"@type":"ReadAction","target":["https:\/\/www.weine-feinkost.de\/unterwegs\/2016\/07\/cafe-sehnsucht-koeln-deutschland\/"]}]},{"@type":"ImageObject","inLanguage":"de","@id":"https:\/\/www.weine-feinkost.de\/unterwegs\/2016\/07\/cafe-sehnsucht-koeln-deutschland\/#primaryimage","url":"https:\/\/www.weine-feinkost.de\/unterwegs\/wp-content\/uploads\/2017\/05\/cafe_sehnsucht_koeln_8.jpg","contentUrl":"https:\/\/www.weine-feinkost.de\/unterwegs\/wp-content\/uploads\/2017\/05\/cafe_sehnsucht_koeln_8.jpg","width":640,"height":480},{"@type":"BreadcrumbList","@id":"https:\/\/www.weine-feinkost.de\/unterwegs\/2016\/07\/cafe-sehnsucht-koeln-deutschland\/#breadcrumb","itemListElement":[{"@type":"ListItem","position":1,"name":"Startseite","item":"https:\/\/www.weine-feinkost.de\/unterwegs\/"},{"@type":"ListItem","position":2,"name":"Cafe Sehnsucht \u2013 K\u00f6ln \u2013 Deutschland"}]},{"@type":"WebSite","@id":"https:\/\/www.weine-feinkost.de\/unterwegs\/#website","url":"https:\/\/www.weine-feinkost.de\/unterwegs\/","name":"Unterwegs mit Weine &amp; Feinkost","description":"Entdecken Sie Genuss","publisher":{"@id":"https:\/\/www.weine-feinkost.de\/unterwegs\/#organization"},"potentialAction":[{"@type":"SearchAction","target":{"@type":"EntryPoint","urlTemplate":"https:\/\/www.weine-feinkost.de\/unterwegs\/?s={search_term_string}"},"query-input":{"@type":"PropertyValueSpecification","valueRequired":true,"valueName":"search_term_string"}}],"inLanguage":"de"},{"@type":"Organization","@id":"https:\/\/www.weine-feinkost.de\/unterwegs\/#organization","name":"Unterwegs mit Weine &amp; Feinkost","url":"https:\/\/www.weine-feinkost.de\/unterwegs\/","logo":{"@type":"ImageObject","inLanguage":"de","@id":"https:\/\/www.weine-feinkost.de\/unterwegs\/#\/schema\/logo\/image\/","url":"https:\/\/www.weine-feinkost.de\/unterwegs\/wp-content\/uploads\/2022\/10\/logo_weinefeinkost_unterwegs_450x171.png","contentUrl":"https:\/\/www.weine-feinkost.de\/unterwegs\/wp-content\/uploads\/2022\/10\/logo_weinefeinkost_unterwegs_450x171.png","width":450,"height":171,"caption":"Unterwegs mit Weine &amp; Feinkost"},"image":{"@id":"https:\/\/www.weine-feinkost.de\/unterwegs\/#\/schema\/logo\/image\/"}},{"@type":"Person","@id":"https:\/\/www.weine-feinkost.de\/unterwegs\/#\/schema\/person\/c07d66169fd0e04307bfe7cdc99ac26a","name":"Christian Fenske","image":{"@type":"ImageObject","inLanguage":"de","@id":"https:\/\/www.weine-feinkost.de\/unterwegs\/wp-content\/uploads\/2023\/01\/cropped-christian_profilbild-96x96.png","url":"https:\/\/www.weine-feinkost.de\/unterwegs\/wp-content\/uploads\/2023\/01\/cropped-christian_profilbild-96x96.png","contentUrl":"https:\/\/www.weine-feinkost.de\/unterwegs\/wp-content\/uploads\/2023\/01\/cropped-christian_profilbild-96x96.png","caption":"Christian Fenske"},"description":"Zusammen an einem Tisch sitzen, gemeinsam zu kommunizieren und zu genie\u00dfen, das ist eine der herausragenden kulturellen Errungenschaft der Menschheit.","url":"https:\/\/www.weine-feinkost.de\/unterwegs\/author\/christian-fenske\/"}]}},"jetpack_publicize_connections":[],"jetpack_shortlink":"https:\/\/wp.me\/p68Tjo-8m1","jetpack_sharing_enabled":true,"jetpack_likes_enabled":true,"jetpack_featured_media_url":"https:\/\/www.weine-feinkost.de\/unterwegs\/wp-content\/uploads\/2017\/05\/cafe_sehnsucht_koeln_8.jpg","_links":{"self":[{"href":"https:\/\/www.weine-feinkost.de\/unterwegs\/wp-json\/wp\/v2\/posts\/32117","targetHints":{"allow":["GET"]}}],"collection":[{"href":"https:\/\/www.weine-feinkost.de\/unterwegs\/wp-json\/wp\/v2\/posts"}],"about":[{"href":"https:\/\/www.weine-feinkost.de\/unterwegs\/wp-json\/wp\/v2\/types\/post"}],"author":[{"embeddable":true,"href":"https:\/\/www.weine-feinkost.de\/unterwegs\/wp-json\/wp\/v2\/users\/7"}],"replies":[{"embeddable":true,"href":"https:\/\/www.weine-feinkost.de\/unterwegs\/wp-json\/wp\/v2\/comments?post=32117"}],"version-history":[{"count":1,"href":"https:\/\/www.weine-feinkost.de\/unterwegs\/wp-json\/wp\/v2\/posts\/32117\/revisions"}],"predecessor-version":[{"id":197484,"href":"https:\/\/www.weine-feinkost.de\/unterwegs\/wp-json\/wp\/v2\/posts\/32117\/revisions\/197484"}],"wp:featuredmedia":[{"embeddable":true,"href":"https:\/\/www.weine-feinkost.de\/unterwegs\/wp-json\/wp\/v2\/media\/159541"}],"wp:attachment":[{"href":"https:\/\/www.weine-feinkost.de\/unterwegs\/wp-json\/wp\/v2\/media?parent=32117"}],"wp:term":[{"taxonomy":"category","embeddable":true,"href":"https:\/\/www.weine-feinkost.de\/unterwegs\/wp-json\/wp\/v2\/categories?post=32117"},{"taxonomy":"post_tag","embeddable":true,"href":"https:\/\/www.weine-feinkost.de\/unterwegs\/wp-json\/wp\/v2\/tags?post=32117"},{"taxonomy":"post_folder","embeddable":true,"href":"https:\/\/www.weine-feinkost.de\/unterwegs\/wp-json\/wp\/v2\/post_folder?post=32117"}],"curies":[{"name":"wp","href":"https:\/\/api.w.org\/{rel}","templated":true}]}}