{"id":37718,"date":"2017-10-04T11:00:07","date_gmt":"2017-10-04T09:00:07","guid":{"rendered":"https:\/\/www.weine-feinkost.de\/unterwegs\/?p=37718"},"modified":"2023-03-21T19:02:03","modified_gmt":"2023-03-21T18:02:03","slug":"amelia-donostia-san-sebastian-spanien","status":"publish","type":"post","link":"https:\/\/www.weine-feinkost.de\/unterwegs\/2017\/10\/amelia-donostia-san-sebastian-spanien\/","title":{"rendered":"Amelia &#8211; Donostia-San Sebasti\u00e1n &#8211; Spanien"},"content":{"rendered":"<h2>Amelia &#8211; Donostia-San Sebasti\u00e1n &#8211; Spanien PART 2<\/h2>\n<p>Was negative Kritiken zu automatisch generierten E-Mails bewirken k\u00f6nnen ist schon ziemlich erstaunlich. Direkt einen Tag nach einem desastr\u00f6sen Abend im Restaurant Amelia kommt eine Mail mit der Frage &#8222;Wie hat es Ihnen im Restaurant Amelia gefallen? Ihre Meinung ist uns sehr wichtig und ihre Antwort dauert nur 30 Sekunden, um unsere Leistungen verbessern zu k\u00f6nnen.\u201c<\/p>\n<p>Normalerweise werden solche Mails immer schnell gel\u00f6scht, doch in diesem Fall war die Entt\u00e4uschung \u00fcber das Essen und die Weine noch so nachhaltig negativ, dass eine spontane Mail mit ziemlich herber Kritik schnell zur\u00fcckgeschickt wurde. Auch die pers\u00f6nliche Antwort des Restaurants kam dann, Dank der Technik, relativ schnell zur\u00fcck. Mit einer Entschuldigung und einer Einladung zu einem Men\u00fc bei einem n\u00e4chsten Besuch in Donostia-San Sebasti\u00e1n. Das ist nat\u00fcrlich eine sehr nette Reaktion, auch wenn dies\u00b4 so nat\u00fcrlich nicht erw\u00fcnscht war \u2026 obwohl, warum nicht auch einmal einen zweiten Versuch starten?<\/p>\n<p>Gedacht, geantwortet, einen neuen Tisch reserviert und siehe da, der erneute Besuch im Amelia war dann schon ein ganz anderes Kaliber als erlebt und erwartet.<\/p>\n<p>Freundlich und zur\u00fcckhaltend der Service und da der Wein selber ausgesucht wurde, konnte auch dieser Part nicht daneben gehen. Die K\u00fcche erstrahlte in einem ganz neuen Glanz mit richtig guten Tellern und dem richtigen Gesp\u00fcr f\u00fcr gelungene Aromenkombinationen.<\/p>\n<p>Ein Gespr\u00e4ch mit dem Betreiber und Koch Paulo Airaudo in seiner K\u00fcche im unteren Stockwerk brachte dann auch die Erkl\u00e4rung f\u00fcr das misslungene Deb\u00fct unseres Besuches. Der Gastkoch und er h\u00e4tten sich nicht gen\u00fcgend abgestimmt und die Abl\u00e4ufe in einer (noch) unbekannten K\u00fcche waren am Anfang nicht ganz so einfach und so etwas darf zwar nicht, kann aber leider auch in der besten K\u00fcche passieren&#8230;<\/p>\n<p>Dieses Men\u00fc war in jedem Fall richtig gut, ausgefallen und mit dem richtigen Gesp\u00fcr f\u00fcr eine moderne, zeitgem\u00e4sse K\u00fcche. Wir werden mit Freude wiederkommen!<\/p>\n<p><a href=\"https:\/\/www.weine-feinkost.de\/unterwegs\/wp-content\/uploads\/2018\/08\/Amelia_Donostia_San_Sebastian_Spanien_17.jpg\"><img loading=\"lazy\" decoding=\"async\" class=\"size-full wp-image-161766 aligncenter\" src=\"https:\/\/www.weine-feinkost.de\/unterwegs\/wp-content\/uploads\/2018\/08\/Amelia_Donostia_San_Sebastian_Spanien_17.jpg\" alt=\"\" width=\"640\" height=\"480\" srcset=\"https:\/\/www.weine-feinkost.de\/unterwegs\/wp-content\/uploads\/2018\/08\/Amelia_Donostia_San_Sebastian_Spanien_17.jpg 640w, https:\/\/www.weine-feinkost.de\/unterwegs\/wp-content\/uploads\/2018\/08\/Amelia_Donostia_San_Sebastian_Spanien_17-300x225.jpg 300w\" sizes=\"auto, (max-width: 640px) 100vw, 640px\" \/><\/a><\/p>\n<p style=\"text-align: center;\"><a href=\"https:\/\/www.weine-feinkost.de\/unterwegs\/wp-content\/uploads\/2018\/08\/Amelia_Donostia_San_Sebastian_Spanien_2.jpg\"><img loading=\"lazy\" decoding=\"async\" class=\"size-large wp-image-161752 aligncenter\" src=\"https:\/\/www.weine-feinkost.de\/unterwegs\/wp-content\/uploads\/2018\/08\/Amelia_Donostia_San_Sebastian_Spanien_2.jpg\" alt=\"\" width=\"640\" height=\"480\" srcset=\"https:\/\/www.weine-feinkost.de\/unterwegs\/wp-content\/uploads\/2018\/08\/Amelia_Donostia_San_Sebastian_Spanien_2.jpg 640w, https:\/\/www.weine-feinkost.de\/unterwegs\/wp-content\/uploads\/2018\/08\/Amelia_Donostia_San_Sebastian_Spanien_2-300x225.jpg 300w\" sizes=\"auto, (max-width: 640px) 100vw, 640px\" \/><\/a>Fr\u00fchlingszwiebel mit schwarzem Knoblauch und eingelegtem schwarzem Knoblauch. Leicht s\u00e4uerlich schmeckend. Klare Aromen von Zwiebeln und Knoblauch. Zarte R\u00f6staromen. Spannender und gelungener Start.<\/p>\n<p style=\"text-align: center;\"><a href=\"https:\/\/www.weine-feinkost.de\/unterwegs\/wp-content\/uploads\/2018\/08\/Amelia_Donostia_San_Sebastian_Spanien_3.jpg\"><img loading=\"lazy\" decoding=\"async\" class=\"size-large wp-image-161753 aligncenter\" src=\"https:\/\/www.weine-feinkost.de\/unterwegs\/wp-content\/uploads\/2018\/08\/Amelia_Donostia_San_Sebastian_Spanien_3.jpg\" alt=\"\" width=\"640\" height=\"480\" srcset=\"https:\/\/www.weine-feinkost.de\/unterwegs\/wp-content\/uploads\/2018\/08\/Amelia_Donostia_San_Sebastian_Spanien_3.jpg 640w, https:\/\/www.weine-feinkost.de\/unterwegs\/wp-content\/uploads\/2018\/08\/Amelia_Donostia_San_Sebastian_Spanien_3-300x225.jpg 300w\" sizes=\"auto, (max-width: 640px) 100vw, 640px\" \/><\/a>Fr\u00fchlings Kaisergranat in Tomatenessenz mit saurer Gurke. Der fantastisch auf den Punkt gegarte Kaisergrant hat starke Nussaromen, die Tomaten eine sp\u00fcrbar belebende S\u00e4ure und die Gurken unterst\u00fctzen das saure Element genial dazu. Ein Meistergang!<\/p>\n<p style=\"text-align: center;\"><a href=\"https:\/\/www.weine-feinkost.de\/unterwegs\/wp-content\/uploads\/2018\/08\/Amelia_Donostia_San_Sebastian_Spanien_4.jpg\"><img loading=\"lazy\" decoding=\"async\" class=\"size-large wp-image-161754 aligncenter\" src=\"https:\/\/www.weine-feinkost.de\/unterwegs\/wp-content\/uploads\/2018\/08\/Amelia_Donostia_San_Sebastian_Spanien_4.jpg\" alt=\"\" width=\"640\" height=\"480\" srcset=\"https:\/\/www.weine-feinkost.de\/unterwegs\/wp-content\/uploads\/2018\/08\/Amelia_Donostia_San_Sebastian_Spanien_4.jpg 640w, https:\/\/www.weine-feinkost.de\/unterwegs\/wp-content\/uploads\/2018\/08\/Amelia_Donostia_San_Sebastian_Spanien_4-300x225.jpg 300w\" sizes=\"auto, (max-width: 640px) 100vw, 640px\" \/><\/a><\/p>\n<p style=\"text-align: center;\"><a href=\"https:\/\/www.weine-feinkost.de\/unterwegs\/wp-content\/uploads\/2018\/08\/Amelia_Donostia_San_Sebastian_Spanien_5.jpg\"><img loading=\"lazy\" decoding=\"async\" class=\"size-full wp-image-161755 aligncenter\" src=\"https:\/\/www.weine-feinkost.de\/unterwegs\/wp-content\/uploads\/2018\/08\/Amelia_Donostia_San_Sebastian_Spanien_5.jpg\" alt=\"\" width=\"640\" height=\"480\" srcset=\"https:\/\/www.weine-feinkost.de\/unterwegs\/wp-content\/uploads\/2018\/08\/Amelia_Donostia_San_Sebastian_Spanien_5.jpg 640w, https:\/\/www.weine-feinkost.de\/unterwegs\/wp-content\/uploads\/2018\/08\/Amelia_Donostia_San_Sebastian_Spanien_5-300x225.jpg 300w\" sizes=\"auto, (max-width: 640px) 100vw, 640px\" \/><\/a>Oliven\u00f6l aus der Toscana, H\u00fchnerleberwurst, Butter.<\/p>\n<p style=\"text-align: center;\"><a href=\"https:\/\/www.weine-feinkost.de\/unterwegs\/wp-content\/uploads\/2018\/08\/Amelia_Donostia_San_Sebastian_Spanien_6.jpg\"><img loading=\"lazy\" decoding=\"async\" class=\"size-large wp-image-161756 aligncenter\" src=\"https:\/\/www.weine-feinkost.de\/unterwegs\/wp-content\/uploads\/2018\/08\/Amelia_Donostia_San_Sebastian_Spanien_6.jpg\" alt=\"\" width=\"640\" height=\"480\" srcset=\"https:\/\/www.weine-feinkost.de\/unterwegs\/wp-content\/uploads\/2018\/08\/Amelia_Donostia_San_Sebastian_Spanien_6.jpg 640w, https:\/\/www.weine-feinkost.de\/unterwegs\/wp-content\/uploads\/2018\/08\/Amelia_Donostia_San_Sebastian_Spanien_6-300x225.jpg 300w\" sizes=\"auto, (max-width: 640px) 100vw, 640px\" \/><\/a>Getr\u00fcffelter Hummer mit Bohnen. Noch so ein genialer Gang. Diesmal ein sehr erdiges, heimeliges Gesamtgeschmacksbild. Wie aus Gro\u00dfmutters bester K\u00fcche mit edelsten Zutaten.<\/p>\n<p style=\"text-align: center;\"><a href=\"https:\/\/www.weine-feinkost.de\/unterwegs\/wp-content\/uploads\/2018\/08\/Amelia_Donostia_San_Sebastian_Spanien_7.jpg\"><img loading=\"lazy\" decoding=\"async\" class=\"size-large wp-image-161757 aligncenter\" src=\"https:\/\/www.weine-feinkost.de\/unterwegs\/wp-content\/uploads\/2018\/08\/Amelia_Donostia_San_Sebastian_Spanien_7.jpg\" alt=\"\" width=\"640\" height=\"480\" srcset=\"https:\/\/www.weine-feinkost.de\/unterwegs\/wp-content\/uploads\/2018\/08\/Amelia_Donostia_San_Sebastian_Spanien_7.jpg 640w, https:\/\/www.weine-feinkost.de\/unterwegs\/wp-content\/uploads\/2018\/08\/Amelia_Donostia_San_Sebastian_Spanien_7-300x225.jpg 300w\" sizes=\"auto, (max-width: 640px) 100vw, 640px\" \/>&nbsp;<\/a> <a href=\"https:\/\/www.weine-feinkost.de\/unterwegs\/wp-content\/uploads\/2018\/08\/Amelia_Donostia_San_Sebastian_Spanien_8.jpg\"><img loading=\"lazy\" decoding=\"async\" class=\"size-large wp-image-161758 aligncenter\" src=\"https:\/\/www.weine-feinkost.de\/unterwegs\/wp-content\/uploads\/2018\/08\/Amelia_Donostia_San_Sebastian_Spanien_8.jpg\" alt=\"\" width=\"640\" height=\"480\" srcset=\"https:\/\/www.weine-feinkost.de\/unterwegs\/wp-content\/uploads\/2018\/08\/Amelia_Donostia_San_Sebastian_Spanien_8.jpg 640w, https:\/\/www.weine-feinkost.de\/unterwegs\/wp-content\/uploads\/2018\/08\/Amelia_Donostia_San_Sebastian_Spanien_8-300x225.jpg 300w\" sizes=\"auto, (max-width: 640px) 100vw, 640px\" \/><\/a> H\u00e4hnchenfl\u00fcgel und S\u00fc\u00dfkartoffel. Dieser Gang schmeckte ein wenig nach &#8222;Fast Food&#8220; in einer Edelversion. Sehr gut umgesetzt, aber an diesem Abend der schw\u00e4chste Gang.<\/p>\n<p style=\"text-align: center;\"><a href=\"https:\/\/www.weine-feinkost.de\/unterwegs\/wp-content\/uploads\/2018\/08\/Amelia_Donostia_San_Sebastian_Spanien_9.jpg\"><img loading=\"lazy\" decoding=\"async\" class=\"size-large wp-image-161759 aligncenter\" src=\"https:\/\/www.weine-feinkost.de\/unterwegs\/wp-content\/uploads\/2018\/08\/Amelia_Donostia_San_Sebastian_Spanien_9.jpg\" alt=\"\" width=\"640\" height=\"480\" srcset=\"https:\/\/www.weine-feinkost.de\/unterwegs\/wp-content\/uploads\/2018\/08\/Amelia_Donostia_San_Sebastian_Spanien_9.jpg 640w, https:\/\/www.weine-feinkost.de\/unterwegs\/wp-content\/uploads\/2018\/08\/Amelia_Donostia_San_Sebastian_Spanien_9-300x225.jpg 300w\" sizes=\"auto, (max-width: 640px) 100vw, 640px\" \/><\/a>Bei 38\u00b0 gegarter Bonito Thunfisch plus Fenchel. Sehr zart und beste Thunfisch Qualit\u00e4t. Hier wurde dem Produkt alles was geht an Aromen heraus gekitzelt. Perfekt!<\/p>\n<p style=\"text-align: center;\"><a href=\"https:\/\/www.weine-feinkost.de\/unterwegs\/wp-content\/uploads\/2018\/08\/Amelia_Donostia_San_Sebastian_Spanien_10.jpg\"><img loading=\"lazy\" decoding=\"async\" class=\"size-large wp-image-161760 aligncenter\" src=\"https:\/\/www.weine-feinkost.de\/unterwegs\/wp-content\/uploads\/2018\/08\/Amelia_Donostia_San_Sebastian_Spanien_10.jpg\" alt=\"\" width=\"640\" height=\"480\" srcset=\"https:\/\/www.weine-feinkost.de\/unterwegs\/wp-content\/uploads\/2018\/08\/Amelia_Donostia_San_Sebastian_Spanien_10.jpg 640w, https:\/\/www.weine-feinkost.de\/unterwegs\/wp-content\/uploads\/2018\/08\/Amelia_Donostia_San_Sebastian_Spanien_10-300x225.jpg 300w\" sizes=\"auto, (max-width: 640px) 100vw, 640px\" \/><\/a>Bries und Chimichurri Sauce (Argentinische Sauce).<\/p>\n<p style=\"text-align: center;\"><a href=\"https:\/\/www.weine-feinkost.de\/unterwegs\/wp-content\/uploads\/2018\/08\/Amelia_Donostia_San_Sebastian_Spanien_11.jpg\"><img loading=\"lazy\" decoding=\"async\" class=\"size-large wp-image-161761 aligncenter\" src=\"https:\/\/www.weine-feinkost.de\/unterwegs\/wp-content\/uploads\/2018\/08\/Amelia_Donostia_San_Sebastian_Spanien_11.jpg\" alt=\"\" width=\"640\" height=\"480\" srcset=\"https:\/\/www.weine-feinkost.de\/unterwegs\/wp-content\/uploads\/2018\/08\/Amelia_Donostia_San_Sebastian_Spanien_11.jpg 640w, https:\/\/www.weine-feinkost.de\/unterwegs\/wp-content\/uploads\/2018\/08\/Amelia_Donostia_San_Sebastian_Spanien_11-300x225.jpg 300w\" sizes=\"auto, (max-width: 640px) 100vw, 640px\" \/><\/a>Paulo Airaudo.<\/p>\n<p style=\"text-align: center;\"><a href=\"https:\/\/www.weine-feinkost.de\/unterwegs\/wp-content\/uploads\/2018\/08\/Amelia_Donostia_San_Sebastian_Spanien_12.jpg\"><img loading=\"lazy\" decoding=\"async\" class=\"size-large wp-image-161762 aligncenter\" src=\"https:\/\/www.weine-feinkost.de\/unterwegs\/wp-content\/uploads\/2018\/08\/Amelia_Donostia_San_Sebastian_Spanien_12.jpg\" alt=\"\" width=\"640\" height=\"480\" srcset=\"https:\/\/www.weine-feinkost.de\/unterwegs\/wp-content\/uploads\/2018\/08\/Amelia_Donostia_San_Sebastian_Spanien_12.jpg 640w, https:\/\/www.weine-feinkost.de\/unterwegs\/wp-content\/uploads\/2018\/08\/Amelia_Donostia_San_Sebastian_Spanien_12-300x225.jpg 300w\" sizes=\"auto, (max-width: 640px) 100vw, 640px\" \/><\/a>Schweinekinn und ger\u00f6steter Lauch. Puristischer Gang voller klarer Aromen und vollkommener Geschmack der Grundprodukte.<\/p>\n<p style=\"text-align: center;\"><a href=\"https:\/\/www.weine-feinkost.de\/unterwegs\/wp-content\/uploads\/2018\/08\/Amelia_Donostia_San_Sebastian_Spanien_13.jpg\"><img loading=\"lazy\" decoding=\"async\" class=\"size-large wp-image-161763 aligncenter\" src=\"https:\/\/www.weine-feinkost.de\/unterwegs\/wp-content\/uploads\/2018\/08\/Amelia_Donostia_San_Sebastian_Spanien_13.jpg\" alt=\"\" width=\"640\" height=\"480\" srcset=\"https:\/\/www.weine-feinkost.de\/unterwegs\/wp-content\/uploads\/2018\/08\/Amelia_Donostia_San_Sebastian_Spanien_13.jpg 640w, https:\/\/www.weine-feinkost.de\/unterwegs\/wp-content\/uploads\/2018\/08\/Amelia_Donostia_San_Sebastian_Spanien_13-300x225.jpg 300w\" sizes=\"auto, (max-width: 640px) 100vw, 640px\" \/><\/a>Kernobst mit Cr\u00e8me Fra\u00eeche.<\/p>\n<p style=\"text-align: center;\"><a href=\"https:\/\/www.weine-feinkost.de\/unterwegs\/wp-content\/uploads\/2018\/08\/Amelia_Donostia_San_Sebastian_Spanien_15.jpg\"><img loading=\"lazy\" decoding=\"async\" class=\"size-large wp-image-161764 aligncenter\" src=\"https:\/\/www.weine-feinkost.de\/unterwegs\/wp-content\/uploads\/2018\/08\/Amelia_Donostia_San_Sebastian_Spanien_15.jpg\" alt=\"\" width=\"640\" height=\"480\" srcset=\"https:\/\/www.weine-feinkost.de\/unterwegs\/wp-content\/uploads\/2018\/08\/Amelia_Donostia_San_Sebastian_Spanien_15.jpg 640w, https:\/\/www.weine-feinkost.de\/unterwegs\/wp-content\/uploads\/2018\/08\/Amelia_Donostia_San_Sebastian_Spanien_15-300x225.jpg 300w\" sizes=\"auto, (max-width: 640px) 100vw, 640px\" \/><\/a>Fr\u00fcchtevariationen.<\/p>\n<p style=\"text-align: center;\"><a href=\"https:\/\/www.weine-feinkost.de\/unterwegs\/wp-content\/uploads\/2018\/08\/Amelia_Donostia_San_Sebastian_Spanien_16.jpg\"><img loading=\"lazy\" decoding=\"async\" class=\"size-large wp-image-161765 aligncenter\" src=\"https:\/\/www.weine-feinkost.de\/unterwegs\/wp-content\/uploads\/2018\/08\/Amelia_Donostia_San_Sebastian_Spanien_16.jpg\" alt=\"\" width=\"640\" height=\"480\" srcset=\"https:\/\/www.weine-feinkost.de\/unterwegs\/wp-content\/uploads\/2018\/08\/Amelia_Donostia_San_Sebastian_Spanien_16.jpg 640w, https:\/\/www.weine-feinkost.de\/unterwegs\/wp-content\/uploads\/2018\/08\/Amelia_Donostia_San_Sebastian_Spanien_16-300x225.jpg 300w\" sizes=\"auto, (max-width: 640px) 100vw, 640px\" \/><\/a>Zum Schluss noch ein kleiner &#8222;Sonder Extra Gang&#8220;: Kaviar wie er nicht besser schmecken k\u00f6nnte: Rossini Kaviar mit gebrannter Sahne und Avocado. Himmlisch!<\/p>\n<p><strong>Amelia<\/strong><br \/>\nMoraza 1B (Door in Prim, 34)<br \/>\n20006 Donostia-San Sebasti\u00e1n<br \/>\nSpanien<br \/>\nTel: +34 943 845 647<br \/>\n<a href=\"http:\/\/ameliarestaurant.com\/\">www.ameliarestaurant.com<\/a><\/p>\n","protected":false},"excerpt":{"rendered":"<p>Amelia &#8211; Donostia-San Sebasti\u00e1n &#8211; Spanien PART 2 Was negative Kritiken zu automatisch generierten E-Mails bewirken k\u00f6nnen ist schon ziemlich erstaunlich. Direkt einen Tag nach einem desastr\u00f6sen Abend im Restaurant Amelia kommt eine Mail mit der Frage &#8222;Wie hat es Ihnen im Restaurant Amelia gefallen? Ihre Meinung ist uns sehr wichtig und ihre Antwort dauert &#8230; <a title=\"Amelia &#8211; Donostia-San Sebasti\u00e1n &#8211; Spanien\" class=\"read-more\" href=\"https:\/\/www.weine-feinkost.de\/unterwegs\/2017\/10\/amelia-donostia-san-sebastian-spanien\/\" aria-label=\"Mehr dazu unter Amelia &#8211; Donostia-San Sebasti\u00e1n &#8211; Spanien\">Weiterlesen<\/a><\/p>\n","protected":false},"author":7,"featured_media":161751,"comment_status":"open","ping_status":"open","sticky":false,"template":"","format":"standard","meta":{"_jetpack_newsletter_access":"","_jetpack_dont_email_post_to_subs":false,"_jetpack_newsletter_tier_id":0,"_jetpack_memberships_contains_paywalled_content":false,"_jetpack_feature_clip_id":0,"_jetpack_memberships_contains_paid_content":false,"footnotes":"","jetpack_publicize_message":"","jetpack_publicize_feature_enabled":true,"jetpack_social_post_already_shared":true,"jetpack_social_options":{"image_generator_settings":{"template":"highway","default_image_id":0,"font":"","enabled":false},"version":2},"jetpack_post_was_ever_published":false},"categories":[13,30],"tags":[1362,76,73,79],"post_folder":[],"class_list":["post-37718","post","type-post","status-publish","format-standard","has-post-thumbnail","hentry","category-restaurants","category-spanien-restaurants","tag-amelia","tag-donostia-san-sebastian","tag-restaurant","tag-spanien"],"yoast_head":"<!-- This site is optimized with the Yoast SEO plugin v28.3 - https:\/\/yoast.com\/product\/yoast-seo-wordpress\/ -->\n<title>Amelia - Donostia-San Sebasti\u00e1n - Spanien - Unterwegs mit Weine &amp; Feinkost<\/title>\n<meta name=\"description\" content=\"Alle guten Dinge sind zwei. Der zweite Besuch im Restaurant Amelia in Donostia-San Sebasti\u00e1n war einfach nur grossartig zu nennen!\" \/>\n<meta name=\"robots\" content=\"index, follow, max-snippet:-1, max-image-preview:large, max-video-preview:-1\" \/>\n<link rel=\"canonical\" href=\"https:\/\/www.weine-feinkost.de\/unterwegs\/2017\/10\/amelia-donostia-san-sebastian-spanien\/\" \/>\n<meta property=\"og:locale\" content=\"de_DE\" \/>\n<meta property=\"og:type\" content=\"article\" \/>\n<meta property=\"og:title\" content=\"Amelia - Donostia-San Sebasti\u00e1n - Spanien - Unterwegs mit Weine &amp; Feinkost\" \/>\n<meta property=\"og:description\" content=\"Alle guten Dinge sind zwei. Der zweite Besuch im Restaurant Amelia in Donostia-San Sebasti\u00e1n war einfach nur grossartig zu nennen!\" \/>\n<meta property=\"og:url\" content=\"https:\/\/www.weine-feinkost.de\/unterwegs\/2017\/10\/amelia-donostia-san-sebastian-spanien\/\" \/>\n<meta property=\"og:site_name\" content=\"Unterwegs mit Weine &amp; Feinkost\" \/>\n<meta property=\"article:published_time\" content=\"2017-10-04T09:00:07+00:00\" \/>\n<meta property=\"article:modified_time\" content=\"2023-03-21T18:02:03+00:00\" \/>\n<meta property=\"og:image\" content=\"https:\/\/www.weine-feinkost.de\/unterwegs\/wp-content\/uploads\/2018\/08\/Amelia_Donostia_San_Sebastian_Spanien_1.jpg\" \/>\n\t<meta property=\"og:image:width\" content=\"640\" \/>\n\t<meta property=\"og:image:height\" content=\"480\" \/>\n\t<meta property=\"og:image:type\" content=\"image\/jpeg\" \/>\n<meta name=\"author\" content=\"Christian Fenske\" \/>\n<meta name=\"twitter:card\" content=\"summary_large_image\" \/>\n<meta name=\"twitter:label1\" content=\"Verfasst von\" \/>\n\t<meta name=\"twitter:data1\" content=\"Christian Fenske\" \/>\n\t<meta name=\"twitter:label2\" content=\"Gesch\u00e4tzte Lesezeit\" \/>\n\t<meta name=\"twitter:data2\" content=\"6\u00a0Minuten\" \/>\n<script type=\"application\/ld+json\" class=\"yoast-schema-graph\">{\"@context\":\"https:\\\/\\\/schema.org\",\"@graph\":[{\"@type\":\"Article\",\"@id\":\"https:\\\/\\\/www.weine-feinkost.de\\\/unterwegs\\\/2017\\\/10\\\/amelia-donostia-san-sebastian-spanien\\\/#article\",\"isPartOf\":{\"@id\":\"https:\\\/\\\/www.weine-feinkost.de\\\/unterwegs\\\/2017\\\/10\\\/amelia-donostia-san-sebastian-spanien\\\/\"},\"author\":{\"name\":\"Christian Fenske\",\"@id\":\"https:\\\/\\\/www.weine-feinkost.de\\\/unterwegs\\\/#\\\/schema\\\/person\\\/c07d66169fd0e04307bfe7cdc99ac26a\"},\"headline\":\"Amelia &#8211; Donostia-San Sebasti\u00e1n &#8211; Spanien\",\"datePublished\":\"2017-10-04T09:00:07+00:00\",\"dateModified\":\"2023-03-21T18:02:03+00:00\",\"mainEntityOfPage\":{\"@id\":\"https:\\\/\\\/www.weine-feinkost.de\\\/unterwegs\\\/2017\\\/10\\\/amelia-donostia-san-sebastian-spanien\\\/\"},\"wordCount\":563,\"commentCount\":0,\"publisher\":{\"@id\":\"https:\\\/\\\/www.weine-feinkost.de\\\/unterwegs\\\/#organization\"},\"image\":{\"@id\":\"https:\\\/\\\/www.weine-feinkost.de\\\/unterwegs\\\/2017\\\/10\\\/amelia-donostia-san-sebastian-spanien\\\/#primaryimage\"},\"thumbnailUrl\":\"https:\\\/\\\/www.weine-feinkost.de\\\/unterwegs\\\/wp-content\\\/uploads\\\/2018\\\/08\\\/Amelia_Donostia_San_Sebastian_Spanien_1.jpg\",\"keywords\":[\"Amelia\",\"Donostia-San Sebastian\",\"Restaurant\",\"Spanien\"],\"articleSection\":[\"Restaurants\",\"Spanien\"],\"inLanguage\":\"de\",\"potentialAction\":[{\"@type\":\"CommentAction\",\"name\":\"Comment\",\"target\":[\"https:\\\/\\\/www.weine-feinkost.de\\\/unterwegs\\\/2017\\\/10\\\/amelia-donostia-san-sebastian-spanien\\\/#respond\"]}]},{\"@type\":\"WebPage\",\"@id\":\"https:\\\/\\\/www.weine-feinkost.de\\\/unterwegs\\\/2017\\\/10\\\/amelia-donostia-san-sebastian-spanien\\\/\",\"url\":\"https:\\\/\\\/www.weine-feinkost.de\\\/unterwegs\\\/2017\\\/10\\\/amelia-donostia-san-sebastian-spanien\\\/\",\"name\":\"Amelia - Donostia-San Sebasti\u00e1n - Spanien - Unterwegs mit Weine &amp; Feinkost\",\"isPartOf\":{\"@id\":\"https:\\\/\\\/www.weine-feinkost.de\\\/unterwegs\\\/#website\"},\"primaryImageOfPage\":{\"@id\":\"https:\\\/\\\/www.weine-feinkost.de\\\/unterwegs\\\/2017\\\/10\\\/amelia-donostia-san-sebastian-spanien\\\/#primaryimage\"},\"image\":{\"@id\":\"https:\\\/\\\/www.weine-feinkost.de\\\/unterwegs\\\/2017\\\/10\\\/amelia-donostia-san-sebastian-spanien\\\/#primaryimage\"},\"thumbnailUrl\":\"https:\\\/\\\/www.weine-feinkost.de\\\/unterwegs\\\/wp-content\\\/uploads\\\/2018\\\/08\\\/Amelia_Donostia_San_Sebastian_Spanien_1.jpg\",\"datePublished\":\"2017-10-04T09:00:07+00:00\",\"dateModified\":\"2023-03-21T18:02:03+00:00\",\"description\":\"Alle guten Dinge sind zwei. Der zweite Besuch im Restaurant Amelia in Donostia-San Sebasti\u00e1n war einfach nur grossartig zu nennen!\",\"breadcrumb\":{\"@id\":\"https:\\\/\\\/www.weine-feinkost.de\\\/unterwegs\\\/2017\\\/10\\\/amelia-donostia-san-sebastian-spanien\\\/#breadcrumb\"},\"inLanguage\":\"de\",\"potentialAction\":[{\"@type\":\"ReadAction\",\"target\":[\"https:\\\/\\\/www.weine-feinkost.de\\\/unterwegs\\\/2017\\\/10\\\/amelia-donostia-san-sebastian-spanien\\\/\"]}]},{\"@type\":\"ImageObject\",\"inLanguage\":\"de\",\"@id\":\"https:\\\/\\\/www.weine-feinkost.de\\\/unterwegs\\\/2017\\\/10\\\/amelia-donostia-san-sebastian-spanien\\\/#primaryimage\",\"url\":\"https:\\\/\\\/www.weine-feinkost.de\\\/unterwegs\\\/wp-content\\\/uploads\\\/2018\\\/08\\\/Amelia_Donostia_San_Sebastian_Spanien_1.jpg\",\"contentUrl\":\"https:\\\/\\\/www.weine-feinkost.de\\\/unterwegs\\\/wp-content\\\/uploads\\\/2018\\\/08\\\/Amelia_Donostia_San_Sebastian_Spanien_1.jpg\",\"width\":640,\"height\":480},{\"@type\":\"BreadcrumbList\",\"@id\":\"https:\\\/\\\/www.weine-feinkost.de\\\/unterwegs\\\/2017\\\/10\\\/amelia-donostia-san-sebastian-spanien\\\/#breadcrumb\",\"itemListElement\":[{\"@type\":\"ListItem\",\"position\":1,\"name\":\"Startseite\",\"item\":\"https:\\\/\\\/www.weine-feinkost.de\\\/unterwegs\\\/\"},{\"@type\":\"ListItem\",\"position\":2,\"name\":\"Amelia &#8211; Donostia-San Sebasti\u00e1n &#8211; Spanien\"}]},{\"@type\":\"WebSite\",\"@id\":\"https:\\\/\\\/www.weine-feinkost.de\\\/unterwegs\\\/#website\",\"url\":\"https:\\\/\\\/www.weine-feinkost.de\\\/unterwegs\\\/\",\"name\":\"Unterwegs mit Weine &amp; Feinkost\",\"description\":\"Entdecken Sie Genuss\",\"publisher\":{\"@id\":\"https:\\\/\\\/www.weine-feinkost.de\\\/unterwegs\\\/#organization\"},\"potentialAction\":[{\"@type\":\"SearchAction\",\"target\":{\"@type\":\"EntryPoint\",\"urlTemplate\":\"https:\\\/\\\/www.weine-feinkost.de\\\/unterwegs\\\/?s={search_term_string}\"},\"query-input\":{\"@type\":\"PropertyValueSpecification\",\"valueRequired\":true,\"valueName\":\"search_term_string\"}}],\"inLanguage\":\"de\"},{\"@type\":\"Organization\",\"@id\":\"https:\\\/\\\/www.weine-feinkost.de\\\/unterwegs\\\/#organization\",\"name\":\"Unterwegs mit Weine &amp; Feinkost\",\"url\":\"https:\\\/\\\/www.weine-feinkost.de\\\/unterwegs\\\/\",\"logo\":{\"@type\":\"ImageObject\",\"inLanguage\":\"de\",\"@id\":\"https:\\\/\\\/www.weine-feinkost.de\\\/unterwegs\\\/#\\\/schema\\\/logo\\\/image\\\/\",\"url\":\"https:\\\/\\\/www.weine-feinkost.de\\\/unterwegs\\\/wp-content\\\/uploads\\\/2022\\\/10\\\/logo_weinefeinkost_unterwegs_450x171.png\",\"contentUrl\":\"https:\\\/\\\/www.weine-feinkost.de\\\/unterwegs\\\/wp-content\\\/uploads\\\/2022\\\/10\\\/logo_weinefeinkost_unterwegs_450x171.png\",\"width\":450,\"height\":171,\"caption\":\"Unterwegs mit Weine &amp; Feinkost\"},\"image\":{\"@id\":\"https:\\\/\\\/www.weine-feinkost.de\\\/unterwegs\\\/#\\\/schema\\\/logo\\\/image\\\/\"}},{\"@type\":\"Person\",\"@id\":\"https:\\\/\\\/www.weine-feinkost.de\\\/unterwegs\\\/#\\\/schema\\\/person\\\/c07d66169fd0e04307bfe7cdc99ac26a\",\"name\":\"Christian Fenske\",\"image\":{\"@type\":\"ImageObject\",\"inLanguage\":\"de\",\"@id\":\"https:\\\/\\\/www.weine-feinkost.de\\\/unterwegs\\\/wp-content\\\/uploads\\\/2023\\\/01\\\/cropped-christian_profilbild-96x96.png\",\"url\":\"https:\\\/\\\/www.weine-feinkost.de\\\/unterwegs\\\/wp-content\\\/uploads\\\/2023\\\/01\\\/cropped-christian_profilbild-96x96.png\",\"contentUrl\":\"https:\\\/\\\/www.weine-feinkost.de\\\/unterwegs\\\/wp-content\\\/uploads\\\/2023\\\/01\\\/cropped-christian_profilbild-96x96.png\",\"caption\":\"Christian Fenske\"},\"description\":\"Zusammen an einem Tisch sitzen, gemeinsam zu kommunizieren und zu genie\u00dfen, das ist eine der herausragenden kulturellen Errungenschaft der Menschheit.\",\"url\":\"https:\\\/\\\/www.weine-feinkost.de\\\/unterwegs\\\/author\\\/christian-fenske\\\/\"}]}<\/script>\n<!-- \/ Yoast SEO plugin. -->","yoast_head_json":{"title":"Amelia - Donostia-San Sebasti\u00e1n - Spanien - Unterwegs mit Weine &amp; Feinkost","description":"Alle guten Dinge sind zwei. Der zweite Besuch im Restaurant Amelia in Donostia-San Sebasti\u00e1n war einfach nur grossartig zu nennen!","robots":{"index":"index","follow":"follow","max-snippet":"max-snippet:-1","max-image-preview":"max-image-preview:large","max-video-preview":"max-video-preview:-1"},"canonical":"https:\/\/www.weine-feinkost.de\/unterwegs\/2017\/10\/amelia-donostia-san-sebastian-spanien\/","og_locale":"de_DE","og_type":"article","og_title":"Amelia - Donostia-San Sebasti\u00e1n - Spanien - Unterwegs mit Weine &amp; Feinkost","og_description":"Alle guten Dinge sind zwei. Der zweite Besuch im Restaurant Amelia in Donostia-San Sebasti\u00e1n war einfach nur grossartig zu nennen!","og_url":"https:\/\/www.weine-feinkost.de\/unterwegs\/2017\/10\/amelia-donostia-san-sebastian-spanien\/","og_site_name":"Unterwegs mit Weine &amp; Feinkost","article_published_time":"2017-10-04T09:00:07+00:00","article_modified_time":"2023-03-21T18:02:03+00:00","og_image":[{"width":640,"height":480,"url":"https:\/\/www.weine-feinkost.de\/unterwegs\/wp-content\/uploads\/2018\/08\/Amelia_Donostia_San_Sebastian_Spanien_1.jpg","type":"image\/jpeg"}],"author":"Christian Fenske","twitter_card":"summary_large_image","twitter_misc":{"Verfasst von":"Christian Fenske","Gesch\u00e4tzte Lesezeit":"6\u00a0Minuten"},"schema":{"@context":"https:\/\/schema.org","@graph":[{"@type":"Article","@id":"https:\/\/www.weine-feinkost.de\/unterwegs\/2017\/10\/amelia-donostia-san-sebastian-spanien\/#article","isPartOf":{"@id":"https:\/\/www.weine-feinkost.de\/unterwegs\/2017\/10\/amelia-donostia-san-sebastian-spanien\/"},"author":{"name":"Christian Fenske","@id":"https:\/\/www.weine-feinkost.de\/unterwegs\/#\/schema\/person\/c07d66169fd0e04307bfe7cdc99ac26a"},"headline":"Amelia &#8211; Donostia-San Sebasti\u00e1n &#8211; Spanien","datePublished":"2017-10-04T09:00:07+00:00","dateModified":"2023-03-21T18:02:03+00:00","mainEntityOfPage":{"@id":"https:\/\/www.weine-feinkost.de\/unterwegs\/2017\/10\/amelia-donostia-san-sebastian-spanien\/"},"wordCount":563,"commentCount":0,"publisher":{"@id":"https:\/\/www.weine-feinkost.de\/unterwegs\/#organization"},"image":{"@id":"https:\/\/www.weine-feinkost.de\/unterwegs\/2017\/10\/amelia-donostia-san-sebastian-spanien\/#primaryimage"},"thumbnailUrl":"https:\/\/www.weine-feinkost.de\/unterwegs\/wp-content\/uploads\/2018\/08\/Amelia_Donostia_San_Sebastian_Spanien_1.jpg","keywords":["Amelia","Donostia-San Sebastian","Restaurant","Spanien"],"articleSection":["Restaurants","Spanien"],"inLanguage":"de","potentialAction":[{"@type":"CommentAction","name":"Comment","target":["https:\/\/www.weine-feinkost.de\/unterwegs\/2017\/10\/amelia-donostia-san-sebastian-spanien\/#respond"]}]},{"@type":"WebPage","@id":"https:\/\/www.weine-feinkost.de\/unterwegs\/2017\/10\/amelia-donostia-san-sebastian-spanien\/","url":"https:\/\/www.weine-feinkost.de\/unterwegs\/2017\/10\/amelia-donostia-san-sebastian-spanien\/","name":"Amelia - Donostia-San Sebasti\u00e1n - Spanien - Unterwegs mit Weine &amp; Feinkost","isPartOf":{"@id":"https:\/\/www.weine-feinkost.de\/unterwegs\/#website"},"primaryImageOfPage":{"@id":"https:\/\/www.weine-feinkost.de\/unterwegs\/2017\/10\/amelia-donostia-san-sebastian-spanien\/#primaryimage"},"image":{"@id":"https:\/\/www.weine-feinkost.de\/unterwegs\/2017\/10\/amelia-donostia-san-sebastian-spanien\/#primaryimage"},"thumbnailUrl":"https:\/\/www.weine-feinkost.de\/unterwegs\/wp-content\/uploads\/2018\/08\/Amelia_Donostia_San_Sebastian_Spanien_1.jpg","datePublished":"2017-10-04T09:00:07+00:00","dateModified":"2023-03-21T18:02:03+00:00","description":"Alle guten Dinge sind zwei. Der zweite Besuch im Restaurant Amelia in Donostia-San Sebasti\u00e1n war einfach nur grossartig zu nennen!","breadcrumb":{"@id":"https:\/\/www.weine-feinkost.de\/unterwegs\/2017\/10\/amelia-donostia-san-sebastian-spanien\/#breadcrumb"},"inLanguage":"de","potentialAction":[{"@type":"ReadAction","target":["https:\/\/www.weine-feinkost.de\/unterwegs\/2017\/10\/amelia-donostia-san-sebastian-spanien\/"]}]},{"@type":"ImageObject","inLanguage":"de","@id":"https:\/\/www.weine-feinkost.de\/unterwegs\/2017\/10\/amelia-donostia-san-sebastian-spanien\/#primaryimage","url":"https:\/\/www.weine-feinkost.de\/unterwegs\/wp-content\/uploads\/2018\/08\/Amelia_Donostia_San_Sebastian_Spanien_1.jpg","contentUrl":"https:\/\/www.weine-feinkost.de\/unterwegs\/wp-content\/uploads\/2018\/08\/Amelia_Donostia_San_Sebastian_Spanien_1.jpg","width":640,"height":480},{"@type":"BreadcrumbList","@id":"https:\/\/www.weine-feinkost.de\/unterwegs\/2017\/10\/amelia-donostia-san-sebastian-spanien\/#breadcrumb","itemListElement":[{"@type":"ListItem","position":1,"name":"Startseite","item":"https:\/\/www.weine-feinkost.de\/unterwegs\/"},{"@type":"ListItem","position":2,"name":"Amelia &#8211; Donostia-San Sebasti\u00e1n &#8211; Spanien"}]},{"@type":"WebSite","@id":"https:\/\/www.weine-feinkost.de\/unterwegs\/#website","url":"https:\/\/www.weine-feinkost.de\/unterwegs\/","name":"Unterwegs mit Weine &amp; Feinkost","description":"Entdecken Sie Genuss","publisher":{"@id":"https:\/\/www.weine-feinkost.de\/unterwegs\/#organization"},"potentialAction":[{"@type":"SearchAction","target":{"@type":"EntryPoint","urlTemplate":"https:\/\/www.weine-feinkost.de\/unterwegs\/?s={search_term_string}"},"query-input":{"@type":"PropertyValueSpecification","valueRequired":true,"valueName":"search_term_string"}}],"inLanguage":"de"},{"@type":"Organization","@id":"https:\/\/www.weine-feinkost.de\/unterwegs\/#organization","name":"Unterwegs mit Weine &amp; Feinkost","url":"https:\/\/www.weine-feinkost.de\/unterwegs\/","logo":{"@type":"ImageObject","inLanguage":"de","@id":"https:\/\/www.weine-feinkost.de\/unterwegs\/#\/schema\/logo\/image\/","url":"https:\/\/www.weine-feinkost.de\/unterwegs\/wp-content\/uploads\/2022\/10\/logo_weinefeinkost_unterwegs_450x171.png","contentUrl":"https:\/\/www.weine-feinkost.de\/unterwegs\/wp-content\/uploads\/2022\/10\/logo_weinefeinkost_unterwegs_450x171.png","width":450,"height":171,"caption":"Unterwegs mit Weine &amp; Feinkost"},"image":{"@id":"https:\/\/www.weine-feinkost.de\/unterwegs\/#\/schema\/logo\/image\/"}},{"@type":"Person","@id":"https:\/\/www.weine-feinkost.de\/unterwegs\/#\/schema\/person\/c07d66169fd0e04307bfe7cdc99ac26a","name":"Christian Fenske","image":{"@type":"ImageObject","inLanguage":"de","@id":"https:\/\/www.weine-feinkost.de\/unterwegs\/wp-content\/uploads\/2023\/01\/cropped-christian_profilbild-96x96.png","url":"https:\/\/www.weine-feinkost.de\/unterwegs\/wp-content\/uploads\/2023\/01\/cropped-christian_profilbild-96x96.png","contentUrl":"https:\/\/www.weine-feinkost.de\/unterwegs\/wp-content\/uploads\/2023\/01\/cropped-christian_profilbild-96x96.png","caption":"Christian Fenske"},"description":"Zusammen an einem Tisch sitzen, gemeinsam zu kommunizieren und zu genie\u00dfen, das ist eine der herausragenden kulturellen Errungenschaft der Menschheit.","url":"https:\/\/www.weine-feinkost.de\/unterwegs\/author\/christian-fenske\/"}]}},"jetpack_publicize_connections":[],"jetpack_shortlink":"https:\/\/wp.me\/p68Tjo-9Om","jetpack_sharing_enabled":true,"jetpack_likes_enabled":true,"jetpack_featured_media_url":"https:\/\/www.weine-feinkost.de\/unterwegs\/wp-content\/uploads\/2018\/08\/Amelia_Donostia_San_Sebastian_Spanien_1.jpg","_links":{"self":[{"href":"https:\/\/www.weine-feinkost.de\/unterwegs\/wp-json\/wp\/v2\/posts\/37718","targetHints":{"allow":["GET"]}}],"collection":[{"href":"https:\/\/www.weine-feinkost.de\/unterwegs\/wp-json\/wp\/v2\/posts"}],"about":[{"href":"https:\/\/www.weine-feinkost.de\/unterwegs\/wp-json\/wp\/v2\/types\/post"}],"author":[{"embeddable":true,"href":"https:\/\/www.weine-feinkost.de\/unterwegs\/wp-json\/wp\/v2\/users\/7"}],"replies":[{"embeddable":true,"href":"https:\/\/www.weine-feinkost.de\/unterwegs\/wp-json\/wp\/v2\/comments?post=37718"}],"version-history":[{"count":1,"href":"https:\/\/www.weine-feinkost.de\/unterwegs\/wp-json\/wp\/v2\/posts\/37718\/revisions"}],"predecessor-version":[{"id":197345,"href":"https:\/\/www.weine-feinkost.de\/unterwegs\/wp-json\/wp\/v2\/posts\/37718\/revisions\/197345"}],"wp:featuredmedia":[{"embeddable":true,"href":"https:\/\/www.weine-feinkost.de\/unterwegs\/wp-json\/wp\/v2\/media\/161751"}],"wp:attachment":[{"href":"https:\/\/www.weine-feinkost.de\/unterwegs\/wp-json\/wp\/v2\/media?parent=37718"}],"wp:term":[{"taxonomy":"category","embeddable":true,"href":"https:\/\/www.weine-feinkost.de\/unterwegs\/wp-json\/wp\/v2\/categories?post=37718"},{"taxonomy":"post_tag","embeddable":true,"href":"https:\/\/www.weine-feinkost.de\/unterwegs\/wp-json\/wp\/v2\/tags?post=37718"},{"taxonomy":"post_folder","embeddable":true,"href":"https:\/\/www.weine-feinkost.de\/unterwegs\/wp-json\/wp\/v2\/post_folder?post=37718"}],"curies":[{"name":"wp","href":"https:\/\/api.w.org\/{rel}","templated":true}]}}