{"id":39163,"date":"2018-01-11T11:00:58","date_gmt":"2018-01-11T10:00:58","guid":{"rendered":"https:\/\/www.weine-feinkost.de\/unterwegs\/?p=39163"},"modified":"2023-03-21T16:34:52","modified_gmt":"2023-03-21T15:34:52","slug":"le-flair-duesseldorf-deutschland","status":"publish","type":"post","link":"https:\/\/www.weine-feinkost.de\/unterwegs\/2018\/01\/le-flair-duesseldorf-deutschland\/","title":{"rendered":"Le Flair &#8211; D\u00fcsseldorf &#8211; Deutschland"},"content":{"rendered":"<h2>Le Flair &#8211; D\u00fcsseldorf &#8211; Deutschland<\/h2>\n<p>Ob das nur aus hohen Betonw\u00e4nden bestehende, recht neue D\u00fcsseldorfer Quartier Central wirklich sch\u00f6n ist, werden wohl die folgenden Generationen entscheiden m\u00fcssen. In jedem Fall hat sich im Erdgeschoss einer dieser Betonsilos das gem\u00fctliche Restaurant Le Flair bereits einen Namen gemacht.<\/p>\n<p>Hier kocht der aus der franz\u00f6sisch sprachigen Schweiz kommende Dany Cerf im lockeren Bistrostil Ambiente wahrlich gut auf. Im Le Flair fehlt zwar noch die Patina, um es wirklich rustikal und gem\u00fctlich werden zu lassen, aber zu Kl\u00e4ngen von \u00c9dith Piaf und unter der netten Serviceleitung von Nicole B\u00e4nder kann der Gast sich ein wenig wie in einem ambitionierten Pariser Bistro f\u00fchlen.<\/p>\n<p>Das scheint gottlob wieder modern zu werden, macht in netter Runde richtig Spa\u00df, ist richtig schmackhaft und lecker. Auch wenn nach 21\u00b0\u00b0 Uhr noch ein Kind im Restaurant fr\u00f6hlich vor seinem Vater wegl\u00e4uft und die \u00fcbrigen G\u00e4ste im Restaurant nicht griesgr\u00e4mig meckern, wei\u00df man, dass gerade ein St\u00fcck s\u00fcdl\u00e4ndische Lebenskultur in D\u00fcsseldorf angekommen ist. Weiter so!<\/p>\n<p style=\"text-align: center;\"><img loading=\"lazy\" decoding=\"async\" class=\"size-full wp-image-162409 aligncenter\" src=\"https:\/\/www.weine-feinkost.de\/unterwegs\/wp-content\/uploads\/2017\/11\/Le-Flair_Duesseldorf_Deutschland_1.jpg\" alt=\"\" width=\"640\" height=\"480\" srcset=\"https:\/\/www.weine-feinkost.de\/unterwegs\/wp-content\/uploads\/2017\/11\/Le-Flair_Duesseldorf_Deutschland_1.jpg 640w, https:\/\/www.weine-feinkost.de\/unterwegs\/wp-content\/uploads\/2017\/11\/Le-Flair_Duesseldorf_Deutschland_1-300x225.jpg 300w\" sizes=\"auto, (max-width: 640px) 100vw, 640px\" \/><\/p>\n<p style=\"text-align: center;\"><img loading=\"lazy\" decoding=\"async\" class=\"size-full wp-image-162410 aligncenter\" src=\"https:\/\/www.weine-feinkost.de\/unterwegs\/wp-content\/uploads\/2017\/11\/Le-Flair_Duesseldorf_Deutschland_2.jpg\" alt=\"\" width=\"640\" height=\"480\" srcset=\"https:\/\/www.weine-feinkost.de\/unterwegs\/wp-content\/uploads\/2017\/11\/Le-Flair_Duesseldorf_Deutschland_2.jpg 640w, https:\/\/www.weine-feinkost.de\/unterwegs\/wp-content\/uploads\/2017\/11\/Le-Flair_Duesseldorf_Deutschland_2-300x225.jpg 300w\" sizes=\"auto, (max-width: 640px) 100vw, 640px\" \/>Amuse Bouche.<\/p>\n<p style=\"text-align: center;\"><img loading=\"lazy\" decoding=\"async\" class=\"size-full wp-image-162412 aligncenter\" src=\"https:\/\/www.weine-feinkost.de\/unterwegs\/wp-content\/uploads\/2017\/11\/Le-Flair_Duesseldorf_Deutschland_4.jpg\" alt=\"\" width=\"640\" height=\"480\" srcset=\"https:\/\/www.weine-feinkost.de\/unterwegs\/wp-content\/uploads\/2017\/11\/Le-Flair_Duesseldorf_Deutschland_4.jpg 640w, https:\/\/www.weine-feinkost.de\/unterwegs\/wp-content\/uploads\/2017\/11\/Le-Flair_Duesseldorf_Deutschland_4-300x225.jpg 300w\" sizes=\"auto, (max-width: 640px) 100vw, 640px\" \/>Ei mit Brot und Linsen.<\/p>\n<p style=\"text-align: center;\"><img loading=\"lazy\" decoding=\"async\" class=\"size-full wp-image-162413 aligncenter\" src=\"https:\/\/www.weine-feinkost.de\/unterwegs\/wp-content\/uploads\/2017\/11\/Le-Flair_Duesseldorf_Deutschland_5.jpg\" alt=\"\" width=\"640\" height=\"480\" srcset=\"https:\/\/www.weine-feinkost.de\/unterwegs\/wp-content\/uploads\/2017\/11\/Le-Flair_Duesseldorf_Deutschland_5.jpg 640w, https:\/\/www.weine-feinkost.de\/unterwegs\/wp-content\/uploads\/2017\/11\/Le-Flair_Duesseldorf_Deutschland_5-300x225.jpg 300w\" sizes=\"auto, (max-width: 640px) 100vw, 640px\" \/><\/p>\n<p style=\"text-align: center;\"><img loading=\"lazy\" decoding=\"async\" class=\"size-full wp-image-162414 aligncenter\" src=\"https:\/\/www.weine-feinkost.de\/unterwegs\/wp-content\/uploads\/2017\/11\/Le-Flair_Duesseldorf_Deutschland_6.jpg\" alt=\"\" width=\"640\" height=\"480\" srcset=\"https:\/\/www.weine-feinkost.de\/unterwegs\/wp-content\/uploads\/2017\/11\/Le-Flair_Duesseldorf_Deutschland_6.jpg 640w, https:\/\/www.weine-feinkost.de\/unterwegs\/wp-content\/uploads\/2017\/11\/Le-Flair_Duesseldorf_Deutschland_6-300x225.jpg 300w\" sizes=\"auto, (max-width: 640px) 100vw, 640px\" \/>Hausgemachte Entenleberpastete, Muscatgelee, Apfelkompott, Haselnuss.<\/p>\n<p style=\"text-align: center;\"><img loading=\"lazy\" decoding=\"async\" class=\"alignnone size-full wp-image-162415\" src=\"https:\/\/www.weine-feinkost.de\/unterwegs\/wp-content\/uploads\/2017\/11\/Le-Flair_Duesseldorf_Deutschland_7.jpg\" alt=\"\" width=\"640\" height=\"480\" srcset=\"https:\/\/www.weine-feinkost.de\/unterwegs\/wp-content\/uploads\/2017\/11\/Le-Flair_Duesseldorf_Deutschland_7.jpg 640w, https:\/\/www.weine-feinkost.de\/unterwegs\/wp-content\/uploads\/2017\/11\/Le-Flair_Duesseldorf_Deutschland_7-300x225.jpg 300w\" sizes=\"auto, (max-width: 640px) 100vw, 640px\" \/><\/p>\n<p style=\"text-align: center;\"><img loading=\"lazy\" decoding=\"async\" class=\"size-full wp-image-162416 aligncenter\" src=\"https:\/\/www.weine-feinkost.de\/unterwegs\/wp-content\/uploads\/2017\/11\/Le-Flair_Duesseldorf_Deutschland_8.jpg\" alt=\"\" width=\"640\" height=\"480\" srcset=\"https:\/\/www.weine-feinkost.de\/unterwegs\/wp-content\/uploads\/2017\/11\/Le-Flair_Duesseldorf_Deutschland_8.jpg 640w, https:\/\/www.weine-feinkost.de\/unterwegs\/wp-content\/uploads\/2017\/11\/Le-Flair_Duesseldorf_Deutschland_8-300x225.jpg 300w\" sizes=\"auto, (max-width: 640px) 100vw, 640px\" \/>Rindertartar mit Gillardeau Austern, Cecina aus Leon und knusprigen Schalotten.<\/p>\n<p style=\"text-align: center;\"><img loading=\"lazy\" decoding=\"async\" class=\"size-full wp-image-162417 aligncenter\" src=\"https:\/\/www.weine-feinkost.de\/unterwegs\/wp-content\/uploads\/2017\/11\/Le-Flair_Duesseldorf_Deutschland_9.jpg\" alt=\"\" width=\"640\" height=\"480\" srcset=\"https:\/\/www.weine-feinkost.de\/unterwegs\/wp-content\/uploads\/2017\/11\/Le-Flair_Duesseldorf_Deutschland_9.jpg 640w, https:\/\/www.weine-feinkost.de\/unterwegs\/wp-content\/uploads\/2017\/11\/Le-Flair_Duesseldorf_Deutschland_9-300x225.jpg 300w\" sizes=\"auto, (max-width: 640px) 100vw, 640px\" \/>Les Escargots: Weinbergsschnecken mit Spinat, Liebst\u00f6ckel, Petersilie, Sellerie P\u00fcree und Champignonsud.<\/p>\n<p style=\"text-align: center;\"><img loading=\"lazy\" decoding=\"async\" class=\"size-full wp-image-162418 aligncenter\" src=\"https:\/\/www.weine-feinkost.de\/unterwegs\/wp-content\/uploads\/2017\/11\/Le-Flair_Duesseldorf_Deutschland_10.jpg\" alt=\"\" width=\"640\" height=\"480\" srcset=\"https:\/\/www.weine-feinkost.de\/unterwegs\/wp-content\/uploads\/2017\/11\/Le-Flair_Duesseldorf_Deutschland_10.jpg 640w, https:\/\/www.weine-feinkost.de\/unterwegs\/wp-content\/uploads\/2017\/11\/Le-Flair_Duesseldorf_Deutschland_10-300x225.jpg 300w\" sizes=\"auto, (max-width: 640px) 100vw, 640px\" \/>S\u00fc\u00dfkartoffel Agnolotti, Salbei, Nussbutter und Chorizo.<\/p>\n<p style=\"text-align: center;\"><img loading=\"lazy\" decoding=\"async\" class=\"size-full wp-image-162419 aligncenter\" src=\"https:\/\/www.weine-feinkost.de\/unterwegs\/wp-content\/uploads\/2017\/11\/Le-Flair_Duesseldorf_Deutschland_11.jpg\" alt=\"\" width=\"640\" height=\"480\" srcset=\"https:\/\/www.weine-feinkost.de\/unterwegs\/wp-content\/uploads\/2017\/11\/Le-Flair_Duesseldorf_Deutschland_11.jpg 640w, https:\/\/www.weine-feinkost.de\/unterwegs\/wp-content\/uploads\/2017\/11\/Le-Flair_Duesseldorf_Deutschland_11-300x225.jpg 300w\" sizes=\"auto, (max-width: 640px) 100vw, 640px\" \/>Wildfang Zander, Venere Reis mit Parmesan, Bisque Sauce mit Vanille, Sherry und Imperial Kaviar.<\/p>\n<p style=\"text-align: center;\"><img loading=\"lazy\" decoding=\"async\" class=\"size-full wp-image-162420 aligncenter\" src=\"https:\/\/www.weine-feinkost.de\/unterwegs\/wp-content\/uploads\/2017\/11\/Le-Flair_Duesseldorf_Deutschland_12.jpg\" alt=\"\" width=\"640\" height=\"480\" srcset=\"https:\/\/www.weine-feinkost.de\/unterwegs\/wp-content\/uploads\/2017\/11\/Le-Flair_Duesseldorf_Deutschland_12.jpg 640w, https:\/\/www.weine-feinkost.de\/unterwegs\/wp-content\/uploads\/2017\/11\/Le-Flair_Duesseldorf_Deutschland_12-300x225.jpg 300w\" sizes=\"auto, (max-width: 640px) 100vw, 640px\" \/>Gebratene Entenbrust, Haselnuss-Miso Creme und&nbsp; &#8230;<\/p>\n<p style=\"text-align: center;\"><img loading=\"lazy\" decoding=\"async\" class=\"size-full wp-image-162421 aligncenter\" src=\"https:\/\/www.weine-feinkost.de\/unterwegs\/wp-content\/uploads\/2017\/11\/Le-Flair_Duesseldorf_Deutschland_13.jpg\" alt=\"\" width=\"640\" height=\"480\" srcset=\"https:\/\/www.weine-feinkost.de\/unterwegs\/wp-content\/uploads\/2017\/11\/Le-Flair_Duesseldorf_Deutschland_13.jpg 640w, https:\/\/www.weine-feinkost.de\/unterwegs\/wp-content\/uploads\/2017\/11\/Le-Flair_Duesseldorf_Deutschland_13-300x225.jpg 300w\" sizes=\"auto, (max-width: 640px) 100vw, 640px\" \/>&#8230; wei\u00dfer Rettich mit Foie Gras mit Verbene Butter.<\/p>\n<p style=\"text-align: center;\"><img loading=\"lazy\" decoding=\"async\" class=\"size-full wp-image-162422 aligncenter\" src=\"https:\/\/www.weine-feinkost.de\/unterwegs\/wp-content\/uploads\/2017\/11\/Le-Flair_Duesseldorf_Deutschland_14.jpg\" alt=\"\" width=\"640\" height=\"480\" srcset=\"https:\/\/www.weine-feinkost.de\/unterwegs\/wp-content\/uploads\/2017\/11\/Le-Flair_Duesseldorf_Deutschland_14.jpg 640w, https:\/\/www.weine-feinkost.de\/unterwegs\/wp-content\/uploads\/2017\/11\/Le-Flair_Duesseldorf_Deutschland_14-300x225.jpg 300w\" sizes=\"auto, (max-width: 640px) 100vw, 640px\" \/>Haselnuss mit Vanilleeis.<\/p>\n<p style=\"text-align: center;\"><img loading=\"lazy\" decoding=\"async\" class=\"size-full wp-image-162423 aligncenter\" src=\"https:\/\/www.weine-feinkost.de\/unterwegs\/wp-content\/uploads\/2017\/11\/Le-Flair_Duesseldorf_Deutschland_15.jpg\" alt=\"\" width=\"640\" height=\"480\" srcset=\"https:\/\/www.weine-feinkost.de\/unterwegs\/wp-content\/uploads\/2017\/11\/Le-Flair_Duesseldorf_Deutschland_15.jpg 640w, https:\/\/www.weine-feinkost.de\/unterwegs\/wp-content\/uploads\/2017\/11\/Le-Flair_Duesseldorf_Deutschland_15-300x225.jpg 300w\" sizes=\"auto, (max-width: 640px) 100vw, 640px\" \/>Bananenbrot und Bananeneis.<\/p>\n<p style=\"text-align: center;\"><img loading=\"lazy\" decoding=\"async\" class=\"size-full wp-image-162424 aligncenter\" src=\"https:\/\/www.weine-feinkost.de\/unterwegs\/wp-content\/uploads\/2017\/11\/Le-Flair_Duesseldorf_Deutschland_16.jpg\" alt=\"\" width=\"640\" height=\"480\" srcset=\"https:\/\/www.weine-feinkost.de\/unterwegs\/wp-content\/uploads\/2017\/11\/Le-Flair_Duesseldorf_Deutschland_16.jpg 640w, https:\/\/www.weine-feinkost.de\/unterwegs\/wp-content\/uploads\/2017\/11\/Le-Flair_Duesseldorf_Deutschland_16-300x225.jpg 300w\" sizes=\"auto, (max-width: 640px) 100vw, 640px\" \/>Mango, Safran Variation.<\/p>\n<p style=\"text-align: center;\"><img loading=\"lazy\" decoding=\"async\" class=\"size-full wp-image-162425 aligncenter\" src=\"https:\/\/www.weine-feinkost.de\/unterwegs\/wp-content\/uploads\/2017\/11\/Le-Flair_Duesseldorf_Deutschland_17.jpg\" alt=\"\" width=\"640\" height=\"480\" srcset=\"https:\/\/www.weine-feinkost.de\/unterwegs\/wp-content\/uploads\/2017\/11\/Le-Flair_Duesseldorf_Deutschland_17.jpg 640w, https:\/\/www.weine-feinkost.de\/unterwegs\/wp-content\/uploads\/2017\/11\/Le-Flair_Duesseldorf_Deutschland_17-300x225.jpg 300w\" sizes=\"auto, (max-width: 640px) 100vw, 640px\" \/>Petit Fours.<\/p>\n<p>Restaurant Le Flair<br \/>\nMarc-Chagall-Stra\u00dfe 108<br \/>\n40477 D\u00fcsseldorf<br \/>\nTelefon: 0211 51455688<br \/>\n<a href=\"http:\/\/restaurant-leflair.de\/\">www.restaurant-leflair.de<\/a><\/p>\n","protected":false},"excerpt":{"rendered":"<p>Le Flair &#8211; D\u00fcsseldorf &#8211; Deutschland Ob das nur aus hohen Betonw\u00e4nden bestehende, recht neue D\u00fcsseldorfer Quartier Central wirklich sch\u00f6n ist, werden wohl die folgenden Generationen entscheiden m\u00fcssen. In jedem Fall hat sich im Erdgeschoss einer dieser Betonsilos das gem\u00fctliche Restaurant Le Flair bereits einen Namen gemacht. Hier kocht der aus der franz\u00f6sisch sprachigen Schweiz &#8230; <a title=\"Le Flair &#8211; D\u00fcsseldorf &#8211; Deutschland\" class=\"read-more\" href=\"https:\/\/www.weine-feinkost.de\/unterwegs\/2018\/01\/le-flair-duesseldorf-deutschland\/\" aria-label=\"Mehr dazu unter Le Flair &#8211; D\u00fcsseldorf &#8211; Deutschland\">Weiterlesen<\/a><\/p>\n","protected":false},"author":7,"featured_media":162411,"comment_status":"open","ping_status":"open","sticky":false,"template":"","format":"standard","meta":{"_jetpack_newsletter_access":"","_jetpack_dont_email_post_to_subs":false,"_jetpack_newsletter_tier_id":0,"_jetpack_memberships_contains_paywalled_content":false,"_jetpack_feature_clip_id":0,"_jetpack_memberships_contains_paid_content":false,"footnotes":"","jetpack_publicize_message":"","jetpack_publicize_feature_enabled":true,"jetpack_social_post_already_shared":true,"jetpack_social_options":{"image_generator_settings":{"template":"highway","default_image_id":0,"font":"","enabled":false},"version":2},"jetpack_post_was_ever_published":false},"categories":[31,41,13],"tags":[120,102,1516,73],"post_folder":[],"class_list":["post-39163","post","type-post","status-publish","format-standard","has-post-thumbnail","hentry","category-deutschland-restaurants","category-michelin-star","category-restaurants","tag-deutschland","tag-duesseldorf","tag-le-flair","tag-restaurant"],"yoast_head":"<!-- This site is optimized with the Yoast SEO plugin v28.3 - https:\/\/yoast.com\/product\/yoast-seo-wordpress\/ -->\n<title>Le Flair - D\u00fcsseldorf - Deutschland - Unterwegs mit Weine &amp; Feinkost<\/title>\n<meta name=\"description\" content=\"Das Le Flair in D\u00fcsseldorf verbindet eine lockere Art mit einer ambitionierten Bistro K\u00fcche.\" \/>\n<meta name=\"robots\" content=\"index, follow, max-snippet:-1, max-image-preview:large, max-video-preview:-1\" \/>\n<link rel=\"canonical\" href=\"https:\/\/www.weine-feinkost.de\/unterwegs\/2018\/01\/le-flair-duesseldorf-deutschland\/\" \/>\n<meta property=\"og:locale\" content=\"de_DE\" \/>\n<meta property=\"og:type\" content=\"article\" \/>\n<meta property=\"og:title\" content=\"Le Flair - D\u00fcsseldorf - Deutschland - Unterwegs mit Weine &amp; Feinkost\" \/>\n<meta property=\"og:description\" content=\"Das Le Flair in D\u00fcsseldorf verbindet eine lockere Art mit einer ambitionierten Bistro K\u00fcche.\" \/>\n<meta property=\"og:url\" content=\"https:\/\/www.weine-feinkost.de\/unterwegs\/2018\/01\/le-flair-duesseldorf-deutschland\/\" \/>\n<meta property=\"og:site_name\" content=\"Unterwegs mit Weine &amp; Feinkost\" \/>\n<meta property=\"article:published_time\" content=\"2018-01-11T10:00:58+00:00\" \/>\n<meta property=\"article:modified_time\" content=\"2023-03-21T15:34:52+00:00\" \/>\n<meta property=\"og:image\" content=\"https:\/\/www.weine-feinkost.de\/unterwegs\/wp-content\/uploads\/2017\/11\/Le-Flair_Duesseldorf_Deutschland_3.jpg\" \/>\n\t<meta property=\"og:image:width\" content=\"640\" \/>\n\t<meta property=\"og:image:height\" content=\"480\" \/>\n\t<meta property=\"og:image:type\" content=\"image\/jpeg\" \/>\n<meta name=\"author\" content=\"Christian Fenske\" \/>\n<meta name=\"twitter:card\" content=\"summary_large_image\" \/>\n<meta name=\"twitter:label1\" content=\"Verfasst von\" \/>\n\t<meta name=\"twitter:data1\" content=\"Christian Fenske\" \/>\n\t<meta name=\"twitter:label2\" content=\"Gesch\u00e4tzte Lesezeit\" \/>\n\t<meta name=\"twitter:data2\" content=\"5\u00a0Minuten\" \/>\n<script type=\"application\/ld+json\" class=\"yoast-schema-graph\">{\"@context\":\"https:\\\/\\\/schema.org\",\"@graph\":[{\"@type\":\"Article\",\"@id\":\"https:\\\/\\\/www.weine-feinkost.de\\\/unterwegs\\\/2018\\\/01\\\/le-flair-duesseldorf-deutschland\\\/#article\",\"isPartOf\":{\"@id\":\"https:\\\/\\\/www.weine-feinkost.de\\\/unterwegs\\\/2018\\\/01\\\/le-flair-duesseldorf-deutschland\\\/\"},\"author\":{\"name\":\"Christian Fenske\",\"@id\":\"https:\\\/\\\/www.weine-feinkost.de\\\/unterwegs\\\/#\\\/schema\\\/person\\\/c07d66169fd0e04307bfe7cdc99ac26a\"},\"headline\":\"Le Flair &#8211; D\u00fcsseldorf &#8211; Deutschland\",\"datePublished\":\"2018-01-11T10:00:58+00:00\",\"dateModified\":\"2023-03-21T15:34:52+00:00\",\"mainEntityOfPage\":{\"@id\":\"https:\\\/\\\/www.weine-feinkost.de\\\/unterwegs\\\/2018\\\/01\\\/le-flair-duesseldorf-deutschland\\\/\"},\"wordCount\":283,\"commentCount\":0,\"publisher\":{\"@id\":\"https:\\\/\\\/www.weine-feinkost.de\\\/unterwegs\\\/#organization\"},\"image\":{\"@id\":\"https:\\\/\\\/www.weine-feinkost.de\\\/unterwegs\\\/2018\\\/01\\\/le-flair-duesseldorf-deutschland\\\/#primaryimage\"},\"thumbnailUrl\":\"https:\\\/\\\/www.weine-feinkost.de\\\/unterwegs\\\/wp-content\\\/uploads\\\/2017\\\/11\\\/Le-Flair_Duesseldorf_Deutschland_3.jpg\",\"keywords\":[\"Deutschland\",\"D\u00fcsseldorf\",\"Le Flair\",\"Restaurant\"],\"articleSection\":[\"Deutschland\",\"Michelin Star\",\"Restaurants\"],\"inLanguage\":\"de\",\"potentialAction\":[{\"@type\":\"CommentAction\",\"name\":\"Comment\",\"target\":[\"https:\\\/\\\/www.weine-feinkost.de\\\/unterwegs\\\/2018\\\/01\\\/le-flair-duesseldorf-deutschland\\\/#respond\"]}]},{\"@type\":\"WebPage\",\"@id\":\"https:\\\/\\\/www.weine-feinkost.de\\\/unterwegs\\\/2018\\\/01\\\/le-flair-duesseldorf-deutschland\\\/\",\"url\":\"https:\\\/\\\/www.weine-feinkost.de\\\/unterwegs\\\/2018\\\/01\\\/le-flair-duesseldorf-deutschland\\\/\",\"name\":\"Le Flair - D\u00fcsseldorf - Deutschland - Unterwegs mit Weine &amp; Feinkost\",\"isPartOf\":{\"@id\":\"https:\\\/\\\/www.weine-feinkost.de\\\/unterwegs\\\/#website\"},\"primaryImageOfPage\":{\"@id\":\"https:\\\/\\\/www.weine-feinkost.de\\\/unterwegs\\\/2018\\\/01\\\/le-flair-duesseldorf-deutschland\\\/#primaryimage\"},\"image\":{\"@id\":\"https:\\\/\\\/www.weine-feinkost.de\\\/unterwegs\\\/2018\\\/01\\\/le-flair-duesseldorf-deutschland\\\/#primaryimage\"},\"thumbnailUrl\":\"https:\\\/\\\/www.weine-feinkost.de\\\/unterwegs\\\/wp-content\\\/uploads\\\/2017\\\/11\\\/Le-Flair_Duesseldorf_Deutschland_3.jpg\",\"datePublished\":\"2018-01-11T10:00:58+00:00\",\"dateModified\":\"2023-03-21T15:34:52+00:00\",\"description\":\"Das Le Flair in D\u00fcsseldorf verbindet eine lockere Art mit einer ambitionierten Bistro K\u00fcche.\",\"breadcrumb\":{\"@id\":\"https:\\\/\\\/www.weine-feinkost.de\\\/unterwegs\\\/2018\\\/01\\\/le-flair-duesseldorf-deutschland\\\/#breadcrumb\"},\"inLanguage\":\"de\",\"potentialAction\":[{\"@type\":\"ReadAction\",\"target\":[\"https:\\\/\\\/www.weine-feinkost.de\\\/unterwegs\\\/2018\\\/01\\\/le-flair-duesseldorf-deutschland\\\/\"]}]},{\"@type\":\"ImageObject\",\"inLanguage\":\"de\",\"@id\":\"https:\\\/\\\/www.weine-feinkost.de\\\/unterwegs\\\/2018\\\/01\\\/le-flair-duesseldorf-deutschland\\\/#primaryimage\",\"url\":\"https:\\\/\\\/www.weine-feinkost.de\\\/unterwegs\\\/wp-content\\\/uploads\\\/2017\\\/11\\\/Le-Flair_Duesseldorf_Deutschland_3.jpg\",\"contentUrl\":\"https:\\\/\\\/www.weine-feinkost.de\\\/unterwegs\\\/wp-content\\\/uploads\\\/2017\\\/11\\\/Le-Flair_Duesseldorf_Deutschland_3.jpg\",\"width\":640,\"height\":480},{\"@type\":\"BreadcrumbList\",\"@id\":\"https:\\\/\\\/www.weine-feinkost.de\\\/unterwegs\\\/2018\\\/01\\\/le-flair-duesseldorf-deutschland\\\/#breadcrumb\",\"itemListElement\":[{\"@type\":\"ListItem\",\"position\":1,\"name\":\"Startseite\",\"item\":\"https:\\\/\\\/www.weine-feinkost.de\\\/unterwegs\\\/\"},{\"@type\":\"ListItem\",\"position\":2,\"name\":\"Le Flair &#8211; D\u00fcsseldorf &#8211; Deutschland\"}]},{\"@type\":\"WebSite\",\"@id\":\"https:\\\/\\\/www.weine-feinkost.de\\\/unterwegs\\\/#website\",\"url\":\"https:\\\/\\\/www.weine-feinkost.de\\\/unterwegs\\\/\",\"name\":\"Unterwegs mit Weine &amp; Feinkost\",\"description\":\"Entdecken Sie Genuss\",\"publisher\":{\"@id\":\"https:\\\/\\\/www.weine-feinkost.de\\\/unterwegs\\\/#organization\"},\"potentialAction\":[{\"@type\":\"SearchAction\",\"target\":{\"@type\":\"EntryPoint\",\"urlTemplate\":\"https:\\\/\\\/www.weine-feinkost.de\\\/unterwegs\\\/?s={search_term_string}\"},\"query-input\":{\"@type\":\"PropertyValueSpecification\",\"valueRequired\":true,\"valueName\":\"search_term_string\"}}],\"inLanguage\":\"de\"},{\"@type\":\"Organization\",\"@id\":\"https:\\\/\\\/www.weine-feinkost.de\\\/unterwegs\\\/#organization\",\"name\":\"Unterwegs mit Weine &amp; Feinkost\",\"url\":\"https:\\\/\\\/www.weine-feinkost.de\\\/unterwegs\\\/\",\"logo\":{\"@type\":\"ImageObject\",\"inLanguage\":\"de\",\"@id\":\"https:\\\/\\\/www.weine-feinkost.de\\\/unterwegs\\\/#\\\/schema\\\/logo\\\/image\\\/\",\"url\":\"https:\\\/\\\/www.weine-feinkost.de\\\/unterwegs\\\/wp-content\\\/uploads\\\/2022\\\/10\\\/logo_weinefeinkost_unterwegs_450x171.png\",\"contentUrl\":\"https:\\\/\\\/www.weine-feinkost.de\\\/unterwegs\\\/wp-content\\\/uploads\\\/2022\\\/10\\\/logo_weinefeinkost_unterwegs_450x171.png\",\"width\":450,\"height\":171,\"caption\":\"Unterwegs mit Weine &amp; Feinkost\"},\"image\":{\"@id\":\"https:\\\/\\\/www.weine-feinkost.de\\\/unterwegs\\\/#\\\/schema\\\/logo\\\/image\\\/\"}},{\"@type\":\"Person\",\"@id\":\"https:\\\/\\\/www.weine-feinkost.de\\\/unterwegs\\\/#\\\/schema\\\/person\\\/c07d66169fd0e04307bfe7cdc99ac26a\",\"name\":\"Christian Fenske\",\"image\":{\"@type\":\"ImageObject\",\"inLanguage\":\"de\",\"@id\":\"https:\\\/\\\/www.weine-feinkost.de\\\/unterwegs\\\/wp-content\\\/uploads\\\/2023\\\/01\\\/cropped-christian_profilbild-96x96.png\",\"url\":\"https:\\\/\\\/www.weine-feinkost.de\\\/unterwegs\\\/wp-content\\\/uploads\\\/2023\\\/01\\\/cropped-christian_profilbild-96x96.png\",\"contentUrl\":\"https:\\\/\\\/www.weine-feinkost.de\\\/unterwegs\\\/wp-content\\\/uploads\\\/2023\\\/01\\\/cropped-christian_profilbild-96x96.png\",\"caption\":\"Christian Fenske\"},\"description\":\"Zusammen an einem Tisch sitzen, gemeinsam zu kommunizieren und zu genie\u00dfen, das ist eine der herausragenden kulturellen Errungenschaft der Menschheit.\",\"url\":\"https:\\\/\\\/www.weine-feinkost.de\\\/unterwegs\\\/author\\\/christian-fenske\\\/\"}]}<\/script>\n<!-- \/ Yoast SEO plugin. -->","yoast_head_json":{"title":"Le Flair - D\u00fcsseldorf - Deutschland - Unterwegs mit Weine &amp; Feinkost","description":"Das Le Flair in D\u00fcsseldorf verbindet eine lockere Art mit einer ambitionierten Bistro K\u00fcche.","robots":{"index":"index","follow":"follow","max-snippet":"max-snippet:-1","max-image-preview":"max-image-preview:large","max-video-preview":"max-video-preview:-1"},"canonical":"https:\/\/www.weine-feinkost.de\/unterwegs\/2018\/01\/le-flair-duesseldorf-deutschland\/","og_locale":"de_DE","og_type":"article","og_title":"Le Flair - D\u00fcsseldorf - Deutschland - Unterwegs mit Weine &amp; Feinkost","og_description":"Das Le Flair in D\u00fcsseldorf verbindet eine lockere Art mit einer ambitionierten Bistro K\u00fcche.","og_url":"https:\/\/www.weine-feinkost.de\/unterwegs\/2018\/01\/le-flair-duesseldorf-deutschland\/","og_site_name":"Unterwegs mit Weine &amp; Feinkost","article_published_time":"2018-01-11T10:00:58+00:00","article_modified_time":"2023-03-21T15:34:52+00:00","og_image":[{"width":640,"height":480,"url":"https:\/\/www.weine-feinkost.de\/unterwegs\/wp-content\/uploads\/2017\/11\/Le-Flair_Duesseldorf_Deutschland_3.jpg","type":"image\/jpeg"}],"author":"Christian Fenske","twitter_card":"summary_large_image","twitter_misc":{"Verfasst von":"Christian Fenske","Gesch\u00e4tzte Lesezeit":"5\u00a0Minuten"},"schema":{"@context":"https:\/\/schema.org","@graph":[{"@type":"Article","@id":"https:\/\/www.weine-feinkost.de\/unterwegs\/2018\/01\/le-flair-duesseldorf-deutschland\/#article","isPartOf":{"@id":"https:\/\/www.weine-feinkost.de\/unterwegs\/2018\/01\/le-flair-duesseldorf-deutschland\/"},"author":{"name":"Christian Fenske","@id":"https:\/\/www.weine-feinkost.de\/unterwegs\/#\/schema\/person\/c07d66169fd0e04307bfe7cdc99ac26a"},"headline":"Le Flair &#8211; D\u00fcsseldorf &#8211; Deutschland","datePublished":"2018-01-11T10:00:58+00:00","dateModified":"2023-03-21T15:34:52+00:00","mainEntityOfPage":{"@id":"https:\/\/www.weine-feinkost.de\/unterwegs\/2018\/01\/le-flair-duesseldorf-deutschland\/"},"wordCount":283,"commentCount":0,"publisher":{"@id":"https:\/\/www.weine-feinkost.de\/unterwegs\/#organization"},"image":{"@id":"https:\/\/www.weine-feinkost.de\/unterwegs\/2018\/01\/le-flair-duesseldorf-deutschland\/#primaryimage"},"thumbnailUrl":"https:\/\/www.weine-feinkost.de\/unterwegs\/wp-content\/uploads\/2017\/11\/Le-Flair_Duesseldorf_Deutschland_3.jpg","keywords":["Deutschland","D\u00fcsseldorf","Le Flair","Restaurant"],"articleSection":["Deutschland","Michelin Star","Restaurants"],"inLanguage":"de","potentialAction":[{"@type":"CommentAction","name":"Comment","target":["https:\/\/www.weine-feinkost.de\/unterwegs\/2018\/01\/le-flair-duesseldorf-deutschland\/#respond"]}]},{"@type":"WebPage","@id":"https:\/\/www.weine-feinkost.de\/unterwegs\/2018\/01\/le-flair-duesseldorf-deutschland\/","url":"https:\/\/www.weine-feinkost.de\/unterwegs\/2018\/01\/le-flair-duesseldorf-deutschland\/","name":"Le Flair - D\u00fcsseldorf - Deutschland - Unterwegs mit Weine &amp; Feinkost","isPartOf":{"@id":"https:\/\/www.weine-feinkost.de\/unterwegs\/#website"},"primaryImageOfPage":{"@id":"https:\/\/www.weine-feinkost.de\/unterwegs\/2018\/01\/le-flair-duesseldorf-deutschland\/#primaryimage"},"image":{"@id":"https:\/\/www.weine-feinkost.de\/unterwegs\/2018\/01\/le-flair-duesseldorf-deutschland\/#primaryimage"},"thumbnailUrl":"https:\/\/www.weine-feinkost.de\/unterwegs\/wp-content\/uploads\/2017\/11\/Le-Flair_Duesseldorf_Deutschland_3.jpg","datePublished":"2018-01-11T10:00:58+00:00","dateModified":"2023-03-21T15:34:52+00:00","description":"Das Le Flair in D\u00fcsseldorf verbindet eine lockere Art mit einer ambitionierten Bistro K\u00fcche.","breadcrumb":{"@id":"https:\/\/www.weine-feinkost.de\/unterwegs\/2018\/01\/le-flair-duesseldorf-deutschland\/#breadcrumb"},"inLanguage":"de","potentialAction":[{"@type":"ReadAction","target":["https:\/\/www.weine-feinkost.de\/unterwegs\/2018\/01\/le-flair-duesseldorf-deutschland\/"]}]},{"@type":"ImageObject","inLanguage":"de","@id":"https:\/\/www.weine-feinkost.de\/unterwegs\/2018\/01\/le-flair-duesseldorf-deutschland\/#primaryimage","url":"https:\/\/www.weine-feinkost.de\/unterwegs\/wp-content\/uploads\/2017\/11\/Le-Flair_Duesseldorf_Deutschland_3.jpg","contentUrl":"https:\/\/www.weine-feinkost.de\/unterwegs\/wp-content\/uploads\/2017\/11\/Le-Flair_Duesseldorf_Deutschland_3.jpg","width":640,"height":480},{"@type":"BreadcrumbList","@id":"https:\/\/www.weine-feinkost.de\/unterwegs\/2018\/01\/le-flair-duesseldorf-deutschland\/#breadcrumb","itemListElement":[{"@type":"ListItem","position":1,"name":"Startseite","item":"https:\/\/www.weine-feinkost.de\/unterwegs\/"},{"@type":"ListItem","position":2,"name":"Le Flair &#8211; D\u00fcsseldorf &#8211; Deutschland"}]},{"@type":"WebSite","@id":"https:\/\/www.weine-feinkost.de\/unterwegs\/#website","url":"https:\/\/www.weine-feinkost.de\/unterwegs\/","name":"Unterwegs mit Weine &amp; Feinkost","description":"Entdecken Sie Genuss","publisher":{"@id":"https:\/\/www.weine-feinkost.de\/unterwegs\/#organization"},"potentialAction":[{"@type":"SearchAction","target":{"@type":"EntryPoint","urlTemplate":"https:\/\/www.weine-feinkost.de\/unterwegs\/?s={search_term_string}"},"query-input":{"@type":"PropertyValueSpecification","valueRequired":true,"valueName":"search_term_string"}}],"inLanguage":"de"},{"@type":"Organization","@id":"https:\/\/www.weine-feinkost.de\/unterwegs\/#organization","name":"Unterwegs mit Weine &amp; Feinkost","url":"https:\/\/www.weine-feinkost.de\/unterwegs\/","logo":{"@type":"ImageObject","inLanguage":"de","@id":"https:\/\/www.weine-feinkost.de\/unterwegs\/#\/schema\/logo\/image\/","url":"https:\/\/www.weine-feinkost.de\/unterwegs\/wp-content\/uploads\/2022\/10\/logo_weinefeinkost_unterwegs_450x171.png","contentUrl":"https:\/\/www.weine-feinkost.de\/unterwegs\/wp-content\/uploads\/2022\/10\/logo_weinefeinkost_unterwegs_450x171.png","width":450,"height":171,"caption":"Unterwegs mit Weine &amp; Feinkost"},"image":{"@id":"https:\/\/www.weine-feinkost.de\/unterwegs\/#\/schema\/logo\/image\/"}},{"@type":"Person","@id":"https:\/\/www.weine-feinkost.de\/unterwegs\/#\/schema\/person\/c07d66169fd0e04307bfe7cdc99ac26a","name":"Christian Fenske","image":{"@type":"ImageObject","inLanguage":"de","@id":"https:\/\/www.weine-feinkost.de\/unterwegs\/wp-content\/uploads\/2023\/01\/cropped-christian_profilbild-96x96.png","url":"https:\/\/www.weine-feinkost.de\/unterwegs\/wp-content\/uploads\/2023\/01\/cropped-christian_profilbild-96x96.png","contentUrl":"https:\/\/www.weine-feinkost.de\/unterwegs\/wp-content\/uploads\/2023\/01\/cropped-christian_profilbild-96x96.png","caption":"Christian Fenske"},"description":"Zusammen an einem Tisch sitzen, gemeinsam zu kommunizieren und zu genie\u00dfen, das ist eine der herausragenden kulturellen Errungenschaft der Menschheit.","url":"https:\/\/www.weine-feinkost.de\/unterwegs\/author\/christian-fenske\/"}]}},"jetpack_publicize_connections":[],"jetpack_shortlink":"https:\/\/wp.me\/p68Tjo-abF","jetpack_sharing_enabled":true,"jetpack_likes_enabled":true,"jetpack_featured_media_url":"https:\/\/www.weine-feinkost.de\/unterwegs\/wp-content\/uploads\/2017\/11\/Le-Flair_Duesseldorf_Deutschland_3.jpg","_links":{"self":[{"href":"https:\/\/www.weine-feinkost.de\/unterwegs\/wp-json\/wp\/v2\/posts\/39163","targetHints":{"allow":["GET"]}}],"collection":[{"href":"https:\/\/www.weine-feinkost.de\/unterwegs\/wp-json\/wp\/v2\/posts"}],"about":[{"href":"https:\/\/www.weine-feinkost.de\/unterwegs\/wp-json\/wp\/v2\/types\/post"}],"author":[{"embeddable":true,"href":"https:\/\/www.weine-feinkost.de\/unterwegs\/wp-json\/wp\/v2\/users\/7"}],"replies":[{"embeddable":true,"href":"https:\/\/www.weine-feinkost.de\/unterwegs\/wp-json\/wp\/v2\/comments?post=39163"}],"version-history":[{"count":1,"href":"https:\/\/www.weine-feinkost.de\/unterwegs\/wp-json\/wp\/v2\/posts\/39163\/revisions"}],"predecessor-version":[{"id":197263,"href":"https:\/\/www.weine-feinkost.de\/unterwegs\/wp-json\/wp\/v2\/posts\/39163\/revisions\/197263"}],"wp:featuredmedia":[{"embeddable":true,"href":"https:\/\/www.weine-feinkost.de\/unterwegs\/wp-json\/wp\/v2\/media\/162411"}],"wp:attachment":[{"href":"https:\/\/www.weine-feinkost.de\/unterwegs\/wp-json\/wp\/v2\/media?parent=39163"}],"wp:term":[{"taxonomy":"category","embeddable":true,"href":"https:\/\/www.weine-feinkost.de\/unterwegs\/wp-json\/wp\/v2\/categories?post=39163"},{"taxonomy":"post_tag","embeddable":true,"href":"https:\/\/www.weine-feinkost.de\/unterwegs\/wp-json\/wp\/v2\/tags?post=39163"},{"taxonomy":"post_folder","embeddable":true,"href":"https:\/\/www.weine-feinkost.de\/unterwegs\/wp-json\/wp\/v2\/post_folder?post=39163"}],"curies":[{"name":"wp","href":"https:\/\/api.w.org\/{rel}","templated":true}]}}