{"id":39659,"date":"2018-03-10T11:00:55","date_gmt":"2018-03-10T10:00:55","guid":{"rendered":"https:\/\/www.weine-feinkost.de\/unterwegs\/?p=39659"},"modified":"2023-03-21T16:09:03","modified_gmt":"2023-03-21T15:09:03","slug":"agust-gastrobar-barcelona-spanien","status":"publish","type":"post","link":"https:\/\/www.weine-feinkost.de\/unterwegs\/2018\/03\/agust-gastrobar-barcelona-spanien\/","title":{"rendered":"Agust Gastrobar &#8211; Barcelona &#8211; Spanien"},"content":{"rendered":"<h2>Agust Gastrobar &#8211; Barcelona &#8211; Spanien<\/h2>\n<p>Ein nicht weg zu diskutierendes Problem der gro\u00dfen Metropolen dieser Erde sind ohne Zweifel die Kanalisationsysteme. Was auf engstem Raum hier den menschlichen K\u00f6rper Millionenmal am Tag verl\u00e4sst, soll unsichtbar, unterirdisch und schnell durch Tunnel und R\u00f6hren in Wiederaufbereitungsanlagen transportiert werden. Das Dumme ist nur, dass sich manchmal der eine oder andere Duft, je nach Wetterlage, seinen Weg durch die Ritzen nach oben bahnt. Oft duftet und m\u00fcffelt es also leider aus allen L\u00f6chern in Boutiquen und Gesch\u00e4ften und zwangsl\u00e4ufig leider auch in Restaurants. Da auch den Betreibern dieser Gesch\u00e4fte dieser unerfreuliche Nebeneffekt nicht verborgen bleibt, werden dann gerne R\u00e4ucherkerzen und Duftlampen eingesetzt. Diesen Duftkrieg kann leider niemand gewinnen und so kann man als Gast nur hoffen, dass es bald einen Wetterumschwung gibt oder man sich einfach daran gew\u00f6hnt.<\/p>\n<p>Die Gastrobar Agust im Stadtteil Sant Antoni in Barcelona hat leider auch so ein kleines Duft Problem und obwohl hier alles gem\u00fctlich aussieht, fein illuminiert ist und auch die kleine offene K\u00fcche blitzt und gl\u00e4nzt, kriecht die eine oder andere Dunstschwade leider schon einmal aus dem Untergrund empor.<\/p>\n<p>Trotzdem muss den hier dargereichten kleinen und gr\u00f6\u00dferen Gerichten ein gro\u00dfes Kompliment gemacht werden. Hier wird mit frischen Lebensmitteln gekonnt umgegangen, und vor allen Dingen die asiatische K\u00fcche l\u00e4sst in vielen Ans\u00e4tzen Gr\u00fcssen und verbindet sich harmonisch mit spanischen K\u00fcchenklassikern sowie mexikanischen und s\u00fcdamerikanischen Elementen.<\/p>\n<p>Die beiden Franzosen Jean Christophe und Hicham Houmidide haben hier etwas geschaffen, was es viel h\u00e4ufiger geben sollte. Kreative K\u00fcche zu \u00e4u\u00dferst fairen Preisen in einem spa\u00dfigen und unverkrampften Ambiente.<\/p>\n<p><img loading=\"lazy\" decoding=\"async\" class=\"size-full wp-image-145728 aligncenter\" src=\"https:\/\/www.weine-feinkost.de\/unterwegs\/wp-content\/uploads\/2018\/02\/Agust_Gastrobar_Barcelona_Spanien_16.jpg\" alt=\"\" width=\"640\" height=\"480\" srcset=\"https:\/\/www.weine-feinkost.de\/unterwegs\/wp-content\/uploads\/2018\/02\/Agust_Gastrobar_Barcelona_Spanien_16.jpg 640w, https:\/\/www.weine-feinkost.de\/unterwegs\/wp-content\/uploads\/2018\/02\/Agust_Gastrobar_Barcelona_Spanien_16-300x225.jpg 300w\" sizes=\"auto, (max-width: 640px) 100vw, 640px\" \/><\/p>\n<p style=\"text-align: center;\"><img loading=\"lazy\" decoding=\"async\" class=\"size-full wp-image-145748 aligncenter\" src=\"https:\/\/www.weine-feinkost.de\/unterwegs\/wp-content\/uploads\/2018\/02\/Agust_Gastrobar_Barcelona_Spanien_1.jpg\" alt=\"\" width=\"640\" height=\"480\" srcset=\"https:\/\/www.weine-feinkost.de\/unterwegs\/wp-content\/uploads\/2018\/02\/Agust_Gastrobar_Barcelona_Spanien_1.jpg 640w, https:\/\/www.weine-feinkost.de\/unterwegs\/wp-content\/uploads\/2018\/02\/Agust_Gastrobar_Barcelona_Spanien_1-300x225.jpg 300w\" sizes=\"auto, (max-width: 640px) 100vw, 640px\" \/>Kroketten mit Meeresfr\u00fcchten und Romesco Sauce.<\/p>\n<p style=\"text-align: center;\"><img loading=\"lazy\" decoding=\"async\" class=\"size-full wp-image-145726 aligncenter\" src=\"https:\/\/www.weine-feinkost.de\/unterwegs\/wp-content\/uploads\/2018\/02\/Agust_Gastrobar_Barcelona_Spanien_2.jpg\" alt=\"\" width=\"640\" height=\"480\" srcset=\"https:\/\/www.weine-feinkost.de\/unterwegs\/wp-content\/uploads\/2018\/02\/Agust_Gastrobar_Barcelona_Spanien_2.jpg 640w, https:\/\/www.weine-feinkost.de\/unterwegs\/wp-content\/uploads\/2018\/02\/Agust_Gastrobar_Barcelona_Spanien_2-300x225.jpg 300w\" sizes=\"auto, (max-width: 640px) 100vw, 640px\" \/>Calamar Br\u00f6tchen a la Gastrobar Agust mit Kimchi Sauce.<\/p>\n<p style=\"text-align: center;\"><img loading=\"lazy\" decoding=\"async\" class=\"size-full wp-image-162634 aligncenter\" src=\"https:\/\/www.weine-feinkost.de\/unterwegs\/wp-content\/uploads\/2018\/02\/Agust_Gastrobar_Barcelona_Spanien_3.jpg\" alt=\"\" width=\"640\" height=\"480\" srcset=\"https:\/\/www.weine-feinkost.de\/unterwegs\/wp-content\/uploads\/2018\/02\/Agust_Gastrobar_Barcelona_Spanien_3.jpg 640w, https:\/\/www.weine-feinkost.de\/unterwegs\/wp-content\/uploads\/2018\/02\/Agust_Gastrobar_Barcelona_Spanien_3-300x225.jpg 300w\" sizes=\"auto, (max-width: 640px) 100vw, 640px\" \/>Thunfisch Tatar auf roher Kohlrabischeibe mit Shiso Sauce.<\/p>\n<p style=\"text-align: center;\"><img loading=\"lazy\" decoding=\"async\" class=\"size-full wp-image-162635 aligncenter\" src=\"https:\/\/www.weine-feinkost.de\/unterwegs\/wp-content\/uploads\/2018\/02\/Agust_Gastrobar_Barcelona_Spanien_4.jpg\" alt=\"\" width=\"640\" height=\"480\" srcset=\"https:\/\/www.weine-feinkost.de\/unterwegs\/wp-content\/uploads\/2018\/02\/Agust_Gastrobar_Barcelona_Spanien_4.jpg 640w, https:\/\/www.weine-feinkost.de\/unterwegs\/wp-content\/uploads\/2018\/02\/Agust_Gastrobar_Barcelona_Spanien_4-300x225.jpg 300w\" sizes=\"auto, (max-width: 640px) 100vw, 640px\" \/>Mit Tee mariniertes Lachs Sashimi und &#8230;<\/p>\n<p style=\"text-align: center;\"><img loading=\"lazy\" decoding=\"async\" class=\"size-full wp-image-162636 aligncenter\" src=\"https:\/\/www.weine-feinkost.de\/unterwegs\/wp-content\/uploads\/2018\/02\/Agust_Gastrobar_Barcelona_Spanien_5.jpg\" alt=\"\" width=\"640\" height=\"480\" srcset=\"https:\/\/www.weine-feinkost.de\/unterwegs\/wp-content\/uploads\/2018\/02\/Agust_Gastrobar_Barcelona_Spanien_5.jpg 640w, https:\/\/www.weine-feinkost.de\/unterwegs\/wp-content\/uploads\/2018\/02\/Agust_Gastrobar_Barcelona_Spanien_5-300x225.jpg 300w\" sizes=\"auto, (max-width: 640px) 100vw, 640px\" \/>&#8230; Algensalat.<\/p>\n<p style=\"text-align: center;\"><img loading=\"lazy\" decoding=\"async\" class=\"size-full wp-image-162637 aligncenter\" src=\"https:\/\/www.weine-feinkost.de\/unterwegs\/wp-content\/uploads\/2018\/02\/Agust_Gastrobar_Barcelona_Spanien_6.jpg\" alt=\"\" width=\"640\" height=\"480\" srcset=\"https:\/\/www.weine-feinkost.de\/unterwegs\/wp-content\/uploads\/2018\/02\/Agust_Gastrobar_Barcelona_Spanien_6.jpg 640w, https:\/\/www.weine-feinkost.de\/unterwegs\/wp-content\/uploads\/2018\/02\/Agust_Gastrobar_Barcelona_Spanien_6-300x225.jpg 300w\" sizes=\"auto, (max-width: 640px) 100vw, 640px\" \/>Avocado Cannelloni gef\u00fcllt mit Gambas und Sonnenblumenkernen in Safran-Vinaigrette.<\/p>\n<p style=\"text-align: center;\"><img loading=\"lazy\" decoding=\"async\" class=\"size-full wp-image-145739 aligncenter\" src=\"https:\/\/www.weine-feinkost.de\/unterwegs\/wp-content\/uploads\/2018\/02\/Agust_Gastrobar_Barcelona_Spanien_8.jpg\" alt=\"\" width=\"640\" height=\"480\" srcset=\"https:\/\/www.weine-feinkost.de\/unterwegs\/wp-content\/uploads\/2018\/02\/Agust_Gastrobar_Barcelona_Spanien_8.jpg 640w, https:\/\/www.weine-feinkost.de\/unterwegs\/wp-content\/uploads\/2018\/02\/Agust_Gastrobar_Barcelona_Spanien_8-300x225.jpg 300w\" sizes=\"auto, (max-width: 640px) 100vw, 640px\" \/>Gegrilltes Markgem\u00fcse.<\/p>\n<p style=\"text-align: center;\"><img loading=\"lazy\" decoding=\"async\" class=\"size-full wp-image-145749 aligncenter\" src=\"https:\/\/www.weine-feinkost.de\/unterwegs\/wp-content\/uploads\/2018\/02\/Agust_Gastrobar_Barcelona_Spanien_9.jpg\" alt=\"\" width=\"640\" height=\"480\" srcset=\"https:\/\/www.weine-feinkost.de\/unterwegs\/wp-content\/uploads\/2018\/02\/Agust_Gastrobar_Barcelona_Spanien_9.jpg 640w, https:\/\/www.weine-feinkost.de\/unterwegs\/wp-content\/uploads\/2018\/02\/Agust_Gastrobar_Barcelona_Spanien_9-300x225.jpg 300w\" sizes=\"auto, (max-width: 640px) 100vw, 640px\" \/>Thunfisch Tataki mit Ponzu Sauce.<\/p>\n<p style=\"text-align: center;\"><img loading=\"lazy\" decoding=\"async\" class=\"size-full wp-image-145740 aligncenter\" src=\"https:\/\/www.weine-feinkost.de\/unterwegs\/wp-content\/uploads\/2018\/02\/Agust_Gastrobar_Barcelona_Spanien_10.jpg\" alt=\"\" width=\"640\" height=\"480\" srcset=\"https:\/\/www.weine-feinkost.de\/unterwegs\/wp-content\/uploads\/2018\/02\/Agust_Gastrobar_Barcelona_Spanien_10.jpg 640w, https:\/\/www.weine-feinkost.de\/unterwegs\/wp-content\/uploads\/2018\/02\/Agust_Gastrobar_Barcelona_Spanien_10-300x225.jpg 300w\" sizes=\"auto, (max-width: 640px) 100vw, 640px\" \/>Pan de Tomate.<\/p>\n<p style=\"text-align: center;\"><img loading=\"lazy\" decoding=\"async\" class=\"size-full wp-image-145734 aligncenter\" src=\"https:\/\/www.weine-feinkost.de\/unterwegs\/wp-content\/uploads\/2018\/02\/Agust_Gastrobar_Barcelona_Spanien_12-e1515671510844.jpg\" alt=\"\" width=\"480\" height=\"640\" srcset=\"https:\/\/www.weine-feinkost.de\/unterwegs\/wp-content\/uploads\/2018\/02\/Agust_Gastrobar_Barcelona_Spanien_12-e1515671510844.jpg 480w, https:\/\/www.weine-feinkost.de\/unterwegs\/wp-content\/uploads\/2018\/02\/Agust_Gastrobar_Barcelona_Spanien_12-e1515671510844-225x300.jpg 225w\" sizes=\"auto, (max-width: 480px) 100vw, 480px\" \/>Der Kaktus: Feigenkaktus-Sorbet, Mojito-Mousse und Schokoladen-Crumble.<\/p>\n<p style=\"text-align: center;\"><img loading=\"lazy\" decoding=\"async\" class=\"size-full wp-image-162644 aligncenter\" src=\"https:\/\/www.weine-feinkost.de\/unterwegs\/wp-content\/uploads\/2018\/02\/Agust_Gastrobar_Barcelona_Spanien_13.jpg\" alt=\"\" width=\"640\" height=\"480\" srcset=\"https:\/\/www.weine-feinkost.de\/unterwegs\/wp-content\/uploads\/2018\/02\/Agust_Gastrobar_Barcelona_Spanien_13.jpg 640w, https:\/\/www.weine-feinkost.de\/unterwegs\/wp-content\/uploads\/2018\/02\/Agust_Gastrobar_Barcelona_Spanien_13-300x225.jpg 300w\" sizes=\"auto, (max-width: 640px) 100vw, 640px\" \/>Mandarinen Mousse.<\/p>\n<p style=\"text-align: center;\"><img loading=\"lazy\" decoding=\"async\" class=\"size-full wp-image-162645 aligncenter\" src=\"https:\/\/www.weine-feinkost.de\/unterwegs\/wp-content\/uploads\/2018\/02\/Agust_Gastrobar_Barcelona_Spanien_14.jpg\" alt=\"\" width=\"640\" height=\"480\" srcset=\"https:\/\/www.weine-feinkost.de\/unterwegs\/wp-content\/uploads\/2018\/02\/Agust_Gastrobar_Barcelona_Spanien_14.jpg 640w, https:\/\/www.weine-feinkost.de\/unterwegs\/wp-content\/uploads\/2018\/02\/Agust_Gastrobar_Barcelona_Spanien_14-300x225.jpg 300w\" sizes=\"auto, (max-width: 640px) 100vw, 640px\" \/>Tapioca Perlen mit karamellisierter Ananas und handgemachter Eiscreme mit exotischen Fr\u00fcchten und Kokosnuss.<\/p>\n<p style=\"text-align: center;\"><img loading=\"lazy\" decoding=\"async\" class=\"size-full wp-image-145746 aligncenter\" src=\"https:\/\/www.weine-feinkost.de\/unterwegs\/wp-content\/uploads\/2018\/02\/Agust_Gastrobar_Barcelona_Spanien_15.jpg\" alt=\"\" width=\"640\" height=\"480\" srcset=\"https:\/\/www.weine-feinkost.de\/unterwegs\/wp-content\/uploads\/2018\/02\/Agust_Gastrobar_Barcelona_Spanien_15.jpg 640w, https:\/\/www.weine-feinkost.de\/unterwegs\/wp-content\/uploads\/2018\/02\/Agust_Gastrobar_Barcelona_Spanien_15-300x225.jpg 300w\" sizes=\"auto, (max-width: 640px) 100vw, 640px\" \/>Mascarpone und Caf\u00e9 Creme mit Schokolade und Haseln\u00fcssen.<\/p>\n<p><strong>Agust Gastrobar<\/strong><br \/>\nCarrer del Parlament, 54<br \/>\n08015 Barcelona<br \/>\nSpanien<br \/>\nTelefon: +34 931 62 67 33<br \/>\n<a href=\"http:\/\/agustbarcelona.com\/\">www.agustbarcelona.com<\/a><\/p>\n<p>&nbsp;<\/p>\n","protected":false},"excerpt":{"rendered":"<p>Agust Gastrobar &#8211; Barcelona &#8211; Spanien Ein nicht weg zu diskutierendes Problem der gro\u00dfen Metropolen dieser Erde sind ohne Zweifel die Kanalisationsysteme. Was auf engstem Raum hier den menschlichen K\u00f6rper Millionenmal am Tag verl\u00e4sst, soll unsichtbar, unterirdisch und schnell durch Tunnel und R\u00f6hren in Wiederaufbereitungsanlagen transportiert werden. Das Dumme ist nur, dass sich manchmal der &#8230; <a title=\"Agust Gastrobar &#8211; Barcelona &#8211; Spanien\" class=\"read-more\" href=\"https:\/\/www.weine-feinkost.de\/unterwegs\/2018\/03\/agust-gastrobar-barcelona-spanien\/\" aria-label=\"Mehr dazu unter Agust Gastrobar &#8211; Barcelona &#8211; Spanien\">Weiterlesen<\/a><\/p>\n","protected":false},"author":7,"featured_media":145732,"comment_status":"open","ping_status":"open","sticky":false,"template":"","format":"standard","meta":{"_jetpack_newsletter_access":"","_jetpack_dont_email_post_to_subs":false,"_jetpack_newsletter_tier_id":0,"_jetpack_memberships_contains_paywalled_content":false,"_jetpack_feature_clip_id":0,"_jetpack_memberships_contains_paid_content":false,"footnotes":"","jetpack_publicize_message":"","jetpack_publicize_feature_enabled":true,"jetpack_social_post_already_shared":true,"jetpack_social_options":{"image_generator_settings":{"template":"highway","default_image_id":0,"font":"","enabled":false},"version":2},"jetpack_post_was_ever_published":false},"categories":[13,30],"tags":[1596,72,73,79],"post_folder":[],"class_list":["post-39659","post","type-post","status-publish","format-standard","has-post-thumbnail","hentry","category-restaurants","category-spanien-restaurants","tag-agust-gastrobar","tag-barcelona","tag-restaurant","tag-spanien"],"yoast_head":"<!-- This site is optimized with the Yoast SEO plugin v28.3 - https:\/\/yoast.com\/product\/yoast-seo-wordpress\/ -->\n<title>Agust Gastrobar - Barcelona - Spanien - Unterwegs mit Weine &amp; Feinkost<\/title>\n<meta name=\"description\" content=\"Eine beeindruckende Gastrobar in Barcelona ist das Agust. Hier treffen asiatische, s\u00fcdamerikanische, mexikanische und spanische Elemente aufeinander.\" \/>\n<meta name=\"robots\" content=\"index, follow, max-snippet:-1, max-image-preview:large, max-video-preview:-1\" \/>\n<link rel=\"canonical\" href=\"https:\/\/www.weine-feinkost.de\/unterwegs\/2018\/03\/agust-gastrobar-barcelona-spanien\/\" \/>\n<meta property=\"og:locale\" content=\"de_DE\" \/>\n<meta property=\"og:type\" content=\"article\" \/>\n<meta property=\"og:title\" content=\"Agust Gastrobar - Barcelona - Spanien - Unterwegs mit Weine &amp; Feinkost\" \/>\n<meta property=\"og:description\" content=\"Eine beeindruckende Gastrobar in Barcelona ist das Agust. Hier treffen asiatische, s\u00fcdamerikanische, mexikanische und spanische Elemente aufeinander.\" \/>\n<meta property=\"og:url\" content=\"https:\/\/www.weine-feinkost.de\/unterwegs\/2018\/03\/agust-gastrobar-barcelona-spanien\/\" \/>\n<meta property=\"og:site_name\" content=\"Unterwegs mit Weine &amp; Feinkost\" \/>\n<meta property=\"article:published_time\" content=\"2018-03-10T10:00:55+00:00\" \/>\n<meta property=\"article:modified_time\" content=\"2023-03-21T15:09:03+00:00\" \/>\n<meta property=\"og:image\" content=\"https:\/\/www.weine-feinkost.de\/unterwegs\/wp-content\/uploads\/2018\/02\/Agust_Gastrobar_Barcelona_Spanien_11.jpg\" \/>\n\t<meta property=\"og:image:width\" content=\"640\" \/>\n\t<meta property=\"og:image:height\" content=\"480\" \/>\n\t<meta property=\"og:image:type\" content=\"image\/jpeg\" \/>\n<meta name=\"author\" content=\"Christian Fenske\" \/>\n<meta name=\"twitter:card\" content=\"summary_large_image\" \/>\n<meta name=\"twitter:label1\" content=\"Verfasst von\" \/>\n\t<meta name=\"twitter:data1\" content=\"Christian Fenske\" \/>\n\t<meta name=\"twitter:label2\" content=\"Gesch\u00e4tzte Lesezeit\" \/>\n\t<meta name=\"twitter:data2\" content=\"5\u00a0Minuten\" \/>\n<script type=\"application\/ld+json\" class=\"yoast-schema-graph\">{\"@context\":\"https:\\\/\\\/schema.org\",\"@graph\":[{\"@type\":\"Article\",\"@id\":\"https:\\\/\\\/www.weine-feinkost.de\\\/unterwegs\\\/2018\\\/03\\\/agust-gastrobar-barcelona-spanien\\\/#article\",\"isPartOf\":{\"@id\":\"https:\\\/\\\/www.weine-feinkost.de\\\/unterwegs\\\/2018\\\/03\\\/agust-gastrobar-barcelona-spanien\\\/\"},\"author\":{\"name\":\"Christian Fenske\",\"@id\":\"https:\\\/\\\/www.weine-feinkost.de\\\/unterwegs\\\/#\\\/schema\\\/person\\\/c07d66169fd0e04307bfe7cdc99ac26a\"},\"headline\":\"Agust Gastrobar &#8211; Barcelona &#8211; Spanien\",\"datePublished\":\"2018-03-10T10:00:55+00:00\",\"dateModified\":\"2023-03-21T15:09:03+00:00\",\"mainEntityOfPage\":{\"@id\":\"https:\\\/\\\/www.weine-feinkost.de\\\/unterwegs\\\/2018\\\/03\\\/agust-gastrobar-barcelona-spanien\\\/\"},\"wordCount\":386,\"commentCount\":0,\"publisher\":{\"@id\":\"https:\\\/\\\/www.weine-feinkost.de\\\/unterwegs\\\/#organization\"},\"image\":{\"@id\":\"https:\\\/\\\/www.weine-feinkost.de\\\/unterwegs\\\/2018\\\/03\\\/agust-gastrobar-barcelona-spanien\\\/#primaryimage\"},\"thumbnailUrl\":\"https:\\\/\\\/www.weine-feinkost.de\\\/unterwegs\\\/wp-content\\\/uploads\\\/2018\\\/02\\\/Agust_Gastrobar_Barcelona_Spanien_11.jpg\",\"keywords\":[\"Agust Gastrobar\",\"Barcelona\",\"Restaurant\",\"Spanien\"],\"articleSection\":[\"Restaurants\",\"Spanien\"],\"inLanguage\":\"de\",\"potentialAction\":[{\"@type\":\"CommentAction\",\"name\":\"Comment\",\"target\":[\"https:\\\/\\\/www.weine-feinkost.de\\\/unterwegs\\\/2018\\\/03\\\/agust-gastrobar-barcelona-spanien\\\/#respond\"]}]},{\"@type\":\"WebPage\",\"@id\":\"https:\\\/\\\/www.weine-feinkost.de\\\/unterwegs\\\/2018\\\/03\\\/agust-gastrobar-barcelona-spanien\\\/\",\"url\":\"https:\\\/\\\/www.weine-feinkost.de\\\/unterwegs\\\/2018\\\/03\\\/agust-gastrobar-barcelona-spanien\\\/\",\"name\":\"Agust Gastrobar - Barcelona - Spanien - Unterwegs mit Weine &amp; Feinkost\",\"isPartOf\":{\"@id\":\"https:\\\/\\\/www.weine-feinkost.de\\\/unterwegs\\\/#website\"},\"primaryImageOfPage\":{\"@id\":\"https:\\\/\\\/www.weine-feinkost.de\\\/unterwegs\\\/2018\\\/03\\\/agust-gastrobar-barcelona-spanien\\\/#primaryimage\"},\"image\":{\"@id\":\"https:\\\/\\\/www.weine-feinkost.de\\\/unterwegs\\\/2018\\\/03\\\/agust-gastrobar-barcelona-spanien\\\/#primaryimage\"},\"thumbnailUrl\":\"https:\\\/\\\/www.weine-feinkost.de\\\/unterwegs\\\/wp-content\\\/uploads\\\/2018\\\/02\\\/Agust_Gastrobar_Barcelona_Spanien_11.jpg\",\"datePublished\":\"2018-03-10T10:00:55+00:00\",\"dateModified\":\"2023-03-21T15:09:03+00:00\",\"description\":\"Eine beeindruckende Gastrobar in Barcelona ist das Agust. Hier treffen asiatische, s\u00fcdamerikanische, mexikanische und spanische Elemente aufeinander.\",\"breadcrumb\":{\"@id\":\"https:\\\/\\\/www.weine-feinkost.de\\\/unterwegs\\\/2018\\\/03\\\/agust-gastrobar-barcelona-spanien\\\/#breadcrumb\"},\"inLanguage\":\"de\",\"potentialAction\":[{\"@type\":\"ReadAction\",\"target\":[\"https:\\\/\\\/www.weine-feinkost.de\\\/unterwegs\\\/2018\\\/03\\\/agust-gastrobar-barcelona-spanien\\\/\"]}]},{\"@type\":\"ImageObject\",\"inLanguage\":\"de\",\"@id\":\"https:\\\/\\\/www.weine-feinkost.de\\\/unterwegs\\\/2018\\\/03\\\/agust-gastrobar-barcelona-spanien\\\/#primaryimage\",\"url\":\"https:\\\/\\\/www.weine-feinkost.de\\\/unterwegs\\\/wp-content\\\/uploads\\\/2018\\\/02\\\/Agust_Gastrobar_Barcelona_Spanien_11.jpg\",\"contentUrl\":\"https:\\\/\\\/www.weine-feinkost.de\\\/unterwegs\\\/wp-content\\\/uploads\\\/2018\\\/02\\\/Agust_Gastrobar_Barcelona_Spanien_11.jpg\",\"width\":640,\"height\":480},{\"@type\":\"BreadcrumbList\",\"@id\":\"https:\\\/\\\/www.weine-feinkost.de\\\/unterwegs\\\/2018\\\/03\\\/agust-gastrobar-barcelona-spanien\\\/#breadcrumb\",\"itemListElement\":[{\"@type\":\"ListItem\",\"position\":1,\"name\":\"Startseite\",\"item\":\"https:\\\/\\\/www.weine-feinkost.de\\\/unterwegs\\\/\"},{\"@type\":\"ListItem\",\"position\":2,\"name\":\"Agust Gastrobar &#8211; Barcelona &#8211; Spanien\"}]},{\"@type\":\"WebSite\",\"@id\":\"https:\\\/\\\/www.weine-feinkost.de\\\/unterwegs\\\/#website\",\"url\":\"https:\\\/\\\/www.weine-feinkost.de\\\/unterwegs\\\/\",\"name\":\"Unterwegs mit Weine &amp; Feinkost\",\"description\":\"Entdecken Sie Genuss\",\"publisher\":{\"@id\":\"https:\\\/\\\/www.weine-feinkost.de\\\/unterwegs\\\/#organization\"},\"potentialAction\":[{\"@type\":\"SearchAction\",\"target\":{\"@type\":\"EntryPoint\",\"urlTemplate\":\"https:\\\/\\\/www.weine-feinkost.de\\\/unterwegs\\\/?s={search_term_string}\"},\"query-input\":{\"@type\":\"PropertyValueSpecification\",\"valueRequired\":true,\"valueName\":\"search_term_string\"}}],\"inLanguage\":\"de\"},{\"@type\":\"Organization\",\"@id\":\"https:\\\/\\\/www.weine-feinkost.de\\\/unterwegs\\\/#organization\",\"name\":\"Unterwegs mit Weine &amp; Feinkost\",\"url\":\"https:\\\/\\\/www.weine-feinkost.de\\\/unterwegs\\\/\",\"logo\":{\"@type\":\"ImageObject\",\"inLanguage\":\"de\",\"@id\":\"https:\\\/\\\/www.weine-feinkost.de\\\/unterwegs\\\/#\\\/schema\\\/logo\\\/image\\\/\",\"url\":\"https:\\\/\\\/www.weine-feinkost.de\\\/unterwegs\\\/wp-content\\\/uploads\\\/2022\\\/10\\\/logo_weinefeinkost_unterwegs_450x171.png\",\"contentUrl\":\"https:\\\/\\\/www.weine-feinkost.de\\\/unterwegs\\\/wp-content\\\/uploads\\\/2022\\\/10\\\/logo_weinefeinkost_unterwegs_450x171.png\",\"width\":450,\"height\":171,\"caption\":\"Unterwegs mit Weine &amp; Feinkost\"},\"image\":{\"@id\":\"https:\\\/\\\/www.weine-feinkost.de\\\/unterwegs\\\/#\\\/schema\\\/logo\\\/image\\\/\"}},{\"@type\":\"Person\",\"@id\":\"https:\\\/\\\/www.weine-feinkost.de\\\/unterwegs\\\/#\\\/schema\\\/person\\\/c07d66169fd0e04307bfe7cdc99ac26a\",\"name\":\"Christian Fenske\",\"image\":{\"@type\":\"ImageObject\",\"inLanguage\":\"de\",\"@id\":\"https:\\\/\\\/www.weine-feinkost.de\\\/unterwegs\\\/wp-content\\\/uploads\\\/2023\\\/01\\\/cropped-christian_profilbild-96x96.png\",\"url\":\"https:\\\/\\\/www.weine-feinkost.de\\\/unterwegs\\\/wp-content\\\/uploads\\\/2023\\\/01\\\/cropped-christian_profilbild-96x96.png\",\"contentUrl\":\"https:\\\/\\\/www.weine-feinkost.de\\\/unterwegs\\\/wp-content\\\/uploads\\\/2023\\\/01\\\/cropped-christian_profilbild-96x96.png\",\"caption\":\"Christian Fenske\"},\"description\":\"Zusammen an einem Tisch sitzen, gemeinsam zu kommunizieren und zu genie\u00dfen, das ist eine der herausragenden kulturellen Errungenschaft der Menschheit.\",\"url\":\"https:\\\/\\\/www.weine-feinkost.de\\\/unterwegs\\\/author\\\/christian-fenske\\\/\"}]}<\/script>\n<!-- \/ Yoast SEO plugin. -->","yoast_head_json":{"title":"Agust Gastrobar - Barcelona - Spanien - Unterwegs mit Weine &amp; Feinkost","description":"Eine beeindruckende Gastrobar in Barcelona ist das Agust. Hier treffen asiatische, s\u00fcdamerikanische, mexikanische und spanische Elemente aufeinander.","robots":{"index":"index","follow":"follow","max-snippet":"max-snippet:-1","max-image-preview":"max-image-preview:large","max-video-preview":"max-video-preview:-1"},"canonical":"https:\/\/www.weine-feinkost.de\/unterwegs\/2018\/03\/agust-gastrobar-barcelona-spanien\/","og_locale":"de_DE","og_type":"article","og_title":"Agust Gastrobar - Barcelona - Spanien - Unterwegs mit Weine &amp; Feinkost","og_description":"Eine beeindruckende Gastrobar in Barcelona ist das Agust. Hier treffen asiatische, s\u00fcdamerikanische, mexikanische und spanische Elemente aufeinander.","og_url":"https:\/\/www.weine-feinkost.de\/unterwegs\/2018\/03\/agust-gastrobar-barcelona-spanien\/","og_site_name":"Unterwegs mit Weine &amp; Feinkost","article_published_time":"2018-03-10T10:00:55+00:00","article_modified_time":"2023-03-21T15:09:03+00:00","og_image":[{"width":640,"height":480,"url":"https:\/\/www.weine-feinkost.de\/unterwegs\/wp-content\/uploads\/2018\/02\/Agust_Gastrobar_Barcelona_Spanien_11.jpg","type":"image\/jpeg"}],"author":"Christian Fenske","twitter_card":"summary_large_image","twitter_misc":{"Verfasst von":"Christian Fenske","Gesch\u00e4tzte Lesezeit":"5\u00a0Minuten"},"schema":{"@context":"https:\/\/schema.org","@graph":[{"@type":"Article","@id":"https:\/\/www.weine-feinkost.de\/unterwegs\/2018\/03\/agust-gastrobar-barcelona-spanien\/#article","isPartOf":{"@id":"https:\/\/www.weine-feinkost.de\/unterwegs\/2018\/03\/agust-gastrobar-barcelona-spanien\/"},"author":{"name":"Christian Fenske","@id":"https:\/\/www.weine-feinkost.de\/unterwegs\/#\/schema\/person\/c07d66169fd0e04307bfe7cdc99ac26a"},"headline":"Agust Gastrobar &#8211; Barcelona &#8211; Spanien","datePublished":"2018-03-10T10:00:55+00:00","dateModified":"2023-03-21T15:09:03+00:00","mainEntityOfPage":{"@id":"https:\/\/www.weine-feinkost.de\/unterwegs\/2018\/03\/agust-gastrobar-barcelona-spanien\/"},"wordCount":386,"commentCount":0,"publisher":{"@id":"https:\/\/www.weine-feinkost.de\/unterwegs\/#organization"},"image":{"@id":"https:\/\/www.weine-feinkost.de\/unterwegs\/2018\/03\/agust-gastrobar-barcelona-spanien\/#primaryimage"},"thumbnailUrl":"https:\/\/www.weine-feinkost.de\/unterwegs\/wp-content\/uploads\/2018\/02\/Agust_Gastrobar_Barcelona_Spanien_11.jpg","keywords":["Agust Gastrobar","Barcelona","Restaurant","Spanien"],"articleSection":["Restaurants","Spanien"],"inLanguage":"de","potentialAction":[{"@type":"CommentAction","name":"Comment","target":["https:\/\/www.weine-feinkost.de\/unterwegs\/2018\/03\/agust-gastrobar-barcelona-spanien\/#respond"]}]},{"@type":"WebPage","@id":"https:\/\/www.weine-feinkost.de\/unterwegs\/2018\/03\/agust-gastrobar-barcelona-spanien\/","url":"https:\/\/www.weine-feinkost.de\/unterwegs\/2018\/03\/agust-gastrobar-barcelona-spanien\/","name":"Agust Gastrobar - Barcelona - Spanien - Unterwegs mit Weine &amp; Feinkost","isPartOf":{"@id":"https:\/\/www.weine-feinkost.de\/unterwegs\/#website"},"primaryImageOfPage":{"@id":"https:\/\/www.weine-feinkost.de\/unterwegs\/2018\/03\/agust-gastrobar-barcelona-spanien\/#primaryimage"},"image":{"@id":"https:\/\/www.weine-feinkost.de\/unterwegs\/2018\/03\/agust-gastrobar-barcelona-spanien\/#primaryimage"},"thumbnailUrl":"https:\/\/www.weine-feinkost.de\/unterwegs\/wp-content\/uploads\/2018\/02\/Agust_Gastrobar_Barcelona_Spanien_11.jpg","datePublished":"2018-03-10T10:00:55+00:00","dateModified":"2023-03-21T15:09:03+00:00","description":"Eine beeindruckende Gastrobar in Barcelona ist das Agust. Hier treffen asiatische, s\u00fcdamerikanische, mexikanische und spanische Elemente aufeinander.","breadcrumb":{"@id":"https:\/\/www.weine-feinkost.de\/unterwegs\/2018\/03\/agust-gastrobar-barcelona-spanien\/#breadcrumb"},"inLanguage":"de","potentialAction":[{"@type":"ReadAction","target":["https:\/\/www.weine-feinkost.de\/unterwegs\/2018\/03\/agust-gastrobar-barcelona-spanien\/"]}]},{"@type":"ImageObject","inLanguage":"de","@id":"https:\/\/www.weine-feinkost.de\/unterwegs\/2018\/03\/agust-gastrobar-barcelona-spanien\/#primaryimage","url":"https:\/\/www.weine-feinkost.de\/unterwegs\/wp-content\/uploads\/2018\/02\/Agust_Gastrobar_Barcelona_Spanien_11.jpg","contentUrl":"https:\/\/www.weine-feinkost.de\/unterwegs\/wp-content\/uploads\/2018\/02\/Agust_Gastrobar_Barcelona_Spanien_11.jpg","width":640,"height":480},{"@type":"BreadcrumbList","@id":"https:\/\/www.weine-feinkost.de\/unterwegs\/2018\/03\/agust-gastrobar-barcelona-spanien\/#breadcrumb","itemListElement":[{"@type":"ListItem","position":1,"name":"Startseite","item":"https:\/\/www.weine-feinkost.de\/unterwegs\/"},{"@type":"ListItem","position":2,"name":"Agust Gastrobar &#8211; Barcelona &#8211; Spanien"}]},{"@type":"WebSite","@id":"https:\/\/www.weine-feinkost.de\/unterwegs\/#website","url":"https:\/\/www.weine-feinkost.de\/unterwegs\/","name":"Unterwegs mit Weine &amp; Feinkost","description":"Entdecken Sie Genuss","publisher":{"@id":"https:\/\/www.weine-feinkost.de\/unterwegs\/#organization"},"potentialAction":[{"@type":"SearchAction","target":{"@type":"EntryPoint","urlTemplate":"https:\/\/www.weine-feinkost.de\/unterwegs\/?s={search_term_string}"},"query-input":{"@type":"PropertyValueSpecification","valueRequired":true,"valueName":"search_term_string"}}],"inLanguage":"de"},{"@type":"Organization","@id":"https:\/\/www.weine-feinkost.de\/unterwegs\/#organization","name":"Unterwegs mit Weine &amp; Feinkost","url":"https:\/\/www.weine-feinkost.de\/unterwegs\/","logo":{"@type":"ImageObject","inLanguage":"de","@id":"https:\/\/www.weine-feinkost.de\/unterwegs\/#\/schema\/logo\/image\/","url":"https:\/\/www.weine-feinkost.de\/unterwegs\/wp-content\/uploads\/2022\/10\/logo_weinefeinkost_unterwegs_450x171.png","contentUrl":"https:\/\/www.weine-feinkost.de\/unterwegs\/wp-content\/uploads\/2022\/10\/logo_weinefeinkost_unterwegs_450x171.png","width":450,"height":171,"caption":"Unterwegs mit Weine &amp; Feinkost"},"image":{"@id":"https:\/\/www.weine-feinkost.de\/unterwegs\/#\/schema\/logo\/image\/"}},{"@type":"Person","@id":"https:\/\/www.weine-feinkost.de\/unterwegs\/#\/schema\/person\/c07d66169fd0e04307bfe7cdc99ac26a","name":"Christian Fenske","image":{"@type":"ImageObject","inLanguage":"de","@id":"https:\/\/www.weine-feinkost.de\/unterwegs\/wp-content\/uploads\/2023\/01\/cropped-christian_profilbild-96x96.png","url":"https:\/\/www.weine-feinkost.de\/unterwegs\/wp-content\/uploads\/2023\/01\/cropped-christian_profilbild-96x96.png","contentUrl":"https:\/\/www.weine-feinkost.de\/unterwegs\/wp-content\/uploads\/2023\/01\/cropped-christian_profilbild-96x96.png","caption":"Christian Fenske"},"description":"Zusammen an einem Tisch sitzen, gemeinsam zu kommunizieren und zu genie\u00dfen, das ist eine der herausragenden kulturellen Errungenschaft der Menschheit.","url":"https:\/\/www.weine-feinkost.de\/unterwegs\/author\/christian-fenske\/"}]}},"jetpack_publicize_connections":[],"jetpack_shortlink":"https:\/\/wp.me\/p68Tjo-ajF","jetpack_sharing_enabled":true,"jetpack_likes_enabled":true,"jetpack_featured_media_url":"https:\/\/www.weine-feinkost.de\/unterwegs\/wp-content\/uploads\/2018\/02\/Agust_Gastrobar_Barcelona_Spanien_11.jpg","_links":{"self":[{"href":"https:\/\/www.weine-feinkost.de\/unterwegs\/wp-json\/wp\/v2\/posts\/39659","targetHints":{"allow":["GET"]}}],"collection":[{"href":"https:\/\/www.weine-feinkost.de\/unterwegs\/wp-json\/wp\/v2\/posts"}],"about":[{"href":"https:\/\/www.weine-feinkost.de\/unterwegs\/wp-json\/wp\/v2\/types\/post"}],"author":[{"embeddable":true,"href":"https:\/\/www.weine-feinkost.de\/unterwegs\/wp-json\/wp\/v2\/users\/7"}],"replies":[{"embeddable":true,"href":"https:\/\/www.weine-feinkost.de\/unterwegs\/wp-json\/wp\/v2\/comments?post=39659"}],"version-history":[{"count":1,"href":"https:\/\/www.weine-feinkost.de\/unterwegs\/wp-json\/wp\/v2\/posts\/39659\/revisions"}],"predecessor-version":[{"id":197204,"href":"https:\/\/www.weine-feinkost.de\/unterwegs\/wp-json\/wp\/v2\/posts\/39659\/revisions\/197204"}],"wp:featuredmedia":[{"embeddable":true,"href":"https:\/\/www.weine-feinkost.de\/unterwegs\/wp-json\/wp\/v2\/media\/145732"}],"wp:attachment":[{"href":"https:\/\/www.weine-feinkost.de\/unterwegs\/wp-json\/wp\/v2\/media?parent=39659"}],"wp:term":[{"taxonomy":"category","embeddable":true,"href":"https:\/\/www.weine-feinkost.de\/unterwegs\/wp-json\/wp\/v2\/categories?post=39659"},{"taxonomy":"post_tag","embeddable":true,"href":"https:\/\/www.weine-feinkost.de\/unterwegs\/wp-json\/wp\/v2\/tags?post=39659"},{"taxonomy":"post_folder","embeddable":true,"href":"https:\/\/www.weine-feinkost.de\/unterwegs\/wp-json\/wp\/v2\/post_folder?post=39659"}],"curies":[{"name":"wp","href":"https:\/\/api.w.org\/{rel}","templated":true}]}}