{"id":41800,"date":"2018-06-02T11:00:22","date_gmt":"2018-06-02T09:00:22","guid":{"rendered":"https:\/\/www.weine-feinkost.de\/unterwegs\/?p=41800"},"modified":"2023-03-21T15:45:14","modified_gmt":"2023-03-21T14:45:14","slug":"glacis-beisl-wien-oesterreich","status":"publish","type":"post","link":"https:\/\/www.weine-feinkost.de\/unterwegs\/2018\/06\/glacis-beisl-wien-oesterreich\/","title":{"rendered":"Glacis Beisl &#8211; Wien &#8211; \u00d6sterreich"},"content":{"rendered":"<h2>Glacis Beisl &#8211; Wien &#8211; \u00d6sterreich<\/h2>\n<p>Nach ein wenig Kultur im gro\u00dfartigen Museumsquartier in Wien f\u00fchrt bei kleinem und etwas gr\u00f6\u00dferem Hunger eigentlich kein Weg am Glacis Beisl vorbei. Das Beisl liegt direkt am Museumsquartier und beim Eintreten in den Biergarten, der sich wie ein Schlauch vor dem eigentlichen Restaurant in die L\u00e4nge zieht, wehen einem schon die leckersten Ger\u00fcche aus der K\u00fcche entgegen. Gro\u00dfe Portionen t\u00fcrmen sich da in gl\u00e4nzenden Farben vor den eigenen Augen und auf den Tellern der G\u00e4ste auf. Hier geht es rustikal zu und den Gast erwartet eine ehrliche, sehr schmackhafte Hausmannskost, die einfach nur sehr gut schmeckt. Den Firlefanz l\u00e4sst man getrost zu Hause und isst sich sichtlich einmal so richtig lecker satt!<\/p>\n\n<p><strong>Glacis Beisl<\/strong><br \/>\nBreite G. 4<br \/>\n1070 Wien<br \/>\n\u00d6sterreich<br \/>\nTelefon: +43 1 5265660<br \/>\n<a href=\"https:\/\/www.glacisbeisl.at\/info\/\">www.glacisbeisl.at<\/a><\/p>\n","protected":false},"excerpt":{"rendered":"<p>Glacis Beisl &#8211; Wien &#8211; \u00d6sterreich Nach ein wenig Kultur im gro\u00dfartigen Museumsquartier in Wien f\u00fchrt bei kleinem und etwas gr\u00f6\u00dferem Hunger eigentlich kein Weg am Glacis Beisl vorbei. Das Beisl liegt direkt am Museumsquartier und beim Eintreten in den Biergarten, der sich wie ein Schlauch vor dem eigentlichen Restaurant in die L\u00e4nge zieht, wehen &#8230; <a title=\"Glacis Beisl &#8211; Wien &#8211; \u00d6sterreich\" class=\"read-more\" href=\"https:\/\/www.weine-feinkost.de\/unterwegs\/2018\/06\/glacis-beisl-wien-oesterreich\/\" aria-label=\"Mehr dazu unter Glacis Beisl &#8211; Wien &#8211; \u00d6sterreich\">Weiterlesen<\/a><\/p>\n","protected":false},"author":7,"featured_media":163372,"comment_status":"open","ping_status":"open","sticky":false,"template":"","format":"standard","meta":{"_jetpack_newsletter_access":"","_jetpack_dont_email_post_to_subs":false,"_jetpack_newsletter_tier_id":0,"_jetpack_memberships_contains_paywalled_content":false,"_jetpack_feature_clip_id":0,"_jetpack_memberships_contains_paid_content":false,"footnotes":"","jetpack_publicize_message":"","jetpack_publicize_feature_enabled":true,"jetpack_social_post_already_shared":true,"jetpack_social_options":{"image_generator_settings":{"template":"highway","default_image_id":0,"font":"","enabled":false},"version":2},"jetpack_post_was_ever_published":false},"categories":[33,13],"tags":[1712,205,1060],"post_folder":[],"class_list":["post-41800","post","type-post","status-publish","format-standard","has-post-thumbnail","hentry","category-oesterreich-restaurants","category-restaurants","tag-glacis-beisl","tag-oesterreich","tag-wien"],"yoast_head":"<!-- This site is optimized with the Yoast SEO plugin v28.3 - https:\/\/yoast.com\/product\/yoast-seo-wordpress\/ -->\n<title>Glacis Beisl - Wien - \u00d6sterreich - Unterwegs mit Weine &amp; Feinkost<\/title>\n<meta name=\"description\" content=\"Im Glacis Beisl im Museumsquartier in Wien gibt es traditionelle, \u00f6sterreichische K\u00fcche, die einfach nur schmeckt.\" \/>\n<meta name=\"robots\" content=\"index, follow, max-snippet:-1, max-image-preview:large, max-video-preview:-1\" \/>\n<link rel=\"canonical\" href=\"https:\/\/www.weine-feinkost.de\/unterwegs\/2018\/06\/glacis-beisl-wien-oesterreich\/\" \/>\n<meta property=\"og:locale\" content=\"de_DE\" \/>\n<meta property=\"og:type\" content=\"article\" \/>\n<meta property=\"og:title\" content=\"Glacis Beisl - Wien - \u00d6sterreich - Unterwegs mit Weine &amp; Feinkost\" \/>\n<meta property=\"og:description\" content=\"Im Glacis Beisl im Museumsquartier in Wien gibt es traditionelle, \u00f6sterreichische K\u00fcche, die einfach nur schmeckt.\" \/>\n<meta property=\"og:url\" content=\"https:\/\/www.weine-feinkost.de\/unterwegs\/2018\/06\/glacis-beisl-wien-oesterreich\/\" \/>\n<meta property=\"og:site_name\" content=\"Unterwegs mit Weine &amp; Feinkost\" \/>\n<meta property=\"article:published_time\" content=\"2018-06-02T09:00:22+00:00\" \/>\n<meta property=\"article:modified_time\" content=\"2023-03-21T14:45:14+00:00\" \/>\n<meta property=\"og:image\" content=\"https:\/\/www.weine-feinkost.de\/unterwegs\/wp-content\/uploads\/2018\/05\/Glacis_Beisl-_Wien_Oesterreich-_1.jpg\" \/>\n\t<meta property=\"og:image:width\" content=\"640\" \/>\n\t<meta property=\"og:image:height\" content=\"480\" \/>\n\t<meta property=\"og:image:type\" content=\"image\/jpeg\" \/>\n<meta name=\"author\" content=\"Christian Fenske\" \/>\n<meta name=\"twitter:card\" content=\"summary_large_image\" \/>\n<meta name=\"twitter:label1\" content=\"Verfasst von\" \/>\n\t<meta name=\"twitter:data1\" content=\"Christian Fenske\" \/>\n\t<meta name=\"twitter:label2\" content=\"Gesch\u00e4tzte Lesezeit\" \/>\n\t<meta name=\"twitter:data2\" content=\"1\u00a0Minute\" \/>\n<script type=\"application\/ld+json\" class=\"yoast-schema-graph\">{\"@context\":\"https:\\\/\\\/schema.org\",\"@graph\":[{\"@type\":\"Article\",\"@id\":\"https:\\\/\\\/www.weine-feinkost.de\\\/unterwegs\\\/2018\\\/06\\\/glacis-beisl-wien-oesterreich\\\/#article\",\"isPartOf\":{\"@id\":\"https:\\\/\\\/www.weine-feinkost.de\\\/unterwegs\\\/2018\\\/06\\\/glacis-beisl-wien-oesterreich\\\/\"},\"author\":{\"name\":\"Christian Fenske\",\"@id\":\"https:\\\/\\\/www.weine-feinkost.de\\\/unterwegs\\\/#\\\/schema\\\/person\\\/c07d66169fd0e04307bfe7cdc99ac26a\"},\"headline\":\"Glacis Beisl &#8211; Wien &#8211; \u00d6sterreich\",\"datePublished\":\"2018-06-02T09:00:22+00:00\",\"dateModified\":\"2023-03-21T14:45:14+00:00\",\"mainEntityOfPage\":{\"@id\":\"https:\\\/\\\/www.weine-feinkost.de\\\/unterwegs\\\/2018\\\/06\\\/glacis-beisl-wien-oesterreich\\\/\"},\"wordCount\":154,\"commentCount\":0,\"publisher\":{\"@id\":\"https:\\\/\\\/www.weine-feinkost.de\\\/unterwegs\\\/#organization\"},\"image\":{\"@id\":\"https:\\\/\\\/www.weine-feinkost.de\\\/unterwegs\\\/2018\\\/06\\\/glacis-beisl-wien-oesterreich\\\/#primaryimage\"},\"thumbnailUrl\":\"https:\\\/\\\/www.weine-feinkost.de\\\/unterwegs\\\/wp-content\\\/uploads\\\/2018\\\/05\\\/Glacis_Beisl-_Wien_Oesterreich-_1.jpg\",\"keywords\":[\"Glacis Beisl\",\"\u00d6sterreich\",\"Wien\"],\"articleSection\":[\"\u00d6sterreich\",\"Restaurants\"],\"inLanguage\":\"de\",\"potentialAction\":[{\"@type\":\"CommentAction\",\"name\":\"Comment\",\"target\":[\"https:\\\/\\\/www.weine-feinkost.de\\\/unterwegs\\\/2018\\\/06\\\/glacis-beisl-wien-oesterreich\\\/#respond\"]}]},{\"@type\":\"WebPage\",\"@id\":\"https:\\\/\\\/www.weine-feinkost.de\\\/unterwegs\\\/2018\\\/06\\\/glacis-beisl-wien-oesterreich\\\/\",\"url\":\"https:\\\/\\\/www.weine-feinkost.de\\\/unterwegs\\\/2018\\\/06\\\/glacis-beisl-wien-oesterreich\\\/\",\"name\":\"Glacis Beisl - Wien - \u00d6sterreich - Unterwegs mit Weine &amp; Feinkost\",\"isPartOf\":{\"@id\":\"https:\\\/\\\/www.weine-feinkost.de\\\/unterwegs\\\/#website\"},\"primaryImageOfPage\":{\"@id\":\"https:\\\/\\\/www.weine-feinkost.de\\\/unterwegs\\\/2018\\\/06\\\/glacis-beisl-wien-oesterreich\\\/#primaryimage\"},\"image\":{\"@id\":\"https:\\\/\\\/www.weine-feinkost.de\\\/unterwegs\\\/2018\\\/06\\\/glacis-beisl-wien-oesterreich\\\/#primaryimage\"},\"thumbnailUrl\":\"https:\\\/\\\/www.weine-feinkost.de\\\/unterwegs\\\/wp-content\\\/uploads\\\/2018\\\/05\\\/Glacis_Beisl-_Wien_Oesterreich-_1.jpg\",\"datePublished\":\"2018-06-02T09:00:22+00:00\",\"dateModified\":\"2023-03-21T14:45:14+00:00\",\"description\":\"Im Glacis Beisl im Museumsquartier in Wien gibt es traditionelle, \u00f6sterreichische K\u00fcche, die einfach nur schmeckt.\",\"breadcrumb\":{\"@id\":\"https:\\\/\\\/www.weine-feinkost.de\\\/unterwegs\\\/2018\\\/06\\\/glacis-beisl-wien-oesterreich\\\/#breadcrumb\"},\"inLanguage\":\"de\",\"potentialAction\":[{\"@type\":\"ReadAction\",\"target\":[\"https:\\\/\\\/www.weine-feinkost.de\\\/unterwegs\\\/2018\\\/06\\\/glacis-beisl-wien-oesterreich\\\/\"]}]},{\"@type\":\"ImageObject\",\"inLanguage\":\"de\",\"@id\":\"https:\\\/\\\/www.weine-feinkost.de\\\/unterwegs\\\/2018\\\/06\\\/glacis-beisl-wien-oesterreich\\\/#primaryimage\",\"url\":\"https:\\\/\\\/www.weine-feinkost.de\\\/unterwegs\\\/wp-content\\\/uploads\\\/2018\\\/05\\\/Glacis_Beisl-_Wien_Oesterreich-_1.jpg\",\"contentUrl\":\"https:\\\/\\\/www.weine-feinkost.de\\\/unterwegs\\\/wp-content\\\/uploads\\\/2018\\\/05\\\/Glacis_Beisl-_Wien_Oesterreich-_1.jpg\",\"width\":640,\"height\":480},{\"@type\":\"BreadcrumbList\",\"@id\":\"https:\\\/\\\/www.weine-feinkost.de\\\/unterwegs\\\/2018\\\/06\\\/glacis-beisl-wien-oesterreich\\\/#breadcrumb\",\"itemListElement\":[{\"@type\":\"ListItem\",\"position\":1,\"name\":\"Startseite\",\"item\":\"https:\\\/\\\/www.weine-feinkost.de\\\/unterwegs\\\/\"},{\"@type\":\"ListItem\",\"position\":2,\"name\":\"Glacis Beisl &#8211; Wien &#8211; \u00d6sterreich\"}]},{\"@type\":\"WebSite\",\"@id\":\"https:\\\/\\\/www.weine-feinkost.de\\\/unterwegs\\\/#website\",\"url\":\"https:\\\/\\\/www.weine-feinkost.de\\\/unterwegs\\\/\",\"name\":\"Unterwegs mit Weine &amp; Feinkost\",\"description\":\"Entdecken Sie Genuss\",\"publisher\":{\"@id\":\"https:\\\/\\\/www.weine-feinkost.de\\\/unterwegs\\\/#organization\"},\"potentialAction\":[{\"@type\":\"SearchAction\",\"target\":{\"@type\":\"EntryPoint\",\"urlTemplate\":\"https:\\\/\\\/www.weine-feinkost.de\\\/unterwegs\\\/?s={search_term_string}\"},\"query-input\":{\"@type\":\"PropertyValueSpecification\",\"valueRequired\":true,\"valueName\":\"search_term_string\"}}],\"inLanguage\":\"de\"},{\"@type\":\"Organization\",\"@id\":\"https:\\\/\\\/www.weine-feinkost.de\\\/unterwegs\\\/#organization\",\"name\":\"Unterwegs mit Weine &amp; Feinkost\",\"url\":\"https:\\\/\\\/www.weine-feinkost.de\\\/unterwegs\\\/\",\"logo\":{\"@type\":\"ImageObject\",\"inLanguage\":\"de\",\"@id\":\"https:\\\/\\\/www.weine-feinkost.de\\\/unterwegs\\\/#\\\/schema\\\/logo\\\/image\\\/\",\"url\":\"https:\\\/\\\/www.weine-feinkost.de\\\/unterwegs\\\/wp-content\\\/uploads\\\/2022\\\/10\\\/logo_weinefeinkost_unterwegs_450x171.png\",\"contentUrl\":\"https:\\\/\\\/www.weine-feinkost.de\\\/unterwegs\\\/wp-content\\\/uploads\\\/2022\\\/10\\\/logo_weinefeinkost_unterwegs_450x171.png\",\"width\":450,\"height\":171,\"caption\":\"Unterwegs mit Weine &amp; Feinkost\"},\"image\":{\"@id\":\"https:\\\/\\\/www.weine-feinkost.de\\\/unterwegs\\\/#\\\/schema\\\/logo\\\/image\\\/\"}},{\"@type\":\"Person\",\"@id\":\"https:\\\/\\\/www.weine-feinkost.de\\\/unterwegs\\\/#\\\/schema\\\/person\\\/c07d66169fd0e04307bfe7cdc99ac26a\",\"name\":\"Christian Fenske\",\"image\":{\"@type\":\"ImageObject\",\"inLanguage\":\"de\",\"@id\":\"https:\\\/\\\/www.weine-feinkost.de\\\/unterwegs\\\/wp-content\\\/uploads\\\/2023\\\/01\\\/cropped-christian_profilbild-96x96.png\",\"url\":\"https:\\\/\\\/www.weine-feinkost.de\\\/unterwegs\\\/wp-content\\\/uploads\\\/2023\\\/01\\\/cropped-christian_profilbild-96x96.png\",\"contentUrl\":\"https:\\\/\\\/www.weine-feinkost.de\\\/unterwegs\\\/wp-content\\\/uploads\\\/2023\\\/01\\\/cropped-christian_profilbild-96x96.png\",\"caption\":\"Christian Fenske\"},\"description\":\"Zusammen an einem Tisch sitzen, gemeinsam zu kommunizieren und zu genie\u00dfen, das ist eine der herausragenden kulturellen Errungenschaft der Menschheit.\",\"url\":\"https:\\\/\\\/www.weine-feinkost.de\\\/unterwegs\\\/author\\\/christian-fenske\\\/\"}]}<\/script>\n<!-- \/ Yoast SEO plugin. -->","yoast_head_json":{"title":"Glacis Beisl - Wien - \u00d6sterreich - Unterwegs mit Weine &amp; Feinkost","description":"Im Glacis Beisl im Museumsquartier in Wien gibt es traditionelle, \u00f6sterreichische K\u00fcche, die einfach nur schmeckt.","robots":{"index":"index","follow":"follow","max-snippet":"max-snippet:-1","max-image-preview":"max-image-preview:large","max-video-preview":"max-video-preview:-1"},"canonical":"https:\/\/www.weine-feinkost.de\/unterwegs\/2018\/06\/glacis-beisl-wien-oesterreich\/","og_locale":"de_DE","og_type":"article","og_title":"Glacis Beisl - Wien - \u00d6sterreich - Unterwegs mit Weine &amp; Feinkost","og_description":"Im Glacis Beisl im Museumsquartier in Wien gibt es traditionelle, \u00f6sterreichische K\u00fcche, die einfach nur schmeckt.","og_url":"https:\/\/www.weine-feinkost.de\/unterwegs\/2018\/06\/glacis-beisl-wien-oesterreich\/","og_site_name":"Unterwegs mit Weine &amp; Feinkost","article_published_time":"2018-06-02T09:00:22+00:00","article_modified_time":"2023-03-21T14:45:14+00:00","og_image":[{"width":640,"height":480,"url":"https:\/\/www.weine-feinkost.de\/unterwegs\/wp-content\/uploads\/2018\/05\/Glacis_Beisl-_Wien_Oesterreich-_1.jpg","type":"image\/jpeg"}],"author":"Christian Fenske","twitter_card":"summary_large_image","twitter_misc":{"Verfasst von":"Christian Fenske","Gesch\u00e4tzte Lesezeit":"1\u00a0Minute"},"schema":{"@context":"https:\/\/schema.org","@graph":[{"@type":"Article","@id":"https:\/\/www.weine-feinkost.de\/unterwegs\/2018\/06\/glacis-beisl-wien-oesterreich\/#article","isPartOf":{"@id":"https:\/\/www.weine-feinkost.de\/unterwegs\/2018\/06\/glacis-beisl-wien-oesterreich\/"},"author":{"name":"Christian Fenske","@id":"https:\/\/www.weine-feinkost.de\/unterwegs\/#\/schema\/person\/c07d66169fd0e04307bfe7cdc99ac26a"},"headline":"Glacis Beisl &#8211; Wien &#8211; \u00d6sterreich","datePublished":"2018-06-02T09:00:22+00:00","dateModified":"2023-03-21T14:45:14+00:00","mainEntityOfPage":{"@id":"https:\/\/www.weine-feinkost.de\/unterwegs\/2018\/06\/glacis-beisl-wien-oesterreich\/"},"wordCount":154,"commentCount":0,"publisher":{"@id":"https:\/\/www.weine-feinkost.de\/unterwegs\/#organization"},"image":{"@id":"https:\/\/www.weine-feinkost.de\/unterwegs\/2018\/06\/glacis-beisl-wien-oesterreich\/#primaryimage"},"thumbnailUrl":"https:\/\/www.weine-feinkost.de\/unterwegs\/wp-content\/uploads\/2018\/05\/Glacis_Beisl-_Wien_Oesterreich-_1.jpg","keywords":["Glacis Beisl","\u00d6sterreich","Wien"],"articleSection":["\u00d6sterreich","Restaurants"],"inLanguage":"de","potentialAction":[{"@type":"CommentAction","name":"Comment","target":["https:\/\/www.weine-feinkost.de\/unterwegs\/2018\/06\/glacis-beisl-wien-oesterreich\/#respond"]}]},{"@type":"WebPage","@id":"https:\/\/www.weine-feinkost.de\/unterwegs\/2018\/06\/glacis-beisl-wien-oesterreich\/","url":"https:\/\/www.weine-feinkost.de\/unterwegs\/2018\/06\/glacis-beisl-wien-oesterreich\/","name":"Glacis Beisl - Wien - \u00d6sterreich - Unterwegs mit Weine &amp; Feinkost","isPartOf":{"@id":"https:\/\/www.weine-feinkost.de\/unterwegs\/#website"},"primaryImageOfPage":{"@id":"https:\/\/www.weine-feinkost.de\/unterwegs\/2018\/06\/glacis-beisl-wien-oesterreich\/#primaryimage"},"image":{"@id":"https:\/\/www.weine-feinkost.de\/unterwegs\/2018\/06\/glacis-beisl-wien-oesterreich\/#primaryimage"},"thumbnailUrl":"https:\/\/www.weine-feinkost.de\/unterwegs\/wp-content\/uploads\/2018\/05\/Glacis_Beisl-_Wien_Oesterreich-_1.jpg","datePublished":"2018-06-02T09:00:22+00:00","dateModified":"2023-03-21T14:45:14+00:00","description":"Im Glacis Beisl im Museumsquartier in Wien gibt es traditionelle, \u00f6sterreichische K\u00fcche, die einfach nur schmeckt.","breadcrumb":{"@id":"https:\/\/www.weine-feinkost.de\/unterwegs\/2018\/06\/glacis-beisl-wien-oesterreich\/#breadcrumb"},"inLanguage":"de","potentialAction":[{"@type":"ReadAction","target":["https:\/\/www.weine-feinkost.de\/unterwegs\/2018\/06\/glacis-beisl-wien-oesterreich\/"]}]},{"@type":"ImageObject","inLanguage":"de","@id":"https:\/\/www.weine-feinkost.de\/unterwegs\/2018\/06\/glacis-beisl-wien-oesterreich\/#primaryimage","url":"https:\/\/www.weine-feinkost.de\/unterwegs\/wp-content\/uploads\/2018\/05\/Glacis_Beisl-_Wien_Oesterreich-_1.jpg","contentUrl":"https:\/\/www.weine-feinkost.de\/unterwegs\/wp-content\/uploads\/2018\/05\/Glacis_Beisl-_Wien_Oesterreich-_1.jpg","width":640,"height":480},{"@type":"BreadcrumbList","@id":"https:\/\/www.weine-feinkost.de\/unterwegs\/2018\/06\/glacis-beisl-wien-oesterreich\/#breadcrumb","itemListElement":[{"@type":"ListItem","position":1,"name":"Startseite","item":"https:\/\/www.weine-feinkost.de\/unterwegs\/"},{"@type":"ListItem","position":2,"name":"Glacis Beisl &#8211; Wien &#8211; \u00d6sterreich"}]},{"@type":"WebSite","@id":"https:\/\/www.weine-feinkost.de\/unterwegs\/#website","url":"https:\/\/www.weine-feinkost.de\/unterwegs\/","name":"Unterwegs mit Weine &amp; Feinkost","description":"Entdecken Sie Genuss","publisher":{"@id":"https:\/\/www.weine-feinkost.de\/unterwegs\/#organization"},"potentialAction":[{"@type":"SearchAction","target":{"@type":"EntryPoint","urlTemplate":"https:\/\/www.weine-feinkost.de\/unterwegs\/?s={search_term_string}"},"query-input":{"@type":"PropertyValueSpecification","valueRequired":true,"valueName":"search_term_string"}}],"inLanguage":"de"},{"@type":"Organization","@id":"https:\/\/www.weine-feinkost.de\/unterwegs\/#organization","name":"Unterwegs mit Weine &amp; Feinkost","url":"https:\/\/www.weine-feinkost.de\/unterwegs\/","logo":{"@type":"ImageObject","inLanguage":"de","@id":"https:\/\/www.weine-feinkost.de\/unterwegs\/#\/schema\/logo\/image\/","url":"https:\/\/www.weine-feinkost.de\/unterwegs\/wp-content\/uploads\/2022\/10\/logo_weinefeinkost_unterwegs_450x171.png","contentUrl":"https:\/\/www.weine-feinkost.de\/unterwegs\/wp-content\/uploads\/2022\/10\/logo_weinefeinkost_unterwegs_450x171.png","width":450,"height":171,"caption":"Unterwegs mit Weine &amp; Feinkost"},"image":{"@id":"https:\/\/www.weine-feinkost.de\/unterwegs\/#\/schema\/logo\/image\/"}},{"@type":"Person","@id":"https:\/\/www.weine-feinkost.de\/unterwegs\/#\/schema\/person\/c07d66169fd0e04307bfe7cdc99ac26a","name":"Christian Fenske","image":{"@type":"ImageObject","inLanguage":"de","@id":"https:\/\/www.weine-feinkost.de\/unterwegs\/wp-content\/uploads\/2023\/01\/cropped-christian_profilbild-96x96.png","url":"https:\/\/www.weine-feinkost.de\/unterwegs\/wp-content\/uploads\/2023\/01\/cropped-christian_profilbild-96x96.png","contentUrl":"https:\/\/www.weine-feinkost.de\/unterwegs\/wp-content\/uploads\/2023\/01\/cropped-christian_profilbild-96x96.png","caption":"Christian Fenske"},"description":"Zusammen an einem Tisch sitzen, gemeinsam zu kommunizieren und zu genie\u00dfen, das ist eine der herausragenden kulturellen Errungenschaft der Menschheit.","url":"https:\/\/www.weine-feinkost.de\/unterwegs\/author\/christian-fenske\/"}]}},"jetpack_publicize_connections":[],"jetpack_shortlink":"https:\/\/wp.me\/p68Tjo-aSc","jetpack_sharing_enabled":true,"jetpack_likes_enabled":true,"jetpack_featured_media_url":"https:\/\/www.weine-feinkost.de\/unterwegs\/wp-content\/uploads\/2018\/05\/Glacis_Beisl-_Wien_Oesterreich-_1.jpg","_links":{"self":[{"href":"https:\/\/www.weine-feinkost.de\/unterwegs\/wp-json\/wp\/v2\/posts\/41800","targetHints":{"allow":["GET"]}}],"collection":[{"href":"https:\/\/www.weine-feinkost.de\/unterwegs\/wp-json\/wp\/v2\/posts"}],"about":[{"href":"https:\/\/www.weine-feinkost.de\/unterwegs\/wp-json\/wp\/v2\/types\/post"}],"author":[{"embeddable":true,"href":"https:\/\/www.weine-feinkost.de\/unterwegs\/wp-json\/wp\/v2\/users\/7"}],"replies":[{"embeddable":true,"href":"https:\/\/www.weine-feinkost.de\/unterwegs\/wp-json\/wp\/v2\/comments?post=41800"}],"version-history":[{"count":1,"href":"https:\/\/www.weine-feinkost.de\/unterwegs\/wp-json\/wp\/v2\/posts\/41800\/revisions"}],"predecessor-version":[{"id":197150,"href":"https:\/\/www.weine-feinkost.de\/unterwegs\/wp-json\/wp\/v2\/posts\/41800\/revisions\/197150"}],"wp:featuredmedia":[{"embeddable":true,"href":"https:\/\/www.weine-feinkost.de\/unterwegs\/wp-json\/wp\/v2\/media\/163372"}],"wp:attachment":[{"href":"https:\/\/www.weine-feinkost.de\/unterwegs\/wp-json\/wp\/v2\/media?parent=41800"}],"wp:term":[{"taxonomy":"category","embeddable":true,"href":"https:\/\/www.weine-feinkost.de\/unterwegs\/wp-json\/wp\/v2\/categories?post=41800"},{"taxonomy":"post_tag","embeddable":true,"href":"https:\/\/www.weine-feinkost.de\/unterwegs\/wp-json\/wp\/v2\/tags?post=41800"},{"taxonomy":"post_folder","embeddable":true,"href":"https:\/\/www.weine-feinkost.de\/unterwegs\/wp-json\/wp\/v2\/post_folder?post=41800"}],"curies":[{"name":"wp","href":"https:\/\/api.w.org\/{rel}","templated":true}]}}