{"id":41913,"date":"2018-05-11T11:00:22","date_gmt":"2018-05-11T09:00:22","guid":{"rendered":"https:\/\/www.weine-feinkost.de\/unterwegs\/?p=41913"},"modified":"2023-03-21T15:53:53","modified_gmt":"2023-03-21T14:53:53","slug":"cafe-kraenzchen-cafe-roesterei","status":"publish","type":"post","link":"https:\/\/www.weine-feinkost.de\/unterwegs\/2018\/05\/cafe-kraenzchen-cafe-roesterei\/","title":{"rendered":"Caf\u00e9 Kr\u00e4nzchen &#8211; Caf\u00e9 &#038; R\u00f6sterei &#8211; Leichlingen &#8211; Deutschland"},"content":{"rendered":"<h2>Caf\u00e9 Kr\u00e4nzchen &#8211; Caf\u00e9 &amp; R\u00f6sterei &#8211; Leichlingen &#8211; Deutschland<\/h2>\n<p>Donnerstag, Feiertag und Vatertag. Diese einmal im Jahr stattfindende Veranstaltung wird meistens durch Alkohol, vollgepackte Bollerwagen und lauthals schief singende Jungendliche und Heranwachsende bestimmt und wahr genommen. Meistens sind all diese Menschen nat\u00fcrlich keine V\u00e4ter und w\u00e4ren froh, \u00fcberhaupt schon einmal eine feste Freundin gehabt zu haben.<\/p>\n<p>Die wahren V\u00e4ter sind inzwischen schon Gro\u00dfv\u00e4ter geworden und sitzen an diesem \u201eheiligen\u201c Tag auf ihrem Fahrrad, fahren tief gebeugt und in einem irren Tempo die Wege entlang, um sich ein gutes und ordentliches St\u00fcck Kuchen plus Kaffee von den Kindern spendieren zu lassen. Die \u201eKinder\u201c, inzwischen selber schon Eltern, fahren indes angstvoll und mit einer immer wieder kehrenden&nbsp;Nahtoderfahrung im Gep\u00e4ck hinter dem Vater her und sind froh, wenn das Ziel der s\u00fc\u00dfen S\u00fcnde, das Caf\u00e9 Kr\u00e4nzchen in Leichlingen, endlich erreicht wird.<\/p>\n<p>Das Caf\u00e9 Kr\u00e4nzchen gibt es nun schon \u00fcber acht Jahre und neben der hauseigenen Kaffee R\u00f6sterei werden hier auch hausgemachte Kuchen und Backwaren mit besten Zutaten kreiert. Die Auswahl ist klein aber fein und hier sp\u00fcrt man noch die wahre Liebe zum Produkt.<\/p>\n<p>Dass hier auch noch mit ordentlich guter Butter gebacken wird, versteht sich von selber. Es soll einfach gut schmecken und genau dies ist hier auch der Fall. Auch der Kaffee ist nat\u00fcrlich sehr fein und das Ambiente nett und rustikal.<\/p>\n<p>Ein Ort f\u00fcr den s\u00fc\u00dfen Genuss f\u00fcr zwischendurch oder eben das Ziel am Vatertag f\u00fcr alle die, die nicht mit dem Bollerwagen in der Gegend rumziehen wollen.<\/p>\n\n<p><strong>Caf\u00e9 Kr\u00e4nzchen &#8211; Caf\u00e9 &amp; R\u00f6stere<\/strong><br \/>\nNeukirchener Str. 68<br \/>\n42799 Leichlingen (Rheinland)<br \/>\nDeutschland<br \/>\nTelefon: + 49 2175 1660167<br \/>\n<a href=\"http:\/\/www.cafe-kraenzchen-roesterei.de\/\">www.cafe-kraenzchen-roesterei.de<\/a><\/p>\n","protected":false},"excerpt":{"rendered":"<p>Caf\u00e9 Kr\u00e4nzchen &#8211; Caf\u00e9 &amp; R\u00f6sterei &#8211; Leichlingen &#8211; Deutschland Donnerstag, Feiertag und Vatertag. Diese einmal im Jahr stattfindende Veranstaltung wird meistens durch Alkohol, vollgepackte Bollerwagen und lauthals schief singende Jungendliche und Heranwachsende bestimmt und wahr genommen. Meistens sind all diese Menschen nat\u00fcrlich keine V\u00e4ter und w\u00e4ren froh, \u00fcberhaupt schon einmal eine feste Freundin gehabt &#8230; <a title=\"Caf\u00e9 Kr\u00e4nzchen &#8211; Caf\u00e9 &#038; R\u00f6sterei &#8211; Leichlingen &#8211; Deutschland\" class=\"read-more\" href=\"https:\/\/www.weine-feinkost.de\/unterwegs\/2018\/05\/cafe-kraenzchen-cafe-roesterei\/\" aria-label=\"Mehr dazu unter Caf\u00e9 Kr\u00e4nzchen &#8211; Caf\u00e9 &#038; R\u00f6sterei &#8211; Leichlingen &#8211; Deutschland\">Weiterlesen<\/a><\/p>\n","protected":false},"author":7,"featured_media":142496,"comment_status":"open","ping_status":"open","sticky":false,"template":"","format":"standard","meta":{"_jetpack_newsletter_access":"","_jetpack_dont_email_post_to_subs":false,"_jetpack_newsletter_tier_id":0,"_jetpack_memberships_contains_paywalled_content":false,"_jetpack_feature_clip_id":0,"_jetpack_memberships_contains_paid_content":false,"footnotes":"","jetpack_publicize_message":"Caf\u00e9 Kr\u00e4nzchen - Caf\u00e9 & R\u00f6sterei - Leichlingen - Deutschland","jetpack_publicize_feature_enabled":true,"jetpack_social_post_already_shared":true,"jetpack_social_options":{"image_generator_settings":{"template":"highway","default_image_id":0,"font":"","enabled":false},"version":2},"jetpack_post_was_ever_published":false},"categories":[31,13],"tags":[1687,120,651],"post_folder":[],"class_list":["post-41913","post","type-post","status-publish","format-standard","has-post-thumbnail","hentry","category-deutschland-restaurants","category-restaurants","tag-cafe-kraenzchen-cafe-roesterei","tag-deutschland","tag-leichlingen"],"yoast_head":"<!-- This site is optimized with the Yoast SEO plugin v28.3 - https:\/\/yoast.com\/product\/yoast-seo-wordpress\/ -->\n<title>Caf\u00e9 Kr\u00e4nzchen - Caf\u00e9 &amp; R\u00f6sterei - Leichlingen - Deutschland - Unterwegs mit Weine &amp; Feinkost<\/title>\n<meta name=\"description\" content=\"Caf\u00e9 Kr\u00e4nzchen - Caf\u00e9 &amp; R\u00f6sterei in Leichlingen: ein Hoch auf ein gutes St\u00fcck Kuchen oder Backwerk!\" \/>\n<meta name=\"robots\" content=\"index, follow, max-snippet:-1, max-image-preview:large, max-video-preview:-1\" \/>\n<link rel=\"canonical\" href=\"https:\/\/www.weine-feinkost.de\/unterwegs\/2018\/05\/cafe-kraenzchen-cafe-roesterei\/\" \/>\n<meta property=\"og:locale\" content=\"de_DE\" \/>\n<meta property=\"og:type\" content=\"article\" \/>\n<meta property=\"og:title\" content=\"Caf\u00e9 Kr\u00e4nzchen - Caf\u00e9 &amp; R\u00f6sterei - Leichlingen - Deutschland - Unterwegs mit Weine &amp; Feinkost\" \/>\n<meta property=\"og:description\" content=\"Caf\u00e9 Kr\u00e4nzchen - Caf\u00e9 &amp; R\u00f6sterei in Leichlingen: ein Hoch auf ein gutes St\u00fcck Kuchen oder Backwerk!\" \/>\n<meta property=\"og:url\" content=\"https:\/\/www.weine-feinkost.de\/unterwegs\/2018\/05\/cafe-kraenzchen-cafe-roesterei\/\" \/>\n<meta property=\"og:site_name\" content=\"Unterwegs mit Weine &amp; Feinkost\" \/>\n<meta property=\"article:published_time\" content=\"2018-05-11T09:00:22+00:00\" \/>\n<meta property=\"article:modified_time\" content=\"2023-03-21T14:53:53+00:00\" \/>\n<meta property=\"og:image\" content=\"https:\/\/www.weine-feinkost.de\/unterwegs\/wp-content\/uploads\/2018\/05\/Cafe_Kraenzchen_Cafe_Roesterei_Leichlingen_-Deutschland_10.jpg\" \/>\n\t<meta property=\"og:image:width\" content=\"640\" \/>\n\t<meta property=\"og:image:height\" content=\"480\" \/>\n\t<meta property=\"og:image:type\" content=\"image\/jpeg\" \/>\n<meta name=\"author\" content=\"Christian Fenske\" \/>\n<meta name=\"twitter:card\" content=\"summary_large_image\" \/>\n<meta name=\"twitter:label1\" content=\"Verfasst von\" \/>\n\t<meta name=\"twitter:data1\" content=\"Christian Fenske\" \/>\n\t<meta name=\"twitter:label2\" content=\"Gesch\u00e4tzte Lesezeit\" \/>\n\t<meta name=\"twitter:data2\" content=\"2\u00a0Minuten\" \/>\n<script type=\"application\/ld+json\" class=\"yoast-schema-graph\">{\"@context\":\"https:\\\/\\\/schema.org\",\"@graph\":[{\"@type\":\"Article\",\"@id\":\"https:\\\/\\\/www.weine-feinkost.de\\\/unterwegs\\\/2018\\\/05\\\/cafe-kraenzchen-cafe-roesterei\\\/#article\",\"isPartOf\":{\"@id\":\"https:\\\/\\\/www.weine-feinkost.de\\\/unterwegs\\\/2018\\\/05\\\/cafe-kraenzchen-cafe-roesterei\\\/\"},\"author\":{\"name\":\"Christian Fenske\",\"@id\":\"https:\\\/\\\/www.weine-feinkost.de\\\/unterwegs\\\/#\\\/schema\\\/person\\\/c07d66169fd0e04307bfe7cdc99ac26a\"},\"headline\":\"Caf\u00e9 Kr\u00e4nzchen &#8211; Caf\u00e9 &#038; R\u00f6sterei &#8211; Leichlingen &#8211; Deutschland\",\"datePublished\":\"2018-05-11T09:00:22+00:00\",\"dateModified\":\"2023-03-21T14:53:53+00:00\",\"mainEntityOfPage\":{\"@id\":\"https:\\\/\\\/www.weine-feinkost.de\\\/unterwegs\\\/2018\\\/05\\\/cafe-kraenzchen-cafe-roesterei\\\/\"},\"wordCount\":308,\"commentCount\":0,\"publisher\":{\"@id\":\"https:\\\/\\\/www.weine-feinkost.de\\\/unterwegs\\\/#organization\"},\"image\":{\"@id\":\"https:\\\/\\\/www.weine-feinkost.de\\\/unterwegs\\\/2018\\\/05\\\/cafe-kraenzchen-cafe-roesterei\\\/#primaryimage\"},\"thumbnailUrl\":\"https:\\\/\\\/www.weine-feinkost.de\\\/unterwegs\\\/wp-content\\\/uploads\\\/2018\\\/05\\\/Cafe_Kraenzchen_Cafe_Roesterei_Leichlingen_-Deutschland_10.jpg\",\"keywords\":[\"Caf\u00e9 Kr\u00e4nzchen - Caf\u00e9 &amp; R\u00f6sterei\",\"Deutschland\",\"Leichlingen\"],\"articleSection\":[\"Deutschland\",\"Restaurants\"],\"inLanguage\":\"de\",\"potentialAction\":[{\"@type\":\"CommentAction\",\"name\":\"Comment\",\"target\":[\"https:\\\/\\\/www.weine-feinkost.de\\\/unterwegs\\\/2018\\\/05\\\/cafe-kraenzchen-cafe-roesterei\\\/#respond\"]}]},{\"@type\":\"WebPage\",\"@id\":\"https:\\\/\\\/www.weine-feinkost.de\\\/unterwegs\\\/2018\\\/05\\\/cafe-kraenzchen-cafe-roesterei\\\/\",\"url\":\"https:\\\/\\\/www.weine-feinkost.de\\\/unterwegs\\\/2018\\\/05\\\/cafe-kraenzchen-cafe-roesterei\\\/\",\"name\":\"Caf\u00e9 Kr\u00e4nzchen - Caf\u00e9 & R\u00f6sterei - Leichlingen - Deutschland - Unterwegs mit Weine &amp; Feinkost\",\"isPartOf\":{\"@id\":\"https:\\\/\\\/www.weine-feinkost.de\\\/unterwegs\\\/#website\"},\"primaryImageOfPage\":{\"@id\":\"https:\\\/\\\/www.weine-feinkost.de\\\/unterwegs\\\/2018\\\/05\\\/cafe-kraenzchen-cafe-roesterei\\\/#primaryimage\"},\"image\":{\"@id\":\"https:\\\/\\\/www.weine-feinkost.de\\\/unterwegs\\\/2018\\\/05\\\/cafe-kraenzchen-cafe-roesterei\\\/#primaryimage\"},\"thumbnailUrl\":\"https:\\\/\\\/www.weine-feinkost.de\\\/unterwegs\\\/wp-content\\\/uploads\\\/2018\\\/05\\\/Cafe_Kraenzchen_Cafe_Roesterei_Leichlingen_-Deutschland_10.jpg\",\"datePublished\":\"2018-05-11T09:00:22+00:00\",\"dateModified\":\"2023-03-21T14:53:53+00:00\",\"description\":\"Caf\u00e9 Kr\u00e4nzchen - Caf\u00e9 & R\u00f6sterei in Leichlingen: ein Hoch auf ein gutes St\u00fcck Kuchen oder Backwerk!\",\"breadcrumb\":{\"@id\":\"https:\\\/\\\/www.weine-feinkost.de\\\/unterwegs\\\/2018\\\/05\\\/cafe-kraenzchen-cafe-roesterei\\\/#breadcrumb\"},\"inLanguage\":\"de\",\"potentialAction\":[{\"@type\":\"ReadAction\",\"target\":[\"https:\\\/\\\/www.weine-feinkost.de\\\/unterwegs\\\/2018\\\/05\\\/cafe-kraenzchen-cafe-roesterei\\\/\"]}]},{\"@type\":\"ImageObject\",\"inLanguage\":\"de\",\"@id\":\"https:\\\/\\\/www.weine-feinkost.de\\\/unterwegs\\\/2018\\\/05\\\/cafe-kraenzchen-cafe-roesterei\\\/#primaryimage\",\"url\":\"https:\\\/\\\/www.weine-feinkost.de\\\/unterwegs\\\/wp-content\\\/uploads\\\/2018\\\/05\\\/Cafe_Kraenzchen_Cafe_Roesterei_Leichlingen_-Deutschland_10.jpg\",\"contentUrl\":\"https:\\\/\\\/www.weine-feinkost.de\\\/unterwegs\\\/wp-content\\\/uploads\\\/2018\\\/05\\\/Cafe_Kraenzchen_Cafe_Roesterei_Leichlingen_-Deutschland_10.jpg\",\"width\":640,\"height\":480},{\"@type\":\"BreadcrumbList\",\"@id\":\"https:\\\/\\\/www.weine-feinkost.de\\\/unterwegs\\\/2018\\\/05\\\/cafe-kraenzchen-cafe-roesterei\\\/#breadcrumb\",\"itemListElement\":[{\"@type\":\"ListItem\",\"position\":1,\"name\":\"Startseite\",\"item\":\"https:\\\/\\\/www.weine-feinkost.de\\\/unterwegs\\\/\"},{\"@type\":\"ListItem\",\"position\":2,\"name\":\"Caf\u00e9 Kr\u00e4nzchen &#8211; Caf\u00e9 &#038; R\u00f6sterei &#8211; Leichlingen &#8211; Deutschland\"}]},{\"@type\":\"WebSite\",\"@id\":\"https:\\\/\\\/www.weine-feinkost.de\\\/unterwegs\\\/#website\",\"url\":\"https:\\\/\\\/www.weine-feinkost.de\\\/unterwegs\\\/\",\"name\":\"Unterwegs mit Weine &amp; Feinkost\",\"description\":\"Entdecken Sie Genuss\",\"publisher\":{\"@id\":\"https:\\\/\\\/www.weine-feinkost.de\\\/unterwegs\\\/#organization\"},\"potentialAction\":[{\"@type\":\"SearchAction\",\"target\":{\"@type\":\"EntryPoint\",\"urlTemplate\":\"https:\\\/\\\/www.weine-feinkost.de\\\/unterwegs\\\/?s={search_term_string}\"},\"query-input\":{\"@type\":\"PropertyValueSpecification\",\"valueRequired\":true,\"valueName\":\"search_term_string\"}}],\"inLanguage\":\"de\"},{\"@type\":\"Organization\",\"@id\":\"https:\\\/\\\/www.weine-feinkost.de\\\/unterwegs\\\/#organization\",\"name\":\"Unterwegs mit Weine &amp; Feinkost\",\"url\":\"https:\\\/\\\/www.weine-feinkost.de\\\/unterwegs\\\/\",\"logo\":{\"@type\":\"ImageObject\",\"inLanguage\":\"de\",\"@id\":\"https:\\\/\\\/www.weine-feinkost.de\\\/unterwegs\\\/#\\\/schema\\\/logo\\\/image\\\/\",\"url\":\"https:\\\/\\\/www.weine-feinkost.de\\\/unterwegs\\\/wp-content\\\/uploads\\\/2022\\\/10\\\/logo_weinefeinkost_unterwegs_450x171.png\",\"contentUrl\":\"https:\\\/\\\/www.weine-feinkost.de\\\/unterwegs\\\/wp-content\\\/uploads\\\/2022\\\/10\\\/logo_weinefeinkost_unterwegs_450x171.png\",\"width\":450,\"height\":171,\"caption\":\"Unterwegs mit Weine &amp; Feinkost\"},\"image\":{\"@id\":\"https:\\\/\\\/www.weine-feinkost.de\\\/unterwegs\\\/#\\\/schema\\\/logo\\\/image\\\/\"}},{\"@type\":\"Person\",\"@id\":\"https:\\\/\\\/www.weine-feinkost.de\\\/unterwegs\\\/#\\\/schema\\\/person\\\/c07d66169fd0e04307bfe7cdc99ac26a\",\"name\":\"Christian Fenske\",\"image\":{\"@type\":\"ImageObject\",\"inLanguage\":\"de\",\"@id\":\"https:\\\/\\\/www.weine-feinkost.de\\\/unterwegs\\\/wp-content\\\/uploads\\\/2023\\\/01\\\/cropped-christian_profilbild-96x96.png\",\"url\":\"https:\\\/\\\/www.weine-feinkost.de\\\/unterwegs\\\/wp-content\\\/uploads\\\/2023\\\/01\\\/cropped-christian_profilbild-96x96.png\",\"contentUrl\":\"https:\\\/\\\/www.weine-feinkost.de\\\/unterwegs\\\/wp-content\\\/uploads\\\/2023\\\/01\\\/cropped-christian_profilbild-96x96.png\",\"caption\":\"Christian Fenske\"},\"description\":\"Zusammen an einem Tisch sitzen, gemeinsam zu kommunizieren und zu genie\u00dfen, das ist eine der herausragenden kulturellen Errungenschaft der Menschheit.\",\"url\":\"https:\\\/\\\/www.weine-feinkost.de\\\/unterwegs\\\/author\\\/christian-fenske\\\/\"}]}<\/script>\n<!-- \/ Yoast SEO plugin. -->","yoast_head_json":{"title":"Caf\u00e9 Kr\u00e4nzchen - Caf\u00e9 & R\u00f6sterei - Leichlingen - Deutschland - Unterwegs mit Weine &amp; Feinkost","description":"Caf\u00e9 Kr\u00e4nzchen - Caf\u00e9 & R\u00f6sterei in Leichlingen: ein Hoch auf ein gutes St\u00fcck Kuchen oder Backwerk!","robots":{"index":"index","follow":"follow","max-snippet":"max-snippet:-1","max-image-preview":"max-image-preview:large","max-video-preview":"max-video-preview:-1"},"canonical":"https:\/\/www.weine-feinkost.de\/unterwegs\/2018\/05\/cafe-kraenzchen-cafe-roesterei\/","og_locale":"de_DE","og_type":"article","og_title":"Caf\u00e9 Kr\u00e4nzchen - Caf\u00e9 & R\u00f6sterei - Leichlingen - Deutschland - Unterwegs mit Weine &amp; Feinkost","og_description":"Caf\u00e9 Kr\u00e4nzchen - Caf\u00e9 & R\u00f6sterei in Leichlingen: ein Hoch auf ein gutes St\u00fcck Kuchen oder Backwerk!","og_url":"https:\/\/www.weine-feinkost.de\/unterwegs\/2018\/05\/cafe-kraenzchen-cafe-roesterei\/","og_site_name":"Unterwegs mit Weine &amp; Feinkost","article_published_time":"2018-05-11T09:00:22+00:00","article_modified_time":"2023-03-21T14:53:53+00:00","og_image":[{"width":640,"height":480,"url":"https:\/\/www.weine-feinkost.de\/unterwegs\/wp-content\/uploads\/2018\/05\/Cafe_Kraenzchen_Cafe_Roesterei_Leichlingen_-Deutschland_10.jpg","type":"image\/jpeg"}],"author":"Christian Fenske","twitter_card":"summary_large_image","twitter_misc":{"Verfasst von":"Christian Fenske","Gesch\u00e4tzte Lesezeit":"2\u00a0Minuten"},"schema":{"@context":"https:\/\/schema.org","@graph":[{"@type":"Article","@id":"https:\/\/www.weine-feinkost.de\/unterwegs\/2018\/05\/cafe-kraenzchen-cafe-roesterei\/#article","isPartOf":{"@id":"https:\/\/www.weine-feinkost.de\/unterwegs\/2018\/05\/cafe-kraenzchen-cafe-roesterei\/"},"author":{"name":"Christian Fenske","@id":"https:\/\/www.weine-feinkost.de\/unterwegs\/#\/schema\/person\/c07d66169fd0e04307bfe7cdc99ac26a"},"headline":"Caf\u00e9 Kr\u00e4nzchen &#8211; Caf\u00e9 &#038; R\u00f6sterei &#8211; Leichlingen &#8211; Deutschland","datePublished":"2018-05-11T09:00:22+00:00","dateModified":"2023-03-21T14:53:53+00:00","mainEntityOfPage":{"@id":"https:\/\/www.weine-feinkost.de\/unterwegs\/2018\/05\/cafe-kraenzchen-cafe-roesterei\/"},"wordCount":308,"commentCount":0,"publisher":{"@id":"https:\/\/www.weine-feinkost.de\/unterwegs\/#organization"},"image":{"@id":"https:\/\/www.weine-feinkost.de\/unterwegs\/2018\/05\/cafe-kraenzchen-cafe-roesterei\/#primaryimage"},"thumbnailUrl":"https:\/\/www.weine-feinkost.de\/unterwegs\/wp-content\/uploads\/2018\/05\/Cafe_Kraenzchen_Cafe_Roesterei_Leichlingen_-Deutschland_10.jpg","keywords":["Caf\u00e9 Kr\u00e4nzchen - Caf\u00e9 &amp; R\u00f6sterei","Deutschland","Leichlingen"],"articleSection":["Deutschland","Restaurants"],"inLanguage":"de","potentialAction":[{"@type":"CommentAction","name":"Comment","target":["https:\/\/www.weine-feinkost.de\/unterwegs\/2018\/05\/cafe-kraenzchen-cafe-roesterei\/#respond"]}]},{"@type":"WebPage","@id":"https:\/\/www.weine-feinkost.de\/unterwegs\/2018\/05\/cafe-kraenzchen-cafe-roesterei\/","url":"https:\/\/www.weine-feinkost.de\/unterwegs\/2018\/05\/cafe-kraenzchen-cafe-roesterei\/","name":"Caf\u00e9 Kr\u00e4nzchen - Caf\u00e9 & R\u00f6sterei - Leichlingen - Deutschland - Unterwegs mit Weine &amp; Feinkost","isPartOf":{"@id":"https:\/\/www.weine-feinkost.de\/unterwegs\/#website"},"primaryImageOfPage":{"@id":"https:\/\/www.weine-feinkost.de\/unterwegs\/2018\/05\/cafe-kraenzchen-cafe-roesterei\/#primaryimage"},"image":{"@id":"https:\/\/www.weine-feinkost.de\/unterwegs\/2018\/05\/cafe-kraenzchen-cafe-roesterei\/#primaryimage"},"thumbnailUrl":"https:\/\/www.weine-feinkost.de\/unterwegs\/wp-content\/uploads\/2018\/05\/Cafe_Kraenzchen_Cafe_Roesterei_Leichlingen_-Deutschland_10.jpg","datePublished":"2018-05-11T09:00:22+00:00","dateModified":"2023-03-21T14:53:53+00:00","description":"Caf\u00e9 Kr\u00e4nzchen - Caf\u00e9 & R\u00f6sterei in Leichlingen: ein Hoch auf ein gutes St\u00fcck Kuchen oder Backwerk!","breadcrumb":{"@id":"https:\/\/www.weine-feinkost.de\/unterwegs\/2018\/05\/cafe-kraenzchen-cafe-roesterei\/#breadcrumb"},"inLanguage":"de","potentialAction":[{"@type":"ReadAction","target":["https:\/\/www.weine-feinkost.de\/unterwegs\/2018\/05\/cafe-kraenzchen-cafe-roesterei\/"]}]},{"@type":"ImageObject","inLanguage":"de","@id":"https:\/\/www.weine-feinkost.de\/unterwegs\/2018\/05\/cafe-kraenzchen-cafe-roesterei\/#primaryimage","url":"https:\/\/www.weine-feinkost.de\/unterwegs\/wp-content\/uploads\/2018\/05\/Cafe_Kraenzchen_Cafe_Roesterei_Leichlingen_-Deutschland_10.jpg","contentUrl":"https:\/\/www.weine-feinkost.de\/unterwegs\/wp-content\/uploads\/2018\/05\/Cafe_Kraenzchen_Cafe_Roesterei_Leichlingen_-Deutschland_10.jpg","width":640,"height":480},{"@type":"BreadcrumbList","@id":"https:\/\/www.weine-feinkost.de\/unterwegs\/2018\/05\/cafe-kraenzchen-cafe-roesterei\/#breadcrumb","itemListElement":[{"@type":"ListItem","position":1,"name":"Startseite","item":"https:\/\/www.weine-feinkost.de\/unterwegs\/"},{"@type":"ListItem","position":2,"name":"Caf\u00e9 Kr\u00e4nzchen &#8211; Caf\u00e9 &#038; R\u00f6sterei &#8211; Leichlingen &#8211; Deutschland"}]},{"@type":"WebSite","@id":"https:\/\/www.weine-feinkost.de\/unterwegs\/#website","url":"https:\/\/www.weine-feinkost.de\/unterwegs\/","name":"Unterwegs mit Weine &amp; Feinkost","description":"Entdecken Sie Genuss","publisher":{"@id":"https:\/\/www.weine-feinkost.de\/unterwegs\/#organization"},"potentialAction":[{"@type":"SearchAction","target":{"@type":"EntryPoint","urlTemplate":"https:\/\/www.weine-feinkost.de\/unterwegs\/?s={search_term_string}"},"query-input":{"@type":"PropertyValueSpecification","valueRequired":true,"valueName":"search_term_string"}}],"inLanguage":"de"},{"@type":"Organization","@id":"https:\/\/www.weine-feinkost.de\/unterwegs\/#organization","name":"Unterwegs mit Weine &amp; Feinkost","url":"https:\/\/www.weine-feinkost.de\/unterwegs\/","logo":{"@type":"ImageObject","inLanguage":"de","@id":"https:\/\/www.weine-feinkost.de\/unterwegs\/#\/schema\/logo\/image\/","url":"https:\/\/www.weine-feinkost.de\/unterwegs\/wp-content\/uploads\/2022\/10\/logo_weinefeinkost_unterwegs_450x171.png","contentUrl":"https:\/\/www.weine-feinkost.de\/unterwegs\/wp-content\/uploads\/2022\/10\/logo_weinefeinkost_unterwegs_450x171.png","width":450,"height":171,"caption":"Unterwegs mit Weine &amp; Feinkost"},"image":{"@id":"https:\/\/www.weine-feinkost.de\/unterwegs\/#\/schema\/logo\/image\/"}},{"@type":"Person","@id":"https:\/\/www.weine-feinkost.de\/unterwegs\/#\/schema\/person\/c07d66169fd0e04307bfe7cdc99ac26a","name":"Christian Fenske","image":{"@type":"ImageObject","inLanguage":"de","@id":"https:\/\/www.weine-feinkost.de\/unterwegs\/wp-content\/uploads\/2023\/01\/cropped-christian_profilbild-96x96.png","url":"https:\/\/www.weine-feinkost.de\/unterwegs\/wp-content\/uploads\/2023\/01\/cropped-christian_profilbild-96x96.png","contentUrl":"https:\/\/www.weine-feinkost.de\/unterwegs\/wp-content\/uploads\/2023\/01\/cropped-christian_profilbild-96x96.png","caption":"Christian Fenske"},"description":"Zusammen an einem Tisch sitzen, gemeinsam zu kommunizieren und zu genie\u00dfen, das ist eine der herausragenden kulturellen Errungenschaft der Menschheit.","url":"https:\/\/www.weine-feinkost.de\/unterwegs\/author\/christian-fenske\/"}]}},"jetpack_publicize_connections":[],"jetpack_shortlink":"https:\/\/wp.me\/p68Tjo-aU1","jetpack_sharing_enabled":true,"jetpack_likes_enabled":true,"jetpack_featured_media_url":"https:\/\/www.weine-feinkost.de\/unterwegs\/wp-content\/uploads\/2018\/05\/Cafe_Kraenzchen_Cafe_Roesterei_Leichlingen_-Deutschland_10.jpg","_links":{"self":[{"href":"https:\/\/www.weine-feinkost.de\/unterwegs\/wp-json\/wp\/v2\/posts\/41913","targetHints":{"allow":["GET"]}}],"collection":[{"href":"https:\/\/www.weine-feinkost.de\/unterwegs\/wp-json\/wp\/v2\/posts"}],"about":[{"href":"https:\/\/www.weine-feinkost.de\/unterwegs\/wp-json\/wp\/v2\/types\/post"}],"author":[{"embeddable":true,"href":"https:\/\/www.weine-feinkost.de\/unterwegs\/wp-json\/wp\/v2\/users\/7"}],"replies":[{"embeddable":true,"href":"https:\/\/www.weine-feinkost.de\/unterwegs\/wp-json\/wp\/v2\/comments?post=41913"}],"version-history":[{"count":1,"href":"https:\/\/www.weine-feinkost.de\/unterwegs\/wp-json\/wp\/v2\/posts\/41913\/revisions"}],"predecessor-version":[{"id":197165,"href":"https:\/\/www.weine-feinkost.de\/unterwegs\/wp-json\/wp\/v2\/posts\/41913\/revisions\/197165"}],"wp:featuredmedia":[{"embeddable":true,"href":"https:\/\/www.weine-feinkost.de\/unterwegs\/wp-json\/wp\/v2\/media\/142496"}],"wp:attachment":[{"href":"https:\/\/www.weine-feinkost.de\/unterwegs\/wp-json\/wp\/v2\/media?parent=41913"}],"wp:term":[{"taxonomy":"category","embeddable":true,"href":"https:\/\/www.weine-feinkost.de\/unterwegs\/wp-json\/wp\/v2\/categories?post=41913"},{"taxonomy":"post_tag","embeddable":true,"href":"https:\/\/www.weine-feinkost.de\/unterwegs\/wp-json\/wp\/v2\/tags?post=41913"},{"taxonomy":"post_folder","embeddable":true,"href":"https:\/\/www.weine-feinkost.de\/unterwegs\/wp-json\/wp\/v2\/post_folder?post=41913"}],"curies":[{"name":"wp","href":"https:\/\/api.w.org\/{rel}","templated":true}]}}