{"id":56604,"date":"2019-02-09T11:00:22","date_gmt":"2019-02-09T10:00:22","guid":{"rendered":"https:\/\/www.weine-feinkost.de\/unterwegs\/?p=56604"},"modified":"2023-03-20T10:23:08","modified_gmt":"2023-03-20T09:23:08","slug":"cafe-iruna-bilbao-spanien","status":"publish","type":"post","link":"https:\/\/www.weine-feinkost.de\/unterwegs\/2019\/02\/cafe-iruna-bilbao-spanien\/","title":{"rendered":"Caf\u00e9 Iru\u00f1a &#8211; Bilbao &#8211; Spanien"},"content":{"rendered":"\n<h3 class=\"wp-block-heading\">Caf\u00e9 Iru\u00f1a &#8211; ein Klassiker in BilbaoCaf\u00e9 Iru\u00f1a &#8211; Bilbao &#8211; Spanien<\/h3>\n\n\n\n<p class=\"has-drop-cap\">Bereits 1903 wurde das Caf\u00e9 Iru\u00f1a direkt gegen\u00fcber des kleinen begr\u00fcnten Parks Albiako Lorategiak in Bilbao gegr\u00fcndet. Inzwischen ist das Caf\u00e9 Iru\u00f1a in Bilbao eine alteingesessene Institution und viele Einheimische wie auch vorbei schlendernde Touristen g\u00f6nnen sich hier eine kleine Tapa, einen guten Cortado oder ein schnelles Gl\u00e4schen Wein.<\/p>\n\n\n\n<ul class=\"wp-block-gallery aligncenter columns-3 is-cropped wp-block-gallery-1 is-layout-flex wp-block-gallery-is-layout-flex\"><li class=\"blocks-gallery-item\"><figure><img loading=\"lazy\" decoding=\"async\" width=\"640\" height=\"480\" src=\"https:\/\/www.weine-feinkost.de\/unterwegs\/wp-content\/uploads\/2019\/01\/Cafe_Iruna_Bilbao_Spanien_1.jpg\" alt=\"\" data-id=\"56660\" data-link=\"https:\/\/www.weine-feinkost.de\/unterwegs\/2019\/02\/cafe-iruna-bilbao-spanien\/cafe_iruna_bilbao_spanien_1\/\" class=\"wp-image-164830\" srcset=\"https:\/\/www.weine-feinkost.de\/unterwegs\/wp-content\/uploads\/2019\/01\/Cafe_Iruna_Bilbao_Spanien_1.jpg 640w, https:\/\/www.weine-feinkost.de\/unterwegs\/wp-content\/uploads\/2019\/01\/Cafe_Iruna_Bilbao_Spanien_1-300x225.jpg 300w\" sizes=\"auto, (max-width: 640px) 100vw, 640px\" \/><\/figure><\/li><li class=\"blocks-gallery-item\"><figure><img loading=\"lazy\" decoding=\"async\" width=\"480\" height=\"640\" src=\"https:\/\/www.weine-feinkost.de\/unterwegs\/wp-content\/uploads\/2019\/01\/Cafe_Iruna_Bilbao_Spanien_2.jpg\" alt=\"\" data-id=\"56661\" data-link=\"https:\/\/www.weine-feinkost.de\/unterwegs\/2019\/02\/cafe-iruna-bilbao-spanien\/cafe_iruna_bilbao_spanien_2\/\" class=\"wp-image-164831\" srcset=\"https:\/\/www.weine-feinkost.de\/unterwegs\/wp-content\/uploads\/2019\/01\/Cafe_Iruna_Bilbao_Spanien_2.jpg 480w, https:\/\/www.weine-feinkost.de\/unterwegs\/wp-content\/uploads\/2019\/01\/Cafe_Iruna_Bilbao_Spanien_2-225x300.jpg 225w\" sizes=\"auto, (max-width: 480px) 100vw, 480px\" \/><\/figure><\/li><li class=\"blocks-gallery-item\"><figure><img loading=\"lazy\" decoding=\"async\" width=\"640\" height=\"480\" src=\"https:\/\/www.weine-feinkost.de\/unterwegs\/wp-content\/uploads\/2019\/01\/Cafe_Iruna_Bilbao_Spanien_3.jpg\" alt=\"\" data-id=\"56662\" data-link=\"https:\/\/www.weine-feinkost.de\/unterwegs\/2019\/02\/cafe-iruna-bilbao-spanien\/cafe_iruna_bilbao_spanien_3\/\" class=\"wp-image-164832\" srcset=\"https:\/\/www.weine-feinkost.de\/unterwegs\/wp-content\/uploads\/2019\/01\/Cafe_Iruna_Bilbao_Spanien_3.jpg 640w, https:\/\/www.weine-feinkost.de\/unterwegs\/wp-content\/uploads\/2019\/01\/Cafe_Iruna_Bilbao_Spanien_3-300x225.jpg 300w\" sizes=\"auto, (max-width: 640px) 100vw, 640px\" \/><\/figure><\/li><li class=\"blocks-gallery-item\"><figure><img loading=\"lazy\" decoding=\"async\" width=\"640\" height=\"480\" src=\"https:\/\/www.weine-feinkost.de\/unterwegs\/wp-content\/uploads\/2019\/01\/Cafe_Iruna_Bilbao_Spanien_4.jpg\" alt=\"\" data-id=\"56663\" data-link=\"https:\/\/www.weine-feinkost.de\/unterwegs\/2019\/02\/cafe-iruna-bilbao-spanien\/cafe_iruna_bilbao_spanien_4\/\" class=\"wp-image-164833\" srcset=\"https:\/\/www.weine-feinkost.de\/unterwegs\/wp-content\/uploads\/2019\/01\/Cafe_Iruna_Bilbao_Spanien_4.jpg 640w, https:\/\/www.weine-feinkost.de\/unterwegs\/wp-content\/uploads\/2019\/01\/Cafe_Iruna_Bilbao_Spanien_4-300x225.jpg 300w\" sizes=\"auto, (max-width: 640px) 100vw, 640px\" \/><\/figure><\/li><li class=\"blocks-gallery-item\"><figure><img loading=\"lazy\" decoding=\"async\" width=\"640\" height=\"480\" src=\"https:\/\/www.weine-feinkost.de\/unterwegs\/wp-content\/uploads\/2019\/01\/Cafe_Iruna_Bilbao_Spanien_5.jpg\" alt=\"\" data-id=\"56664\" data-link=\"https:\/\/www.weine-feinkost.de\/unterwegs\/2019\/02\/cafe-iruna-bilbao-spanien\/cafe_iruna_bilbao_spanien_5\/\" class=\"wp-image-164834\" srcset=\"https:\/\/www.weine-feinkost.de\/unterwegs\/wp-content\/uploads\/2019\/01\/Cafe_Iruna_Bilbao_Spanien_5.jpg 640w, https:\/\/www.weine-feinkost.de\/unterwegs\/wp-content\/uploads\/2019\/01\/Cafe_Iruna_Bilbao_Spanien_5-300x225.jpg 300w\" sizes=\"auto, (max-width: 640px) 100vw, 640px\" \/><\/figure><\/li><li class=\"blocks-gallery-item\"><figure><img loading=\"lazy\" decoding=\"async\" width=\"640\" height=\"480\" src=\"https:\/\/www.weine-feinkost.de\/unterwegs\/wp-content\/uploads\/2019\/01\/Cafe_Iruna_Bilbao_Spanien_6.jpg\" alt=\"\" data-id=\"56665\" data-link=\"https:\/\/www.weine-feinkost.de\/unterwegs\/2019\/02\/cafe-iruna-bilbao-spanien\/cafe_iruna_bilbao_spanien_6\/\" class=\"wp-image-164835\" srcset=\"https:\/\/www.weine-feinkost.de\/unterwegs\/wp-content\/uploads\/2019\/01\/Cafe_Iruna_Bilbao_Spanien_6.jpg 640w, https:\/\/www.weine-feinkost.de\/unterwegs\/wp-content\/uploads\/2019\/01\/Cafe_Iruna_Bilbao_Spanien_6-300x225.jpg 300w\" sizes=\"auto, (max-width: 640px) 100vw, 640px\" \/><\/figure><\/li><li class=\"blocks-gallery-item\"><figure><img loading=\"lazy\" decoding=\"async\" width=\"640\" height=\"480\" src=\"https:\/\/www.weine-feinkost.de\/unterwegs\/wp-content\/uploads\/2019\/01\/Cafe_Iruna_Bilbao_Spanien_7.jpg\" alt=\"\" data-id=\"56666\" data-link=\"https:\/\/www.weine-feinkost.de\/unterwegs\/2019\/02\/cafe-iruna-bilbao-spanien\/cafe_iruna_bilbao_spanien_7\/\" class=\"wp-image-164836\" srcset=\"https:\/\/www.weine-feinkost.de\/unterwegs\/wp-content\/uploads\/2019\/01\/Cafe_Iruna_Bilbao_Spanien_7.jpg 640w, https:\/\/www.weine-feinkost.de\/unterwegs\/wp-content\/uploads\/2019\/01\/Cafe_Iruna_Bilbao_Spanien_7-300x225.jpg 300w\" sizes=\"auto, (max-width: 640px) 100vw, 640px\" \/><\/figure><\/li><li class=\"blocks-gallery-item\"><figure><img loading=\"lazy\" decoding=\"async\" width=\"640\" height=\"480\" src=\"https:\/\/www.weine-feinkost.de\/unterwegs\/wp-content\/uploads\/2019\/01\/Cafe_Iruna_Bilbao_Spanien_8.jpg\" alt=\"\" data-id=\"56667\" data-link=\"https:\/\/www.weine-feinkost.de\/unterwegs\/2019\/02\/cafe-iruna-bilbao-spanien\/cafe_iruna_bilbao_spanien_8\/\" class=\"wp-image-164837\" srcset=\"https:\/\/www.weine-feinkost.de\/unterwegs\/wp-content\/uploads\/2019\/01\/Cafe_Iruna_Bilbao_Spanien_8.jpg 640w, https:\/\/www.weine-feinkost.de\/unterwegs\/wp-content\/uploads\/2019\/01\/Cafe_Iruna_Bilbao_Spanien_8-300x225.jpg 300w\" sizes=\"auto, (max-width: 640px) 100vw, 640px\" \/><\/figure><\/li><li class=\"blocks-gallery-item\"><figure><img loading=\"lazy\" decoding=\"async\" width=\"640\" height=\"480\" src=\"https:\/\/www.weine-feinkost.de\/unterwegs\/wp-content\/uploads\/2019\/01\/Cafe_Iruna_Bilbao_Spanien_9.jpg\" alt=\"\" data-id=\"56668\" data-link=\"https:\/\/www.weine-feinkost.de\/unterwegs\/2019\/02\/cafe-iruna-bilbao-spanien\/cafe_iruna_bilbao_spanien_9\/\" class=\"wp-image-164838\" srcset=\"https:\/\/www.weine-feinkost.de\/unterwegs\/wp-content\/uploads\/2019\/01\/Cafe_Iruna_Bilbao_Spanien_9.jpg 640w, https:\/\/www.weine-feinkost.de\/unterwegs\/wp-content\/uploads\/2019\/01\/Cafe_Iruna_Bilbao_Spanien_9-300x225.jpg 300w\" sizes=\"auto, (max-width: 640px) 100vw, 640px\" \/><\/figure><\/li><li class=\"blocks-gallery-item\"><figure><img loading=\"lazy\" decoding=\"async\" width=\"640\" height=\"480\" src=\"https:\/\/www.weine-feinkost.de\/unterwegs\/wp-content\/uploads\/2019\/01\/Cafe_Iruna_Bilbao_Spanien_10.jpg\" alt=\"\" data-id=\"56669\" data-link=\"https:\/\/www.weine-feinkost.de\/unterwegs\/2019\/02\/cafe-iruna-bilbao-spanien\/cafe_iruna_bilbao_spanien_10\/\" class=\"wp-image-164839\" srcset=\"https:\/\/www.weine-feinkost.de\/unterwegs\/wp-content\/uploads\/2019\/01\/Cafe_Iruna_Bilbao_Spanien_10.jpg 640w, https:\/\/www.weine-feinkost.de\/unterwegs\/wp-content\/uploads\/2019\/01\/Cafe_Iruna_Bilbao_Spanien_10-300x225.jpg 300w\" sizes=\"auto, (max-width: 640px) 100vw, 640px\" \/><\/figure><\/li><\/ul>\n\n\n\n<p><\/p>\n\n\n\n<p><\/p>\n\n\n\n<p>Die rustikale Inneneinrichtung mit den tollen Mosaikmustern erinnert an eine alte Tasca in Andalusien. Der Gast f\u00fchlt sich in diesen R\u00e4umen so wie in einer anderen Zeitepoche, wo zwar nicht alles besser, aber auch nicht alles schlechter war. Der damalige Gr\u00fcnder des Caf\u00e9 Iru\u00f1a, D. Severo Unzue Donamar\u00eda, hat hier auf 300 qm ein zeitloses Caf\u00e9 erschaffen, dem die G\u00e4ste hoffentlich noch lange treu bleiben werden.<\/p>\n\n\n\n<p><strong>Caf\u00e9 Iru\u00f1a<\/strong> &#8211; Colon de Larreategui 13 &#8211; 48001 Bilbao &#8211; Spanien &#8211; Telefon: +34 944 23 70 21 &#8211; <a href=\"https:\/\/www.cafeirunabilbao.net\/\">www.cafeirunabilbao.net<\/a><\/p>\n\n\n\n<p><\/p>\n","protected":false},"excerpt":{"rendered":"<p>Caf\u00e9 Iru\u00f1a &#8211; ein Klassiker in BilbaoCaf\u00e9 Iru\u00f1a &#8211; Bilbao &#8211; Spanien Bereits 1903 wurde das Caf\u00e9 Iru\u00f1a direkt gegen\u00fcber des kleinen begr\u00fcnten Parks Albiako Lorategiak in Bilbao gegr\u00fcndet. Inzwischen ist das Caf\u00e9 Iru\u00f1a in Bilbao eine alteingesessene Institution und viele Einheimische wie auch vorbei schlendernde Touristen g\u00f6nnen sich hier eine kleine Tapa, einen guten &#8230; <a title=\"Caf\u00e9 Iru\u00f1a &#8211; Bilbao &#8211; Spanien\" class=\"read-more\" href=\"https:\/\/www.weine-feinkost.de\/unterwegs\/2019\/02\/cafe-iruna-bilbao-spanien\/\" aria-label=\"Mehr dazu unter Caf\u00e9 Iru\u00f1a &#8211; Bilbao &#8211; Spanien\">Weiterlesen<\/a><\/p>\n","protected":false},"author":7,"featured_media":164831,"comment_status":"open","ping_status":"open","sticky":false,"template":"","format":"standard","meta":{"_jetpack_newsletter_access":"","_jetpack_dont_email_post_to_subs":false,"_jetpack_newsletter_tier_id":0,"_jetpack_memberships_contains_paywalled_content":false,"_jetpack_feature_clip_id":0,"_jetpack_memberships_contains_paid_content":false,"footnotes":"","jetpack_publicize_message":"","jetpack_publicize_feature_enabled":true,"jetpack_social_post_already_shared":true,"jetpack_social_options":{"image_generator_settings":{"template":"highway","default_image_id":0,"font":"","enabled":false},"version":2},"jetpack_post_was_ever_published":false},"categories":[13,30],"tags":[242,1984,73,79],"post_folder":[],"class_list":["post-56604","post","type-post","status-publish","format-standard","has-post-thumbnail","hentry","category-restaurants","category-spanien-restaurants","tag-bilbao","tag-cafe-iruna","tag-restaurant","tag-spanien"],"yoast_head":"<!-- This site is optimized with the Yoast SEO plugin v28.3 - https:\/\/yoast.com\/product\/yoast-seo-wordpress\/ -->\n<title>Caf\u00e9 Iru\u00f1a - Bilbao - Spanien - Unterwegs mit Weine &amp; Feinkost<\/title>\n<meta name=\"description\" content=\"Seit 1903 ein Klassiker in Bilbao, das Caf\u00e9 Iru\u00f1a. Zeitlos!\" \/>\n<meta name=\"robots\" content=\"index, follow, max-snippet:-1, max-image-preview:large, max-video-preview:-1\" \/>\n<link rel=\"canonical\" href=\"https:\/\/www.weine-feinkost.de\/unterwegs\/2019\/02\/cafe-iruna-bilbao-spanien\/\" \/>\n<meta property=\"og:locale\" content=\"de_DE\" \/>\n<meta property=\"og:type\" content=\"article\" \/>\n<meta property=\"og:title\" content=\"Caf\u00e9 Iru\u00f1a - Bilbao - Spanien - Unterwegs mit Weine &amp; Feinkost\" \/>\n<meta property=\"og:description\" content=\"Seit 1903 ein Klassiker in Bilbao, das Caf\u00e9 Iru\u00f1a. Zeitlos!\" \/>\n<meta property=\"og:url\" content=\"https:\/\/www.weine-feinkost.de\/unterwegs\/2019\/02\/cafe-iruna-bilbao-spanien\/\" \/>\n<meta property=\"og:site_name\" content=\"Unterwegs mit Weine &amp; Feinkost\" \/>\n<meta property=\"article:published_time\" content=\"2019-02-09T10:00:22+00:00\" \/>\n<meta property=\"article:modified_time\" content=\"2023-03-20T09:23:08+00:00\" \/>\n<meta property=\"og:image\" content=\"https:\/\/www.weine-feinkost.de\/unterwegs\/wp-content\/uploads\/2019\/01\/Cafe_Iruna_Bilbao_Spanien_2.jpg\" \/>\n\t<meta property=\"og:image:width\" content=\"480\" \/>\n\t<meta property=\"og:image:height\" content=\"640\" \/>\n\t<meta property=\"og:image:type\" content=\"image\/jpeg\" \/>\n<meta name=\"author\" content=\"Christian Fenske\" \/>\n<meta name=\"twitter:card\" content=\"summary_large_image\" \/>\n<meta name=\"twitter:label1\" content=\"Verfasst von\" \/>\n\t<meta name=\"twitter:data1\" content=\"Christian Fenske\" \/>\n\t<meta name=\"twitter:label2\" content=\"Gesch\u00e4tzte Lesezeit\" \/>\n\t<meta name=\"twitter:data2\" content=\"3\u00a0Minuten\" \/>\n<script type=\"application\/ld+json\" class=\"yoast-schema-graph\">{\"@context\":\"https:\\\/\\\/schema.org\",\"@graph\":[{\"@type\":\"Article\",\"@id\":\"https:\\\/\\\/www.weine-feinkost.de\\\/unterwegs\\\/2019\\\/02\\\/cafe-iruna-bilbao-spanien\\\/#article\",\"isPartOf\":{\"@id\":\"https:\\\/\\\/www.weine-feinkost.de\\\/unterwegs\\\/2019\\\/02\\\/cafe-iruna-bilbao-spanien\\\/\"},\"author\":{\"name\":\"Christian Fenske\",\"@id\":\"https:\\\/\\\/www.weine-feinkost.de\\\/unterwegs\\\/#\\\/schema\\\/person\\\/c07d66169fd0e04307bfe7cdc99ac26a\"},\"headline\":\"Caf\u00e9 Iru\u00f1a &#8211; Bilbao &#8211; Spanien\",\"datePublished\":\"2019-02-09T10:00:22+00:00\",\"dateModified\":\"2023-03-20T09:23:08+00:00\",\"mainEntityOfPage\":{\"@id\":\"https:\\\/\\\/www.weine-feinkost.de\\\/unterwegs\\\/2019\\\/02\\\/cafe-iruna-bilbao-spanien\\\/\"},\"wordCount\":164,\"commentCount\":0,\"publisher\":{\"@id\":\"https:\\\/\\\/www.weine-feinkost.de\\\/unterwegs\\\/#organization\"},\"image\":{\"@id\":\"https:\\\/\\\/www.weine-feinkost.de\\\/unterwegs\\\/2019\\\/02\\\/cafe-iruna-bilbao-spanien\\\/#primaryimage\"},\"thumbnailUrl\":\"https:\\\/\\\/www.weine-feinkost.de\\\/unterwegs\\\/wp-content\\\/uploads\\\/2019\\\/01\\\/Cafe_Iruna_Bilbao_Spanien_2.jpg\",\"keywords\":[\"Bilbao\",\"Caf\u00e9 Iru\u00f1a\",\"Restaurant\",\"Spanien\"],\"articleSection\":[\"Restaurants\",\"Spanien\"],\"inLanguage\":\"de\",\"potentialAction\":[{\"@type\":\"CommentAction\",\"name\":\"Comment\",\"target\":[\"https:\\\/\\\/www.weine-feinkost.de\\\/unterwegs\\\/2019\\\/02\\\/cafe-iruna-bilbao-spanien\\\/#respond\"]}]},{\"@type\":\"WebPage\",\"@id\":\"https:\\\/\\\/www.weine-feinkost.de\\\/unterwegs\\\/2019\\\/02\\\/cafe-iruna-bilbao-spanien\\\/\",\"url\":\"https:\\\/\\\/www.weine-feinkost.de\\\/unterwegs\\\/2019\\\/02\\\/cafe-iruna-bilbao-spanien\\\/\",\"name\":\"Caf\u00e9 Iru\u00f1a - Bilbao - Spanien - Unterwegs mit Weine &amp; Feinkost\",\"isPartOf\":{\"@id\":\"https:\\\/\\\/www.weine-feinkost.de\\\/unterwegs\\\/#website\"},\"primaryImageOfPage\":{\"@id\":\"https:\\\/\\\/www.weine-feinkost.de\\\/unterwegs\\\/2019\\\/02\\\/cafe-iruna-bilbao-spanien\\\/#primaryimage\"},\"image\":{\"@id\":\"https:\\\/\\\/www.weine-feinkost.de\\\/unterwegs\\\/2019\\\/02\\\/cafe-iruna-bilbao-spanien\\\/#primaryimage\"},\"thumbnailUrl\":\"https:\\\/\\\/www.weine-feinkost.de\\\/unterwegs\\\/wp-content\\\/uploads\\\/2019\\\/01\\\/Cafe_Iruna_Bilbao_Spanien_2.jpg\",\"datePublished\":\"2019-02-09T10:00:22+00:00\",\"dateModified\":\"2023-03-20T09:23:08+00:00\",\"description\":\"Seit 1903 ein Klassiker in Bilbao, das Caf\u00e9 Iru\u00f1a. Zeitlos!\",\"breadcrumb\":{\"@id\":\"https:\\\/\\\/www.weine-feinkost.de\\\/unterwegs\\\/2019\\\/02\\\/cafe-iruna-bilbao-spanien\\\/#breadcrumb\"},\"inLanguage\":\"de\",\"potentialAction\":[{\"@type\":\"ReadAction\",\"target\":[\"https:\\\/\\\/www.weine-feinkost.de\\\/unterwegs\\\/2019\\\/02\\\/cafe-iruna-bilbao-spanien\\\/\"]}]},{\"@type\":\"ImageObject\",\"inLanguage\":\"de\",\"@id\":\"https:\\\/\\\/www.weine-feinkost.de\\\/unterwegs\\\/2019\\\/02\\\/cafe-iruna-bilbao-spanien\\\/#primaryimage\",\"url\":\"https:\\\/\\\/www.weine-feinkost.de\\\/unterwegs\\\/wp-content\\\/uploads\\\/2019\\\/01\\\/Cafe_Iruna_Bilbao_Spanien_2.jpg\",\"contentUrl\":\"https:\\\/\\\/www.weine-feinkost.de\\\/unterwegs\\\/wp-content\\\/uploads\\\/2019\\\/01\\\/Cafe_Iruna_Bilbao_Spanien_2.jpg\",\"width\":480,\"height\":640},{\"@type\":\"BreadcrumbList\",\"@id\":\"https:\\\/\\\/www.weine-feinkost.de\\\/unterwegs\\\/2019\\\/02\\\/cafe-iruna-bilbao-spanien\\\/#breadcrumb\",\"itemListElement\":[{\"@type\":\"ListItem\",\"position\":1,\"name\":\"Startseite\",\"item\":\"https:\\\/\\\/www.weine-feinkost.de\\\/unterwegs\\\/\"},{\"@type\":\"ListItem\",\"position\":2,\"name\":\"Caf\u00e9 Iru\u00f1a &#8211; Bilbao &#8211; Spanien\"}]},{\"@type\":\"WebSite\",\"@id\":\"https:\\\/\\\/www.weine-feinkost.de\\\/unterwegs\\\/#website\",\"url\":\"https:\\\/\\\/www.weine-feinkost.de\\\/unterwegs\\\/\",\"name\":\"Unterwegs mit Weine &amp; Feinkost\",\"description\":\"Entdecken Sie Genuss\",\"publisher\":{\"@id\":\"https:\\\/\\\/www.weine-feinkost.de\\\/unterwegs\\\/#organization\"},\"potentialAction\":[{\"@type\":\"SearchAction\",\"target\":{\"@type\":\"EntryPoint\",\"urlTemplate\":\"https:\\\/\\\/www.weine-feinkost.de\\\/unterwegs\\\/?s={search_term_string}\"},\"query-input\":{\"@type\":\"PropertyValueSpecification\",\"valueRequired\":true,\"valueName\":\"search_term_string\"}}],\"inLanguage\":\"de\"},{\"@type\":\"Organization\",\"@id\":\"https:\\\/\\\/www.weine-feinkost.de\\\/unterwegs\\\/#organization\",\"name\":\"Unterwegs mit Weine &amp; Feinkost\",\"url\":\"https:\\\/\\\/www.weine-feinkost.de\\\/unterwegs\\\/\",\"logo\":{\"@type\":\"ImageObject\",\"inLanguage\":\"de\",\"@id\":\"https:\\\/\\\/www.weine-feinkost.de\\\/unterwegs\\\/#\\\/schema\\\/logo\\\/image\\\/\",\"url\":\"https:\\\/\\\/www.weine-feinkost.de\\\/unterwegs\\\/wp-content\\\/uploads\\\/2022\\\/10\\\/logo_weinefeinkost_unterwegs_450x171.png\",\"contentUrl\":\"https:\\\/\\\/www.weine-feinkost.de\\\/unterwegs\\\/wp-content\\\/uploads\\\/2022\\\/10\\\/logo_weinefeinkost_unterwegs_450x171.png\",\"width\":450,\"height\":171,\"caption\":\"Unterwegs mit Weine &amp; Feinkost\"},\"image\":{\"@id\":\"https:\\\/\\\/www.weine-feinkost.de\\\/unterwegs\\\/#\\\/schema\\\/logo\\\/image\\\/\"}},{\"@type\":\"Person\",\"@id\":\"https:\\\/\\\/www.weine-feinkost.de\\\/unterwegs\\\/#\\\/schema\\\/person\\\/c07d66169fd0e04307bfe7cdc99ac26a\",\"name\":\"Christian Fenske\",\"image\":{\"@type\":\"ImageObject\",\"inLanguage\":\"de\",\"@id\":\"https:\\\/\\\/www.weine-feinkost.de\\\/unterwegs\\\/wp-content\\\/uploads\\\/2023\\\/01\\\/cropped-christian_profilbild-96x96.png\",\"url\":\"https:\\\/\\\/www.weine-feinkost.de\\\/unterwegs\\\/wp-content\\\/uploads\\\/2023\\\/01\\\/cropped-christian_profilbild-96x96.png\",\"contentUrl\":\"https:\\\/\\\/www.weine-feinkost.de\\\/unterwegs\\\/wp-content\\\/uploads\\\/2023\\\/01\\\/cropped-christian_profilbild-96x96.png\",\"caption\":\"Christian Fenske\"},\"description\":\"Zusammen an einem Tisch sitzen, gemeinsam zu kommunizieren und zu genie\u00dfen, das ist eine der herausragenden kulturellen Errungenschaft der Menschheit.\",\"url\":\"https:\\\/\\\/www.weine-feinkost.de\\\/unterwegs\\\/author\\\/christian-fenske\\\/\"}]}<\/script>\n<!-- \/ Yoast SEO plugin. -->","yoast_head_json":{"title":"Caf\u00e9 Iru\u00f1a - Bilbao - Spanien - Unterwegs mit Weine &amp; Feinkost","description":"Seit 1903 ein Klassiker in Bilbao, das Caf\u00e9 Iru\u00f1a. Zeitlos!","robots":{"index":"index","follow":"follow","max-snippet":"max-snippet:-1","max-image-preview":"max-image-preview:large","max-video-preview":"max-video-preview:-1"},"canonical":"https:\/\/www.weine-feinkost.de\/unterwegs\/2019\/02\/cafe-iruna-bilbao-spanien\/","og_locale":"de_DE","og_type":"article","og_title":"Caf\u00e9 Iru\u00f1a - Bilbao - Spanien - Unterwegs mit Weine &amp; Feinkost","og_description":"Seit 1903 ein Klassiker in Bilbao, das Caf\u00e9 Iru\u00f1a. Zeitlos!","og_url":"https:\/\/www.weine-feinkost.de\/unterwegs\/2019\/02\/cafe-iruna-bilbao-spanien\/","og_site_name":"Unterwegs mit Weine &amp; Feinkost","article_published_time":"2019-02-09T10:00:22+00:00","article_modified_time":"2023-03-20T09:23:08+00:00","og_image":[{"width":480,"height":640,"url":"https:\/\/www.weine-feinkost.de\/unterwegs\/wp-content\/uploads\/2019\/01\/Cafe_Iruna_Bilbao_Spanien_2.jpg","type":"image\/jpeg"}],"author":"Christian Fenske","twitter_card":"summary_large_image","twitter_misc":{"Verfasst von":"Christian Fenske","Gesch\u00e4tzte Lesezeit":"3\u00a0Minuten"},"schema":{"@context":"https:\/\/schema.org","@graph":[{"@type":"Article","@id":"https:\/\/www.weine-feinkost.de\/unterwegs\/2019\/02\/cafe-iruna-bilbao-spanien\/#article","isPartOf":{"@id":"https:\/\/www.weine-feinkost.de\/unterwegs\/2019\/02\/cafe-iruna-bilbao-spanien\/"},"author":{"name":"Christian Fenske","@id":"https:\/\/www.weine-feinkost.de\/unterwegs\/#\/schema\/person\/c07d66169fd0e04307bfe7cdc99ac26a"},"headline":"Caf\u00e9 Iru\u00f1a &#8211; Bilbao &#8211; Spanien","datePublished":"2019-02-09T10:00:22+00:00","dateModified":"2023-03-20T09:23:08+00:00","mainEntityOfPage":{"@id":"https:\/\/www.weine-feinkost.de\/unterwegs\/2019\/02\/cafe-iruna-bilbao-spanien\/"},"wordCount":164,"commentCount":0,"publisher":{"@id":"https:\/\/www.weine-feinkost.de\/unterwegs\/#organization"},"image":{"@id":"https:\/\/www.weine-feinkost.de\/unterwegs\/2019\/02\/cafe-iruna-bilbao-spanien\/#primaryimage"},"thumbnailUrl":"https:\/\/www.weine-feinkost.de\/unterwegs\/wp-content\/uploads\/2019\/01\/Cafe_Iruna_Bilbao_Spanien_2.jpg","keywords":["Bilbao","Caf\u00e9 Iru\u00f1a","Restaurant","Spanien"],"articleSection":["Restaurants","Spanien"],"inLanguage":"de","potentialAction":[{"@type":"CommentAction","name":"Comment","target":["https:\/\/www.weine-feinkost.de\/unterwegs\/2019\/02\/cafe-iruna-bilbao-spanien\/#respond"]}]},{"@type":"WebPage","@id":"https:\/\/www.weine-feinkost.de\/unterwegs\/2019\/02\/cafe-iruna-bilbao-spanien\/","url":"https:\/\/www.weine-feinkost.de\/unterwegs\/2019\/02\/cafe-iruna-bilbao-spanien\/","name":"Caf\u00e9 Iru\u00f1a - Bilbao - Spanien - Unterwegs mit Weine &amp; Feinkost","isPartOf":{"@id":"https:\/\/www.weine-feinkost.de\/unterwegs\/#website"},"primaryImageOfPage":{"@id":"https:\/\/www.weine-feinkost.de\/unterwegs\/2019\/02\/cafe-iruna-bilbao-spanien\/#primaryimage"},"image":{"@id":"https:\/\/www.weine-feinkost.de\/unterwegs\/2019\/02\/cafe-iruna-bilbao-spanien\/#primaryimage"},"thumbnailUrl":"https:\/\/www.weine-feinkost.de\/unterwegs\/wp-content\/uploads\/2019\/01\/Cafe_Iruna_Bilbao_Spanien_2.jpg","datePublished":"2019-02-09T10:00:22+00:00","dateModified":"2023-03-20T09:23:08+00:00","description":"Seit 1903 ein Klassiker in Bilbao, das Caf\u00e9 Iru\u00f1a. Zeitlos!","breadcrumb":{"@id":"https:\/\/www.weine-feinkost.de\/unterwegs\/2019\/02\/cafe-iruna-bilbao-spanien\/#breadcrumb"},"inLanguage":"de","potentialAction":[{"@type":"ReadAction","target":["https:\/\/www.weine-feinkost.de\/unterwegs\/2019\/02\/cafe-iruna-bilbao-spanien\/"]}]},{"@type":"ImageObject","inLanguage":"de","@id":"https:\/\/www.weine-feinkost.de\/unterwegs\/2019\/02\/cafe-iruna-bilbao-spanien\/#primaryimage","url":"https:\/\/www.weine-feinkost.de\/unterwegs\/wp-content\/uploads\/2019\/01\/Cafe_Iruna_Bilbao_Spanien_2.jpg","contentUrl":"https:\/\/www.weine-feinkost.de\/unterwegs\/wp-content\/uploads\/2019\/01\/Cafe_Iruna_Bilbao_Spanien_2.jpg","width":480,"height":640},{"@type":"BreadcrumbList","@id":"https:\/\/www.weine-feinkost.de\/unterwegs\/2019\/02\/cafe-iruna-bilbao-spanien\/#breadcrumb","itemListElement":[{"@type":"ListItem","position":1,"name":"Startseite","item":"https:\/\/www.weine-feinkost.de\/unterwegs\/"},{"@type":"ListItem","position":2,"name":"Caf\u00e9 Iru\u00f1a &#8211; Bilbao &#8211; Spanien"}]},{"@type":"WebSite","@id":"https:\/\/www.weine-feinkost.de\/unterwegs\/#website","url":"https:\/\/www.weine-feinkost.de\/unterwegs\/","name":"Unterwegs mit Weine &amp; Feinkost","description":"Entdecken Sie Genuss","publisher":{"@id":"https:\/\/www.weine-feinkost.de\/unterwegs\/#organization"},"potentialAction":[{"@type":"SearchAction","target":{"@type":"EntryPoint","urlTemplate":"https:\/\/www.weine-feinkost.de\/unterwegs\/?s={search_term_string}"},"query-input":{"@type":"PropertyValueSpecification","valueRequired":true,"valueName":"search_term_string"}}],"inLanguage":"de"},{"@type":"Organization","@id":"https:\/\/www.weine-feinkost.de\/unterwegs\/#organization","name":"Unterwegs mit Weine &amp; Feinkost","url":"https:\/\/www.weine-feinkost.de\/unterwegs\/","logo":{"@type":"ImageObject","inLanguage":"de","@id":"https:\/\/www.weine-feinkost.de\/unterwegs\/#\/schema\/logo\/image\/","url":"https:\/\/www.weine-feinkost.de\/unterwegs\/wp-content\/uploads\/2022\/10\/logo_weinefeinkost_unterwegs_450x171.png","contentUrl":"https:\/\/www.weine-feinkost.de\/unterwegs\/wp-content\/uploads\/2022\/10\/logo_weinefeinkost_unterwegs_450x171.png","width":450,"height":171,"caption":"Unterwegs mit Weine &amp; Feinkost"},"image":{"@id":"https:\/\/www.weine-feinkost.de\/unterwegs\/#\/schema\/logo\/image\/"}},{"@type":"Person","@id":"https:\/\/www.weine-feinkost.de\/unterwegs\/#\/schema\/person\/c07d66169fd0e04307bfe7cdc99ac26a","name":"Christian Fenske","image":{"@type":"ImageObject","inLanguage":"de","@id":"https:\/\/www.weine-feinkost.de\/unterwegs\/wp-content\/uploads\/2023\/01\/cropped-christian_profilbild-96x96.png","url":"https:\/\/www.weine-feinkost.de\/unterwegs\/wp-content\/uploads\/2023\/01\/cropped-christian_profilbild-96x96.png","contentUrl":"https:\/\/www.weine-feinkost.de\/unterwegs\/wp-content\/uploads\/2023\/01\/cropped-christian_profilbild-96x96.png","caption":"Christian Fenske"},"description":"Zusammen an einem Tisch sitzen, gemeinsam zu kommunizieren und zu genie\u00dfen, das ist eine der herausragenden kulturellen Errungenschaft der Menschheit.","url":"https:\/\/www.weine-feinkost.de\/unterwegs\/author\/christian-fenske\/"}]}},"jetpack_publicize_connections":[],"jetpack_shortlink":"https:\/\/wp.me\/p68Tjo-eIY","jetpack_sharing_enabled":true,"jetpack_likes_enabled":true,"jetpack_featured_media_url":"https:\/\/www.weine-feinkost.de\/unterwegs\/wp-content\/uploads\/2019\/01\/Cafe_Iruna_Bilbao_Spanien_2.jpg","_links":{"self":[{"href":"https:\/\/www.weine-feinkost.de\/unterwegs\/wp-json\/wp\/v2\/posts\/56604","targetHints":{"allow":["GET"]}}],"collection":[{"href":"https:\/\/www.weine-feinkost.de\/unterwegs\/wp-json\/wp\/v2\/posts"}],"about":[{"href":"https:\/\/www.weine-feinkost.de\/unterwegs\/wp-json\/wp\/v2\/types\/post"}],"author":[{"embeddable":true,"href":"https:\/\/www.weine-feinkost.de\/unterwegs\/wp-json\/wp\/v2\/users\/7"}],"replies":[{"embeddable":true,"href":"https:\/\/www.weine-feinkost.de\/unterwegs\/wp-json\/wp\/v2\/comments?post=56604"}],"version-history":[{"count":1,"href":"https:\/\/www.weine-feinkost.de\/unterwegs\/wp-json\/wp\/v2\/posts\/56604\/revisions"}],"predecessor-version":[{"id":196921,"href":"https:\/\/www.weine-feinkost.de\/unterwegs\/wp-json\/wp\/v2\/posts\/56604\/revisions\/196921"}],"wp:featuredmedia":[{"embeddable":true,"href":"https:\/\/www.weine-feinkost.de\/unterwegs\/wp-json\/wp\/v2\/media\/164831"}],"wp:attachment":[{"href":"https:\/\/www.weine-feinkost.de\/unterwegs\/wp-json\/wp\/v2\/media?parent=56604"}],"wp:term":[{"taxonomy":"category","embeddable":true,"href":"https:\/\/www.weine-feinkost.de\/unterwegs\/wp-json\/wp\/v2\/categories?post=56604"},{"taxonomy":"post_tag","embeddable":true,"href":"https:\/\/www.weine-feinkost.de\/unterwegs\/wp-json\/wp\/v2\/tags?post=56604"},{"taxonomy":"post_folder","embeddable":true,"href":"https:\/\/www.weine-feinkost.de\/unterwegs\/wp-json\/wp\/v2\/post_folder?post=56604"}],"curies":[{"name":"wp","href":"https:\/\/api.w.org\/{rel}","templated":true}]}}