{"id":58901,"date":"2019-05-06T11:00:01","date_gmt":"2019-05-06T09:00:01","guid":{"rendered":"https:\/\/www.weine-feinkost.de\/unterwegs\/?p=58901"},"modified":"2023-03-20T09:36:06","modified_gmt":"2023-03-20T08:36:06","slug":"cafe-de-bretagne-duesseldorf-deutschland","status":"publish","type":"post","link":"https:\/\/www.weine-feinkost.de\/unterwegs\/2019\/05\/cafe-de-bretagne-duesseldorf-deutschland\/","title":{"rendered":"Caf\u00e9 de Bretagne &#8211; D\u00fcsseldorf &#8211; Deutschland"},"content":{"rendered":"\n<h3 class=\"wp-block-heading\">Caf\u00e9 de Bretagne &#8211; Bretonisch<\/h3>\n\n\n\n<p class=\"has-drop-cap\">Direkt neben dem D\u00fcsseldorfer Carlsplatz, wo sich Genuss und mannigfaltige Kulturen auf kleinstem Raum beschnuppern und austauschen, liegt das Caf\u00e9 de Bretagne. Ein Bistro und Restaurant, welches sich zur Aufgabe gemacht hat, die schmackhafte bretonische Esskultur an den Rhein zu bringen.<\/p>\n\n\n\n<p>Auch wenn die Meeresfr\u00fcchte sicherlich nicht ganz so frisch sind wie direkt aus dem Meer in der Bretagne, ist das Konzept, die Lockerheit und die Qualit\u00e4t der gereichten Speisen hier so gut wie sonst ziemlich selten in unseren Breitengraden.  <\/p>\n\n\n\n<p>Im Caf\u00e9 de Bretagne wird im Bistro Stil bestellt und geschlemmt. So f\u00fchlt man sich hier ein wenig wie im realen Frankreich: locker, ehrlich, mit guter K\u00fcche und in bester Gesellschaft ohne Effekthascherei oder Chichi. <\/p>\n\n\n<div class=\"wp-block-image\">\n<figure class=\"aligncenter\"><a href=\"https:\/\/www.weine-feinkost.de\/unterwegs\/wp-content\/uploads\/2019\/02\/Cafe_de_Bretagne_Duesseldorf_Deutschland_12.jpg\"><img decoding=\"async\" src=\"https:\/\/www.weine-feinkost.de\/unterwegs\/wp-content\/uploads\/2019\/02\/Cafe_de_Bretagne_Duesseldorf_Deutschland_12.jpg\" alt=\"\" class=\"wp-image-58914\"\/><\/a><figcaption class=\"wp-element-caption\"> <\/figcaption><\/figure>\n<\/div>\n\n<div class=\"wp-block-image\">\n<figure class=\"aligncenter\"><a href=\"https:\/\/www.weine-feinkost.de\/unterwegs\/wp-content\/uploads\/2019\/02\/Cafe_de_Bretagne_Duesseldorf_Deutschland_1.jpg\"><img decoding=\"async\" src=\"https:\/\/www.weine-feinkost.de\/unterwegs\/wp-content\/uploads\/2019\/02\/Cafe_de_Bretagne_Duesseldorf_Deutschland_1.jpg\" alt=\"\" class=\"wp-image-58903\"\/><\/a><figcaption class=\"wp-element-caption\"> <\/figcaption><\/figure>\n<\/div>\n\n<div class=\"wp-block-image\">\n<figure class=\"aligncenter\"><a href=\"https:\/\/www.weine-feinkost.de\/unterwegs\/wp-content\/uploads\/2019\/02\/Cafe_de_Bretagne_Duesseldorf_Deutschland_10.jpg\"><img decoding=\"async\" src=\"https:\/\/www.weine-feinkost.de\/unterwegs\/wp-content\/uploads\/2019\/02\/Cafe_de_Bretagne_Duesseldorf_Deutschland_10.jpg\" alt=\"\" class=\"wp-image-58912\"\/><\/a><figcaption class=\"wp-element-caption\"> <\/figcaption><\/figure>\n<\/div>\n\n<div class=\"wp-block-image\">\n<figure class=\"aligncenter\"><a href=\"https:\/\/www.weine-feinkost.de\/unterwegs\/wp-content\/uploads\/2019\/02\/Cafe_de_Bretagne_Duesseldorf_Deutschland_2.jpg\"><img decoding=\"async\" src=\"https:\/\/www.weine-feinkost.de\/unterwegs\/wp-content\/uploads\/2019\/02\/Cafe_de_Bretagne_Duesseldorf_Deutschland_2.jpg\" alt=\"\" class=\"wp-image-58904\"\/><\/a><figcaption class=\"wp-element-caption\"> <\/figcaption><\/figure>\n<\/div>\n\n<div class=\"wp-block-image\">\n<figure class=\"aligncenter\"><a href=\"https:\/\/www.weine-feinkost.de\/unterwegs\/wp-content\/uploads\/2019\/02\/Cafe_de_Bretagne_Duesseldorf_Deutschland_3.jpg\"><img decoding=\"async\" src=\"https:\/\/www.weine-feinkost.de\/unterwegs\/wp-content\/uploads\/2019\/02\/Cafe_de_Bretagne_Duesseldorf_Deutschland_3.jpg\" alt=\"\" class=\"wp-image-58905\"\/><\/a><figcaption class=\"wp-element-caption\"> <\/figcaption><\/figure>\n<\/div>\n\n<div class=\"wp-block-image\">\n<figure class=\"aligncenter\"><a href=\"https:\/\/www.weine-feinkost.de\/unterwegs\/wp-content\/uploads\/2019\/02\/Cafe_de_Bretagne_Duesseldorf_Deutschland_4.jpg\"><img decoding=\"async\" src=\"https:\/\/www.weine-feinkost.de\/unterwegs\/wp-content\/uploads\/2019\/02\/Cafe_de_Bretagne_Duesseldorf_Deutschland_4.jpg\" alt=\"\" class=\"wp-image-58906\"\/><\/a><figcaption class=\"wp-element-caption\"> <\/figcaption><\/figure>\n<\/div>\n\n<div class=\"wp-block-image\">\n<figure class=\"aligncenter\"><a href=\"https:\/\/www.weine-feinkost.de\/unterwegs\/wp-content\/uploads\/2019\/02\/Cafe_de_Bretagne_Duesseldorf_Deutschland_5.jpg\"><img decoding=\"async\" src=\"https:\/\/www.weine-feinkost.de\/unterwegs\/wp-content\/uploads\/2019\/02\/Cafe_de_Bretagne_Duesseldorf_Deutschland_5.jpg\" alt=\"\" class=\"wp-image-58907\"\/><\/a><figcaption class=\"wp-element-caption\">Austern.<\/figcaption><\/figure>\n<\/div>\n\n<div class=\"wp-block-image\">\n<figure class=\"aligncenter\"><a href=\"https:\/\/www.weine-feinkost.de\/unterwegs\/wp-content\/uploads\/2019\/02\/Cafe_de_Bretagne_Duesseldorf_Deutschland_7.jpg\"><img decoding=\"async\" src=\"https:\/\/www.weine-feinkost.de\/unterwegs\/wp-content\/uploads\/2019\/02\/Cafe_de_Bretagne_Duesseldorf_Deutschland_7.jpg\" alt=\"\" class=\"wp-image-58909\"\/><\/a><figcaption class=\"wp-element-caption\">Jakobsmuscheln, Linsen, Kalbsb\u00e4ckchen.<\/figcaption><\/figure>\n<\/div>\n\n<div class=\"wp-block-image\">\n<figure class=\"aligncenter\"><a href=\"https:\/\/www.weine-feinkost.de\/unterwegs\/wp-content\/uploads\/2019\/02\/Cafe_de_Bretagne_Duesseldorf_Deutschland_8.jpg\"><img decoding=\"async\" src=\"https:\/\/www.weine-feinkost.de\/unterwegs\/wp-content\/uploads\/2019\/02\/Cafe_de_Bretagne_Duesseldorf_Deutschland_8.jpg\" alt=\"\" class=\"wp-image-58910\"\/><\/a><figcaption class=\"wp-element-caption\">Hummer Ravioli.<\/figcaption><\/figure>\n<\/div>\n\n<div class=\"wp-block-image\">\n<figure class=\"aligncenter\"><a href=\"https:\/\/www.weine-feinkost.de\/unterwegs\/wp-content\/uploads\/2019\/02\/Cafe_de_Bretagne_Duesseldorf_Deutschland_9.jpg\"><img decoding=\"async\" src=\"https:\/\/www.weine-feinkost.de\/unterwegs\/wp-content\/uploads\/2019\/02\/Cafe_de_Bretagne_Duesseldorf_Deutschland_9.jpg\" alt=\"\" class=\"wp-image-58911\"\/><\/a><figcaption class=\"wp-element-caption\">Crepes aus Buchweizenmehl mit Ziegenk\u00e4se und Honig.<\/figcaption><\/figure>\n<\/div>\n\n<div class=\"wp-block-image\">\n<figure class=\"aligncenter\"><a href=\"https:\/\/www.weine-feinkost.de\/unterwegs\/wp-content\/uploads\/2019\/02\/Cafe_de_Bretagne_Duesseldorf_Deutschland_13.jpg\"><img decoding=\"async\" src=\"https:\/\/www.weine-feinkost.de\/unterwegs\/wp-content\/uploads\/2019\/02\/Cafe_de_Bretagne_Duesseldorf_Deutschland_13.jpg\" alt=\"\" class=\"wp-image-58915\"\/><\/a><figcaption class=\"wp-element-caption\">Dessert im Kaffee Reich vom Carlsplatz. Jede Kalorie ist hier eine gro\u00dfe S\u00fcnde wert.<\/figcaption><\/figure>\n<\/div>\n\n\n<p><strong>Caf\u00e9 de Bretagne<\/strong> &#8211; Benrather Str. 7 &#8211; 40213 D\u00fcsseldorf \u2013 Deutschland  &#8211; Telefon: 0211 56940775<\/p>\n","protected":false},"excerpt":{"rendered":"<p>Caf\u00e9 de Bretagne &#8211; Bretonisch Direkt neben dem D\u00fcsseldorfer Carlsplatz, wo sich Genuss und mannigfaltige Kulturen auf kleinstem Raum beschnuppern und austauschen, liegt das Caf\u00e9 de Bretagne. Ein Bistro und Restaurant, welches sich zur Aufgabe gemacht hat, die schmackhafte bretonische Esskultur an den Rhein zu bringen. Auch wenn die Meeresfr\u00fcchte sicherlich nicht ganz so frisch &#8230; <a title=\"Caf\u00e9 de Bretagne &#8211; D\u00fcsseldorf &#8211; Deutschland\" class=\"read-more\" href=\"https:\/\/www.weine-feinkost.de\/unterwegs\/2019\/05\/cafe-de-bretagne-duesseldorf-deutschland\/\" aria-label=\"Mehr dazu unter Caf\u00e9 de Bretagne &#8211; D\u00fcsseldorf &#8211; Deutschland\">Weiterlesen<\/a><\/p>\n","protected":false},"author":7,"featured_media":165097,"comment_status":"open","ping_status":"open","sticky":false,"template":"","format":"standard","meta":{"_jetpack_newsletter_access":"","_jetpack_dont_email_post_to_subs":false,"_jetpack_newsletter_tier_id":0,"_jetpack_memberships_contains_paywalled_content":false,"_jetpack_feature_clip_id":0,"_jetpack_memberships_contains_paid_content":false,"footnotes":"","jetpack_publicize_message":"","jetpack_publicize_feature_enabled":true,"jetpack_social_post_already_shared":true,"jetpack_social_options":{"image_generator_settings":{"template":"highway","default_image_id":0,"font":"","enabled":false},"version":2},"jetpack_post_was_ever_published":false},"categories":[31,13],"tags":[2105,101,2106,2107,120,102,141,1338],"post_folder":[],"class_list":["post-58901","post","type-post","status-publish","format-standard","has-post-thumbnail","hentry","category-deutschland-restaurants","category-restaurants","tag-austern","tag-bistro","tag-bretagne","tag-cafe-de-bretagne","tag-deutschland","tag-duesseldorf","tag-frankreich","tag-meeresfruechte"],"yoast_head":"<!-- This site is optimized with the Yoast SEO plugin v28.3 - https:\/\/yoast.com\/product\/yoast-seo-wordpress\/ -->\n<title>Caf\u00e9 de Bretagne - D\u00fcsseldorf - Deutschland - Unterwegs mit Weine &amp; Feinkost<\/title>\n<meta name=\"description\" content=\"Caf\u00e9 de Bretagne: Lebenskultur plus die passenden Meeresfr\u00fcchte und Speisen aus der Bretagne in D\u00fcsseldorf direkt neben dem Carlsplatz.\" \/>\n<meta name=\"robots\" content=\"index, follow, max-snippet:-1, max-image-preview:large, max-video-preview:-1\" \/>\n<link rel=\"canonical\" href=\"https:\/\/www.weine-feinkost.de\/unterwegs\/2019\/05\/cafe-de-bretagne-duesseldorf-deutschland\/\" \/>\n<meta property=\"og:locale\" content=\"de_DE\" \/>\n<meta property=\"og:type\" content=\"article\" \/>\n<meta property=\"og:title\" content=\"Caf\u00e9 de Bretagne - D\u00fcsseldorf - Deutschland - Unterwegs mit Weine &amp; Feinkost\" \/>\n<meta property=\"og:description\" content=\"Caf\u00e9 de Bretagne: Lebenskultur plus die passenden Meeresfr\u00fcchte und Speisen aus der Bretagne in D\u00fcsseldorf direkt neben dem Carlsplatz.\" \/>\n<meta property=\"og:url\" content=\"https:\/\/www.weine-feinkost.de\/unterwegs\/2019\/05\/cafe-de-bretagne-duesseldorf-deutschland\/\" \/>\n<meta property=\"og:site_name\" content=\"Unterwegs mit Weine &amp; Feinkost\" \/>\n<meta property=\"article:published_time\" content=\"2019-05-06T09:00:01+00:00\" \/>\n<meta property=\"article:modified_time\" content=\"2023-03-20T08:36:06+00:00\" \/>\n<meta property=\"og:image\" content=\"https:\/\/www.weine-feinkost.de\/unterwegs\/wp-content\/uploads\/2019\/02\/Cafe_de_Bretagne_Duesseldorf_Deutschland_6.jpg\" \/>\n\t<meta property=\"og:image:width\" content=\"640\" \/>\n\t<meta property=\"og:image:height\" content=\"480\" \/>\n\t<meta property=\"og:image:type\" content=\"image\/jpeg\" \/>\n<meta name=\"author\" content=\"Christian Fenske\" \/>\n<meta name=\"twitter:card\" content=\"summary_large_image\" \/>\n<meta name=\"twitter:label1\" content=\"Verfasst von\" \/>\n\t<meta name=\"twitter:data1\" content=\"Christian Fenske\" \/>\n\t<meta name=\"twitter:label2\" content=\"Gesch\u00e4tzte Lesezeit\" \/>\n\t<meta name=\"twitter:data2\" content=\"4\u00a0Minuten\" \/>\n<script type=\"application\/ld+json\" class=\"yoast-schema-graph\">{\"@context\":\"https:\\\/\\\/schema.org\",\"@graph\":[{\"@type\":\"Article\",\"@id\":\"https:\\\/\\\/www.weine-feinkost.de\\\/unterwegs\\\/2019\\\/05\\\/cafe-de-bretagne-duesseldorf-deutschland\\\/#article\",\"isPartOf\":{\"@id\":\"https:\\\/\\\/www.weine-feinkost.de\\\/unterwegs\\\/2019\\\/05\\\/cafe-de-bretagne-duesseldorf-deutschland\\\/\"},\"author\":{\"name\":\"Christian Fenske\",\"@id\":\"https:\\\/\\\/www.weine-feinkost.de\\\/unterwegs\\\/#\\\/schema\\\/person\\\/c07d66169fd0e04307bfe7cdc99ac26a\"},\"headline\":\"Caf\u00e9 de Bretagne &#8211; D\u00fcsseldorf &#8211; Deutschland\",\"datePublished\":\"2019-05-06T09:00:01+00:00\",\"dateModified\":\"2023-03-20T08:36:06+00:00\",\"mainEntityOfPage\":{\"@id\":\"https:\\\/\\\/www.weine-feinkost.de\\\/unterwegs\\\/2019\\\/05\\\/cafe-de-bretagne-duesseldorf-deutschland\\\/\"},\"wordCount\":176,\"commentCount\":0,\"publisher\":{\"@id\":\"https:\\\/\\\/www.weine-feinkost.de\\\/unterwegs\\\/#organization\"},\"image\":{\"@id\":\"https:\\\/\\\/www.weine-feinkost.de\\\/unterwegs\\\/2019\\\/05\\\/cafe-de-bretagne-duesseldorf-deutschland\\\/#primaryimage\"},\"thumbnailUrl\":\"https:\\\/\\\/www.weine-feinkost.de\\\/unterwegs\\\/wp-content\\\/uploads\\\/2019\\\/02\\\/Cafe_de_Bretagne_Duesseldorf_Deutschland_6.jpg\",\"keywords\":[\"Austern\",\"Bistro\",\"Bretagne\",\"Caf\u00e9 de Bretagne\",\"Deutschland\",\"D\u00fcsseldorf\",\"Frankreich\",\"Meeresfr\u00fcchte\"],\"articleSection\":[\"Deutschland\",\"Restaurants\"],\"inLanguage\":\"de\",\"potentialAction\":[{\"@type\":\"CommentAction\",\"name\":\"Comment\",\"target\":[\"https:\\\/\\\/www.weine-feinkost.de\\\/unterwegs\\\/2019\\\/05\\\/cafe-de-bretagne-duesseldorf-deutschland\\\/#respond\"]}]},{\"@type\":\"WebPage\",\"@id\":\"https:\\\/\\\/www.weine-feinkost.de\\\/unterwegs\\\/2019\\\/05\\\/cafe-de-bretagne-duesseldorf-deutschland\\\/\",\"url\":\"https:\\\/\\\/www.weine-feinkost.de\\\/unterwegs\\\/2019\\\/05\\\/cafe-de-bretagne-duesseldorf-deutschland\\\/\",\"name\":\"Caf\u00e9 de Bretagne - D\u00fcsseldorf - Deutschland - Unterwegs mit Weine &amp; Feinkost\",\"isPartOf\":{\"@id\":\"https:\\\/\\\/www.weine-feinkost.de\\\/unterwegs\\\/#website\"},\"primaryImageOfPage\":{\"@id\":\"https:\\\/\\\/www.weine-feinkost.de\\\/unterwegs\\\/2019\\\/05\\\/cafe-de-bretagne-duesseldorf-deutschland\\\/#primaryimage\"},\"image\":{\"@id\":\"https:\\\/\\\/www.weine-feinkost.de\\\/unterwegs\\\/2019\\\/05\\\/cafe-de-bretagne-duesseldorf-deutschland\\\/#primaryimage\"},\"thumbnailUrl\":\"https:\\\/\\\/www.weine-feinkost.de\\\/unterwegs\\\/wp-content\\\/uploads\\\/2019\\\/02\\\/Cafe_de_Bretagne_Duesseldorf_Deutschland_6.jpg\",\"datePublished\":\"2019-05-06T09:00:01+00:00\",\"dateModified\":\"2023-03-20T08:36:06+00:00\",\"description\":\"Caf\u00e9 de Bretagne: Lebenskultur plus die passenden Meeresfr\u00fcchte und Speisen aus der Bretagne in D\u00fcsseldorf direkt neben dem Carlsplatz.\",\"breadcrumb\":{\"@id\":\"https:\\\/\\\/www.weine-feinkost.de\\\/unterwegs\\\/2019\\\/05\\\/cafe-de-bretagne-duesseldorf-deutschland\\\/#breadcrumb\"},\"inLanguage\":\"de\",\"potentialAction\":[{\"@type\":\"ReadAction\",\"target\":[\"https:\\\/\\\/www.weine-feinkost.de\\\/unterwegs\\\/2019\\\/05\\\/cafe-de-bretagne-duesseldorf-deutschland\\\/\"]}]},{\"@type\":\"ImageObject\",\"inLanguage\":\"de\",\"@id\":\"https:\\\/\\\/www.weine-feinkost.de\\\/unterwegs\\\/2019\\\/05\\\/cafe-de-bretagne-duesseldorf-deutschland\\\/#primaryimage\",\"url\":\"https:\\\/\\\/www.weine-feinkost.de\\\/unterwegs\\\/wp-content\\\/uploads\\\/2019\\\/02\\\/Cafe_de_Bretagne_Duesseldorf_Deutschland_6.jpg\",\"contentUrl\":\"https:\\\/\\\/www.weine-feinkost.de\\\/unterwegs\\\/wp-content\\\/uploads\\\/2019\\\/02\\\/Cafe_de_Bretagne_Duesseldorf_Deutschland_6.jpg\",\"width\":640,\"height\":480},{\"@type\":\"BreadcrumbList\",\"@id\":\"https:\\\/\\\/www.weine-feinkost.de\\\/unterwegs\\\/2019\\\/05\\\/cafe-de-bretagne-duesseldorf-deutschland\\\/#breadcrumb\",\"itemListElement\":[{\"@type\":\"ListItem\",\"position\":1,\"name\":\"Startseite\",\"item\":\"https:\\\/\\\/www.weine-feinkost.de\\\/unterwegs\\\/\"},{\"@type\":\"ListItem\",\"position\":2,\"name\":\"Caf\u00e9 de Bretagne &#8211; D\u00fcsseldorf &#8211; Deutschland\"}]},{\"@type\":\"WebSite\",\"@id\":\"https:\\\/\\\/www.weine-feinkost.de\\\/unterwegs\\\/#website\",\"url\":\"https:\\\/\\\/www.weine-feinkost.de\\\/unterwegs\\\/\",\"name\":\"Unterwegs mit Weine &amp; Feinkost\",\"description\":\"Entdecken Sie Genuss\",\"publisher\":{\"@id\":\"https:\\\/\\\/www.weine-feinkost.de\\\/unterwegs\\\/#organization\"},\"potentialAction\":[{\"@type\":\"SearchAction\",\"target\":{\"@type\":\"EntryPoint\",\"urlTemplate\":\"https:\\\/\\\/www.weine-feinkost.de\\\/unterwegs\\\/?s={search_term_string}\"},\"query-input\":{\"@type\":\"PropertyValueSpecification\",\"valueRequired\":true,\"valueName\":\"search_term_string\"}}],\"inLanguage\":\"de\"},{\"@type\":\"Organization\",\"@id\":\"https:\\\/\\\/www.weine-feinkost.de\\\/unterwegs\\\/#organization\",\"name\":\"Unterwegs mit Weine &amp; Feinkost\",\"url\":\"https:\\\/\\\/www.weine-feinkost.de\\\/unterwegs\\\/\",\"logo\":{\"@type\":\"ImageObject\",\"inLanguage\":\"de\",\"@id\":\"https:\\\/\\\/www.weine-feinkost.de\\\/unterwegs\\\/#\\\/schema\\\/logo\\\/image\\\/\",\"url\":\"https:\\\/\\\/www.weine-feinkost.de\\\/unterwegs\\\/wp-content\\\/uploads\\\/2022\\\/10\\\/logo_weinefeinkost_unterwegs_450x171.png\",\"contentUrl\":\"https:\\\/\\\/www.weine-feinkost.de\\\/unterwegs\\\/wp-content\\\/uploads\\\/2022\\\/10\\\/logo_weinefeinkost_unterwegs_450x171.png\",\"width\":450,\"height\":171,\"caption\":\"Unterwegs mit Weine &amp; Feinkost\"},\"image\":{\"@id\":\"https:\\\/\\\/www.weine-feinkost.de\\\/unterwegs\\\/#\\\/schema\\\/logo\\\/image\\\/\"}},{\"@type\":\"Person\",\"@id\":\"https:\\\/\\\/www.weine-feinkost.de\\\/unterwegs\\\/#\\\/schema\\\/person\\\/c07d66169fd0e04307bfe7cdc99ac26a\",\"name\":\"Christian Fenske\",\"image\":{\"@type\":\"ImageObject\",\"inLanguage\":\"de\",\"@id\":\"https:\\\/\\\/www.weine-feinkost.de\\\/unterwegs\\\/wp-content\\\/uploads\\\/2023\\\/01\\\/cropped-christian_profilbild-96x96.png\",\"url\":\"https:\\\/\\\/www.weine-feinkost.de\\\/unterwegs\\\/wp-content\\\/uploads\\\/2023\\\/01\\\/cropped-christian_profilbild-96x96.png\",\"contentUrl\":\"https:\\\/\\\/www.weine-feinkost.de\\\/unterwegs\\\/wp-content\\\/uploads\\\/2023\\\/01\\\/cropped-christian_profilbild-96x96.png\",\"caption\":\"Christian Fenske\"},\"description\":\"Zusammen an einem Tisch sitzen, gemeinsam zu kommunizieren und zu genie\u00dfen, das ist eine der herausragenden kulturellen Errungenschaft der Menschheit.\",\"url\":\"https:\\\/\\\/www.weine-feinkost.de\\\/unterwegs\\\/author\\\/christian-fenske\\\/\"}]}<\/script>\n<!-- \/ Yoast SEO plugin. -->","yoast_head_json":{"title":"Caf\u00e9 de Bretagne - D\u00fcsseldorf - Deutschland - Unterwegs mit Weine &amp; Feinkost","description":"Caf\u00e9 de Bretagne: Lebenskultur plus die passenden Meeresfr\u00fcchte und Speisen aus der Bretagne in D\u00fcsseldorf direkt neben dem Carlsplatz.","robots":{"index":"index","follow":"follow","max-snippet":"max-snippet:-1","max-image-preview":"max-image-preview:large","max-video-preview":"max-video-preview:-1"},"canonical":"https:\/\/www.weine-feinkost.de\/unterwegs\/2019\/05\/cafe-de-bretagne-duesseldorf-deutschland\/","og_locale":"de_DE","og_type":"article","og_title":"Caf\u00e9 de Bretagne - D\u00fcsseldorf - Deutschland - Unterwegs mit Weine &amp; Feinkost","og_description":"Caf\u00e9 de Bretagne: Lebenskultur plus die passenden Meeresfr\u00fcchte und Speisen aus der Bretagne in D\u00fcsseldorf direkt neben dem Carlsplatz.","og_url":"https:\/\/www.weine-feinkost.de\/unterwegs\/2019\/05\/cafe-de-bretagne-duesseldorf-deutschland\/","og_site_name":"Unterwegs mit Weine &amp; Feinkost","article_published_time":"2019-05-06T09:00:01+00:00","article_modified_time":"2023-03-20T08:36:06+00:00","og_image":[{"width":640,"height":480,"url":"https:\/\/www.weine-feinkost.de\/unterwegs\/wp-content\/uploads\/2019\/02\/Cafe_de_Bretagne_Duesseldorf_Deutschland_6.jpg","type":"image\/jpeg"}],"author":"Christian Fenske","twitter_card":"summary_large_image","twitter_misc":{"Verfasst von":"Christian Fenske","Gesch\u00e4tzte Lesezeit":"4\u00a0Minuten"},"schema":{"@context":"https:\/\/schema.org","@graph":[{"@type":"Article","@id":"https:\/\/www.weine-feinkost.de\/unterwegs\/2019\/05\/cafe-de-bretagne-duesseldorf-deutschland\/#article","isPartOf":{"@id":"https:\/\/www.weine-feinkost.de\/unterwegs\/2019\/05\/cafe-de-bretagne-duesseldorf-deutschland\/"},"author":{"name":"Christian Fenske","@id":"https:\/\/www.weine-feinkost.de\/unterwegs\/#\/schema\/person\/c07d66169fd0e04307bfe7cdc99ac26a"},"headline":"Caf\u00e9 de Bretagne &#8211; D\u00fcsseldorf &#8211; Deutschland","datePublished":"2019-05-06T09:00:01+00:00","dateModified":"2023-03-20T08:36:06+00:00","mainEntityOfPage":{"@id":"https:\/\/www.weine-feinkost.de\/unterwegs\/2019\/05\/cafe-de-bretagne-duesseldorf-deutschland\/"},"wordCount":176,"commentCount":0,"publisher":{"@id":"https:\/\/www.weine-feinkost.de\/unterwegs\/#organization"},"image":{"@id":"https:\/\/www.weine-feinkost.de\/unterwegs\/2019\/05\/cafe-de-bretagne-duesseldorf-deutschland\/#primaryimage"},"thumbnailUrl":"https:\/\/www.weine-feinkost.de\/unterwegs\/wp-content\/uploads\/2019\/02\/Cafe_de_Bretagne_Duesseldorf_Deutschland_6.jpg","keywords":["Austern","Bistro","Bretagne","Caf\u00e9 de Bretagne","Deutschland","D\u00fcsseldorf","Frankreich","Meeresfr\u00fcchte"],"articleSection":["Deutschland","Restaurants"],"inLanguage":"de","potentialAction":[{"@type":"CommentAction","name":"Comment","target":["https:\/\/www.weine-feinkost.de\/unterwegs\/2019\/05\/cafe-de-bretagne-duesseldorf-deutschland\/#respond"]}]},{"@type":"WebPage","@id":"https:\/\/www.weine-feinkost.de\/unterwegs\/2019\/05\/cafe-de-bretagne-duesseldorf-deutschland\/","url":"https:\/\/www.weine-feinkost.de\/unterwegs\/2019\/05\/cafe-de-bretagne-duesseldorf-deutschland\/","name":"Caf\u00e9 de Bretagne - D\u00fcsseldorf - Deutschland - Unterwegs mit Weine &amp; Feinkost","isPartOf":{"@id":"https:\/\/www.weine-feinkost.de\/unterwegs\/#website"},"primaryImageOfPage":{"@id":"https:\/\/www.weine-feinkost.de\/unterwegs\/2019\/05\/cafe-de-bretagne-duesseldorf-deutschland\/#primaryimage"},"image":{"@id":"https:\/\/www.weine-feinkost.de\/unterwegs\/2019\/05\/cafe-de-bretagne-duesseldorf-deutschland\/#primaryimage"},"thumbnailUrl":"https:\/\/www.weine-feinkost.de\/unterwegs\/wp-content\/uploads\/2019\/02\/Cafe_de_Bretagne_Duesseldorf_Deutschland_6.jpg","datePublished":"2019-05-06T09:00:01+00:00","dateModified":"2023-03-20T08:36:06+00:00","description":"Caf\u00e9 de Bretagne: Lebenskultur plus die passenden Meeresfr\u00fcchte und Speisen aus der Bretagne in D\u00fcsseldorf direkt neben dem Carlsplatz.","breadcrumb":{"@id":"https:\/\/www.weine-feinkost.de\/unterwegs\/2019\/05\/cafe-de-bretagne-duesseldorf-deutschland\/#breadcrumb"},"inLanguage":"de","potentialAction":[{"@type":"ReadAction","target":["https:\/\/www.weine-feinkost.de\/unterwegs\/2019\/05\/cafe-de-bretagne-duesseldorf-deutschland\/"]}]},{"@type":"ImageObject","inLanguage":"de","@id":"https:\/\/www.weine-feinkost.de\/unterwegs\/2019\/05\/cafe-de-bretagne-duesseldorf-deutschland\/#primaryimage","url":"https:\/\/www.weine-feinkost.de\/unterwegs\/wp-content\/uploads\/2019\/02\/Cafe_de_Bretagne_Duesseldorf_Deutschland_6.jpg","contentUrl":"https:\/\/www.weine-feinkost.de\/unterwegs\/wp-content\/uploads\/2019\/02\/Cafe_de_Bretagne_Duesseldorf_Deutschland_6.jpg","width":640,"height":480},{"@type":"BreadcrumbList","@id":"https:\/\/www.weine-feinkost.de\/unterwegs\/2019\/05\/cafe-de-bretagne-duesseldorf-deutschland\/#breadcrumb","itemListElement":[{"@type":"ListItem","position":1,"name":"Startseite","item":"https:\/\/www.weine-feinkost.de\/unterwegs\/"},{"@type":"ListItem","position":2,"name":"Caf\u00e9 de Bretagne &#8211; D\u00fcsseldorf &#8211; Deutschland"}]},{"@type":"WebSite","@id":"https:\/\/www.weine-feinkost.de\/unterwegs\/#website","url":"https:\/\/www.weine-feinkost.de\/unterwegs\/","name":"Unterwegs mit Weine &amp; Feinkost","description":"Entdecken Sie Genuss","publisher":{"@id":"https:\/\/www.weine-feinkost.de\/unterwegs\/#organization"},"potentialAction":[{"@type":"SearchAction","target":{"@type":"EntryPoint","urlTemplate":"https:\/\/www.weine-feinkost.de\/unterwegs\/?s={search_term_string}"},"query-input":{"@type":"PropertyValueSpecification","valueRequired":true,"valueName":"search_term_string"}}],"inLanguage":"de"},{"@type":"Organization","@id":"https:\/\/www.weine-feinkost.de\/unterwegs\/#organization","name":"Unterwegs mit Weine &amp; Feinkost","url":"https:\/\/www.weine-feinkost.de\/unterwegs\/","logo":{"@type":"ImageObject","inLanguage":"de","@id":"https:\/\/www.weine-feinkost.de\/unterwegs\/#\/schema\/logo\/image\/","url":"https:\/\/www.weine-feinkost.de\/unterwegs\/wp-content\/uploads\/2022\/10\/logo_weinefeinkost_unterwegs_450x171.png","contentUrl":"https:\/\/www.weine-feinkost.de\/unterwegs\/wp-content\/uploads\/2022\/10\/logo_weinefeinkost_unterwegs_450x171.png","width":450,"height":171,"caption":"Unterwegs mit Weine &amp; Feinkost"},"image":{"@id":"https:\/\/www.weine-feinkost.de\/unterwegs\/#\/schema\/logo\/image\/"}},{"@type":"Person","@id":"https:\/\/www.weine-feinkost.de\/unterwegs\/#\/schema\/person\/c07d66169fd0e04307bfe7cdc99ac26a","name":"Christian Fenske","image":{"@type":"ImageObject","inLanguage":"de","@id":"https:\/\/www.weine-feinkost.de\/unterwegs\/wp-content\/uploads\/2023\/01\/cropped-christian_profilbild-96x96.png","url":"https:\/\/www.weine-feinkost.de\/unterwegs\/wp-content\/uploads\/2023\/01\/cropped-christian_profilbild-96x96.png","contentUrl":"https:\/\/www.weine-feinkost.de\/unterwegs\/wp-content\/uploads\/2023\/01\/cropped-christian_profilbild-96x96.png","caption":"Christian Fenske"},"description":"Zusammen an einem Tisch sitzen, gemeinsam zu kommunizieren und zu genie\u00dfen, das ist eine der herausragenden kulturellen Errungenschaft der Menschheit.","url":"https:\/\/www.weine-feinkost.de\/unterwegs\/author\/christian-fenske\/"}]}},"jetpack_publicize_connections":[],"jetpack_shortlink":"https:\/\/wp.me\/p68Tjo-fk1","jetpack_sharing_enabled":true,"jetpack_likes_enabled":true,"jetpack_featured_media_url":"https:\/\/www.weine-feinkost.de\/unterwegs\/wp-content\/uploads\/2019\/02\/Cafe_de_Bretagne_Duesseldorf_Deutschland_6.jpg","_links":{"self":[{"href":"https:\/\/www.weine-feinkost.de\/unterwegs\/wp-json\/wp\/v2\/posts\/58901","targetHints":{"allow":["GET"]}}],"collection":[{"href":"https:\/\/www.weine-feinkost.de\/unterwegs\/wp-json\/wp\/v2\/posts"}],"about":[{"href":"https:\/\/www.weine-feinkost.de\/unterwegs\/wp-json\/wp\/v2\/types\/post"}],"author":[{"embeddable":true,"href":"https:\/\/www.weine-feinkost.de\/unterwegs\/wp-json\/wp\/v2\/users\/7"}],"replies":[{"embeddable":true,"href":"https:\/\/www.weine-feinkost.de\/unterwegs\/wp-json\/wp\/v2\/comments?post=58901"}],"version-history":[{"count":3,"href":"https:\/\/www.weine-feinkost.de\/unterwegs\/wp-json\/wp\/v2\/posts\/58901\/revisions"}],"predecessor-version":[{"id":196842,"href":"https:\/\/www.weine-feinkost.de\/unterwegs\/wp-json\/wp\/v2\/posts\/58901\/revisions\/196842"}],"wp:featuredmedia":[{"embeddable":true,"href":"https:\/\/www.weine-feinkost.de\/unterwegs\/wp-json\/wp\/v2\/media\/165097"}],"wp:attachment":[{"href":"https:\/\/www.weine-feinkost.de\/unterwegs\/wp-json\/wp\/v2\/media?parent=58901"}],"wp:term":[{"taxonomy":"category","embeddable":true,"href":"https:\/\/www.weine-feinkost.de\/unterwegs\/wp-json\/wp\/v2\/categories?post=58901"},{"taxonomy":"post_tag","embeddable":true,"href":"https:\/\/www.weine-feinkost.de\/unterwegs\/wp-json\/wp\/v2\/tags?post=58901"},{"taxonomy":"post_folder","embeddable":true,"href":"https:\/\/www.weine-feinkost.de\/unterwegs\/wp-json\/wp\/v2\/post_folder?post=58901"}],"curies":[{"name":"wp","href":"https:\/\/api.w.org\/{rel}","templated":true}]}}