{"id":62529,"date":"2019-04-10T11:00:00","date_gmt":"2019-04-10T09:00:00","guid":{"rendered":"https:\/\/www.weine-feinkost.de\/unterwegs\/?p=62529"},"modified":"2023-03-20T09:52:58","modified_gmt":"2023-03-20T08:52:58","slug":"schnackertz-esszimmer-nippeser-mittagstisch","status":"publish","type":"post","link":"https:\/\/www.weine-feinkost.de\/unterwegs\/2019\/04\/schnackertz-esszimmer-nippeser-mittagstisch\/","title":{"rendered":"Schnackertz Esszimmer &#8211; K\u00f6ln &#8211; Deutschland"},"content":{"rendered":"\n<h3 class=\"wp-block-heading\">Schnackertz Esszimmer &#8211; Nippeser Mittagstisch<\/h3>\n\n\n\n<p class=\"has-drop-cap\">Ein lebendiges, urbanes Leben gestaltet sich in vielen Belangen v\u00f6llig anders als das Leben auf dem Dorf oder in einer kleinen oder mittelgro\u00dfen Stadt. W\u00e4hrend bei letzteren immer mehr Gesch\u00e4fte ihre Segel f\u00fcr immer streichen m\u00fcssen und vielerorts Ladenlokale und ehemalig florierende Wirtschaften nur noch von Ungeziefer und Ratten besucht werden, boomt die Gro\u00dfstadt ungehemmt weiter. Neben \u00fcberteuerten Mieten f\u00fcr kleinste Wohnr\u00e4ume, Discounter und Systemgastronomien an allen Ecken und Kanten gibt es in vielen Grossst\u00e4dten wie in K\u00f6ln aber auch erfreuliche Entwicklungen. Das Restaurant Schnackertz Esszimmer, welches sich in dem gerade rasant ver\u00e4ndernden K\u00f6lner Ortsteil Nippes befindet, ist so ein gelungener Ort. Wie es der Name schon verr\u00e4t handelt es sich hier gerade einmal um ein einziges Esszimmer. Die an der Wand mit Kreidestift beschriftete Speisekarten-Tafel verf\u00fcgt nur \u00fcber ein paar Gerichte, welche sich h\u00e4ufig, teils auch t\u00e4glich, \u00e4ndern. Daneben erfreuen nur noch ein paar zusammengew\u00fcrfelte Tische und St\u00fchle. Bestellt und bezahlt wird direkt an der Theke. Die Getr\u00e4nke nimmt der Gast sich praktischerweise auch direkt selber aus dem K\u00fchlschrank, um daraufhin einen der paar Pl\u00e4tze auszusuchen und auf das Essen zu warten. Die Gerichte sind hier nicht spektakul\u00e4r oder gar raffiniert, aber ehrlich, hausgemacht und mit dem n\u00f6tigen Fingerspitzengef\u00fchl gew\u00fcrzt und abgeschmeckt. Das ist eine K\u00fcche wie bei Oma oder bei Mutti, hier wird noch selber gekocht und ganz offensichtlich auch bei den Zutaten sorgf\u00e4ltig auf die Qualit\u00e4t geachtet. Im besten Sinne ist das Schnackertz Esszimmer eine nette, sehr gute Kantine f\u00fcr den ungezwungen und leckeren Mittagstisch. Bei gutem Wetter kann man sogar drau\u00dfen auf dem B\u00fcrgersteig Platz nehmen.<\/p>\n\n\n\n<p>Auf ein Dessert und Kaffee wird im Esszimmer gerne verzichtet, da auf der Neusser Stra\u00dfe, nur ein paar Meter weiter, noch eine Depandance der Patisserie &#8222;T\u00f6rtchen, T\u00f6rtchen&#8220; leckere, s\u00fc\u00dfe Leckerschmecker verkauft. So l\u00e4sst es sich also in der Gro\u00dfstadt ganz gut aushalten und zur Not auch ganz ausgezeichnet \u00fcberleben.  <\/p>\n\n\n\n<div class=\"wp-block-jetpack-tiled-gallery aligncenter is-style-rectangular\"><div class=\"tiled-gallery__gallery\"><div class=\"tiled-gallery__row\"><div class=\"tiled-gallery__col\" style=\"flex-basis:26.48061%\"><figure class=\"tiled-gallery__item\"><img decoding=\"async\" srcset=\"https:\/\/i0.wp.com\/www.weine-feinkost.de\/unterwegs\/wp-content\/uploads\/2019\/04\/Schnackertz_Esszimmer_Koeln_Deutschland_1.jpg?strip=info&#038;w=480&#038;ssl=1 480w\" alt=\"\" data-height=\"640\" data-id=\"62536\" data-link=\"https:\/\/www.weine-feinkost.de\/unterwegs\/?attachment_id=62536\" data-url=\"https:\/\/www.weine-feinkost.de\/unterwegs\/wp-content\/uploads\/2019\/04\/Schnackertz_Esszimmer_Koeln_Deutschland_1.jpg\" data-width=\"480\" src=\"https:\/\/i0.wp.com\/www.weine-feinkost.de\/unterwegs\/wp-content\/uploads\/2019\/04\/Schnackertz_Esszimmer_Koeln_Deutschland_1.jpg?ssl=1\" data-amp-layout=\"responsive\"\/><\/figure><\/div><div class=\"tiled-gallery__col\" style=\"flex-basis:26.48061%\"><figure class=\"tiled-gallery__item\"><img decoding=\"async\" srcset=\"https:\/\/i1.wp.com\/www.weine-feinkost.de\/unterwegs\/wp-content\/uploads\/2019\/04\/Schnackertz_Esszimmer_Koeln_Deutschland_4-e1554201600631.jpg?strip=info&#038;w=480&#038;ssl=1 480w\" alt=\"\" data-height=\"640\" data-id=\"62537\" data-link=\"https:\/\/www.weine-feinkost.de\/unterwegs\/?attachment_id=62537\" data-url=\"https:\/\/www.weine-feinkost.de\/unterwegs\/wp-content\/uploads\/2019\/04\/Schnackertz_Esszimmer_Koeln_Deutschland_4-e1554201600631.jpg\" data-width=\"480\" src=\"https:\/\/i1.wp.com\/www.weine-feinkost.de\/unterwegs\/wp-content\/uploads\/2019\/04\/Schnackertz_Esszimmer_Koeln_Deutschland_4-e1554201600631.jpg?ssl=1\" data-amp-layout=\"responsive\"\/><\/figure><\/div><div class=\"tiled-gallery__col\" style=\"flex-basis:47.03878%\"><figure class=\"tiled-gallery__item\"><img decoding=\"async\" srcset=\"https:\/\/i2.wp.com\/www.weine-feinkost.de\/unterwegs\/wp-content\/uploads\/2019\/04\/Schnackertz_Esszimmer_Koeln_Deutschland_2.jpg?strip=info&#038;w=600&#038;ssl=1 600w,https:\/\/i2.wp.com\/www.weine-feinkost.de\/unterwegs\/wp-content\/uploads\/2019\/04\/Schnackertz_Esszimmer_Koeln_Deutschland_2.jpg?strip=info&#038;w=640&#038;ssl=1 640w\" alt=\"\" data-height=\"480\" data-id=\"62531\" data-link=\"https:\/\/www.weine-feinkost.de\/unterwegs\/?attachment_id=62531\" data-url=\"https:\/\/www.weine-feinkost.de\/unterwegs\/wp-content\/uploads\/2019\/04\/Schnackertz_Esszimmer_Koeln_Deutschland_2.jpg\" data-width=\"640\" src=\"https:\/\/i2.wp.com\/www.weine-feinkost.de\/unterwegs\/wp-content\/uploads\/2019\/04\/Schnackertz_Esszimmer_Koeln_Deutschland_2.jpg?ssl=1\" data-amp-layout=\"responsive\"\/><\/figure><\/div><\/div><\/div><\/div>\n\n\n<div class=\"wp-block-image\">\n<figure class=\"aligncenter\"><a href=\"https:\/\/www.weine-feinkost.de\/unterwegs\/wp-content\/uploads\/2019\/04\/Schnackertz_Esszimmer_Koeln_Deutschland_6.jpg\"><img decoding=\"async\" src=\"https:\/\/www.weine-feinkost.de\/unterwegs\/wp-content\/uploads\/2019\/04\/Schnackertz_Esszimmer_Koeln_Deutschland_6.jpg\" alt=\"\" class=\"wp-image-62533\"\/><\/a><figcaption class=\"wp-element-caption\">Aubergine mit Cous-Cous und Gem\u00fcse gef\u00fcllt plus Tomatensauce und Reis.<\/figcaption><\/figure>\n<\/div>\n\n<div class=\"wp-block-image\">\n<figure class=\"aligncenter\"><a href=\"https:\/\/www.weine-feinkost.de\/unterwegs\/wp-content\/uploads\/2019\/04\/Schnackertz_Esszimmer_Koeln_Deutschland_5.jpg\"><img decoding=\"async\" src=\"https:\/\/www.weine-feinkost.de\/unterwegs\/wp-content\/uploads\/2019\/04\/Schnackertz_Esszimmer_Koeln_Deutschland_5.jpg\" alt=\"\" class=\"wp-image-62534\"\/><\/a><figcaption class=\"wp-element-caption\">Allg\u00e4uer K\u00e4sspitzen mit Schmorzwiebeln und &#8230;<\/figcaption><\/figure>\n<\/div>\n\n<div class=\"wp-block-image\">\n<figure class=\"aligncenter\"><a href=\"https:\/\/www.weine-feinkost.de\/unterwegs\/wp-content\/uploads\/2019\/04\/Schnackertz_Esszimmer_Koeln_Deutschland_3.jpg\"><img decoding=\"async\" src=\"https:\/\/www.weine-feinkost.de\/unterwegs\/wp-content\/uploads\/2019\/04\/Schnackertz_Esszimmer_Koeln_Deutschland_3.jpg\" alt=\"\" class=\"wp-image-62535\"\/><\/a><figcaption class=\"wp-element-caption\">&#8230; gemischtem Salat.<\/figcaption><\/figure>\n<\/div>\n\n<div class=\"wp-block-image\">\n<figure class=\"aligncenter\"><a href=\"https:\/\/www.weine-feinkost.de\/unterwegs\/wp-content\/uploads\/2019\/04\/Schnackertz_Esszimmer_Koeln_Deutschland_8.jpg\"><img decoding=\"async\" src=\"https:\/\/www.weine-feinkost.de\/unterwegs\/wp-content\/uploads\/2019\/04\/Schnackertz_Esszimmer_Koeln_Deutschland_8.jpg\" alt=\"\" class=\"wp-image-62538\"\/><\/a><figcaption class=\"wp-element-caption\">K\u00e4sekuchen im &#8222;T\u00f6rtchen, T\u00f6rtchen&#8220;.<\/figcaption><\/figure>\n<\/div>\n\n\n<p><strong>Schnackertz Esszimmer<\/strong> &#8211; Neusser Str. 291 &#8211; 50733 K\u00f6ln &#8211; Deutschland &#8211; Telefon: +49 221 46615882<\/p>\n","protected":false},"excerpt":{"rendered":"<p>Schnackertz Esszimmer &#8211; Nippeser Mittagstisch Ein lebendiges, urbanes Leben gestaltet sich in vielen Belangen v\u00f6llig anders als das Leben auf dem Dorf oder in einer kleinen oder mittelgro\u00dfen Stadt. W\u00e4hrend bei letzteren immer mehr Gesch\u00e4fte ihre Segel f\u00fcr immer streichen m\u00fcssen und vielerorts Ladenlokale und ehemalig florierende Wirtschaften nur noch von Ungeziefer und Ratten besucht &#8230; <a title=\"Schnackertz Esszimmer &#8211; K\u00f6ln &#8211; Deutschland\" class=\"read-more\" href=\"https:\/\/www.weine-feinkost.de\/unterwegs\/2019\/04\/schnackertz-esszimmer-nippeser-mittagstisch\/\" aria-label=\"Mehr dazu unter Schnackertz Esszimmer &#8211; K\u00f6ln &#8211; Deutschland\">Weiterlesen<\/a><\/p>\n","protected":false},"author":7,"featured_media":142549,"comment_status":"open","ping_status":"open","sticky":false,"template":"","format":"standard","meta":{"_jetpack_newsletter_access":"","_jetpack_dont_email_post_to_subs":false,"_jetpack_newsletter_tier_id":0,"_jetpack_memberships_contains_paywalled_content":false,"_jetpack_feature_clip_id":0,"_jetpack_memberships_contains_paid_content":false,"footnotes":"","jetpack_publicize_message":"","jetpack_publicize_feature_enabled":true,"jetpack_social_post_already_shared":true,"jetpack_social_options":{"image_generator_settings":{"template":"highway","default_image_id":0,"font":"","enabled":false},"version":2},"jetpack_post_was_ever_published":false},"categories":[31,13],"tags":[194,2081,2082,73,2083,2084],"post_folder":[],"class_list":["post-62529","post","type-post","status-publish","format-standard","has-post-thumbnail","hentry","category-deutschland-restaurants","category-restaurants","tag-koeln","tag-mittagstisch","tag-nippes","tag-restaurant","tag-schnackertz-esszimmer","tag-toertchen-toertchen"],"yoast_head":"<!-- This site is optimized with the Yoast SEO plugin v28.3 - https:\/\/yoast.com\/product\/yoast-seo-wordpress\/ -->\n<title>Schnackertz Esszimmer - K\u00f6ln - Deutschland - Unterwegs mit Weine &amp; Feinkost<\/title>\n<meta name=\"robots\" content=\"index, follow, max-snippet:-1, max-image-preview:large, max-video-preview:-1\" \/>\n<link rel=\"canonical\" href=\"https:\/\/www.weine-feinkost.de\/unterwegs\/2019\/04\/schnackertz-esszimmer-nippeser-mittagstisch\/\" \/>\n<meta property=\"og:locale\" content=\"de_DE\" \/>\n<meta property=\"og:type\" content=\"article\" \/>\n<meta property=\"og:title\" content=\"Schnackertz Esszimmer - K\u00f6ln - Deutschland - Unterwegs mit Weine &amp; Feinkost\" \/>\n<meta property=\"og:description\" content=\"Schnackertz Esszimmer &#8211; Nippeser Mittagstisch Ein lebendiges, urbanes Leben gestaltet sich in vielen Belangen v\u00f6llig anders als das Leben auf dem Dorf oder in einer kleinen oder mittelgro\u00dfen Stadt. W\u00e4hrend bei letzteren immer mehr Gesch\u00e4fte ihre Segel f\u00fcr immer streichen m\u00fcssen und vielerorts Ladenlokale und ehemalig florierende Wirtschaften nur noch von Ungeziefer und Ratten besucht ... Weiterlesen\" \/>\n<meta property=\"og:url\" content=\"https:\/\/www.weine-feinkost.de\/unterwegs\/2019\/04\/schnackertz-esszimmer-nippeser-mittagstisch\/\" \/>\n<meta property=\"og:site_name\" content=\"Unterwegs mit Weine &amp; Feinkost\" \/>\n<meta property=\"article:published_time\" content=\"2019-04-10T09:00:00+00:00\" \/>\n<meta property=\"article:modified_time\" content=\"2023-03-20T08:52:58+00:00\" \/>\n<meta property=\"og:image\" content=\"https:\/\/www.weine-feinkost.de\/unterwegs\/wp-content\/uploads\/2019\/04\/Schnackertz_Esszimmer_Koeln_Deutschland_7.jpg\" \/>\n\t<meta property=\"og:image:width\" content=\"640\" \/>\n\t<meta property=\"og:image:height\" content=\"480\" \/>\n\t<meta property=\"og:image:type\" content=\"image\/jpeg\" \/>\n<meta name=\"author\" content=\"Christian Fenske\" \/>\n<meta name=\"twitter:card\" content=\"summary_large_image\" \/>\n<meta name=\"twitter:label1\" content=\"Verfasst von\" \/>\n\t<meta name=\"twitter:data1\" content=\"Christian Fenske\" \/>\n\t<meta name=\"twitter:label2\" content=\"Gesch\u00e4tzte Lesezeit\" \/>\n\t<meta name=\"twitter:data2\" content=\"4\u00a0Minuten\" \/>\n<script type=\"application\/ld+json\" class=\"yoast-schema-graph\">{\"@context\":\"https:\\\/\\\/schema.org\",\"@graph\":[{\"@type\":\"Article\",\"@id\":\"https:\\\/\\\/www.weine-feinkost.de\\\/unterwegs\\\/2019\\\/04\\\/schnackertz-esszimmer-nippeser-mittagstisch\\\/#article\",\"isPartOf\":{\"@id\":\"https:\\\/\\\/www.weine-feinkost.de\\\/unterwegs\\\/2019\\\/04\\\/schnackertz-esszimmer-nippeser-mittagstisch\\\/\"},\"author\":{\"name\":\"Christian Fenske\",\"@id\":\"https:\\\/\\\/www.weine-feinkost.de\\\/unterwegs\\\/#\\\/schema\\\/person\\\/c07d66169fd0e04307bfe7cdc99ac26a\"},\"headline\":\"Schnackertz Esszimmer &#8211; K\u00f6ln &#8211; Deutschland\",\"datePublished\":\"2019-04-10T09:00:00+00:00\",\"dateModified\":\"2023-03-20T08:52:58+00:00\",\"mainEntityOfPage\":{\"@id\":\"https:\\\/\\\/www.weine-feinkost.de\\\/unterwegs\\\/2019\\\/04\\\/schnackertz-esszimmer-nippeser-mittagstisch\\\/\"},\"wordCount\":399,\"commentCount\":0,\"publisher\":{\"@id\":\"https:\\\/\\\/www.weine-feinkost.de\\\/unterwegs\\\/#organization\"},\"image\":{\"@id\":\"https:\\\/\\\/www.weine-feinkost.de\\\/unterwegs\\\/2019\\\/04\\\/schnackertz-esszimmer-nippeser-mittagstisch\\\/#primaryimage\"},\"thumbnailUrl\":\"https:\\\/\\\/www.weine-feinkost.de\\\/unterwegs\\\/wp-content\\\/uploads\\\/2019\\\/04\\\/Schnackertz_Esszimmer_Koeln_Deutschland_7.jpg\",\"keywords\":[\"K\u00f6ln\",\"Mittagstisch\",\"Nippes\",\"Restaurant\",\"Schnackertz Esszimmer\",\"T\u00f6rtchen T\u00f6rtchen\"],\"articleSection\":[\"Deutschland\",\"Restaurants\"],\"inLanguage\":\"de\",\"potentialAction\":[{\"@type\":\"CommentAction\",\"name\":\"Comment\",\"target\":[\"https:\\\/\\\/www.weine-feinkost.de\\\/unterwegs\\\/2019\\\/04\\\/schnackertz-esszimmer-nippeser-mittagstisch\\\/#respond\"]}]},{\"@type\":\"WebPage\",\"@id\":\"https:\\\/\\\/www.weine-feinkost.de\\\/unterwegs\\\/2019\\\/04\\\/schnackertz-esszimmer-nippeser-mittagstisch\\\/\",\"url\":\"https:\\\/\\\/www.weine-feinkost.de\\\/unterwegs\\\/2019\\\/04\\\/schnackertz-esszimmer-nippeser-mittagstisch\\\/\",\"name\":\"Schnackertz Esszimmer - K\u00f6ln - Deutschland - Unterwegs mit Weine &amp; Feinkost\",\"isPartOf\":{\"@id\":\"https:\\\/\\\/www.weine-feinkost.de\\\/unterwegs\\\/#website\"},\"primaryImageOfPage\":{\"@id\":\"https:\\\/\\\/www.weine-feinkost.de\\\/unterwegs\\\/2019\\\/04\\\/schnackertz-esszimmer-nippeser-mittagstisch\\\/#primaryimage\"},\"image\":{\"@id\":\"https:\\\/\\\/www.weine-feinkost.de\\\/unterwegs\\\/2019\\\/04\\\/schnackertz-esszimmer-nippeser-mittagstisch\\\/#primaryimage\"},\"thumbnailUrl\":\"https:\\\/\\\/www.weine-feinkost.de\\\/unterwegs\\\/wp-content\\\/uploads\\\/2019\\\/04\\\/Schnackertz_Esszimmer_Koeln_Deutschland_7.jpg\",\"datePublished\":\"2019-04-10T09:00:00+00:00\",\"dateModified\":\"2023-03-20T08:52:58+00:00\",\"breadcrumb\":{\"@id\":\"https:\\\/\\\/www.weine-feinkost.de\\\/unterwegs\\\/2019\\\/04\\\/schnackertz-esszimmer-nippeser-mittagstisch\\\/#breadcrumb\"},\"inLanguage\":\"de\",\"potentialAction\":[{\"@type\":\"ReadAction\",\"target\":[\"https:\\\/\\\/www.weine-feinkost.de\\\/unterwegs\\\/2019\\\/04\\\/schnackertz-esszimmer-nippeser-mittagstisch\\\/\"]}]},{\"@type\":\"ImageObject\",\"inLanguage\":\"de\",\"@id\":\"https:\\\/\\\/www.weine-feinkost.de\\\/unterwegs\\\/2019\\\/04\\\/schnackertz-esszimmer-nippeser-mittagstisch\\\/#primaryimage\",\"url\":\"https:\\\/\\\/www.weine-feinkost.de\\\/unterwegs\\\/wp-content\\\/uploads\\\/2019\\\/04\\\/Schnackertz_Esszimmer_Koeln_Deutschland_7.jpg\",\"contentUrl\":\"https:\\\/\\\/www.weine-feinkost.de\\\/unterwegs\\\/wp-content\\\/uploads\\\/2019\\\/04\\\/Schnackertz_Esszimmer_Koeln_Deutschland_7.jpg\",\"width\":640,\"height\":480},{\"@type\":\"BreadcrumbList\",\"@id\":\"https:\\\/\\\/www.weine-feinkost.de\\\/unterwegs\\\/2019\\\/04\\\/schnackertz-esszimmer-nippeser-mittagstisch\\\/#breadcrumb\",\"itemListElement\":[{\"@type\":\"ListItem\",\"position\":1,\"name\":\"Startseite\",\"item\":\"https:\\\/\\\/www.weine-feinkost.de\\\/unterwegs\\\/\"},{\"@type\":\"ListItem\",\"position\":2,\"name\":\"Schnackertz Esszimmer &#8211; K\u00f6ln &#8211; Deutschland\"}]},{\"@type\":\"WebSite\",\"@id\":\"https:\\\/\\\/www.weine-feinkost.de\\\/unterwegs\\\/#website\",\"url\":\"https:\\\/\\\/www.weine-feinkost.de\\\/unterwegs\\\/\",\"name\":\"Unterwegs mit Weine &amp; Feinkost\",\"description\":\"Entdecken Sie Genuss\",\"publisher\":{\"@id\":\"https:\\\/\\\/www.weine-feinkost.de\\\/unterwegs\\\/#organization\"},\"potentialAction\":[{\"@type\":\"SearchAction\",\"target\":{\"@type\":\"EntryPoint\",\"urlTemplate\":\"https:\\\/\\\/www.weine-feinkost.de\\\/unterwegs\\\/?s={search_term_string}\"},\"query-input\":{\"@type\":\"PropertyValueSpecification\",\"valueRequired\":true,\"valueName\":\"search_term_string\"}}],\"inLanguage\":\"de\"},{\"@type\":\"Organization\",\"@id\":\"https:\\\/\\\/www.weine-feinkost.de\\\/unterwegs\\\/#organization\",\"name\":\"Unterwegs mit Weine &amp; Feinkost\",\"url\":\"https:\\\/\\\/www.weine-feinkost.de\\\/unterwegs\\\/\",\"logo\":{\"@type\":\"ImageObject\",\"inLanguage\":\"de\",\"@id\":\"https:\\\/\\\/www.weine-feinkost.de\\\/unterwegs\\\/#\\\/schema\\\/logo\\\/image\\\/\",\"url\":\"https:\\\/\\\/www.weine-feinkost.de\\\/unterwegs\\\/wp-content\\\/uploads\\\/2022\\\/10\\\/logo_weinefeinkost_unterwegs_450x171.png\",\"contentUrl\":\"https:\\\/\\\/www.weine-feinkost.de\\\/unterwegs\\\/wp-content\\\/uploads\\\/2022\\\/10\\\/logo_weinefeinkost_unterwegs_450x171.png\",\"width\":450,\"height\":171,\"caption\":\"Unterwegs mit Weine &amp; Feinkost\"},\"image\":{\"@id\":\"https:\\\/\\\/www.weine-feinkost.de\\\/unterwegs\\\/#\\\/schema\\\/logo\\\/image\\\/\"}},{\"@type\":\"Person\",\"@id\":\"https:\\\/\\\/www.weine-feinkost.de\\\/unterwegs\\\/#\\\/schema\\\/person\\\/c07d66169fd0e04307bfe7cdc99ac26a\",\"name\":\"Christian Fenske\",\"image\":{\"@type\":\"ImageObject\",\"inLanguage\":\"de\",\"@id\":\"https:\\\/\\\/www.weine-feinkost.de\\\/unterwegs\\\/wp-content\\\/uploads\\\/2023\\\/01\\\/cropped-christian_profilbild-96x96.png\",\"url\":\"https:\\\/\\\/www.weine-feinkost.de\\\/unterwegs\\\/wp-content\\\/uploads\\\/2023\\\/01\\\/cropped-christian_profilbild-96x96.png\",\"contentUrl\":\"https:\\\/\\\/www.weine-feinkost.de\\\/unterwegs\\\/wp-content\\\/uploads\\\/2023\\\/01\\\/cropped-christian_profilbild-96x96.png\",\"caption\":\"Christian Fenske\"},\"description\":\"Zusammen an einem Tisch sitzen, gemeinsam zu kommunizieren und zu genie\u00dfen, das ist eine der herausragenden kulturellen Errungenschaft der Menschheit.\",\"url\":\"https:\\\/\\\/www.weine-feinkost.de\\\/unterwegs\\\/author\\\/christian-fenske\\\/\"}]}<\/script>\n<!-- \/ Yoast SEO plugin. -->","yoast_head_json":{"title":"Schnackertz Esszimmer - K\u00f6ln - Deutschland - Unterwegs mit Weine &amp; Feinkost","robots":{"index":"index","follow":"follow","max-snippet":"max-snippet:-1","max-image-preview":"max-image-preview:large","max-video-preview":"max-video-preview:-1"},"canonical":"https:\/\/www.weine-feinkost.de\/unterwegs\/2019\/04\/schnackertz-esszimmer-nippeser-mittagstisch\/","og_locale":"de_DE","og_type":"article","og_title":"Schnackertz Esszimmer - K\u00f6ln - Deutschland - Unterwegs mit Weine &amp; Feinkost","og_description":"Schnackertz Esszimmer &#8211; Nippeser Mittagstisch Ein lebendiges, urbanes Leben gestaltet sich in vielen Belangen v\u00f6llig anders als das Leben auf dem Dorf oder in einer kleinen oder mittelgro\u00dfen Stadt. W\u00e4hrend bei letzteren immer mehr Gesch\u00e4fte ihre Segel f\u00fcr immer streichen m\u00fcssen und vielerorts Ladenlokale und ehemalig florierende Wirtschaften nur noch von Ungeziefer und Ratten besucht ... Weiterlesen","og_url":"https:\/\/www.weine-feinkost.de\/unterwegs\/2019\/04\/schnackertz-esszimmer-nippeser-mittagstisch\/","og_site_name":"Unterwegs mit Weine &amp; Feinkost","article_published_time":"2019-04-10T09:00:00+00:00","article_modified_time":"2023-03-20T08:52:58+00:00","og_image":[{"width":640,"height":480,"url":"https:\/\/www.weine-feinkost.de\/unterwegs\/wp-content\/uploads\/2019\/04\/Schnackertz_Esszimmer_Koeln_Deutschland_7.jpg","type":"image\/jpeg"}],"author":"Christian Fenske","twitter_card":"summary_large_image","twitter_misc":{"Verfasst von":"Christian Fenske","Gesch\u00e4tzte Lesezeit":"4\u00a0Minuten"},"schema":{"@context":"https:\/\/schema.org","@graph":[{"@type":"Article","@id":"https:\/\/www.weine-feinkost.de\/unterwegs\/2019\/04\/schnackertz-esszimmer-nippeser-mittagstisch\/#article","isPartOf":{"@id":"https:\/\/www.weine-feinkost.de\/unterwegs\/2019\/04\/schnackertz-esszimmer-nippeser-mittagstisch\/"},"author":{"name":"Christian Fenske","@id":"https:\/\/www.weine-feinkost.de\/unterwegs\/#\/schema\/person\/c07d66169fd0e04307bfe7cdc99ac26a"},"headline":"Schnackertz Esszimmer &#8211; K\u00f6ln &#8211; Deutschland","datePublished":"2019-04-10T09:00:00+00:00","dateModified":"2023-03-20T08:52:58+00:00","mainEntityOfPage":{"@id":"https:\/\/www.weine-feinkost.de\/unterwegs\/2019\/04\/schnackertz-esszimmer-nippeser-mittagstisch\/"},"wordCount":399,"commentCount":0,"publisher":{"@id":"https:\/\/www.weine-feinkost.de\/unterwegs\/#organization"},"image":{"@id":"https:\/\/www.weine-feinkost.de\/unterwegs\/2019\/04\/schnackertz-esszimmer-nippeser-mittagstisch\/#primaryimage"},"thumbnailUrl":"https:\/\/www.weine-feinkost.de\/unterwegs\/wp-content\/uploads\/2019\/04\/Schnackertz_Esszimmer_Koeln_Deutschland_7.jpg","keywords":["K\u00f6ln","Mittagstisch","Nippes","Restaurant","Schnackertz Esszimmer","T\u00f6rtchen T\u00f6rtchen"],"articleSection":["Deutschland","Restaurants"],"inLanguage":"de","potentialAction":[{"@type":"CommentAction","name":"Comment","target":["https:\/\/www.weine-feinkost.de\/unterwegs\/2019\/04\/schnackertz-esszimmer-nippeser-mittagstisch\/#respond"]}]},{"@type":"WebPage","@id":"https:\/\/www.weine-feinkost.de\/unterwegs\/2019\/04\/schnackertz-esszimmer-nippeser-mittagstisch\/","url":"https:\/\/www.weine-feinkost.de\/unterwegs\/2019\/04\/schnackertz-esszimmer-nippeser-mittagstisch\/","name":"Schnackertz Esszimmer - K\u00f6ln - Deutschland - Unterwegs mit Weine &amp; Feinkost","isPartOf":{"@id":"https:\/\/www.weine-feinkost.de\/unterwegs\/#website"},"primaryImageOfPage":{"@id":"https:\/\/www.weine-feinkost.de\/unterwegs\/2019\/04\/schnackertz-esszimmer-nippeser-mittagstisch\/#primaryimage"},"image":{"@id":"https:\/\/www.weine-feinkost.de\/unterwegs\/2019\/04\/schnackertz-esszimmer-nippeser-mittagstisch\/#primaryimage"},"thumbnailUrl":"https:\/\/www.weine-feinkost.de\/unterwegs\/wp-content\/uploads\/2019\/04\/Schnackertz_Esszimmer_Koeln_Deutschland_7.jpg","datePublished":"2019-04-10T09:00:00+00:00","dateModified":"2023-03-20T08:52:58+00:00","breadcrumb":{"@id":"https:\/\/www.weine-feinkost.de\/unterwegs\/2019\/04\/schnackertz-esszimmer-nippeser-mittagstisch\/#breadcrumb"},"inLanguage":"de","potentialAction":[{"@type":"ReadAction","target":["https:\/\/www.weine-feinkost.de\/unterwegs\/2019\/04\/schnackertz-esszimmer-nippeser-mittagstisch\/"]}]},{"@type":"ImageObject","inLanguage":"de","@id":"https:\/\/www.weine-feinkost.de\/unterwegs\/2019\/04\/schnackertz-esszimmer-nippeser-mittagstisch\/#primaryimage","url":"https:\/\/www.weine-feinkost.de\/unterwegs\/wp-content\/uploads\/2019\/04\/Schnackertz_Esszimmer_Koeln_Deutschland_7.jpg","contentUrl":"https:\/\/www.weine-feinkost.de\/unterwegs\/wp-content\/uploads\/2019\/04\/Schnackertz_Esszimmer_Koeln_Deutschland_7.jpg","width":640,"height":480},{"@type":"BreadcrumbList","@id":"https:\/\/www.weine-feinkost.de\/unterwegs\/2019\/04\/schnackertz-esszimmer-nippeser-mittagstisch\/#breadcrumb","itemListElement":[{"@type":"ListItem","position":1,"name":"Startseite","item":"https:\/\/www.weine-feinkost.de\/unterwegs\/"},{"@type":"ListItem","position":2,"name":"Schnackertz Esszimmer &#8211; K\u00f6ln &#8211; Deutschland"}]},{"@type":"WebSite","@id":"https:\/\/www.weine-feinkost.de\/unterwegs\/#website","url":"https:\/\/www.weine-feinkost.de\/unterwegs\/","name":"Unterwegs mit Weine &amp; Feinkost","description":"Entdecken Sie Genuss","publisher":{"@id":"https:\/\/www.weine-feinkost.de\/unterwegs\/#organization"},"potentialAction":[{"@type":"SearchAction","target":{"@type":"EntryPoint","urlTemplate":"https:\/\/www.weine-feinkost.de\/unterwegs\/?s={search_term_string}"},"query-input":{"@type":"PropertyValueSpecification","valueRequired":true,"valueName":"search_term_string"}}],"inLanguage":"de"},{"@type":"Organization","@id":"https:\/\/www.weine-feinkost.de\/unterwegs\/#organization","name":"Unterwegs mit Weine &amp; Feinkost","url":"https:\/\/www.weine-feinkost.de\/unterwegs\/","logo":{"@type":"ImageObject","inLanguage":"de","@id":"https:\/\/www.weine-feinkost.de\/unterwegs\/#\/schema\/logo\/image\/","url":"https:\/\/www.weine-feinkost.de\/unterwegs\/wp-content\/uploads\/2022\/10\/logo_weinefeinkost_unterwegs_450x171.png","contentUrl":"https:\/\/www.weine-feinkost.de\/unterwegs\/wp-content\/uploads\/2022\/10\/logo_weinefeinkost_unterwegs_450x171.png","width":450,"height":171,"caption":"Unterwegs mit Weine &amp; Feinkost"},"image":{"@id":"https:\/\/www.weine-feinkost.de\/unterwegs\/#\/schema\/logo\/image\/"}},{"@type":"Person","@id":"https:\/\/www.weine-feinkost.de\/unterwegs\/#\/schema\/person\/c07d66169fd0e04307bfe7cdc99ac26a","name":"Christian Fenske","image":{"@type":"ImageObject","inLanguage":"de","@id":"https:\/\/www.weine-feinkost.de\/unterwegs\/wp-content\/uploads\/2023\/01\/cropped-christian_profilbild-96x96.png","url":"https:\/\/www.weine-feinkost.de\/unterwegs\/wp-content\/uploads\/2023\/01\/cropped-christian_profilbild-96x96.png","contentUrl":"https:\/\/www.weine-feinkost.de\/unterwegs\/wp-content\/uploads\/2023\/01\/cropped-christian_profilbild-96x96.png","caption":"Christian Fenske"},"description":"Zusammen an einem Tisch sitzen, gemeinsam zu kommunizieren und zu genie\u00dfen, das ist eine der herausragenden kulturellen Errungenschaft der Menschheit.","url":"https:\/\/www.weine-feinkost.de\/unterwegs\/author\/christian-fenske\/"}]}},"jetpack_publicize_connections":[],"jetpack_shortlink":"https:\/\/wp.me\/p68Tjo-ggx","jetpack_sharing_enabled":true,"jetpack_likes_enabled":true,"jetpack_featured_media_url":"https:\/\/www.weine-feinkost.de\/unterwegs\/wp-content\/uploads\/2019\/04\/Schnackertz_Esszimmer_Koeln_Deutschland_7.jpg","_links":{"self":[{"href":"https:\/\/www.weine-feinkost.de\/unterwegs\/wp-json\/wp\/v2\/posts\/62529","targetHints":{"allow":["GET"]}}],"collection":[{"href":"https:\/\/www.weine-feinkost.de\/unterwegs\/wp-json\/wp\/v2\/posts"}],"about":[{"href":"https:\/\/www.weine-feinkost.de\/unterwegs\/wp-json\/wp\/v2\/types\/post"}],"author":[{"embeddable":true,"href":"https:\/\/www.weine-feinkost.de\/unterwegs\/wp-json\/wp\/v2\/users\/7"}],"replies":[{"embeddable":true,"href":"https:\/\/www.weine-feinkost.de\/unterwegs\/wp-json\/wp\/v2\/comments?post=62529"}],"version-history":[{"count":2,"href":"https:\/\/www.weine-feinkost.de\/unterwegs\/wp-json\/wp\/v2\/posts\/62529\/revisions"}],"predecessor-version":[{"id":196874,"href":"https:\/\/www.weine-feinkost.de\/unterwegs\/wp-json\/wp\/v2\/posts\/62529\/revisions\/196874"}],"wp:featuredmedia":[{"embeddable":true,"href":"https:\/\/www.weine-feinkost.de\/unterwegs\/wp-json\/wp\/v2\/media\/142549"}],"wp:attachment":[{"href":"https:\/\/www.weine-feinkost.de\/unterwegs\/wp-json\/wp\/v2\/media?parent=62529"}],"wp:term":[{"taxonomy":"category","embeddable":true,"href":"https:\/\/www.weine-feinkost.de\/unterwegs\/wp-json\/wp\/v2\/categories?post=62529"},{"taxonomy":"post_tag","embeddable":true,"href":"https:\/\/www.weine-feinkost.de\/unterwegs\/wp-json\/wp\/v2\/tags?post=62529"},{"taxonomy":"post_folder","embeddable":true,"href":"https:\/\/www.weine-feinkost.de\/unterwegs\/wp-json\/wp\/v2\/post_folder?post=62529"}],"curies":[{"name":"wp","href":"https:\/\/api.w.org\/{rel}","templated":true}]}}