{"id":63382,"date":"2019-04-21T11:00:58","date_gmt":"2019-04-21T09:00:58","guid":{"rendered":"https:\/\/www.weine-feinkost.de\/unterwegs\/?p=63382"},"modified":"2019-04-21T11:00:58","modified_gmt":"2019-04-21T09:00:58","slug":"tandem-syrah-2015-alain-graillot-vinophiles-aus-nordafrika","status":"publish","type":"post","link":"https:\/\/www.weine-feinkost.de\/unterwegs\/2019\/04\/tandem-syrah-2015-alain-graillot-vinophiles-aus-nordafrika\/","title":{"rendered":"Tandem Syrah  2015 Alain Graillot &#8211; Vinophiles aus Nordafrika"},"content":{"rendered":"\n<h3 class=\"wp-block-heading\">Alain Graillot Tandem Syrah&nbsp; 2015 &#8211; Marokko<\/h3>\n\n\n\n<p>\u00dcber diesen marokkanischen Rotwein, welcher aus der Rebsorte Syrah gewonnen wurde, ist leider nicht wirklich etwas bekannt. Nur, dass es sich um ein fl\u00fcssiges Reiseandenken eines nicht ganz unbekannten Zeitgenossen handelte und dass sich der Sch\u00f6pfer dieses Rotweines, der franz\u00f6sische Winzer Alain Graillot, normalerweise wohl an der Rhone mit dem An- und Ausbau von Weinen besch\u00e4ftigt.<\/p>\n\n\n\n<p>Im Duft zeigt der Syrah namens Tandem eine kr\u00e4ftige Ader. Gut eingebundenes Holz, dezente W\u00fcrze und eine strahlende Frucht begeistern mittelfristig die Sinne und langfristig den Rausch. Mittelkr\u00e4ftig im Mund und hier in allen Belangen zur Zeit doch recht eindimensional. Ein Mittrinkender bemerkt zu Recht die leichte Bitterkeit die der Wein im hinteren Mundbereich hinterlie\u00df.  <\/p>\n\n\n\n<p>Dieser Syrah wirkt zur Zeit auch noch recht verschlossen und verf\u00fcgt leider \u00fcber keinerlei Abgang oder irgend eine geartete L\u00e4nge im Nachhall. \u00dcberraschend ist hier h\u00f6chstens das Anbauland Marokko; um eine Offenbarung des Propheten handelt es sich aber dann letztendlich auch nicht wirklich. F\u00fcr so einen Tropfen muss man das Trinken in einer Weltreligion nicht wirklich wieder erlauben, und in anderen Weinanbau L\u00e4ndern gibt es sicher bessere Alternativen.<\/p>\n","protected":false},"excerpt":{"rendered":"<p>Alain Graillot Tandem Syrah&nbsp; 2015 &#8211; Marokko \u00dcber diesen marokkanischen Rotwein, welcher aus der Rebsorte Syrah gewonnen wurde, ist leider nicht wirklich etwas bekannt. Nur, dass es sich um ein fl\u00fcssiges Reiseandenken eines nicht ganz unbekannten Zeitgenossen handelte und dass sich der Sch\u00f6pfer dieses Rotweines, der franz\u00f6sische Winzer Alain Graillot, normalerweise wohl an der Rhone &#8230; <a title=\"Tandem Syrah  2015 Alain Graillot &#8211; Vinophiles aus Nordafrika\" class=\"read-more\" href=\"https:\/\/www.weine-feinkost.de\/unterwegs\/2019\/04\/tandem-syrah-2015-alain-graillot-vinophiles-aus-nordafrika\/\" aria-label=\"Mehr dazu unter Tandem Syrah  2015 Alain Graillot &#8211; Vinophiles aus Nordafrika\">Weiterlesen<\/a><\/p>\n","protected":false},"author":7,"featured_media":165443,"comment_status":"open","ping_status":"open","sticky":false,"template":"","format":"standard","meta":{"_jetpack_newsletter_access":"","_jetpack_dont_email_post_to_subs":false,"_jetpack_newsletter_tier_id":0,"_jetpack_memberships_contains_paywalled_content":false,"_jetpack_feature_clip_id":0,"_jetpack_memberships_contains_paid_content":false,"footnotes":"","jetpack_publicize_message":"","jetpack_publicize_feature_enabled":true,"jetpack_social_post_already_shared":true,"jetpack_social_options":{"image_generator_settings":{"template":"highway","default_image_id":0,"font":"","enabled":false},"version":2},"jetpack_post_was_ever_published":false},"categories":[18],"tags":[2088,2089,2090,2091],"post_folder":[],"class_list":["post-63382","post","type-post","status-publish","format-standard","has-post-thumbnail","hentry","category-weine","tag-alain-graillot","tag-marokko","tag-syrah","tag-tandem"],"yoast_head":"<!-- This site is optimized with the Yoast SEO plugin v28.3 - https:\/\/yoast.com\/product\/yoast-seo-wordpress\/ -->\n<title>Tandem Syrah 2015 Alain Graillot - Vinophiles aus Nordafrika - Unterwegs mit Weine &amp; Feinkost<\/title>\n<meta name=\"robots\" content=\"index, follow, max-snippet:-1, max-image-preview:large, max-video-preview:-1\" \/>\n<link rel=\"canonical\" href=\"https:\/\/www.weine-feinkost.de\/unterwegs\/2019\/04\/tandem-syrah-2015-alain-graillot-vinophiles-aus-nordafrika\/\" \/>\n<meta property=\"og:locale\" content=\"de_DE\" \/>\n<meta property=\"og:type\" content=\"article\" \/>\n<meta property=\"og:title\" content=\"Tandem Syrah 2015 Alain Graillot - Vinophiles aus Nordafrika - Unterwegs mit Weine &amp; Feinkost\" \/>\n<meta property=\"og:description\" content=\"Alain Graillot Tandem Syrah&nbsp; 2015 &#8211; Marokko \u00dcber diesen marokkanischen Rotwein, welcher aus der Rebsorte Syrah gewonnen wurde, ist leider nicht wirklich etwas bekannt. Nur, dass es sich um ein fl\u00fcssiges Reiseandenken eines nicht ganz unbekannten Zeitgenossen handelte und dass sich der Sch\u00f6pfer dieses Rotweines, der franz\u00f6sische Winzer Alain Graillot, normalerweise wohl an der Rhone ... Weiterlesen\" \/>\n<meta property=\"og:url\" content=\"https:\/\/www.weine-feinkost.de\/unterwegs\/2019\/04\/tandem-syrah-2015-alain-graillot-vinophiles-aus-nordafrika\/\" \/>\n<meta property=\"og:site_name\" content=\"Unterwegs mit Weine &amp; Feinkost\" \/>\n<meta property=\"article:published_time\" content=\"2019-04-21T09:00:58+00:00\" \/>\n<meta property=\"og:image\" content=\"https:\/\/www.weine-feinkost.de\/unterwegs\/wp-content\/uploads\/2019\/04\/Tandem_Syrah_2015_Alain_Graillot_Marokko.jpg\" \/>\n\t<meta property=\"og:image:width\" content=\"640\" \/>\n\t<meta property=\"og:image:height\" content=\"480\" \/>\n\t<meta property=\"og:image:type\" content=\"image\/jpeg\" \/>\n<meta name=\"author\" content=\"Christian Fenske\" \/>\n<meta name=\"twitter:card\" content=\"summary_large_image\" \/>\n<meta name=\"twitter:label1\" content=\"Verfasst von\" \/>\n\t<meta name=\"twitter:data1\" content=\"Christian Fenske\" \/>\n\t<meta name=\"twitter:label2\" content=\"Gesch\u00e4tzte Lesezeit\" \/>\n\t<meta name=\"twitter:data2\" content=\"1\u00a0Minute\" \/>\n<script type=\"application\/ld+json\" class=\"yoast-schema-graph\">{\"@context\":\"https:\\\/\\\/schema.org\",\"@graph\":[{\"@type\":\"Article\",\"@id\":\"https:\\\/\\\/www.weine-feinkost.de\\\/unterwegs\\\/2019\\\/04\\\/tandem-syrah-2015-alain-graillot-vinophiles-aus-nordafrika\\\/#article\",\"isPartOf\":{\"@id\":\"https:\\\/\\\/www.weine-feinkost.de\\\/unterwegs\\\/2019\\\/04\\\/tandem-syrah-2015-alain-graillot-vinophiles-aus-nordafrika\\\/\"},\"author\":{\"name\":\"Christian Fenske\",\"@id\":\"https:\\\/\\\/www.weine-feinkost.de\\\/unterwegs\\\/#\\\/schema\\\/person\\\/c07d66169fd0e04307bfe7cdc99ac26a\"},\"headline\":\"Tandem Syrah 2015 Alain Graillot &#8211; Vinophiles aus Nordafrika\",\"datePublished\":\"2019-04-21T09:00:58+00:00\",\"mainEntityOfPage\":{\"@id\":\"https:\\\/\\\/www.weine-feinkost.de\\\/unterwegs\\\/2019\\\/04\\\/tandem-syrah-2015-alain-graillot-vinophiles-aus-nordafrika\\\/\"},\"wordCount\":206,\"commentCount\":0,\"publisher\":{\"@id\":\"https:\\\/\\\/www.weine-feinkost.de\\\/unterwegs\\\/#organization\"},\"image\":{\"@id\":\"https:\\\/\\\/www.weine-feinkost.de\\\/unterwegs\\\/2019\\\/04\\\/tandem-syrah-2015-alain-graillot-vinophiles-aus-nordafrika\\\/#primaryimage\"},\"thumbnailUrl\":\"https:\\\/\\\/www.weine-feinkost.de\\\/unterwegs\\\/wp-content\\\/uploads\\\/2019\\\/04\\\/Tandem_Syrah_2015_Alain_Graillot_Marokko.jpg\",\"keywords\":[\"Alain Graillot\",\"Marokko\",\"Syrah\",\"Tandem\"],\"articleSection\":[\"Weine\"],\"inLanguage\":\"de\",\"potentialAction\":[{\"@type\":\"CommentAction\",\"name\":\"Comment\",\"target\":[\"https:\\\/\\\/www.weine-feinkost.de\\\/unterwegs\\\/2019\\\/04\\\/tandem-syrah-2015-alain-graillot-vinophiles-aus-nordafrika\\\/#respond\"]}]},{\"@type\":\"WebPage\",\"@id\":\"https:\\\/\\\/www.weine-feinkost.de\\\/unterwegs\\\/2019\\\/04\\\/tandem-syrah-2015-alain-graillot-vinophiles-aus-nordafrika\\\/\",\"url\":\"https:\\\/\\\/www.weine-feinkost.de\\\/unterwegs\\\/2019\\\/04\\\/tandem-syrah-2015-alain-graillot-vinophiles-aus-nordafrika\\\/\",\"name\":\"Tandem Syrah 2015 Alain Graillot - Vinophiles aus Nordafrika - Unterwegs mit Weine &amp; Feinkost\",\"isPartOf\":{\"@id\":\"https:\\\/\\\/www.weine-feinkost.de\\\/unterwegs\\\/#website\"},\"primaryImageOfPage\":{\"@id\":\"https:\\\/\\\/www.weine-feinkost.de\\\/unterwegs\\\/2019\\\/04\\\/tandem-syrah-2015-alain-graillot-vinophiles-aus-nordafrika\\\/#primaryimage\"},\"image\":{\"@id\":\"https:\\\/\\\/www.weine-feinkost.de\\\/unterwegs\\\/2019\\\/04\\\/tandem-syrah-2015-alain-graillot-vinophiles-aus-nordafrika\\\/#primaryimage\"},\"thumbnailUrl\":\"https:\\\/\\\/www.weine-feinkost.de\\\/unterwegs\\\/wp-content\\\/uploads\\\/2019\\\/04\\\/Tandem_Syrah_2015_Alain_Graillot_Marokko.jpg\",\"datePublished\":\"2019-04-21T09:00:58+00:00\",\"breadcrumb\":{\"@id\":\"https:\\\/\\\/www.weine-feinkost.de\\\/unterwegs\\\/2019\\\/04\\\/tandem-syrah-2015-alain-graillot-vinophiles-aus-nordafrika\\\/#breadcrumb\"},\"inLanguage\":\"de\",\"potentialAction\":[{\"@type\":\"ReadAction\",\"target\":[\"https:\\\/\\\/www.weine-feinkost.de\\\/unterwegs\\\/2019\\\/04\\\/tandem-syrah-2015-alain-graillot-vinophiles-aus-nordafrika\\\/\"]}]},{\"@type\":\"ImageObject\",\"inLanguage\":\"de\",\"@id\":\"https:\\\/\\\/www.weine-feinkost.de\\\/unterwegs\\\/2019\\\/04\\\/tandem-syrah-2015-alain-graillot-vinophiles-aus-nordafrika\\\/#primaryimage\",\"url\":\"https:\\\/\\\/www.weine-feinkost.de\\\/unterwegs\\\/wp-content\\\/uploads\\\/2019\\\/04\\\/Tandem_Syrah_2015_Alain_Graillot_Marokko.jpg\",\"contentUrl\":\"https:\\\/\\\/www.weine-feinkost.de\\\/unterwegs\\\/wp-content\\\/uploads\\\/2019\\\/04\\\/Tandem_Syrah_2015_Alain_Graillot_Marokko.jpg\",\"width\":640,\"height\":480},{\"@type\":\"BreadcrumbList\",\"@id\":\"https:\\\/\\\/www.weine-feinkost.de\\\/unterwegs\\\/2019\\\/04\\\/tandem-syrah-2015-alain-graillot-vinophiles-aus-nordafrika\\\/#breadcrumb\",\"itemListElement\":[{\"@type\":\"ListItem\",\"position\":1,\"name\":\"Startseite\",\"item\":\"https:\\\/\\\/www.weine-feinkost.de\\\/unterwegs\\\/\"},{\"@type\":\"ListItem\",\"position\":2,\"name\":\"Tandem Syrah 2015 Alain Graillot &#8211; Vinophiles aus Nordafrika\"}]},{\"@type\":\"WebSite\",\"@id\":\"https:\\\/\\\/www.weine-feinkost.de\\\/unterwegs\\\/#website\",\"url\":\"https:\\\/\\\/www.weine-feinkost.de\\\/unterwegs\\\/\",\"name\":\"Unterwegs mit Weine &amp; Feinkost\",\"description\":\"Entdecken Sie Genuss\",\"publisher\":{\"@id\":\"https:\\\/\\\/www.weine-feinkost.de\\\/unterwegs\\\/#organization\"},\"potentialAction\":[{\"@type\":\"SearchAction\",\"target\":{\"@type\":\"EntryPoint\",\"urlTemplate\":\"https:\\\/\\\/www.weine-feinkost.de\\\/unterwegs\\\/?s={search_term_string}\"},\"query-input\":{\"@type\":\"PropertyValueSpecification\",\"valueRequired\":true,\"valueName\":\"search_term_string\"}}],\"inLanguage\":\"de\"},{\"@type\":\"Organization\",\"@id\":\"https:\\\/\\\/www.weine-feinkost.de\\\/unterwegs\\\/#organization\",\"name\":\"Unterwegs mit Weine &amp; Feinkost\",\"url\":\"https:\\\/\\\/www.weine-feinkost.de\\\/unterwegs\\\/\",\"logo\":{\"@type\":\"ImageObject\",\"inLanguage\":\"de\",\"@id\":\"https:\\\/\\\/www.weine-feinkost.de\\\/unterwegs\\\/#\\\/schema\\\/logo\\\/image\\\/\",\"url\":\"https:\\\/\\\/www.weine-feinkost.de\\\/unterwegs\\\/wp-content\\\/uploads\\\/2022\\\/10\\\/logo_weinefeinkost_unterwegs_450x171.png\",\"contentUrl\":\"https:\\\/\\\/www.weine-feinkost.de\\\/unterwegs\\\/wp-content\\\/uploads\\\/2022\\\/10\\\/logo_weinefeinkost_unterwegs_450x171.png\",\"width\":450,\"height\":171,\"caption\":\"Unterwegs mit Weine &amp; Feinkost\"},\"image\":{\"@id\":\"https:\\\/\\\/www.weine-feinkost.de\\\/unterwegs\\\/#\\\/schema\\\/logo\\\/image\\\/\"}},{\"@type\":\"Person\",\"@id\":\"https:\\\/\\\/www.weine-feinkost.de\\\/unterwegs\\\/#\\\/schema\\\/person\\\/c07d66169fd0e04307bfe7cdc99ac26a\",\"name\":\"Christian Fenske\",\"image\":{\"@type\":\"ImageObject\",\"inLanguage\":\"de\",\"@id\":\"https:\\\/\\\/www.weine-feinkost.de\\\/unterwegs\\\/wp-content\\\/uploads\\\/2023\\\/01\\\/cropped-christian_profilbild-96x96.png\",\"url\":\"https:\\\/\\\/www.weine-feinkost.de\\\/unterwegs\\\/wp-content\\\/uploads\\\/2023\\\/01\\\/cropped-christian_profilbild-96x96.png\",\"contentUrl\":\"https:\\\/\\\/www.weine-feinkost.de\\\/unterwegs\\\/wp-content\\\/uploads\\\/2023\\\/01\\\/cropped-christian_profilbild-96x96.png\",\"caption\":\"Christian Fenske\"},\"description\":\"Zusammen an einem Tisch sitzen, gemeinsam zu kommunizieren und zu genie\u00dfen, das ist eine der herausragenden kulturellen Errungenschaft der Menschheit.\",\"url\":\"https:\\\/\\\/www.weine-feinkost.de\\\/unterwegs\\\/author\\\/christian-fenske\\\/\"}]}<\/script>\n<!-- \/ Yoast SEO plugin. -->","yoast_head_json":{"title":"Tandem Syrah 2015 Alain Graillot - Vinophiles aus Nordafrika - Unterwegs mit Weine &amp; Feinkost","robots":{"index":"index","follow":"follow","max-snippet":"max-snippet:-1","max-image-preview":"max-image-preview:large","max-video-preview":"max-video-preview:-1"},"canonical":"https:\/\/www.weine-feinkost.de\/unterwegs\/2019\/04\/tandem-syrah-2015-alain-graillot-vinophiles-aus-nordafrika\/","og_locale":"de_DE","og_type":"article","og_title":"Tandem Syrah 2015 Alain Graillot - Vinophiles aus Nordafrika - Unterwegs mit Weine &amp; Feinkost","og_description":"Alain Graillot Tandem Syrah&nbsp; 2015 &#8211; Marokko \u00dcber diesen marokkanischen Rotwein, welcher aus der Rebsorte Syrah gewonnen wurde, ist leider nicht wirklich etwas bekannt. Nur, dass es sich um ein fl\u00fcssiges Reiseandenken eines nicht ganz unbekannten Zeitgenossen handelte und dass sich der Sch\u00f6pfer dieses Rotweines, der franz\u00f6sische Winzer Alain Graillot, normalerweise wohl an der Rhone ... Weiterlesen","og_url":"https:\/\/www.weine-feinkost.de\/unterwegs\/2019\/04\/tandem-syrah-2015-alain-graillot-vinophiles-aus-nordafrika\/","og_site_name":"Unterwegs mit Weine &amp; Feinkost","article_published_time":"2019-04-21T09:00:58+00:00","og_image":[{"width":640,"height":480,"url":"https:\/\/www.weine-feinkost.de\/unterwegs\/wp-content\/uploads\/2019\/04\/Tandem_Syrah_2015_Alain_Graillot_Marokko.jpg","type":"image\/jpeg"}],"author":"Christian Fenske","twitter_card":"summary_large_image","twitter_misc":{"Verfasst von":"Christian Fenske","Gesch\u00e4tzte Lesezeit":"1\u00a0Minute"},"schema":{"@context":"https:\/\/schema.org","@graph":[{"@type":"Article","@id":"https:\/\/www.weine-feinkost.de\/unterwegs\/2019\/04\/tandem-syrah-2015-alain-graillot-vinophiles-aus-nordafrika\/#article","isPartOf":{"@id":"https:\/\/www.weine-feinkost.de\/unterwegs\/2019\/04\/tandem-syrah-2015-alain-graillot-vinophiles-aus-nordafrika\/"},"author":{"name":"Christian Fenske","@id":"https:\/\/www.weine-feinkost.de\/unterwegs\/#\/schema\/person\/c07d66169fd0e04307bfe7cdc99ac26a"},"headline":"Tandem Syrah 2015 Alain Graillot &#8211; Vinophiles aus Nordafrika","datePublished":"2019-04-21T09:00:58+00:00","mainEntityOfPage":{"@id":"https:\/\/www.weine-feinkost.de\/unterwegs\/2019\/04\/tandem-syrah-2015-alain-graillot-vinophiles-aus-nordafrika\/"},"wordCount":206,"commentCount":0,"publisher":{"@id":"https:\/\/www.weine-feinkost.de\/unterwegs\/#organization"},"image":{"@id":"https:\/\/www.weine-feinkost.de\/unterwegs\/2019\/04\/tandem-syrah-2015-alain-graillot-vinophiles-aus-nordafrika\/#primaryimage"},"thumbnailUrl":"https:\/\/www.weine-feinkost.de\/unterwegs\/wp-content\/uploads\/2019\/04\/Tandem_Syrah_2015_Alain_Graillot_Marokko.jpg","keywords":["Alain Graillot","Marokko","Syrah","Tandem"],"articleSection":["Weine"],"inLanguage":"de","potentialAction":[{"@type":"CommentAction","name":"Comment","target":["https:\/\/www.weine-feinkost.de\/unterwegs\/2019\/04\/tandem-syrah-2015-alain-graillot-vinophiles-aus-nordafrika\/#respond"]}]},{"@type":"WebPage","@id":"https:\/\/www.weine-feinkost.de\/unterwegs\/2019\/04\/tandem-syrah-2015-alain-graillot-vinophiles-aus-nordafrika\/","url":"https:\/\/www.weine-feinkost.de\/unterwegs\/2019\/04\/tandem-syrah-2015-alain-graillot-vinophiles-aus-nordafrika\/","name":"Tandem Syrah 2015 Alain Graillot - Vinophiles aus Nordafrika - Unterwegs mit Weine &amp; Feinkost","isPartOf":{"@id":"https:\/\/www.weine-feinkost.de\/unterwegs\/#website"},"primaryImageOfPage":{"@id":"https:\/\/www.weine-feinkost.de\/unterwegs\/2019\/04\/tandem-syrah-2015-alain-graillot-vinophiles-aus-nordafrika\/#primaryimage"},"image":{"@id":"https:\/\/www.weine-feinkost.de\/unterwegs\/2019\/04\/tandem-syrah-2015-alain-graillot-vinophiles-aus-nordafrika\/#primaryimage"},"thumbnailUrl":"https:\/\/www.weine-feinkost.de\/unterwegs\/wp-content\/uploads\/2019\/04\/Tandem_Syrah_2015_Alain_Graillot_Marokko.jpg","datePublished":"2019-04-21T09:00:58+00:00","breadcrumb":{"@id":"https:\/\/www.weine-feinkost.de\/unterwegs\/2019\/04\/tandem-syrah-2015-alain-graillot-vinophiles-aus-nordafrika\/#breadcrumb"},"inLanguage":"de","potentialAction":[{"@type":"ReadAction","target":["https:\/\/www.weine-feinkost.de\/unterwegs\/2019\/04\/tandem-syrah-2015-alain-graillot-vinophiles-aus-nordafrika\/"]}]},{"@type":"ImageObject","inLanguage":"de","@id":"https:\/\/www.weine-feinkost.de\/unterwegs\/2019\/04\/tandem-syrah-2015-alain-graillot-vinophiles-aus-nordafrika\/#primaryimage","url":"https:\/\/www.weine-feinkost.de\/unterwegs\/wp-content\/uploads\/2019\/04\/Tandem_Syrah_2015_Alain_Graillot_Marokko.jpg","contentUrl":"https:\/\/www.weine-feinkost.de\/unterwegs\/wp-content\/uploads\/2019\/04\/Tandem_Syrah_2015_Alain_Graillot_Marokko.jpg","width":640,"height":480},{"@type":"BreadcrumbList","@id":"https:\/\/www.weine-feinkost.de\/unterwegs\/2019\/04\/tandem-syrah-2015-alain-graillot-vinophiles-aus-nordafrika\/#breadcrumb","itemListElement":[{"@type":"ListItem","position":1,"name":"Startseite","item":"https:\/\/www.weine-feinkost.de\/unterwegs\/"},{"@type":"ListItem","position":2,"name":"Tandem Syrah 2015 Alain Graillot &#8211; Vinophiles aus Nordafrika"}]},{"@type":"WebSite","@id":"https:\/\/www.weine-feinkost.de\/unterwegs\/#website","url":"https:\/\/www.weine-feinkost.de\/unterwegs\/","name":"Unterwegs mit Weine &amp; Feinkost","description":"Entdecken Sie Genuss","publisher":{"@id":"https:\/\/www.weine-feinkost.de\/unterwegs\/#organization"},"potentialAction":[{"@type":"SearchAction","target":{"@type":"EntryPoint","urlTemplate":"https:\/\/www.weine-feinkost.de\/unterwegs\/?s={search_term_string}"},"query-input":{"@type":"PropertyValueSpecification","valueRequired":true,"valueName":"search_term_string"}}],"inLanguage":"de"},{"@type":"Organization","@id":"https:\/\/www.weine-feinkost.de\/unterwegs\/#organization","name":"Unterwegs mit Weine &amp; Feinkost","url":"https:\/\/www.weine-feinkost.de\/unterwegs\/","logo":{"@type":"ImageObject","inLanguage":"de","@id":"https:\/\/www.weine-feinkost.de\/unterwegs\/#\/schema\/logo\/image\/","url":"https:\/\/www.weine-feinkost.de\/unterwegs\/wp-content\/uploads\/2022\/10\/logo_weinefeinkost_unterwegs_450x171.png","contentUrl":"https:\/\/www.weine-feinkost.de\/unterwegs\/wp-content\/uploads\/2022\/10\/logo_weinefeinkost_unterwegs_450x171.png","width":450,"height":171,"caption":"Unterwegs mit Weine &amp; Feinkost"},"image":{"@id":"https:\/\/www.weine-feinkost.de\/unterwegs\/#\/schema\/logo\/image\/"}},{"@type":"Person","@id":"https:\/\/www.weine-feinkost.de\/unterwegs\/#\/schema\/person\/c07d66169fd0e04307bfe7cdc99ac26a","name":"Christian Fenske","image":{"@type":"ImageObject","inLanguage":"de","@id":"https:\/\/www.weine-feinkost.de\/unterwegs\/wp-content\/uploads\/2023\/01\/cropped-christian_profilbild-96x96.png","url":"https:\/\/www.weine-feinkost.de\/unterwegs\/wp-content\/uploads\/2023\/01\/cropped-christian_profilbild-96x96.png","contentUrl":"https:\/\/www.weine-feinkost.de\/unterwegs\/wp-content\/uploads\/2023\/01\/cropped-christian_profilbild-96x96.png","caption":"Christian Fenske"},"description":"Zusammen an einem Tisch sitzen, gemeinsam zu kommunizieren und zu genie\u00dfen, das ist eine der herausragenden kulturellen Errungenschaft der Menschheit.","url":"https:\/\/www.weine-feinkost.de\/unterwegs\/author\/christian-fenske\/"}]}},"jetpack_publicize_connections":[],"jetpack_shortlink":"https:\/\/wp.me\/p68Tjo-gui","jetpack_sharing_enabled":true,"jetpack_likes_enabled":true,"jetpack_featured_media_url":"https:\/\/www.weine-feinkost.de\/unterwegs\/wp-content\/uploads\/2019\/04\/Tandem_Syrah_2015_Alain_Graillot_Marokko.jpg","_links":{"self":[{"href":"https:\/\/www.weine-feinkost.de\/unterwegs\/wp-json\/wp\/v2\/posts\/63382","targetHints":{"allow":["GET"]}}],"collection":[{"href":"https:\/\/www.weine-feinkost.de\/unterwegs\/wp-json\/wp\/v2\/posts"}],"about":[{"href":"https:\/\/www.weine-feinkost.de\/unterwegs\/wp-json\/wp\/v2\/types\/post"}],"author":[{"embeddable":true,"href":"https:\/\/www.weine-feinkost.de\/unterwegs\/wp-json\/wp\/v2\/users\/7"}],"replies":[{"embeddable":true,"href":"https:\/\/www.weine-feinkost.de\/unterwegs\/wp-json\/wp\/v2\/comments?post=63382"}],"version-history":[{"count":0,"href":"https:\/\/www.weine-feinkost.de\/unterwegs\/wp-json\/wp\/v2\/posts\/63382\/revisions"}],"wp:featuredmedia":[{"embeddable":true,"href":"https:\/\/www.weine-feinkost.de\/unterwegs\/wp-json\/wp\/v2\/media\/165443"}],"wp:attachment":[{"href":"https:\/\/www.weine-feinkost.de\/unterwegs\/wp-json\/wp\/v2\/media?parent=63382"}],"wp:term":[{"taxonomy":"category","embeddable":true,"href":"https:\/\/www.weine-feinkost.de\/unterwegs\/wp-json\/wp\/v2\/categories?post=63382"},{"taxonomy":"post_tag","embeddable":true,"href":"https:\/\/www.weine-feinkost.de\/unterwegs\/wp-json\/wp\/v2\/tags?post=63382"},{"taxonomy":"post_folder","embeddable":true,"href":"https:\/\/www.weine-feinkost.de\/unterwegs\/wp-json\/wp\/v2\/post_folder?post=63382"}],"curies":[{"name":"wp","href":"https:\/\/api.w.org\/{rel}","templated":true}]}}