{"id":70967,"date":"2019-09-03T11:00:35","date_gmt":"2019-09-03T09:00:35","guid":{"rendered":"https:\/\/www.weine-feinkost.de\/unterwegs\/?p=70967"},"modified":"2023-03-20T06:22:05","modified_gmt":"2023-03-20T05:22:05","slug":"zum-gruenen-gaul","status":"publish","type":"post","link":"https:\/\/www.weine-feinkost.de\/unterwegs\/2019\/09\/zum-gruenen-gaul\/","title":{"rendered":"Zum Gr\u00fcnen Gaul &#8211; Bochum &#8211; Deutschland"},"content":{"rendered":"\n<h3 class=\"wp-block-heading\">Zum Gr\u00fcnen Gaul- rustikal<\/h3>\n\n\n\n<p class=\"has-drop-cap\">Ein gro\u00dfes gr\u00fcnes Schild mit dem Titel \u201eSchank- und Speisenwirtschaft Zum Gr\u00fcnen Gaul\u201c prangt \u00fcber dem Eingangsbereich des gleichnamigen Restaurants im Bochumer Stadtteil Ehrenfeld. Die Betreiber haben schon diverse gute Gastronomiekonzepte in Bochum am Start und haben mit dem Gr\u00fcnen Gaul im Jahr 2018 ein weiteres Kapitel aufgeschlagen.  <\/p>\n\n\n\n<div class=\"wp-block-jetpack-tiled-gallery aligncenter is-style-rectangular\"><div class=\"tiled-gallery__gallery\"><div class=\"tiled-gallery__row\"><div class=\"tiled-gallery__col\" style=\"flex-basis:36.01908%\"><figure class=\"tiled-gallery__item\"><a href=\"https:\/\/www.weine-feinkost.de\/unterwegs\/wp-content\/uploads\/2019\/07\/Zum_Gruenen_Gaul_Bochum_14.jpg\"><img decoding=\"async\" srcset=\"https:\/\/i2.wp.com\/www.weine-feinkost.de\/unterwegs\/wp-content\/uploads\/2019\/07\/Zum_Gruenen_Gaul_Bochum_14.jpg?strip=info&#038;w=480&#038;ssl=1 480w\" alt=\"\" data-height=\"640\" data-id=\"70971\" data-link=\"https:\/\/www.weine-feinkost.de\/unterwegs\/?attachment_id=70971\" data-url=\"https:\/\/www.weine-feinkost.de\/unterwegs\/wp-content\/uploads\/2019\/07\/Zum_Gruenen_Gaul_Bochum_14.jpg\" data-width=\"480\" src=\"https:\/\/i2.wp.com\/www.weine-feinkost.de\/unterwegs\/wp-content\/uploads\/2019\/07\/Zum_Gruenen_Gaul_Bochum_14.jpg?ssl=1\" data-amp-layout=\"responsive\"\/><\/a><\/figure><\/div><div class=\"tiled-gallery__col\" style=\"flex-basis:63.98092%\"><figure class=\"tiled-gallery__item\"><a href=\"https:\/\/www.weine-feinkost.de\/unterwegs\/wp-content\/uploads\/2019\/07\/Zum_Gruenen_Gaul_Bochum_1-1.jpg\"><img decoding=\"async\" srcset=\"https:\/\/i2.wp.com\/www.weine-feinkost.de\/unterwegs\/wp-content\/uploads\/2019\/07\/Zum_Gruenen_Gaul_Bochum_1-1.jpg?strip=info&#038;w=600&#038;ssl=1 600w,https:\/\/i2.wp.com\/www.weine-feinkost.de\/unterwegs\/wp-content\/uploads\/2019\/07\/Zum_Gruenen_Gaul_Bochum_1-1.jpg?strip=info&#038;w=640&#038;ssl=1 640w\" alt=\"\" data-height=\"480\" data-id=\"70985\" data-link=\"https:\/\/www.weine-feinkost.de\/unterwegs\/?attachment_id=70985\" data-url=\"https:\/\/www.weine-feinkost.de\/unterwegs\/wp-content\/uploads\/2019\/07\/Zum_Gruenen_Gaul_Bochum_1-1.jpg\" data-width=\"640\" src=\"https:\/\/i2.wp.com\/www.weine-feinkost.de\/unterwegs\/wp-content\/uploads\/2019\/07\/Zum_Gruenen_Gaul_Bochum_1-1.jpg?ssl=1\" data-amp-layout=\"responsive\"\/><\/a><\/figure><\/div><\/div><\/div><\/div>\n\n\n\n<p>Der Gr\u00fcne Gaul erinnert vom Interieur her an eine gute, rustikale Wirtschaft aus l\u00e4ngst vergangenen Tagen. Keine weissen Tischdecken, kein T\u00fct\u00fc, massive Tische und Bistrost\u00fchle, Sitzb\u00e4nke und dunkle Inneneinrichtungsfarben laden zum Wohlf\u00fchlen ein.  <\/p>\n\n\n<div class=\"wp-block-image\">\n<figure class=\"aligncenter\"><a href=\"https:\/\/www.weine-feinkost.de\/unterwegs\/wp-content\/uploads\/2019\/07\/Zum_Gruenen_Gaul_Bochum_2-1.jpg\"><img decoding=\"async\" src=\"https:\/\/www.weine-feinkost.de\/unterwegs\/wp-content\/uploads\/2019\/07\/Zum_Gruenen_Gaul_Bochum_2-1.jpg\" alt=\"\" class=\"wp-image-70983\"\/><\/a><figcaption class=\"wp-element-caption\"> <\/figcaption><\/figure>\n<\/div>\n\n\n<p>Auch das Essen setzt hier auf den Charme einer ehemaligen, guten Eckkneipe. Ehrliche K\u00fcche aus meist saisonalen und lokalen Zutaten laden zum Verweilen ein. Die Weinkarte ist von einer beeindruckende G\u00fcte und das Servicepersonal, obwohl an diesem Abend anscheinend unterbesetzt, derartig nett und gut drauf, dass man sich schon fast wundert, in einem deutschen Gasthaus zu sitzen.  <\/p>\n\n\n\n<p>So macht ehrliche K\u00fcche allen Beteiligten viel Spa\u00df und so wundert es auch nicht, dass der Gr\u00fcne Gaul selbst an einem Sonntag Abend zur Ferienzeit voll besetzt ist.<\/p>\n\n\n<div class=\"wp-block-image\">\n<figure class=\"aligncenter\"><a href=\"https:\/\/www.weine-feinkost.de\/unterwegs\/wp-content\/uploads\/2019\/07\/Zum_Gruenen_Gaul_Bochum_12.jpg\"><img decoding=\"async\" src=\"https:\/\/www.weine-feinkost.de\/unterwegs\/wp-content\/uploads\/2019\/07\/Zum_Gruenen_Gaul_Bochum_12.jpg\" alt=\"\" class=\"wp-image-70972\"\/><\/a><figcaption class=\"wp-element-caption\"> <\/figcaption><\/figure>\n<\/div>\n\n<div class=\"wp-block-image\">\n<figure class=\"aligncenter\"><a href=\"https:\/\/www.weine-feinkost.de\/unterwegs\/wp-content\/uploads\/2019\/07\/Zum_Gruenen_Gaul_Bochum_5.jpg\"><img decoding=\"async\" src=\"https:\/\/www.weine-feinkost.de\/unterwegs\/wp-content\/uploads\/2019\/07\/Zum_Gruenen_Gaul_Bochum_5.jpg\" alt=\"\" class=\"wp-image-70979\"\/><\/a><figcaption class=\"wp-element-caption\">Gem\u00fcse Tatar, mit Bioeigelb und ger\u00f6stetem Brot.<\/figcaption><\/figure>\n<\/div>\n\n<div class=\"wp-block-image\">\n<figure class=\"aligncenter\"><a href=\"https:\/\/www.weine-feinkost.de\/unterwegs\/wp-content\/uploads\/2019\/07\/Zum_Gruenen_Gaul_Bochum_6.jpg\"><img decoding=\"async\" src=\"https:\/\/www.weine-feinkost.de\/unterwegs\/wp-content\/uploads\/2019\/07\/Zum_Gruenen_Gaul_Bochum_6.jpg\" alt=\"\" class=\"wp-image-70978\"\/><\/a><figcaption class=\"wp-element-caption\">Gep\u00f6kelte Kalbszunge mit Schalottenmarinade, Linsen und Salat.<\/figcaption><\/figure>\n<\/div>\n\n<div class=\"wp-block-image\">\n<figure class=\"aligncenter\"><a href=\"https:\/\/www.weine-feinkost.de\/unterwegs\/wp-content\/uploads\/2019\/07\/Zum_Gruenen_Gaul_Bochum_4.jpg\"><img decoding=\"async\" src=\"https:\/\/www.weine-feinkost.de\/unterwegs\/wp-content\/uploads\/2019\/07\/Zum_Gruenen_Gaul_Bochum_4.jpg\" alt=\"\" class=\"wp-image-70980\"\/><\/a><figcaption class=\"wp-element-caption\">Herrgottsbschei\u00dferle (Maultaschen) mit kr\u00e4ftigem Kalbssud, Zwiebelschmelze und Petersilie.<\/figcaption><\/figure>\n<\/div>\n\n<div class=\"wp-block-image\">\n<figure class=\"aligncenter\"><a href=\"https:\/\/www.weine-feinkost.de\/unterwegs\/wp-content\/uploads\/2019\/07\/Zum_Gruenen_Gaul_Bochum_10.jpg\"><img decoding=\"async\" src=\"https:\/\/www.weine-feinkost.de\/unterwegs\/wp-content\/uploads\/2019\/07\/Zum_Gruenen_Gaul_Bochum_10.jpg\" alt=\"\" class=\"wp-image-70974\"\/><\/a><figcaption class=\"wp-element-caption\">Kalbs-Wei\u00dfwurst &#8222;Zum Gr\u00fcnen Gaul&#8220; mit s\u00fc\u00df- sauren Linsen, Radieschen, Salat und Bratkartoffeln.<\/figcaption><\/figure>\n<\/div>\n\n<div class=\"wp-block-image\">\n<figure class=\"aligncenter\"><a href=\"https:\/\/www.weine-feinkost.de\/unterwegs\/wp-content\/uploads\/2019\/07\/Zum_Gruenen_Gaul_Bochum_9.jpg\"><img decoding=\"async\" src=\"https:\/\/www.weine-feinkost.de\/unterwegs\/wp-content\/uploads\/2019\/07\/Zum_Gruenen_Gaul_Bochum_9.jpg\" alt=\"\" class=\"wp-image-70975\"\/><\/a><figcaption class=\"wp-element-caption\">Vegetarische Wirsing Roulade mit Waln\u00fcssen, Kartoffel-Spinat- Stampf und Sauerkrautsud.<\/figcaption><\/figure>\n<\/div>\n\n<div class=\"wp-block-image\">\n<figure class=\"aligncenter\"><a href=\"https:\/\/www.weine-feinkost.de\/unterwegs\/wp-content\/uploads\/2019\/07\/Zum_Gruenen_Gaul_Bochum_8.jpg\"><img decoding=\"async\" src=\"https:\/\/www.weine-feinkost.de\/unterwegs\/wp-content\/uploads\/2019\/07\/Zum_Gruenen_Gaul_Bochum_8.jpg\" alt=\"\" class=\"wp-image-70976\"\/><\/a><figcaption class=\"wp-element-caption\">Paniertes Kotelett vom Mangalitza-Schwein mit lauwarmem Kartoffelsalat und Schwerter Honig-Senfso\u00dfe.<\/figcaption><\/figure>\n<\/div>\n\n<div class=\"wp-block-image\">\n<figure class=\"aligncenter\"><a href=\"https:\/\/www.weine-feinkost.de\/unterwegs\/wp-content\/uploads\/2019\/07\/Zum_Gruenen_Gaul_Bochum_7.jpg\"><img decoding=\"async\" src=\"https:\/\/www.weine-feinkost.de\/unterwegs\/wp-content\/uploads\/2019\/07\/Zum_Gruenen_Gaul_Bochum_7.jpg\" alt=\"\" class=\"wp-image-70977\"\/><\/a><figcaption class=\"wp-element-caption\">Krosses Filet vom Nordsee-K\u00f6hler mit Kartoffel-Spinat-Stampf und Sauerkrautsud.<\/figcaption><\/figure>\n<\/div>\n\n<div class=\"wp-block-image\">\n<figure class=\"aligncenter\"><a href=\"https:\/\/www.weine-feinkost.de\/unterwegs\/wp-content\/uploads\/2019\/07\/Zum_Gruenen_Gaul_Bochum_11.jpg\"><img decoding=\"async\" src=\"https:\/\/www.weine-feinkost.de\/unterwegs\/wp-content\/uploads\/2019\/07\/Zum_Gruenen_Gaul_Bochum_11.jpg\" alt=\"\" class=\"wp-image-70973\"\/><\/a><figcaption class=\"wp-element-caption\">Geeister Sauerrahm mit Erdbeeren, Schokoladenso\u00dfe und Knusper-Butterbr\u00f6sel.<\/figcaption><\/figure>\n<\/div>\n\n\n<p><strong>Zum Gr\u00fcnen Gaul<\/strong> &#8211; Alte Hattinger Str. 31 &#8211; 44789 Bochum &#8211; Deutschland &#8211; Telefon: +4923497645666 &#8211; <a href=\"http:\/\/www.zumgruenengaul.de\/?fbclid=IwAR20Vy0qxBgclRw5SPFSWntg3s4x1glHchjABRpblwbiH3v7omHj0_UK3s8\">www.zumgruenengaul.de<\/a><\/p>\n","protected":false},"excerpt":{"rendered":"<p>Zum Gr\u00fcnen Gaul- rustikal Ein gro\u00dfes gr\u00fcnes Schild mit dem Titel \u201eSchank- und Speisenwirtschaft Zum Gr\u00fcnen Gaul\u201c prangt \u00fcber dem Eingangsbereich des gleichnamigen Restaurants im Bochumer Stadtteil Ehrenfeld. Die Betreiber haben schon diverse gute Gastronomiekonzepte in Bochum am Start und haben mit dem Gr\u00fcnen Gaul im Jahr 2018 ein weiteres Kapitel aufgeschlagen. Der Gr\u00fcne Gaul &#8230; <a title=\"Zum Gr\u00fcnen Gaul &#8211; Bochum &#8211; Deutschland\" class=\"read-more\" href=\"https:\/\/www.weine-feinkost.de\/unterwegs\/2019\/09\/zum-gruenen-gaul\/\" aria-label=\"Mehr dazu unter Zum Gr\u00fcnen Gaul &#8211; Bochum &#8211; Deutschland\">Weiterlesen<\/a><\/p>\n","protected":false},"author":7,"featured_media":166193,"comment_status":"open","ping_status":"open","sticky":false,"template":"","format":"standard","meta":{"_jetpack_newsletter_access":"","_jetpack_dont_email_post_to_subs":false,"_jetpack_newsletter_tier_id":0,"_jetpack_memberships_contains_paywalled_content":false,"_jetpack_feature_clip_id":0,"_jetpack_memberships_contains_paid_content":false,"footnotes":"","jetpack_publicize_message":"","jetpack_publicize_feature_enabled":true,"jetpack_social_post_already_shared":true,"jetpack_social_options":{"image_generator_settings":{"template":"highway","default_image_id":0,"font":"","enabled":false},"version":2},"jetpack_post_was_ever_published":false},"categories":[31,13],"tags":[2118,120,73,2277],"post_folder":[],"class_list":["post-70967","post","type-post","status-publish","format-standard","has-post-thumbnail","hentry","category-deutschland-restaurants","category-restaurants","tag-bochum","tag-deutschland","tag-restaurant","tag-zum-gruenen-gaul"],"yoast_head":"<!-- This site is optimized with the Yoast SEO plugin v28.3 - https:\/\/yoast.com\/product\/yoast-seo-wordpress\/ -->\n<title>Zum Gr\u00fcnen Gaul - Bochum - Deutschland - Unterwegs mit Weine &amp; Feinkost<\/title>\n<meta name=\"robots\" content=\"index, follow, max-snippet:-1, max-image-preview:large, max-video-preview:-1\" \/>\n<link rel=\"canonical\" href=\"https:\/\/www.weine-feinkost.de\/unterwegs\/2019\/09\/zum-gruenen-gaul\/\" \/>\n<meta property=\"og:locale\" content=\"de_DE\" \/>\n<meta property=\"og:type\" content=\"article\" \/>\n<meta property=\"og:title\" content=\"Zum Gr\u00fcnen Gaul - Bochum - Deutschland - Unterwegs mit Weine &amp; Feinkost\" \/>\n<meta property=\"og:description\" content=\"Zum Gr\u00fcnen Gaul- rustikal Ein gro\u00dfes gr\u00fcnes Schild mit dem Titel \u201eSchank- und Speisenwirtschaft Zum Gr\u00fcnen Gaul\u201c prangt \u00fcber dem Eingangsbereich des gleichnamigen Restaurants im Bochumer Stadtteil Ehrenfeld. Die Betreiber haben schon diverse gute Gastronomiekonzepte in Bochum am Start und haben mit dem Gr\u00fcnen Gaul im Jahr 2018 ein weiteres Kapitel aufgeschlagen. Der Gr\u00fcne Gaul ... Weiterlesen\" \/>\n<meta property=\"og:url\" content=\"https:\/\/www.weine-feinkost.de\/unterwegs\/2019\/09\/zum-gruenen-gaul\/\" \/>\n<meta property=\"og:site_name\" content=\"Unterwegs mit Weine &amp; Feinkost\" \/>\n<meta property=\"article:published_time\" content=\"2019-09-03T09:00:35+00:00\" \/>\n<meta property=\"article:modified_time\" content=\"2023-03-20T05:22:05+00:00\" \/>\n<meta property=\"og:image\" content=\"https:\/\/www.weine-feinkost.de\/unterwegs\/wp-content\/uploads\/2019\/07\/Zum_Gruenen_Gaul_Bochum_3.jpg\" \/>\n\t<meta property=\"og:image:width\" content=\"640\" \/>\n\t<meta property=\"og:image:height\" content=\"480\" \/>\n\t<meta property=\"og:image:type\" content=\"image\/jpeg\" \/>\n<meta name=\"author\" content=\"Christian Fenske\" \/>\n<meta name=\"twitter:card\" content=\"summary_large_image\" \/>\n<meta name=\"twitter:label1\" content=\"Verfasst von\" \/>\n\t<meta name=\"twitter:data1\" content=\"Christian Fenske\" \/>\n\t<meta name=\"twitter:label2\" content=\"Gesch\u00e4tzte Lesezeit\" \/>\n\t<meta name=\"twitter:data2\" content=\"4\u00a0Minuten\" \/>\n<script type=\"application\/ld+json\" class=\"yoast-schema-graph\">{\"@context\":\"https:\\\/\\\/schema.org\",\"@graph\":[{\"@type\":\"Article\",\"@id\":\"https:\\\/\\\/www.weine-feinkost.de\\\/unterwegs\\\/2019\\\/09\\\/zum-gruenen-gaul\\\/#article\",\"isPartOf\":{\"@id\":\"https:\\\/\\\/www.weine-feinkost.de\\\/unterwegs\\\/2019\\\/09\\\/zum-gruenen-gaul\\\/\"},\"author\":{\"name\":\"Christian Fenske\",\"@id\":\"https:\\\/\\\/www.weine-feinkost.de\\\/unterwegs\\\/#\\\/schema\\\/person\\\/c07d66169fd0e04307bfe7cdc99ac26a\"},\"headline\":\"Zum Gr\u00fcnen Gaul &#8211; Bochum &#8211; Deutschland\",\"datePublished\":\"2019-09-03T09:00:35+00:00\",\"dateModified\":\"2023-03-20T05:22:05+00:00\",\"mainEntityOfPage\":{\"@id\":\"https:\\\/\\\/www.weine-feinkost.de\\\/unterwegs\\\/2019\\\/09\\\/zum-gruenen-gaul\\\/\"},\"wordCount\":291,\"commentCount\":0,\"publisher\":{\"@id\":\"https:\\\/\\\/www.weine-feinkost.de\\\/unterwegs\\\/#organization\"},\"image\":{\"@id\":\"https:\\\/\\\/www.weine-feinkost.de\\\/unterwegs\\\/2019\\\/09\\\/zum-gruenen-gaul\\\/#primaryimage\"},\"thumbnailUrl\":\"https:\\\/\\\/www.weine-feinkost.de\\\/unterwegs\\\/wp-content\\\/uploads\\\/2019\\\/07\\\/Zum_Gruenen_Gaul_Bochum_3.jpg\",\"keywords\":[\"Bochum\",\"Deutschland\",\"Restaurant\",\"Zum Gr\u00fcnen Gaul\"],\"articleSection\":[\"Deutschland\",\"Restaurants\"],\"inLanguage\":\"de\",\"potentialAction\":[{\"@type\":\"CommentAction\",\"name\":\"Comment\",\"target\":[\"https:\\\/\\\/www.weine-feinkost.de\\\/unterwegs\\\/2019\\\/09\\\/zum-gruenen-gaul\\\/#respond\"]}]},{\"@type\":\"WebPage\",\"@id\":\"https:\\\/\\\/www.weine-feinkost.de\\\/unterwegs\\\/2019\\\/09\\\/zum-gruenen-gaul\\\/\",\"url\":\"https:\\\/\\\/www.weine-feinkost.de\\\/unterwegs\\\/2019\\\/09\\\/zum-gruenen-gaul\\\/\",\"name\":\"Zum Gr\u00fcnen Gaul - Bochum - Deutschland - Unterwegs mit Weine &amp; Feinkost\",\"isPartOf\":{\"@id\":\"https:\\\/\\\/www.weine-feinkost.de\\\/unterwegs\\\/#website\"},\"primaryImageOfPage\":{\"@id\":\"https:\\\/\\\/www.weine-feinkost.de\\\/unterwegs\\\/2019\\\/09\\\/zum-gruenen-gaul\\\/#primaryimage\"},\"image\":{\"@id\":\"https:\\\/\\\/www.weine-feinkost.de\\\/unterwegs\\\/2019\\\/09\\\/zum-gruenen-gaul\\\/#primaryimage\"},\"thumbnailUrl\":\"https:\\\/\\\/www.weine-feinkost.de\\\/unterwegs\\\/wp-content\\\/uploads\\\/2019\\\/07\\\/Zum_Gruenen_Gaul_Bochum_3.jpg\",\"datePublished\":\"2019-09-03T09:00:35+00:00\",\"dateModified\":\"2023-03-20T05:22:05+00:00\",\"breadcrumb\":{\"@id\":\"https:\\\/\\\/www.weine-feinkost.de\\\/unterwegs\\\/2019\\\/09\\\/zum-gruenen-gaul\\\/#breadcrumb\"},\"inLanguage\":\"de\",\"potentialAction\":[{\"@type\":\"ReadAction\",\"target\":[\"https:\\\/\\\/www.weine-feinkost.de\\\/unterwegs\\\/2019\\\/09\\\/zum-gruenen-gaul\\\/\"]}]},{\"@type\":\"ImageObject\",\"inLanguage\":\"de\",\"@id\":\"https:\\\/\\\/www.weine-feinkost.de\\\/unterwegs\\\/2019\\\/09\\\/zum-gruenen-gaul\\\/#primaryimage\",\"url\":\"https:\\\/\\\/www.weine-feinkost.de\\\/unterwegs\\\/wp-content\\\/uploads\\\/2019\\\/07\\\/Zum_Gruenen_Gaul_Bochum_3.jpg\",\"contentUrl\":\"https:\\\/\\\/www.weine-feinkost.de\\\/unterwegs\\\/wp-content\\\/uploads\\\/2019\\\/07\\\/Zum_Gruenen_Gaul_Bochum_3.jpg\",\"width\":640,\"height\":480},{\"@type\":\"BreadcrumbList\",\"@id\":\"https:\\\/\\\/www.weine-feinkost.de\\\/unterwegs\\\/2019\\\/09\\\/zum-gruenen-gaul\\\/#breadcrumb\",\"itemListElement\":[{\"@type\":\"ListItem\",\"position\":1,\"name\":\"Startseite\",\"item\":\"https:\\\/\\\/www.weine-feinkost.de\\\/unterwegs\\\/\"},{\"@type\":\"ListItem\",\"position\":2,\"name\":\"Zum Gr\u00fcnen Gaul &#8211; Bochum &#8211; Deutschland\"}]},{\"@type\":\"WebSite\",\"@id\":\"https:\\\/\\\/www.weine-feinkost.de\\\/unterwegs\\\/#website\",\"url\":\"https:\\\/\\\/www.weine-feinkost.de\\\/unterwegs\\\/\",\"name\":\"Unterwegs mit Weine &amp; Feinkost\",\"description\":\"Entdecken Sie Genuss\",\"publisher\":{\"@id\":\"https:\\\/\\\/www.weine-feinkost.de\\\/unterwegs\\\/#organization\"},\"potentialAction\":[{\"@type\":\"SearchAction\",\"target\":{\"@type\":\"EntryPoint\",\"urlTemplate\":\"https:\\\/\\\/www.weine-feinkost.de\\\/unterwegs\\\/?s={search_term_string}\"},\"query-input\":{\"@type\":\"PropertyValueSpecification\",\"valueRequired\":true,\"valueName\":\"search_term_string\"}}],\"inLanguage\":\"de\"},{\"@type\":\"Organization\",\"@id\":\"https:\\\/\\\/www.weine-feinkost.de\\\/unterwegs\\\/#organization\",\"name\":\"Unterwegs mit Weine &amp; Feinkost\",\"url\":\"https:\\\/\\\/www.weine-feinkost.de\\\/unterwegs\\\/\",\"logo\":{\"@type\":\"ImageObject\",\"inLanguage\":\"de\",\"@id\":\"https:\\\/\\\/www.weine-feinkost.de\\\/unterwegs\\\/#\\\/schema\\\/logo\\\/image\\\/\",\"url\":\"https:\\\/\\\/www.weine-feinkost.de\\\/unterwegs\\\/wp-content\\\/uploads\\\/2022\\\/10\\\/logo_weinefeinkost_unterwegs_450x171.png\",\"contentUrl\":\"https:\\\/\\\/www.weine-feinkost.de\\\/unterwegs\\\/wp-content\\\/uploads\\\/2022\\\/10\\\/logo_weinefeinkost_unterwegs_450x171.png\",\"width\":450,\"height\":171,\"caption\":\"Unterwegs mit Weine &amp; Feinkost\"},\"image\":{\"@id\":\"https:\\\/\\\/www.weine-feinkost.de\\\/unterwegs\\\/#\\\/schema\\\/logo\\\/image\\\/\"}},{\"@type\":\"Person\",\"@id\":\"https:\\\/\\\/www.weine-feinkost.de\\\/unterwegs\\\/#\\\/schema\\\/person\\\/c07d66169fd0e04307bfe7cdc99ac26a\",\"name\":\"Christian Fenske\",\"image\":{\"@type\":\"ImageObject\",\"inLanguage\":\"de\",\"@id\":\"https:\\\/\\\/www.weine-feinkost.de\\\/unterwegs\\\/wp-content\\\/uploads\\\/2023\\\/01\\\/cropped-christian_profilbild-96x96.png\",\"url\":\"https:\\\/\\\/www.weine-feinkost.de\\\/unterwegs\\\/wp-content\\\/uploads\\\/2023\\\/01\\\/cropped-christian_profilbild-96x96.png\",\"contentUrl\":\"https:\\\/\\\/www.weine-feinkost.de\\\/unterwegs\\\/wp-content\\\/uploads\\\/2023\\\/01\\\/cropped-christian_profilbild-96x96.png\",\"caption\":\"Christian Fenske\"},\"description\":\"Zusammen an einem Tisch sitzen, gemeinsam zu kommunizieren und zu genie\u00dfen, das ist eine der herausragenden kulturellen Errungenschaft der Menschheit.\",\"url\":\"https:\\\/\\\/www.weine-feinkost.de\\\/unterwegs\\\/author\\\/christian-fenske\\\/\"}]}<\/script>\n<!-- \/ Yoast SEO plugin. -->","yoast_head_json":{"title":"Zum Gr\u00fcnen Gaul - Bochum - Deutschland - Unterwegs mit Weine &amp; Feinkost","robots":{"index":"index","follow":"follow","max-snippet":"max-snippet:-1","max-image-preview":"max-image-preview:large","max-video-preview":"max-video-preview:-1"},"canonical":"https:\/\/www.weine-feinkost.de\/unterwegs\/2019\/09\/zum-gruenen-gaul\/","og_locale":"de_DE","og_type":"article","og_title":"Zum Gr\u00fcnen Gaul - Bochum - Deutschland - Unterwegs mit Weine &amp; Feinkost","og_description":"Zum Gr\u00fcnen Gaul- rustikal Ein gro\u00dfes gr\u00fcnes Schild mit dem Titel \u201eSchank- und Speisenwirtschaft Zum Gr\u00fcnen Gaul\u201c prangt \u00fcber dem Eingangsbereich des gleichnamigen Restaurants im Bochumer Stadtteil Ehrenfeld. Die Betreiber haben schon diverse gute Gastronomiekonzepte in Bochum am Start und haben mit dem Gr\u00fcnen Gaul im Jahr 2018 ein weiteres Kapitel aufgeschlagen. Der Gr\u00fcne Gaul ... Weiterlesen","og_url":"https:\/\/www.weine-feinkost.de\/unterwegs\/2019\/09\/zum-gruenen-gaul\/","og_site_name":"Unterwegs mit Weine &amp; Feinkost","article_published_time":"2019-09-03T09:00:35+00:00","article_modified_time":"2023-03-20T05:22:05+00:00","og_image":[{"width":640,"height":480,"url":"https:\/\/www.weine-feinkost.de\/unterwegs\/wp-content\/uploads\/2019\/07\/Zum_Gruenen_Gaul_Bochum_3.jpg","type":"image\/jpeg"}],"author":"Christian Fenske","twitter_card":"summary_large_image","twitter_misc":{"Verfasst von":"Christian Fenske","Gesch\u00e4tzte Lesezeit":"4\u00a0Minuten"},"schema":{"@context":"https:\/\/schema.org","@graph":[{"@type":"Article","@id":"https:\/\/www.weine-feinkost.de\/unterwegs\/2019\/09\/zum-gruenen-gaul\/#article","isPartOf":{"@id":"https:\/\/www.weine-feinkost.de\/unterwegs\/2019\/09\/zum-gruenen-gaul\/"},"author":{"name":"Christian Fenske","@id":"https:\/\/www.weine-feinkost.de\/unterwegs\/#\/schema\/person\/c07d66169fd0e04307bfe7cdc99ac26a"},"headline":"Zum Gr\u00fcnen Gaul &#8211; Bochum &#8211; Deutschland","datePublished":"2019-09-03T09:00:35+00:00","dateModified":"2023-03-20T05:22:05+00:00","mainEntityOfPage":{"@id":"https:\/\/www.weine-feinkost.de\/unterwegs\/2019\/09\/zum-gruenen-gaul\/"},"wordCount":291,"commentCount":0,"publisher":{"@id":"https:\/\/www.weine-feinkost.de\/unterwegs\/#organization"},"image":{"@id":"https:\/\/www.weine-feinkost.de\/unterwegs\/2019\/09\/zum-gruenen-gaul\/#primaryimage"},"thumbnailUrl":"https:\/\/www.weine-feinkost.de\/unterwegs\/wp-content\/uploads\/2019\/07\/Zum_Gruenen_Gaul_Bochum_3.jpg","keywords":["Bochum","Deutschland","Restaurant","Zum Gr\u00fcnen Gaul"],"articleSection":["Deutschland","Restaurants"],"inLanguage":"de","potentialAction":[{"@type":"CommentAction","name":"Comment","target":["https:\/\/www.weine-feinkost.de\/unterwegs\/2019\/09\/zum-gruenen-gaul\/#respond"]}]},{"@type":"WebPage","@id":"https:\/\/www.weine-feinkost.de\/unterwegs\/2019\/09\/zum-gruenen-gaul\/","url":"https:\/\/www.weine-feinkost.de\/unterwegs\/2019\/09\/zum-gruenen-gaul\/","name":"Zum Gr\u00fcnen Gaul - Bochum - Deutschland - Unterwegs mit Weine &amp; Feinkost","isPartOf":{"@id":"https:\/\/www.weine-feinkost.de\/unterwegs\/#website"},"primaryImageOfPage":{"@id":"https:\/\/www.weine-feinkost.de\/unterwegs\/2019\/09\/zum-gruenen-gaul\/#primaryimage"},"image":{"@id":"https:\/\/www.weine-feinkost.de\/unterwegs\/2019\/09\/zum-gruenen-gaul\/#primaryimage"},"thumbnailUrl":"https:\/\/www.weine-feinkost.de\/unterwegs\/wp-content\/uploads\/2019\/07\/Zum_Gruenen_Gaul_Bochum_3.jpg","datePublished":"2019-09-03T09:00:35+00:00","dateModified":"2023-03-20T05:22:05+00:00","breadcrumb":{"@id":"https:\/\/www.weine-feinkost.de\/unterwegs\/2019\/09\/zum-gruenen-gaul\/#breadcrumb"},"inLanguage":"de","potentialAction":[{"@type":"ReadAction","target":["https:\/\/www.weine-feinkost.de\/unterwegs\/2019\/09\/zum-gruenen-gaul\/"]}]},{"@type":"ImageObject","inLanguage":"de","@id":"https:\/\/www.weine-feinkost.de\/unterwegs\/2019\/09\/zum-gruenen-gaul\/#primaryimage","url":"https:\/\/www.weine-feinkost.de\/unterwegs\/wp-content\/uploads\/2019\/07\/Zum_Gruenen_Gaul_Bochum_3.jpg","contentUrl":"https:\/\/www.weine-feinkost.de\/unterwegs\/wp-content\/uploads\/2019\/07\/Zum_Gruenen_Gaul_Bochum_3.jpg","width":640,"height":480},{"@type":"BreadcrumbList","@id":"https:\/\/www.weine-feinkost.de\/unterwegs\/2019\/09\/zum-gruenen-gaul\/#breadcrumb","itemListElement":[{"@type":"ListItem","position":1,"name":"Startseite","item":"https:\/\/www.weine-feinkost.de\/unterwegs\/"},{"@type":"ListItem","position":2,"name":"Zum Gr\u00fcnen Gaul &#8211; Bochum &#8211; Deutschland"}]},{"@type":"WebSite","@id":"https:\/\/www.weine-feinkost.de\/unterwegs\/#website","url":"https:\/\/www.weine-feinkost.de\/unterwegs\/","name":"Unterwegs mit Weine &amp; Feinkost","description":"Entdecken Sie Genuss","publisher":{"@id":"https:\/\/www.weine-feinkost.de\/unterwegs\/#organization"},"potentialAction":[{"@type":"SearchAction","target":{"@type":"EntryPoint","urlTemplate":"https:\/\/www.weine-feinkost.de\/unterwegs\/?s={search_term_string}"},"query-input":{"@type":"PropertyValueSpecification","valueRequired":true,"valueName":"search_term_string"}}],"inLanguage":"de"},{"@type":"Organization","@id":"https:\/\/www.weine-feinkost.de\/unterwegs\/#organization","name":"Unterwegs mit Weine &amp; Feinkost","url":"https:\/\/www.weine-feinkost.de\/unterwegs\/","logo":{"@type":"ImageObject","inLanguage":"de","@id":"https:\/\/www.weine-feinkost.de\/unterwegs\/#\/schema\/logo\/image\/","url":"https:\/\/www.weine-feinkost.de\/unterwegs\/wp-content\/uploads\/2022\/10\/logo_weinefeinkost_unterwegs_450x171.png","contentUrl":"https:\/\/www.weine-feinkost.de\/unterwegs\/wp-content\/uploads\/2022\/10\/logo_weinefeinkost_unterwegs_450x171.png","width":450,"height":171,"caption":"Unterwegs mit Weine &amp; Feinkost"},"image":{"@id":"https:\/\/www.weine-feinkost.de\/unterwegs\/#\/schema\/logo\/image\/"}},{"@type":"Person","@id":"https:\/\/www.weine-feinkost.de\/unterwegs\/#\/schema\/person\/c07d66169fd0e04307bfe7cdc99ac26a","name":"Christian Fenske","image":{"@type":"ImageObject","inLanguage":"de","@id":"https:\/\/www.weine-feinkost.de\/unterwegs\/wp-content\/uploads\/2023\/01\/cropped-christian_profilbild-96x96.png","url":"https:\/\/www.weine-feinkost.de\/unterwegs\/wp-content\/uploads\/2023\/01\/cropped-christian_profilbild-96x96.png","contentUrl":"https:\/\/www.weine-feinkost.de\/unterwegs\/wp-content\/uploads\/2023\/01\/cropped-christian_profilbild-96x96.png","caption":"Christian Fenske"},"description":"Zusammen an einem Tisch sitzen, gemeinsam zu kommunizieren und zu genie\u00dfen, das ist eine der herausragenden kulturellen Errungenschaft der Menschheit.","url":"https:\/\/www.weine-feinkost.de\/unterwegs\/author\/christian-fenske\/"}]}},"jetpack_publicize_connections":[],"jetpack_shortlink":"https:\/\/wp.me\/p68Tjo-isD","jetpack_sharing_enabled":true,"jetpack_likes_enabled":true,"jetpack_featured_media_url":"https:\/\/www.weine-feinkost.de\/unterwegs\/wp-content\/uploads\/2019\/07\/Zum_Gruenen_Gaul_Bochum_3.jpg","_links":{"self":[{"href":"https:\/\/www.weine-feinkost.de\/unterwegs\/wp-json\/wp\/v2\/posts\/70967","targetHints":{"allow":["GET"]}}],"collection":[{"href":"https:\/\/www.weine-feinkost.de\/unterwegs\/wp-json\/wp\/v2\/posts"}],"about":[{"href":"https:\/\/www.weine-feinkost.de\/unterwegs\/wp-json\/wp\/v2\/types\/post"}],"author":[{"embeddable":true,"href":"https:\/\/www.weine-feinkost.de\/unterwegs\/wp-json\/wp\/v2\/users\/7"}],"replies":[{"embeddable":true,"href":"https:\/\/www.weine-feinkost.de\/unterwegs\/wp-json\/wp\/v2\/comments?post=70967"}],"version-history":[{"count":2,"href":"https:\/\/www.weine-feinkost.de\/unterwegs\/wp-json\/wp\/v2\/posts\/70967\/revisions"}],"predecessor-version":[{"id":196759,"href":"https:\/\/www.weine-feinkost.de\/unterwegs\/wp-json\/wp\/v2\/posts\/70967\/revisions\/196759"}],"wp:featuredmedia":[{"embeddable":true,"href":"https:\/\/www.weine-feinkost.de\/unterwegs\/wp-json\/wp\/v2\/media\/166193"}],"wp:attachment":[{"href":"https:\/\/www.weine-feinkost.de\/unterwegs\/wp-json\/wp\/v2\/media?parent=70967"}],"wp:term":[{"taxonomy":"category","embeddable":true,"href":"https:\/\/www.weine-feinkost.de\/unterwegs\/wp-json\/wp\/v2\/categories?post=70967"},{"taxonomy":"post_tag","embeddable":true,"href":"https:\/\/www.weine-feinkost.de\/unterwegs\/wp-json\/wp\/v2\/tags?post=70967"},{"taxonomy":"post_folder","embeddable":true,"href":"https:\/\/www.weine-feinkost.de\/unterwegs\/wp-json\/wp\/v2\/post_folder?post=70967"}],"curies":[{"name":"wp","href":"https:\/\/api.w.org\/{rel}","templated":true}]}}