{"id":72487,"date":"2019-09-16T11:00:54","date_gmt":"2019-09-16T09:00:54","guid":{"rendered":"https:\/\/www.weine-feinkost.de\/unterwegs\/?p=72487"},"modified":"2023-03-20T06:13:03","modified_gmt":"2023-03-20T05:13:03","slug":"elkano-txiki-das-kleine-elkano","status":"publish","type":"post","link":"https:\/\/www.weine-feinkost.de\/unterwegs\/2019\/09\/elkano-txiki-das-kleine-elkano\/","title":{"rendered":"Elkano Txiki- Getaria &#8211; Spanien"},"content":{"rendered":"\n<h3 class=\"wp-block-heading\">Elkano Txiki &#8211; das kleine Elkano<\/h3>\n\n\n\n<p class=\"has-drop-cap\">Das Restaurant Elkano aus Getaria hat sich inzwischen einen mystischen Ruf f\u00fcr seine gegrillten Edelfische erworben. Die Historie dieses Hauses begann bereits im Jahre 1964 in einer kleinen dunklen Gasse in Getaria. Als das Restaurant an diesem Ort wegen der gro\u00dfen Nachfrage zu klein wurde, hat man dieses einfach geschlossen und ist zum heutigen Standort an die Herrerieta Kalea Numero 2, ebenfalls in Getaria, gezogen.  <\/p>\n\n\n\n<div class=\"wp-block-jetpack-tiled-gallery aligncenter is-style-rectangular\"><div class=\"tiled-gallery__gallery\"><div class=\"tiled-gallery__row\"><div class=\"tiled-gallery__col\" style=\"flex-basis:63.98092%\"><figure class=\"tiled-gallery__item\"><a href=\"https:\/\/www.weine-feinkost.de\/unterwegs\/wp-content\/uploads\/2019\/08\/Elkano_Txiki_Getaria_Spanien_12.jpg\"><img decoding=\"async\" srcset=\"https:\/\/i2.wp.com\/www.weine-feinkost.de\/unterwegs\/wp-content\/uploads\/2019\/08\/Elkano_Txiki_Getaria_Spanien_12.jpg?strip=info&#038;w=600&#038;ssl=1 600w,https:\/\/i2.wp.com\/www.weine-feinkost.de\/unterwegs\/wp-content\/uploads\/2019\/08\/Elkano_Txiki_Getaria_Spanien_12.jpg?strip=info&#038;w=640&#038;ssl=1 640w\" alt=\"\" data-height=\"480\" data-id=\"72499\" data-link=\"https:\/\/www.weine-feinkost.de\/unterwegs\/?attachment_id=72499\" data-url=\"https:\/\/www.weine-feinkost.de\/unterwegs\/wp-content\/uploads\/2019\/08\/Elkano_Txiki_Getaria_Spanien_12.jpg\" data-width=\"640\" src=\"https:\/\/i2.wp.com\/www.weine-feinkost.de\/unterwegs\/wp-content\/uploads\/2019\/08\/Elkano_Txiki_Getaria_Spanien_12.jpg?ssl=1\" data-amp-layout=\"responsive\"\/><\/a><\/figure><\/div><div class=\"tiled-gallery__col\" style=\"flex-basis:36.01908%\"><figure class=\"tiled-gallery__item\"><a href=\"https:\/\/www.weine-feinkost.de\/unterwegs\/wp-content\/uploads\/2019\/08\/Elkano_Txiki_Getaria_Spanien_13-e1565257894897.jpg\"><img decoding=\"async\" srcset=\"https:\/\/i2.wp.com\/www.weine-feinkost.de\/unterwegs\/wp-content\/uploads\/2019\/08\/Elkano_Txiki_Getaria_Spanien_13-e1565257894897.jpg?strip=info&#038;w=480&#038;ssl=1 480w\" alt=\"\" data-height=\"640\" data-id=\"72498\" data-link=\"https:\/\/www.weine-feinkost.de\/unterwegs\/?attachment_id=72498\" data-url=\"https:\/\/www.weine-feinkost.de\/unterwegs\/wp-content\/uploads\/2019\/08\/Elkano_Txiki_Getaria_Spanien_13-e1565257894897.jpg\" data-width=\"480\" src=\"https:\/\/i2.wp.com\/www.weine-feinkost.de\/unterwegs\/wp-content\/uploads\/2019\/08\/Elkano_Txiki_Getaria_Spanien_13-e1565257894897.jpg?ssl=1\" data-amp-layout=\"responsive\"\/><\/a><\/figure><\/div><\/div><\/div><\/div>\n\n\n\n<p>Im Jahr 2014 haben die Eigent\u00fcmer dann den alten Stammort als Bar wieder zum Leben erweckt und diesen auf den Namen Elkano Txiki (das kleine Elkano) getauft. Eine Hand voll Tische, eine kleine offene K\u00fcche mit einer davor liegenden Theke, Stehpl\u00e4tze in und vor der Wirtschaft und eine kleine Karte mit Pintxos und einer sorgf\u00e4ltigen Auswahl von saisonalen Tellergerichten sind die Merkmale dieses au\u00dfergew\u00f6hnlichen Ortes.  <\/p>\n\n\n\n<div class=\"wp-block-jetpack-tiled-gallery aligncenter is-style-rectangular\"><div class=\"tiled-gallery__gallery\"><div class=\"tiled-gallery__row\"><div class=\"tiled-gallery__col\" style=\"flex-basis:50.00000%\"><figure class=\"tiled-gallery__item\"><a href=\"https:\/\/www.weine-feinkost.de\/unterwegs\/wp-content\/uploads\/2019\/08\/Elkano_Txiki_Getaria_Spanien_2-e1565257952134.jpg\"><img decoding=\"async\" srcset=\"https:\/\/i1.wp.com\/www.weine-feinkost.de\/unterwegs\/wp-content\/uploads\/2019\/08\/Elkano_Txiki_Getaria_Spanien_2-e1565257952134.jpg?strip=info&#038;w=480&#038;ssl=1 480w\" alt=\"\" data-height=\"640\" data-id=\"72509\" data-link=\"https:\/\/www.weine-feinkost.de\/unterwegs\/?attachment_id=72509\" data-url=\"https:\/\/www.weine-feinkost.de\/unterwegs\/wp-content\/uploads\/2019\/08\/Elkano_Txiki_Getaria_Spanien_2-e1565257952134.jpg\" data-width=\"480\" src=\"https:\/\/i1.wp.com\/www.weine-feinkost.de\/unterwegs\/wp-content\/uploads\/2019\/08\/Elkano_Txiki_Getaria_Spanien_2-e1565257952134.jpg?ssl=1\" data-amp-layout=\"responsive\"\/><\/a><\/figure><\/div><div class=\"tiled-gallery__col\" style=\"flex-basis:50.00000%\"><figure class=\"tiled-gallery__item\"><a href=\"https:\/\/www.weine-feinkost.de\/unterwegs\/wp-content\/uploads\/2019\/08\/Elkano_Txiki_Getaria_Spanien_3-e1565257928526.jpg\"><img decoding=\"async\" srcset=\"https:\/\/i2.wp.com\/www.weine-feinkost.de\/unterwegs\/wp-content\/uploads\/2019\/08\/Elkano_Txiki_Getaria_Spanien_3-e1565257928526.jpg?strip=info&#038;w=480&#038;ssl=1 480w\" alt=\"\" data-height=\"640\" data-id=\"72508\" data-link=\"https:\/\/www.weine-feinkost.de\/unterwegs\/?attachment_id=72508\" data-url=\"https:\/\/www.weine-feinkost.de\/unterwegs\/wp-content\/uploads\/2019\/08\/Elkano_Txiki_Getaria_Spanien_3-e1565257928526.jpg\" data-width=\"480\" src=\"https:\/\/i2.wp.com\/www.weine-feinkost.de\/unterwegs\/wp-content\/uploads\/2019\/08\/Elkano_Txiki_Getaria_Spanien_3-e1565257928526.jpg?ssl=1\" data-amp-layout=\"responsive\"\/><\/a><\/figure><\/div><\/div><\/div><\/div>\n\n\n\n<p>Wie im gr\u00f6\u00dferen Restaurant ist die Qualit\u00e4t der Speisen n\u00e4mlich nur au\u00dfergew\u00f6hnlich und spektakul\u00e4r zu nennen. Wenn der Gast nicht aufpasst, kann er hier in einen wahren Genussrausch geraten. Die Kr\u00f6nung war an diesem denkw\u00fcrdigen Abend das Ceviche vom Adlerfisch. Eine Ceviche, die neben den so S\u00e4ure typischen Merkmalen dieser Zubereitungsmethode, endlich auch einmal den Geschmack der einzelnen Zutaten herausgearbeitet hat. Auch die restlichen Tapas und Portionen sind alle ehrenwert. Alles klein, aber sehr fein!<\/p>\n\n\n\n<div class=\"wp-block-jetpack-tiled-gallery aligncenter is-style-rectangular\"><div class=\"tiled-gallery__gallery\"><div class=\"tiled-gallery__row\"><div class=\"tiled-gallery__col\" style=\"flex-basis:50.00000%\"><figure class=\"tiled-gallery__item\"><img decoding=\"async\" srcset=\"https:\/\/i2.wp.com\/www.weine-feinkost.de\/unterwegs\/wp-content\/uploads\/2019\/08\/Elkano_Txiki_Getaria_Spanien_1.jpg?strip=info&#038;w=600&#038;ssl=1 600w,https:\/\/i2.wp.com\/www.weine-feinkost.de\/unterwegs\/wp-content\/uploads\/2019\/08\/Elkano_Txiki_Getaria_Spanien_1.jpg?strip=info&#038;w=640&#038;ssl=1 640w\" alt=\"\" data-height=\"480\" data-id=\"72492\" data-link=\"https:\/\/www.weine-feinkost.de\/unterwegs\/?attachment_id=72492\" data-url=\"https:\/\/www.weine-feinkost.de\/unterwegs\/wp-content\/uploads\/2019\/08\/Elkano_Txiki_Getaria_Spanien_1.jpg\" data-width=\"640\" src=\"https:\/\/i2.wp.com\/www.weine-feinkost.de\/unterwegs\/wp-content\/uploads\/2019\/08\/Elkano_Txiki_Getaria_Spanien_1.jpg?ssl=1\" data-amp-layout=\"responsive\"\/><\/figure><\/div><div class=\"tiled-gallery__col\" style=\"flex-basis:50.00000%\"><figure class=\"tiled-gallery__item\"><img decoding=\"async\" srcset=\"https:\/\/i1.wp.com\/www.weine-feinkost.de\/unterwegs\/wp-content\/uploads\/2019\/08\/Elkano_Txiki_Getaria_Spanien_17.jpg?strip=info&#038;w=600&#038;ssl=1 600w,https:\/\/i1.wp.com\/www.weine-feinkost.de\/unterwegs\/wp-content\/uploads\/2019\/08\/Elkano_Txiki_Getaria_Spanien_17.jpg?strip=info&#038;w=640&#038;ssl=1 640w\" alt=\"\" data-height=\"480\" data-id=\"72494\" data-link=\"https:\/\/www.weine-feinkost.de\/unterwegs\/?attachment_id=72494\" data-url=\"https:\/\/www.weine-feinkost.de\/unterwegs\/wp-content\/uploads\/2019\/08\/Elkano_Txiki_Getaria_Spanien_17.jpg\" data-width=\"640\" src=\"https:\/\/i1.wp.com\/www.weine-feinkost.de\/unterwegs\/wp-content\/uploads\/2019\/08\/Elkano_Txiki_Getaria_Spanien_17.jpg?ssl=1\" data-amp-layout=\"responsive\"\/><\/figure><\/div><\/div><\/div><\/div>\n\n\n<div class=\"wp-block-image\">\n<figure class=\"aligncenter\"><a href=\"https:\/\/www.weine-feinkost.de\/unterwegs\/wp-content\/uploads\/2019\/08\/Elkano_Txiki_Getaria_Spanien_4.jpg\"><img decoding=\"async\" src=\"https:\/\/www.weine-feinkost.de\/unterwegs\/wp-content\/uploads\/2019\/08\/Elkano_Txiki_Getaria_Spanien_4.jpg\" alt=\"\" class=\"wp-image-72507\"\/><\/a><figcaption class=\"wp-element-caption\">Bonito.<\/figcaption><\/figure>\n<\/div>\n\n<div class=\"wp-block-image\">\n<figure class=\"aligncenter\"><a href=\"https:\/\/www.weine-feinkost.de\/unterwegs\/wp-content\/uploads\/2019\/08\/Elkano_Txiki_Getaria_Spanien_16.jpg\"><img decoding=\"async\" src=\"https:\/\/www.weine-feinkost.de\/unterwegs\/wp-content\/uploads\/2019\/08\/Elkano_Txiki_Getaria_Spanien_16.jpg\" alt=\"\" class=\"wp-image-72495\"\/><\/a><figcaption class=\"wp-element-caption\">Roter Thunfisch.<\/figcaption><\/figure>\n<\/div>\n\n<div class=\"wp-block-image\">\n<figure class=\"aligncenter\"><a href=\"https:\/\/www.weine-feinkost.de\/unterwegs\/wp-content\/uploads\/2019\/08\/Elkano_Txiki_Getaria_Spanien_15.jpg\"><img decoding=\"async\" src=\"https:\/\/www.weine-feinkost.de\/unterwegs\/wp-content\/uploads\/2019\/08\/Elkano_Txiki_Getaria_Spanien_15.jpg\" alt=\"\" class=\"wp-image-72496\"\/><\/a><figcaption class=\"wp-element-caption\">Russischer Salat mit Ventresca.<\/figcaption><\/figure>\n<\/div>\n\n<div class=\"wp-block-image\">\n<figure class=\"aligncenter\"><a href=\"https:\/\/www.weine-feinkost.de\/unterwegs\/wp-content\/uploads\/2019\/08\/Elkano_Txiki_Getaria_Spanien_14.jpg\"><img decoding=\"async\" src=\"https:\/\/www.weine-feinkost.de\/unterwegs\/wp-content\/uploads\/2019\/08\/Elkano_Txiki_Getaria_Spanien_14.jpg\" alt=\"\" class=\"wp-image-72497\"\/><\/a><figcaption class=\"wp-element-caption\">Gegrillte Paprikaschoten.<\/figcaption><\/figure>\n<\/div>\n\n<div class=\"wp-block-image\">\n<figure class=\"aligncenter\"><a href=\"https:\/\/www.weine-feinkost.de\/unterwegs\/wp-content\/uploads\/2019\/08\/Elkano_Txiki_Getaria_Spanien_9.jpg\"><img decoding=\"async\" src=\"https:\/\/www.weine-feinkost.de\/unterwegs\/wp-content\/uploads\/2019\/08\/Elkano_Txiki_Getaria_Spanien_9.jpg\" alt=\"\" class=\"wp-image-72502\"\/><\/a><figcaption class=\"wp-element-caption\">Landei, Kartoffelp\u00fcree und Schinken.<\/figcaption><\/figure>\n<\/div>\n\n<div class=\"wp-block-image\">\n<figure class=\"aligncenter\"><a href=\"https:\/\/www.weine-feinkost.de\/unterwegs\/wp-content\/uploads\/2019\/08\/Elkano_Txiki_Getaria_Spanien_8.jpg\"><img decoding=\"async\" src=\"https:\/\/www.weine-feinkost.de\/unterwegs\/wp-content\/uploads\/2019\/08\/Elkano_Txiki_Getaria_Spanien_8.jpg\" alt=\"\" class=\"wp-image-72503\"\/><\/a><figcaption class=\"wp-element-caption\">Ceviche vom Adlerfisch.<\/figcaption><\/figure>\n<\/div>\n\n<div class=\"wp-block-image\">\n<figure class=\"aligncenter\"><a href=\"https:\/\/www.weine-feinkost.de\/unterwegs\/wp-content\/uploads\/2019\/08\/Elkano_Txiki_Getaria_Spanien_7.jpg\"><img decoding=\"async\" src=\"https:\/\/www.weine-feinkost.de\/unterwegs\/wp-content\/uploads\/2019\/08\/Elkano_Txiki_Getaria_Spanien_7.jpg\" alt=\"\" class=\"wp-image-72504\"\/><\/a><figcaption class=\"wp-element-caption\">Tomatensalat.<\/figcaption><\/figure>\n<\/div>\n\n<div class=\"wp-block-image\">\n<figure class=\"aligncenter\"><a href=\"https:\/\/www.weine-feinkost.de\/unterwegs\/wp-content\/uploads\/2019\/08\/Elkano_Txiki_Getaria_Spanien_6.jpg\"><img decoding=\"async\" src=\"https:\/\/www.weine-feinkost.de\/unterwegs\/wp-content\/uploads\/2019\/08\/Elkano_Txiki_Getaria_Spanien_6.jpg\" alt=\"\" class=\"wp-image-72505\"\/><\/a><figcaption class=\"wp-element-caption\"> <\/figcaption><\/figure>\n<\/div>\n\n<div class=\"wp-block-image\">\n<figure class=\"aligncenter\"><a href=\"https:\/\/www.weine-feinkost.de\/unterwegs\/wp-content\/uploads\/2019\/08\/Elkano_Txiki_Getaria_Spanien_5.jpg\"><img decoding=\"async\" src=\"https:\/\/www.weine-feinkost.de\/unterwegs\/wp-content\/uploads\/2019\/08\/Elkano_Txiki_Getaria_Spanien_5.jpg\" alt=\"\" class=\"wp-image-72506\"\/><\/a><figcaption class=\"wp-element-caption\">Pulpo.<\/figcaption><\/figure>\n<\/div>\n\n<div class=\"wp-block-image\">\n<figure class=\"aligncenter\"><a href=\"https:\/\/www.weine-feinkost.de\/unterwegs\/wp-content\/uploads\/2019\/08\/Elkano_Txiki_Getaria_Spanien_10.jpg\"><img decoding=\"async\" src=\"https:\/\/www.weine-feinkost.de\/unterwegs\/wp-content\/uploads\/2019\/08\/Elkano_Txiki_Getaria_Spanien_10.jpg\" alt=\"\" class=\"wp-image-72501\"\/><\/a><figcaption class=\"wp-element-caption\">Pintxo von der Txuleta, einer alter Kuh, gegrillte Paprikaschoten.<\/figcaption><\/figure>\n<\/div>\n\n<div class=\"wp-block-image\">\n<figure class=\"aligncenter\"><a href=\"https:\/\/www.weine-feinkost.de\/unterwegs\/wp-content\/uploads\/2019\/08\/Elkano_Txiki_Getaria_Spanien_11.jpg\"><img decoding=\"async\" src=\"https:\/\/www.weine-feinkost.de\/unterwegs\/wp-content\/uploads\/2019\/08\/Elkano_Txiki_Getaria_Spanien_11.jpg\" alt=\"\" class=\"wp-image-72500\"\/><\/a><figcaption class=\"wp-element-caption\">K\u00e4sekuchen.<\/figcaption><\/figure>\n<\/div>\n\n\n<p><strong>Elkano Txiki<\/strong> &#8211; Elkano Kalea 13 &#8211; 20808 Getaria &#8211; Spanien &#8211; <a href=\"https:\/\/www.restauranteelkano.com\/\">https:\/\/www.restauranteelkano.com\/<\/a><\/p>\n","protected":false},"excerpt":{"rendered":"<p>Elkano Txiki &#8211; das kleine Elkano Das Restaurant Elkano aus Getaria hat sich inzwischen einen mystischen Ruf f\u00fcr seine gegrillten Edelfische erworben. Die Historie dieses Hauses begann bereits im Jahre 1964 in einer kleinen dunklen Gasse in Getaria. Als das Restaurant an diesem Ort wegen der gro\u00dfen Nachfrage zu klein wurde, hat man dieses einfach &#8230; <a title=\"Elkano Txiki- Getaria &#8211; Spanien\" class=\"read-more\" href=\"https:\/\/www.weine-feinkost.de\/unterwegs\/2019\/09\/elkano-txiki-das-kleine-elkano\/\" aria-label=\"Mehr dazu unter Elkano Txiki- Getaria &#8211; Spanien\">Weiterlesen<\/a><\/p>\n","protected":false},"author":7,"featured_media":166349,"comment_status":"open","ping_status":"open","sticky":false,"template":"","format":"standard","meta":{"_jetpack_newsletter_access":"","_jetpack_dont_email_post_to_subs":false,"_jetpack_newsletter_tier_id":0,"_jetpack_memberships_contains_paywalled_content":false,"_jetpack_feature_clip_id":0,"_jetpack_memberships_contains_paid_content":false,"footnotes":"","jetpack_publicize_message":"","jetpack_publicize_feature_enabled":true,"jetpack_social_post_already_shared":true,"jetpack_social_options":{"image_generator_settings":{"template":"highway","default_image_id":0,"font":"","enabled":false},"version":2},"jetpack_post_was_ever_published":false},"categories":[13,30],"tags":[87,2298,114,230,79],"post_folder":[],"class_list":["post-72487","post","type-post","status-publish","format-standard","has-post-thumbnail","hentry","category-restaurants","category-spanien-restaurants","tag-baskenland","tag-elkano-txiki","tag-getaria","tag-pintxos","tag-spanien"],"yoast_head":"<!-- This site is optimized with the Yoast SEO plugin v28.3 - https:\/\/yoast.com\/product\/yoast-seo-wordpress\/ -->\n<title>Elkano Txiki- Getaria - Spanien - Unterwegs mit Weine &amp; Feinkost<\/title>\n<meta name=\"robots\" content=\"index, follow, max-snippet:-1, max-image-preview:large, max-video-preview:-1\" \/>\n<link rel=\"canonical\" href=\"https:\/\/www.weine-feinkost.de\/unterwegs\/2019\/09\/elkano-txiki-das-kleine-elkano\/\" \/>\n<meta property=\"og:locale\" content=\"de_DE\" \/>\n<meta property=\"og:type\" content=\"article\" \/>\n<meta property=\"og:title\" content=\"Elkano Txiki- Getaria - Spanien - Unterwegs mit Weine &amp; Feinkost\" \/>\n<meta property=\"og:description\" content=\"Elkano Txiki &#8211; das kleine Elkano Das Restaurant Elkano aus Getaria hat sich inzwischen einen mystischen Ruf f\u00fcr seine gegrillten Edelfische erworben. Die Historie dieses Hauses begann bereits im Jahre 1964 in einer kleinen dunklen Gasse in Getaria. Als das Restaurant an diesem Ort wegen der gro\u00dfen Nachfrage zu klein wurde, hat man dieses einfach ... Weiterlesen\" \/>\n<meta property=\"og:url\" content=\"https:\/\/www.weine-feinkost.de\/unterwegs\/2019\/09\/elkano-txiki-das-kleine-elkano\/\" \/>\n<meta property=\"og:site_name\" content=\"Unterwegs mit Weine &amp; Feinkost\" \/>\n<meta property=\"article:published_time\" content=\"2019-09-16T09:00:54+00:00\" \/>\n<meta property=\"article:modified_time\" content=\"2023-03-20T05:13:03+00:00\" \/>\n<meta property=\"og:image\" content=\"https:\/\/www.weine-feinkost.de\/unterwegs\/wp-content\/uploads\/2019\/08\/Elkano_Txiki_Getaria_Spanien_1.jpg\" \/>\n\t<meta property=\"og:image:width\" content=\"640\" \/>\n\t<meta property=\"og:image:height\" content=\"480\" \/>\n\t<meta property=\"og:image:type\" content=\"image\/jpeg\" \/>\n<meta name=\"author\" content=\"Christian Fenske\" \/>\n<meta name=\"twitter:card\" content=\"summary_large_image\" \/>\n<meta name=\"twitter:label1\" content=\"Verfasst von\" \/>\n\t<meta name=\"twitter:data1\" content=\"Christian Fenske\" \/>\n\t<meta name=\"twitter:label2\" content=\"Gesch\u00e4tzte Lesezeit\" \/>\n\t<meta name=\"twitter:data2\" content=\"5\u00a0Minuten\" \/>\n<script type=\"application\/ld+json\" class=\"yoast-schema-graph\">{\"@context\":\"https:\\\/\\\/schema.org\",\"@graph\":[{\"@type\":\"Article\",\"@id\":\"https:\\\/\\\/www.weine-feinkost.de\\\/unterwegs\\\/2019\\\/09\\\/elkano-txiki-das-kleine-elkano\\\/#article\",\"isPartOf\":{\"@id\":\"https:\\\/\\\/www.weine-feinkost.de\\\/unterwegs\\\/2019\\\/09\\\/elkano-txiki-das-kleine-elkano\\\/\"},\"author\":{\"name\":\"Christian Fenske\",\"@id\":\"https:\\\/\\\/www.weine-feinkost.de\\\/unterwegs\\\/#\\\/schema\\\/person\\\/c07d66169fd0e04307bfe7cdc99ac26a\"},\"headline\":\"Elkano Txiki- Getaria &#8211; Spanien\",\"datePublished\":\"2019-09-16T09:00:54+00:00\",\"dateModified\":\"2023-03-20T05:13:03+00:00\",\"mainEntityOfPage\":{\"@id\":\"https:\\\/\\\/www.weine-feinkost.de\\\/unterwegs\\\/2019\\\/09\\\/elkano-txiki-das-kleine-elkano\\\/\"},\"wordCount\":274,\"commentCount\":0,\"publisher\":{\"@id\":\"https:\\\/\\\/www.weine-feinkost.de\\\/unterwegs\\\/#organization\"},\"image\":{\"@id\":\"https:\\\/\\\/www.weine-feinkost.de\\\/unterwegs\\\/2019\\\/09\\\/elkano-txiki-das-kleine-elkano\\\/#primaryimage\"},\"thumbnailUrl\":\"https:\\\/\\\/www.weine-feinkost.de\\\/unterwegs\\\/wp-content\\\/uploads\\\/2019\\\/08\\\/cropped-Elkano_Txiki_Getaria_Spanien_18.jpg\",\"keywords\":[\"Baskenland\",\"Elkano Txiki\",\"Getaria\",\"Pintxos\",\"Spanien\"],\"articleSection\":[\"Restaurants\",\"Spanien\"],\"inLanguage\":\"de\",\"potentialAction\":[{\"@type\":\"CommentAction\",\"name\":\"Comment\",\"target\":[\"https:\\\/\\\/www.weine-feinkost.de\\\/unterwegs\\\/2019\\\/09\\\/elkano-txiki-das-kleine-elkano\\\/#respond\"]}]},{\"@type\":\"WebPage\",\"@id\":\"https:\\\/\\\/www.weine-feinkost.de\\\/unterwegs\\\/2019\\\/09\\\/elkano-txiki-das-kleine-elkano\\\/\",\"url\":\"https:\\\/\\\/www.weine-feinkost.de\\\/unterwegs\\\/2019\\\/09\\\/elkano-txiki-das-kleine-elkano\\\/\",\"name\":\"Elkano Txiki- Getaria - Spanien - Unterwegs mit Weine &amp; Feinkost\",\"isPartOf\":{\"@id\":\"https:\\\/\\\/www.weine-feinkost.de\\\/unterwegs\\\/#website\"},\"primaryImageOfPage\":{\"@id\":\"https:\\\/\\\/www.weine-feinkost.de\\\/unterwegs\\\/2019\\\/09\\\/elkano-txiki-das-kleine-elkano\\\/#primaryimage\"},\"image\":{\"@id\":\"https:\\\/\\\/www.weine-feinkost.de\\\/unterwegs\\\/2019\\\/09\\\/elkano-txiki-das-kleine-elkano\\\/#primaryimage\"},\"thumbnailUrl\":\"https:\\\/\\\/www.weine-feinkost.de\\\/unterwegs\\\/wp-content\\\/uploads\\\/2019\\\/08\\\/cropped-Elkano_Txiki_Getaria_Spanien_18.jpg\",\"datePublished\":\"2019-09-16T09:00:54+00:00\",\"dateModified\":\"2023-03-20T05:13:03+00:00\",\"breadcrumb\":{\"@id\":\"https:\\\/\\\/www.weine-feinkost.de\\\/unterwegs\\\/2019\\\/09\\\/elkano-txiki-das-kleine-elkano\\\/#breadcrumb\"},\"inLanguage\":\"de\",\"potentialAction\":[{\"@type\":\"ReadAction\",\"target\":[\"https:\\\/\\\/www.weine-feinkost.de\\\/unterwegs\\\/2019\\\/09\\\/elkano-txiki-das-kleine-elkano\\\/\"]}]},{\"@type\":\"ImageObject\",\"inLanguage\":\"de\",\"@id\":\"https:\\\/\\\/www.weine-feinkost.de\\\/unterwegs\\\/2019\\\/09\\\/elkano-txiki-das-kleine-elkano\\\/#primaryimage\",\"url\":\"https:\\\/\\\/www.weine-feinkost.de\\\/unterwegs\\\/wp-content\\\/uploads\\\/2019\\\/08\\\/cropped-Elkano_Txiki_Getaria_Spanien_18.jpg\",\"contentUrl\":\"https:\\\/\\\/www.weine-feinkost.de\\\/unterwegs\\\/wp-content\\\/uploads\\\/2019\\\/08\\\/cropped-Elkano_Txiki_Getaria_Spanien_18.jpg\",\"width\":640,\"height\":360},{\"@type\":\"BreadcrumbList\",\"@id\":\"https:\\\/\\\/www.weine-feinkost.de\\\/unterwegs\\\/2019\\\/09\\\/elkano-txiki-das-kleine-elkano\\\/#breadcrumb\",\"itemListElement\":[{\"@type\":\"ListItem\",\"position\":1,\"name\":\"Startseite\",\"item\":\"https:\\\/\\\/www.weine-feinkost.de\\\/unterwegs\\\/\"},{\"@type\":\"ListItem\",\"position\":2,\"name\":\"Elkano Txiki- Getaria &#8211; Spanien\"}]},{\"@type\":\"WebSite\",\"@id\":\"https:\\\/\\\/www.weine-feinkost.de\\\/unterwegs\\\/#website\",\"url\":\"https:\\\/\\\/www.weine-feinkost.de\\\/unterwegs\\\/\",\"name\":\"Unterwegs mit Weine &amp; Feinkost\",\"description\":\"Entdecken Sie Genuss\",\"publisher\":{\"@id\":\"https:\\\/\\\/www.weine-feinkost.de\\\/unterwegs\\\/#organization\"},\"potentialAction\":[{\"@type\":\"SearchAction\",\"target\":{\"@type\":\"EntryPoint\",\"urlTemplate\":\"https:\\\/\\\/www.weine-feinkost.de\\\/unterwegs\\\/?s={search_term_string}\"},\"query-input\":{\"@type\":\"PropertyValueSpecification\",\"valueRequired\":true,\"valueName\":\"search_term_string\"}}],\"inLanguage\":\"de\"},{\"@type\":\"Organization\",\"@id\":\"https:\\\/\\\/www.weine-feinkost.de\\\/unterwegs\\\/#organization\",\"name\":\"Unterwegs mit Weine &amp; Feinkost\",\"url\":\"https:\\\/\\\/www.weine-feinkost.de\\\/unterwegs\\\/\",\"logo\":{\"@type\":\"ImageObject\",\"inLanguage\":\"de\",\"@id\":\"https:\\\/\\\/www.weine-feinkost.de\\\/unterwegs\\\/#\\\/schema\\\/logo\\\/image\\\/\",\"url\":\"https:\\\/\\\/www.weine-feinkost.de\\\/unterwegs\\\/wp-content\\\/uploads\\\/2022\\\/10\\\/logo_weinefeinkost_unterwegs_450x171.png\",\"contentUrl\":\"https:\\\/\\\/www.weine-feinkost.de\\\/unterwegs\\\/wp-content\\\/uploads\\\/2022\\\/10\\\/logo_weinefeinkost_unterwegs_450x171.png\",\"width\":450,\"height\":171,\"caption\":\"Unterwegs mit Weine &amp; Feinkost\"},\"image\":{\"@id\":\"https:\\\/\\\/www.weine-feinkost.de\\\/unterwegs\\\/#\\\/schema\\\/logo\\\/image\\\/\"}},{\"@type\":\"Person\",\"@id\":\"https:\\\/\\\/www.weine-feinkost.de\\\/unterwegs\\\/#\\\/schema\\\/person\\\/c07d66169fd0e04307bfe7cdc99ac26a\",\"name\":\"Christian Fenske\",\"image\":{\"@type\":\"ImageObject\",\"inLanguage\":\"de\",\"@id\":\"https:\\\/\\\/www.weine-feinkost.de\\\/unterwegs\\\/wp-content\\\/uploads\\\/2023\\\/01\\\/cropped-christian_profilbild-96x96.png\",\"url\":\"https:\\\/\\\/www.weine-feinkost.de\\\/unterwegs\\\/wp-content\\\/uploads\\\/2023\\\/01\\\/cropped-christian_profilbild-96x96.png\",\"contentUrl\":\"https:\\\/\\\/www.weine-feinkost.de\\\/unterwegs\\\/wp-content\\\/uploads\\\/2023\\\/01\\\/cropped-christian_profilbild-96x96.png\",\"caption\":\"Christian Fenske\"},\"description\":\"Zusammen an einem Tisch sitzen, gemeinsam zu kommunizieren und zu genie\u00dfen, das ist eine der herausragenden kulturellen Errungenschaft der Menschheit.\",\"url\":\"https:\\\/\\\/www.weine-feinkost.de\\\/unterwegs\\\/author\\\/christian-fenske\\\/\"}]}<\/script>\n<!-- \/ Yoast SEO plugin. -->","yoast_head_json":{"title":"Elkano Txiki- Getaria - Spanien - Unterwegs mit Weine &amp; Feinkost","robots":{"index":"index","follow":"follow","max-snippet":"max-snippet:-1","max-image-preview":"max-image-preview:large","max-video-preview":"max-video-preview:-1"},"canonical":"https:\/\/www.weine-feinkost.de\/unterwegs\/2019\/09\/elkano-txiki-das-kleine-elkano\/","og_locale":"de_DE","og_type":"article","og_title":"Elkano Txiki- Getaria - Spanien - Unterwegs mit Weine &amp; Feinkost","og_description":"Elkano Txiki &#8211; das kleine Elkano Das Restaurant Elkano aus Getaria hat sich inzwischen einen mystischen Ruf f\u00fcr seine gegrillten Edelfische erworben. Die Historie dieses Hauses begann bereits im Jahre 1964 in einer kleinen dunklen Gasse in Getaria. Als das Restaurant an diesem Ort wegen der gro\u00dfen Nachfrage zu klein wurde, hat man dieses einfach ... Weiterlesen","og_url":"https:\/\/www.weine-feinkost.de\/unterwegs\/2019\/09\/elkano-txiki-das-kleine-elkano\/","og_site_name":"Unterwegs mit Weine &amp; Feinkost","article_published_time":"2019-09-16T09:00:54+00:00","article_modified_time":"2023-03-20T05:13:03+00:00","og_image":[{"width":640,"height":480,"url":"https:\/\/www.weine-feinkost.de\/unterwegs\/wp-content\/uploads\/2019\/08\/Elkano_Txiki_Getaria_Spanien_1.jpg","type":"image\/jpeg"}],"author":"Christian Fenske","twitter_card":"summary_large_image","twitter_misc":{"Verfasst von":"Christian Fenske","Gesch\u00e4tzte Lesezeit":"5\u00a0Minuten"},"schema":{"@context":"https:\/\/schema.org","@graph":[{"@type":"Article","@id":"https:\/\/www.weine-feinkost.de\/unterwegs\/2019\/09\/elkano-txiki-das-kleine-elkano\/#article","isPartOf":{"@id":"https:\/\/www.weine-feinkost.de\/unterwegs\/2019\/09\/elkano-txiki-das-kleine-elkano\/"},"author":{"name":"Christian Fenske","@id":"https:\/\/www.weine-feinkost.de\/unterwegs\/#\/schema\/person\/c07d66169fd0e04307bfe7cdc99ac26a"},"headline":"Elkano Txiki- Getaria &#8211; Spanien","datePublished":"2019-09-16T09:00:54+00:00","dateModified":"2023-03-20T05:13:03+00:00","mainEntityOfPage":{"@id":"https:\/\/www.weine-feinkost.de\/unterwegs\/2019\/09\/elkano-txiki-das-kleine-elkano\/"},"wordCount":274,"commentCount":0,"publisher":{"@id":"https:\/\/www.weine-feinkost.de\/unterwegs\/#organization"},"image":{"@id":"https:\/\/www.weine-feinkost.de\/unterwegs\/2019\/09\/elkano-txiki-das-kleine-elkano\/#primaryimage"},"thumbnailUrl":"https:\/\/www.weine-feinkost.de\/unterwegs\/wp-content\/uploads\/2019\/08\/cropped-Elkano_Txiki_Getaria_Spanien_18.jpg","keywords":["Baskenland","Elkano Txiki","Getaria","Pintxos","Spanien"],"articleSection":["Restaurants","Spanien"],"inLanguage":"de","potentialAction":[{"@type":"CommentAction","name":"Comment","target":["https:\/\/www.weine-feinkost.de\/unterwegs\/2019\/09\/elkano-txiki-das-kleine-elkano\/#respond"]}]},{"@type":"WebPage","@id":"https:\/\/www.weine-feinkost.de\/unterwegs\/2019\/09\/elkano-txiki-das-kleine-elkano\/","url":"https:\/\/www.weine-feinkost.de\/unterwegs\/2019\/09\/elkano-txiki-das-kleine-elkano\/","name":"Elkano Txiki- Getaria - Spanien - Unterwegs mit Weine &amp; Feinkost","isPartOf":{"@id":"https:\/\/www.weine-feinkost.de\/unterwegs\/#website"},"primaryImageOfPage":{"@id":"https:\/\/www.weine-feinkost.de\/unterwegs\/2019\/09\/elkano-txiki-das-kleine-elkano\/#primaryimage"},"image":{"@id":"https:\/\/www.weine-feinkost.de\/unterwegs\/2019\/09\/elkano-txiki-das-kleine-elkano\/#primaryimage"},"thumbnailUrl":"https:\/\/www.weine-feinkost.de\/unterwegs\/wp-content\/uploads\/2019\/08\/cropped-Elkano_Txiki_Getaria_Spanien_18.jpg","datePublished":"2019-09-16T09:00:54+00:00","dateModified":"2023-03-20T05:13:03+00:00","breadcrumb":{"@id":"https:\/\/www.weine-feinkost.de\/unterwegs\/2019\/09\/elkano-txiki-das-kleine-elkano\/#breadcrumb"},"inLanguage":"de","potentialAction":[{"@type":"ReadAction","target":["https:\/\/www.weine-feinkost.de\/unterwegs\/2019\/09\/elkano-txiki-das-kleine-elkano\/"]}]},{"@type":"ImageObject","inLanguage":"de","@id":"https:\/\/www.weine-feinkost.de\/unterwegs\/2019\/09\/elkano-txiki-das-kleine-elkano\/#primaryimage","url":"https:\/\/www.weine-feinkost.de\/unterwegs\/wp-content\/uploads\/2019\/08\/cropped-Elkano_Txiki_Getaria_Spanien_18.jpg","contentUrl":"https:\/\/www.weine-feinkost.de\/unterwegs\/wp-content\/uploads\/2019\/08\/cropped-Elkano_Txiki_Getaria_Spanien_18.jpg","width":640,"height":360},{"@type":"BreadcrumbList","@id":"https:\/\/www.weine-feinkost.de\/unterwegs\/2019\/09\/elkano-txiki-das-kleine-elkano\/#breadcrumb","itemListElement":[{"@type":"ListItem","position":1,"name":"Startseite","item":"https:\/\/www.weine-feinkost.de\/unterwegs\/"},{"@type":"ListItem","position":2,"name":"Elkano Txiki- Getaria &#8211; Spanien"}]},{"@type":"WebSite","@id":"https:\/\/www.weine-feinkost.de\/unterwegs\/#website","url":"https:\/\/www.weine-feinkost.de\/unterwegs\/","name":"Unterwegs mit Weine &amp; Feinkost","description":"Entdecken Sie Genuss","publisher":{"@id":"https:\/\/www.weine-feinkost.de\/unterwegs\/#organization"},"potentialAction":[{"@type":"SearchAction","target":{"@type":"EntryPoint","urlTemplate":"https:\/\/www.weine-feinkost.de\/unterwegs\/?s={search_term_string}"},"query-input":{"@type":"PropertyValueSpecification","valueRequired":true,"valueName":"search_term_string"}}],"inLanguage":"de"},{"@type":"Organization","@id":"https:\/\/www.weine-feinkost.de\/unterwegs\/#organization","name":"Unterwegs mit Weine &amp; Feinkost","url":"https:\/\/www.weine-feinkost.de\/unterwegs\/","logo":{"@type":"ImageObject","inLanguage":"de","@id":"https:\/\/www.weine-feinkost.de\/unterwegs\/#\/schema\/logo\/image\/","url":"https:\/\/www.weine-feinkost.de\/unterwegs\/wp-content\/uploads\/2022\/10\/logo_weinefeinkost_unterwegs_450x171.png","contentUrl":"https:\/\/www.weine-feinkost.de\/unterwegs\/wp-content\/uploads\/2022\/10\/logo_weinefeinkost_unterwegs_450x171.png","width":450,"height":171,"caption":"Unterwegs mit Weine &amp; Feinkost"},"image":{"@id":"https:\/\/www.weine-feinkost.de\/unterwegs\/#\/schema\/logo\/image\/"}},{"@type":"Person","@id":"https:\/\/www.weine-feinkost.de\/unterwegs\/#\/schema\/person\/c07d66169fd0e04307bfe7cdc99ac26a","name":"Christian Fenske","image":{"@type":"ImageObject","inLanguage":"de","@id":"https:\/\/www.weine-feinkost.de\/unterwegs\/wp-content\/uploads\/2023\/01\/cropped-christian_profilbild-96x96.png","url":"https:\/\/www.weine-feinkost.de\/unterwegs\/wp-content\/uploads\/2023\/01\/cropped-christian_profilbild-96x96.png","contentUrl":"https:\/\/www.weine-feinkost.de\/unterwegs\/wp-content\/uploads\/2023\/01\/cropped-christian_profilbild-96x96.png","caption":"Christian Fenske"},"description":"Zusammen an einem Tisch sitzen, gemeinsam zu kommunizieren und zu genie\u00dfen, das ist eine der herausragenden kulturellen Errungenschaft der Menschheit.","url":"https:\/\/www.weine-feinkost.de\/unterwegs\/author\/christian-fenske\/"}]}},"jetpack_publicize_connections":[],"jetpack_shortlink":"https:\/\/wp.me\/p68Tjo-iR9","jetpack_sharing_enabled":true,"jetpack_likes_enabled":true,"jetpack_featured_media_url":"https:\/\/www.weine-feinkost.de\/unterwegs\/wp-content\/uploads\/2019\/08\/cropped-Elkano_Txiki_Getaria_Spanien_18.jpg","_links":{"self":[{"href":"https:\/\/www.weine-feinkost.de\/unterwegs\/wp-json\/wp\/v2\/posts\/72487","targetHints":{"allow":["GET"]}}],"collection":[{"href":"https:\/\/www.weine-feinkost.de\/unterwegs\/wp-json\/wp\/v2\/posts"}],"about":[{"href":"https:\/\/www.weine-feinkost.de\/unterwegs\/wp-json\/wp\/v2\/types\/post"}],"author":[{"embeddable":true,"href":"https:\/\/www.weine-feinkost.de\/unterwegs\/wp-json\/wp\/v2\/users\/7"}],"replies":[{"embeddable":true,"href":"https:\/\/www.weine-feinkost.de\/unterwegs\/wp-json\/wp\/v2\/comments?post=72487"}],"version-history":[{"count":2,"href":"https:\/\/www.weine-feinkost.de\/unterwegs\/wp-json\/wp\/v2\/posts\/72487\/revisions"}],"predecessor-version":[{"id":196738,"href":"https:\/\/www.weine-feinkost.de\/unterwegs\/wp-json\/wp\/v2\/posts\/72487\/revisions\/196738"}],"wp:featuredmedia":[{"embeddable":true,"href":"https:\/\/www.weine-feinkost.de\/unterwegs\/wp-json\/wp\/v2\/media\/166349"}],"wp:attachment":[{"href":"https:\/\/www.weine-feinkost.de\/unterwegs\/wp-json\/wp\/v2\/media?parent=72487"}],"wp:term":[{"taxonomy":"category","embeddable":true,"href":"https:\/\/www.weine-feinkost.de\/unterwegs\/wp-json\/wp\/v2\/categories?post=72487"},{"taxonomy":"post_tag","embeddable":true,"href":"https:\/\/www.weine-feinkost.de\/unterwegs\/wp-json\/wp\/v2\/tags?post=72487"},{"taxonomy":"post_folder","embeddable":true,"href":"https:\/\/www.weine-feinkost.de\/unterwegs\/wp-json\/wp\/v2\/post_folder?post=72487"}],"curies":[{"name":"wp","href":"https:\/\/api.w.org\/{rel}","templated":true}]}}