{"id":78639,"date":"2019-12-04T11:00:21","date_gmt":"2019-12-04T10:00:21","guid":{"rendered":"https:\/\/www.weine-feinkost.de\/unterwegs\/?p=78639"},"modified":"2023-03-19T18:57:43","modified_gmt":"2023-03-19T17:57:43","slug":"das-ursprung-wirklich-regional","status":"publish","type":"post","link":"https:\/\/www.weine-feinkost.de\/unterwegs\/2019\/12\/das-ursprung-wirklich-regional\/","title":{"rendered":"Das Ursprung &#8211; Stainz &#8211; \u00d6sterreich"},"content":{"rendered":"\n<h3 class=\"western wp-block-heading\">Das Ursprung &#8211; wirklich regional<\/h3>\n\n\n\n<p class=\"has-drop-cap\">Das urige, mit viel Holz eingerichtete und in zwei kleine Speiser\u00e4ume eingeteilte Restaurant \u201eDas Ursprung\u201c wurde im August 2018 von der Sommeliere Nicole Hainzl und dem Koch Philipp Thom\u00fcller in der steirischen Ortschaft Stainz er\u00f6ffnet. Die Karte ist wohltuend klein, und der Gast erf\u00e4hrt hier sogar, von welchen kleinen Betrieben und H\u00f6fen die Lebensmittel erworben und verarbeitet werden. Anstatt Massenprodukte kommen hier beste Zutaten von der Familie Pauritsch, der Familie Glockengie\u00dfer, der Familie Sommer oder Lenz auf die Teller. Das ist dann wirklich einmal regional, biologisch, nachhaltig und schmeckt auch noch richtig gut. So m\u00fcsste es eigentlich viel h\u00e4ufiger sein. <\/p>\n\n\n<div class=\"wp-block-image\">\n<figure class=\"aligncenter\"><img decoding=\"async\" src=\"https:\/\/www.weine-feinkost.de\/unterwegs\/wp-content\/uploads\/2019\/10\/Das_Ursprung_Stainz_Oesterreich_2.jpg\" alt=\"\" class=\"wp-image-78647\"\/><figcaption class=\"wp-element-caption\"> <\/figcaption><\/figure>\n<\/div>\n\n<div class=\"wp-block-image\">\n<figure class=\"aligncenter\"><a href=\"https:\/\/www.weine-feinkost.de\/unterwegs\/wp-content\/uploads\/2019\/10\/Das_Ursprung_Stainz_Oesterreich_4.jpg\"><img decoding=\"async\" src=\"https:\/\/www.weine-feinkost.de\/unterwegs\/wp-content\/uploads\/2019\/10\/Das_Ursprung_Stainz_Oesterreich_4.jpg\" alt=\"\" class=\"wp-image-78642\"\/><\/a><figcaption class=\"wp-element-caption\">Blattsalat mit Apfel, Rote Bete, Raps\u00f6l und Waln\u00fcssen.<\/figcaption><\/figure>\n<\/div>\n\n<div class=\"wp-block-image\">\n<figure class=\"aligncenter\"><a href=\"https:\/\/www.weine-feinkost.de\/unterwegs\/wp-content\/uploads\/2019\/10\/Das_Ursprung_Stainz_Oesterreich_3.jpg\"><img decoding=\"async\" src=\"https:\/\/www.weine-feinkost.de\/unterwegs\/wp-content\/uploads\/2019\/10\/Das_Ursprung_Stainz_Oesterreich_3.jpg\" alt=\"\" class=\"wp-image-78646\"\/><\/a><figcaption class=\"wp-element-caption\">Pfifferlings Tatar, Pastinaken, Pfeffer, Rauch\u00f6l, Blini und Ei.<\/figcaption><\/figure>\n<\/div>\n\n<div class=\"wp-block-image\">\n<figure class=\"aligncenter\"><a href=\"https:\/\/www.weine-feinkost.de\/unterwegs\/wp-content\/uploads\/2019\/10\/Das_Ursprung_Stainz_Oesterreich_5.jpg\"><img decoding=\"async\" src=\"https:\/\/www.weine-feinkost.de\/unterwegs\/wp-content\/uploads\/2019\/10\/Das_Ursprung_Stainz_Oesterreich_5.jpg\" alt=\"\" class=\"wp-image-78645\"\/><\/a><figcaption class=\"wp-element-caption\">Saiblingsfilet, Kartoffeln, Fenchel und Spitzkohl.<\/figcaption><\/figure>\n<\/div>\n\n<div class=\"wp-block-image\">\n<figure class=\"aligncenter\"><a href=\"https:\/\/www.weine-feinkost.de\/unterwegs\/wp-content\/uploads\/2019\/10\/Das_Ursprung_Stainz_Oesterreich_6.jpg\"><img decoding=\"async\" src=\"https:\/\/www.weine-feinkost.de\/unterwegs\/wp-content\/uploads\/2019\/10\/Das_Ursprung_Stainz_Oesterreich_6.jpg\" alt=\"\" class=\"wp-image-78644\"\/><\/a><figcaption class=\"wp-element-caption\">Lamm Ossobucco mit Gremolata, Polenta und Steinpilzen.<\/figcaption><\/figure>\n<\/div>\n\n<div class=\"wp-block-image\">\n<figure class=\"aligncenter\"><a href=\"https:\/\/www.weine-feinkost.de\/unterwegs\/wp-content\/uploads\/2019\/10\/Das_Ursprung_Stainz_Oesterreich_7.jpg\"><img decoding=\"async\" src=\"https:\/\/www.weine-feinkost.de\/unterwegs\/wp-content\/uploads\/2019\/10\/Das_Ursprung_Stainz_Oesterreich_7.jpg\" alt=\"\" class=\"wp-image-78643\"\/><\/a><figcaption class=\"wp-element-caption\">Apfel im Schlafrock, Zimt, Vanille, Joghurt, Rosinen und Preiselbeeren.<\/figcaption><\/figure>\n<\/div>\n\n\n<p><strong>Das Ursprung<\/strong> &#8211; Rassach 45a &#8211; 8510 Stainz &#8211; \u00d6sterreich &#8211; Telefon: +43 03463 55585 &#8211; <a href=\"https:\/\/dasursprung.at\/\">https:\/\/dasursprung.at\/<\/a><\/p>\n","protected":false},"excerpt":{"rendered":"<p>Das Ursprung &#8211; wirklich regional Das urige, mit viel Holz eingerichtete und in zwei kleine Speiser\u00e4ume eingeteilte Restaurant \u201eDas Ursprung\u201c wurde im August 2018 von der Sommeliere Nicole Hainzl und dem Koch Philipp Thom\u00fcller in der steirischen Ortschaft Stainz er\u00f6ffnet. Die Karte ist wohltuend klein, und der Gast erf\u00e4hrt hier sogar, von welchen kleinen Betrieben &#8230; <a title=\"Das Ursprung &#8211; Stainz &#8211; \u00d6sterreich\" class=\"read-more\" href=\"https:\/\/www.weine-feinkost.de\/unterwegs\/2019\/12\/das-ursprung-wirklich-regional\/\" aria-label=\"Mehr dazu unter Das Ursprung &#8211; Stainz &#8211; \u00d6sterreich\">Weiterlesen<\/a><\/p>\n","protected":false},"author":7,"featured_media":166981,"comment_status":"open","ping_status":"open","sticky":false,"template":"","format":"standard","meta":{"_jetpack_newsletter_access":"","_jetpack_dont_email_post_to_subs":false,"_jetpack_newsletter_tier_id":0,"_jetpack_memberships_contains_paywalled_content":false,"_jetpack_feature_clip_id":0,"_jetpack_memberships_contains_paid_content":false,"footnotes":"","jetpack_publicize_message":"","jetpack_publicize_feature_enabled":true,"jetpack_social_post_already_shared":true,"jetpack_social_options":{"image_generator_settings":{"template":"highway","default_image_id":0,"font":"","enabled":false},"version":2},"jetpack_post_was_ever_published":false},"categories":[33,13],"tags":[2427,205,73,2425],"post_folder":[],"class_list":["post-78639","post","type-post","status-publish","format-standard","has-post-thumbnail","hentry","category-oesterreich-restaurants","category-restaurants","tag-das-ursprung","tag-oesterreich","tag-restaurant","tag-stainz"],"yoast_head":"<!-- This site is optimized with the Yoast SEO plugin v28.3 - https:\/\/yoast.com\/product\/yoast-seo-wordpress\/ -->\n<title>Das Ursprung - Stainz - \u00d6sterreich - Unterwegs mit Weine &amp; Feinkost<\/title>\n<meta name=\"robots\" content=\"index, follow, max-snippet:-1, max-image-preview:large, max-video-preview:-1\" \/>\n<link rel=\"canonical\" href=\"https:\/\/www.weine-feinkost.de\/unterwegs\/2019\/12\/das-ursprung-wirklich-regional\/\" \/>\n<meta property=\"og:locale\" content=\"de_DE\" \/>\n<meta property=\"og:type\" content=\"article\" \/>\n<meta property=\"og:title\" content=\"Das Ursprung - Stainz - \u00d6sterreich - Unterwegs mit Weine &amp; Feinkost\" \/>\n<meta property=\"og:description\" content=\"Das Ursprung &#8211; wirklich regional Das urige, mit viel Holz eingerichtete und in zwei kleine Speiser\u00e4ume eingeteilte Restaurant \u201eDas Ursprung\u201c wurde im August 2018 von der Sommeliere Nicole Hainzl und dem Koch Philipp Thom\u00fcller in der steirischen Ortschaft Stainz er\u00f6ffnet. Die Karte ist wohltuend klein, und der Gast erf\u00e4hrt hier sogar, von welchen kleinen Betrieben ... Weiterlesen\" \/>\n<meta property=\"og:url\" content=\"https:\/\/www.weine-feinkost.de\/unterwegs\/2019\/12\/das-ursprung-wirklich-regional\/\" \/>\n<meta property=\"og:site_name\" content=\"Unterwegs mit Weine &amp; Feinkost\" \/>\n<meta property=\"article:published_time\" content=\"2019-12-04T10:00:21+00:00\" \/>\n<meta property=\"article:modified_time\" content=\"2023-03-19T17:57:43+00:00\" \/>\n<meta property=\"og:image\" content=\"https:\/\/www.weine-feinkost.de\/unterwegs\/wp-content\/uploads\/2019\/10\/Das_Ursprung_Stainz_Oesterreich_1.jpg\" \/>\n\t<meta property=\"og:image:width\" content=\"640\" \/>\n\t<meta property=\"og:image:height\" content=\"480\" \/>\n\t<meta property=\"og:image:type\" content=\"image\/jpeg\" \/>\n<meta name=\"author\" content=\"Christian Fenske\" \/>\n<meta name=\"twitter:card\" content=\"summary_large_image\" \/>\n<meta name=\"twitter:label1\" content=\"Verfasst von\" \/>\n\t<meta name=\"twitter:data1\" content=\"Christian Fenske\" \/>\n\t<meta name=\"twitter:label2\" content=\"Gesch\u00e4tzte Lesezeit\" \/>\n\t<meta name=\"twitter:data2\" content=\"3\u00a0Minuten\" \/>\n<script type=\"application\/ld+json\" class=\"yoast-schema-graph\">{\"@context\":\"https:\\\/\\\/schema.org\",\"@graph\":[{\"@type\":\"Article\",\"@id\":\"https:\\\/\\\/www.weine-feinkost.de\\\/unterwegs\\\/2019\\\/12\\\/das-ursprung-wirklich-regional\\\/#article\",\"isPartOf\":{\"@id\":\"https:\\\/\\\/www.weine-feinkost.de\\\/unterwegs\\\/2019\\\/12\\\/das-ursprung-wirklich-regional\\\/\"},\"author\":{\"name\":\"Christian Fenske\",\"@id\":\"https:\\\/\\\/www.weine-feinkost.de\\\/unterwegs\\\/#\\\/schema\\\/person\\\/c07d66169fd0e04307bfe7cdc99ac26a\"},\"headline\":\"Das Ursprung &#8211; Stainz &#8211; \u00d6sterreich\",\"datePublished\":\"2019-12-04T10:00:21+00:00\",\"dateModified\":\"2023-03-19T17:57:43+00:00\",\"mainEntityOfPage\":{\"@id\":\"https:\\\/\\\/www.weine-feinkost.de\\\/unterwegs\\\/2019\\\/12\\\/das-ursprung-wirklich-regional\\\/\"},\"wordCount\":173,\"commentCount\":0,\"publisher\":{\"@id\":\"https:\\\/\\\/www.weine-feinkost.de\\\/unterwegs\\\/#organization\"},\"image\":{\"@id\":\"https:\\\/\\\/www.weine-feinkost.de\\\/unterwegs\\\/2019\\\/12\\\/das-ursprung-wirklich-regional\\\/#primaryimage\"},\"thumbnailUrl\":\"https:\\\/\\\/www.weine-feinkost.de\\\/unterwegs\\\/wp-content\\\/uploads\\\/2019\\\/10\\\/Das_Ursprung_Stainz_Oesterreich_1.jpg\",\"keywords\":[\"Das Ursprung\",\"\u00d6sterreich\",\"Restaurant\",\"Stainz\"],\"articleSection\":[\"\u00d6sterreich\",\"Restaurants\"],\"inLanguage\":\"de\",\"potentialAction\":[{\"@type\":\"CommentAction\",\"name\":\"Comment\",\"target\":[\"https:\\\/\\\/www.weine-feinkost.de\\\/unterwegs\\\/2019\\\/12\\\/das-ursprung-wirklich-regional\\\/#respond\"]}]},{\"@type\":\"WebPage\",\"@id\":\"https:\\\/\\\/www.weine-feinkost.de\\\/unterwegs\\\/2019\\\/12\\\/das-ursprung-wirklich-regional\\\/\",\"url\":\"https:\\\/\\\/www.weine-feinkost.de\\\/unterwegs\\\/2019\\\/12\\\/das-ursprung-wirklich-regional\\\/\",\"name\":\"Das Ursprung - Stainz - \u00d6sterreich - Unterwegs mit Weine &amp; Feinkost\",\"isPartOf\":{\"@id\":\"https:\\\/\\\/www.weine-feinkost.de\\\/unterwegs\\\/#website\"},\"primaryImageOfPage\":{\"@id\":\"https:\\\/\\\/www.weine-feinkost.de\\\/unterwegs\\\/2019\\\/12\\\/das-ursprung-wirklich-regional\\\/#primaryimage\"},\"image\":{\"@id\":\"https:\\\/\\\/www.weine-feinkost.de\\\/unterwegs\\\/2019\\\/12\\\/das-ursprung-wirklich-regional\\\/#primaryimage\"},\"thumbnailUrl\":\"https:\\\/\\\/www.weine-feinkost.de\\\/unterwegs\\\/wp-content\\\/uploads\\\/2019\\\/10\\\/Das_Ursprung_Stainz_Oesterreich_1.jpg\",\"datePublished\":\"2019-12-04T10:00:21+00:00\",\"dateModified\":\"2023-03-19T17:57:43+00:00\",\"breadcrumb\":{\"@id\":\"https:\\\/\\\/www.weine-feinkost.de\\\/unterwegs\\\/2019\\\/12\\\/das-ursprung-wirklich-regional\\\/#breadcrumb\"},\"inLanguage\":\"de\",\"potentialAction\":[{\"@type\":\"ReadAction\",\"target\":[\"https:\\\/\\\/www.weine-feinkost.de\\\/unterwegs\\\/2019\\\/12\\\/das-ursprung-wirklich-regional\\\/\"]}]},{\"@type\":\"ImageObject\",\"inLanguage\":\"de\",\"@id\":\"https:\\\/\\\/www.weine-feinkost.de\\\/unterwegs\\\/2019\\\/12\\\/das-ursprung-wirklich-regional\\\/#primaryimage\",\"url\":\"https:\\\/\\\/www.weine-feinkost.de\\\/unterwegs\\\/wp-content\\\/uploads\\\/2019\\\/10\\\/Das_Ursprung_Stainz_Oesterreich_1.jpg\",\"contentUrl\":\"https:\\\/\\\/www.weine-feinkost.de\\\/unterwegs\\\/wp-content\\\/uploads\\\/2019\\\/10\\\/Das_Ursprung_Stainz_Oesterreich_1.jpg\",\"width\":640,\"height\":480},{\"@type\":\"BreadcrumbList\",\"@id\":\"https:\\\/\\\/www.weine-feinkost.de\\\/unterwegs\\\/2019\\\/12\\\/das-ursprung-wirklich-regional\\\/#breadcrumb\",\"itemListElement\":[{\"@type\":\"ListItem\",\"position\":1,\"name\":\"Startseite\",\"item\":\"https:\\\/\\\/www.weine-feinkost.de\\\/unterwegs\\\/\"},{\"@type\":\"ListItem\",\"position\":2,\"name\":\"Das Ursprung &#8211; Stainz &#8211; \u00d6sterreich\"}]},{\"@type\":\"WebSite\",\"@id\":\"https:\\\/\\\/www.weine-feinkost.de\\\/unterwegs\\\/#website\",\"url\":\"https:\\\/\\\/www.weine-feinkost.de\\\/unterwegs\\\/\",\"name\":\"Unterwegs mit Weine &amp; Feinkost\",\"description\":\"Entdecken Sie Genuss\",\"publisher\":{\"@id\":\"https:\\\/\\\/www.weine-feinkost.de\\\/unterwegs\\\/#organization\"},\"potentialAction\":[{\"@type\":\"SearchAction\",\"target\":{\"@type\":\"EntryPoint\",\"urlTemplate\":\"https:\\\/\\\/www.weine-feinkost.de\\\/unterwegs\\\/?s={search_term_string}\"},\"query-input\":{\"@type\":\"PropertyValueSpecification\",\"valueRequired\":true,\"valueName\":\"search_term_string\"}}],\"inLanguage\":\"de\"},{\"@type\":\"Organization\",\"@id\":\"https:\\\/\\\/www.weine-feinkost.de\\\/unterwegs\\\/#organization\",\"name\":\"Unterwegs mit Weine &amp; Feinkost\",\"url\":\"https:\\\/\\\/www.weine-feinkost.de\\\/unterwegs\\\/\",\"logo\":{\"@type\":\"ImageObject\",\"inLanguage\":\"de\",\"@id\":\"https:\\\/\\\/www.weine-feinkost.de\\\/unterwegs\\\/#\\\/schema\\\/logo\\\/image\\\/\",\"url\":\"https:\\\/\\\/www.weine-feinkost.de\\\/unterwegs\\\/wp-content\\\/uploads\\\/2022\\\/10\\\/logo_weinefeinkost_unterwegs_450x171.png\",\"contentUrl\":\"https:\\\/\\\/www.weine-feinkost.de\\\/unterwegs\\\/wp-content\\\/uploads\\\/2022\\\/10\\\/logo_weinefeinkost_unterwegs_450x171.png\",\"width\":450,\"height\":171,\"caption\":\"Unterwegs mit Weine &amp; Feinkost\"},\"image\":{\"@id\":\"https:\\\/\\\/www.weine-feinkost.de\\\/unterwegs\\\/#\\\/schema\\\/logo\\\/image\\\/\"}},{\"@type\":\"Person\",\"@id\":\"https:\\\/\\\/www.weine-feinkost.de\\\/unterwegs\\\/#\\\/schema\\\/person\\\/c07d66169fd0e04307bfe7cdc99ac26a\",\"name\":\"Christian Fenske\",\"image\":{\"@type\":\"ImageObject\",\"inLanguage\":\"de\",\"@id\":\"https:\\\/\\\/www.weine-feinkost.de\\\/unterwegs\\\/wp-content\\\/uploads\\\/2023\\\/01\\\/cropped-christian_profilbild-96x96.png\",\"url\":\"https:\\\/\\\/www.weine-feinkost.de\\\/unterwegs\\\/wp-content\\\/uploads\\\/2023\\\/01\\\/cropped-christian_profilbild-96x96.png\",\"contentUrl\":\"https:\\\/\\\/www.weine-feinkost.de\\\/unterwegs\\\/wp-content\\\/uploads\\\/2023\\\/01\\\/cropped-christian_profilbild-96x96.png\",\"caption\":\"Christian Fenske\"},\"description\":\"Zusammen an einem Tisch sitzen, gemeinsam zu kommunizieren und zu genie\u00dfen, das ist eine der herausragenden kulturellen Errungenschaft der Menschheit.\",\"url\":\"https:\\\/\\\/www.weine-feinkost.de\\\/unterwegs\\\/author\\\/christian-fenske\\\/\"}]}<\/script>\n<!-- \/ Yoast SEO plugin. -->","yoast_head_json":{"title":"Das Ursprung - Stainz - \u00d6sterreich - Unterwegs mit Weine &amp; Feinkost","robots":{"index":"index","follow":"follow","max-snippet":"max-snippet:-1","max-image-preview":"max-image-preview:large","max-video-preview":"max-video-preview:-1"},"canonical":"https:\/\/www.weine-feinkost.de\/unterwegs\/2019\/12\/das-ursprung-wirklich-regional\/","og_locale":"de_DE","og_type":"article","og_title":"Das Ursprung - Stainz - \u00d6sterreich - Unterwegs mit Weine &amp; Feinkost","og_description":"Das Ursprung &#8211; wirklich regional Das urige, mit viel Holz eingerichtete und in zwei kleine Speiser\u00e4ume eingeteilte Restaurant \u201eDas Ursprung\u201c wurde im August 2018 von der Sommeliere Nicole Hainzl und dem Koch Philipp Thom\u00fcller in der steirischen Ortschaft Stainz er\u00f6ffnet. Die Karte ist wohltuend klein, und der Gast erf\u00e4hrt hier sogar, von welchen kleinen Betrieben ... Weiterlesen","og_url":"https:\/\/www.weine-feinkost.de\/unterwegs\/2019\/12\/das-ursprung-wirklich-regional\/","og_site_name":"Unterwegs mit Weine &amp; Feinkost","article_published_time":"2019-12-04T10:00:21+00:00","article_modified_time":"2023-03-19T17:57:43+00:00","og_image":[{"width":640,"height":480,"url":"https:\/\/www.weine-feinkost.de\/unterwegs\/wp-content\/uploads\/2019\/10\/Das_Ursprung_Stainz_Oesterreich_1.jpg","type":"image\/jpeg"}],"author":"Christian Fenske","twitter_card":"summary_large_image","twitter_misc":{"Verfasst von":"Christian Fenske","Gesch\u00e4tzte Lesezeit":"3\u00a0Minuten"},"schema":{"@context":"https:\/\/schema.org","@graph":[{"@type":"Article","@id":"https:\/\/www.weine-feinkost.de\/unterwegs\/2019\/12\/das-ursprung-wirklich-regional\/#article","isPartOf":{"@id":"https:\/\/www.weine-feinkost.de\/unterwegs\/2019\/12\/das-ursprung-wirklich-regional\/"},"author":{"name":"Christian Fenske","@id":"https:\/\/www.weine-feinkost.de\/unterwegs\/#\/schema\/person\/c07d66169fd0e04307bfe7cdc99ac26a"},"headline":"Das Ursprung &#8211; Stainz &#8211; \u00d6sterreich","datePublished":"2019-12-04T10:00:21+00:00","dateModified":"2023-03-19T17:57:43+00:00","mainEntityOfPage":{"@id":"https:\/\/www.weine-feinkost.de\/unterwegs\/2019\/12\/das-ursprung-wirklich-regional\/"},"wordCount":173,"commentCount":0,"publisher":{"@id":"https:\/\/www.weine-feinkost.de\/unterwegs\/#organization"},"image":{"@id":"https:\/\/www.weine-feinkost.de\/unterwegs\/2019\/12\/das-ursprung-wirklich-regional\/#primaryimage"},"thumbnailUrl":"https:\/\/www.weine-feinkost.de\/unterwegs\/wp-content\/uploads\/2019\/10\/Das_Ursprung_Stainz_Oesterreich_1.jpg","keywords":["Das Ursprung","\u00d6sterreich","Restaurant","Stainz"],"articleSection":["\u00d6sterreich","Restaurants"],"inLanguage":"de","potentialAction":[{"@type":"CommentAction","name":"Comment","target":["https:\/\/www.weine-feinkost.de\/unterwegs\/2019\/12\/das-ursprung-wirklich-regional\/#respond"]}]},{"@type":"WebPage","@id":"https:\/\/www.weine-feinkost.de\/unterwegs\/2019\/12\/das-ursprung-wirklich-regional\/","url":"https:\/\/www.weine-feinkost.de\/unterwegs\/2019\/12\/das-ursprung-wirklich-regional\/","name":"Das Ursprung - Stainz - \u00d6sterreich - Unterwegs mit Weine &amp; Feinkost","isPartOf":{"@id":"https:\/\/www.weine-feinkost.de\/unterwegs\/#website"},"primaryImageOfPage":{"@id":"https:\/\/www.weine-feinkost.de\/unterwegs\/2019\/12\/das-ursprung-wirklich-regional\/#primaryimage"},"image":{"@id":"https:\/\/www.weine-feinkost.de\/unterwegs\/2019\/12\/das-ursprung-wirklich-regional\/#primaryimage"},"thumbnailUrl":"https:\/\/www.weine-feinkost.de\/unterwegs\/wp-content\/uploads\/2019\/10\/Das_Ursprung_Stainz_Oesterreich_1.jpg","datePublished":"2019-12-04T10:00:21+00:00","dateModified":"2023-03-19T17:57:43+00:00","breadcrumb":{"@id":"https:\/\/www.weine-feinkost.de\/unterwegs\/2019\/12\/das-ursprung-wirklich-regional\/#breadcrumb"},"inLanguage":"de","potentialAction":[{"@type":"ReadAction","target":["https:\/\/www.weine-feinkost.de\/unterwegs\/2019\/12\/das-ursprung-wirklich-regional\/"]}]},{"@type":"ImageObject","inLanguage":"de","@id":"https:\/\/www.weine-feinkost.de\/unterwegs\/2019\/12\/das-ursprung-wirklich-regional\/#primaryimage","url":"https:\/\/www.weine-feinkost.de\/unterwegs\/wp-content\/uploads\/2019\/10\/Das_Ursprung_Stainz_Oesterreich_1.jpg","contentUrl":"https:\/\/www.weine-feinkost.de\/unterwegs\/wp-content\/uploads\/2019\/10\/Das_Ursprung_Stainz_Oesterreich_1.jpg","width":640,"height":480},{"@type":"BreadcrumbList","@id":"https:\/\/www.weine-feinkost.de\/unterwegs\/2019\/12\/das-ursprung-wirklich-regional\/#breadcrumb","itemListElement":[{"@type":"ListItem","position":1,"name":"Startseite","item":"https:\/\/www.weine-feinkost.de\/unterwegs\/"},{"@type":"ListItem","position":2,"name":"Das Ursprung &#8211; Stainz &#8211; \u00d6sterreich"}]},{"@type":"WebSite","@id":"https:\/\/www.weine-feinkost.de\/unterwegs\/#website","url":"https:\/\/www.weine-feinkost.de\/unterwegs\/","name":"Unterwegs mit Weine &amp; Feinkost","description":"Entdecken Sie Genuss","publisher":{"@id":"https:\/\/www.weine-feinkost.de\/unterwegs\/#organization"},"potentialAction":[{"@type":"SearchAction","target":{"@type":"EntryPoint","urlTemplate":"https:\/\/www.weine-feinkost.de\/unterwegs\/?s={search_term_string}"},"query-input":{"@type":"PropertyValueSpecification","valueRequired":true,"valueName":"search_term_string"}}],"inLanguage":"de"},{"@type":"Organization","@id":"https:\/\/www.weine-feinkost.de\/unterwegs\/#organization","name":"Unterwegs mit Weine &amp; Feinkost","url":"https:\/\/www.weine-feinkost.de\/unterwegs\/","logo":{"@type":"ImageObject","inLanguage":"de","@id":"https:\/\/www.weine-feinkost.de\/unterwegs\/#\/schema\/logo\/image\/","url":"https:\/\/www.weine-feinkost.de\/unterwegs\/wp-content\/uploads\/2022\/10\/logo_weinefeinkost_unterwegs_450x171.png","contentUrl":"https:\/\/www.weine-feinkost.de\/unterwegs\/wp-content\/uploads\/2022\/10\/logo_weinefeinkost_unterwegs_450x171.png","width":450,"height":171,"caption":"Unterwegs mit Weine &amp; Feinkost"},"image":{"@id":"https:\/\/www.weine-feinkost.de\/unterwegs\/#\/schema\/logo\/image\/"}},{"@type":"Person","@id":"https:\/\/www.weine-feinkost.de\/unterwegs\/#\/schema\/person\/c07d66169fd0e04307bfe7cdc99ac26a","name":"Christian Fenske","image":{"@type":"ImageObject","inLanguage":"de","@id":"https:\/\/www.weine-feinkost.de\/unterwegs\/wp-content\/uploads\/2023\/01\/cropped-christian_profilbild-96x96.png","url":"https:\/\/www.weine-feinkost.de\/unterwegs\/wp-content\/uploads\/2023\/01\/cropped-christian_profilbild-96x96.png","contentUrl":"https:\/\/www.weine-feinkost.de\/unterwegs\/wp-content\/uploads\/2023\/01\/cropped-christian_profilbild-96x96.png","caption":"Christian Fenske"},"description":"Zusammen an einem Tisch sitzen, gemeinsam zu kommunizieren und zu genie\u00dfen, das ist eine der herausragenden kulturellen Errungenschaft der Menschheit.","url":"https:\/\/www.weine-feinkost.de\/unterwegs\/author\/christian-fenske\/"}]}},"jetpack_publicize_connections":[],"jetpack_shortlink":"https:\/\/wp.me\/p68Tjo-ksn","jetpack_sharing_enabled":true,"jetpack_likes_enabled":true,"jetpack_featured_media_url":"https:\/\/www.weine-feinkost.de\/unterwegs\/wp-content\/uploads\/2019\/10\/Das_Ursprung_Stainz_Oesterreich_1.jpg","_links":{"self":[{"href":"https:\/\/www.weine-feinkost.de\/unterwegs\/wp-json\/wp\/v2\/posts\/78639","targetHints":{"allow":["GET"]}}],"collection":[{"href":"https:\/\/www.weine-feinkost.de\/unterwegs\/wp-json\/wp\/v2\/posts"}],"about":[{"href":"https:\/\/www.weine-feinkost.de\/unterwegs\/wp-json\/wp\/v2\/types\/post"}],"author":[{"embeddable":true,"href":"https:\/\/www.weine-feinkost.de\/unterwegs\/wp-json\/wp\/v2\/users\/7"}],"replies":[{"embeddable":true,"href":"https:\/\/www.weine-feinkost.de\/unterwegs\/wp-json\/wp\/v2\/comments?post=78639"}],"version-history":[{"count":1,"href":"https:\/\/www.weine-feinkost.de\/unterwegs\/wp-json\/wp\/v2\/posts\/78639\/revisions"}],"predecessor-version":[{"id":196628,"href":"https:\/\/www.weine-feinkost.de\/unterwegs\/wp-json\/wp\/v2\/posts\/78639\/revisions\/196628"}],"wp:featuredmedia":[{"embeddable":true,"href":"https:\/\/www.weine-feinkost.de\/unterwegs\/wp-json\/wp\/v2\/media\/166981"}],"wp:attachment":[{"href":"https:\/\/www.weine-feinkost.de\/unterwegs\/wp-json\/wp\/v2\/media?parent=78639"}],"wp:term":[{"taxonomy":"category","embeddable":true,"href":"https:\/\/www.weine-feinkost.de\/unterwegs\/wp-json\/wp\/v2\/categories?post=78639"},{"taxonomy":"post_tag","embeddable":true,"href":"https:\/\/www.weine-feinkost.de\/unterwegs\/wp-json\/wp\/v2\/tags?post=78639"},{"taxonomy":"post_folder","embeddable":true,"href":"https:\/\/www.weine-feinkost.de\/unterwegs\/wp-json\/wp\/v2\/post_folder?post=78639"}],"curies":[{"name":"wp","href":"https:\/\/api.w.org\/{rel}","templated":true}]}}