{"id":95145,"date":"2020-12-05T11:00:00","date_gmt":"2020-12-05T10:00:00","guid":{"rendered":"https:\/\/www.weine-feinkost.de\/unterwegs\/?p=95145"},"modified":"2023-03-19T16:53:31","modified_gmt":"2023-03-19T15:53:31","slug":"daikan-die-kleine-kneipe","status":"publish","type":"post","link":"https:\/\/www.weine-feinkost.de\/unterwegs\/2020\/12\/daikan-die-kleine-kneipe\/","title":{"rendered":"Daikan &#8211; Izakaya &#8211; K\u00f6ln"},"content":{"rendered":"\n<h3 class=\"wp-block-heading\">Daikan &#8211; die kleine Kneipe<\/h3>\n\n\n\n<p class=\"has-drop-cap\">Izakaya ist eigentlich eine japanische Kneipe, in dem der Gast nicht nur Sake und Co. trinken kann, sondern sich auch mit kleinen kulinarischen Leckereien verw\u00f6hnen l\u00e4sst.  Urspr\u00fcnglich handelt es sich bei den Izakayas um sehr kleine \u201eKneipen\u201c, die oft nur von einem Koch betrieben wurden. Heute sind es eher gr\u00f6\u00dfere und moderne Konzepte, die in Ballungsr\u00e4umen ihre Kundschaft suchen. Auch im belgischen Viertel in K\u00f6ln gibt es so eine Lokalit\u00e4t namens Daikan. Hier wird eine bunte und lockere asiatische Cross Over K\u00fcche angeboten. Als Kneipe oder klassisches Izakaya kann man das Daikan hier sicher nicht betiteln, nett ist es hier aber dennoch. Zudem kann der Ess- und Trinkwillige hier spontan auch ganz gut essen (das Trinken wurde nicht ausprobiert). Und so nett und flink wie der Service hier agiert kann der Gast sich schon fast wieder in der schon l\u00e4ngst ausgestorbenen &#8222;kleinen Kneipe&#8220; um die Ecke w\u00e4hnen &#8230;<\/p>\n\n\n\n<figure class=\"wp-block-gallery has-nested-images columns-default is-cropped wp-block-gallery-1 is-layout-flex wp-block-gallery-is-layout-flex\">\n<figure class=\"wp-block-image size-large\"><img decoding=\"async\" data-id=\"95148\" src=\"https:\/\/www.weine-feinkost.de\/unterwegs\/wp-content\/uploads\/2020\/09\/Datai_Izakaya_Koeln_2-rotated.jpg\" alt=\"\" class=\"wp-image-95148\"\/><\/figure>\n\n\n\n<figure class=\"wp-block-image size-large\"><img decoding=\"async\" data-id=\"95149\" src=\"https:\/\/www.weine-feinkost.de\/unterwegs\/wp-content\/uploads\/2020\/09\/Datai_Izakaya_Koeln_3-rotated.jpg\" alt=\"\" class=\"wp-image-95149\"\/><\/figure>\n<\/figure>\n\n\n\n<p><strong>Daikan Izakaya Bar<\/strong> &#8211; Maastrichter Str. 9 &#8211; 50672 K\u00f6ln \u2013 Deutschland &#8211;  +49 221 30135915 &#8211; <a href=\"http:\/\/www.daikan.de\/\">http:\/\/www.daikan.de\/<\/a><\/p>\n","protected":false},"excerpt":{"rendered":"<p>Daikan &#8211; die kleine Kneipe Izakaya ist eigentlich eine japanische Kneipe, in dem der Gast nicht nur Sake und Co. trinken kann, sondern sich auch mit kleinen kulinarischen Leckereien verw\u00f6hnen l\u00e4sst. Urspr\u00fcnglich handelt es sich bei den Izakayas um sehr kleine \u201eKneipen\u201c, die oft nur von einem Koch betrieben wurden. Heute sind es eher gr\u00f6\u00dfere &#8230; <a title=\"Daikan &#8211; Izakaya &#8211; K\u00f6ln\" class=\"read-more\" href=\"https:\/\/www.weine-feinkost.de\/unterwegs\/2020\/12\/daikan-die-kleine-kneipe\/\" aria-label=\"Mehr dazu unter Daikan &#8211; Izakaya &#8211; K\u00f6ln\">Weiterlesen<\/a><\/p>\n","protected":false},"author":7,"featured_media":168464,"comment_status":"open","ping_status":"open","sticky":false,"template":"","format":"standard","meta":{"_jetpack_newsletter_access":"","_jetpack_dont_email_post_to_subs":false,"_jetpack_newsletter_tier_id":0,"_jetpack_memberships_contains_paywalled_content":false,"_jetpack_feature_clip_id":0,"_jetpack_memberships_contains_paid_content":false,"footnotes":"","jetpack_publicize_message":"","jetpack_publicize_feature_enabled":true,"jetpack_social_post_already_shared":true,"jetpack_social_options":{"image_generator_settings":{"template":"highway","default_image_id":0,"font":"","enabled":false},"version":2},"jetpack_post_was_ever_published":false},"categories":[31,13],"tags":[2666,120,2667,2668,194,73],"post_folder":[],"class_list":["post-95145","post","type-post","status-publish","format-standard","has-post-thumbnail","hentry","category-deutschland-restaurants","category-restaurants","tag-belgisches-viertel","tag-deutschland","tag-izakaya","tag-kneipe","tag-koeln","tag-restaurant"],"yoast_head":"<!-- This site is optimized with the Yoast SEO plugin v28.3 - https:\/\/yoast.com\/product\/yoast-seo-wordpress\/ -->\n<title>Daikan - Izakaya - K\u00f6ln - Unterwegs mit Weine &amp; Feinkost<\/title>\n<meta name=\"robots\" content=\"index, follow, max-snippet:-1, max-image-preview:large, max-video-preview:-1\" \/>\n<link rel=\"canonical\" href=\"https:\/\/www.weine-feinkost.de\/unterwegs\/2020\/12\/daikan-die-kleine-kneipe\/\" \/>\n<meta property=\"og:locale\" content=\"de_DE\" \/>\n<meta property=\"og:type\" content=\"article\" \/>\n<meta property=\"og:title\" content=\"Daikan - Izakaya - K\u00f6ln - Unterwegs mit Weine &amp; Feinkost\" \/>\n<meta property=\"og:description\" content=\"Daikan &#8211; die kleine Kneipe Izakaya ist eigentlich eine japanische Kneipe, in dem der Gast nicht nur Sake und Co. trinken kann, sondern sich auch mit kleinen kulinarischen Leckereien verw\u00f6hnen l\u00e4sst. Urspr\u00fcnglich handelt es sich bei den Izakayas um sehr kleine \u201eKneipen\u201c, die oft nur von einem Koch betrieben wurden. Heute sind es eher gr\u00f6\u00dfere ... Weiterlesen\" \/>\n<meta property=\"og:url\" content=\"https:\/\/www.weine-feinkost.de\/unterwegs\/2020\/12\/daikan-die-kleine-kneipe\/\" \/>\n<meta property=\"og:site_name\" content=\"Unterwegs mit Weine &amp; Feinkost\" \/>\n<meta property=\"article:published_time\" content=\"2020-12-05T10:00:00+00:00\" \/>\n<meta property=\"article:modified_time\" content=\"2023-03-19T15:53:31+00:00\" \/>\n<meta property=\"og:image\" content=\"https:\/\/www.weine-feinkost.de\/unterwegs\/wp-content\/uploads\/2020\/09\/Datai_Izakaya_Koeln_1.jpg\" \/>\n\t<meta property=\"og:image:width\" content=\"480\" \/>\n\t<meta property=\"og:image:height\" content=\"640\" \/>\n\t<meta property=\"og:image:type\" content=\"image\/jpeg\" \/>\n<meta name=\"author\" content=\"Christian Fenske\" \/>\n<meta name=\"twitter:card\" content=\"summary_large_image\" \/>\n<meta name=\"twitter:label1\" content=\"Verfasst von\" \/>\n\t<meta name=\"twitter:data1\" content=\"Christian Fenske\" \/>\n\t<meta name=\"twitter:label2\" content=\"Gesch\u00e4tzte Lesezeit\" \/>\n\t<meta name=\"twitter:data2\" content=\"2\u00a0Minuten\" \/>\n<script type=\"application\/ld+json\" class=\"yoast-schema-graph\">{\"@context\":\"https:\\\/\\\/schema.org\",\"@graph\":[{\"@type\":\"Article\",\"@id\":\"https:\\\/\\\/www.weine-feinkost.de\\\/unterwegs\\\/2020\\\/12\\\/daikan-die-kleine-kneipe\\\/#article\",\"isPartOf\":{\"@id\":\"https:\\\/\\\/www.weine-feinkost.de\\\/unterwegs\\\/2020\\\/12\\\/daikan-die-kleine-kneipe\\\/\"},\"author\":{\"name\":\"Christian Fenske\",\"@id\":\"https:\\\/\\\/www.weine-feinkost.de\\\/unterwegs\\\/#\\\/schema\\\/person\\\/c07d66169fd0e04307bfe7cdc99ac26a\"},\"headline\":\"Daikan &#8211; Izakaya &#8211; K\u00f6ln\",\"datePublished\":\"2020-12-05T10:00:00+00:00\",\"dateModified\":\"2023-03-19T15:53:31+00:00\",\"mainEntityOfPage\":{\"@id\":\"https:\\\/\\\/www.weine-feinkost.de\\\/unterwegs\\\/2020\\\/12\\\/daikan-die-kleine-kneipe\\\/\"},\"wordCount\":184,\"commentCount\":0,\"publisher\":{\"@id\":\"https:\\\/\\\/www.weine-feinkost.de\\\/unterwegs\\\/#organization\"},\"image\":{\"@id\":\"https:\\\/\\\/www.weine-feinkost.de\\\/unterwegs\\\/2020\\\/12\\\/daikan-die-kleine-kneipe\\\/#primaryimage\"},\"thumbnailUrl\":\"https:\\\/\\\/www.weine-feinkost.de\\\/unterwegs\\\/wp-content\\\/uploads\\\/2020\\\/09\\\/Datai_Izakaya_Koeln_1.jpg\",\"keywords\":[\"belgisches Viertel\",\"Deutschland\",\"Izakaya\",\"Kneipe\",\"K\u00f6ln\",\"Restaurant\"],\"articleSection\":[\"Deutschland\",\"Restaurants\"],\"inLanguage\":\"de\",\"potentialAction\":[{\"@type\":\"CommentAction\",\"name\":\"Comment\",\"target\":[\"https:\\\/\\\/www.weine-feinkost.de\\\/unterwegs\\\/2020\\\/12\\\/daikan-die-kleine-kneipe\\\/#respond\"]}]},{\"@type\":\"WebPage\",\"@id\":\"https:\\\/\\\/www.weine-feinkost.de\\\/unterwegs\\\/2020\\\/12\\\/daikan-die-kleine-kneipe\\\/\",\"url\":\"https:\\\/\\\/www.weine-feinkost.de\\\/unterwegs\\\/2020\\\/12\\\/daikan-die-kleine-kneipe\\\/\",\"name\":\"Daikan - Izakaya - K\u00f6ln - Unterwegs mit Weine &amp; Feinkost\",\"isPartOf\":{\"@id\":\"https:\\\/\\\/www.weine-feinkost.de\\\/unterwegs\\\/#website\"},\"primaryImageOfPage\":{\"@id\":\"https:\\\/\\\/www.weine-feinkost.de\\\/unterwegs\\\/2020\\\/12\\\/daikan-die-kleine-kneipe\\\/#primaryimage\"},\"image\":{\"@id\":\"https:\\\/\\\/www.weine-feinkost.de\\\/unterwegs\\\/2020\\\/12\\\/daikan-die-kleine-kneipe\\\/#primaryimage\"},\"thumbnailUrl\":\"https:\\\/\\\/www.weine-feinkost.de\\\/unterwegs\\\/wp-content\\\/uploads\\\/2020\\\/09\\\/Datai_Izakaya_Koeln_1.jpg\",\"datePublished\":\"2020-12-05T10:00:00+00:00\",\"dateModified\":\"2023-03-19T15:53:31+00:00\",\"breadcrumb\":{\"@id\":\"https:\\\/\\\/www.weine-feinkost.de\\\/unterwegs\\\/2020\\\/12\\\/daikan-die-kleine-kneipe\\\/#breadcrumb\"},\"inLanguage\":\"de\",\"potentialAction\":[{\"@type\":\"ReadAction\",\"target\":[\"https:\\\/\\\/www.weine-feinkost.de\\\/unterwegs\\\/2020\\\/12\\\/daikan-die-kleine-kneipe\\\/\"]}]},{\"@type\":\"ImageObject\",\"inLanguage\":\"de\",\"@id\":\"https:\\\/\\\/www.weine-feinkost.de\\\/unterwegs\\\/2020\\\/12\\\/daikan-die-kleine-kneipe\\\/#primaryimage\",\"url\":\"https:\\\/\\\/www.weine-feinkost.de\\\/unterwegs\\\/wp-content\\\/uploads\\\/2020\\\/09\\\/Datai_Izakaya_Koeln_1.jpg\",\"contentUrl\":\"https:\\\/\\\/www.weine-feinkost.de\\\/unterwegs\\\/wp-content\\\/uploads\\\/2020\\\/09\\\/Datai_Izakaya_Koeln_1.jpg\",\"width\":480,\"height\":640},{\"@type\":\"BreadcrumbList\",\"@id\":\"https:\\\/\\\/www.weine-feinkost.de\\\/unterwegs\\\/2020\\\/12\\\/daikan-die-kleine-kneipe\\\/#breadcrumb\",\"itemListElement\":[{\"@type\":\"ListItem\",\"position\":1,\"name\":\"Startseite\",\"item\":\"https:\\\/\\\/www.weine-feinkost.de\\\/unterwegs\\\/\"},{\"@type\":\"ListItem\",\"position\":2,\"name\":\"Daikan &#8211; Izakaya &#8211; K\u00f6ln\"}]},{\"@type\":\"WebSite\",\"@id\":\"https:\\\/\\\/www.weine-feinkost.de\\\/unterwegs\\\/#website\",\"url\":\"https:\\\/\\\/www.weine-feinkost.de\\\/unterwegs\\\/\",\"name\":\"Unterwegs mit Weine &amp; Feinkost\",\"description\":\"Entdecken Sie Genuss\",\"publisher\":{\"@id\":\"https:\\\/\\\/www.weine-feinkost.de\\\/unterwegs\\\/#organization\"},\"potentialAction\":[{\"@type\":\"SearchAction\",\"target\":{\"@type\":\"EntryPoint\",\"urlTemplate\":\"https:\\\/\\\/www.weine-feinkost.de\\\/unterwegs\\\/?s={search_term_string}\"},\"query-input\":{\"@type\":\"PropertyValueSpecification\",\"valueRequired\":true,\"valueName\":\"search_term_string\"}}],\"inLanguage\":\"de\"},{\"@type\":\"Organization\",\"@id\":\"https:\\\/\\\/www.weine-feinkost.de\\\/unterwegs\\\/#organization\",\"name\":\"Unterwegs mit Weine &amp; Feinkost\",\"url\":\"https:\\\/\\\/www.weine-feinkost.de\\\/unterwegs\\\/\",\"logo\":{\"@type\":\"ImageObject\",\"inLanguage\":\"de\",\"@id\":\"https:\\\/\\\/www.weine-feinkost.de\\\/unterwegs\\\/#\\\/schema\\\/logo\\\/image\\\/\",\"url\":\"https:\\\/\\\/www.weine-feinkost.de\\\/unterwegs\\\/wp-content\\\/uploads\\\/2022\\\/10\\\/logo_weinefeinkost_unterwegs_450x171.png\",\"contentUrl\":\"https:\\\/\\\/www.weine-feinkost.de\\\/unterwegs\\\/wp-content\\\/uploads\\\/2022\\\/10\\\/logo_weinefeinkost_unterwegs_450x171.png\",\"width\":450,\"height\":171,\"caption\":\"Unterwegs mit Weine &amp; Feinkost\"},\"image\":{\"@id\":\"https:\\\/\\\/www.weine-feinkost.de\\\/unterwegs\\\/#\\\/schema\\\/logo\\\/image\\\/\"}},{\"@type\":\"Person\",\"@id\":\"https:\\\/\\\/www.weine-feinkost.de\\\/unterwegs\\\/#\\\/schema\\\/person\\\/c07d66169fd0e04307bfe7cdc99ac26a\",\"name\":\"Christian Fenske\",\"image\":{\"@type\":\"ImageObject\",\"inLanguage\":\"de\",\"@id\":\"https:\\\/\\\/www.weine-feinkost.de\\\/unterwegs\\\/wp-content\\\/uploads\\\/2023\\\/01\\\/cropped-christian_profilbild-96x96.png\",\"url\":\"https:\\\/\\\/www.weine-feinkost.de\\\/unterwegs\\\/wp-content\\\/uploads\\\/2023\\\/01\\\/cropped-christian_profilbild-96x96.png\",\"contentUrl\":\"https:\\\/\\\/www.weine-feinkost.de\\\/unterwegs\\\/wp-content\\\/uploads\\\/2023\\\/01\\\/cropped-christian_profilbild-96x96.png\",\"caption\":\"Christian Fenske\"},\"description\":\"Zusammen an einem Tisch sitzen, gemeinsam zu kommunizieren und zu genie\u00dfen, das ist eine der herausragenden kulturellen Errungenschaft der Menschheit.\",\"url\":\"https:\\\/\\\/www.weine-feinkost.de\\\/unterwegs\\\/author\\\/christian-fenske\\\/\"}]}<\/script>\n<!-- \/ Yoast SEO plugin. -->","yoast_head_json":{"title":"Daikan - Izakaya - K\u00f6ln - Unterwegs mit Weine &amp; Feinkost","robots":{"index":"index","follow":"follow","max-snippet":"max-snippet:-1","max-image-preview":"max-image-preview:large","max-video-preview":"max-video-preview:-1"},"canonical":"https:\/\/www.weine-feinkost.de\/unterwegs\/2020\/12\/daikan-die-kleine-kneipe\/","og_locale":"de_DE","og_type":"article","og_title":"Daikan - Izakaya - K\u00f6ln - Unterwegs mit Weine &amp; Feinkost","og_description":"Daikan &#8211; die kleine Kneipe Izakaya ist eigentlich eine japanische Kneipe, in dem der Gast nicht nur Sake und Co. trinken kann, sondern sich auch mit kleinen kulinarischen Leckereien verw\u00f6hnen l\u00e4sst. Urspr\u00fcnglich handelt es sich bei den Izakayas um sehr kleine \u201eKneipen\u201c, die oft nur von einem Koch betrieben wurden. Heute sind es eher gr\u00f6\u00dfere ... Weiterlesen","og_url":"https:\/\/www.weine-feinkost.de\/unterwegs\/2020\/12\/daikan-die-kleine-kneipe\/","og_site_name":"Unterwegs mit Weine &amp; Feinkost","article_published_time":"2020-12-05T10:00:00+00:00","article_modified_time":"2023-03-19T15:53:31+00:00","og_image":[{"width":480,"height":640,"url":"https:\/\/www.weine-feinkost.de\/unterwegs\/wp-content\/uploads\/2020\/09\/Datai_Izakaya_Koeln_1.jpg","type":"image\/jpeg"}],"author":"Christian Fenske","twitter_card":"summary_large_image","twitter_misc":{"Verfasst von":"Christian Fenske","Gesch\u00e4tzte Lesezeit":"2\u00a0Minuten"},"schema":{"@context":"https:\/\/schema.org","@graph":[{"@type":"Article","@id":"https:\/\/www.weine-feinkost.de\/unterwegs\/2020\/12\/daikan-die-kleine-kneipe\/#article","isPartOf":{"@id":"https:\/\/www.weine-feinkost.de\/unterwegs\/2020\/12\/daikan-die-kleine-kneipe\/"},"author":{"name":"Christian Fenske","@id":"https:\/\/www.weine-feinkost.de\/unterwegs\/#\/schema\/person\/c07d66169fd0e04307bfe7cdc99ac26a"},"headline":"Daikan &#8211; Izakaya &#8211; K\u00f6ln","datePublished":"2020-12-05T10:00:00+00:00","dateModified":"2023-03-19T15:53:31+00:00","mainEntityOfPage":{"@id":"https:\/\/www.weine-feinkost.de\/unterwegs\/2020\/12\/daikan-die-kleine-kneipe\/"},"wordCount":184,"commentCount":0,"publisher":{"@id":"https:\/\/www.weine-feinkost.de\/unterwegs\/#organization"},"image":{"@id":"https:\/\/www.weine-feinkost.de\/unterwegs\/2020\/12\/daikan-die-kleine-kneipe\/#primaryimage"},"thumbnailUrl":"https:\/\/www.weine-feinkost.de\/unterwegs\/wp-content\/uploads\/2020\/09\/Datai_Izakaya_Koeln_1.jpg","keywords":["belgisches Viertel","Deutschland","Izakaya","Kneipe","K\u00f6ln","Restaurant"],"articleSection":["Deutschland","Restaurants"],"inLanguage":"de","potentialAction":[{"@type":"CommentAction","name":"Comment","target":["https:\/\/www.weine-feinkost.de\/unterwegs\/2020\/12\/daikan-die-kleine-kneipe\/#respond"]}]},{"@type":"WebPage","@id":"https:\/\/www.weine-feinkost.de\/unterwegs\/2020\/12\/daikan-die-kleine-kneipe\/","url":"https:\/\/www.weine-feinkost.de\/unterwegs\/2020\/12\/daikan-die-kleine-kneipe\/","name":"Daikan - Izakaya - K\u00f6ln - Unterwegs mit Weine &amp; Feinkost","isPartOf":{"@id":"https:\/\/www.weine-feinkost.de\/unterwegs\/#website"},"primaryImageOfPage":{"@id":"https:\/\/www.weine-feinkost.de\/unterwegs\/2020\/12\/daikan-die-kleine-kneipe\/#primaryimage"},"image":{"@id":"https:\/\/www.weine-feinkost.de\/unterwegs\/2020\/12\/daikan-die-kleine-kneipe\/#primaryimage"},"thumbnailUrl":"https:\/\/www.weine-feinkost.de\/unterwegs\/wp-content\/uploads\/2020\/09\/Datai_Izakaya_Koeln_1.jpg","datePublished":"2020-12-05T10:00:00+00:00","dateModified":"2023-03-19T15:53:31+00:00","breadcrumb":{"@id":"https:\/\/www.weine-feinkost.de\/unterwegs\/2020\/12\/daikan-die-kleine-kneipe\/#breadcrumb"},"inLanguage":"de","potentialAction":[{"@type":"ReadAction","target":["https:\/\/www.weine-feinkost.de\/unterwegs\/2020\/12\/daikan-die-kleine-kneipe\/"]}]},{"@type":"ImageObject","inLanguage":"de","@id":"https:\/\/www.weine-feinkost.de\/unterwegs\/2020\/12\/daikan-die-kleine-kneipe\/#primaryimage","url":"https:\/\/www.weine-feinkost.de\/unterwegs\/wp-content\/uploads\/2020\/09\/Datai_Izakaya_Koeln_1.jpg","contentUrl":"https:\/\/www.weine-feinkost.de\/unterwegs\/wp-content\/uploads\/2020\/09\/Datai_Izakaya_Koeln_1.jpg","width":480,"height":640},{"@type":"BreadcrumbList","@id":"https:\/\/www.weine-feinkost.de\/unterwegs\/2020\/12\/daikan-die-kleine-kneipe\/#breadcrumb","itemListElement":[{"@type":"ListItem","position":1,"name":"Startseite","item":"https:\/\/www.weine-feinkost.de\/unterwegs\/"},{"@type":"ListItem","position":2,"name":"Daikan &#8211; Izakaya &#8211; K\u00f6ln"}]},{"@type":"WebSite","@id":"https:\/\/www.weine-feinkost.de\/unterwegs\/#website","url":"https:\/\/www.weine-feinkost.de\/unterwegs\/","name":"Unterwegs mit Weine &amp; Feinkost","description":"Entdecken Sie Genuss","publisher":{"@id":"https:\/\/www.weine-feinkost.de\/unterwegs\/#organization"},"potentialAction":[{"@type":"SearchAction","target":{"@type":"EntryPoint","urlTemplate":"https:\/\/www.weine-feinkost.de\/unterwegs\/?s={search_term_string}"},"query-input":{"@type":"PropertyValueSpecification","valueRequired":true,"valueName":"search_term_string"}}],"inLanguage":"de"},{"@type":"Organization","@id":"https:\/\/www.weine-feinkost.de\/unterwegs\/#organization","name":"Unterwegs mit Weine &amp; Feinkost","url":"https:\/\/www.weine-feinkost.de\/unterwegs\/","logo":{"@type":"ImageObject","inLanguage":"de","@id":"https:\/\/www.weine-feinkost.de\/unterwegs\/#\/schema\/logo\/image\/","url":"https:\/\/www.weine-feinkost.de\/unterwegs\/wp-content\/uploads\/2022\/10\/logo_weinefeinkost_unterwegs_450x171.png","contentUrl":"https:\/\/www.weine-feinkost.de\/unterwegs\/wp-content\/uploads\/2022\/10\/logo_weinefeinkost_unterwegs_450x171.png","width":450,"height":171,"caption":"Unterwegs mit Weine &amp; Feinkost"},"image":{"@id":"https:\/\/www.weine-feinkost.de\/unterwegs\/#\/schema\/logo\/image\/"}},{"@type":"Person","@id":"https:\/\/www.weine-feinkost.de\/unterwegs\/#\/schema\/person\/c07d66169fd0e04307bfe7cdc99ac26a","name":"Christian Fenske","image":{"@type":"ImageObject","inLanguage":"de","@id":"https:\/\/www.weine-feinkost.de\/unterwegs\/wp-content\/uploads\/2023\/01\/cropped-christian_profilbild-96x96.png","url":"https:\/\/www.weine-feinkost.de\/unterwegs\/wp-content\/uploads\/2023\/01\/cropped-christian_profilbild-96x96.png","contentUrl":"https:\/\/www.weine-feinkost.de\/unterwegs\/wp-content\/uploads\/2023\/01\/cropped-christian_profilbild-96x96.png","caption":"Christian Fenske"},"description":"Zusammen an einem Tisch sitzen, gemeinsam zu kommunizieren und zu genie\u00dfen, das ist eine der herausragenden kulturellen Errungenschaft der Menschheit.","url":"https:\/\/www.weine-feinkost.de\/unterwegs\/author\/christian-fenske\/"}]}},"jetpack_publicize_connections":[],"jetpack_shortlink":"https:\/\/wp.me\/p68Tjo-oKB","jetpack_sharing_enabled":true,"jetpack_likes_enabled":true,"jetpack_featured_media_url":"https:\/\/www.weine-feinkost.de\/unterwegs\/wp-content\/uploads\/2020\/09\/Datai_Izakaya_Koeln_1.jpg","_links":{"self":[{"href":"https:\/\/www.weine-feinkost.de\/unterwegs\/wp-json\/wp\/v2\/posts\/95145","targetHints":{"allow":["GET"]}}],"collection":[{"href":"https:\/\/www.weine-feinkost.de\/unterwegs\/wp-json\/wp\/v2\/posts"}],"about":[{"href":"https:\/\/www.weine-feinkost.de\/unterwegs\/wp-json\/wp\/v2\/types\/post"}],"author":[{"embeddable":true,"href":"https:\/\/www.weine-feinkost.de\/unterwegs\/wp-json\/wp\/v2\/users\/7"}],"replies":[{"embeddable":true,"href":"https:\/\/www.weine-feinkost.de\/unterwegs\/wp-json\/wp\/v2\/comments?post=95145"}],"version-history":[{"count":1,"href":"https:\/\/www.weine-feinkost.de\/unterwegs\/wp-json\/wp\/v2\/posts\/95145\/revisions"}],"predecessor-version":[{"id":196443,"href":"https:\/\/www.weine-feinkost.de\/unterwegs\/wp-json\/wp\/v2\/posts\/95145\/revisions\/196443"}],"wp:featuredmedia":[{"embeddable":true,"href":"https:\/\/www.weine-feinkost.de\/unterwegs\/wp-json\/wp\/v2\/media\/168464"}],"wp:attachment":[{"href":"https:\/\/www.weine-feinkost.de\/unterwegs\/wp-json\/wp\/v2\/media?parent=95145"}],"wp:term":[{"taxonomy":"category","embeddable":true,"href":"https:\/\/www.weine-feinkost.de\/unterwegs\/wp-json\/wp\/v2\/categories?post=95145"},{"taxonomy":"post_tag","embeddable":true,"href":"https:\/\/www.weine-feinkost.de\/unterwegs\/wp-json\/wp\/v2\/tags?post=95145"},{"taxonomy":"post_folder","embeddable":true,"href":"https:\/\/www.weine-feinkost.de\/unterwegs\/wp-json\/wp\/v2\/post_folder?post=95145"}],"curies":[{"name":"wp","href":"https:\/\/api.w.org\/{rel}","templated":true}]}}